{"id":889,"date":"2024-01-18T11:30:07","date_gmt":"2024-01-18T10:30:07","guid":{"rendered":"https:\/\/www.forbes.be\/fr\/?p=889"},"modified":"2024-01-17T22:42:22","modified_gmt":"2024-01-17T21:42:22","slug":"la-cour-supreme-disrael-inflige-a-netanyahou-une-defaite-majeure-sur-les-reformes-judiciaires","status":"publish","type":"post","link":"https:\/\/www.forbes.be\/fr\/la-cour-supreme-disrael-inflige-a-netanyahou-une-defaite-majeure-sur-les-reformes-judiciaires\/","title":{"rendered":"La Cour supr\u00eame d&rsquo;Isra\u00ebl inflige \u00e0 Netanyahou une d\u00e9faite majeure sur les r\u00e9formes judiciaires"},"content":{"rendered":"<p><span style=\"font-weight: 400;\">La Cour supr\u00eame d&rsquo;Isra\u00ebl a annul\u00e9 de justesse lundi une loi du Premier ministre Benjamin Netanyahou qui visait \u00e0 limiter le contr\u00f4le de la Cour sur le gouvernement isra\u00e9lien, un coup dur pour Netanyahou, dont les critiques, tant \u00e0 l&rsquo;int\u00e9rieur qu&rsquo;\u00e0 l&rsquo;ext\u00e9rieur d&rsquo;Isra\u00ebl, se sont multipli\u00e9es alors qu&rsquo;il menait la guerre d&rsquo;Isra\u00ebl \u00e0 Gaza suite \u00e0 l&rsquo;attaque choc du Hamas le 7 octobre dernier.<\/span><\/p>\n<h2><span style=\"font-weight: 400;\">FAITS MARQUANTS<\/span><\/h2>\n<p><span style=\"font-weight: 400;\">Les r\u00e9formes judiciaires de Netanyahou qui avaient \u00e9t\u00e9 adopt\u00e9es par le Parlement isra\u00e9lien l&rsquo;\u00e9t\u00e9 dernier, une loi qui avait suscit\u00e9 des protestations dans tout le pays.<\/span><\/p>\n<p><span style=\"font-weight: 400;\">Cette loi interdit aux juges d&rsquo;utiliser la norme juridique du \u00ab\u00a0raisonnable\u00a0\u00bb pour annuler les d\u00e9cisions du gouvernement, une norme juridique utilis\u00e9e dans d&rsquo;autres syst\u00e8mes judiciaires, notamment au Canada et au Royaume-Uni, et qui a \u00e9t\u00e9 utilis\u00e9e pendant des d\u00e9cennies en Isra\u00ebl.<\/span><\/p>\n<p><span style=\"font-weight: 400;\">Dans sa d\u00e9cision, la Cour a affirm\u00e9 que la loi porterait un \u00ab\u00a0coup s\u00e9v\u00e8re et sans pr\u00e9c\u00e9dent aux caract\u00e9ristiques fondamentales\u00a0\u00bb d&rsquo;Isra\u00ebl \u00ab\u00a0en tant qu&rsquo;\u00c9tat d\u00e9mocratique\u00a0\u00bb, a rapport\u00e9 CNN.<\/span><\/p>\n<p>Netanyahou a affirm\u00e9 que les r\u00e9formes \u00e9taient n\u00e9cessaires pour limiter les abus judiciaires, bien qu&rsquo;il ait fait l&rsquo;objet de vives critiques, principalement parce qu&rsquo;il craignait qu&rsquo;elles n&rsquo;\u00e9tendent consid\u00e9rablement le pouvoir de son gouvernement de droite et ne lui permettent d&rsquo;\u00e9chapper aux accusations de corruption et de fraude (M. Netanyahou a ni\u00e9 ces accusations)<\/p>\n<p><span style=\"font-weight: 400;\">Nombreux sont ceux qui affirment que l&rsquo;agitation politique suscit\u00e9e par les r\u00e9formes a \u00e9galement d\u00e9tourn\u00e9 l&rsquo;attention des responsables isra\u00e9liens avant l&rsquo;attaque du Hamas du 7 octobre, un assaut militaire sans pr\u00e9c\u00e9dent qui a p\u00e9n\u00e9tr\u00e9 le syst\u00e8me de d\u00e9fense isra\u00e9lien et tu\u00e9 environ 1 200 personnes en Isra\u00ebl, incitant M. Netanyahou \u00e0 d\u00e9clarer la guerre au Hamas.<\/span><\/p>\n<p><span style=\"font-weight: 400;\">Ian Bremmer, pr\u00e9sident et fondateur du cabinet de conseil Eurasia Group, a d\u00e9clar\u00e9 \u00e0 CNBC en octobre qu&rsquo;il pensait que l&rsquo;agitation avait \u00ab\u00a0clairement distrait les services de renseignement isra\u00e9liens\u00a0\u00bb et les forces de d\u00e9fense isra\u00e9liennes, tandis qu&rsquo;Anne Applebaum, de The Atlantic, a \u00e9mis l&rsquo;hypoth\u00e8se que la r\u00e9ponse de M. Netanyahou aux manifestations pourrait \u00ab\u00a0avoir \u00e9t\u00e9 l&rsquo;une des raisons pour lesquelles le Hamas a os\u00e9 lancer son attaque\u00a0\u00bb.<\/span><\/p>\n<h2><span style=\"font-weight: 400;\">CRITIQUE DE CHEF<\/span><\/h2>\n<p><span style=\"font-weight: 400;\">Certaines de ces pr\u00e9occupations sont venues de la Cour supr\u00eame elle-m\u00eame, notamment d&rsquo;Esther Hayut, l&rsquo;ancienne pr\u00e9sidente de la Cour, qui a demand\u00e9, lors des plaidoiries en septembre, si \u00ab\u00a0la Cour \u00e9tait emp\u00each\u00e9e d&rsquo;utiliser le crit\u00e8re du raisonnable\u00a0\u00bb, alors \u00ab\u00a0qui s&rsquo;assure qu&rsquo;elle agit effectivement de mani\u00e8re raisonnable ? (Hayut s&rsquo;est retir\u00e9e de la Cour en octobre). Les r\u00e9formes de M. Netanyahou ont \u00e9galement fait l&rsquo;objet de nombreuses critiques internationales, notamment de la part du pr\u00e9sident Joe Biden, qui les a qualifi\u00e9es d&rsquo;antid\u00e9mocratiques. En Isra\u00ebl, le ministre de la d\u00e9fense Yoav Gallant a \u00e9galement critiqu\u00e9 les r\u00e9formes, tandis que Benny Gantz, chef du parti d&rsquo;opposition isra\u00e9lien Unit\u00e9 nationale, a men\u00e9 des manifestations contre le plan l&rsquo;ann\u00e9e derni\u00e8re. M. Biden a critiqu\u00e9 la mesure en mars dernier, d\u00e9clarant aux journalistes qu&rsquo;il esp\u00e9rait que M. Netanyahu \u00ab\u00a0s&rsquo;\u00e9loigne\u00a0\u00bb du paquet de r\u00e9formes, et a d\u00e9clar\u00e9 au New York Times que \u00ab\u00a0la construction d&rsquo;un consensus pour des changements fondamentaux est vraiment importante pour s&rsquo;assurer que le peuple y adh\u00e8re afin qu&rsquo;ils puissent \u00eatre maintenus\u00a0\u00bb. M. Netanyahou a r\u00e9pliqu\u00e9 \u00e0 M. Biden en d\u00e9clarant qu&rsquo;Isra\u00ebl &#8211; un alli\u00e9 de longue date des \u00c9tats-Unis &#8211; est un \u00ab\u00a0pays souverain qui prend ses d\u00e9cisions en fonction de la volont\u00e9 de son peuple et non pas en fonction de pressions \u00e9trang\u00e8res\u00a0\u00bb.<\/span><\/p>\n<h2><span style=\"font-weight: 400;\">CONTEXTE CL\u00c9<\/span><\/h2>\n<p><span style=\"font-weight: 400;\">En vertu du crit\u00e8re du \u00ab\u00a0caract\u00e8re raisonnable\u00a0\u00bb, la Cour pouvait consid\u00e9rer une loi adopt\u00e9e par le Parlement comme \u00ab\u00a0d\u00e9raisonnable\u00a0\u00bb si elle estimait qu&rsquo;elle avait \u00e9t\u00e9 adopt\u00e9e sans tenir compte de tous les facteurs pertinents, un crit\u00e8re que M. Netanyahou jugeait trop vague et subjectif. M. Netanyahou et sa coalition d&rsquo;extr\u00eame droite au pouvoir se sont engag\u00e9s \u00e0 mettre en \u0153uvre les r\u00e9formes judiciaires apr\u00e8s la reprise du pouvoir par M. Netanyahou \u00e0 la fin de l&rsquo;ann\u00e9e 2022. Ces r\u00e9formes comprenaient un ensemble de cinq modifications du syst\u00e8me judiciaire du pays qui affaiblissaient effectivement la haute cour du pays et \u00e9liminaient les contr\u00f4les judiciaires sur le parti au pouvoir dans le pays. Les r\u00e9formes, qui r\u00e9duiraient la capacit\u00e9 de la Cour \u00e0 effectuer un contr\u00f4le judiciaire des lois et donneraient au premier ministre un plus grand contr\u00f4le sur la nomination des juges, ont \u00e9t\u00e9 accueillies avec une forte opposition de la part des opposants politiques et de certains membres des forces de d\u00e9fense isra\u00e9liennes, y compris un groupe de 37 pilotes de r\u00e9serve de l&rsquo;arm\u00e9e de l&rsquo;air isra\u00e9lienne qui ont menac\u00e9 en mars de ne pas participer \u00e0 l&rsquo;entra\u00eenement militaire. En juillet, le gouvernement isra\u00e9lien a adopt\u00e9 le projet de loi sur le \u00ab\u00a0caract\u00e8re raisonnable\u00a0\u00bb, premier volet de la r\u00e9forme de M. Netanyahou, qui limite la capacit\u00e9 de la Cour \u00e0 annuler les d\u00e9cisions du gouvernement jug\u00e9es \u00ab\u00a0extr\u00eamement d\u00e9raisonnables\u00a0\u00bb.<\/span><\/p>\n<h2><span style=\"font-weight: 400;\">TANGENTE<\/span><\/h2>\n<p>Netanyahou, qui a retrouv\u00e9 son poste de premier ministre apr\u00e8s avoir dirig\u00e9 le pays pendant 15 ans au cours de deux p\u00e9riodes distinctes entre 1996 et 2021, est \u00e9galement accus\u00e9 de corruption, de fraude et d&rsquo;abus de confiance. Netanyahou a \u00e9t\u00e9 inculp\u00e9 en novembre 2019 \u00e0 la suite d&rsquo;une enqu\u00eate men\u00e9e par la police isra\u00e9lienne sur des all\u00e9gations selon lesquelles il aurait accord\u00e9 des faveurs officielles \u00e0 des chefs d&rsquo;entreprise en \u00e9change de cadeaux, notamment des v\u00eatements de luxe, des bracelets, des cigares et du champagne. Netanyahou a plaid\u00e9 non coupable de toutes les accusations et a ni\u00e9 tout acte r\u00e9pr\u00e9hensible.<\/p>\n<h2><span style=\"font-weight: 400;\">GRAND NOMBRE<\/span><\/h2>\n<p><span style=\"font-weight: 400;\">Plus de 23 000. C&rsquo;est le nombre de personnes tu\u00e9es en Isra\u00ebl et dans la bande de Gaza depuis l&rsquo;attaque du Hamas contre Isra\u00ebl le 7 octobre et l&rsquo;invasion de l&rsquo;enclave palestinienne par Isra\u00ebl, dont 21 978 \u00e0 Gaza, selon le minist\u00e8re de la sant\u00e9 de Gaza dirig\u00e9 par le Hamas, rapporte le Washington Post. Les autorit\u00e9s isra\u00e9liennes estiment qu&rsquo;environ 1 200 personnes ont \u00e9t\u00e9 tu\u00e9es au cours de cette p\u00e9riode, principalement lors de l&rsquo;attaque du Hamas du 7 octobre.<\/span><\/p>\n","protected":false},"excerpt":{"rendered":"<p>La Cour supr\u00eame d&rsquo;Isra\u00ebl a annul\u00e9 de justesse lundi une loi du Premier ministre Benjamin Netanyahou qui visait \u00e0 limiter le contr\u00f4le de la Cour sur le gouvernement isra\u00e9lien, un coup dur pour Netanyahou, dont les critiques, tant \u00e0 l&rsquo;int\u00e9rieur qu&rsquo;\u00e0 l&rsquo;ext\u00e9rieur d&rsquo;Isra\u00ebl, se sont multipli\u00e9es alors qu&rsquo;il menait la guerre d&rsquo;Isra\u00ebl \u00e0 Gaza suite [&hellip;]<\/p>\n","protected":false},"author":5,"featured_media":900,"comment_status":"closed","ping_status":"closed","sticky":false,"template":"","format":"standard","meta":{"_acf_changed":false,"inline_featured_image":false,"footnotes":""},"categories":[15],"tags":[],"class_list":{"0":"post-889","1":"post","2":"type-post","3":"status-publish","4":"format-standard","5":"has-post-thumbnail","7":"category-leadership"},"acf":[],"_yoast_wpseo_title":null,"_yoast_wpseo_metadesc":null,"auteur_traducteur":null,"yoast_head":"<!-- This site is optimized with the Yoast SEO plugin v27.4 - https:\/\/yoast.com\/product\/yoast-seo-wordpress\/ -->\n<title>La Cour supr\u00eame d&#039;Isra\u00ebl inflige \u00e0 Netanyahou une d\u00e9faite majeure sur les r\u00e9formes judiciaires | Forbes Belgique<\/title>\n<meta name=\"robots\" content=\"index, follow, max-snippet:-1, max-image-preview:large, max-video-preview:-1\" \/>\n<link rel=\"canonical\" href=\"https:\/\/www.forbes.be\/fr\/la-cour-supreme-disrael-inflige-a-netanyahou-une-defaite-majeure-sur-les-reformes-judiciaires\/\" \/>\n<meta property=\"og:locale\" content=\"fr_FR\" \/>\n<meta property=\"og:type\" content=\"article\" \/>\n<meta property=\"og:title\" content=\"La Cour supr\u00eame d&#039;Isra\u00ebl inflige \u00e0 Netanyahou une d\u00e9faite majeure sur les r\u00e9formes judiciaires | Forbes Belgique\" \/>\n<meta property=\"og:description\" content=\"La Cour supr\u00eame d&rsquo;Isra\u00ebl a annul\u00e9 de justesse lundi une loi du Premier ministre Benjamin Netanyahou qui visait \u00e0 limiter le contr\u00f4le de la Cour sur le gouvernement isra\u00e9lien, un coup dur pour Netanyahou, dont les critiques, tant \u00e0 l&rsquo;int\u00e9rieur qu&rsquo;\u00e0 l&rsquo;ext\u00e9rieur d&rsquo;Isra\u00ebl, se sont multipli\u00e9es alors qu&rsquo;il menait la guerre d&rsquo;Isra\u00ebl \u00e0 Gaza suite [&hellip;]\" \/>\n<meta property=\"og:url\" content=\"https:\/\/www.forbes.be\/fr\/la-cour-supreme-disrael-inflige-a-netanyahou-une-defaite-majeure-sur-les-reformes-judiciaires\/\" \/>\n<meta property=\"og:site_name\" content=\"Forbes Belgique\" \/>\n<meta property=\"article:publisher\" content=\"https:\/\/www.facebook.com\/forbesbelgique\/\" \/>\n<meta property=\"article:published_time\" content=\"2024-01-18T10:30:07+00:00\" \/>\n<meta property=\"og:image\" content=\"https:\/\/www.forbes.be\/fr\/wp-content\/uploads\/2024\/01\/0x0-5.webp\" \/>\n\t<meta property=\"og:image:width\" content=\"1440\" \/>\n\t<meta property=\"og:image:height\" content=\"810\" \/>\n\t<meta property=\"og:image:type\" content=\"image\/webp\" \/>\n<meta name=\"author\" content=\"Forbes Belgique\" \/>\n<meta name=\"twitter:card\" content=\"summary_large_image\" \/>\n<meta name=\"twitter:label1\" content=\"\u00c9crit par\" \/>\n\t<meta name=\"twitter:data1\" content=\"Forbes Belgique\" \/>\n\t<meta name=\"twitter:label2\" content=\"Dur\u00e9e de lecture estim\u00e9e\" \/>\n\t<meta name=\"twitter:data2\" content=\"6 minutes\" \/>\n<script type=\"application\/ld+json\" class=\"yoast-schema-graph\">{\"@context\":\"https:\\\/\\\/schema.org\",\"@graph\":[{\"@type\":\"NewsArticle\",\"@id\":\"https:\\\/\\\/www.forbes.be\\\/fr\\\/la-cour-supreme-disrael-inflige-a-netanyahou-une-defaite-majeure-sur-les-reformes-judiciaires\\\/#article\",\"isPartOf\":{\"@id\":\"https:\\\/\\\/www.forbes.be\\\/fr\\\/la-cour-supreme-disrael-inflige-a-netanyahou-une-defaite-majeure-sur-les-reformes-judiciaires\\\/\"},\"author\":{\"name\":\"Forbes Belgique\",\"@id\":\"https:\\\/\\\/www.forbes.be\\\/fr\\\/#\\\/schema\\\/person\\\/147c95cac22c7a4a8056e69e1f287b1f\"},\"headline\":\"La Cour supr\u00eame d&rsquo;Isra\u00ebl inflige \u00e0 Netanyahou une d\u00e9faite majeure sur les r\u00e9formes judiciaires\",\"datePublished\":\"2024-01-18T10:30:07+00:00\",\"mainEntityOfPage\":{\"@id\":\"https:\\\/\\\/www.forbes.be\\\/fr\\\/la-cour-supreme-disrael-inflige-a-netanyahou-une-defaite-majeure-sur-les-reformes-judiciaires\\\/\"},\"wordCount\":1081,\"publisher\":{\"@id\":\"https:\\\/\\\/www.forbes.be\\\/fr\\\/#organization\"},\"image\":{\"@id\":\"https:\\\/\\\/www.forbes.be\\\/fr\\\/la-cour-supreme-disrael-inflige-a-netanyahou-une-defaite-majeure-sur-les-reformes-judiciaires\\\/#primaryimage\"},\"thumbnailUrl\":\"https:\\\/\\\/www.forbes.be\\\/fr\\\/wp-content\\\/uploads\\\/2024\\\/01\\\/0x0-5.webp\",\"articleSection\":[\"Leadership\"],\"inLanguage\":\"fr-FR\"},{\"@type\":\"WebPage\",\"@id\":\"https:\\\/\\\/www.forbes.be\\\/fr\\\/la-cour-supreme-disrael-inflige-a-netanyahou-une-defaite-majeure-sur-les-reformes-judiciaires\\\/\",\"url\":\"https:\\\/\\\/www.forbes.be\\\/fr\\\/la-cour-supreme-disrael-inflige-a-netanyahou-une-defaite-majeure-sur-les-reformes-judiciaires\\\/\",\"name\":\"La Cour supr\u00eame d'Isra\u00ebl inflige \u00e0 Netanyahou une d\u00e9faite majeure sur les r\u00e9formes judiciaires | Forbes Belgique\",\"isPartOf\":{\"@id\":\"https:\\\/\\\/www.forbes.be\\\/fr\\\/#website\"},\"primaryImageOfPage\":{\"@id\":\"https:\\\/\\\/www.forbes.be\\\/fr\\\/la-cour-supreme-disrael-inflige-a-netanyahou-une-defaite-majeure-sur-les-reformes-judiciaires\\\/#primaryimage\"},\"image\":{\"@id\":\"https:\\\/\\\/www.forbes.be\\\/fr\\\/la-cour-supreme-disrael-inflige-a-netanyahou-une-defaite-majeure-sur-les-reformes-judiciaires\\\/#primaryimage\"},\"thumbnailUrl\":\"https:\\\/\\\/www.forbes.be\\\/fr\\\/wp-content\\\/uploads\\\/2024\\\/01\\\/0x0-5.webp\",\"datePublished\":\"2024-01-18T10:30:07+00:00\",\"breadcrumb\":{\"@id\":\"https:\\\/\\\/www.forbes.be\\\/fr\\\/la-cour-supreme-disrael-inflige-a-netanyahou-une-defaite-majeure-sur-les-reformes-judiciaires\\\/#breadcrumb\"},\"inLanguage\":\"fr-FR\",\"potentialAction\":[{\"@type\":\"ReadAction\",\"target\":[\"https:\\\/\\\/www.forbes.be\\\/fr\\\/la-cour-supreme-disrael-inflige-a-netanyahou-une-defaite-majeure-sur-les-reformes-judiciaires\\\/\"]}]},{\"@type\":\"ImageObject\",\"inLanguage\":\"fr-FR\",\"@id\":\"https:\\\/\\\/www.forbes.be\\\/fr\\\/la-cour-supreme-disrael-inflige-a-netanyahou-une-defaite-majeure-sur-les-reformes-judiciaires\\\/#primaryimage\",\"url\":\"https:\\\/\\\/www.forbes.be\\\/fr\\\/wp-content\\\/uploads\\\/2024\\\/01\\\/0x0-5.webp\",\"contentUrl\":\"https:\\\/\\\/www.forbes.be\\\/fr\\\/wp-content\\\/uploads\\\/2024\\\/01\\\/0x0-5.webp\",\"width\":1440,\"height\":810},{\"@type\":\"BreadcrumbList\",\"@id\":\"https:\\\/\\\/www.forbes.be\\\/fr\\\/la-cour-supreme-disrael-inflige-a-netanyahou-une-defaite-majeure-sur-les-reformes-judiciaires\\\/#breadcrumb\",\"itemListElement\":[{\"@type\":\"ListItem\",\"position\":1,\"name\":\"Accueil\",\"item\":\"https:\\\/\\\/www.forbes.be\\\/fr\\\/\"},{\"@type\":\"ListItem\",\"position\":2,\"name\":\"La Cour supr\u00eame d&rsquo;Isra\u00ebl inflige \u00e0 Netanyahou une d\u00e9faite majeure sur les r\u00e9formes judiciaires\"}]},{\"@type\":\"WebSite\",\"@id\":\"https:\\\/\\\/www.forbes.be\\\/fr\\\/#website\",\"url\":\"https:\\\/\\\/www.forbes.be\\\/fr\\\/\",\"name\":\"Forbes Belgique\",\"description\":\"\",\"publisher\":{\"@id\":\"https:\\\/\\\/www.forbes.be\\\/fr\\\/#organization\"},\"potentialAction\":[{\"@type\":\"SearchAction\",\"target\":{\"@type\":\"EntryPoint\",\"urlTemplate\":\"https:\\\/\\\/www.forbes.be\\\/fr\\\/?s={search_term_string}\"},\"query-input\":{\"@type\":\"PropertyValueSpecification\",\"valueRequired\":true,\"valueName\":\"search_term_string\"}}],\"inLanguage\":\"fr-FR\"},{\"@type\":\"Organization\",\"@id\":\"https:\\\/\\\/www.forbes.be\\\/fr\\\/#organization\",\"name\":\"Forbes Belgique\",\"url\":\"https:\\\/\\\/www.forbes.be\\\/fr\\\/\",\"logo\":{\"@type\":\"ImageObject\",\"inLanguage\":\"fr-FR\",\"@id\":\"https:\\\/\\\/www.forbes.be\\\/fr\\\/#\\\/schema\\\/logo\\\/image\\\/\",\"url\":\"https:\\\/\\\/www.forbes.be\\\/fr\\\/wp-content\\\/uploads\\\/2024\\\/02\\\/forbes.be_.png\",\"contentUrl\":\"https:\\\/\\\/www.forbes.be\\\/fr\\\/wp-content\\\/uploads\\\/2024\\\/02\\\/forbes.be_.png\",\"width\":1200,\"height\":675,\"caption\":\"Forbes Belgique\"},\"image\":{\"@id\":\"https:\\\/\\\/www.forbes.be\\\/fr\\\/#\\\/schema\\\/logo\\\/image\\\/\"},\"sameAs\":[\"https:\\\/\\\/www.facebook.com\\\/forbesbelgique\\\/\",\"https:\\\/\\\/www.instagram.com\\\/Forbes_Belgium\",\"https:\\\/\\\/www.linkedin.com\\\/company\\\/forbes-belgium\\\/\"]},{\"@type\":\"Person\",\"@id\":\"https:\\\/\\\/www.forbes.be\\\/fr\\\/#\\\/schema\\\/person\\\/147c95cac22c7a4a8056e69e1f287b1f\",\"name\":\"Forbes Belgique\",\"image\":{\"@type\":\"ImageObject\",\"inLanguage\":\"fr-FR\",\"@id\":\"https:\\\/\\\/www.forbes.be\\\/fr\\\/wp-content\\\/uploads\\\/2024\\\/01\\\/forbes-thumb-150x150.jpg\",\"url\":\"https:\\\/\\\/www.forbes.be\\\/fr\\\/wp-content\\\/uploads\\\/2024\\\/01\\\/forbes-thumb-150x150.jpg\",\"contentUrl\":\"https:\\\/\\\/www.forbes.be\\\/fr\\\/wp-content\\\/uploads\\\/2024\\\/01\\\/forbes-thumb-150x150.jpg\",\"caption\":\"Forbes Belgique\"},\"url\":\"https:\\\/\\\/www.forbes.be\\\/fr\\\/author\\\/forbes-be\\\/\"}]}<\/script>\n<!-- \/ Yoast SEO plugin. -->","yoast_head_json":{"title":"La Cour supr\u00eame d'Isra\u00ebl inflige \u00e0 Netanyahou une d\u00e9faite majeure sur les r\u00e9formes judiciaires | Forbes Belgique","robots":{"index":"index","follow":"follow","max-snippet":"max-snippet:-1","max-image-preview":"max-image-preview:large","max-video-preview":"max-video-preview:-1"},"canonical":"https:\/\/www.forbes.be\/fr\/la-cour-supreme-disrael-inflige-a-netanyahou-une-defaite-majeure-sur-les-reformes-judiciaires\/","og_locale":"fr_FR","og_type":"article","og_title":"La Cour supr\u00eame d'Isra\u00ebl inflige \u00e0 Netanyahou une d\u00e9faite majeure sur les r\u00e9formes judiciaires | Forbes Belgique","og_description":"La Cour supr\u00eame d&rsquo;Isra\u00ebl a annul\u00e9 de justesse lundi une loi du Premier ministre Benjamin Netanyahou qui visait \u00e0 limiter le contr\u00f4le de la Cour sur le gouvernement isra\u00e9lien, un coup dur pour Netanyahou, dont les critiques, tant \u00e0 l&rsquo;int\u00e9rieur qu&rsquo;\u00e0 l&rsquo;ext\u00e9rieur d&rsquo;Isra\u00ebl, se sont multipli\u00e9es alors qu&rsquo;il menait la guerre d&rsquo;Isra\u00ebl \u00e0 Gaza suite [&hellip;]","og_url":"https:\/\/www.forbes.be\/fr\/la-cour-supreme-disrael-inflige-a-netanyahou-une-defaite-majeure-sur-les-reformes-judiciaires\/","og_site_name":"Forbes Belgique","article_publisher":"https:\/\/www.facebook.com\/forbesbelgique\/","article_published_time":"2024-01-18T10:30:07+00:00","og_image":[{"width":1440,"height":810,"url":"https:\/\/www.forbes.be\/fr\/wp-content\/uploads\/2024\/01\/0x0-5.webp","type":"image\/webp"}],"author":"Forbes Belgique","twitter_card":"summary_large_image","twitter_misc":{"\u00c9crit par":"Forbes Belgique","Dur\u00e9e de lecture estim\u00e9e":"6 minutes"},"schema":{"@context":"https:\/\/schema.org","@graph":[{"@type":"NewsArticle","@id":"https:\/\/www.forbes.be\/fr\/la-cour-supreme-disrael-inflige-a-netanyahou-une-defaite-majeure-sur-les-reformes-judiciaires\/#article","isPartOf":{"@id":"https:\/\/www.forbes.be\/fr\/la-cour-supreme-disrael-inflige-a-netanyahou-une-defaite-majeure-sur-les-reformes-judiciaires\/"},"author":{"name":"Forbes Belgique","@id":"https:\/\/www.forbes.be\/fr\/#\/schema\/person\/147c95cac22c7a4a8056e69e1f287b1f"},"headline":"La Cour supr\u00eame d&rsquo;Isra\u00ebl inflige \u00e0 Netanyahou une d\u00e9faite majeure sur les r\u00e9formes judiciaires","datePublished":"2024-01-18T10:30:07+00:00","mainEntityOfPage":{"@id":"https:\/\/www.forbes.be\/fr\/la-cour-supreme-disrael-inflige-a-netanyahou-une-defaite-majeure-sur-les-reformes-judiciaires\/"},"wordCount":1081,"publisher":{"@id":"https:\/\/www.forbes.be\/fr\/#organization"},"image":{"@id":"https:\/\/www.forbes.be\/fr\/la-cour-supreme-disrael-inflige-a-netanyahou-une-defaite-majeure-sur-les-reformes-judiciaires\/#primaryimage"},"thumbnailUrl":"https:\/\/www.forbes.be\/fr\/wp-content\/uploads\/2024\/01\/0x0-5.webp","articleSection":["Leadership"],"inLanguage":"fr-FR"},{"@type":"WebPage","@id":"https:\/\/www.forbes.be\/fr\/la-cour-supreme-disrael-inflige-a-netanyahou-une-defaite-majeure-sur-les-reformes-judiciaires\/","url":"https:\/\/www.forbes.be\/fr\/la-cour-supreme-disrael-inflige-a-netanyahou-une-defaite-majeure-sur-les-reformes-judiciaires\/","name":"La Cour supr\u00eame d'Isra\u00ebl inflige \u00e0 Netanyahou une d\u00e9faite majeure sur les r\u00e9formes judiciaires | Forbes Belgique","isPartOf":{"@id":"https:\/\/www.forbes.be\/fr\/#website"},"primaryImageOfPage":{"@id":"https:\/\/www.forbes.be\/fr\/la-cour-supreme-disrael-inflige-a-netanyahou-une-defaite-majeure-sur-les-reformes-judiciaires\/#primaryimage"},"image":{"@id":"https:\/\/www.forbes.be\/fr\/la-cour-supreme-disrael-inflige-a-netanyahou-une-defaite-majeure-sur-les-reformes-judiciaires\/#primaryimage"},"thumbnailUrl":"https:\/\/www.forbes.be\/fr\/wp-content\/uploads\/2024\/01\/0x0-5.webp","datePublished":"2024-01-18T10:30:07+00:00","breadcrumb":{"@id":"https:\/\/www.forbes.be\/fr\/la-cour-supreme-disrael-inflige-a-netanyahou-une-defaite-majeure-sur-les-reformes-judiciaires\/#breadcrumb"},"inLanguage":"fr-FR","potentialAction":[{"@type":"ReadAction","target":["https:\/\/www.forbes.be\/fr\/la-cour-supreme-disrael-inflige-a-netanyahou-une-defaite-majeure-sur-les-reformes-judiciaires\/"]}]},{"@type":"ImageObject","inLanguage":"fr-FR","@id":"https:\/\/www.forbes.be\/fr\/la-cour-supreme-disrael-inflige-a-netanyahou-une-defaite-majeure-sur-les-reformes-judiciaires\/#primaryimage","url":"https:\/\/www.forbes.be\/fr\/wp-content\/uploads\/2024\/01\/0x0-5.webp","contentUrl":"https:\/\/www.forbes.be\/fr\/wp-content\/uploads\/2024\/01\/0x0-5.webp","width":1440,"height":810},{"@type":"BreadcrumbList","@id":"https:\/\/www.forbes.be\/fr\/la-cour-supreme-disrael-inflige-a-netanyahou-une-defaite-majeure-sur-les-reformes-judiciaires\/#breadcrumb","itemListElement":[{"@type":"ListItem","position":1,"name":"Accueil","item":"https:\/\/www.forbes.be\/fr\/"},{"@type":"ListItem","position":2,"name":"La Cour supr\u00eame d&rsquo;Isra\u00ebl inflige \u00e0 Netanyahou une d\u00e9faite majeure sur les r\u00e9formes judiciaires"}]},{"@type":"WebSite","@id":"https:\/\/www.forbes.be\/fr\/#website","url":"https:\/\/www.forbes.be\/fr\/","name":"Forbes Belgique","description":"","publisher":{"@id":"https:\/\/www.forbes.be\/fr\/#organization"},"potentialAction":[{"@type":"SearchAction","target":{"@type":"EntryPoint","urlTemplate":"https:\/\/www.forbes.be\/fr\/?s={search_term_string}"},"query-input":{"@type":"PropertyValueSpecification","valueRequired":true,"valueName":"search_term_string"}}],"inLanguage":"fr-FR"},{"@type":"Organization","@id":"https:\/\/www.forbes.be\/fr\/#organization","name":"Forbes Belgique","url":"https:\/\/www.forbes.be\/fr\/","logo":{"@type":"ImageObject","inLanguage":"fr-FR","@id":"https:\/\/www.forbes.be\/fr\/#\/schema\/logo\/image\/","url":"https:\/\/www.forbes.be\/fr\/wp-content\/uploads\/2024\/02\/forbes.be_.png","contentUrl":"https:\/\/www.forbes.be\/fr\/wp-content\/uploads\/2024\/02\/forbes.be_.png","width":1200,"height":675,"caption":"Forbes Belgique"},"image":{"@id":"https:\/\/www.forbes.be\/fr\/#\/schema\/logo\/image\/"},"sameAs":["https:\/\/www.facebook.com\/forbesbelgique\/","https:\/\/www.instagram.com\/Forbes_Belgium","https:\/\/www.linkedin.com\/company\/forbes-belgium\/"]},{"@type":"Person","@id":"https:\/\/www.forbes.be\/fr\/#\/schema\/person\/147c95cac22c7a4a8056e69e1f287b1f","name":"Forbes Belgique","image":{"@type":"ImageObject","inLanguage":"fr-FR","@id":"https:\/\/www.forbes.be\/fr\/wp-content\/uploads\/2024\/01\/forbes-thumb-150x150.jpg","url":"https:\/\/www.forbes.be\/fr\/wp-content\/uploads\/2024\/01\/forbes-thumb-150x150.jpg","contentUrl":"https:\/\/www.forbes.be\/fr\/wp-content\/uploads\/2024\/01\/forbes-thumb-150x150.jpg","caption":"Forbes Belgique"},"url":"https:\/\/www.forbes.be\/fr\/author\/forbes-be\/"}]}},"_links":{"self":[{"href":"https:\/\/www.forbes.be\/fr\/wp-json\/wp\/v2\/posts\/889","targetHints":{"allow":["GET"]}}],"collection":[{"href":"https:\/\/www.forbes.be\/fr\/wp-json\/wp\/v2\/posts"}],"about":[{"href":"https:\/\/www.forbes.be\/fr\/wp-json\/wp\/v2\/types\/post"}],"author":[{"embeddable":true,"href":"https:\/\/www.forbes.be\/fr\/wp-json\/wp\/v2\/users\/5"}],"replies":[{"embeddable":true,"href":"https:\/\/www.forbes.be\/fr\/wp-json\/wp\/v2\/comments?post=889"}],"version-history":[{"count":2,"href":"https:\/\/www.forbes.be\/fr\/wp-json\/wp\/v2\/posts\/889\/revisions"}],"predecessor-version":[{"id":906,"href":"https:\/\/www.forbes.be\/fr\/wp-json\/wp\/v2\/posts\/889\/revisions\/906"}],"wp:featuredmedia":[{"embeddable":true,"href":"https:\/\/www.forbes.be\/fr\/wp-json\/wp\/v2\/media\/900"}],"wp:attachment":[{"href":"https:\/\/www.forbes.be\/fr\/wp-json\/wp\/v2\/media?parent=889"}],"wp:term":[{"taxonomy":"category","embeddable":true,"href":"https:\/\/www.forbes.be\/fr\/wp-json\/wp\/v2\/categories?post=889"},{"taxonomy":"post_tag","embeddable":true,"href":"https:\/\/www.forbes.be\/fr\/wp-json\/wp\/v2\/tags?post=889"}],"curies":[{"name":"wp","href":"https:\/\/api.w.org\/{rel}","templated":true}]}}