{"id":9092,"date":"2025-03-08T09:00:13","date_gmt":"2025-03-08T08:00:13","guid":{"rendered":"https:\/\/www.forbes.be\/fr\/?p=9092"},"modified":"2025-03-12T10:39:20","modified_gmt":"2025-03-12T09:39:20","slug":"aurelie-hankar-reprend-le-flambeau-du-reseau-feminin-hors-norme","status":"publish","type":"post","link":"https:\/\/www.forbes.be\/fr\/aurelie-hankar-reprend-le-flambeau-du-reseau-feminin-hors-norme\/","title":{"rendered":"Aur\u00e9lie Hankar reprend le flambeau du r\u00e9seau f\u00e9minin Hors Norme"},"content":{"rendered":"<p><strong>Fondatrice du caf\u00e9 coworking bruxellois Nomad Community, Aur\u00e9lie Hankar reprend les r\u00eanes du r\u00e9seau d\u2019entrepreneuses Hors Norme. \u00ab J\u2019aime cr\u00e9er du lien entre les entrepreneurs, faire du business match et c\u2019est ce que je ferai \u00e9galement au sein de Hors Norme \u00bb.<\/strong><\/p>\n<p>Cr\u00e9\u00e9 en 2021 par Cl\u00e9mence Braun, le r\u00e9seau <a href=\"https:\/\/www.horsnorme.co\/\">Hors Norme<\/a> a su rassembler plus de 500 femmes au fil des ann\u00e9es gr\u00e2ce \u00e0 une philosophie centr\u00e9e sur l&rsquo;entraide, la compl\u00e9mentarit\u00e9 et la diversit\u00e9 des ressources. Aujourd\u2019hui, il compte 130 membres, tous f\u00e9minins.<\/p>\n<p>\u00ab\u00a0Le caract\u00e8re exclusivement f\u00e9minin permet d&rsquo;aborder un ensemble de sujets, parfois n\u00e9glig\u00e9s dans un espace mixte. Il offre \u00e9galement une ambiance et une \u00a0approche diff\u00e9rentes. Nous nous effor\u00e7ons de cr\u00e9er une ambiance conviviale et solidaire entre les membres, tr\u00e8s amicale, sans jugement. Les liens se forment tr\u00e8s vite \u00bb, explique Aur\u00e9lie Hankar.<\/p>\n<p>Pour rejoindre la communaut\u00e9, il faut avoir d\u00e9j\u00e0 lanc\u00e9 son activit\u00e9. \u00ab\u00a0Les candidates doivent poss\u00e9der un num\u00e9ro de TVA ou \u00eatre affili\u00e9es \u00e0 un organisme de soutien. Le r\u00e9seau privil\u00e9gie les entrepreneuses actives, plut\u00f4t que celles qui en sont encore au stade de d\u00e9veloppement de projet ou d&rsquo;id\u00e9e. Il existe d&rsquo;autres structures pour accompagner celles qui n&rsquo;ont pas encore lanc\u00e9 leur activit\u00e9\u00a0\u00bb.<\/p>\n<p>D\u00e9sireuse de s\u2019affranchir des conventions formelles, la communaut\u00e9 Hors Norme se distingue par ses nombreux formats d&rsquo;interaction : des workshops pour d\u00e9velopper des comp\u00e9tences sp\u00e9cifiques (financi\u00e8res ou autres), des talks avec des experts, et des petits-d\u00e9jeuners pour favoriser les \u00e9changes.<\/p>\n<figure id=\"attachment_9094\" aria-describedby=\"caption-attachment-9094\" style=\"width: 1024px\" class=\"wp-caption aligncenter\"><img loading=\"lazy\" decoding=\"async\" class=\"size-full wp-image-9094\" src=\"https:\/\/www.forbes.be\/fr\/wp-content\/uploads\/2025\/03\/20250224-aurelieclemence-final-4.jpg\" alt=\"Aur\u00e9lie Hankar et Cl\u00e9mence Braun \u00a9 C\u00e9cile Belhomme\" width=\"1024\" height=\"683\" srcset=\"https:\/\/www.forbes.be\/fr\/wp-content\/uploads\/2025\/03\/20250224-aurelieclemence-final-4.jpg 1024w, https:\/\/www.forbes.be\/fr\/wp-content\/uploads\/2025\/03\/20250224-aurelieclemence-final-4-300x200.jpg 300w, https:\/\/www.forbes.be\/fr\/wp-content\/uploads\/2025\/03\/20250224-aurelieclemence-final-4-768x512.jpg 768w, https:\/\/www.forbes.be\/fr\/wp-content\/uploads\/2025\/03\/20250224-aurelieclemence-final-4-696x464.jpg 696w, https:\/\/www.forbes.be\/fr\/wp-content\/uploads\/2025\/03\/20250224-aurelieclemence-final-4-600x400.jpg 600w\" sizes=\"auto, (max-width: 1024px) 100vw, 1024px\" \/><figcaption id=\"caption-attachment-9094\" class=\"wp-caption-text\">Aur\u00e9lie Hankar et Cl\u00e9mence Braun \u00a9 C\u00e9cile Belhomme<\/figcaption><\/figure>\n<h2><strong>Lutter contre l\u2019isolement <\/strong><\/h2>\n<p>Forte d\u2019une solide exp\u00e9rience entrepreneuriale, Aur\u00e9lie m\u00e8nera en parall\u00e8le les gestions d\u2019Hors Norme et du caf\u00e9 coworking bruxellois (mixte) <a href=\"https:\/\/www.nomad-community.be\/\">Nomad Community<\/a>. \u00ab\u00a0Je suis d\u00e9j\u00e0 active dans l&rsquo;organisation de nombreux \u00e9v\u00e9nements pour les ind\u00e9pendants visant \u00e0 d\u00e9velopper leurs comp\u00e9tences et \u00e0 favoriser le networking. Je vois de nombreux parall\u00e8les entre ce que je fais actuellement et le r\u00e9seau Hors Norme. Beaucoup de nos membres fr\u00e9quentaient d\u00e9j\u00e0 les deux espaces. M\u00eame si les deux projets resteront distincts\u2014Hors Norme d&rsquo;un c\u00f4t\u00e9 et Nomad de l&rsquo;autre\u2014j&rsquo;ai introduit une journ\u00e9e de coworking par mois dans l&rsquo;adh\u00e9sion \u00e0 Hors Norme pour renforcer les liens, ce qui permet de cr\u00e9er davantage de connexions et de lutter contre l&rsquo;isolement.\u00a0\u00bb<\/p>\n<figure id=\"attachment_9095\" aria-describedby=\"caption-attachment-9095\" style=\"width: 696px\" class=\"wp-caption aligncenter\"><img loading=\"lazy\" decoding=\"async\" class=\"size-large wp-image-9095\" src=\"https:\/\/www.forbes.be\/fr\/wp-content\/uploads\/2025\/03\/nomad-1024x683.jpg\" alt=\"Le caf\u00e9 coworking bruxellois Nomad Community \u00a9 Giorgio Kavadias\" width=\"696\" height=\"464\" srcset=\"https:\/\/www.forbes.be\/fr\/wp-content\/uploads\/2025\/03\/nomad-1024x683.jpg 1024w, https:\/\/www.forbes.be\/fr\/wp-content\/uploads\/2025\/03\/nomad-300x200.jpg 300w, https:\/\/www.forbes.be\/fr\/wp-content\/uploads\/2025\/03\/nomad-768x512.jpg 768w, https:\/\/www.forbes.be\/fr\/wp-content\/uploads\/2025\/03\/nomad-1536x1024.jpg 1536w, https:\/\/www.forbes.be\/fr\/wp-content\/uploads\/2025\/03\/nomad-2048x1365.jpg 2048w, https:\/\/www.forbes.be\/fr\/wp-content\/uploads\/2025\/03\/nomad-696x464.jpg 696w, https:\/\/www.forbes.be\/fr\/wp-content\/uploads\/2025\/03\/nomad-1068x712.jpg 1068w, https:\/\/www.forbes.be\/fr\/wp-content\/uploads\/2025\/03\/nomad-1920x1280.jpg 1920w, https:\/\/www.forbes.be\/fr\/wp-content\/uploads\/2025\/03\/nomad-600x400.jpg 600w\" sizes=\"auto, (max-width: 696px) 100vw, 696px\" \/><figcaption id=\"caption-attachment-9095\" class=\"wp-caption-text\">Le caf\u00e9 coworking bruxellois Nomad Community \u00a9 Giorgio Kavadias<\/figcaption><\/figure>\n<p>Au-del\u00e0 des \u00e9v\u00e9nements organis\u00e9s \u00e0 Bruxelles et en Wallonie, Aur\u00e9lie Hankar compte encore renforcer les liens entre les 130 membres en ligne en utilisant une plateforme num\u00e9rique. Elle souhaite \u00e9galement mettre l\u2019accent sur l\u2019aide au pilotage des finances des entrepreneures. \u00ab\u00a0Outiller les femmes sur la gestion de l\u2019argent et l\u2019encadrement financier de son entreprise est essentiel \u00bb.<\/p>\n<p>Autre priorit\u00e9, une meilleure visibilit\u00e9 de ses membres. \u00ab\u00a0Je voudrais faire en sorte qu&rsquo;on puisse d\u00e9couvrir chacune de nos membres et comprendre \u00e0 quel point elles ont des comp\u00e9tences et des id\u00e9es et des professions hyper vari\u00e9es. Hors Norme, c\u2019est avant tout les personnes qui composent\u00a0la communaut\u00e9 \u00bb, conclut l\u2019entrepreneuse.<\/p>\n<p>&nbsp;<\/p>\n","protected":false},"excerpt":{"rendered":"<p>Fondatrice du caf\u00e9 coworking bruxellois Nomad Community, Aur\u00e9lie Hankar reprend les r\u00eanes du r\u00e9seau d\u2019entrepreneuses Hors Norme. \u00ab J\u2019aime cr\u00e9er du lien entre les entrepreneurs, faire du business match et c\u2019est ce que je ferai \u00e9galement au sein de Hors Norme \u00bb. Cr\u00e9\u00e9 en 2021 par Cl\u00e9mence Braun, le r\u00e9seau Hors Norme a su rassembler [&hellip;]<\/p>\n","protected":false},"author":14,"featured_media":9093,"comment_status":"closed","ping_status":"closed","sticky":false,"template":"","format":"standard","meta":{"_acf_changed":false,"inline_featured_image":false,"footnotes":""},"categories":[19,22],"tags":[],"class_list":{"0":"post-9092","1":"post","2":"type-post","3":"status-publish","4":"format-standard","5":"has-post-thumbnail","7":"category-entrepreneurs","8":"category-femmes-forbes"},"acf":[],"_yoast_wpseo_title":null,"_yoast_wpseo_metadesc":"Fondatrice du caf\u00e9 coworking bruxellois Nomad Community, Aur\u00e9lie Hankar reprend les r\u00eanes du r\u00e9seau d\u2019entrepreneuses Hors Norme.","auteur_traducteur":"","yoast_head":"<!-- This site is optimized with the Yoast SEO plugin v27.4 - https:\/\/yoast.com\/product\/yoast-seo-wordpress\/ -->\n<title>Aur\u00e9lie Hankar reprend le flambeau du r\u00e9seau f\u00e9minin Hors Norme | Forbes Belgique<\/title>\n<meta name=\"description\" content=\"Fondatrice du caf\u00e9 coworking bruxellois Nomad Community, Aur\u00e9lie Hankar reprend les r\u00eanes du r\u00e9seau d\u2019entrepreneuses Hors Norme.\" \/>\n<meta name=\"robots\" content=\"index, follow, max-snippet:-1, max-image-preview:large, max-video-preview:-1\" \/>\n<link rel=\"canonical\" href=\"https:\/\/www.forbes.be\/fr\/aurelie-hankar-reprend-le-flambeau-du-reseau-feminin-hors-norme\/\" \/>\n<meta property=\"og:locale\" content=\"fr_FR\" \/>\n<meta property=\"og:type\" content=\"article\" \/>\n<meta property=\"og:title\" content=\"Aur\u00e9lie Hankar reprend le flambeau du r\u00e9seau f\u00e9minin Hors Norme | Forbes Belgique\" \/>\n<meta property=\"og:description\" content=\"Fondatrice du caf\u00e9 coworking bruxellois Nomad Community, Aur\u00e9lie Hankar reprend les r\u00eanes du r\u00e9seau d\u2019entrepreneuses Hors Norme.\" \/>\n<meta property=\"og:url\" content=\"https:\/\/www.forbes.be\/fr\/aurelie-hankar-reprend-le-flambeau-du-reseau-feminin-hors-norme\/\" \/>\n<meta property=\"og:site_name\" content=\"Forbes Belgique\" \/>\n<meta property=\"article:publisher\" content=\"https:\/\/www.facebook.com\/forbesbelgique\/\" \/>\n<meta property=\"article:published_time\" content=\"2025-03-08T08:00:13+00:00\" \/>\n<meta property=\"article:modified_time\" content=\"2025-03-12T09:39:20+00:00\" \/>\n<meta property=\"og:image\" content=\"https:\/\/www.forbes.be\/fr\/wp-content\/uploads\/2025\/03\/20250224-aurelieclemence-final-5-1-e1741772351313.jpg\" \/>\n\t<meta property=\"og:image:width\" content=\"993\" \/>\n\t<meta property=\"og:image:height\" content=\"520\" \/>\n\t<meta property=\"og:image:type\" content=\"image\/jpeg\" \/>\n<meta name=\"author\" content=\"C\u00e9line Bouckaert\" \/>\n<meta name=\"twitter:card\" content=\"summary_large_image\" \/>\n<meta name=\"twitter:label1\" content=\"\u00c9crit par\" \/>\n\t<meta name=\"twitter:data1\" content=\"C\u00e9line Bouckaert\" \/>\n\t<meta name=\"twitter:label2\" content=\"Dur\u00e9e de lecture estim\u00e9e\" \/>\n\t<meta name=\"twitter:data2\" content=\"4 minutes\" \/>\n<script type=\"application\/ld+json\" class=\"yoast-schema-graph\">{\"@context\":\"https:\\\/\\\/schema.org\",\"@graph\":[{\"@type\":\"NewsArticle\",\"@id\":\"https:\\\/\\\/www.forbes.be\\\/fr\\\/aurelie-hankar-reprend-le-flambeau-du-reseau-feminin-hors-norme\\\/#article\",\"isPartOf\":{\"@id\":\"https:\\\/\\\/www.forbes.be\\\/fr\\\/aurelie-hankar-reprend-le-flambeau-du-reseau-feminin-hors-norme\\\/\"},\"author\":{\"name\":\"C\u00e9line Bouckaert\",\"@id\":\"https:\\\/\\\/www.forbes.be\\\/fr\\\/#\\\/schema\\\/person\\\/8ec2eaf66f85ad162d094b61be753342\"},\"headline\":\"Aur\u00e9lie Hankar reprend le flambeau du r\u00e9seau f\u00e9minin Hors Norme\",\"datePublished\":\"2025-03-08T08:00:13+00:00\",\"dateModified\":\"2025-03-12T09:39:20+00:00\",\"mainEntityOfPage\":{\"@id\":\"https:\\\/\\\/www.forbes.be\\\/fr\\\/aurelie-hankar-reprend-le-flambeau-du-reseau-feminin-hors-norme\\\/\"},\"wordCount\":567,\"publisher\":{\"@id\":\"https:\\\/\\\/www.forbes.be\\\/fr\\\/#organization\"},\"image\":{\"@id\":\"https:\\\/\\\/www.forbes.be\\\/fr\\\/aurelie-hankar-reprend-le-flambeau-du-reseau-feminin-hors-norme\\\/#primaryimage\"},\"thumbnailUrl\":\"https:\\\/\\\/www.forbes.be\\\/fr\\\/wp-content\\\/uploads\\\/2025\\\/03\\\/20250224-aurelieclemence-final-5-1-e1741772351313.jpg\",\"articleSection\":[\"Entrepreneurs\",\"Femmes Forbes\"],\"inLanguage\":\"fr-FR\"},{\"@type\":\"WebPage\",\"@id\":\"https:\\\/\\\/www.forbes.be\\\/fr\\\/aurelie-hankar-reprend-le-flambeau-du-reseau-feminin-hors-norme\\\/\",\"url\":\"https:\\\/\\\/www.forbes.be\\\/fr\\\/aurelie-hankar-reprend-le-flambeau-du-reseau-feminin-hors-norme\\\/\",\"name\":\"Aur\u00e9lie Hankar reprend le flambeau du r\u00e9seau f\u00e9minin Hors Norme | Forbes Belgique\",\"isPartOf\":{\"@id\":\"https:\\\/\\\/www.forbes.be\\\/fr\\\/#website\"},\"primaryImageOfPage\":{\"@id\":\"https:\\\/\\\/www.forbes.be\\\/fr\\\/aurelie-hankar-reprend-le-flambeau-du-reseau-feminin-hors-norme\\\/#primaryimage\"},\"image\":{\"@id\":\"https:\\\/\\\/www.forbes.be\\\/fr\\\/aurelie-hankar-reprend-le-flambeau-du-reseau-feminin-hors-norme\\\/#primaryimage\"},\"thumbnailUrl\":\"https:\\\/\\\/www.forbes.be\\\/fr\\\/wp-content\\\/uploads\\\/2025\\\/03\\\/20250224-aurelieclemence-final-5-1-e1741772351313.jpg\",\"datePublished\":\"2025-03-08T08:00:13+00:00\",\"dateModified\":\"2025-03-12T09:39:20+00:00\",\"description\":\"Fondatrice du caf\u00e9 coworking bruxellois Nomad Community, Aur\u00e9lie Hankar reprend les r\u00eanes du r\u00e9seau d\u2019entrepreneuses Hors Norme.\",\"breadcrumb\":{\"@id\":\"https:\\\/\\\/www.forbes.be\\\/fr\\\/aurelie-hankar-reprend-le-flambeau-du-reseau-feminin-hors-norme\\\/#breadcrumb\"},\"inLanguage\":\"fr-FR\",\"potentialAction\":[{\"@type\":\"ReadAction\",\"target\":[\"https:\\\/\\\/www.forbes.be\\\/fr\\\/aurelie-hankar-reprend-le-flambeau-du-reseau-feminin-hors-norme\\\/\"]}]},{\"@type\":\"ImageObject\",\"inLanguage\":\"fr-FR\",\"@id\":\"https:\\\/\\\/www.forbes.be\\\/fr\\\/aurelie-hankar-reprend-le-flambeau-du-reseau-feminin-hors-norme\\\/#primaryimage\",\"url\":\"https:\\\/\\\/www.forbes.be\\\/fr\\\/wp-content\\\/uploads\\\/2025\\\/03\\\/20250224-aurelieclemence-final-5-1-e1741772351313.jpg\",\"contentUrl\":\"https:\\\/\\\/www.forbes.be\\\/fr\\\/wp-content\\\/uploads\\\/2025\\\/03\\\/20250224-aurelieclemence-final-5-1-e1741772351313.jpg\",\"width\":993,\"height\":520,\"caption\":\"Aur\u00e9lie Hankar \u00a9 C\u00e9cile Belhomme\"},{\"@type\":\"BreadcrumbList\",\"@id\":\"https:\\\/\\\/www.forbes.be\\\/fr\\\/aurelie-hankar-reprend-le-flambeau-du-reseau-feminin-hors-norme\\\/#breadcrumb\",\"itemListElement\":[{\"@type\":\"ListItem\",\"position\":1,\"name\":\"Accueil\",\"item\":\"https:\\\/\\\/www.forbes.be\\\/fr\\\/\"},{\"@type\":\"ListItem\",\"position\":2,\"name\":\"Aur\u00e9lie Hankar reprend le flambeau du r\u00e9seau f\u00e9minin Hors Norme\"}]},{\"@type\":\"WebSite\",\"@id\":\"https:\\\/\\\/www.forbes.be\\\/fr\\\/#website\",\"url\":\"https:\\\/\\\/www.forbes.be\\\/fr\\\/\",\"name\":\"Forbes Belgique\",\"description\":\"\",\"publisher\":{\"@id\":\"https:\\\/\\\/www.forbes.be\\\/fr\\\/#organization\"},\"potentialAction\":[{\"@type\":\"SearchAction\",\"target\":{\"@type\":\"EntryPoint\",\"urlTemplate\":\"https:\\\/\\\/www.forbes.be\\\/fr\\\/?s={search_term_string}\"},\"query-input\":{\"@type\":\"PropertyValueSpecification\",\"valueRequired\":true,\"valueName\":\"search_term_string\"}}],\"inLanguage\":\"fr-FR\"},{\"@type\":\"Organization\",\"@id\":\"https:\\\/\\\/www.forbes.be\\\/fr\\\/#organization\",\"name\":\"Forbes Belgique\",\"url\":\"https:\\\/\\\/www.forbes.be\\\/fr\\\/\",\"logo\":{\"@type\":\"ImageObject\",\"inLanguage\":\"fr-FR\",\"@id\":\"https:\\\/\\\/www.forbes.be\\\/fr\\\/#\\\/schema\\\/logo\\\/image\\\/\",\"url\":\"https:\\\/\\\/www.forbes.be\\\/fr\\\/wp-content\\\/uploads\\\/2024\\\/02\\\/forbes.be_.png\",\"contentUrl\":\"https:\\\/\\\/www.forbes.be\\\/fr\\\/wp-content\\\/uploads\\\/2024\\\/02\\\/forbes.be_.png\",\"width\":1200,\"height\":675,\"caption\":\"Forbes Belgique\"},\"image\":{\"@id\":\"https:\\\/\\\/www.forbes.be\\\/fr\\\/#\\\/schema\\\/logo\\\/image\\\/\"},\"sameAs\":[\"https:\\\/\\\/www.facebook.com\\\/forbesbelgique\\\/\",\"https:\\\/\\\/www.instagram.com\\\/Forbes_Belgium\",\"https:\\\/\\\/www.linkedin.com\\\/company\\\/forbes-belgium\\\/\"]},{\"@type\":\"Person\",\"@id\":\"https:\\\/\\\/www.forbes.be\\\/fr\\\/#\\\/schema\\\/person\\\/8ec2eaf66f85ad162d094b61be753342\",\"name\":\"C\u00e9line Bouckaert\",\"image\":{\"@type\":\"ImageObject\",\"inLanguage\":\"fr-FR\",\"@id\":\"https:\\\/\\\/www.forbes.be\\\/fr\\\/wp-content\\\/uploads\\\/2024\\\/01\\\/0283_ec_fb-1-150x150.jpg\",\"url\":\"https:\\\/\\\/www.forbes.be\\\/fr\\\/wp-content\\\/uploads\\\/2024\\\/01\\\/0283_ec_fb-1-150x150.jpg\",\"contentUrl\":\"https:\\\/\\\/www.forbes.be\\\/fr\\\/wp-content\\\/uploads\\\/2024\\\/01\\\/0283_ec_fb-1-150x150.jpg\",\"caption\":\"C\u00e9line Bouckaert\"},\"url\":\"https:\\\/\\\/www.forbes.be\\\/fr\\\/author\\\/cboeditionventures-be\\\/\"}]}<\/script>\n<!-- \/ Yoast SEO plugin. -->","yoast_head_json":{"title":"Aur\u00e9lie Hankar reprend le flambeau du r\u00e9seau f\u00e9minin Hors Norme | Forbes Belgique","description":"Fondatrice du caf\u00e9 coworking bruxellois Nomad Community, Aur\u00e9lie Hankar reprend les r\u00eanes du r\u00e9seau d\u2019entrepreneuses Hors Norme.","robots":{"index":"index","follow":"follow","max-snippet":"max-snippet:-1","max-image-preview":"max-image-preview:large","max-video-preview":"max-video-preview:-1"},"canonical":"https:\/\/www.forbes.be\/fr\/aurelie-hankar-reprend-le-flambeau-du-reseau-feminin-hors-norme\/","og_locale":"fr_FR","og_type":"article","og_title":"Aur\u00e9lie Hankar reprend le flambeau du r\u00e9seau f\u00e9minin Hors Norme | Forbes Belgique","og_description":"Fondatrice du caf\u00e9 coworking bruxellois Nomad Community, Aur\u00e9lie Hankar reprend les r\u00eanes du r\u00e9seau d\u2019entrepreneuses Hors Norme.","og_url":"https:\/\/www.forbes.be\/fr\/aurelie-hankar-reprend-le-flambeau-du-reseau-feminin-hors-norme\/","og_site_name":"Forbes Belgique","article_publisher":"https:\/\/www.facebook.com\/forbesbelgique\/","article_published_time":"2025-03-08T08:00:13+00:00","article_modified_time":"2025-03-12T09:39:20+00:00","og_image":[{"width":993,"height":520,"url":"https:\/\/www.forbes.be\/fr\/wp-content\/uploads\/2025\/03\/20250224-aurelieclemence-final-5-1-e1741772351313.jpg","type":"image\/jpeg"}],"author":"C\u00e9line Bouckaert","twitter_card":"summary_large_image","twitter_misc":{"\u00c9crit par":"C\u00e9line Bouckaert","Dur\u00e9e de lecture estim\u00e9e":"4 minutes"},"schema":{"@context":"https:\/\/schema.org","@graph":[{"@type":"NewsArticle","@id":"https:\/\/www.forbes.be\/fr\/aurelie-hankar-reprend-le-flambeau-du-reseau-feminin-hors-norme\/#article","isPartOf":{"@id":"https:\/\/www.forbes.be\/fr\/aurelie-hankar-reprend-le-flambeau-du-reseau-feminin-hors-norme\/"},"author":{"name":"C\u00e9line Bouckaert","@id":"https:\/\/www.forbes.be\/fr\/#\/schema\/person\/8ec2eaf66f85ad162d094b61be753342"},"headline":"Aur\u00e9lie Hankar reprend le flambeau du r\u00e9seau f\u00e9minin Hors Norme","datePublished":"2025-03-08T08:00:13+00:00","dateModified":"2025-03-12T09:39:20+00:00","mainEntityOfPage":{"@id":"https:\/\/www.forbes.be\/fr\/aurelie-hankar-reprend-le-flambeau-du-reseau-feminin-hors-norme\/"},"wordCount":567,"publisher":{"@id":"https:\/\/www.forbes.be\/fr\/#organization"},"image":{"@id":"https:\/\/www.forbes.be\/fr\/aurelie-hankar-reprend-le-flambeau-du-reseau-feminin-hors-norme\/#primaryimage"},"thumbnailUrl":"https:\/\/www.forbes.be\/fr\/wp-content\/uploads\/2025\/03\/20250224-aurelieclemence-final-5-1-e1741772351313.jpg","articleSection":["Entrepreneurs","Femmes Forbes"],"inLanguage":"fr-FR"},{"@type":"WebPage","@id":"https:\/\/www.forbes.be\/fr\/aurelie-hankar-reprend-le-flambeau-du-reseau-feminin-hors-norme\/","url":"https:\/\/www.forbes.be\/fr\/aurelie-hankar-reprend-le-flambeau-du-reseau-feminin-hors-norme\/","name":"Aur\u00e9lie Hankar reprend le flambeau du r\u00e9seau f\u00e9minin Hors Norme | Forbes Belgique","isPartOf":{"@id":"https:\/\/www.forbes.be\/fr\/#website"},"primaryImageOfPage":{"@id":"https:\/\/www.forbes.be\/fr\/aurelie-hankar-reprend-le-flambeau-du-reseau-feminin-hors-norme\/#primaryimage"},"image":{"@id":"https:\/\/www.forbes.be\/fr\/aurelie-hankar-reprend-le-flambeau-du-reseau-feminin-hors-norme\/#primaryimage"},"thumbnailUrl":"https:\/\/www.forbes.be\/fr\/wp-content\/uploads\/2025\/03\/20250224-aurelieclemence-final-5-1-e1741772351313.jpg","datePublished":"2025-03-08T08:00:13+00:00","dateModified":"2025-03-12T09:39:20+00:00","description":"Fondatrice du caf\u00e9 coworking bruxellois Nomad Community, Aur\u00e9lie Hankar reprend les r\u00eanes du r\u00e9seau d\u2019entrepreneuses Hors Norme.","breadcrumb":{"@id":"https:\/\/www.forbes.be\/fr\/aurelie-hankar-reprend-le-flambeau-du-reseau-feminin-hors-norme\/#breadcrumb"},"inLanguage":"fr-FR","potentialAction":[{"@type":"ReadAction","target":["https:\/\/www.forbes.be\/fr\/aurelie-hankar-reprend-le-flambeau-du-reseau-feminin-hors-norme\/"]}]},{"@type":"ImageObject","inLanguage":"fr-FR","@id":"https:\/\/www.forbes.be\/fr\/aurelie-hankar-reprend-le-flambeau-du-reseau-feminin-hors-norme\/#primaryimage","url":"https:\/\/www.forbes.be\/fr\/wp-content\/uploads\/2025\/03\/20250224-aurelieclemence-final-5-1-e1741772351313.jpg","contentUrl":"https:\/\/www.forbes.be\/fr\/wp-content\/uploads\/2025\/03\/20250224-aurelieclemence-final-5-1-e1741772351313.jpg","width":993,"height":520,"caption":"Aur\u00e9lie Hankar \u00a9 C\u00e9cile Belhomme"},{"@type":"BreadcrumbList","@id":"https:\/\/www.forbes.be\/fr\/aurelie-hankar-reprend-le-flambeau-du-reseau-feminin-hors-norme\/#breadcrumb","itemListElement":[{"@type":"ListItem","position":1,"name":"Accueil","item":"https:\/\/www.forbes.be\/fr\/"},{"@type":"ListItem","position":2,"name":"Aur\u00e9lie Hankar reprend le flambeau du r\u00e9seau f\u00e9minin Hors Norme"}]},{"@type":"WebSite","@id":"https:\/\/www.forbes.be\/fr\/#website","url":"https:\/\/www.forbes.be\/fr\/","name":"Forbes Belgique","description":"","publisher":{"@id":"https:\/\/www.forbes.be\/fr\/#organization"},"potentialAction":[{"@type":"SearchAction","target":{"@type":"EntryPoint","urlTemplate":"https:\/\/www.forbes.be\/fr\/?s={search_term_string}"},"query-input":{"@type":"PropertyValueSpecification","valueRequired":true,"valueName":"search_term_string"}}],"inLanguage":"fr-FR"},{"@type":"Organization","@id":"https:\/\/www.forbes.be\/fr\/#organization","name":"Forbes Belgique","url":"https:\/\/www.forbes.be\/fr\/","logo":{"@type":"ImageObject","inLanguage":"fr-FR","@id":"https:\/\/www.forbes.be\/fr\/#\/schema\/logo\/image\/","url":"https:\/\/www.forbes.be\/fr\/wp-content\/uploads\/2024\/02\/forbes.be_.png","contentUrl":"https:\/\/www.forbes.be\/fr\/wp-content\/uploads\/2024\/02\/forbes.be_.png","width":1200,"height":675,"caption":"Forbes Belgique"},"image":{"@id":"https:\/\/www.forbes.be\/fr\/#\/schema\/logo\/image\/"},"sameAs":["https:\/\/www.facebook.com\/forbesbelgique\/","https:\/\/www.instagram.com\/Forbes_Belgium","https:\/\/www.linkedin.com\/company\/forbes-belgium\/"]},{"@type":"Person","@id":"https:\/\/www.forbes.be\/fr\/#\/schema\/person\/8ec2eaf66f85ad162d094b61be753342","name":"C\u00e9line Bouckaert","image":{"@type":"ImageObject","inLanguage":"fr-FR","@id":"https:\/\/www.forbes.be\/fr\/wp-content\/uploads\/2024\/01\/0283_ec_fb-1-150x150.jpg","url":"https:\/\/www.forbes.be\/fr\/wp-content\/uploads\/2024\/01\/0283_ec_fb-1-150x150.jpg","contentUrl":"https:\/\/www.forbes.be\/fr\/wp-content\/uploads\/2024\/01\/0283_ec_fb-1-150x150.jpg","caption":"C\u00e9line Bouckaert"},"url":"https:\/\/www.forbes.be\/fr\/author\/cboeditionventures-be\/"}]}},"_links":{"self":[{"href":"https:\/\/www.forbes.be\/fr\/wp-json\/wp\/v2\/posts\/9092","targetHints":{"allow":["GET"]}}],"collection":[{"href":"https:\/\/www.forbes.be\/fr\/wp-json\/wp\/v2\/posts"}],"about":[{"href":"https:\/\/www.forbes.be\/fr\/wp-json\/wp\/v2\/types\/post"}],"author":[{"embeddable":true,"href":"https:\/\/www.forbes.be\/fr\/wp-json\/wp\/v2\/users\/14"}],"replies":[{"embeddable":true,"href":"https:\/\/www.forbes.be\/fr\/wp-json\/wp\/v2\/comments?post=9092"}],"version-history":[{"count":1,"href":"https:\/\/www.forbes.be\/fr\/wp-json\/wp\/v2\/posts\/9092\/revisions"}],"predecessor-version":[{"id":9096,"href":"https:\/\/www.forbes.be\/fr\/wp-json\/wp\/v2\/posts\/9092\/revisions\/9096"}],"wp:featuredmedia":[{"embeddable":true,"href":"https:\/\/www.forbes.be\/fr\/wp-json\/wp\/v2\/media\/9093"}],"wp:attachment":[{"href":"https:\/\/www.forbes.be\/fr\/wp-json\/wp\/v2\/media?parent=9092"}],"wp:term":[{"taxonomy":"category","embeddable":true,"href":"https:\/\/www.forbes.be\/fr\/wp-json\/wp\/v2\/categories?post=9092"},{"taxonomy":"post_tag","embeddable":true,"href":"https:\/\/www.forbes.be\/fr\/wp-json\/wp\/v2\/tags?post=9092"}],"curies":[{"name":"wp","href":"https:\/\/api.w.org\/{rel}","templated":true}]}}