{"id":9227,"date":"2025-03-16T09:25:00","date_gmt":"2025-03-16T08:25:00","guid":{"rendered":"https:\/\/www.forbes.be\/fr\/?p=9227"},"modified":"2025-03-16T09:25:07","modified_gmt":"2025-03-16T08:25:07","slug":"ue-replique-28-milliards-tarifs-trump","status":"publish","type":"post","link":"https:\/\/www.forbes.be\/fr\/ue-replique-28-milliards-tarifs-trump\/","title":{"rendered":"L&rsquo;Europe riposte aux \u00c9tats-Unis : l&rsquo;UE pr\u00e9voit 28 milliards de dollars de tarifs en r\u00e9ponse aux taxes de Trump sur l&rsquo;acier et l&rsquo;aluminium"},"content":{"rendered":"<p>L&rsquo;Union europ\u00e9enne a annonc\u00e9 des contre-mesures \u00e9conomiques contre les \u00c9tats-Unis \u00e0 hauteur d&rsquo;environ 28 milliards de dollars, peu apr\u00e8s l&rsquo;entr\u00e9e en vigueur des <strong>tarifs douaniers de 25%<\/strong> impos\u00e9s par le pr\u00e9sident Donald Trump sur toutes les importations d&rsquo;acier et d&rsquo;aluminium.<\/p>\n<h2>Faits cl\u00e9s<\/h2>\n<ul>\n<li>La Commission europ\u00e9enne, l&rsquo;organe ex\u00e9cutif de l&rsquo;UE, a critiqu\u00e9 les tarifs douaniers am\u00e9ricains \u201cinjustifi\u00e9s\u201d sur l&rsquo;acier et l&rsquo;aluminium en provenance du bloc et a d\u00e9clar\u00e9 avoir lanc\u00e9 des \u201ccontre-mesures rapides et proportionnelles\u201d qui entreront en vigueur \u00e0 partir du 1er avril.<\/li>\n<li>La commission a annonc\u00e9 que la suspension des \u201ccontre-mesures existantes de 2018 et 2020\u201d contre les \u00c9tats-Unis prendra fin le mois prochain et celles-ci cibleront \u201cune gamme de produits am\u00e9ricains en r\u00e9ponse au pr\u00e9judice \u00e9conomique caus\u00e9 sur 8 milliards d&rsquo;euros (8,72 milliards de dollars) d&rsquo;exportations d&rsquo;acier et d&rsquo;aluminium de l&rsquo;UE.\u201d<\/li>\n<li>La commission a \u00e9galement indiqu\u00e9 qu&rsquo;elle pr\u00e9parait un nouveau paquet de contre-mesures en r\u00e9ponse aux nouveaux tarifs de Trump touchant \u201cplus de 18 milliards d&rsquo;euros (19,61 milliards de dollars) d&rsquo;exportations de l&rsquo;UE.\u201d<\/li>\n<li>Ce second ensemble de contre-mesures sera mis en \u0153uvre \u00e0 la mi-avril, apr\u00e8s une \u201cconsultation des \u00c9tats membres et des parties prenantes.\u201d<\/li>\n<li>Au total, la commission a d\u00e9clar\u00e9 que ses contre-mesures s&rsquo;appliqueront \u00e0 des exportations am\u00e9ricaines d&rsquo;une valeur allant jusqu&rsquo;\u00e0 26 milliards d&rsquo;euros (28,33 milliards de dollars), \u201ccorrespondant \u00e0 l&rsquo;ampleur \u00e9conomique des tarifs am\u00e9ricains.\u201d<\/li>\n<\/ul>\n<h2>Citation cl\u00e9<\/h2>\n<p>Ursula von der Leyen, la pr\u00e9sidente de la Commission europ\u00e9enne, a d\u00e9clar\u00e9 : \u201cLes tarifs sont des taxes. Ils sont mauvais pour les affaires, et encore pires pour les consommateurs&#8230; Les emplois sont en jeu. Les prix augmenteront. En Europe et aux \u00c9tats-Unis&#8230; Les contre-mesures que nous prenons aujourd&rsquo;hui sont fortes mais proportionn\u00e9es. Comme les \u00c9tats-Unis appliquent des tarifs d&rsquo;une valeur de 28 milliards de dollars, nous r\u00e9pondons par des contre-mesures d&rsquo;une valeur de 26 milliards d&rsquo;euros.\u201d<\/p>\n<h2>Chiffre important<\/h2>\n<p>6 milliards d&rsquo;euros (6,55 milliards de dollars). C&rsquo;est le montant suppl\u00e9mentaire que les importateurs am\u00e9ricains devront payer en tant que tarifs pour importer de l&rsquo;acier de l&rsquo;Union europ\u00e9enne, \u201cselon les flux actuels,\u201d a indiqu\u00e9 la commission. Les 28 milliards de dollars de biens de l&rsquo;UE touch\u00e9s par les derni\u00e8res taxes de Trump repr\u00e9sentent environ 5% des exportations du bloc vers les \u00c9tats-Unis.<\/p>\n<h2>Quels produits am\u00e9ricains seront cibl\u00e9s?<\/h2>\n<p>Les \u00c9tats membres de l&rsquo;UE ont commenc\u00e9 \u00e0 discuter des produits am\u00e9ricains qui seront cibl\u00e9s dans la seconde tranche de tarifs qui entrera en vigueur \u00e0 la mi-avril. Selon la commission, les cibles propos\u00e9es incluent des produits industriels\u2014comme l&rsquo;acier, l&rsquo;aluminium, les textiles, les articles en cuir, les appareils \u00e9lectrom\u00e9nagers, entre autres\u2014ainsi que des produits agricoles\u2014comme la volaille, le b\u0153uf, les fruits de mer, les produits laitiers, les noix, le sucre et les l\u00e9gumes. Un responsable de l&rsquo;UE cit\u00e9 par le <em>Financial Times<\/em> a d\u00e9clar\u00e9 que le soja en provenance des \u00c9tats-Unis figurait sur la liste des cibles potentielles des tarifs car il est cultiv\u00e9 en Louisiane\u2014l&rsquo;\u00c9tat d&rsquo;origine du pr\u00e9sident de la Chambre, Mike Johnson. Le premier ensemble de contre-mesures qui entrera en vigueur le 1er avril relancera les tarifs suspendus sur des articles comme les motos fabriqu\u00e9es aux \u00c9tats-Unis, le bourbon, le beurre de cacahu\u00e8te et les jeans\u2014qui avaient \u00e9t\u00e9 initialement impos\u00e9s lors du pr\u00e9c\u00e9dent mandat de Trump.<\/p>\n<h2>Comment les autres ont-ils r\u00e9agi aux derniers tarifs de Trump?<\/h2>\n<p>Le gouvernement britannique a exprim\u00e9 sa d\u00e9ception face aux tarifs sur l&rsquo;acier et l&rsquo;aluminium, mais a d\u00e9clar\u00e9 qu&rsquo;il n&rsquo;appliquerait pas de mesures de r\u00e9torsion imm\u00e9diatement. Le secr\u00e9taire d&rsquo;\u00c9tat aux affaires, Jonathan Reynolds, a d\u00e9clar\u00e9 qu&rsquo;ils \u00e9taient \u201cconcentr\u00e9s sur une approche pragmatique\u201d et n\u00e9gociaient \u201crapidement un accord \u00e9conomique plus large avec les \u00c9tats-Unis pour \u00e9liminer les tarifs suppl\u00e9mentaires.\u201d Cependant, Reynolds a not\u00e9 que les contre-mesures n&rsquo;\u00e9taient pas exclues et que la Grande-Bretagne \u201cn&rsquo;h\u00e9siterait pas \u00e0 r\u00e9pondre dans l&rsquo;int\u00e9r\u00eat national.\u201d L&rsquo;organisme professionnel UK Steel a \u00e9galement condamn\u00e9 les tarifs et son directeur g\u00e9n\u00e9ral, Gareth Stace, a d\u00e9clar\u00e9 : \u201cLe pr\u00e9sident Trump doit s\u00fbrement reconna\u00eetre que le Royaume-Uni est un alli\u00e9, non un ennemi. Notre secteur sid\u00e9rurgique n&rsquo;est pas une menace pour les \u00c9tats-Unis, mais un partenaire de clients cl\u00e9s.\u201d Le Premier ministre australien, Anthony Albanese, a \u00e9galement d\u00e9nonc\u00e9 les tarifs comme \u201ctotalement injustifi\u00e9s\u201d et a d\u00e9clar\u00e9 que cela allait \u00e0 l&rsquo;encontre de \u201cl&rsquo;esprit d&rsquo;amiti\u00e9 durable entre nos deux nations.\u201d Albanese a d\u00e9clar\u00e9 qu&rsquo;il pr\u00e9voyait de continuer \u00e0 pousser Trump \u00e0 cr\u00e9er une exemption pour les exportations australiennes\u2014quelque chose qu&rsquo;il avait accept\u00e9 de mettre en place lors de son premier mandat\u2014mais a admis que le pr\u00e9sident avait snob\u00e9 ses r\u00e9centes tentatives de dialogue.<\/p>\n<p>Cet article a \u00e9t\u00e9 \u00e9crit par Siladitya Ray et traduit par Forbes.be<\/p>\n","protected":false},"excerpt":{"rendered":"<p>L&rsquo;UE annonce des tarifs de 28 milliards de dollars en r\u00e9ponse aux taxes am\u00e9ricaines sur l&rsquo;acier et l&rsquo;aluminium, amplifiant le conflit commercial transatlantique.<\/p>\n","protected":false},"author":5,"featured_media":9226,"comment_status":"closed","ping_status":"closed","sticky":false,"template":"","format":"standard","meta":{"_acf_changed":false,"inline_featured_image":false,"footnotes":""},"categories":[1,31],"tags":[],"class_list":{"0":"post-9227","1":"post","2":"type-post","3":"status-publish","4":"format-standard","5":"has-post-thumbnail","7":"category-actualite","8":"category-politique"},"acf":[],"_yoast_wpseo_title":"L'Europe riposte aux \u00c9tats-Unis : l'UE pr\u00e9voit 28 milliards de dollars de tarifs en r\u00e9ponse aux taxes de Trump sur l'acier et l'aluminium","_yoast_wpseo_metadesc":"L'Union europ\u00e9enne annonce des tarifs de 28 milliards pour contrer les taxes de Trump, \u00e9quivalant en ampleur \u00e9conomique.","auteur_traducteur":"","yoast_head":"<!-- This site is optimized with the Yoast SEO plugin v27.4 - https:\/\/yoast.com\/product\/yoast-seo-wordpress\/ -->\n<title>L&#039;Europe riposte aux \u00c9tats-Unis : l&#039;UE pr\u00e9voit 28 milliards de dollars de tarifs en r\u00e9ponse aux taxes de Trump sur l&#039;acier et l&#039;aluminium<\/title>\n<meta name=\"description\" content=\"L&#039;Union europ\u00e9enne annonce des tarifs de 28 milliards pour contrer les taxes de Trump, \u00e9quivalant en ampleur \u00e9conomique.\" \/>\n<meta name=\"robots\" content=\"index, follow, max-snippet:-1, max-image-preview:large, max-video-preview:-1\" \/>\n<link rel=\"canonical\" href=\"https:\/\/www.forbes.be\/fr\/ue-replique-28-milliards-tarifs-trump\/\" \/>\n<meta property=\"og:locale\" content=\"fr_FR\" \/>\n<meta property=\"og:type\" content=\"article\" \/>\n<meta property=\"og:title\" content=\"L&#039;Europe riposte aux \u00c9tats-Unis : l&#039;UE pr\u00e9voit 28 milliards de dollars de tarifs en r\u00e9ponse aux taxes de Trump sur l&#039;acier et l&#039;aluminium\" \/>\n<meta property=\"og:description\" content=\"L&#039;Union europ\u00e9enne annonce des tarifs de 28 milliards pour contrer les taxes de Trump, \u00e9quivalant en ampleur \u00e9conomique.\" \/>\n<meta property=\"og:url\" content=\"https:\/\/www.forbes.be\/fr\/ue-replique-28-milliards-tarifs-trump\/\" \/>\n<meta property=\"og:site_name\" content=\"Forbes Belgique\" \/>\n<meta property=\"article:publisher\" content=\"https:\/\/www.facebook.com\/forbesbelgique\/\" \/>\n<meta property=\"article:published_time\" content=\"2025-03-16T08:25:00+00:00\" \/>\n<meta property=\"article:modified_time\" content=\"2025-03-16T08:25:07+00:00\" \/>\n<meta property=\"og:image\" content=\"https:\/\/www.forbes.be\/fr\/wp-content\/uploads\/2025\/03\/6720483751.png\" \/>\n\t<meta property=\"og:image:width\" content=\"958\" \/>\n\t<meta property=\"og:image:height\" content=\"539\" \/>\n\t<meta property=\"og:image:type\" content=\"image\/png\" \/>\n<meta name=\"author\" content=\"Forbes Belgique\" \/>\n<meta name=\"twitter:card\" content=\"summary_large_image\" \/>\n<meta name=\"twitter:label1\" content=\"\u00c9crit par\" \/>\n\t<meta name=\"twitter:data1\" content=\"Forbes Belgique\" \/>\n\t<meta name=\"twitter:label2\" content=\"Dur\u00e9e de lecture estim\u00e9e\" \/>\n\t<meta name=\"twitter:data2\" content=\"5 minutes\" \/>\n<script type=\"application\/ld+json\" class=\"yoast-schema-graph\">{\"@context\":\"https:\\\/\\\/schema.org\",\"@graph\":[{\"@type\":\"NewsArticle\",\"@id\":\"https:\\\/\\\/www.forbes.be\\\/fr\\\/ue-replique-28-milliards-tarifs-trump\\\/#article\",\"isPartOf\":{\"@id\":\"https:\\\/\\\/www.forbes.be\\\/fr\\\/ue-replique-28-milliards-tarifs-trump\\\/\"},\"author\":{\"name\":\"Forbes Belgique\",\"@id\":\"https:\\\/\\\/www.forbes.be\\\/fr\\\/#\\\/schema\\\/person\\\/147c95cac22c7a4a8056e69e1f287b1f\"},\"headline\":\"L&rsquo;Europe riposte aux \u00c9tats-Unis : l&rsquo;UE pr\u00e9voit 28 milliards de dollars de tarifs en r\u00e9ponse aux taxes de Trump sur l&rsquo;acier et l&rsquo;aluminium\",\"datePublished\":\"2025-03-16T08:25:00+00:00\",\"dateModified\":\"2025-03-16T08:25:07+00:00\",\"mainEntityOfPage\":{\"@id\":\"https:\\\/\\\/www.forbes.be\\\/fr\\\/ue-replique-28-milliards-tarifs-trump\\\/\"},\"wordCount\":828,\"publisher\":{\"@id\":\"https:\\\/\\\/www.forbes.be\\\/fr\\\/#organization\"},\"image\":{\"@id\":\"https:\\\/\\\/www.forbes.be\\\/fr\\\/ue-replique-28-milliards-tarifs-trump\\\/#primaryimage\"},\"thumbnailUrl\":\"https:\\\/\\\/www.forbes.be\\\/fr\\\/wp-content\\\/uploads\\\/2025\\\/03\\\/6720483751.png\",\"articleSection\":[\"Actualit\u00e9s\",\"Politique\"],\"inLanguage\":\"fr-FR\"},{\"@type\":\"WebPage\",\"@id\":\"https:\\\/\\\/www.forbes.be\\\/fr\\\/ue-replique-28-milliards-tarifs-trump\\\/\",\"url\":\"https:\\\/\\\/www.forbes.be\\\/fr\\\/ue-replique-28-milliards-tarifs-trump\\\/\",\"name\":\"L'Europe riposte aux \u00c9tats-Unis : l'UE pr\u00e9voit 28 milliards de dollars de tarifs en r\u00e9ponse aux taxes de Trump sur l'acier et l'aluminium\",\"isPartOf\":{\"@id\":\"https:\\\/\\\/www.forbes.be\\\/fr\\\/#website\"},\"primaryImageOfPage\":{\"@id\":\"https:\\\/\\\/www.forbes.be\\\/fr\\\/ue-replique-28-milliards-tarifs-trump\\\/#primaryimage\"},\"image\":{\"@id\":\"https:\\\/\\\/www.forbes.be\\\/fr\\\/ue-replique-28-milliards-tarifs-trump\\\/#primaryimage\"},\"thumbnailUrl\":\"https:\\\/\\\/www.forbes.be\\\/fr\\\/wp-content\\\/uploads\\\/2025\\\/03\\\/6720483751.png\",\"datePublished\":\"2025-03-16T08:25:00+00:00\",\"dateModified\":\"2025-03-16T08:25:07+00:00\",\"description\":\"L'Union europ\u00e9enne annonce des tarifs de 28 milliards pour contrer les taxes de Trump, \u00e9quivalant en ampleur \u00e9conomique.\",\"breadcrumb\":{\"@id\":\"https:\\\/\\\/www.forbes.be\\\/fr\\\/ue-replique-28-milliards-tarifs-trump\\\/#breadcrumb\"},\"inLanguage\":\"fr-FR\",\"potentialAction\":[{\"@type\":\"ReadAction\",\"target\":[\"https:\\\/\\\/www.forbes.be\\\/fr\\\/ue-replique-28-milliards-tarifs-trump\\\/\"]}]},{\"@type\":\"ImageObject\",\"inLanguage\":\"fr-FR\",\"@id\":\"https:\\\/\\\/www.forbes.be\\\/fr\\\/ue-replique-28-milliards-tarifs-trump\\\/#primaryimage\",\"url\":\"https:\\\/\\\/www.forbes.be\\\/fr\\\/wp-content\\\/uploads\\\/2025\\\/03\\\/6720483751.png\",\"contentUrl\":\"https:\\\/\\\/www.forbes.be\\\/fr\\\/wp-content\\\/uploads\\\/2025\\\/03\\\/6720483751.png\",\"width\":958,\"height\":539,\"caption\":\"dpa\\\/picture alliance via Getty Images\"},{\"@type\":\"BreadcrumbList\",\"@id\":\"https:\\\/\\\/www.forbes.be\\\/fr\\\/ue-replique-28-milliards-tarifs-trump\\\/#breadcrumb\",\"itemListElement\":[{\"@type\":\"ListItem\",\"position\":1,\"name\":\"Accueil\",\"item\":\"https:\\\/\\\/www.forbes.be\\\/fr\\\/\"},{\"@type\":\"ListItem\",\"position\":2,\"name\":\"L&rsquo;Europe riposte aux \u00c9tats-Unis : l&rsquo;UE pr\u00e9voit 28 milliards de dollars de tarifs en r\u00e9ponse aux taxes de Trump sur l&rsquo;acier et l&rsquo;aluminium\"}]},{\"@type\":\"WebSite\",\"@id\":\"https:\\\/\\\/www.forbes.be\\\/fr\\\/#website\",\"url\":\"https:\\\/\\\/www.forbes.be\\\/fr\\\/\",\"name\":\"Forbes Belgique\",\"description\":\"\",\"publisher\":{\"@id\":\"https:\\\/\\\/www.forbes.be\\\/fr\\\/#organization\"},\"potentialAction\":[{\"@type\":\"SearchAction\",\"target\":{\"@type\":\"EntryPoint\",\"urlTemplate\":\"https:\\\/\\\/www.forbes.be\\\/fr\\\/?s={search_term_string}\"},\"query-input\":{\"@type\":\"PropertyValueSpecification\",\"valueRequired\":true,\"valueName\":\"search_term_string\"}}],\"inLanguage\":\"fr-FR\"},{\"@type\":\"Organization\",\"@id\":\"https:\\\/\\\/www.forbes.be\\\/fr\\\/#organization\",\"name\":\"Forbes Belgique\",\"url\":\"https:\\\/\\\/www.forbes.be\\\/fr\\\/\",\"logo\":{\"@type\":\"ImageObject\",\"inLanguage\":\"fr-FR\",\"@id\":\"https:\\\/\\\/www.forbes.be\\\/fr\\\/#\\\/schema\\\/logo\\\/image\\\/\",\"url\":\"https:\\\/\\\/www.forbes.be\\\/fr\\\/wp-content\\\/uploads\\\/2024\\\/02\\\/forbes.be_.png\",\"contentUrl\":\"https:\\\/\\\/www.forbes.be\\\/fr\\\/wp-content\\\/uploads\\\/2024\\\/02\\\/forbes.be_.png\",\"width\":1200,\"height\":675,\"caption\":\"Forbes Belgique\"},\"image\":{\"@id\":\"https:\\\/\\\/www.forbes.be\\\/fr\\\/#\\\/schema\\\/logo\\\/image\\\/\"},\"sameAs\":[\"https:\\\/\\\/www.facebook.com\\\/forbesbelgique\\\/\",\"https:\\\/\\\/www.instagram.com\\\/Forbes_Belgium\",\"https:\\\/\\\/www.linkedin.com\\\/company\\\/forbes-belgium\\\/\"]},{\"@type\":\"Person\",\"@id\":\"https:\\\/\\\/www.forbes.be\\\/fr\\\/#\\\/schema\\\/person\\\/147c95cac22c7a4a8056e69e1f287b1f\",\"name\":\"Forbes Belgique\",\"image\":{\"@type\":\"ImageObject\",\"inLanguage\":\"fr-FR\",\"@id\":\"https:\\\/\\\/www.forbes.be\\\/fr\\\/wp-content\\\/uploads\\\/2024\\\/01\\\/forbes-thumb-150x150.jpg\",\"url\":\"https:\\\/\\\/www.forbes.be\\\/fr\\\/wp-content\\\/uploads\\\/2024\\\/01\\\/forbes-thumb-150x150.jpg\",\"contentUrl\":\"https:\\\/\\\/www.forbes.be\\\/fr\\\/wp-content\\\/uploads\\\/2024\\\/01\\\/forbes-thumb-150x150.jpg\",\"caption\":\"Forbes Belgique\"},\"url\":\"https:\\\/\\\/www.forbes.be\\\/fr\\\/author\\\/forbes-be\\\/\"}]}<\/script>\n<!-- \/ Yoast SEO plugin. -->","yoast_head_json":{"title":"L'Europe riposte aux \u00c9tats-Unis : l'UE pr\u00e9voit 28 milliards de dollars de tarifs en r\u00e9ponse aux taxes de Trump sur l'acier et l'aluminium","description":"L'Union europ\u00e9enne annonce des tarifs de 28 milliards pour contrer les taxes de Trump, \u00e9quivalant en ampleur \u00e9conomique.","robots":{"index":"index","follow":"follow","max-snippet":"max-snippet:-1","max-image-preview":"max-image-preview:large","max-video-preview":"max-video-preview:-1"},"canonical":"https:\/\/www.forbes.be\/fr\/ue-replique-28-milliards-tarifs-trump\/","og_locale":"fr_FR","og_type":"article","og_title":"L'Europe riposte aux \u00c9tats-Unis : l'UE pr\u00e9voit 28 milliards de dollars de tarifs en r\u00e9ponse aux taxes de Trump sur l'acier et l'aluminium","og_description":"L'Union europ\u00e9enne annonce des tarifs de 28 milliards pour contrer les taxes de Trump, \u00e9quivalant en ampleur \u00e9conomique.","og_url":"https:\/\/www.forbes.be\/fr\/ue-replique-28-milliards-tarifs-trump\/","og_site_name":"Forbes Belgique","article_publisher":"https:\/\/www.facebook.com\/forbesbelgique\/","article_published_time":"2025-03-16T08:25:00+00:00","article_modified_time":"2025-03-16T08:25:07+00:00","og_image":[{"width":958,"height":539,"url":"https:\/\/www.forbes.be\/fr\/wp-content\/uploads\/2025\/03\/6720483751.png","type":"image\/png"}],"author":"Forbes Belgique","twitter_card":"summary_large_image","twitter_misc":{"\u00c9crit par":"Forbes Belgique","Dur\u00e9e de lecture estim\u00e9e":"5 minutes"},"schema":{"@context":"https:\/\/schema.org","@graph":[{"@type":"NewsArticle","@id":"https:\/\/www.forbes.be\/fr\/ue-replique-28-milliards-tarifs-trump\/#article","isPartOf":{"@id":"https:\/\/www.forbes.be\/fr\/ue-replique-28-milliards-tarifs-trump\/"},"author":{"name":"Forbes Belgique","@id":"https:\/\/www.forbes.be\/fr\/#\/schema\/person\/147c95cac22c7a4a8056e69e1f287b1f"},"headline":"L&rsquo;Europe riposte aux \u00c9tats-Unis : l&rsquo;UE pr\u00e9voit 28 milliards de dollars de tarifs en r\u00e9ponse aux taxes de Trump sur l&rsquo;acier et l&rsquo;aluminium","datePublished":"2025-03-16T08:25:00+00:00","dateModified":"2025-03-16T08:25:07+00:00","mainEntityOfPage":{"@id":"https:\/\/www.forbes.be\/fr\/ue-replique-28-milliards-tarifs-trump\/"},"wordCount":828,"publisher":{"@id":"https:\/\/www.forbes.be\/fr\/#organization"},"image":{"@id":"https:\/\/www.forbes.be\/fr\/ue-replique-28-milliards-tarifs-trump\/#primaryimage"},"thumbnailUrl":"https:\/\/www.forbes.be\/fr\/wp-content\/uploads\/2025\/03\/6720483751.png","articleSection":["Actualit\u00e9s","Politique"],"inLanguage":"fr-FR"},{"@type":"WebPage","@id":"https:\/\/www.forbes.be\/fr\/ue-replique-28-milliards-tarifs-trump\/","url":"https:\/\/www.forbes.be\/fr\/ue-replique-28-milliards-tarifs-trump\/","name":"L'Europe riposte aux \u00c9tats-Unis : l'UE pr\u00e9voit 28 milliards de dollars de tarifs en r\u00e9ponse aux taxes de Trump sur l'acier et l'aluminium","isPartOf":{"@id":"https:\/\/www.forbes.be\/fr\/#website"},"primaryImageOfPage":{"@id":"https:\/\/www.forbes.be\/fr\/ue-replique-28-milliards-tarifs-trump\/#primaryimage"},"image":{"@id":"https:\/\/www.forbes.be\/fr\/ue-replique-28-milliards-tarifs-trump\/#primaryimage"},"thumbnailUrl":"https:\/\/www.forbes.be\/fr\/wp-content\/uploads\/2025\/03\/6720483751.png","datePublished":"2025-03-16T08:25:00+00:00","dateModified":"2025-03-16T08:25:07+00:00","description":"L'Union europ\u00e9enne annonce des tarifs de 28 milliards pour contrer les taxes de Trump, \u00e9quivalant en ampleur \u00e9conomique.","breadcrumb":{"@id":"https:\/\/www.forbes.be\/fr\/ue-replique-28-milliards-tarifs-trump\/#breadcrumb"},"inLanguage":"fr-FR","potentialAction":[{"@type":"ReadAction","target":["https:\/\/www.forbes.be\/fr\/ue-replique-28-milliards-tarifs-trump\/"]}]},{"@type":"ImageObject","inLanguage":"fr-FR","@id":"https:\/\/www.forbes.be\/fr\/ue-replique-28-milliards-tarifs-trump\/#primaryimage","url":"https:\/\/www.forbes.be\/fr\/wp-content\/uploads\/2025\/03\/6720483751.png","contentUrl":"https:\/\/www.forbes.be\/fr\/wp-content\/uploads\/2025\/03\/6720483751.png","width":958,"height":539,"caption":"dpa\/picture alliance via Getty Images"},{"@type":"BreadcrumbList","@id":"https:\/\/www.forbes.be\/fr\/ue-replique-28-milliards-tarifs-trump\/#breadcrumb","itemListElement":[{"@type":"ListItem","position":1,"name":"Accueil","item":"https:\/\/www.forbes.be\/fr\/"},{"@type":"ListItem","position":2,"name":"L&rsquo;Europe riposte aux \u00c9tats-Unis : l&rsquo;UE pr\u00e9voit 28 milliards de dollars de tarifs en r\u00e9ponse aux taxes de Trump sur l&rsquo;acier et l&rsquo;aluminium"}]},{"@type":"WebSite","@id":"https:\/\/www.forbes.be\/fr\/#website","url":"https:\/\/www.forbes.be\/fr\/","name":"Forbes Belgique","description":"","publisher":{"@id":"https:\/\/www.forbes.be\/fr\/#organization"},"potentialAction":[{"@type":"SearchAction","target":{"@type":"EntryPoint","urlTemplate":"https:\/\/www.forbes.be\/fr\/?s={search_term_string}"},"query-input":{"@type":"PropertyValueSpecification","valueRequired":true,"valueName":"search_term_string"}}],"inLanguage":"fr-FR"},{"@type":"Organization","@id":"https:\/\/www.forbes.be\/fr\/#organization","name":"Forbes Belgique","url":"https:\/\/www.forbes.be\/fr\/","logo":{"@type":"ImageObject","inLanguage":"fr-FR","@id":"https:\/\/www.forbes.be\/fr\/#\/schema\/logo\/image\/","url":"https:\/\/www.forbes.be\/fr\/wp-content\/uploads\/2024\/02\/forbes.be_.png","contentUrl":"https:\/\/www.forbes.be\/fr\/wp-content\/uploads\/2024\/02\/forbes.be_.png","width":1200,"height":675,"caption":"Forbes Belgique"},"image":{"@id":"https:\/\/www.forbes.be\/fr\/#\/schema\/logo\/image\/"},"sameAs":["https:\/\/www.facebook.com\/forbesbelgique\/","https:\/\/www.instagram.com\/Forbes_Belgium","https:\/\/www.linkedin.com\/company\/forbes-belgium\/"]},{"@type":"Person","@id":"https:\/\/www.forbes.be\/fr\/#\/schema\/person\/147c95cac22c7a4a8056e69e1f287b1f","name":"Forbes Belgique","image":{"@type":"ImageObject","inLanguage":"fr-FR","@id":"https:\/\/www.forbes.be\/fr\/wp-content\/uploads\/2024\/01\/forbes-thumb-150x150.jpg","url":"https:\/\/www.forbes.be\/fr\/wp-content\/uploads\/2024\/01\/forbes-thumb-150x150.jpg","contentUrl":"https:\/\/www.forbes.be\/fr\/wp-content\/uploads\/2024\/01\/forbes-thumb-150x150.jpg","caption":"Forbes Belgique"},"url":"https:\/\/www.forbes.be\/fr\/author\/forbes-be\/"}]}},"_links":{"self":[{"href":"https:\/\/www.forbes.be\/fr\/wp-json\/wp\/v2\/posts\/9227","targetHints":{"allow":["GET"]}}],"collection":[{"href":"https:\/\/www.forbes.be\/fr\/wp-json\/wp\/v2\/posts"}],"about":[{"href":"https:\/\/www.forbes.be\/fr\/wp-json\/wp\/v2\/types\/post"}],"author":[{"embeddable":true,"href":"https:\/\/www.forbes.be\/fr\/wp-json\/wp\/v2\/users\/5"}],"replies":[{"embeddable":true,"href":"https:\/\/www.forbes.be\/fr\/wp-json\/wp\/v2\/comments?post=9227"}],"version-history":[{"count":3,"href":"https:\/\/www.forbes.be\/fr\/wp-json\/wp\/v2\/posts\/9227\/revisions"}],"predecessor-version":[{"id":9233,"href":"https:\/\/www.forbes.be\/fr\/wp-json\/wp\/v2\/posts\/9227\/revisions\/9233"}],"wp:featuredmedia":[{"embeddable":true,"href":"https:\/\/www.forbes.be\/fr\/wp-json\/wp\/v2\/media\/9226"}],"wp:attachment":[{"href":"https:\/\/www.forbes.be\/fr\/wp-json\/wp\/v2\/media?parent=9227"}],"wp:term":[{"taxonomy":"category","embeddable":true,"href":"https:\/\/www.forbes.be\/fr\/wp-json\/wp\/v2\/categories?post=9227"},{"taxonomy":"post_tag","embeddable":true,"href":"https:\/\/www.forbes.be\/fr\/wp-json\/wp\/v2\/tags?post=9227"}],"curies":[{"name":"wp","href":"https:\/\/api.w.org\/{rel}","templated":true}]}}