{"id":9341,"date":"2025-03-21T12:45:53","date_gmt":"2025-03-21T11:45:53","guid":{"rendered":"https:\/\/www.forbes.be\/fr\/?p=9341"},"modified":"2025-03-25T12:39:03","modified_gmt":"2025-03-25T11:39:03","slug":"permis-derogatoire-pour-limportant-projet-namurois-le-cote-verre","status":"publish","type":"post","link":"https:\/\/www.forbes.be\/fr\/permis-derogatoire-pour-limportant-projet-namurois-le-cote-verre\/","title":{"rendered":"Permis d\u00e9rogatoire pour l&rsquo;important projet namurois &lsquo;Le C\u00f4t\u00e9 Verre&rsquo;"},"content":{"rendered":"<p><strong>Apr\u00e8s plus de 15 ans de parcours du combattant, le projet immobilier mixte visant \u00e0 reconvertir le quartier L\u00e9opold voisin de la gare de Namur vient de recevoir un permis int\u00e9gr\u00e9 d\u00e9rogatoire de l&rsquo;administration r\u00e9gionale.<\/strong><\/p>\n<p>C&rsquo;est une saga immobili\u00e8re qui occupe promoteur, ville de Namur et riverains depuis plus de 15 ans d\u00e9j\u00e0 et qui gangr\u00e8ne depuis plus longtemps encore la revitalisation de tout le quartier de la gare et des rues adjacentes. Le 10 f\u00e9vrier dernier, le projet aujourd&rsquo;hui port\u00e9 par <strong>Besix RED<\/strong>\u00a0selon les plans du <strong>bureau d&rsquo;architectes<\/strong> fran\u00e7ais <strong>Viguier<\/strong> plusieurs fois remis sur le m\u00e9tier avait connu un \u00e9ni\u00e8me coup d\u2019arr\u00eat suite \u00e0 la d\u00e9cision rendue par le Conseil d\u2019Etat statuant sur un nouveau recours des opposants contre le p\u00e9rim\u00e8tre de remembrement urbain (PRU) d\u00e9cid\u00e9 par les instances communales. Annul\u00e9 par le Conseil d&rsquo;Etat, l&rsquo;octroi de la demande de permis int\u00e9gr\u00e9 alors sur la table ne pouvait plus \u00eatre justifi\u00e9.<\/p>\n<h3>Permis d\u00e9rogatoire sorti de la manche r\u00e9gionale<\/h3>\n<p>Mais aujourd&rsquo;hui, le Coll\u00e8ge de la Ville de Namur, qui continue \u00e0 soutenir le projet bec et ongles, se r\u00e9jouit de l\u2019octroi du permis int\u00e9gr\u00e9 d\u00e9livr\u00e9 par les fonctionnaires r\u00e9gionaux et mart\u00e8le \u00e0 nouveau que <em>\u00ab\u00a0cette d\u00e9cision constitue une avanc\u00e9e d\u00e9cisive dans la concr\u00e9tisation de ce projet vital pour la redynamisation du Nord de la corbeille et du Quartier L\u00e9opold. Il sera \u00e9galement b\u00e9n\u00e9fique pour l\u2019attractivit\u00e9 du centre-ville\u00a0\u00bb<\/em>.<\/p>\n<figure id=\"attachment_9343\" aria-describedby=\"caption-attachment-9343\" style=\"width: 2560px\" class=\"wp-caption alignnone\"><img loading=\"lazy\" decoding=\"async\" class=\"size-full wp-image-9343\" src=\"https:\/\/www.forbes.be\/fr\/wp-content\/uploads\/2025\/03\/quartier-lopold-namur-vue-arienne-02-scaled.jpg\" alt=\"\" width=\"2560\" height=\"1637\" srcset=\"https:\/\/www.forbes.be\/fr\/wp-content\/uploads\/2025\/03\/quartier-lopold-namur-vue-arienne-02-scaled.jpg 2560w, https:\/\/www.forbes.be\/fr\/wp-content\/uploads\/2025\/03\/quartier-lopold-namur-vue-arienne-02-300x192.jpg 300w, https:\/\/www.forbes.be\/fr\/wp-content\/uploads\/2025\/03\/quartier-lopold-namur-vue-arienne-02-1024x655.jpg 1024w, https:\/\/www.forbes.be\/fr\/wp-content\/uploads\/2025\/03\/quartier-lopold-namur-vue-arienne-02-768x491.jpg 768w, https:\/\/www.forbes.be\/fr\/wp-content\/uploads\/2025\/03\/quartier-lopold-namur-vue-arienne-02-1536x982.jpg 1536w, https:\/\/www.forbes.be\/fr\/wp-content\/uploads\/2025\/03\/quartier-lopold-namur-vue-arienne-02-2048x1310.jpg 2048w, https:\/\/www.forbes.be\/fr\/wp-content\/uploads\/2025\/03\/quartier-lopold-namur-vue-arienne-02-696x445.jpg 696w, https:\/\/www.forbes.be\/fr\/wp-content\/uploads\/2025\/03\/quartier-lopold-namur-vue-arienne-02-1068x683.jpg 1068w, https:\/\/www.forbes.be\/fr\/wp-content\/uploads\/2025\/03\/quartier-lopold-namur-vue-arienne-02-1920x1228.jpg 1920w, https:\/\/www.forbes.be\/fr\/wp-content\/uploads\/2025\/03\/quartier-lopold-namur-vue-arienne-02-600x384.jpg 600w\" sizes=\"auto, (max-width: 2560px) 100vw, 2560px\" \/><figcaption id=\"caption-attachment-9343\" class=\"wp-caption-text\">Vue a\u00e9rienne sur l&#8217;emplacement strat\u00e9gique du projet \u00e0 partir du centre urbain. \u00a9Jean-Paul Viguier Architectes<\/figcaption><\/figure>\n<p>L&rsquo;autorisation d\u00e9rogatoire confirm\u00e9e ce vendredi matin risque encore de faire grincer les dents des opposants au projet. Pour rappel, celui-ci comprend l\u2019assainissement du sol, la d\u00e9molition de constructions existantes, la plantation de plus d\u2019une centaine d\u2019arbres, la construction et, bien s\u00fbr, l\u2019exploitation d\u2019un p\u00f4le multifonctionnel. En l&rsquo;\u00e9tat actuel, la derni\u00e8re mouture d\u00e9pos\u00e9e par le promoteur int\u00e8gre une surface commerciale nette de 13.698 m\u00b2, 3.725 m\u00b2 d&rsquo;activit\u00e9s de services et loisirs, 8.421 m\u00b2 de bureaux, 112 logements, 831 emplacements de parking souterrain, la modification et la suppression de voiries communales et l\u2019am\u00e9nagement d\u2019espaces publics en gradins.<\/p>\n<p>Les fonctionnaires r\u00e9gionaux fondent leur d\u00e9cision sur le nouveau Code du D\u00e9veloppement territorial (CoDT): celui-ci permet en effet de d\u00e9roger \u00e0 l\u2019affectation actuelle du plan de secteur en zone d\u2019activit\u00e9 \u00e9conomique mixte autorisant les fonctions commerciales et de bureaux \u00e0 condition d&rsquo;y inclure du logement. Selon les fonctionnaires, qui rel\u00e8vent que la fonction r\u00e9sidentielle ne repr\u00e9sente que 12% du projet et est donc accessoire, le permis d\u2019urbanisme peut \u00eatre octroy\u00e9 en d\u00e9rogation au Plan de secteur car les installations ou les b\u00e2timents existaient avant l\u2019entr\u00e9e en vigueur du plan de secteur et ne subissent que des actes et travaux de transformation, d\u2019agrandissement, de reconstruction.<\/p>\n<figure id=\"attachment_9347\" aria-describedby=\"caption-attachment-9347\" style=\"width: 2560px\" class=\"wp-caption alignnone\"><img loading=\"lazy\" decoding=\"async\" class=\"size-full wp-image-9347\" src=\"https:\/\/www.forbes.be\/fr\/wp-content\/uploads\/2025\/03\/quartier-lopold-namur-vue-04-scaled.jpg\" alt=\"\" width=\"2560\" height=\"1479\" srcset=\"https:\/\/www.forbes.be\/fr\/wp-content\/uploads\/2025\/03\/quartier-lopold-namur-vue-04-scaled.jpg 2560w, https:\/\/www.forbes.be\/fr\/wp-content\/uploads\/2025\/03\/quartier-lopold-namur-vue-04-300x173.jpg 300w, https:\/\/www.forbes.be\/fr\/wp-content\/uploads\/2025\/03\/quartier-lopold-namur-vue-04-1024x592.jpg 1024w, https:\/\/www.forbes.be\/fr\/wp-content\/uploads\/2025\/03\/quartier-lopold-namur-vue-04-768x444.jpg 768w, https:\/\/www.forbes.be\/fr\/wp-content\/uploads\/2025\/03\/quartier-lopold-namur-vue-04-1536x887.jpg 1536w, https:\/\/www.forbes.be\/fr\/wp-content\/uploads\/2025\/03\/quartier-lopold-namur-vue-04-2048x1183.jpg 2048w, https:\/\/www.forbes.be\/fr\/wp-content\/uploads\/2025\/03\/quartier-lopold-namur-vue-04-696x402.jpg 696w, https:\/\/www.forbes.be\/fr\/wp-content\/uploads\/2025\/03\/quartier-lopold-namur-vue-04-1068x617.jpg 1068w, https:\/\/www.forbes.be\/fr\/wp-content\/uploads\/2025\/03\/quartier-lopold-namur-vue-04-1920x1109.jpg 1920w, https:\/\/www.forbes.be\/fr\/wp-content\/uploads\/2025\/03\/quartier-lopold-namur-vue-04-600x347.jpg 600w\" sizes=\"auto, (max-width: 2560px) 100vw, 2560px\" \/><figcaption id=\"caption-attachment-9347\" class=\"wp-caption-text\">L&rsquo;int\u00e9rieur de l&rsquo;\u00eelot mixte est ses circulations douces en gradins. \u00a9Jean-Paul Viguier Architectes<\/figcaption><\/figure>\n<h3>\u00ab\u00a0En phase avec la vision r\u00e9gionale\u00a0\u00bb<\/h3>\n<p>Autre argument de fond avanc\u00e9 par les autorit\u00e9s r\u00e9gionales: le projet se justifie(rait) au regard de l&rsquo;adoption par la Wallonie de sa strat\u00e9gie territoriale wallonne qui vise \u00e0 freiner l\u2019\u00e9talement urbain et \u00e0 redynamiser les centres-villes. \u00ab\u00a0Dans cette logique, le p\u00f4le multifonctionnel vis\u00e9 b\u00e9n\u00e9ficie d\u2019une l\u00e9gitimit\u00e9 renforc\u00e9e\u00a0\u00bb, insiste <strong>St\u00e9phanie Scailquin, l&rsquo;\u00e9chevine de l&rsquo;Urbanisme et de l&rsquo;Am\u00e9nagement du Territoire<\/strong>. Celle-ci ajoute que la premi\u00e8re version du projet, critiqu\u00e9e par l\u2019Observatoire du commerce, a \u00e9t\u00e9 revue en profondeur. \u00ab\u00a0Les ajustements op\u00e9r\u00e9s ont permis de lever les r\u00e9serves \u00e9mises et d&rsquo;obtenir \u00a0la validation du volet commercial par l&rsquo;autorit\u00e9 r\u00e9gionale en charge de ces mati\u00e8res\u00a0\u00bb, ajoute l&rsquo;\u00e9chevine.<\/p>\n","protected":false},"excerpt":{"rendered":"<p>Apr\u00e8s plus de 15 ans de parcours du combattant, le projet immobilier mixte visant \u00e0 reconvertir le quartier L\u00e9opold voisin de la gare de Namur vient de recevoir un permis int\u00e9gr\u00e9 d\u00e9rogatoire de l&rsquo;administration r\u00e9gionale. C&rsquo;est une saga immobili\u00e8re qui occupe promoteur, ville de Namur et riverains depuis plus de 15 ans d\u00e9j\u00e0 et qui [&hellip;]<\/p>\n","protected":false},"author":15,"featured_media":9344,"comment_status":"closed","ping_status":"closed","sticky":false,"template":"","format":"standard","meta":{"_acf_changed":false,"inline_featured_image":false,"footnotes":""},"categories":[1,49,24,31],"tags":[68],"class_list":{"0":"post-9341","1":"post","2":"type-post","3":"status-publish","4":"format-standard","5":"has-post-thumbnail","7":"category-actualite","8":"category-environnement","9":"category-immobilier","10":"category-politique","11":"tag-mu"},"acf":[],"_yoast_wpseo_title":null,"_yoast_wpseo_metadesc":"Apr\u00e8s plus de 15 ans, le projet immobilier mixte visant \u00e0 reconvertir le quartier L\u00e9opold voisin de la gare de Namur re\u00e7oit un permis int\u00e9gr\u00e9 d\u00e9rogatoire de l'administration r\u00e9gionale.","auteur_traducteur":"","yoast_head":"<!-- This site is optimized with the Yoast SEO plugin v27.4 - https:\/\/yoast.com\/product\/yoast-seo-wordpress\/ -->\n<title>Permis d\u00e9rogatoire pour l&#039;important projet namurois &#039;Le C\u00f4t\u00e9 Verre&#039; | Forbes Belgique<\/title>\n<meta name=\"description\" content=\"Apr\u00e8s plus de 15 ans, le projet immobilier mixte visant \u00e0 reconvertir le quartier L\u00e9opold voisin de la gare de Namur re\u00e7oit un permis int\u00e9gr\u00e9 d\u00e9rogatoire de l&#039;administration r\u00e9gionale.\" \/>\n<meta name=\"robots\" content=\"index, follow, max-snippet:-1, max-image-preview:large, max-video-preview:-1\" \/>\n<link rel=\"canonical\" href=\"https:\/\/www.forbes.be\/fr\/permis-derogatoire-pour-limportant-projet-namurois-le-cote-verre\/\" \/>\n<meta property=\"og:locale\" content=\"fr_FR\" \/>\n<meta property=\"og:type\" content=\"article\" \/>\n<meta property=\"og:title\" content=\"Permis d\u00e9rogatoire pour l&#039;important projet namurois &#039;Le C\u00f4t\u00e9 Verre&#039; | Forbes Belgique\" \/>\n<meta property=\"og:description\" content=\"Apr\u00e8s plus de 15 ans, le projet immobilier mixte visant \u00e0 reconvertir le quartier L\u00e9opold voisin de la gare de Namur re\u00e7oit un permis int\u00e9gr\u00e9 d\u00e9rogatoire de l&#039;administration r\u00e9gionale.\" \/>\n<meta property=\"og:url\" content=\"https:\/\/www.forbes.be\/fr\/permis-derogatoire-pour-limportant-projet-namurois-le-cote-verre\/\" \/>\n<meta property=\"og:site_name\" content=\"Forbes Belgique\" \/>\n<meta property=\"article:publisher\" content=\"https:\/\/www.facebook.com\/forbesbelgique\/\" \/>\n<meta property=\"article:published_time\" content=\"2025-03-21T11:45:53+00:00\" \/>\n<meta property=\"article:modified_time\" content=\"2025-03-25T11:39:03+00:00\" \/>\n<meta property=\"og:image\" content=\"https:\/\/www.forbes.be\/fr\/wp-content\/uploads\/2025\/03\/quartier-lopold-namur-vue-01-scaled-e1742902734825.jpg\" \/>\n\t<meta property=\"og:image:width\" content=\"2560\" \/>\n\t<meta property=\"og:image:height\" content=\"1340\" \/>\n\t<meta property=\"og:image:type\" content=\"image\/jpeg\" \/>\n<meta name=\"author\" content=\"Philippe Coul\u00e9e\" \/>\n<meta name=\"twitter:card\" content=\"summary_large_image\" \/>\n<meta name=\"twitter:label1\" content=\"\u00c9crit par\" \/>\n\t<meta name=\"twitter:data1\" content=\"Philippe Coul\u00e9e\" \/>\n\t<meta name=\"twitter:label2\" content=\"Dur\u00e9e de lecture estim\u00e9e\" \/>\n\t<meta name=\"twitter:data2\" content=\"4 minutes\" \/>\n<script type=\"application\/ld+json\" class=\"yoast-schema-graph\">{\"@context\":\"https:\\\/\\\/schema.org\",\"@graph\":[{\"@type\":\"NewsArticle\",\"@id\":\"https:\\\/\\\/www.forbes.be\\\/fr\\\/permis-derogatoire-pour-limportant-projet-namurois-le-cote-verre\\\/#article\",\"isPartOf\":{\"@id\":\"https:\\\/\\\/www.forbes.be\\\/fr\\\/permis-derogatoire-pour-limportant-projet-namurois-le-cote-verre\\\/\"},\"author\":{\"name\":\"Philippe Coul\u00e9e\",\"@id\":\"https:\\\/\\\/www.forbes.be\\\/fr\\\/#\\\/schema\\\/person\\\/22bfc3335e560f4084ef5af17ecdad87\"},\"headline\":\"Permis d\u00e9rogatoire pour l&rsquo;important projet namurois &lsquo;Le C\u00f4t\u00e9 Verre&rsquo;\",\"datePublished\":\"2025-03-21T11:45:53+00:00\",\"dateModified\":\"2025-03-25T11:39:03+00:00\",\"mainEntityOfPage\":{\"@id\":\"https:\\\/\\\/www.forbes.be\\\/fr\\\/permis-derogatoire-pour-limportant-projet-namurois-le-cote-verre\\\/\"},\"wordCount\":670,\"publisher\":{\"@id\":\"https:\\\/\\\/www.forbes.be\\\/fr\\\/#organization\"},\"image\":{\"@id\":\"https:\\\/\\\/www.forbes.be\\\/fr\\\/permis-derogatoire-pour-limportant-projet-namurois-le-cote-verre\\\/#primaryimage\"},\"thumbnailUrl\":\"https:\\\/\\\/www.forbes.be\\\/fr\\\/wp-content\\\/uploads\\\/2025\\\/03\\\/quartier-lopold-namur-vue-01-scaled-e1742902734825.jpg\",\"keywords\":[\"mu\"],\"articleSection\":[\"Actualit\u00e9s\",\"Environnement\",\"Immobilier\",\"Politique\"],\"inLanguage\":\"fr-FR\"},{\"@type\":\"WebPage\",\"@id\":\"https:\\\/\\\/www.forbes.be\\\/fr\\\/permis-derogatoire-pour-limportant-projet-namurois-le-cote-verre\\\/\",\"url\":\"https:\\\/\\\/www.forbes.be\\\/fr\\\/permis-derogatoire-pour-limportant-projet-namurois-le-cote-verre\\\/\",\"name\":\"Permis d\u00e9rogatoire pour l'important projet namurois 'Le C\u00f4t\u00e9 Verre' | Forbes Belgique\",\"isPartOf\":{\"@id\":\"https:\\\/\\\/www.forbes.be\\\/fr\\\/#website\"},\"primaryImageOfPage\":{\"@id\":\"https:\\\/\\\/www.forbes.be\\\/fr\\\/permis-derogatoire-pour-limportant-projet-namurois-le-cote-verre\\\/#primaryimage\"},\"image\":{\"@id\":\"https:\\\/\\\/www.forbes.be\\\/fr\\\/permis-derogatoire-pour-limportant-projet-namurois-le-cote-verre\\\/#primaryimage\"},\"thumbnailUrl\":\"https:\\\/\\\/www.forbes.be\\\/fr\\\/wp-content\\\/uploads\\\/2025\\\/03\\\/quartier-lopold-namur-vue-01-scaled-e1742902734825.jpg\",\"datePublished\":\"2025-03-21T11:45:53+00:00\",\"dateModified\":\"2025-03-25T11:39:03+00:00\",\"description\":\"Apr\u00e8s plus de 15 ans, le projet immobilier mixte visant \u00e0 reconvertir le quartier L\u00e9opold voisin de la gare de Namur re\u00e7oit un permis int\u00e9gr\u00e9 d\u00e9rogatoire de l'administration r\u00e9gionale.\",\"breadcrumb\":{\"@id\":\"https:\\\/\\\/www.forbes.be\\\/fr\\\/permis-derogatoire-pour-limportant-projet-namurois-le-cote-verre\\\/#breadcrumb\"},\"inLanguage\":\"fr-FR\",\"potentialAction\":[{\"@type\":\"ReadAction\",\"target\":[\"https:\\\/\\\/www.forbes.be\\\/fr\\\/permis-derogatoire-pour-limportant-projet-namurois-le-cote-verre\\\/\"]}]},{\"@type\":\"ImageObject\",\"inLanguage\":\"fr-FR\",\"@id\":\"https:\\\/\\\/www.forbes.be\\\/fr\\\/permis-derogatoire-pour-limportant-projet-namurois-le-cote-verre\\\/#primaryimage\",\"url\":\"https:\\\/\\\/www.forbes.be\\\/fr\\\/wp-content\\\/uploads\\\/2025\\\/03\\\/quartier-lopold-namur-vue-01-scaled-e1742902734825.jpg\",\"contentUrl\":\"https:\\\/\\\/www.forbes.be\\\/fr\\\/wp-content\\\/uploads\\\/2025\\\/03\\\/quartier-lopold-namur-vue-01-scaled-e1742902734825.jpg\",\"width\":2560,\"height\":1340,\"caption\":\"\u00a9Jean-Paul Viguier Architectes\"},{\"@type\":\"BreadcrumbList\",\"@id\":\"https:\\\/\\\/www.forbes.be\\\/fr\\\/permis-derogatoire-pour-limportant-projet-namurois-le-cote-verre\\\/#breadcrumb\",\"itemListElement\":[{\"@type\":\"ListItem\",\"position\":1,\"name\":\"Accueil\",\"item\":\"https:\\\/\\\/www.forbes.be\\\/fr\\\/\"},{\"@type\":\"ListItem\",\"position\":2,\"name\":\"Permis d\u00e9rogatoire pour l&rsquo;important projet namurois &lsquo;Le C\u00f4t\u00e9 Verre&rsquo;\"}]},{\"@type\":\"WebSite\",\"@id\":\"https:\\\/\\\/www.forbes.be\\\/fr\\\/#website\",\"url\":\"https:\\\/\\\/www.forbes.be\\\/fr\\\/\",\"name\":\"Forbes Belgique\",\"description\":\"\",\"publisher\":{\"@id\":\"https:\\\/\\\/www.forbes.be\\\/fr\\\/#organization\"},\"potentialAction\":[{\"@type\":\"SearchAction\",\"target\":{\"@type\":\"EntryPoint\",\"urlTemplate\":\"https:\\\/\\\/www.forbes.be\\\/fr\\\/?s={search_term_string}\"},\"query-input\":{\"@type\":\"PropertyValueSpecification\",\"valueRequired\":true,\"valueName\":\"search_term_string\"}}],\"inLanguage\":\"fr-FR\"},{\"@type\":\"Organization\",\"@id\":\"https:\\\/\\\/www.forbes.be\\\/fr\\\/#organization\",\"name\":\"Forbes Belgique\",\"url\":\"https:\\\/\\\/www.forbes.be\\\/fr\\\/\",\"logo\":{\"@type\":\"ImageObject\",\"inLanguage\":\"fr-FR\",\"@id\":\"https:\\\/\\\/www.forbes.be\\\/fr\\\/#\\\/schema\\\/logo\\\/image\\\/\",\"url\":\"https:\\\/\\\/www.forbes.be\\\/fr\\\/wp-content\\\/uploads\\\/2024\\\/02\\\/forbes.be_.png\",\"contentUrl\":\"https:\\\/\\\/www.forbes.be\\\/fr\\\/wp-content\\\/uploads\\\/2024\\\/02\\\/forbes.be_.png\",\"width\":1200,\"height\":675,\"caption\":\"Forbes Belgique\"},\"image\":{\"@id\":\"https:\\\/\\\/www.forbes.be\\\/fr\\\/#\\\/schema\\\/logo\\\/image\\\/\"},\"sameAs\":[\"https:\\\/\\\/www.facebook.com\\\/forbesbelgique\\\/\",\"https:\\\/\\\/www.instagram.com\\\/Forbes_Belgium\",\"https:\\\/\\\/www.linkedin.com\\\/company\\\/forbes-belgium\\\/\"]},{\"@type\":\"Person\",\"@id\":\"https:\\\/\\\/www.forbes.be\\\/fr\\\/#\\\/schema\\\/person\\\/22bfc3335e560f4084ef5af17ecdad87\",\"name\":\"Philippe Coul\u00e9e\",\"image\":{\"@type\":\"ImageObject\",\"inLanguage\":\"fr-FR\",\"@id\":\"https:\\\/\\\/www.forbes.be\\\/fr\\\/wp-content\\\/uploads\\\/2024\\\/01\\\/unnamed-150x150.jpg\",\"url\":\"https:\\\/\\\/www.forbes.be\\\/fr\\\/wp-content\\\/uploads\\\/2024\\\/01\\\/unnamed-150x150.jpg\",\"contentUrl\":\"https:\\\/\\\/www.forbes.be\\\/fr\\\/wp-content\\\/uploads\\\/2024\\\/01\\\/unnamed-150x150.jpg\",\"caption\":\"Philippe Coul\u00e9e\"},\"url\":\"https:\\\/\\\/www.forbes.be\\\/fr\\\/author\\\/philippe-couleeicloud-com\\\/\"}]}<\/script>\n<!-- \/ Yoast SEO plugin. -->","yoast_head_json":{"title":"Permis d\u00e9rogatoire pour l'important projet namurois 'Le C\u00f4t\u00e9 Verre' | Forbes Belgique","description":"Apr\u00e8s plus de 15 ans, le projet immobilier mixte visant \u00e0 reconvertir le quartier L\u00e9opold voisin de la gare de Namur re\u00e7oit un permis int\u00e9gr\u00e9 d\u00e9rogatoire de l'administration r\u00e9gionale.","robots":{"index":"index","follow":"follow","max-snippet":"max-snippet:-1","max-image-preview":"max-image-preview:large","max-video-preview":"max-video-preview:-1"},"canonical":"https:\/\/www.forbes.be\/fr\/permis-derogatoire-pour-limportant-projet-namurois-le-cote-verre\/","og_locale":"fr_FR","og_type":"article","og_title":"Permis d\u00e9rogatoire pour l'important projet namurois 'Le C\u00f4t\u00e9 Verre' | Forbes Belgique","og_description":"Apr\u00e8s plus de 15 ans, le projet immobilier mixte visant \u00e0 reconvertir le quartier L\u00e9opold voisin de la gare de Namur re\u00e7oit un permis int\u00e9gr\u00e9 d\u00e9rogatoire de l'administration r\u00e9gionale.","og_url":"https:\/\/www.forbes.be\/fr\/permis-derogatoire-pour-limportant-projet-namurois-le-cote-verre\/","og_site_name":"Forbes Belgique","article_publisher":"https:\/\/www.facebook.com\/forbesbelgique\/","article_published_time":"2025-03-21T11:45:53+00:00","article_modified_time":"2025-03-25T11:39:03+00:00","og_image":[{"width":2560,"height":1340,"url":"https:\/\/www.forbes.be\/fr\/wp-content\/uploads\/2025\/03\/quartier-lopold-namur-vue-01-scaled-e1742902734825.jpg","type":"image\/jpeg"}],"author":"Philippe Coul\u00e9e","twitter_card":"summary_large_image","twitter_misc":{"\u00c9crit par":"Philippe Coul\u00e9e","Dur\u00e9e de lecture estim\u00e9e":"4 minutes"},"schema":{"@context":"https:\/\/schema.org","@graph":[{"@type":"NewsArticle","@id":"https:\/\/www.forbes.be\/fr\/permis-derogatoire-pour-limportant-projet-namurois-le-cote-verre\/#article","isPartOf":{"@id":"https:\/\/www.forbes.be\/fr\/permis-derogatoire-pour-limportant-projet-namurois-le-cote-verre\/"},"author":{"name":"Philippe Coul\u00e9e","@id":"https:\/\/www.forbes.be\/fr\/#\/schema\/person\/22bfc3335e560f4084ef5af17ecdad87"},"headline":"Permis d\u00e9rogatoire pour l&rsquo;important projet namurois &lsquo;Le C\u00f4t\u00e9 Verre&rsquo;","datePublished":"2025-03-21T11:45:53+00:00","dateModified":"2025-03-25T11:39:03+00:00","mainEntityOfPage":{"@id":"https:\/\/www.forbes.be\/fr\/permis-derogatoire-pour-limportant-projet-namurois-le-cote-verre\/"},"wordCount":670,"publisher":{"@id":"https:\/\/www.forbes.be\/fr\/#organization"},"image":{"@id":"https:\/\/www.forbes.be\/fr\/permis-derogatoire-pour-limportant-projet-namurois-le-cote-verre\/#primaryimage"},"thumbnailUrl":"https:\/\/www.forbes.be\/fr\/wp-content\/uploads\/2025\/03\/quartier-lopold-namur-vue-01-scaled-e1742902734825.jpg","keywords":["mu"],"articleSection":["Actualit\u00e9s","Environnement","Immobilier","Politique"],"inLanguage":"fr-FR"},{"@type":"WebPage","@id":"https:\/\/www.forbes.be\/fr\/permis-derogatoire-pour-limportant-projet-namurois-le-cote-verre\/","url":"https:\/\/www.forbes.be\/fr\/permis-derogatoire-pour-limportant-projet-namurois-le-cote-verre\/","name":"Permis d\u00e9rogatoire pour l'important projet namurois 'Le C\u00f4t\u00e9 Verre' | Forbes Belgique","isPartOf":{"@id":"https:\/\/www.forbes.be\/fr\/#website"},"primaryImageOfPage":{"@id":"https:\/\/www.forbes.be\/fr\/permis-derogatoire-pour-limportant-projet-namurois-le-cote-verre\/#primaryimage"},"image":{"@id":"https:\/\/www.forbes.be\/fr\/permis-derogatoire-pour-limportant-projet-namurois-le-cote-verre\/#primaryimage"},"thumbnailUrl":"https:\/\/www.forbes.be\/fr\/wp-content\/uploads\/2025\/03\/quartier-lopold-namur-vue-01-scaled-e1742902734825.jpg","datePublished":"2025-03-21T11:45:53+00:00","dateModified":"2025-03-25T11:39:03+00:00","description":"Apr\u00e8s plus de 15 ans, le projet immobilier mixte visant \u00e0 reconvertir le quartier L\u00e9opold voisin de la gare de Namur re\u00e7oit un permis int\u00e9gr\u00e9 d\u00e9rogatoire de l'administration r\u00e9gionale.","breadcrumb":{"@id":"https:\/\/www.forbes.be\/fr\/permis-derogatoire-pour-limportant-projet-namurois-le-cote-verre\/#breadcrumb"},"inLanguage":"fr-FR","potentialAction":[{"@type":"ReadAction","target":["https:\/\/www.forbes.be\/fr\/permis-derogatoire-pour-limportant-projet-namurois-le-cote-verre\/"]}]},{"@type":"ImageObject","inLanguage":"fr-FR","@id":"https:\/\/www.forbes.be\/fr\/permis-derogatoire-pour-limportant-projet-namurois-le-cote-verre\/#primaryimage","url":"https:\/\/www.forbes.be\/fr\/wp-content\/uploads\/2025\/03\/quartier-lopold-namur-vue-01-scaled-e1742902734825.jpg","contentUrl":"https:\/\/www.forbes.be\/fr\/wp-content\/uploads\/2025\/03\/quartier-lopold-namur-vue-01-scaled-e1742902734825.jpg","width":2560,"height":1340,"caption":"\u00a9Jean-Paul Viguier Architectes"},{"@type":"BreadcrumbList","@id":"https:\/\/www.forbes.be\/fr\/permis-derogatoire-pour-limportant-projet-namurois-le-cote-verre\/#breadcrumb","itemListElement":[{"@type":"ListItem","position":1,"name":"Accueil","item":"https:\/\/www.forbes.be\/fr\/"},{"@type":"ListItem","position":2,"name":"Permis d\u00e9rogatoire pour l&rsquo;important projet namurois &lsquo;Le C\u00f4t\u00e9 Verre&rsquo;"}]},{"@type":"WebSite","@id":"https:\/\/www.forbes.be\/fr\/#website","url":"https:\/\/www.forbes.be\/fr\/","name":"Forbes Belgique","description":"","publisher":{"@id":"https:\/\/www.forbes.be\/fr\/#organization"},"potentialAction":[{"@type":"SearchAction","target":{"@type":"EntryPoint","urlTemplate":"https:\/\/www.forbes.be\/fr\/?s={search_term_string}"},"query-input":{"@type":"PropertyValueSpecification","valueRequired":true,"valueName":"search_term_string"}}],"inLanguage":"fr-FR"},{"@type":"Organization","@id":"https:\/\/www.forbes.be\/fr\/#organization","name":"Forbes Belgique","url":"https:\/\/www.forbes.be\/fr\/","logo":{"@type":"ImageObject","inLanguage":"fr-FR","@id":"https:\/\/www.forbes.be\/fr\/#\/schema\/logo\/image\/","url":"https:\/\/www.forbes.be\/fr\/wp-content\/uploads\/2024\/02\/forbes.be_.png","contentUrl":"https:\/\/www.forbes.be\/fr\/wp-content\/uploads\/2024\/02\/forbes.be_.png","width":1200,"height":675,"caption":"Forbes Belgique"},"image":{"@id":"https:\/\/www.forbes.be\/fr\/#\/schema\/logo\/image\/"},"sameAs":["https:\/\/www.facebook.com\/forbesbelgique\/","https:\/\/www.instagram.com\/Forbes_Belgium","https:\/\/www.linkedin.com\/company\/forbes-belgium\/"]},{"@type":"Person","@id":"https:\/\/www.forbes.be\/fr\/#\/schema\/person\/22bfc3335e560f4084ef5af17ecdad87","name":"Philippe Coul\u00e9e","image":{"@type":"ImageObject","inLanguage":"fr-FR","@id":"https:\/\/www.forbes.be\/fr\/wp-content\/uploads\/2024\/01\/unnamed-150x150.jpg","url":"https:\/\/www.forbes.be\/fr\/wp-content\/uploads\/2024\/01\/unnamed-150x150.jpg","contentUrl":"https:\/\/www.forbes.be\/fr\/wp-content\/uploads\/2024\/01\/unnamed-150x150.jpg","caption":"Philippe Coul\u00e9e"},"url":"https:\/\/www.forbes.be\/fr\/author\/philippe-couleeicloud-com\/"}]}},"_links":{"self":[{"href":"https:\/\/www.forbes.be\/fr\/wp-json\/wp\/v2\/posts\/9341","targetHints":{"allow":["GET"]}}],"collection":[{"href":"https:\/\/www.forbes.be\/fr\/wp-json\/wp\/v2\/posts"}],"about":[{"href":"https:\/\/www.forbes.be\/fr\/wp-json\/wp\/v2\/types\/post"}],"author":[{"embeddable":true,"href":"https:\/\/www.forbes.be\/fr\/wp-json\/wp\/v2\/users\/15"}],"replies":[{"embeddable":true,"href":"https:\/\/www.forbes.be\/fr\/wp-json\/wp\/v2\/comments?post=9341"}],"version-history":[{"count":2,"href":"https:\/\/www.forbes.be\/fr\/wp-json\/wp\/v2\/posts\/9341\/revisions"}],"predecessor-version":[{"id":9351,"href":"https:\/\/www.forbes.be\/fr\/wp-json\/wp\/v2\/posts\/9341\/revisions\/9351"}],"wp:featuredmedia":[{"embeddable":true,"href":"https:\/\/www.forbes.be\/fr\/wp-json\/wp\/v2\/media\/9344"}],"wp:attachment":[{"href":"https:\/\/www.forbes.be\/fr\/wp-json\/wp\/v2\/media?parent=9341"}],"wp:term":[{"taxonomy":"category","embeddable":true,"href":"https:\/\/www.forbes.be\/fr\/wp-json\/wp\/v2\/categories?post=9341"},{"taxonomy":"post_tag","embeddable":true,"href":"https:\/\/www.forbes.be\/fr\/wp-json\/wp\/v2\/tags?post=9341"}],"curies":[{"name":"wp","href":"https:\/\/api.w.org\/{rel}","templated":true}]}}