{"id":9359,"date":"2025-03-21T18:04:02","date_gmt":"2025-03-21T17:04:02","guid":{"rendered":"https:\/\/www.forbes.be\/fr\/?p=9359"},"modified":"2025-03-26T12:16:14","modified_gmt":"2025-03-26T11:16:14","slug":"les-panneaux-photovoltaiques-do-it-yourself-vont-fleurir-avec-le-printemps","status":"publish","type":"post","link":"https:\/\/www.forbes.be\/fr\/les-panneaux-photovoltaiques-do-it-yourself-vont-fleurir-avec-le-printemps\/","title":{"rendered":"Les panneaux photovolta\u00efques \u00ab\u00a0plug&#038;play\u00a0\u00bb vont fleurir avec le printemps"},"content":{"rendered":"<p style=\"font-weight: 400;\"><strong>La firme wallonne Belga Solar est une des premi\u00e8res \u00e0 lancer le printemps photovolta\u00efque et \u00e0 annoncer la commercialisation de ses stations solaires \u00abPlug&amp;Play\u00bb d\u00e8s le 17 avril prochain. <\/strong><\/p>\n<p style=\"font-weight: 400;\"><em>\u00ab C\u2019est du Made In Belgium! \u00bb<\/em>, annonce la publicit\u00e9 de <a href=\"https:\/\/belgasolar.com\/installations-particuliers\/nos-services\/installation-photovoltaique-particuliers\/\">Belga Solar<\/a>, l\u2019entreprise wallonne d\u2019assemblage de panneaux photovolota\u00efques de qualit\u00e9 implant\u00e9 \u00e0 Baillonville (Marche-en-Famenne). On corrigera au passage pour pr\u00e9ciser que les principaux composites sont chinois et que c\u2019est l\u2019assemblage et la commercialisation finale qui sont bien wallons. Ces trois derni\u00e8res ann\u00e9es, plus de 100.000 panneaux sont sortis des lignes de production de la jeune entreprise. Et depuis 2021, gr\u00e2ce \u00e0 d\u2019importants investissements, la capacit\u00e9 de production a \u00e9t\u00e9 multipli\u00e9e par cinq.<\/p>\n<p style=\"font-weight: 400;\">Fort de ses nouvelles lignes d&rsquo;assemblage, Belga Solar, qui se proclame <em>\u00ab seul fabricant belge de panneaux solaires \u00bb<\/em>, est parmi les premiers \u00e0 profiter sans plus attendre de la nouvelle r\u00e9glementation valid\u00e9e pour lancer officiellement la vente de ses stations solaires \u00ab\u00a0Plug&amp;Play\u00a0\u00bb Smart et Premium, des solutions simples qui permettent aux particuliers d\u2019installer facilement et de produire leur propre \u00e9lectricit\u00e9 domestique (limit\u00e9e).<\/p>\n<p style=\"font-weight: 400;\"><a href=\"https:\/\/www.synergrid.be\/fr\/news-centre\/press-room\/homepage\/a-partir-du-17-04-2025-les-appareils-plug-play-pourront-etre-raccordes-en-belgique\"><strong>\u00c0 partir du 17 avril prochain en effet<\/strong><\/a>, la l\u00e9gislation belge autorise enfin officiellement, apr\u00e8s d\u2019autres Etats europ\u00e9ens, l\u2019utilisation des stations solaires homologu\u00e9es qui d\u00e9mocratisent l\u2019autoconsommation d\u2019\u00e9nergie et qui se branchent dans une simple prise \u00e9lectrique. Chaque foyer pourra donc d\u00e9sormais r\u00e9duire sa d\u00e9pendance au r\u00e9seau \u00e9lectrique existant et all\u00e9ger en partie ses factures d\u2019\u00e9lectricit\u00e9 sans installation complexe install\u00e9e par un professionnel ni d\u00e9marche administrative \u00e0 g\u00e9om\u00e9trie variable.<\/p>\n<h2 style=\"font-weight: 400;\">Solution adapt\u00e9e au march\u00e9 wallon<\/h2>\n<p style=\"font-weight: 400;\"><img loading=\"lazy\" decoding=\"async\" class=\"alignnone size-full wp-image-9361\" src=\"https:\/\/www.forbes.be\/fr\/wp-content\/uploads\/2025\/03\/capture-decran-2025-03-21-a-174946.png\" alt=\"\" width=\"1128\" height=\"1862\" srcset=\"https:\/\/www.forbes.be\/fr\/wp-content\/uploads\/2025\/03\/capture-decran-2025-03-21-a-174946.png 1128w, https:\/\/www.forbes.be\/fr\/wp-content\/uploads\/2025\/03\/capture-decran-2025-03-21-a-174946-182x300.png 182w, https:\/\/www.forbes.be\/fr\/wp-content\/uploads\/2025\/03\/capture-decran-2025-03-21-a-174946-620x1024.png 620w, https:\/\/www.forbes.be\/fr\/wp-content\/uploads\/2025\/03\/capture-decran-2025-03-21-a-174946-768x1268.png 768w, https:\/\/www.forbes.be\/fr\/wp-content\/uploads\/2025\/03\/capture-decran-2025-03-21-a-174946-931x1536.png 931w, https:\/\/www.forbes.be\/fr\/wp-content\/uploads\/2025\/03\/capture-decran-2025-03-21-a-174946-696x1149.png 696w, https:\/\/www.forbes.be\/fr\/wp-content\/uploads\/2025\/03\/capture-decran-2025-03-21-a-174946-1068x1763.png 1068w, https:\/\/www.forbes.be\/fr\/wp-content\/uploads\/2025\/03\/capture-decran-2025-03-21-a-174946-600x990.png 600w\" sizes=\"auto, (max-width: 1128px) 100vw, 1128px\" \/>Les nouvelles stations individuelles homologu\u00e9es de Belga Solar ont \u00e9t\u00e9 d\u00e9velopp\u00e9es pour coller aux exigences r\u00e9glementaires en vigueur en Belgique et respecter les pr\u00e9conisations europ\u00e9ennes de 800 watts cr\u00eate (wc) -soit la puissance maximale th\u00e9orique de l\u2019installation- afin de garantir une int\u00e9gration harmonieuse au r\u00e9seau \u00e9lectrique existant moyennant installation technique r\u00e9glementaire.<\/p>\n<p style=\"font-weight: 400;\">Le syst\u00e8me basique <strong>Smart<\/strong>, le plus \u00e9conomique, est \u00e9quip\u00e9 d\u2019un panneau solaire monocristallin et convient \u00e0 celles et ceux qui souhaitent une premi\u00e8re exp\u00e9rience simple et efficace avec l\u2019\u00e9nergie solaire.\u200b Le syst\u00e8me <strong>Premium<\/strong> est quant \u00e0 lui dot\u00e9 de deux panneaux solaires monocristallins offrant une puissance de 800wc, variable selon les al\u00e9as du temps et l\u2019orientation.<\/p>\n<p style=\"font-weight: 400;\">Selon Belga Solar, ces deux mini-stations domestiques (micro-onduleurs compris) permettent de r\u00e9duire la consommation \u00e9lectrique <strong>jusqu\u2019\u00e0 30%<\/strong> en alimentant directement les appareils \u00e9lectriques du foyer, sans batterie ni renforcement du tableau \u00e9lectrique existant. \u00abEt cinq minutes suffisent pour brancher le syst\u00e8me sur une terrasse, dans un jardin ou sur un toit plat\u00bb, assurent les concepteurs qui promettent une \u00e9conomie annuelle estim\u00e9e \u00e0 250 euros et un amortissement de l\u2019installation en seulement 3 \u00e0 5 ans alors que celle-ci est garantie en th\u00e9orie pr\u00e8s de 25 ans. Un rapide calcul permet d\u2019\u00e9valuer le montant de l\u2019investissement initial entre 750 et 1.250 euros.\u200b<\/p>\n<h3>March\u00e9 florissant en vue<\/h3>\n<p style=\"font-weight: 400;\">D\u2019autres produits comparables incurv\u00e9s ou plats sont commercialis\u00e9s par Lidl, Vandenborre et MediaMarkt (Ecoflow) ou Hubo. Les prix de d\u00e9part varient entre 199 (Parkside, 150wc) et 549 euros (400wc). Amazon commercialise d\u00e9j\u00e0 une centrale \u00e9lectrique pour balcon produite en Allemagne (PaketAG) de 2.000wc (4 modules de 440w) avec onduleur r\u00e9glable jusqu\u2019\u00e0 600w pour 639 euros.<\/p>\n<p style=\"font-weight: 400;\">Nul doute que la concurrence va faire rage d\u00e8s les prochains premiers beaux jours. Mais attention \u00e0 acheter une installation qui reste dans les clous de la r\u00e9glementation belge, histoire d\u2019\u00eatre couvert par les assurances en cas de probl\u00e8me.<\/p>\n","protected":false},"excerpt":{"rendered":"<p>La firme wallonne Belga Solar est une des premi\u00e8res \u00e0 lancer le printemps photovolta\u00efque et \u00e0 annoncer la commercialisation de ses stations solaires \u00abPlug&amp;Play\u00bb d\u00e8s le 17 avril prochain. \u00ab C\u2019est du Made In Belgium! \u00bb, annonce la publicit\u00e9 de Belga Solar, l\u2019entreprise wallonne d\u2019assemblage de panneaux photovolota\u00efques de qualit\u00e9 implant\u00e9 \u00e0 Baillonville (Marche-en-Famenne). On [&hellip;]<\/p>\n","protected":false},"author":15,"featured_media":9360,"comment_status":"closed","ping_status":"closed","sticky":false,"template":"","format":"standard","meta":{"_acf_changed":false,"inline_featured_image":false,"footnotes":""},"categories":[1,30,49,24,14],"tags":[],"class_list":{"0":"post-9359","1":"post","2":"type-post","3":"status-publish","4":"format-standard","5":"has-post-thumbnail","7":"category-actualite","8":"category-commerce","9":"category-environnement","10":"category-immobilier","11":"category-innovation"},"acf":[],"_yoast_wpseo_title":null,"_yoast_wpseo_metadesc":"Belga Solar est une des premi\u00e8res \u00e0 lancer le printemps photovolta\u00efque et \u00e0 annoncer la commercialisation de ses premi\u00e8res stations solaires \u00abPlug&Play\u00bb.","auteur_traducteur":"","yoast_head":"<!-- This site is optimized with the Yoast SEO plugin v27.4 - https:\/\/yoast.com\/product\/yoast-seo-wordpress\/ -->\n<title>Les panneaux photovolta\u00efques &quot;plug&amp;play&quot; vont fleurir avec le printemps | Forbes Belgique<\/title>\n<meta name=\"description\" content=\"Belga Solar est une des premi\u00e8res \u00e0 lancer le printemps photovolta\u00efque et \u00e0 annoncer la commercialisation de ses premi\u00e8res stations solaires \u00abPlug&amp;Play\u00bb.\" \/>\n<meta name=\"robots\" content=\"index, follow, max-snippet:-1, max-image-preview:large, max-video-preview:-1\" \/>\n<link rel=\"canonical\" href=\"https:\/\/www.forbes.be\/fr\/les-panneaux-photovoltaiques-do-it-yourself-vont-fleurir-avec-le-printemps\/\" \/>\n<meta property=\"og:locale\" content=\"fr_FR\" \/>\n<meta property=\"og:type\" content=\"article\" \/>\n<meta property=\"og:title\" content=\"Les panneaux photovolta\u00efques &quot;plug&amp;play&quot; vont fleurir avec le printemps | Forbes Belgique\" \/>\n<meta property=\"og:description\" content=\"Belga Solar est une des premi\u00e8res \u00e0 lancer le printemps photovolta\u00efque et \u00e0 annoncer la commercialisation de ses premi\u00e8res stations solaires \u00abPlug&amp;Play\u00bb.\" \/>\n<meta property=\"og:url\" content=\"https:\/\/www.forbes.be\/fr\/les-panneaux-photovoltaiques-do-it-yourself-vont-fleurir-avec-le-printemps\/\" \/>\n<meta property=\"og:site_name\" content=\"Forbes Belgique\" \/>\n<meta property=\"article:publisher\" content=\"https:\/\/www.facebook.com\/forbesbelgique\/\" \/>\n<meta property=\"article:published_time\" content=\"2025-03-21T17:04:02+00:00\" \/>\n<meta property=\"article:modified_time\" content=\"2025-03-26T11:16:14+00:00\" \/>\n<meta property=\"og:image\" content=\"https:\/\/www.forbes.be\/fr\/wp-content\/uploads\/2025\/03\/capture-decran-2025-03-21-a-175019-e1742902639313-1024x536.png\" \/>\n\t<meta property=\"og:image:width\" content=\"1024\" \/>\n\t<meta property=\"og:image:height\" content=\"536\" \/>\n\t<meta property=\"og:image:type\" content=\"image\/png\" \/>\n<meta name=\"author\" content=\"Philippe Coul\u00e9e\" \/>\n<meta name=\"twitter:card\" content=\"summary_large_image\" \/>\n<meta name=\"twitter:label1\" content=\"\u00c9crit par\" \/>\n\t<meta name=\"twitter:data1\" content=\"Philippe Coul\u00e9e\" \/>\n\t<meta name=\"twitter:label2\" content=\"Dur\u00e9e de lecture estim\u00e9e\" \/>\n\t<meta name=\"twitter:data2\" content=\"4 minutes\" \/>\n<script type=\"application\/ld+json\" class=\"yoast-schema-graph\">{\"@context\":\"https:\\\/\\\/schema.org\",\"@graph\":[{\"@type\":\"NewsArticle\",\"@id\":\"https:\\\/\\\/www.forbes.be\\\/fr\\\/les-panneaux-photovoltaiques-do-it-yourself-vont-fleurir-avec-le-printemps\\\/#article\",\"isPartOf\":{\"@id\":\"https:\\\/\\\/www.forbes.be\\\/fr\\\/les-panneaux-photovoltaiques-do-it-yourself-vont-fleurir-avec-le-printemps\\\/\"},\"author\":{\"name\":\"Philippe Coul\u00e9e\",\"@id\":\"https:\\\/\\\/www.forbes.be\\\/fr\\\/#\\\/schema\\\/person\\\/22bfc3335e560f4084ef5af17ecdad87\"},\"headline\":\"Les panneaux photovolta\u00efques \u00ab\u00a0plug&#038;play\u00a0\u00bb vont fleurir avec le printemps\",\"datePublished\":\"2025-03-21T17:04:02+00:00\",\"dateModified\":\"2025-03-26T11:16:14+00:00\",\"mainEntityOfPage\":{\"@id\":\"https:\\\/\\\/www.forbes.be\\\/fr\\\/les-panneaux-photovoltaiques-do-it-yourself-vont-fleurir-avec-le-printemps\\\/\"},\"wordCount\":614,\"publisher\":{\"@id\":\"https:\\\/\\\/www.forbes.be\\\/fr\\\/#organization\"},\"image\":{\"@id\":\"https:\\\/\\\/www.forbes.be\\\/fr\\\/les-panneaux-photovoltaiques-do-it-yourself-vont-fleurir-avec-le-printemps\\\/#primaryimage\"},\"thumbnailUrl\":\"https:\\\/\\\/www.forbes.be\\\/fr\\\/wp-content\\\/uploads\\\/2025\\\/03\\\/capture-decran-2025-03-21-a-175019-e1742902639313.png\",\"articleSection\":[\"Actualit\u00e9s\",\"Commerce\",\"Environnement\",\"Immobilier\",\"Innovation\"],\"inLanguage\":\"fr-FR\"},{\"@type\":\"WebPage\",\"@id\":\"https:\\\/\\\/www.forbes.be\\\/fr\\\/les-panneaux-photovoltaiques-do-it-yourself-vont-fleurir-avec-le-printemps\\\/\",\"url\":\"https:\\\/\\\/www.forbes.be\\\/fr\\\/les-panneaux-photovoltaiques-do-it-yourself-vont-fleurir-avec-le-printemps\\\/\",\"name\":\"Les panneaux photovolta\u00efques \\\"plug&play\\\" vont fleurir avec le printemps | Forbes Belgique\",\"isPartOf\":{\"@id\":\"https:\\\/\\\/www.forbes.be\\\/fr\\\/#website\"},\"primaryImageOfPage\":{\"@id\":\"https:\\\/\\\/www.forbes.be\\\/fr\\\/les-panneaux-photovoltaiques-do-it-yourself-vont-fleurir-avec-le-printemps\\\/#primaryimage\"},\"image\":{\"@id\":\"https:\\\/\\\/www.forbes.be\\\/fr\\\/les-panneaux-photovoltaiques-do-it-yourself-vont-fleurir-avec-le-printemps\\\/#primaryimage\"},\"thumbnailUrl\":\"https:\\\/\\\/www.forbes.be\\\/fr\\\/wp-content\\\/uploads\\\/2025\\\/03\\\/capture-decran-2025-03-21-a-175019-e1742902639313.png\",\"datePublished\":\"2025-03-21T17:04:02+00:00\",\"dateModified\":\"2025-03-26T11:16:14+00:00\",\"description\":\"Belga Solar est une des premi\u00e8res \u00e0 lancer le printemps photovolta\u00efque et \u00e0 annoncer la commercialisation de ses premi\u00e8res stations solaires \u00abPlug&Play\u00bb.\",\"breadcrumb\":{\"@id\":\"https:\\\/\\\/www.forbes.be\\\/fr\\\/les-panneaux-photovoltaiques-do-it-yourself-vont-fleurir-avec-le-printemps\\\/#breadcrumb\"},\"inLanguage\":\"fr-FR\",\"potentialAction\":[{\"@type\":\"ReadAction\",\"target\":[\"https:\\\/\\\/www.forbes.be\\\/fr\\\/les-panneaux-photovoltaiques-do-it-yourself-vont-fleurir-avec-le-printemps\\\/\"]}]},{\"@type\":\"ImageObject\",\"inLanguage\":\"fr-FR\",\"@id\":\"https:\\\/\\\/www.forbes.be\\\/fr\\\/les-panneaux-photovoltaiques-do-it-yourself-vont-fleurir-avec-le-printemps\\\/#primaryimage\",\"url\":\"https:\\\/\\\/www.forbes.be\\\/fr\\\/wp-content\\\/uploads\\\/2025\\\/03\\\/capture-decran-2025-03-21-a-175019-e1742902639313.png\",\"contentUrl\":\"https:\\\/\\\/www.forbes.be\\\/fr\\\/wp-content\\\/uploads\\\/2025\\\/03\\\/capture-decran-2025-03-21-a-175019-e1742902639313.png\",\"width\":2386,\"height\":1250},{\"@type\":\"BreadcrumbList\",\"@id\":\"https:\\\/\\\/www.forbes.be\\\/fr\\\/les-panneaux-photovoltaiques-do-it-yourself-vont-fleurir-avec-le-printemps\\\/#breadcrumb\",\"itemListElement\":[{\"@type\":\"ListItem\",\"position\":1,\"name\":\"Accueil\",\"item\":\"https:\\\/\\\/www.forbes.be\\\/fr\\\/\"},{\"@type\":\"ListItem\",\"position\":2,\"name\":\"Les panneaux photovolta\u00efques \u00ab\u00a0plug&#038;play\u00a0\u00bb vont fleurir avec le printemps\"}]},{\"@type\":\"WebSite\",\"@id\":\"https:\\\/\\\/www.forbes.be\\\/fr\\\/#website\",\"url\":\"https:\\\/\\\/www.forbes.be\\\/fr\\\/\",\"name\":\"Forbes Belgique\",\"description\":\"\",\"publisher\":{\"@id\":\"https:\\\/\\\/www.forbes.be\\\/fr\\\/#organization\"},\"potentialAction\":[{\"@type\":\"SearchAction\",\"target\":{\"@type\":\"EntryPoint\",\"urlTemplate\":\"https:\\\/\\\/www.forbes.be\\\/fr\\\/?s={search_term_string}\"},\"query-input\":{\"@type\":\"PropertyValueSpecification\",\"valueRequired\":true,\"valueName\":\"search_term_string\"}}],\"inLanguage\":\"fr-FR\"},{\"@type\":\"Organization\",\"@id\":\"https:\\\/\\\/www.forbes.be\\\/fr\\\/#organization\",\"name\":\"Forbes Belgique\",\"url\":\"https:\\\/\\\/www.forbes.be\\\/fr\\\/\",\"logo\":{\"@type\":\"ImageObject\",\"inLanguage\":\"fr-FR\",\"@id\":\"https:\\\/\\\/www.forbes.be\\\/fr\\\/#\\\/schema\\\/logo\\\/image\\\/\",\"url\":\"https:\\\/\\\/www.forbes.be\\\/fr\\\/wp-content\\\/uploads\\\/2024\\\/02\\\/forbes.be_.png\",\"contentUrl\":\"https:\\\/\\\/www.forbes.be\\\/fr\\\/wp-content\\\/uploads\\\/2024\\\/02\\\/forbes.be_.png\",\"width\":1200,\"height\":675,\"caption\":\"Forbes Belgique\"},\"image\":{\"@id\":\"https:\\\/\\\/www.forbes.be\\\/fr\\\/#\\\/schema\\\/logo\\\/image\\\/\"},\"sameAs\":[\"https:\\\/\\\/www.facebook.com\\\/forbesbelgique\\\/\",\"https:\\\/\\\/www.instagram.com\\\/Forbes_Belgium\",\"https:\\\/\\\/www.linkedin.com\\\/company\\\/forbes-belgium\\\/\"]},{\"@type\":\"Person\",\"@id\":\"https:\\\/\\\/www.forbes.be\\\/fr\\\/#\\\/schema\\\/person\\\/22bfc3335e560f4084ef5af17ecdad87\",\"name\":\"Philippe Coul\u00e9e\",\"image\":{\"@type\":\"ImageObject\",\"inLanguage\":\"fr-FR\",\"@id\":\"https:\\\/\\\/www.forbes.be\\\/fr\\\/wp-content\\\/uploads\\\/2024\\\/01\\\/unnamed-150x150.jpg\",\"url\":\"https:\\\/\\\/www.forbes.be\\\/fr\\\/wp-content\\\/uploads\\\/2024\\\/01\\\/unnamed-150x150.jpg\",\"contentUrl\":\"https:\\\/\\\/www.forbes.be\\\/fr\\\/wp-content\\\/uploads\\\/2024\\\/01\\\/unnamed-150x150.jpg\",\"caption\":\"Philippe Coul\u00e9e\"},\"url\":\"https:\\\/\\\/www.forbes.be\\\/fr\\\/author\\\/philippe-couleeicloud-com\\\/\"}]}<\/script>\n<!-- \/ Yoast SEO plugin. -->","yoast_head_json":{"title":"Les panneaux photovolta\u00efques \"plug&play\" vont fleurir avec le printemps | Forbes Belgique","description":"Belga Solar est une des premi\u00e8res \u00e0 lancer le printemps photovolta\u00efque et \u00e0 annoncer la commercialisation de ses premi\u00e8res stations solaires \u00abPlug&Play\u00bb.","robots":{"index":"index","follow":"follow","max-snippet":"max-snippet:-1","max-image-preview":"max-image-preview:large","max-video-preview":"max-video-preview:-1"},"canonical":"https:\/\/www.forbes.be\/fr\/les-panneaux-photovoltaiques-do-it-yourself-vont-fleurir-avec-le-printemps\/","og_locale":"fr_FR","og_type":"article","og_title":"Les panneaux photovolta\u00efques \"plug&play\" vont fleurir avec le printemps | Forbes Belgique","og_description":"Belga Solar est une des premi\u00e8res \u00e0 lancer le printemps photovolta\u00efque et \u00e0 annoncer la commercialisation de ses premi\u00e8res stations solaires \u00abPlug&Play\u00bb.","og_url":"https:\/\/www.forbes.be\/fr\/les-panneaux-photovoltaiques-do-it-yourself-vont-fleurir-avec-le-printemps\/","og_site_name":"Forbes Belgique","article_publisher":"https:\/\/www.facebook.com\/forbesbelgique\/","article_published_time":"2025-03-21T17:04:02+00:00","article_modified_time":"2025-03-26T11:16:14+00:00","og_image":[{"width":1024,"height":536,"url":"https:\/\/www.forbes.be\/fr\/wp-content\/uploads\/2025\/03\/capture-decran-2025-03-21-a-175019-e1742902639313-1024x536.png","type":"image\/png"}],"author":"Philippe Coul\u00e9e","twitter_card":"summary_large_image","twitter_misc":{"\u00c9crit par":"Philippe Coul\u00e9e","Dur\u00e9e de lecture estim\u00e9e":"4 minutes"},"schema":{"@context":"https:\/\/schema.org","@graph":[{"@type":"NewsArticle","@id":"https:\/\/www.forbes.be\/fr\/les-panneaux-photovoltaiques-do-it-yourself-vont-fleurir-avec-le-printemps\/#article","isPartOf":{"@id":"https:\/\/www.forbes.be\/fr\/les-panneaux-photovoltaiques-do-it-yourself-vont-fleurir-avec-le-printemps\/"},"author":{"name":"Philippe Coul\u00e9e","@id":"https:\/\/www.forbes.be\/fr\/#\/schema\/person\/22bfc3335e560f4084ef5af17ecdad87"},"headline":"Les panneaux photovolta\u00efques \u00ab\u00a0plug&#038;play\u00a0\u00bb vont fleurir avec le printemps","datePublished":"2025-03-21T17:04:02+00:00","dateModified":"2025-03-26T11:16:14+00:00","mainEntityOfPage":{"@id":"https:\/\/www.forbes.be\/fr\/les-panneaux-photovoltaiques-do-it-yourself-vont-fleurir-avec-le-printemps\/"},"wordCount":614,"publisher":{"@id":"https:\/\/www.forbes.be\/fr\/#organization"},"image":{"@id":"https:\/\/www.forbes.be\/fr\/les-panneaux-photovoltaiques-do-it-yourself-vont-fleurir-avec-le-printemps\/#primaryimage"},"thumbnailUrl":"https:\/\/www.forbes.be\/fr\/wp-content\/uploads\/2025\/03\/capture-decran-2025-03-21-a-175019-e1742902639313.png","articleSection":["Actualit\u00e9s","Commerce","Environnement","Immobilier","Innovation"],"inLanguage":"fr-FR"},{"@type":"WebPage","@id":"https:\/\/www.forbes.be\/fr\/les-panneaux-photovoltaiques-do-it-yourself-vont-fleurir-avec-le-printemps\/","url":"https:\/\/www.forbes.be\/fr\/les-panneaux-photovoltaiques-do-it-yourself-vont-fleurir-avec-le-printemps\/","name":"Les panneaux photovolta\u00efques \"plug&play\" vont fleurir avec le printemps | Forbes Belgique","isPartOf":{"@id":"https:\/\/www.forbes.be\/fr\/#website"},"primaryImageOfPage":{"@id":"https:\/\/www.forbes.be\/fr\/les-panneaux-photovoltaiques-do-it-yourself-vont-fleurir-avec-le-printemps\/#primaryimage"},"image":{"@id":"https:\/\/www.forbes.be\/fr\/les-panneaux-photovoltaiques-do-it-yourself-vont-fleurir-avec-le-printemps\/#primaryimage"},"thumbnailUrl":"https:\/\/www.forbes.be\/fr\/wp-content\/uploads\/2025\/03\/capture-decran-2025-03-21-a-175019-e1742902639313.png","datePublished":"2025-03-21T17:04:02+00:00","dateModified":"2025-03-26T11:16:14+00:00","description":"Belga Solar est une des premi\u00e8res \u00e0 lancer le printemps photovolta\u00efque et \u00e0 annoncer la commercialisation de ses premi\u00e8res stations solaires \u00abPlug&Play\u00bb.","breadcrumb":{"@id":"https:\/\/www.forbes.be\/fr\/les-panneaux-photovoltaiques-do-it-yourself-vont-fleurir-avec-le-printemps\/#breadcrumb"},"inLanguage":"fr-FR","potentialAction":[{"@type":"ReadAction","target":["https:\/\/www.forbes.be\/fr\/les-panneaux-photovoltaiques-do-it-yourself-vont-fleurir-avec-le-printemps\/"]}]},{"@type":"ImageObject","inLanguage":"fr-FR","@id":"https:\/\/www.forbes.be\/fr\/les-panneaux-photovoltaiques-do-it-yourself-vont-fleurir-avec-le-printemps\/#primaryimage","url":"https:\/\/www.forbes.be\/fr\/wp-content\/uploads\/2025\/03\/capture-decran-2025-03-21-a-175019-e1742902639313.png","contentUrl":"https:\/\/www.forbes.be\/fr\/wp-content\/uploads\/2025\/03\/capture-decran-2025-03-21-a-175019-e1742902639313.png","width":2386,"height":1250},{"@type":"BreadcrumbList","@id":"https:\/\/www.forbes.be\/fr\/les-panneaux-photovoltaiques-do-it-yourself-vont-fleurir-avec-le-printemps\/#breadcrumb","itemListElement":[{"@type":"ListItem","position":1,"name":"Accueil","item":"https:\/\/www.forbes.be\/fr\/"},{"@type":"ListItem","position":2,"name":"Les panneaux photovolta\u00efques \u00ab\u00a0plug&#038;play\u00a0\u00bb vont fleurir avec le printemps"}]},{"@type":"WebSite","@id":"https:\/\/www.forbes.be\/fr\/#website","url":"https:\/\/www.forbes.be\/fr\/","name":"Forbes Belgique","description":"","publisher":{"@id":"https:\/\/www.forbes.be\/fr\/#organization"},"potentialAction":[{"@type":"SearchAction","target":{"@type":"EntryPoint","urlTemplate":"https:\/\/www.forbes.be\/fr\/?s={search_term_string}"},"query-input":{"@type":"PropertyValueSpecification","valueRequired":true,"valueName":"search_term_string"}}],"inLanguage":"fr-FR"},{"@type":"Organization","@id":"https:\/\/www.forbes.be\/fr\/#organization","name":"Forbes Belgique","url":"https:\/\/www.forbes.be\/fr\/","logo":{"@type":"ImageObject","inLanguage":"fr-FR","@id":"https:\/\/www.forbes.be\/fr\/#\/schema\/logo\/image\/","url":"https:\/\/www.forbes.be\/fr\/wp-content\/uploads\/2024\/02\/forbes.be_.png","contentUrl":"https:\/\/www.forbes.be\/fr\/wp-content\/uploads\/2024\/02\/forbes.be_.png","width":1200,"height":675,"caption":"Forbes Belgique"},"image":{"@id":"https:\/\/www.forbes.be\/fr\/#\/schema\/logo\/image\/"},"sameAs":["https:\/\/www.facebook.com\/forbesbelgique\/","https:\/\/www.instagram.com\/Forbes_Belgium","https:\/\/www.linkedin.com\/company\/forbes-belgium\/"]},{"@type":"Person","@id":"https:\/\/www.forbes.be\/fr\/#\/schema\/person\/22bfc3335e560f4084ef5af17ecdad87","name":"Philippe Coul\u00e9e","image":{"@type":"ImageObject","inLanguage":"fr-FR","@id":"https:\/\/www.forbes.be\/fr\/wp-content\/uploads\/2024\/01\/unnamed-150x150.jpg","url":"https:\/\/www.forbes.be\/fr\/wp-content\/uploads\/2024\/01\/unnamed-150x150.jpg","contentUrl":"https:\/\/www.forbes.be\/fr\/wp-content\/uploads\/2024\/01\/unnamed-150x150.jpg","caption":"Philippe Coul\u00e9e"},"url":"https:\/\/www.forbes.be\/fr\/author\/philippe-couleeicloud-com\/"}]}},"_links":{"self":[{"href":"https:\/\/www.forbes.be\/fr\/wp-json\/wp\/v2\/posts\/9359","targetHints":{"allow":["GET"]}}],"collection":[{"href":"https:\/\/www.forbes.be\/fr\/wp-json\/wp\/v2\/posts"}],"about":[{"href":"https:\/\/www.forbes.be\/fr\/wp-json\/wp\/v2\/types\/post"}],"author":[{"embeddable":true,"href":"https:\/\/www.forbes.be\/fr\/wp-json\/wp\/v2\/users\/15"}],"replies":[{"embeddable":true,"href":"https:\/\/www.forbes.be\/fr\/wp-json\/wp\/v2\/comments?post=9359"}],"version-history":[{"count":5,"href":"https:\/\/www.forbes.be\/fr\/wp-json\/wp\/v2\/posts\/9359\/revisions"}],"predecessor-version":[{"id":9422,"href":"https:\/\/www.forbes.be\/fr\/wp-json\/wp\/v2\/posts\/9359\/revisions\/9422"}],"wp:featuredmedia":[{"embeddable":true,"href":"https:\/\/www.forbes.be\/fr\/wp-json\/wp\/v2\/media\/9360"}],"wp:attachment":[{"href":"https:\/\/www.forbes.be\/fr\/wp-json\/wp\/v2\/media?parent=9359"}],"wp:term":[{"taxonomy":"category","embeddable":true,"href":"https:\/\/www.forbes.be\/fr\/wp-json\/wp\/v2\/categories?post=9359"},{"taxonomy":"post_tag","embeddable":true,"href":"https:\/\/www.forbes.be\/fr\/wp-json\/wp\/v2\/tags?post=9359"}],"curies":[{"name":"wp","href":"https:\/\/api.w.org\/{rel}","templated":true}]}}