{"id":9434,"date":"2025-03-27T09:34:31","date_gmt":"2025-03-27T08:34:31","guid":{"rendered":"https:\/\/www.forbes.be\/fr\/?p=9434"},"modified":"2025-03-27T09:38:34","modified_gmt":"2025-03-27T08:38:34","slug":"trump-tarifs-25-voitures-importees","status":"publish","type":"post","link":"https:\/\/www.forbes.be\/fr\/trump-tarifs-25-voitures-importees\/","title":{"rendered":"Trump impose des tarifs de 25% sur les voitures import\u00e9es"},"content":{"rendered":"<p>Le pr\u00e9sident Donald Trump a annonc\u00e9 mercredi apr\u00e8s-midi un nouveau tarif de 25 % sur toutes les voitures et camions import\u00e9s aux \u00c9tats-Unis, une mesure qui pourrait potentiellement intensifier la guerre commerciale des \u00c9tats-Unis avec d&rsquo;autres pays avant les tarifs r\u00e9ciproques pr\u00e9vus par Trump, qui doivent entrer en vigueur le 2 avril.<\/p>\n<h2>Points importants<\/h2>\n<ul>\n<li>S&rsquo;exprimant depuis la Maison-Blanche mercredi apr\u00e8s-midi, Trump a d\u00e9clar\u00e9 qu&rsquo;il signerait un d\u00e9cret pr\u00e9sidentiel permettant une croissance consid\u00e9rable de l&rsquo;industrie automobile, affirmant que les consommateurs verraient les prix baisser \u00e0 mesure que les entreprises construiraient plus d&rsquo;usines am\u00e9ricaines.<\/li>\n<li>Trump, qualifiant le tarif de \u00ab\u00a0d\u00e9but du jour de la lib\u00e9ration\u00a0\u00bb, a d\u00e9clar\u00e9 qu&rsquo;il entrerait en vigueur le 2 avril, que les \u00c9tats-Unis commenceraient \u00e0 pr\u00e9lever le 3 avril, et que cela resterait en vigueur pendant toute la dur\u00e9e de son mandat.<\/li>\n<li>Interrog\u00e9 sur la r\u00e9action des trois grands constructeurs automobiles \u2014 General Motors, Ford et Stellantis \u2014 Trump a dit que s&rsquo;ils avaient d\u00e9j\u00e0 de grandes usines aux \u00c9tats-Unis, ils \u00e9taient \u00ab\u00a0ravis\u00a0\u00bb.<\/li>\n<li>La secr\u00e9taire de presse de Trump, Karoline Leavitt, avait laiss\u00e9 entendre que Trump annoncerait le tarif lors de son briefing plus t\u00f4t mercredi, sans toutefois donner de d\u00e9tails avant la conf\u00e9rence de presse.<\/li>\n<li>Trump avait laiss\u00e9 entendre plus t\u00f4t cette semaine que des tarifs sur les voitures pourraient \u00eatre bient\u00f4t annonc\u00e9s, disant lundi aux journalistes : \u00ab\u00a0Nous allons nous occuper des automobiles, dont vous avez entendu parler depuis longtemps&#8230; Nous l&rsquo;annoncerons probablement tr\u00e8s bient\u00f4t, dans quelques jours.\u00a0\u00bb<\/li>\n<\/ul>\n<h2>\u00c0 Surveiller<\/h2>\n<p>Trump a \u00e9galement \u00e9voqu\u00e9 des tarifs sur les produits pharmaceutiques et le bois import\u00e9s, bien qu&rsquo;il n&rsquo;ait pas fourni de d\u00e9tails sp\u00e9cifiques.<\/p>\n<h2>Fait Surprenant<\/h2>\n<p>Interrog\u00e9 sur le fait de savoir si le conseiller Elon Musk, PDG de Tesla, l&rsquo;avait conseill\u00e9 sur le tarif automobile, Trump a d\u00e9clar\u00e9 n&rsquo;avoir jamais parl\u00e9 de la question avec Musk car \u00ab\u00a0il pourrait y avoir un conflit d&rsquo;int\u00e9r\u00eat.\u00a0\u00bb Trump a ajout\u00e9 : \u00ab\u00a0Elon est incroyable, il ne m&rsquo;a jamais demand\u00e9 de faveur dans le domaine des affaires.\u00a0\u00bb.<\/p>\n<h2>Contexte Cl\u00e9<\/h2>\n<p>La mise en \u0153uvre de tarifs par Trump a \u00e9t\u00e9 un \u00e9l\u00e9ment cl\u00e9 de sa pr\u00e9sidence jusqu&rsquo;\u00e0 pr\u00e9sent. Il a menac\u00e9 de mettre en place des tarifs r\u00e9ciproques \u2014 des tarifs qui imposeraient les m\u00eames droits sur les importations que ceux que les produits am\u00e9ricains \u00e9quivalents subissent lorsqu&rsquo;ils entrent dans ce pays \u2014 qui entreront en vigueur au d\u00e9but du mois prochain. Plus t\u00f4t ce mois-ci, Trump a \u00e9galement impos\u00e9 des tarifs de 25 % sur les produits en acier et en aluminium provenant de tous les pays. Trump a \u00e9galement mis en \u0153uvre un tarif global de 20 % sur les produits chinois. Plusieurs pays, dont le Canada, le Mexique et l&rsquo;Union europ\u00e9enne, ont r\u00e9agi en mettant en place des contre-tarifs sur les produits am\u00e9ricains, d\u00e9clenchant une guerre commerciale entre les \u00c9tats-Unis et nombre de ses alli\u00e9s. Le march\u00e9 boursier a r\u00e9agi n\u00e9gativement aux tarifs \u2014 dont beaucoup ont \u00e9t\u00e9 mis en \u0153uvre puis annul\u00e9s ou suspendus \u2014 et certains \u00e9conomistes ont averti que l&rsquo;incertitude entourant les tarifs pourrait entra\u00eener une r\u00e9cession aux \u00c9tats-Unis.<\/p>\n<h2>Qu&rsquo;est-ce que le Jour de la Lib\u00e9ration ?<\/h2>\n<p>Trump a surnomm\u00e9 le 2 avril \u2014 le jour o\u00f9 il d\u00e9clare que les tarifs r\u00e9ciproques entreront en vigueur \u2014 le jour de la lib\u00e9ration, bien qu&rsquo;il ait montr\u00e9 une certaine flexibilit\u00e9 quant \u00e0 sa mise en \u0153uvre ces derniers jours. Lundi apr\u00e8s-midi, Trump a dit qu&rsquo;il \u00ab\u00a0pourrait accorder des d\u00e9rogations \u00e0 de nombreux pays\u00a0\u00bb et que ses plans sont \u00ab\u00a0r\u00e9ciproques, mais nous pourrions \u00eatre encore plus gentils que cela\u00a0\u00bb, laissant entendre que les \u00c9tats-Unis pourraient ne pas totalement mettre en \u0153uvre des tarifs v\u00e9ritablement r\u00e9ciproques. Le 2 avril est \u00e9galement le jour o\u00f9 les exemptions de son tarif de 25 % sur certains produits en provenance du Mexique et du Canada doivent expirer.<\/p>\n<h2>Comment le march\u00e9 r\u00e9agit-il ?<\/h2>\n<p>Les actions des entreprises automobiles am\u00e9ricaines ont chut\u00e9 peu apr\u00e8s l&rsquo;annonce par Trump des tarifs. Les actions de General Motors et Stellantis ont toutes deux chut\u00e9 de pr\u00e8s de 5 % lors des transactions apr\u00e8s les heures normales, entre 17h15 et 17h40 (heure avanc\u00e9e de l&rsquo;Est), \u00e0 peu pr\u00e8s au moment o\u00f9 Trump a annonc\u00e9 le tarif. Dans le m\u00eame temps, les actions de Ford ont chut\u00e9 de 1,8 %, celles de Tesla ont augment\u00e9 de presque 1 % et celles de Rivian ont baiss\u00e9 de moins de 1 %.<\/p>\n<p>Cet article a \u00e9t\u00e9 \u00e9crit par Molly Bohannon et traduit par Forbes.be<\/p>\n","protected":false},"excerpt":{"rendered":"<p>Le pr\u00e9sident Donald Trump annonce des tarifs de 25% sur les voitures import\u00e9es, marquant ce qu&rsquo;il appelle le d\u00e9but d&rsquo;une nouvelle \u00e8re \u00e9conomique.<\/p>\n","protected":false},"author":5,"featured_media":9433,"comment_status":"closed","ping_status":"closed","sticky":false,"template":"","format":"standard","meta":{"_acf_changed":false,"inline_featured_image":false,"footnotes":""},"categories":[1,16,31],"tags":[],"class_list":{"0":"post-9434","1":"post","2":"type-post","3":"status-publish","4":"format-standard","5":"has-post-thumbnail","7":"category-actualite","8":"category-finance","9":"category-politique"},"acf":[],"_yoast_wpseo_title":"Trump impose des tarifs de 25% sur les voitures import\u00e9s","_yoast_wpseo_metadesc":"Donald Trump qualifie les tarifs de 25% sur les voitures import\u00e9es de \"d\u00e9but du jour de la lib\u00e9ration\".","auteur_traducteur":"","yoast_head":"<!-- This site is optimized with the Yoast SEO plugin v27.4 - https:\/\/yoast.com\/product\/yoast-seo-wordpress\/ -->\n<title>Trump impose des tarifs de 25% sur les voitures import\u00e9s<\/title>\n<meta name=\"description\" content=\"Donald Trump qualifie les tarifs de 25% sur les voitures import\u00e9es de &quot;d\u00e9but du jour de la lib\u00e9ration&quot;.\" \/>\n<meta name=\"robots\" content=\"index, follow, max-snippet:-1, max-image-preview:large, max-video-preview:-1\" \/>\n<link rel=\"canonical\" href=\"https:\/\/www.forbes.be\/fr\/trump-tarifs-25-voitures-importees\/\" \/>\n<meta property=\"og:locale\" content=\"fr_FR\" \/>\n<meta property=\"og:type\" content=\"article\" \/>\n<meta property=\"og:title\" content=\"Trump impose des tarifs de 25% sur les voitures import\u00e9s\" \/>\n<meta property=\"og:description\" content=\"Donald Trump qualifie les tarifs de 25% sur les voitures import\u00e9es de &quot;d\u00e9but du jour de la lib\u00e9ration&quot;.\" \/>\n<meta property=\"og:url\" content=\"https:\/\/www.forbes.be\/fr\/trump-tarifs-25-voitures-importees\/\" \/>\n<meta property=\"og:site_name\" content=\"Forbes Belgique\" \/>\n<meta property=\"article:publisher\" content=\"https:\/\/www.facebook.com\/forbesbelgique\/\" \/>\n<meta property=\"article:published_time\" content=\"2025-03-27T08:34:31+00:00\" \/>\n<meta property=\"article:modified_time\" content=\"2025-03-27T08:38:34+00:00\" \/>\n<meta property=\"og:image\" content=\"https:\/\/www.forbes.be\/fr\/wp-content\/uploads\/2025\/03\/6441893725.png\" \/>\n\t<meta property=\"og:image:width\" content=\"959\" \/>\n\t<meta property=\"og:image:height\" content=\"639\" \/>\n\t<meta property=\"og:image:type\" content=\"image\/png\" \/>\n<meta name=\"author\" content=\"Forbes Belgique\" \/>\n<meta name=\"twitter:card\" content=\"summary_large_image\" \/>\n<meta name=\"twitter:label1\" content=\"\u00c9crit par\" \/>\n\t<meta name=\"twitter:data1\" content=\"Forbes Belgique\" \/>\n\t<meta name=\"twitter:label2\" content=\"Dur\u00e9e de lecture estim\u00e9e\" \/>\n\t<meta name=\"twitter:data2\" content=\"4 minutes\" \/>\n<script type=\"application\/ld+json\" class=\"yoast-schema-graph\">{\"@context\":\"https:\\\/\\\/schema.org\",\"@graph\":[{\"@type\":\"NewsArticle\",\"@id\":\"https:\\\/\\\/www.forbes.be\\\/fr\\\/trump-tarifs-25-voitures-importees\\\/#article\",\"isPartOf\":{\"@id\":\"https:\\\/\\\/www.forbes.be\\\/fr\\\/trump-tarifs-25-voitures-importees\\\/\"},\"author\":{\"name\":\"Forbes Belgique\",\"@id\":\"https:\\\/\\\/www.forbes.be\\\/fr\\\/#\\\/schema\\\/person\\\/147c95cac22c7a4a8056e69e1f287b1f\"},\"headline\":\"Trump impose des tarifs de 25% sur les voitures import\u00e9es\",\"datePublished\":\"2025-03-27T08:34:31+00:00\",\"dateModified\":\"2025-03-27T08:38:34+00:00\",\"mainEntityOfPage\":{\"@id\":\"https:\\\/\\\/www.forbes.be\\\/fr\\\/trump-tarifs-25-voitures-importees\\\/\"},\"wordCount\":772,\"publisher\":{\"@id\":\"https:\\\/\\\/www.forbes.be\\\/fr\\\/#organization\"},\"image\":{\"@id\":\"https:\\\/\\\/www.forbes.be\\\/fr\\\/trump-tarifs-25-voitures-importees\\\/#primaryimage\"},\"thumbnailUrl\":\"https:\\\/\\\/www.forbes.be\\\/fr\\\/wp-content\\\/uploads\\\/2025\\\/03\\\/6441893725.png\",\"articleSection\":[\"Actualit\u00e9s\",\"Finance\",\"Politique\"],\"inLanguage\":\"fr-FR\"},{\"@type\":\"WebPage\",\"@id\":\"https:\\\/\\\/www.forbes.be\\\/fr\\\/trump-tarifs-25-voitures-importees\\\/\",\"url\":\"https:\\\/\\\/www.forbes.be\\\/fr\\\/trump-tarifs-25-voitures-importees\\\/\",\"name\":\"Trump impose des tarifs de 25% sur les voitures import\u00e9s\",\"isPartOf\":{\"@id\":\"https:\\\/\\\/www.forbes.be\\\/fr\\\/#website\"},\"primaryImageOfPage\":{\"@id\":\"https:\\\/\\\/www.forbes.be\\\/fr\\\/trump-tarifs-25-voitures-importees\\\/#primaryimage\"},\"image\":{\"@id\":\"https:\\\/\\\/www.forbes.be\\\/fr\\\/trump-tarifs-25-voitures-importees\\\/#primaryimage\"},\"thumbnailUrl\":\"https:\\\/\\\/www.forbes.be\\\/fr\\\/wp-content\\\/uploads\\\/2025\\\/03\\\/6441893725.png\",\"datePublished\":\"2025-03-27T08:34:31+00:00\",\"dateModified\":\"2025-03-27T08:38:34+00:00\",\"description\":\"Donald Trump qualifie les tarifs de 25% sur les voitures import\u00e9es de \\\"d\u00e9but du jour de la lib\u00e9ration\\\".\",\"breadcrumb\":{\"@id\":\"https:\\\/\\\/www.forbes.be\\\/fr\\\/trump-tarifs-25-voitures-importees\\\/#breadcrumb\"},\"inLanguage\":\"fr-FR\",\"potentialAction\":[{\"@type\":\"ReadAction\",\"target\":[\"https:\\\/\\\/www.forbes.be\\\/fr\\\/trump-tarifs-25-voitures-importees\\\/\"]}]},{\"@type\":\"ImageObject\",\"inLanguage\":\"fr-FR\",\"@id\":\"https:\\\/\\\/www.forbes.be\\\/fr\\\/trump-tarifs-25-voitures-importees\\\/#primaryimage\",\"url\":\"https:\\\/\\\/www.forbes.be\\\/fr\\\/wp-content\\\/uploads\\\/2025\\\/03\\\/6441893725.png\",\"contentUrl\":\"https:\\\/\\\/www.forbes.be\\\/fr\\\/wp-content\\\/uploads\\\/2025\\\/03\\\/6441893725.png\",\"width\":959,\"height\":639,\"caption\":\"AFP via Getty Images\"},{\"@type\":\"BreadcrumbList\",\"@id\":\"https:\\\/\\\/www.forbes.be\\\/fr\\\/trump-tarifs-25-voitures-importees\\\/#breadcrumb\",\"itemListElement\":[{\"@type\":\"ListItem\",\"position\":1,\"name\":\"Accueil\",\"item\":\"https:\\\/\\\/www.forbes.be\\\/fr\\\/\"},{\"@type\":\"ListItem\",\"position\":2,\"name\":\"Trump impose des tarifs de 25% sur les voitures import\u00e9es\"}]},{\"@type\":\"WebSite\",\"@id\":\"https:\\\/\\\/www.forbes.be\\\/fr\\\/#website\",\"url\":\"https:\\\/\\\/www.forbes.be\\\/fr\\\/\",\"name\":\"Forbes Belgique\",\"description\":\"\",\"publisher\":{\"@id\":\"https:\\\/\\\/www.forbes.be\\\/fr\\\/#organization\"},\"potentialAction\":[{\"@type\":\"SearchAction\",\"target\":{\"@type\":\"EntryPoint\",\"urlTemplate\":\"https:\\\/\\\/www.forbes.be\\\/fr\\\/?s={search_term_string}\"},\"query-input\":{\"@type\":\"PropertyValueSpecification\",\"valueRequired\":true,\"valueName\":\"search_term_string\"}}],\"inLanguage\":\"fr-FR\"},{\"@type\":\"Organization\",\"@id\":\"https:\\\/\\\/www.forbes.be\\\/fr\\\/#organization\",\"name\":\"Forbes Belgique\",\"url\":\"https:\\\/\\\/www.forbes.be\\\/fr\\\/\",\"logo\":{\"@type\":\"ImageObject\",\"inLanguage\":\"fr-FR\",\"@id\":\"https:\\\/\\\/www.forbes.be\\\/fr\\\/#\\\/schema\\\/logo\\\/image\\\/\",\"url\":\"https:\\\/\\\/www.forbes.be\\\/fr\\\/wp-content\\\/uploads\\\/2024\\\/02\\\/forbes.be_.png\",\"contentUrl\":\"https:\\\/\\\/www.forbes.be\\\/fr\\\/wp-content\\\/uploads\\\/2024\\\/02\\\/forbes.be_.png\",\"width\":1200,\"height\":675,\"caption\":\"Forbes Belgique\"},\"image\":{\"@id\":\"https:\\\/\\\/www.forbes.be\\\/fr\\\/#\\\/schema\\\/logo\\\/image\\\/\"},\"sameAs\":[\"https:\\\/\\\/www.facebook.com\\\/forbesbelgique\\\/\",\"https:\\\/\\\/www.instagram.com\\\/Forbes_Belgium\",\"https:\\\/\\\/www.linkedin.com\\\/company\\\/forbes-belgium\\\/\"]},{\"@type\":\"Person\",\"@id\":\"https:\\\/\\\/www.forbes.be\\\/fr\\\/#\\\/schema\\\/person\\\/147c95cac22c7a4a8056e69e1f287b1f\",\"name\":\"Forbes Belgique\",\"image\":{\"@type\":\"ImageObject\",\"inLanguage\":\"fr-FR\",\"@id\":\"https:\\\/\\\/www.forbes.be\\\/fr\\\/wp-content\\\/uploads\\\/2024\\\/01\\\/forbes-thumb-150x150.jpg\",\"url\":\"https:\\\/\\\/www.forbes.be\\\/fr\\\/wp-content\\\/uploads\\\/2024\\\/01\\\/forbes-thumb-150x150.jpg\",\"contentUrl\":\"https:\\\/\\\/www.forbes.be\\\/fr\\\/wp-content\\\/uploads\\\/2024\\\/01\\\/forbes-thumb-150x150.jpg\",\"caption\":\"Forbes Belgique\"},\"url\":\"https:\\\/\\\/www.forbes.be\\\/fr\\\/author\\\/forbes-be\\\/\"}]}<\/script>\n<!-- \/ Yoast SEO plugin. -->","yoast_head_json":{"title":"Trump impose des tarifs de 25% sur les voitures import\u00e9s","description":"Donald Trump qualifie les tarifs de 25% sur les voitures import\u00e9es de \"d\u00e9but du jour de la lib\u00e9ration\".","robots":{"index":"index","follow":"follow","max-snippet":"max-snippet:-1","max-image-preview":"max-image-preview:large","max-video-preview":"max-video-preview:-1"},"canonical":"https:\/\/www.forbes.be\/fr\/trump-tarifs-25-voitures-importees\/","og_locale":"fr_FR","og_type":"article","og_title":"Trump impose des tarifs de 25% sur les voitures import\u00e9s","og_description":"Donald Trump qualifie les tarifs de 25% sur les voitures import\u00e9es de \"d\u00e9but du jour de la lib\u00e9ration\".","og_url":"https:\/\/www.forbes.be\/fr\/trump-tarifs-25-voitures-importees\/","og_site_name":"Forbes Belgique","article_publisher":"https:\/\/www.facebook.com\/forbesbelgique\/","article_published_time":"2025-03-27T08:34:31+00:00","article_modified_time":"2025-03-27T08:38:34+00:00","og_image":[{"width":959,"height":639,"url":"https:\/\/www.forbes.be\/fr\/wp-content\/uploads\/2025\/03\/6441893725.png","type":"image\/png"}],"author":"Forbes Belgique","twitter_card":"summary_large_image","twitter_misc":{"\u00c9crit par":"Forbes Belgique","Dur\u00e9e de lecture estim\u00e9e":"4 minutes"},"schema":{"@context":"https:\/\/schema.org","@graph":[{"@type":"NewsArticle","@id":"https:\/\/www.forbes.be\/fr\/trump-tarifs-25-voitures-importees\/#article","isPartOf":{"@id":"https:\/\/www.forbes.be\/fr\/trump-tarifs-25-voitures-importees\/"},"author":{"name":"Forbes Belgique","@id":"https:\/\/www.forbes.be\/fr\/#\/schema\/person\/147c95cac22c7a4a8056e69e1f287b1f"},"headline":"Trump impose des tarifs de 25% sur les voitures import\u00e9es","datePublished":"2025-03-27T08:34:31+00:00","dateModified":"2025-03-27T08:38:34+00:00","mainEntityOfPage":{"@id":"https:\/\/www.forbes.be\/fr\/trump-tarifs-25-voitures-importees\/"},"wordCount":772,"publisher":{"@id":"https:\/\/www.forbes.be\/fr\/#organization"},"image":{"@id":"https:\/\/www.forbes.be\/fr\/trump-tarifs-25-voitures-importees\/#primaryimage"},"thumbnailUrl":"https:\/\/www.forbes.be\/fr\/wp-content\/uploads\/2025\/03\/6441893725.png","articleSection":["Actualit\u00e9s","Finance","Politique"],"inLanguage":"fr-FR"},{"@type":"WebPage","@id":"https:\/\/www.forbes.be\/fr\/trump-tarifs-25-voitures-importees\/","url":"https:\/\/www.forbes.be\/fr\/trump-tarifs-25-voitures-importees\/","name":"Trump impose des tarifs de 25% sur les voitures import\u00e9s","isPartOf":{"@id":"https:\/\/www.forbes.be\/fr\/#website"},"primaryImageOfPage":{"@id":"https:\/\/www.forbes.be\/fr\/trump-tarifs-25-voitures-importees\/#primaryimage"},"image":{"@id":"https:\/\/www.forbes.be\/fr\/trump-tarifs-25-voitures-importees\/#primaryimage"},"thumbnailUrl":"https:\/\/www.forbes.be\/fr\/wp-content\/uploads\/2025\/03\/6441893725.png","datePublished":"2025-03-27T08:34:31+00:00","dateModified":"2025-03-27T08:38:34+00:00","description":"Donald Trump qualifie les tarifs de 25% sur les voitures import\u00e9es de \"d\u00e9but du jour de la lib\u00e9ration\".","breadcrumb":{"@id":"https:\/\/www.forbes.be\/fr\/trump-tarifs-25-voitures-importees\/#breadcrumb"},"inLanguage":"fr-FR","potentialAction":[{"@type":"ReadAction","target":["https:\/\/www.forbes.be\/fr\/trump-tarifs-25-voitures-importees\/"]}]},{"@type":"ImageObject","inLanguage":"fr-FR","@id":"https:\/\/www.forbes.be\/fr\/trump-tarifs-25-voitures-importees\/#primaryimage","url":"https:\/\/www.forbes.be\/fr\/wp-content\/uploads\/2025\/03\/6441893725.png","contentUrl":"https:\/\/www.forbes.be\/fr\/wp-content\/uploads\/2025\/03\/6441893725.png","width":959,"height":639,"caption":"AFP via Getty Images"},{"@type":"BreadcrumbList","@id":"https:\/\/www.forbes.be\/fr\/trump-tarifs-25-voitures-importees\/#breadcrumb","itemListElement":[{"@type":"ListItem","position":1,"name":"Accueil","item":"https:\/\/www.forbes.be\/fr\/"},{"@type":"ListItem","position":2,"name":"Trump impose des tarifs de 25% sur les voitures import\u00e9es"}]},{"@type":"WebSite","@id":"https:\/\/www.forbes.be\/fr\/#website","url":"https:\/\/www.forbes.be\/fr\/","name":"Forbes Belgique","description":"","publisher":{"@id":"https:\/\/www.forbes.be\/fr\/#organization"},"potentialAction":[{"@type":"SearchAction","target":{"@type":"EntryPoint","urlTemplate":"https:\/\/www.forbes.be\/fr\/?s={search_term_string}"},"query-input":{"@type":"PropertyValueSpecification","valueRequired":true,"valueName":"search_term_string"}}],"inLanguage":"fr-FR"},{"@type":"Organization","@id":"https:\/\/www.forbes.be\/fr\/#organization","name":"Forbes Belgique","url":"https:\/\/www.forbes.be\/fr\/","logo":{"@type":"ImageObject","inLanguage":"fr-FR","@id":"https:\/\/www.forbes.be\/fr\/#\/schema\/logo\/image\/","url":"https:\/\/www.forbes.be\/fr\/wp-content\/uploads\/2024\/02\/forbes.be_.png","contentUrl":"https:\/\/www.forbes.be\/fr\/wp-content\/uploads\/2024\/02\/forbes.be_.png","width":1200,"height":675,"caption":"Forbes Belgique"},"image":{"@id":"https:\/\/www.forbes.be\/fr\/#\/schema\/logo\/image\/"},"sameAs":["https:\/\/www.facebook.com\/forbesbelgique\/","https:\/\/www.instagram.com\/Forbes_Belgium","https:\/\/www.linkedin.com\/company\/forbes-belgium\/"]},{"@type":"Person","@id":"https:\/\/www.forbes.be\/fr\/#\/schema\/person\/147c95cac22c7a4a8056e69e1f287b1f","name":"Forbes Belgique","image":{"@type":"ImageObject","inLanguage":"fr-FR","@id":"https:\/\/www.forbes.be\/fr\/wp-content\/uploads\/2024\/01\/forbes-thumb-150x150.jpg","url":"https:\/\/www.forbes.be\/fr\/wp-content\/uploads\/2024\/01\/forbes-thumb-150x150.jpg","contentUrl":"https:\/\/www.forbes.be\/fr\/wp-content\/uploads\/2024\/01\/forbes-thumb-150x150.jpg","caption":"Forbes Belgique"},"url":"https:\/\/www.forbes.be\/fr\/author\/forbes-be\/"}]}},"_links":{"self":[{"href":"https:\/\/www.forbes.be\/fr\/wp-json\/wp\/v2\/posts\/9434","targetHints":{"allow":["GET"]}}],"collection":[{"href":"https:\/\/www.forbes.be\/fr\/wp-json\/wp\/v2\/posts"}],"about":[{"href":"https:\/\/www.forbes.be\/fr\/wp-json\/wp\/v2\/types\/post"}],"author":[{"embeddable":true,"href":"https:\/\/www.forbes.be\/fr\/wp-json\/wp\/v2\/users\/5"}],"replies":[{"embeddable":true,"href":"https:\/\/www.forbes.be\/fr\/wp-json\/wp\/v2\/comments?post=9434"}],"version-history":[{"count":2,"href":"https:\/\/www.forbes.be\/fr\/wp-json\/wp\/v2\/posts\/9434\/revisions"}],"predecessor-version":[{"id":9441,"href":"https:\/\/www.forbes.be\/fr\/wp-json\/wp\/v2\/posts\/9434\/revisions\/9441"}],"wp:featuredmedia":[{"embeddable":true,"href":"https:\/\/www.forbes.be\/fr\/wp-json\/wp\/v2\/media\/9433"}],"wp:attachment":[{"href":"https:\/\/www.forbes.be\/fr\/wp-json\/wp\/v2\/media?parent=9434"}],"wp:term":[{"taxonomy":"category","embeddable":true,"href":"https:\/\/www.forbes.be\/fr\/wp-json\/wp\/v2\/categories?post=9434"},{"taxonomy":"post_tag","embeddable":true,"href":"https:\/\/www.forbes.be\/fr\/wp-json\/wp\/v2\/tags?post=9434"}],"curies":[{"name":"wp","href":"https:\/\/api.w.org\/{rel}","templated":true}]}}