{"id":9465,"date":"2025-03-28T12:10:23","date_gmt":"2025-03-28T11:10:23","guid":{"rendered":"https:\/\/www.forbes.be\/fr\/?p=9465"},"modified":"2025-04-01T10:21:59","modified_gmt":"2025-04-01T08:21:59","slug":"la-belgique-se-dessine-a-paris","status":"publish","type":"post","link":"https:\/\/www.forbes.be\/fr\/la-belgique-se-dessine-a-paris\/","title":{"rendered":"La Belgique se dessine \u00e0 Paris"},"content":{"rendered":"<p><strong>\u00c0 Paris, les Belges de Bruxelles, Anvers et Li\u00e8ge se distinguent au Salon du Dessin et \u00e0 Drawing Now.<\/strong><\/p>\n<p>Huit <strong>galeries belges<\/strong> exposent au <a href=\"https:\/\/www.salondudessin.com\/fr\/accueil\/\" target=\"_blank\" rel=\"noopener\">Salon du Dessin<\/a>, dans l\u2019ancienne bourse de Paris, au Palais Brongniart, et au Carreau du Temple, pour <a href=\"https:\/\/www.drawingnowparis.com\/en\/\" target=\"_blank\" rel=\"noopener\">Drawing Now<\/a>, salon contemporain.<br \/>\nDans le premier, des monuments comme Auguste Rodin, Edvard Munch ou Pierre Bonnard c\u00f4toient des g\u00e9ants de la litt\u00e9rature (Victor Hugo, grand dessinateur) ou de la musique (un dessin \u00e0 quatre mains de Chopin et Delacroix). Deux <a href=\"https:\/\/www.drawingnowparis.com\/en\/\">galeries belges<\/a> se distinguent. Celle de <a href=\"https:\/\/www.ronnyvandevelde.com\/\" target=\"_blank\" rel=\"noopener\">Ronny van de Velde<\/a> a longtemps \u00e9t\u00e9 un pilier de Knokke, avant d\u2019ouvrir un espace \u00e0 Anvers. Cette ann\u00e9e, Ronny et Jessy, revenus pour la premi\u00e8re fois depuis 2008 avec leur petit-fils, <strong>Henri Steenbeke<\/strong> (la rel\u00e8ve), exposent le futuriste anversois belge Jules Schmalzigaug, dont ils ont publi\u00e9 un somptueux catalogue raisonn\u00e9 en deux volumes chez Ludion. La s\u00e9millante Jessy appr\u00e9cie particuli\u00e8rement ce salon, o\u00f9 \u00ab il est moins question de march\u00e9 que de passion \u00bb. Et <strong>Patrick Lancz,<\/strong> un habitu\u00e9, se fie \u00ab au hasard \u00bb des d\u00e9couvertes : Spilliaert ou Craco, bien s\u00fbr, mais aussi le Bruxellois Walter Sauer, avec une <em>Femme au voile \u00e0 damiers noirs et blanc<\/em>s qui attire plus d\u2019un regard.<\/p>\n<figure id=\"attachment_9469\" aria-describedby=\"caption-attachment-9469\" style=\"width: 2560px\" class=\"wp-caption alignnone\"><img loading=\"lazy\" decoding=\"async\" class=\"size-full wp-image-9469\" src=\"https:\/\/www.forbes.be\/fr\/wp-content\/uploads\/2025\/03\/salon-du-dessin-galerie-ronny-van-de-velde-scaled.jpg\" alt=\"\" width=\"2560\" height=\"1707\" srcset=\"https:\/\/www.forbes.be\/fr\/wp-content\/uploads\/2025\/03\/salon-du-dessin-galerie-ronny-van-de-velde-scaled.jpg 2560w, https:\/\/www.forbes.be\/fr\/wp-content\/uploads\/2025\/03\/salon-du-dessin-galerie-ronny-van-de-velde-300x200.jpg 300w, https:\/\/www.forbes.be\/fr\/wp-content\/uploads\/2025\/03\/salon-du-dessin-galerie-ronny-van-de-velde-1024x683.jpg 1024w, https:\/\/www.forbes.be\/fr\/wp-content\/uploads\/2025\/03\/salon-du-dessin-galerie-ronny-van-de-velde-768x512.jpg 768w, https:\/\/www.forbes.be\/fr\/wp-content\/uploads\/2025\/03\/salon-du-dessin-galerie-ronny-van-de-velde-1536x1024.jpg 1536w, https:\/\/www.forbes.be\/fr\/wp-content\/uploads\/2025\/03\/salon-du-dessin-galerie-ronny-van-de-velde-2048x1365.jpg 2048w, https:\/\/www.forbes.be\/fr\/wp-content\/uploads\/2025\/03\/salon-du-dessin-galerie-ronny-van-de-velde-696x464.jpg 696w, https:\/\/www.forbes.be\/fr\/wp-content\/uploads\/2025\/03\/salon-du-dessin-galerie-ronny-van-de-velde-1068x712.jpg 1068w, https:\/\/www.forbes.be\/fr\/wp-content\/uploads\/2025\/03\/salon-du-dessin-galerie-ronny-van-de-velde-1920x1280.jpg 1920w, https:\/\/www.forbes.be\/fr\/wp-content\/uploads\/2025\/03\/salon-du-dessin-galerie-ronny-van-de-velde-600x400.jpg 600w\" sizes=\"auto, (max-width: 2560px) 100vw, 2560px\" \/><figcaption id=\"caption-attachment-9469\" class=\"wp-caption-text\">Galerie Ronny Van de Velde \u00a9 DR<\/figcaption><\/figure>\n<p>Enfin, le Belge Gideon Kiefer sera peut-\u00eatre laur\u00e9at du 18e Prix de dessin d\u2019art contemporain de la <a href=\"http:\/\/www.fondationdfguerlain.com\/\" target=\"_blank\" rel=\"noopener\">Fondation Daniel et Florence Guerlain<\/a>.<\/p>\n<h2>Quotidien espi\u00e8gle<\/h2>\n<p><strong>Drawing Now<\/strong> r\u00e9unit 6 autres <strong>galeries belges<\/strong>. Chez <a href=\"https:\/\/www.huskgallery.com\/\" target=\"_blank\" rel=\"noopener\">Husk Gallery<\/a>, <strong>Peter Depelchin<\/strong>, devenu newyorkais depuis que son \u00e9pouse arch\u00e9ologue a int\u00e9gr\u00e9 le MoMA, a vendu tous ses petits dessins \u00ab inspir\u00e9s par les feuilles mortes sur l\u2019asphalte newyorkais \u00bb.<br \/>\n<strong>Alexis Rastel<\/strong> a ouvert <a href=\"https:\/\/archiraar.com\/\" target=\"_blank\" rel=\"noopener\">Archiraar<\/a> \u00e0 Bruxelles en 2012. Il regrette la d\u00e9cision de la F\u00e9d\u00e9ration Wallonie Bruxelles, en 2024, de supprimer l\u2019aide aux entreprises participant \u00e0 des foires \u00e9trang\u00e8res (jusqu\u2019\u00e0 15 000 euros annuels), et les menaces sur la TVA r\u00e9duite des <strong>\u0153uvres d\u2019art<\/strong>, ce qui nuira aux Belges. Sur son stand, il associe la Fran\u00e7aise bruxelloise M\u00e9lanie Berger \u00e0 trois dessins du Bolognais Enne Boi (\u00e9galement street artist sous le pseudo de Cane Morto) intitul\u00e9s Rebus, o\u00f9 il reconstitue sa chute d\u2019une falaise, dont il ne conserve aucun souvenir.<\/p>\n<figure id=\"attachment_9467\" aria-describedby=\"caption-attachment-9467\" style=\"width: 2560px\" class=\"wp-caption alignnone\"><img loading=\"lazy\" decoding=\"async\" class=\"size-full wp-image-9467\" src=\"https:\/\/www.forbes.be\/fr\/wp-content\/uploads\/2025\/03\/galerie-nathalie-obadia-drawing-now-paris-c-hafid-lhachmi-adagp-paris-2025-8-scaled.jpg\" alt=\"\" width=\"2560\" height=\"1707\" srcset=\"https:\/\/www.forbes.be\/fr\/wp-content\/uploads\/2025\/03\/galerie-nathalie-obadia-drawing-now-paris-c-hafid-lhachmi-adagp-paris-2025-8-scaled.jpg 2560w, https:\/\/www.forbes.be\/fr\/wp-content\/uploads\/2025\/03\/galerie-nathalie-obadia-drawing-now-paris-c-hafid-lhachmi-adagp-paris-2025-8-300x200.jpg 300w, https:\/\/www.forbes.be\/fr\/wp-content\/uploads\/2025\/03\/galerie-nathalie-obadia-drawing-now-paris-c-hafid-lhachmi-adagp-paris-2025-8-1024x683.jpg 1024w, https:\/\/www.forbes.be\/fr\/wp-content\/uploads\/2025\/03\/galerie-nathalie-obadia-drawing-now-paris-c-hafid-lhachmi-adagp-paris-2025-8-768x512.jpg 768w, https:\/\/www.forbes.be\/fr\/wp-content\/uploads\/2025\/03\/galerie-nathalie-obadia-drawing-now-paris-c-hafid-lhachmi-adagp-paris-2025-8-1536x1024.jpg 1536w, https:\/\/www.forbes.be\/fr\/wp-content\/uploads\/2025\/03\/galerie-nathalie-obadia-drawing-now-paris-c-hafid-lhachmi-adagp-paris-2025-8-2048x1366.jpg 2048w, https:\/\/www.forbes.be\/fr\/wp-content\/uploads\/2025\/03\/galerie-nathalie-obadia-drawing-now-paris-c-hafid-lhachmi-adagp-paris-2025-8-696x464.jpg 696w, https:\/\/www.forbes.be\/fr\/wp-content\/uploads\/2025\/03\/galerie-nathalie-obadia-drawing-now-paris-c-hafid-lhachmi-adagp-paris-2025-8-1068x712.jpg 1068w, https:\/\/www.forbes.be\/fr\/wp-content\/uploads\/2025\/03\/galerie-nathalie-obadia-drawing-now-paris-c-hafid-lhachmi-adagp-paris-2025-8-1920x1280.jpg 1920w, https:\/\/www.forbes.be\/fr\/wp-content\/uploads\/2025\/03\/galerie-nathalie-obadia-drawing-now-paris-c-hafid-lhachmi-adagp-paris-2025-8-600x400.jpg 600w\" sizes=\"auto, (max-width: 2560px) 100vw, 2560px\" \/><figcaption id=\"caption-attachment-9467\" class=\"wp-caption-text\">Galerie Nathalie Obadia \u00a9 DR<\/figcaption><\/figure>\n<p>L\u2019Italienne <strong>Rina Zavagl<\/strong> a ouvert sa seconde <a href=\"https:\/\/www.galeriemartel.com\/\" target=\"_blank\" rel=\"noopener\">Galerie Martel<\/a> (apr\u00e8s Paris) chauss\u00e9e d\u2019Ixelles en novembre 2024. Elle expose le 9e art, notamment les dessins mixtes (aquarelle et mine) de Pablo Auladell, Catalan d\u2019Alicante, r\u00e9miniscence de Delvaux. Sophie Kuijken, native de Bruges, propose ses portraits sur pl\u00e2tre faussement normaux chez <a href=\"https:\/\/www.nathalieobadia.com\/fr\/\" target=\"_blank\" rel=\"noopener\"><strong>Nathalie Obadia<\/strong><\/a>, et <a href=\"https:\/\/irenelaubgallery.com\/news_exhibitons\/\" target=\"_blank\" rel=\"noopener\"><strong>Ir\u00e8ne Laub<\/strong><\/a> pr\u00e9sente les visions d\u2019un quotidien espi\u00e8gle du Belge Bernard Villers, n\u00e9 en 1939, et les \u00ab exp\u00e9rimentations m\u00e9ditatives \u00bb de l\u2019Islandaise bruxelloise Gu\u00f0n\u00fd R\u00f3sa Ingimarsd\u00f3ttir.<\/p>\n<p><a href=\"http:\/\/www.salondudessin.com\" target=\"_blank\" rel=\"noopener\">www.salondudessin.com<\/a><br \/>\n<a href=\"http:\/\/www.drawingnowparis.com\" target=\"_blank\" rel=\"noopener\">www.drawingnowparis.com<\/a><\/p>\n","protected":false},"excerpt":{"rendered":"<p>\u00c0 Paris, les Belges de Bruxelles, Anvers et Li\u00e8ge se distinguent au Salon du Dessin et \u00e0 Drawing Now. Huit galeries belges exposent au Salon du Dessin, dans l\u2019ancienne bourse de Paris, au Palais Brongniart, et au Carreau du Temple, pour Drawing Now, salon contemporain. Dans le premier, des monuments comme Auguste Rodin, Edvard Munch [&hellip;]<\/p>\n","protected":false},"author":27,"featured_media":9470,"comment_status":"closed","ping_status":"closed","sticky":false,"template":"","format":"standard","meta":{"_acf_changed":false,"inline_featured_image":false,"footnotes":""},"categories":[1],"tags":[],"class_list":{"0":"post-9465","1":"post","2":"type-post","3":"status-publish","4":"format-standard","5":"has-post-thumbnail","7":"category-actualite"},"acf":[],"_yoast_wpseo_title":null,"_yoast_wpseo_metadesc":"\u00c0 Paris, les Belges de Bruxelles, Anvers et Li\u00e8ge se distinguent au Salon du Dessin et \u00e0 Drawing Now.","auteur_traducteur":"","yoast_head":"<!-- This site is optimized with the Yoast SEO plugin v27.4 - https:\/\/yoast.com\/product\/yoast-seo-wordpress\/ -->\n<title>La Belgique se dessine \u00e0 Paris | Forbes Belgique<\/title>\n<meta name=\"description\" content=\"\u00c0 Paris, les Belges de Bruxelles, Anvers et Li\u00e8ge se distinguent au Salon du Dessin et \u00e0 Drawing Now.\" \/>\n<meta name=\"robots\" content=\"index, follow, max-snippet:-1, max-image-preview:large, max-video-preview:-1\" \/>\n<link rel=\"canonical\" href=\"https:\/\/www.forbes.be\/fr\/la-belgique-se-dessine-a-paris\/\" \/>\n<meta property=\"og:locale\" content=\"fr_FR\" \/>\n<meta property=\"og:type\" content=\"article\" \/>\n<meta property=\"og:title\" content=\"La Belgique se dessine \u00e0 Paris | Forbes Belgique\" \/>\n<meta property=\"og:description\" content=\"\u00c0 Paris, les Belges de Bruxelles, Anvers et Li\u00e8ge se distinguent au Salon du Dessin et \u00e0 Drawing Now.\" \/>\n<meta property=\"og:url\" content=\"https:\/\/www.forbes.be\/fr\/la-belgique-se-dessine-a-paris\/\" \/>\n<meta property=\"og:site_name\" content=\"Forbes Belgique\" \/>\n<meta property=\"article:publisher\" content=\"https:\/\/www.facebook.com\/forbesbelgique\/\" \/>\n<meta property=\"article:published_time\" content=\"2025-03-28T11:10:23+00:00\" \/>\n<meta property=\"article:modified_time\" content=\"2025-04-01T08:21:59+00:00\" \/>\n<meta property=\"og:image\" content=\"https:\/\/www.forbes.be\/fr\/wp-content\/uploads\/2025\/03\/salon-du-dessin-2025-03-25-r6-4713-scaled-e1743495711903.jpg\" \/>\n\t<meta property=\"og:image:width\" content=\"1707\" \/>\n\t<meta property=\"og:image:height\" content=\"893\" \/>\n\t<meta property=\"og:image:type\" content=\"image\/jpeg\" \/>\n<meta name=\"author\" content=\"Johan-Fr\u00e9d\u00e9rik Hel Guedj\" \/>\n<meta name=\"twitter:card\" content=\"summary_large_image\" \/>\n<meta name=\"twitter:label1\" content=\"\u00c9crit par\" \/>\n\t<meta name=\"twitter:data1\" content=\"Johan-Fr\u00e9d\u00e9rik Hel Guedj\" \/>\n\t<meta name=\"twitter:label2\" content=\"Dur\u00e9e de lecture estim\u00e9e\" \/>\n\t<meta name=\"twitter:data2\" content=\"3 minutes\" \/>\n<script type=\"application\/ld+json\" class=\"yoast-schema-graph\">{\"@context\":\"https:\\\/\\\/schema.org\",\"@graph\":[{\"@type\":\"NewsArticle\",\"@id\":\"https:\\\/\\\/www.forbes.be\\\/fr\\\/la-belgique-se-dessine-a-paris\\\/#article\",\"isPartOf\":{\"@id\":\"https:\\\/\\\/www.forbes.be\\\/fr\\\/la-belgique-se-dessine-a-paris\\\/\"},\"author\":{\"name\":\"Johan-Fr\u00e9d\u00e9rik Hel Guedj\",\"@id\":\"https:\\\/\\\/www.forbes.be\\\/fr\\\/#\\\/schema\\\/person\\\/ad1bb0e83419af89356b7b11a6622c80\"},\"headline\":\"La Belgique se dessine \u00e0 Paris\",\"datePublished\":\"2025-03-28T11:10:23+00:00\",\"dateModified\":\"2025-04-01T08:21:59+00:00\",\"mainEntityOfPage\":{\"@id\":\"https:\\\/\\\/www.forbes.be\\\/fr\\\/la-belgique-se-dessine-a-paris\\\/\"},\"wordCount\":498,\"publisher\":{\"@id\":\"https:\\\/\\\/www.forbes.be\\\/fr\\\/#organization\"},\"image\":{\"@id\":\"https:\\\/\\\/www.forbes.be\\\/fr\\\/la-belgique-se-dessine-a-paris\\\/#primaryimage\"},\"thumbnailUrl\":\"https:\\\/\\\/www.forbes.be\\\/fr\\\/wp-content\\\/uploads\\\/2025\\\/03\\\/salon-du-dessin-2025-03-25-r6-4713-scaled-e1743495711903.jpg\",\"articleSection\":[\"Actualit\u00e9s\"],\"inLanguage\":\"fr-FR\"},{\"@type\":\"WebPage\",\"@id\":\"https:\\\/\\\/www.forbes.be\\\/fr\\\/la-belgique-se-dessine-a-paris\\\/\",\"url\":\"https:\\\/\\\/www.forbes.be\\\/fr\\\/la-belgique-se-dessine-a-paris\\\/\",\"name\":\"La Belgique se dessine \u00e0 Paris | Forbes Belgique\",\"isPartOf\":{\"@id\":\"https:\\\/\\\/www.forbes.be\\\/fr\\\/#website\"},\"primaryImageOfPage\":{\"@id\":\"https:\\\/\\\/www.forbes.be\\\/fr\\\/la-belgique-se-dessine-a-paris\\\/#primaryimage\"},\"image\":{\"@id\":\"https:\\\/\\\/www.forbes.be\\\/fr\\\/la-belgique-se-dessine-a-paris\\\/#primaryimage\"},\"thumbnailUrl\":\"https:\\\/\\\/www.forbes.be\\\/fr\\\/wp-content\\\/uploads\\\/2025\\\/03\\\/salon-du-dessin-2025-03-25-r6-4713-scaled-e1743495711903.jpg\",\"datePublished\":\"2025-03-28T11:10:23+00:00\",\"dateModified\":\"2025-04-01T08:21:59+00:00\",\"description\":\"\u00c0 Paris, les Belges de Bruxelles, Anvers et Li\u00e8ge se distinguent au Salon du Dessin et \u00e0 Drawing Now.\",\"breadcrumb\":{\"@id\":\"https:\\\/\\\/www.forbes.be\\\/fr\\\/la-belgique-se-dessine-a-paris\\\/#breadcrumb\"},\"inLanguage\":\"fr-FR\",\"potentialAction\":[{\"@type\":\"ReadAction\",\"target\":[\"https:\\\/\\\/www.forbes.be\\\/fr\\\/la-belgique-se-dessine-a-paris\\\/\"]}]},{\"@type\":\"ImageObject\",\"inLanguage\":\"fr-FR\",\"@id\":\"https:\\\/\\\/www.forbes.be\\\/fr\\\/la-belgique-se-dessine-a-paris\\\/#primaryimage\",\"url\":\"https:\\\/\\\/www.forbes.be\\\/fr\\\/wp-content\\\/uploads\\\/2025\\\/03\\\/salon-du-dessin-2025-03-25-r6-4713-scaled-e1743495711903.jpg\",\"contentUrl\":\"https:\\\/\\\/www.forbes.be\\\/fr\\\/wp-content\\\/uploads\\\/2025\\\/03\\\/salon-du-dessin-2025-03-25-r6-4713-scaled-e1743495711903.jpg\",\"width\":1707,\"height\":893},{\"@type\":\"BreadcrumbList\",\"@id\":\"https:\\\/\\\/www.forbes.be\\\/fr\\\/la-belgique-se-dessine-a-paris\\\/#breadcrumb\",\"itemListElement\":[{\"@type\":\"ListItem\",\"position\":1,\"name\":\"Accueil\",\"item\":\"https:\\\/\\\/www.forbes.be\\\/fr\\\/\"},{\"@type\":\"ListItem\",\"position\":2,\"name\":\"La Belgique se dessine \u00e0 Paris\"}]},{\"@type\":\"WebSite\",\"@id\":\"https:\\\/\\\/www.forbes.be\\\/fr\\\/#website\",\"url\":\"https:\\\/\\\/www.forbes.be\\\/fr\\\/\",\"name\":\"Forbes Belgique\",\"description\":\"\",\"publisher\":{\"@id\":\"https:\\\/\\\/www.forbes.be\\\/fr\\\/#organization\"},\"potentialAction\":[{\"@type\":\"SearchAction\",\"target\":{\"@type\":\"EntryPoint\",\"urlTemplate\":\"https:\\\/\\\/www.forbes.be\\\/fr\\\/?s={search_term_string}\"},\"query-input\":{\"@type\":\"PropertyValueSpecification\",\"valueRequired\":true,\"valueName\":\"search_term_string\"}}],\"inLanguage\":\"fr-FR\"},{\"@type\":\"Organization\",\"@id\":\"https:\\\/\\\/www.forbes.be\\\/fr\\\/#organization\",\"name\":\"Forbes Belgique\",\"url\":\"https:\\\/\\\/www.forbes.be\\\/fr\\\/\",\"logo\":{\"@type\":\"ImageObject\",\"inLanguage\":\"fr-FR\",\"@id\":\"https:\\\/\\\/www.forbes.be\\\/fr\\\/#\\\/schema\\\/logo\\\/image\\\/\",\"url\":\"https:\\\/\\\/www.forbes.be\\\/fr\\\/wp-content\\\/uploads\\\/2024\\\/02\\\/forbes.be_.png\",\"contentUrl\":\"https:\\\/\\\/www.forbes.be\\\/fr\\\/wp-content\\\/uploads\\\/2024\\\/02\\\/forbes.be_.png\",\"width\":1200,\"height\":675,\"caption\":\"Forbes Belgique\"},\"image\":{\"@id\":\"https:\\\/\\\/www.forbes.be\\\/fr\\\/#\\\/schema\\\/logo\\\/image\\\/\"},\"sameAs\":[\"https:\\\/\\\/www.facebook.com\\\/forbesbelgique\\\/\",\"https:\\\/\\\/www.instagram.com\\\/Forbes_Belgium\",\"https:\\\/\\\/www.linkedin.com\\\/company\\\/forbes-belgium\\\/\"]},{\"@type\":\"Person\",\"@id\":\"https:\\\/\\\/www.forbes.be\\\/fr\\\/#\\\/schema\\\/person\\\/ad1bb0e83419af89356b7b11a6622c80\",\"name\":\"Johan-Fr\u00e9d\u00e9rik Hel Guedj\",\"image\":{\"@type\":\"ImageObject\",\"inLanguage\":\"fr-FR\",\"@id\":\"https:\\\/\\\/secure.gravatar.com\\\/avatar\\\/65333543693434f2cc9fdefb3173b162df98712d00606b00b3d43914f79a1598?s=96&d=mm&r=g\",\"url\":\"https:\\\/\\\/secure.gravatar.com\\\/avatar\\\/65333543693434f2cc9fdefb3173b162df98712d00606b00b3d43914f79a1598?s=96&d=mm&r=g\",\"contentUrl\":\"https:\\\/\\\/secure.gravatar.com\\\/avatar\\\/65333543693434f2cc9fdefb3173b162df98712d00606b00b3d43914f79a1598?s=96&d=mm&r=g\",\"caption\":\"Johan-Fr\u00e9d\u00e9rik Hel Guedj\"},\"description\":\"Johan-Frederik Hel Guedj est journaliste et auteur fran\u00e7ais. R\u00e9dacteur en chef pendant 7 ans de la revue Pouvoirs Locaux, consacr\u00e9e aux politiques culturelles, il a publi\u00e9 huit ouvrages chez des \u00e9diteurs fran\u00e7ais et belges, dont deux romans, un essai consacr\u00e9 \u00e0 Orson Welles, et quatre livres d\u2019art. En plus de Forbes, il collabore \u00e0 L\u2019Echo et au Quotidien de l\u2019Art (Paris).\",\"url\":\"https:\\\/\\\/www.forbes.be\\\/fr\\\/author\\\/johan-frederik-hel-guedj\\\/\"}]}<\/script>\n<!-- \/ Yoast SEO plugin. -->","yoast_head_json":{"title":"La Belgique se dessine \u00e0 Paris | Forbes Belgique","description":"\u00c0 Paris, les Belges de Bruxelles, Anvers et Li\u00e8ge se distinguent au Salon du Dessin et \u00e0 Drawing Now.","robots":{"index":"index","follow":"follow","max-snippet":"max-snippet:-1","max-image-preview":"max-image-preview:large","max-video-preview":"max-video-preview:-1"},"canonical":"https:\/\/www.forbes.be\/fr\/la-belgique-se-dessine-a-paris\/","og_locale":"fr_FR","og_type":"article","og_title":"La Belgique se dessine \u00e0 Paris | Forbes Belgique","og_description":"\u00c0 Paris, les Belges de Bruxelles, Anvers et Li\u00e8ge se distinguent au Salon du Dessin et \u00e0 Drawing Now.","og_url":"https:\/\/www.forbes.be\/fr\/la-belgique-se-dessine-a-paris\/","og_site_name":"Forbes Belgique","article_publisher":"https:\/\/www.facebook.com\/forbesbelgique\/","article_published_time":"2025-03-28T11:10:23+00:00","article_modified_time":"2025-04-01T08:21:59+00:00","og_image":[{"width":1707,"height":893,"url":"https:\/\/www.forbes.be\/fr\/wp-content\/uploads\/2025\/03\/salon-du-dessin-2025-03-25-r6-4713-scaled-e1743495711903.jpg","type":"image\/jpeg"}],"author":"Johan-Fr\u00e9d\u00e9rik Hel Guedj","twitter_card":"summary_large_image","twitter_misc":{"\u00c9crit par":"Johan-Fr\u00e9d\u00e9rik Hel Guedj","Dur\u00e9e de lecture estim\u00e9e":"3 minutes"},"schema":{"@context":"https:\/\/schema.org","@graph":[{"@type":"NewsArticle","@id":"https:\/\/www.forbes.be\/fr\/la-belgique-se-dessine-a-paris\/#article","isPartOf":{"@id":"https:\/\/www.forbes.be\/fr\/la-belgique-se-dessine-a-paris\/"},"author":{"name":"Johan-Fr\u00e9d\u00e9rik Hel Guedj","@id":"https:\/\/www.forbes.be\/fr\/#\/schema\/person\/ad1bb0e83419af89356b7b11a6622c80"},"headline":"La Belgique se dessine \u00e0 Paris","datePublished":"2025-03-28T11:10:23+00:00","dateModified":"2025-04-01T08:21:59+00:00","mainEntityOfPage":{"@id":"https:\/\/www.forbes.be\/fr\/la-belgique-se-dessine-a-paris\/"},"wordCount":498,"publisher":{"@id":"https:\/\/www.forbes.be\/fr\/#organization"},"image":{"@id":"https:\/\/www.forbes.be\/fr\/la-belgique-se-dessine-a-paris\/#primaryimage"},"thumbnailUrl":"https:\/\/www.forbes.be\/fr\/wp-content\/uploads\/2025\/03\/salon-du-dessin-2025-03-25-r6-4713-scaled-e1743495711903.jpg","articleSection":["Actualit\u00e9s"],"inLanguage":"fr-FR"},{"@type":"WebPage","@id":"https:\/\/www.forbes.be\/fr\/la-belgique-se-dessine-a-paris\/","url":"https:\/\/www.forbes.be\/fr\/la-belgique-se-dessine-a-paris\/","name":"La Belgique se dessine \u00e0 Paris | Forbes Belgique","isPartOf":{"@id":"https:\/\/www.forbes.be\/fr\/#website"},"primaryImageOfPage":{"@id":"https:\/\/www.forbes.be\/fr\/la-belgique-se-dessine-a-paris\/#primaryimage"},"image":{"@id":"https:\/\/www.forbes.be\/fr\/la-belgique-se-dessine-a-paris\/#primaryimage"},"thumbnailUrl":"https:\/\/www.forbes.be\/fr\/wp-content\/uploads\/2025\/03\/salon-du-dessin-2025-03-25-r6-4713-scaled-e1743495711903.jpg","datePublished":"2025-03-28T11:10:23+00:00","dateModified":"2025-04-01T08:21:59+00:00","description":"\u00c0 Paris, les Belges de Bruxelles, Anvers et Li\u00e8ge se distinguent au Salon du Dessin et \u00e0 Drawing Now.","breadcrumb":{"@id":"https:\/\/www.forbes.be\/fr\/la-belgique-se-dessine-a-paris\/#breadcrumb"},"inLanguage":"fr-FR","potentialAction":[{"@type":"ReadAction","target":["https:\/\/www.forbes.be\/fr\/la-belgique-se-dessine-a-paris\/"]}]},{"@type":"ImageObject","inLanguage":"fr-FR","@id":"https:\/\/www.forbes.be\/fr\/la-belgique-se-dessine-a-paris\/#primaryimage","url":"https:\/\/www.forbes.be\/fr\/wp-content\/uploads\/2025\/03\/salon-du-dessin-2025-03-25-r6-4713-scaled-e1743495711903.jpg","contentUrl":"https:\/\/www.forbes.be\/fr\/wp-content\/uploads\/2025\/03\/salon-du-dessin-2025-03-25-r6-4713-scaled-e1743495711903.jpg","width":1707,"height":893},{"@type":"BreadcrumbList","@id":"https:\/\/www.forbes.be\/fr\/la-belgique-se-dessine-a-paris\/#breadcrumb","itemListElement":[{"@type":"ListItem","position":1,"name":"Accueil","item":"https:\/\/www.forbes.be\/fr\/"},{"@type":"ListItem","position":2,"name":"La Belgique se dessine \u00e0 Paris"}]},{"@type":"WebSite","@id":"https:\/\/www.forbes.be\/fr\/#website","url":"https:\/\/www.forbes.be\/fr\/","name":"Forbes Belgique","description":"","publisher":{"@id":"https:\/\/www.forbes.be\/fr\/#organization"},"potentialAction":[{"@type":"SearchAction","target":{"@type":"EntryPoint","urlTemplate":"https:\/\/www.forbes.be\/fr\/?s={search_term_string}"},"query-input":{"@type":"PropertyValueSpecification","valueRequired":true,"valueName":"search_term_string"}}],"inLanguage":"fr-FR"},{"@type":"Organization","@id":"https:\/\/www.forbes.be\/fr\/#organization","name":"Forbes Belgique","url":"https:\/\/www.forbes.be\/fr\/","logo":{"@type":"ImageObject","inLanguage":"fr-FR","@id":"https:\/\/www.forbes.be\/fr\/#\/schema\/logo\/image\/","url":"https:\/\/www.forbes.be\/fr\/wp-content\/uploads\/2024\/02\/forbes.be_.png","contentUrl":"https:\/\/www.forbes.be\/fr\/wp-content\/uploads\/2024\/02\/forbes.be_.png","width":1200,"height":675,"caption":"Forbes Belgique"},"image":{"@id":"https:\/\/www.forbes.be\/fr\/#\/schema\/logo\/image\/"},"sameAs":["https:\/\/www.facebook.com\/forbesbelgique\/","https:\/\/www.instagram.com\/Forbes_Belgium","https:\/\/www.linkedin.com\/company\/forbes-belgium\/"]},{"@type":"Person","@id":"https:\/\/www.forbes.be\/fr\/#\/schema\/person\/ad1bb0e83419af89356b7b11a6622c80","name":"Johan-Fr\u00e9d\u00e9rik Hel Guedj","image":{"@type":"ImageObject","inLanguage":"fr-FR","@id":"https:\/\/secure.gravatar.com\/avatar\/65333543693434f2cc9fdefb3173b162df98712d00606b00b3d43914f79a1598?s=96&d=mm&r=g","url":"https:\/\/secure.gravatar.com\/avatar\/65333543693434f2cc9fdefb3173b162df98712d00606b00b3d43914f79a1598?s=96&d=mm&r=g","contentUrl":"https:\/\/secure.gravatar.com\/avatar\/65333543693434f2cc9fdefb3173b162df98712d00606b00b3d43914f79a1598?s=96&d=mm&r=g","caption":"Johan-Fr\u00e9d\u00e9rik Hel Guedj"},"description":"Johan-Frederik Hel Guedj est journaliste et auteur fran\u00e7ais. R\u00e9dacteur en chef pendant 7 ans de la revue Pouvoirs Locaux, consacr\u00e9e aux politiques culturelles, il a publi\u00e9 huit ouvrages chez des \u00e9diteurs fran\u00e7ais et belges, dont deux romans, un essai consacr\u00e9 \u00e0 Orson Welles, et quatre livres d\u2019art. En plus de Forbes, il collabore \u00e0 L\u2019Echo et au Quotidien de l\u2019Art (Paris).","url":"https:\/\/www.forbes.be\/fr\/author\/johan-frederik-hel-guedj\/"}]}},"_links":{"self":[{"href":"https:\/\/www.forbes.be\/fr\/wp-json\/wp\/v2\/posts\/9465","targetHints":{"allow":["GET"]}}],"collection":[{"href":"https:\/\/www.forbes.be\/fr\/wp-json\/wp\/v2\/posts"}],"about":[{"href":"https:\/\/www.forbes.be\/fr\/wp-json\/wp\/v2\/types\/post"}],"author":[{"embeddable":true,"href":"https:\/\/www.forbes.be\/fr\/wp-json\/wp\/v2\/users\/27"}],"replies":[{"embeddable":true,"href":"https:\/\/www.forbes.be\/fr\/wp-json\/wp\/v2\/comments?post=9465"}],"version-history":[{"count":3,"href":"https:\/\/www.forbes.be\/fr\/wp-json\/wp\/v2\/posts\/9465\/revisions"}],"predecessor-version":[{"id":9497,"href":"https:\/\/www.forbes.be\/fr\/wp-json\/wp\/v2\/posts\/9465\/revisions\/9497"}],"wp:featuredmedia":[{"embeddable":true,"href":"https:\/\/www.forbes.be\/fr\/wp-json\/wp\/v2\/media\/9470"}],"wp:attachment":[{"href":"https:\/\/www.forbes.be\/fr\/wp-json\/wp\/v2\/media?parent=9465"}],"wp:term":[{"taxonomy":"category","embeddable":true,"href":"https:\/\/www.forbes.be\/fr\/wp-json\/wp\/v2\/categories?post=9465"},{"taxonomy":"post_tag","embeddable":true,"href":"https:\/\/www.forbes.be\/fr\/wp-json\/wp\/v2\/tags?post=9465"}],"curies":[{"name":"wp","href":"https:\/\/api.w.org\/{rel}","templated":true}]}}