{"id":9486,"date":"2025-04-10T07:00:00","date_gmt":"2025-04-10T05:00:00","guid":{"rendered":"https:\/\/www.forbes.be\/fr\/?p=9486"},"modified":"2025-04-07T12:30:03","modified_gmt":"2025-04-07T10:30:03","slug":"cma-cgm-sera-t-il-bien-le-sauveur-dair-belgium","status":"publish","type":"post","link":"https:\/\/www.forbes.be\/fr\/cma-cgm-sera-t-il-bien-le-sauveur-dair-belgium\/","title":{"rendered":"CMA CGM sera-t-il bien le sauveur d&rsquo;Air Belgium?"},"content":{"rendered":"<p>Pas une ann\u00e9e ne se passe depuis le lancement d&rsquo;<a href=\"https:\/\/www.airbelgium.com\/fr\/\">Air Belgium<\/a> en 2016 sans que le futur de la compagnie a\u00e9rienne ne revienne au devant de l&rsquo;actualit\u00e9. Dernier \u00e9l\u00e9ment en date: le feu vert de la justice belge donn\u00e9 il y a quelques jours \u00e0 sa reprise par le groupe maritime fran\u00e7ais <a href=\"https:\/\/www.cma-cgm.fr\/\">CMA CGM<\/a>. Le g\u00e9ant de la logistique pourra-t-il bien sauver le transporteur braban\u00e7on ? Ou un \u00e9ni\u00e8me rebondissement est-il encore \u00e0 attendre prochainement dans cette saga ? Une chose est s\u00fbre, il n&rsquo;y aura bient\u00f4t plus de compagnie a\u00e9rienne dont le centre de d\u00e9cisions se trouve en Belgique dans les airs.<\/p>\n<p>Depuis plusieurs mois, l&rsquo;avenir d&rsquo;Air Belgium s&rsquo;\u00e9crit en pointill\u00e9s. De compagnie a\u00e9rienne passagers et cargo, elle est pass\u00e9e \u00e0 un transporteur de fret, non sans devoir se s\u00e9parer d&rsquo;une bonne partie de son personnel.<\/p>\n<h2>Fin des vols passagers<\/h2>\n<p>Tout a commenc\u00e9 en septembre 2023, lorsqu&rsquo;Air Belgium a subitement d\u00e9cid\u00e9 de mettre fin \u00e0 ses op\u00e9rations passagers effectu\u00e9e en propre. Finies les liaisons entre Brussels Airport et l&rsquo;Afrique du Sud et l&rsquo;\u00cele Maurice, \u00ab\u00a0chroniquement non rentables\u00a0\u00bb. Quelque 11.000 personnes sont alors rest\u00e9es sur le carreau et n&rsquo;ont ensuite jamais vu la couleur de leur argent leur revenir.<\/p>\n<p>La compagnie demande alors \u00e0 \u00eatre plac\u00e9e en proc\u00e9dure de r\u00e9organisation judiciaire. Pendant un an, gr\u00e2ce \u00e0 cette protection contre ses cr\u00e9anciers, le transporteur continue d&rsquo;effectuer des op\u00e9rations ACMI, soit l\u2019affr\u00e8tement d\u2019avions pour d\u2019autres compagnies, qu\u2019elles soient de fret ou passagers, et d&rsquo;assurer des vols cargo.<\/p>\n<p>En septembre 2024, Air Belgium n&rsquo;ayant pas trouv\u00e9 de solution p\u00e9renne aupr\u00e8s de ses actionnaires, elle doit se r\u00e9soudre \u00e0 tenter de trouver un repreneur ext\u00e9rieur. Elle passe alors de la PRJ \u00e0 une proc\u00e9dure de transfert sous autorit\u00e9 judiciaire. Et c&rsquo;est cette proc\u00e9dure qui ne cesse de rebondir ces derni\u00e8res semaines.<\/p>\n<h2>Un premier repreneur&#8230;<\/h2>\n<p>Mi-d\u00e9cembre, un repreneur pour les seules activit\u00e9s cargo est trouv\u00e9 en la personne (morale) du consortium Air One Belgium, compos\u00e9 des soci\u00e9t\u00e9s PESO Aviation Management et <span class=\"es-highlight\">Air<\/span>\u00a0<span class=\"es-highlight\">One<\/span> Holding International, qui dit g\u00e9rer la cinqui\u00e8me plus grande flotte cargo d&rsquo;avions gros porteurs au monde. Cette nouvelle structure affirme qu&rsquo;elle conservera 197 des 401 collaborateurs actuels (pilotes compris) de la compagnie, tandis que les 200 autres, essentiellement du personnel de cabine ayant \u00e9t\u00e9 plac\u00e9 en ch\u00f4mage \u00e9conomique depuis le mois d&rsquo;octobre, sont condamn\u00e9s \u00e0 perdre leur emploi d&rsquo;ici la mi-avril. Le processus de reprise est cens\u00e9 s&rsquo;\u00e9taler sur une p\u00e9riode de quatre \u00e0 cinq mois.<\/p>\n<p>Sauf que, d\u00e9but mars, le dossier rebondit compl\u00e8tement. Sollicit\u00e9 en ce sens par le praticien charg\u00e9 de g\u00e9rer le transfert sous autorit\u00e9 judiciaire, le tribunal de l&rsquo;entreprise du Brabant wallon revient sur sa d\u00e9cision en faveur d&rsquo;Air One Belgium, qui a apparemment trop tra\u00een\u00e9 pour effectuer les d\u00e9marches demand\u00e9es, et rouvre la possibilit\u00e9 pour d&rsquo;autres repreneurs de d\u00e9poser un dossier. C&rsquo;est ici qu&rsquo;intervient CMA CGM, \u00ab\u00a0le seul \u00e0 pouvoir sauver Air Belgium\u00a0\u00bb, selon les mots du praticien devant le tribunal de l&rsquo;entreprise.<\/p>\n<h2>&#8230;suivi d&rsquo;un second<\/h2>\n<p>L&rsquo;offre de reprise du groupe logistique fran\u00e7ais vient d&rsquo;\u00eatre accept\u00e9e par la justice. Elle pr\u00e9voit\u00a0la reprise compl\u00e8te des activit\u00e9s cargo de la compagnie belge avec sa flotte de 4 appareils (deux Airbus A330-243F et deux Boeing B747-8F). Sur les 401 membres du personnel, seuls 186 collaborateurs seront gard\u00e9s, soit moins qu&rsquo;avec l&rsquo;offre d&rsquo;Air One Belgium. <span lang=\"FR\">Les postes du personnel administratif, op\u00e9rationnel, au sol et de vol, ainsi que le personnel navigant pilote (toutes cat\u00e9gories d\u2019avions confondues), sont conserv\u00e9s, ind\u00e9pendamment du type de contrat. La nouvelle structure, qui gardera le nom et la marque Air Belgium, op\u00e9rera au d\u00e9part de Brussels Airport et de Liege Airport.<\/span><\/p>\n<p>Il y a cependant encore un sacr\u00e9 caillou dans la chaussure d&rsquo;Air Belgium&#8230; Le consortium Air One Belgium, qui n&rsquo;est plus du tout en odeur de saintet\u00e9 du c\u00f4t\u00e9 de Mont-Saint-Guibert, a en effet d\u00e9pos\u00e9 un appel contre la d\u00e9cision du tribunal de l&rsquo;entreprise du Brabant wallon de l&rsquo;\u00e9carter. Apr\u00e8s une audience d&rsquo;introduction le 3 avril, ce pourvoi sera examin\u00e9 le 24 avril prochain. Il n&rsquo;est pas impossible qu&rsquo;in fine la cour d&rsquo;appel de Bruxelles casse la d\u00e9cision prise en premi\u00e8re instance. Cela causerait un sacr\u00e9 imbroglio, remettant alors potentiellement Air One Belgium dans la course.<\/p>\n<p>Qu&rsquo;importe la reprise par Air One Belgium ou par CMA CGM, il est par contre certain que ce transfert sonnera aussi la fin de l&rsquo;existence de ce qui \u00e9tait la derni\u00e8re compagnie a\u00e9rienne v\u00e9ritablement belge. Brussels Airlines appartient en effet \u00e0 100% au groupe allemand Lufthansa, qui y dicte la marche \u00e0 suivre, tandis que TUI Fly, active dans plusieurs a\u00e9roports du pays, d\u00e9pend du tour-op\u00e9rateur allemand TUI.<\/p>\n","protected":false},"excerpt":{"rendered":"<p>Pas une ann\u00e9e ne se passe depuis le lancement d&rsquo;Air Belgium en 2016 sans que le futur de la compagnie a\u00e9rienne ne revienne au devant de l&rsquo;actualit\u00e9. Dernier \u00e9l\u00e9ment en date: le feu vert de la justice belge donn\u00e9 il y a quelques jours \u00e0 sa reprise par le groupe maritime fran\u00e7ais CMA CGM. Le [&hellip;]<\/p>\n","protected":false},"author":37,"featured_media":9517,"comment_status":"closed","ping_status":"closed","sticky":false,"template":"","format":"standard","meta":{"_acf_changed":false,"inline_featured_image":false,"footnotes":""},"categories":[1],"tags":[],"class_list":{"0":"post-9486","1":"post","2":"type-post","3":"status-publish","4":"format-standard","5":"has-post-thumbnail","7":"category-actualite"},"acf":[],"_yoast_wpseo_title":null,"_yoast_wpseo_metadesc":"Le groupe logistique fran\u00e7ais CMA CGM sera-t-il le sauveur d'Air Belgium? Air One Belgium, premier repreneur, reviendra-t-il dans la course?","auteur_traducteur":"","yoast_head":"<!-- This site is optimized with the Yoast SEO plugin v27.4 - https:\/\/yoast.com\/product\/yoast-seo-wordpress\/ -->\n<title>CMA CGM sera-t-il bien le sauveur d&#039;Air Belgium? | Forbes Belgique<\/title>\n<meta name=\"description\" content=\"Le groupe logistique fran\u00e7ais CMA CGM sera-t-il le sauveur d&#039;Air Belgium? Air One Belgium, premier repreneur, reviendra-t-il dans la course?\" \/>\n<meta name=\"robots\" content=\"index, follow, max-snippet:-1, max-image-preview:large, max-video-preview:-1\" \/>\n<link rel=\"canonical\" href=\"https:\/\/www.forbes.be\/fr\/cma-cgm-sera-t-il-bien-le-sauveur-dair-belgium\/\" \/>\n<meta property=\"og:locale\" content=\"fr_FR\" \/>\n<meta property=\"og:type\" content=\"article\" \/>\n<meta property=\"og:title\" content=\"CMA CGM sera-t-il bien le sauveur d&#039;Air Belgium? | Forbes Belgique\" \/>\n<meta property=\"og:description\" content=\"Le groupe logistique fran\u00e7ais CMA CGM sera-t-il le sauveur d&#039;Air Belgium? Air One Belgium, premier repreneur, reviendra-t-il dans la course?\" \/>\n<meta property=\"og:url\" content=\"https:\/\/www.forbes.be\/fr\/cma-cgm-sera-t-il-bien-le-sauveur-dair-belgium\/\" \/>\n<meta property=\"og:site_name\" content=\"Forbes Belgique\" \/>\n<meta property=\"article:publisher\" content=\"https:\/\/www.facebook.com\/forbesbelgique\/\" \/>\n<meta property=\"article:published_time\" content=\"2025-04-10T05:00:00+00:00\" \/>\n<meta property=\"og:image\" content=\"https:\/\/www.forbes.be\/fr\/wp-content\/uploads\/2025\/03\/adobestock-607361565-editorial-use-only-scaled.jpeg\" \/>\n\t<meta property=\"og:image:width\" content=\"2560\" \/>\n\t<meta property=\"og:image:height\" content=\"1708\" \/>\n\t<meta property=\"og:image:type\" content=\"image\/jpeg\" \/>\n<meta name=\"author\" content=\"Juan Godbille\" \/>\n<meta name=\"twitter:card\" content=\"summary_large_image\" \/>\n<meta name=\"twitter:label1\" content=\"\u00c9crit par\" \/>\n\t<meta name=\"twitter:data1\" content=\"Juan Godbille\" \/>\n\t<meta name=\"twitter:label2\" content=\"Dur\u00e9e de lecture estim\u00e9e\" \/>\n\t<meta name=\"twitter:data2\" content=\"5 minutes\" \/>\n<script type=\"application\/ld+json\" class=\"yoast-schema-graph\">{\"@context\":\"https:\\\/\\\/schema.org\",\"@graph\":[{\"@type\":\"NewsArticle\",\"@id\":\"https:\\\/\\\/www.forbes.be\\\/fr\\\/cma-cgm-sera-t-il-bien-le-sauveur-dair-belgium\\\/#article\",\"isPartOf\":{\"@id\":\"https:\\\/\\\/www.forbes.be\\\/fr\\\/cma-cgm-sera-t-il-bien-le-sauveur-dair-belgium\\\/\"},\"author\":{\"name\":\"Juan Godbille\",\"@id\":\"https:\\\/\\\/www.forbes.be\\\/fr\\\/#\\\/schema\\\/person\\\/0d449791ef6199da3d469eca714eb773\"},\"headline\":\"CMA CGM sera-t-il bien le sauveur d&rsquo;Air Belgium?\",\"datePublished\":\"2025-04-10T05:00:00+00:00\",\"mainEntityOfPage\":{\"@id\":\"https:\\\/\\\/www.forbes.be\\\/fr\\\/cma-cgm-sera-t-il-bien-le-sauveur-dair-belgium\\\/\"},\"wordCount\":827,\"publisher\":{\"@id\":\"https:\\\/\\\/www.forbes.be\\\/fr\\\/#organization\"},\"image\":{\"@id\":\"https:\\\/\\\/www.forbes.be\\\/fr\\\/cma-cgm-sera-t-il-bien-le-sauveur-dair-belgium\\\/#primaryimage\"},\"thumbnailUrl\":\"https:\\\/\\\/www.forbes.be\\\/fr\\\/wp-content\\\/uploads\\\/2025\\\/03\\\/adobestock-607361565-editorial-use-only-scaled.jpeg\",\"articleSection\":[\"Actualit\u00e9s\"],\"inLanguage\":\"fr-FR\"},{\"@type\":\"WebPage\",\"@id\":\"https:\\\/\\\/www.forbes.be\\\/fr\\\/cma-cgm-sera-t-il-bien-le-sauveur-dair-belgium\\\/\",\"url\":\"https:\\\/\\\/www.forbes.be\\\/fr\\\/cma-cgm-sera-t-il-bien-le-sauveur-dair-belgium\\\/\",\"name\":\"CMA CGM sera-t-il bien le sauveur d'Air Belgium? | Forbes Belgique\",\"isPartOf\":{\"@id\":\"https:\\\/\\\/www.forbes.be\\\/fr\\\/#website\"},\"primaryImageOfPage\":{\"@id\":\"https:\\\/\\\/www.forbes.be\\\/fr\\\/cma-cgm-sera-t-il-bien-le-sauveur-dair-belgium\\\/#primaryimage\"},\"image\":{\"@id\":\"https:\\\/\\\/www.forbes.be\\\/fr\\\/cma-cgm-sera-t-il-bien-le-sauveur-dair-belgium\\\/#primaryimage\"},\"thumbnailUrl\":\"https:\\\/\\\/www.forbes.be\\\/fr\\\/wp-content\\\/uploads\\\/2025\\\/03\\\/adobestock-607361565-editorial-use-only-scaled.jpeg\",\"datePublished\":\"2025-04-10T05:00:00+00:00\",\"description\":\"Le groupe logistique fran\u00e7ais CMA CGM sera-t-il le sauveur d'Air Belgium? Air One Belgium, premier repreneur, reviendra-t-il dans la course?\",\"breadcrumb\":{\"@id\":\"https:\\\/\\\/www.forbes.be\\\/fr\\\/cma-cgm-sera-t-il-bien-le-sauveur-dair-belgium\\\/#breadcrumb\"},\"inLanguage\":\"fr-FR\",\"potentialAction\":[{\"@type\":\"ReadAction\",\"target\":[\"https:\\\/\\\/www.forbes.be\\\/fr\\\/cma-cgm-sera-t-il-bien-le-sauveur-dair-belgium\\\/\"]}]},{\"@type\":\"ImageObject\",\"inLanguage\":\"fr-FR\",\"@id\":\"https:\\\/\\\/www.forbes.be\\\/fr\\\/cma-cgm-sera-t-il-bien-le-sauveur-dair-belgium\\\/#primaryimage\",\"url\":\"https:\\\/\\\/www.forbes.be\\\/fr\\\/wp-content\\\/uploads\\\/2025\\\/03\\\/adobestock-607361565-editorial-use-only-scaled.jpeg\",\"contentUrl\":\"https:\\\/\\\/www.forbes.be\\\/fr\\\/wp-content\\\/uploads\\\/2025\\\/03\\\/adobestock-607361565-editorial-use-only-scaled.jpeg\",\"width\":2560,\"height\":1708},{\"@type\":\"BreadcrumbList\",\"@id\":\"https:\\\/\\\/www.forbes.be\\\/fr\\\/cma-cgm-sera-t-il-bien-le-sauveur-dair-belgium\\\/#breadcrumb\",\"itemListElement\":[{\"@type\":\"ListItem\",\"position\":1,\"name\":\"Accueil\",\"item\":\"https:\\\/\\\/www.forbes.be\\\/fr\\\/\"},{\"@type\":\"ListItem\",\"position\":2,\"name\":\"CMA CGM sera-t-il bien le sauveur d&rsquo;Air Belgium?\"}]},{\"@type\":\"WebSite\",\"@id\":\"https:\\\/\\\/www.forbes.be\\\/fr\\\/#website\",\"url\":\"https:\\\/\\\/www.forbes.be\\\/fr\\\/\",\"name\":\"Forbes Belgique\",\"description\":\"\",\"publisher\":{\"@id\":\"https:\\\/\\\/www.forbes.be\\\/fr\\\/#organization\"},\"potentialAction\":[{\"@type\":\"SearchAction\",\"target\":{\"@type\":\"EntryPoint\",\"urlTemplate\":\"https:\\\/\\\/www.forbes.be\\\/fr\\\/?s={search_term_string}\"},\"query-input\":{\"@type\":\"PropertyValueSpecification\",\"valueRequired\":true,\"valueName\":\"search_term_string\"}}],\"inLanguage\":\"fr-FR\"},{\"@type\":\"Organization\",\"@id\":\"https:\\\/\\\/www.forbes.be\\\/fr\\\/#organization\",\"name\":\"Forbes Belgique\",\"url\":\"https:\\\/\\\/www.forbes.be\\\/fr\\\/\",\"logo\":{\"@type\":\"ImageObject\",\"inLanguage\":\"fr-FR\",\"@id\":\"https:\\\/\\\/www.forbes.be\\\/fr\\\/#\\\/schema\\\/logo\\\/image\\\/\",\"url\":\"https:\\\/\\\/www.forbes.be\\\/fr\\\/wp-content\\\/uploads\\\/2024\\\/02\\\/forbes.be_.png\",\"contentUrl\":\"https:\\\/\\\/www.forbes.be\\\/fr\\\/wp-content\\\/uploads\\\/2024\\\/02\\\/forbes.be_.png\",\"width\":1200,\"height\":675,\"caption\":\"Forbes Belgique\"},\"image\":{\"@id\":\"https:\\\/\\\/www.forbes.be\\\/fr\\\/#\\\/schema\\\/logo\\\/image\\\/\"},\"sameAs\":[\"https:\\\/\\\/www.facebook.com\\\/forbesbelgique\\\/\",\"https:\\\/\\\/www.instagram.com\\\/Forbes_Belgium\",\"https:\\\/\\\/www.linkedin.com\\\/company\\\/forbes-belgium\\\/\"]},{\"@type\":\"Person\",\"@id\":\"https:\\\/\\\/www.forbes.be\\\/fr\\\/#\\\/schema\\\/person\\\/0d449791ef6199da3d469eca714eb773\",\"name\":\"Juan Godbille\",\"image\":{\"@type\":\"ImageObject\",\"inLanguage\":\"fr-FR\",\"@id\":\"https:\\\/\\\/secure.gravatar.com\\\/avatar\\\/de6d740453251c69ae34e42cfef9688bc2a5c942d7cab09074e7064fbac13ac9?s=96&d=mm&r=g\",\"url\":\"https:\\\/\\\/secure.gravatar.com\\\/avatar\\\/de6d740453251c69ae34e42cfef9688bc2a5c942d7cab09074e7064fbac13ac9?s=96&d=mm&r=g\",\"contentUrl\":\"https:\\\/\\\/secure.gravatar.com\\\/avatar\\\/de6d740453251c69ae34e42cfef9688bc2a5c942d7cab09074e7064fbac13ac9?s=96&d=mm&r=g\",\"caption\":\"Juan Godbille\"},\"url\":\"https:\\\/\\\/www.forbes.be\\\/fr\\\/author\\\/juan-godbille\\\/\"}]}<\/script>\n<!-- \/ Yoast SEO plugin. -->","yoast_head_json":{"title":"CMA CGM sera-t-il bien le sauveur d'Air Belgium? | Forbes Belgique","description":"Le groupe logistique fran\u00e7ais CMA CGM sera-t-il le sauveur d'Air Belgium? Air One Belgium, premier repreneur, reviendra-t-il dans la course?","robots":{"index":"index","follow":"follow","max-snippet":"max-snippet:-1","max-image-preview":"max-image-preview:large","max-video-preview":"max-video-preview:-1"},"canonical":"https:\/\/www.forbes.be\/fr\/cma-cgm-sera-t-il-bien-le-sauveur-dair-belgium\/","og_locale":"fr_FR","og_type":"article","og_title":"CMA CGM sera-t-il bien le sauveur d'Air Belgium? | Forbes Belgique","og_description":"Le groupe logistique fran\u00e7ais CMA CGM sera-t-il le sauveur d'Air Belgium? Air One Belgium, premier repreneur, reviendra-t-il dans la course?","og_url":"https:\/\/www.forbes.be\/fr\/cma-cgm-sera-t-il-bien-le-sauveur-dair-belgium\/","og_site_name":"Forbes Belgique","article_publisher":"https:\/\/www.facebook.com\/forbesbelgique\/","article_published_time":"2025-04-10T05:00:00+00:00","og_image":[{"width":2560,"height":1708,"url":"https:\/\/www.forbes.be\/fr\/wp-content\/uploads\/2025\/03\/adobestock-607361565-editorial-use-only-scaled.jpeg","type":"image\/jpeg"}],"author":"Juan Godbille","twitter_card":"summary_large_image","twitter_misc":{"\u00c9crit par":"Juan Godbille","Dur\u00e9e de lecture estim\u00e9e":"5 minutes"},"schema":{"@context":"https:\/\/schema.org","@graph":[{"@type":"NewsArticle","@id":"https:\/\/www.forbes.be\/fr\/cma-cgm-sera-t-il-bien-le-sauveur-dair-belgium\/#article","isPartOf":{"@id":"https:\/\/www.forbes.be\/fr\/cma-cgm-sera-t-il-bien-le-sauveur-dair-belgium\/"},"author":{"name":"Juan Godbille","@id":"https:\/\/www.forbes.be\/fr\/#\/schema\/person\/0d449791ef6199da3d469eca714eb773"},"headline":"CMA CGM sera-t-il bien le sauveur d&rsquo;Air Belgium?","datePublished":"2025-04-10T05:00:00+00:00","mainEntityOfPage":{"@id":"https:\/\/www.forbes.be\/fr\/cma-cgm-sera-t-il-bien-le-sauveur-dair-belgium\/"},"wordCount":827,"publisher":{"@id":"https:\/\/www.forbes.be\/fr\/#organization"},"image":{"@id":"https:\/\/www.forbes.be\/fr\/cma-cgm-sera-t-il-bien-le-sauveur-dair-belgium\/#primaryimage"},"thumbnailUrl":"https:\/\/www.forbes.be\/fr\/wp-content\/uploads\/2025\/03\/adobestock-607361565-editorial-use-only-scaled.jpeg","articleSection":["Actualit\u00e9s"],"inLanguage":"fr-FR"},{"@type":"WebPage","@id":"https:\/\/www.forbes.be\/fr\/cma-cgm-sera-t-il-bien-le-sauveur-dair-belgium\/","url":"https:\/\/www.forbes.be\/fr\/cma-cgm-sera-t-il-bien-le-sauveur-dair-belgium\/","name":"CMA CGM sera-t-il bien le sauveur d'Air Belgium? | Forbes Belgique","isPartOf":{"@id":"https:\/\/www.forbes.be\/fr\/#website"},"primaryImageOfPage":{"@id":"https:\/\/www.forbes.be\/fr\/cma-cgm-sera-t-il-bien-le-sauveur-dair-belgium\/#primaryimage"},"image":{"@id":"https:\/\/www.forbes.be\/fr\/cma-cgm-sera-t-il-bien-le-sauveur-dair-belgium\/#primaryimage"},"thumbnailUrl":"https:\/\/www.forbes.be\/fr\/wp-content\/uploads\/2025\/03\/adobestock-607361565-editorial-use-only-scaled.jpeg","datePublished":"2025-04-10T05:00:00+00:00","description":"Le groupe logistique fran\u00e7ais CMA CGM sera-t-il le sauveur d'Air Belgium? Air One Belgium, premier repreneur, reviendra-t-il dans la course?","breadcrumb":{"@id":"https:\/\/www.forbes.be\/fr\/cma-cgm-sera-t-il-bien-le-sauveur-dair-belgium\/#breadcrumb"},"inLanguage":"fr-FR","potentialAction":[{"@type":"ReadAction","target":["https:\/\/www.forbes.be\/fr\/cma-cgm-sera-t-il-bien-le-sauveur-dair-belgium\/"]}]},{"@type":"ImageObject","inLanguage":"fr-FR","@id":"https:\/\/www.forbes.be\/fr\/cma-cgm-sera-t-il-bien-le-sauveur-dair-belgium\/#primaryimage","url":"https:\/\/www.forbes.be\/fr\/wp-content\/uploads\/2025\/03\/adobestock-607361565-editorial-use-only-scaled.jpeg","contentUrl":"https:\/\/www.forbes.be\/fr\/wp-content\/uploads\/2025\/03\/adobestock-607361565-editorial-use-only-scaled.jpeg","width":2560,"height":1708},{"@type":"BreadcrumbList","@id":"https:\/\/www.forbes.be\/fr\/cma-cgm-sera-t-il-bien-le-sauveur-dair-belgium\/#breadcrumb","itemListElement":[{"@type":"ListItem","position":1,"name":"Accueil","item":"https:\/\/www.forbes.be\/fr\/"},{"@type":"ListItem","position":2,"name":"CMA CGM sera-t-il bien le sauveur d&rsquo;Air Belgium?"}]},{"@type":"WebSite","@id":"https:\/\/www.forbes.be\/fr\/#website","url":"https:\/\/www.forbes.be\/fr\/","name":"Forbes Belgique","description":"","publisher":{"@id":"https:\/\/www.forbes.be\/fr\/#organization"},"potentialAction":[{"@type":"SearchAction","target":{"@type":"EntryPoint","urlTemplate":"https:\/\/www.forbes.be\/fr\/?s={search_term_string}"},"query-input":{"@type":"PropertyValueSpecification","valueRequired":true,"valueName":"search_term_string"}}],"inLanguage":"fr-FR"},{"@type":"Organization","@id":"https:\/\/www.forbes.be\/fr\/#organization","name":"Forbes Belgique","url":"https:\/\/www.forbes.be\/fr\/","logo":{"@type":"ImageObject","inLanguage":"fr-FR","@id":"https:\/\/www.forbes.be\/fr\/#\/schema\/logo\/image\/","url":"https:\/\/www.forbes.be\/fr\/wp-content\/uploads\/2024\/02\/forbes.be_.png","contentUrl":"https:\/\/www.forbes.be\/fr\/wp-content\/uploads\/2024\/02\/forbes.be_.png","width":1200,"height":675,"caption":"Forbes Belgique"},"image":{"@id":"https:\/\/www.forbes.be\/fr\/#\/schema\/logo\/image\/"},"sameAs":["https:\/\/www.facebook.com\/forbesbelgique\/","https:\/\/www.instagram.com\/Forbes_Belgium","https:\/\/www.linkedin.com\/company\/forbes-belgium\/"]},{"@type":"Person","@id":"https:\/\/www.forbes.be\/fr\/#\/schema\/person\/0d449791ef6199da3d469eca714eb773","name":"Juan Godbille","image":{"@type":"ImageObject","inLanguage":"fr-FR","@id":"https:\/\/secure.gravatar.com\/avatar\/de6d740453251c69ae34e42cfef9688bc2a5c942d7cab09074e7064fbac13ac9?s=96&d=mm&r=g","url":"https:\/\/secure.gravatar.com\/avatar\/de6d740453251c69ae34e42cfef9688bc2a5c942d7cab09074e7064fbac13ac9?s=96&d=mm&r=g","contentUrl":"https:\/\/secure.gravatar.com\/avatar\/de6d740453251c69ae34e42cfef9688bc2a5c942d7cab09074e7064fbac13ac9?s=96&d=mm&r=g","caption":"Juan Godbille"},"url":"https:\/\/www.forbes.be\/fr\/author\/juan-godbille\/"}]}},"_links":{"self":[{"href":"https:\/\/www.forbes.be\/fr\/wp-json\/wp\/v2\/posts\/9486","targetHints":{"allow":["GET"]}}],"collection":[{"href":"https:\/\/www.forbes.be\/fr\/wp-json\/wp\/v2\/posts"}],"about":[{"href":"https:\/\/www.forbes.be\/fr\/wp-json\/wp\/v2\/types\/post"}],"author":[{"embeddable":true,"href":"https:\/\/www.forbes.be\/fr\/wp-json\/wp\/v2\/users\/37"}],"replies":[{"embeddable":true,"href":"https:\/\/www.forbes.be\/fr\/wp-json\/wp\/v2\/comments?post=9486"}],"version-history":[{"count":7,"href":"https:\/\/www.forbes.be\/fr\/wp-json\/wp\/v2\/posts\/9486\/revisions"}],"predecessor-version":[{"id":9647,"href":"https:\/\/www.forbes.be\/fr\/wp-json\/wp\/v2\/posts\/9486\/revisions\/9647"}],"wp:featuredmedia":[{"embeddable":true,"href":"https:\/\/www.forbes.be\/fr\/wp-json\/wp\/v2\/media\/9517"}],"wp:attachment":[{"href":"https:\/\/www.forbes.be\/fr\/wp-json\/wp\/v2\/media?parent=9486"}],"wp:term":[{"taxonomy":"category","embeddable":true,"href":"https:\/\/www.forbes.be\/fr\/wp-json\/wp\/v2\/categories?post=9486"},{"taxonomy":"post_tag","embeddable":true,"href":"https:\/\/www.forbes.be\/fr\/wp-json\/wp\/v2\/tags?post=9486"}],"curies":[{"name":"wp","href":"https:\/\/api.w.org\/{rel}","templated":true}]}}