{"id":9548,"date":"2025-04-01T08:36:02","date_gmt":"2025-04-01T06:36:02","guid":{"rendered":"https:\/\/www.forbes.be\/fr\/?p=9548"},"modified":"2025-04-01T10:24:01","modified_gmt":"2025-04-01T08:24:01","slug":"deces-du-magnat-de-la-construction-willy-naessens","status":"publish","type":"post","link":"https:\/\/www.forbes.be\/fr\/deces-du-magnat-de-la-construction-willy-naessens\/","title":{"rendered":"D\u00e9c\u00e8s du magnat de la construction Willy Naessens"},"content":{"rendered":"<p><strong>Willy Naessens, figure embl\u00e9matique du monde d\u2019affaires belge, est d\u00e9c\u00e9d\u00e9 ce lundi 31 mars \u00e0 l\u2019\u00e2ge de 86 ans.<\/strong><\/p>\n<div class=\"Content-module__content___jmKA6 _content_1f3ev_54\">\n<div class=\"react-scroll-to-bottom--css-tyneh-79elbk _chat-scroller_v4uyt_98\">\n<div class=\"react-scroll-to-bottom--css-tyneh-1n7m0yu _chat-scroller__scroll_v4uyt_101\">\n<div class=\"_message-list_v4uyt_91\">\n<div class=\"_container_v4uyt_1\">\n<div class=\"_container__content_v4uyt_14\">\n<div class=\"_container__message_v4uyt_41 _container__message--assistant_v4uyt_61\">\n<div class=\"_message_v4uyt_27\">\n<div class=\"_message__content_v4uyt_53\">\n<div class=\"MessageContent-module__message-content___Am59P MessageContent-module__message-content--markdown___oLH9Y\">\n<p>N\u00e9 en 1939 \u00e0 Elsegem, en Flandre-Orientale, Willy Naessens avait quitt\u00e9 l\u2019\u00e9cole \u00e0 14 ans. Il a d\u00e9but\u00e9 sa carri\u00e8re dans l&rsquo;\u00e9levage de poulets avant de b\u00e2tir un empire dans la construction industrielle.<\/p>\n<p>Son <a href=\"https:\/\/www.willynaessens.be\/fr\/accueil\/\">groupe<\/a> est devenu un acteur international dans le domaine de la construction d\u2019entrep\u00f4ts et de piscines, op\u00e9rant dans sept pays. Bien que Dennis Ingelbeen ait r\u00e9cemment \u00e9t\u00e9 nomm\u00e9 CEO, Naessens continuait \u00e0 superviser la strat\u00e9gie \u00e0 long terme de l&rsquo;entreprise. \u00c9lu Entreprise de l&rsquo;ann\u00e9e en 2023, le groupe a d\u00e9pass\u00e9 le milliard de chiffre d\u2019affaires l\u2019ann\u00e9e derni\u00e8re.<\/p>\n<p>Grand amateur de chevaux, Willy Naessens s&rsquo;impliquait activement dans des \u00e9v\u00e9nements culturels, tels que la c\u00e9l\u00e8bre \u00ab Willy Naessens Hat Trophy \u00bb lors des courses hippiques de Waregem Koerse. Il \u00e9tait \u00e9galement un invit\u00e9 pris\u00e9 des \u00e9missions de t\u00e9l\u00e9vision.<\/p>\n<p>En janvier, l&rsquo;homme d&rsquo;affaires s&rsquo;\u00e9tait fractur\u00e9 la hanche apr\u00e8s une chute, et des complications survenues durant sa convalescence avaient affaibli sa sant\u00e9.<\/p>\n<p>Sur X, le ministre-pr\u00e9sident flamand Mathias Diependaele (N-VA) lui rend hommage, saluant une ic\u00f4ne de l&rsquo;entrepreneuriat flamand. \u00ab Sa vision, sa pers\u00e9v\u00e9rance, sa passion et son humour laissent une impression durable. \u00bb<\/p>\n<\/div>\n<\/div>\n<\/div>\n<\/div>\n<\/div>\n<\/div>\n<\/div>\n<\/div>\n<\/div>\n<\/div>\n<div class=\"_bottom-content_1f3ev_72 _bottom-content--available_1f3ev_81\">\n<div class=\"_bottom-content__message-field_1f3ev_87\">\n<div class=\"_message-box_10ez7_30 _message-box--available_10ez7_63\">\n<div class=\"_style_10ez7_1\"><\/div>\n<div class=\"_message-box__content_10ez7_45\">\n<form>\n<div class=\"Alternate-module__messagebox___4CbjM\">\n<div class=\"Alternate-module__messagebox__prefix___dF7Eb\"><\/div>\n<div class=\"Alternate-module__messagebox__input-container___dw-bE\"><\/div>\n<\/div>\n<\/form>\n<\/div>\n<\/div>\n<\/div>\n<\/div>\n","protected":false},"excerpt":{"rendered":"<p>Willy Naessens, figure embl\u00e9matique du monde d\u2019affaires belge, est d\u00e9c\u00e9d\u00e9 ce lundi 31 mars \u00e0 l\u2019\u00e2ge de 86 ans. N\u00e9 en 1939 \u00e0 Elsegem, en Flandre-Orientale, Willy Naessens avait quitt\u00e9 l\u2019\u00e9cole \u00e0 14 ans. Il a d\u00e9but\u00e9 sa carri\u00e8re dans l&rsquo;\u00e9levage de poulets avant de b\u00e2tir un empire dans la construction industrielle. Son groupe est [&hellip;]<\/p>\n","protected":false},"author":14,"featured_media":9549,"comment_status":"closed","ping_status":"closed","sticky":false,"template":"","format":"standard","meta":{"_acf_changed":false,"inline_featured_image":false,"footnotes":""},"categories":[19],"tags":[],"class_list":{"0":"post-9548","1":"post","2":"type-post","3":"status-publish","4":"format-standard","5":"has-post-thumbnail","7":"category-entrepreneurs"},"acf":[],"_yoast_wpseo_title":null,"_yoast_wpseo_metadesc":"Willy Naessens, figure embl\u00e9matique du monde d\u2019affaires belge, est d\u00e9c\u00e9d\u00e9 ce lundi 31 mars \u00e0 l\u2019\u00e2ge de 86 ans.","auteur_traducteur":"","yoast_head":"<!-- This site is optimized with the Yoast SEO plugin v27.4 - https:\/\/yoast.com\/product\/yoast-seo-wordpress\/ -->\n<title>D\u00e9c\u00e8s du magnat de la construction Willy Naessens | Forbes Belgique<\/title>\n<meta name=\"description\" content=\"Willy Naessens, figure embl\u00e9matique du monde d\u2019affaires belge, est d\u00e9c\u00e9d\u00e9 ce lundi 31 mars \u00e0 l\u2019\u00e2ge de 86 ans.\" \/>\n<meta name=\"robots\" content=\"index, follow, max-snippet:-1, max-image-preview:large, max-video-preview:-1\" \/>\n<link rel=\"canonical\" href=\"https:\/\/www.forbes.be\/fr\/deces-du-magnat-de-la-construction-willy-naessens\/\" \/>\n<meta property=\"og:locale\" content=\"fr_FR\" \/>\n<meta property=\"og:type\" content=\"article\" \/>\n<meta property=\"og:title\" content=\"D\u00e9c\u00e8s du magnat de la construction Willy Naessens | Forbes Belgique\" \/>\n<meta property=\"og:description\" content=\"Willy Naessens, figure embl\u00e9matique du monde d\u2019affaires belge, est d\u00e9c\u00e9d\u00e9 ce lundi 31 mars \u00e0 l\u2019\u00e2ge de 86 ans.\" \/>\n<meta property=\"og:url\" content=\"https:\/\/www.forbes.be\/fr\/deces-du-magnat-de-la-construction-willy-naessens\/\" \/>\n<meta property=\"og:site_name\" content=\"Forbes Belgique\" \/>\n<meta property=\"article:publisher\" content=\"https:\/\/www.facebook.com\/forbesbelgique\/\" \/>\n<meta property=\"article:published_time\" content=\"2025-04-01T06:36:02+00:00\" \/>\n<meta property=\"article:modified_time\" content=\"2025-04-01T08:24:01+00:00\" \/>\n<meta property=\"og:image\" content=\"https:\/\/www.forbes.be\/fr\/wp-content\/uploads\/2025\/03\/487976917-1074361738070126-1039823627957966987-n-e1743495833285.jpg\" \/>\n\t<meta property=\"og:image:width\" content=\"599\" \/>\n\t<meta property=\"og:image:height\" content=\"314\" \/>\n\t<meta property=\"og:image:type\" content=\"image\/jpeg\" \/>\n<meta name=\"author\" content=\"C\u00e9line Bouckaert\" \/>\n<meta name=\"twitter:card\" content=\"summary_large_image\" \/>\n<meta name=\"twitter:label1\" content=\"\u00c9crit par\" \/>\n\t<meta name=\"twitter:data1\" content=\"C\u00e9line Bouckaert\" \/>\n\t<meta name=\"twitter:label2\" content=\"Dur\u00e9e de lecture estim\u00e9e\" \/>\n\t<meta name=\"twitter:data2\" content=\"2 minutes\" \/>\n<script type=\"application\/ld+json\" class=\"yoast-schema-graph\">{\"@context\":\"https:\\\/\\\/schema.org\",\"@graph\":[{\"@type\":\"NewsArticle\",\"@id\":\"https:\\\/\\\/www.forbes.be\\\/fr\\\/deces-du-magnat-de-la-construction-willy-naessens\\\/#article\",\"isPartOf\":{\"@id\":\"https:\\\/\\\/www.forbes.be\\\/fr\\\/deces-du-magnat-de-la-construction-willy-naessens\\\/\"},\"author\":{\"name\":\"C\u00e9line Bouckaert\",\"@id\":\"https:\\\/\\\/www.forbes.be\\\/fr\\\/#\\\/schema\\\/person\\\/8ec2eaf66f85ad162d094b61be753342\"},\"headline\":\"D\u00e9c\u00e8s du magnat de la construction Willy Naessens\",\"datePublished\":\"2025-04-01T06:36:02+00:00\",\"dateModified\":\"2025-04-01T08:24:01+00:00\",\"mainEntityOfPage\":{\"@id\":\"https:\\\/\\\/www.forbes.be\\\/fr\\\/deces-du-magnat-de-la-construction-willy-naessens\\\/\"},\"wordCount\":231,\"publisher\":{\"@id\":\"https:\\\/\\\/www.forbes.be\\\/fr\\\/#organization\"},\"image\":{\"@id\":\"https:\\\/\\\/www.forbes.be\\\/fr\\\/deces-du-magnat-de-la-construction-willy-naessens\\\/#primaryimage\"},\"thumbnailUrl\":\"https:\\\/\\\/www.forbes.be\\\/fr\\\/wp-content\\\/uploads\\\/2025\\\/03\\\/487976917-1074361738070126-1039823627957966987-n-e1743495833285.jpg\",\"articleSection\":[\"Entrepreneurs\"],\"inLanguage\":\"fr-FR\"},{\"@type\":\"WebPage\",\"@id\":\"https:\\\/\\\/www.forbes.be\\\/fr\\\/deces-du-magnat-de-la-construction-willy-naessens\\\/\",\"url\":\"https:\\\/\\\/www.forbes.be\\\/fr\\\/deces-du-magnat-de-la-construction-willy-naessens\\\/\",\"name\":\"D\u00e9c\u00e8s du magnat de la construction Willy Naessens | Forbes Belgique\",\"isPartOf\":{\"@id\":\"https:\\\/\\\/www.forbes.be\\\/fr\\\/#website\"},\"primaryImageOfPage\":{\"@id\":\"https:\\\/\\\/www.forbes.be\\\/fr\\\/deces-du-magnat-de-la-construction-willy-naessens\\\/#primaryimage\"},\"image\":{\"@id\":\"https:\\\/\\\/www.forbes.be\\\/fr\\\/deces-du-magnat-de-la-construction-willy-naessens\\\/#primaryimage\"},\"thumbnailUrl\":\"https:\\\/\\\/www.forbes.be\\\/fr\\\/wp-content\\\/uploads\\\/2025\\\/03\\\/487976917-1074361738070126-1039823627957966987-n-e1743495833285.jpg\",\"datePublished\":\"2025-04-01T06:36:02+00:00\",\"dateModified\":\"2025-04-01T08:24:01+00:00\",\"description\":\"Willy Naessens, figure embl\u00e9matique du monde d\u2019affaires belge, est d\u00e9c\u00e9d\u00e9 ce lundi 31 mars \u00e0 l\u2019\u00e2ge de 86 ans.\",\"breadcrumb\":{\"@id\":\"https:\\\/\\\/www.forbes.be\\\/fr\\\/deces-du-magnat-de-la-construction-willy-naessens\\\/#breadcrumb\"},\"inLanguage\":\"fr-FR\",\"potentialAction\":[{\"@type\":\"ReadAction\",\"target\":[\"https:\\\/\\\/www.forbes.be\\\/fr\\\/deces-du-magnat-de-la-construction-willy-naessens\\\/\"]}]},{\"@type\":\"ImageObject\",\"inLanguage\":\"fr-FR\",\"@id\":\"https:\\\/\\\/www.forbes.be\\\/fr\\\/deces-du-magnat-de-la-construction-willy-naessens\\\/#primaryimage\",\"url\":\"https:\\\/\\\/www.forbes.be\\\/fr\\\/wp-content\\\/uploads\\\/2025\\\/03\\\/487976917-1074361738070126-1039823627957966987-n-e1743495833285.jpg\",\"contentUrl\":\"https:\\\/\\\/www.forbes.be\\\/fr\\\/wp-content\\\/uploads\\\/2025\\\/03\\\/487976917-1074361738070126-1039823627957966987-n-e1743495833285.jpg\",\"width\":599,\"height\":314,\"caption\":\"\u00a9 Groupe Willy Naessens\"},{\"@type\":\"BreadcrumbList\",\"@id\":\"https:\\\/\\\/www.forbes.be\\\/fr\\\/deces-du-magnat-de-la-construction-willy-naessens\\\/#breadcrumb\",\"itemListElement\":[{\"@type\":\"ListItem\",\"position\":1,\"name\":\"Accueil\",\"item\":\"https:\\\/\\\/www.forbes.be\\\/fr\\\/\"},{\"@type\":\"ListItem\",\"position\":2,\"name\":\"D\u00e9c\u00e8s du magnat de la construction Willy Naessens\"}]},{\"@type\":\"WebSite\",\"@id\":\"https:\\\/\\\/www.forbes.be\\\/fr\\\/#website\",\"url\":\"https:\\\/\\\/www.forbes.be\\\/fr\\\/\",\"name\":\"Forbes Belgique\",\"description\":\"\",\"publisher\":{\"@id\":\"https:\\\/\\\/www.forbes.be\\\/fr\\\/#organization\"},\"potentialAction\":[{\"@type\":\"SearchAction\",\"target\":{\"@type\":\"EntryPoint\",\"urlTemplate\":\"https:\\\/\\\/www.forbes.be\\\/fr\\\/?s={search_term_string}\"},\"query-input\":{\"@type\":\"PropertyValueSpecification\",\"valueRequired\":true,\"valueName\":\"search_term_string\"}}],\"inLanguage\":\"fr-FR\"},{\"@type\":\"Organization\",\"@id\":\"https:\\\/\\\/www.forbes.be\\\/fr\\\/#organization\",\"name\":\"Forbes Belgique\",\"url\":\"https:\\\/\\\/www.forbes.be\\\/fr\\\/\",\"logo\":{\"@type\":\"ImageObject\",\"inLanguage\":\"fr-FR\",\"@id\":\"https:\\\/\\\/www.forbes.be\\\/fr\\\/#\\\/schema\\\/logo\\\/image\\\/\",\"url\":\"https:\\\/\\\/www.forbes.be\\\/fr\\\/wp-content\\\/uploads\\\/2024\\\/02\\\/forbes.be_.png\",\"contentUrl\":\"https:\\\/\\\/www.forbes.be\\\/fr\\\/wp-content\\\/uploads\\\/2024\\\/02\\\/forbes.be_.png\",\"width\":1200,\"height\":675,\"caption\":\"Forbes Belgique\"},\"image\":{\"@id\":\"https:\\\/\\\/www.forbes.be\\\/fr\\\/#\\\/schema\\\/logo\\\/image\\\/\"},\"sameAs\":[\"https:\\\/\\\/www.facebook.com\\\/forbesbelgique\\\/\",\"https:\\\/\\\/www.instagram.com\\\/Forbes_Belgium\",\"https:\\\/\\\/www.linkedin.com\\\/company\\\/forbes-belgium\\\/\"]},{\"@type\":\"Person\",\"@id\":\"https:\\\/\\\/www.forbes.be\\\/fr\\\/#\\\/schema\\\/person\\\/8ec2eaf66f85ad162d094b61be753342\",\"name\":\"C\u00e9line Bouckaert\",\"image\":{\"@type\":\"ImageObject\",\"inLanguage\":\"fr-FR\",\"@id\":\"https:\\\/\\\/www.forbes.be\\\/fr\\\/wp-content\\\/uploads\\\/2024\\\/01\\\/0283_ec_fb-1-150x150.jpg\",\"url\":\"https:\\\/\\\/www.forbes.be\\\/fr\\\/wp-content\\\/uploads\\\/2024\\\/01\\\/0283_ec_fb-1-150x150.jpg\",\"contentUrl\":\"https:\\\/\\\/www.forbes.be\\\/fr\\\/wp-content\\\/uploads\\\/2024\\\/01\\\/0283_ec_fb-1-150x150.jpg\",\"caption\":\"C\u00e9line Bouckaert\"},\"url\":\"https:\\\/\\\/www.forbes.be\\\/fr\\\/author\\\/cboeditionventures-be\\\/\"}]}<\/script>\n<!-- \/ Yoast SEO plugin. -->","yoast_head_json":{"title":"D\u00e9c\u00e8s du magnat de la construction Willy Naessens | Forbes Belgique","description":"Willy Naessens, figure embl\u00e9matique du monde d\u2019affaires belge, est d\u00e9c\u00e9d\u00e9 ce lundi 31 mars \u00e0 l\u2019\u00e2ge de 86 ans.","robots":{"index":"index","follow":"follow","max-snippet":"max-snippet:-1","max-image-preview":"max-image-preview:large","max-video-preview":"max-video-preview:-1"},"canonical":"https:\/\/www.forbes.be\/fr\/deces-du-magnat-de-la-construction-willy-naessens\/","og_locale":"fr_FR","og_type":"article","og_title":"D\u00e9c\u00e8s du magnat de la construction Willy Naessens | Forbes Belgique","og_description":"Willy Naessens, figure embl\u00e9matique du monde d\u2019affaires belge, est d\u00e9c\u00e9d\u00e9 ce lundi 31 mars \u00e0 l\u2019\u00e2ge de 86 ans.","og_url":"https:\/\/www.forbes.be\/fr\/deces-du-magnat-de-la-construction-willy-naessens\/","og_site_name":"Forbes Belgique","article_publisher":"https:\/\/www.facebook.com\/forbesbelgique\/","article_published_time":"2025-04-01T06:36:02+00:00","article_modified_time":"2025-04-01T08:24:01+00:00","og_image":[{"width":599,"height":314,"url":"https:\/\/www.forbes.be\/fr\/wp-content\/uploads\/2025\/03\/487976917-1074361738070126-1039823627957966987-n-e1743495833285.jpg","type":"image\/jpeg"}],"author":"C\u00e9line Bouckaert","twitter_card":"summary_large_image","twitter_misc":{"\u00c9crit par":"C\u00e9line Bouckaert","Dur\u00e9e de lecture estim\u00e9e":"2 minutes"},"schema":{"@context":"https:\/\/schema.org","@graph":[{"@type":"NewsArticle","@id":"https:\/\/www.forbes.be\/fr\/deces-du-magnat-de-la-construction-willy-naessens\/#article","isPartOf":{"@id":"https:\/\/www.forbes.be\/fr\/deces-du-magnat-de-la-construction-willy-naessens\/"},"author":{"name":"C\u00e9line Bouckaert","@id":"https:\/\/www.forbes.be\/fr\/#\/schema\/person\/8ec2eaf66f85ad162d094b61be753342"},"headline":"D\u00e9c\u00e8s du magnat de la construction Willy Naessens","datePublished":"2025-04-01T06:36:02+00:00","dateModified":"2025-04-01T08:24:01+00:00","mainEntityOfPage":{"@id":"https:\/\/www.forbes.be\/fr\/deces-du-magnat-de-la-construction-willy-naessens\/"},"wordCount":231,"publisher":{"@id":"https:\/\/www.forbes.be\/fr\/#organization"},"image":{"@id":"https:\/\/www.forbes.be\/fr\/deces-du-magnat-de-la-construction-willy-naessens\/#primaryimage"},"thumbnailUrl":"https:\/\/www.forbes.be\/fr\/wp-content\/uploads\/2025\/03\/487976917-1074361738070126-1039823627957966987-n-e1743495833285.jpg","articleSection":["Entrepreneurs"],"inLanguage":"fr-FR"},{"@type":"WebPage","@id":"https:\/\/www.forbes.be\/fr\/deces-du-magnat-de-la-construction-willy-naessens\/","url":"https:\/\/www.forbes.be\/fr\/deces-du-magnat-de-la-construction-willy-naessens\/","name":"D\u00e9c\u00e8s du magnat de la construction Willy Naessens | Forbes Belgique","isPartOf":{"@id":"https:\/\/www.forbes.be\/fr\/#website"},"primaryImageOfPage":{"@id":"https:\/\/www.forbes.be\/fr\/deces-du-magnat-de-la-construction-willy-naessens\/#primaryimage"},"image":{"@id":"https:\/\/www.forbes.be\/fr\/deces-du-magnat-de-la-construction-willy-naessens\/#primaryimage"},"thumbnailUrl":"https:\/\/www.forbes.be\/fr\/wp-content\/uploads\/2025\/03\/487976917-1074361738070126-1039823627957966987-n-e1743495833285.jpg","datePublished":"2025-04-01T06:36:02+00:00","dateModified":"2025-04-01T08:24:01+00:00","description":"Willy Naessens, figure embl\u00e9matique du monde d\u2019affaires belge, est d\u00e9c\u00e9d\u00e9 ce lundi 31 mars \u00e0 l\u2019\u00e2ge de 86 ans.","breadcrumb":{"@id":"https:\/\/www.forbes.be\/fr\/deces-du-magnat-de-la-construction-willy-naessens\/#breadcrumb"},"inLanguage":"fr-FR","potentialAction":[{"@type":"ReadAction","target":["https:\/\/www.forbes.be\/fr\/deces-du-magnat-de-la-construction-willy-naessens\/"]}]},{"@type":"ImageObject","inLanguage":"fr-FR","@id":"https:\/\/www.forbes.be\/fr\/deces-du-magnat-de-la-construction-willy-naessens\/#primaryimage","url":"https:\/\/www.forbes.be\/fr\/wp-content\/uploads\/2025\/03\/487976917-1074361738070126-1039823627957966987-n-e1743495833285.jpg","contentUrl":"https:\/\/www.forbes.be\/fr\/wp-content\/uploads\/2025\/03\/487976917-1074361738070126-1039823627957966987-n-e1743495833285.jpg","width":599,"height":314,"caption":"\u00a9 Groupe Willy Naessens"},{"@type":"BreadcrumbList","@id":"https:\/\/www.forbes.be\/fr\/deces-du-magnat-de-la-construction-willy-naessens\/#breadcrumb","itemListElement":[{"@type":"ListItem","position":1,"name":"Accueil","item":"https:\/\/www.forbes.be\/fr\/"},{"@type":"ListItem","position":2,"name":"D\u00e9c\u00e8s du magnat de la construction Willy Naessens"}]},{"@type":"WebSite","@id":"https:\/\/www.forbes.be\/fr\/#website","url":"https:\/\/www.forbes.be\/fr\/","name":"Forbes Belgique","description":"","publisher":{"@id":"https:\/\/www.forbes.be\/fr\/#organization"},"potentialAction":[{"@type":"SearchAction","target":{"@type":"EntryPoint","urlTemplate":"https:\/\/www.forbes.be\/fr\/?s={search_term_string}"},"query-input":{"@type":"PropertyValueSpecification","valueRequired":true,"valueName":"search_term_string"}}],"inLanguage":"fr-FR"},{"@type":"Organization","@id":"https:\/\/www.forbes.be\/fr\/#organization","name":"Forbes Belgique","url":"https:\/\/www.forbes.be\/fr\/","logo":{"@type":"ImageObject","inLanguage":"fr-FR","@id":"https:\/\/www.forbes.be\/fr\/#\/schema\/logo\/image\/","url":"https:\/\/www.forbes.be\/fr\/wp-content\/uploads\/2024\/02\/forbes.be_.png","contentUrl":"https:\/\/www.forbes.be\/fr\/wp-content\/uploads\/2024\/02\/forbes.be_.png","width":1200,"height":675,"caption":"Forbes Belgique"},"image":{"@id":"https:\/\/www.forbes.be\/fr\/#\/schema\/logo\/image\/"},"sameAs":["https:\/\/www.facebook.com\/forbesbelgique\/","https:\/\/www.instagram.com\/Forbes_Belgium","https:\/\/www.linkedin.com\/company\/forbes-belgium\/"]},{"@type":"Person","@id":"https:\/\/www.forbes.be\/fr\/#\/schema\/person\/8ec2eaf66f85ad162d094b61be753342","name":"C\u00e9line Bouckaert","image":{"@type":"ImageObject","inLanguage":"fr-FR","@id":"https:\/\/www.forbes.be\/fr\/wp-content\/uploads\/2024\/01\/0283_ec_fb-1-150x150.jpg","url":"https:\/\/www.forbes.be\/fr\/wp-content\/uploads\/2024\/01\/0283_ec_fb-1-150x150.jpg","contentUrl":"https:\/\/www.forbes.be\/fr\/wp-content\/uploads\/2024\/01\/0283_ec_fb-1-150x150.jpg","caption":"C\u00e9line Bouckaert"},"url":"https:\/\/www.forbes.be\/fr\/author\/cboeditionventures-be\/"}]}},"_links":{"self":[{"href":"https:\/\/www.forbes.be\/fr\/wp-json\/wp\/v2\/posts\/9548","targetHints":{"allow":["GET"]}}],"collection":[{"href":"https:\/\/www.forbes.be\/fr\/wp-json\/wp\/v2\/posts"}],"about":[{"href":"https:\/\/www.forbes.be\/fr\/wp-json\/wp\/v2\/types\/post"}],"author":[{"embeddable":true,"href":"https:\/\/www.forbes.be\/fr\/wp-json\/wp\/v2\/users\/14"}],"replies":[{"embeddable":true,"href":"https:\/\/www.forbes.be\/fr\/wp-json\/wp\/v2\/comments?post=9548"}],"version-history":[{"count":2,"href":"https:\/\/www.forbes.be\/fr\/wp-json\/wp\/v2\/posts\/9548\/revisions"}],"predecessor-version":[{"id":9551,"href":"https:\/\/www.forbes.be\/fr\/wp-json\/wp\/v2\/posts\/9548\/revisions\/9551"}],"wp:featuredmedia":[{"embeddable":true,"href":"https:\/\/www.forbes.be\/fr\/wp-json\/wp\/v2\/media\/9549"}],"wp:attachment":[{"href":"https:\/\/www.forbes.be\/fr\/wp-json\/wp\/v2\/media?parent=9548"}],"wp:term":[{"taxonomy":"category","embeddable":true,"href":"https:\/\/www.forbes.be\/fr\/wp-json\/wp\/v2\/categories?post=9548"},{"taxonomy":"post_tag","embeddable":true,"href":"https:\/\/www.forbes.be\/fr\/wp-json\/wp\/v2\/tags?post=9548"}],"curies":[{"name":"wp","href":"https:\/\/api.w.org\/{rel}","templated":true}]}}