{"id":9791,"date":"2025-04-24T10:15:46","date_gmt":"2025-04-24T08:15:46","guid":{"rendered":"https:\/\/www.forbes.be\/fr\/?p=9791"},"modified":"2026-02-24T18:58:05","modified_gmt":"2026-02-24T17:58:05","slug":"la-fibre-dediee-epine-dorsale-de-linnovation-numerique-en-belgique","status":"publish","type":"post","link":"https:\/\/www.forbes.be\/fr\/la-fibre-dediee-epine-dorsale-de-linnovation-numerique-en-belgique\/","title":{"rendered":"La fibre d\u00e9di\u00e9e, \u00e9pine dorsale de l&rsquo;innovation num\u00e9rique en Belgique"},"content":{"rendered":"<p><strong>Pour les entrepreneurs, les organisations et les gouvernements belges qui parient sur la transformation num\u00e9rique, une connectivit\u00e9 rapide et fiable n&rsquo;est pas un \u2018nice-to-have\u2019, mais un levier strat\u00e9gique. Qu&rsquo;il s&rsquo;agisse d&rsquo;applications cloud, d&rsquo;int\u00e9gration de l&rsquo;IA, de travail hybride ou de processus ax\u00e9s sur les donn\u00e9es, avant de se lancer dans de tels projets de num\u00e9risation, il faut tenir compte de la base sur laquelle vous mettez tout cela en \u0153uvre : le r\u00e9seau. La fibre d\u00e9di\u00e9e offre aux entreprises l&rsquo;infrastructure qui rend cela possible. Cela signifie que vous disposez de votre propre ligne \u00e0 fibre optique, qui n&rsquo;est pas partag\u00e9e avec d&rsquo;autres, comme c&rsquo;est souvent le cas. Elle garantit la stabilit\u00e9 des applications critiques pour l&rsquo;entreprise, y compris dans l&rsquo;informatique d\u00e9mat\u00e9rialis\u00e9e. Mais il est \u00e9galement plus agr\u00e9able pour les employ\u00e9s de travailler, car ils peuvent utiliser une connexion plus rapide et toujours active. C&rsquo;est essentiel \u00e0 l&rsquo;heure du travail hybride.\u00a0\u00a0<\/strong><\/p>\n<h2>Un mod\u00e8le ouvert qui donne aux entreprises la libert\u00e9 de choix<b><br \/>\n<\/b><\/h2>\n<p><span style=\"font-weight: 400;\">Depuis 2000, <a href=\"https:\/\/www.eurofiber.com\/fr-be\" target=\"_blank\" rel=\"noopener\">Eurofiber<\/a> construit activement un r\u00e9seau de <a href=\"https:\/\/www.eurofiber.com\/fr-be\/r\u00e9seau-de-fibre-optique\" target=\"_blank\" rel=\"noopener\">fibres optiques<\/a> \u00e0 maillage fin en Belgique. Son approche ? Proposer une infrastructure de fibre optique totalement ouverte : les entreprises choisissent les partenaires avec lesquels elles collaborent pour mettre en place leur environnement num\u00e9rique. <\/span><i><span style=\"font-weight: 400;\">\u00ab Nous construisons le r\u00e9seau ferroviaire \u00e0 grande vitesse \u00bb<\/span><\/i><span style=\"font-weight: 400;\">, explique Hans Witdouck, directeur g\u00e9n\u00e9ral d&rsquo;Eurofiber Belgique. <\/span><i><span style=\"font-weight: 400;\">\u00ab Mais nos clients et partenaires choisissent leurs propres trains \u00e0 grande vitesse et les wagons qu&rsquo;ils souhaitent y attacher. Ceux-ci peuvent \u00eatre \u00e9quip\u00e9s de mani\u00e8re plus luxueuse ou \u00eatre davantage ax\u00e9s sur le temps de fonctionnement et les performances que sur la rentabilit\u00e9. Cette libert\u00e9, sans aucun blocage de la part des fournisseurs, rend les entreprises extr\u00eamement souples\u00bb.<\/span><\/i><span style=\"font-weight: 400;\"><br \/>\n<\/span><\/p>\n<p><span style=\"font-weight: 400;\">Aujourd&rsquo;hui, la connectivit\u00e9 est devenue aussi importante que l&rsquo;eau du robinet. Cependant, elle semble plus simple qu&rsquo;elle ne l&rsquo;est sous le capot.\u00a0 Un r\u00e9seau \u00e9volutif et \u00e0 l&rsquo;\u00e9preuve du temps est la base de toute entreprise, sur laquelle sa propre vision informatique peut ensuite \u00eatre construite.\u00a0 <\/span><i><span style=\"font-weight: 400;\">\u00ab Eurofiber y parvient pour ses clients en commen\u00e7ant par bien comprendre l&rsquo;analyse de rentabilit\u00e9 de l&rsquo;entreprise, puis en r\u00e9fl\u00e9chissant avec elle \u00e0 ce qui est techniquement possible et, enfin, en configurant un produit standard comme la fibre optique de mani\u00e8re \u00e0 ce qu&rsquo;il puisse r\u00e9pondre aux exigences du client. Cette flexibilit\u00e9 est n\u00e9cessaire et se distingue \u00e9galement sur le march\u00e9 \u00bb<\/span><\/i><span style=\"font-weight: 400;\">, conclut M. Witdouck.\u00a0<\/span><\/p>\n<figure id=\"attachment_9801\" aria-describedby=\"caption-attachment-9801\" style=\"width: 1280px\" class=\"wp-caption aligncenter\"><img loading=\"lazy\" decoding=\"async\" class=\"wp-image-9801 size-full\" src=\"https:\/\/www.forbes.be\/fr\/wp-content\/uploads\/2015\/04\/ef4.png\" alt=\"\u00a9Eurofiber\" width=\"1280\" height=\"670\" srcset=\"https:\/\/www.forbes.be\/fr\/wp-content\/uploads\/2015\/04\/ef4.png 1280w, https:\/\/www.forbes.be\/fr\/wp-content\/uploads\/2015\/04\/ef4-300x157.png 300w, https:\/\/www.forbes.be\/fr\/wp-content\/uploads\/2015\/04\/ef4-1024x536.png 1024w, https:\/\/www.forbes.be\/fr\/wp-content\/uploads\/2015\/04\/ef4-768x402.png 768w, https:\/\/www.forbes.be\/fr\/wp-content\/uploads\/2015\/04\/ef4-696x364.png 696w, https:\/\/www.forbes.be\/fr\/wp-content\/uploads\/2015\/04\/ef4-1068x559.png 1068w, https:\/\/www.forbes.be\/fr\/wp-content\/uploads\/2015\/04\/ef4-600x314.png 600w\" sizes=\"auto, (max-width: 1280px) 100vw, 1280px\" \/><figcaption id=\"caption-attachment-9801\" class=\"wp-caption-text\">\u00a9Eurofiber<\/figcaption><\/figure>\n<h2>La r\u00e9silience, un pari strat\u00e9gique<b><br \/>\n<\/b><\/h2>\n<p><span style=\"font-weight: 400;\">Alors que les r\u00e9seaux traditionnels tels que le coaxial et le DSL atteignent progressivement leurs limites techniques, la fibre offre d\u00e8s aujourd&rsquo;hui des possibilit\u00e9s durables. \u00c0 une \u00e9poque o\u00f9 les risques g\u00e9opolitiques, les cybermenaces et la d\u00e9pendance \u00e0 l&rsquo;\u00e9gard des syst\u00e8mes num\u00e9riques augmentent, la r\u00e9silience est essentielle. <\/span><i><span style=\"font-weight: 400;\">\u00ab Les centres de donn\u00e9es et les organisations critiques s&rsquo;appuient exclusivement sur des connexions redondantes en fibre optique \u00bb<\/span><\/i><span style=\"font-weight: 400;\">, explique M. Witdouck. <\/span><i><span style=\"font-weight: 400;\">\u00ab Ils ne veulent pas d\u00e9pendre d&rsquo;une seule ligne, car une interruption peut entra\u00eener l&rsquo;arr\u00eat de toute l&rsquo;activit\u00e9. Pour les d\u00e9cideurs de haut niveau, cette s\u00e9curit\u00e9 est cruciale : dans des secteurs tels que l&rsquo;industrie, les soins de sant\u00e9, la finance et la logistique, chaque seconde d&rsquo;indisponibilit\u00e9 est une seconde de trop. \u00bb<\/span><\/i><\/p>\n<p><span style=\"font-weight: 400;\">Les solutions de connectivit\u00e9 par fibre optique d&rsquo;Eurofiber offres aux entreprises des lignes d\u00e9di\u00e9es, o\u00f9 les chemins ne doivent pas \u00eatre partag\u00e9s avec d&rsquo;autres clients et peuvent \u00eatre configur\u00e9s avec des routes g\u00e9ographiquement s\u00e9par\u00e9es pour une continuit\u00e9 maximale de l&rsquo;activit\u00e9. Elle offre \u00e9galement une base de s\u00e9curit\u00e9 plus solide. <\/span><i><span style=\"font-weight: 400;\">\u00ab De plus en plus d&rsquo;entreprises sont conscientes de la n\u00e9cessit\u00e9 d&rsquo;une politique de s\u00e9curit\u00e9 solide, et le r\u00e9seau ne doit pas faire exception \u00e0 la r\u00e8gle \u00bb<\/span><\/i><span style=\"font-weight: 400;\">, explique M. Witdouck. <\/span><i><span style=\"font-weight: 400;\">\u00ab Vous ne voulez pas que vos donn\u00e9es tombent entre de mauvaises mains ou que des personnes mal intentionn\u00e9es perturbent ou arr\u00eatent votre r\u00e9seau. Avec une connexion par fibre optique d\u00e9di\u00e9e, vos donn\u00e9es ne sont pas transmises \u00e0 d&rsquo;autres utilisateurs, ce qui r\u00e9duit consid\u00e9rablement ce risque.\u00bb<\/span><\/i><\/p>\n<figure id=\"attachment_9796\" aria-describedby=\"caption-attachment-9796\" style=\"width: 1280px\" class=\"wp-caption aligncenter\"><img loading=\"lazy\" decoding=\"async\" class=\"wp-image-9796 size-full\" src=\"https:\/\/www.forbes.be\/fr\/wp-content\/uploads\/2015\/04\/ef3.png\" alt=\"\u00a9Eurofiber\" width=\"1280\" height=\"670\" srcset=\"https:\/\/www.forbes.be\/fr\/wp-content\/uploads\/2015\/04\/ef3.png 1280w, https:\/\/www.forbes.be\/fr\/wp-content\/uploads\/2015\/04\/ef3-300x157.png 300w, https:\/\/www.forbes.be\/fr\/wp-content\/uploads\/2015\/04\/ef3-1024x536.png 1024w, https:\/\/www.forbes.be\/fr\/wp-content\/uploads\/2015\/04\/ef3-768x402.png 768w, https:\/\/www.forbes.be\/fr\/wp-content\/uploads\/2015\/04\/ef3-696x364.png 696w, https:\/\/www.forbes.be\/fr\/wp-content\/uploads\/2015\/04\/ef3-1068x559.png 1068w, https:\/\/www.forbes.be\/fr\/wp-content\/uploads\/2015\/04\/ef3-600x314.png 600w\" sizes=\"auto, (max-width: 1280px) 100vw, 1280px\" \/><figcaption id=\"caption-attachment-9796\" class=\"wp-caption-text\">\u00a9Eurofiber<\/figcaption><\/figure>\n<p><span style=\"font-weight: 400;\">Eurofiber s&rsquo;engage \u00e9galement \u00e0 fond dans l&rsquo;innovation, notamment dans la technologie quantique \u00e0 venir. La communication quantique n\u00e9cessite une connexion \u00e0 fibre optique rapide et stable. Dans le cadre de la communication quantique, Eurofiber se concentre principalement sur la QKD (Quantum Key Distribution), qui ajoute une couche de s\u00e9curit\u00e9 suppl\u00e9mentaire \u00e0 une connexion par fibre optique. Cela rend les donn\u00e9es impossibles \u00e0 pirater.<\/span><\/p>\n<p><span style=\"font-weight: 400;\">Malgr\u00e9 l&rsquo;essor de la 5G et des solutions satellitaires, la fibre optique reste l&rsquo;\u00e9pine dorsale de l&rsquo;\u00e9conomie num\u00e9rique. <\/span><i><span style=\"font-weight: 400;\">\u00ab La 5G ne fonctionnera pas sans la fibre \u00bb,<\/span><\/i><span style=\"font-weight: 400;\"> affirme M. Witdouck. <\/span><i><span style=\"font-weight: 400;\">\u00ab Le satellite a son utilit\u00e9, par exemple comme solution de secours ou dans les zones recul\u00e9es, mais il ne peut pas garantir un haut d\u00e9bit constant et une faible latence comme le fait la fibre optique.\u00bb<\/span><\/i><\/p>\n<h2>Expansion strat\u00e9gique en Belgique<b><br \/>\n<\/b><\/h2>\n<p><span style=\"font-weight: 400;\">Eurofiber investit massivement dans l&rsquo;expansion de son r\u00e9seau en Belgique, en particulier vers les PME et les parcs industriels. Les PME ont \u00e9galement besoin du potentiel de la fibre commerciale ; Eurofiber est donc fortement engag\u00e9e dans la d\u00e9mocratisation. En Flandre, le r\u00e9seau est fortement pr\u00e9sent autour du triangle Anvers-Bruxelles-Gand, dans la r\u00e9gion c\u00f4ti\u00e8re et dans le Limbourg. En Wallonie, le d\u00e9ploiement se fait par l&rsquo;interm\u00e9diaire de l&rsquo;entreprise commune <\/span><a href=\"https:\/\/unifiber.be\" target=\"_blank\" rel=\"noopener\"><b>Unifiber<\/b><\/a><span style=\"font-weight: 400;\">, en collaboration avec Proximus. Cela permettra \u00e9galement d&rsquo;ouvrir le sud du pays aux entreprises \u00e0 la recherche d&rsquo;une connectivit\u00e9 \u00e9volutive et performante. La fibre optique n&rsquo;est plus r\u00e9serv\u00e9e aux multinationales ou aux centres de donn\u00e9es. Aujourd&rsquo;hui, l&rsquo;opportunit\u00e9 se trouve \u00e9galement du c\u00f4t\u00e9 des PME et des entreprises en croissance qui cherchent \u00e0 acc\u00e9l\u00e9rer leur d\u00e9veloppement num\u00e9rique. Gr\u00e2ce au mod\u00e8le ouvert et \u00e0 l&rsquo;infrastructure performante d&rsquo;Eurofiber, les entrepreneurs, les organisations et les gouvernements belges peuvent construire leur avenir num\u00e9rique en toute confiance.<\/span><\/p>\n<p>Cet article a \u00e9t\u00e9 r\u00e9dig\u00e9 en \u00e9troite collaboration avec <a href=\"https:\/\/www.eurofiber.com\/fr-be\" target=\"_blank\" rel=\"noopener\">Eurofiber<\/a>.<\/p>\n","protected":false},"excerpt":{"rendered":"<p>Connectivit\u00e9 fiable et donn\u00e9es impossibles \u00e0 pirater : l&rsquo;avantage strat\u00e9gique des entreprises qui b\u00e9n\u00e9ficient de la fibre d\u00e9di\u00e9e. <\/p>\n","protected":false},"author":7,"featured_media":9792,"comment_status":"closed","ping_status":"closed","sticky":false,"template":"","format":"standard","meta":{"_acf_changed":false,"inline_featured_image":false,"footnotes":""},"categories":[98,69],"tags":[],"class_list":{"0":"post-9791","1":"post","2":"type-post","3":"status-publish","4":"format-standard","5":"has-post-thumbnail","7":"category-brandvoice","8":"category-forbes-partner-expert-connectivity"},"acf":[],"_yoast_wpseo_title":"La fibre d\u00e9di\u00e9e, \u00e9pine dorsale de l'innovation num\u00e9rique","_yoast_wpseo_metadesc":"La fibre d\u00e9di\u00e9e se positionne comme le nouvel alli\u00e9 strat\u00e9gique des entreprises en leur procurant une connectivit\u00e9 rapide et fiable.","auteur_traducteur":"","yoast_head":"<!-- This site is optimized with the Yoast SEO plugin v27.4 - https:\/\/yoast.com\/product\/yoast-seo-wordpress\/ -->\n<title>La fibre d\u00e9di\u00e9e, \u00e9pine dorsale de l&#039;innovation num\u00e9rique<\/title>\n<meta name=\"description\" content=\"La fibre d\u00e9di\u00e9e se positionne comme le nouvel alli\u00e9 strat\u00e9gique des entreprises en leur procurant une connectivit\u00e9 rapide et fiable.\" \/>\n<meta name=\"robots\" content=\"index, follow, max-snippet:-1, max-image-preview:large, max-video-preview:-1\" \/>\n<link rel=\"canonical\" href=\"https:\/\/www.forbes.be\/fr\/la-fibre-dediee-epine-dorsale-de-linnovation-numerique-en-belgique\/\" \/>\n<meta property=\"og:locale\" content=\"fr_FR\" \/>\n<meta property=\"og:type\" content=\"article\" \/>\n<meta property=\"og:title\" content=\"La fibre d\u00e9di\u00e9e, \u00e9pine dorsale de l&#039;innovation num\u00e9rique\" \/>\n<meta property=\"og:description\" content=\"La fibre d\u00e9di\u00e9e se positionne comme le nouvel alli\u00e9 strat\u00e9gique des entreprises en leur procurant une connectivit\u00e9 rapide et fiable.\" \/>\n<meta property=\"og:url\" content=\"https:\/\/www.forbes.be\/fr\/la-fibre-dediee-epine-dorsale-de-linnovation-numerique-en-belgique\/\" \/>\n<meta property=\"og:site_name\" content=\"Forbes Belgique\" \/>\n<meta property=\"article:publisher\" content=\"https:\/\/www.facebook.com\/forbesbelgique\/\" \/>\n<meta property=\"article:published_time\" content=\"2025-04-24T08:15:46+00:00\" \/>\n<meta property=\"article:modified_time\" content=\"2026-02-24T17:58:05+00:00\" \/>\n<meta property=\"og:image\" content=\"https:\/\/www.forbes.be\/fr\/wp-content\/uploads\/2025\/04\/ef1-head-image.png\" \/>\n\t<meta property=\"og:image:width\" content=\"1280\" \/>\n\t<meta property=\"og:image:height\" content=\"670\" \/>\n\t<meta property=\"og:image:type\" content=\"image\/png\" \/>\n<meta name=\"author\" content=\"BRANDVOICE | Sponsored Content\" \/>\n<meta name=\"twitter:card\" content=\"summary_large_image\" \/>\n<meta name=\"twitter:label1\" content=\"\u00c9crit par\" \/>\n\t<meta name=\"twitter:data1\" content=\"BRANDVOICE | Sponsored Content\" \/>\n\t<meta name=\"twitter:label2\" content=\"Dur\u00e9e de lecture estim\u00e9e\" \/>\n\t<meta name=\"twitter:data2\" content=\"6 minutes\" \/>\n<script type=\"application\/ld+json\" class=\"yoast-schema-graph\">{\"@context\":\"https:\\\/\\\/schema.org\",\"@graph\":[{\"@type\":\"NewsArticle\",\"@id\":\"https:\\\/\\\/www.forbes.be\\\/fr\\\/la-fibre-dediee-epine-dorsale-de-linnovation-numerique-en-belgique\\\/#article\",\"isPartOf\":{\"@id\":\"https:\\\/\\\/www.forbes.be\\\/fr\\\/la-fibre-dediee-epine-dorsale-de-linnovation-numerique-en-belgique\\\/\"},\"author\":{\"name\":\"BRANDVOICE | Sponsored Content\",\"@id\":\"https:\\\/\\\/www.forbes.be\\\/fr\\\/#\\\/schema\\\/person\\\/f6bf8fa623babedc7051f16985d6a1d5\"},\"headline\":\"La fibre d\u00e9di\u00e9e, \u00e9pine dorsale de l&rsquo;innovation num\u00e9rique en Belgique\",\"datePublished\":\"2025-04-24T08:15:46+00:00\",\"dateModified\":\"2026-02-24T17:58:05+00:00\",\"mainEntityOfPage\":{\"@id\":\"https:\\\/\\\/www.forbes.be\\\/fr\\\/la-fibre-dediee-epine-dorsale-de-linnovation-numerique-en-belgique\\\/\"},\"wordCount\":1031,\"publisher\":{\"@id\":\"https:\\\/\\\/www.forbes.be\\\/fr\\\/#organization\"},\"image\":{\"@id\":\"https:\\\/\\\/www.forbes.be\\\/fr\\\/la-fibre-dediee-epine-dorsale-de-linnovation-numerique-en-belgique\\\/#primaryimage\"},\"thumbnailUrl\":\"https:\\\/\\\/www.forbes.be\\\/fr\\\/wp-content\\\/uploads\\\/2025\\\/04\\\/ef1-head-image.png\",\"articleSection\":[\"Brandvoice\",\"Forbes Partner Expert Connectivity\"],\"inLanguage\":\"fr-FR\"},{\"@type\":\"WebPage\",\"@id\":\"https:\\\/\\\/www.forbes.be\\\/fr\\\/la-fibre-dediee-epine-dorsale-de-linnovation-numerique-en-belgique\\\/\",\"url\":\"https:\\\/\\\/www.forbes.be\\\/fr\\\/la-fibre-dediee-epine-dorsale-de-linnovation-numerique-en-belgique\\\/\",\"name\":\"La fibre d\u00e9di\u00e9e, \u00e9pine dorsale de l'innovation num\u00e9rique\",\"isPartOf\":{\"@id\":\"https:\\\/\\\/www.forbes.be\\\/fr\\\/#website\"},\"primaryImageOfPage\":{\"@id\":\"https:\\\/\\\/www.forbes.be\\\/fr\\\/la-fibre-dediee-epine-dorsale-de-linnovation-numerique-en-belgique\\\/#primaryimage\"},\"image\":{\"@id\":\"https:\\\/\\\/www.forbes.be\\\/fr\\\/la-fibre-dediee-epine-dorsale-de-linnovation-numerique-en-belgique\\\/#primaryimage\"},\"thumbnailUrl\":\"https:\\\/\\\/www.forbes.be\\\/fr\\\/wp-content\\\/uploads\\\/2025\\\/04\\\/ef1-head-image.png\",\"datePublished\":\"2025-04-24T08:15:46+00:00\",\"dateModified\":\"2026-02-24T17:58:05+00:00\",\"description\":\"La fibre d\u00e9di\u00e9e se positionne comme le nouvel alli\u00e9 strat\u00e9gique des entreprises en leur procurant une connectivit\u00e9 rapide et fiable.\",\"breadcrumb\":{\"@id\":\"https:\\\/\\\/www.forbes.be\\\/fr\\\/la-fibre-dediee-epine-dorsale-de-linnovation-numerique-en-belgique\\\/#breadcrumb\"},\"inLanguage\":\"fr-FR\",\"potentialAction\":[{\"@type\":\"ReadAction\",\"target\":[\"https:\\\/\\\/www.forbes.be\\\/fr\\\/la-fibre-dediee-epine-dorsale-de-linnovation-numerique-en-belgique\\\/\"]}]},{\"@type\":\"ImageObject\",\"inLanguage\":\"fr-FR\",\"@id\":\"https:\\\/\\\/www.forbes.be\\\/fr\\\/la-fibre-dediee-epine-dorsale-de-linnovation-numerique-en-belgique\\\/#primaryimage\",\"url\":\"https:\\\/\\\/www.forbes.be\\\/fr\\\/wp-content\\\/uploads\\\/2025\\\/04\\\/ef1-head-image.png\",\"contentUrl\":\"https:\\\/\\\/www.forbes.be\\\/fr\\\/wp-content\\\/uploads\\\/2025\\\/04\\\/ef1-head-image.png\",\"width\":1280,\"height\":670,\"caption\":\"\u00a9Eurofiber\"},{\"@type\":\"BreadcrumbList\",\"@id\":\"https:\\\/\\\/www.forbes.be\\\/fr\\\/la-fibre-dediee-epine-dorsale-de-linnovation-numerique-en-belgique\\\/#breadcrumb\",\"itemListElement\":[{\"@type\":\"ListItem\",\"position\":1,\"name\":\"Accueil\",\"item\":\"https:\\\/\\\/www.forbes.be\\\/fr\\\/\"},{\"@type\":\"ListItem\",\"position\":2,\"name\":\"La fibre d\u00e9di\u00e9e, \u00e9pine dorsale de l&rsquo;innovation num\u00e9rique en Belgique\"}]},{\"@type\":\"WebSite\",\"@id\":\"https:\\\/\\\/www.forbes.be\\\/fr\\\/#website\",\"url\":\"https:\\\/\\\/www.forbes.be\\\/fr\\\/\",\"name\":\"Forbes Belgique\",\"description\":\"\",\"publisher\":{\"@id\":\"https:\\\/\\\/www.forbes.be\\\/fr\\\/#organization\"},\"potentialAction\":[{\"@type\":\"SearchAction\",\"target\":{\"@type\":\"EntryPoint\",\"urlTemplate\":\"https:\\\/\\\/www.forbes.be\\\/fr\\\/?s={search_term_string}\"},\"query-input\":{\"@type\":\"PropertyValueSpecification\",\"valueRequired\":true,\"valueName\":\"search_term_string\"}}],\"inLanguage\":\"fr-FR\"},{\"@type\":\"Organization\",\"@id\":\"https:\\\/\\\/www.forbes.be\\\/fr\\\/#organization\",\"name\":\"Forbes Belgique\",\"url\":\"https:\\\/\\\/www.forbes.be\\\/fr\\\/\",\"logo\":{\"@type\":\"ImageObject\",\"inLanguage\":\"fr-FR\",\"@id\":\"https:\\\/\\\/www.forbes.be\\\/fr\\\/#\\\/schema\\\/logo\\\/image\\\/\",\"url\":\"https:\\\/\\\/www.forbes.be\\\/fr\\\/wp-content\\\/uploads\\\/2024\\\/02\\\/forbes.be_.png\",\"contentUrl\":\"https:\\\/\\\/www.forbes.be\\\/fr\\\/wp-content\\\/uploads\\\/2024\\\/02\\\/forbes.be_.png\",\"width\":1200,\"height\":675,\"caption\":\"Forbes Belgique\"},\"image\":{\"@id\":\"https:\\\/\\\/www.forbes.be\\\/fr\\\/#\\\/schema\\\/logo\\\/image\\\/\"},\"sameAs\":[\"https:\\\/\\\/www.facebook.com\\\/forbesbelgique\\\/\",\"https:\\\/\\\/www.instagram.com\\\/Forbes_Belgium\",\"https:\\\/\\\/www.linkedin.com\\\/company\\\/forbes-belgium\\\/\"]},{\"@type\":\"Person\",\"@id\":\"https:\\\/\\\/www.forbes.be\\\/fr\\\/#\\\/schema\\\/person\\\/f6bf8fa623babedc7051f16985d6a1d5\",\"name\":\"BRANDVOICE | Sponsored Content\",\"image\":{\"@type\":\"ImageObject\",\"inLanguage\":\"fr-FR\",\"@id\":\"https:\\\/\\\/www.forbes.be\\\/fr\\\/wp-content\\\/uploads\\\/2024\\\/01\\\/forbes-thumb-150x150.jpg\",\"url\":\"https:\\\/\\\/www.forbes.be\\\/fr\\\/wp-content\\\/uploads\\\/2024\\\/01\\\/forbes-thumb-150x150.jpg\",\"contentUrl\":\"https:\\\/\\\/www.forbes.be\\\/fr\\\/wp-content\\\/uploads\\\/2024\\\/01\\\/forbes-thumb-150x150.jpg\",\"caption\":\"BRANDVOICE | Sponsored Content\"},\"url\":\"https:\\\/\\\/www.forbes.be\\\/fr\\\/author\\\/partenairesforbes-be\\\/\"}]}<\/script>\n<!-- \/ Yoast SEO plugin. -->","yoast_head_json":{"title":"La fibre d\u00e9di\u00e9e, \u00e9pine dorsale de l'innovation num\u00e9rique","description":"La fibre d\u00e9di\u00e9e se positionne comme le nouvel alli\u00e9 strat\u00e9gique des entreprises en leur procurant une connectivit\u00e9 rapide et fiable.","robots":{"index":"index","follow":"follow","max-snippet":"max-snippet:-1","max-image-preview":"max-image-preview:large","max-video-preview":"max-video-preview:-1"},"canonical":"https:\/\/www.forbes.be\/fr\/la-fibre-dediee-epine-dorsale-de-linnovation-numerique-en-belgique\/","og_locale":"fr_FR","og_type":"article","og_title":"La fibre d\u00e9di\u00e9e, \u00e9pine dorsale de l'innovation num\u00e9rique","og_description":"La fibre d\u00e9di\u00e9e se positionne comme le nouvel alli\u00e9 strat\u00e9gique des entreprises en leur procurant une connectivit\u00e9 rapide et fiable.","og_url":"https:\/\/www.forbes.be\/fr\/la-fibre-dediee-epine-dorsale-de-linnovation-numerique-en-belgique\/","og_site_name":"Forbes Belgique","article_publisher":"https:\/\/www.facebook.com\/forbesbelgique\/","article_published_time":"2025-04-24T08:15:46+00:00","article_modified_time":"2026-02-24T17:58:05+00:00","og_image":[{"width":1280,"height":670,"url":"https:\/\/www.forbes.be\/fr\/wp-content\/uploads\/2025\/04\/ef1-head-image.png","type":"image\/png"}],"author":"BRANDVOICE | Sponsored Content","twitter_card":"summary_large_image","twitter_misc":{"\u00c9crit par":"BRANDVOICE | Sponsored Content","Dur\u00e9e de lecture estim\u00e9e":"6 minutes"},"schema":{"@context":"https:\/\/schema.org","@graph":[{"@type":"NewsArticle","@id":"https:\/\/www.forbes.be\/fr\/la-fibre-dediee-epine-dorsale-de-linnovation-numerique-en-belgique\/#article","isPartOf":{"@id":"https:\/\/www.forbes.be\/fr\/la-fibre-dediee-epine-dorsale-de-linnovation-numerique-en-belgique\/"},"author":{"name":"BRANDVOICE | Sponsored Content","@id":"https:\/\/www.forbes.be\/fr\/#\/schema\/person\/f6bf8fa623babedc7051f16985d6a1d5"},"headline":"La fibre d\u00e9di\u00e9e, \u00e9pine dorsale de l&rsquo;innovation num\u00e9rique en Belgique","datePublished":"2025-04-24T08:15:46+00:00","dateModified":"2026-02-24T17:58:05+00:00","mainEntityOfPage":{"@id":"https:\/\/www.forbes.be\/fr\/la-fibre-dediee-epine-dorsale-de-linnovation-numerique-en-belgique\/"},"wordCount":1031,"publisher":{"@id":"https:\/\/www.forbes.be\/fr\/#organization"},"image":{"@id":"https:\/\/www.forbes.be\/fr\/la-fibre-dediee-epine-dorsale-de-linnovation-numerique-en-belgique\/#primaryimage"},"thumbnailUrl":"https:\/\/www.forbes.be\/fr\/wp-content\/uploads\/2025\/04\/ef1-head-image.png","articleSection":["Brandvoice","Forbes Partner Expert Connectivity"],"inLanguage":"fr-FR"},{"@type":"WebPage","@id":"https:\/\/www.forbes.be\/fr\/la-fibre-dediee-epine-dorsale-de-linnovation-numerique-en-belgique\/","url":"https:\/\/www.forbes.be\/fr\/la-fibre-dediee-epine-dorsale-de-linnovation-numerique-en-belgique\/","name":"La fibre d\u00e9di\u00e9e, \u00e9pine dorsale de l'innovation num\u00e9rique","isPartOf":{"@id":"https:\/\/www.forbes.be\/fr\/#website"},"primaryImageOfPage":{"@id":"https:\/\/www.forbes.be\/fr\/la-fibre-dediee-epine-dorsale-de-linnovation-numerique-en-belgique\/#primaryimage"},"image":{"@id":"https:\/\/www.forbes.be\/fr\/la-fibre-dediee-epine-dorsale-de-linnovation-numerique-en-belgique\/#primaryimage"},"thumbnailUrl":"https:\/\/www.forbes.be\/fr\/wp-content\/uploads\/2025\/04\/ef1-head-image.png","datePublished":"2025-04-24T08:15:46+00:00","dateModified":"2026-02-24T17:58:05+00:00","description":"La fibre d\u00e9di\u00e9e se positionne comme le nouvel alli\u00e9 strat\u00e9gique des entreprises en leur procurant une connectivit\u00e9 rapide et fiable.","breadcrumb":{"@id":"https:\/\/www.forbes.be\/fr\/la-fibre-dediee-epine-dorsale-de-linnovation-numerique-en-belgique\/#breadcrumb"},"inLanguage":"fr-FR","potentialAction":[{"@type":"ReadAction","target":["https:\/\/www.forbes.be\/fr\/la-fibre-dediee-epine-dorsale-de-linnovation-numerique-en-belgique\/"]}]},{"@type":"ImageObject","inLanguage":"fr-FR","@id":"https:\/\/www.forbes.be\/fr\/la-fibre-dediee-epine-dorsale-de-linnovation-numerique-en-belgique\/#primaryimage","url":"https:\/\/www.forbes.be\/fr\/wp-content\/uploads\/2025\/04\/ef1-head-image.png","contentUrl":"https:\/\/www.forbes.be\/fr\/wp-content\/uploads\/2025\/04\/ef1-head-image.png","width":1280,"height":670,"caption":"\u00a9Eurofiber"},{"@type":"BreadcrumbList","@id":"https:\/\/www.forbes.be\/fr\/la-fibre-dediee-epine-dorsale-de-linnovation-numerique-en-belgique\/#breadcrumb","itemListElement":[{"@type":"ListItem","position":1,"name":"Accueil","item":"https:\/\/www.forbes.be\/fr\/"},{"@type":"ListItem","position":2,"name":"La fibre d\u00e9di\u00e9e, \u00e9pine dorsale de l&rsquo;innovation num\u00e9rique en Belgique"}]},{"@type":"WebSite","@id":"https:\/\/www.forbes.be\/fr\/#website","url":"https:\/\/www.forbes.be\/fr\/","name":"Forbes Belgique","description":"","publisher":{"@id":"https:\/\/www.forbes.be\/fr\/#organization"},"potentialAction":[{"@type":"SearchAction","target":{"@type":"EntryPoint","urlTemplate":"https:\/\/www.forbes.be\/fr\/?s={search_term_string}"},"query-input":{"@type":"PropertyValueSpecification","valueRequired":true,"valueName":"search_term_string"}}],"inLanguage":"fr-FR"},{"@type":"Organization","@id":"https:\/\/www.forbes.be\/fr\/#organization","name":"Forbes Belgique","url":"https:\/\/www.forbes.be\/fr\/","logo":{"@type":"ImageObject","inLanguage":"fr-FR","@id":"https:\/\/www.forbes.be\/fr\/#\/schema\/logo\/image\/","url":"https:\/\/www.forbes.be\/fr\/wp-content\/uploads\/2024\/02\/forbes.be_.png","contentUrl":"https:\/\/www.forbes.be\/fr\/wp-content\/uploads\/2024\/02\/forbes.be_.png","width":1200,"height":675,"caption":"Forbes Belgique"},"image":{"@id":"https:\/\/www.forbes.be\/fr\/#\/schema\/logo\/image\/"},"sameAs":["https:\/\/www.facebook.com\/forbesbelgique\/","https:\/\/www.instagram.com\/Forbes_Belgium","https:\/\/www.linkedin.com\/company\/forbes-belgium\/"]},{"@type":"Person","@id":"https:\/\/www.forbes.be\/fr\/#\/schema\/person\/f6bf8fa623babedc7051f16985d6a1d5","name":"BRANDVOICE | Sponsored Content","image":{"@type":"ImageObject","inLanguage":"fr-FR","@id":"https:\/\/www.forbes.be\/fr\/wp-content\/uploads\/2024\/01\/forbes-thumb-150x150.jpg","url":"https:\/\/www.forbes.be\/fr\/wp-content\/uploads\/2024\/01\/forbes-thumb-150x150.jpg","contentUrl":"https:\/\/www.forbes.be\/fr\/wp-content\/uploads\/2024\/01\/forbes-thumb-150x150.jpg","caption":"BRANDVOICE | Sponsored Content"},"url":"https:\/\/www.forbes.be\/fr\/author\/partenairesforbes-be\/"}]}},"_links":{"self":[{"href":"https:\/\/www.forbes.be\/fr\/wp-json\/wp\/v2\/posts\/9791","targetHints":{"allow":["GET"]}}],"collection":[{"href":"https:\/\/www.forbes.be\/fr\/wp-json\/wp\/v2\/posts"}],"about":[{"href":"https:\/\/www.forbes.be\/fr\/wp-json\/wp\/v2\/types\/post"}],"author":[{"embeddable":true,"href":"https:\/\/www.forbes.be\/fr\/wp-json\/wp\/v2\/users\/7"}],"replies":[{"embeddable":true,"href":"https:\/\/www.forbes.be\/fr\/wp-json\/wp\/v2\/comments?post=9791"}],"version-history":[{"count":8,"href":"https:\/\/www.forbes.be\/fr\/wp-json\/wp\/v2\/posts\/9791\/revisions"}],"predecessor-version":[{"id":9812,"href":"https:\/\/www.forbes.be\/fr\/wp-json\/wp\/v2\/posts\/9791\/revisions\/9812"}],"wp:featuredmedia":[{"embeddable":true,"href":"https:\/\/www.forbes.be\/fr\/wp-json\/wp\/v2\/media\/9792"}],"wp:attachment":[{"href":"https:\/\/www.forbes.be\/fr\/wp-json\/wp\/v2\/media?parent=9791"}],"wp:term":[{"taxonomy":"category","embeddable":true,"href":"https:\/\/www.forbes.be\/fr\/wp-json\/wp\/v2\/categories?post=9791"},{"taxonomy":"post_tag","embeddable":true,"href":"https:\/\/www.forbes.be\/fr\/wp-json\/wp\/v2\/tags?post=9791"}],"curies":[{"name":"wp","href":"https:\/\/api.w.org\/{rel}","templated":true}]}}