{"id":9841,"date":"2025-04-21T07:00:18","date_gmt":"2025-04-21T05:00:18","guid":{"rendered":"https:\/\/www.forbes.be\/fr\/?p=9841"},"modified":"2025-04-23T11:09:08","modified_gmt":"2025-04-23T09:09:08","slug":"panne-au-demarrage-pour-le-nouveau-modem-connectant-proximus-a-letat-belge","status":"publish","type":"post","link":"https:\/\/www.forbes.be\/fr\/panne-au-demarrage-pour-le-nouveau-modem-connectant-proximus-a-letat-belge\/","title":{"rendered":"Panne au d\u00e9marrage pour le nouveau modem connectant Proximus \u00e0 l&rsquo;Etat belge"},"content":{"rendered":"<div><strong>Ambiance chez <a href=\"https:\/\/www.proximus.com\/fr\/investors.html\">Proximus<\/a> ! Le moins que l&rsquo;on puisse \u00e9crire, c&rsquo;est que les relations entre l&rsquo;Etat belge et l&rsquo;op\u00e9rateur t\u00e9l\u00e9com ne sont pas au beau fixe. Et cette relation \u00ab\u00a0je t&rsquo;aime-moi non plus\u00a0\u00bb s&rsquo;est encore mat\u00e9rialis\u00e9e lors de la r\u00e9cente assembl\u00e9e g\u00e9n\u00e9rale ordinaire des actionnaires de l&rsquo;entreprise semi-publique. La <a href=\"https:\/\/sfpim.be\/fr\/\">Soci\u00e9t\u00e9 f\u00e9d\u00e9rale de participations et d&rsquo;investissement<\/a> (SFPI), le bras financier de l&rsquo;Etat, s&rsquo;y est en effet abstenue de voter sur la politique de r\u00e9mun\u00e9ration de l&rsquo;entreprise, estimant que certaines mesures \u00ab\u00a0du pass\u00e9\u00a0\u00bb m\u00e9ritaient une \u00e9valuation plus rigoureuse.<\/strong><\/div>\n<div><\/div>\n<div><\/div>\n<div>On le sait depuis plusieurs mois, le MR et la N-VA n&rsquo;appr\u00e9cient pas la hauteur du cours de bourse de l&rsquo;action Proximus, qui avait atteint un record de 35,6 euros en f\u00e9vrier 2015 et qui v\u00e9g\u00e8te \u00e0 pr\u00e9sent, dix ans plus tard, autour des 7 euros. Sous la direction de l&rsquo;actuel CEO Guillaume Boutin, qui a pris ses fonctions fin 2019 et qui rejoindra mi-mai l&rsquo;op\u00e9rateur britannique Vodafone, la valeur de l&rsquo;action a d\u00e9gringol\u00e9 d&rsquo;environ 80%.<\/div>\n<div><\/div>\n<h2>Le MR et la N-VA veulent du changement<\/h2>\n<div><\/div>\n<div>Les deux partis, membres de la coalition Arizona, n&rsquo;ont pas cach\u00e9 ces derniers mois, avant m\u00eame de former un nouveau gouvernement f\u00e9d\u00e9ral, leur volont\u00e9 de changement dans la direction de l&rsquo;op\u00e9rateur et dans sa strat\u00e9gie.<\/div>\n<div><\/div>\n<div><\/div>\n<div>\u00ab\u00a0Ce que nous avons v\u00e9cu ces derniers mois a \u00e9t\u00e9 difficile et, en ce qui me concerne, ne doit pas se r\u00e9p\u00e9ter\u00a0\u00bb, a r\u00e9pondu Stefaan De Clerck, le pr\u00e9sident du conseil d&rsquo;administration de Proximus, en ouverture de l&rsquo;AG. Il a demand\u00e9 \u00e0\u00a0\u00ab\u00a0\u00e9viter autant que possible les commentaires publics\u00a0\u00bb, particuli\u00e8rement dans le contexte d&rsquo;une entreprise cot\u00e9e en bourse, sans oublier de rappeler les \u00ab\u00a0<a href=\"https:\/\/www.proximus.com\/fr\/news\/2025\/202502-financial-results-q4-2024.html\">performances fantastiques<\/a>\u00a0\u00bb de l&rsquo;op\u00e9rateur.<\/div>\n<div><\/div>\n<div><\/div>\n<div>S&rsquo;ils ont renonc\u00e9 \u00e0 avoir la t\u00eate de Stefaan De Clerck \u00e0 la pr\u00e9sidence, le MR et la N-VA n&rsquo;ont pas manqu\u00e9 l&rsquo;occasion de placer leurs billes au sein du conseil d&rsquo;administration. Le parti nationaliste y a d\u00e9sign\u00e9 l&rsquo;\u00e9chevin anversois\u00a0<a href=\"https:\/\/n-va.be\/wie-is-wie\/koen-kennis-0\">Koen Kennis<\/a>, tandis que les lib\u00e9raux francophones ont propos\u00e9 la nomination du Fran\u00e7ais\u00a0<a href=\"https:\/\/www.mr.be\/le-mr-designe-franck-philippe-georgin-comme-nouvel-administrateur-chez-proximus\/\">Franck-Philippe Georgin<\/a>, \u00ab\u00a0titulaire d&rsquo;un parcours riche au sein de la haute fonction publique et du secteur priv\u00e9\u00a0\u00bb. Ce quadrag\u00e9naire travaille pour le Groupe Barri\u00e8re, actif dans les h\u00f4tels de luxe et les casinos.<\/div>\n<div><\/div>\n<div><\/div>\n<div>\u00ab\u00a0Franck-Philippe a la connaissance des rouages publics et priv\u00e9s ainsi que l\u2019exp\u00e9rience de la gestion de grands groupes. Ce seront des atouts ind\u00e9niables pour Proximus qui fait face \u00e0 de nombreux d\u00e9fis\u00a0\u00bb, avait comment\u00e9 Georges-Louis Bouchez, le pr\u00e9sident du MR, lors de sa d\u00e9signation, en profitant pour lancer un nouvel uppercut au visage de l&rsquo;entreprise. \u00ab\u00a0L\u2019\u00c9tat actionnaire ne peut en effet pas se satisfaire et accepter sans agir une telle d\u00e9valuation du cours de bourse et des prix pour le consommateur qui restent trop \u00e9lev\u00e9s ainsi qu\u2019une strat\u00e9gie peu lisible pour les investisseurs. Le r\u00f4le de Franck-Philippe sera de mettre plus de clart\u00e9 dans les orientations.\u00a0\u00bb<\/div>\n<div><\/div>\n<div><\/div>\n<div>Ce profil sans aucune connaissance des sp\u00e9cificit\u00e9s du monde des affaires en Belgique ni du monde des t\u00e9l\u00e9coms semble interpeller et avoir peu convaincu&#8230; Lors de l&rsquo;AG, seul l&rsquo;Etat, actionnaire majoritaire de Proximus (53,5% des parts), a ainsi vot\u00e9 en faveur de la nomination de ces deux nouveaux administrateurs, les autres actionnaires votant plut\u00f4t contre ou s&rsquo;abstenant.<\/div>\n<h2><\/h2>\n<h2>La SFPI oppos\u00e9e \u00e0 la politique de r\u00e9mun\u00e9ration<\/h2>\n<div><\/div>\n<div>Les dissensions se sont aussi faites ressentir au moment d&rsquo;approuver le rapport de r\u00e9mun\u00e9ration et la politique de r\u00e9mun\u00e9ration de l&rsquo;op\u00e9rateur. La SFPI, qui a centralis\u00e9 en mai de l&rsquo;an dernier les participations de l&rsquo;Etat belge au sein de Proximus, participait pour la premi\u00e8re fois \u00e0 une AG de Proximus. Et elle s&rsquo;y est faite remarquer en s&rsquo;abstenant de voter sur les deux points pr\u00e9cit\u00e9s.<\/div>\n<div><\/div>\n<div><\/div>\n<div>&lsquo;La SFPI reconnait qu&rsquo;une structure de r\u00e9mun\u00e9ration claire et concurrentielle est n\u00e9cessaire pour attirer et retenir les talents, en particulier dans un secteur complexe et en constante \u00e9volution\u00a0\u00bb, a-t-elle expliqu\u00e9. \u00ab\u00a0Dans le m\u00eame temps, nous estimons que la r\u00e9mun\u00e9ration des membres du conseil d&rsquo;administration ainsi que celle du CEO doivent rester proportionn\u00e9es et align\u00e9es avec le contexte soci\u00e9tal dans lequel l&rsquo;entreprise op\u00e8re, d&rsquo;autant plus en raison du caract\u00e8re public de son actionnariat.\u00a0\u00bb<\/div>\n<div><\/div>\n<div><\/div>\n<div>Pour le fonds souverain, \u00ab\u00a0un exercice de benchmark structur\u00e9 et plus \u00e9tay\u00e9, avec des entreprises comparables en taille, en secteur et en structure actionnariale, devient indispensable \u00e0 une politique de r\u00e9mun\u00e9ration cr\u00e9dible et d\u00e9fendable\u00a0\u00bb. \u00ab\u00a0Certaines politiques de r\u00e9mun\u00e9ration du pass\u00e9 auraient m\u00e9rit\u00e9 une \u00e9valuation plus rigoureuse\u00a0\u00bb, a-t-il encore ass\u00e9n\u00e9, assurant qu&rsquo;il ne s&rsquo;agissait toutefois pas\u00a0d\u2019un vote d\u2019opposition aux d\u00e9cisions du pass\u00e9 mais bien mais d\u2019un signal en faveur d\u2019une \u00e9volution vers plus de transparence, de comparabilit\u00e9 et de rigueur.<\/div>\n<div><\/div>\n<div><\/div>\n<div>M\u00eame la ministre des Entreprises publiques, <a href=\"https:\/\/www.vanessamatz.be\/\">Vanessa Matz<\/a> (Les Engag\u00e9s), y est all\u00e9e de son communiqu\u00e9 pour souligner le \u00ab\u00a0tournant\u00a0\u00bb dans la mani\u00e8re dont l&rsquo;Etat g\u00e8re ses participations et sa volont\u00e9 d\u2019ouvrir un dialogue renforc\u00e9 sur la politique de r\u00e9mun\u00e9ration.<\/div>\n<div><\/div>\n<div>\n<div><\/div>\n<div>Chez Proximus, on a pris acte avec regret de cette d\u00e9cision de la SFPI, le pr\u00e9sident De Clerck assurant que des benchmarks \u00e9taient r\u00e9alis\u00e9s r\u00e9guli\u00e8rement. Il se f\u00e9licite toutefois du dialogue qui va s&rsquo;ouvrir avec le principal actionnaire de l&rsquo;entreprise et de la strat\u00e9gie commune qui pourra \u00eatre d\u00e9velopp\u00e9e.<\/div>\n<\/div>\n<div><\/div>\n<div><\/div>\n<div>La prochaine AG, qu&rsquo;elle soit ordinaire ou extraordinaire, promet d&rsquo;\u00eatre int\u00e9ressante&#8230;<\/div>\n","protected":false},"excerpt":{"rendered":"<p>Ambiance chez Proximus ! Le moins que l&rsquo;on puisse \u00e9crire, c&rsquo;est que les relations entre l&rsquo;Etat belge et l&rsquo;op\u00e9rateur t\u00e9l\u00e9com ne sont pas au beau fixe. Et cette relation \u00ab\u00a0je t&rsquo;aime-moi non plus\u00a0\u00bb s&rsquo;est encore mat\u00e9rialis\u00e9e lors de la r\u00e9cente assembl\u00e9e g\u00e9n\u00e9rale ordinaire des actionnaires de l&rsquo;entreprise semi-publique. La Soci\u00e9t\u00e9 f\u00e9d\u00e9rale de participations et d&rsquo;investissement [&hellip;]<\/p>\n","protected":false},"author":37,"featured_media":9844,"comment_status":"closed","ping_status":"closed","sticky":false,"template":"","format":"standard","meta":{"_acf_changed":false,"inline_featured_image":false,"footnotes":""},"categories":[1],"tags":[],"class_list":{"0":"post-9841","1":"post","2":"type-post","3":"status-publish","4":"format-standard","5":"has-post-thumbnail","7":"category-actualite"},"acf":[],"_yoast_wpseo_title":null,"_yoast_wpseo_metadesc":"Les dissensions sont importantes entre Proximus et le gouvernement f\u00e9d\u00e9ral, son actionnaire principal, puisque le bras financier de l'Etat, s'est abstenue de voter sur la politique de r\u00e9mun\u00e9ration de l'entreprise.","auteur_traducteur":"","yoast_head":"<!-- This site is optimized with the Yoast SEO plugin v27.4 - https:\/\/yoast.com\/product\/yoast-seo-wordpress\/ -->\n<title>Panne au d\u00e9marrage pour le nouveau modem connectant Proximus \u00e0 l&#039;Etat belge | Forbes Belgique<\/title>\n<meta name=\"description\" content=\"Les dissensions sont importantes entre Proximus et le gouvernement f\u00e9d\u00e9ral, son actionnaire principal, puisque le bras financier de l&#039;Etat, s&#039;est abstenue de voter sur la politique de r\u00e9mun\u00e9ration de l&#039;entreprise.\" \/>\n<meta name=\"robots\" content=\"index, follow, max-snippet:-1, max-image-preview:large, max-video-preview:-1\" \/>\n<link rel=\"canonical\" href=\"https:\/\/www.forbes.be\/fr\/panne-au-demarrage-pour-le-nouveau-modem-connectant-proximus-a-letat-belge\/\" \/>\n<meta property=\"og:locale\" content=\"fr_FR\" \/>\n<meta property=\"og:type\" content=\"article\" \/>\n<meta property=\"og:title\" content=\"Panne au d\u00e9marrage pour le nouveau modem connectant Proximus \u00e0 l&#039;Etat belge | Forbes Belgique\" \/>\n<meta property=\"og:description\" content=\"Les dissensions sont importantes entre Proximus et le gouvernement f\u00e9d\u00e9ral, son actionnaire principal, puisque le bras financier de l&#039;Etat, s&#039;est abstenue de voter sur la politique de r\u00e9mun\u00e9ration de l&#039;entreprise.\" \/>\n<meta property=\"og:url\" content=\"https:\/\/www.forbes.be\/fr\/panne-au-demarrage-pour-le-nouveau-modem-connectant-proximus-a-letat-belge\/\" \/>\n<meta property=\"og:site_name\" content=\"Forbes Belgique\" \/>\n<meta property=\"article:publisher\" content=\"https:\/\/www.facebook.com\/forbesbelgique\/\" \/>\n<meta property=\"article:published_time\" content=\"2025-04-21T05:00:18+00:00\" \/>\n<meta property=\"article:modified_time\" content=\"2025-04-23T09:09:08+00:00\" \/>\n<meta property=\"og:image\" content=\"https:\/\/www.forbes.be\/fr\/wp-content\/uploads\/2025\/04\/adobestock-288369703-editorial-use-only-scaled-e1745399276514.jpeg\" \/>\n\t<meta property=\"og:image:width\" content=\"2560\" \/>\n\t<meta property=\"og:image:height\" content=\"1340\" \/>\n\t<meta property=\"og:image:type\" content=\"image\/jpeg\" \/>\n<meta name=\"author\" content=\"Juan Godbille\" \/>\n<meta name=\"twitter:card\" content=\"summary_large_image\" \/>\n<meta name=\"twitter:label1\" content=\"\u00c9crit par\" \/>\n\t<meta name=\"twitter:data1\" content=\"Juan Godbille\" \/>\n\t<meta name=\"twitter:label2\" content=\"Dur\u00e9e de lecture estim\u00e9e\" \/>\n\t<meta name=\"twitter:data2\" content=\"5 minutes\" \/>\n<script type=\"application\/ld+json\" class=\"yoast-schema-graph\">{\"@context\":\"https:\\\/\\\/schema.org\",\"@graph\":[{\"@type\":\"NewsArticle\",\"@id\":\"https:\\\/\\\/www.forbes.be\\\/fr\\\/panne-au-demarrage-pour-le-nouveau-modem-connectant-proximus-a-letat-belge\\\/#article\",\"isPartOf\":{\"@id\":\"https:\\\/\\\/www.forbes.be\\\/fr\\\/panne-au-demarrage-pour-le-nouveau-modem-connectant-proximus-a-letat-belge\\\/\"},\"author\":{\"name\":\"Juan Godbille\",\"@id\":\"https:\\\/\\\/www.forbes.be\\\/fr\\\/#\\\/schema\\\/person\\\/0d449791ef6199da3d469eca714eb773\"},\"headline\":\"Panne au d\u00e9marrage pour le nouveau modem connectant Proximus \u00e0 l&rsquo;Etat belge\",\"datePublished\":\"2025-04-21T05:00:18+00:00\",\"dateModified\":\"2025-04-23T09:09:08+00:00\",\"mainEntityOfPage\":{\"@id\":\"https:\\\/\\\/www.forbes.be\\\/fr\\\/panne-au-demarrage-pour-le-nouveau-modem-connectant-proximus-a-letat-belge\\\/\"},\"wordCount\":960,\"publisher\":{\"@id\":\"https:\\\/\\\/www.forbes.be\\\/fr\\\/#organization\"},\"image\":{\"@id\":\"https:\\\/\\\/www.forbes.be\\\/fr\\\/panne-au-demarrage-pour-le-nouveau-modem-connectant-proximus-a-letat-belge\\\/#primaryimage\"},\"thumbnailUrl\":\"https:\\\/\\\/www.forbes.be\\\/fr\\\/wp-content\\\/uploads\\\/2025\\\/04\\\/adobestock-288369703-editorial-use-only-scaled-e1745399276514.jpeg\",\"articleSection\":[\"Actualit\u00e9s\"],\"inLanguage\":\"fr-FR\"},{\"@type\":\"WebPage\",\"@id\":\"https:\\\/\\\/www.forbes.be\\\/fr\\\/panne-au-demarrage-pour-le-nouveau-modem-connectant-proximus-a-letat-belge\\\/\",\"url\":\"https:\\\/\\\/www.forbes.be\\\/fr\\\/panne-au-demarrage-pour-le-nouveau-modem-connectant-proximus-a-letat-belge\\\/\",\"name\":\"Panne au d\u00e9marrage pour le nouveau modem connectant Proximus \u00e0 l'Etat belge | Forbes Belgique\",\"isPartOf\":{\"@id\":\"https:\\\/\\\/www.forbes.be\\\/fr\\\/#website\"},\"primaryImageOfPage\":{\"@id\":\"https:\\\/\\\/www.forbes.be\\\/fr\\\/panne-au-demarrage-pour-le-nouveau-modem-connectant-proximus-a-letat-belge\\\/#primaryimage\"},\"image\":{\"@id\":\"https:\\\/\\\/www.forbes.be\\\/fr\\\/panne-au-demarrage-pour-le-nouveau-modem-connectant-proximus-a-letat-belge\\\/#primaryimage\"},\"thumbnailUrl\":\"https:\\\/\\\/www.forbes.be\\\/fr\\\/wp-content\\\/uploads\\\/2025\\\/04\\\/adobestock-288369703-editorial-use-only-scaled-e1745399276514.jpeg\",\"datePublished\":\"2025-04-21T05:00:18+00:00\",\"dateModified\":\"2025-04-23T09:09:08+00:00\",\"description\":\"Les dissensions sont importantes entre Proximus et le gouvernement f\u00e9d\u00e9ral, son actionnaire principal, puisque le bras financier de l'Etat, s'est abstenue de voter sur la politique de r\u00e9mun\u00e9ration de l'entreprise.\",\"breadcrumb\":{\"@id\":\"https:\\\/\\\/www.forbes.be\\\/fr\\\/panne-au-demarrage-pour-le-nouveau-modem-connectant-proximus-a-letat-belge\\\/#breadcrumb\"},\"inLanguage\":\"fr-FR\",\"potentialAction\":[{\"@type\":\"ReadAction\",\"target\":[\"https:\\\/\\\/www.forbes.be\\\/fr\\\/panne-au-demarrage-pour-le-nouveau-modem-connectant-proximus-a-letat-belge\\\/\"]}]},{\"@type\":\"ImageObject\",\"inLanguage\":\"fr-FR\",\"@id\":\"https:\\\/\\\/www.forbes.be\\\/fr\\\/panne-au-demarrage-pour-le-nouveau-modem-connectant-proximus-a-letat-belge\\\/#primaryimage\",\"url\":\"https:\\\/\\\/www.forbes.be\\\/fr\\\/wp-content\\\/uploads\\\/2025\\\/04\\\/adobestock-288369703-editorial-use-only-scaled-e1745399276514.jpeg\",\"contentUrl\":\"https:\\\/\\\/www.forbes.be\\\/fr\\\/wp-content\\\/uploads\\\/2025\\\/04\\\/adobestock-288369703-editorial-use-only-scaled-e1745399276514.jpeg\",\"width\":2560,\"height\":1340,\"caption\":\"brussels, brussels\\\/belgium - 13 12 18: proximus sign in brussels belgium\"},{\"@type\":\"BreadcrumbList\",\"@id\":\"https:\\\/\\\/www.forbes.be\\\/fr\\\/panne-au-demarrage-pour-le-nouveau-modem-connectant-proximus-a-letat-belge\\\/#breadcrumb\",\"itemListElement\":[{\"@type\":\"ListItem\",\"position\":1,\"name\":\"Accueil\",\"item\":\"https:\\\/\\\/www.forbes.be\\\/fr\\\/\"},{\"@type\":\"ListItem\",\"position\":2,\"name\":\"Panne au d\u00e9marrage pour le nouveau modem connectant Proximus \u00e0 l&rsquo;Etat belge\"}]},{\"@type\":\"WebSite\",\"@id\":\"https:\\\/\\\/www.forbes.be\\\/fr\\\/#website\",\"url\":\"https:\\\/\\\/www.forbes.be\\\/fr\\\/\",\"name\":\"Forbes Belgique\",\"description\":\"\",\"publisher\":{\"@id\":\"https:\\\/\\\/www.forbes.be\\\/fr\\\/#organization\"},\"potentialAction\":[{\"@type\":\"SearchAction\",\"target\":{\"@type\":\"EntryPoint\",\"urlTemplate\":\"https:\\\/\\\/www.forbes.be\\\/fr\\\/?s={search_term_string}\"},\"query-input\":{\"@type\":\"PropertyValueSpecification\",\"valueRequired\":true,\"valueName\":\"search_term_string\"}}],\"inLanguage\":\"fr-FR\"},{\"@type\":\"Organization\",\"@id\":\"https:\\\/\\\/www.forbes.be\\\/fr\\\/#organization\",\"name\":\"Forbes Belgique\",\"url\":\"https:\\\/\\\/www.forbes.be\\\/fr\\\/\",\"logo\":{\"@type\":\"ImageObject\",\"inLanguage\":\"fr-FR\",\"@id\":\"https:\\\/\\\/www.forbes.be\\\/fr\\\/#\\\/schema\\\/logo\\\/image\\\/\",\"url\":\"https:\\\/\\\/www.forbes.be\\\/fr\\\/wp-content\\\/uploads\\\/2024\\\/02\\\/forbes.be_.png\",\"contentUrl\":\"https:\\\/\\\/www.forbes.be\\\/fr\\\/wp-content\\\/uploads\\\/2024\\\/02\\\/forbes.be_.png\",\"width\":1200,\"height\":675,\"caption\":\"Forbes Belgique\"},\"image\":{\"@id\":\"https:\\\/\\\/www.forbes.be\\\/fr\\\/#\\\/schema\\\/logo\\\/image\\\/\"},\"sameAs\":[\"https:\\\/\\\/www.facebook.com\\\/forbesbelgique\\\/\",\"https:\\\/\\\/www.instagram.com\\\/Forbes_Belgium\",\"https:\\\/\\\/www.linkedin.com\\\/company\\\/forbes-belgium\\\/\"]},{\"@type\":\"Person\",\"@id\":\"https:\\\/\\\/www.forbes.be\\\/fr\\\/#\\\/schema\\\/person\\\/0d449791ef6199da3d469eca714eb773\",\"name\":\"Juan Godbille\",\"image\":{\"@type\":\"ImageObject\",\"inLanguage\":\"fr-FR\",\"@id\":\"https:\\\/\\\/secure.gravatar.com\\\/avatar\\\/de6d740453251c69ae34e42cfef9688bc2a5c942d7cab09074e7064fbac13ac9?s=96&d=mm&r=g\",\"url\":\"https:\\\/\\\/secure.gravatar.com\\\/avatar\\\/de6d740453251c69ae34e42cfef9688bc2a5c942d7cab09074e7064fbac13ac9?s=96&d=mm&r=g\",\"contentUrl\":\"https:\\\/\\\/secure.gravatar.com\\\/avatar\\\/de6d740453251c69ae34e42cfef9688bc2a5c942d7cab09074e7064fbac13ac9?s=96&d=mm&r=g\",\"caption\":\"Juan Godbille\"},\"url\":\"https:\\\/\\\/www.forbes.be\\\/fr\\\/author\\\/juan-godbille\\\/\"}]}<\/script>\n<!-- \/ Yoast SEO plugin. -->","yoast_head_json":{"title":"Panne au d\u00e9marrage pour le nouveau modem connectant Proximus \u00e0 l'Etat belge | Forbes Belgique","description":"Les dissensions sont importantes entre Proximus et le gouvernement f\u00e9d\u00e9ral, son actionnaire principal, puisque le bras financier de l'Etat, s'est abstenue de voter sur la politique de r\u00e9mun\u00e9ration de l'entreprise.","robots":{"index":"index","follow":"follow","max-snippet":"max-snippet:-1","max-image-preview":"max-image-preview:large","max-video-preview":"max-video-preview:-1"},"canonical":"https:\/\/www.forbes.be\/fr\/panne-au-demarrage-pour-le-nouveau-modem-connectant-proximus-a-letat-belge\/","og_locale":"fr_FR","og_type":"article","og_title":"Panne au d\u00e9marrage pour le nouveau modem connectant Proximus \u00e0 l'Etat belge | Forbes Belgique","og_description":"Les dissensions sont importantes entre Proximus et le gouvernement f\u00e9d\u00e9ral, son actionnaire principal, puisque le bras financier de l'Etat, s'est abstenue de voter sur la politique de r\u00e9mun\u00e9ration de l'entreprise.","og_url":"https:\/\/www.forbes.be\/fr\/panne-au-demarrage-pour-le-nouveau-modem-connectant-proximus-a-letat-belge\/","og_site_name":"Forbes Belgique","article_publisher":"https:\/\/www.facebook.com\/forbesbelgique\/","article_published_time":"2025-04-21T05:00:18+00:00","article_modified_time":"2025-04-23T09:09:08+00:00","og_image":[{"width":2560,"height":1340,"url":"https:\/\/www.forbes.be\/fr\/wp-content\/uploads\/2025\/04\/adobestock-288369703-editorial-use-only-scaled-e1745399276514.jpeg","type":"image\/jpeg"}],"author":"Juan Godbille","twitter_card":"summary_large_image","twitter_misc":{"\u00c9crit par":"Juan Godbille","Dur\u00e9e de lecture estim\u00e9e":"5 minutes"},"schema":{"@context":"https:\/\/schema.org","@graph":[{"@type":"NewsArticle","@id":"https:\/\/www.forbes.be\/fr\/panne-au-demarrage-pour-le-nouveau-modem-connectant-proximus-a-letat-belge\/#article","isPartOf":{"@id":"https:\/\/www.forbes.be\/fr\/panne-au-demarrage-pour-le-nouveau-modem-connectant-proximus-a-letat-belge\/"},"author":{"name":"Juan Godbille","@id":"https:\/\/www.forbes.be\/fr\/#\/schema\/person\/0d449791ef6199da3d469eca714eb773"},"headline":"Panne au d\u00e9marrage pour le nouveau modem connectant Proximus \u00e0 l&rsquo;Etat belge","datePublished":"2025-04-21T05:00:18+00:00","dateModified":"2025-04-23T09:09:08+00:00","mainEntityOfPage":{"@id":"https:\/\/www.forbes.be\/fr\/panne-au-demarrage-pour-le-nouveau-modem-connectant-proximus-a-letat-belge\/"},"wordCount":960,"publisher":{"@id":"https:\/\/www.forbes.be\/fr\/#organization"},"image":{"@id":"https:\/\/www.forbes.be\/fr\/panne-au-demarrage-pour-le-nouveau-modem-connectant-proximus-a-letat-belge\/#primaryimage"},"thumbnailUrl":"https:\/\/www.forbes.be\/fr\/wp-content\/uploads\/2025\/04\/adobestock-288369703-editorial-use-only-scaled-e1745399276514.jpeg","articleSection":["Actualit\u00e9s"],"inLanguage":"fr-FR"},{"@type":"WebPage","@id":"https:\/\/www.forbes.be\/fr\/panne-au-demarrage-pour-le-nouveau-modem-connectant-proximus-a-letat-belge\/","url":"https:\/\/www.forbes.be\/fr\/panne-au-demarrage-pour-le-nouveau-modem-connectant-proximus-a-letat-belge\/","name":"Panne au d\u00e9marrage pour le nouveau modem connectant Proximus \u00e0 l'Etat belge | Forbes Belgique","isPartOf":{"@id":"https:\/\/www.forbes.be\/fr\/#website"},"primaryImageOfPage":{"@id":"https:\/\/www.forbes.be\/fr\/panne-au-demarrage-pour-le-nouveau-modem-connectant-proximus-a-letat-belge\/#primaryimage"},"image":{"@id":"https:\/\/www.forbes.be\/fr\/panne-au-demarrage-pour-le-nouveau-modem-connectant-proximus-a-letat-belge\/#primaryimage"},"thumbnailUrl":"https:\/\/www.forbes.be\/fr\/wp-content\/uploads\/2025\/04\/adobestock-288369703-editorial-use-only-scaled-e1745399276514.jpeg","datePublished":"2025-04-21T05:00:18+00:00","dateModified":"2025-04-23T09:09:08+00:00","description":"Les dissensions sont importantes entre Proximus et le gouvernement f\u00e9d\u00e9ral, son actionnaire principal, puisque le bras financier de l'Etat, s'est abstenue de voter sur la politique de r\u00e9mun\u00e9ration de l'entreprise.","breadcrumb":{"@id":"https:\/\/www.forbes.be\/fr\/panne-au-demarrage-pour-le-nouveau-modem-connectant-proximus-a-letat-belge\/#breadcrumb"},"inLanguage":"fr-FR","potentialAction":[{"@type":"ReadAction","target":["https:\/\/www.forbes.be\/fr\/panne-au-demarrage-pour-le-nouveau-modem-connectant-proximus-a-letat-belge\/"]}]},{"@type":"ImageObject","inLanguage":"fr-FR","@id":"https:\/\/www.forbes.be\/fr\/panne-au-demarrage-pour-le-nouveau-modem-connectant-proximus-a-letat-belge\/#primaryimage","url":"https:\/\/www.forbes.be\/fr\/wp-content\/uploads\/2025\/04\/adobestock-288369703-editorial-use-only-scaled-e1745399276514.jpeg","contentUrl":"https:\/\/www.forbes.be\/fr\/wp-content\/uploads\/2025\/04\/adobestock-288369703-editorial-use-only-scaled-e1745399276514.jpeg","width":2560,"height":1340,"caption":"brussels, brussels\/belgium - 13 12 18: proximus sign in brussels belgium"},{"@type":"BreadcrumbList","@id":"https:\/\/www.forbes.be\/fr\/panne-au-demarrage-pour-le-nouveau-modem-connectant-proximus-a-letat-belge\/#breadcrumb","itemListElement":[{"@type":"ListItem","position":1,"name":"Accueil","item":"https:\/\/www.forbes.be\/fr\/"},{"@type":"ListItem","position":2,"name":"Panne au d\u00e9marrage pour le nouveau modem connectant Proximus \u00e0 l&rsquo;Etat belge"}]},{"@type":"WebSite","@id":"https:\/\/www.forbes.be\/fr\/#website","url":"https:\/\/www.forbes.be\/fr\/","name":"Forbes Belgique","description":"","publisher":{"@id":"https:\/\/www.forbes.be\/fr\/#organization"},"potentialAction":[{"@type":"SearchAction","target":{"@type":"EntryPoint","urlTemplate":"https:\/\/www.forbes.be\/fr\/?s={search_term_string}"},"query-input":{"@type":"PropertyValueSpecification","valueRequired":true,"valueName":"search_term_string"}}],"inLanguage":"fr-FR"},{"@type":"Organization","@id":"https:\/\/www.forbes.be\/fr\/#organization","name":"Forbes Belgique","url":"https:\/\/www.forbes.be\/fr\/","logo":{"@type":"ImageObject","inLanguage":"fr-FR","@id":"https:\/\/www.forbes.be\/fr\/#\/schema\/logo\/image\/","url":"https:\/\/www.forbes.be\/fr\/wp-content\/uploads\/2024\/02\/forbes.be_.png","contentUrl":"https:\/\/www.forbes.be\/fr\/wp-content\/uploads\/2024\/02\/forbes.be_.png","width":1200,"height":675,"caption":"Forbes Belgique"},"image":{"@id":"https:\/\/www.forbes.be\/fr\/#\/schema\/logo\/image\/"},"sameAs":["https:\/\/www.facebook.com\/forbesbelgique\/","https:\/\/www.instagram.com\/Forbes_Belgium","https:\/\/www.linkedin.com\/company\/forbes-belgium\/"]},{"@type":"Person","@id":"https:\/\/www.forbes.be\/fr\/#\/schema\/person\/0d449791ef6199da3d469eca714eb773","name":"Juan Godbille","image":{"@type":"ImageObject","inLanguage":"fr-FR","@id":"https:\/\/secure.gravatar.com\/avatar\/de6d740453251c69ae34e42cfef9688bc2a5c942d7cab09074e7064fbac13ac9?s=96&d=mm&r=g","url":"https:\/\/secure.gravatar.com\/avatar\/de6d740453251c69ae34e42cfef9688bc2a5c942d7cab09074e7064fbac13ac9?s=96&d=mm&r=g","contentUrl":"https:\/\/secure.gravatar.com\/avatar\/de6d740453251c69ae34e42cfef9688bc2a5c942d7cab09074e7064fbac13ac9?s=96&d=mm&r=g","caption":"Juan Godbille"},"url":"https:\/\/www.forbes.be\/fr\/author\/juan-godbille\/"}]}},"_links":{"self":[{"href":"https:\/\/www.forbes.be\/fr\/wp-json\/wp\/v2\/posts\/9841","targetHints":{"allow":["GET"]}}],"collection":[{"href":"https:\/\/www.forbes.be\/fr\/wp-json\/wp\/v2\/posts"}],"about":[{"href":"https:\/\/www.forbes.be\/fr\/wp-json\/wp\/v2\/types\/post"}],"author":[{"embeddable":true,"href":"https:\/\/www.forbes.be\/fr\/wp-json\/wp\/v2\/users\/37"}],"replies":[{"embeddable":true,"href":"https:\/\/www.forbes.be\/fr\/wp-json\/wp\/v2\/comments?post=9841"}],"version-history":[{"count":6,"href":"https:\/\/www.forbes.be\/fr\/wp-json\/wp\/v2\/posts\/9841\/revisions"}],"predecessor-version":[{"id":9890,"href":"https:\/\/www.forbes.be\/fr\/wp-json\/wp\/v2\/posts\/9841\/revisions\/9890"}],"wp:featuredmedia":[{"embeddable":true,"href":"https:\/\/www.forbes.be\/fr\/wp-json\/wp\/v2\/media\/9844"}],"wp:attachment":[{"href":"https:\/\/www.forbes.be\/fr\/wp-json\/wp\/v2\/media?parent=9841"}],"wp:term":[{"taxonomy":"category","embeddable":true,"href":"https:\/\/www.forbes.be\/fr\/wp-json\/wp\/v2\/categories?post=9841"},{"taxonomy":"post_tag","embeddable":true,"href":"https:\/\/www.forbes.be\/fr\/wp-json\/wp\/v2\/tags?post=9841"}],"curies":[{"name":"wp","href":"https:\/\/api.w.org\/{rel}","templated":true}]}}