{"id":9891,"date":"2025-04-19T08:00:44","date_gmt":"2025-04-19T06:00:44","guid":{"rendered":"https:\/\/www.forbes.be\/fr\/?p=9891"},"modified":"2025-04-23T11:02:41","modified_gmt":"2025-04-23T09:02:41","slug":"9891-2","status":"publish","type":"post","link":"https:\/\/www.forbes.be\/fr\/9891-2\/","title":{"rendered":"Art Duba\u00ef, oasis belge"},"content":{"rendered":"<p><strong>Au 18e Art Duba\u00ef, la pr\u00e9sence belge s\u2019av\u00e8re prot\u00e9iforme.<\/strong><\/p>\n<p>\u00c0 <strong>Duba\u00ef<\/strong>, l\u2019<strong>art belge<\/strong> s\u2019exporte tous azimuts. Ainsi, <a href=\"https:\/\/www.rgrart.com\/\" target=\"_blank\" rel=\"noopener\">RGR<\/a>, galerie mexicaine, expose notamment Patrick Hamilton, n\u00e9 en Belgique. Et Arica Hilton, qui a cofond\u00e9 la galerie <a href=\"https:\/\/hiltoncontemporary.com\/?v=692e8df1db82\" target=\"_blank\" rel=\"noopener\">Hilton Contemporary<\/a> \u00e0 Chicago, s\u2019est alli\u00e9e au Belge <a href=\"https:\/\/www.ionnyk.com\/fr\/\" target=\"_blank\" rel=\"noopener\">Ionnyk<\/a>, cr\u00e9ateur de cadres digitaux faits de milliers de billes d\u2019encre, pour une \u00e9dition de deux s\u00e9ries de dix images de la Mexicaine Cristina Mittermeier, photographe et activiste du climat.<\/p>\n<p>Belge expatri\u00e9e, <strong>Stefanie Verduyn<\/strong> vit entre Moregem, Flandre orientale, et l\u2019Argentine. En Flandre, quatre b\u00e2timents de 3000 m2, sur un hectare, abritent galerie et r\u00e9sidence d\u2019artistes et de curateurs du monde entier : Br\u00e9sil (Mateus Nunes), Russie (Bis.Vika), Italie (Studio Atzori). Elle a r\u00e9cemment accueilli deux artistes issus de deux pays en guerre pluris\u00e9culaire, Russie et G\u00e9orgie.<\/p>\n<figure id=\"attachment_9892\" aria-describedby=\"caption-attachment-9892\" style=\"width: 2057px\" class=\"wp-caption alignnone\"><img loading=\"lazy\" decoding=\"async\" class=\"size-full wp-image-9892\" src=\"https:\/\/www.forbes.be\/fr\/wp-content\/uploads\/2025\/04\/unnamed-2.jpg\" alt=\"\" width=\"2057\" height=\"1372\" srcset=\"https:\/\/www.forbes.be\/fr\/wp-content\/uploads\/2025\/04\/unnamed-2.jpg 2057w, https:\/\/www.forbes.be\/fr\/wp-content\/uploads\/2025\/04\/unnamed-2-300x200.jpg 300w, https:\/\/www.forbes.be\/fr\/wp-content\/uploads\/2025\/04\/unnamed-2-1024x683.jpg 1024w, https:\/\/www.forbes.be\/fr\/wp-content\/uploads\/2025\/04\/unnamed-2-768x512.jpg 768w, https:\/\/www.forbes.be\/fr\/wp-content\/uploads\/2025\/04\/unnamed-2-1536x1024.jpg 1536w, https:\/\/www.forbes.be\/fr\/wp-content\/uploads\/2025\/04\/unnamed-2-2048x1366.jpg 2048w, https:\/\/www.forbes.be\/fr\/wp-content\/uploads\/2025\/04\/unnamed-2-696x464.jpg 696w, https:\/\/www.forbes.be\/fr\/wp-content\/uploads\/2025\/04\/unnamed-2-1068x712.jpg 1068w, https:\/\/www.forbes.be\/fr\/wp-content\/uploads\/2025\/04\/unnamed-2-1920x1281.jpg 1920w, https:\/\/www.forbes.be\/fr\/wp-content\/uploads\/2025\/04\/unnamed-2-600x400.jpg 600w\" sizes=\"auto, (max-width: 2057px) 100vw, 2057px\" \/><figcaption id=\"caption-attachment-9892\" class=\"wp-caption-text\">Le stand de la galerie Verduyn \u00a9 DR<\/figcaption><\/figure>\n<p>Sa <strong>galerie<\/strong> n\u2019a que quatre ans : lors d\u2019Art Duba\u00ef 2024, une visite \u00e0 sa galerie partenaire, <a href=\"https:\/\/www.thewhynotgallery.com\/\" target=\"_blank\" rel=\"noopener\">The Why Not Gallery<\/a>, galerie g\u00e9orgienne \u00e0 Duba\u00ef, qui n\u2019expose que des femmes, l\u2019incite \u00e0 postuler. \u00ab <a href=\"https:\/\/www.artdubai.ae\/\" target=\"_blank\" rel=\"noopener\">Art Duba\u00ef<\/a>, plus grande foire de la r\u00e9gion, \u00e0 l\u2019\u00e9picentre du Sud Global, de l&rsquo;Am\u00e9rique du Sud \u00e0 l\u2019Indon\u00e9sie, du Br\u00e9sil et Cuba \u00e0 la G\u00e9orgie, correspond \u00e0 notre pedigree international. \u00bb<\/p>\n<h2>Iran et France<\/h2>\n<p>La Belge <strong>Isabelle van den Eynde<\/strong> est devenue duba\u00efote en 2003 : elle ouvre son espace intitul\u00e9 <a href=\"https:\/\/p21.gallery\/\" target=\"_blank\" rel=\"noopener\">B21<\/a> en 2005, et Gallery Isabelle en 2010, dans le complexe d\u2019Alserkal Avenue, qui abrite 70 galeries. \u00ab J\u2019ai fait partie des premi\u00e8res galeries occidentales install\u00e9es ici, reprend <strong>Isabelle van den Eynde<\/strong>, dans un march\u00e9 de collectionneurs naissant. Il a fallu soutenir nos <strong>artistes<\/strong> par-del\u00e0 les crises. Aujourd\u2019hui, le march\u00e9 grandit : le travail de ces vingt ann\u00e9es porte ses fruits. J\u2019avais rencontr\u00e9 des <strong>artistes<\/strong> en Iran, o\u00f9 mon mari travaillait dans le p\u00e9trole, et rapport\u00e9 leurs \u0153uvres \u00e0 Duba\u00ef. Le T\u00e9h\u00e9ranais Fereydoun Ave, l\u2019un de nos artistes-phares de cette \u00e9dition avec une s\u00e9rie de six \u0153uvres, mixed media sur papier a \u00e9t\u00e9 40 ans l\u2019ami de Cy Twombly, et partageait son atelier. \u00bb<\/p>\n<p>Quant \u00e0 la Fran\u00e7aise, <a href=\"https:\/\/www.alminerech.com\/\" target=\"_blank\" rel=\"noopener\">Almine Rech<\/a> (pr\u00e9sente notamment \u00e0 <strong>Bruxelles<\/strong> depuis 2008), pour la deuxi\u00e8me fois \u00e0 <strong>Art Duba\u00ef<\/strong>, elle participait pour la premi\u00e8re fois \u00e0 <strong>Abu Dhabi Art<\/strong> en 2024. \u00ab Aux expatri\u00e9s occidentaux s\u2019ajoutent des visiteurs du Liban, de Syrie, d\u2019Inde, qui ne viennent qu\u2019ici. Beaucoup d\u2019acheteurs Fran\u00e7ais sont attach\u00e9s \u00e0 Duba\u00ef, mais peu de <strong>Belges<\/strong>, souligne <strong>Camille Dana<\/strong>, sa directrice. Nous souhaitons poursuivre notre pr\u00e9sence sur les deux foires \u00bb, avec des artistes comme le N\u00e9palais Tsherine Sherpa ou la Syrienne Farah Atassi, bas\u00e9e en France, l\u2019Am\u00e9ricain Umar Rashid, \u00e0 des prix entre 10 000 et 250 000 euros.<\/p>\n<p>Fin le 20.04<\/p>\n<p><a href=\"https:\/\/www.artdubai.ae\/\" target=\"_blank\" rel=\"noopener\">www.artdubai.ae<\/a><\/p>\n","protected":false},"excerpt":{"rendered":"<p>Au 18e Art Duba\u00ef, la pr\u00e9sence belge s\u2019av\u00e8re prot\u00e9iforme. \u00c0 Duba\u00ef, l\u2019art belge s\u2019exporte tous azimuts. Ainsi, RGR, galerie mexicaine, expose notamment Patrick Hamilton, n\u00e9 en Belgique. Et Arica Hilton, qui a cofond\u00e9 la galerie Hilton Contemporary \u00e0 Chicago, s\u2019est alli\u00e9e au Belge Ionnyk, cr\u00e9ateur de cadres digitaux faits de milliers de billes d\u2019encre, pour [&hellip;]<\/p>\n","protected":false},"author":27,"featured_media":9893,"comment_status":"closed","ping_status":"closed","sticky":false,"template":"","format":"standard","meta":{"_acf_changed":false,"inline_featured_image":false,"footnotes":""},"categories":[1,63,62],"tags":[],"class_list":{"0":"post-9891","1":"post","2":"type-post","3":"status-publish","4":"format-standard","5":"has-post-thumbnail","7":"category-actualite","8":"category-culture","9":"category-marche-de-lart"},"acf":[],"_yoast_wpseo_title":null,"_yoast_wpseo_metadesc":"Au 18e Art Duba\u00ef, la pr\u00e9sence belge s\u2019av\u00e8re prot\u00e9iforme.","auteur_traducteur":"","yoast_head":"<!-- This site is optimized with the Yoast SEO plugin v27.4 - https:\/\/yoast.com\/product\/yoast-seo-wordpress\/ -->\n<title>Art Duba\u00ef, oasis belge | Forbes Belgique<\/title>\n<meta name=\"description\" content=\"Au 18e Art Duba\u00ef, la pr\u00e9sence belge s\u2019av\u00e8re prot\u00e9iforme.\" \/>\n<meta name=\"robots\" content=\"index, follow, max-snippet:-1, max-image-preview:large, max-video-preview:-1\" \/>\n<link rel=\"canonical\" href=\"https:\/\/www.forbes.be\/fr\/9891-2\/\" \/>\n<meta property=\"og:locale\" content=\"fr_FR\" \/>\n<meta property=\"og:type\" content=\"article\" \/>\n<meta property=\"og:title\" content=\"Art Duba\u00ef, oasis belge | Forbes Belgique\" \/>\n<meta property=\"og:description\" content=\"Au 18e Art Duba\u00ef, la pr\u00e9sence belge s\u2019av\u00e8re prot\u00e9iforme.\" \/>\n<meta property=\"og:url\" content=\"https:\/\/www.forbes.be\/fr\/9891-2\/\" \/>\n<meta property=\"og:site_name\" content=\"Forbes Belgique\" \/>\n<meta property=\"article:publisher\" content=\"https:\/\/www.facebook.com\/forbesbelgique\/\" \/>\n<meta property=\"article:published_time\" content=\"2025-04-19T06:00:44+00:00\" \/>\n<meta property=\"article:modified_time\" content=\"2025-04-23T09:02:41+00:00\" \/>\n<meta property=\"og:image\" content=\"https:\/\/www.forbes.be\/fr\/wp-content\/uploads\/2025\/04\/unnamed-4-e1745398945753.jpg\" \/>\n\t<meta property=\"og:image:width\" content=\"2172\" \/>\n\t<meta property=\"og:image:height\" content=\"1137\" \/>\n\t<meta property=\"og:image:type\" content=\"image\/jpeg\" \/>\n<meta name=\"author\" content=\"Johan-Fr\u00e9d\u00e9rik Hel Guedj\" \/>\n<meta name=\"twitter:card\" content=\"summary_large_image\" \/>\n<meta name=\"twitter:label1\" content=\"\u00c9crit par\" \/>\n\t<meta name=\"twitter:data1\" content=\"Johan-Fr\u00e9d\u00e9rik Hel Guedj\" \/>\n\t<meta name=\"twitter:label2\" content=\"Dur\u00e9e de lecture estim\u00e9e\" \/>\n\t<meta name=\"twitter:data2\" content=\"3 minutes\" \/>\n<script type=\"application\/ld+json\" class=\"yoast-schema-graph\">{\"@context\":\"https:\\\/\\\/schema.org\",\"@graph\":[{\"@type\":\"NewsArticle\",\"@id\":\"https:\\\/\\\/www.forbes.be\\\/fr\\\/9891-2\\\/#article\",\"isPartOf\":{\"@id\":\"https:\\\/\\\/www.forbes.be\\\/fr\\\/9891-2\\\/\"},\"author\":{\"name\":\"Johan-Fr\u00e9d\u00e9rik Hel Guedj\",\"@id\":\"https:\\\/\\\/www.forbes.be\\\/fr\\\/#\\\/schema\\\/person\\\/ad1bb0e83419af89356b7b11a6622c80\"},\"headline\":\"Art Duba\u00ef, oasis belge\",\"datePublished\":\"2025-04-19T06:00:44+00:00\",\"dateModified\":\"2025-04-23T09:02:41+00:00\",\"mainEntityOfPage\":{\"@id\":\"https:\\\/\\\/www.forbes.be\\\/fr\\\/9891-2\\\/\"},\"wordCount\":479,\"publisher\":{\"@id\":\"https:\\\/\\\/www.forbes.be\\\/fr\\\/#organization\"},\"image\":{\"@id\":\"https:\\\/\\\/www.forbes.be\\\/fr\\\/9891-2\\\/#primaryimage\"},\"thumbnailUrl\":\"https:\\\/\\\/www.forbes.be\\\/fr\\\/wp-content\\\/uploads\\\/2025\\\/04\\\/unnamed-4-e1745398945753.jpg\",\"articleSection\":[\"Actualit\u00e9s\",\"Culture\",\"March\u00e9 de l'art\"],\"inLanguage\":\"fr-FR\"},{\"@type\":\"WebPage\",\"@id\":\"https:\\\/\\\/www.forbes.be\\\/fr\\\/9891-2\\\/\",\"url\":\"https:\\\/\\\/www.forbes.be\\\/fr\\\/9891-2\\\/\",\"name\":\"Art Duba\u00ef, oasis belge | Forbes Belgique\",\"isPartOf\":{\"@id\":\"https:\\\/\\\/www.forbes.be\\\/fr\\\/#website\"},\"primaryImageOfPage\":{\"@id\":\"https:\\\/\\\/www.forbes.be\\\/fr\\\/9891-2\\\/#primaryimage\"},\"image\":{\"@id\":\"https:\\\/\\\/www.forbes.be\\\/fr\\\/9891-2\\\/#primaryimage\"},\"thumbnailUrl\":\"https:\\\/\\\/www.forbes.be\\\/fr\\\/wp-content\\\/uploads\\\/2025\\\/04\\\/unnamed-4-e1745398945753.jpg\",\"datePublished\":\"2025-04-19T06:00:44+00:00\",\"dateModified\":\"2025-04-23T09:02:41+00:00\",\"description\":\"Au 18e Art Duba\u00ef, la pr\u00e9sence belge s\u2019av\u00e8re prot\u00e9iforme.\",\"breadcrumb\":{\"@id\":\"https:\\\/\\\/www.forbes.be\\\/fr\\\/9891-2\\\/#breadcrumb\"},\"inLanguage\":\"fr-FR\",\"potentialAction\":[{\"@type\":\"ReadAction\",\"target\":[\"https:\\\/\\\/www.forbes.be\\\/fr\\\/9891-2\\\/\"]}]},{\"@type\":\"ImageObject\",\"inLanguage\":\"fr-FR\",\"@id\":\"https:\\\/\\\/www.forbes.be\\\/fr\\\/9891-2\\\/#primaryimage\",\"url\":\"https:\\\/\\\/www.forbes.be\\\/fr\\\/wp-content\\\/uploads\\\/2025\\\/04\\\/unnamed-4-e1745398945753.jpg\",\"contentUrl\":\"https:\\\/\\\/www.forbes.be\\\/fr\\\/wp-content\\\/uploads\\\/2025\\\/04\\\/unnamed-4-e1745398945753.jpg\",\"width\":2172,\"height\":1137,\"caption\":\"Le stand de la galerie Verduyn \u00e0 Art Duba\u00ef \u00a9 DR\"},{\"@type\":\"BreadcrumbList\",\"@id\":\"https:\\\/\\\/www.forbes.be\\\/fr\\\/9891-2\\\/#breadcrumb\",\"itemListElement\":[{\"@type\":\"ListItem\",\"position\":1,\"name\":\"Accueil\",\"item\":\"https:\\\/\\\/www.forbes.be\\\/fr\\\/\"},{\"@type\":\"ListItem\",\"position\":2,\"name\":\"Art Duba\u00ef, oasis belge\"}]},{\"@type\":\"WebSite\",\"@id\":\"https:\\\/\\\/www.forbes.be\\\/fr\\\/#website\",\"url\":\"https:\\\/\\\/www.forbes.be\\\/fr\\\/\",\"name\":\"Forbes Belgique\",\"description\":\"\",\"publisher\":{\"@id\":\"https:\\\/\\\/www.forbes.be\\\/fr\\\/#organization\"},\"potentialAction\":[{\"@type\":\"SearchAction\",\"target\":{\"@type\":\"EntryPoint\",\"urlTemplate\":\"https:\\\/\\\/www.forbes.be\\\/fr\\\/?s={search_term_string}\"},\"query-input\":{\"@type\":\"PropertyValueSpecification\",\"valueRequired\":true,\"valueName\":\"search_term_string\"}}],\"inLanguage\":\"fr-FR\"},{\"@type\":\"Organization\",\"@id\":\"https:\\\/\\\/www.forbes.be\\\/fr\\\/#organization\",\"name\":\"Forbes Belgique\",\"url\":\"https:\\\/\\\/www.forbes.be\\\/fr\\\/\",\"logo\":{\"@type\":\"ImageObject\",\"inLanguage\":\"fr-FR\",\"@id\":\"https:\\\/\\\/www.forbes.be\\\/fr\\\/#\\\/schema\\\/logo\\\/image\\\/\",\"url\":\"https:\\\/\\\/www.forbes.be\\\/fr\\\/wp-content\\\/uploads\\\/2024\\\/02\\\/forbes.be_.png\",\"contentUrl\":\"https:\\\/\\\/www.forbes.be\\\/fr\\\/wp-content\\\/uploads\\\/2024\\\/02\\\/forbes.be_.png\",\"width\":1200,\"height\":675,\"caption\":\"Forbes Belgique\"},\"image\":{\"@id\":\"https:\\\/\\\/www.forbes.be\\\/fr\\\/#\\\/schema\\\/logo\\\/image\\\/\"},\"sameAs\":[\"https:\\\/\\\/www.facebook.com\\\/forbesbelgique\\\/\",\"https:\\\/\\\/www.instagram.com\\\/Forbes_Belgium\",\"https:\\\/\\\/www.linkedin.com\\\/company\\\/forbes-belgium\\\/\"]},{\"@type\":\"Person\",\"@id\":\"https:\\\/\\\/www.forbes.be\\\/fr\\\/#\\\/schema\\\/person\\\/ad1bb0e83419af89356b7b11a6622c80\",\"name\":\"Johan-Fr\u00e9d\u00e9rik Hel Guedj\",\"image\":{\"@type\":\"ImageObject\",\"inLanguage\":\"fr-FR\",\"@id\":\"https:\\\/\\\/secure.gravatar.com\\\/avatar\\\/65333543693434f2cc9fdefb3173b162df98712d00606b00b3d43914f79a1598?s=96&d=mm&r=g\",\"url\":\"https:\\\/\\\/secure.gravatar.com\\\/avatar\\\/65333543693434f2cc9fdefb3173b162df98712d00606b00b3d43914f79a1598?s=96&d=mm&r=g\",\"contentUrl\":\"https:\\\/\\\/secure.gravatar.com\\\/avatar\\\/65333543693434f2cc9fdefb3173b162df98712d00606b00b3d43914f79a1598?s=96&d=mm&r=g\",\"caption\":\"Johan-Fr\u00e9d\u00e9rik Hel Guedj\"},\"description\":\"Johan-Frederik Hel Guedj est journaliste et auteur fran\u00e7ais. R\u00e9dacteur en chef pendant 7 ans de la revue Pouvoirs Locaux, consacr\u00e9e aux politiques culturelles, il a publi\u00e9 huit ouvrages chez des \u00e9diteurs fran\u00e7ais et belges, dont deux romans, un essai consacr\u00e9 \u00e0 Orson Welles, et quatre livres d\u2019art. En plus de Forbes, il collabore \u00e0 L\u2019Echo et au Quotidien de l\u2019Art (Paris).\",\"url\":\"https:\\\/\\\/www.forbes.be\\\/fr\\\/author\\\/johan-frederik-hel-guedj\\\/\"}]}<\/script>\n<!-- \/ Yoast SEO plugin. -->","yoast_head_json":{"title":"Art Duba\u00ef, oasis belge | Forbes Belgique","description":"Au 18e Art Duba\u00ef, la pr\u00e9sence belge s\u2019av\u00e8re prot\u00e9iforme.","robots":{"index":"index","follow":"follow","max-snippet":"max-snippet:-1","max-image-preview":"max-image-preview:large","max-video-preview":"max-video-preview:-1"},"canonical":"https:\/\/www.forbes.be\/fr\/9891-2\/","og_locale":"fr_FR","og_type":"article","og_title":"Art Duba\u00ef, oasis belge | Forbes Belgique","og_description":"Au 18e Art Duba\u00ef, la pr\u00e9sence belge s\u2019av\u00e8re prot\u00e9iforme.","og_url":"https:\/\/www.forbes.be\/fr\/9891-2\/","og_site_name":"Forbes Belgique","article_publisher":"https:\/\/www.facebook.com\/forbesbelgique\/","article_published_time":"2025-04-19T06:00:44+00:00","article_modified_time":"2025-04-23T09:02:41+00:00","og_image":[{"width":2172,"height":1137,"url":"https:\/\/www.forbes.be\/fr\/wp-content\/uploads\/2025\/04\/unnamed-4-e1745398945753.jpg","type":"image\/jpeg"}],"author":"Johan-Fr\u00e9d\u00e9rik Hel Guedj","twitter_card":"summary_large_image","twitter_misc":{"\u00c9crit par":"Johan-Fr\u00e9d\u00e9rik Hel Guedj","Dur\u00e9e de lecture estim\u00e9e":"3 minutes"},"schema":{"@context":"https:\/\/schema.org","@graph":[{"@type":"NewsArticle","@id":"https:\/\/www.forbes.be\/fr\/9891-2\/#article","isPartOf":{"@id":"https:\/\/www.forbes.be\/fr\/9891-2\/"},"author":{"name":"Johan-Fr\u00e9d\u00e9rik Hel Guedj","@id":"https:\/\/www.forbes.be\/fr\/#\/schema\/person\/ad1bb0e83419af89356b7b11a6622c80"},"headline":"Art Duba\u00ef, oasis belge","datePublished":"2025-04-19T06:00:44+00:00","dateModified":"2025-04-23T09:02:41+00:00","mainEntityOfPage":{"@id":"https:\/\/www.forbes.be\/fr\/9891-2\/"},"wordCount":479,"publisher":{"@id":"https:\/\/www.forbes.be\/fr\/#organization"},"image":{"@id":"https:\/\/www.forbes.be\/fr\/9891-2\/#primaryimage"},"thumbnailUrl":"https:\/\/www.forbes.be\/fr\/wp-content\/uploads\/2025\/04\/unnamed-4-e1745398945753.jpg","articleSection":["Actualit\u00e9s","Culture","March\u00e9 de l'art"],"inLanguage":"fr-FR"},{"@type":"WebPage","@id":"https:\/\/www.forbes.be\/fr\/9891-2\/","url":"https:\/\/www.forbes.be\/fr\/9891-2\/","name":"Art Duba\u00ef, oasis belge | Forbes Belgique","isPartOf":{"@id":"https:\/\/www.forbes.be\/fr\/#website"},"primaryImageOfPage":{"@id":"https:\/\/www.forbes.be\/fr\/9891-2\/#primaryimage"},"image":{"@id":"https:\/\/www.forbes.be\/fr\/9891-2\/#primaryimage"},"thumbnailUrl":"https:\/\/www.forbes.be\/fr\/wp-content\/uploads\/2025\/04\/unnamed-4-e1745398945753.jpg","datePublished":"2025-04-19T06:00:44+00:00","dateModified":"2025-04-23T09:02:41+00:00","description":"Au 18e Art Duba\u00ef, la pr\u00e9sence belge s\u2019av\u00e8re prot\u00e9iforme.","breadcrumb":{"@id":"https:\/\/www.forbes.be\/fr\/9891-2\/#breadcrumb"},"inLanguage":"fr-FR","potentialAction":[{"@type":"ReadAction","target":["https:\/\/www.forbes.be\/fr\/9891-2\/"]}]},{"@type":"ImageObject","inLanguage":"fr-FR","@id":"https:\/\/www.forbes.be\/fr\/9891-2\/#primaryimage","url":"https:\/\/www.forbes.be\/fr\/wp-content\/uploads\/2025\/04\/unnamed-4-e1745398945753.jpg","contentUrl":"https:\/\/www.forbes.be\/fr\/wp-content\/uploads\/2025\/04\/unnamed-4-e1745398945753.jpg","width":2172,"height":1137,"caption":"Le stand de la galerie Verduyn \u00e0 Art Duba\u00ef \u00a9 DR"},{"@type":"BreadcrumbList","@id":"https:\/\/www.forbes.be\/fr\/9891-2\/#breadcrumb","itemListElement":[{"@type":"ListItem","position":1,"name":"Accueil","item":"https:\/\/www.forbes.be\/fr\/"},{"@type":"ListItem","position":2,"name":"Art Duba\u00ef, oasis belge"}]},{"@type":"WebSite","@id":"https:\/\/www.forbes.be\/fr\/#website","url":"https:\/\/www.forbes.be\/fr\/","name":"Forbes Belgique","description":"","publisher":{"@id":"https:\/\/www.forbes.be\/fr\/#organization"},"potentialAction":[{"@type":"SearchAction","target":{"@type":"EntryPoint","urlTemplate":"https:\/\/www.forbes.be\/fr\/?s={search_term_string}"},"query-input":{"@type":"PropertyValueSpecification","valueRequired":true,"valueName":"search_term_string"}}],"inLanguage":"fr-FR"},{"@type":"Organization","@id":"https:\/\/www.forbes.be\/fr\/#organization","name":"Forbes Belgique","url":"https:\/\/www.forbes.be\/fr\/","logo":{"@type":"ImageObject","inLanguage":"fr-FR","@id":"https:\/\/www.forbes.be\/fr\/#\/schema\/logo\/image\/","url":"https:\/\/www.forbes.be\/fr\/wp-content\/uploads\/2024\/02\/forbes.be_.png","contentUrl":"https:\/\/www.forbes.be\/fr\/wp-content\/uploads\/2024\/02\/forbes.be_.png","width":1200,"height":675,"caption":"Forbes Belgique"},"image":{"@id":"https:\/\/www.forbes.be\/fr\/#\/schema\/logo\/image\/"},"sameAs":["https:\/\/www.facebook.com\/forbesbelgique\/","https:\/\/www.instagram.com\/Forbes_Belgium","https:\/\/www.linkedin.com\/company\/forbes-belgium\/"]},{"@type":"Person","@id":"https:\/\/www.forbes.be\/fr\/#\/schema\/person\/ad1bb0e83419af89356b7b11a6622c80","name":"Johan-Fr\u00e9d\u00e9rik Hel Guedj","image":{"@type":"ImageObject","inLanguage":"fr-FR","@id":"https:\/\/secure.gravatar.com\/avatar\/65333543693434f2cc9fdefb3173b162df98712d00606b00b3d43914f79a1598?s=96&d=mm&r=g","url":"https:\/\/secure.gravatar.com\/avatar\/65333543693434f2cc9fdefb3173b162df98712d00606b00b3d43914f79a1598?s=96&d=mm&r=g","contentUrl":"https:\/\/secure.gravatar.com\/avatar\/65333543693434f2cc9fdefb3173b162df98712d00606b00b3d43914f79a1598?s=96&d=mm&r=g","caption":"Johan-Fr\u00e9d\u00e9rik Hel Guedj"},"description":"Johan-Frederik Hel Guedj est journaliste et auteur fran\u00e7ais. R\u00e9dacteur en chef pendant 7 ans de la revue Pouvoirs Locaux, consacr\u00e9e aux politiques culturelles, il a publi\u00e9 huit ouvrages chez des \u00e9diteurs fran\u00e7ais et belges, dont deux romans, un essai consacr\u00e9 \u00e0 Orson Welles, et quatre livres d\u2019art. En plus de Forbes, il collabore \u00e0 L\u2019Echo et au Quotidien de l\u2019Art (Paris).","url":"https:\/\/www.forbes.be\/fr\/author\/johan-frederik-hel-guedj\/"}]}},"_links":{"self":[{"href":"https:\/\/www.forbes.be\/fr\/wp-json\/wp\/v2\/posts\/9891","targetHints":{"allow":["GET"]}}],"collection":[{"href":"https:\/\/www.forbes.be\/fr\/wp-json\/wp\/v2\/posts"}],"about":[{"href":"https:\/\/www.forbes.be\/fr\/wp-json\/wp\/v2\/types\/post"}],"author":[{"embeddable":true,"href":"https:\/\/www.forbes.be\/fr\/wp-json\/wp\/v2\/users\/27"}],"replies":[{"embeddable":true,"href":"https:\/\/www.forbes.be\/fr\/wp-json\/wp\/v2\/comments?post=9891"}],"version-history":[{"count":2,"href":"https:\/\/www.forbes.be\/fr\/wp-json\/wp\/v2\/posts\/9891\/revisions"}],"predecessor-version":[{"id":9898,"href":"https:\/\/www.forbes.be\/fr\/wp-json\/wp\/v2\/posts\/9891\/revisions\/9898"}],"wp:featuredmedia":[{"embeddable":true,"href":"https:\/\/www.forbes.be\/fr\/wp-json\/wp\/v2\/media\/9893"}],"wp:attachment":[{"href":"https:\/\/www.forbes.be\/fr\/wp-json\/wp\/v2\/media?parent=9891"}],"wp:term":[{"taxonomy":"category","embeddable":true,"href":"https:\/\/www.forbes.be\/fr\/wp-json\/wp\/v2\/categories?post=9891"},{"taxonomy":"post_tag","embeddable":true,"href":"https:\/\/www.forbes.be\/fr\/wp-json\/wp\/v2\/tags?post=9891"}],"curies":[{"name":"wp","href":"https:\/\/api.w.org\/{rel}","templated":true}]}}