{"id":9960,"date":"2025-08-06T09:37:36","date_gmt":"2025-08-06T07:37:36","guid":{"rendered":"https:\/\/www.forbes.be\/fr\/?p=9960"},"modified":"2025-08-06T10:10:22","modified_gmt":"2025-08-06T08:10:22","slug":"jet-prive-mode-demploi","status":"publish","type":"post","link":"https:\/\/www.forbes.be\/fr\/jet-prive-mode-demploi\/","title":{"rendered":"Jet priv\u00e9 mode d\u2019emploi"},"content":{"rendered":"<p class=\"p1\"><strong><span class=\"s1\">Les voyages en <\/span><span class=\"s2\">jet priv\u00e9<\/span><span class=\"s1\"> sont plus <\/span><span class=\"s2\">populaires<\/span><span class=\"s1\"> que jamais. Durant la <\/span><span class=\"s2\">pand\u00e9mie<\/span><span class=\"s1\">, beaucoup ont d\u00e9couvert l\u2019existence des vols priv\u00e9s, ce qui a provoqu\u00e9 un boom dans le secteur. Mais comment cela fonctionne-t-il ? Et quid des critiques environnementales ? \u00ab Le luxe est important, mais c\u2019est le <\/span><span class=\"s2\">gain de temps<\/span><span class=\"s1\"> qui constitue l\u2019argument d\u00e9cisif. \u00bb\u202f<span class=\"Apple-converted-space\">\u00a0<\/span><\/span><\/strong><\/p>\n<p class=\"p1\"><span class=\"s1\">Aujourd\u2019hui, les terminaux de jets priv\u00e9s des a\u00e9roports belges regorgent d\u2019activit\u00e9. De plus en plus de voyageurs fortun\u00e9s pr\u00e9f\u00e8rent les vols priv\u00e9s aux vols r\u00e9guliers. Arshad Bajwa peut en t\u00e9moigner. Il est cofondateur de <a href=\"https:\/\/jetters.be\/\">Jetters<\/a>, une entreprise cr\u00e9\u00e9e il y a peu, qui agit comme courtier pour les jets priv\u00e9s.\u202f \u00ab <i>Les clients ne connaissent pas toujours la diff\u00e9rence entre un op\u00e9rateur et un courtier<\/i> \u00bb, observe Arshad Bajwa. \u00ab <i>Mais c\u2019est une diff\u00e9rence fondamentale sur le march\u00e9. Les op\u00e9rateurs mettent les avions \u00e0 disposition. Les courtiers, en revanche, servent d\u2019interm\u00e9diaires. Nous recherchons donc des avions pour nos clients. Les deux parties ont besoin l\u2019une de l\u2019autre sur ce march\u00e9. <\/i>\u00bb\u202f\u202f\u202f<span class=\"Apple-converted-space\">\u00a0<\/span><\/span><\/p>\n<figure id=\"attachment_9961\" aria-describedby=\"caption-attachment-9961\" style=\"width: 2560px\" class=\"wp-caption alignnone\"><img loading=\"lazy\" decoding=\"async\" class=\"wp-image-9961 size-full\" src=\"https:\/\/www.forbes.be\/fr\/wp-content\/uploads\/2025\/04\/bombardier4-scaled.jpg\" alt=\"\" width=\"2560\" height=\"1708\" srcset=\"https:\/\/www.forbes.be\/fr\/wp-content\/uploads\/2025\/04\/bombardier4-scaled.jpg 2560w, https:\/\/www.forbes.be\/fr\/wp-content\/uploads\/2025\/04\/bombardier4-300x200.jpg 300w, https:\/\/www.forbes.be\/fr\/wp-content\/uploads\/2025\/04\/bombardier4-1024x683.jpg 1024w, https:\/\/www.forbes.be\/fr\/wp-content\/uploads\/2025\/04\/bombardier4-768x512.jpg 768w, https:\/\/www.forbes.be\/fr\/wp-content\/uploads\/2025\/04\/bombardier4-1536x1025.jpg 1536w, https:\/\/www.forbes.be\/fr\/wp-content\/uploads\/2025\/04\/bombardier4-2048x1366.jpg 2048w, https:\/\/www.forbes.be\/fr\/wp-content\/uploads\/2025\/04\/bombardier4-696x464.jpg 696w, https:\/\/www.forbes.be\/fr\/wp-content\/uploads\/2025\/04\/bombardier4-1068x712.jpg 1068w, https:\/\/www.forbes.be\/fr\/wp-content\/uploads\/2025\/04\/bombardier4-1920x1281.jpg 1920w, https:\/\/www.forbes.be\/fr\/wp-content\/uploads\/2025\/04\/bombardier4-600x400.jpg 600w\" sizes=\"auto, (max-width: 2560px) 100vw, 2560px\" \/><figcaption id=\"caption-attachment-9961\" class=\"wp-caption-text\">\u00a9 Textron, Bombardier, Falcon<\/figcaption><\/figure>\n<blockquote>\n<p class=\"p3\"><span class=\"s2\">\u00ab <i>On peut r\u00e9server un <\/i><\/span><span class=\"s3\"><i>vol<\/i><\/span><span class=\"s2\"><i> en <\/i><\/span><span class=\"s3\"><i>cinq minutes<\/i><\/span><span class=\"s2\"><i> <\/i>\u00bb\u202f\u202f\u202f<span class=\"Apple-converted-space\">\u00a0<\/span><\/span><\/p>\n<\/blockquote>\n<p class=\"p1\"><span class=\"s4\">Selon Arshad Bajwa, commander un jet priv\u00e9 n\u2019a rien de compliqu\u00e9. \u00ab <i>C\u2019est tr\u00e8s simple<\/i> \u00bb, d\u00e9clare-t-il. \u00ab <i>Il suffit d\u2019envoyer un message ou de t\u00e9l\u00e9phoner. Le client nous dit alors o\u00f9 il veut aller et nous lui proposons diff\u00e9rentes options. Le contrat et la facture sont \u00e9mis dans la foul\u00e9e. On peut r\u00e9server un vol en cinq minutes. <\/i>\u00bb\u202f <\/span>En fonction des options s\u00e9lectionn\u00e9es et de l\u2019entreprise avec laquelle vous r\u00e9servez, plusieurs cat\u00e9gories de luxe s\u2019offrent \u00e0 vous. Une voiture peut venir vous chercher directement \u00e0 votre domicile pour vous conduire \u00e0 un terminal priv\u00e9, car de nombreux a\u00e9roports disposent de terminaux distincts d\u00e9di\u00e9s aux vols priv\u00e9s. On peut s\u2019y restaurer et parfois m\u00eame r\u00e9server une salle de r\u00e9union. \u00c0 bord, des divertissements ou un menu peuvent \u00eatre propos\u00e9s. Parfois, il est m\u00eame possible de pr\u00e9voir un h\u00e9licopt\u00e8re \u00e0 l\u2019atterrissage pour vous rapprocher encore davantage de votre destination.\u202f\u202f\u202f\u00ab <i>Les profils de nos clients sont tr\u00e8s vari\u00e9s <\/i>\u00bb, explique Arshad Bajwa. \u00ab <i>Il y a bien s\u00fbr beaucoup d\u2019hommes ou femmes d\u2019affaires. Pour ces personnes, voler en priv\u00e9 est parfois crucial. Un CEO doit peut-\u00eatre faire plusieurs r\u00e9unions \u00e0 diff\u00e9rents endroits, ce qui est impossible avec des vols r\u00e9guliers. Avec nous, vous pouvez facilement visiter trois pays en une journ\u00e9e.<\/i> \u00bb\u202f<span class=\"Apple-converted-space\">\u00a0<\/span><\/p>\n<p class=\"p1\"><span class=\"s4\">On voit aussi beaucoup de sportifs, de personnalit\u00e9s m\u00e9diatiques et de vacanciers \u00e0 la recherche d\u2019une exp\u00e9rience haut de gamme. Un vol vers les Alpes pour un court s\u00e9jour de ski se r\u00e9v\u00e8le par exemple beaucoup plus facile \u00e0 bord d\u2019un jet priv\u00e9, qui peut atterrir sur des a\u00e9roports plus petits.\u202f\u202f\u202f<span class=\"Apple-converted-space\">\u00a0<\/span><\/span><\/p>\n<figure id=\"attachment_9963\" aria-describedby=\"caption-attachment-9963\" style=\"width: 2560px\" class=\"wp-caption alignnone\"><img loading=\"lazy\" decoding=\"async\" class=\"wp-image-9963 size-full\" src=\"https:\/\/www.forbes.be\/fr\/wp-content\/uploads\/2025\/04\/falcon-scaled.jpg\" alt=\"\" width=\"2560\" height=\"1606\" srcset=\"https:\/\/www.forbes.be\/fr\/wp-content\/uploads\/2025\/04\/falcon-scaled.jpg 2560w, https:\/\/www.forbes.be\/fr\/wp-content\/uploads\/2025\/04\/falcon-300x188.jpg 300w, https:\/\/www.forbes.be\/fr\/wp-content\/uploads\/2025\/04\/falcon-1024x643.jpg 1024w, https:\/\/www.forbes.be\/fr\/wp-content\/uploads\/2025\/04\/falcon-768x482.jpg 768w, https:\/\/www.forbes.be\/fr\/wp-content\/uploads\/2025\/04\/falcon-1536x964.jpg 1536w, https:\/\/www.forbes.be\/fr\/wp-content\/uploads\/2025\/04\/falcon-2048x1285.jpg 2048w, https:\/\/www.forbes.be\/fr\/wp-content\/uploads\/2025\/04\/falcon-696x437.jpg 696w, https:\/\/www.forbes.be\/fr\/wp-content\/uploads\/2025\/04\/falcon-1068x670.jpg 1068w, https:\/\/www.forbes.be\/fr\/wp-content\/uploads\/2025\/04\/falcon-1920x1205.jpg 1920w, https:\/\/www.forbes.be\/fr\/wp-content\/uploads\/2025\/04\/falcon-600x376.jpg 600w\" sizes=\"auto, (max-width: 2560px) 100vw, 2560px\" \/><figcaption id=\"caption-attachment-9963\" class=\"wp-caption-text\">\u00a9 Textron, Bombardier, Falcon<\/figcaption><\/figure>\n<blockquote>\n<p class=\"p3\"><span class=\"s5\">\u00ab <i>Contrairement \u00e0 ce que les gens pensent parfois, ce n\u2019est <\/i><\/span><span class=\"s6\"><i>pas<\/i><\/span><i> <\/i><span class=\"s6\"><i>incroyablement cher<\/i><\/span><span class=\"s5\"> \u00bb\u202f\u202f\u202f<\/span><span class=\"s7\"><span class=\"Apple-converted-space\">\u00a0<\/span><\/span><\/p>\n<\/blockquote>\n<p class=\"p1\"><span class=\"s1\">Les vols sont chers, mais tout d\u00e9pend de ce qui est demand\u00e9. \u00ab <i>Le prix varie consid\u00e9rablement en fonction du jet, de la distance et des a\u00e9roports<\/i> \u00bb, explique Arshad Bajwa. \u00ab <i>Mettons que quatre personnes souhaitent faire l\u2019aller-retour Anvers-Londres pour une nuit, par exemple pour assister \u00e0 un match de football, il faudra compter 6 000 euros. Cela revient \u00e0 1 500 euros par personne. Ce n\u2019est pas donn\u00e9, mais ce n\u2019est pas non plus incroyablement cher, comme les gens le pensent parfois. <\/i>\u00bb\u202f<span class=\"Apple-converted-space\">\u00a0<\/span><\/span><\/p>\n<p class=\"p1\"><span class=\"s1\">Autre courtier solidement implant\u00e9 au Benelux, le n\u00e9erlandais Global Aviation. \u00ab <i>Nous ne sommes pas des nouveaux venus sur le march\u00e9 : l\u2019ann\u00e9e derni\u00e8re, nous avons f\u00eat\u00e9 nos 30 ans d\u2019existence<\/i> \u00bb, s\u2019exclame en riant Stephan van den Hurk, cofondateur et directeur g\u00e9n\u00e9ral de Global Aviation. \u00ab <i>Nous nous sommes d\u00e9velopp\u00e9s gr\u00e2ce au courtage d\u2019avions. Au d\u00e9part, il s\u2019agissait de gros appareils, comme les Boeings et les Airbus. Mais nous avons rapidement constat\u00e9 une forte croissance du march\u00e9 des jets priv\u00e9s, et c\u2019est sur celui-ci que nous concentrons aujourd\u2019hui l\u2019essentiel de nos efforts. Tant en termes de location que de vente.<\/i> \u00bb\u202f<span class=\"Apple-converted-space\">\u00a0<\/span><\/span><\/p>\n<p class=\"p1\"><span class=\"s1\">Selon Stephan van den Hurk, le luxe a son importance, mais c\u2019est l\u2019aspect pratique qui attire les gens vers le vol priv\u00e9. \u00ab <i>C\u2019est un gain de temps \u00e9norme<\/i> \u00bb, raconte-t-il. \u00ab <i>\u00c9videmment, nos clients choisissent les vols priv\u00e9s pour le luxe et le confort. C\u2019est pourquoi nous misons \u00e9galement sur des services comme le catering ou le divertissement \u00e0 bord. Mais le plus grand avantage, c\u2019est que \u00e7a va beaucoup plus vite. Vous pouvez presque d\u00e9coller imm\u00e9diatement apr\u00e8s votre arriv\u00e9e \u00e0 l\u2019a\u00e9roport, et repartir tout de suite lorsque vous avez atterri. Les a\u00e9roports sont souvent plus proches de la destination. Et l\u2019avion vous attend, ce qui est extr\u00eamement important lorsque votre r\u00e9union dure plus longtemps que pr\u00e9vu. <\/i>\u00bb\u202f<span class=\"Apple-converted-space\">\u00a0<\/span><\/span><\/p>\n<figure id=\"attachment_9964\" aria-describedby=\"caption-attachment-9964\" style=\"width: 2504px\" class=\"wp-caption alignnone\"><img loading=\"lazy\" decoding=\"async\" class=\"wp-image-9964 size-full\" src=\"https:\/\/www.forbes.be\/fr\/wp-content\/uploads\/2025\/04\/textron2.jpg\" alt=\"\" width=\"2504\" height=\"1669\" srcset=\"https:\/\/www.forbes.be\/fr\/wp-content\/uploads\/2025\/04\/textron2.jpg 2504w, https:\/\/www.forbes.be\/fr\/wp-content\/uploads\/2025\/04\/textron2-300x200.jpg 300w, https:\/\/www.forbes.be\/fr\/wp-content\/uploads\/2025\/04\/textron2-1024x683.jpg 1024w, https:\/\/www.forbes.be\/fr\/wp-content\/uploads\/2025\/04\/textron2-768x512.jpg 768w, https:\/\/www.forbes.be\/fr\/wp-content\/uploads\/2025\/04\/textron2-1536x1024.jpg 1536w, https:\/\/www.forbes.be\/fr\/wp-content\/uploads\/2025\/04\/textron2-2048x1365.jpg 2048w, https:\/\/www.forbes.be\/fr\/wp-content\/uploads\/2025\/04\/textron2-696x464.jpg 696w, https:\/\/www.forbes.be\/fr\/wp-content\/uploads\/2025\/04\/textron2-1068x712.jpg 1068w, https:\/\/www.forbes.be\/fr\/wp-content\/uploads\/2025\/04\/textron2-1920x1280.jpg 1920w, https:\/\/www.forbes.be\/fr\/wp-content\/uploads\/2025\/04\/textron2-600x400.jpg 600w\" sizes=\"auto, (max-width: 2504px) 100vw, 2504px\" \/><figcaption id=\"caption-attachment-9964\" class=\"wp-caption-text\">\u00a9Textron, Bombardier, Falcon<\/figcaption><\/figure>\n<h2 class=\"p5\"><span class=\"s8\">Confiance\u202f<span class=\"Apple-converted-space\">\u00a0<\/span><\/span><\/h2>\n<p class=\"p1\"><span class=\"s4\">\u00c0 un autre \u00e9chelon du march\u00e9, on trouve des compagnies comme Luxaviation. Il s\u2019agit de l\u2019un des plus grands op\u00e9rateurs des Pays-Bas. Le groupe international g\u00e8re quelque 250 avions. \u00ab <i>Nous ne poss\u00e9dons pas nous-m\u00eames de jets priv\u00e9s, mais nous assurons une gestion compl\u00e8te pour les personnes qui poss\u00e8dent ce type d\u2019appareil<\/i> \u00bb, explique Nicolas Kroll, Head of Business Development &amp; Sales chez Luxaviation Belgium. \u00ab <i>Cela commence par l\u2019assistance au client lors de l\u2019achat. Ensuite, nous certifions l\u2019avion et assurons tout le suivi. Nous formons les pilotes, nous nous occupons de la maintenance et nous mettons l\u2019appareil en location si le propri\u00e9taire le souhaite.<\/i> \u00bb\u202f\u202f\u202f<span class=\"Apple-converted-space\">\u00a0<\/span><\/span><\/p>\n<p class=\"p1\"><span class=\"s4\">Luxaviation travaille avec des courtiers pour louer les avions, mais dessert surtout les clients directement. C\u2019est pourquoi il s\u2019agit une exp\u00e9rience l\u00e9g\u00e8rement diff\u00e9rente par rapport \u00e0 un courtier. \u00ab <i>Le courtier est un interm\u00e9diaire<\/i> \u00bb, explique Nicolas Kroll. \u00ab <i>Il est impartial et cherchera sur le march\u00e9 la solution la moins ch\u00e8re ou la meilleure. L\u2019avantage d\u2019un op\u00e9rateur, c\u2019est que le client est en contact direct avec l\u2019organisation qui effectue le vol. Le choix entre les deux tient \u00e0 des facteurs personnels\u202f: il d\u00e9pend des besoins et des pr\u00e9f\u00e9rences de chacun.<\/i> \u00bb\u202f<span class=\"Apple-converted-space\">\u00a0<\/span><\/span><\/p>\n<p class=\"p1\"><span class=\"s4\">Ce sont souvent des organisations de plus grande envergure, comme des entreprises, qui ont recours \u00e0 Luxaviation, \u00e9tant donn\u00e9 qu\u2019elles ont des besoins diff\u00e9rents de ceux des particuliers. Nicolas Kroll insiste n\u00e9anmoins sur le fait que tout repose sur la confiance. \u00ab <i>Le contact personnel est tr\u00e8s important, que l\u2019on soit op\u00e9rateur ou courtier <\/i>\u00bb, raconte-t-il. \u00ab <i>Les gens sont souvent tr\u00e8s fid\u00e8les \u00e0 leur op\u00e9rateur ou \u00e0 leur courtier. Je pense que c\u2019est l\u2019argument d\u00e9cisif\u202f: la confiance que l\u2019on accorde \u00e0 la personne \u00e0 qui l\u2019on s\u2019adresse. C\u2019est la meilleure fa\u00e7on de faire un choix entre diff\u00e9rentes entreprises. <\/i>\u00bb\u202f<span class=\"Apple-converted-space\">\u00a0<\/span><\/span><\/p>\n<p class=\"p1\"><span class=\"s4\">Outre la location, Luxaviation assiste \u00e9galement les particuliers qui souhaitent acheter un jet priv\u00e9. Combien cela co\u00fbte-t-il ? \u00ab <i>Il y a de grandes diff\u00e9rence<\/i>s \u00bb, r\u00e9pond Nicolas Kroll. \u00ab <i>On commence, surtout pour les avions d\u2019occasion, \u00e0 environ 2 millions de dollars. Les prix grimpent jusqu\u2019\u00e0 plus de 80 millions de dollars pour les plus gros appareils. La Belgique est d\u2019ailleurs un pays qui compte proportionnellement beaucoup de propri\u00e9taires. Nous avons une vingtaine d\u2019avions belges en gestion, par exemple. <\/i>\u00bb\u202f<span class=\"Apple-converted-space\">\u00a0<\/span><\/span><\/p>\n<p class=\"p1\"><span class=\"s4\">Cependant, il n\u2019est pas toujours n\u00e9cessaire d\u2019acheter un appareil complet seul. Il est \u00e9galement possible de partager les frais avec plusieurs autres personnes. \u00ab <i>Nous avons un programme de propri\u00e9t\u00e9 fractionn\u00e9e <\/i>\u00bb, explique Nicolas Kroll. \u00ab<i> Il permet d\u2019acheter une part d\u2019un avion. C\u2019est tr\u00e8s populaire. Depuis 2022, nous avons ajout\u00e9 cinq nouveaux avions belges \u00e0 notre flotte selon ce principe, ce qui rend l\u2019achat d\u2019un avion beaucoup plus accessible. <\/i>\u00bb\u202f<span class=\"Apple-converted-space\">\u00a0<\/span><\/span><\/p>\n<figure id=\"attachment_9962\" aria-describedby=\"caption-attachment-9962\" style=\"width: 2560px\" class=\"wp-caption alignnone\"><img loading=\"lazy\" decoding=\"async\" class=\"wp-image-9962 size-full\" src=\"https:\/\/www.forbes.be\/fr\/wp-content\/uploads\/2025\/04\/bombardier5-scaled.jpg\" alt=\"\" width=\"2560\" height=\"1656\" srcset=\"https:\/\/www.forbes.be\/fr\/wp-content\/uploads\/2025\/04\/bombardier5-scaled.jpg 2560w, https:\/\/www.forbes.be\/fr\/wp-content\/uploads\/2025\/04\/bombardier5-300x194.jpg 300w, https:\/\/www.forbes.be\/fr\/wp-content\/uploads\/2025\/04\/bombardier5-1024x663.jpg 1024w, https:\/\/www.forbes.be\/fr\/wp-content\/uploads\/2025\/04\/bombardier5-768x497.jpg 768w, https:\/\/www.forbes.be\/fr\/wp-content\/uploads\/2025\/04\/bombardier5-1536x994.jpg 1536w, https:\/\/www.forbes.be\/fr\/wp-content\/uploads\/2025\/04\/bombardier5-2048x1325.jpg 2048w, https:\/\/www.forbes.be\/fr\/wp-content\/uploads\/2025\/04\/bombardier5-696x450.jpg 696w, https:\/\/www.forbes.be\/fr\/wp-content\/uploads\/2025\/04\/bombardier5-1068x691.jpg 1068w, https:\/\/www.forbes.be\/fr\/wp-content\/uploads\/2025\/04\/bombardier5-1920x1242.jpg 1920w, https:\/\/www.forbes.be\/fr\/wp-content\/uploads\/2025\/04\/bombardier5-600x388.jpg 600w\" sizes=\"auto, (max-width: 2560px) 100vw, 2560px\" \/><figcaption id=\"caption-attachment-9962\" class=\"wp-caption-text\">\u00a9Textron, Bombardier, Falcon<\/figcaption><\/figure>\n<h2 class=\"p5\"><span class=\"s4\">Pionniers\u202f<span class=\"Apple-converted-space\">\u00a0<\/span><\/span><\/h2>\n<p class=\"p1\"><span class=\"s4\">Malgr\u00e9 le succ\u00e8s des jets priv\u00e9s, le secteur est sous le feu des critiques. En effet, les \u00e9missions de ces avions sont relativement \u00e9lev\u00e9es. Les vols priv\u00e9s sont de plus en plus consid\u00e9r\u00e9s comme une d\u00e9pense frivole de la part d\u2019une \u00e9lite dont l\u2019empreinte \u00e9cologique est d\u00e9j\u00e0 \u00e9lev\u00e9e. Comment le secteur r\u00e9agit-il \u00e0 cette situation ?\u202f\u202f\u202f<span class=\"Apple-converted-space\">\u00a0<\/span><\/span><\/p>\n<blockquote>\n<p class=\"p3\"><span class=\"s9\">\u00ab <i>Nous aimerions beaucoup <\/i><\/span><span class=\"s10\"><i>voler<\/i><\/span><span class=\"s9\"><i> \u00e0 l\u2019<\/i><\/span><span class=\"s10\"><i>\u00e9lectricit\u00e9<\/i><\/span><span class=\"s9\"><i>, mais la technologie n\u2019existe pas encore<\/i> \u00bb\u202f\u202f\u202f<span class=\"Apple-converted-space\">\u00a0<\/span><\/span><\/p>\n<\/blockquote>\n<p class=\"p1\"><span class=\"s4\">\u00ab <i>L\u2019impact environnemental existe bel et bien, nous ne devons pas l\u2019ignorer <\/i>\u00bb, explique Stephan van den Hurk de Global Aviation. \u00ab <i>Mais les gens oublient souvent que notre industrie est d\u00e9j\u00e0 tr\u00e8s engag\u00e9e dans cette voie. Nous aimerions beaucoup voler \u00e0 l\u2019\u00e9lectricit\u00e9, mais la technologie n\u2019existe tout simplement pas encore. Pourtant, nous sommes des pionniers. Une compagnie a\u00e9rienne comme Brussels Airlines ne sera pas la premi\u00e8re \u00e0 voler \u00e0 l\u2019\u00e9lectricit\u00e9, \u00e0 l\u2019hydrog\u00e8ne ou aux carburants renouvelables. Comme nous avons des avions plus petits, nous pouvons exp\u00e9rimenter plus facilement. Dans environ cinq ans, par exemple, nous volerons d\u00e9j\u00e0 \u00e0 l\u2019\u00e9lectricit\u00e9. Cela prendra au moins 10 ans pour les vols r\u00e9guliers. <\/i>\u00bb\u202f<span class=\"Apple-converted-space\">\u00a0<\/span><\/span><\/p>\n<p class=\"p1\"><span class=\"s4\">La fili\u00e8re utilise d\u00e9j\u00e0 de plus en plus de biocarburants durables. \u00ab <i>Le prix de ce bio-k\u00e9ros\u00e8ne est encore assez \u00e9lev\u00e9 par rapport au k\u00e9ros\u00e8ne normal<\/i> \u00bb, explique Nicolas Kroll.<br \/>\n\u00ab <i>Mais nous nous attendons \u00e0 ce qu\u2019une demande plus \u00e9lev\u00e9e entra\u00eene une baisse des prix. Nous essayons de limiter notre impact autant que possible. <\/i>\u00bb\u202f<span class=\"Apple-converted-space\">\u00a0<\/span><\/span><\/p>\n<p class=\"p1\"><span class=\"s4\">Quelles que soient les contraintes environnementales, le vol priv\u00e9 est aujourd\u2019hui plus populaire que <\/span><span class=\"s1\">jamais. Les entreprises du secteur voient leur avenir en rose.<br \/>\n\u00ab <i>Jusqu\u2019en 2014, le secteur a travers\u00e9 une p\u00e9riode difficile, dans le sillage de la crise financi\u00e8re<\/i> \u00bb, raconte Stephan van den Hurk. \u00ab <i>Mais ensuite, notre produit a connu une \u00e9norme croissance, au sens propre comme au figur\u00e9. \u00c9tonnamment, la pand\u00e9mie a renforc\u00e9 cette tendance. Les gens n\u2019avaient plus la possibilit\u00e9 de voler via les lignes commerciales, alors que nous pouvions continuer \u00e0 op\u00e9rer. C\u2019est ainsi que beaucoup ont d\u00e9couvert notre produit. Depuis lors, nous nous en sortons de mieux en mieux. Nous n\u2019avons pas de boule de cristal, mais je vois l\u2019avenir de mani\u00e8re positive.<\/i> \u00bb\u202f<span class=\"Apple-converted-space\">\u00a0<\/span><\/span><\/p>\n","protected":false},"excerpt":{"rendered":"<p>Les voyages en jet priv\u00e9 sont plus populaires que jamais. Durant la pand\u00e9mie, beaucoup ont d\u00e9couvert l\u2019existence des vols priv\u00e9s, ce qui a provoqu\u00e9 un boom dans le secteur. Mais comment cela fonctionne-t-il ? Et quid des critiques environnementales ? \u00ab Le luxe est important, mais c\u2019est le gain de temps qui constitue l\u2019argument d\u00e9cisif. [&hellip;]<\/p>\n","protected":false},"author":5,"featured_media":9965,"comment_status":"closed","ping_status":"closed","sticky":false,"template":"","format":"standard","meta":{"_acf_changed":false,"inline_featured_image":false,"footnotes":""},"categories":[19],"tags":[],"class_list":{"0":"post-9960","1":"post","2":"type-post","3":"status-publish","4":"format-standard","5":"has-post-thumbnail","7":"category-entrepreneurs"},"acf":[],"_yoast_wpseo_title":null,"_yoast_wpseo_metadesc":"Les voyages en jet priv\u00e9 sont plus populaires que jamais. Durant la pand\u00e9mie, beaucoup ont d\u00e9couvert l\u2019existence des vols priv\u00e9s.","auteur_traducteur":"Tom Cassauwers","yoast_head":"<!-- This site is optimized with the Yoast SEO plugin v27.4 - https:\/\/yoast.com\/product\/yoast-seo-wordpress\/ -->\n<title>Jet priv\u00e9 mode d\u2019emploi | Forbes Belgique<\/title>\n<meta name=\"description\" content=\"Les voyages en jet priv\u00e9 sont plus populaires que jamais. Durant la pand\u00e9mie, beaucoup ont d\u00e9couvert l\u2019existence des vols priv\u00e9s.\" \/>\n<meta name=\"robots\" content=\"index, follow, max-snippet:-1, max-image-preview:large, max-video-preview:-1\" \/>\n<link rel=\"canonical\" href=\"https:\/\/www.forbes.be\/fr\/jet-prive-mode-demploi\/\" \/>\n<meta property=\"og:locale\" content=\"fr_FR\" \/>\n<meta property=\"og:type\" content=\"article\" \/>\n<meta property=\"og:title\" content=\"Jet priv\u00e9 mode d\u2019emploi | Forbes Belgique\" \/>\n<meta property=\"og:description\" content=\"Les voyages en jet priv\u00e9 sont plus populaires que jamais. Durant la pand\u00e9mie, beaucoup ont d\u00e9couvert l\u2019existence des vols priv\u00e9s.\" \/>\n<meta property=\"og:url\" content=\"https:\/\/www.forbes.be\/fr\/jet-prive-mode-demploi\/\" \/>\n<meta property=\"og:site_name\" content=\"Forbes Belgique\" \/>\n<meta property=\"article:publisher\" content=\"https:\/\/www.facebook.com\/forbesbelgique\/\" \/>\n<meta property=\"article:published_time\" content=\"2025-08-06T07:37:36+00:00\" \/>\n<meta property=\"article:modified_time\" content=\"2025-08-06T08:10:22+00:00\" \/>\n<meta property=\"og:image\" content=\"https:\/\/www.forbes.be\/fr\/wp-content\/uploads\/2025\/04\/textron5.jpg\" \/>\n\t<meta property=\"og:image:width\" content=\"1200\" \/>\n\t<meta property=\"og:image:height\" content=\"628\" \/>\n\t<meta property=\"og:image:type\" content=\"image\/jpeg\" \/>\n<meta name=\"author\" content=\"Forbes Belgique\" \/>\n<meta name=\"twitter:card\" content=\"summary_large_image\" \/>\n<meta name=\"twitter:label1\" content=\"\u00c9crit par\" \/>\n\t<meta name=\"twitter:data1\" content=\"Forbes Belgique\" \/>\n\t<meta name=\"twitter:label2\" content=\"Dur\u00e9e de lecture estim\u00e9e\" \/>\n\t<meta name=\"twitter:data2\" content=\"9 minutes\" \/>\n<script type=\"application\/ld+json\" class=\"yoast-schema-graph\">{\"@context\":\"https:\\\/\\\/schema.org\",\"@graph\":[{\"@type\":\"NewsArticle\",\"@id\":\"https:\\\/\\\/www.forbes.be\\\/fr\\\/jet-prive-mode-demploi\\\/#article\",\"isPartOf\":{\"@id\":\"https:\\\/\\\/www.forbes.be\\\/fr\\\/jet-prive-mode-demploi\\\/\"},\"author\":{\"name\":\"Forbes Belgique\",\"@id\":\"https:\\\/\\\/www.forbes.be\\\/fr\\\/#\\\/schema\\\/person\\\/147c95cac22c7a4a8056e69e1f287b1f\"},\"headline\":\"Jet priv\u00e9 mode d\u2019emploi\",\"datePublished\":\"2025-08-06T07:37:36+00:00\",\"dateModified\":\"2025-08-06T08:10:22+00:00\",\"mainEntityOfPage\":{\"@id\":\"https:\\\/\\\/www.forbes.be\\\/fr\\\/jet-prive-mode-demploi\\\/\"},\"wordCount\":1743,\"publisher\":{\"@id\":\"https:\\\/\\\/www.forbes.be\\\/fr\\\/#organization\"},\"image\":{\"@id\":\"https:\\\/\\\/www.forbes.be\\\/fr\\\/jet-prive-mode-demploi\\\/#primaryimage\"},\"thumbnailUrl\":\"https:\\\/\\\/www.forbes.be\\\/fr\\\/wp-content\\\/uploads\\\/2025\\\/04\\\/textron5.jpg\",\"articleSection\":[\"Entrepreneurs\"],\"inLanguage\":\"fr-FR\"},{\"@type\":\"WebPage\",\"@id\":\"https:\\\/\\\/www.forbes.be\\\/fr\\\/jet-prive-mode-demploi\\\/\",\"url\":\"https:\\\/\\\/www.forbes.be\\\/fr\\\/jet-prive-mode-demploi\\\/\",\"name\":\"Jet priv\u00e9 mode d\u2019emploi | Forbes Belgique\",\"isPartOf\":{\"@id\":\"https:\\\/\\\/www.forbes.be\\\/fr\\\/#website\"},\"primaryImageOfPage\":{\"@id\":\"https:\\\/\\\/www.forbes.be\\\/fr\\\/jet-prive-mode-demploi\\\/#primaryimage\"},\"image\":{\"@id\":\"https:\\\/\\\/www.forbes.be\\\/fr\\\/jet-prive-mode-demploi\\\/#primaryimage\"},\"thumbnailUrl\":\"https:\\\/\\\/www.forbes.be\\\/fr\\\/wp-content\\\/uploads\\\/2025\\\/04\\\/textron5.jpg\",\"datePublished\":\"2025-08-06T07:37:36+00:00\",\"dateModified\":\"2025-08-06T08:10:22+00:00\",\"description\":\"Les voyages en jet priv\u00e9 sont plus populaires que jamais. Durant la pand\u00e9mie, beaucoup ont d\u00e9couvert l\u2019existence des vols priv\u00e9s.\",\"breadcrumb\":{\"@id\":\"https:\\\/\\\/www.forbes.be\\\/fr\\\/jet-prive-mode-demploi\\\/#breadcrumb\"},\"inLanguage\":\"fr-FR\",\"potentialAction\":[{\"@type\":\"ReadAction\",\"target\":[\"https:\\\/\\\/www.forbes.be\\\/fr\\\/jet-prive-mode-demploi\\\/\"]}]},{\"@type\":\"ImageObject\",\"inLanguage\":\"fr-FR\",\"@id\":\"https:\\\/\\\/www.forbes.be\\\/fr\\\/jet-prive-mode-demploi\\\/#primaryimage\",\"url\":\"https:\\\/\\\/www.forbes.be\\\/fr\\\/wp-content\\\/uploads\\\/2025\\\/04\\\/textron5.jpg\",\"contentUrl\":\"https:\\\/\\\/www.forbes.be\\\/fr\\\/wp-content\\\/uploads\\\/2025\\\/04\\\/textron5.jpg\",\"width\":1200,\"height\":628,\"caption\":\"\u00a9 Textron, Bombardier, Falcon\"},{\"@type\":\"BreadcrumbList\",\"@id\":\"https:\\\/\\\/www.forbes.be\\\/fr\\\/jet-prive-mode-demploi\\\/#breadcrumb\",\"itemListElement\":[{\"@type\":\"ListItem\",\"position\":1,\"name\":\"Accueil\",\"item\":\"https:\\\/\\\/www.forbes.be\\\/fr\\\/\"},{\"@type\":\"ListItem\",\"position\":2,\"name\":\"Jet priv\u00e9 mode d\u2019emploi\"}]},{\"@type\":\"WebSite\",\"@id\":\"https:\\\/\\\/www.forbes.be\\\/fr\\\/#website\",\"url\":\"https:\\\/\\\/www.forbes.be\\\/fr\\\/\",\"name\":\"Forbes Belgique\",\"description\":\"\",\"publisher\":{\"@id\":\"https:\\\/\\\/www.forbes.be\\\/fr\\\/#organization\"},\"potentialAction\":[{\"@type\":\"SearchAction\",\"target\":{\"@type\":\"EntryPoint\",\"urlTemplate\":\"https:\\\/\\\/www.forbes.be\\\/fr\\\/?s={search_term_string}\"},\"query-input\":{\"@type\":\"PropertyValueSpecification\",\"valueRequired\":true,\"valueName\":\"search_term_string\"}}],\"inLanguage\":\"fr-FR\"},{\"@type\":\"Organization\",\"@id\":\"https:\\\/\\\/www.forbes.be\\\/fr\\\/#organization\",\"name\":\"Forbes Belgique\",\"url\":\"https:\\\/\\\/www.forbes.be\\\/fr\\\/\",\"logo\":{\"@type\":\"ImageObject\",\"inLanguage\":\"fr-FR\",\"@id\":\"https:\\\/\\\/www.forbes.be\\\/fr\\\/#\\\/schema\\\/logo\\\/image\\\/\",\"url\":\"https:\\\/\\\/www.forbes.be\\\/fr\\\/wp-content\\\/uploads\\\/2024\\\/02\\\/forbes.be_.png\",\"contentUrl\":\"https:\\\/\\\/www.forbes.be\\\/fr\\\/wp-content\\\/uploads\\\/2024\\\/02\\\/forbes.be_.png\",\"width\":1200,\"height\":675,\"caption\":\"Forbes Belgique\"},\"image\":{\"@id\":\"https:\\\/\\\/www.forbes.be\\\/fr\\\/#\\\/schema\\\/logo\\\/image\\\/\"},\"sameAs\":[\"https:\\\/\\\/www.facebook.com\\\/forbesbelgique\\\/\",\"https:\\\/\\\/www.instagram.com\\\/Forbes_Belgium\",\"https:\\\/\\\/www.linkedin.com\\\/company\\\/forbes-belgium\\\/\"]},{\"@type\":\"Person\",\"@id\":\"https:\\\/\\\/www.forbes.be\\\/fr\\\/#\\\/schema\\\/person\\\/147c95cac22c7a4a8056e69e1f287b1f\",\"name\":\"Forbes Belgique\",\"image\":{\"@type\":\"ImageObject\",\"inLanguage\":\"fr-FR\",\"@id\":\"https:\\\/\\\/www.forbes.be\\\/fr\\\/wp-content\\\/uploads\\\/2024\\\/01\\\/forbes-thumb-150x150.jpg\",\"url\":\"https:\\\/\\\/www.forbes.be\\\/fr\\\/wp-content\\\/uploads\\\/2024\\\/01\\\/forbes-thumb-150x150.jpg\",\"contentUrl\":\"https:\\\/\\\/www.forbes.be\\\/fr\\\/wp-content\\\/uploads\\\/2024\\\/01\\\/forbes-thumb-150x150.jpg\",\"caption\":\"Forbes Belgique\"},\"url\":\"https:\\\/\\\/www.forbes.be\\\/fr\\\/author\\\/forbes-be\\\/\"}]}<\/script>\n<!-- \/ Yoast SEO plugin. -->","yoast_head_json":{"title":"Jet priv\u00e9 mode d\u2019emploi | Forbes Belgique","description":"Les voyages en jet priv\u00e9 sont plus populaires que jamais. Durant la pand\u00e9mie, beaucoup ont d\u00e9couvert l\u2019existence des vols priv\u00e9s.","robots":{"index":"index","follow":"follow","max-snippet":"max-snippet:-1","max-image-preview":"max-image-preview:large","max-video-preview":"max-video-preview:-1"},"canonical":"https:\/\/www.forbes.be\/fr\/jet-prive-mode-demploi\/","og_locale":"fr_FR","og_type":"article","og_title":"Jet priv\u00e9 mode d\u2019emploi | Forbes Belgique","og_description":"Les voyages en jet priv\u00e9 sont plus populaires que jamais. Durant la pand\u00e9mie, beaucoup ont d\u00e9couvert l\u2019existence des vols priv\u00e9s.","og_url":"https:\/\/www.forbes.be\/fr\/jet-prive-mode-demploi\/","og_site_name":"Forbes Belgique","article_publisher":"https:\/\/www.facebook.com\/forbesbelgique\/","article_published_time":"2025-08-06T07:37:36+00:00","article_modified_time":"2025-08-06T08:10:22+00:00","og_image":[{"width":1200,"height":628,"url":"https:\/\/www.forbes.be\/fr\/wp-content\/uploads\/2025\/04\/textron5.jpg","type":"image\/jpeg"}],"author":"Forbes Belgique","twitter_card":"summary_large_image","twitter_misc":{"\u00c9crit par":"Forbes Belgique","Dur\u00e9e de lecture estim\u00e9e":"9 minutes"},"schema":{"@context":"https:\/\/schema.org","@graph":[{"@type":"NewsArticle","@id":"https:\/\/www.forbes.be\/fr\/jet-prive-mode-demploi\/#article","isPartOf":{"@id":"https:\/\/www.forbes.be\/fr\/jet-prive-mode-demploi\/"},"author":{"name":"Forbes Belgique","@id":"https:\/\/www.forbes.be\/fr\/#\/schema\/person\/147c95cac22c7a4a8056e69e1f287b1f"},"headline":"Jet priv\u00e9 mode d\u2019emploi","datePublished":"2025-08-06T07:37:36+00:00","dateModified":"2025-08-06T08:10:22+00:00","mainEntityOfPage":{"@id":"https:\/\/www.forbes.be\/fr\/jet-prive-mode-demploi\/"},"wordCount":1743,"publisher":{"@id":"https:\/\/www.forbes.be\/fr\/#organization"},"image":{"@id":"https:\/\/www.forbes.be\/fr\/jet-prive-mode-demploi\/#primaryimage"},"thumbnailUrl":"https:\/\/www.forbes.be\/fr\/wp-content\/uploads\/2025\/04\/textron5.jpg","articleSection":["Entrepreneurs"],"inLanguage":"fr-FR"},{"@type":"WebPage","@id":"https:\/\/www.forbes.be\/fr\/jet-prive-mode-demploi\/","url":"https:\/\/www.forbes.be\/fr\/jet-prive-mode-demploi\/","name":"Jet priv\u00e9 mode d\u2019emploi | Forbes Belgique","isPartOf":{"@id":"https:\/\/www.forbes.be\/fr\/#website"},"primaryImageOfPage":{"@id":"https:\/\/www.forbes.be\/fr\/jet-prive-mode-demploi\/#primaryimage"},"image":{"@id":"https:\/\/www.forbes.be\/fr\/jet-prive-mode-demploi\/#primaryimage"},"thumbnailUrl":"https:\/\/www.forbes.be\/fr\/wp-content\/uploads\/2025\/04\/textron5.jpg","datePublished":"2025-08-06T07:37:36+00:00","dateModified":"2025-08-06T08:10:22+00:00","description":"Les voyages en jet priv\u00e9 sont plus populaires que jamais. Durant la pand\u00e9mie, beaucoup ont d\u00e9couvert l\u2019existence des vols priv\u00e9s.","breadcrumb":{"@id":"https:\/\/www.forbes.be\/fr\/jet-prive-mode-demploi\/#breadcrumb"},"inLanguage":"fr-FR","potentialAction":[{"@type":"ReadAction","target":["https:\/\/www.forbes.be\/fr\/jet-prive-mode-demploi\/"]}]},{"@type":"ImageObject","inLanguage":"fr-FR","@id":"https:\/\/www.forbes.be\/fr\/jet-prive-mode-demploi\/#primaryimage","url":"https:\/\/www.forbes.be\/fr\/wp-content\/uploads\/2025\/04\/textron5.jpg","contentUrl":"https:\/\/www.forbes.be\/fr\/wp-content\/uploads\/2025\/04\/textron5.jpg","width":1200,"height":628,"caption":"\u00a9 Textron, Bombardier, Falcon"},{"@type":"BreadcrumbList","@id":"https:\/\/www.forbes.be\/fr\/jet-prive-mode-demploi\/#breadcrumb","itemListElement":[{"@type":"ListItem","position":1,"name":"Accueil","item":"https:\/\/www.forbes.be\/fr\/"},{"@type":"ListItem","position":2,"name":"Jet priv\u00e9 mode d\u2019emploi"}]},{"@type":"WebSite","@id":"https:\/\/www.forbes.be\/fr\/#website","url":"https:\/\/www.forbes.be\/fr\/","name":"Forbes Belgique","description":"","publisher":{"@id":"https:\/\/www.forbes.be\/fr\/#organization"},"potentialAction":[{"@type":"SearchAction","target":{"@type":"EntryPoint","urlTemplate":"https:\/\/www.forbes.be\/fr\/?s={search_term_string}"},"query-input":{"@type":"PropertyValueSpecification","valueRequired":true,"valueName":"search_term_string"}}],"inLanguage":"fr-FR"},{"@type":"Organization","@id":"https:\/\/www.forbes.be\/fr\/#organization","name":"Forbes Belgique","url":"https:\/\/www.forbes.be\/fr\/","logo":{"@type":"ImageObject","inLanguage":"fr-FR","@id":"https:\/\/www.forbes.be\/fr\/#\/schema\/logo\/image\/","url":"https:\/\/www.forbes.be\/fr\/wp-content\/uploads\/2024\/02\/forbes.be_.png","contentUrl":"https:\/\/www.forbes.be\/fr\/wp-content\/uploads\/2024\/02\/forbes.be_.png","width":1200,"height":675,"caption":"Forbes Belgique"},"image":{"@id":"https:\/\/www.forbes.be\/fr\/#\/schema\/logo\/image\/"},"sameAs":["https:\/\/www.facebook.com\/forbesbelgique\/","https:\/\/www.instagram.com\/Forbes_Belgium","https:\/\/www.linkedin.com\/company\/forbes-belgium\/"]},{"@type":"Person","@id":"https:\/\/www.forbes.be\/fr\/#\/schema\/person\/147c95cac22c7a4a8056e69e1f287b1f","name":"Forbes Belgique","image":{"@type":"ImageObject","inLanguage":"fr-FR","@id":"https:\/\/www.forbes.be\/fr\/wp-content\/uploads\/2024\/01\/forbes-thumb-150x150.jpg","url":"https:\/\/www.forbes.be\/fr\/wp-content\/uploads\/2024\/01\/forbes-thumb-150x150.jpg","contentUrl":"https:\/\/www.forbes.be\/fr\/wp-content\/uploads\/2024\/01\/forbes-thumb-150x150.jpg","caption":"Forbes Belgique"},"url":"https:\/\/www.forbes.be\/fr\/author\/forbes-be\/"}]}},"_links":{"self":[{"href":"https:\/\/www.forbes.be\/fr\/wp-json\/wp\/v2\/posts\/9960","targetHints":{"allow":["GET"]}}],"collection":[{"href":"https:\/\/www.forbes.be\/fr\/wp-json\/wp\/v2\/posts"}],"about":[{"href":"https:\/\/www.forbes.be\/fr\/wp-json\/wp\/v2\/types\/post"}],"author":[{"embeddable":true,"href":"https:\/\/www.forbes.be\/fr\/wp-json\/wp\/v2\/users\/5"}],"replies":[{"embeddable":true,"href":"https:\/\/www.forbes.be\/fr\/wp-json\/wp\/v2\/comments?post=9960"}],"version-history":[{"count":4,"href":"https:\/\/www.forbes.be\/fr\/wp-json\/wp\/v2\/posts\/9960\/revisions"}],"predecessor-version":[{"id":11761,"href":"https:\/\/www.forbes.be\/fr\/wp-json\/wp\/v2\/posts\/9960\/revisions\/11761"}],"wp:featuredmedia":[{"embeddable":true,"href":"https:\/\/www.forbes.be\/fr\/wp-json\/wp\/v2\/media\/9965"}],"wp:attachment":[{"href":"https:\/\/www.forbes.be\/fr\/wp-json\/wp\/v2\/media?parent=9960"}],"wp:term":[{"taxonomy":"category","embeddable":true,"href":"https:\/\/www.forbes.be\/fr\/wp-json\/wp\/v2\/categories?post=9960"},{"taxonomy":"post_tag","embeddable":true,"href":"https:\/\/www.forbes.be\/fr\/wp-json\/wp\/v2\/tags?post=9960"}],"curies":[{"name":"wp","href":"https:\/\/api.w.org\/{rel}","templated":true}]}}