{"id":9997,"date":"2025-04-25T15:21:09","date_gmt":"2025-04-25T13:21:09","guid":{"rendered":"https:\/\/www.forbes.be\/fr\/?p=9997"},"modified":"2025-04-30T10:48:34","modified_gmt":"2025-04-30T08:48:34","slug":"art-brussels-edition-electrisante","status":"publish","type":"post","link":"https:\/\/www.forbes.be\/fr\/art-brussels-edition-electrisante\/","title":{"rendered":"Art Brussels : \u00e9dition \u00e9lectrisante"},"content":{"rendered":"<p><strong>41e Art Brussels : richesse de l\u2019offre, nouvelle section et vague de visiteurs. Le rapport annuel d\u2019<a href=\"https:\/\/theartmarket.artbasel.com\/\" target=\"_blank\" rel=\"noopener\">UBS \u2013 Art Basel 2025<\/a> vient de le confirmer : en 2024, le march\u00e9 de l\u2019art a ralenti. Pourtant, en janvier, la BRAFA annon\u00e7ait des ventes meilleures qu\u2019esp\u00e9r\u00e9, et la TEFAF, en f\u00e9vrier, a encore battu des records.<\/strong><\/p>\n<p><strong>Nele Verhaeren<\/strong>, \u00e0 la t\u00eate d\u2019<strong>Art Brussels<\/strong> depuis 2021 (l\u2019une des deux plus anciennes foires europ\u00e9ennes) et qui a port\u00e9 Art Antwerp sur les fonds baptismaux, est un atout-ma\u00eetre pour les deux <strong>foires<\/strong>. Enthousiaste et franche, elle sait la p\u00e9riode incertaine, mais reste confiante.<\/p>\n<p>Les premi\u00e8res heures d\u2019ouverture, aux all\u00e9es grouillant de monde, ont confirm\u00e9 l\u2019\u00e9lan de cette \u00e9dition riche et vari\u00e9e. Les chiffres l\u2019attestent : 64 nouvelles <strong>galeries<\/strong> participantes sur 165. \u00c0 c\u00f4t\u00e9 des sections historiques, Invited (d\u00e9di\u00e9e \u00e0 la recherche qui est la signature de cette foire), et Prime (celle des galeries confirm\u00e9es), une nouvelle section, 68 Forward, couvre la p\u00e9riode cr\u00e9ative de 1968, ann\u00e9e de lancement de la foire, \u00e0 2000. La demande a \u00e9t\u00e9 forte : 14 <strong>galeries<\/strong> de Buenos Aires \u00e0 Zurich, de Bucarest \u00e0 Paris) et le <strong>Belge Maurice Verbaet<\/strong>.<\/p>\n<figure id=\"attachment_9999\" aria-describedby=\"caption-attachment-9999\" style=\"width: 1067px\" class=\"wp-caption alignnone\"><img loading=\"lazy\" decoding=\"async\" class=\"size-full wp-image-9999\" src=\"https:\/\/www.forbes.be\/fr\/wp-content\/uploads\/2025\/04\/whatsapp-image-2025-04-25-at-130702.jpeg\" alt=\"\" width=\"1067\" height=\"1600\" srcset=\"https:\/\/www.forbes.be\/fr\/wp-content\/uploads\/2025\/04\/whatsapp-image-2025-04-25-at-130702.jpeg 1067w, https:\/\/www.forbes.be\/fr\/wp-content\/uploads\/2025\/04\/whatsapp-image-2025-04-25-at-130702-200x300.jpeg 200w, https:\/\/www.forbes.be\/fr\/wp-content\/uploads\/2025\/04\/whatsapp-image-2025-04-25-at-130702-683x1024.jpeg 683w, https:\/\/www.forbes.be\/fr\/wp-content\/uploads\/2025\/04\/whatsapp-image-2025-04-25-at-130702-768x1152.jpeg 768w, https:\/\/www.forbes.be\/fr\/wp-content\/uploads\/2025\/04\/whatsapp-image-2025-04-25-at-130702-1024x1536.jpeg 1024w, https:\/\/www.forbes.be\/fr\/wp-content\/uploads\/2025\/04\/whatsapp-image-2025-04-25-at-130702-696x1044.jpeg 696w, https:\/\/www.forbes.be\/fr\/wp-content\/uploads\/2025\/04\/whatsapp-image-2025-04-25-at-130702-600x900.jpeg 600w\" sizes=\"auto, (max-width: 1067px) 100vw, 1067px\" \/><figcaption id=\"caption-attachment-9999\" class=\"wp-caption-text\">Le stand de Xavier Hufkens \u00a9 J-F HG<\/figcaption><\/figure>\n<p>La peinture est magnifiquement repr\u00e9sent\u00e9e chez <strong>Xavier Hufkens<\/strong>, notamment avec le Bruxellois Walter Swennen. <strong>Maruani-Mercier<\/strong> d\u00e9ploie les chevauch\u00e9es de couleurs du Sud-Africain Ryan Hewett et la mythologie de l\u2019Am\u00e9ricain \u00c6men Eded\u00e9en. Chez <strong>Almine Rech<\/strong>, Oliver Beer s\u00e8me les pigments sur la toile, au gr\u00e9 des d\u00e9placements d\u2019air de la musique.<br \/>\nAu registre des vibrations, le Belge <strong>Quentin Grosjean<\/strong> (<strong>QG Gallery<\/strong>) mise tout sur un solo show de l\u2019Allemand Frank Gerritz (High End and Above). Ce dessinateur minimal construit ses formes au bout de sa mine de crayon. Son installation Lager III se compose de bo\u00eetes align\u00e9es appari\u00e9es \u00e0 des dessins. Ses surfaces aux gris velout\u00e9s demandent un temps fou : 26 ann\u00e9es de maturation pour sa pi\u00e8ce Seraphic Light.<\/p>\n<h2>De Lisbonne \u00e0 l\u2019Afrique<\/h2>\n<p>Le Lisbo\u00e8te Jos\u00e9 Loureiro, chez le Parisien <strong>Florent Maubert<\/strong> (qui le qualifie de \u00ab\u00a0g\u00e9nial\u00a0\u00bb, \u00e0 juste titre), cr\u00e9e des silhouettes bondissantes et cocasses avec sa s\u00e9rie sur papier Vocation des acariens et ses grandes huiles intitul\u00e9es Narcisse, succession d\u00e9sopilante de danseurs d\u00e9gingand\u00e9s.<\/p>\n<figure id=\"attachment_10002\" aria-describedby=\"caption-attachment-10002\" style=\"width: 1600px\" class=\"wp-caption alignnone\"><img loading=\"lazy\" decoding=\"async\" class=\"size-full wp-image-10002\" src=\"https:\/\/www.forbes.be\/fr\/wp-content\/uploads\/2025\/04\/whatsapp-image-2025-04-25-at-131109.jpeg\" alt=\"\" width=\"1600\" height=\"1200\" srcset=\"https:\/\/www.forbes.be\/fr\/wp-content\/uploads\/2025\/04\/whatsapp-image-2025-04-25-at-131109.jpeg 1600w, https:\/\/www.forbes.be\/fr\/wp-content\/uploads\/2025\/04\/whatsapp-image-2025-04-25-at-131109-300x225.jpeg 300w, https:\/\/www.forbes.be\/fr\/wp-content\/uploads\/2025\/04\/whatsapp-image-2025-04-25-at-131109-1024x768.jpeg 1024w, https:\/\/www.forbes.be\/fr\/wp-content\/uploads\/2025\/04\/whatsapp-image-2025-04-25-at-131109-768x576.jpeg 768w, https:\/\/www.forbes.be\/fr\/wp-content\/uploads\/2025\/04\/whatsapp-image-2025-04-25-at-131109-1536x1152.jpeg 1536w, https:\/\/www.forbes.be\/fr\/wp-content\/uploads\/2025\/04\/whatsapp-image-2025-04-25-at-131109-696x522.jpeg 696w, https:\/\/www.forbes.be\/fr\/wp-content\/uploads\/2025\/04\/whatsapp-image-2025-04-25-at-131109-1068x801.jpeg 1068w, https:\/\/www.forbes.be\/fr\/wp-content\/uploads\/2025\/04\/whatsapp-image-2025-04-25-at-131109-600x450.jpeg 600w\" sizes=\"auto, (max-width: 1600px) 100vw, 1600px\" \/><figcaption id=\"caption-attachment-10002\" class=\"wp-caption-text\">Le stand de QG. Bruxelles-Knokke. Lager III, \u0153uvre de l\u2019Allemand Frank Gerritz \u00a9 J-F HG<\/figcaption><\/figure>\n<p>Autre Lisbo\u00e8te chez <strong>Jahn und Jahn<\/strong> (Berlin, Lisbonne), Jorge Queiroz, dans la lign\u00e9e d\u2019Ensor ou Victor Brauner, compose un th\u00e9\u00e2tre de couleurs peupl\u00e9es de figures. Liam Everett fait jaillir les siennes dans des plans qui s\u2019entrechoquent.<\/p>\n<p>Apr\u00e8s l\u2019un des tr\u00e8s beaux stands de <strong>Ceramic Brussels<\/strong> en janvier, <strong>Sorry We\u2019re Closed<\/strong> pr\u00e9sente la paraguayenne Julia Is\u00eddrez, n\u00e9e dans une famille d&rsquo;artisans, qui perp\u00e9tue les techniques pr\u00e9colombiennes de la c\u00e9ramique dans des pi\u00e8ces zoophormes \u00e9mouvantes et comiques. La maison familiale a \u00e9t\u00e9 transform\u00e9e en Casa Museo Juan Marta Rodas-Julia, o\u00f9 elle cr\u00e9e et enseigne ses connaissances en ateliers.<\/p>\n<figure id=\"attachment_10000\" aria-describedby=\"caption-attachment-10000\" style=\"width: 1600px\" class=\"wp-caption alignnone\"><img loading=\"lazy\" decoding=\"async\" class=\"size-full wp-image-10000\" src=\"https:\/\/www.forbes.be\/fr\/wp-content\/uploads\/2025\/04\/whatsapp-image-2025-04-25-at-130826.jpeg\" alt=\"\" width=\"1600\" height=\"1067\" srcset=\"https:\/\/www.forbes.be\/fr\/wp-content\/uploads\/2025\/04\/whatsapp-image-2025-04-25-at-130826.jpeg 1600w, https:\/\/www.forbes.be\/fr\/wp-content\/uploads\/2025\/04\/whatsapp-image-2025-04-25-at-130826-300x200.jpeg 300w, https:\/\/www.forbes.be\/fr\/wp-content\/uploads\/2025\/04\/whatsapp-image-2025-04-25-at-130826-1024x683.jpeg 1024w, https:\/\/www.forbes.be\/fr\/wp-content\/uploads\/2025\/04\/whatsapp-image-2025-04-25-at-130826-768x512.jpeg 768w, https:\/\/www.forbes.be\/fr\/wp-content\/uploads\/2025\/04\/whatsapp-image-2025-04-25-at-130826-1536x1024.jpeg 1536w, https:\/\/www.forbes.be\/fr\/wp-content\/uploads\/2025\/04\/whatsapp-image-2025-04-25-at-130826-696x464.jpeg 696w, https:\/\/www.forbes.be\/fr\/wp-content\/uploads\/2025\/04\/whatsapp-image-2025-04-25-at-130826-1068x712.jpeg 1068w, https:\/\/www.forbes.be\/fr\/wp-content\/uploads\/2025\/04\/whatsapp-image-2025-04-25-at-130826-600x400.jpeg 600w\" sizes=\"auto, (max-width: 1600px) 100vw, 1600px\" \/><figcaption id=\"caption-attachment-10000\" class=\"wp-caption-text\">Le stand de la galerie Keteleer. Anvers \u00a9 J-F HG<\/figcaption><\/figure>\n<p>La parisienne <strong>Magnin-A<\/strong> r\u00e9v\u00e8le Ndary Lo, sculpteur s\u00e9n\u00e9galais d\u00e9c\u00e9d\u00e9 en France, cr\u00e9ateur d\u2019hommes en marche, ici pr\u00e9sent avec une femme pensive accoud\u00e9e au sol, et Amadou Samogo, peintre malien destin\u00e9 \u00e0 devenir ing\u00e9nieur. Pr\u00e9sent dans plusieurs <strong>mus\u00e9es<\/strong> am\u00e9ricains, ses personnages assis et flottants sur des \u00e0-plats de tonalit\u00e9 offre une r\u00e9miniscence de Bill Traylor.<\/p>\n<p>La photographie devient po\u00e8me chez <strong>Bigaignon<\/strong> (Paris), avec Chris McCaw qui imprime les br\u00fblures du soleil sur papier photo argentique aux fibres p\u00e9rim\u00e9es. La s\u00e9rie de visions urbaines nocturnes d\u2019Aaron Scheer, se situe aussi \u00e0 la limite du visible (<strong>Falko Alexander Gallery<\/strong>).<\/p>\n<p>Fin le 27.04<\/p>\n<p><a href=\"http:\/\/www.artbrussels.com\" target=\"_blank\" rel=\"noopener\">www.artbrussels.com<\/a><\/p>\n","protected":false},"excerpt":{"rendered":"<p>41e Art Brussels : richesse de l\u2019offre, nouvelle section et vague de visiteurs. Le rapport annuel d\u2019UBS \u2013 Art Basel 2025 vient de le confirmer : en 2024, le march\u00e9 de l\u2019art a ralenti. Pourtant, en janvier, la BRAFA annon\u00e7ait des ventes meilleures qu\u2019esp\u00e9r\u00e9, et la TEFAF, en f\u00e9vrier, a encore battu des records. Nele [&hellip;]<\/p>\n","protected":false},"author":27,"featured_media":10001,"comment_status":"closed","ping_status":"closed","sticky":false,"template":"","format":"standard","meta":{"_acf_changed":false,"inline_featured_image":false,"footnotes":""},"categories":[1,63,62],"tags":[],"class_list":{"0":"post-9997","1":"post","2":"type-post","3":"status-publish","4":"format-standard","5":"has-post-thumbnail","7":"category-actualite","8":"category-culture","9":"category-marche-de-lart"},"acf":[],"_yoast_wpseo_title":null,"_yoast_wpseo_metadesc":"41e Art Brussels : richesse de l\u2019offre, nouvelle section et vague de visiteurs. En 2024, le march\u00e9 de l\u2019art a ralenti. Pourtant, en janvier, la BRAFA annon\u00e7ait des ventes meilleures qu\u2019esp\u00e9r\u00e9, et la TEFAF, en f\u00e9vrier, a encore battu des records.","auteur_traducteur":"","yoast_head":"<!-- This site is optimized with the Yoast SEO plugin v27.4 - https:\/\/yoast.com\/product\/yoast-seo-wordpress\/ -->\n<title>Art Brussels : \u00e9dition \u00e9lectrisante | Forbes Belgique<\/title>\n<meta name=\"description\" content=\"41e Art Brussels : richesse de l\u2019offre, nouvelle section et vague de visiteurs. En 2024, le march\u00e9 de l\u2019art a ralenti. Pourtant, en janvier, la BRAFA annon\u00e7ait des ventes meilleures qu\u2019esp\u00e9r\u00e9, et la TEFAF, en f\u00e9vrier, a encore battu des records.\" \/>\n<meta name=\"robots\" content=\"index, follow, max-snippet:-1, max-image-preview:large, max-video-preview:-1\" \/>\n<link rel=\"canonical\" href=\"https:\/\/www.forbes.be\/fr\/art-brussels-edition-electrisante\/\" \/>\n<meta property=\"og:locale\" content=\"fr_FR\" \/>\n<meta property=\"og:type\" content=\"article\" \/>\n<meta property=\"og:title\" content=\"Art Brussels : \u00e9dition \u00e9lectrisante | Forbes Belgique\" \/>\n<meta property=\"og:description\" content=\"41e Art Brussels : richesse de l\u2019offre, nouvelle section et vague de visiteurs. En 2024, le march\u00e9 de l\u2019art a ralenti. Pourtant, en janvier, la BRAFA annon\u00e7ait des ventes meilleures qu\u2019esp\u00e9r\u00e9, et la TEFAF, en f\u00e9vrier, a encore battu des records.\" \/>\n<meta property=\"og:url\" content=\"https:\/\/www.forbes.be\/fr\/art-brussels-edition-electrisante\/\" \/>\n<meta property=\"og:site_name\" content=\"Forbes Belgique\" \/>\n<meta property=\"article:publisher\" content=\"https:\/\/www.facebook.com\/forbesbelgique\/\" \/>\n<meta property=\"article:published_time\" content=\"2025-04-25T13:21:09+00:00\" \/>\n<meta property=\"article:modified_time\" content=\"2025-04-30T08:48:34+00:00\" \/>\n<meta property=\"og:image\" content=\"https:\/\/www.forbes.be\/fr\/wp-content\/uploads\/2025\/04\/whatsapp-image-2025-04-25-at-130958-e1746002898174.jpeg\" \/>\n\t<meta property=\"og:image:width\" content=\"1600\" \/>\n\t<meta property=\"og:image:height\" content=\"837\" \/>\n\t<meta property=\"og:image:type\" content=\"image\/jpeg\" \/>\n<meta name=\"author\" content=\"Johan-Fr\u00e9d\u00e9rik Hel Guedj\" \/>\n<meta name=\"twitter:card\" content=\"summary_large_image\" \/>\n<meta name=\"twitter:label1\" content=\"\u00c9crit par\" \/>\n\t<meta name=\"twitter:data1\" content=\"Johan-Fr\u00e9d\u00e9rik Hel Guedj\" \/>\n\t<meta name=\"twitter:label2\" content=\"Dur\u00e9e de lecture estim\u00e9e\" \/>\n\t<meta name=\"twitter:data2\" content=\"4 minutes\" \/>\n<script type=\"application\/ld+json\" class=\"yoast-schema-graph\">{\"@context\":\"https:\\\/\\\/schema.org\",\"@graph\":[{\"@type\":\"NewsArticle\",\"@id\":\"https:\\\/\\\/www.forbes.be\\\/fr\\\/art-brussels-edition-electrisante\\\/#article\",\"isPartOf\":{\"@id\":\"https:\\\/\\\/www.forbes.be\\\/fr\\\/art-brussels-edition-electrisante\\\/\"},\"author\":{\"name\":\"Johan-Fr\u00e9d\u00e9rik Hel Guedj\",\"@id\":\"https:\\\/\\\/www.forbes.be\\\/fr\\\/#\\\/schema\\\/person\\\/ad1bb0e83419af89356b7b11a6622c80\"},\"headline\":\"Art Brussels : \u00e9dition \u00e9lectrisante\",\"datePublished\":\"2025-04-25T13:21:09+00:00\",\"dateModified\":\"2025-04-30T08:48:34+00:00\",\"mainEntityOfPage\":{\"@id\":\"https:\\\/\\\/www.forbes.be\\\/fr\\\/art-brussels-edition-electrisante\\\/\"},\"wordCount\":673,\"publisher\":{\"@id\":\"https:\\\/\\\/www.forbes.be\\\/fr\\\/#organization\"},\"image\":{\"@id\":\"https:\\\/\\\/www.forbes.be\\\/fr\\\/art-brussels-edition-electrisante\\\/#primaryimage\"},\"thumbnailUrl\":\"https:\\\/\\\/www.forbes.be\\\/fr\\\/wp-content\\\/uploads\\\/2025\\\/04\\\/whatsapp-image-2025-04-25-at-130958-e1746002898174.jpeg\",\"articleSection\":[\"Actualit\u00e9s\",\"Culture\",\"March\u00e9 de l'art\"],\"inLanguage\":\"fr-FR\"},{\"@type\":\"WebPage\",\"@id\":\"https:\\\/\\\/www.forbes.be\\\/fr\\\/art-brussels-edition-electrisante\\\/\",\"url\":\"https:\\\/\\\/www.forbes.be\\\/fr\\\/art-brussels-edition-electrisante\\\/\",\"name\":\"Art Brussels : \u00e9dition \u00e9lectrisante | Forbes Belgique\",\"isPartOf\":{\"@id\":\"https:\\\/\\\/www.forbes.be\\\/fr\\\/#website\"},\"primaryImageOfPage\":{\"@id\":\"https:\\\/\\\/www.forbes.be\\\/fr\\\/art-brussels-edition-electrisante\\\/#primaryimage\"},\"image\":{\"@id\":\"https:\\\/\\\/www.forbes.be\\\/fr\\\/art-brussels-edition-electrisante\\\/#primaryimage\"},\"thumbnailUrl\":\"https:\\\/\\\/www.forbes.be\\\/fr\\\/wp-content\\\/uploads\\\/2025\\\/04\\\/whatsapp-image-2025-04-25-at-130958-e1746002898174.jpeg\",\"datePublished\":\"2025-04-25T13:21:09+00:00\",\"dateModified\":\"2025-04-30T08:48:34+00:00\",\"description\":\"41e Art Brussels : richesse de l\u2019offre, nouvelle section et vague de visiteurs. En 2024, le march\u00e9 de l\u2019art a ralenti. Pourtant, en janvier, la BRAFA annon\u00e7ait des ventes meilleures qu\u2019esp\u00e9r\u00e9, et la TEFAF, en f\u00e9vrier, a encore battu des records.\",\"breadcrumb\":{\"@id\":\"https:\\\/\\\/www.forbes.be\\\/fr\\\/art-brussels-edition-electrisante\\\/#breadcrumb\"},\"inLanguage\":\"fr-FR\",\"potentialAction\":[{\"@type\":\"ReadAction\",\"target\":[\"https:\\\/\\\/www.forbes.be\\\/fr\\\/art-brussels-edition-electrisante\\\/\"]}]},{\"@type\":\"ImageObject\",\"inLanguage\":\"fr-FR\",\"@id\":\"https:\\\/\\\/www.forbes.be\\\/fr\\\/art-brussels-edition-electrisante\\\/#primaryimage\",\"url\":\"https:\\\/\\\/www.forbes.be\\\/fr\\\/wp-content\\\/uploads\\\/2025\\\/04\\\/whatsapp-image-2025-04-25-at-130958-e1746002898174.jpeg\",\"contentUrl\":\"https:\\\/\\\/www.forbes.be\\\/fr\\\/wp-content\\\/uploads\\\/2025\\\/04\\\/whatsapp-image-2025-04-25-at-130958-e1746002898174.jpeg\",\"width\":1600,\"height\":837,\"caption\":\"Le stand de Greta Meert. Bruxelles \u00a9 J-F HG\"},{\"@type\":\"BreadcrumbList\",\"@id\":\"https:\\\/\\\/www.forbes.be\\\/fr\\\/art-brussels-edition-electrisante\\\/#breadcrumb\",\"itemListElement\":[{\"@type\":\"ListItem\",\"position\":1,\"name\":\"Accueil\",\"item\":\"https:\\\/\\\/www.forbes.be\\\/fr\\\/\"},{\"@type\":\"ListItem\",\"position\":2,\"name\":\"Art Brussels : \u00e9dition \u00e9lectrisante\"}]},{\"@type\":\"WebSite\",\"@id\":\"https:\\\/\\\/www.forbes.be\\\/fr\\\/#website\",\"url\":\"https:\\\/\\\/www.forbes.be\\\/fr\\\/\",\"name\":\"Forbes Belgique\",\"description\":\"\",\"publisher\":{\"@id\":\"https:\\\/\\\/www.forbes.be\\\/fr\\\/#organization\"},\"potentialAction\":[{\"@type\":\"SearchAction\",\"target\":{\"@type\":\"EntryPoint\",\"urlTemplate\":\"https:\\\/\\\/www.forbes.be\\\/fr\\\/?s={search_term_string}\"},\"query-input\":{\"@type\":\"PropertyValueSpecification\",\"valueRequired\":true,\"valueName\":\"search_term_string\"}}],\"inLanguage\":\"fr-FR\"},{\"@type\":\"Organization\",\"@id\":\"https:\\\/\\\/www.forbes.be\\\/fr\\\/#organization\",\"name\":\"Forbes Belgique\",\"url\":\"https:\\\/\\\/www.forbes.be\\\/fr\\\/\",\"logo\":{\"@type\":\"ImageObject\",\"inLanguage\":\"fr-FR\",\"@id\":\"https:\\\/\\\/www.forbes.be\\\/fr\\\/#\\\/schema\\\/logo\\\/image\\\/\",\"url\":\"https:\\\/\\\/www.forbes.be\\\/fr\\\/wp-content\\\/uploads\\\/2024\\\/02\\\/forbes.be_.png\",\"contentUrl\":\"https:\\\/\\\/www.forbes.be\\\/fr\\\/wp-content\\\/uploads\\\/2024\\\/02\\\/forbes.be_.png\",\"width\":1200,\"height\":675,\"caption\":\"Forbes Belgique\"},\"image\":{\"@id\":\"https:\\\/\\\/www.forbes.be\\\/fr\\\/#\\\/schema\\\/logo\\\/image\\\/\"},\"sameAs\":[\"https:\\\/\\\/www.facebook.com\\\/forbesbelgique\\\/\",\"https:\\\/\\\/www.instagram.com\\\/Forbes_Belgium\",\"https:\\\/\\\/www.linkedin.com\\\/company\\\/forbes-belgium\\\/\"]},{\"@type\":\"Person\",\"@id\":\"https:\\\/\\\/www.forbes.be\\\/fr\\\/#\\\/schema\\\/person\\\/ad1bb0e83419af89356b7b11a6622c80\",\"name\":\"Johan-Fr\u00e9d\u00e9rik Hel Guedj\",\"image\":{\"@type\":\"ImageObject\",\"inLanguage\":\"fr-FR\",\"@id\":\"https:\\\/\\\/secure.gravatar.com\\\/avatar\\\/65333543693434f2cc9fdefb3173b162df98712d00606b00b3d43914f79a1598?s=96&d=mm&r=g\",\"url\":\"https:\\\/\\\/secure.gravatar.com\\\/avatar\\\/65333543693434f2cc9fdefb3173b162df98712d00606b00b3d43914f79a1598?s=96&d=mm&r=g\",\"contentUrl\":\"https:\\\/\\\/secure.gravatar.com\\\/avatar\\\/65333543693434f2cc9fdefb3173b162df98712d00606b00b3d43914f79a1598?s=96&d=mm&r=g\",\"caption\":\"Johan-Fr\u00e9d\u00e9rik Hel Guedj\"},\"description\":\"Johan-Frederik Hel Guedj est journaliste et auteur fran\u00e7ais. R\u00e9dacteur en chef pendant 7 ans de la revue Pouvoirs Locaux, consacr\u00e9e aux politiques culturelles, il a publi\u00e9 huit ouvrages chez des \u00e9diteurs fran\u00e7ais et belges, dont deux romans, un essai consacr\u00e9 \u00e0 Orson Welles, et quatre livres d\u2019art. En plus de Forbes, il collabore \u00e0 L\u2019Echo et au Quotidien de l\u2019Art (Paris).\",\"url\":\"https:\\\/\\\/www.forbes.be\\\/fr\\\/author\\\/johan-frederik-hel-guedj\\\/\"}]}<\/script>\n<!-- \/ Yoast SEO plugin. -->","yoast_head_json":{"title":"Art Brussels : \u00e9dition \u00e9lectrisante | Forbes Belgique","description":"41e Art Brussels : richesse de l\u2019offre, nouvelle section et vague de visiteurs. En 2024, le march\u00e9 de l\u2019art a ralenti. Pourtant, en janvier, la BRAFA annon\u00e7ait des ventes meilleures qu\u2019esp\u00e9r\u00e9, et la TEFAF, en f\u00e9vrier, a encore battu des records.","robots":{"index":"index","follow":"follow","max-snippet":"max-snippet:-1","max-image-preview":"max-image-preview:large","max-video-preview":"max-video-preview:-1"},"canonical":"https:\/\/www.forbes.be\/fr\/art-brussels-edition-electrisante\/","og_locale":"fr_FR","og_type":"article","og_title":"Art Brussels : \u00e9dition \u00e9lectrisante | Forbes Belgique","og_description":"41e Art Brussels : richesse de l\u2019offre, nouvelle section et vague de visiteurs. En 2024, le march\u00e9 de l\u2019art a ralenti. Pourtant, en janvier, la BRAFA annon\u00e7ait des ventes meilleures qu\u2019esp\u00e9r\u00e9, et la TEFAF, en f\u00e9vrier, a encore battu des records.","og_url":"https:\/\/www.forbes.be\/fr\/art-brussels-edition-electrisante\/","og_site_name":"Forbes Belgique","article_publisher":"https:\/\/www.facebook.com\/forbesbelgique\/","article_published_time":"2025-04-25T13:21:09+00:00","article_modified_time":"2025-04-30T08:48:34+00:00","og_image":[{"width":1600,"height":837,"url":"https:\/\/www.forbes.be\/fr\/wp-content\/uploads\/2025\/04\/whatsapp-image-2025-04-25-at-130958-e1746002898174.jpeg","type":"image\/jpeg"}],"author":"Johan-Fr\u00e9d\u00e9rik Hel Guedj","twitter_card":"summary_large_image","twitter_misc":{"\u00c9crit par":"Johan-Fr\u00e9d\u00e9rik Hel Guedj","Dur\u00e9e de lecture estim\u00e9e":"4 minutes"},"schema":{"@context":"https:\/\/schema.org","@graph":[{"@type":"NewsArticle","@id":"https:\/\/www.forbes.be\/fr\/art-brussels-edition-electrisante\/#article","isPartOf":{"@id":"https:\/\/www.forbes.be\/fr\/art-brussels-edition-electrisante\/"},"author":{"name":"Johan-Fr\u00e9d\u00e9rik Hel Guedj","@id":"https:\/\/www.forbes.be\/fr\/#\/schema\/person\/ad1bb0e83419af89356b7b11a6622c80"},"headline":"Art Brussels : \u00e9dition \u00e9lectrisante","datePublished":"2025-04-25T13:21:09+00:00","dateModified":"2025-04-30T08:48:34+00:00","mainEntityOfPage":{"@id":"https:\/\/www.forbes.be\/fr\/art-brussels-edition-electrisante\/"},"wordCount":673,"publisher":{"@id":"https:\/\/www.forbes.be\/fr\/#organization"},"image":{"@id":"https:\/\/www.forbes.be\/fr\/art-brussels-edition-electrisante\/#primaryimage"},"thumbnailUrl":"https:\/\/www.forbes.be\/fr\/wp-content\/uploads\/2025\/04\/whatsapp-image-2025-04-25-at-130958-e1746002898174.jpeg","articleSection":["Actualit\u00e9s","Culture","March\u00e9 de l'art"],"inLanguage":"fr-FR"},{"@type":"WebPage","@id":"https:\/\/www.forbes.be\/fr\/art-brussels-edition-electrisante\/","url":"https:\/\/www.forbes.be\/fr\/art-brussels-edition-electrisante\/","name":"Art Brussels : \u00e9dition \u00e9lectrisante | Forbes Belgique","isPartOf":{"@id":"https:\/\/www.forbes.be\/fr\/#website"},"primaryImageOfPage":{"@id":"https:\/\/www.forbes.be\/fr\/art-brussels-edition-electrisante\/#primaryimage"},"image":{"@id":"https:\/\/www.forbes.be\/fr\/art-brussels-edition-electrisante\/#primaryimage"},"thumbnailUrl":"https:\/\/www.forbes.be\/fr\/wp-content\/uploads\/2025\/04\/whatsapp-image-2025-04-25-at-130958-e1746002898174.jpeg","datePublished":"2025-04-25T13:21:09+00:00","dateModified":"2025-04-30T08:48:34+00:00","description":"41e Art Brussels : richesse de l\u2019offre, nouvelle section et vague de visiteurs. En 2024, le march\u00e9 de l\u2019art a ralenti. Pourtant, en janvier, la BRAFA annon\u00e7ait des ventes meilleures qu\u2019esp\u00e9r\u00e9, et la TEFAF, en f\u00e9vrier, a encore battu des records.","breadcrumb":{"@id":"https:\/\/www.forbes.be\/fr\/art-brussels-edition-electrisante\/#breadcrumb"},"inLanguage":"fr-FR","potentialAction":[{"@type":"ReadAction","target":["https:\/\/www.forbes.be\/fr\/art-brussels-edition-electrisante\/"]}]},{"@type":"ImageObject","inLanguage":"fr-FR","@id":"https:\/\/www.forbes.be\/fr\/art-brussels-edition-electrisante\/#primaryimage","url":"https:\/\/www.forbes.be\/fr\/wp-content\/uploads\/2025\/04\/whatsapp-image-2025-04-25-at-130958-e1746002898174.jpeg","contentUrl":"https:\/\/www.forbes.be\/fr\/wp-content\/uploads\/2025\/04\/whatsapp-image-2025-04-25-at-130958-e1746002898174.jpeg","width":1600,"height":837,"caption":"Le stand de Greta Meert. Bruxelles \u00a9 J-F HG"},{"@type":"BreadcrumbList","@id":"https:\/\/www.forbes.be\/fr\/art-brussels-edition-electrisante\/#breadcrumb","itemListElement":[{"@type":"ListItem","position":1,"name":"Accueil","item":"https:\/\/www.forbes.be\/fr\/"},{"@type":"ListItem","position":2,"name":"Art Brussels : \u00e9dition \u00e9lectrisante"}]},{"@type":"WebSite","@id":"https:\/\/www.forbes.be\/fr\/#website","url":"https:\/\/www.forbes.be\/fr\/","name":"Forbes Belgique","description":"","publisher":{"@id":"https:\/\/www.forbes.be\/fr\/#organization"},"potentialAction":[{"@type":"SearchAction","target":{"@type":"EntryPoint","urlTemplate":"https:\/\/www.forbes.be\/fr\/?s={search_term_string}"},"query-input":{"@type":"PropertyValueSpecification","valueRequired":true,"valueName":"search_term_string"}}],"inLanguage":"fr-FR"},{"@type":"Organization","@id":"https:\/\/www.forbes.be\/fr\/#organization","name":"Forbes Belgique","url":"https:\/\/www.forbes.be\/fr\/","logo":{"@type":"ImageObject","inLanguage":"fr-FR","@id":"https:\/\/www.forbes.be\/fr\/#\/schema\/logo\/image\/","url":"https:\/\/www.forbes.be\/fr\/wp-content\/uploads\/2024\/02\/forbes.be_.png","contentUrl":"https:\/\/www.forbes.be\/fr\/wp-content\/uploads\/2024\/02\/forbes.be_.png","width":1200,"height":675,"caption":"Forbes Belgique"},"image":{"@id":"https:\/\/www.forbes.be\/fr\/#\/schema\/logo\/image\/"},"sameAs":["https:\/\/www.facebook.com\/forbesbelgique\/","https:\/\/www.instagram.com\/Forbes_Belgium","https:\/\/www.linkedin.com\/company\/forbes-belgium\/"]},{"@type":"Person","@id":"https:\/\/www.forbes.be\/fr\/#\/schema\/person\/ad1bb0e83419af89356b7b11a6622c80","name":"Johan-Fr\u00e9d\u00e9rik Hel Guedj","image":{"@type":"ImageObject","inLanguage":"fr-FR","@id":"https:\/\/secure.gravatar.com\/avatar\/65333543693434f2cc9fdefb3173b162df98712d00606b00b3d43914f79a1598?s=96&d=mm&r=g","url":"https:\/\/secure.gravatar.com\/avatar\/65333543693434f2cc9fdefb3173b162df98712d00606b00b3d43914f79a1598?s=96&d=mm&r=g","contentUrl":"https:\/\/secure.gravatar.com\/avatar\/65333543693434f2cc9fdefb3173b162df98712d00606b00b3d43914f79a1598?s=96&d=mm&r=g","caption":"Johan-Fr\u00e9d\u00e9rik Hel Guedj"},"description":"Johan-Frederik Hel Guedj est journaliste et auteur fran\u00e7ais. R\u00e9dacteur en chef pendant 7 ans de la revue Pouvoirs Locaux, consacr\u00e9e aux politiques culturelles, il a publi\u00e9 huit ouvrages chez des \u00e9diteurs fran\u00e7ais et belges, dont deux romans, un essai consacr\u00e9 \u00e0 Orson Welles, et quatre livres d\u2019art. En plus de Forbes, il collabore \u00e0 L\u2019Echo et au Quotidien de l\u2019Art (Paris).","url":"https:\/\/www.forbes.be\/fr\/author\/johan-frederik-hel-guedj\/"}]}},"_links":{"self":[{"href":"https:\/\/www.forbes.be\/fr\/wp-json\/wp\/v2\/posts\/9997","targetHints":{"allow":["GET"]}}],"collection":[{"href":"https:\/\/www.forbes.be\/fr\/wp-json\/wp\/v2\/posts"}],"about":[{"href":"https:\/\/www.forbes.be\/fr\/wp-json\/wp\/v2\/types\/post"}],"author":[{"embeddable":true,"href":"https:\/\/www.forbes.be\/fr\/wp-json\/wp\/v2\/users\/27"}],"replies":[{"embeddable":true,"href":"https:\/\/www.forbes.be\/fr\/wp-json\/wp\/v2\/comments?post=9997"}],"version-history":[{"count":2,"href":"https:\/\/www.forbes.be\/fr\/wp-json\/wp\/v2\/posts\/9997\/revisions"}],"predecessor-version":[{"id":10003,"href":"https:\/\/www.forbes.be\/fr\/wp-json\/wp\/v2\/posts\/9997\/revisions\/10003"}],"wp:featuredmedia":[{"embeddable":true,"href":"https:\/\/www.forbes.be\/fr\/wp-json\/wp\/v2\/media\/10001"}],"wp:attachment":[{"href":"https:\/\/www.forbes.be\/fr\/wp-json\/wp\/v2\/media?parent=9997"}],"wp:term":[{"taxonomy":"category","embeddable":true,"href":"https:\/\/www.forbes.be\/fr\/wp-json\/wp\/v2\/categories?post=9997"},{"taxonomy":"post_tag","embeddable":true,"href":"https:\/\/www.forbes.be\/fr\/wp-json\/wp\/v2\/tags?post=9997"}],"curies":[{"name":"wp","href":"https:\/\/api.w.org\/{rel}","templated":true}]}}