{"id":10697,"date":"2025-09-27T07:08:48","date_gmt":"2025-09-27T05:08:48","guid":{"rendered":"https:\/\/www.forbes.be\/nl\/?p=10697"},"modified":"2025-09-22T16:11:46","modified_gmt":"2025-09-22T14:11:46","slug":"alain-afflelou-de-vierde-zoon","status":"publish","type":"post","link":"https:\/\/www.forbes.be\/nl\/alain-afflelou-de-vierde-zoon\/","title":{"rendered":"Alain Afflelou: De vierde zoon"},"content":{"rendered":"<p class=\"p1\"><strong><span class=\"s1\">In 2022 nam <\/span><span class=\"s2\">Anthony Afflelou<\/span><span class=\"s1\"> de leiding over van de distributeur van <\/span><span class=\"s2\">brillen<\/span><span class=\"s1\"> en <\/span><span class=\"s2\">gehoorapparaten<\/span><span class=\"s1\">, die meer dan een halve eeuw geleden door zijn vader werd opgericht. Een ontmoeting met deze dertigjarige bedrijfsleider, de jongste van vier kinderen, die het werk van zijn vader voortzet en grote <\/span><span class=\"s2\">ambities<\/span><span class=\"s1\"> koestert in Belgi\u00eb.<span class=\"Apple-converted-space\">\u00a0<\/span><\/span><\/strong><\/p>\n<p class=\"p1\">Dezelfde initialen, dezelfde achternaam en toch zo verschillend. Alain Afflelou heeft de ogen (en oren) van miljoenen Fransen veroverd door zich als het ware in hun huiskamers te begeven. Door zijn reclamecampagnes op zijn persoonlijkheid te richten, is de gelijknamige oprichter van de brillen- en hoortoestellenketen een ster op het kleine scherm geworden en een van de meest geliefde bedrijfsleiders van Frankrijk. Met zijn zachte blik en zelfverzekerde gebaren heeft zoon Anthony Afflelou zich niet op televisie geprofileerd, maar wel het roer van het familiebedrijf overgenomen. En de dertiger koestert dezelfde ambities als zijn vader.<span class=\"Apple-converted-space\">\u00a0<\/span><\/p>\n<blockquote>\n<p class=\"p2\"><i>\u201cHet investeringsfonds <\/i><span class=\"s1\"><i>Lion Capital<\/i><\/span><i> vroeg mij om de <\/i><span class=\"s1\"><i>leiding<\/i><\/span><i> van het bedrijf op mij te nemen\u201d<span class=\"Apple-converted-space\">\u00a0<\/span><\/i><\/p>\n<\/blockquote>\n<p class=\"p1\">Kwatongen zullen beweren dat de nieuwe baas het bedrijf heeft ge\u00ebrfd, maar dat klopt niet, of toch niet helemaal&#8230; \u201c<i>Na mijn studie bedrijfskunde in Bordeaux begon ik mijn carri\u00e8re bij een firma die internetreclame verkocht in Londen, toen mijn vader me voorstelde om bij de groep te komen werken<\/i>\u201d, legt hij uit. Dat was ongeveer tien jaar geleden. \u201c<i>Ik ben begonnen in een winkel in Madrid<\/i>.\u201d De vierde zoon van Alain trad vervolgens toe tot het team voor internationale ontwikkeling in Gen\u00e8ve. Zijn eerste leidinggevende ervaring deed hij op toen hij verantwoordelijk werd voor de digitale transformatie. Marketing en communicatie volgden. Hij onderscheidde zich door de covidcrisis te zien als een kans voor de groep en tal van innovatieve diensten te lanceren, zoals online afspraken, een parkeerservice, mobiele vrachtwagens, telegeneeskunde enzovoort. In 2022 waren er al vier CEO\u2019s de revue gepasseerd na het vertrek van Alain Afflelou. \u201c<i>Toen vroeg het investeringsfonds Lion Capital mij om de leiding van het bedrijf op mij te nemen<\/i>.\u201d Lion Capital, een Brits fonds met merken als Jimmy Choo en Kettle Food in zijn portefeuille, nam in 2012 een belang in Afflelou en bezit vandaag 71% van het kapitaal, terwijl de familie Afflelou de rest in handen heeft.<span class=\"Apple-converted-space\">\u00a0<\/span><\/p>\n<h2 class=\"p2\">Een podiumplaats voor Belgi\u00eb<span class=\"Apple-converted-space\">\u00a0<\/span><\/h2>\n<p class=\"p1\">De groep telt bijna 1.500 winkels, verspreid over 19 landen. \u201c<i>90% daarvan zijn franchisenemers. Onze belangrijkste markt is Frankrijk, gevolgd door Spanje. In 2024 <\/i>(boekjaar afgesloten in juli, red.) <i>hebben we een omzet van 922 miljoen euro gerealiseerd, een stijging van meer dan 5%<\/i>\u201d, aldus Anthony Afflelou. De operationele winst bedraagt 120 miljoen euro. \u201c<i>We winnen marktaandeel in alle landen waar we aanwezig zijn. En Belgi\u00eb blijft niet achter: het is onze derde markt en we hebben er een omzetgroei van 11%. In Belgi\u00eb zijn al onze winkels franchisenemers, verdeeld over 67 verkooppunten, waarvan 55 in Walloni\u00eb, 8 in Brussel en 4 in Vlaanderen. We hebben dus een groot groeipotentieel in Vlaanderen en daar gaan we ons de komende jaren verder ontwikkelen. We willen minstens 5 winkels per jaar openen<\/i>.\u201d<span class=\"Apple-converted-space\">\u00a0<\/span><\/p>\n<p class=\"p2\"><span class=\"s2\">Afflelou profileert zich als een \u201c<i>betaalbare premiumdistributeur<\/i>\u201d en onderscheidt zich op de markt doordat het ook producten van eigen merk aanbiedt \u2013 \u201c<i>het is het bestverkochte merk in onze winkels<\/i>\u201d \u2013 en vooral door zijn sterke marketingconcepten, zoals de \u201c<i>tchin-tchin-aanbieding<\/i>\u201d (bij aankoop van een bril krijgen klanten er een exemplaar bij voor \u00e9\u00e9n euro). \u201c<i>De meeste van onze concurrenten hebben vergelijkbare aanbiedingen, maar niemand weet dat<\/i>\u201d, glimlacht Anthony. \u201c<i>Met tchin-tchin hebben we echt het verschil gemaakt. En we blijven innoveren, bijvoorbeeld met het Magic-concept, dat mijn broer Lionel als hoofd van de afdeling innovatie heeft ontwikkeld.<\/i>\u201d De nieuwigheid komt in de vorm van een clip die je op een bril kan bevestigen. \u201c<i>Die clips kunnen gebruikt worden als bescherming tegen de zon en beeldschermen, om te sporten of gewoon voor de look. We hebben volledig onzichtbare magneten in de monturen ge\u00efntegreerd waarop je de clip heel makkelijk kunt aanbrengen. Zo maak je in \u00e9\u00e9n seconde een zonnebril van je gewone bril<\/i>.\u201d<span class=\"Apple-converted-space\">\u00a0<\/span><\/span><\/p>\n<h2 class=\"p2\">Migrantenzoon<span class=\"Apple-converted-space\">\u00a0<\/span><\/h2>\n<p class=\"p1\">Afflelou zet ook zijn doorbraak in de audiologie voort. \u201c<i>Dat is een zeer belangrijk segment voor ons. We ontwikkelen steeds meer winkels die beide diensten aanbieden. We hebben trouwens ons aantal verkooppunten uitgebreid tot 584 op 31 juli 2024, tegenover 510 een jaar eerder. Die groei werd voornamelijk gerealiseerd door de toevoeging van corners binnen de optiekwinkels<\/i>.\u201d<\/p>\n<figure id=\"attachment_10698\" aria-describedby=\"caption-attachment-10698\" style=\"width: 1708px\" class=\"wp-caption alignnone\"><img loading=\"lazy\" decoding=\"async\" class=\"wp-image-10698 size-full\" src=\"https:\/\/www.forbes.be\/nl\/wp-content\/uploads\/2025\/07\/anthony-afflelou-scaled.jpg\" alt=\"\" width=\"1708\" height=\"2560\" srcset=\"https:\/\/www.forbes.be\/nl\/wp-content\/uploads\/2025\/07\/anthony-afflelou-scaled.jpg 1708w, https:\/\/www.forbes.be\/nl\/wp-content\/uploads\/2025\/07\/anthony-afflelou-200x300.jpg 200w, https:\/\/www.forbes.be\/nl\/wp-content\/uploads\/2025\/07\/anthony-afflelou-683x1024.jpg 683w, https:\/\/www.forbes.be\/nl\/wp-content\/uploads\/2025\/07\/anthony-afflelou-768x1151.jpg 768w, https:\/\/www.forbes.be\/nl\/wp-content\/uploads\/2025\/07\/anthony-afflelou-1025x1536.jpg 1025w, https:\/\/www.forbes.be\/nl\/wp-content\/uploads\/2025\/07\/anthony-afflelou-1366x2048.jpg 1366w, https:\/\/www.forbes.be\/nl\/wp-content\/uploads\/2025\/07\/anthony-afflelou-696x1043.jpg 696w, https:\/\/www.forbes.be\/nl\/wp-content\/uploads\/2025\/07\/anthony-afflelou-1068x1601.jpg 1068w, https:\/\/www.forbes.be\/nl\/wp-content\/uploads\/2025\/07\/anthony-afflelou-1920x2879.jpg 1920w, https:\/\/www.forbes.be\/nl\/wp-content\/uploads\/2025\/07\/anthony-afflelou-600x900.jpg 600w\" sizes=\"auto, (max-width: 1708px) 100vw, 1708px\" \/><figcaption id=\"caption-attachment-10698\" class=\"wp-caption-text\">Anthony-Afflelou &#8211; \u00a9 Afflelou<\/figcaption><\/figure>\n<p class=\"p2\"><span class=\"s3\">De jongste van de gebroeders Afflelou is discreet en methodisch en vindt ontspanning door Chopin-melodie\u00ebn op de piano te spelen, een passie die hij misschien van zijn moeder heeft ge\u00ebrfd. \u201c<i>Ik ben een zoon van immigranten<\/i>\u201d, vertelt Anthony. \u201c<i>Mijn vader verliet zijn geboorteland Algerije <\/i>(toen nog Frans, red.)<i> in 1962 tijdens de onafhankelijkheid om naar Bordeaux te gaan en opende daar in 1972, op 24-jarige leeftijd, met zijn diploma optometrist op zak, zijn eerste brillenwinkel. Mijn moeder <\/i>(Alexandra Lorska, red.) <i>was prima ballerina bij het ballet van Warschau. Tijdens een optreden in Frankrijk greep ze haar kans om het communisme te ontvluchten<\/i>.\u201d Een vlucht die resulteerde in het tweede huwelijk van Alain Afflelou, een vierde zoon &#8211; de eerste drie zijn geboren uit een eerste huwelijk &#8211; en drie decennia later een opvolger met dezelfde initialen voor de beroemde brillenverkoper.<span class=\"Apple-converted-space\">\u00a0<\/span><\/span><\/p>\n","protected":false},"excerpt":{"rendered":"<p>In 2022 nam Anthony Afflelou de leiding over van de distributeur van brillen en gehoorapparaten, die meer dan een halve eeuw geleden door zijn vader werd opgericht. Een ontmoeting met deze dertigjarige bedrijfsleider, de jongste van vier kinderen, die het werk van zijn vader voortzet en grote ambities koestert in Belgi\u00eb.\u00a0 Dezelfde initialen, dezelfde achternaam [&hellip;]<\/p>\n","protected":false},"author":6,"featured_media":10699,"comment_status":"closed","ping_status":"closed","sticky":false,"template":"","format":"standard","meta":{"_acf_changed":false,"inline_featured_image":false,"footnotes":""},"categories":[31],"tags":[],"class_list":{"0":"post-10697","1":"post","2":"type-post","3":"status-publish","4":"format-standard","5":"has-post-thumbnail","7":"category-ondernemers"},"acf":[],"auteur_traducteur":"","yoast_head":"<!-- This site is optimized with the Yoast SEO plugin v27.4 - https:\/\/yoast.com\/product\/yoast-seo-wordpress\/ -->\n<title>Alain Afflelou: De vierde zoon | Forbes Belgi\u00eb<\/title>\n<meta name=\"description\" content=\"Anthony Afflelou, jongste zoon van Alain, leidt sinds 2022 de Afflelou-groep en zet in op Belgi\u00eb, zijn derde markt, om de groei te versnellen.\" \/>\n<meta name=\"robots\" content=\"index, follow, max-snippet:-1, max-image-preview:large, max-video-preview:-1\" \/>\n<link rel=\"canonical\" href=\"https:\/\/www.forbes.be\/nl\/alain-afflelou-de-vierde-zoon\/\" \/>\n<meta property=\"og:locale\" content=\"nl_BE\" \/>\n<meta property=\"og:type\" content=\"article\" \/>\n<meta property=\"og:title\" content=\"Alain Afflelou: De vierde zoon | Forbes Belgi\u00eb\" \/>\n<meta property=\"og:description\" content=\"Anthony Afflelou, jongste zoon van Alain, leidt sinds 2022 de Afflelou-groep en zet in op Belgi\u00eb, zijn derde markt, om de groei te versnellen.\" \/>\n<meta property=\"og:url\" content=\"https:\/\/www.forbes.be\/nl\/alain-afflelou-de-vierde-zoon\/\" \/>\n<meta property=\"og:site_name\" content=\"Forbes Belgi\u00eb\" \/>\n<meta property=\"article:publisher\" content=\"https:\/\/www.facebook.com\/forbesbelgie\" \/>\n<meta property=\"article:published_time\" content=\"2025-09-27T05:08:48+00:00\" \/>\n<meta property=\"og:image\" content=\"https:\/\/www.forbes.be\/nl\/wp-content\/uploads\/2025\/07\/img-4338-scaled.jpg\" \/>\n\t<meta property=\"og:image:width\" content=\"2560\" \/>\n\t<meta property=\"og:image:height\" content=\"1340\" \/>\n\t<meta property=\"og:image:type\" content=\"image\/jpeg\" \/>\n<meta name=\"author\" content=\"Joan Condijts\" \/>\n<meta name=\"twitter:card\" content=\"summary_large_image\" \/>\n<meta name=\"twitter:label1\" content=\"Geschreven door\" \/>\n\t<meta name=\"twitter:data1\" content=\"Joan Condijts\" \/>\n\t<meta name=\"twitter:label2\" content=\"Geschatte leestijd\" \/>\n\t<meta name=\"twitter:data2\" content=\"5 minuten\" \/>\n<script type=\"application\/ld+json\" class=\"yoast-schema-graph\">{\"@context\":\"https:\\\/\\\/schema.org\",\"@graph\":[{\"@type\":\"NewsArticle\",\"@id\":\"https:\\\/\\\/www.forbes.be\\\/nl\\\/alain-afflelou-de-vierde-zoon\\\/#article\",\"isPartOf\":{\"@id\":\"https:\\\/\\\/www.forbes.be\\\/nl\\\/alain-afflelou-de-vierde-zoon\\\/\"},\"author\":{\"name\":\"Joan Condijts\",\"@id\":\"https:\\\/\\\/www.forbes.be\\\/nl\\\/#\\\/schema\\\/person\\\/9fff904a0171021be7628d5979f51a92\"},\"headline\":\"Alain Afflelou: De vierde zoon\",\"datePublished\":\"2025-09-27T05:08:48+00:00\",\"mainEntityOfPage\":{\"@id\":\"https:\\\/\\\/www.forbes.be\\\/nl\\\/alain-afflelou-de-vierde-zoon\\\/\"},\"wordCount\":855,\"publisher\":{\"@id\":\"https:\\\/\\\/www.forbes.be\\\/nl\\\/#organization\"},\"image\":{\"@id\":\"https:\\\/\\\/www.forbes.be\\\/nl\\\/alain-afflelou-de-vierde-zoon\\\/#primaryimage\"},\"thumbnailUrl\":\"https:\\\/\\\/www.forbes.be\\\/nl\\\/wp-content\\\/uploads\\\/2025\\\/07\\\/img-4338-scaled.jpg\",\"articleSection\":[\"Ondernemers\"],\"inLanguage\":\"nl-BE\"},{\"@type\":\"WebPage\",\"@id\":\"https:\\\/\\\/www.forbes.be\\\/nl\\\/alain-afflelou-de-vierde-zoon\\\/\",\"url\":\"https:\\\/\\\/www.forbes.be\\\/nl\\\/alain-afflelou-de-vierde-zoon\\\/\",\"name\":\"Alain Afflelou: De vierde zoon | Forbes Belgi\u00eb\",\"isPartOf\":{\"@id\":\"https:\\\/\\\/www.forbes.be\\\/nl\\\/#website\"},\"primaryImageOfPage\":{\"@id\":\"https:\\\/\\\/www.forbes.be\\\/nl\\\/alain-afflelou-de-vierde-zoon\\\/#primaryimage\"},\"image\":{\"@id\":\"https:\\\/\\\/www.forbes.be\\\/nl\\\/alain-afflelou-de-vierde-zoon\\\/#primaryimage\"},\"thumbnailUrl\":\"https:\\\/\\\/www.forbes.be\\\/nl\\\/wp-content\\\/uploads\\\/2025\\\/07\\\/img-4338-scaled.jpg\",\"datePublished\":\"2025-09-27T05:08:48+00:00\",\"description\":\"Anthony Afflelou, jongste zoon van Alain, leidt sinds 2022 de Afflelou-groep en zet in op Belgi\u00eb, zijn derde markt, om de groei te versnellen.\",\"breadcrumb\":{\"@id\":\"https:\\\/\\\/www.forbes.be\\\/nl\\\/alain-afflelou-de-vierde-zoon\\\/#breadcrumb\"},\"inLanguage\":\"nl-BE\",\"potentialAction\":[{\"@type\":\"ReadAction\",\"target\":[\"https:\\\/\\\/www.forbes.be\\\/nl\\\/alain-afflelou-de-vierde-zoon\\\/\"]}]},{\"@type\":\"ImageObject\",\"inLanguage\":\"nl-BE\",\"@id\":\"https:\\\/\\\/www.forbes.be\\\/nl\\\/alain-afflelou-de-vierde-zoon\\\/#primaryimage\",\"url\":\"https:\\\/\\\/www.forbes.be\\\/nl\\\/wp-content\\\/uploads\\\/2025\\\/07\\\/img-4338-scaled.jpg\",\"contentUrl\":\"https:\\\/\\\/www.forbes.be\\\/nl\\\/wp-content\\\/uploads\\\/2025\\\/07\\\/img-4338-scaled.jpg\",\"width\":2560,\"height\":1340,\"caption\":\"\u00a9 Afflelou\"},{\"@type\":\"BreadcrumbList\",\"@id\":\"https:\\\/\\\/www.forbes.be\\\/nl\\\/alain-afflelou-de-vierde-zoon\\\/#breadcrumb\",\"itemListElement\":[{\"@type\":\"ListItem\",\"position\":1,\"name\":\"Accueil\",\"item\":\"https:\\\/\\\/www.forbes.be\\\/nl\\\/\"},{\"@type\":\"ListItem\",\"position\":2,\"name\":\"Alain Afflelou: De vierde zoon\"}]},{\"@type\":\"WebSite\",\"@id\":\"https:\\\/\\\/www.forbes.be\\\/nl\\\/#website\",\"url\":\"https:\\\/\\\/www.forbes.be\\\/nl\\\/\",\"name\":\"Forbes Belgi\u00eb\",\"description\":\"\",\"publisher\":{\"@id\":\"https:\\\/\\\/www.forbes.be\\\/nl\\\/#organization\"},\"potentialAction\":[{\"@type\":\"SearchAction\",\"target\":{\"@type\":\"EntryPoint\",\"urlTemplate\":\"https:\\\/\\\/www.forbes.be\\\/nl\\\/?s={search_term_string}\"},\"query-input\":{\"@type\":\"PropertyValueSpecification\",\"valueRequired\":true,\"valueName\":\"search_term_string\"}}],\"inLanguage\":\"nl-BE\"},{\"@type\":\"Organization\",\"@id\":\"https:\\\/\\\/www.forbes.be\\\/nl\\\/#organization\",\"name\":\"Forbes Belgi\u00eb\",\"url\":\"https:\\\/\\\/www.forbes.be\\\/nl\\\/\",\"logo\":{\"@type\":\"ImageObject\",\"inLanguage\":\"nl-BE\",\"@id\":\"https:\\\/\\\/www.forbes.be\\\/nl\\\/#\\\/schema\\\/logo\\\/image\\\/\",\"url\":\"https:\\\/\\\/www.forbes.be\\\/nl\\\/wp-content\\\/uploads\\\/2024\\\/02\\\/forbes.be_.png\",\"contentUrl\":\"https:\\\/\\\/www.forbes.be\\\/nl\\\/wp-content\\\/uploads\\\/2024\\\/02\\\/forbes.be_.png\",\"width\":1200,\"height\":675,\"caption\":\"Forbes Belgi\u00eb\"},\"image\":{\"@id\":\"https:\\\/\\\/www.forbes.be\\\/nl\\\/#\\\/schema\\\/logo\\\/image\\\/\"},\"sameAs\":[\"https:\\\/\\\/www.facebook.com\\\/forbesbelgie\",\"https:\\\/\\\/www.instagram.com\\\/Forbes_Belgium\",\"https:\\\/\\\/www.linkedin.com\\\/company\\\/forbes-belgium\\\/\"]},{\"@type\":\"Person\",\"@id\":\"https:\\\/\\\/www.forbes.be\\\/nl\\\/#\\\/schema\\\/person\\\/9fff904a0171021be7628d5979f51a92\",\"name\":\"Joan Condijts\",\"image\":{\"@type\":\"ImageObject\",\"inLanguage\":\"nl-BE\",\"@id\":\"https:\\\/\\\/www.forbes.be\\\/nl\\\/wp-content\\\/uploads\\\/2024\\\/01\\\/50-150x150.jpg\",\"url\":\"https:\\\/\\\/www.forbes.be\\\/nl\\\/wp-content\\\/uploads\\\/2024\\\/01\\\/50-150x150.jpg\",\"contentUrl\":\"https:\\\/\\\/www.forbes.be\\\/nl\\\/wp-content\\\/uploads\\\/2024\\\/01\\\/50-150x150.jpg\",\"caption\":\"Joan Condijts\"},\"url\":\"https:\\\/\\\/www.forbes.be\\\/nl\\\/author\\\/jcoforbes-be\\\/\"}]}<\/script>\n<!-- \/ Yoast SEO plugin. -->","yoast_head_json":{"title":"Alain Afflelou: De vierde zoon | Forbes Belgi\u00eb","description":"Anthony Afflelou, jongste zoon van Alain, leidt sinds 2022 de Afflelou-groep en zet in op Belgi\u00eb, zijn derde markt, om de groei te versnellen.","robots":{"index":"index","follow":"follow","max-snippet":"max-snippet:-1","max-image-preview":"max-image-preview:large","max-video-preview":"max-video-preview:-1"},"canonical":"https:\/\/www.forbes.be\/nl\/alain-afflelou-de-vierde-zoon\/","og_locale":"nl_BE","og_type":"article","og_title":"Alain Afflelou: De vierde zoon | Forbes Belgi\u00eb","og_description":"Anthony Afflelou, jongste zoon van Alain, leidt sinds 2022 de Afflelou-groep en zet in op Belgi\u00eb, zijn derde markt, om de groei te versnellen.","og_url":"https:\/\/www.forbes.be\/nl\/alain-afflelou-de-vierde-zoon\/","og_site_name":"Forbes Belgi\u00eb","article_publisher":"https:\/\/www.facebook.com\/forbesbelgie","article_published_time":"2025-09-27T05:08:48+00:00","og_image":[{"width":2560,"height":1340,"url":"https:\/\/www.forbes.be\/nl\/wp-content\/uploads\/2025\/07\/img-4338-scaled.jpg","type":"image\/jpeg"}],"author":"Joan Condijts","twitter_card":"summary_large_image","twitter_misc":{"Geschreven door":"Joan Condijts","Geschatte leestijd":"5 minuten"},"schema":{"@context":"https:\/\/schema.org","@graph":[{"@type":"NewsArticle","@id":"https:\/\/www.forbes.be\/nl\/alain-afflelou-de-vierde-zoon\/#article","isPartOf":{"@id":"https:\/\/www.forbes.be\/nl\/alain-afflelou-de-vierde-zoon\/"},"author":{"name":"Joan Condijts","@id":"https:\/\/www.forbes.be\/nl\/#\/schema\/person\/9fff904a0171021be7628d5979f51a92"},"headline":"Alain Afflelou: De vierde zoon","datePublished":"2025-09-27T05:08:48+00:00","mainEntityOfPage":{"@id":"https:\/\/www.forbes.be\/nl\/alain-afflelou-de-vierde-zoon\/"},"wordCount":855,"publisher":{"@id":"https:\/\/www.forbes.be\/nl\/#organization"},"image":{"@id":"https:\/\/www.forbes.be\/nl\/alain-afflelou-de-vierde-zoon\/#primaryimage"},"thumbnailUrl":"https:\/\/www.forbes.be\/nl\/wp-content\/uploads\/2025\/07\/img-4338-scaled.jpg","articleSection":["Ondernemers"],"inLanguage":"nl-BE"},{"@type":"WebPage","@id":"https:\/\/www.forbes.be\/nl\/alain-afflelou-de-vierde-zoon\/","url":"https:\/\/www.forbes.be\/nl\/alain-afflelou-de-vierde-zoon\/","name":"Alain Afflelou: De vierde zoon | Forbes Belgi\u00eb","isPartOf":{"@id":"https:\/\/www.forbes.be\/nl\/#website"},"primaryImageOfPage":{"@id":"https:\/\/www.forbes.be\/nl\/alain-afflelou-de-vierde-zoon\/#primaryimage"},"image":{"@id":"https:\/\/www.forbes.be\/nl\/alain-afflelou-de-vierde-zoon\/#primaryimage"},"thumbnailUrl":"https:\/\/www.forbes.be\/nl\/wp-content\/uploads\/2025\/07\/img-4338-scaled.jpg","datePublished":"2025-09-27T05:08:48+00:00","description":"Anthony Afflelou, jongste zoon van Alain, leidt sinds 2022 de Afflelou-groep en zet in op Belgi\u00eb, zijn derde markt, om de groei te versnellen.","breadcrumb":{"@id":"https:\/\/www.forbes.be\/nl\/alain-afflelou-de-vierde-zoon\/#breadcrumb"},"inLanguage":"nl-BE","potentialAction":[{"@type":"ReadAction","target":["https:\/\/www.forbes.be\/nl\/alain-afflelou-de-vierde-zoon\/"]}]},{"@type":"ImageObject","inLanguage":"nl-BE","@id":"https:\/\/www.forbes.be\/nl\/alain-afflelou-de-vierde-zoon\/#primaryimage","url":"https:\/\/www.forbes.be\/nl\/wp-content\/uploads\/2025\/07\/img-4338-scaled.jpg","contentUrl":"https:\/\/www.forbes.be\/nl\/wp-content\/uploads\/2025\/07\/img-4338-scaled.jpg","width":2560,"height":1340,"caption":"\u00a9 Afflelou"},{"@type":"BreadcrumbList","@id":"https:\/\/www.forbes.be\/nl\/alain-afflelou-de-vierde-zoon\/#breadcrumb","itemListElement":[{"@type":"ListItem","position":1,"name":"Accueil","item":"https:\/\/www.forbes.be\/nl\/"},{"@type":"ListItem","position":2,"name":"Alain Afflelou: De vierde zoon"}]},{"@type":"WebSite","@id":"https:\/\/www.forbes.be\/nl\/#website","url":"https:\/\/www.forbes.be\/nl\/","name":"Forbes Belgi\u00eb","description":"","publisher":{"@id":"https:\/\/www.forbes.be\/nl\/#organization"},"potentialAction":[{"@type":"SearchAction","target":{"@type":"EntryPoint","urlTemplate":"https:\/\/www.forbes.be\/nl\/?s={search_term_string}"},"query-input":{"@type":"PropertyValueSpecification","valueRequired":true,"valueName":"search_term_string"}}],"inLanguage":"nl-BE"},{"@type":"Organization","@id":"https:\/\/www.forbes.be\/nl\/#organization","name":"Forbes Belgi\u00eb","url":"https:\/\/www.forbes.be\/nl\/","logo":{"@type":"ImageObject","inLanguage":"nl-BE","@id":"https:\/\/www.forbes.be\/nl\/#\/schema\/logo\/image\/","url":"https:\/\/www.forbes.be\/nl\/wp-content\/uploads\/2024\/02\/forbes.be_.png","contentUrl":"https:\/\/www.forbes.be\/nl\/wp-content\/uploads\/2024\/02\/forbes.be_.png","width":1200,"height":675,"caption":"Forbes Belgi\u00eb"},"image":{"@id":"https:\/\/www.forbes.be\/nl\/#\/schema\/logo\/image\/"},"sameAs":["https:\/\/www.facebook.com\/forbesbelgie","https:\/\/www.instagram.com\/Forbes_Belgium","https:\/\/www.linkedin.com\/company\/forbes-belgium\/"]},{"@type":"Person","@id":"https:\/\/www.forbes.be\/nl\/#\/schema\/person\/9fff904a0171021be7628d5979f51a92","name":"Joan Condijts","image":{"@type":"ImageObject","inLanguage":"nl-BE","@id":"https:\/\/www.forbes.be\/nl\/wp-content\/uploads\/2024\/01\/50-150x150.jpg","url":"https:\/\/www.forbes.be\/nl\/wp-content\/uploads\/2024\/01\/50-150x150.jpg","contentUrl":"https:\/\/www.forbes.be\/nl\/wp-content\/uploads\/2024\/01\/50-150x150.jpg","caption":"Joan Condijts"},"url":"https:\/\/www.forbes.be\/nl\/author\/jcoforbes-be\/"}]}},"_links":{"self":[{"href":"https:\/\/www.forbes.be\/nl\/wp-json\/wp\/v2\/posts\/10697","targetHints":{"allow":["GET"]}}],"collection":[{"href":"https:\/\/www.forbes.be\/nl\/wp-json\/wp\/v2\/posts"}],"about":[{"href":"https:\/\/www.forbes.be\/nl\/wp-json\/wp\/v2\/types\/post"}],"author":[{"embeddable":true,"href":"https:\/\/www.forbes.be\/nl\/wp-json\/wp\/v2\/users\/6"}],"replies":[{"embeddable":true,"href":"https:\/\/www.forbes.be\/nl\/wp-json\/wp\/v2\/comments?post=10697"}],"version-history":[{"count":2,"href":"https:\/\/www.forbes.be\/nl\/wp-json\/wp\/v2\/posts\/10697\/revisions"}],"predecessor-version":[{"id":10701,"href":"https:\/\/www.forbes.be\/nl\/wp-json\/wp\/v2\/posts\/10697\/revisions\/10701"}],"wp:featuredmedia":[{"embeddable":true,"href":"https:\/\/www.forbes.be\/nl\/wp-json\/wp\/v2\/media\/10699"}],"wp:attachment":[{"href":"https:\/\/www.forbes.be\/nl\/wp-json\/wp\/v2\/media?parent=10697"}],"wp:term":[{"taxonomy":"category","embeddable":true,"href":"https:\/\/www.forbes.be\/nl\/wp-json\/wp\/v2\/categories?post=10697"},{"taxonomy":"post_tag","embeddable":true,"href":"https:\/\/www.forbes.be\/nl\/wp-json\/wp\/v2\/tags?post=10697"}],"curies":[{"name":"wp","href":"https:\/\/api.w.org\/{rel}","templated":true}]}}