{"id":10725,"date":"2025-11-15T07:19:25","date_gmt":"2025-11-15T06:19:25","guid":{"rendered":"https:\/\/www.forbes.be\/nl\/?p=10725"},"modified":"2025-11-14T15:22:47","modified_gmt":"2025-11-14T14:22:47","slug":"audrey-joris-herdefinieert-de-retail","status":"publish","type":"post","link":"https:\/\/www.forbes.be\/nl\/audrey-joris-herdefinieert-de-retail\/","title":{"rendered":"Audrey joris herdefinieert de retail"},"content":{"rendered":"<p class=\"p1\"><strong><span class=\"s1\">Met <\/span><span class=\"s2\">AFC Collection <\/span><span class=\"s1\">maakt Audrey Joris <\/span><span class=\"s2\">luxemeubels<\/span><span class=\"s1\"> toegankelijker. Door leasing, een digitale klantbeleving en flexibele distributiemodellen slim te combineren, herschrijft ze de regels van de <\/span><span class=\"s2\">retail<\/span><span class=\"s1\">. Ze veroverde de eerste plaats in de Forbes <\/span><span class=\"s2\">30 Under 30<\/span><span class=\"s1\"> Europe-lijst (categorie Retail &amp; E-commerce) en blikt terug op een traject dat begon met een op maat gemaakte jas maar uitgroeide tot een bedrijf op het snijvlak van design, leasing en technologie. <span class=\"Apple-converted-space\">\u00a0<\/span><\/span><\/strong><\/p>\n<p class=\"p1\"><strong><span class=\"s1\">Forbes Belgium &#8211; Je ondernemersverhaal begon met een jas<span class=\"Apple-converted-space\">\u00a0<\/span><\/span><span class=\"s1\">in Shanghai. Hoe ging het verder? <span class=\"Apple-converted-space\">\u00a0<\/span><\/span><\/strong><\/p>\n<p class=\"p1\"><span class=\"s1\"><strong>Audrey Joris &#8211;<\/strong> Ik studeerde toen financi\u00ebn aan de KU Leuven en volgde zomerschool in Seoel. Zo kwam het dat ik mijn vriendin Alicia Meus ging opzoeken, die in Shanghai woonde. Ik zag daar een stuk stof en werd er op slag verliefd op. Daarom vroeg ik een lokale ambachtsman om er een jas van te maken. Een jaar later, terug in Belgi\u00eb, complimenteerde een verkoopster me met mijn mooie jas. Niet lang daarna nam de inkoper van de boetiek contact met me op: of ik dertig van die jassen kon leveren tegen Kerstmis. Het was al november. Ik belde mijn vriendin meteen op en samen hebben we in sneltempo een bedrijfje opgezet. We hadden slechts twee maanden tijd. Maar het lukte. En AliciaAudrey was geboren. Later, tijdens mijn Master, deelde ik een flat met Augustin Bown, die later mijn partner zou worden. We wilden ons appartement inrichten met stijlvolle maar betaalbare meubels, maar het aanbod viel tegen: ofwel was het goedkoop en van bedenkelijke kwaliteit, ofwel waren het prachtstukken maar wel veel te duur. Daarom concentreerden we ons op de tweedehandsmarkt, die beter aansloot bij onze smaak \u00e9n duurzaamheidsprincipes. Om onze eigen aankopen te bekostigen, organiseerden we diners waarbij gasten de meubels die er stonden, konden kopen. Die avonden sloegen aan en al snel besloten we het serieuzer aan te pakken. We lanceerden een Instagram-account voor de doorverkoop. Dat was het begin van AFC Collection zoals het vandaag bestaat. <span class=\"Apple-converted-space\">\u00a0<\/span><\/span><\/p>\n<p class=\"p2\"><strong><span class=\"s1\">&#8211; Hoe ging het daarna verder met AFC? <span class=\"Apple-converted-space\">\u00a0<\/span><\/span><\/strong><\/p>\n<p class=\"p1\"><span class=\"s1\"><strong>&#8211;<\/strong> Al snel beseften we dat ons oorspronkelijke model niet schaalbaar was. Daarom pasten we een beproefd systeem aan: leasing. Net als bij een auto kunnen klanten hun interieur van topniveau samenstellen en gespreid betalen over meerdere jaren. Met ons \u2018<i>lease-to-own<\/i>\u2019-aanbod krijg je toegang tot uitzonderlijke meubelstukken zonder dat je meteen alles hoeft te betalen. We hebben niets nieuws uitgevonden, maar het principe op een eenvoudige, transparante en toegankelijke manier vertaald naar de designwereld. Die ommezwaai heeft onze groei in een stroomversnelling gebracht.<span class=\"Apple-converted-space\">\u00a0<\/span><\/span><\/p>\n<p class=\"p1\"><strong><span class=\"s2\">&#8211; Hoe be\u00efnvloedt jullie aanpak de klantbeleving? <span class=\"Apple-converted-space\">\u00a0<\/span><\/span><\/strong><\/p>\n<p class=\"p1\"><span class=\"s2\"><strong>&#8211;<\/strong> Onze showrooms in Brussel en Knokke zijn hybride belevingsruimtes, waar fysiek en digitaal samenkomen. Klanten kunnen materialen voelen en de ruimte virtueel ervaren en verkennen via touchscreens, moodboards, immersieve brillen en VR-technologie. Zo visualiseren ze hun interieur nog v\u00f3\u00f3r de aankoop al in 3D. Dit model maakt opslagplaats en een showroom zo goed als overbodig, het geeft ons meer creatieve vrijheid \u00e9n maakt internationale uitbreiding mogelijk. Dat is onze ambitie. Net die synergie van menselijk contact, digitale tools en design maakt ons uniek.<span class=\"Apple-converted-space\">\u00a0<\/span><\/span><\/p>\n<p class=\"mceTemp\">\n<figure id=\"attachment_10728\" aria-describedby=\"caption-attachment-10728\" style=\"width: 1707px\" class=\"wp-caption alignnone\"><img loading=\"lazy\" decoding=\"async\" class=\"wp-image-10728 size-full\" src=\"https:\/\/www.forbes.be\/nl\/wp-content\/uploads\/2025\/07\/dsc9488-1-scaled.jpg\" alt=\"\u00a9 AFC Collection \" width=\"1707\" height=\"2560\" srcset=\"https:\/\/www.forbes.be\/nl\/wp-content\/uploads\/2025\/07\/dsc9488-1-scaled.jpg 1707w, https:\/\/www.forbes.be\/nl\/wp-content\/uploads\/2025\/07\/dsc9488-1-200x300.jpg 200w, https:\/\/www.forbes.be\/nl\/wp-content\/uploads\/2025\/07\/dsc9488-1-683x1024.jpg 683w, https:\/\/www.forbes.be\/nl\/wp-content\/uploads\/2025\/07\/dsc9488-1-768x1152.jpg 768w, https:\/\/www.forbes.be\/nl\/wp-content\/uploads\/2025\/07\/dsc9488-1-1024x1536.jpg 1024w, https:\/\/www.forbes.be\/nl\/wp-content\/uploads\/2025\/07\/dsc9488-1-1365x2048.jpg 1365w, https:\/\/www.forbes.be\/nl\/wp-content\/uploads\/2025\/07\/dsc9488-1-696x1044.jpg 696w, https:\/\/www.forbes.be\/nl\/wp-content\/uploads\/2025\/07\/dsc9488-1-1068x1602.jpg 1068w, https:\/\/www.forbes.be\/nl\/wp-content\/uploads\/2025\/07\/dsc9488-1-1920x2880.jpg 1920w, https:\/\/www.forbes.be\/nl\/wp-content\/uploads\/2025\/07\/dsc9488-1-600x900.jpg 600w\" sizes=\"auto, (max-width: 1707px) 100vw, 1707px\" \/><figcaption id=\"caption-attachment-10728\" class=\"wp-caption-text\">\u00a9 AFC Collection<\/figcaption><\/figure>\n<p class=\"p2\"><strong><span class=\"s2\">&#8211; Was de markt klaar voor dit model? <span class=\"Apple-converted-space\">\u00a0<\/span><\/span><\/strong><\/p>\n<p class=\"p1\"><span class=\"s2\"><strong>&#8211;<\/strong> In het begin zeker niet. Grote merken hielden vast aan hun traditionele netwerken en stonden huiverig tegenover samenwerking. We moesten aantonen dat we best veel investeerden, niet in fysieke stock, maar in technologie, 3D-modellering en IT-systemen. Onze bedoeling was niet om de klassieke retailers te beconcurreren, maar om een alternatief verkoopkanaal aan te bieden. Vandaag investeren klanten soms 30.000 tot 40.000 euro zonder de meubels ooit persoonlijk gezien te hebben. Zoiets was enkele jaren geleden nog ondenkbaar. De markt is ge\u00ebvolueerd, net als de gewoonten van mensen. En we zijn trots dat we daar actief aan hebben bijgedragen.<span class=\"Apple-converted-space\">\u00a0<\/span><\/span><\/p>\n<p class=\"p1\"><strong><span class=\"s2\">&#8211; Wat was je grootste uitdaging en welke fout maak<span class=\"Apple-converted-space\">\u00a0<\/span><\/span><span class=\"s2\">je geen tweede keer? <span class=\"Apple-converted-space\">\u00a0<\/span><\/span><\/strong><\/p>\n<p class=\"p2\"><span class=\"s2\"><strong>&#8211;<\/strong> Cashflow. Dat blijft een constante zorg. Als je als klein bedrijf snel groeit, kamp je onvermijdelijk met financi\u00eble druk. Omdat die evenredig stijgt met de omzet, is het lastig om rust in de cijfers te brengen. Het is een uitdaging die elke dag terugkomt. En als ik \u00e9\u00e9n fout niet meer zou maken, dan is het besparen op aanwervingen. Dat keert zich altijd tegen je. Je moet vanaf dag \u00e9\u00e9n investeren in de juiste mensen, ook als dat in het begin eng aanvoelt.<span class=\"Apple-converted-space\">\u00a0<\/span><\/span><\/p>\n<blockquote>\n<p class=\"p2\"><span class=\"s3\"><i>\u201cJe moet <\/i><\/span><span class=\"s4\"><i>vanaf dag \u00e9\u00e9n<\/i><\/span><span class=\"s3\"><i> investeren in de<\/i><\/span><span class=\"s4\"><i> juiste mensen<\/i><\/span><span class=\"s3\"><i>, ook als dat in het begin <\/i><\/span><span class=\"s4\"><i>eng<\/i><\/span><span class=\"s3\"><i> aanvoelt\u201d<span class=\"Apple-converted-space\">\u00a0<\/span><\/i><\/span><\/p>\n<\/blockquote>\n<p class=\"p1\"><strong><span class=\"s2\">&#8211; Hoe is het om samen te werken met mensen die <\/span><span class=\"s2\">dicht bij je staan? <span class=\"Apple-converted-space\">\u00a0<\/span><\/span><\/strong><\/p>\n<p class=\"p1\"><span class=\"s2\"><strong>&#8211;<\/strong> Dat is altijd vanzelf gegaan. Met Alicia en Augustin heb ik nooit spanningen gehad. Ik heb letterlijk nog nooit een <\/span><span class=\"s1\">conflict gehad met een van hen. Alles is altijd heel natuurlijk verlopen. Augustin en ik behoren tot dezelfde vriendengroep en dat werkt gewoon. Bij ons vervagen de grenzen tussen werk en priv\u00e9 soms: we praten op kantoor vaak over weekends en vakanties, ook waar het team bij is. Maar omdat we nog een klein team zijn, botst dat voorlopig nergens mee. We zijn gehecht aan een warme werkcultuur. Maar als het bedrijf groeit, zullen de onderlinge verhoudingen misschien wel mee-evolueren.<span class=\"Apple-converted-space\">\u00a0<\/span><\/span><\/p>\n<p class=\"mceTemp\">\n<figure id=\"attachment_10729\" aria-describedby=\"caption-attachment-10729\" style=\"width: 1707px\" class=\"wp-caption alignnone\"><img loading=\"lazy\" decoding=\"async\" class=\"wp-image-10729 size-full\" src=\"https:\/\/www.forbes.be\/nl\/wp-content\/uploads\/2025\/07\/dsc9622-scaled.jpg\" alt=\"\u00a9 AFC Collection \" width=\"1707\" height=\"2560\" srcset=\"https:\/\/www.forbes.be\/nl\/wp-content\/uploads\/2025\/07\/dsc9622-scaled.jpg 1707w, https:\/\/www.forbes.be\/nl\/wp-content\/uploads\/2025\/07\/dsc9622-200x300.jpg 200w, https:\/\/www.forbes.be\/nl\/wp-content\/uploads\/2025\/07\/dsc9622-683x1024.jpg 683w, https:\/\/www.forbes.be\/nl\/wp-content\/uploads\/2025\/07\/dsc9622-768x1152.jpg 768w, https:\/\/www.forbes.be\/nl\/wp-content\/uploads\/2025\/07\/dsc9622-1024x1536.jpg 1024w, https:\/\/www.forbes.be\/nl\/wp-content\/uploads\/2025\/07\/dsc9622-1365x2048.jpg 1365w, https:\/\/www.forbes.be\/nl\/wp-content\/uploads\/2025\/07\/dsc9622-696x1044.jpg 696w, https:\/\/www.forbes.be\/nl\/wp-content\/uploads\/2025\/07\/dsc9622-1068x1602.jpg 1068w, https:\/\/www.forbes.be\/nl\/wp-content\/uploads\/2025\/07\/dsc9622-1920x2880.jpg 1920w, https:\/\/www.forbes.be\/nl\/wp-content\/uploads\/2025\/07\/dsc9622-600x900.jpg 600w\" sizes=\"auto, (max-width: 1707px) 100vw, 1707px\" \/><figcaption id=\"caption-attachment-10729\" class=\"wp-caption-text\">\u00a9 AFC Collection<\/figcaption><\/figure>\n<p class=\"p2\"><strong><span class=\"s1\">&#8211; Jullie hebben ook zaken buiten jullie kernactiviteit <\/span><span class=\"s1\">uitgebouwd &#8230; <span class=\"Apple-converted-space\">\u00a0<\/span><\/span><\/strong><\/p>\n<p class=\"p1\"><span class=\"s1\"><strong>&#8211;<\/strong> Klopt. We kregen vragen over renovatie, keukens en badkamers. Niet onze corebusiness, maar het hielp ons wel om onze aanpak te finetunen. Zo ontstonden het \u2018<i>pink package<\/i>\u2019 \u2014 puur gericht op meubelverhuur \u2014 en het \u2018<i>green package<\/i>\u2019, dat een ruimer aanbod omvat. Die strategische splitsing geeft ons structuur en helpt om aan de vraag te voldoen en tegelijk trouw te blijven aan ons DNA.<span class=\"Apple-converted-space\">\u00a0<\/span><\/span><\/p>\n<p class=\"p2\"><strong><span class=\"s1\">&#8211; Waarom liet je AliciaAudrey los om je op AFC te <\/span><span class=\"s1\">concentreren? <span class=\"Apple-converted-space\">\u00a0<\/span><\/span><\/strong><\/p>\n<p class=\"p1\"><span class=\"s5\"><strong>&#8211;<\/strong> Ik hou van mode, maar ik wist altijd al dat het niet was waar ik echt van droomde. Ik ben het project wel strategisch blijven ondersteunen en zie Alicia nog elke maand, maar mijn hart lag elders. Ik ben daar altijd transparant over geweest. Het was een logische en natuurlijke beslissing.<span class=\"Apple-converted-space\">\u00a0<\/span><\/span><\/p>\n<p class=\"p2\"><strong><span class=\"s1\">&#8211; Wat staat er nog op de planning voor AFC Collection? <span class=\"Apple-converted-space\">\u00a0<\/span><\/span><\/strong><\/p>\n<p class=\"p1\"><span class=\"s1\"><strong>&#8211;<\/strong> We zitten nu in een fase van consolidatie. RMC Group is net ingestapt als investeerder. Dankzij hun portefeuille komen nu ook die merken aan boord die eerder twijfels hadden bij onze onconventionele aanpak. Onze catalogus zal dus sterk uitbreiden en voorlopig ligt de focus op het absorberen van die groei. Zodra dat rond is, gaan we kijken naar nieuwe showroomopeningen.<span class=\"Apple-converted-space\">\u00a0<\/span><\/span><\/p>\n<p class=\"p2\"><strong><span class=\"s1\">&#8211; Hoe kijk je terug op je carri\u00e8re? <span class=\"Apple-converted-space\">\u00a0<\/span><\/span><\/strong><\/p>\n<p class=\"p1\"><span class=\"s1\"><strong>&#8211;<\/strong> Ik ben dankbaar dat ik altijd omringd ben geweest door briljante mensen, in een familie waar ondernemerschap vanzelfsprekend was. Bij twijfel over een contract of zo, wist ik altijd wie ik kon bellen. Dat is een luxe. Als ik het verhaal zo vertel, lijkt het misschien allemaal rozengeur en maneschijn, maar er waren zware, stresserende periodes. Ik heb me al vaak afgevraagd waarom ik geen kalmere job heb gekozen, met vaste uren. Maar dit project stuwt me steeds vooruit: opbouwen en experimenteren, ook als het risico\u2019s inhoudt.<span class=\"Apple-converted-space\">\u00a0<\/span><\/span><\/p>\n","protected":false},"excerpt":{"rendered":"<p>Met AFC Collection maakt Audrey Joris luxemeubels toegankelijker. Door leasing, een digitale klantbeleving en flexibele distributiemodellen slim te combineren, herschrijft ze de regels van de retail. Ze veroverde de eerste plaats in de Forbes 30 Under 30 Europe-lijst (categorie Retail &amp; E-commerce) en blikt terug op een traject dat begon met een op maat gemaakte [&hellip;]<\/p>\n","protected":false},"author":42,"featured_media":10730,"comment_status":"closed","ping_status":"closed","sticky":false,"template":"","format":"standard","meta":{"_acf_changed":false,"inline_featured_image":false,"footnotes":""},"categories":[33,31],"tags":[],"class_list":{"0":"post-10725","1":"post","2":"type-post","3":"status-publish","4":"format-standard","5":"has-post-thumbnail","7":"category-forbes-vrouwen","8":"category-ondernemers"},"acf":[],"auteur_traducteur":"","yoast_head":"<!-- This site is optimized with the Yoast SEO plugin v27.4 - https:\/\/yoast.com\/product\/yoast-seo-wordpress\/ -->\n<title>Audrey joris herdefinieert de retail | Forbes Belgi\u00eb<\/title>\n<meta name=\"description\" content=\"AFC Collection heruitvindt toegang tot luxemeubels via leasing, digitalisering en design. Audrey Joris deelt haar parcours en internationale ambitie.\" \/>\n<meta name=\"robots\" content=\"index, follow, max-snippet:-1, max-image-preview:large, max-video-preview:-1\" \/>\n<link rel=\"canonical\" href=\"https:\/\/www.forbes.be\/nl\/audrey-joris-herdefinieert-de-retail\/\" \/>\n<meta property=\"og:locale\" content=\"nl_BE\" \/>\n<meta property=\"og:type\" content=\"article\" \/>\n<meta property=\"og:title\" content=\"Audrey joris herdefinieert de retail | Forbes Belgi\u00eb\" \/>\n<meta property=\"og:description\" content=\"AFC Collection heruitvindt toegang tot luxemeubels via leasing, digitalisering en design. Audrey Joris deelt haar parcours en internationale ambitie.\" \/>\n<meta property=\"og:url\" content=\"https:\/\/www.forbes.be\/nl\/audrey-joris-herdefinieert-de-retail\/\" \/>\n<meta property=\"og:site_name\" content=\"Forbes Belgi\u00eb\" \/>\n<meta property=\"article:publisher\" content=\"https:\/\/www.facebook.com\/forbesbelgie\" \/>\n<meta property=\"article:author\" content=\"https:\/\/www.linkedin.com\/in\/martin-boonen-61499951\/\" \/>\n<meta property=\"article:published_time\" content=\"2025-11-15T06:19:25+00:00\" \/>\n<meta property=\"og:image\" content=\"https:\/\/www.forbes.be\/nl\/wp-content\/uploads\/2025\/07\/dscf3961-2.jpg\" \/>\n\t<meta property=\"og:image:width\" content=\"1200\" \/>\n\t<meta property=\"og:image:height\" content=\"628\" \/>\n\t<meta property=\"og:image:type\" content=\"image\/jpeg\" \/>\n<meta name=\"author\" content=\"Martin Boonen\" \/>\n<meta name=\"twitter:card\" content=\"summary_large_image\" \/>\n<meta name=\"twitter:label1\" content=\"Geschreven door\" \/>\n\t<meta name=\"twitter:data1\" content=\"Martin Boonen\" \/>\n\t<meta name=\"twitter:label2\" content=\"Geschatte leestijd\" \/>\n\t<meta name=\"twitter:data2\" content=\"7 minuten\" \/>\n<script type=\"application\/ld+json\" class=\"yoast-schema-graph\">{\"@context\":\"https:\\\/\\\/schema.org\",\"@graph\":[{\"@type\":\"NewsArticle\",\"@id\":\"https:\\\/\\\/www.forbes.be\\\/nl\\\/audrey-joris-herdefinieert-de-retail\\\/#article\",\"isPartOf\":{\"@id\":\"https:\\\/\\\/www.forbes.be\\\/nl\\\/audrey-joris-herdefinieert-de-retail\\\/\"},\"author\":{\"name\":\"Martin Boonen\",\"@id\":\"https:\\\/\\\/www.forbes.be\\\/nl\\\/#\\\/schema\\\/person\\\/06275e9d0194db71f89b5badacb532c8\"},\"headline\":\"Audrey joris herdefinieert de retail\",\"datePublished\":\"2025-11-15T06:19:25+00:00\",\"mainEntityOfPage\":{\"@id\":\"https:\\\/\\\/www.forbes.be\\\/nl\\\/audrey-joris-herdefinieert-de-retail\\\/\"},\"wordCount\":1176,\"publisher\":{\"@id\":\"https:\\\/\\\/www.forbes.be\\\/nl\\\/#organization\"},\"image\":{\"@id\":\"https:\\\/\\\/www.forbes.be\\\/nl\\\/audrey-joris-herdefinieert-de-retail\\\/#primaryimage\"},\"thumbnailUrl\":\"https:\\\/\\\/www.forbes.be\\\/nl\\\/wp-content\\\/uploads\\\/2025\\\/07\\\/dscf3961-2.jpg\",\"articleSection\":[\"Forbes Vrouwen\",\"Ondernemers\"],\"inLanguage\":\"nl-BE\"},{\"@type\":\"WebPage\",\"@id\":\"https:\\\/\\\/www.forbes.be\\\/nl\\\/audrey-joris-herdefinieert-de-retail\\\/\",\"url\":\"https:\\\/\\\/www.forbes.be\\\/nl\\\/audrey-joris-herdefinieert-de-retail\\\/\",\"name\":\"Audrey joris herdefinieert de retail | Forbes Belgi\u00eb\",\"isPartOf\":{\"@id\":\"https:\\\/\\\/www.forbes.be\\\/nl\\\/#website\"},\"primaryImageOfPage\":{\"@id\":\"https:\\\/\\\/www.forbes.be\\\/nl\\\/audrey-joris-herdefinieert-de-retail\\\/#primaryimage\"},\"image\":{\"@id\":\"https:\\\/\\\/www.forbes.be\\\/nl\\\/audrey-joris-herdefinieert-de-retail\\\/#primaryimage\"},\"thumbnailUrl\":\"https:\\\/\\\/www.forbes.be\\\/nl\\\/wp-content\\\/uploads\\\/2025\\\/07\\\/dscf3961-2.jpg\",\"datePublished\":\"2025-11-15T06:19:25+00:00\",\"description\":\"AFC Collection heruitvindt toegang tot luxemeubels via leasing, digitalisering en design. Audrey Joris deelt haar parcours en internationale ambitie.\",\"breadcrumb\":{\"@id\":\"https:\\\/\\\/www.forbes.be\\\/nl\\\/audrey-joris-herdefinieert-de-retail\\\/#breadcrumb\"},\"inLanguage\":\"nl-BE\",\"potentialAction\":[{\"@type\":\"ReadAction\",\"target\":[\"https:\\\/\\\/www.forbes.be\\\/nl\\\/audrey-joris-herdefinieert-de-retail\\\/\"]}]},{\"@type\":\"ImageObject\",\"inLanguage\":\"nl-BE\",\"@id\":\"https:\\\/\\\/www.forbes.be\\\/nl\\\/audrey-joris-herdefinieert-de-retail\\\/#primaryimage\",\"url\":\"https:\\\/\\\/www.forbes.be\\\/nl\\\/wp-content\\\/uploads\\\/2025\\\/07\\\/dscf3961-2.jpg\",\"contentUrl\":\"https:\\\/\\\/www.forbes.be\\\/nl\\\/wp-content\\\/uploads\\\/2025\\\/07\\\/dscf3961-2.jpg\",\"width\":1200,\"height\":628,\"caption\":\"\u00a9 AFC Collection\"},{\"@type\":\"BreadcrumbList\",\"@id\":\"https:\\\/\\\/www.forbes.be\\\/nl\\\/audrey-joris-herdefinieert-de-retail\\\/#breadcrumb\",\"itemListElement\":[{\"@type\":\"ListItem\",\"position\":1,\"name\":\"Accueil\",\"item\":\"https:\\\/\\\/www.forbes.be\\\/nl\\\/\"},{\"@type\":\"ListItem\",\"position\":2,\"name\":\"Audrey joris herdefinieert de retail\"}]},{\"@type\":\"WebSite\",\"@id\":\"https:\\\/\\\/www.forbes.be\\\/nl\\\/#website\",\"url\":\"https:\\\/\\\/www.forbes.be\\\/nl\\\/\",\"name\":\"Forbes Belgi\u00eb\",\"description\":\"\",\"publisher\":{\"@id\":\"https:\\\/\\\/www.forbes.be\\\/nl\\\/#organization\"},\"potentialAction\":[{\"@type\":\"SearchAction\",\"target\":{\"@type\":\"EntryPoint\",\"urlTemplate\":\"https:\\\/\\\/www.forbes.be\\\/nl\\\/?s={search_term_string}\"},\"query-input\":{\"@type\":\"PropertyValueSpecification\",\"valueRequired\":true,\"valueName\":\"search_term_string\"}}],\"inLanguage\":\"nl-BE\"},{\"@type\":\"Organization\",\"@id\":\"https:\\\/\\\/www.forbes.be\\\/nl\\\/#organization\",\"name\":\"Forbes Belgi\u00eb\",\"url\":\"https:\\\/\\\/www.forbes.be\\\/nl\\\/\",\"logo\":{\"@type\":\"ImageObject\",\"inLanguage\":\"nl-BE\",\"@id\":\"https:\\\/\\\/www.forbes.be\\\/nl\\\/#\\\/schema\\\/logo\\\/image\\\/\",\"url\":\"https:\\\/\\\/www.forbes.be\\\/nl\\\/wp-content\\\/uploads\\\/2024\\\/02\\\/forbes.be_.png\",\"contentUrl\":\"https:\\\/\\\/www.forbes.be\\\/nl\\\/wp-content\\\/uploads\\\/2024\\\/02\\\/forbes.be_.png\",\"width\":1200,\"height\":675,\"caption\":\"Forbes Belgi\u00eb\"},\"image\":{\"@id\":\"https:\\\/\\\/www.forbes.be\\\/nl\\\/#\\\/schema\\\/logo\\\/image\\\/\"},\"sameAs\":[\"https:\\\/\\\/www.facebook.com\\\/forbesbelgie\",\"https:\\\/\\\/www.instagram.com\\\/Forbes_Belgium\",\"https:\\\/\\\/www.linkedin.com\\\/company\\\/forbes-belgium\\\/\"]},{\"@type\":\"Person\",\"@id\":\"https:\\\/\\\/www.forbes.be\\\/nl\\\/#\\\/schema\\\/person\\\/06275e9d0194db71f89b5badacb532c8\",\"name\":\"Martin Boonen\",\"image\":{\"@type\":\"ImageObject\",\"inLanguage\":\"nl-BE\",\"@id\":\"https:\\\/\\\/www.forbes.be\\\/nl\\\/wp-content\\\/uploads\\\/2024\\\/11\\\/Capture-de\u0301cran-2024-11-15-a\u0300-09.38.49-100x100.png\",\"url\":\"https:\\\/\\\/www.forbes.be\\\/nl\\\/wp-content\\\/uploads\\\/2024\\\/11\\\/Capture-de\u0301cran-2024-11-15-a\u0300-09.38.49-100x100.png\",\"contentUrl\":\"https:\\\/\\\/www.forbes.be\\\/nl\\\/wp-content\\\/uploads\\\/2024\\\/11\\\/Capture-de\u0301cran-2024-11-15-a\u0300-09.38.49-100x100.png\",\"caption\":\"Martin Boonen\"},\"description\":\"Martin Boonen is een gediplomeerd journalist van het Institut de Journalisme de Bruxelles (2012). Hij heeft samengewerkt met tal van redacties, in uiteenlopende functies gaande van journalist en rubriekshoofd tot eindredacteur en hoofdredacteur \u2013 zowel voor digitale media als de geschreven pers. Met een uitgesproken expertise in startups en sociaal ge\u00ebngageerd ondernemerschap, werd hij in 2025 benoemd tot hoofdredacteur van de Belgische website van Forbes. Sinds 2011 is hij aangesloten bij de Organisation de la Presse P\u00e9riodique (OMPP).\",\"sameAs\":[\"https:\\\/\\\/www.linkedin.com\\\/in\\\/martin-boonen-61499951\\\/\"],\"url\":\"https:\\\/\\\/www.forbes.be\\\/nl\\\/author\\\/martin-boonen\\\/\"}]}<\/script>\n<!-- \/ Yoast SEO plugin. -->","yoast_head_json":{"title":"Audrey joris herdefinieert de retail | Forbes Belgi\u00eb","description":"AFC Collection heruitvindt toegang tot luxemeubels via leasing, digitalisering en design. Audrey Joris deelt haar parcours en internationale ambitie.","robots":{"index":"index","follow":"follow","max-snippet":"max-snippet:-1","max-image-preview":"max-image-preview:large","max-video-preview":"max-video-preview:-1"},"canonical":"https:\/\/www.forbes.be\/nl\/audrey-joris-herdefinieert-de-retail\/","og_locale":"nl_BE","og_type":"article","og_title":"Audrey joris herdefinieert de retail | Forbes Belgi\u00eb","og_description":"AFC Collection heruitvindt toegang tot luxemeubels via leasing, digitalisering en design. Audrey Joris deelt haar parcours en internationale ambitie.","og_url":"https:\/\/www.forbes.be\/nl\/audrey-joris-herdefinieert-de-retail\/","og_site_name":"Forbes Belgi\u00eb","article_publisher":"https:\/\/www.facebook.com\/forbesbelgie","article_author":"https:\/\/www.linkedin.com\/in\/martin-boonen-61499951\/","article_published_time":"2025-11-15T06:19:25+00:00","og_image":[{"width":1200,"height":628,"url":"https:\/\/www.forbes.be\/nl\/wp-content\/uploads\/2025\/07\/dscf3961-2.jpg","type":"image\/jpeg"}],"author":"Martin Boonen","twitter_card":"summary_large_image","twitter_misc":{"Geschreven door":"Martin Boonen","Geschatte leestijd":"7 minuten"},"schema":{"@context":"https:\/\/schema.org","@graph":[{"@type":"NewsArticle","@id":"https:\/\/www.forbes.be\/nl\/audrey-joris-herdefinieert-de-retail\/#article","isPartOf":{"@id":"https:\/\/www.forbes.be\/nl\/audrey-joris-herdefinieert-de-retail\/"},"author":{"name":"Martin Boonen","@id":"https:\/\/www.forbes.be\/nl\/#\/schema\/person\/06275e9d0194db71f89b5badacb532c8"},"headline":"Audrey joris herdefinieert de retail","datePublished":"2025-11-15T06:19:25+00:00","mainEntityOfPage":{"@id":"https:\/\/www.forbes.be\/nl\/audrey-joris-herdefinieert-de-retail\/"},"wordCount":1176,"publisher":{"@id":"https:\/\/www.forbes.be\/nl\/#organization"},"image":{"@id":"https:\/\/www.forbes.be\/nl\/audrey-joris-herdefinieert-de-retail\/#primaryimage"},"thumbnailUrl":"https:\/\/www.forbes.be\/nl\/wp-content\/uploads\/2025\/07\/dscf3961-2.jpg","articleSection":["Forbes Vrouwen","Ondernemers"],"inLanguage":"nl-BE"},{"@type":"WebPage","@id":"https:\/\/www.forbes.be\/nl\/audrey-joris-herdefinieert-de-retail\/","url":"https:\/\/www.forbes.be\/nl\/audrey-joris-herdefinieert-de-retail\/","name":"Audrey joris herdefinieert de retail | Forbes Belgi\u00eb","isPartOf":{"@id":"https:\/\/www.forbes.be\/nl\/#website"},"primaryImageOfPage":{"@id":"https:\/\/www.forbes.be\/nl\/audrey-joris-herdefinieert-de-retail\/#primaryimage"},"image":{"@id":"https:\/\/www.forbes.be\/nl\/audrey-joris-herdefinieert-de-retail\/#primaryimage"},"thumbnailUrl":"https:\/\/www.forbes.be\/nl\/wp-content\/uploads\/2025\/07\/dscf3961-2.jpg","datePublished":"2025-11-15T06:19:25+00:00","description":"AFC Collection heruitvindt toegang tot luxemeubels via leasing, digitalisering en design. Audrey Joris deelt haar parcours en internationale ambitie.","breadcrumb":{"@id":"https:\/\/www.forbes.be\/nl\/audrey-joris-herdefinieert-de-retail\/#breadcrumb"},"inLanguage":"nl-BE","potentialAction":[{"@type":"ReadAction","target":["https:\/\/www.forbes.be\/nl\/audrey-joris-herdefinieert-de-retail\/"]}]},{"@type":"ImageObject","inLanguage":"nl-BE","@id":"https:\/\/www.forbes.be\/nl\/audrey-joris-herdefinieert-de-retail\/#primaryimage","url":"https:\/\/www.forbes.be\/nl\/wp-content\/uploads\/2025\/07\/dscf3961-2.jpg","contentUrl":"https:\/\/www.forbes.be\/nl\/wp-content\/uploads\/2025\/07\/dscf3961-2.jpg","width":1200,"height":628,"caption":"\u00a9 AFC Collection"},{"@type":"BreadcrumbList","@id":"https:\/\/www.forbes.be\/nl\/audrey-joris-herdefinieert-de-retail\/#breadcrumb","itemListElement":[{"@type":"ListItem","position":1,"name":"Accueil","item":"https:\/\/www.forbes.be\/nl\/"},{"@type":"ListItem","position":2,"name":"Audrey joris herdefinieert de retail"}]},{"@type":"WebSite","@id":"https:\/\/www.forbes.be\/nl\/#website","url":"https:\/\/www.forbes.be\/nl\/","name":"Forbes Belgi\u00eb","description":"","publisher":{"@id":"https:\/\/www.forbes.be\/nl\/#organization"},"potentialAction":[{"@type":"SearchAction","target":{"@type":"EntryPoint","urlTemplate":"https:\/\/www.forbes.be\/nl\/?s={search_term_string}"},"query-input":{"@type":"PropertyValueSpecification","valueRequired":true,"valueName":"search_term_string"}}],"inLanguage":"nl-BE"},{"@type":"Organization","@id":"https:\/\/www.forbes.be\/nl\/#organization","name":"Forbes Belgi\u00eb","url":"https:\/\/www.forbes.be\/nl\/","logo":{"@type":"ImageObject","inLanguage":"nl-BE","@id":"https:\/\/www.forbes.be\/nl\/#\/schema\/logo\/image\/","url":"https:\/\/www.forbes.be\/nl\/wp-content\/uploads\/2024\/02\/forbes.be_.png","contentUrl":"https:\/\/www.forbes.be\/nl\/wp-content\/uploads\/2024\/02\/forbes.be_.png","width":1200,"height":675,"caption":"Forbes Belgi\u00eb"},"image":{"@id":"https:\/\/www.forbes.be\/nl\/#\/schema\/logo\/image\/"},"sameAs":["https:\/\/www.facebook.com\/forbesbelgie","https:\/\/www.instagram.com\/Forbes_Belgium","https:\/\/www.linkedin.com\/company\/forbes-belgium\/"]},{"@type":"Person","@id":"https:\/\/www.forbes.be\/nl\/#\/schema\/person\/06275e9d0194db71f89b5badacb532c8","name":"Martin Boonen","image":{"@type":"ImageObject","inLanguage":"nl-BE","@id":"https:\/\/www.forbes.be\/nl\/wp-content\/uploads\/2024\/11\/Capture-de\u0301cran-2024-11-15-a\u0300-09.38.49-100x100.png","url":"https:\/\/www.forbes.be\/nl\/wp-content\/uploads\/2024\/11\/Capture-de\u0301cran-2024-11-15-a\u0300-09.38.49-100x100.png","contentUrl":"https:\/\/www.forbes.be\/nl\/wp-content\/uploads\/2024\/11\/Capture-de\u0301cran-2024-11-15-a\u0300-09.38.49-100x100.png","caption":"Martin Boonen"},"description":"Martin Boonen is een gediplomeerd journalist van het Institut de Journalisme de Bruxelles (2012). Hij heeft samengewerkt met tal van redacties, in uiteenlopende functies gaande van journalist en rubriekshoofd tot eindredacteur en hoofdredacteur \u2013 zowel voor digitale media als de geschreven pers. Met een uitgesproken expertise in startups en sociaal ge\u00ebngageerd ondernemerschap, werd hij in 2025 benoemd tot hoofdredacteur van de Belgische website van Forbes. Sinds 2011 is hij aangesloten bij de Organisation de la Presse P\u00e9riodique (OMPP).","sameAs":["https:\/\/www.linkedin.com\/in\/martin-boonen-61499951\/"],"url":"https:\/\/www.forbes.be\/nl\/author\/martin-boonen\/"}]}},"_links":{"self":[{"href":"https:\/\/www.forbes.be\/nl\/wp-json\/wp\/v2\/posts\/10725","targetHints":{"allow":["GET"]}}],"collection":[{"href":"https:\/\/www.forbes.be\/nl\/wp-json\/wp\/v2\/posts"}],"about":[{"href":"https:\/\/www.forbes.be\/nl\/wp-json\/wp\/v2\/types\/post"}],"author":[{"embeddable":true,"href":"https:\/\/www.forbes.be\/nl\/wp-json\/wp\/v2\/users\/42"}],"replies":[{"embeddable":true,"href":"https:\/\/www.forbes.be\/nl\/wp-json\/wp\/v2\/comments?post=10725"}],"version-history":[{"count":4,"href":"https:\/\/www.forbes.be\/nl\/wp-json\/wp\/v2\/posts\/10725\/revisions"}],"predecessor-version":[{"id":12338,"href":"https:\/\/www.forbes.be\/nl\/wp-json\/wp\/v2\/posts\/10725\/revisions\/12338"}],"wp:featuredmedia":[{"embeddable":true,"href":"https:\/\/www.forbes.be\/nl\/wp-json\/wp\/v2\/media\/10730"}],"wp:attachment":[{"href":"https:\/\/www.forbes.be\/nl\/wp-json\/wp\/v2\/media?parent=10725"}],"wp:term":[{"taxonomy":"category","embeddable":true,"href":"https:\/\/www.forbes.be\/nl\/wp-json\/wp\/v2\/categories?post=10725"},{"taxonomy":"post_tag","embeddable":true,"href":"https:\/\/www.forbes.be\/nl\/wp-json\/wp\/v2\/tags?post=10725"}],"curies":[{"name":"wp","href":"https:\/\/api.w.org\/{rel}","templated":true}]}}