{"id":10833,"date":"2025-07-31T14:39:15","date_gmt":"2025-07-31T12:39:15","guid":{"rendered":"https:\/\/www.forbes.be\/nl\/?p=10833"},"modified":"2025-07-31T14:39:15","modified_gmt":"2025-07-31T12:39:15","slug":"de-tijd-van-de-vrouwen","status":"publish","type":"post","link":"https:\/\/www.forbes.be\/nl\/de-tijd-van-de-vrouwen\/","title":{"rendered":"In Firenze vieren negen kunstenaars de Tijd van de Vrouwen"},"content":{"rendered":"<p><strong>In het <a href=\"https:\/\/www.palazzostrozzi.org\/\">Palazzo Strozzi<\/a> in Firenze vieren negen vrouwelijke kunstenaars &#8220;de tijd van de vrouwen&#8221; (Time for women). <\/strong><strong>Fran\u00e7oise Steyaert is verantwoordelijk voor de communicatie in Belgi\u00eb en Luxemburg van Max Mara, de grootste Italiaanse modegroep.<\/strong><\/p>\n<p>Het kunstverzamelwerk van de oprichter van de groep, Achille Maramotti, die in 2005 overleed, wordt voortgezet door zijn drie kinderen. &#8220;De ontmoeting met de familie&#8221;, legt Fran\u00e7ois Steyaert uit, &#8220;tijdens de tentoonstelling Resonance in Maison Particuli\u00e8re in 2014, waarvoor zij werken uitleenden, was doorslaggevend. In Brussel merkte de familie het belang van Belgi\u00eb op in de hedendaagse kunst en stelde ze voor dat ik ook de relaties voor de Collezione Maramotti zou beheren, samen met de directeur, Sara Piccinini.&#8221;<\/p>\n<p>Er vinden jaarlijks drie tijdelijke tentoonstellingen plaats in de voormalige Max Mara-fabriek in Reggio Emilia, die is omgevormd tot een museum dat ook de permanente collectie herbergt. &#8220;Ik heb de opdracht om Europese gasten uit te nodigen voor onze vernissages: verzamelaars, curatoren, journalisten, kunsthistorici. De Collectie bevordert jonge of gevestigde kunstenaars, een authentiek mecenaat, en biedt indirecte steun aan de stad Reggio Emilia waar verschillende werken zijn ge\u00efntegreerd in openbare ruimtes, zoals een fresko van Sol Le Witt in de gemeentelijke bibliotheek.&#8221;<\/p>\n<figure id=\"attachment_11729\" aria-describedby=\"caption-attachment-11729\" style=\"width: 696px\" class=\"wp-caption aligncenter\"><img loading=\"lazy\" decoding=\"async\" class=\"size-large wp-image-11729\" src=\"https:\/\/www.forbes.be\/fr\/wp-content\/uploads\/2025\/07\/whatsapp-image-2025-07-30-a-164227-0a51c7e2-1024x683.jpg\" alt=\"Fran\u00e7oise Steyaert\" width=\"696\" height=\"464\" \/><figcaption id=\"caption-attachment-11729\" class=\"wp-caption-text\">Fran\u00e7oise Steyaert<\/figcaption><\/figure>\n<p><strong>Time for Women!<\/strong><\/p>\n<p>Op deze twintigste verjaardag van de Max Mara Prijs voor Vrouwen, die Max Mara, Whitechapel Gallery en Collezione Maramotti met elkaar verbindt, staan de negen kunstenaars die de prijs sinds 2005 hebben gewonnen centraal. Zij hebben de gepresenteerde werken (video&#8217;s, installaties, sculpturen, muurschilderingen) gecre\u00eberd tijdens hun verblijf in Reggio Emilia, toen ze allemaal opkomend talent waren. Elk van hen concentreerde zich op thema&#8217;s die verband hielden met hun onderzoek en ervaringen in Itali\u00eb: commedia dell&#8217;arte, moederschap, het hedendaagse idee van de Grand Tour, ambachtelijke tradities, mythologie, kloostergemeenschappen, natuurlijke landschappen, tot en met de herontdekking van vergeten stemmen en verhalen, van de oudheid tot vandaag. De indrukwekkende <em>Dead Reckoning<\/em> van de Engelse Dominic White (prijswinnaar in 2024) vormt een zwevende ijzeren spin die de doodse ballast van schepen, de grens van hun drijfvermogen, oproept.<\/p>\n<p><em>Tot 31-08<\/em><\/p>\n","protected":false},"excerpt":{"rendered":"<p>In het Palazzo Strozzi in Florence vieren negen vrouwelijke kunstenaars &#8216;de tijd van de vrouwen&#8217;. Fran\u00e7oise Steyaert is verantwoordelijk voor de communicatie in Belgi\u00eb en Luxemburg van Max Mara, de grootste Italiaanse modegroep. Het kunstverzamelwerk van de oprichter van de groep, Achille Maramotti, die in 2005 overleed, wordt voortgezet door zijn drie kinderen. &#8220;[&hellip;]<\/p>\n","protected":false},"author":24,"featured_media":10832,"comment_status":"closed","ping_status":"closed","sticky":false,"template":"","format":"standard","meta":{"_acf_changed":false,"inline_featured_image":false,"footnotes":""},"categories":[60],"tags":[],"class_list":{"0":"post-10833","1":"post","2":"type-post","3":"status-publish","4":"format-standard","5":"has-post-thumbnail","7":"category-cultuur"},"acf":[],"auteur_traducteur":"","yoast_head":"<!-- This site is optimized with the Yoast SEO plugin v27.4 - https:\/\/yoast.com\/product\/yoast-seo-wordpress\/ -->\n<title>de-tijd-van-de-vrouwen<\/title>\n<meta name=\"description\" content=\"In Palazzo Strozzi (Florence) vieren negen vrouwelijke kunstenaars &#039;de tijd van de vrouwen&#039;. Fran\u00e7oise Steyaert verzorgt de communicatie.\" \/>\n<meta name=\"robots\" content=\"index, follow, max-snippet:-1, max-image-preview:large, max-video-preview:-1\" \/>\n<link rel=\"canonical\" href=\"https:\/\/www.forbes.be\/nl\/de-tijd-van-de-vrouwen\/\" \/>\n<meta property=\"og:locale\" content=\"nl_BE\" \/>\n<meta property=\"og:type\" content=\"article\" \/>\n<meta property=\"og:title\" content=\"de-tijd-van-de-vrouwen\" \/>\n<meta property=\"og:description\" content=\"In Palazzo Strozzi (Florence) vieren negen vrouwelijke kunstenaars &#039;de tijd van de vrouwen&#039;. Fran\u00e7oise Steyaert verzorgt de communicatie.\" \/>\n<meta property=\"og:url\" content=\"https:\/\/www.forbes.be\/nl\/de-tijd-van-de-vrouwen\/\" \/>\n<meta property=\"og:site_name\" content=\"Forbes Belgi\u00eb\" \/>\n<meta property=\"article:publisher\" content=\"https:\/\/www.facebook.com\/forbesbelgie\" \/>\n<meta property=\"article:published_time\" content=\"2025-07-31T12:39:15+00:00\" \/>\n<meta property=\"og:image\" content=\"https:\/\/www.forbes.be\/nl\/wp-content\/uploads\/2025\/07\/11727-whatsapp-image-2025-07-30-a-163938-d380db5d.png\" \/>\n\t<meta property=\"og:image:width\" content=\"1600\" \/>\n\t<meta property=\"og:image:height\" content=\"1107\" \/>\n\t<meta property=\"og:image:type\" content=\"image\/png\" \/>\n<meta name=\"author\" content=\"Johan-Fr\u00e9d\u00e9rik Hel Guedj\" \/>\n<meta name=\"twitter:card\" content=\"summary_large_image\" \/>\n<meta name=\"twitter:label1\" content=\"Geschreven door\" \/>\n\t<meta name=\"twitter:data1\" content=\"Johan-Fr\u00e9d\u00e9rik Hel Guedj\" \/>\n\t<meta name=\"twitter:label2\" content=\"Geschatte leestijd\" \/>\n\t<meta name=\"twitter:data2\" content=\"3 minuten\" \/>\n<script type=\"application\/ld+json\" class=\"yoast-schema-graph\">{\"@context\":\"https:\\\/\\\/schema.org\",\"@graph\":[{\"@type\":\"NewsArticle\",\"@id\":\"https:\\\/\\\/www.forbes.be\\\/nl\\\/de-tijd-van-de-vrouwen\\\/#article\",\"isPartOf\":{\"@id\":\"https:\\\/\\\/www.forbes.be\\\/nl\\\/de-tijd-van-de-vrouwen\\\/\"},\"author\":{\"name\":\"Johan-Fr\u00e9d\u00e9rik Hel Guedj\",\"@id\":\"https:\\\/\\\/www.forbes.be\\\/nl\\\/#\\\/schema\\\/person\\\/7c0ac1896654aa71b07d901c0b9fdde7\"},\"headline\":\"In Firenze vieren negen kunstenaars de Tijd van de Vrouwen\",\"datePublished\":\"2025-07-31T12:39:15+00:00\",\"mainEntityOfPage\":{\"@id\":\"https:\\\/\\\/www.forbes.be\\\/nl\\\/de-tijd-van-de-vrouwen\\\/\"},\"wordCount\":356,\"publisher\":{\"@id\":\"https:\\\/\\\/www.forbes.be\\\/nl\\\/#organization\"},\"image\":{\"@id\":\"https:\\\/\\\/www.forbes.be\\\/nl\\\/de-tijd-van-de-vrouwen\\\/#primaryimage\"},\"thumbnailUrl\":\"https:\\\/\\\/www.forbes.be\\\/nl\\\/wp-content\\\/uploads\\\/2025\\\/07\\\/11727-whatsapp-image-2025-07-30-a-163938-d380db5d-e1754474302521.png\",\"articleSection\":[\"Cultuur\"],\"inLanguage\":\"nl-BE\"},{\"@type\":\"WebPage\",\"@id\":\"https:\\\/\\\/www.forbes.be\\\/nl\\\/de-tijd-van-de-vrouwen\\\/\",\"url\":\"https:\\\/\\\/www.forbes.be\\\/nl\\\/de-tijd-van-de-vrouwen\\\/\",\"name\":\"de-tijd-van-de-vrouwen\",\"isPartOf\":{\"@id\":\"https:\\\/\\\/www.forbes.be\\\/nl\\\/#website\"},\"primaryImageOfPage\":{\"@id\":\"https:\\\/\\\/www.forbes.be\\\/nl\\\/de-tijd-van-de-vrouwen\\\/#primaryimage\"},\"image\":{\"@id\":\"https:\\\/\\\/www.forbes.be\\\/nl\\\/de-tijd-van-de-vrouwen\\\/#primaryimage\"},\"thumbnailUrl\":\"https:\\\/\\\/www.forbes.be\\\/nl\\\/wp-content\\\/uploads\\\/2025\\\/07\\\/11727-whatsapp-image-2025-07-30-a-163938-d380db5d-e1754474302521.png\",\"datePublished\":\"2025-07-31T12:39:15+00:00\",\"description\":\"In Palazzo Strozzi (Florence) vieren negen vrouwelijke kunstenaars 'de tijd van de vrouwen'. Fran\u00e7oise Steyaert verzorgt de communicatie.\",\"breadcrumb\":{\"@id\":\"https:\\\/\\\/www.forbes.be\\\/nl\\\/de-tijd-van-de-vrouwen\\\/#breadcrumb\"},\"inLanguage\":\"nl-BE\",\"potentialAction\":[{\"@type\":\"ReadAction\",\"target\":[\"https:\\\/\\\/www.forbes.be\\\/nl\\\/de-tijd-van-de-vrouwen\\\/\"]}]},{\"@type\":\"ImageObject\",\"inLanguage\":\"nl-BE\",\"@id\":\"https:\\\/\\\/www.forbes.be\\\/nl\\\/de-tijd-van-de-vrouwen\\\/#primaryimage\",\"url\":\"https:\\\/\\\/www.forbes.be\\\/nl\\\/wp-content\\\/uploads\\\/2025\\\/07\\\/11727-whatsapp-image-2025-07-30-a-163938-d380db5d-e1754474302521.png\",\"contentUrl\":\"https:\\\/\\\/www.forbes.be\\\/nl\\\/wp-content\\\/uploads\\\/2025\\\/07\\\/11727-whatsapp-image-2025-07-30-a-163938-d380db5d-e1754474302521.png\",\"width\":1600,\"height\":837,\"caption\":\"Dominique White dead reckoning 2024 \u00a9 Dominique White Courtesy Collezione Maramotti Ph.\u00a0Dario\u00a0Lasagni\"},{\"@type\":\"BreadcrumbList\",\"@id\":\"https:\\\/\\\/www.forbes.be\\\/nl\\\/de-tijd-van-de-vrouwen\\\/#breadcrumb\",\"itemListElement\":[{\"@type\":\"ListItem\",\"position\":1,\"name\":\"Accueil\",\"item\":\"https:\\\/\\\/www.forbes.be\\\/nl\\\/\"},{\"@type\":\"ListItem\",\"position\":2,\"name\":\"In Firenze vieren negen kunstenaars de Tijd van de Vrouwen\"}]},{\"@type\":\"WebSite\",\"@id\":\"https:\\\/\\\/www.forbes.be\\\/nl\\\/#website\",\"url\":\"https:\\\/\\\/www.forbes.be\\\/nl\\\/\",\"name\":\"Forbes Belgi\u00eb\",\"description\":\"\",\"publisher\":{\"@id\":\"https:\\\/\\\/www.forbes.be\\\/nl\\\/#organization\"},\"potentialAction\":[{\"@type\":\"SearchAction\",\"target\":{\"@type\":\"EntryPoint\",\"urlTemplate\":\"https:\\\/\\\/www.forbes.be\\\/nl\\\/?s={search_term_string}\"},\"query-input\":{\"@type\":\"PropertyValueSpecification\",\"valueRequired\":true,\"valueName\":\"search_term_string\"}}],\"inLanguage\":\"nl-BE\"},{\"@type\":\"Organization\",\"@id\":\"https:\\\/\\\/www.forbes.be\\\/nl\\\/#organization\",\"name\":\"Forbes Belgi\u00eb\",\"url\":\"https:\\\/\\\/www.forbes.be\\\/nl\\\/\",\"logo\":{\"@type\":\"ImageObject\",\"inLanguage\":\"nl-BE\",\"@id\":\"https:\\\/\\\/www.forbes.be\\\/nl\\\/#\\\/schema\\\/logo\\\/image\\\/\",\"url\":\"https:\\\/\\\/www.forbes.be\\\/nl\\\/wp-content\\\/uploads\\\/2024\\\/02\\\/forbes.be_.png\",\"contentUrl\":\"https:\\\/\\\/www.forbes.be\\\/nl\\\/wp-content\\\/uploads\\\/2024\\\/02\\\/forbes.be_.png\",\"width\":1200,\"height\":675,\"caption\":\"Forbes Belgi\u00eb\"},\"image\":{\"@id\":\"https:\\\/\\\/www.forbes.be\\\/nl\\\/#\\\/schema\\\/logo\\\/image\\\/\"},\"sameAs\":[\"https:\\\/\\\/www.facebook.com\\\/forbesbelgie\",\"https:\\\/\\\/www.instagram.com\\\/Forbes_Belgium\",\"https:\\\/\\\/www.linkedin.com\\\/company\\\/forbes-belgium\\\/\"]},{\"@type\":\"Person\",\"@id\":\"https:\\\/\\\/www.forbes.be\\\/nl\\\/#\\\/schema\\\/person\\\/7c0ac1896654aa71b07d901c0b9fdde7\",\"name\":\"Johan-Fr\u00e9d\u00e9rik Hel Guedj\",\"image\":{\"@type\":\"ImageObject\",\"inLanguage\":\"nl-BE\",\"@id\":\"https:\\\/\\\/secure.gravatar.com\\\/avatar\\\/65333543693434f2cc9fdefb3173b162df98712d00606b00b3d43914f79a1598?s=96&d=mm&r=g\",\"url\":\"https:\\\/\\\/secure.gravatar.com\\\/avatar\\\/65333543693434f2cc9fdefb3173b162df98712d00606b00b3d43914f79a1598?s=96&d=mm&r=g\",\"contentUrl\":\"https:\\\/\\\/secure.gravatar.com\\\/avatar\\\/65333543693434f2cc9fdefb3173b162df98712d00606b00b3d43914f79a1598?s=96&d=mm&r=g\",\"caption\":\"Johan-Fr\u00e9d\u00e9rik Hel Guedj\"},\"description\":\"Johan-Frederik Hel Guedj is een Franse journalist en auteur. Hij was zeven jaar hoofdredacteur van het tijdschrift Pouvoirs Locaux, dat gewijd is aan cultuurbeleid. Daarnaast publiceerde hij acht boeken bij Franse en Belgische uitgevers, waaronder twee romans, een essay over Orson Welles en vier kunstboeken. Naast Forbes werkt hij ook mee aan L\u2019Echo en Le Quotidien de l\u2019Art (Parijs).\",\"url\":\"https:\\\/\\\/www.forbes.be\\\/nl\\\/author\\\/johan-frederik-hel-guedj\\\/\"}]}<\/script>\n<!-- \/ Yoast SEO plugin. -->","yoast_head_json":{"title":"de-tijd-van-de-vrouwen","description":"In Palazzo Strozzi (Florence) vieren negen vrouwelijke kunstenaars 'de tijd van de vrouwen'. Fran\u00e7oise Steyaert verzorgt de communicatie.","robots":{"index":"index","follow":"follow","max-snippet":"max-snippet:-1","max-image-preview":"max-image-preview:large","max-video-preview":"max-video-preview:-1"},"canonical":"https:\/\/www.forbes.be\/nl\/de-tijd-van-de-vrouwen\/","og_locale":"nl_BE","og_type":"article","og_title":"de-tijd-van-de-vrouwen","og_description":"In Palazzo Strozzi (Florence) vieren negen vrouwelijke kunstenaars 'de tijd van de vrouwen'. Fran\u00e7oise Steyaert verzorgt de communicatie.","og_url":"https:\/\/www.forbes.be\/nl\/de-tijd-van-de-vrouwen\/","og_site_name":"Forbes Belgi\u00eb","article_publisher":"https:\/\/www.facebook.com\/forbesbelgie","article_published_time":"2025-07-31T12:39:15+00:00","og_image":[{"width":1600,"height":1107,"url":"https:\/\/www.forbes.be\/nl\/wp-content\/uploads\/2025\/07\/11727-whatsapp-image-2025-07-30-a-163938-d380db5d.png","type":"image\/png"}],"author":"Johan-Fr\u00e9d\u00e9rik Hel Guedj","twitter_card":"summary_large_image","twitter_misc":{"Geschreven door":"Johan-Fr\u00e9d\u00e9rik Hel Guedj","Geschatte leestijd":"3 minuten"},"schema":{"@context":"https:\/\/schema.org","@graph":[{"@type":"NewsArticle","@id":"https:\/\/www.forbes.be\/nl\/de-tijd-van-de-vrouwen\/#article","isPartOf":{"@id":"https:\/\/www.forbes.be\/nl\/de-tijd-van-de-vrouwen\/"},"author":{"name":"Johan-Fr\u00e9d\u00e9rik Hel Guedj","@id":"https:\/\/www.forbes.be\/nl\/#\/schema\/person\/7c0ac1896654aa71b07d901c0b9fdde7"},"headline":"In Firenze vieren negen kunstenaars de Tijd van de Vrouwen","datePublished":"2025-07-31T12:39:15+00:00","mainEntityOfPage":{"@id":"https:\/\/www.forbes.be\/nl\/de-tijd-van-de-vrouwen\/"},"wordCount":356,"publisher":{"@id":"https:\/\/www.forbes.be\/nl\/#organization"},"image":{"@id":"https:\/\/www.forbes.be\/nl\/de-tijd-van-de-vrouwen\/#primaryimage"},"thumbnailUrl":"https:\/\/www.forbes.be\/nl\/wp-content\/uploads\/2025\/07\/11727-whatsapp-image-2025-07-30-a-163938-d380db5d-e1754474302521.png","articleSection":["Cultuur"],"inLanguage":"nl-BE"},{"@type":"WebPage","@id":"https:\/\/www.forbes.be\/nl\/de-tijd-van-de-vrouwen\/","url":"https:\/\/www.forbes.be\/nl\/de-tijd-van-de-vrouwen\/","name":"de-tijd-van-de-vrouwen","isPartOf":{"@id":"https:\/\/www.forbes.be\/nl\/#website"},"primaryImageOfPage":{"@id":"https:\/\/www.forbes.be\/nl\/de-tijd-van-de-vrouwen\/#primaryimage"},"image":{"@id":"https:\/\/www.forbes.be\/nl\/de-tijd-van-de-vrouwen\/#primaryimage"},"thumbnailUrl":"https:\/\/www.forbes.be\/nl\/wp-content\/uploads\/2025\/07\/11727-whatsapp-image-2025-07-30-a-163938-d380db5d-e1754474302521.png","datePublished":"2025-07-31T12:39:15+00:00","description":"In Palazzo Strozzi (Florence) vieren negen vrouwelijke kunstenaars 'de tijd van de vrouwen'. Fran\u00e7oise Steyaert verzorgt de communicatie.","breadcrumb":{"@id":"https:\/\/www.forbes.be\/nl\/de-tijd-van-de-vrouwen\/#breadcrumb"},"inLanguage":"nl-BE","potentialAction":[{"@type":"ReadAction","target":["https:\/\/www.forbes.be\/nl\/de-tijd-van-de-vrouwen\/"]}]},{"@type":"ImageObject","inLanguage":"nl-BE","@id":"https:\/\/www.forbes.be\/nl\/de-tijd-van-de-vrouwen\/#primaryimage","url":"https:\/\/www.forbes.be\/nl\/wp-content\/uploads\/2025\/07\/11727-whatsapp-image-2025-07-30-a-163938-d380db5d-e1754474302521.png","contentUrl":"https:\/\/www.forbes.be\/nl\/wp-content\/uploads\/2025\/07\/11727-whatsapp-image-2025-07-30-a-163938-d380db5d-e1754474302521.png","width":1600,"height":837,"caption":"Dominique White dead reckoning 2024 \u00a9 Dominique White Courtesy Collezione Maramotti Ph.\u00a0Dario\u00a0Lasagni"},{"@type":"BreadcrumbList","@id":"https:\/\/www.forbes.be\/nl\/de-tijd-van-de-vrouwen\/#breadcrumb","itemListElement":[{"@type":"ListItem","position":1,"name":"Accueil","item":"https:\/\/www.forbes.be\/nl\/"},{"@type":"ListItem","position":2,"name":"In Firenze vieren negen kunstenaars de Tijd van de Vrouwen"}]},{"@type":"WebSite","@id":"https:\/\/www.forbes.be\/nl\/#website","url":"https:\/\/www.forbes.be\/nl\/","name":"Forbes Belgi\u00eb","description":"","publisher":{"@id":"https:\/\/www.forbes.be\/nl\/#organization"},"potentialAction":[{"@type":"SearchAction","target":{"@type":"EntryPoint","urlTemplate":"https:\/\/www.forbes.be\/nl\/?s={search_term_string}"},"query-input":{"@type":"PropertyValueSpecification","valueRequired":true,"valueName":"search_term_string"}}],"inLanguage":"nl-BE"},{"@type":"Organization","@id":"https:\/\/www.forbes.be\/nl\/#organization","name":"Forbes Belgi\u00eb","url":"https:\/\/www.forbes.be\/nl\/","logo":{"@type":"ImageObject","inLanguage":"nl-BE","@id":"https:\/\/www.forbes.be\/nl\/#\/schema\/logo\/image\/","url":"https:\/\/www.forbes.be\/nl\/wp-content\/uploads\/2024\/02\/forbes.be_.png","contentUrl":"https:\/\/www.forbes.be\/nl\/wp-content\/uploads\/2024\/02\/forbes.be_.png","width":1200,"height":675,"caption":"Forbes Belgi\u00eb"},"image":{"@id":"https:\/\/www.forbes.be\/nl\/#\/schema\/logo\/image\/"},"sameAs":["https:\/\/www.facebook.com\/forbesbelgie","https:\/\/www.instagram.com\/Forbes_Belgium","https:\/\/www.linkedin.com\/company\/forbes-belgium\/"]},{"@type":"Person","@id":"https:\/\/www.forbes.be\/nl\/#\/schema\/person\/7c0ac1896654aa71b07d901c0b9fdde7","name":"Johan-Fr\u00e9d\u00e9rik Hel Guedj","image":{"@type":"ImageObject","inLanguage":"nl-BE","@id":"https:\/\/secure.gravatar.com\/avatar\/65333543693434f2cc9fdefb3173b162df98712d00606b00b3d43914f79a1598?s=96&d=mm&r=g","url":"https:\/\/secure.gravatar.com\/avatar\/65333543693434f2cc9fdefb3173b162df98712d00606b00b3d43914f79a1598?s=96&d=mm&r=g","contentUrl":"https:\/\/secure.gravatar.com\/avatar\/65333543693434f2cc9fdefb3173b162df98712d00606b00b3d43914f79a1598?s=96&d=mm&r=g","caption":"Johan-Fr\u00e9d\u00e9rik Hel Guedj"},"description":"Johan-Frederik Hel Guedj is een Franse journalist en auteur. Hij was zeven jaar hoofdredacteur van het tijdschrift Pouvoirs Locaux, dat gewijd is aan cultuurbeleid. Daarnaast publiceerde hij acht boeken bij Franse en Belgische uitgevers, waaronder twee romans, een essay over Orson Welles en vier kunstboeken. Naast Forbes werkt hij ook mee aan L\u2019Echo en Le Quotidien de l\u2019Art (Parijs).","url":"https:\/\/www.forbes.be\/nl\/author\/johan-frederik-hel-guedj\/"}]}},"_links":{"self":[{"href":"https:\/\/www.forbes.be\/nl\/wp-json\/wp\/v2\/posts\/10833","targetHints":{"allow":["GET"]}}],"collection":[{"href":"https:\/\/www.forbes.be\/nl\/wp-json\/wp\/v2\/posts"}],"about":[{"href":"https:\/\/www.forbes.be\/nl\/wp-json\/wp\/v2\/types\/post"}],"author":[{"embeddable":true,"href":"https:\/\/www.forbes.be\/nl\/wp-json\/wp\/v2\/users\/24"}],"replies":[{"embeddable":true,"href":"https:\/\/www.forbes.be\/nl\/wp-json\/wp\/v2\/comments?post=10833"}],"version-history":[{"count":2,"href":"https:\/\/www.forbes.be\/nl\/wp-json\/wp\/v2\/posts\/10833\/revisions"}],"predecessor-version":[{"id":10838,"href":"https:\/\/www.forbes.be\/nl\/wp-json\/wp\/v2\/posts\/10833\/revisions\/10838"}],"wp:featuredmedia":[{"embeddable":true,"href":"https:\/\/www.forbes.be\/nl\/wp-json\/wp\/v2\/media\/10832"}],"wp:attachment":[{"href":"https:\/\/www.forbes.be\/nl\/wp-json\/wp\/v2\/media?parent=10833"}],"wp:term":[{"taxonomy":"category","embeddable":true,"href":"https:\/\/www.forbes.be\/nl\/wp-json\/wp\/v2\/categories?post=10833"},{"taxonomy":"post_tag","embeddable":true,"href":"https:\/\/www.forbes.be\/nl\/wp-json\/wp\/v2\/tags?post=10833"}],"curies":[{"name":"wp","href":"https:\/\/api.w.org\/{rel}","templated":true}]}}