{"id":11186,"date":"2026-01-18T07:00:35","date_gmt":"2026-01-18T06:00:35","guid":{"rendered":"https:\/\/www.forbes.be\/nl\/?p=11186"},"modified":"2026-01-21T12:26:20","modified_gmt":"2026-01-21T11:26:20","slug":"remember-leopold-van-saksen-coburg-argenteuil","status":"publish","type":"post","link":"https:\/\/www.forbes.be\/nl\/remember-leopold-van-saksen-coburg-argenteuil\/","title":{"rendered":"Remember Leopold van Saksen-Coburg Argenteuil"},"content":{"rendered":"<p class=\"p1\"><strong><span class=\"s1\">Prins Karel drukte zijn stempel op het Domein Raversyde, maar de aanwezigheid van zijn broer Leopold III is tot op vandaag voelbaar op het Koninklijk Domein van Argenteuil. Tijdens de Tweede Wereldoorlog heeft die laatste een aantal flinke beoordelingsfouten en verkeerde keuzes gemaakt, daar bestaat geen twijfel over. Maar los daarvan waren zijn laatste jaren op het landgoed in Waterloo ongetwijfeld de gelukkigste van zijn leven.<span class=\"Apple-converted-space\">\u00a0<\/span><\/span><\/strong><\/p>\n<blockquote>\n<p class=\"p3\"><span class=\"s2\"><i>\u201cKoningin <\/i><\/span><span class=\"s3\"><i>Elizabeth<\/i><\/span><span class=\"s2\"><i> van Engeland was aan dit tweede <\/i><\/span><span class=\"s3\"><i>Belgische Hof<\/i><\/span><span class=\"s2\"><i> kind aan huis\u201d<\/i><\/span><\/p>\n<\/blockquote>\n<p class=\"p1\"><span class=\"s4\">Het Koninklijk Domein van Argenteuil maakt deel uit van een veel groter gebied dat zijn oorsprong vindt bij Ferdinand de Mee\u00fbs (1798-1861), een vooraanstaand lid van de Soci\u00e9t\u00e9 G\u00e9n\u00e9rale met heel wat invloed op het bewind van Leopold I. Tussen 1833 en 1836 legde hij in Waals-Brabant een indrukwekkend landgoed van honderden hectaren aan, verspreid over Waterloo, Lasne en Terhulpen. Daar verrezen iconische gebouwen zoals het Kasteel van Argenteuil (1847), de kerk Notre-Dame d\u2019Argenteuil (1862), het Kasteel Tuck (1929), de Muziekkapel Koningin Elisabeth (1939) en natuurlijk de Berlaymontschool, waarvan prinses Marie-Christine in 1961 de eerste steen legde.<span class=\"Apple-converted-space\">\u00a0<\/span><\/span><\/p>\n<p class=\"p1\"><span class=\"s1\">In de jaren 1920 verwierf de Amerikaanse zakenman William Hallam Tuck (1890\u20131966), geboren in Baltimore en woonachtig in Ukkel, 143 hectare van het domein Mee\u00fbs d\u2019Argenteuil. Hij liet de New Yorkse architect William Delano (1874\u20131960) er een zomerresidentie bouwen: het Kasteel Tuck (niet te verwarren met het Kasteel van Argenteuil). In 1949 kwam het in handen van de Belgische staat. Premier Joseph Pholien wilde het in 1951 voor bewezen diensten schenken aan prins Karel, maar die sloeg het aanbod af. Uiteindelijk werd het domein omgebouwd tot logement voor VIP-gasten van de Expo 58. Toen koning Boudewijn in 1961 huwde met Fabiola, verhuisde Leopold III noodgedwongen van Laken naar Waterloo, samen met zijn tweede echtgenote Lilian Baels en hun drie kinderen.<span class=\"Apple-converted-space\">\u00a0<\/span><\/span><\/p>\n<p class=\"p2\"><span class=\"s1\"><span class=\"Apple-converted-space\">\u00a0<\/span><\/span><span class=\"s1\">Tot aan zijn overlijden in 1983 woonde Leopold III in Argenteuil, waar hij graag beroemde gasten ontving. Dit tweede \u201cBelgische Hof\u201d was een trefpunt voor royals zoals koningin Elizabeth van Engeland, Nobelprijswinnaars en sporticonen als Eddy Merckx en Enzo Ferrari. In die periode reisde Leopold III veel, vaak samen met zijn dochter Esmeralda, en verdiepte hij zich in natuurbehoud en etnologie.<span class=\"Apple-converted-space\">\u00a0<\/span><\/span><\/p>\n<p class=\"p1\"><span class=\"s1\">Na het overlijden van prinses Lilian in 2002 verliet de familie het Koninklijk Domein van Argenteuil. De Belgische staat had geen belangstelling en dus besloot de regering om het landgoed te koop aan te bieden. Jean-Marie Delwart, een ondernemer met een passie voor ethologie, kocht het in 2004 voor 7,8 miljoen euro. Hij ontwikkelde er wetenschappelijke projecten en zette zo Leopold III\u2019s erfenis voort. Sinds het overlijden van deze voormalige directeur van La Floridienne is de toekomst van het Koninklijk Domein van Argentuil echter onzeker. Zijn drie kinderen zullen beslissen wat er nu met het domein moet gebeuren &#8230;<\/span><span class=\"s5\"><span class=\"Apple-converted-space\">\u00a0<\/span><\/span><\/p>\n","protected":false},"excerpt":{"rendered":"<p>Prins Karel drukte zijn stempel op het Domein Raversyde, maar de aanwezigheid van zijn broer Leopold III is tot op vandaag voelbaar op het Koninklijk Domein van Argenteuil. Tijdens de Tweede Wereldoorlog heeft die laatste een aantal flinke beoordelingsfouten en verkeerde keuzes gemaakt, daar bestaat geen twijfel over. Maar los daarvan waren zijn laatste jaren [&hellip;]<\/p>\n","protected":false},"author":37,"featured_media":13386,"comment_status":"closed","ping_status":"closed","sticky":false,"template":"","format":"standard","meta":{"_acf_changed":false,"inline_featured_image":false,"footnotes":""},"categories":[1],"tags":[],"class_list":{"0":"post-11186","1":"post","2":"type-post","3":"status-publish","4":"format-standard","5":"has-post-thumbnail","7":"category-actualiteit"},"acf":[],"auteur_traducteur":"","yoast_head":"<!-- This site is optimized with the Yoast SEO plugin v27.4 - https:\/\/yoast.com\/product\/yoast-seo-wordpress\/ -->\n<title>Remember Leopold van Saksen-Coburg Argenteuil | Forbes Belgi\u00eb<\/title>\n<meta name=\"description\" content=\"In Waterloo vertelt het koninklijk domein van Argenteuil het weinig bekende verhaal van de laatste jaren van Leopold III, tussen erfgoed, wetenschap en geschiedenis.\" \/>\n<meta name=\"robots\" content=\"index, follow, max-snippet:-1, max-image-preview:large, max-video-preview:-1\" \/>\n<link rel=\"canonical\" href=\"https:\/\/www.forbes.be\/nl\/remember-leopold-van-saksen-coburg-argenteuil\/\" \/>\n<meta property=\"og:locale\" content=\"nl_BE\" \/>\n<meta property=\"og:type\" content=\"article\" \/>\n<meta property=\"og:title\" content=\"Remember Leopold van Saksen-Coburg Argenteuil | Forbes Belgi\u00eb\" \/>\n<meta property=\"og:description\" content=\"In Waterloo vertelt het koninklijk domein van Argenteuil het weinig bekende verhaal van de laatste jaren van Leopold III, tussen erfgoed, wetenschap en geschiedenis.\" \/>\n<meta property=\"og:url\" content=\"https:\/\/www.forbes.be\/nl\/remember-leopold-van-saksen-coburg-argenteuil\/\" \/>\n<meta property=\"og:site_name\" content=\"Forbes Belgi\u00eb\" \/>\n<meta property=\"article:publisher\" content=\"https:\/\/www.facebook.com\/forbesbelgie\" \/>\n<meta property=\"article:published_time\" content=\"2026-01-18T06:00:35+00:00\" \/>\n<meta property=\"article:modified_time\" content=\"2026-01-21T11:26:20+00:00\" \/>\n<meta property=\"og:image\" content=\"https:\/\/www.forbes.be\/nl\/wp-content\/uploads\/2026\/01\/forbes-image-a-la-une-2.jpeg\" \/>\n\t<meta property=\"og:image:width\" content=\"1200\" \/>\n\t<meta property=\"og:image:height\" content=\"628\" \/>\n\t<meta property=\"og:image:type\" content=\"image\/jpeg\" \/>\n<meta name=\"author\" content=\"Paul Grosjean\" \/>\n<meta name=\"twitter:card\" content=\"summary_large_image\" \/>\n<meta name=\"twitter:label1\" content=\"Geschreven door\" \/>\n\t<meta name=\"twitter:data1\" content=\"Paul Grosjean\" \/>\n\t<meta name=\"twitter:label2\" content=\"Geschatte leestijd\" \/>\n\t<meta name=\"twitter:data2\" content=\"3 minuten\" \/>\n<script type=\"application\/ld+json\" class=\"yoast-schema-graph\">{\"@context\":\"https:\\\/\\\/schema.org\",\"@graph\":[{\"@type\":\"NewsArticle\",\"@id\":\"https:\\\/\\\/www.forbes.be\\\/nl\\\/remember-leopold-van-saksen-coburg-argenteuil\\\/#article\",\"isPartOf\":{\"@id\":\"https:\\\/\\\/www.forbes.be\\\/nl\\\/remember-leopold-van-saksen-coburg-argenteuil\\\/\"},\"author\":{\"name\":\"Paul Grosjean\",\"@id\":\"https:\\\/\\\/www.forbes.be\\\/nl\\\/#\\\/schema\\\/person\\\/df19cd8fbdf778150779d8093cfa086b\"},\"headline\":\"Remember Leopold van Saksen-Coburg Argenteuil\",\"datePublished\":\"2026-01-18T06:00:35+00:00\",\"dateModified\":\"2026-01-21T11:26:20+00:00\",\"mainEntityOfPage\":{\"@id\":\"https:\\\/\\\/www.forbes.be\\\/nl\\\/remember-leopold-van-saksen-coburg-argenteuil\\\/\"},\"wordCount\":449,\"publisher\":{\"@id\":\"https:\\\/\\\/www.forbes.be\\\/nl\\\/#organization\"},\"image\":{\"@id\":\"https:\\\/\\\/www.forbes.be\\\/nl\\\/remember-leopold-van-saksen-coburg-argenteuil\\\/#primaryimage\"},\"thumbnailUrl\":\"https:\\\/\\\/www.forbes.be\\\/nl\\\/wp-content\\\/uploads\\\/2026\\\/01\\\/forbes-image-a-la-une-2.jpeg\",\"articleSection\":[\"Actualiteit\"],\"inLanguage\":\"nl-BE\"},{\"@type\":\"WebPage\",\"@id\":\"https:\\\/\\\/www.forbes.be\\\/nl\\\/remember-leopold-van-saksen-coburg-argenteuil\\\/\",\"url\":\"https:\\\/\\\/www.forbes.be\\\/nl\\\/remember-leopold-van-saksen-coburg-argenteuil\\\/\",\"name\":\"Remember Leopold van Saksen-Coburg Argenteuil | Forbes Belgi\u00eb\",\"isPartOf\":{\"@id\":\"https:\\\/\\\/www.forbes.be\\\/nl\\\/#website\"},\"primaryImageOfPage\":{\"@id\":\"https:\\\/\\\/www.forbes.be\\\/nl\\\/remember-leopold-van-saksen-coburg-argenteuil\\\/#primaryimage\"},\"image\":{\"@id\":\"https:\\\/\\\/www.forbes.be\\\/nl\\\/remember-leopold-van-saksen-coburg-argenteuil\\\/#primaryimage\"},\"thumbnailUrl\":\"https:\\\/\\\/www.forbes.be\\\/nl\\\/wp-content\\\/uploads\\\/2026\\\/01\\\/forbes-image-a-la-une-2.jpeg\",\"datePublished\":\"2026-01-18T06:00:35+00:00\",\"dateModified\":\"2026-01-21T11:26:20+00:00\",\"description\":\"In Waterloo vertelt het koninklijk domein van Argenteuil het weinig bekende verhaal van de laatste jaren van Leopold III, tussen erfgoed, wetenschap en geschiedenis.\",\"breadcrumb\":{\"@id\":\"https:\\\/\\\/www.forbes.be\\\/nl\\\/remember-leopold-van-saksen-coburg-argenteuil\\\/#breadcrumb\"},\"inLanguage\":\"nl-BE\",\"potentialAction\":[{\"@type\":\"ReadAction\",\"target\":[\"https:\\\/\\\/www.forbes.be\\\/nl\\\/remember-leopold-van-saksen-coburg-argenteuil\\\/\"]}]},{\"@type\":\"ImageObject\",\"inLanguage\":\"nl-BE\",\"@id\":\"https:\\\/\\\/www.forbes.be\\\/nl\\\/remember-leopold-van-saksen-coburg-argenteuil\\\/#primaryimage\",\"url\":\"https:\\\/\\\/www.forbes.be\\\/nl\\\/wp-content\\\/uploads\\\/2026\\\/01\\\/forbes-image-a-la-une-2.jpeg\",\"contentUrl\":\"https:\\\/\\\/www.forbes.be\\\/nl\\\/wp-content\\\/uploads\\\/2026\\\/01\\\/forbes-image-a-la-une-2.jpeg\",\"width\":1200,\"height\":628},{\"@type\":\"BreadcrumbList\",\"@id\":\"https:\\\/\\\/www.forbes.be\\\/nl\\\/remember-leopold-van-saksen-coburg-argenteuil\\\/#breadcrumb\",\"itemListElement\":[{\"@type\":\"ListItem\",\"position\":1,\"name\":\"Accueil\",\"item\":\"https:\\\/\\\/www.forbes.be\\\/nl\\\/\"},{\"@type\":\"ListItem\",\"position\":2,\"name\":\"Remember Leopold van Saksen-Coburg Argenteuil\"}]},{\"@type\":\"WebSite\",\"@id\":\"https:\\\/\\\/www.forbes.be\\\/nl\\\/#website\",\"url\":\"https:\\\/\\\/www.forbes.be\\\/nl\\\/\",\"name\":\"Forbes Belgi\u00eb\",\"description\":\"\",\"publisher\":{\"@id\":\"https:\\\/\\\/www.forbes.be\\\/nl\\\/#organization\"},\"potentialAction\":[{\"@type\":\"SearchAction\",\"target\":{\"@type\":\"EntryPoint\",\"urlTemplate\":\"https:\\\/\\\/www.forbes.be\\\/nl\\\/?s={search_term_string}\"},\"query-input\":{\"@type\":\"PropertyValueSpecification\",\"valueRequired\":true,\"valueName\":\"search_term_string\"}}],\"inLanguage\":\"nl-BE\"},{\"@type\":\"Organization\",\"@id\":\"https:\\\/\\\/www.forbes.be\\\/nl\\\/#organization\",\"name\":\"Forbes Belgi\u00eb\",\"url\":\"https:\\\/\\\/www.forbes.be\\\/nl\\\/\",\"logo\":{\"@type\":\"ImageObject\",\"inLanguage\":\"nl-BE\",\"@id\":\"https:\\\/\\\/www.forbes.be\\\/nl\\\/#\\\/schema\\\/logo\\\/image\\\/\",\"url\":\"https:\\\/\\\/www.forbes.be\\\/nl\\\/wp-content\\\/uploads\\\/2024\\\/02\\\/forbes.be_.png\",\"contentUrl\":\"https:\\\/\\\/www.forbes.be\\\/nl\\\/wp-content\\\/uploads\\\/2024\\\/02\\\/forbes.be_.png\",\"width\":1200,\"height\":675,\"caption\":\"Forbes Belgi\u00eb\"},\"image\":{\"@id\":\"https:\\\/\\\/www.forbes.be\\\/nl\\\/#\\\/schema\\\/logo\\\/image\\\/\"},\"sameAs\":[\"https:\\\/\\\/www.facebook.com\\\/forbesbelgie\",\"https:\\\/\\\/www.instagram.com\\\/Forbes_Belgium\",\"https:\\\/\\\/www.linkedin.com\\\/company\\\/forbes-belgium\\\/\"]},{\"@type\":\"Person\",\"@id\":\"https:\\\/\\\/www.forbes.be\\\/nl\\\/#\\\/schema\\\/person\\\/df19cd8fbdf778150779d8093cfa086b\",\"name\":\"Paul Grosjean\",\"image\":{\"@type\":\"ImageObject\",\"inLanguage\":\"nl-BE\",\"@id\":\"https:\\\/\\\/secure.gravatar.com\\\/avatar\\\/e74351c2a2263a692010b3d9156908b6c0fc4997870bb7ce6432f5e9b3abd811?s=96&d=mm&r=g\",\"url\":\"https:\\\/\\\/secure.gravatar.com\\\/avatar\\\/e74351c2a2263a692010b3d9156908b6c0fc4997870bb7ce6432f5e9b3abd811?s=96&d=mm&r=g\",\"contentUrl\":\"https:\\\/\\\/secure.gravatar.com\\\/avatar\\\/e74351c2a2263a692010b3d9156908b6c0fc4997870bb7ce6432f5e9b3abd811?s=96&d=mm&r=g\",\"caption\":\"Paul Grosjean\"},\"url\":\"https:\\\/\\\/www.forbes.be\\\/nl\\\/author\\\/paul-grosjean\\\/\"}]}<\/script>\n<!-- \/ Yoast SEO plugin. -->","yoast_head_json":{"title":"Remember Leopold van Saksen-Coburg Argenteuil | Forbes Belgi\u00eb","description":"In Waterloo vertelt het koninklijk domein van Argenteuil het weinig bekende verhaal van de laatste jaren van Leopold III, tussen erfgoed, wetenschap en geschiedenis.","robots":{"index":"index","follow":"follow","max-snippet":"max-snippet:-1","max-image-preview":"max-image-preview:large","max-video-preview":"max-video-preview:-1"},"canonical":"https:\/\/www.forbes.be\/nl\/remember-leopold-van-saksen-coburg-argenteuil\/","og_locale":"nl_BE","og_type":"article","og_title":"Remember Leopold van Saksen-Coburg Argenteuil | Forbes Belgi\u00eb","og_description":"In Waterloo vertelt het koninklijk domein van Argenteuil het weinig bekende verhaal van de laatste jaren van Leopold III, tussen erfgoed, wetenschap en geschiedenis.","og_url":"https:\/\/www.forbes.be\/nl\/remember-leopold-van-saksen-coburg-argenteuil\/","og_site_name":"Forbes Belgi\u00eb","article_publisher":"https:\/\/www.facebook.com\/forbesbelgie","article_published_time":"2026-01-18T06:00:35+00:00","article_modified_time":"2026-01-21T11:26:20+00:00","og_image":[{"width":1200,"height":628,"url":"https:\/\/www.forbes.be\/nl\/wp-content\/uploads\/2026\/01\/forbes-image-a-la-une-2.jpeg","type":"image\/jpeg"}],"author":"Paul Grosjean","twitter_card":"summary_large_image","twitter_misc":{"Geschreven door":"Paul Grosjean","Geschatte leestijd":"3 minuten"},"schema":{"@context":"https:\/\/schema.org","@graph":[{"@type":"NewsArticle","@id":"https:\/\/www.forbes.be\/nl\/remember-leopold-van-saksen-coburg-argenteuil\/#article","isPartOf":{"@id":"https:\/\/www.forbes.be\/nl\/remember-leopold-van-saksen-coburg-argenteuil\/"},"author":{"name":"Paul Grosjean","@id":"https:\/\/www.forbes.be\/nl\/#\/schema\/person\/df19cd8fbdf778150779d8093cfa086b"},"headline":"Remember Leopold van Saksen-Coburg Argenteuil","datePublished":"2026-01-18T06:00:35+00:00","dateModified":"2026-01-21T11:26:20+00:00","mainEntityOfPage":{"@id":"https:\/\/www.forbes.be\/nl\/remember-leopold-van-saksen-coburg-argenteuil\/"},"wordCount":449,"publisher":{"@id":"https:\/\/www.forbes.be\/nl\/#organization"},"image":{"@id":"https:\/\/www.forbes.be\/nl\/remember-leopold-van-saksen-coburg-argenteuil\/#primaryimage"},"thumbnailUrl":"https:\/\/www.forbes.be\/nl\/wp-content\/uploads\/2026\/01\/forbes-image-a-la-une-2.jpeg","articleSection":["Actualiteit"],"inLanguage":"nl-BE"},{"@type":"WebPage","@id":"https:\/\/www.forbes.be\/nl\/remember-leopold-van-saksen-coburg-argenteuil\/","url":"https:\/\/www.forbes.be\/nl\/remember-leopold-van-saksen-coburg-argenteuil\/","name":"Remember Leopold van Saksen-Coburg Argenteuil | Forbes Belgi\u00eb","isPartOf":{"@id":"https:\/\/www.forbes.be\/nl\/#website"},"primaryImageOfPage":{"@id":"https:\/\/www.forbes.be\/nl\/remember-leopold-van-saksen-coburg-argenteuil\/#primaryimage"},"image":{"@id":"https:\/\/www.forbes.be\/nl\/remember-leopold-van-saksen-coburg-argenteuil\/#primaryimage"},"thumbnailUrl":"https:\/\/www.forbes.be\/nl\/wp-content\/uploads\/2026\/01\/forbes-image-a-la-une-2.jpeg","datePublished":"2026-01-18T06:00:35+00:00","dateModified":"2026-01-21T11:26:20+00:00","description":"In Waterloo vertelt het koninklijk domein van Argenteuil het weinig bekende verhaal van de laatste jaren van Leopold III, tussen erfgoed, wetenschap en geschiedenis.","breadcrumb":{"@id":"https:\/\/www.forbes.be\/nl\/remember-leopold-van-saksen-coburg-argenteuil\/#breadcrumb"},"inLanguage":"nl-BE","potentialAction":[{"@type":"ReadAction","target":["https:\/\/www.forbes.be\/nl\/remember-leopold-van-saksen-coburg-argenteuil\/"]}]},{"@type":"ImageObject","inLanguage":"nl-BE","@id":"https:\/\/www.forbes.be\/nl\/remember-leopold-van-saksen-coburg-argenteuil\/#primaryimage","url":"https:\/\/www.forbes.be\/nl\/wp-content\/uploads\/2026\/01\/forbes-image-a-la-une-2.jpeg","contentUrl":"https:\/\/www.forbes.be\/nl\/wp-content\/uploads\/2026\/01\/forbes-image-a-la-une-2.jpeg","width":1200,"height":628},{"@type":"BreadcrumbList","@id":"https:\/\/www.forbes.be\/nl\/remember-leopold-van-saksen-coburg-argenteuil\/#breadcrumb","itemListElement":[{"@type":"ListItem","position":1,"name":"Accueil","item":"https:\/\/www.forbes.be\/nl\/"},{"@type":"ListItem","position":2,"name":"Remember Leopold van Saksen-Coburg Argenteuil"}]},{"@type":"WebSite","@id":"https:\/\/www.forbes.be\/nl\/#website","url":"https:\/\/www.forbes.be\/nl\/","name":"Forbes Belgi\u00eb","description":"","publisher":{"@id":"https:\/\/www.forbes.be\/nl\/#organization"},"potentialAction":[{"@type":"SearchAction","target":{"@type":"EntryPoint","urlTemplate":"https:\/\/www.forbes.be\/nl\/?s={search_term_string}"},"query-input":{"@type":"PropertyValueSpecification","valueRequired":true,"valueName":"search_term_string"}}],"inLanguage":"nl-BE"},{"@type":"Organization","@id":"https:\/\/www.forbes.be\/nl\/#organization","name":"Forbes Belgi\u00eb","url":"https:\/\/www.forbes.be\/nl\/","logo":{"@type":"ImageObject","inLanguage":"nl-BE","@id":"https:\/\/www.forbes.be\/nl\/#\/schema\/logo\/image\/","url":"https:\/\/www.forbes.be\/nl\/wp-content\/uploads\/2024\/02\/forbes.be_.png","contentUrl":"https:\/\/www.forbes.be\/nl\/wp-content\/uploads\/2024\/02\/forbes.be_.png","width":1200,"height":675,"caption":"Forbes Belgi\u00eb"},"image":{"@id":"https:\/\/www.forbes.be\/nl\/#\/schema\/logo\/image\/"},"sameAs":["https:\/\/www.facebook.com\/forbesbelgie","https:\/\/www.instagram.com\/Forbes_Belgium","https:\/\/www.linkedin.com\/company\/forbes-belgium\/"]},{"@type":"Person","@id":"https:\/\/www.forbes.be\/nl\/#\/schema\/person\/df19cd8fbdf778150779d8093cfa086b","name":"Paul Grosjean","image":{"@type":"ImageObject","inLanguage":"nl-BE","@id":"https:\/\/secure.gravatar.com\/avatar\/e74351c2a2263a692010b3d9156908b6c0fc4997870bb7ce6432f5e9b3abd811?s=96&d=mm&r=g","url":"https:\/\/secure.gravatar.com\/avatar\/e74351c2a2263a692010b3d9156908b6c0fc4997870bb7ce6432f5e9b3abd811?s=96&d=mm&r=g","contentUrl":"https:\/\/secure.gravatar.com\/avatar\/e74351c2a2263a692010b3d9156908b6c0fc4997870bb7ce6432f5e9b3abd811?s=96&d=mm&r=g","caption":"Paul Grosjean"},"url":"https:\/\/www.forbes.be\/nl\/author\/paul-grosjean\/"}]}},"_links":{"self":[{"href":"https:\/\/www.forbes.be\/nl\/wp-json\/wp\/v2\/posts\/11186","targetHints":{"allow":["GET"]}}],"collection":[{"href":"https:\/\/www.forbes.be\/nl\/wp-json\/wp\/v2\/posts"}],"about":[{"href":"https:\/\/www.forbes.be\/nl\/wp-json\/wp\/v2\/types\/post"}],"author":[{"embeddable":true,"href":"https:\/\/www.forbes.be\/nl\/wp-json\/wp\/v2\/users\/37"}],"replies":[{"embeddable":true,"href":"https:\/\/www.forbes.be\/nl\/wp-json\/wp\/v2\/comments?post=11186"}],"version-history":[{"count":2,"href":"https:\/\/www.forbes.be\/nl\/wp-json\/wp\/v2\/posts\/11186\/revisions"}],"predecessor-version":[{"id":11189,"href":"https:\/\/www.forbes.be\/nl\/wp-json\/wp\/v2\/posts\/11186\/revisions\/11189"}],"wp:featuredmedia":[{"embeddable":true,"href":"https:\/\/www.forbes.be\/nl\/wp-json\/wp\/v2\/media\/13386"}],"wp:attachment":[{"href":"https:\/\/www.forbes.be\/nl\/wp-json\/wp\/v2\/media?parent=11186"}],"wp:term":[{"taxonomy":"category","embeddable":true,"href":"https:\/\/www.forbes.be\/nl\/wp-json\/wp\/v2\/categories?post=11186"},{"taxonomy":"post_tag","embeddable":true,"href":"https:\/\/www.forbes.be\/nl\/wp-json\/wp\/v2\/tags?post=11186"}],"curies":[{"name":"wp","href":"https:\/\/api.w.org\/{rel}","templated":true}]}}