{"id":11245,"date":"2025-09-04T07:30:53","date_gmt":"2025-09-04T05:30:53","guid":{"rendered":"https:\/\/www.forbes.be\/nl\/?p=11245"},"modified":"2025-09-04T09:10:08","modified_gmt":"2025-09-04T07:10:08","slug":"elon-musk-klaagt-apple-en-openai-aan-wegens-concurrentievervalsing","status":"publish","type":"post","link":"https:\/\/www.forbes.be\/nl\/elon-musk-klaagt-apple-en-openai-aan-wegens-concurrentievervalsing\/","title":{"rendered":"Elon Musk klaagt Apple en OpenAI aan wegens concurrentievervalsing"},"content":{"rendered":"<p><strong>Elon Musk kondigde recent aan dat hij Apple en OpenAI voor de rechter wil dagen. Deze juridische actie markeert een nieuwe en opvallende fase in de voortdurende strijd om de controle over de snel groeiende AI-markt.<\/strong><\/p>\n<p>Musk beweert dat de samenwerking tussen deze twee giganten anticoncurrentieel is en dat <a href=\"https:\/\/www.apple.com\/benl\/?afid=p240%7Cgo~cmp-210286615~adg-12762094255~ad-733683635997_kwd-10778630~dev-c~ext-~prd-~mca-~nt-search&amp;cid=aos-be-kwgo-brand--\">Apple<\/a> haar gebruikers blootstelt aan AI-modellen zonder voldoende transparantie en controle. Volgens de CEO van Tesla vormen deze praktijken niet alleen een bedreiging voor eerlijke concurrentie, maar ook voor de privacy van miljoenen gebruikers.<\/p>\n<h2>Drie grote klachten<\/h2>\n<p>De belangrijkste klachten van Musk richten zich op drie punten. Ten eerste stelt hij dat Apple technologie <a href=\"https:\/\/openai.com\/\">OpenAI<\/a> in haar producten integreert zonder volledige openheid te verschaffen over de werking van de AI-systemen. Dit maakt het volgens hem voor andere partijen moeilijk om te concurreren en ondermijnt de transparantie in de sector. Daarnaast beweert de ondernemer dat via diensten als Siri mogelijk gebruikersgegevens worden gedeeld met ChatGPT en andere OpenAI-producten, zonder dat consumenten hier voldoende over ge\u00efnformeerd worden en zonder dat ze hier expliciet toestemming voor geven. Ten derde stelt Musk dat de samenwerking tussen Apple en OpenAI het oorspronkelijke niet-commerci\u00eble doel van OpenAI schendt. OpenAI werd oorspronkelijk immers opgericht om AI op een open, eerlijke en ethische manier te ontwikkelen.<\/p>\n<p>Musk beroept zich op Amerikaanse en Californi\u00ebwetgeving rondom mededinging en privacybescherming. De rechtszaak kan mogelijk leiden tot strengere regulering van AI en datapraktijken, zowel op nationaal als internationaal niveau, en kan de verdere ontwikkeling en integratie van AI-technologie in consumentenproducten vertragen.<\/p>\n<h2>Grote implicaties voor de Big Tech<\/h2>\n<p>De zaak heeft grote implicaties voor Big Tech. Als Musk gelijk krijgt, kan deze juridische stap leiden tot nieuwe regels en toezicht die de marktpositie van grote spelers verder onder druk zetten. Voor aandelen van bedrijven zoals Apple en Microsoft betekent dat mogelijk volatiliteit en onzekerheid. Bovendien onderstreept de rechtszaak dat de regulering en controle van AI een onderwerp is dat steeds meer aandacht krijgt van overheden in zowel de Verenigde Staten als Europa.<\/p>\n<p>Elon Musk gebruikt niet alleen X of Tesla als podium, maar ook rechtbanken om zijn visie op AI en marktdominantie door te drukken. Deze rechtszaak kan verstrekkende gevolgen hebben voor hoe Big Tech AI inbouwt in consumentenproducten.<\/p>\n<p>Lees ook: <a href=\"https:\/\/www.forbes.be\/nl\/amerikaanse-miljardairs-tellen-hun-verlies\/\">Amerikaanse miljardairs tellen hun verlies<\/a><\/p>\n","protected":false},"excerpt":{"rendered":"<p>Elon Musk kondigde recent aan dat hij Apple en OpenAI voor de rechter wil dagen. Deze juridische actie markeert een nieuwe en opvallende fase in de voortdurende strijd om de controle over de snel groeiende AI-markt. Musk beweert dat de samenwerking tussen deze twee giganten anticoncurrentieel is en dat Apple haar gebruikers blootstelt aan AI-modellen [&hellip;]<\/p>\n","protected":false},"author":44,"featured_media":11246,"comment_status":"closed","ping_status":"closed","sticky":false,"template":"","format":"standard","meta":{"_acf_changed":false,"inline_featured_image":false,"footnotes":""},"categories":[1,61],"tags":[],"class_list":{"0":"post-11245","1":"post","2":"type-post","3":"status-publish","4":"format-standard","5":"has-post-thumbnail","7":"category-actualiteit","8":"category-news"},"acf":[],"auteur_traducteur":"","yoast_head":"<!-- This site is optimized with the Yoast SEO plugin v27.4 - https:\/\/yoast.com\/product\/yoast-seo-wordpress\/ -->\n<title>Elon Musk klaagt Apple en OpenAI aan wegens concurrentievervalsing | Forbes Belgi\u00eb<\/title>\n<meta name=\"description\" content=\"Elon Musk kondigde recent aan dat hij Apple en OpenAI voor de rechter wil dagen. Deze juridische actie markeert een nieuwe en opvallende fase in de voortdurende strijd om de controle over de snel groeiende AI-markt.\" \/>\n<meta name=\"robots\" content=\"index, follow, max-snippet:-1, max-image-preview:large, max-video-preview:-1\" \/>\n<link rel=\"canonical\" href=\"https:\/\/www.forbes.be\/nl\/elon-musk-klaagt-apple-en-openai-aan-wegens-concurrentievervalsing\/\" \/>\n<meta property=\"og:locale\" content=\"nl_BE\" \/>\n<meta property=\"og:type\" content=\"article\" \/>\n<meta property=\"og:title\" content=\"Elon Musk klaagt Apple en OpenAI aan wegens concurrentievervalsing | Forbes Belgi\u00eb\" \/>\n<meta property=\"og:description\" content=\"Elon Musk kondigde recent aan dat hij Apple en OpenAI voor de rechter wil dagen. Deze juridische actie markeert een nieuwe en opvallende fase in de voortdurende strijd om de controle over de snel groeiende AI-markt.\" \/>\n<meta property=\"og:url\" content=\"https:\/\/www.forbes.be\/nl\/elon-musk-klaagt-apple-en-openai-aan-wegens-concurrentievervalsing\/\" \/>\n<meta property=\"og:site_name\" content=\"Forbes Belgi\u00eb\" \/>\n<meta property=\"article:publisher\" content=\"https:\/\/www.facebook.com\/forbesbelgie\" \/>\n<meta property=\"article:published_time\" content=\"2025-09-04T05:30:53+00:00\" \/>\n<meta property=\"article:modified_time\" content=\"2025-09-04T07:10:08+00:00\" \/>\n<meta property=\"og:image\" content=\"https:\/\/www.forbes.be\/nl\/wp-content\/uploads\/2025\/09\/shutterstock-2623907901-scaled.jpg\" \/>\n\t<meta property=\"og:image:width\" content=\"2560\" \/>\n\t<meta property=\"og:image:height\" content=\"1707\" \/>\n\t<meta property=\"og:image:type\" content=\"image\/jpeg\" \/>\n<meta name=\"author\" content=\"Forbes Belgi\u00eb\" \/>\n<meta name=\"twitter:card\" content=\"summary_large_image\" \/>\n<meta name=\"twitter:label1\" content=\"Geschreven door\" \/>\n\t<meta name=\"twitter:data1\" content=\"Forbes Belgi\u00eb\" \/>\n\t<meta name=\"twitter:label2\" content=\"Geschatte leestijd\" \/>\n\t<meta name=\"twitter:data2\" content=\"3 minuten\" \/>\n<script type=\"application\/ld+json\" class=\"yoast-schema-graph\">{\"@context\":\"https:\\\/\\\/schema.org\",\"@graph\":[{\"@type\":\"NewsArticle\",\"@id\":\"https:\\\/\\\/www.forbes.be\\\/nl\\\/elon-musk-klaagt-apple-en-openai-aan-wegens-concurrentievervalsing\\\/#article\",\"isPartOf\":{\"@id\":\"https:\\\/\\\/www.forbes.be\\\/nl\\\/elon-musk-klaagt-apple-en-openai-aan-wegens-concurrentievervalsing\\\/\"},\"author\":{\"name\":\"Forbes Belgi\u00eb\",\"@id\":\"https:\\\/\\\/www.forbes.be\\\/nl\\\/#\\\/schema\\\/person\\\/a5cd1af95bfdf482714e480b06269270\"},\"headline\":\"Elon Musk klaagt Apple en OpenAI aan wegens concurrentievervalsing\",\"datePublished\":\"2025-09-04T05:30:53+00:00\",\"dateModified\":\"2025-09-04T07:10:08+00:00\",\"mainEntityOfPage\":{\"@id\":\"https:\\\/\\\/www.forbes.be\\\/nl\\\/elon-musk-klaagt-apple-en-openai-aan-wegens-concurrentievervalsing\\\/\"},\"wordCount\":384,\"publisher\":{\"@id\":\"https:\\\/\\\/www.forbes.be\\\/nl\\\/#organization\"},\"image\":{\"@id\":\"https:\\\/\\\/www.forbes.be\\\/nl\\\/elon-musk-klaagt-apple-en-openai-aan-wegens-concurrentievervalsing\\\/#primaryimage\"},\"thumbnailUrl\":\"https:\\\/\\\/www.forbes.be\\\/nl\\\/wp-content\\\/uploads\\\/2025\\\/09\\\/shutterstock-2623907901-scaled.jpg\",\"articleSection\":[\"Actualiteit\",\"News\"],\"inLanguage\":\"nl-BE\"},{\"@type\":\"WebPage\",\"@id\":\"https:\\\/\\\/www.forbes.be\\\/nl\\\/elon-musk-klaagt-apple-en-openai-aan-wegens-concurrentievervalsing\\\/\",\"url\":\"https:\\\/\\\/www.forbes.be\\\/nl\\\/elon-musk-klaagt-apple-en-openai-aan-wegens-concurrentievervalsing\\\/\",\"name\":\"Elon Musk klaagt Apple en OpenAI aan wegens concurrentievervalsing | Forbes Belgi\u00eb\",\"isPartOf\":{\"@id\":\"https:\\\/\\\/www.forbes.be\\\/nl\\\/#website\"},\"primaryImageOfPage\":{\"@id\":\"https:\\\/\\\/www.forbes.be\\\/nl\\\/elon-musk-klaagt-apple-en-openai-aan-wegens-concurrentievervalsing\\\/#primaryimage\"},\"image\":{\"@id\":\"https:\\\/\\\/www.forbes.be\\\/nl\\\/elon-musk-klaagt-apple-en-openai-aan-wegens-concurrentievervalsing\\\/#primaryimage\"},\"thumbnailUrl\":\"https:\\\/\\\/www.forbes.be\\\/nl\\\/wp-content\\\/uploads\\\/2025\\\/09\\\/shutterstock-2623907901-scaled.jpg\",\"datePublished\":\"2025-09-04T05:30:53+00:00\",\"dateModified\":\"2025-09-04T07:10:08+00:00\",\"description\":\"Elon Musk kondigde recent aan dat hij Apple en OpenAI voor de rechter wil dagen. Deze juridische actie markeert een nieuwe en opvallende fase in de voortdurende strijd om de controle over de snel groeiende AI-markt.\",\"breadcrumb\":{\"@id\":\"https:\\\/\\\/www.forbes.be\\\/nl\\\/elon-musk-klaagt-apple-en-openai-aan-wegens-concurrentievervalsing\\\/#breadcrumb\"},\"inLanguage\":\"nl-BE\",\"potentialAction\":[{\"@type\":\"ReadAction\",\"target\":[\"https:\\\/\\\/www.forbes.be\\\/nl\\\/elon-musk-klaagt-apple-en-openai-aan-wegens-concurrentievervalsing\\\/\"]}]},{\"@type\":\"ImageObject\",\"inLanguage\":\"nl-BE\",\"@id\":\"https:\\\/\\\/www.forbes.be\\\/nl\\\/elon-musk-klaagt-apple-en-openai-aan-wegens-concurrentievervalsing\\\/#primaryimage\",\"url\":\"https:\\\/\\\/www.forbes.be\\\/nl\\\/wp-content\\\/uploads\\\/2025\\\/09\\\/shutterstock-2623907901-scaled.jpg\",\"contentUrl\":\"https:\\\/\\\/www.forbes.be\\\/nl\\\/wp-content\\\/uploads\\\/2025\\\/09\\\/shutterstock-2623907901-scaled.jpg\",\"width\":2560,\"height\":1707,\"caption\":\"\u00a9 Shutterstock\"},{\"@type\":\"BreadcrumbList\",\"@id\":\"https:\\\/\\\/www.forbes.be\\\/nl\\\/elon-musk-klaagt-apple-en-openai-aan-wegens-concurrentievervalsing\\\/#breadcrumb\",\"itemListElement\":[{\"@type\":\"ListItem\",\"position\":1,\"name\":\"Accueil\",\"item\":\"https:\\\/\\\/www.forbes.be\\\/nl\\\/\"},{\"@type\":\"ListItem\",\"position\":2,\"name\":\"Elon Musk klaagt Apple en OpenAI aan wegens concurrentievervalsing\"}]},{\"@type\":\"WebSite\",\"@id\":\"https:\\\/\\\/www.forbes.be\\\/nl\\\/#website\",\"url\":\"https:\\\/\\\/www.forbes.be\\\/nl\\\/\",\"name\":\"Forbes Belgi\u00eb\",\"description\":\"\",\"publisher\":{\"@id\":\"https:\\\/\\\/www.forbes.be\\\/nl\\\/#organization\"},\"potentialAction\":[{\"@type\":\"SearchAction\",\"target\":{\"@type\":\"EntryPoint\",\"urlTemplate\":\"https:\\\/\\\/www.forbes.be\\\/nl\\\/?s={search_term_string}\"},\"query-input\":{\"@type\":\"PropertyValueSpecification\",\"valueRequired\":true,\"valueName\":\"search_term_string\"}}],\"inLanguage\":\"nl-BE\"},{\"@type\":\"Organization\",\"@id\":\"https:\\\/\\\/www.forbes.be\\\/nl\\\/#organization\",\"name\":\"Forbes Belgi\u00eb\",\"url\":\"https:\\\/\\\/www.forbes.be\\\/nl\\\/\",\"logo\":{\"@type\":\"ImageObject\",\"inLanguage\":\"nl-BE\",\"@id\":\"https:\\\/\\\/www.forbes.be\\\/nl\\\/#\\\/schema\\\/logo\\\/image\\\/\",\"url\":\"https:\\\/\\\/www.forbes.be\\\/nl\\\/wp-content\\\/uploads\\\/2024\\\/02\\\/forbes.be_.png\",\"contentUrl\":\"https:\\\/\\\/www.forbes.be\\\/nl\\\/wp-content\\\/uploads\\\/2024\\\/02\\\/forbes.be_.png\",\"width\":1200,\"height\":675,\"caption\":\"Forbes Belgi\u00eb\"},\"image\":{\"@id\":\"https:\\\/\\\/www.forbes.be\\\/nl\\\/#\\\/schema\\\/logo\\\/image\\\/\"},\"sameAs\":[\"https:\\\/\\\/www.facebook.com\\\/forbesbelgie\",\"https:\\\/\\\/www.instagram.com\\\/Forbes_Belgium\",\"https:\\\/\\\/www.linkedin.com\\\/company\\\/forbes-belgium\\\/\"]},{\"@type\":\"Person\",\"@id\":\"https:\\\/\\\/www.forbes.be\\\/nl\\\/#\\\/schema\\\/person\\\/a5cd1af95bfdf482714e480b06269270\",\"name\":\"Forbes Belgi\u00eb\",\"image\":{\"@type\":\"ImageObject\",\"inLanguage\":\"nl-BE\",\"@id\":\"https:\\\/\\\/www.forbes.be\\\/nl\\\/wp-content\\\/uploads\\\/2025\\\/03\\\/forbes-logo-100x100.png\",\"url\":\"https:\\\/\\\/www.forbes.be\\\/nl\\\/wp-content\\\/uploads\\\/2025\\\/03\\\/forbes-logo-100x100.png\",\"contentUrl\":\"https:\\\/\\\/www.forbes.be\\\/nl\\\/wp-content\\\/uploads\\\/2025\\\/03\\\/forbes-logo-100x100.png\",\"caption\":\"Forbes Belgi\u00eb\"},\"description\":\"Volg Forbes Belgi\u00eb voor het laatste nieuws over economie, business, financi\u00ebn en innovatie. Ontdek diepgaande analyses en deskundig advies.\",\"url\":\"https:\\\/\\\/www.forbes.be\\\/nl\\\/author\\\/f9045e55ab1f8078847d0f7a8a40100b5db46a29\\\/\"}]}<\/script>\n<!-- \/ Yoast SEO plugin. -->","yoast_head_json":{"title":"Elon Musk klaagt Apple en OpenAI aan wegens concurrentievervalsing | Forbes Belgi\u00eb","description":"Elon Musk kondigde recent aan dat hij Apple en OpenAI voor de rechter wil dagen. Deze juridische actie markeert een nieuwe en opvallende fase in de voortdurende strijd om de controle over de snel groeiende AI-markt.","robots":{"index":"index","follow":"follow","max-snippet":"max-snippet:-1","max-image-preview":"max-image-preview:large","max-video-preview":"max-video-preview:-1"},"canonical":"https:\/\/www.forbes.be\/nl\/elon-musk-klaagt-apple-en-openai-aan-wegens-concurrentievervalsing\/","og_locale":"nl_BE","og_type":"article","og_title":"Elon Musk klaagt Apple en OpenAI aan wegens concurrentievervalsing | Forbes Belgi\u00eb","og_description":"Elon Musk kondigde recent aan dat hij Apple en OpenAI voor de rechter wil dagen. Deze juridische actie markeert een nieuwe en opvallende fase in de voortdurende strijd om de controle over de snel groeiende AI-markt.","og_url":"https:\/\/www.forbes.be\/nl\/elon-musk-klaagt-apple-en-openai-aan-wegens-concurrentievervalsing\/","og_site_name":"Forbes Belgi\u00eb","article_publisher":"https:\/\/www.facebook.com\/forbesbelgie","article_published_time":"2025-09-04T05:30:53+00:00","article_modified_time":"2025-09-04T07:10:08+00:00","og_image":[{"width":2560,"height":1707,"url":"https:\/\/www.forbes.be\/nl\/wp-content\/uploads\/2025\/09\/shutterstock-2623907901-scaled.jpg","type":"image\/jpeg"}],"author":"Forbes Belgi\u00eb","twitter_card":"summary_large_image","twitter_misc":{"Geschreven door":"Forbes Belgi\u00eb","Geschatte leestijd":"3 minuten"},"schema":{"@context":"https:\/\/schema.org","@graph":[{"@type":"NewsArticle","@id":"https:\/\/www.forbes.be\/nl\/elon-musk-klaagt-apple-en-openai-aan-wegens-concurrentievervalsing\/#article","isPartOf":{"@id":"https:\/\/www.forbes.be\/nl\/elon-musk-klaagt-apple-en-openai-aan-wegens-concurrentievervalsing\/"},"author":{"name":"Forbes Belgi\u00eb","@id":"https:\/\/www.forbes.be\/nl\/#\/schema\/person\/a5cd1af95bfdf482714e480b06269270"},"headline":"Elon Musk klaagt Apple en OpenAI aan wegens concurrentievervalsing","datePublished":"2025-09-04T05:30:53+00:00","dateModified":"2025-09-04T07:10:08+00:00","mainEntityOfPage":{"@id":"https:\/\/www.forbes.be\/nl\/elon-musk-klaagt-apple-en-openai-aan-wegens-concurrentievervalsing\/"},"wordCount":384,"publisher":{"@id":"https:\/\/www.forbes.be\/nl\/#organization"},"image":{"@id":"https:\/\/www.forbes.be\/nl\/elon-musk-klaagt-apple-en-openai-aan-wegens-concurrentievervalsing\/#primaryimage"},"thumbnailUrl":"https:\/\/www.forbes.be\/nl\/wp-content\/uploads\/2025\/09\/shutterstock-2623907901-scaled.jpg","articleSection":["Actualiteit","News"],"inLanguage":"nl-BE"},{"@type":"WebPage","@id":"https:\/\/www.forbes.be\/nl\/elon-musk-klaagt-apple-en-openai-aan-wegens-concurrentievervalsing\/","url":"https:\/\/www.forbes.be\/nl\/elon-musk-klaagt-apple-en-openai-aan-wegens-concurrentievervalsing\/","name":"Elon Musk klaagt Apple en OpenAI aan wegens concurrentievervalsing | Forbes Belgi\u00eb","isPartOf":{"@id":"https:\/\/www.forbes.be\/nl\/#website"},"primaryImageOfPage":{"@id":"https:\/\/www.forbes.be\/nl\/elon-musk-klaagt-apple-en-openai-aan-wegens-concurrentievervalsing\/#primaryimage"},"image":{"@id":"https:\/\/www.forbes.be\/nl\/elon-musk-klaagt-apple-en-openai-aan-wegens-concurrentievervalsing\/#primaryimage"},"thumbnailUrl":"https:\/\/www.forbes.be\/nl\/wp-content\/uploads\/2025\/09\/shutterstock-2623907901-scaled.jpg","datePublished":"2025-09-04T05:30:53+00:00","dateModified":"2025-09-04T07:10:08+00:00","description":"Elon Musk kondigde recent aan dat hij Apple en OpenAI voor de rechter wil dagen. Deze juridische actie markeert een nieuwe en opvallende fase in de voortdurende strijd om de controle over de snel groeiende AI-markt.","breadcrumb":{"@id":"https:\/\/www.forbes.be\/nl\/elon-musk-klaagt-apple-en-openai-aan-wegens-concurrentievervalsing\/#breadcrumb"},"inLanguage":"nl-BE","potentialAction":[{"@type":"ReadAction","target":["https:\/\/www.forbes.be\/nl\/elon-musk-klaagt-apple-en-openai-aan-wegens-concurrentievervalsing\/"]}]},{"@type":"ImageObject","inLanguage":"nl-BE","@id":"https:\/\/www.forbes.be\/nl\/elon-musk-klaagt-apple-en-openai-aan-wegens-concurrentievervalsing\/#primaryimage","url":"https:\/\/www.forbes.be\/nl\/wp-content\/uploads\/2025\/09\/shutterstock-2623907901-scaled.jpg","contentUrl":"https:\/\/www.forbes.be\/nl\/wp-content\/uploads\/2025\/09\/shutterstock-2623907901-scaled.jpg","width":2560,"height":1707,"caption":"\u00a9 Shutterstock"},{"@type":"BreadcrumbList","@id":"https:\/\/www.forbes.be\/nl\/elon-musk-klaagt-apple-en-openai-aan-wegens-concurrentievervalsing\/#breadcrumb","itemListElement":[{"@type":"ListItem","position":1,"name":"Accueil","item":"https:\/\/www.forbes.be\/nl\/"},{"@type":"ListItem","position":2,"name":"Elon Musk klaagt Apple en OpenAI aan wegens concurrentievervalsing"}]},{"@type":"WebSite","@id":"https:\/\/www.forbes.be\/nl\/#website","url":"https:\/\/www.forbes.be\/nl\/","name":"Forbes Belgi\u00eb","description":"","publisher":{"@id":"https:\/\/www.forbes.be\/nl\/#organization"},"potentialAction":[{"@type":"SearchAction","target":{"@type":"EntryPoint","urlTemplate":"https:\/\/www.forbes.be\/nl\/?s={search_term_string}"},"query-input":{"@type":"PropertyValueSpecification","valueRequired":true,"valueName":"search_term_string"}}],"inLanguage":"nl-BE"},{"@type":"Organization","@id":"https:\/\/www.forbes.be\/nl\/#organization","name":"Forbes Belgi\u00eb","url":"https:\/\/www.forbes.be\/nl\/","logo":{"@type":"ImageObject","inLanguage":"nl-BE","@id":"https:\/\/www.forbes.be\/nl\/#\/schema\/logo\/image\/","url":"https:\/\/www.forbes.be\/nl\/wp-content\/uploads\/2024\/02\/forbes.be_.png","contentUrl":"https:\/\/www.forbes.be\/nl\/wp-content\/uploads\/2024\/02\/forbes.be_.png","width":1200,"height":675,"caption":"Forbes Belgi\u00eb"},"image":{"@id":"https:\/\/www.forbes.be\/nl\/#\/schema\/logo\/image\/"},"sameAs":["https:\/\/www.facebook.com\/forbesbelgie","https:\/\/www.instagram.com\/Forbes_Belgium","https:\/\/www.linkedin.com\/company\/forbes-belgium\/"]},{"@type":"Person","@id":"https:\/\/www.forbes.be\/nl\/#\/schema\/person\/a5cd1af95bfdf482714e480b06269270","name":"Forbes Belgi\u00eb","image":{"@type":"ImageObject","inLanguage":"nl-BE","@id":"https:\/\/www.forbes.be\/nl\/wp-content\/uploads\/2025\/03\/forbes-logo-100x100.png","url":"https:\/\/www.forbes.be\/nl\/wp-content\/uploads\/2025\/03\/forbes-logo-100x100.png","contentUrl":"https:\/\/www.forbes.be\/nl\/wp-content\/uploads\/2025\/03\/forbes-logo-100x100.png","caption":"Forbes Belgi\u00eb"},"description":"Volg Forbes Belgi\u00eb voor het laatste nieuws over economie, business, financi\u00ebn en innovatie. Ontdek diepgaande analyses en deskundig advies.","url":"https:\/\/www.forbes.be\/nl\/author\/f9045e55ab1f8078847d0f7a8a40100b5db46a29\/"}]}},"_links":{"self":[{"href":"https:\/\/www.forbes.be\/nl\/wp-json\/wp\/v2\/posts\/11245","targetHints":{"allow":["GET"]}}],"collection":[{"href":"https:\/\/www.forbes.be\/nl\/wp-json\/wp\/v2\/posts"}],"about":[{"href":"https:\/\/www.forbes.be\/nl\/wp-json\/wp\/v2\/types\/post"}],"author":[{"embeddable":true,"href":"https:\/\/www.forbes.be\/nl\/wp-json\/wp\/v2\/users\/44"}],"replies":[{"embeddable":true,"href":"https:\/\/www.forbes.be\/nl\/wp-json\/wp\/v2\/comments?post=11245"}],"version-history":[{"count":3,"href":"https:\/\/www.forbes.be\/nl\/wp-json\/wp\/v2\/posts\/11245\/revisions"}],"predecessor-version":[{"id":11255,"href":"https:\/\/www.forbes.be\/nl\/wp-json\/wp\/v2\/posts\/11245\/revisions\/11255"}],"wp:featuredmedia":[{"embeddable":true,"href":"https:\/\/www.forbes.be\/nl\/wp-json\/wp\/v2\/media\/11246"}],"wp:attachment":[{"href":"https:\/\/www.forbes.be\/nl\/wp-json\/wp\/v2\/media?parent=11245"}],"wp:term":[{"taxonomy":"category","embeddable":true,"href":"https:\/\/www.forbes.be\/nl\/wp-json\/wp\/v2\/categories?post=11245"},{"taxonomy":"post_tag","embeddable":true,"href":"https:\/\/www.forbes.be\/nl\/wp-json\/wp\/v2\/tags?post=11245"}],"curies":[{"name":"wp","href":"https:\/\/api.w.org\/{rel}","templated":true}]}}