{"id":11257,"date":"2025-09-05T10:22:32","date_gmt":"2025-09-05T08:22:32","guid":{"rendered":"https:\/\/www.forbes.be\/nl\/?p=11257"},"modified":"2025-09-10T10:04:41","modified_gmt":"2025-09-10T08:04:41","slug":"de-maand-van-galerien-en-musea-bij-forbes-september-2025","status":"publish","type":"post","link":"https:\/\/www.forbes.be\/nl\/de-maand-van-galerien-en-musea-bij-forbes-september-2025\/","title":{"rendered":"De maand van galerie\u00ebn en musea bij Forbes: september 2025"},"content":{"rendered":"<p><strong>In dit nieuwe seizoen richten we ons op galerie\u00ebn die zich onderscheiden door unieke ontdekkingen en zich losmaken van trends en mainstream stromingen.<\/strong><\/p>\n<h2>DYS<\/h2>\n<figure id=\"attachment_12237\" aria-describedby=\"caption-attachment-12237\" style=\"width: 924px\" class=\"wp-caption alignnone\"><img loading=\"lazy\" decoding=\"async\" class=\"size-full wp-image-12237\" src=\"https:\/\/www.forbes.be\/fr\/wp-content\/uploads\/2025\/09\/maldo-nollimerg-etude-pour-hypnos-10-109x79cm-graphite-sur-papier-japonais-2024.jpeg\" alt=\"\" width=\"924\" height=\"1280\" \/><figcaption id=\"caption-attachment-12237\" class=\"wp-caption-text\">Maldo Nollimerg, studie voor Hypnos, grafiet op Japans papier, 109x79cm \u00a9 DR<\/figcaption><\/figure>\n<p>Vorig jaar tentoongesteld op &#8220;Drawing Now &#8211; Parijs&#8221; bij de opmerkelijke <strong>galerie DYS<\/strong>, opgericht door <strong>Justine Jacquemin<\/strong> in de rue de l\u2019Arbre B\u00e9nit, is de <strong>Baskische autodidact Maldo Nollimerg<\/strong> (een pseudoniem) nauw verbonden met de <strong>art brut<\/strong>. De titels van zijn werken (<em>Lux<\/em> <em>\u00c6terna<\/em>, <em>Phantasia<\/em>, <em>Hypnos<\/em>, <em>De magische Tijd<\/em>, <em>Oude Oceaan<\/em>) plaatsen hem in de traditie van de Symbolisten, esoterici en droomkunstenaars, in de overgang van het modernisme, van <strong>Odilon Redon<\/strong> tot <strong>Hilma af Klint<\/strong>. Een <strong>unieke kunstenaar<\/strong>, vrij en ge\u00efnspireerd door zijn po\u00ebziemeesters Ren\u00e9 Char en Rainer Maria Rilke, die zijn wortels plant in de nacht, de astrale duisternis waar we slapen en dromen, en onze innerlijke nacht.<\/p>\n<ul>\n<li><em>Hypnos en andere verschijnselen van de binnenwereld, eindigt op 18.10 &#8211; <a href=\"https:\/\/www.galeriedys.com\/\" target=\"_blank\" rel=\"noopener\">www.galeriedys.com<\/a><\/em><\/li>\n<\/ul>\n<h2>Bonnemaison<\/h2>\n<p>In Alleur presenteert de <strong>galerie Bonnemaison<\/strong> nieuw werk van <strong>M\u00e9lanie Berger<\/strong>, een Grenoble geboren kunstenares gevestigd in Brussel. <strong>M\u00e9lanie Berger<\/strong> doordrenkt papier met een olie verzadigd met pigmenten, waardoor zowel het beeld als de drager transformeren. Zoals galeriehouder en curator Yves Randaxhe schrijft: \u00ab<em>Hier voel je bijna de kleur voordat je deze ziet: het is eerst een organische, levende kracht; het verzadigt, het overstroomt, het wordt naar ons toe gebracht door de geur van het oliebindmiddel. M\u00e9lanie Berger doordrenkt haar papier met olie vol pigmenten; we zijn er als het ware in ondergedompeld \u2013 gezalfd, zoals men in religieuze termen zegt voor deze handeling van zegening.<\/em>\u00bb Haar met kleur doordrenkte werken doen denken aan de pioniers van het &#8220;colour field&#8221;-schilderen zoals Helen Frankenthaler of aan oosterse inkttekeningen.<\/p>\n<ul>\n<li><em>Mise en pi\u00e8ces, van 12.09 tot 02.11 &#8211; <a href=\"https:\/\/bonne.maison\/\" target=\"_blank\" rel=\"noopener\">www.bonne.maison<\/a><\/em><\/li>\n<\/ul>\n<h2>Verduyn<\/h2>\n<figure id=\"attachment_12235\" aria-describedby=\"caption-attachment-12235\" style=\"width: 2286px\" class=\"wp-caption alignnone\"><img loading=\"lazy\" decoding=\"async\" class=\"size-full wp-image-12235\" src=\"https:\/\/www.forbes.be\/fr\/wp-content\/uploads\/2025\/09\/capture-decran-2025-09-03-a-205515.png\" alt=\"\" width=\"2286\" height=\"1516\" \/><figcaption id=\"caption-attachment-12235\" class=\"wp-caption-text\">Tentoonstelling &#8220;The World Ahead \u2013 Visions from the Global South&#8221; bij de galerie Verduyn \u00a9 DR<\/figcaption><\/figure>\n<p>In Vlaanderen, in Moregem, biedt de <strong>galerie Verduyn<\/strong>, gelegen op een domein van 1,3 hectare, vier tentoonstellingsruimtes over een oppervlakte van meer dan 400 m2 met haar collectieve tentoonstelling &#8220;The World Ahead \u2013 Visions from the Global South&#8221;.<strong> Stefanie Verduyn<\/strong> nodigt ons uit om de wereld te bekijken met de ogen en zintuigen van degenen die de collectieve herinneringen van aarde en lichaam beleven, kunstenaars uit Azi\u00eb, het Midden-Oosten, Afrika en Latijns-Amerika.<\/p>\n<ul>\n<li><em>The World Ahead \u2013 Visions from the Global South, eindigd op 21.09 &#8211; <a href=\"https:\/\/verduyngallery.com\/\" target=\"_blank\" rel=\"noopener\">www.verduyn-gallery<\/a><\/em><\/li>\n<\/ul>\n","protected":false},"excerpt":{"rendered":"<p>In dit nieuwe seizoen richten we ons op galerie\u00ebn die zich onderscheiden door unieke ontdekkingen, los van trends en mainstream stromingen. DYS Vorig jaar tentoongesteld op &#8220;Drawing Now &#8211; Parijs&#8221; bij de opmerkelijke galerie DYS, opgericht door Justine Jacquemin in de rue de l\u2019Arbre B\u00e9nit, de Baskische autodidact Maldo [&hellip;]<\/p>\n","protected":false},"author":24,"featured_media":11256,"comment_status":"closed","ping_status":"closed","sticky":false,"template":"","format":"standard","meta":{"_acf_changed":false,"inline_featured_image":false,"footnotes":""},"categories":[1],"tags":[],"class_list":{"0":"post-11257","1":"post","2":"type-post","3":"status-publish","4":"format-standard","5":"has-post-thumbnail","7":"category-actualiteit"},"acf":[],"auteur_traducteur":"","yoast_head":"<!-- This site is optimized with the Yoast SEO plugin v27.4 - https:\/\/yoast.com\/product\/yoast-seo-wordpress\/ -->\n<title>Galerie\u00ebn en musea in september 2025 \u2013 Forbes<\/title>\n<meta name=\"description\" content=\"Forbes werpt licht op galerie\u00ebn die zich onderscheiden met unieke ontdekkingen, los van trends en conventies.\" \/>\n<meta name=\"robots\" content=\"index, follow, max-snippet:-1, max-image-preview:large, max-video-preview:-1\" \/>\n<link rel=\"canonical\" href=\"https:\/\/www.forbes.be\/nl\/de-maand-van-galerien-en-musea-bij-forbes-september-2025\/\" \/>\n<meta property=\"og:locale\" content=\"nl_BE\" \/>\n<meta property=\"og:type\" content=\"article\" \/>\n<meta property=\"og:title\" content=\"Galerie\u00ebn en musea in september 2025 \u2013 Forbes\" \/>\n<meta property=\"og:description\" content=\"Forbes werpt licht op galerie\u00ebn die zich onderscheiden met unieke ontdekkingen, los van trends en conventies.\" \/>\n<meta property=\"og:url\" content=\"https:\/\/www.forbes.be\/nl\/de-maand-van-galerien-en-musea-bij-forbes-september-2025\/\" \/>\n<meta property=\"og:site_name\" content=\"Forbes Belgi\u00eb\" \/>\n<meta property=\"article:publisher\" content=\"https:\/\/www.facebook.com\/forbesbelgie\" \/>\n<meta property=\"article:published_time\" content=\"2025-09-05T08:22:32+00:00\" \/>\n<meta property=\"article:modified_time\" content=\"2025-09-10T08:04:41+00:00\" \/>\n<meta property=\"og:image\" content=\"https:\/\/www.forbes.be\/nl\/wp-content\/uploads\/2025\/09\/12233-maldo-nollimerg-les-larmes-d-eros-graphite-sur-papier-japonais-50x70cm-2025-e1757491364276.png\" \/>\n\t<meta property=\"og:image:width\" content=\"1200\" \/>\n\t<meta property=\"og:image:height\" content=\"628\" \/>\n\t<meta property=\"og:image:type\" content=\"image\/png\" \/>\n<meta name=\"author\" content=\"Johan-Fr\u00e9d\u00e9rik Hel Guedj\" \/>\n<meta name=\"twitter:card\" content=\"summary_large_image\" \/>\n<meta name=\"twitter:label1\" content=\"Geschreven door\" \/>\n\t<meta name=\"twitter:data1\" content=\"Johan-Fr\u00e9d\u00e9rik Hel Guedj\" \/>\n\t<meta name=\"twitter:label2\" content=\"Geschatte leestijd\" \/>\n\t<meta name=\"twitter:data2\" content=\"3 minuten\" \/>\n<script type=\"application\/ld+json\" class=\"yoast-schema-graph\">{\"@context\":\"https:\\\/\\\/schema.org\",\"@graph\":[{\"@type\":\"NewsArticle\",\"@id\":\"https:\\\/\\\/www.forbes.be\\\/nl\\\/de-maand-van-galerien-en-musea-bij-forbes-september-2025\\\/#article\",\"isPartOf\":{\"@id\":\"https:\\\/\\\/www.forbes.be\\\/nl\\\/de-maand-van-galerien-en-musea-bij-forbes-september-2025\\\/\"},\"author\":{\"name\":\"Johan-Fr\u00e9d\u00e9rik Hel Guedj\",\"@id\":\"https:\\\/\\\/www.forbes.be\\\/nl\\\/#\\\/schema\\\/person\\\/7c0ac1896654aa71b07d901c0b9fdde7\"},\"headline\":\"De maand van galerie\u00ebn en musea bij Forbes: september 2025\",\"datePublished\":\"2025-09-05T08:22:32+00:00\",\"dateModified\":\"2025-09-10T08:04:41+00:00\",\"mainEntityOfPage\":{\"@id\":\"https:\\\/\\\/www.forbes.be\\\/nl\\\/de-maand-van-galerien-en-musea-bij-forbes-september-2025\\\/\"},\"wordCount\":425,\"publisher\":{\"@id\":\"https:\\\/\\\/www.forbes.be\\\/nl\\\/#organization\"},\"image\":{\"@id\":\"https:\\\/\\\/www.forbes.be\\\/nl\\\/de-maand-van-galerien-en-musea-bij-forbes-september-2025\\\/#primaryimage\"},\"thumbnailUrl\":\"https:\\\/\\\/www.forbes.be\\\/nl\\\/wp-content\\\/uploads\\\/2025\\\/09\\\/12233-maldo-nollimerg-les-larmes-d-eros-graphite-sur-papier-japonais-50x70cm-2025-e1757491364276.png\",\"articleSection\":[\"Actualiteit\"],\"inLanguage\":\"nl-BE\"},{\"@type\":\"WebPage\",\"@id\":\"https:\\\/\\\/www.forbes.be\\\/nl\\\/de-maand-van-galerien-en-musea-bij-forbes-september-2025\\\/\",\"url\":\"https:\\\/\\\/www.forbes.be\\\/nl\\\/de-maand-van-galerien-en-musea-bij-forbes-september-2025\\\/\",\"name\":\"Galerie\u00ebn en musea in september 2025 \u2013 Forbes\",\"isPartOf\":{\"@id\":\"https:\\\/\\\/www.forbes.be\\\/nl\\\/#website\"},\"primaryImageOfPage\":{\"@id\":\"https:\\\/\\\/www.forbes.be\\\/nl\\\/de-maand-van-galerien-en-musea-bij-forbes-september-2025\\\/#primaryimage\"},\"image\":{\"@id\":\"https:\\\/\\\/www.forbes.be\\\/nl\\\/de-maand-van-galerien-en-musea-bij-forbes-september-2025\\\/#primaryimage\"},\"thumbnailUrl\":\"https:\\\/\\\/www.forbes.be\\\/nl\\\/wp-content\\\/uploads\\\/2025\\\/09\\\/12233-maldo-nollimerg-les-larmes-d-eros-graphite-sur-papier-japonais-50x70cm-2025-e1757491364276.png\",\"datePublished\":\"2025-09-05T08:22:32+00:00\",\"dateModified\":\"2025-09-10T08:04:41+00:00\",\"description\":\"Forbes werpt licht op galerie\u00ebn die zich onderscheiden met unieke ontdekkingen, los van trends en conventies.\",\"breadcrumb\":{\"@id\":\"https:\\\/\\\/www.forbes.be\\\/nl\\\/de-maand-van-galerien-en-musea-bij-forbes-september-2025\\\/#breadcrumb\"},\"inLanguage\":\"nl-BE\",\"potentialAction\":[{\"@type\":\"ReadAction\",\"target\":[\"https:\\\/\\\/www.forbes.be\\\/nl\\\/de-maand-van-galerien-en-musea-bij-forbes-september-2025\\\/\"]}]},{\"@type\":\"ImageObject\",\"inLanguage\":\"nl-BE\",\"@id\":\"https:\\\/\\\/www.forbes.be\\\/nl\\\/de-maand-van-galerien-en-musea-bij-forbes-september-2025\\\/#primaryimage\",\"url\":\"https:\\\/\\\/www.forbes.be\\\/nl\\\/wp-content\\\/uploads\\\/2025\\\/09\\\/12233-maldo-nollimerg-les-larmes-d-eros-graphite-sur-papier-japonais-50x70cm-2025-e1757491364276.png\",\"contentUrl\":\"https:\\\/\\\/www.forbes.be\\\/nl\\\/wp-content\\\/uploads\\\/2025\\\/09\\\/12233-maldo-nollimerg-les-larmes-d-eros-graphite-sur-papier-japonais-50x70cm-2025-e1757491364276.png\",\"width\":1200,\"height\":628,\"caption\":\"Maldo Nollimerg, \\\"Les larmes d'Eros\\\", graphite sur papier japonais, 50x70com \u00a9 DR\"},{\"@type\":\"BreadcrumbList\",\"@id\":\"https:\\\/\\\/www.forbes.be\\\/nl\\\/de-maand-van-galerien-en-musea-bij-forbes-september-2025\\\/#breadcrumb\",\"itemListElement\":[{\"@type\":\"ListItem\",\"position\":1,\"name\":\"Accueil\",\"item\":\"https:\\\/\\\/www.forbes.be\\\/nl\\\/\"},{\"@type\":\"ListItem\",\"position\":2,\"name\":\"De maand van galerie\u00ebn en musea bij Forbes: september 2025\"}]},{\"@type\":\"WebSite\",\"@id\":\"https:\\\/\\\/www.forbes.be\\\/nl\\\/#website\",\"url\":\"https:\\\/\\\/www.forbes.be\\\/nl\\\/\",\"name\":\"Forbes Belgi\u00eb\",\"description\":\"\",\"publisher\":{\"@id\":\"https:\\\/\\\/www.forbes.be\\\/nl\\\/#organization\"},\"potentialAction\":[{\"@type\":\"SearchAction\",\"target\":{\"@type\":\"EntryPoint\",\"urlTemplate\":\"https:\\\/\\\/www.forbes.be\\\/nl\\\/?s={search_term_string}\"},\"query-input\":{\"@type\":\"PropertyValueSpecification\",\"valueRequired\":true,\"valueName\":\"search_term_string\"}}],\"inLanguage\":\"nl-BE\"},{\"@type\":\"Organization\",\"@id\":\"https:\\\/\\\/www.forbes.be\\\/nl\\\/#organization\",\"name\":\"Forbes Belgi\u00eb\",\"url\":\"https:\\\/\\\/www.forbes.be\\\/nl\\\/\",\"logo\":{\"@type\":\"ImageObject\",\"inLanguage\":\"nl-BE\",\"@id\":\"https:\\\/\\\/www.forbes.be\\\/nl\\\/#\\\/schema\\\/logo\\\/image\\\/\",\"url\":\"https:\\\/\\\/www.forbes.be\\\/nl\\\/wp-content\\\/uploads\\\/2024\\\/02\\\/forbes.be_.png\",\"contentUrl\":\"https:\\\/\\\/www.forbes.be\\\/nl\\\/wp-content\\\/uploads\\\/2024\\\/02\\\/forbes.be_.png\",\"width\":1200,\"height\":675,\"caption\":\"Forbes Belgi\u00eb\"},\"image\":{\"@id\":\"https:\\\/\\\/www.forbes.be\\\/nl\\\/#\\\/schema\\\/logo\\\/image\\\/\"},\"sameAs\":[\"https:\\\/\\\/www.facebook.com\\\/forbesbelgie\",\"https:\\\/\\\/www.instagram.com\\\/Forbes_Belgium\",\"https:\\\/\\\/www.linkedin.com\\\/company\\\/forbes-belgium\\\/\"]},{\"@type\":\"Person\",\"@id\":\"https:\\\/\\\/www.forbes.be\\\/nl\\\/#\\\/schema\\\/person\\\/7c0ac1896654aa71b07d901c0b9fdde7\",\"name\":\"Johan-Fr\u00e9d\u00e9rik Hel Guedj\",\"image\":{\"@type\":\"ImageObject\",\"inLanguage\":\"nl-BE\",\"@id\":\"https:\\\/\\\/secure.gravatar.com\\\/avatar\\\/65333543693434f2cc9fdefb3173b162df98712d00606b00b3d43914f79a1598?s=96&d=mm&r=g\",\"url\":\"https:\\\/\\\/secure.gravatar.com\\\/avatar\\\/65333543693434f2cc9fdefb3173b162df98712d00606b00b3d43914f79a1598?s=96&d=mm&r=g\",\"contentUrl\":\"https:\\\/\\\/secure.gravatar.com\\\/avatar\\\/65333543693434f2cc9fdefb3173b162df98712d00606b00b3d43914f79a1598?s=96&d=mm&r=g\",\"caption\":\"Johan-Fr\u00e9d\u00e9rik Hel Guedj\"},\"description\":\"Johan-Frederik Hel Guedj is een Franse journalist en auteur. Hij was zeven jaar hoofdredacteur van het tijdschrift Pouvoirs Locaux, dat gewijd is aan cultuurbeleid. Daarnaast publiceerde hij acht boeken bij Franse en Belgische uitgevers, waaronder twee romans, een essay over Orson Welles en vier kunstboeken. Naast Forbes werkt hij ook mee aan L\u2019Echo en Le Quotidien de l\u2019Art (Parijs).\",\"url\":\"https:\\\/\\\/www.forbes.be\\\/nl\\\/author\\\/johan-frederik-hel-guedj\\\/\"}]}<\/script>\n<!-- \/ Yoast SEO plugin. -->","yoast_head_json":{"title":"Galerie\u00ebn en musea in september 2025 \u2013 Forbes","description":"Forbes werpt licht op galerie\u00ebn die zich onderscheiden met unieke ontdekkingen, los van trends en conventies.","robots":{"index":"index","follow":"follow","max-snippet":"max-snippet:-1","max-image-preview":"max-image-preview:large","max-video-preview":"max-video-preview:-1"},"canonical":"https:\/\/www.forbes.be\/nl\/de-maand-van-galerien-en-musea-bij-forbes-september-2025\/","og_locale":"nl_BE","og_type":"article","og_title":"Galerie\u00ebn en musea in september 2025 \u2013 Forbes","og_description":"Forbes werpt licht op galerie\u00ebn die zich onderscheiden met unieke ontdekkingen, los van trends en conventies.","og_url":"https:\/\/www.forbes.be\/nl\/de-maand-van-galerien-en-musea-bij-forbes-september-2025\/","og_site_name":"Forbes Belgi\u00eb","article_publisher":"https:\/\/www.facebook.com\/forbesbelgie","article_published_time":"2025-09-05T08:22:32+00:00","article_modified_time":"2025-09-10T08:04:41+00:00","og_image":[{"width":1200,"height":628,"url":"https:\/\/www.forbes.be\/nl\/wp-content\/uploads\/2025\/09\/12233-maldo-nollimerg-les-larmes-d-eros-graphite-sur-papier-japonais-50x70cm-2025-e1757491364276.png","type":"image\/png"}],"author":"Johan-Fr\u00e9d\u00e9rik Hel Guedj","twitter_card":"summary_large_image","twitter_misc":{"Geschreven door":"Johan-Fr\u00e9d\u00e9rik Hel Guedj","Geschatte leestijd":"3 minuten"},"schema":{"@context":"https:\/\/schema.org","@graph":[{"@type":"NewsArticle","@id":"https:\/\/www.forbes.be\/nl\/de-maand-van-galerien-en-musea-bij-forbes-september-2025\/#article","isPartOf":{"@id":"https:\/\/www.forbes.be\/nl\/de-maand-van-galerien-en-musea-bij-forbes-september-2025\/"},"author":{"name":"Johan-Fr\u00e9d\u00e9rik Hel Guedj","@id":"https:\/\/www.forbes.be\/nl\/#\/schema\/person\/7c0ac1896654aa71b07d901c0b9fdde7"},"headline":"De maand van galerie\u00ebn en musea bij Forbes: september 2025","datePublished":"2025-09-05T08:22:32+00:00","dateModified":"2025-09-10T08:04:41+00:00","mainEntityOfPage":{"@id":"https:\/\/www.forbes.be\/nl\/de-maand-van-galerien-en-musea-bij-forbes-september-2025\/"},"wordCount":425,"publisher":{"@id":"https:\/\/www.forbes.be\/nl\/#organization"},"image":{"@id":"https:\/\/www.forbes.be\/nl\/de-maand-van-galerien-en-musea-bij-forbes-september-2025\/#primaryimage"},"thumbnailUrl":"https:\/\/www.forbes.be\/nl\/wp-content\/uploads\/2025\/09\/12233-maldo-nollimerg-les-larmes-d-eros-graphite-sur-papier-japonais-50x70cm-2025-e1757491364276.png","articleSection":["Actualiteit"],"inLanguage":"nl-BE"},{"@type":"WebPage","@id":"https:\/\/www.forbes.be\/nl\/de-maand-van-galerien-en-musea-bij-forbes-september-2025\/","url":"https:\/\/www.forbes.be\/nl\/de-maand-van-galerien-en-musea-bij-forbes-september-2025\/","name":"Galerie\u00ebn en musea in september 2025 \u2013 Forbes","isPartOf":{"@id":"https:\/\/www.forbes.be\/nl\/#website"},"primaryImageOfPage":{"@id":"https:\/\/www.forbes.be\/nl\/de-maand-van-galerien-en-musea-bij-forbes-september-2025\/#primaryimage"},"image":{"@id":"https:\/\/www.forbes.be\/nl\/de-maand-van-galerien-en-musea-bij-forbes-september-2025\/#primaryimage"},"thumbnailUrl":"https:\/\/www.forbes.be\/nl\/wp-content\/uploads\/2025\/09\/12233-maldo-nollimerg-les-larmes-d-eros-graphite-sur-papier-japonais-50x70cm-2025-e1757491364276.png","datePublished":"2025-09-05T08:22:32+00:00","dateModified":"2025-09-10T08:04:41+00:00","description":"Forbes werpt licht op galerie\u00ebn die zich onderscheiden met unieke ontdekkingen, los van trends en conventies.","breadcrumb":{"@id":"https:\/\/www.forbes.be\/nl\/de-maand-van-galerien-en-musea-bij-forbes-september-2025\/#breadcrumb"},"inLanguage":"nl-BE","potentialAction":[{"@type":"ReadAction","target":["https:\/\/www.forbes.be\/nl\/de-maand-van-galerien-en-musea-bij-forbes-september-2025\/"]}]},{"@type":"ImageObject","inLanguage":"nl-BE","@id":"https:\/\/www.forbes.be\/nl\/de-maand-van-galerien-en-musea-bij-forbes-september-2025\/#primaryimage","url":"https:\/\/www.forbes.be\/nl\/wp-content\/uploads\/2025\/09\/12233-maldo-nollimerg-les-larmes-d-eros-graphite-sur-papier-japonais-50x70cm-2025-e1757491364276.png","contentUrl":"https:\/\/www.forbes.be\/nl\/wp-content\/uploads\/2025\/09\/12233-maldo-nollimerg-les-larmes-d-eros-graphite-sur-papier-japonais-50x70cm-2025-e1757491364276.png","width":1200,"height":628,"caption":"Maldo Nollimerg, \"Les larmes d'Eros\", graphite sur papier japonais, 50x70com \u00a9 DR"},{"@type":"BreadcrumbList","@id":"https:\/\/www.forbes.be\/nl\/de-maand-van-galerien-en-musea-bij-forbes-september-2025\/#breadcrumb","itemListElement":[{"@type":"ListItem","position":1,"name":"Accueil","item":"https:\/\/www.forbes.be\/nl\/"},{"@type":"ListItem","position":2,"name":"De maand van galerie\u00ebn en musea bij Forbes: september 2025"}]},{"@type":"WebSite","@id":"https:\/\/www.forbes.be\/nl\/#website","url":"https:\/\/www.forbes.be\/nl\/","name":"Forbes Belgi\u00eb","description":"","publisher":{"@id":"https:\/\/www.forbes.be\/nl\/#organization"},"potentialAction":[{"@type":"SearchAction","target":{"@type":"EntryPoint","urlTemplate":"https:\/\/www.forbes.be\/nl\/?s={search_term_string}"},"query-input":{"@type":"PropertyValueSpecification","valueRequired":true,"valueName":"search_term_string"}}],"inLanguage":"nl-BE"},{"@type":"Organization","@id":"https:\/\/www.forbes.be\/nl\/#organization","name":"Forbes Belgi\u00eb","url":"https:\/\/www.forbes.be\/nl\/","logo":{"@type":"ImageObject","inLanguage":"nl-BE","@id":"https:\/\/www.forbes.be\/nl\/#\/schema\/logo\/image\/","url":"https:\/\/www.forbes.be\/nl\/wp-content\/uploads\/2024\/02\/forbes.be_.png","contentUrl":"https:\/\/www.forbes.be\/nl\/wp-content\/uploads\/2024\/02\/forbes.be_.png","width":1200,"height":675,"caption":"Forbes Belgi\u00eb"},"image":{"@id":"https:\/\/www.forbes.be\/nl\/#\/schema\/logo\/image\/"},"sameAs":["https:\/\/www.facebook.com\/forbesbelgie","https:\/\/www.instagram.com\/Forbes_Belgium","https:\/\/www.linkedin.com\/company\/forbes-belgium\/"]},{"@type":"Person","@id":"https:\/\/www.forbes.be\/nl\/#\/schema\/person\/7c0ac1896654aa71b07d901c0b9fdde7","name":"Johan-Fr\u00e9d\u00e9rik Hel Guedj","image":{"@type":"ImageObject","inLanguage":"nl-BE","@id":"https:\/\/secure.gravatar.com\/avatar\/65333543693434f2cc9fdefb3173b162df98712d00606b00b3d43914f79a1598?s=96&d=mm&r=g","url":"https:\/\/secure.gravatar.com\/avatar\/65333543693434f2cc9fdefb3173b162df98712d00606b00b3d43914f79a1598?s=96&d=mm&r=g","contentUrl":"https:\/\/secure.gravatar.com\/avatar\/65333543693434f2cc9fdefb3173b162df98712d00606b00b3d43914f79a1598?s=96&d=mm&r=g","caption":"Johan-Fr\u00e9d\u00e9rik Hel Guedj"},"description":"Johan-Frederik Hel Guedj is een Franse journalist en auteur. Hij was zeven jaar hoofdredacteur van het tijdschrift Pouvoirs Locaux, dat gewijd is aan cultuurbeleid. Daarnaast publiceerde hij acht boeken bij Franse en Belgische uitgevers, waaronder twee romans, een essay over Orson Welles en vier kunstboeken. Naast Forbes werkt hij ook mee aan L\u2019Echo en Le Quotidien de l\u2019Art (Parijs).","url":"https:\/\/www.forbes.be\/nl\/author\/johan-frederik-hel-guedj\/"}]}},"_links":{"self":[{"href":"https:\/\/www.forbes.be\/nl\/wp-json\/wp\/v2\/posts\/11257","targetHints":{"allow":["GET"]}}],"collection":[{"href":"https:\/\/www.forbes.be\/nl\/wp-json\/wp\/v2\/posts"}],"about":[{"href":"https:\/\/www.forbes.be\/nl\/wp-json\/wp\/v2\/types\/post"}],"author":[{"embeddable":true,"href":"https:\/\/www.forbes.be\/nl\/wp-json\/wp\/v2\/users\/24"}],"replies":[{"embeddable":true,"href":"https:\/\/www.forbes.be\/nl\/wp-json\/wp\/v2\/comments?post=11257"}],"version-history":[{"count":2,"href":"https:\/\/www.forbes.be\/nl\/wp-json\/wp\/v2\/posts\/11257\/revisions"}],"predecessor-version":[{"id":11301,"href":"https:\/\/www.forbes.be\/nl\/wp-json\/wp\/v2\/posts\/11257\/revisions\/11301"}],"wp:featuredmedia":[{"embeddable":true,"href":"https:\/\/www.forbes.be\/nl\/wp-json\/wp\/v2\/media\/11256"}],"wp:attachment":[{"href":"https:\/\/www.forbes.be\/nl\/wp-json\/wp\/v2\/media?parent=11257"}],"wp:term":[{"taxonomy":"category","embeddable":true,"href":"https:\/\/www.forbes.be\/nl\/wp-json\/wp\/v2\/categories?post=11257"},{"taxonomy":"post_tag","embeddable":true,"href":"https:\/\/www.forbes.be\/nl\/wp-json\/wp\/v2\/tags?post=11257"}],"curies":[{"name":"wp","href":"https:\/\/api.w.org\/{rel}","templated":true}]}}