{"id":11360,"date":"2025-09-15T14:25:52","date_gmt":"2025-09-15T12:25:52","guid":{"rendered":"https:\/\/www.forbes.be\/nl\/?p=11360"},"modified":"2025-09-19T09:54:12","modified_gmt":"2025-09-19T07:54:12","slug":"gaza-op-de-straten-van-europa-kunst-van-verzet-tentoongesteld-in-brussel","status":"publish","type":"post","link":"https:\/\/www.forbes.be\/nl\/gaza-op-de-straten-van-europa-kunst-van-verzet-tentoongesteld-in-brussel\/","title":{"rendered":"Gaza in de straten van Europa: de kunst van verzet tentoongesteld in Brussel"},"content":{"rendered":"<p><strong>De tentoonstelling &#8216;Gaza: Stories of Hope and Resilience&#8217;, gelanceerd in Brussel door het Wereldvoedselprogramma (WFP) en de Europese Unie (EU), toont de aangrijpende werken van de Palestijnse kunstenaar Ahmed Muhanna. Deze Europese tournee, ondersteund door Alia Zaki (Forbes 30U30 Midden-Oosten 2024), heeft tot doel het publiek bewust te maken van de humanitaire crisis in Gaza via hedendaagse kunst.<\/strong><\/p>\n<p>Van 15 tot 18 september 2025 verwelkomde de <strong>Muntplein<\/strong> in Brussel de lancering van een buitengewone tentoonstelling: &#8216;<strong>Gaza: Stories of Hope and Resilience<\/strong>&#8216;. Georganiseerd door het <a href=\"https:\/\/fr.wfp.org\/\" target=\"_blank\" rel=\"noopener\"><strong>Wereldvoedselprogramma (WFP)<\/strong><\/a> in samenwerking met de Europese Unie, maakt deze reizende tentoonstelling deel uit van een zichtbaarheidscampagne die de aandacht wil vestigen op de humanitaire crisis die heerst in <strong>Gaza<\/strong>.<\/p>\n<p>Dit project belicht het verstoorde dagelijks leven van 2,3 miljoen mensen en benadrukt de impact van humanitaire operaties ondersteund door de <strong>EU<\/strong> en het <strong>WFP<\/strong>. Zoals <strong>Antoine Renard<\/strong>, nationaal directeur van het <strong>WFP<\/strong> voor <strong>Palestina<\/strong>, herinnerde: \u00ab<em>De cijfers in <strong>Gaza<\/strong> zijn alarmerend: het aantal mensen in nood, het aantal doden, het aantal families die dagenlang zonder voedsel zitten. Achter elke statistiek schuilen mensen, en deze kunstwerken geven hen een stem.<\/em>\u00bb<\/p>\n<h2>Ahmed Muhanna: kunst als oorlogsmemorie<\/h2>\n<p>De <strong>kunstenaar Ahmed Muhanna<\/strong>, geboren in 1984 in <strong>Deir Al-Balah<\/strong> (<strong>Gaza<\/strong>) en afgestudeerd aan de Al-Aqsa Universiteit, zet hier zijn eerste solotentoonstelling in Europa neer. Zonder artistiek materiaal door het conflict, transformeerde Muhanna de voedselhulpkartonnen van het <strong>WFP<\/strong> tot schilderdoeken.<\/p>\n<figure id=\"attachment_12366\" aria-describedby=\"caption-attachment-12366\" style=\"width: 318px\" class=\"wp-caption aligncenter\"><img loading=\"lazy\" decoding=\"async\" class=\"wp-image-12366 size-full\" src=\"https:\/\/www.forbes.be\/fr\/wp-content\/uploads\/2025\/09\/wfp-eu-gaza-exhibition-3.jpg\" alt=\"\" width=\"318\" height=\"566\" \/><figcaption id=\"caption-attachment-12366\" class=\"wp-caption-text\">\u00a9 Ahmed Muhanna<\/figcaption><\/figure>\n<p>\u00ab<em>Ik begon te tekenen wat ik elke dag zag en hoorde op deze voedseldozen als een manier om hoop te verbinden met pijn<\/em>\u00bb, vertrouwt hij toe. Hij gebruikt alternatieve materialen (koffiedik, planten als pigmenten) om de veerkracht van <strong>Gaza<\/strong> te schilderen. Meer dan veertig werken worden tentoongesteld, vergezeld van handgeschreven onderschriften in het Arabisch, vertalingen, meeslepende geluidsopnamen en een video-interview met de kunstenaar dat continu wordt afgespeeld.<\/p>\n<h2>Een Europese tour van groot symbolisch belang<\/h2>\n<p>Getransporteerd in een speciaal voor de gelegenheid ontworpen container van 62 vierkante meter, is de <strong>tentoonstelling<\/strong> mobiel en autonoom. Ze doorkruist zes Europese landen tot 23 oktober 2025. Na <strong>Brussel<\/strong> wordt ze gepresenteerd in G\u00f6teborg, Malm\u00f6, Kopenhagen, Hamburg, Keulen, Maastricht, Leuven en Lille. Elke stap stelt de Palestijnse humanitaire kwestie centraal in de Europese publieke ruimte en nodigt bezoekers uit voor direct contact met de kunst en verhalen uit <strong>Gaza<\/strong>.<\/p>\n<h2>Alia Zaki: strategische communicatie en Forbes-erkende prestatie<\/h2>\n<p>Op slechts 27-jarige leeftijd speelt <a href=\"https:\/\/www.forbesmiddleeast.com\/lists\/30-under-30-2024\/alia-zaki\/\" target=\"_blank\" rel=\"noopener\"><strong>Alia Zaki<\/strong><\/a>, Hoofd van Communicatie bij <strong>WFP Palestina<\/strong>, een sleutelrol in deze tentoonstelling. Erkend in de lijst <strong>Forbes Midden-Oosten 30 Under 30<\/strong> voor haar sociale impact, co\u00f6rdineert ze de mediapromotie van het evenement op Europees niveau. Met internationale ervaring opgedaan in Ethiopi\u00eb, Turkije en Bangladesh heeft ze campagnes geleid die vijf miljoen dollar voor Gaza hebben opgeleverd.<\/p>\n<figure id=\"attachment_12363\" aria-describedby=\"caption-attachment-12363\" style=\"width: 2000px\" class=\"wp-caption alignnone\"><img loading=\"lazy\" decoding=\"async\" class=\"size-full wp-image-12363\" src=\"https:\/\/www.forbes.be\/fr\/wp-content\/uploads\/2025\/09\/alia-zaki.jpg\" alt=\"\" width=\"2000\" height=\"2000\" \/><figcaption id=\"caption-attachment-12363\" class=\"wp-caption-text\">Alia Zaki \u00a9 DR<\/figcaption><\/figure>\n<p>Haar vermogen om verhalen van Palestijnse families, activisten en het grote publiek te verbinden, geeft een menselijke en strategische dimensie aan de tentoonstelling. In een interview met UN News waarschuwde ze: \u00ab<em>De situatie ter plaatse is alarmerend. De bestaande voedselsystemen storten in.<\/em>\u00bb Haar betrokkenheid illustreert de opkomst van een nieuwe generatie ge\u00ebngageerde humanitaire communicatieprofessionals.<\/p>\n<h2>Een strategisch partnerschap tussen WFP en de Europese Unie<\/h2>\n<p>Het <strong>WFP<\/strong> en de <strong>Europese Unie<\/strong> gebruiken deze tentoonstelling om hun actieve partnerschap ter plaatse onder de aandacht te brengen. Sinds oktober 2023 heeft de EU 86 miljoen euro aan het WFP geschonken om de operaties in Gaza te ondersteunen. Dankzij deze ondersteuning zijn duizenden voedselkonvooien naar de meest door honger en ondervoeding getroffen gebieden vervoerd.<\/p>\n<p><strong>Europees Commissaris Hadja Lahbib<\/strong> prees dit artistieke initiatief: \u00ab<em>De humanitaire situatie in <strong>Gaza<\/strong> is ondragelijk \u2013 een harde realiteit getoond door de <strong>kunstenaar Ahmed Muhanna<\/strong> op de dozen gebruikt voor het leveren van hulp. Van het leveren van voedsel, leveren deze dozen nu hoop.<\/em>\u00bb<\/p>\n<h2>Kunst als instrument voor bewustwording en dialoog<\/h2>\n<p>Naast zijn documentatiekracht stelt de tentoonstelling de vraag naar de rol van kunst in hedendaagse crises. Via de werken van <strong>Muhanna<\/strong> krijgt het Europese publiek toegang tot een vaak verre en abstracte realiteit. De kunstenaar, die ook kunsttherapie aan kinderen geeft, transformeert materi\u00eble beperkingen tot artistieke expressie, pijn tot een boodschap van hoop.<\/p>\n<figure id=\"attachment_12369\" aria-describedby=\"caption-attachment-12369\" style=\"width: 468px\" class=\"wp-caption aligncenter\"><img loading=\"lazy\" decoding=\"async\" class=\"wp-image-12369 size-full\" src=\"https:\/\/www.forbes.be\/fr\/wp-content\/uploads\/2025\/09\/wfp-eu-gaza-exhibition-2-1.jpg\" alt=\"\" width=\"468\" height=\"583\" \/><figcaption id=\"caption-attachment-12369\" class=\"wp-caption-text\">\u00a9 Ahmed Muhanna<\/figcaption><\/figure>\n<p>De tentoonstelling &#8216;<strong>Gaza: Stories of Hope and Resilience<\/strong>&#8216; is niet zomaar een cultureel evenement. Het is een daad van overdracht, een brug tussen samenlevingen, een uitnodiging om anders te luisteren naar degenen wiens stemmen werden verstomd. Het opent een reflectie op de rol van kunst in humanitaire strategie\u00ebn en de kracht van visuele verhalen als drijvende kracht voor solidariteit.<\/p>\n","protected":false},"excerpt":{"rendered":"<p>De tentoonstelling &#8216;Gaza: Stories of Hope and Resilience&#8217;, gelanceerd in Brussel door het Wereldvoedselprogramma (WFP) en de Europese Unie (EU), toont de aangrijpende werken van de Palestijnse kunstenaar Ahmed Muhanna. Deze Europese tournee, ondersteund door Alia Zaki (Forbes 30U30 Midden-Oosten 2024), heeft tot doel [&hellip;]<\/p>\n","protected":false},"author":42,"featured_media":11359,"comment_status":"closed","ping_status":"closed","sticky":false,"template":"","format":"standard","meta":{"_acf_changed":false,"inline_featured_image":false,"footnotes":""},"categories":[1,40,60],"tags":[],"class_list":{"0":"post-11360","1":"post","2":"type-post","3":"status-publish","4":"format-standard","5":"has-post-thumbnail","7":"category-actualiteit","8":"category-bedrijf","9":"category-cultuur"},"acf":[],"auteur_traducteur":"","yoast_head":"<!-- This site is optimized with the Yoast SEO plugin v27.4 - https:\/\/yoast.com\/product\/yoast-seo-wordpress\/ -->\n<title>Gaza op de straten van Europa: kunst en verzet in Brussel<\/title>\n<meta name=\"description\" content=\"In Brussel onthult de tentoonstelling &#039;Gaza: Stories of Hope and Resilience&#039; van het WFP en de EU ontroerende werken van Ahmed Muhanna om bewustzijn te vergroten.\" \/>\n<meta name=\"robots\" content=\"index, follow, max-snippet:-1, max-image-preview:large, max-video-preview:-1\" \/>\n<link rel=\"canonical\" href=\"https:\/\/www.forbes.be\/nl\/gaza-op-de-straten-van-europa-kunst-van-verzet-tentoongesteld-in-brussel\/\" \/>\n<meta property=\"og:locale\" content=\"nl_BE\" \/>\n<meta property=\"og:type\" content=\"article\" \/>\n<meta property=\"og:title\" content=\"Gaza op de straten van Europa: kunst en verzet in Brussel\" \/>\n<meta property=\"og:description\" content=\"In Brussel onthult de tentoonstelling &#039;Gaza: Stories of Hope and Resilience&#039; van het WFP en de EU ontroerende werken van Ahmed Muhanna om bewustzijn te vergroten.\" \/>\n<meta property=\"og:url\" content=\"https:\/\/www.forbes.be\/nl\/gaza-op-de-straten-van-europa-kunst-van-verzet-tentoongesteld-in-brussel\/\" \/>\n<meta property=\"og:site_name\" content=\"Forbes Belgi\u00eb\" \/>\n<meta property=\"article:publisher\" content=\"https:\/\/www.facebook.com\/forbesbelgie\" \/>\n<meta property=\"article:author\" content=\"https:\/\/www.linkedin.com\/in\/martin-boonen-61499951\/\" \/>\n<meta property=\"article:published_time\" content=\"2025-09-15T12:25:52+00:00\" \/>\n<meta property=\"article:modified_time\" content=\"2025-09-19T07:54:12+00:00\" \/>\n<meta property=\"og:image\" content=\"https:\/\/www.forbes.be\/nl\/wp-content\/uploads\/2025\/09\/12361-whatsapp-image-2025-09-14-at-124319.png\" \/>\n\t<meta property=\"og:image:width\" content=\"1600\" \/>\n\t<meta property=\"og:image:height\" content=\"837\" \/>\n\t<meta property=\"og:image:type\" content=\"image\/png\" \/>\n<meta name=\"author\" content=\"Martin Boonen\" \/>\n<meta name=\"twitter:card\" content=\"summary_large_image\" \/>\n<meta name=\"twitter:label1\" content=\"Geschreven door\" \/>\n\t<meta name=\"twitter:data1\" content=\"Martin Boonen\" \/>\n\t<meta name=\"twitter:label2\" content=\"Geschatte leestijd\" \/>\n\t<meta name=\"twitter:data2\" content=\"5 minuten\" \/>\n<script type=\"application\/ld+json\" class=\"yoast-schema-graph\">{\"@context\":\"https:\\\/\\\/schema.org\",\"@graph\":[{\"@type\":\"NewsArticle\",\"@id\":\"https:\\\/\\\/www.forbes.be\\\/nl\\\/gaza-op-de-straten-van-europa-kunst-van-verzet-tentoongesteld-in-brussel\\\/#article\",\"isPartOf\":{\"@id\":\"https:\\\/\\\/www.forbes.be\\\/nl\\\/gaza-op-de-straten-van-europa-kunst-van-verzet-tentoongesteld-in-brussel\\\/\"},\"author\":{\"name\":\"Martin Boonen\",\"@id\":\"https:\\\/\\\/www.forbes.be\\\/nl\\\/#\\\/schema\\\/person\\\/06275e9d0194db71f89b5badacb532c8\"},\"headline\":\"Gaza in de straten van Europa: de kunst van verzet tentoongesteld in Brussel\",\"datePublished\":\"2025-09-15T12:25:52+00:00\",\"dateModified\":\"2025-09-19T07:54:12+00:00\",\"mainEntityOfPage\":{\"@id\":\"https:\\\/\\\/www.forbes.be\\\/nl\\\/gaza-op-de-straten-van-europa-kunst-van-verzet-tentoongesteld-in-brussel\\\/\"},\"wordCount\":756,\"publisher\":{\"@id\":\"https:\\\/\\\/www.forbes.be\\\/nl\\\/#organization\"},\"image\":{\"@id\":\"https:\\\/\\\/www.forbes.be\\\/nl\\\/gaza-op-de-straten-van-europa-kunst-van-verzet-tentoongesteld-in-brussel\\\/#primaryimage\"},\"thumbnailUrl\":\"https:\\\/\\\/www.forbes.be\\\/nl\\\/wp-content\\\/uploads\\\/2025\\\/09\\\/12361-whatsapp-image-2025-09-14-at-124319.png\",\"articleSection\":[\"Actualiteit\",\"Bedrijf\",\"Cultuur\"],\"inLanguage\":\"nl-BE\"},{\"@type\":\"WebPage\",\"@id\":\"https:\\\/\\\/www.forbes.be\\\/nl\\\/gaza-op-de-straten-van-europa-kunst-van-verzet-tentoongesteld-in-brussel\\\/\",\"url\":\"https:\\\/\\\/www.forbes.be\\\/nl\\\/gaza-op-de-straten-van-europa-kunst-van-verzet-tentoongesteld-in-brussel\\\/\",\"name\":\"Gaza op de straten van Europa: kunst en verzet in Brussel\",\"isPartOf\":{\"@id\":\"https:\\\/\\\/www.forbes.be\\\/nl\\\/#website\"},\"primaryImageOfPage\":{\"@id\":\"https:\\\/\\\/www.forbes.be\\\/nl\\\/gaza-op-de-straten-van-europa-kunst-van-verzet-tentoongesteld-in-brussel\\\/#primaryimage\"},\"image\":{\"@id\":\"https:\\\/\\\/www.forbes.be\\\/nl\\\/gaza-op-de-straten-van-europa-kunst-van-verzet-tentoongesteld-in-brussel\\\/#primaryimage\"},\"thumbnailUrl\":\"https:\\\/\\\/www.forbes.be\\\/nl\\\/wp-content\\\/uploads\\\/2025\\\/09\\\/12361-whatsapp-image-2025-09-14-at-124319.png\",\"datePublished\":\"2025-09-15T12:25:52+00:00\",\"dateModified\":\"2025-09-19T07:54:12+00:00\",\"description\":\"In Brussel onthult de tentoonstelling 'Gaza: Stories of Hope and Resilience' van het WFP en de EU ontroerende werken van Ahmed Muhanna om bewustzijn te vergroten.\",\"breadcrumb\":{\"@id\":\"https:\\\/\\\/www.forbes.be\\\/nl\\\/gaza-op-de-straten-van-europa-kunst-van-verzet-tentoongesteld-in-brussel\\\/#breadcrumb\"},\"inLanguage\":\"nl-BE\",\"potentialAction\":[{\"@type\":\"ReadAction\",\"target\":[\"https:\\\/\\\/www.forbes.be\\\/nl\\\/gaza-op-de-straten-van-europa-kunst-van-verzet-tentoongesteld-in-brussel\\\/\"]}]},{\"@type\":\"ImageObject\",\"inLanguage\":\"nl-BE\",\"@id\":\"https:\\\/\\\/www.forbes.be\\\/nl\\\/gaza-op-de-straten-van-europa-kunst-van-verzet-tentoongesteld-in-brussel\\\/#primaryimage\",\"url\":\"https:\\\/\\\/www.forbes.be\\\/nl\\\/wp-content\\\/uploads\\\/2025\\\/09\\\/12361-whatsapp-image-2025-09-14-at-124319.png\",\"contentUrl\":\"https:\\\/\\\/www.forbes.be\\\/nl\\\/wp-content\\\/uploads\\\/2025\\\/09\\\/12361-whatsapp-image-2025-09-14-at-124319.png\",\"width\":1600,\"height\":837,\"caption\":\"L'exposition \\\"Gaza: Stories of Hope and Resilience\\\" d\u00e9bute sa tourn\u00e9e europ\u00e9enne \u00e0 Bruxelles \u00a9 DR\"},{\"@type\":\"BreadcrumbList\",\"@id\":\"https:\\\/\\\/www.forbes.be\\\/nl\\\/gaza-op-de-straten-van-europa-kunst-van-verzet-tentoongesteld-in-brussel\\\/#breadcrumb\",\"itemListElement\":[{\"@type\":\"ListItem\",\"position\":1,\"name\":\"Accueil\",\"item\":\"https:\\\/\\\/www.forbes.be\\\/nl\\\/\"},{\"@type\":\"ListItem\",\"position\":2,\"name\":\"Gaza in de straten van Europa: de kunst van verzet tentoongesteld in Brussel\"}]},{\"@type\":\"WebSite\",\"@id\":\"https:\\\/\\\/www.forbes.be\\\/nl\\\/#website\",\"url\":\"https:\\\/\\\/www.forbes.be\\\/nl\\\/\",\"name\":\"Forbes Belgi\u00eb\",\"description\":\"\",\"publisher\":{\"@id\":\"https:\\\/\\\/www.forbes.be\\\/nl\\\/#organization\"},\"potentialAction\":[{\"@type\":\"SearchAction\",\"target\":{\"@type\":\"EntryPoint\",\"urlTemplate\":\"https:\\\/\\\/www.forbes.be\\\/nl\\\/?s={search_term_string}\"},\"query-input\":{\"@type\":\"PropertyValueSpecification\",\"valueRequired\":true,\"valueName\":\"search_term_string\"}}],\"inLanguage\":\"nl-BE\"},{\"@type\":\"Organization\",\"@id\":\"https:\\\/\\\/www.forbes.be\\\/nl\\\/#organization\",\"name\":\"Forbes Belgi\u00eb\",\"url\":\"https:\\\/\\\/www.forbes.be\\\/nl\\\/\",\"logo\":{\"@type\":\"ImageObject\",\"inLanguage\":\"nl-BE\",\"@id\":\"https:\\\/\\\/www.forbes.be\\\/nl\\\/#\\\/schema\\\/logo\\\/image\\\/\",\"url\":\"https:\\\/\\\/www.forbes.be\\\/nl\\\/wp-content\\\/uploads\\\/2024\\\/02\\\/forbes.be_.png\",\"contentUrl\":\"https:\\\/\\\/www.forbes.be\\\/nl\\\/wp-content\\\/uploads\\\/2024\\\/02\\\/forbes.be_.png\",\"width\":1200,\"height\":675,\"caption\":\"Forbes Belgi\u00eb\"},\"image\":{\"@id\":\"https:\\\/\\\/www.forbes.be\\\/nl\\\/#\\\/schema\\\/logo\\\/image\\\/\"},\"sameAs\":[\"https:\\\/\\\/www.facebook.com\\\/forbesbelgie\",\"https:\\\/\\\/www.instagram.com\\\/Forbes_Belgium\",\"https:\\\/\\\/www.linkedin.com\\\/company\\\/forbes-belgium\\\/\"]},{\"@type\":\"Person\",\"@id\":\"https:\\\/\\\/www.forbes.be\\\/nl\\\/#\\\/schema\\\/person\\\/06275e9d0194db71f89b5badacb532c8\",\"name\":\"Martin Boonen\",\"image\":{\"@type\":\"ImageObject\",\"inLanguage\":\"nl-BE\",\"@id\":\"https:\\\/\\\/www.forbes.be\\\/nl\\\/wp-content\\\/uploads\\\/2024\\\/11\\\/Capture-de\u0301cran-2024-11-15-a\u0300-09.38.49-100x100.png\",\"url\":\"https:\\\/\\\/www.forbes.be\\\/nl\\\/wp-content\\\/uploads\\\/2024\\\/11\\\/Capture-de\u0301cran-2024-11-15-a\u0300-09.38.49-100x100.png\",\"contentUrl\":\"https:\\\/\\\/www.forbes.be\\\/nl\\\/wp-content\\\/uploads\\\/2024\\\/11\\\/Capture-de\u0301cran-2024-11-15-a\u0300-09.38.49-100x100.png\",\"caption\":\"Martin Boonen\"},\"description\":\"Martin Boonen is een gediplomeerd journalist van het Institut de Journalisme de Bruxelles (2012). Hij heeft samengewerkt met tal van redacties, in uiteenlopende functies gaande van journalist en rubriekshoofd tot eindredacteur en hoofdredacteur \u2013 zowel voor digitale media als de geschreven pers. Met een uitgesproken expertise in startups en sociaal ge\u00ebngageerd ondernemerschap, werd hij in 2025 benoemd tot hoofdredacteur van de Belgische website van Forbes. Sinds 2011 is hij aangesloten bij de Organisation de la Presse P\u00e9riodique (OMPP).\",\"sameAs\":[\"https:\\\/\\\/www.linkedin.com\\\/in\\\/martin-boonen-61499951\\\/\"],\"url\":\"https:\\\/\\\/www.forbes.be\\\/nl\\\/author\\\/martin-boonen\\\/\"}]}<\/script>\n<!-- \/ Yoast SEO plugin. -->","yoast_head_json":{"title":"Gaza op de straten van Europa: kunst en verzet in Brussel","description":"In Brussel onthult de tentoonstelling 'Gaza: Stories of Hope and Resilience' van het WFP en de EU ontroerende werken van Ahmed Muhanna om bewustzijn te vergroten.","robots":{"index":"index","follow":"follow","max-snippet":"max-snippet:-1","max-image-preview":"max-image-preview:large","max-video-preview":"max-video-preview:-1"},"canonical":"https:\/\/www.forbes.be\/nl\/gaza-op-de-straten-van-europa-kunst-van-verzet-tentoongesteld-in-brussel\/","og_locale":"nl_BE","og_type":"article","og_title":"Gaza op de straten van Europa: kunst en verzet in Brussel","og_description":"In Brussel onthult de tentoonstelling 'Gaza: Stories of Hope and Resilience' van het WFP en de EU ontroerende werken van Ahmed Muhanna om bewustzijn te vergroten.","og_url":"https:\/\/www.forbes.be\/nl\/gaza-op-de-straten-van-europa-kunst-van-verzet-tentoongesteld-in-brussel\/","og_site_name":"Forbes Belgi\u00eb","article_publisher":"https:\/\/www.facebook.com\/forbesbelgie","article_author":"https:\/\/www.linkedin.com\/in\/martin-boonen-61499951\/","article_published_time":"2025-09-15T12:25:52+00:00","article_modified_time":"2025-09-19T07:54:12+00:00","og_image":[{"width":1600,"height":837,"url":"https:\/\/www.forbes.be\/nl\/wp-content\/uploads\/2025\/09\/12361-whatsapp-image-2025-09-14-at-124319.png","type":"image\/png"}],"author":"Martin Boonen","twitter_card":"summary_large_image","twitter_misc":{"Geschreven door":"Martin Boonen","Geschatte leestijd":"5 minuten"},"schema":{"@context":"https:\/\/schema.org","@graph":[{"@type":"NewsArticle","@id":"https:\/\/www.forbes.be\/nl\/gaza-op-de-straten-van-europa-kunst-van-verzet-tentoongesteld-in-brussel\/#article","isPartOf":{"@id":"https:\/\/www.forbes.be\/nl\/gaza-op-de-straten-van-europa-kunst-van-verzet-tentoongesteld-in-brussel\/"},"author":{"name":"Martin Boonen","@id":"https:\/\/www.forbes.be\/nl\/#\/schema\/person\/06275e9d0194db71f89b5badacb532c8"},"headline":"Gaza in de straten van Europa: de kunst van verzet tentoongesteld in Brussel","datePublished":"2025-09-15T12:25:52+00:00","dateModified":"2025-09-19T07:54:12+00:00","mainEntityOfPage":{"@id":"https:\/\/www.forbes.be\/nl\/gaza-op-de-straten-van-europa-kunst-van-verzet-tentoongesteld-in-brussel\/"},"wordCount":756,"publisher":{"@id":"https:\/\/www.forbes.be\/nl\/#organization"},"image":{"@id":"https:\/\/www.forbes.be\/nl\/gaza-op-de-straten-van-europa-kunst-van-verzet-tentoongesteld-in-brussel\/#primaryimage"},"thumbnailUrl":"https:\/\/www.forbes.be\/nl\/wp-content\/uploads\/2025\/09\/12361-whatsapp-image-2025-09-14-at-124319.png","articleSection":["Actualiteit","Bedrijf","Cultuur"],"inLanguage":"nl-BE"},{"@type":"WebPage","@id":"https:\/\/www.forbes.be\/nl\/gaza-op-de-straten-van-europa-kunst-van-verzet-tentoongesteld-in-brussel\/","url":"https:\/\/www.forbes.be\/nl\/gaza-op-de-straten-van-europa-kunst-van-verzet-tentoongesteld-in-brussel\/","name":"Gaza op de straten van Europa: kunst en verzet in Brussel","isPartOf":{"@id":"https:\/\/www.forbes.be\/nl\/#website"},"primaryImageOfPage":{"@id":"https:\/\/www.forbes.be\/nl\/gaza-op-de-straten-van-europa-kunst-van-verzet-tentoongesteld-in-brussel\/#primaryimage"},"image":{"@id":"https:\/\/www.forbes.be\/nl\/gaza-op-de-straten-van-europa-kunst-van-verzet-tentoongesteld-in-brussel\/#primaryimage"},"thumbnailUrl":"https:\/\/www.forbes.be\/nl\/wp-content\/uploads\/2025\/09\/12361-whatsapp-image-2025-09-14-at-124319.png","datePublished":"2025-09-15T12:25:52+00:00","dateModified":"2025-09-19T07:54:12+00:00","description":"In Brussel onthult de tentoonstelling 'Gaza: Stories of Hope and Resilience' van het WFP en de EU ontroerende werken van Ahmed Muhanna om bewustzijn te vergroten.","breadcrumb":{"@id":"https:\/\/www.forbes.be\/nl\/gaza-op-de-straten-van-europa-kunst-van-verzet-tentoongesteld-in-brussel\/#breadcrumb"},"inLanguage":"nl-BE","potentialAction":[{"@type":"ReadAction","target":["https:\/\/www.forbes.be\/nl\/gaza-op-de-straten-van-europa-kunst-van-verzet-tentoongesteld-in-brussel\/"]}]},{"@type":"ImageObject","inLanguage":"nl-BE","@id":"https:\/\/www.forbes.be\/nl\/gaza-op-de-straten-van-europa-kunst-van-verzet-tentoongesteld-in-brussel\/#primaryimage","url":"https:\/\/www.forbes.be\/nl\/wp-content\/uploads\/2025\/09\/12361-whatsapp-image-2025-09-14-at-124319.png","contentUrl":"https:\/\/www.forbes.be\/nl\/wp-content\/uploads\/2025\/09\/12361-whatsapp-image-2025-09-14-at-124319.png","width":1600,"height":837,"caption":"L'exposition \"Gaza: Stories of Hope and Resilience\" d\u00e9bute sa tourn\u00e9e europ\u00e9enne \u00e0 Bruxelles \u00a9 DR"},{"@type":"BreadcrumbList","@id":"https:\/\/www.forbes.be\/nl\/gaza-op-de-straten-van-europa-kunst-van-verzet-tentoongesteld-in-brussel\/#breadcrumb","itemListElement":[{"@type":"ListItem","position":1,"name":"Accueil","item":"https:\/\/www.forbes.be\/nl\/"},{"@type":"ListItem","position":2,"name":"Gaza in de straten van Europa: de kunst van verzet tentoongesteld in Brussel"}]},{"@type":"WebSite","@id":"https:\/\/www.forbes.be\/nl\/#website","url":"https:\/\/www.forbes.be\/nl\/","name":"Forbes Belgi\u00eb","description":"","publisher":{"@id":"https:\/\/www.forbes.be\/nl\/#organization"},"potentialAction":[{"@type":"SearchAction","target":{"@type":"EntryPoint","urlTemplate":"https:\/\/www.forbes.be\/nl\/?s={search_term_string}"},"query-input":{"@type":"PropertyValueSpecification","valueRequired":true,"valueName":"search_term_string"}}],"inLanguage":"nl-BE"},{"@type":"Organization","@id":"https:\/\/www.forbes.be\/nl\/#organization","name":"Forbes Belgi\u00eb","url":"https:\/\/www.forbes.be\/nl\/","logo":{"@type":"ImageObject","inLanguage":"nl-BE","@id":"https:\/\/www.forbes.be\/nl\/#\/schema\/logo\/image\/","url":"https:\/\/www.forbes.be\/nl\/wp-content\/uploads\/2024\/02\/forbes.be_.png","contentUrl":"https:\/\/www.forbes.be\/nl\/wp-content\/uploads\/2024\/02\/forbes.be_.png","width":1200,"height":675,"caption":"Forbes Belgi\u00eb"},"image":{"@id":"https:\/\/www.forbes.be\/nl\/#\/schema\/logo\/image\/"},"sameAs":["https:\/\/www.facebook.com\/forbesbelgie","https:\/\/www.instagram.com\/Forbes_Belgium","https:\/\/www.linkedin.com\/company\/forbes-belgium\/"]},{"@type":"Person","@id":"https:\/\/www.forbes.be\/nl\/#\/schema\/person\/06275e9d0194db71f89b5badacb532c8","name":"Martin Boonen","image":{"@type":"ImageObject","inLanguage":"nl-BE","@id":"https:\/\/www.forbes.be\/nl\/wp-content\/uploads\/2024\/11\/Capture-de\u0301cran-2024-11-15-a\u0300-09.38.49-100x100.png","url":"https:\/\/www.forbes.be\/nl\/wp-content\/uploads\/2024\/11\/Capture-de\u0301cran-2024-11-15-a\u0300-09.38.49-100x100.png","contentUrl":"https:\/\/www.forbes.be\/nl\/wp-content\/uploads\/2024\/11\/Capture-de\u0301cran-2024-11-15-a\u0300-09.38.49-100x100.png","caption":"Martin Boonen"},"description":"Martin Boonen is een gediplomeerd journalist van het Institut de Journalisme de Bruxelles (2012). Hij heeft samengewerkt met tal van redacties, in uiteenlopende functies gaande van journalist en rubriekshoofd tot eindredacteur en hoofdredacteur \u2013 zowel voor digitale media als de geschreven pers. Met een uitgesproken expertise in startups en sociaal ge\u00ebngageerd ondernemerschap, werd hij in 2025 benoemd tot hoofdredacteur van de Belgische website van Forbes. Sinds 2011 is hij aangesloten bij de Organisation de la Presse P\u00e9riodique (OMPP).","sameAs":["https:\/\/www.linkedin.com\/in\/martin-boonen-61499951\/"],"url":"https:\/\/www.forbes.be\/nl\/author\/martin-boonen\/"}]}},"_links":{"self":[{"href":"https:\/\/www.forbes.be\/nl\/wp-json\/wp\/v2\/posts\/11360","targetHints":{"allow":["GET"]}}],"collection":[{"href":"https:\/\/www.forbes.be\/nl\/wp-json\/wp\/v2\/posts"}],"about":[{"href":"https:\/\/www.forbes.be\/nl\/wp-json\/wp\/v2\/types\/post"}],"author":[{"embeddable":true,"href":"https:\/\/www.forbes.be\/nl\/wp-json\/wp\/v2\/users\/42"}],"replies":[{"embeddable":true,"href":"https:\/\/www.forbes.be\/nl\/wp-json\/wp\/v2\/comments?post=11360"}],"version-history":[{"count":3,"href":"https:\/\/www.forbes.be\/nl\/wp-json\/wp\/v2\/posts\/11360\/revisions"}],"predecessor-version":[{"id":11403,"href":"https:\/\/www.forbes.be\/nl\/wp-json\/wp\/v2\/posts\/11360\/revisions\/11403"}],"wp:featuredmedia":[{"embeddable":true,"href":"https:\/\/www.forbes.be\/nl\/wp-json\/wp\/v2\/media\/11359"}],"wp:attachment":[{"href":"https:\/\/www.forbes.be\/nl\/wp-json\/wp\/v2\/media?parent=11360"}],"wp:term":[{"taxonomy":"category","embeddable":true,"href":"https:\/\/www.forbes.be\/nl\/wp-json\/wp\/v2\/categories?post=11360"},{"taxonomy":"post_tag","embeddable":true,"href":"https:\/\/www.forbes.be\/nl\/wp-json\/wp\/v2\/tags?post=11360"}],"curies":[{"name":"wp","href":"https:\/\/api.w.org\/{rel}","templated":true}]}}