{"id":11537,"date":"2025-09-26T11:06:32","date_gmt":"2025-09-26T09:06:32","guid":{"rendered":"https:\/\/www.forbes.be\/nl\/?p=11537"},"modified":"2025-09-29T11:08:45","modified_gmt":"2025-09-29T09:08:45","slug":"tweede-verblijven-in-zwitserland-wat-de-stemming-van-28-september-zal-veranderen-voor-belgische-eigenaars-in-zwitserland","status":"publish","type":"post","link":"https:\/\/www.forbes.be\/nl\/tweede-verblijven-in-zwitserland-wat-de-stemming-van-28-september-zal-veranderen-voor-belgische-eigenaars-in-zwitserland\/","title":{"rendered":"Tweede verblijven in Zwitserland: wat de stemming van 28 september zal veranderen voor Belgische eigenaars in Zwitserland"},"content":{"rendered":"<p><strong>Een zeldzame fiscale stemming schudt Zwitserland door elkaar op 28 september. Centraal in het debat: het einde van de huurwaarde, met directe gevolgen voor Belgen die onroerend goed in het Zwitserse land bezitten.<\/strong><\/p>\n<p>Een dag gaat voorbij in <strong>Zwitserland<\/strong> zonder dat de &#8220;<strong>huurwaarde<\/strong>&#8221; onderwerp van discussie is. En deze voeren sterk op met het naderen van 28 september 2025, de fatale dag van de <strong>federale stemming<\/strong> die mogelijk zal beslissen over de afschaffing ervan. Het onderwerp boeit omdat het betrekking heeft op gevoelige thema&#8217;s: huisvesting, belasting, gelijkheid tussen eigenaren en huurders en zelfs ecologie. Het illustreert een nieuwe &#8220;<em>R\u00f6stigraben<\/em>&#8221; waar <strong>Zwitserland<\/strong> in uitblinkt, niet tussen Romande en Alemannische kantons, maar tussen vlakke en bergachtige kantons. De eersten willen de afschaffing, en wijzen op een belasting die als oneerlijk wordt beschouwd en waarvan mogelijke aftrekken gezinnen aanmoedigen zich in de schulden te steken. De laatsten niet, uit angst voor hun <strong>fiscale inkomsten<\/strong>.<\/p>\n<p>De kwestie overschrijdt de Zwitserse grenzen: veel <strong>Belgische inwoners<\/strong> (de Belgen) zijn <strong>eigenaren<\/strong> van een chalet of appartement in <strong>Wallis<\/strong>, <strong>Vaud<\/strong>, de <strong>Grisons<\/strong> of het <strong>Tessin<\/strong>. Ze worden direct be\u00efnvloed door deze nationale Zwitserse kwestie met internationale gevolgen.<\/p>\n<h2>De huurwaarde: een werkelijke belasting op een fictief inkomen<\/h2>\n<p>Het &#8220;<strong>huurwaardesysteem<\/strong>&#8221; is gebaseerd op een <strong>Zwitserse eigenaardigheid<\/strong>: eigenaren belasten die in hun woning verblijven alsof ze het aan een derde verhuren. Een <strong>fictieve huur<\/strong>, na bepaalde aftrekken, wordt opgeteld bij andere inkomens van de <strong>belastingplichtige<\/strong> en belast. Hoeveel? De &#8220;<strong>huurwaarde<\/strong>&#8221; van het betreffende goed, in theorie het bedrag dat de <strong>eigenaar<\/strong> had kunnen ontvangen van een hypothetische <strong>huurder<\/strong>. In de praktijk is deze vaak lager en wordt per kanton bepaald. Doel van het systeem? Eigenaren en <strong>huurders<\/strong> in evenwicht brengen: de eersten wonen in hun huis, besparen huur en kunnen <strong>fiscale aftrekken<\/strong> opvoeren als eigenaars (zoals onderhoudskosten en hypotheekrente). De laatsten betalen huur maar kunnen dergelijke aftrekken niet claimen. Om het evenwicht te herstellen, heeft de <strong>Zwitserse wetgever<\/strong> besloten een fictief belastbaar inkomen te erkennen bij de eersten.<\/p>\n<figure id=\"attachment_12581\" aria-describedby=\"caption-attachment-12581\" style=\"width: 2560px\" class=\"wp-caption alignnone\"><img loading=\"lazy\" decoding=\"async\" class=\"size-full wp-image-12581\" src=\"https:\/\/www.forbes.be\/fr\/wp-content\/uploads\/2025\/09\/shutterstock-2409729075-scaled.jpg\" alt=\"\" width=\"2560\" height=\"1707\" \/><figcaption id=\"caption-attachment-12581\" class=\"wp-caption-text\">Het parlement van de Zwitserse Confederatie in Bern \u00a9 DR\/Shutterstock.com<\/figcaption><\/figure>\n<p>Voor een <strong>Belgische eigenaar<\/strong> van een eigendom in <strong>Zwitserland<\/strong> is de <strong>belasting<\/strong> op het <strong>Zwitserse inkomen<\/strong> ook gebaseerd op de &#8220;<strong>huurwaarde<\/strong>&#8221; toegewezen aan zijn goederen. Het moet worden aangegeven in zijn <strong>jaarlijkse kantonale belastingaangifte<\/strong> voor de <strong>inkomstenbelasting<\/strong> op federaal, kantonaal en gemeentelijk niveau. In ruil daarvoor kan hij bepaalde kosten en hypotheekrente aftrekken.<\/p>\n<p>Internationaal gezien staat de <strong>Belgi\u00eb-Zwitserland belastingconventie<\/strong> Zwitserland toe de <strong>Belg<\/strong> te belasten voor een eigendom op zijn grondgebied. In Belgi\u00eb is het <strong>kadasterinkomen<\/strong> van de door de Belgische fiscale administratie toegewezen eigendom vrijgesteld, maar in aanmerking genomen om het effectieve tarief te bepalen dat op andere in Belgi\u00eb belaste inkomsten wordt toegepast.<\/p>\n<p>Jarenlang wordt het <strong>huurwaardesysteem<\/strong> in <strong>Zwitserland<\/strong> bekritiseerd. Velen beschouwen het als oneerlijk &#8211; een <strong>belasting op een denkbeeldig inkomen<\/strong> betalen. Paradoxaal genoeg telt <strong>Zwitserland<\/strong> echter 2\/3 huurders en 1\/3 eigenaars, met uitzondering van <strong>Wallis<\/strong> waar het omgekeerd is. De toekomst hiervan zal op 28 september worden beslist.<\/p>\n<p>Als de uitkomst onzeker lijkt tot het einde, is de <strong>stemming<\/strong> bijzonder verwarrend. Officieel gaat het over een grondwetswijziging die de invoering van een <strong>nieuwe speciale onroerendgoedbelasting<\/strong> op <strong>tweede woningen<\/strong> mogelijk maakt. Vanwege een geplande co\u00f6rdinatieclausule zijn twee onderwerpen verbonden: de belasting op de &#8220;<strong>huurwaarde<\/strong>&#8221; zal alleen worden afgeschaft als de <strong>nieuwe onroerendgoedbelasting<\/strong> op 28 september wordt geaccepteerd. Met andere woorden, de &#8220;<strong>huurwaarde<\/strong>&#8221; wordt slechts indirect aan de stemming onderworpen. Zijn voorstanders zullen &#8220;nee&#8221; moeten stemmen en zijn tegenstanders &#8220;ja&#8221;. Een heuse kluwen.<\/p>\n<h2>Wat zal veranderen als de &#8220;huurwaarde&#8221; wordt afgeschaft<\/h2>\n<p>Bij afschaffing wordt de &#8220;<strong>huurwaarde<\/strong>&#8221; niet langer belast. Maar daar staat tegenover dat alle mogelijke <strong>fiscale aftrekken<\/strong> verdwijnen. Voor een <strong>Belgische eigenaar<\/strong> van een zonder schuld gefinancierde eigendom zou de situatie gunstig zijn: minder <strong>belasting<\/strong> in Zwitserland en <em>status quo<\/em> voor de <strong>belasting<\/strong> in Belgi\u00eb. Als zijn eigendom is gefinancierd met een schuld en rente te betalen, kan het verlies van <strong>aftrek<\/strong> zwaar wegen. Hetzelfde geldt als zijn eigendom oud is en aanzienlijke onderhoudskosten vereist. Deze zullen niet langer aftrekbaar zijn. Vandaar de kritiek van tegenstanders op de <strong>afschaffing<\/strong>: de hervorming zal zwartwerk aanmoedigen en zal geen stimulans bieden voor energetische verbeteringen van eigendommen.<\/p>\n<p>Daardoor kan elk <strong>kanton<\/strong> een nieuwe <strong>speciale belasting voor tweede woningen<\/strong> instellen. Hier liggen de onzekerheden omdat het tarief, de grondslag, vrijstellingen en andere modaliteiten afhankelijk zijn van de keuze van elk van de <strong>kantonwetgevers<\/strong>. In theorie zou het op 1 januari 2026 in werking kunnen treden, maar het lijkt realistischer als dat op 2028 of 2029 wordt gezet.<\/p>\n<h2>Wat niet zal veranderen, ongeacht het resultaat van de stemming<\/h2>\n<p>Als het eigendom in <strong>Zwitserland<\/strong> is verhuurd, moet en zal de <strong>Belgische eigenaar<\/strong> nog steeds de <strong>huuropbrengsten<\/strong> na bepaalde aftrekken aangeven in <strong>Zwitserland<\/strong>. Tot op heden moet de &#8220;<strong>huurwaarde<\/strong>&#8221; alleen naar rato van niet-gehuurde periodes worden aangegeven. Waarschijnlijk zal de nieuwe <strong>kantonale onroerendgoedbelasting<\/strong> deze vervangen naar hetzelfde percentage.<\/p>\n<figure id=\"attachment_12582\" aria-describedby=\"caption-attachment-12582\" style=\"width: 2560px\" class=\"wp-caption alignnone\"><img loading=\"lazy\" decoding=\"async\" class=\"size-full wp-image-12582\" src=\"https:\/\/www.forbes.be\/fr\/wp-content\/uploads\/2025\/09\/shutterstock-2445227663-scaled.jpg\" alt=\"\" width=\"2560\" height=\"1334\" \/><figcaption id=\"caption-attachment-12582\" class=\"wp-caption-text\">Verbier, een populaire bestemming voor Belgen, is van toepassing op de stemming van zondag. \u00a9 DR\/Shutterstock.com<\/figcaption><\/figure>\n<p>Verder zal er niets veranderen voor de <strong>Zwitserse vermogensbelasting<\/strong>. Verzameld door de <strong>kantons<\/strong> en gemeenten, moet u nog steeds de &#8220;<strong>fiscale waarden<\/strong>&#8221; van het gebouw en het land aangeven in <strong>Zwitserland<\/strong> na aftrek van een eventuele hypotheekschuld. Gedefinieerd door elk <strong>kanton<\/strong>, zijn deze waarden in feite aanzienlijk lager dan de marktwaarden.<\/p>\n<h2>Een tweesnijdende hervorming<\/h2>\n<p>Als conclusie verbergt deze <strong>stemming<\/strong> in <strong>Zwitserland<\/strong> in werkelijkheid een delicaat evenwicht met gevolgen voor de <strong>niet-inwonende vastgoedeigenaren in Zwitserland<\/strong>. Enerzijds lijkt het aantrekkelijk om een <strong>belasting<\/strong> die als oneerlijk en achterhaald wordt beschouwd, af te schaffen. De laatste poging in 2012 mislukte echter in de stembussen met 53% &#8220;nee&#8221;. Anderzijds vormt de invoering van een <strong>nieuwe belasting<\/strong>, waarvan de contouren nog vaag zijn, een sprong in het onbekende.<\/p>\n<p>Een <strong>nieuwe belasting<\/strong> is per definitie een slecht signaal. Een belasting afschaffen om deze door een andere te vervangen, is zelden voordelig voor <strong>belastingbetalers<\/strong>. Zeker wanneer vandaag niemand echt de contouren van de nieuwigheid kent. Als we de huidige <strong>fiscale aftrekken<\/strong> toevoegen die zullen verdwijnen, riskeert de <strong>belastingdruk<\/strong> voor zowel Zwitserse als Belgische eigenaren te stijgen. Te meer omdat het <strong>vastgoed<\/strong> in <strong>Zwitserland<\/strong> al is onderworpen aan <strong>meerdere belastingen<\/strong> (vermogensbelasting jaarlijks; overdracht als eigenaar verandert; onroerende winst bij verkoop in geval van meerwaarde; en successie en schenkingen bij overlijden en schenking).<\/p>\n<p>Om deze redenen kan de afschaffing van de &#8220;<strong>huurwaarde<\/strong>&#8221; een valse goede verrassing zijn, een Pyrrusoverwinning voor haar voorstanders. Essentieel omdat deze <strong>nieuwe speciale belasting<\/strong> een blanco cheque is om te belasten. De enkele &#8220;<strong>huurwaarde<\/strong>&#8221; afschaffen ja, maar niet met het volledige menu dat Zwitsers op 28 september krijgen.<\/p>\n<p>De enige hoop aan de horizon indien de verandering toch wordt besloten op 28 september is dat de keuze voor de <strong>nieuw in te voeren speciale belasting<\/strong> zal worden overgelaten aan de zesentwintig kantons. Dit zou <strong>interkantonale concurrentie<\/strong> moeten stimuleren, net als de andere <strong>kantonale belastingen<\/strong> op <strong>onroerend goed<\/strong> (vermogensbelasting, overdracht, onroerende winst en successie en schenking). Paradoxaal genoeg zou de totale <strong>belastingdruk<\/strong> van een <strong>chalet<\/strong> of <strong>appartement<\/strong> met uitzicht op de Zwitserse bergen of meren en <em>in fine<\/em> best wel kunnen verlicht worden.<\/p>\n<div style=\"display: block; border: 1px solid #c71f1f; padding: 30px; border-radius: 20px; border-top-left-radius: inherit; border-bottom-right-radius: inherit; margin-top: 30px;\">\n<p><em><strong>Anton van Zantbeek<\/strong> en <strong>Marc-Etienne Baijot<\/strong> zijn fiscale advocaten bij <a href=\"https:\/\/rivus.be\/fr\/home\/\" target=\"_blank\" rel=\"noopener\">Rivus Advocaten<\/a>, een internationaal advocatenkantoor gespecialiseerd in patrimoniaal fiscaal recht met kantoren in Brussel, Gent en Sion (Wallis, Zwitserland).<\/em><\/p>\n<p><em> Meester Baijot is afgestudeerd in Zwitsers fiscaal recht en Zwitsers erfrecht aan de universiteit van Neuch\u00e2tel.<\/em><\/p>\n<\/div>\n","protected":false},"excerpt":{"rendered":"<p>Een zeldzame fiscale stemming schudt Zwitserland door elkaar op 28 september. Centraal in het debat: het einde van de huurwaarde, met directe gevolgen voor Belgen die onroerend goed in het Zwitserse land bezitten. Een dag gaat voorbij in Zwitserland zonder dat de &#8220;huurwaarde&#8221; onderwerp van discussie is. En deze [&hellip;]<\/p>\n","protected":false},"author":56,"featured_media":11536,"comment_status":"closed","ping_status":"closed","sticky":false,"template":"","format":"standard","meta":{"_acf_changed":false,"inline_featured_image":false,"footnotes":""},"categories":[1,599,39,37],"tags":[],"class_list":{"0":"post-11537","1":"post","2":"type-post","3":"status-publish","4":"format-standard","5":"has-post-thumbnail","7":"category-actualiteit","8":"category-internationaal","9":"category-politiek","10":"category-vastgoed"},"acf":[],"auteur_traducteur":"","yoast_head":"<!-- This site is optimized with the Yoast SEO plugin v27.4 - https:\/\/yoast.com\/product\/yoast-seo-wordpress\/ -->\n<title>Tweede verblijven in Zwitserland: impact van stemming 28 september op Belgische eigenaars<\/title>\n<meta name=\"description\" content=\"Zwitserland stemt over het afschaffen van de huurwaarde, een uniek belastingthema met grote gevolgen voor Belgische eigenaars.\" \/>\n<meta name=\"robots\" content=\"index, follow, max-snippet:-1, max-image-preview:large, max-video-preview:-1\" \/>\n<link rel=\"canonical\" href=\"https:\/\/www.forbes.be\/nl\/tweede-verblijven-in-zwitserland-wat-de-stemming-van-28-september-zal-veranderen-voor-belgische-eigenaars-in-zwitserland\/\" \/>\n<meta property=\"og:locale\" content=\"nl_BE\" \/>\n<meta property=\"og:type\" content=\"article\" \/>\n<meta property=\"og:title\" content=\"Tweede verblijven in Zwitserland: impact van stemming 28 september op Belgische eigenaars\" \/>\n<meta property=\"og:description\" content=\"Zwitserland stemt over het afschaffen van de huurwaarde, een uniek belastingthema met grote gevolgen voor Belgische eigenaars.\" \/>\n<meta property=\"og:url\" content=\"https:\/\/www.forbes.be\/nl\/tweede-verblijven-in-zwitserland-wat-de-stemming-van-28-september-zal-veranderen-voor-belgische-eigenaars-in-zwitserland\/\" \/>\n<meta property=\"og:site_name\" content=\"Forbes Belgi\u00eb\" \/>\n<meta property=\"article:publisher\" content=\"https:\/\/www.facebook.com\/forbesbelgie\" \/>\n<meta property=\"article:published_time\" content=\"2025-09-26T09:06:32+00:00\" \/>\n<meta property=\"article:modified_time\" content=\"2025-09-29T09:08:45+00:00\" \/>\n<meta property=\"og:image\" content=\"https:\/\/www.forbes.be\/nl\/wp-content\/uploads\/2025\/09\/12544-swissflagonwoodenbuildingwithgreenwindowshutters.jpg\" \/>\n\t<meta property=\"og:image:width\" content=\"2560\" \/>\n\t<meta property=\"og:image:height\" content=\"1340\" \/>\n\t<meta property=\"og:image:type\" content=\"image\/jpeg\" \/>\n<meta name=\"author\" content=\"Marc-Etienne Baijot &amp; Anton van Zantbeek\" \/>\n<meta name=\"twitter:card\" content=\"summary_large_image\" \/>\n<meta name=\"twitter:label1\" content=\"Geschreven door\" \/>\n\t<meta name=\"twitter:data1\" content=\"Marc-Etienne Baijot &amp; Anton van Zantbeek\" \/>\n\t<meta name=\"twitter:label2\" content=\"Geschatte leestijd\" \/>\n\t<meta name=\"twitter:data2\" content=\"7 minuten\" \/>\n<script type=\"application\/ld+json\" class=\"yoast-schema-graph\">{\"@context\":\"https:\\\/\\\/schema.org\",\"@graph\":[{\"@type\":\"NewsArticle\",\"@id\":\"https:\\\/\\\/www.forbes.be\\\/nl\\\/tweede-verblijven-in-zwitserland-wat-de-stemming-van-28-september-zal-veranderen-voor-belgische-eigenaars-in-zwitserland\\\/#article\",\"isPartOf\":{\"@id\":\"https:\\\/\\\/www.forbes.be\\\/nl\\\/tweede-verblijven-in-zwitserland-wat-de-stemming-van-28-september-zal-veranderen-voor-belgische-eigenaars-in-zwitserland\\\/\"},\"author\":{\"name\":\"Marc-Etienne Baijot &amp; Anton van Zantbeek\",\"@id\":\"https:\\\/\\\/www.forbes.be\\\/nl\\\/#\\\/schema\\\/person\\\/d35b6185d3ea17270408d48a320ca32d\"},\"headline\":\"Tweede verblijven in Zwitserland: wat de stemming van 28 september zal veranderen voor Belgische eigenaars in Zwitserland\",\"datePublished\":\"2025-09-26T09:06:32+00:00\",\"dateModified\":\"2025-09-29T09:08:45+00:00\",\"mainEntityOfPage\":{\"@id\":\"https:\\\/\\\/www.forbes.be\\\/nl\\\/tweede-verblijven-in-zwitserland-wat-de-stemming-van-28-september-zal-veranderen-voor-belgische-eigenaars-in-zwitserland\\\/\"},\"wordCount\":1231,\"publisher\":{\"@id\":\"https:\\\/\\\/www.forbes.be\\\/nl\\\/#organization\"},\"image\":{\"@id\":\"https:\\\/\\\/www.forbes.be\\\/nl\\\/tweede-verblijven-in-zwitserland-wat-de-stemming-van-28-september-zal-veranderen-voor-belgische-eigenaars-in-zwitserland\\\/#primaryimage\"},\"thumbnailUrl\":\"https:\\\/\\\/www.forbes.be\\\/nl\\\/wp-content\\\/uploads\\\/2025\\\/09\\\/12544-swissflagonwoodenbuildingwithgreenwindowshutters.jpg\",\"articleSection\":[\"Actualiteit\",\"Internationaal\",\"Politiek\",\"Vastgoed\"],\"inLanguage\":\"nl-BE\"},{\"@type\":\"WebPage\",\"@id\":\"https:\\\/\\\/www.forbes.be\\\/nl\\\/tweede-verblijven-in-zwitserland-wat-de-stemming-van-28-september-zal-veranderen-voor-belgische-eigenaars-in-zwitserland\\\/\",\"url\":\"https:\\\/\\\/www.forbes.be\\\/nl\\\/tweede-verblijven-in-zwitserland-wat-de-stemming-van-28-september-zal-veranderen-voor-belgische-eigenaars-in-zwitserland\\\/\",\"name\":\"Tweede verblijven in Zwitserland: impact van stemming 28 september op Belgische eigenaars\",\"isPartOf\":{\"@id\":\"https:\\\/\\\/www.forbes.be\\\/nl\\\/#website\"},\"primaryImageOfPage\":{\"@id\":\"https:\\\/\\\/www.forbes.be\\\/nl\\\/tweede-verblijven-in-zwitserland-wat-de-stemming-van-28-september-zal-veranderen-voor-belgische-eigenaars-in-zwitserland\\\/#primaryimage\"},\"image\":{\"@id\":\"https:\\\/\\\/www.forbes.be\\\/nl\\\/tweede-verblijven-in-zwitserland-wat-de-stemming-van-28-september-zal-veranderen-voor-belgische-eigenaars-in-zwitserland\\\/#primaryimage\"},\"thumbnailUrl\":\"https:\\\/\\\/www.forbes.be\\\/nl\\\/wp-content\\\/uploads\\\/2025\\\/09\\\/12544-swissflagonwoodenbuildingwithgreenwindowshutters.jpg\",\"datePublished\":\"2025-09-26T09:06:32+00:00\",\"dateModified\":\"2025-09-29T09:08:45+00:00\",\"description\":\"Zwitserland stemt over het afschaffen van de huurwaarde, een uniek belastingthema met grote gevolgen voor Belgische eigenaars.\",\"breadcrumb\":{\"@id\":\"https:\\\/\\\/www.forbes.be\\\/nl\\\/tweede-verblijven-in-zwitserland-wat-de-stemming-van-28-september-zal-veranderen-voor-belgische-eigenaars-in-zwitserland\\\/#breadcrumb\"},\"inLanguage\":\"nl-BE\",\"potentialAction\":[{\"@type\":\"ReadAction\",\"target\":[\"https:\\\/\\\/www.forbes.be\\\/nl\\\/tweede-verblijven-in-zwitserland-wat-de-stemming-van-28-september-zal-veranderen-voor-belgische-eigenaars-in-zwitserland\\\/\"]}]},{\"@type\":\"ImageObject\",\"inLanguage\":\"nl-BE\",\"@id\":\"https:\\\/\\\/www.forbes.be\\\/nl\\\/tweede-verblijven-in-zwitserland-wat-de-stemming-van-28-september-zal-veranderen-voor-belgische-eigenaars-in-zwitserland\\\/#primaryimage\",\"url\":\"https:\\\/\\\/www.forbes.be\\\/nl\\\/wp-content\\\/uploads\\\/2025\\\/09\\\/12544-swissflagonwoodenbuildingwithgreenwindowshutters.jpg\",\"contentUrl\":\"https:\\\/\\\/www.forbes.be\\\/nl\\\/wp-content\\\/uploads\\\/2025\\\/09\\\/12544-swissflagonwoodenbuildingwithgreenwindowshutters.jpg\",\"width\":2560,\"height\":1340,\"caption\":\"Une importante votation dimanchee pourrait bien avoir dess cons\u00e9quences fiscales importantes pour les Belges propri\u00e9taires de biens r\u00e9sidentiels suisses \u00a9\u00a0DR\\\/Shutterstock.com\"},{\"@type\":\"BreadcrumbList\",\"@id\":\"https:\\\/\\\/www.forbes.be\\\/nl\\\/tweede-verblijven-in-zwitserland-wat-de-stemming-van-28-september-zal-veranderen-voor-belgische-eigenaars-in-zwitserland\\\/#breadcrumb\",\"itemListElement\":[{\"@type\":\"ListItem\",\"position\":1,\"name\":\"Accueil\",\"item\":\"https:\\\/\\\/www.forbes.be\\\/nl\\\/\"},{\"@type\":\"ListItem\",\"position\":2,\"name\":\"Tweede verblijven in Zwitserland: wat de stemming van 28 september zal veranderen voor Belgische eigenaars in Zwitserland\"}]},{\"@type\":\"WebSite\",\"@id\":\"https:\\\/\\\/www.forbes.be\\\/nl\\\/#website\",\"url\":\"https:\\\/\\\/www.forbes.be\\\/nl\\\/\",\"name\":\"Forbes Belgi\u00eb\",\"description\":\"\",\"publisher\":{\"@id\":\"https:\\\/\\\/www.forbes.be\\\/nl\\\/#organization\"},\"potentialAction\":[{\"@type\":\"SearchAction\",\"target\":{\"@type\":\"EntryPoint\",\"urlTemplate\":\"https:\\\/\\\/www.forbes.be\\\/nl\\\/?s={search_term_string}\"},\"query-input\":{\"@type\":\"PropertyValueSpecification\",\"valueRequired\":true,\"valueName\":\"search_term_string\"}}],\"inLanguage\":\"nl-BE\"},{\"@type\":\"Organization\",\"@id\":\"https:\\\/\\\/www.forbes.be\\\/nl\\\/#organization\",\"name\":\"Forbes Belgi\u00eb\",\"url\":\"https:\\\/\\\/www.forbes.be\\\/nl\\\/\",\"logo\":{\"@type\":\"ImageObject\",\"inLanguage\":\"nl-BE\",\"@id\":\"https:\\\/\\\/www.forbes.be\\\/nl\\\/#\\\/schema\\\/logo\\\/image\\\/\",\"url\":\"https:\\\/\\\/www.forbes.be\\\/nl\\\/wp-content\\\/uploads\\\/2024\\\/02\\\/forbes.be_.png\",\"contentUrl\":\"https:\\\/\\\/www.forbes.be\\\/nl\\\/wp-content\\\/uploads\\\/2024\\\/02\\\/forbes.be_.png\",\"width\":1200,\"height\":675,\"caption\":\"Forbes Belgi\u00eb\"},\"image\":{\"@id\":\"https:\\\/\\\/www.forbes.be\\\/nl\\\/#\\\/schema\\\/logo\\\/image\\\/\"},\"sameAs\":[\"https:\\\/\\\/www.facebook.com\\\/forbesbelgie\",\"https:\\\/\\\/www.instagram.com\\\/Forbes_Belgium\",\"https:\\\/\\\/www.linkedin.com\\\/company\\\/forbes-belgium\\\/\"]},{\"@type\":\"Person\",\"@id\":\"https:\\\/\\\/www.forbes.be\\\/nl\\\/#\\\/schema\\\/person\\\/d35b6185d3ea17270408d48a320ca32d\",\"name\":\"Marc-Etienne Baijot &amp; Anton van Zantbeek\",\"image\":{\"@type\":\"ImageObject\",\"inLanguage\":\"nl-BE\",\"@id\":\"https:\\\/\\\/secure.gravatar.com\\\/avatar\\\/010a65c705468e13ae5a0c868ab4104c5e8a34623dd291577d99e1b8b72d8ec9?s=96&d=mm&r=g\",\"url\":\"https:\\\/\\\/secure.gravatar.com\\\/avatar\\\/010a65c705468e13ae5a0c868ab4104c5e8a34623dd291577d99e1b8b72d8ec9?s=96&d=mm&r=g\",\"contentUrl\":\"https:\\\/\\\/secure.gravatar.com\\\/avatar\\\/010a65c705468e13ae5a0c868ab4104c5e8a34623dd291577d99e1b8b72d8ec9?s=96&d=mm&r=g\",\"caption\":\"Marc-Etienne Baijot &amp; Anton van Zantbeek\"},\"url\":\"https:\\\/\\\/www.forbes.be\\\/nl\\\/author\\\/marc-etienne-baijot\\\/\"}]}<\/script>\n<!-- \/ Yoast SEO plugin. -->","yoast_head_json":{"title":"Tweede verblijven in Zwitserland: impact van stemming 28 september op Belgische eigenaars","description":"Zwitserland stemt over het afschaffen van de huurwaarde, een uniek belastingthema met grote gevolgen voor Belgische eigenaars.","robots":{"index":"index","follow":"follow","max-snippet":"max-snippet:-1","max-image-preview":"max-image-preview:large","max-video-preview":"max-video-preview:-1"},"canonical":"https:\/\/www.forbes.be\/nl\/tweede-verblijven-in-zwitserland-wat-de-stemming-van-28-september-zal-veranderen-voor-belgische-eigenaars-in-zwitserland\/","og_locale":"nl_BE","og_type":"article","og_title":"Tweede verblijven in Zwitserland: impact van stemming 28 september op Belgische eigenaars","og_description":"Zwitserland stemt over het afschaffen van de huurwaarde, een uniek belastingthema met grote gevolgen voor Belgische eigenaars.","og_url":"https:\/\/www.forbes.be\/nl\/tweede-verblijven-in-zwitserland-wat-de-stemming-van-28-september-zal-veranderen-voor-belgische-eigenaars-in-zwitserland\/","og_site_name":"Forbes Belgi\u00eb","article_publisher":"https:\/\/www.facebook.com\/forbesbelgie","article_published_time":"2025-09-26T09:06:32+00:00","article_modified_time":"2025-09-29T09:08:45+00:00","og_image":[{"width":2560,"height":1340,"url":"https:\/\/www.forbes.be\/nl\/wp-content\/uploads\/2025\/09\/12544-swissflagonwoodenbuildingwithgreenwindowshutters.jpg","type":"image\/jpeg"}],"author":"Marc-Etienne Baijot &amp; Anton van Zantbeek","twitter_card":"summary_large_image","twitter_misc":{"Geschreven door":"Marc-Etienne Baijot &amp; Anton van Zantbeek","Geschatte leestijd":"7 minuten"},"schema":{"@context":"https:\/\/schema.org","@graph":[{"@type":"NewsArticle","@id":"https:\/\/www.forbes.be\/nl\/tweede-verblijven-in-zwitserland-wat-de-stemming-van-28-september-zal-veranderen-voor-belgische-eigenaars-in-zwitserland\/#article","isPartOf":{"@id":"https:\/\/www.forbes.be\/nl\/tweede-verblijven-in-zwitserland-wat-de-stemming-van-28-september-zal-veranderen-voor-belgische-eigenaars-in-zwitserland\/"},"author":{"name":"Marc-Etienne Baijot &amp; Anton van Zantbeek","@id":"https:\/\/www.forbes.be\/nl\/#\/schema\/person\/d35b6185d3ea17270408d48a320ca32d"},"headline":"Tweede verblijven in Zwitserland: wat de stemming van 28 september zal veranderen voor Belgische eigenaars in Zwitserland","datePublished":"2025-09-26T09:06:32+00:00","dateModified":"2025-09-29T09:08:45+00:00","mainEntityOfPage":{"@id":"https:\/\/www.forbes.be\/nl\/tweede-verblijven-in-zwitserland-wat-de-stemming-van-28-september-zal-veranderen-voor-belgische-eigenaars-in-zwitserland\/"},"wordCount":1231,"publisher":{"@id":"https:\/\/www.forbes.be\/nl\/#organization"},"image":{"@id":"https:\/\/www.forbes.be\/nl\/tweede-verblijven-in-zwitserland-wat-de-stemming-van-28-september-zal-veranderen-voor-belgische-eigenaars-in-zwitserland\/#primaryimage"},"thumbnailUrl":"https:\/\/www.forbes.be\/nl\/wp-content\/uploads\/2025\/09\/12544-swissflagonwoodenbuildingwithgreenwindowshutters.jpg","articleSection":["Actualiteit","Internationaal","Politiek","Vastgoed"],"inLanguage":"nl-BE"},{"@type":"WebPage","@id":"https:\/\/www.forbes.be\/nl\/tweede-verblijven-in-zwitserland-wat-de-stemming-van-28-september-zal-veranderen-voor-belgische-eigenaars-in-zwitserland\/","url":"https:\/\/www.forbes.be\/nl\/tweede-verblijven-in-zwitserland-wat-de-stemming-van-28-september-zal-veranderen-voor-belgische-eigenaars-in-zwitserland\/","name":"Tweede verblijven in Zwitserland: impact van stemming 28 september op Belgische eigenaars","isPartOf":{"@id":"https:\/\/www.forbes.be\/nl\/#website"},"primaryImageOfPage":{"@id":"https:\/\/www.forbes.be\/nl\/tweede-verblijven-in-zwitserland-wat-de-stemming-van-28-september-zal-veranderen-voor-belgische-eigenaars-in-zwitserland\/#primaryimage"},"image":{"@id":"https:\/\/www.forbes.be\/nl\/tweede-verblijven-in-zwitserland-wat-de-stemming-van-28-september-zal-veranderen-voor-belgische-eigenaars-in-zwitserland\/#primaryimage"},"thumbnailUrl":"https:\/\/www.forbes.be\/nl\/wp-content\/uploads\/2025\/09\/12544-swissflagonwoodenbuildingwithgreenwindowshutters.jpg","datePublished":"2025-09-26T09:06:32+00:00","dateModified":"2025-09-29T09:08:45+00:00","description":"Zwitserland stemt over het afschaffen van de huurwaarde, een uniek belastingthema met grote gevolgen voor Belgische eigenaars.","breadcrumb":{"@id":"https:\/\/www.forbes.be\/nl\/tweede-verblijven-in-zwitserland-wat-de-stemming-van-28-september-zal-veranderen-voor-belgische-eigenaars-in-zwitserland\/#breadcrumb"},"inLanguage":"nl-BE","potentialAction":[{"@type":"ReadAction","target":["https:\/\/www.forbes.be\/nl\/tweede-verblijven-in-zwitserland-wat-de-stemming-van-28-september-zal-veranderen-voor-belgische-eigenaars-in-zwitserland\/"]}]},{"@type":"ImageObject","inLanguage":"nl-BE","@id":"https:\/\/www.forbes.be\/nl\/tweede-verblijven-in-zwitserland-wat-de-stemming-van-28-september-zal-veranderen-voor-belgische-eigenaars-in-zwitserland\/#primaryimage","url":"https:\/\/www.forbes.be\/nl\/wp-content\/uploads\/2025\/09\/12544-swissflagonwoodenbuildingwithgreenwindowshutters.jpg","contentUrl":"https:\/\/www.forbes.be\/nl\/wp-content\/uploads\/2025\/09\/12544-swissflagonwoodenbuildingwithgreenwindowshutters.jpg","width":2560,"height":1340,"caption":"Une importante votation dimanchee pourrait bien avoir dess cons\u00e9quences fiscales importantes pour les Belges propri\u00e9taires de biens r\u00e9sidentiels suisses \u00a9\u00a0DR\/Shutterstock.com"},{"@type":"BreadcrumbList","@id":"https:\/\/www.forbes.be\/nl\/tweede-verblijven-in-zwitserland-wat-de-stemming-van-28-september-zal-veranderen-voor-belgische-eigenaars-in-zwitserland\/#breadcrumb","itemListElement":[{"@type":"ListItem","position":1,"name":"Accueil","item":"https:\/\/www.forbes.be\/nl\/"},{"@type":"ListItem","position":2,"name":"Tweede verblijven in Zwitserland: wat de stemming van 28 september zal veranderen voor Belgische eigenaars in Zwitserland"}]},{"@type":"WebSite","@id":"https:\/\/www.forbes.be\/nl\/#website","url":"https:\/\/www.forbes.be\/nl\/","name":"Forbes Belgi\u00eb","description":"","publisher":{"@id":"https:\/\/www.forbes.be\/nl\/#organization"},"potentialAction":[{"@type":"SearchAction","target":{"@type":"EntryPoint","urlTemplate":"https:\/\/www.forbes.be\/nl\/?s={search_term_string}"},"query-input":{"@type":"PropertyValueSpecification","valueRequired":true,"valueName":"search_term_string"}}],"inLanguage":"nl-BE"},{"@type":"Organization","@id":"https:\/\/www.forbes.be\/nl\/#organization","name":"Forbes Belgi\u00eb","url":"https:\/\/www.forbes.be\/nl\/","logo":{"@type":"ImageObject","inLanguage":"nl-BE","@id":"https:\/\/www.forbes.be\/nl\/#\/schema\/logo\/image\/","url":"https:\/\/www.forbes.be\/nl\/wp-content\/uploads\/2024\/02\/forbes.be_.png","contentUrl":"https:\/\/www.forbes.be\/nl\/wp-content\/uploads\/2024\/02\/forbes.be_.png","width":1200,"height":675,"caption":"Forbes Belgi\u00eb"},"image":{"@id":"https:\/\/www.forbes.be\/nl\/#\/schema\/logo\/image\/"},"sameAs":["https:\/\/www.facebook.com\/forbesbelgie","https:\/\/www.instagram.com\/Forbes_Belgium","https:\/\/www.linkedin.com\/company\/forbes-belgium\/"]},{"@type":"Person","@id":"https:\/\/www.forbes.be\/nl\/#\/schema\/person\/d35b6185d3ea17270408d48a320ca32d","name":"Marc-Etienne Baijot &amp; Anton van Zantbeek","image":{"@type":"ImageObject","inLanguage":"nl-BE","@id":"https:\/\/secure.gravatar.com\/avatar\/010a65c705468e13ae5a0c868ab4104c5e8a34623dd291577d99e1b8b72d8ec9?s=96&d=mm&r=g","url":"https:\/\/secure.gravatar.com\/avatar\/010a65c705468e13ae5a0c868ab4104c5e8a34623dd291577d99e1b8b72d8ec9?s=96&d=mm&r=g","contentUrl":"https:\/\/secure.gravatar.com\/avatar\/010a65c705468e13ae5a0c868ab4104c5e8a34623dd291577d99e1b8b72d8ec9?s=96&d=mm&r=g","caption":"Marc-Etienne Baijot &amp; Anton van Zantbeek"},"url":"https:\/\/www.forbes.be\/nl\/author\/marc-etienne-baijot\/"}]}},"_links":{"self":[{"href":"https:\/\/www.forbes.be\/nl\/wp-json\/wp\/v2\/posts\/11537","targetHints":{"allow":["GET"]}}],"collection":[{"href":"https:\/\/www.forbes.be\/nl\/wp-json\/wp\/v2\/posts"}],"about":[{"href":"https:\/\/www.forbes.be\/nl\/wp-json\/wp\/v2\/types\/post"}],"author":[{"embeddable":true,"href":"https:\/\/www.forbes.be\/nl\/wp-json\/wp\/v2\/users\/56"}],"replies":[{"embeddable":true,"href":"https:\/\/www.forbes.be\/nl\/wp-json\/wp\/v2\/comments?post=11537"}],"version-history":[{"count":2,"href":"https:\/\/www.forbes.be\/nl\/wp-json\/wp\/v2\/posts\/11537\/revisions"}],"predecessor-version":[{"id":11555,"href":"https:\/\/www.forbes.be\/nl\/wp-json\/wp\/v2\/posts\/11537\/revisions\/11555"}],"wp:featuredmedia":[{"embeddable":true,"href":"https:\/\/www.forbes.be\/nl\/wp-json\/wp\/v2\/media\/11536"}],"wp:attachment":[{"href":"https:\/\/www.forbes.be\/nl\/wp-json\/wp\/v2\/media?parent=11537"}],"wp:term":[{"taxonomy":"category","embeddable":true,"href":"https:\/\/www.forbes.be\/nl\/wp-json\/wp\/v2\/categories?post=11537"},{"taxonomy":"post_tag","embeddable":true,"href":"https:\/\/www.forbes.be\/nl\/wp-json\/wp\/v2\/tags?post=11537"}],"curies":[{"name":"wp","href":"https:\/\/api.w.org\/{rel}","templated":true}]}}