{"id":11712,"date":"2025-10-12T07:51:58","date_gmt":"2025-10-12T05:51:58","guid":{"rendered":"https:\/\/www.forbes.be\/nl\/?p=11712"},"modified":"2025-10-09T21:53:08","modified_gmt":"2025-10-09T19:53:08","slug":"forbes-maand-van-galerijen-en-musea-oktober-2025","status":"publish","type":"post","link":"https:\/\/www.forbes.be\/nl\/forbes-maand-van-galerijen-en-musea-oktober-2025\/","title":{"rendered":"Forbes Maand van Galerijen en Musea: oktober 2025"},"content":{"rendered":"<p><strong>Elke maand biedt Forbes.be een selectie tentoonstellingen die te ontdekken zijn in musea en kunstgalerijen in Belgi\u00eb. Van Brussel tot Antwerpen, van Luik tot Gent, blijft de Belgische kunstscene verrassen door haar rijkdom en diversiteit. Voor deze maand oktober richten we ons op drie unieke voorstellen: een historische duik in de naoorlogse Belgische abstractie bij Constantin Chariot, een subtiel spel tussen illusie en herinnering in de stillevens van Paul Rouphail bij Stems, en het voortdurend bewegende universum van Matthieu Ronsse in de Templon galerie.<\/strong><\/p>\n<h2>De Stilte der Vormen bij Constantin Chariot<\/h2>\n<figure id=\"attachment_12783\" aria-describedby=\"caption-attachment-12783\" style=\"width: 344px\" class=\"wp-caption aligncenter\"><img loading=\"lazy\" decoding=\"async\" class=\"size-full wp-image-12783\" src=\"https:\/\/www.forbes.be\/fr\/wp-content\/uploads\/2025\/10\/capture-decran-2025-10-09-a-162238.png\" alt=\"\" width=\"344\" height=\"558\" \/><figcaption id=\"caption-attachment-12783\" class=\"wp-caption-text\">Ren\u00e9 Guiette, Zonder titel, inkt, olie en zand op papier, 1963. Espace Constantin Chariot \u00a9 DR<\/figcaption><\/figure>\n<p>In een historische context, <strong>Constantin Chariot<\/strong> blijft zijn onvermoeibare verkenning van de Belgische abstractie van 1945 \u2013 1980 voortzetten met <em>De Stilte der Vormen \u2013 Belgische abstractie en intimisme<\/em>. De oorlogsgeweld zorgt in de beeldende kunst voor een afwijzing van figuratie, wat Amerikaans<strong> Mark Rothko<\/strong> als volgt beschrijft: &#8220;<em>Wie het gebruikte, verminkte het. Ik weiger te verminken en moest een andere stem vinden om me uit te drukken.<\/em>&#8221; Met de beweging van Jonge Belgische Schilderkunst, opgericht in 1945, zoekt een jonge generatie <strong>kunstenaars<\/strong> die getraumatiseerd zijn door de Holocaust naar andere &#8220;figuraties&#8221; die angsten, trauma&#8217;s, taboes, maar ook de wil tot vrijheid, kleur en beweging vertalen. Deze kunstenaars (<strong>Willy Anthoons<\/strong>, <strong>Pol Bury<\/strong>, <strong>Jo Delahaut<\/strong>, <strong>Christian Dotremont<\/strong>, <strong>Ren\u00e9 Guiette<\/strong>, <strong>Walter Leblanc<\/strong>, <strong>Englebert Van Anderlecht<\/strong>, <strong>Serge Vandercam<\/strong>, <strong>Gis\u00e8le Van Lange<\/strong>, <strong>Louis Van Lint<\/strong>, enz.) formele scheppers buiten de figuratieve academie, vertalen hun gevoeligheden door hun wereld te heruitvinden in een samenleving die geamerikaniseerd wordt en consumptiegericht is.<\/p>\n<p><em>Einde op 30\/11\/2025<\/em><br \/>\n<em><a href=\"http:\/\/www.espaceconstantinchariot.com\" target=\"_blank\" rel=\"noopener\">www.espaceconstantinchariot.com<\/a><\/em><\/p>\n<h2>Juni, juli en augustus, door Paul Rouphail<\/h2>\n<figure id=\"attachment_12786\" aria-describedby=\"caption-attachment-12786\" style=\"width: 557px\" class=\"wp-caption aligncenter\"><img loading=\"lazy\" decoding=\"async\" class=\"size-full wp-image-12786\" src=\"https:\/\/www.forbes.be\/fr\/wp-content\/uploads\/2025\/10\/capture-decran-2025-10-09-a-162326.png\" alt=\"\" width=\"557\" height=\"369\" \/><figcaption id=\"caption-attachment-12786\" class=\"wp-caption-text\">Paul Rouphail, &#8220;Early Summer&#8221;, Stems Gallery \u00a9 DR<\/figcaption><\/figure>\n<p><strong>Paul Rouphail<\/strong> verkent de traditie van het stilleven, dat hij subtiel ondermijnt door details te zaaien die de visuele logica verstoren. Zijn sc\u00e8nes mengen genres, van de Europese landschapschilderkunst uit de 17e eeuw en Amerikaanse uit de 20e eeuw (men denkt aan <strong>Edward Hopper<\/strong>), bezaaid met mentale en politieke tekens. Uit het leven, geheugen en de geschiedenis van de <strong>schilderkunst<\/strong>, worden zijn alledaagse objecten gecombineerd in een atmosferisch mengsel van fel licht en visuele gelaagdheid. Hij leent van het minimalisme het herhaalde gebruik van kalenderdata, een verwijzing naar het verstrijken van tijd. Muren en ramen worden uitgesneden in een diepe picturale ruimte, maar deze verleidelijke, bijna decoratieve onderwerpen worden gevangen in dreigende kaders.<\/p>\n<p><em>Einde op 02\/11\/2025<\/em><br \/>\n<a href=\"http:\/\/www.stemsgallery.com\" target=\"_blank\" rel=\"noopener\"><em>www.stemsgallery.com<\/em><\/a><\/p>\n<h2>Matthieu Ronsse bij Templon<\/h2>\n<p>In een gelijkaardige geest, mengt de <strong>Belgische schilder Matthieu Ronsse<\/strong> abstractie en figuratie, klassieke referenties en hedendaagse gebaren. Deze tentoonstelling omvat een twintigtal schilderijen rond een titel <em>Hotel Prado<\/em>, een hotel in zijn buurt in Oostende, waar hij woont en werkt. Het zijn voorbijgaande fragmenten van zijn intieme universum. Zijn spookachtige silhouetten, flarden van herinneringen en gestural impressions vermengen zich in een proces van voortdurende beweging, een kunst die zich weigert tot stilstand te komen. Hij verwerkt eclectische referenties aan de Amerikanen <strong>Paul Thek<\/strong> en <strong>David Hammons<\/strong>, aan de Colombiaan <strong>Oscar Murillo<\/strong>.<\/p>\n<p><em>Einde op 31\/10\/2025<\/em><br \/>\n<em><a href=\"https:\/\/www.templon.com\" target=\"_blank\" rel=\"noopener\">www.templon.com<\/a><\/em><\/p>\n","protected":false},"excerpt":{"rendered":"<p>Elke maand biedt Forbes.be een selectie tentoonstellingen die te ontdekken zijn in musea en kunstgalerijen in Belgi\u00eb. Van Brussel tot Antwerpen, van Luik tot Gent, blijft de Belgische kunstscene verrassen door haar rijkdom en diversiteit. Voor deze maand oktober richten we ons op drie unieke voorstellen: een historische duik in de naoorlogse Belgische abstractie [&hellip;]<\/p>\n","protected":false},"author":24,"featured_media":11711,"comment_status":"closed","ping_status":"closed","sticky":false,"template":"","format":"standard","meta":{"_acf_changed":false,"inline_featured_image":false,"footnotes":""},"categories":[1,60],"tags":[],"class_list":{"0":"post-11712","1":"post","2":"type-post","3":"status-publish","4":"format-standard","5":"has-post-thumbnail","7":"category-actualiteit","8":"category-cultuur"},"acf":[],"auteur_traducteur":"","yoast_head":"<!-- This site is optimized with the Yoast SEO plugin v27.4 - https:\/\/yoast.com\/product\/yoast-seo-wordpress\/ -->\n<title>Forbes Maand van Galerijen en Musea: oktober 2025<\/title>\n<meta name=\"description\" content=\"Belgische abstractie, stillevens en hedendaagse gebaren: drie tentoonstellingen die je in oktober niet mag missen, van Constantin Chariot tot Matthieu Ronsse.\" \/>\n<meta name=\"robots\" content=\"index, follow, max-snippet:-1, max-image-preview:large, max-video-preview:-1\" \/>\n<link rel=\"canonical\" href=\"https:\/\/www.forbes.be\/nl\/forbes-maand-van-galerijen-en-musea-oktober-2025\/\" \/>\n<meta property=\"og:locale\" content=\"nl_BE\" \/>\n<meta property=\"og:type\" content=\"article\" \/>\n<meta property=\"og:title\" content=\"Forbes Maand van Galerijen en Musea: oktober 2025\" \/>\n<meta property=\"og:description\" content=\"Belgische abstractie, stillevens en hedendaagse gebaren: drie tentoonstellingen die je in oktober niet mag missen, van Constantin Chariot tot Matthieu Ronsse.\" \/>\n<meta property=\"og:url\" content=\"https:\/\/www.forbes.be\/nl\/forbes-maand-van-galerijen-en-musea-oktober-2025\/\" \/>\n<meta property=\"og:site_name\" content=\"Forbes Belgi\u00eb\" \/>\n<meta property=\"article:publisher\" content=\"https:\/\/www.facebook.com\/forbesbelgie\" \/>\n<meta property=\"article:published_time\" content=\"2025-10-12T05:51:58+00:00\" \/>\n<meta property=\"og:image\" content=\"https:\/\/www.forbes.be\/nl\/wp-content\/uploads\/2025\/10\/12780-capture-decran-2025-10-09-a-162342.png\" \/>\n\t<meta property=\"og:image:width\" content=\"557\" \/>\n\t<meta property=\"og:image:height\" content=\"368\" \/>\n\t<meta property=\"og:image:type\" content=\"image\/png\" \/>\n<meta name=\"author\" content=\"Johan-Fr\u00e9d\u00e9rik Hel Guedj\" \/>\n<meta name=\"twitter:card\" content=\"summary_large_image\" \/>\n<meta name=\"twitter:label1\" content=\"Geschreven door\" \/>\n\t<meta name=\"twitter:data1\" content=\"Johan-Fr\u00e9d\u00e9rik Hel Guedj\" \/>\n\t<meta name=\"twitter:label2\" content=\"Geschatte leestijd\" \/>\n\t<meta name=\"twitter:data2\" content=\"4 minuten\" \/>\n<script type=\"application\/ld+json\" class=\"yoast-schema-graph\">{\"@context\":\"https:\\\/\\\/schema.org\",\"@graph\":[{\"@type\":\"NewsArticle\",\"@id\":\"https:\\\/\\\/www.forbes.be\\\/nl\\\/forbes-maand-van-galerijen-en-musea-oktober-2025\\\/#article\",\"isPartOf\":{\"@id\":\"https:\\\/\\\/www.forbes.be\\\/nl\\\/forbes-maand-van-galerijen-en-musea-oktober-2025\\\/\"},\"author\":{\"name\":\"Johan-Fr\u00e9d\u00e9rik Hel Guedj\",\"@id\":\"https:\\\/\\\/www.forbes.be\\\/nl\\\/#\\\/schema\\\/person\\\/7c0ac1896654aa71b07d901c0b9fdde7\"},\"headline\":\"Forbes Maand van Galerijen en Musea: oktober 2025\",\"datePublished\":\"2025-10-12T05:51:58+00:00\",\"mainEntityOfPage\":{\"@id\":\"https:\\\/\\\/www.forbes.be\\\/nl\\\/forbes-maand-van-galerijen-en-musea-oktober-2025\\\/\"},\"wordCount\":517,\"publisher\":{\"@id\":\"https:\\\/\\\/www.forbes.be\\\/nl\\\/#organization\"},\"image\":{\"@id\":\"https:\\\/\\\/www.forbes.be\\\/nl\\\/forbes-maand-van-galerijen-en-musea-oktober-2025\\\/#primaryimage\"},\"thumbnailUrl\":\"https:\\\/\\\/www.forbes.be\\\/nl\\\/wp-content\\\/uploads\\\/2025\\\/10\\\/12780-capture-decran-2025-10-09-a-162342-e1760521824578.png\",\"articleSection\":[\"Actualiteit\",\"Cultuur\"],\"inLanguage\":\"nl-BE\"},{\"@type\":\"WebPage\",\"@id\":\"https:\\\/\\\/www.forbes.be\\\/nl\\\/forbes-maand-van-galerijen-en-musea-oktober-2025\\\/\",\"url\":\"https:\\\/\\\/www.forbes.be\\\/nl\\\/forbes-maand-van-galerijen-en-musea-oktober-2025\\\/\",\"name\":\"Forbes Maand van Galerijen en Musea: oktober 2025\",\"isPartOf\":{\"@id\":\"https:\\\/\\\/www.forbes.be\\\/nl\\\/#website\"},\"primaryImageOfPage\":{\"@id\":\"https:\\\/\\\/www.forbes.be\\\/nl\\\/forbes-maand-van-galerijen-en-musea-oktober-2025\\\/#primaryimage\"},\"image\":{\"@id\":\"https:\\\/\\\/www.forbes.be\\\/nl\\\/forbes-maand-van-galerijen-en-musea-oktober-2025\\\/#primaryimage\"},\"thumbnailUrl\":\"https:\\\/\\\/www.forbes.be\\\/nl\\\/wp-content\\\/uploads\\\/2025\\\/10\\\/12780-capture-decran-2025-10-09-a-162342-e1760521824578.png\",\"datePublished\":\"2025-10-12T05:51:58+00:00\",\"description\":\"Belgische abstractie, stillevens en hedendaagse gebaren: drie tentoonstellingen die je in oktober niet mag missen, van Constantin Chariot tot Matthieu Ronsse.\",\"breadcrumb\":{\"@id\":\"https:\\\/\\\/www.forbes.be\\\/nl\\\/forbes-maand-van-galerijen-en-musea-oktober-2025\\\/#breadcrumb\"},\"inLanguage\":\"nl-BE\",\"potentialAction\":[{\"@type\":\"ReadAction\",\"target\":[\"https:\\\/\\\/www.forbes.be\\\/nl\\\/forbes-maand-van-galerijen-en-musea-oktober-2025\\\/\"]}]},{\"@type\":\"ImageObject\",\"inLanguage\":\"nl-BE\",\"@id\":\"https:\\\/\\\/www.forbes.be\\\/nl\\\/forbes-maand-van-galerijen-en-musea-oktober-2025\\\/#primaryimage\",\"url\":\"https:\\\/\\\/www.forbes.be\\\/nl\\\/wp-content\\\/uploads\\\/2025\\\/10\\\/12780-capture-decran-2025-10-09-a-162342-e1760521824578.png\",\"contentUrl\":\"https:\\\/\\\/www.forbes.be\\\/nl\\\/wp-content\\\/uploads\\\/2025\\\/10\\\/12780-capture-decran-2025-10-09-a-162342-e1760521824578.png\",\"width\":557,\"height\":292,\"caption\":\"Paul Rouphail, \\\"August\\\", Stems Gallery \u00a9 DR\"},{\"@type\":\"BreadcrumbList\",\"@id\":\"https:\\\/\\\/www.forbes.be\\\/nl\\\/forbes-maand-van-galerijen-en-musea-oktober-2025\\\/#breadcrumb\",\"itemListElement\":[{\"@type\":\"ListItem\",\"position\":1,\"name\":\"Accueil\",\"item\":\"https:\\\/\\\/www.forbes.be\\\/nl\\\/\"},{\"@type\":\"ListItem\",\"position\":2,\"name\":\"Forbes Maand van Galerijen en Musea: oktober 2025\"}]},{\"@type\":\"WebSite\",\"@id\":\"https:\\\/\\\/www.forbes.be\\\/nl\\\/#website\",\"url\":\"https:\\\/\\\/www.forbes.be\\\/nl\\\/\",\"name\":\"Forbes Belgi\u00eb\",\"description\":\"\",\"publisher\":{\"@id\":\"https:\\\/\\\/www.forbes.be\\\/nl\\\/#organization\"},\"potentialAction\":[{\"@type\":\"SearchAction\",\"target\":{\"@type\":\"EntryPoint\",\"urlTemplate\":\"https:\\\/\\\/www.forbes.be\\\/nl\\\/?s={search_term_string}\"},\"query-input\":{\"@type\":\"PropertyValueSpecification\",\"valueRequired\":true,\"valueName\":\"search_term_string\"}}],\"inLanguage\":\"nl-BE\"},{\"@type\":\"Organization\",\"@id\":\"https:\\\/\\\/www.forbes.be\\\/nl\\\/#organization\",\"name\":\"Forbes Belgi\u00eb\",\"url\":\"https:\\\/\\\/www.forbes.be\\\/nl\\\/\",\"logo\":{\"@type\":\"ImageObject\",\"inLanguage\":\"nl-BE\",\"@id\":\"https:\\\/\\\/www.forbes.be\\\/nl\\\/#\\\/schema\\\/logo\\\/image\\\/\",\"url\":\"https:\\\/\\\/www.forbes.be\\\/nl\\\/wp-content\\\/uploads\\\/2024\\\/02\\\/forbes.be_.png\",\"contentUrl\":\"https:\\\/\\\/www.forbes.be\\\/nl\\\/wp-content\\\/uploads\\\/2024\\\/02\\\/forbes.be_.png\",\"width\":1200,\"height\":675,\"caption\":\"Forbes Belgi\u00eb\"},\"image\":{\"@id\":\"https:\\\/\\\/www.forbes.be\\\/nl\\\/#\\\/schema\\\/logo\\\/image\\\/\"},\"sameAs\":[\"https:\\\/\\\/www.facebook.com\\\/forbesbelgie\",\"https:\\\/\\\/www.instagram.com\\\/Forbes_Belgium\",\"https:\\\/\\\/www.linkedin.com\\\/company\\\/forbes-belgium\\\/\"]},{\"@type\":\"Person\",\"@id\":\"https:\\\/\\\/www.forbes.be\\\/nl\\\/#\\\/schema\\\/person\\\/7c0ac1896654aa71b07d901c0b9fdde7\",\"name\":\"Johan-Fr\u00e9d\u00e9rik Hel Guedj\",\"image\":{\"@type\":\"ImageObject\",\"inLanguage\":\"nl-BE\",\"@id\":\"https:\\\/\\\/secure.gravatar.com\\\/avatar\\\/65333543693434f2cc9fdefb3173b162df98712d00606b00b3d43914f79a1598?s=96&d=mm&r=g\",\"url\":\"https:\\\/\\\/secure.gravatar.com\\\/avatar\\\/65333543693434f2cc9fdefb3173b162df98712d00606b00b3d43914f79a1598?s=96&d=mm&r=g\",\"contentUrl\":\"https:\\\/\\\/secure.gravatar.com\\\/avatar\\\/65333543693434f2cc9fdefb3173b162df98712d00606b00b3d43914f79a1598?s=96&d=mm&r=g\",\"caption\":\"Johan-Fr\u00e9d\u00e9rik Hel Guedj\"},\"description\":\"Johan-Frederik Hel Guedj is een Franse journalist en auteur. Hij was zeven jaar hoofdredacteur van het tijdschrift Pouvoirs Locaux, dat gewijd is aan cultuurbeleid. Daarnaast publiceerde hij acht boeken bij Franse en Belgische uitgevers, waaronder twee romans, een essay over Orson Welles en vier kunstboeken. Naast Forbes werkt hij ook mee aan L\u2019Echo en Le Quotidien de l\u2019Art (Parijs).\",\"url\":\"https:\\\/\\\/www.forbes.be\\\/nl\\\/author\\\/johan-frederik-hel-guedj\\\/\"}]}<\/script>\n<!-- \/ Yoast SEO plugin. -->","yoast_head_json":{"title":"Forbes Maand van Galerijen en Musea: oktober 2025","description":"Belgische abstractie, stillevens en hedendaagse gebaren: drie tentoonstellingen die je in oktober niet mag missen, van Constantin Chariot tot Matthieu Ronsse.","robots":{"index":"index","follow":"follow","max-snippet":"max-snippet:-1","max-image-preview":"max-image-preview:large","max-video-preview":"max-video-preview:-1"},"canonical":"https:\/\/www.forbes.be\/nl\/forbes-maand-van-galerijen-en-musea-oktober-2025\/","og_locale":"nl_BE","og_type":"article","og_title":"Forbes Maand van Galerijen en Musea: oktober 2025","og_description":"Belgische abstractie, stillevens en hedendaagse gebaren: drie tentoonstellingen die je in oktober niet mag missen, van Constantin Chariot tot Matthieu Ronsse.","og_url":"https:\/\/www.forbes.be\/nl\/forbes-maand-van-galerijen-en-musea-oktober-2025\/","og_site_name":"Forbes Belgi\u00eb","article_publisher":"https:\/\/www.facebook.com\/forbesbelgie","article_published_time":"2025-10-12T05:51:58+00:00","og_image":[{"width":557,"height":368,"url":"https:\/\/www.forbes.be\/nl\/wp-content\/uploads\/2025\/10\/12780-capture-decran-2025-10-09-a-162342.png","type":"image\/png"}],"author":"Johan-Fr\u00e9d\u00e9rik Hel Guedj","twitter_card":"summary_large_image","twitter_misc":{"Geschreven door":"Johan-Fr\u00e9d\u00e9rik Hel Guedj","Geschatte leestijd":"4 minuten"},"schema":{"@context":"https:\/\/schema.org","@graph":[{"@type":"NewsArticle","@id":"https:\/\/www.forbes.be\/nl\/forbes-maand-van-galerijen-en-musea-oktober-2025\/#article","isPartOf":{"@id":"https:\/\/www.forbes.be\/nl\/forbes-maand-van-galerijen-en-musea-oktober-2025\/"},"author":{"name":"Johan-Fr\u00e9d\u00e9rik Hel Guedj","@id":"https:\/\/www.forbes.be\/nl\/#\/schema\/person\/7c0ac1896654aa71b07d901c0b9fdde7"},"headline":"Forbes Maand van Galerijen en Musea: oktober 2025","datePublished":"2025-10-12T05:51:58+00:00","mainEntityOfPage":{"@id":"https:\/\/www.forbes.be\/nl\/forbes-maand-van-galerijen-en-musea-oktober-2025\/"},"wordCount":517,"publisher":{"@id":"https:\/\/www.forbes.be\/nl\/#organization"},"image":{"@id":"https:\/\/www.forbes.be\/nl\/forbes-maand-van-galerijen-en-musea-oktober-2025\/#primaryimage"},"thumbnailUrl":"https:\/\/www.forbes.be\/nl\/wp-content\/uploads\/2025\/10\/12780-capture-decran-2025-10-09-a-162342-e1760521824578.png","articleSection":["Actualiteit","Cultuur"],"inLanguage":"nl-BE"},{"@type":"WebPage","@id":"https:\/\/www.forbes.be\/nl\/forbes-maand-van-galerijen-en-musea-oktober-2025\/","url":"https:\/\/www.forbes.be\/nl\/forbes-maand-van-galerijen-en-musea-oktober-2025\/","name":"Forbes Maand van Galerijen en Musea: oktober 2025","isPartOf":{"@id":"https:\/\/www.forbes.be\/nl\/#website"},"primaryImageOfPage":{"@id":"https:\/\/www.forbes.be\/nl\/forbes-maand-van-galerijen-en-musea-oktober-2025\/#primaryimage"},"image":{"@id":"https:\/\/www.forbes.be\/nl\/forbes-maand-van-galerijen-en-musea-oktober-2025\/#primaryimage"},"thumbnailUrl":"https:\/\/www.forbes.be\/nl\/wp-content\/uploads\/2025\/10\/12780-capture-decran-2025-10-09-a-162342-e1760521824578.png","datePublished":"2025-10-12T05:51:58+00:00","description":"Belgische abstractie, stillevens en hedendaagse gebaren: drie tentoonstellingen die je in oktober niet mag missen, van Constantin Chariot tot Matthieu Ronsse.","breadcrumb":{"@id":"https:\/\/www.forbes.be\/nl\/forbes-maand-van-galerijen-en-musea-oktober-2025\/#breadcrumb"},"inLanguage":"nl-BE","potentialAction":[{"@type":"ReadAction","target":["https:\/\/www.forbes.be\/nl\/forbes-maand-van-galerijen-en-musea-oktober-2025\/"]}]},{"@type":"ImageObject","inLanguage":"nl-BE","@id":"https:\/\/www.forbes.be\/nl\/forbes-maand-van-galerijen-en-musea-oktober-2025\/#primaryimage","url":"https:\/\/www.forbes.be\/nl\/wp-content\/uploads\/2025\/10\/12780-capture-decran-2025-10-09-a-162342-e1760521824578.png","contentUrl":"https:\/\/www.forbes.be\/nl\/wp-content\/uploads\/2025\/10\/12780-capture-decran-2025-10-09-a-162342-e1760521824578.png","width":557,"height":292,"caption":"Paul Rouphail, \"August\", Stems Gallery \u00a9 DR"},{"@type":"BreadcrumbList","@id":"https:\/\/www.forbes.be\/nl\/forbes-maand-van-galerijen-en-musea-oktober-2025\/#breadcrumb","itemListElement":[{"@type":"ListItem","position":1,"name":"Accueil","item":"https:\/\/www.forbes.be\/nl\/"},{"@type":"ListItem","position":2,"name":"Forbes Maand van Galerijen en Musea: oktober 2025"}]},{"@type":"WebSite","@id":"https:\/\/www.forbes.be\/nl\/#website","url":"https:\/\/www.forbes.be\/nl\/","name":"Forbes Belgi\u00eb","description":"","publisher":{"@id":"https:\/\/www.forbes.be\/nl\/#organization"},"potentialAction":[{"@type":"SearchAction","target":{"@type":"EntryPoint","urlTemplate":"https:\/\/www.forbes.be\/nl\/?s={search_term_string}"},"query-input":{"@type":"PropertyValueSpecification","valueRequired":true,"valueName":"search_term_string"}}],"inLanguage":"nl-BE"},{"@type":"Organization","@id":"https:\/\/www.forbes.be\/nl\/#organization","name":"Forbes Belgi\u00eb","url":"https:\/\/www.forbes.be\/nl\/","logo":{"@type":"ImageObject","inLanguage":"nl-BE","@id":"https:\/\/www.forbes.be\/nl\/#\/schema\/logo\/image\/","url":"https:\/\/www.forbes.be\/nl\/wp-content\/uploads\/2024\/02\/forbes.be_.png","contentUrl":"https:\/\/www.forbes.be\/nl\/wp-content\/uploads\/2024\/02\/forbes.be_.png","width":1200,"height":675,"caption":"Forbes Belgi\u00eb"},"image":{"@id":"https:\/\/www.forbes.be\/nl\/#\/schema\/logo\/image\/"},"sameAs":["https:\/\/www.facebook.com\/forbesbelgie","https:\/\/www.instagram.com\/Forbes_Belgium","https:\/\/www.linkedin.com\/company\/forbes-belgium\/"]},{"@type":"Person","@id":"https:\/\/www.forbes.be\/nl\/#\/schema\/person\/7c0ac1896654aa71b07d901c0b9fdde7","name":"Johan-Fr\u00e9d\u00e9rik Hel Guedj","image":{"@type":"ImageObject","inLanguage":"nl-BE","@id":"https:\/\/secure.gravatar.com\/avatar\/65333543693434f2cc9fdefb3173b162df98712d00606b00b3d43914f79a1598?s=96&d=mm&r=g","url":"https:\/\/secure.gravatar.com\/avatar\/65333543693434f2cc9fdefb3173b162df98712d00606b00b3d43914f79a1598?s=96&d=mm&r=g","contentUrl":"https:\/\/secure.gravatar.com\/avatar\/65333543693434f2cc9fdefb3173b162df98712d00606b00b3d43914f79a1598?s=96&d=mm&r=g","caption":"Johan-Fr\u00e9d\u00e9rik Hel Guedj"},"description":"Johan-Frederik Hel Guedj is een Franse journalist en auteur. Hij was zeven jaar hoofdredacteur van het tijdschrift Pouvoirs Locaux, dat gewijd is aan cultuurbeleid. Daarnaast publiceerde hij acht boeken bij Franse en Belgische uitgevers, waaronder twee romans, een essay over Orson Welles en vier kunstboeken. Naast Forbes werkt hij ook mee aan L\u2019Echo en Le Quotidien de l\u2019Art (Parijs).","url":"https:\/\/www.forbes.be\/nl\/author\/johan-frederik-hel-guedj\/"}]}},"_links":{"self":[{"href":"https:\/\/www.forbes.be\/nl\/wp-json\/wp\/v2\/posts\/11712","targetHints":{"allow":["GET"]}}],"collection":[{"href":"https:\/\/www.forbes.be\/nl\/wp-json\/wp\/v2\/posts"}],"about":[{"href":"https:\/\/www.forbes.be\/nl\/wp-json\/wp\/v2\/types\/post"}],"author":[{"embeddable":true,"href":"https:\/\/www.forbes.be\/nl\/wp-json\/wp\/v2\/users\/24"}],"replies":[{"embeddable":true,"href":"https:\/\/www.forbes.be\/nl\/wp-json\/wp\/v2\/comments?post=11712"}],"version-history":[{"count":1,"href":"https:\/\/www.forbes.be\/nl\/wp-json\/wp\/v2\/posts\/11712\/revisions"}],"predecessor-version":[{"id":11720,"href":"https:\/\/www.forbes.be\/nl\/wp-json\/wp\/v2\/posts\/11712\/revisions\/11720"}],"wp:featuredmedia":[{"embeddable":true,"href":"https:\/\/www.forbes.be\/nl\/wp-json\/wp\/v2\/media\/11711"}],"wp:attachment":[{"href":"https:\/\/www.forbes.be\/nl\/wp-json\/wp\/v2\/media?parent=11712"}],"wp:term":[{"taxonomy":"category","embeddable":true,"href":"https:\/\/www.forbes.be\/nl\/wp-json\/wp\/v2\/categories?post=11712"},{"taxonomy":"post_tag","embeddable":true,"href":"https:\/\/www.forbes.be\/nl\/wp-json\/wp\/v2\/tags?post=11712"}],"curies":[{"name":"wp","href":"https:\/\/api.w.org\/{rel}","templated":true}]}}