{"id":11963,"date":"2025-10-24T09:46:19","date_gmt":"2025-10-24T07:46:19","guid":{"rendered":"https:\/\/www.forbes.be\/nl\/?p=11963"},"modified":"2025-10-24T09:46:19","modified_gmt":"2025-10-24T07:46:19","slug":"charles-dorjo-eerste-ceo-van-de-abdij-van-maredsous-de-uitdaging-is-om-de-abdij-en-haar-waarden-te-laten-schitteren-terwijl-we-een-duurzame-economische-balans-herstellen","status":"publish","type":"post","link":"https:\/\/www.forbes.be\/nl\/charles-dorjo-eerste-ceo-van-de-abdij-van-maredsous-de-uitdaging-is-om-de-abdij-en-haar-waarden-te-laten-schitteren-terwijl-we-een-duurzame-economische-balans-herstellen\/","title":{"rendered":"Charles d&#8217;Orjo, eerste CEO van de Abdij van Maredsous: &#8220;De uitdaging is om de abdij en haar waarden te laten schitteren, terwijl we een duurzame economische balans herstellen&#8221;"},"content":{"rendered":"<p><strong>Voormalig leidinggevende bij Unilever, Charles d&#8217;Orjo, heeft een unieke uitdaging aanvaard: hij leidt het eerste sociale bedrijf van Belgi\u00eb dat 600.000 bezoekers per jaar ontvangt, 200 werknemers in dienst heeft en een erfgoed van 150 jaar beheert. Als algemeen directeur van de VZW Abdij van Maredsous wordt hij onmiddellijk geconfronteerd met het project &#8216;Basiliek 2030&#8217;, een renovatie van 2,5 miljoen euro zonder publieke subsidies. Ontmoet een atypische CEO die financi\u00eble balans, spirituele waarden en commerci\u00eble innovatie moet combineren.<\/strong><\/p>\n<p>In de vallei van de Molign\u00e9e staat de <strong>Abdij van Maredsous<\/strong> voor een uitdaging die weinige Belgische bedrijven kennen: het combineren van een eeuwenoude spirituele missie met de economische realiteiten van een KMO met 200 werknemers (in het hoogseizoen). Sinds 1872 trekt deze belangrijke plek van het <strong>Waalse erfgoed<\/strong> meer dan 600.000 bezoekers per jaar aan, wat een complex <strong>economisch ecosysteem<\/strong> cre\u00ebert rond zijn beroemde kazen, bieren en zijn historische site van 17 hectare.<\/p>\n<p>Toch schuilt achter dit welvarende imago een delicate financi\u00eble realiteit. Met 1,7 miljoen euro aan jaarlijkse onderhoudskosten en 300.000 euro aan energiekosten worstelt de <strong>VZW Abdij van Maredsous<\/strong> om financieel in balans te blijven. Dit leidde tot een ongekende beslissing: voor het eerst in haar geschiedenis is een leken <strong>algemeen directeur<\/strong> aangesteld om alle economische activiteiten te leiden.<\/p>\n<p>Dit is <strong>Charles d&#8217;Orjo<\/strong>, met 12 jaar ervaring bij Unilever in Zwitserland, Zweden en Nederland, die deze uitdaging in 2024 aanging. Als oud-student van het <strong>College Saint-Beno\u00eet de Maredsous<\/strong> keert hij terug naar een geliefde plek, maar in onverwachte omstandigheden. Enkele weken na zijn aantreden start de nieuwe <strong>Vader Abt Fran\u00e7ois Lear<\/strong>, verkozen in december 2024, het project &#8216;<a href=\"https:\/\/www.maredsous.com\/basilique-2030-maredsous\/\" target=\"_blank\" rel=\"noopener\">Basilique 2030<\/a>&#8216;: een grote restauratie van de neogotische Sint-Benedictusbasiliek, die nooit is gerenoveerd sinds de bouw tussen 1876 en 1891.<\/p>\n<figure id=\"attachment_13070\" aria-describedby=\"caption-attachment-13070\" style=\"width: 2560px\" class=\"wp-caption alignnone\"><img loading=\"lazy\" decoding=\"async\" class=\"wp-image-13070 size-full\" src=\"https:\/\/www.forbes.be\/fr\/wp-content\/uploads\/2025\/10\/9-bref-apostolique-erigeant-labbatiale-en-basilique-13-octobre-1926-abbaye-de-maredsous-scaled.jpg\" alt=\"\" width=\"2560\" height=\"1829\" \/><figcaption id=\"caption-attachment-13070\" class=\"wp-caption-text\">Apostolische bul die de abdij tot basiliek verheft, 13 oktober 1926 &#8211; \u00a9 Abdij van Maredsous<\/figcaption><\/figure>\n<p>De opgave is duizelingwekkend: 3500 m\u00b2 daken moeten vernieuwd worden, 6000 m\u00b2 gevels in blauwe steen moeten gerestaureerd worden, 62 ramen moeten vernieuwd worden, en dat alles voor een totaalbudget van 2,5 miljoen euro. Het bijzondere? De basiliek is geen beschermde monument, dus zijn er geen publieke subsidies beschikbaar. De abdij moet daarom innoveren: samenwerking met de Koning Boudewijnstichting voor fondsenwerving, lancering van een nieuw bier &#8220;La Basilique&#8221; in samenwerking met Duvel Moortgat, kerstfestival en historische tentoonstelling.<\/p>\n<p>Voor <strong>Charles d&#8217;Orjo<\/strong> is de uitdaging dubbel: de governance van een instelling moderniseren waar monniken en leken samenwerken, terwijl hij tegelijk een ambitieuze fondsenwerving moet orkestreren. Een evenwichtsoefening tussen managementeffici\u00ebntie en respect voor de benedictijnse waarden die de identiteit van <strong>Maredsous<\/strong> al bijna 150 jaar vormen.<\/p>\n<p><strong>Forbes.be &#8211; Hoe ziet uw carri\u00e8repad eruit?<\/strong><br \/>\n<strong>Charles d&#8217;Orjo &#8211;<\/strong> Ik heb 12 jaar bij Unilever gewerkt, in een multinational dus. Tijdens die periode heb ik nooit in Belgi\u00eb gewerkt. Ik heb 4 jaar in Zwitserland doorgebracht, in Z\u00fcrich, vervolgens 5 \u00e0 6 jaar in Zweden, en tenslotte in Rotterdam. Ik heb in verschillende vakgebieden gewerkt: marketing, dan verkoop en tenslotte supply chain. Toen ik in Scandinavi\u00eb was, was ik nationaal algemeen directeur van een mondiale organisatie. Daar heb ik de smaak te pakken gekregen als algemeen directeur, want dat is echt wat je toestaat om teams samen te brengen, plannen te ontwikkelen, prioriteiten te stellen en goed omringd te zijn. Om persoonlijke redenen wilde ik naar Belgi\u00eb terugkeren en zocht ik een DG-positie in een KMO met betekenis. En dat is echt wat ik hier heb gevonden. Als oud-leerling van het <strong>College Saint-Beno\u00eet de Maredsous<\/strong> heb ik een sterke verbondenheid met deze omgeving en deze geest. Bovendien, moet ik het volgende zeggen: <strong>Maredsous<\/strong> is een sterk merk, dat weidse bekendheid geniet in ons land. Het is een erfgoedmerk, bekend om zijn kazen, bieren en sterke dranken. Zoals ik al zei, nemen we in de zomer 200 seizoensarbeiders aan en gebruiken onze restaurants lokale producten. Samen met al onze leveranciers en dienstverleners dragen we zo bij aan het scheppen van veel indirecte banen. Deze lokale verankering en steun aan de <strong>regionale economie<\/strong> zijn erg belangrijk voor ons en voor de Vader Abt. Het is een positie waarin je echt impact kunt hebben op het sociaal-economische niveau.<\/p>\n<figure id=\"attachment_13073\" aria-describedby=\"caption-attachment-13073\" style=\"width: 2560px\" class=\"wp-caption alignnone\"><img loading=\"lazy\" decoding=\"async\" class=\"size-full wp-image-13073\" src=\"https:\/\/www.forbes.be\/fr\/wp-content\/uploads\/2025\/10\/picture-scaled.jpg\" alt=\"\" width=\"2560\" height=\"2304\" \/><figcaption id=\"caption-attachment-13073\" class=\"wp-caption-text\">Charles d&#8217;Orjo, 1e CEO van Maredsous \u00a9 DR<\/figcaption><\/figure>\n<p><strong>&#8211; Kunt u uw functie defini\u00ebren?<\/strong><br \/>\n<strong>&#8211;<\/strong> Ik ben de <strong>algemeen directeur van de VZW Maredsous<\/strong>. De activiteiten zijn relatief breed en omvatten eerst en vooral een gigantisch erfgoed dat onderhouden moet worden. Er is een volledige economische kant, want hoewel de <strong>Vader Abt<\/strong> zich met het monastieke deel bezighoudt en zich aan zijn gemeenschap wijdt, zijn er daarnaast talloze <strong>economische aspecten<\/strong> te beheren. De bekendste zijn natuurlijk onze merken van kaas, bier en gin, waarvoor we met externe partners werken: de <strong>kaasmakerij Bel<\/strong>, de <strong>brouwer Duvel-Moortgat<\/strong> voor het bier en de <strong>Distilleerderij van Maredsous<\/strong> voor de sterke dranken. We beheren ook het <strong>ontvangstcentrum Saint-Joseph<\/strong> waar jaarlijks meer dan 600.000 bezoekers worden ontvangen. Daarnaast zijn er de horeca, de microbrouwerij ter plaatse, rondleidingen, een historische bakkerij, de distilleerderij, de kaasmakerij waar we nog steeds de kazen rijpen, een hotelfunctie verbonden aan het monastieke leven en een keramiekatelier. Er zijn echt een hele reeks sectoren en activiteiten. Achter dit alles werken er meer dan 200 mensen in de zomer, inclusief seizoensarbeiders. Het is een echte KMO, met alle bijbehorende uitdagingen op het gebied van personeelsbeheer, governance, <strong>financieel evenwicht<\/strong>, <strong>begrotingsbeheer<\/strong>, enz. Het kader is redelijk origineel, maar de rol zelf blijft heel vergelijkbaar met wat je in andere KMO&#8217;s van vergelijkbare omvang zou kunnen vinden.<\/p>\n<p><strong>&#8211; U bent de eerste CEO van Maredsous, een functie die voorheen niet bestond. Waarom was het nodig om deze functie te cre\u00ebren?<\/strong><br \/>\n<strong>&#8211;<\/strong> Historisch gezien waren het de monniken die al deze activiteiten hebben gecre\u00eberd. Het is heel traditioneel: de benedictijnse monniken hebben als motto &#8220;gebed en arbeid&#8221;. Alle besproken activiteiten zijn op een bepaald moment door de <strong>religieuze gemeenschap<\/strong> opgezet. Maar tegenwoordig vereist het beheren van dergelijke activiteiten met de huidige normen en eisen vaardigheden die de gemeenschap noodzakelijk vond om extern te halen. Historisch gezien overzag de vroegere Vader Abt de hele VZW, de religieuze en spirituele activiteiten, maar ook de commerci\u00eble en economische delen. Elke activiteit had uiteraard een verantwoordelijke, leken of niet, die nog steeds in functie zijn: financi\u00eble en commerci\u00eble verantwoordelijken, verantwoordelijk voor personeelszaken, administratie, erfgoedonderhoud. Maar wat ontbrak, was iemand die alles kon overzien, de routekaart kon bepalen, het strategisch plan kon uitwerken, de prioriteiten kon stellen, de juiste vaardigheden kon brengen waar nodig, de governance kon moderniseren en de toekomst kon voorbereiden.<\/p>\n<p><strong>&#8211; Deze KMO is inherent verbonden aan een spiritueel project. Kan deze spirituele dimensie de zakelijke en economische bedrijfsvoering van de VZW be\u00efnvloeden in termen van winst, marge, personeelszaken?<\/strong><br \/>\n<strong>&#8211;<\/strong> Momenteel genereert de VZW geen winst. Dat is een van de redenen van mijn aanwezigheid als CEO. Het doel van de VZW is om het spirituele en culturele project van de abdij te laten leven en stralen, haar vele bezoekers een authentieke ervaring te bieden, haar uitzonderlijke erfgoed te behouden en het monastieke leven te ondersteunen. Om dit te bereiken zijn er <strong>economische activiteiten<\/strong> ontwikkeld. Desondanks ontbraken de <strong>economische omstandigheden<\/strong> van de abdij\ufffd0 de gemeenschap om het hoofd te bieden aan de renovatiekosten die de staat van het gebouw vandaag vereist. We kunnen de onderhouds- en exploitatiekosten van de abdij dekken, maar niet de uitzonderlijke kosten die voor deze werf nodig zijn. We moeten dus de operationele effici\u00ebntie versterken en nadenken over ontwikkelingsrichtingen. Dit alles met het enige doel om de werking van de abdij en de door haar gesteunde doelen te ondersteunen. Het gaat hier niet om winst, maar om de VZW in staat te stellen haar missie te vervullen.<\/p>\n<p><strong>&#8211; Vanuit de buitenwereld, met de steun van groepen zoals Bel, Duvel-Moortgat of de toeristische activiteit bij het ontvangstcentrum Saint-Joseph, lijkt de abdij welvarend&#8230;<\/strong><br \/>\n<strong>&#8211;<\/strong> <strong>Maredsous<\/strong> heeft de verkeerde reputatie van rijkdom, maar dat is uiteraard niet het geval. Een wandeling over het terrein is voldoende om de omvang van het erfgoed te begrijpen. De onderhoudskosten bedragen jaarlijks ongeveer 1,6 miljoen euro. Daarbovenop komen 300.000 euro aan verwarmings-, elektriciteitskosten, enz. De <strong>budgetten<\/strong> zijn dus enorm. De waarheid is dat onze ontvangstcapaciteit en onze commerci\u00eble partners ons, ondanks hun <strong>winstgevendheid<\/strong> aan zich, amper in staat stellen om het evenwicht te bereiken. Nu is het doel om een <strong>financi\u00eble capaciteit<\/strong> te ontwikkelen die bijdraagt aan de uitstraling van de abdij.<\/p>\n<figure id=\"attachment_13072\" aria-describedby=\"caption-attachment-13072\" style=\"width: 1750px\" class=\"wp-caption alignnone\"><img loading=\"lazy\" decoding=\"async\" class=\"wp-image-13072 size-full\" src=\"https:\/\/www.forbes.be\/fr\/wp-content\/uploads\/2025\/10\/maredsous-basilique-kv-v9-1-scaled-e1761234736763.jpg\" alt=\"\" width=\"1750\" height=\"2428\" \/><figcaption id=\"caption-attachment-13072\" class=\"wp-caption-text\">Maredsous Basiliek, een bierassortiment gebrouwen door Duvel Moortgat en waarvan de opbrengst volledig zal worden teruggegeven aan de abdij om haar fondsenwerving te ondersteunen in het kader van de renovatie die komend voorjaar van start gaat. \u00a9 DR<\/figcaption><\/figure>\n<p><strong>&#8211; In hoeverre kan het leiden van een bedrijf met een spirituele, zelfs religieuze, reikwijdte u als CEO in de weg zitten?<\/strong><br \/>\n<strong>&#8211;<\/strong> Ik zou zeggen het tegenovergestelde. Het stoort me niet. Het is zelfs wat me aantrok om de functie aan te nemen. Al onze medewerkers hebben een bijna familiale verbondenheid met de abdij. Die gehechtheid is te danken aan de waarden van de abdij. Zo is <strong>sociaal toerisme<\/strong> ook een van de kernwaarden van <strong>Maredsous<\/strong>. Het is essentieel om deze waarden te beschermen. Natuurlijk is <strong>Maredsous<\/strong> ook een merk van kaas, bier, sterke dranken en heeft het een succesvol ontvangcentrum ontwikkeld, maar het is vooral een van de belangrijkste spirituele centra van het land dat een van de meest dynamische religieuze gemeenschappen van Belgi\u00eb herbergt. En dat is wat we willen doorgeven aan iedereen die ons komt bezoeken. De abdij is gemaakt om onze bezoekers te inspireren, niet om hen te laten consumeren.<\/p>\n<p><strong>&#8211; Is het dan niet frustrerend voor de CEO om niet in staat te zijn om parkeerkosten te vragen of ervoor te zorgen dat mensen minstens \u00e9\u00e9n bier consumeren?<\/strong><br \/>\n<strong>&#8211;<\/strong> Dit komt overeen met de waarden, en waarden zijn de basis van elk bedrijf. Zoals u zei, we zijn een VZW, dus er is een missie die we moeten vervullen, die ik moet vervullen als algemeen directeur. Maar die missie is niet tot iedere prijs een utopie. De eerste missie is om de abdij en haar waarden te laten schitteren. Dat is echt mijn eerste missie. De tweede is om het erfgoed te behouden en onze sociale impact in de regio te behouden. We moeten onszelf de middelen geven om daar te komen. Dat is waar de economische dimensie in het spel komt.<\/p>\n<p><strong>&#8211; Het renovatieproject &#8220;Basiliek 2030&#8221; stond niet op de agenda ten tijde van uw aanstelling. Hoe heeft u het ontvangen? Goeie of slechte verrassing?<\/strong><br \/>\n<strong>&#8211;<\/strong> Ik heb het positief ontvangen omdat de Vader Abt echt inspirerende impulsen geeft. Het is opnieuw het doel van de VZW: het erfgoed behouden. In plaats van kleine reparaties links of rechts, zoals altijd is gedaan, al deze werken in een groot en heel tastbaar project samenbrengen, is de beste manier om onze doelstellingen op lange termijn te bereiken.<\/p>\n<p><strong>&#8211; Hoe gaat een abdij-vzw te werk om 2,5 miljoen euro op te halen?<\/strong><br \/>\n<strong>&#8211;<\/strong> Dit is inderdaad iets dat veel denkwerk vroeg. <strong>Maredsous<\/strong> trekt veel publiek aan. We spreken over een project van 5 jaar: \u00e9\u00e9n euro per bezoeker in deze 5 jaren zou ons toestaan om het project te financieren. We hopen dus te rekenen op de vrijgevigheid van de bezoekers. We kennen hun toewijding aan deze unieke plek goed. Maar we zien ook onze <strong>historische partners<\/strong>, waarvan in de eerste plaats de <strong>familie Moortgat<\/strong>, aan wie we het brouwen van onze bieren van het begin hebben toevertrouwd. <strong>Michel Moortgat<\/strong> is een liefhebber van <strong>Maredsous<\/strong> en wilde onmiddellijk zijn steun betuigen aan de inspanning van de abdij. Om ons in staat te stellen een mooi verhaal te vertellen, kwam hij tot een overeenkomst met <strong>Adrien Descl\u00e9e de Maredsous<\/strong>, een afstammeling van de oprichtersfamilie van de abdij en producent van <strong>Maredsous<\/strong> gin, om een hele bierassortiment, Basiliek, te maken waarvan het ginmout deel uitmaakt van de samenstelling. De opbrengst van de verkoop van deze bierassortiment zal volledig de renovatie van de abdij ondersteunen. Beschikbaar in het ontvangstcentrum Saint-Joseph, zal deze ook op de tap worden aangeboden in HoReCa-instellingen in de regio, en misschien zelfs daarbuiten.<\/p>\n<p><strong>&#8211; Gaat de kaasmaker Bel ook meewerken?<\/strong><br \/>\n<strong>&#8211;<\/strong> Absoluut. Het nog te zien hoe dit vorm kan aannemen, maar <strong>Maredsous<\/strong> is een van hun vlaggenschipmerken en ze zijn zeer gehecht aan de abdij die het hart van het merk is. We hebben dus alle redenen om te geloven dat we hen ook bij ons project kunnen betrekken.<\/p>\n<p><em>*: Interview werd afgenomen voordat de controverse ontstond over het bedrag van de dividenden die aan de abdij werden uitgekeerd door Bel voor de exploitatie van het merk Maredsous. Charles d\u2019Orjo weigerde commentaar te geven op de hierover gepubliceerde mediaberichten.<\/em><\/p>\n","protected":false},"excerpt":{"rendered":"<p>Voormalig leidinggevende bij Unilever, Charles d\u2019Orjo heeft een unieke uitdaging aanvaard: hij leidt het eerste sociale bedrijf van Belgi\u00eb dat 600.000 bezoekers per jaar ontvangt, 200 werknemers in dienst heeft en een erfgoed van 150 jaar beheert. Als algemeen directeur van de VZW Abdij van Maredsous wordt hij onmiddellijk geconfronteerd met het project &#8220;Basiliek 2030&#8221;, een renovatie van [&hellip;]<\/p>\n","protected":false},"author":42,"featured_media":11962,"comment_status":"closed","ping_status":"closed","sticky":false,"template":"","format":"standard","meta":{"_acf_changed":false,"inline_featured_image":false,"footnotes":""},"categories":[40,27,31],"tags":[],"class_list":{"0":"post-11963","1":"post","2":"type-post","3":"status-publish","4":"format-standard","5":"has-post-thumbnail","7":"category-bedrijf","8":"category-leiderschap","9":"category-ondernemers"},"acf":[],"auteur_traducteur":"","yoast_head":"<!-- This site is optimized with the Yoast SEO plugin v27.4 - https:\/\/yoast.com\/product\/yoast-seo-wordpress\/ -->\n<title>Charles d&#039;Orjo: Eerste CEO van Abdij van Maredsous en Zijn Missie om \u20ac2,5 Miljoen op te Halen voor Basiliek 2030<\/title>\n<meta name=\"description\" content=\"Voormalig Unilever-leider Charles d&#039;Orjo wordt de eerste algemeen directeur van Maredsous. Zijn missie: \u20ac2,5 miljoen ophalen voor Basiliek 2030. Exclusief portret.\" \/>\n<meta name=\"robots\" content=\"index, follow, max-snippet:-1, max-image-preview:large, max-video-preview:-1\" \/>\n<link rel=\"canonical\" href=\"https:\/\/www.forbes.be\/nl\/charles-dorjo-eerste-ceo-van-de-abdij-van-maredsous-de-uitdaging-is-om-de-abdij-en-haar-waarden-te-laten-schitteren-terwijl-we-een-duurzame-economische-balans-herstellen\/\" \/>\n<meta property=\"og:locale\" content=\"nl_BE\" \/>\n<meta property=\"og:type\" content=\"article\" \/>\n<meta property=\"og:title\" content=\"Charles d&#039;Orjo: Eerste CEO van Abdij van Maredsous en Zijn Missie om \u20ac2,5 Miljoen op te Halen voor Basiliek 2030\" \/>\n<meta property=\"og:description\" content=\"Voormalig Unilever-leider Charles d&#039;Orjo wordt de eerste algemeen directeur van Maredsous. Zijn missie: \u20ac2,5 miljoen ophalen voor Basiliek 2030. Exclusief portret.\" \/>\n<meta property=\"og:url\" content=\"https:\/\/www.forbes.be\/nl\/charles-dorjo-eerste-ceo-van-de-abdij-van-maredsous-de-uitdaging-is-om-de-abdij-en-haar-waarden-te-laten-schitteren-terwijl-we-een-duurzame-economische-balans-herstellen\/\" \/>\n<meta property=\"og:site_name\" content=\"Forbes Belgi\u00eb\" \/>\n<meta property=\"article:publisher\" content=\"https:\/\/www.facebook.com\/forbesbelgie\" \/>\n<meta property=\"article:author\" content=\"https:\/\/www.linkedin.com\/in\/martin-boonen-61499951\/\" \/>\n<meta property=\"article:published_time\" content=\"2025-10-24T07:46:19+00:00\" \/>\n<meta property=\"og:image\" content=\"https:\/\/www.forbes.be\/nl\/wp-content\/uploads\/2025\/10\/13067-abbaye-de-maredsous-province-de-namur.jpg\" \/>\n\t<meta property=\"og:image:width\" content=\"2560\" \/>\n\t<meta property=\"og:image:height\" content=\"1340\" \/>\n\t<meta property=\"og:image:type\" content=\"image\/jpeg\" \/>\n<meta name=\"author\" content=\"Martin Boonen\" \/>\n<meta name=\"twitter:card\" content=\"summary_large_image\" \/>\n<meta name=\"twitter:label1\" content=\"Geschreven door\" \/>\n\t<meta name=\"twitter:data1\" content=\"Martin Boonen\" \/>\n\t<meta name=\"twitter:label2\" content=\"Geschatte leestijd\" \/>\n\t<meta name=\"twitter:data2\" content=\"12 minuten\" \/>\n<script type=\"application\/ld+json\" class=\"yoast-schema-graph\">{\"@context\":\"https:\\\/\\\/schema.org\",\"@graph\":[{\"@type\":\"NewsArticle\",\"@id\":\"https:\\\/\\\/www.forbes.be\\\/nl\\\/charles-dorjo-eerste-ceo-van-de-abdij-van-maredsous-de-uitdaging-is-om-de-abdij-en-haar-waarden-te-laten-schitteren-terwijl-we-een-duurzame-economische-balans-herstellen\\\/#article\",\"isPartOf\":{\"@id\":\"https:\\\/\\\/www.forbes.be\\\/nl\\\/charles-dorjo-eerste-ceo-van-de-abdij-van-maredsous-de-uitdaging-is-om-de-abdij-en-haar-waarden-te-laten-schitteren-terwijl-we-een-duurzame-economische-balans-herstellen\\\/\"},\"author\":{\"name\":\"Martin Boonen\",\"@id\":\"https:\\\/\\\/www.forbes.be\\\/nl\\\/#\\\/schema\\\/person\\\/06275e9d0194db71f89b5badacb532c8\"},\"headline\":\"Charles d&#8217;Orjo, eerste CEO van de Abdij van Maredsous: &#8220;De uitdaging is om de abdij en haar waarden te laten schitteren, terwijl we een duurzame economische balans herstellen&#8221;\",\"datePublished\":\"2025-10-24T07:46:19+00:00\",\"mainEntityOfPage\":{\"@id\":\"https:\\\/\\\/www.forbes.be\\\/nl\\\/charles-dorjo-eerste-ceo-van-de-abdij-van-maredsous-de-uitdaging-is-om-de-abdij-en-haar-waarden-te-laten-schitteren-terwijl-we-een-duurzame-economische-balans-herstellen\\\/\"},\"wordCount\":2129,\"publisher\":{\"@id\":\"https:\\\/\\\/www.forbes.be\\\/nl\\\/#organization\"},\"image\":{\"@id\":\"https:\\\/\\\/www.forbes.be\\\/nl\\\/charles-dorjo-eerste-ceo-van-de-abdij-van-maredsous-de-uitdaging-is-om-de-abdij-en-haar-waarden-te-laten-schitteren-terwijl-we-een-duurzame-economische-balans-herstellen\\\/#primaryimage\"},\"thumbnailUrl\":\"https:\\\/\\\/www.forbes.be\\\/nl\\\/wp-content\\\/uploads\\\/2025\\\/10\\\/13067-abbaye-de-maredsous-province-de-namur.jpg\",\"articleSection\":[\"Bedrijf\",\"Leiderschap\",\"Ondernemers\"],\"inLanguage\":\"nl-BE\"},{\"@type\":\"WebPage\",\"@id\":\"https:\\\/\\\/www.forbes.be\\\/nl\\\/charles-dorjo-eerste-ceo-van-de-abdij-van-maredsous-de-uitdaging-is-om-de-abdij-en-haar-waarden-te-laten-schitteren-terwijl-we-een-duurzame-economische-balans-herstellen\\\/\",\"url\":\"https:\\\/\\\/www.forbes.be\\\/nl\\\/charles-dorjo-eerste-ceo-van-de-abdij-van-maredsous-de-uitdaging-is-om-de-abdij-en-haar-waarden-te-laten-schitteren-terwijl-we-een-duurzame-economische-balans-herstellen\\\/\",\"name\":\"Charles d'Orjo: Eerste CEO van Abdij van Maredsous en Zijn Missie om \u20ac2,5 Miljoen op te Halen voor Basiliek 2030\",\"isPartOf\":{\"@id\":\"https:\\\/\\\/www.forbes.be\\\/nl\\\/#website\"},\"primaryImageOfPage\":{\"@id\":\"https:\\\/\\\/www.forbes.be\\\/nl\\\/charles-dorjo-eerste-ceo-van-de-abdij-van-maredsous-de-uitdaging-is-om-de-abdij-en-haar-waarden-te-laten-schitteren-terwijl-we-een-duurzame-economische-balans-herstellen\\\/#primaryimage\"},\"image\":{\"@id\":\"https:\\\/\\\/www.forbes.be\\\/nl\\\/charles-dorjo-eerste-ceo-van-de-abdij-van-maredsous-de-uitdaging-is-om-de-abdij-en-haar-waarden-te-laten-schitteren-terwijl-we-een-duurzame-economische-balans-herstellen\\\/#primaryimage\"},\"thumbnailUrl\":\"https:\\\/\\\/www.forbes.be\\\/nl\\\/wp-content\\\/uploads\\\/2025\\\/10\\\/13067-abbaye-de-maredsous-province-de-namur.jpg\",\"datePublished\":\"2025-10-24T07:46:19+00:00\",\"description\":\"Voormalig Unilever-leider Charles d'Orjo wordt de eerste algemeen directeur van Maredsous. Zijn missie: \u20ac2,5 miljoen ophalen voor Basiliek 2030. Exclusief portret.\",\"breadcrumb\":{\"@id\":\"https:\\\/\\\/www.forbes.be\\\/nl\\\/charles-dorjo-eerste-ceo-van-de-abdij-van-maredsous-de-uitdaging-is-om-de-abdij-en-haar-waarden-te-laten-schitteren-terwijl-we-een-duurzame-economische-balans-herstellen\\\/#breadcrumb\"},\"inLanguage\":\"nl-BE\",\"potentialAction\":[{\"@type\":\"ReadAction\",\"target\":[\"https:\\\/\\\/www.forbes.be\\\/nl\\\/charles-dorjo-eerste-ceo-van-de-abdij-van-maredsous-de-uitdaging-is-om-de-abdij-en-haar-waarden-te-laten-schitteren-terwijl-we-een-duurzame-economische-balans-herstellen\\\/\"]}]},{\"@type\":\"ImageObject\",\"inLanguage\":\"nl-BE\",\"@id\":\"https:\\\/\\\/www.forbes.be\\\/nl\\\/charles-dorjo-eerste-ceo-van-de-abdij-van-maredsous-de-uitdaging-is-om-de-abdij-en-haar-waarden-te-laten-schitteren-terwijl-we-een-duurzame-economische-balans-herstellen\\\/#primaryimage\",\"url\":\"https:\\\/\\\/www.forbes.be\\\/nl\\\/wp-content\\\/uploads\\\/2025\\\/10\\\/13067-abbaye-de-maredsous-province-de-namur.jpg\",\"contentUrl\":\"https:\\\/\\\/www.forbes.be\\\/nl\\\/wp-content\\\/uploads\\\/2025\\\/10\\\/13067-abbaye-de-maredsous-province-de-namur.jpg\",\"width\":2560,\"height\":1340,\"caption\":\"L'Abbaye de Maredsous (province de Namur) \u00a9 DR L'abbaye de Maredsous est un monast\u00e8re b\u00e9n\u00e9dictin situ\u00e9 \u00e0 Maredsous, dans la commune de Anh\u00e9e, en province de Namur. Rue de Maredsous 11, 5537 Den\u00e9e Copyright2019\u00a9Abbaye de Maredsous - F\u00e9d\u00e9ration du Tourisme de la Province de Namur (FTPN)\"},{\"@type\":\"BreadcrumbList\",\"@id\":\"https:\\\/\\\/www.forbes.be\\\/nl\\\/charles-dorjo-eerste-ceo-van-de-abdij-van-maredsous-de-uitdaging-is-om-de-abdij-en-haar-waarden-te-laten-schitteren-terwijl-we-een-duurzame-economische-balans-herstellen\\\/#breadcrumb\",\"itemListElement\":[{\"@type\":\"ListItem\",\"position\":1,\"name\":\"Accueil\",\"item\":\"https:\\\/\\\/www.forbes.be\\\/nl\\\/\"},{\"@type\":\"ListItem\",\"position\":2,\"name\":\"Charles d&rsquo;Orjo, eerste CEO van de Abdij van Maredsous: \u00ab\u00a0De uitdaging is om de abdij en haar waarden te laten schitteren, terwijl we een duurzame economische balans herstellen\u00a0\u00bb\"}]},{\"@type\":\"WebSite\",\"@id\":\"https:\\\/\\\/www.forbes.be\\\/nl\\\/#website\",\"url\":\"https:\\\/\\\/www.forbes.be\\\/nl\\\/\",\"name\":\"Forbes Belgi\u00eb\",\"description\":\"\",\"publisher\":{\"@id\":\"https:\\\/\\\/www.forbes.be\\\/nl\\\/#organization\"},\"potentialAction\":[{\"@type\":\"SearchAction\",\"target\":{\"@type\":\"EntryPoint\",\"urlTemplate\":\"https:\\\/\\\/www.forbes.be\\\/nl\\\/?s={search_term_string}\"},\"query-input\":{\"@type\":\"PropertyValueSpecification\",\"valueRequired\":true,\"valueName\":\"search_term_string\"}}],\"inLanguage\":\"nl-BE\"},{\"@type\":\"Organization\",\"@id\":\"https:\\\/\\\/www.forbes.be\\\/nl\\\/#organization\",\"name\":\"Forbes Belgi\u00eb\",\"url\":\"https:\\\/\\\/www.forbes.be\\\/nl\\\/\",\"logo\":{\"@type\":\"ImageObject\",\"inLanguage\":\"nl-BE\",\"@id\":\"https:\\\/\\\/www.forbes.be\\\/nl\\\/#\\\/schema\\\/logo\\\/image\\\/\",\"url\":\"https:\\\/\\\/www.forbes.be\\\/nl\\\/wp-content\\\/uploads\\\/2024\\\/02\\\/forbes.be_.png\",\"contentUrl\":\"https:\\\/\\\/www.forbes.be\\\/nl\\\/wp-content\\\/uploads\\\/2024\\\/02\\\/forbes.be_.png\",\"width\":1200,\"height\":675,\"caption\":\"Forbes Belgi\u00eb\"},\"image\":{\"@id\":\"https:\\\/\\\/www.forbes.be\\\/nl\\\/#\\\/schema\\\/logo\\\/image\\\/\"},\"sameAs\":[\"https:\\\/\\\/www.facebook.com\\\/forbesbelgie\",\"https:\\\/\\\/www.instagram.com\\\/Forbes_Belgium\",\"https:\\\/\\\/www.linkedin.com\\\/company\\\/forbes-belgium\\\/\"]},{\"@type\":\"Person\",\"@id\":\"https:\\\/\\\/www.forbes.be\\\/nl\\\/#\\\/schema\\\/person\\\/06275e9d0194db71f89b5badacb532c8\",\"name\":\"Martin Boonen\",\"image\":{\"@type\":\"ImageObject\",\"inLanguage\":\"nl-BE\",\"@id\":\"https:\\\/\\\/www.forbes.be\\\/nl\\\/wp-content\\\/uploads\\\/2024\\\/11\\\/Capture-de\u0301cran-2024-11-15-a\u0300-09.38.49-100x100.png\",\"url\":\"https:\\\/\\\/www.forbes.be\\\/nl\\\/wp-content\\\/uploads\\\/2024\\\/11\\\/Capture-de\u0301cran-2024-11-15-a\u0300-09.38.49-100x100.png\",\"contentUrl\":\"https:\\\/\\\/www.forbes.be\\\/nl\\\/wp-content\\\/uploads\\\/2024\\\/11\\\/Capture-de\u0301cran-2024-11-15-a\u0300-09.38.49-100x100.png\",\"caption\":\"Martin Boonen\"},\"description\":\"Martin Boonen is een gediplomeerd journalist van het Institut de Journalisme de Bruxelles (2012). Hij heeft samengewerkt met tal van redacties, in uiteenlopende functies gaande van journalist en rubriekshoofd tot eindredacteur en hoofdredacteur \u2013 zowel voor digitale media als de geschreven pers. Met een uitgesproken expertise in startups en sociaal ge\u00ebngageerd ondernemerschap, werd hij in 2025 benoemd tot hoofdredacteur van de Belgische website van Forbes. Sinds 2011 is hij aangesloten bij de Organisation de la Presse P\u00e9riodique (OMPP).\",\"sameAs\":[\"https:\\\/\\\/www.linkedin.com\\\/in\\\/martin-boonen-61499951\\\/\"],\"url\":\"https:\\\/\\\/www.forbes.be\\\/nl\\\/author\\\/martin-boonen\\\/\"}]}<\/script>\n<!-- \/ Yoast SEO plugin. -->","yoast_head_json":{"title":"Charles d'Orjo: Eerste CEO van Abdij van Maredsous en Zijn Missie om \u20ac2,5 Miljoen op te Halen voor Basiliek 2030","description":"Voormalig Unilever-leider Charles d'Orjo wordt de eerste algemeen directeur van Maredsous. Zijn missie: \u20ac2,5 miljoen ophalen voor Basiliek 2030. Exclusief portret.","robots":{"index":"index","follow":"follow","max-snippet":"max-snippet:-1","max-image-preview":"max-image-preview:large","max-video-preview":"max-video-preview:-1"},"canonical":"https:\/\/www.forbes.be\/nl\/charles-dorjo-eerste-ceo-van-de-abdij-van-maredsous-de-uitdaging-is-om-de-abdij-en-haar-waarden-te-laten-schitteren-terwijl-we-een-duurzame-economische-balans-herstellen\/","og_locale":"nl_BE","og_type":"article","og_title":"Charles d'Orjo: Eerste CEO van Abdij van Maredsous en Zijn Missie om \u20ac2,5 Miljoen op te Halen voor Basiliek 2030","og_description":"Voormalig Unilever-leider Charles d'Orjo wordt de eerste algemeen directeur van Maredsous. Zijn missie: \u20ac2,5 miljoen ophalen voor Basiliek 2030. Exclusief portret.","og_url":"https:\/\/www.forbes.be\/nl\/charles-dorjo-eerste-ceo-van-de-abdij-van-maredsous-de-uitdaging-is-om-de-abdij-en-haar-waarden-te-laten-schitteren-terwijl-we-een-duurzame-economische-balans-herstellen\/","og_site_name":"Forbes Belgi\u00eb","article_publisher":"https:\/\/www.facebook.com\/forbesbelgie","article_author":"https:\/\/www.linkedin.com\/in\/martin-boonen-61499951\/","article_published_time":"2025-10-24T07:46:19+00:00","og_image":[{"width":2560,"height":1340,"url":"https:\/\/www.forbes.be\/nl\/wp-content\/uploads\/2025\/10\/13067-abbaye-de-maredsous-province-de-namur.jpg","type":"image\/jpeg"}],"author":"Martin Boonen","twitter_card":"summary_large_image","twitter_misc":{"Geschreven door":"Martin Boonen","Geschatte leestijd":"12 minuten"},"schema":{"@context":"https:\/\/schema.org","@graph":[{"@type":"NewsArticle","@id":"https:\/\/www.forbes.be\/nl\/charles-dorjo-eerste-ceo-van-de-abdij-van-maredsous-de-uitdaging-is-om-de-abdij-en-haar-waarden-te-laten-schitteren-terwijl-we-een-duurzame-economische-balans-herstellen\/#article","isPartOf":{"@id":"https:\/\/www.forbes.be\/nl\/charles-dorjo-eerste-ceo-van-de-abdij-van-maredsous-de-uitdaging-is-om-de-abdij-en-haar-waarden-te-laten-schitteren-terwijl-we-een-duurzame-economische-balans-herstellen\/"},"author":{"name":"Martin Boonen","@id":"https:\/\/www.forbes.be\/nl\/#\/schema\/person\/06275e9d0194db71f89b5badacb532c8"},"headline":"Charles d&#8217;Orjo, eerste CEO van de Abdij van Maredsous: &#8220;De uitdaging is om de abdij en haar waarden te laten schitteren, terwijl we een duurzame economische balans herstellen&#8221;","datePublished":"2025-10-24T07:46:19+00:00","mainEntityOfPage":{"@id":"https:\/\/www.forbes.be\/nl\/charles-dorjo-eerste-ceo-van-de-abdij-van-maredsous-de-uitdaging-is-om-de-abdij-en-haar-waarden-te-laten-schitteren-terwijl-we-een-duurzame-economische-balans-herstellen\/"},"wordCount":2129,"publisher":{"@id":"https:\/\/www.forbes.be\/nl\/#organization"},"image":{"@id":"https:\/\/www.forbes.be\/nl\/charles-dorjo-eerste-ceo-van-de-abdij-van-maredsous-de-uitdaging-is-om-de-abdij-en-haar-waarden-te-laten-schitteren-terwijl-we-een-duurzame-economische-balans-herstellen\/#primaryimage"},"thumbnailUrl":"https:\/\/www.forbes.be\/nl\/wp-content\/uploads\/2025\/10\/13067-abbaye-de-maredsous-province-de-namur.jpg","articleSection":["Bedrijf","Leiderschap","Ondernemers"],"inLanguage":"nl-BE"},{"@type":"WebPage","@id":"https:\/\/www.forbes.be\/nl\/charles-dorjo-eerste-ceo-van-de-abdij-van-maredsous-de-uitdaging-is-om-de-abdij-en-haar-waarden-te-laten-schitteren-terwijl-we-een-duurzame-economische-balans-herstellen\/","url":"https:\/\/www.forbes.be\/nl\/charles-dorjo-eerste-ceo-van-de-abdij-van-maredsous-de-uitdaging-is-om-de-abdij-en-haar-waarden-te-laten-schitteren-terwijl-we-een-duurzame-economische-balans-herstellen\/","name":"Charles d'Orjo: Eerste CEO van Abdij van Maredsous en Zijn Missie om \u20ac2,5 Miljoen op te Halen voor Basiliek 2030","isPartOf":{"@id":"https:\/\/www.forbes.be\/nl\/#website"},"primaryImageOfPage":{"@id":"https:\/\/www.forbes.be\/nl\/charles-dorjo-eerste-ceo-van-de-abdij-van-maredsous-de-uitdaging-is-om-de-abdij-en-haar-waarden-te-laten-schitteren-terwijl-we-een-duurzame-economische-balans-herstellen\/#primaryimage"},"image":{"@id":"https:\/\/www.forbes.be\/nl\/charles-dorjo-eerste-ceo-van-de-abdij-van-maredsous-de-uitdaging-is-om-de-abdij-en-haar-waarden-te-laten-schitteren-terwijl-we-een-duurzame-economische-balans-herstellen\/#primaryimage"},"thumbnailUrl":"https:\/\/www.forbes.be\/nl\/wp-content\/uploads\/2025\/10\/13067-abbaye-de-maredsous-province-de-namur.jpg","datePublished":"2025-10-24T07:46:19+00:00","description":"Voormalig Unilever-leider Charles d'Orjo wordt de eerste algemeen directeur van Maredsous. Zijn missie: \u20ac2,5 miljoen ophalen voor Basiliek 2030. Exclusief portret.","breadcrumb":{"@id":"https:\/\/www.forbes.be\/nl\/charles-dorjo-eerste-ceo-van-de-abdij-van-maredsous-de-uitdaging-is-om-de-abdij-en-haar-waarden-te-laten-schitteren-terwijl-we-een-duurzame-economische-balans-herstellen\/#breadcrumb"},"inLanguage":"nl-BE","potentialAction":[{"@type":"ReadAction","target":["https:\/\/www.forbes.be\/nl\/charles-dorjo-eerste-ceo-van-de-abdij-van-maredsous-de-uitdaging-is-om-de-abdij-en-haar-waarden-te-laten-schitteren-terwijl-we-een-duurzame-economische-balans-herstellen\/"]}]},{"@type":"ImageObject","inLanguage":"nl-BE","@id":"https:\/\/www.forbes.be\/nl\/charles-dorjo-eerste-ceo-van-de-abdij-van-maredsous-de-uitdaging-is-om-de-abdij-en-haar-waarden-te-laten-schitteren-terwijl-we-een-duurzame-economische-balans-herstellen\/#primaryimage","url":"https:\/\/www.forbes.be\/nl\/wp-content\/uploads\/2025\/10\/13067-abbaye-de-maredsous-province-de-namur.jpg","contentUrl":"https:\/\/www.forbes.be\/nl\/wp-content\/uploads\/2025\/10\/13067-abbaye-de-maredsous-province-de-namur.jpg","width":2560,"height":1340,"caption":"L'Abbaye de Maredsous (province de Namur) \u00a9 DR L'abbaye de Maredsous est un monast\u00e8re b\u00e9n\u00e9dictin situ\u00e9 \u00e0 Maredsous, dans la commune de Anh\u00e9e, en province de Namur. Rue de Maredsous 11, 5537 Den\u00e9e Copyright2019\u00a9Abbaye de Maredsous - F\u00e9d\u00e9ration du Tourisme de la Province de Namur (FTPN)"},{"@type":"BreadcrumbList","@id":"https:\/\/www.forbes.be\/nl\/charles-dorjo-eerste-ceo-van-de-abdij-van-maredsous-de-uitdaging-is-om-de-abdij-en-haar-waarden-te-laten-schitteren-terwijl-we-een-duurzame-economische-balans-herstellen\/#breadcrumb","itemListElement":[{"@type":"ListItem","position":1,"name":"Accueil","item":"https:\/\/www.forbes.be\/nl\/"},{"@type":"ListItem","position":2,"name":"Charles d&rsquo;Orjo, eerste CEO van de Abdij van Maredsous: \u00ab\u00a0De uitdaging is om de abdij en haar waarden te laten schitteren, terwijl we een duurzame economische balans herstellen\u00a0\u00bb"}]},{"@type":"WebSite","@id":"https:\/\/www.forbes.be\/nl\/#website","url":"https:\/\/www.forbes.be\/nl\/","name":"Forbes Belgi\u00eb","description":"","publisher":{"@id":"https:\/\/www.forbes.be\/nl\/#organization"},"potentialAction":[{"@type":"SearchAction","target":{"@type":"EntryPoint","urlTemplate":"https:\/\/www.forbes.be\/nl\/?s={search_term_string}"},"query-input":{"@type":"PropertyValueSpecification","valueRequired":true,"valueName":"search_term_string"}}],"inLanguage":"nl-BE"},{"@type":"Organization","@id":"https:\/\/www.forbes.be\/nl\/#organization","name":"Forbes Belgi\u00eb","url":"https:\/\/www.forbes.be\/nl\/","logo":{"@type":"ImageObject","inLanguage":"nl-BE","@id":"https:\/\/www.forbes.be\/nl\/#\/schema\/logo\/image\/","url":"https:\/\/www.forbes.be\/nl\/wp-content\/uploads\/2024\/02\/forbes.be_.png","contentUrl":"https:\/\/www.forbes.be\/nl\/wp-content\/uploads\/2024\/02\/forbes.be_.png","width":1200,"height":675,"caption":"Forbes Belgi\u00eb"},"image":{"@id":"https:\/\/www.forbes.be\/nl\/#\/schema\/logo\/image\/"},"sameAs":["https:\/\/www.facebook.com\/forbesbelgie","https:\/\/www.instagram.com\/Forbes_Belgium","https:\/\/www.linkedin.com\/company\/forbes-belgium\/"]},{"@type":"Person","@id":"https:\/\/www.forbes.be\/nl\/#\/schema\/person\/06275e9d0194db71f89b5badacb532c8","name":"Martin Boonen","image":{"@type":"ImageObject","inLanguage":"nl-BE","@id":"https:\/\/www.forbes.be\/nl\/wp-content\/uploads\/2024\/11\/Capture-de\u0301cran-2024-11-15-a\u0300-09.38.49-100x100.png","url":"https:\/\/www.forbes.be\/nl\/wp-content\/uploads\/2024\/11\/Capture-de\u0301cran-2024-11-15-a\u0300-09.38.49-100x100.png","contentUrl":"https:\/\/www.forbes.be\/nl\/wp-content\/uploads\/2024\/11\/Capture-de\u0301cran-2024-11-15-a\u0300-09.38.49-100x100.png","caption":"Martin Boonen"},"description":"Martin Boonen is een gediplomeerd journalist van het Institut de Journalisme de Bruxelles (2012). Hij heeft samengewerkt met tal van redacties, in uiteenlopende functies gaande van journalist en rubriekshoofd tot eindredacteur en hoofdredacteur \u2013 zowel voor digitale media als de geschreven pers. Met een uitgesproken expertise in startups en sociaal ge\u00ebngageerd ondernemerschap, werd hij in 2025 benoemd tot hoofdredacteur van de Belgische website van Forbes. Sinds 2011 is hij aangesloten bij de Organisation de la Presse P\u00e9riodique (OMPP).","sameAs":["https:\/\/www.linkedin.com\/in\/martin-boonen-61499951\/"],"url":"https:\/\/www.forbes.be\/nl\/author\/martin-boonen\/"}]}},"_links":{"self":[{"href":"https:\/\/www.forbes.be\/nl\/wp-json\/wp\/v2\/posts\/11963","targetHints":{"allow":["GET"]}}],"collection":[{"href":"https:\/\/www.forbes.be\/nl\/wp-json\/wp\/v2\/posts"}],"about":[{"href":"https:\/\/www.forbes.be\/nl\/wp-json\/wp\/v2\/types\/post"}],"author":[{"embeddable":true,"href":"https:\/\/www.forbes.be\/nl\/wp-json\/wp\/v2\/users\/42"}],"replies":[{"embeddable":true,"href":"https:\/\/www.forbes.be\/nl\/wp-json\/wp\/v2\/comments?post=11963"}],"version-history":[{"count":1,"href":"https:\/\/www.forbes.be\/nl\/wp-json\/wp\/v2\/posts\/11963\/revisions"}],"predecessor-version":[{"id":11971,"href":"https:\/\/www.forbes.be\/nl\/wp-json\/wp\/v2\/posts\/11963\/revisions\/11971"}],"wp:featuredmedia":[{"embeddable":true,"href":"https:\/\/www.forbes.be\/nl\/wp-json\/wp\/v2\/media\/11962"}],"wp:attachment":[{"href":"https:\/\/www.forbes.be\/nl\/wp-json\/wp\/v2\/media?parent=11963"}],"wp:term":[{"taxonomy":"category","embeddable":true,"href":"https:\/\/www.forbes.be\/nl\/wp-json\/wp\/v2\/categories?post=11963"},{"taxonomy":"post_tag","embeddable":true,"href":"https:\/\/www.forbes.be\/nl\/wp-json\/wp\/v2\/tags?post=11963"}],"curies":[{"name":"wp","href":"https:\/\/api.w.org\/{rel}","templated":true}]}}