{"id":12714,"date":"2026-03-08T08:02:42","date_gmt":"2026-03-08T07:02:42","guid":{"rendered":"https:\/\/www.forbes.be\/nl\/?p=12714"},"modified":"2026-03-05T15:01:53","modified_gmt":"2026-03-05T14:01:53","slug":"de-tarievenoorlog-is-onzin","status":"publish","type":"post","link":"https:\/\/www.forbes.be\/nl\/de-tarievenoorlog-is-onzin\/","title":{"rendered":"\u201cDe tarievenoorlog is onzin\u201d"},"content":{"rendered":"<p class=\"p1\"><strong><span class=\"s1\">Fr\u00e9d\u00e9ric de M\u00e9vius<\/span><span class=\"s2\">, historisch aandeelhouder van<\/span><span class=\"s1\"> AB InBev <\/span><span class=\"s2\">en voormalig directeur van het investeringsfonds <\/span><span class=\"s1\">Verlinvest<\/span><span class=\"s2\">, richt zijn energie vandaag op de <\/span><span class=\"s1\">klimaattransitie<\/span><span class=\"s2\"> via het fonds Planet First Partners. De ervaren investeerder kijkt met een scherpe blik naar de <\/span><span class=\"s1\">wereldeconomie<\/span><span class=\"s2\">, die vooral de laatste jaren sinds de verkiezing van <\/span><span class=\"s1\">Donald Trump<\/span><span class=\"s2\"> stevig door elkaar is geschud.<span class=\"Apple-converted-space\">\u00a0<\/span><\/span><\/strong><\/p>\n<p class=\"p1\"><span class=\"s1\">Zijn bril benadrukt de levendige blik. Fr\u00e9d\u00e9ric de M\u00e9vius, intussen in de zestig, kijkt terug op een rijke carri\u00e8re als zakenman en investeerder. Maar dit laatste avontuur ligt hem bijzonder na aan het hart. \u201c<i>In 2000 kregen we op onze familieboerderij bij Namen te maken met een waterprobleem<\/i>\u201d, vertelt hij. \u201c<i>We zaten meer dan een kilometer van de leiding, dus besloot ik een put te graven<\/i>.\u201d Zo vond Fr\u00e9d\u00e9ric de M\u00e9vius wel water, \u201c<i>maar dat zat vol nitraten en pesticidenresten, waardoor het ongeschikt was voor menselijke of dierlijke consumptie. We bewerkten dat land al tientallen jaren en ik besefte dat we daar verantwoordelijkheid voor droegen.<\/i>\u201d Die ongelukkige ontdekking zette hem aan het denken \u201c<i>over de manier waarop we ons land bewerkten, maar ook, meer in het algemeen, over de impact van landbouw op ecologie, biodiversiteit en bodemgezondheid. Tien jaar later, nadat we volledig overschakelden op biologische teelt, waren de nitraat- en pesticidenwaarden bijna tot nul gezakt. Tien jaar lijkt lang in een mensenleven, maar het is niets in de tijd van de mensheid<\/i>.\u00bb<span class=\"Apple-converted-space\">\u00a0<\/span><\/span><\/p>\n<h2 class=\"p2\">Betekende dit verhaal een keerpunt? <span class=\"Apple-converted-space\">\u00a0<\/span><\/h2>\n<p class=\"p1\">Toen ik Verlinvest verliet, wist ik wat mij te doen stond: ondernemers steunen die duurzaamheid en het klimaat centraal stellen. Zo ontstond Planet First Partners. Belfius was onze eerste financier, gevolgd door een groep investeerders. Samen haalden we 450 miljoen dollar op.<span class=\"Apple-converted-space\">\u00a0<\/span><\/p>\n<h2 class=\"p2\">Wat is de belangrijkste les die u als investeerder<span class=\"Apple-converted-space\">\u00a0<\/span>hebt geleerd?<span class=\"Apple-converted-space\">\u00a0<\/span><\/h2>\n<p class=\"p1\"><span class=\"Apple-converted-space\">\u00a0<\/span>Ik zou zeggen dat mensen centraal moeten staan in elk project. We komen niet zomaar met een cheque aanzetten en zeggen tegen ondernemers: \u201c<i>Alsjeblieft, we zien elkaar over zes maanden of een jaar weer.<\/i>\u201d We werken samen met hen. Het belangrijkste is daarom het cre\u00ebren van een ecosysteem rond mensen die ondernemen.<span class=\"Apple-converted-space\">\u00a0<\/span><\/p>\n<h2 class=\"p2\">Nochtans levert kapitaal vandaag nog steeds<span class=\"Apple-converted-space\">\u00a0 <\/span>het meeste op.<span class=\"Apple-converted-space\">\u00a0<\/span><\/h2>\n<p class=\"p1\">Dat is inderdaad iets wat mij altijd al bezighoudt. Natuurlijk moeten mensen die risico\u2019s nemen, daarvoor beloond worden, maar ik heb altijd geloofd dat teams extreem gemotiveerd moeten zijn om waarde te cre\u00ebren. Daarom ben ik een groot voorstander van gedistribueerd kapitalisme. Het is een vergissing wanneer een investeerder 80 tot 90% van de waardecreatie opeist.<span class=\"Apple-converted-space\">\u00a0<\/span><\/p>\n<h2 class=\"p2\">Investeerders kunnen soms hebzuchtig zijn, maar dat geldt ook voor overheden, zeker in Belgi\u00eb.<span class=\"Apple-converted-space\">\u00a0<\/span><\/h2>\n<p class=\"p1\">In Belgi\u00eb zijn de overheidskosten een groot probleem. Zoals in veel grote organisaties ontbreekt bij overheden de reflex om zichzelf in vraag te stellen, zich te vernieuwen en effici\u00ebnt te werken. Dat is niet alleen in ons land een probleem, maar de ineffici\u00ebnties zijn enorm. Ze vergroten de rol van de staat in de economie, zonder de burger effici\u00ebntie te bieden.<span class=\"Apple-converted-space\">\u00a0<\/span><\/p>\n<h2 class=\"p2\">De federale regering heeft zich deze zomer uitgesproken voor een belasting op vermogenswinsten.<span class=\"Apple-converted-space\">\u00a0<\/span><\/h2>\n<p class=\"p1\">Dat lijkt me niet onredelijk. Wat wel gevaarlijk wordt, is wanneer de totale belastingdruk zo hoog is dat die het particuliere initiatief fnuikt. We zitten dicht bij dat punt. En dat dwingt burgers soms om te kiezen waar ze gaan werken.<span class=\"Apple-converted-space\">\u00a0<\/span><\/p>\n<h2 class=\"p2\">Hebt u die keuze gemaakt?<span class=\"Apple-converted-space\">\u00a0<\/span><\/h2>\n<p class=\"p1\"><span class=\"s2\">Ik wel. Ik zal er niet in detail op ingaan, maar tot vorig jaar woonde ik als Belgisch staatsburger in Londen om Planet First Partners op te richten. Vandaag woon ik opnieuw in Belgi\u00eb en reis ik vanuit Brussel de wereld rond.<span class=\"Apple-converted-space\">\u00a0<\/span><\/span><\/p>\n<h2 class=\"p2\">Hoe beoordeelt u de eerste maanden<span class=\"Apple-converted-space\">\u00a0 <\/span>van de nieuwe federale regering?<span class=\"Apple-converted-space\">\u00a0<\/span><\/h2>\n<p class=\"p1\">De premier toont vastberadenheid en opmerkelijke intelligentie in het besturen van het land. Maar ook hij stuit helaas op institutionele traagheid die moeilijk te doorbreken is. De hervormingen hebben te weinig impact gehad op de werking van de staat. We hebben te veel bestuursniveaus.<span class=\"Apple-converted-space\">\u00a0<\/span><\/p>\n<h2 class=\"p2\">Bent u optimistisch of pessimistisch over de toekomst van het land?<span class=\"Apple-converted-space\">\u00a0<\/span><\/h2>\n<p class=\"p1\">Ik zie veel uitzonderlijk onderzoek en ondernemers van wereldklasse, aan Nederlandstalige en Franstalige kant. De grote uitdaging is om hen voldoende middelen te geven, zodat ze niet in de verleiding komen om naar andere regio\u2019s zoals de Verenigde Staten te verhuizen. En dat is meer een kwestie van beschikbaarheid van kapitaal. Er is momenteel een aanzienlijk tekort aan financiering voor innovatie, in alle sectoren.<span class=\"Apple-converted-space\">\u00a0<\/span><\/p>\n<h2 class=\"p4\">Hoe komt dat?<span class=\"Apple-converted-space\">\u00a0<\/span><\/h2>\n<p class=\"p1\"><span class=\"s2\">Er ontbreekt een echte ge\u00efntegreerde Europese kapitaalmarkt en dat verhindert snelgroeiende bedrijven om voldoende financiering te verkrijgen. Daardoor zijn de kapitaalkosten tegenwoordig extreem hoog. Voor investeerders kan dat best interessant zijn, maar voor ondernemers zijn de waarderingsverschillen tussen Europa en de Verenigde Staten een handicap. Steeds vaker zie ik investeerders, die ik als uiterst relevant zou omschrijven, zich herpositioneren in Europa om kansen te grijpen, Europese ondernemers te ondersteunen en hen vervolgens de sprong naar de Verenigde Staten te laten maken, waar ze hoger gewaardeerd worden. Willen we die bedrijven in Europa houden, dan moeten we een Europese kapitaalmarkt ontwikkelen die verder gaat dan nationale markten. Daarbij hebben we een troef: het onderzoek van Europese universiteiten. Die moeten we verstandig uitspelen nu de Verenigde Staten aan hun universiteitsmodel morrelen. Zelfs als dat maar twee of drie jaar duurt, zal dat een aanzienlijke impact hebben op het vlak van onderzoek en innovatie.<span class=\"Apple-converted-space\">\u00a0<\/span><\/span><\/p>\n<h2 class=\"p3\">Nu we het toch over de Verenigde Staten hebben&#8230;<span class=\"Apple-converted-space\">\u00a0<\/span><\/h2>\n<p class=\"p1\">Hoewel zijn aanpak me niet bevalt, ben ik het niet oneens met sommige idee\u00ebn van Donald Trump. Hij maakt echter een aantal grote fouten. Een tarievenoorlog op goederen, terwijl diensten buiten schot blijven, is onzin. Electoraal gezien werkt dat misschien goed, maar economisch houdt dat geen steek. De vraag blijft immers elastisch, waar ook ter wereld. Daarom geloof ik dat repatri\u00ebring van de productie naar de Verenigde Staten onvermijdelijk zal leiden tot aanzienlijke inflatie, vooral ook in combinatie met het zeer strenge anti-immigratiebeleid dat hele sectoren zoals landbouw, horeca en diensten van arbeidskrachten berooft. Die sectoren gaven mensen onderaan de sociale ladder toegang tot spaargeld en onderwijs. Op middellange termijn baart dat zorgen. Een ander aspect is de flagrante achteruitgang van de democratie in de Verenigde Staten. De rechterlijke onafhankelijkheid verzwakt, checks-and-balances verdwijnen. Het bombarderen van Iran zonder goedkeuring van het Congres was volkomen ongezien. En niemand greep in. Dat is een zorgwekkend verlies van echte democratie.<span class=\"Apple-converted-space\">\u00a0<\/span><\/p>\n<blockquote>\n<p class=\"p2\"><i>\u201cWie denkt dat de <\/i><span class=\"s3\"><i>Verenigde Staten<\/i><\/span><i> altijd <\/i><span class=\"s3\"><i>bereid<\/i><\/span><i> zijn om <\/i><span class=\"s3\"><i>Europa<\/i><\/span><i> te steunen, gaat voorbij aan de <\/i><span class=\"s3\"><i>geschiedenis<\/i><\/span><i>\u201d<span class=\"Apple-converted-space\">\u00a0<\/span><\/i><\/p>\n<\/blockquote>\n<h2 class=\"p1\">Donald Trump luidt ook het einde van het multilateralisme in.<span class=\"Apple-converted-space\">\u00a0<\/span><\/h2>\n<p class=\"p1\">Multilateralisme en handel zijn de twee hoekstenen van vrede. Vandaag zien we het tegendeel: er worden duidelijk blokken gevormd en dat maakt de wereld risicovoller. Europa staat voor beslissingen die het zelf moet nemen, met name op het gebied van defensie en energie. De tijd dringt. Wie denkt dat de Verenigde Staten altijd bereid zijn om Europa te steunen, gaat voorbij aan de geschiedenis. Zelfs tijdens de Tweede Wereldoorlog moest Churchill ongelooflijk hard lobbyen om de Amerikanen mee te krijgen, die ons uiteindelijk te hulp kwamen. Die geruststelling heeft ons de afgelopen 80 jaar gemakzuchtig gemaakt. We hoefden immers geen verantwoordelijkheid te nemen.<span class=\"Apple-converted-space\">\u00a0<\/span><\/p>\n","protected":false},"excerpt":{"rendered":"<p>Fr\u00e9d\u00e9ric de M\u00e9vius, historisch aandeelhouder van AB InBev en voormalig directeur van het investeringsfonds Verlinvest, richt zijn energie vandaag op de klimaattransitie via het fonds Planet First Partners. De ervaren investeerder kijkt met een scherpe blik naar de wereldeconomie, die vooral de laatste jaren sinds de verkiezing van Donald Trump stevig door elkaar is geschud.\u00a0 [&hellip;]<\/p>\n","protected":false},"author":6,"featured_media":12715,"comment_status":"closed","ping_status":"closed","sticky":false,"template":"","format":"standard","meta":{"_acf_changed":false,"inline_featured_image":false,"footnotes":""},"categories":[28],"tags":[],"class_list":{"0":"post-12714","1":"post","2":"type-post","3":"status-publish","4":"format-standard","5":"has-post-thumbnail","7":"category-financien"},"acf":[],"auteur_traducteur":"","yoast_head":"<!-- This site is optimized with the Yoast SEO plugin v27.4 - https:\/\/yoast.com\/product\/yoast-seo-wordpress\/ -->\n<title>\u201cDe tarievenoorlog is onzin\u201d | Forbes Belgi\u00eb<\/title>\n<meta name=\"robots\" content=\"index, follow, max-snippet:-1, max-image-preview:large, max-video-preview:-1\" \/>\n<link rel=\"canonical\" href=\"https:\/\/www.forbes.be\/nl\/de-tarievenoorlog-is-onzin\/\" \/>\n<meta property=\"og:locale\" content=\"nl_BE\" \/>\n<meta property=\"og:type\" content=\"article\" \/>\n<meta property=\"og:title\" content=\"\u201cDe tarievenoorlog is onzin\u201d | Forbes Belgi\u00eb\" \/>\n<meta property=\"og:description\" content=\"Fr\u00e9d\u00e9ric de M\u00e9vius, historisch aandeelhouder van AB InBev en voormalig directeur van het investeringsfonds Verlinvest, richt zijn energie vandaag op de klimaattransitie via het fonds Planet First Partners. De ervaren investeerder kijkt met een scherpe blik naar de wereldeconomie, die vooral de laatste jaren sinds de verkiezing van Donald Trump stevig door elkaar is geschud.\u00a0 [&hellip;]\" \/>\n<meta property=\"og:url\" content=\"https:\/\/www.forbes.be\/nl\/de-tarievenoorlog-is-onzin\/\" \/>\n<meta property=\"og:site_name\" content=\"Forbes Belgi\u00eb\" \/>\n<meta property=\"article:publisher\" content=\"https:\/\/www.facebook.com\/forbesbelgie\" \/>\n<meta property=\"article:published_time\" content=\"2026-03-08T07:02:42+00:00\" \/>\n<meta property=\"og:image\" content=\"https:\/\/www.forbes.be\/nl\/wp-content\/uploads\/2025\/12\/planet-first-session-octo-2020-2068134jpg-1.jpg\" \/>\n\t<meta property=\"og:image:width\" content=\"1200\" \/>\n\t<meta property=\"og:image:height\" content=\"629\" \/>\n\t<meta property=\"og:image:type\" content=\"image\/jpeg\" \/>\n<meta name=\"author\" content=\"Joan Condijts\" \/>\n<meta name=\"twitter:card\" content=\"summary_large_image\" \/>\n<meta name=\"twitter:label1\" content=\"Geschreven door\" \/>\n\t<meta name=\"twitter:data1\" content=\"Joan Condijts\" \/>\n\t<meta name=\"twitter:label2\" content=\"Geschatte leestijd\" \/>\n\t<meta name=\"twitter:data2\" content=\"6 minuten\" \/>\n<script type=\"application\/ld+json\" class=\"yoast-schema-graph\">{\"@context\":\"https:\\\/\\\/schema.org\",\"@graph\":[{\"@type\":\"NewsArticle\",\"@id\":\"https:\\\/\\\/www.forbes.be\\\/nl\\\/de-tarievenoorlog-is-onzin\\\/#article\",\"isPartOf\":{\"@id\":\"https:\\\/\\\/www.forbes.be\\\/nl\\\/de-tarievenoorlog-is-onzin\\\/\"},\"author\":{\"name\":\"Joan Condijts\",\"@id\":\"https:\\\/\\\/www.forbes.be\\\/nl\\\/#\\\/schema\\\/person\\\/9fff904a0171021be7628d5979f51a92\"},\"headline\":\"\u201cDe tarievenoorlog is onzin\u201d\",\"datePublished\":\"2026-03-08T07:02:42+00:00\",\"mainEntityOfPage\":{\"@id\":\"https:\\\/\\\/www.forbes.be\\\/nl\\\/de-tarievenoorlog-is-onzin\\\/\"},\"wordCount\":1179,\"publisher\":{\"@id\":\"https:\\\/\\\/www.forbes.be\\\/nl\\\/#organization\"},\"image\":{\"@id\":\"https:\\\/\\\/www.forbes.be\\\/nl\\\/de-tarievenoorlog-is-onzin\\\/#primaryimage\"},\"thumbnailUrl\":\"https:\\\/\\\/www.forbes.be\\\/nl\\\/wp-content\\\/uploads\\\/2025\\\/12\\\/planet-first-session-octo-2020-2068134jpg-1.jpg\",\"articleSection\":[\"Financien\"],\"inLanguage\":\"nl-BE\"},{\"@type\":\"WebPage\",\"@id\":\"https:\\\/\\\/www.forbes.be\\\/nl\\\/de-tarievenoorlog-is-onzin\\\/\",\"url\":\"https:\\\/\\\/www.forbes.be\\\/nl\\\/de-tarievenoorlog-is-onzin\\\/\",\"name\":\"\u201cDe tarievenoorlog is onzin\u201d | Forbes Belgi\u00eb\",\"isPartOf\":{\"@id\":\"https:\\\/\\\/www.forbes.be\\\/nl\\\/#website\"},\"primaryImageOfPage\":{\"@id\":\"https:\\\/\\\/www.forbes.be\\\/nl\\\/de-tarievenoorlog-is-onzin\\\/#primaryimage\"},\"image\":{\"@id\":\"https:\\\/\\\/www.forbes.be\\\/nl\\\/de-tarievenoorlog-is-onzin\\\/#primaryimage\"},\"thumbnailUrl\":\"https:\\\/\\\/www.forbes.be\\\/nl\\\/wp-content\\\/uploads\\\/2025\\\/12\\\/planet-first-session-octo-2020-2068134jpg-1.jpg\",\"datePublished\":\"2026-03-08T07:02:42+00:00\",\"breadcrumb\":{\"@id\":\"https:\\\/\\\/www.forbes.be\\\/nl\\\/de-tarievenoorlog-is-onzin\\\/#breadcrumb\"},\"inLanguage\":\"nl-BE\",\"potentialAction\":[{\"@type\":\"ReadAction\",\"target\":[\"https:\\\/\\\/www.forbes.be\\\/nl\\\/de-tarievenoorlog-is-onzin\\\/\"]}]},{\"@type\":\"ImageObject\",\"inLanguage\":\"nl-BE\",\"@id\":\"https:\\\/\\\/www.forbes.be\\\/nl\\\/de-tarievenoorlog-is-onzin\\\/#primaryimage\",\"url\":\"https:\\\/\\\/www.forbes.be\\\/nl\\\/wp-content\\\/uploads\\\/2025\\\/12\\\/planet-first-session-octo-2020-2068134jpg-1.jpg\",\"contentUrl\":\"https:\\\/\\\/www.forbes.be\\\/nl\\\/wp-content\\\/uploads\\\/2025\\\/12\\\/planet-first-session-octo-2020-2068134jpg-1.jpg\",\"width\":1200,\"height\":629,\"caption\":\"Fr\u00e9d\u00e9ric de M\u00e9vius steunt de klimaattransitie via het fonds Planet First Partners. \u00a9 Nathalie Gabay\"},{\"@type\":\"BreadcrumbList\",\"@id\":\"https:\\\/\\\/www.forbes.be\\\/nl\\\/de-tarievenoorlog-is-onzin\\\/#breadcrumb\",\"itemListElement\":[{\"@type\":\"ListItem\",\"position\":1,\"name\":\"Accueil\",\"item\":\"https:\\\/\\\/www.forbes.be\\\/nl\\\/\"},{\"@type\":\"ListItem\",\"position\":2,\"name\":\"\u201cDe tarievenoorlog is onzin\u201d\"}]},{\"@type\":\"WebSite\",\"@id\":\"https:\\\/\\\/www.forbes.be\\\/nl\\\/#website\",\"url\":\"https:\\\/\\\/www.forbes.be\\\/nl\\\/\",\"name\":\"Forbes Belgi\u00eb\",\"description\":\"\",\"publisher\":{\"@id\":\"https:\\\/\\\/www.forbes.be\\\/nl\\\/#organization\"},\"potentialAction\":[{\"@type\":\"SearchAction\",\"target\":{\"@type\":\"EntryPoint\",\"urlTemplate\":\"https:\\\/\\\/www.forbes.be\\\/nl\\\/?s={search_term_string}\"},\"query-input\":{\"@type\":\"PropertyValueSpecification\",\"valueRequired\":true,\"valueName\":\"search_term_string\"}}],\"inLanguage\":\"nl-BE\"},{\"@type\":\"Organization\",\"@id\":\"https:\\\/\\\/www.forbes.be\\\/nl\\\/#organization\",\"name\":\"Forbes Belgi\u00eb\",\"url\":\"https:\\\/\\\/www.forbes.be\\\/nl\\\/\",\"logo\":{\"@type\":\"ImageObject\",\"inLanguage\":\"nl-BE\",\"@id\":\"https:\\\/\\\/www.forbes.be\\\/nl\\\/#\\\/schema\\\/logo\\\/image\\\/\",\"url\":\"https:\\\/\\\/www.forbes.be\\\/nl\\\/wp-content\\\/uploads\\\/2024\\\/02\\\/forbes.be_.png\",\"contentUrl\":\"https:\\\/\\\/www.forbes.be\\\/nl\\\/wp-content\\\/uploads\\\/2024\\\/02\\\/forbes.be_.png\",\"width\":1200,\"height\":675,\"caption\":\"Forbes Belgi\u00eb\"},\"image\":{\"@id\":\"https:\\\/\\\/www.forbes.be\\\/nl\\\/#\\\/schema\\\/logo\\\/image\\\/\"},\"sameAs\":[\"https:\\\/\\\/www.facebook.com\\\/forbesbelgie\",\"https:\\\/\\\/www.instagram.com\\\/Forbes_Belgium\",\"https:\\\/\\\/www.linkedin.com\\\/company\\\/forbes-belgium\\\/\"]},{\"@type\":\"Person\",\"@id\":\"https:\\\/\\\/www.forbes.be\\\/nl\\\/#\\\/schema\\\/person\\\/9fff904a0171021be7628d5979f51a92\",\"name\":\"Joan Condijts\",\"image\":{\"@type\":\"ImageObject\",\"inLanguage\":\"nl-BE\",\"@id\":\"https:\\\/\\\/www.forbes.be\\\/nl\\\/wp-content\\\/uploads\\\/2024\\\/01\\\/50-150x150.jpg\",\"url\":\"https:\\\/\\\/www.forbes.be\\\/nl\\\/wp-content\\\/uploads\\\/2024\\\/01\\\/50-150x150.jpg\",\"contentUrl\":\"https:\\\/\\\/www.forbes.be\\\/nl\\\/wp-content\\\/uploads\\\/2024\\\/01\\\/50-150x150.jpg\",\"caption\":\"Joan Condijts\"},\"url\":\"https:\\\/\\\/www.forbes.be\\\/nl\\\/author\\\/jcoforbes-be\\\/\"}]}<\/script>\n<!-- \/ Yoast SEO plugin. -->","yoast_head_json":{"title":"\u201cDe tarievenoorlog is onzin\u201d | Forbes Belgi\u00eb","robots":{"index":"index","follow":"follow","max-snippet":"max-snippet:-1","max-image-preview":"max-image-preview:large","max-video-preview":"max-video-preview:-1"},"canonical":"https:\/\/www.forbes.be\/nl\/de-tarievenoorlog-is-onzin\/","og_locale":"nl_BE","og_type":"article","og_title":"\u201cDe tarievenoorlog is onzin\u201d | Forbes Belgi\u00eb","og_description":"Fr\u00e9d\u00e9ric de M\u00e9vius, historisch aandeelhouder van AB InBev en voormalig directeur van het investeringsfonds Verlinvest, richt zijn energie vandaag op de klimaattransitie via het fonds Planet First Partners. De ervaren investeerder kijkt met een scherpe blik naar de wereldeconomie, die vooral de laatste jaren sinds de verkiezing van Donald Trump stevig door elkaar is geschud.\u00a0 [&hellip;]","og_url":"https:\/\/www.forbes.be\/nl\/de-tarievenoorlog-is-onzin\/","og_site_name":"Forbes Belgi\u00eb","article_publisher":"https:\/\/www.facebook.com\/forbesbelgie","article_published_time":"2026-03-08T07:02:42+00:00","og_image":[{"width":1200,"height":629,"url":"https:\/\/www.forbes.be\/nl\/wp-content\/uploads\/2025\/12\/planet-first-session-octo-2020-2068134jpg-1.jpg","type":"image\/jpeg"}],"author":"Joan Condijts","twitter_card":"summary_large_image","twitter_misc":{"Geschreven door":"Joan Condijts","Geschatte leestijd":"6 minuten"},"schema":{"@context":"https:\/\/schema.org","@graph":[{"@type":"NewsArticle","@id":"https:\/\/www.forbes.be\/nl\/de-tarievenoorlog-is-onzin\/#article","isPartOf":{"@id":"https:\/\/www.forbes.be\/nl\/de-tarievenoorlog-is-onzin\/"},"author":{"name":"Joan Condijts","@id":"https:\/\/www.forbes.be\/nl\/#\/schema\/person\/9fff904a0171021be7628d5979f51a92"},"headline":"\u201cDe tarievenoorlog is onzin\u201d","datePublished":"2026-03-08T07:02:42+00:00","mainEntityOfPage":{"@id":"https:\/\/www.forbes.be\/nl\/de-tarievenoorlog-is-onzin\/"},"wordCount":1179,"publisher":{"@id":"https:\/\/www.forbes.be\/nl\/#organization"},"image":{"@id":"https:\/\/www.forbes.be\/nl\/de-tarievenoorlog-is-onzin\/#primaryimage"},"thumbnailUrl":"https:\/\/www.forbes.be\/nl\/wp-content\/uploads\/2025\/12\/planet-first-session-octo-2020-2068134jpg-1.jpg","articleSection":["Financien"],"inLanguage":"nl-BE"},{"@type":"WebPage","@id":"https:\/\/www.forbes.be\/nl\/de-tarievenoorlog-is-onzin\/","url":"https:\/\/www.forbes.be\/nl\/de-tarievenoorlog-is-onzin\/","name":"\u201cDe tarievenoorlog is onzin\u201d | Forbes Belgi\u00eb","isPartOf":{"@id":"https:\/\/www.forbes.be\/nl\/#website"},"primaryImageOfPage":{"@id":"https:\/\/www.forbes.be\/nl\/de-tarievenoorlog-is-onzin\/#primaryimage"},"image":{"@id":"https:\/\/www.forbes.be\/nl\/de-tarievenoorlog-is-onzin\/#primaryimage"},"thumbnailUrl":"https:\/\/www.forbes.be\/nl\/wp-content\/uploads\/2025\/12\/planet-first-session-octo-2020-2068134jpg-1.jpg","datePublished":"2026-03-08T07:02:42+00:00","breadcrumb":{"@id":"https:\/\/www.forbes.be\/nl\/de-tarievenoorlog-is-onzin\/#breadcrumb"},"inLanguage":"nl-BE","potentialAction":[{"@type":"ReadAction","target":["https:\/\/www.forbes.be\/nl\/de-tarievenoorlog-is-onzin\/"]}]},{"@type":"ImageObject","inLanguage":"nl-BE","@id":"https:\/\/www.forbes.be\/nl\/de-tarievenoorlog-is-onzin\/#primaryimage","url":"https:\/\/www.forbes.be\/nl\/wp-content\/uploads\/2025\/12\/planet-first-session-octo-2020-2068134jpg-1.jpg","contentUrl":"https:\/\/www.forbes.be\/nl\/wp-content\/uploads\/2025\/12\/planet-first-session-octo-2020-2068134jpg-1.jpg","width":1200,"height":629,"caption":"Fr\u00e9d\u00e9ric de M\u00e9vius steunt de klimaattransitie via het fonds Planet First Partners. \u00a9 Nathalie Gabay"},{"@type":"BreadcrumbList","@id":"https:\/\/www.forbes.be\/nl\/de-tarievenoorlog-is-onzin\/#breadcrumb","itemListElement":[{"@type":"ListItem","position":1,"name":"Accueil","item":"https:\/\/www.forbes.be\/nl\/"},{"@type":"ListItem","position":2,"name":"\u201cDe tarievenoorlog is onzin\u201d"}]},{"@type":"WebSite","@id":"https:\/\/www.forbes.be\/nl\/#website","url":"https:\/\/www.forbes.be\/nl\/","name":"Forbes Belgi\u00eb","description":"","publisher":{"@id":"https:\/\/www.forbes.be\/nl\/#organization"},"potentialAction":[{"@type":"SearchAction","target":{"@type":"EntryPoint","urlTemplate":"https:\/\/www.forbes.be\/nl\/?s={search_term_string}"},"query-input":{"@type":"PropertyValueSpecification","valueRequired":true,"valueName":"search_term_string"}}],"inLanguage":"nl-BE"},{"@type":"Organization","@id":"https:\/\/www.forbes.be\/nl\/#organization","name":"Forbes Belgi\u00eb","url":"https:\/\/www.forbes.be\/nl\/","logo":{"@type":"ImageObject","inLanguage":"nl-BE","@id":"https:\/\/www.forbes.be\/nl\/#\/schema\/logo\/image\/","url":"https:\/\/www.forbes.be\/nl\/wp-content\/uploads\/2024\/02\/forbes.be_.png","contentUrl":"https:\/\/www.forbes.be\/nl\/wp-content\/uploads\/2024\/02\/forbes.be_.png","width":1200,"height":675,"caption":"Forbes Belgi\u00eb"},"image":{"@id":"https:\/\/www.forbes.be\/nl\/#\/schema\/logo\/image\/"},"sameAs":["https:\/\/www.facebook.com\/forbesbelgie","https:\/\/www.instagram.com\/Forbes_Belgium","https:\/\/www.linkedin.com\/company\/forbes-belgium\/"]},{"@type":"Person","@id":"https:\/\/www.forbes.be\/nl\/#\/schema\/person\/9fff904a0171021be7628d5979f51a92","name":"Joan Condijts","image":{"@type":"ImageObject","inLanguage":"nl-BE","@id":"https:\/\/www.forbes.be\/nl\/wp-content\/uploads\/2024\/01\/50-150x150.jpg","url":"https:\/\/www.forbes.be\/nl\/wp-content\/uploads\/2024\/01\/50-150x150.jpg","contentUrl":"https:\/\/www.forbes.be\/nl\/wp-content\/uploads\/2024\/01\/50-150x150.jpg","caption":"Joan Condijts"},"url":"https:\/\/www.forbes.be\/nl\/author\/jcoforbes-be\/"}]}},"_links":{"self":[{"href":"https:\/\/www.forbes.be\/nl\/wp-json\/wp\/v2\/posts\/12714","targetHints":{"allow":["GET"]}}],"collection":[{"href":"https:\/\/www.forbes.be\/nl\/wp-json\/wp\/v2\/posts"}],"about":[{"href":"https:\/\/www.forbes.be\/nl\/wp-json\/wp\/v2\/types\/post"}],"author":[{"embeddable":true,"href":"https:\/\/www.forbes.be\/nl\/wp-json\/wp\/v2\/users\/6"}],"replies":[{"embeddable":true,"href":"https:\/\/www.forbes.be\/nl\/wp-json\/wp\/v2\/comments?post=12714"}],"version-history":[{"count":2,"href":"https:\/\/www.forbes.be\/nl\/wp-json\/wp\/v2\/posts\/12714\/revisions"}],"predecessor-version":[{"id":12717,"href":"https:\/\/www.forbes.be\/nl\/wp-json\/wp\/v2\/posts\/12714\/revisions\/12717"}],"wp:featuredmedia":[{"embeddable":true,"href":"https:\/\/www.forbes.be\/nl\/wp-json\/wp\/v2\/media\/12715"}],"wp:attachment":[{"href":"https:\/\/www.forbes.be\/nl\/wp-json\/wp\/v2\/media?parent=12714"}],"wp:term":[{"taxonomy":"category","embeddable":true,"href":"https:\/\/www.forbes.be\/nl\/wp-json\/wp\/v2\/categories?post=12714"},{"taxonomy":"post_tag","embeddable":true,"href":"https:\/\/www.forbes.be\/nl\/wp-json\/wp\/v2\/tags?post=12714"}],"curies":[{"name":"wp","href":"https:\/\/api.w.org\/{rel}","templated":true}]}}