{"id":12729,"date":"2025-12-06T09:33:16","date_gmt":"2025-12-06T08:33:16","guid":{"rendered":"https:\/\/www.forbes.be\/nl\/?p=12729"},"modified":"2025-12-05T13:34:00","modified_gmt":"2025-12-05T12:34:00","slug":"fabienne-verdier-bij-galerie-patrick-derom","status":"publish","type":"post","link":"https:\/\/www.forbes.be\/nl\/fabienne-verdier-bij-galerie-patrick-derom\/","title":{"rendered":"Fabienne Verdier bij de galerie Patrick Derom"},"content":{"rendered":"<p><strong>Voor de 6e keer ontvangt galerie Patrick Derom Fabienne Verdier, die zondag 7 december aanwezig zal zijn.<\/strong><\/p>\n<p>Sinds 2013 is <strong>Fabienne Verdier<\/strong>, geliefd bij vele verzamelaars in Belgi\u00eb, een trouwe kunstenares van de <strong>galerie Patrick Derom<\/strong> geworden. Op zondag 7 december komt ze uit haar dorp H\u00e9douville in de Vexin om deze expositie te openen, meerdere van haar werken te ondertekenen en het gesprek aan te gaan met de Belgische schrijver en criticus St\u00e9phane Lambert.<\/p>\n<figure id=\"attachment_13967\" aria-describedby=\"caption-attachment-13967\" style=\"width: 1893px\" class=\"wp-caption alignnone\"><img loading=\"lazy\" decoding=\"async\" class=\"size-full wp-image-13967\" src=\"https:\/\/www.forbes.be\/fr\/wp-content\/uploads\/2025\/12\/davidcoulon-fverdier01-copie-scaled.jpeg\" alt=\"\" width=\"1893\" height=\"2560\" \/><figcaption id=\"caption-attachment-13967\" class=\"wp-caption-text\">Fabienne Verdier \u00a9 David Coulon<\/figcaption><\/figure>\n<p>Tot 16 januari 2026 brengt deze expositie werken van 2013 tot 2025 samen, op doek, op papier en een stuk getiteld <em>Breath Column<\/em> (de ademkolom), voortgekomen uit haar residentie in 2018 aan de Julliard School, de New Yorkse school voor muziek, dans en toneelkunst die in 1905 werd opgericht en beroemde voormalige leerlingen als Yo-Yo Ma en Miles Davis telt. Deze residentie resulteerde ook in een film gemaakt door <strong>Marc Kidel<\/strong> waarin ze boven een transparante tafel schildert: een camera filmt haar van onderen door een transparante tafel, en we zien haar creatie in reactie en dialoog met de muziek.<\/p>\n<h2>Walking Painting<\/h2>\n<figure id=\"attachment_13969\" aria-describedby=\"caption-attachment-13969\" style=\"width: 2260px\" class=\"wp-caption alignnone\"><img loading=\"lazy\" decoding=\"async\" class=\"size-full wp-image-13969\" src=\"https:\/\/www.forbes.be\/fr\/wp-content\/uploads\/2025\/12\/z2023-8027-copie-scaled.jpg\" alt=\"\" width=\"2260\" height=\"2560\" \/><figcaption id=\"caption-attachment-13969\" class=\"wp-caption-text\">\u00a9 DR<\/figcaption><\/figure>\n<p>&#8220;<em>In het kader van deze expositie<\/em>&#8220;, legt <strong>Edouard Derom<\/strong> uit, &#8220;<em>tonen wij haar penseelwerk ge\u00efnspireerd door de kalligrafie die zij in China leerde, inclusief door grote borstels van paardenhaar die met een katrolsysteem aan het plafond van haar atelier zijn opgehangen. Doordat ze haar arm ontwrichtte door het gewicht, ontwikkelde ze een techniek van &#8216;walking painting&#8217;: ze loopt rond het doek met een trechter waaruit verf stroomt, zonder het doek aan te raken. Daarnaast zijn enkele werken ge\u00efnspireerd door de natuur, zoals haar Hogebergstroom.<\/em>&#8221;<\/p>\n<figure id=\"attachment_13970\" aria-describedby=\"caption-attachment-13970\" style=\"width: 1960px\" class=\"wp-caption alignnone\"><img loading=\"lazy\" decoding=\"async\" class=\"size-full wp-image-13970\" src=\"https:\/\/www.forbes.be\/fr\/wp-content\/uploads\/2025\/12\/verdier-voix-copie-2-scaled.jpg\" alt=\"\" width=\"1960\" height=\"2560\" \/><figcaption id=\"caption-attachment-13970\" class=\"wp-caption-text\">\u00a9 DR<\/figcaption><\/figure>\n<p>Het gesprek met de <strong>kunstenares<\/strong> en de <strong>curator St\u00e9phane Lambert<\/strong> zal drie publicaties presenteren tijdens de signeersessie, georganiseerd in samenwerking met boekhandel Tropismes: Fabienne Verdier, <em>Passag\u00e8re du Silence. Tien jaar inwijding in China<\/em>, St\u00e9phane Lambert, <em>Fabienne Verdier. De vormen van het onzichtbare<\/em> en Fabienne Verdier, <em>ECHO. Atelierdagboeken (2009-2017)<\/em>.<\/p>\n<p>Tenslotte wijdt de galerie volgend jaar een uitgebreide tentoonstelling aan <strong>Fabienne Verdier<\/strong> rond haar interpretatie van het thema van retabelen, waardoor haar dialoog met oude meesters wordt voortgezet, van 5 december 2026 tot 5 februari 2027.<\/p>\n<p><em><a href=\"http:\/\/www.patrickderomgallery.com\" target=\"_blank\" rel=\"noopener\">www.patrickderomgallery.com<\/a><\/em><\/p>\n","protected":false},"excerpt":{"rendered":"<p>Voor de 6e keer ontvangt galerie Patrick Derom Fabienne Verdier, die zondag 7 december aanwezig zal zijn. Sinds 2013 is Fabienne Verdier, geliefd bij vele verzamelaars in Belgi\u00eb, een trouwe kunstenares van galerie Patrick Derom. Ze komt zondag 7 december uit haar dorp H\u00e9douville in de Vexin om deze expositie te openen, [&hellip;]<\/p>\n","protected":false},"author":24,"featured_media":12728,"comment_status":"closed","ping_status":"closed","sticky":false,"template":"","format":"standard","meta":{"_acf_changed":false,"inline_featured_image":false,"footnotes":""},"categories":[1],"tags":[],"class_list":{"0":"post-12729","1":"post","2":"type-post","3":"status-publish","4":"format-standard","5":"has-post-thumbnail","7":"category-actualiteit"},"acf":[],"auteur_traducteur":"","yoast_head":"<!-- This site is optimized with the Yoast SEO plugin v27.4 - https:\/\/yoast.com\/product\/yoast-seo-wordpress\/ -->\n<title>Fabienne Verdier bij galerie Patrick Derom<\/title>\n<meta name=\"description\" content=\"Bij de galerie Patrick Derom presenteert Fabienne Verdier een tentoonstelling 2013-2025 met doeken, Breath Column en walking painting, tot 16\/01\/2026.\" \/>\n<meta name=\"robots\" content=\"index, follow, max-snippet:-1, max-image-preview:large, max-video-preview:-1\" \/>\n<link rel=\"canonical\" href=\"https:\/\/www.forbes.be\/nl\/fabienne-verdier-bij-galerie-patrick-derom\/\" \/>\n<meta property=\"og:locale\" content=\"nl_BE\" \/>\n<meta property=\"og:type\" content=\"article\" \/>\n<meta property=\"og:title\" content=\"Fabienne Verdier bij galerie Patrick Derom\" \/>\n<meta property=\"og:description\" content=\"Bij de galerie Patrick Derom presenteert Fabienne Verdier een tentoonstelling 2013-2025 met doeken, Breath Column en walking painting, tot 16\/01\/2026.\" \/>\n<meta property=\"og:url\" content=\"https:\/\/www.forbes.be\/nl\/fabienne-verdier-bij-galerie-patrick-derom\/\" \/>\n<meta property=\"og:site_name\" content=\"Forbes Belgi\u00eb\" \/>\n<meta property=\"article:publisher\" content=\"https:\/\/www.facebook.com\/forbesbelgie\" \/>\n<meta property=\"article:published_time\" content=\"2025-12-06T08:33:16+00:00\" \/>\n<meta property=\"og:image\" content=\"https:\/\/www.forbes.be\/nl\/wp-content\/uploads\/2025\/12\/13964-img-7257.jpg\" \/>\n\t<meta property=\"og:image:width\" content=\"2560\" \/>\n\t<meta property=\"og:image:height\" content=\"1340\" \/>\n\t<meta property=\"og:image:type\" content=\"image\/jpeg\" \/>\n<meta name=\"author\" content=\"Johan-Fr\u00e9d\u00e9rik Hel Guedj\" \/>\n<meta name=\"twitter:card\" content=\"summary_large_image\" \/>\n<meta name=\"twitter:label1\" content=\"Geschreven door\" \/>\n\t<meta name=\"twitter:data1\" content=\"Johan-Fr\u00e9d\u00e9rik Hel Guedj\" \/>\n\t<meta name=\"twitter:label2\" content=\"Geschatte leestijd\" \/>\n\t<meta name=\"twitter:data2\" content=\"3 minuten\" \/>\n<script type=\"application\/ld+json\" class=\"yoast-schema-graph\">{\"@context\":\"https:\\\/\\\/schema.org\",\"@graph\":[{\"@type\":\"NewsArticle\",\"@id\":\"https:\\\/\\\/www.forbes.be\\\/nl\\\/fabienne-verdier-bij-galerie-patrick-derom\\\/#article\",\"isPartOf\":{\"@id\":\"https:\\\/\\\/www.forbes.be\\\/nl\\\/fabienne-verdier-bij-galerie-patrick-derom\\\/\"},\"author\":{\"name\":\"Johan-Fr\u00e9d\u00e9rik Hel Guedj\",\"@id\":\"https:\\\/\\\/www.forbes.be\\\/nl\\\/#\\\/schema\\\/person\\\/7c0ac1896654aa71b07d901c0b9fdde7\"},\"headline\":\"Fabienne Verdier bij de galerie Patrick Derom\",\"datePublished\":\"2025-12-06T08:33:16+00:00\",\"mainEntityOfPage\":{\"@id\":\"https:\\\/\\\/www.forbes.be\\\/nl\\\/fabienne-verdier-bij-galerie-patrick-derom\\\/\"},\"wordCount\":376,\"publisher\":{\"@id\":\"https:\\\/\\\/www.forbes.be\\\/nl\\\/#organization\"},\"image\":{\"@id\":\"https:\\\/\\\/www.forbes.be\\\/nl\\\/fabienne-verdier-bij-galerie-patrick-derom\\\/#primaryimage\"},\"thumbnailUrl\":\"https:\\\/\\\/www.forbes.be\\\/nl\\\/wp-content\\\/uploads\\\/2025\\\/12\\\/13964-img-7257.jpg\",\"articleSection\":[\"Actualiteit\"],\"inLanguage\":\"nl-BE\"},{\"@type\":\"WebPage\",\"@id\":\"https:\\\/\\\/www.forbes.be\\\/nl\\\/fabienne-verdier-bij-galerie-patrick-derom\\\/\",\"url\":\"https:\\\/\\\/www.forbes.be\\\/nl\\\/fabienne-verdier-bij-galerie-patrick-derom\\\/\",\"name\":\"Fabienne Verdier bij galerie Patrick Derom\",\"isPartOf\":{\"@id\":\"https:\\\/\\\/www.forbes.be\\\/nl\\\/#website\"},\"primaryImageOfPage\":{\"@id\":\"https:\\\/\\\/www.forbes.be\\\/nl\\\/fabienne-verdier-bij-galerie-patrick-derom\\\/#primaryimage\"},\"image\":{\"@id\":\"https:\\\/\\\/www.forbes.be\\\/nl\\\/fabienne-verdier-bij-galerie-patrick-derom\\\/#primaryimage\"},\"thumbnailUrl\":\"https:\\\/\\\/www.forbes.be\\\/nl\\\/wp-content\\\/uploads\\\/2025\\\/12\\\/13964-img-7257.jpg\",\"datePublished\":\"2025-12-06T08:33:16+00:00\",\"description\":\"Bij de galerie Patrick Derom presenteert Fabienne Verdier een tentoonstelling 2013-2025 met doeken, Breath Column en walking painting, tot 16\\\/01\\\/2026.\",\"breadcrumb\":{\"@id\":\"https:\\\/\\\/www.forbes.be\\\/nl\\\/fabienne-verdier-bij-galerie-patrick-derom\\\/#breadcrumb\"},\"inLanguage\":\"nl-BE\",\"potentialAction\":[{\"@type\":\"ReadAction\",\"target\":[\"https:\\\/\\\/www.forbes.be\\\/nl\\\/fabienne-verdier-bij-galerie-patrick-derom\\\/\"]}]},{\"@type\":\"ImageObject\",\"inLanguage\":\"nl-BE\",\"@id\":\"https:\\\/\\\/www.forbes.be\\\/nl\\\/fabienne-verdier-bij-galerie-patrick-derom\\\/#primaryimage\",\"url\":\"https:\\\/\\\/www.forbes.be\\\/nl\\\/wp-content\\\/uploads\\\/2025\\\/12\\\/13964-img-7257.jpg\",\"contentUrl\":\"https:\\\/\\\/www.forbes.be\\\/nl\\\/wp-content\\\/uploads\\\/2025\\\/12\\\/13964-img-7257.jpg\",\"width\":2560,\"height\":1340,\"caption\":\"\u00a9 DR\"},{\"@type\":\"BreadcrumbList\",\"@id\":\"https:\\\/\\\/www.forbes.be\\\/nl\\\/fabienne-verdier-bij-galerie-patrick-derom\\\/#breadcrumb\",\"itemListElement\":[{\"@type\":\"ListItem\",\"position\":1,\"name\":\"Accueil\",\"item\":\"https:\\\/\\\/www.forbes.be\\\/nl\\\/\"},{\"@type\":\"ListItem\",\"position\":2,\"name\":\"Fabienne Verdier bij de galerie Patrick Derom\"}]},{\"@type\":\"WebSite\",\"@id\":\"https:\\\/\\\/www.forbes.be\\\/nl\\\/#website\",\"url\":\"https:\\\/\\\/www.forbes.be\\\/nl\\\/\",\"name\":\"Forbes Belgi\u00eb\",\"description\":\"\",\"publisher\":{\"@id\":\"https:\\\/\\\/www.forbes.be\\\/nl\\\/#organization\"},\"potentialAction\":[{\"@type\":\"SearchAction\",\"target\":{\"@type\":\"EntryPoint\",\"urlTemplate\":\"https:\\\/\\\/www.forbes.be\\\/nl\\\/?s={search_term_string}\"},\"query-input\":{\"@type\":\"PropertyValueSpecification\",\"valueRequired\":true,\"valueName\":\"search_term_string\"}}],\"inLanguage\":\"nl-BE\"},{\"@type\":\"Organization\",\"@id\":\"https:\\\/\\\/www.forbes.be\\\/nl\\\/#organization\",\"name\":\"Forbes Belgi\u00eb\",\"url\":\"https:\\\/\\\/www.forbes.be\\\/nl\\\/\",\"logo\":{\"@type\":\"ImageObject\",\"inLanguage\":\"nl-BE\",\"@id\":\"https:\\\/\\\/www.forbes.be\\\/nl\\\/#\\\/schema\\\/logo\\\/image\\\/\",\"url\":\"https:\\\/\\\/www.forbes.be\\\/nl\\\/wp-content\\\/uploads\\\/2024\\\/02\\\/forbes.be_.png\",\"contentUrl\":\"https:\\\/\\\/www.forbes.be\\\/nl\\\/wp-content\\\/uploads\\\/2024\\\/02\\\/forbes.be_.png\",\"width\":1200,\"height\":675,\"caption\":\"Forbes Belgi\u00eb\"},\"image\":{\"@id\":\"https:\\\/\\\/www.forbes.be\\\/nl\\\/#\\\/schema\\\/logo\\\/image\\\/\"},\"sameAs\":[\"https:\\\/\\\/www.facebook.com\\\/forbesbelgie\",\"https:\\\/\\\/www.instagram.com\\\/Forbes_Belgium\",\"https:\\\/\\\/www.linkedin.com\\\/company\\\/forbes-belgium\\\/\"]},{\"@type\":\"Person\",\"@id\":\"https:\\\/\\\/www.forbes.be\\\/nl\\\/#\\\/schema\\\/person\\\/7c0ac1896654aa71b07d901c0b9fdde7\",\"name\":\"Johan-Fr\u00e9d\u00e9rik Hel Guedj\",\"image\":{\"@type\":\"ImageObject\",\"inLanguage\":\"nl-BE\",\"@id\":\"https:\\\/\\\/secure.gravatar.com\\\/avatar\\\/65333543693434f2cc9fdefb3173b162df98712d00606b00b3d43914f79a1598?s=96&d=mm&r=g\",\"url\":\"https:\\\/\\\/secure.gravatar.com\\\/avatar\\\/65333543693434f2cc9fdefb3173b162df98712d00606b00b3d43914f79a1598?s=96&d=mm&r=g\",\"contentUrl\":\"https:\\\/\\\/secure.gravatar.com\\\/avatar\\\/65333543693434f2cc9fdefb3173b162df98712d00606b00b3d43914f79a1598?s=96&d=mm&r=g\",\"caption\":\"Johan-Fr\u00e9d\u00e9rik Hel Guedj\"},\"description\":\"Johan-Frederik Hel Guedj is een Franse journalist en auteur. Hij was zeven jaar hoofdredacteur van het tijdschrift Pouvoirs Locaux, dat gewijd is aan cultuurbeleid. Daarnaast publiceerde hij acht boeken bij Franse en Belgische uitgevers, waaronder twee romans, een essay over Orson Welles en vier kunstboeken. Naast Forbes werkt hij ook mee aan L\u2019Echo en Le Quotidien de l\u2019Art (Parijs).\",\"url\":\"https:\\\/\\\/www.forbes.be\\\/nl\\\/author\\\/johan-frederik-hel-guedj\\\/\"}]}<\/script>\n<!-- \/ Yoast SEO plugin. -->","yoast_head_json":{"title":"Fabienne Verdier bij galerie Patrick Derom","description":"Bij de galerie Patrick Derom presenteert Fabienne Verdier een tentoonstelling 2013-2025 met doeken, Breath Column en walking painting, tot 16\/01\/2026.","robots":{"index":"index","follow":"follow","max-snippet":"max-snippet:-1","max-image-preview":"max-image-preview:large","max-video-preview":"max-video-preview:-1"},"canonical":"https:\/\/www.forbes.be\/nl\/fabienne-verdier-bij-galerie-patrick-derom\/","og_locale":"nl_BE","og_type":"article","og_title":"Fabienne Verdier bij galerie Patrick Derom","og_description":"Bij de galerie Patrick Derom presenteert Fabienne Verdier een tentoonstelling 2013-2025 met doeken, Breath Column en walking painting, tot 16\/01\/2026.","og_url":"https:\/\/www.forbes.be\/nl\/fabienne-verdier-bij-galerie-patrick-derom\/","og_site_name":"Forbes Belgi\u00eb","article_publisher":"https:\/\/www.facebook.com\/forbesbelgie","article_published_time":"2025-12-06T08:33:16+00:00","og_image":[{"width":2560,"height":1340,"url":"https:\/\/www.forbes.be\/nl\/wp-content\/uploads\/2025\/12\/13964-img-7257.jpg","type":"image\/jpeg"}],"author":"Johan-Fr\u00e9d\u00e9rik Hel Guedj","twitter_card":"summary_large_image","twitter_misc":{"Geschreven door":"Johan-Fr\u00e9d\u00e9rik Hel Guedj","Geschatte leestijd":"3 minuten"},"schema":{"@context":"https:\/\/schema.org","@graph":[{"@type":"NewsArticle","@id":"https:\/\/www.forbes.be\/nl\/fabienne-verdier-bij-galerie-patrick-derom\/#article","isPartOf":{"@id":"https:\/\/www.forbes.be\/nl\/fabienne-verdier-bij-galerie-patrick-derom\/"},"author":{"name":"Johan-Fr\u00e9d\u00e9rik Hel Guedj","@id":"https:\/\/www.forbes.be\/nl\/#\/schema\/person\/7c0ac1896654aa71b07d901c0b9fdde7"},"headline":"Fabienne Verdier bij de galerie Patrick Derom","datePublished":"2025-12-06T08:33:16+00:00","mainEntityOfPage":{"@id":"https:\/\/www.forbes.be\/nl\/fabienne-verdier-bij-galerie-patrick-derom\/"},"wordCount":376,"publisher":{"@id":"https:\/\/www.forbes.be\/nl\/#organization"},"image":{"@id":"https:\/\/www.forbes.be\/nl\/fabienne-verdier-bij-galerie-patrick-derom\/#primaryimage"},"thumbnailUrl":"https:\/\/www.forbes.be\/nl\/wp-content\/uploads\/2025\/12\/13964-img-7257.jpg","articleSection":["Actualiteit"],"inLanguage":"nl-BE"},{"@type":"WebPage","@id":"https:\/\/www.forbes.be\/nl\/fabienne-verdier-bij-galerie-patrick-derom\/","url":"https:\/\/www.forbes.be\/nl\/fabienne-verdier-bij-galerie-patrick-derom\/","name":"Fabienne Verdier bij galerie Patrick Derom","isPartOf":{"@id":"https:\/\/www.forbes.be\/nl\/#website"},"primaryImageOfPage":{"@id":"https:\/\/www.forbes.be\/nl\/fabienne-verdier-bij-galerie-patrick-derom\/#primaryimage"},"image":{"@id":"https:\/\/www.forbes.be\/nl\/fabienne-verdier-bij-galerie-patrick-derom\/#primaryimage"},"thumbnailUrl":"https:\/\/www.forbes.be\/nl\/wp-content\/uploads\/2025\/12\/13964-img-7257.jpg","datePublished":"2025-12-06T08:33:16+00:00","description":"Bij de galerie Patrick Derom presenteert Fabienne Verdier een tentoonstelling 2013-2025 met doeken, Breath Column en walking painting, tot 16\/01\/2026.","breadcrumb":{"@id":"https:\/\/www.forbes.be\/nl\/fabienne-verdier-bij-galerie-patrick-derom\/#breadcrumb"},"inLanguage":"nl-BE","potentialAction":[{"@type":"ReadAction","target":["https:\/\/www.forbes.be\/nl\/fabienne-verdier-bij-galerie-patrick-derom\/"]}]},{"@type":"ImageObject","inLanguage":"nl-BE","@id":"https:\/\/www.forbes.be\/nl\/fabienne-verdier-bij-galerie-patrick-derom\/#primaryimage","url":"https:\/\/www.forbes.be\/nl\/wp-content\/uploads\/2025\/12\/13964-img-7257.jpg","contentUrl":"https:\/\/www.forbes.be\/nl\/wp-content\/uploads\/2025\/12\/13964-img-7257.jpg","width":2560,"height":1340,"caption":"\u00a9 DR"},{"@type":"BreadcrumbList","@id":"https:\/\/www.forbes.be\/nl\/fabienne-verdier-bij-galerie-patrick-derom\/#breadcrumb","itemListElement":[{"@type":"ListItem","position":1,"name":"Accueil","item":"https:\/\/www.forbes.be\/nl\/"},{"@type":"ListItem","position":2,"name":"Fabienne Verdier bij de galerie Patrick Derom"}]},{"@type":"WebSite","@id":"https:\/\/www.forbes.be\/nl\/#website","url":"https:\/\/www.forbes.be\/nl\/","name":"Forbes Belgi\u00eb","description":"","publisher":{"@id":"https:\/\/www.forbes.be\/nl\/#organization"},"potentialAction":[{"@type":"SearchAction","target":{"@type":"EntryPoint","urlTemplate":"https:\/\/www.forbes.be\/nl\/?s={search_term_string}"},"query-input":{"@type":"PropertyValueSpecification","valueRequired":true,"valueName":"search_term_string"}}],"inLanguage":"nl-BE"},{"@type":"Organization","@id":"https:\/\/www.forbes.be\/nl\/#organization","name":"Forbes Belgi\u00eb","url":"https:\/\/www.forbes.be\/nl\/","logo":{"@type":"ImageObject","inLanguage":"nl-BE","@id":"https:\/\/www.forbes.be\/nl\/#\/schema\/logo\/image\/","url":"https:\/\/www.forbes.be\/nl\/wp-content\/uploads\/2024\/02\/forbes.be_.png","contentUrl":"https:\/\/www.forbes.be\/nl\/wp-content\/uploads\/2024\/02\/forbes.be_.png","width":1200,"height":675,"caption":"Forbes Belgi\u00eb"},"image":{"@id":"https:\/\/www.forbes.be\/nl\/#\/schema\/logo\/image\/"},"sameAs":["https:\/\/www.facebook.com\/forbesbelgie","https:\/\/www.instagram.com\/Forbes_Belgium","https:\/\/www.linkedin.com\/company\/forbes-belgium\/"]},{"@type":"Person","@id":"https:\/\/www.forbes.be\/nl\/#\/schema\/person\/7c0ac1896654aa71b07d901c0b9fdde7","name":"Johan-Fr\u00e9d\u00e9rik Hel Guedj","image":{"@type":"ImageObject","inLanguage":"nl-BE","@id":"https:\/\/secure.gravatar.com\/avatar\/65333543693434f2cc9fdefb3173b162df98712d00606b00b3d43914f79a1598?s=96&d=mm&r=g","url":"https:\/\/secure.gravatar.com\/avatar\/65333543693434f2cc9fdefb3173b162df98712d00606b00b3d43914f79a1598?s=96&d=mm&r=g","contentUrl":"https:\/\/secure.gravatar.com\/avatar\/65333543693434f2cc9fdefb3173b162df98712d00606b00b3d43914f79a1598?s=96&d=mm&r=g","caption":"Johan-Fr\u00e9d\u00e9rik Hel Guedj"},"description":"Johan-Frederik Hel Guedj is een Franse journalist en auteur. Hij was zeven jaar hoofdredacteur van het tijdschrift Pouvoirs Locaux, dat gewijd is aan cultuurbeleid. Daarnaast publiceerde hij acht boeken bij Franse en Belgische uitgevers, waaronder twee romans, een essay over Orson Welles en vier kunstboeken. Naast Forbes werkt hij ook mee aan L\u2019Echo en Le Quotidien de l\u2019Art (Parijs).","url":"https:\/\/www.forbes.be\/nl\/author\/johan-frederik-hel-guedj\/"}]}},"_links":{"self":[{"href":"https:\/\/www.forbes.be\/nl\/wp-json\/wp\/v2\/posts\/12729","targetHints":{"allow":["GET"]}}],"collection":[{"href":"https:\/\/www.forbes.be\/nl\/wp-json\/wp\/v2\/posts"}],"about":[{"href":"https:\/\/www.forbes.be\/nl\/wp-json\/wp\/v2\/types\/post"}],"author":[{"embeddable":true,"href":"https:\/\/www.forbes.be\/nl\/wp-json\/wp\/v2\/users\/24"}],"replies":[{"embeddable":true,"href":"https:\/\/www.forbes.be\/nl\/wp-json\/wp\/v2\/comments?post=12729"}],"version-history":[{"count":1,"href":"https:\/\/www.forbes.be\/nl\/wp-json\/wp\/v2\/posts\/12729\/revisions"}],"predecessor-version":[{"id":12738,"href":"https:\/\/www.forbes.be\/nl\/wp-json\/wp\/v2\/posts\/12729\/revisions\/12738"}],"wp:featuredmedia":[{"embeddable":true,"href":"https:\/\/www.forbes.be\/nl\/wp-json\/wp\/v2\/media\/12728"}],"wp:attachment":[{"href":"https:\/\/www.forbes.be\/nl\/wp-json\/wp\/v2\/media?parent=12729"}],"wp:term":[{"taxonomy":"category","embeddable":true,"href":"https:\/\/www.forbes.be\/nl\/wp-json\/wp\/v2\/categories?post=12729"},{"taxonomy":"post_tag","embeddable":true,"href":"https:\/\/www.forbes.be\/nl\/wp-json\/wp\/v2\/tags?post=12729"}],"curies":[{"name":"wp","href":"https:\/\/api.w.org\/{rel}","templated":true}]}}