{"id":13271,"date":"2026-01-13T11:36:33","date_gmt":"2026-01-13T10:36:33","guid":{"rendered":"https:\/\/www.forbes.be\/nl\/?p=13271"},"modified":"2026-01-13T11:36:33","modified_gmt":"2026-01-13T10:36:33","slug":"jean-philippe-parain-hoofd-van-mini-global-europa-kan-geen-technologie-opleggen-aan-autofabrikanten","status":"publish","type":"post","link":"https:\/\/www.forbes.be\/nl\/jean-philippe-parain-hoofd-van-mini-global-europa-kan-geen-technologie-opleggen-aan-autofabrikanten\/","title":{"rendered":"Jean-Philippe Parain (Hoofd van Mini Global): &#8220;Europa kan geen technologie aan autofabrikanten opleggen&#8221;"},"content":{"rendered":"<p><strong>Tijdens een bezoek aan de Autosalon sprak Jean-Philippe Parain, wereldwijd hoofd van Mini binnen de BMW Group, over het uitstekende jaar 2025 voor Mini. Geen enkel actueel onderwerp werd vermeden: de druk op de automarkt, Europese beslissingen en douanetarieven, elektrificatie en de relatie met China, nieuw verkoopmodel, enz.<\/strong><\/p>\n<p><strong>Forbes.be &#8211; U kent Belgi\u00eb en zijn automarkt goed. Hoe kijkt u vandaag naar deze markt?<\/strong><br \/>\n<strong>Jean-Philippe Parain &#8211;<\/strong> Ik heb zes jaar in Belgi\u00eb gewoond voor twee opdrachten binnen BMW Group Belux. Wat ik geweldig vind, is de persoonlijkheid van de Belgen: hun bescheidenheid, openheid en nieuwsgierigheid. De Belgische markt is uniek: mensen zijn gepassioneerd door auto&#8217;s en het <a href=\"https:\/\/autosalon.be\/fr\" target=\"_blank\" rel=\"noopener\"><strong>Autosalon<\/strong><\/a> trekt indrukwekkend veel bezoekers. De relatie tussen <strong>BMW Belux<\/strong> en zijn dealers is ook bijzonder. Er zijn discussies, soms spanningen, maar een wederzijds respect dat ik nergens anders heb gevonden. Deze kameraadschap is voelbaar in de prestaties en in de klantervaring: je voelt een oprechte inzet van alle betrokkenen.<\/p>\n<p><strong>&#8211; Is het Autosalon van Brussel nog relevant in de digitale tijdperk en online verkopen?<\/strong><br \/>\n<strong>&#8211;<\/strong> Absoluut. Merktrouw vertegenwoordigt ongeveer 50% van de klanten. De overige 50% vergelijkt <strong>Mini<\/strong> met andere merken. In deze context is zichtbaarheid en foutloze service en begeleiding essentieel. De klantervaring blijft diep menselijk, en het Salon blijft een belangrijk moment om emoties te cre\u00ebren, modellen te presenteren en direct contact te hebben met autoliefhebbers.<\/p>\n<figure id=\"attachment_14761\" aria-describedby=\"caption-attachment-14761\" style=\"width: 2560px\" class=\"wp-caption alignnone\"><img loading=\"lazy\" decoding=\"async\" class=\"size-full wp-image-14761\" src=\"https:\/\/www.forbes.be\/fr\/wp-content\/uploads\/2026\/01\/mini-66y-scaled.jpg\" alt=\"\" width=\"2560\" height=\"1707\" \/><figcaption id=\"caption-attachment-14761\" class=\"wp-caption-text\">\u00a9 Mini<\/figcaption><\/figure>\n<p><strong>&#8211; Hoe kunt u het jaar 2025 voor Mini samenvatten?<\/strong><br \/>\n<strong>&#8211;<\/strong> <strong>Mini<\/strong> heeft geprofiteerd van een volledige vernieuwing van zijn gamma gedurende een volledig jaar. De Cooper 3 en 5 deuren, de Cabrio, de elektrische modellen, de Countryman op benzine en elektrisch, de Aceman elektrisch en de nieuwe John Cooper Works bieden een compleet en consistent palet. Deze strategie resulteert in een groei van 18% in 2025. In Europa groeit <strong>Mini<\/strong> met 17%, in Belgi\u00eb met 30%. In Amerika en Azi\u00eb is de groei ook sterk, met +24% in China en de hele regio Azi\u00eb. In totaal zijn er 288.000 Mini&#8217;s verkocht, waarvan 105.000 elektrisch. Dat betekent dat een op de drie <strong>Mini<\/strong>&#8217;s nu elektrisch is, een cijfer dat de groeiende betekenis van deze technologie voor het merk aantoont.<\/p>\n<p><strong>&#8211; Mini wordt dus een elektrisch merk&#8230;<\/strong><br \/>\n<strong>&#8211;<\/strong> Binnen de volledige <strong>BMW Group<\/strong>, hebben we wereldwijd 440.000 elektrische voertuigen verkocht (+4%). Bij <strong>Mini<\/strong> zijn de elektrische verkopen in een jaar bijna verdubbeld. In Belgi\u00eb is 60% van de verkochte <strong>Mini<\/strong>&#8217;s elektrisch, bijna 40% in Europa en 37% wereldwijd.<\/p>\n<p><strong>&#8211; Mini is onlangs overgestapt naar het agentenmodel, een model waar de verkoop in handen is van de fabrikanten en niet meer echt van de dealers. Hoe verloopt dat?<\/strong><br \/>\n<strong>&#8211; Mini<\/strong> dient als laboratorium voor de groep met het agentenmodel, uitgerold in 23 Europese landen, wat zorgt voor een soepelere verkoopervaring en een betere klantervaring. Voor de distributeurs zijn er veel voordelen! Ten eerste toegang tot meer voorraad: dankzij een Europese <em>pooling<\/em>, hebben de dealers veel meer voertuigen. Ze zijn niet langer beperkt tot &#8220;hun&#8221; voorraad. Klantgegevens zijn gecentraliseerd, waardoor het aankooptraject soepeler verloopt. Een klant kan van de ene naar de andere dealer overstappen zonder zijn gegevens te verliezen. Voor de prijs biedt het model de beste beschikbare aanbieding. De klant hoeft niet langer drie dealers te bezoeken om te vergelijken. De online ervaring is consistent met die in de showroom. Het is transparanter, eenvoudiger en eerlijker.<\/p>\n<figure id=\"attachment_14762\" aria-describedby=\"caption-attachment-14762\" style=\"width: 2560px\" class=\"wp-caption alignnone\"><img loading=\"lazy\" decoding=\"async\" class=\"size-full wp-image-14762\" src=\"https:\/\/www.forbes.be\/fr\/wp-content\/uploads\/2026\/01\/mini-family-08-2-scaled.jpg\" alt=\"\" width=\"2560\" height=\"1707\" \/><figcaption id=\"caption-attachment-14762\" class=\"wp-caption-text\">\u00a9\u00a0DR<\/figcaption><\/figure>\n<p><strong>&#8211; Is voorraadbeheer een strategisch voordeel?<\/strong><br \/>\n<strong>&#8211;<\/strong> In een zeer volatiele markt is het een groot voordeel. De Europese voorraad maakt wendbaarheid mogelijk. Neem het voorbeeld van Noorwegen. Wanneer de subsidies voor elektrische auto&#8217;s plotseling eindigen, kunnen we snel voorraad toewijzen om aan de vraag te voldoen voordat de subsidies verdwijnen. Enkele weken later, als de vraag elders explodeert, kan de voorraad opnieuw worden toegewezen. Het is een langetermijnhefal.<\/p>\n<p><strong>&#8211; Is het agentenmodel omstreden?<\/strong><br \/>\n<strong>&#8211;<\/strong> Ik weet dat sommige andere fabrikanten aarzelen. Maar <strong>BMW<\/strong> en <strong>Mini<\/strong> blijven toegewijd. We houden toezicht, passen aan en verbeteren, maar niets rechtvaardigt een terugkeer. En de dealers lijken tevreden. We hebben deze stap genomen in perfecte samenwerking.<\/p>\n<p><strong>&#8211; Wordt er gewerkt aan een betaalbare Europese elektrische Mini?<\/strong><br \/>\n<strong>&#8211; <\/strong>Ja, maar de generatie die in 2023 is gelanceerd, vertegenwoordigt een grote langetermijninvestering. De elektrische Countryman wordt in Europa geproduceerd. Een fabriek elektrificeren is niet eenvoudig voor een merk dat minder dan 300.000 auto&#8217;s per jaar produceert.<\/p>\n<p><strong>&#8211; Is de concurrentie intens?<\/strong><br \/>\n<strong>&#8211; <\/strong>Ja, op alle fronten: Chinees, Koreaans, Europees en zelfs intern met de BMW X1. <strong>Mini<\/strong> wint door het product, het universum en het merk, en staat nooit op prijs. Differentiatie is essentieel, vooral omdat ons model wordt gekopieerd.<\/p>\n<p><strong>&#8211; Mini is een succes in China. Waarom?<\/strong><br \/>\n<strong>&#8211;<\/strong> Het &#8220;boetiek&#8221;-concept van onze showrooms, de erfenis en differentiatie werken daar extreem goed. Daar lijken veel auto&#8217;s op elkaar; het rijden in een <strong>Mini<\/strong> laat je persoonlijkheid zien. We bieden er zowel lokaal geproduceerde als ge\u00efmporteerde modellen aan. China is dus een markt van de toekomst voor Mini.<\/p>\n<figure id=\"attachment_14763\" aria-describedby=\"caption-attachment-14763\" style=\"width: 2560px\" class=\"wp-caption alignnone\"><img loading=\"lazy\" decoding=\"async\" class=\"size-full wp-image-14763\" src=\"https:\/\/www.forbes.be\/fr\/wp-content\/uploads\/2026\/01\/p90595209-highres-the-mini-john-cooper-scaled.jpg\" alt=\"\" width=\"2560\" height=\"1707\" \/><figcaption id=\"caption-attachment-14763\" class=\"wp-caption-text\">\u00a9 Mini<\/figcaption><\/figure>\n<p><strong>&#8211; Ondanks de grote prijzenslag die daar woedt?<\/strong><br \/>\n<strong>&#8211;<\/strong> Er zal onvermijdelijk een consolidatie plaatsvinden. Het huidige economische model is op de lange termijn niet houdbaar, en zelfs de Chinese overheid is zich daarvan bewust. Voor <strong>Mini<\/strong>, zal de groei in China niet tegen elke prijs zijn: we moeten redelijk blijven.<br \/>\n<strong><br \/>\n&#8211; Wat betreft de winstgevendheid, hebben de Europese douanetarieven op Chinese elektrische auto&#8217;s een impact?<\/strong><br \/>\n<strong>&#8211;<\/strong> Natuurlijk is dat een factor om mee om te gaan. Maar de <strong>BMW Group<\/strong> geeft voorrang aan vrijhandel en langetermijnstrategie\u00ebn. We investeren niet om onze prijzen elke zes maanden aan te passen. <strong>Mini<\/strong> produceert in Europa en China. China is momenteel de markt waar <strong>Mini<\/strong> de sterkste wereldwijde groei kent. Het nadeel? Bepaalde auto&#8217;s die naar Europa worden ge\u00efmporteerd, ondervinden hogere douanetarieven, wat niet gunstig is voor de winstgevendheid, maar over het algemeen blijft <strong>Mini<\/strong> winstgevend met goede marges.<\/p>\n<p><strong>&#8211; Worden deze douanetarieven doorberekend aan de klant?<\/strong><br \/>\n<strong>&#8211;<\/strong> Nee. De prijzen worden vastgesteld op basis van de lokale markt en concurrentie, niet op basis van de tarieven. Het agentensysteem heeft ook als doel de distributiekosten te verlagen door synergie\u00ebn met onze partners. Als deze tarieven een directe impact hadden op de prijzen, zouden we geen groei van +17% hebben genoteerd.<\/p>\n<figure id=\"attachment_14764\" aria-describedby=\"caption-attachment-14764\" style=\"width: 2560px\" class=\"wp-caption alignnone\"><img loading=\"lazy\" decoding=\"async\" class=\"size-full wp-image-14764\" src=\"https:\/\/www.forbes.be\/fr\/wp-content\/uploads\/2026\/01\/p90626414-highres-mini-cooper-c-12-202-scaled.jpg\" alt=\"\" width=\"2560\" height=\"1707\" \/><figcaption id=\"caption-attachment-14764\" class=\"wp-caption-text\">\u00a9 Mini<\/figcaption><\/figure>\n<p><strong>&#8211; Wat vindt u van deze Europese beschermingsstrategie tegen de Chinese fabrikanten?<\/strong><br \/>\n<strong>&#8211;<\/strong> Eerlijk gezegd is het geen duurzame oplossing. Na vele jaren in de Aziatische regio te hebben gewerkt, kan ik zeggen dat Chinese fabrikanten zich zeer snel aanpassen: ze produceren elders, bouwen fabrieken in Thailand of Hongarije, importeren <em>plug-ins<\/em>&#8230; Deze maatregelen duren een jaar of twee voordat ze worden omzeild. De echte strategie is om op de lange termijn te denken en een wereldwijde en samenhangende industri\u00eble aanwezigheid te cre\u00ebren.<\/p>\n<p><strong>&#8211; Het beroemde &#8220;Europese automobielpakket&#8221; dat enkele weken geleden werd voorgesteld en dat terugkwam op het verbod om vanaf 2035 verbrandingsmotoren te verkopen, verandert dat uw plannen?<\/strong><br \/>\n<strong>&#8211;<\/strong> Dit pakket wordt positief onthaald, zonder voldoende te zijn. Het is een stap in de goede richting, maar het lost de fundamentele problemen niet op. Het belangrijkste blijft het stellen van duidelijke doelen, en daar is geen discussie over. Maar Europa kan geen technologie aan fabrikanten opleggen. Naar mijn mening verzwakt deze aanpak gedeeltelijk de Europese markt ten opzichte van de rest van de wereld. Soms maken we het onszelf moeilijk of bevorderen we technologie\u00ebn en concurrenten buiten Europa, waar we de waardeketen niet beheersen. De benadering is te ideologisch, niet pragmatisch genoeg, en vooral niet klantgericht genoeg. Sommigen zijn zeer tevreden met elektrische voertuigen in stedelijke gebieden, anderen zullen er vandaag of over tien jaar niet van profiteren. Tussen het stellen van een koers en het verbieden van verbrandingsmotoren is er een wereld van verschil.<\/p>\n","protected":false},"excerpt":{"rendered":"<p>Tijdens een bezoek aan de Autosalon sprak Jean-Philippe Parain, wereldwijd hoofd van Mini binnen de BMW Group, over het uitstekende jaar 2025 voor Mini. Geen enkel actueel onderwerp werd vermeden: de druk op de automarkt, de Europese beslissingen en douanetarieven, elektrificatie en de relatie [&hellip;]<\/p>\n","protected":false},"author":49,"featured_media":13270,"comment_status":"closed","ping_status":"closed","sticky":false,"template":"","format":"standard","meta":{"_acf_changed":false,"inline_featured_image":false,"footnotes":""},"categories":[1,27],"tags":[],"class_list":{"0":"post-13271","1":"post","2":"type-post","3":"status-publish","4":"format-standard","5":"has-post-thumbnail","7":"category-actualiteit","8":"category-leiderschap"},"acf":[],"auteur_traducteur":"","yoast_head":"<!-- This site is optimized with the Yoast SEO plugin v27.4 - https:\/\/yoast.com\/product\/yoast-seo-wordpress\/ -->\n<title>Jean-Philippe Parain analyseert de Europese strategie en de automarkt<\/title>\n<meta name=\"description\" content=\"Jean-Philippe Parain, wereldwijde leider van MINI, bespreekt de automarkt, elektrificatie, China, douanetarieven en Europese strategie.\" \/>\n<meta name=\"robots\" content=\"index, follow, max-snippet:-1, max-image-preview:large, max-video-preview:-1\" \/>\n<link rel=\"canonical\" href=\"https:\/\/www.forbes.be\/nl\/jean-philippe-parain-hoofd-van-mini-global-europa-kan-geen-technologie-opleggen-aan-autofabrikanten\/\" \/>\n<meta property=\"og:locale\" content=\"nl_BE\" \/>\n<meta property=\"og:type\" content=\"article\" \/>\n<meta property=\"og:title\" content=\"Jean-Philippe Parain analyseert de Europese strategie en de automarkt\" \/>\n<meta property=\"og:description\" content=\"Jean-Philippe Parain, wereldwijde leider van MINI, bespreekt de automarkt, elektrificatie, China, douanetarieven en Europese strategie.\" \/>\n<meta property=\"og:url\" content=\"https:\/\/www.forbes.be\/nl\/jean-philippe-parain-hoofd-van-mini-global-europa-kan-geen-technologie-opleggen-aan-autofabrikanten\/\" \/>\n<meta property=\"og:site_name\" content=\"Forbes Belgi\u00eb\" \/>\n<meta property=\"article:publisher\" content=\"https:\/\/www.facebook.com\/forbesbelgie\" \/>\n<meta property=\"article:published_time\" content=\"2026-01-13T10:36:33+00:00\" \/>\n<meta property=\"og:image\" content=\"https:\/\/www.forbes.be\/nl\/wp-content\/uploads\/2026\/01\/14756-jean-philippe-parain-mini.jpg\" \/>\n\t<meta property=\"og:image:width\" content=\"2556\" \/>\n\t<meta property=\"og:image:height\" content=\"1340\" \/>\n\t<meta property=\"og:image:type\" content=\"image\/jpeg\" \/>\n<meta name=\"author\" content=\"Igor Lihaut\" \/>\n<meta name=\"twitter:card\" content=\"summary_large_image\" \/>\n<meta name=\"twitter:label1\" content=\"Geschreven door\" \/>\n\t<meta name=\"twitter:data1\" content=\"Igor Lihaut\" \/>\n\t<meta name=\"twitter:label2\" content=\"Geschatte leestijd\" \/>\n\t<meta name=\"twitter:data2\" content=\"8 minuten\" \/>\n<script type=\"application\/ld+json\" class=\"yoast-schema-graph\">{\"@context\":\"https:\\\/\\\/schema.org\",\"@graph\":[{\"@type\":\"NewsArticle\",\"@id\":\"https:\\\/\\\/www.forbes.be\\\/nl\\\/jean-philippe-parain-hoofd-van-mini-global-europa-kan-geen-technologie-opleggen-aan-autofabrikanten\\\/#article\",\"isPartOf\":{\"@id\":\"https:\\\/\\\/www.forbes.be\\\/nl\\\/jean-philippe-parain-hoofd-van-mini-global-europa-kan-geen-technologie-opleggen-aan-autofabrikanten\\\/\"},\"author\":{\"name\":\"Igor Lihaut\",\"@id\":\"https:\\\/\\\/www.forbes.be\\\/nl\\\/#\\\/schema\\\/person\\\/7d946827691fa98222cb915f6dc996b3\"},\"headline\":\"Jean-Philippe Parain (Hoofd van Mini Global): &#8220;Europa kan geen technologie aan autofabrikanten opleggen&#8221;\",\"datePublished\":\"2026-01-13T10:36:33+00:00\",\"mainEntityOfPage\":{\"@id\":\"https:\\\/\\\/www.forbes.be\\\/nl\\\/jean-philippe-parain-hoofd-van-mini-global-europa-kan-geen-technologie-opleggen-aan-autofabrikanten\\\/\"},\"wordCount\":1299,\"publisher\":{\"@id\":\"https:\\\/\\\/www.forbes.be\\\/nl\\\/#organization\"},\"image\":{\"@id\":\"https:\\\/\\\/www.forbes.be\\\/nl\\\/jean-philippe-parain-hoofd-van-mini-global-europa-kan-geen-technologie-opleggen-aan-autofabrikanten\\\/#primaryimage\"},\"thumbnailUrl\":\"https:\\\/\\\/www.forbes.be\\\/nl\\\/wp-content\\\/uploads\\\/2026\\\/01\\\/14756-jean-philippe-parain-mini.jpg\",\"articleSection\":[\"Actualiteit\",\"Leiderschap\"],\"inLanguage\":\"nl-BE\"},{\"@type\":\"WebPage\",\"@id\":\"https:\\\/\\\/www.forbes.be\\\/nl\\\/jean-philippe-parain-hoofd-van-mini-global-europa-kan-geen-technologie-opleggen-aan-autofabrikanten\\\/\",\"url\":\"https:\\\/\\\/www.forbes.be\\\/nl\\\/jean-philippe-parain-hoofd-van-mini-global-europa-kan-geen-technologie-opleggen-aan-autofabrikanten\\\/\",\"name\":\"Jean-Philippe Parain analyseert de Europese strategie en de automarkt\",\"isPartOf\":{\"@id\":\"https:\\\/\\\/www.forbes.be\\\/nl\\\/#website\"},\"primaryImageOfPage\":{\"@id\":\"https:\\\/\\\/www.forbes.be\\\/nl\\\/jean-philippe-parain-hoofd-van-mini-global-europa-kan-geen-technologie-opleggen-aan-autofabrikanten\\\/#primaryimage\"},\"image\":{\"@id\":\"https:\\\/\\\/www.forbes.be\\\/nl\\\/jean-philippe-parain-hoofd-van-mini-global-europa-kan-geen-technologie-opleggen-aan-autofabrikanten\\\/#primaryimage\"},\"thumbnailUrl\":\"https:\\\/\\\/www.forbes.be\\\/nl\\\/wp-content\\\/uploads\\\/2026\\\/01\\\/14756-jean-philippe-parain-mini.jpg\",\"datePublished\":\"2026-01-13T10:36:33+00:00\",\"description\":\"Jean-Philippe Parain, wereldwijde leider van MINI, bespreekt de automarkt, elektrificatie, China, douanetarieven en Europese strategie.\",\"breadcrumb\":{\"@id\":\"https:\\\/\\\/www.forbes.be\\\/nl\\\/jean-philippe-parain-hoofd-van-mini-global-europa-kan-geen-technologie-opleggen-aan-autofabrikanten\\\/#breadcrumb\"},\"inLanguage\":\"nl-BE\",\"potentialAction\":[{\"@type\":\"ReadAction\",\"target\":[\"https:\\\/\\\/www.forbes.be\\\/nl\\\/jean-philippe-parain-hoofd-van-mini-global-europa-kan-geen-technologie-opleggen-aan-autofabrikanten\\\/\"]}]},{\"@type\":\"ImageObject\",\"inLanguage\":\"nl-BE\",\"@id\":\"https:\\\/\\\/www.forbes.be\\\/nl\\\/jean-philippe-parain-hoofd-van-mini-global-europa-kan-geen-technologie-opleggen-aan-autofabrikanten\\\/#primaryimage\",\"url\":\"https:\\\/\\\/www.forbes.be\\\/nl\\\/wp-content\\\/uploads\\\/2026\\\/01\\\/14756-jean-philippe-parain-mini.jpg\",\"contentUrl\":\"https:\\\/\\\/www.forbes.be\\\/nl\\\/wp-content\\\/uploads\\\/2026\\\/01\\\/14756-jean-philippe-parain-mini.jpg\",\"width\":2556,\"height\":1340,\"caption\":\"\u00a9 Mini\"},{\"@type\":\"BreadcrumbList\",\"@id\":\"https:\\\/\\\/www.forbes.be\\\/nl\\\/jean-philippe-parain-hoofd-van-mini-global-europa-kan-geen-technologie-opleggen-aan-autofabrikanten\\\/#breadcrumb\",\"itemListElement\":[{\"@type\":\"ListItem\",\"position\":1,\"name\":\"Accueil\",\"item\":\"https:\\\/\\\/www.forbes.be\\\/nl\\\/\"},{\"@type\":\"ListItem\",\"position\":2,\"name\":\"Jean-Philippe Parain (Hoofd van Mini Global): \u00ab\u00a0Europa kan geen technologie aan autofabrikanten opleggen\u00a0\u00bb\"}]},{\"@type\":\"WebSite\",\"@id\":\"https:\\\/\\\/www.forbes.be\\\/nl\\\/#website\",\"url\":\"https:\\\/\\\/www.forbes.be\\\/nl\\\/\",\"name\":\"Forbes Belgi\u00eb\",\"description\":\"\",\"publisher\":{\"@id\":\"https:\\\/\\\/www.forbes.be\\\/nl\\\/#organization\"},\"potentialAction\":[{\"@type\":\"SearchAction\",\"target\":{\"@type\":\"EntryPoint\",\"urlTemplate\":\"https:\\\/\\\/www.forbes.be\\\/nl\\\/?s={search_term_string}\"},\"query-input\":{\"@type\":\"PropertyValueSpecification\",\"valueRequired\":true,\"valueName\":\"search_term_string\"}}],\"inLanguage\":\"nl-BE\"},{\"@type\":\"Organization\",\"@id\":\"https:\\\/\\\/www.forbes.be\\\/nl\\\/#organization\",\"name\":\"Forbes Belgi\u00eb\",\"url\":\"https:\\\/\\\/www.forbes.be\\\/nl\\\/\",\"logo\":{\"@type\":\"ImageObject\",\"inLanguage\":\"nl-BE\",\"@id\":\"https:\\\/\\\/www.forbes.be\\\/nl\\\/#\\\/schema\\\/logo\\\/image\\\/\",\"url\":\"https:\\\/\\\/www.forbes.be\\\/nl\\\/wp-content\\\/uploads\\\/2024\\\/02\\\/forbes.be_.png\",\"contentUrl\":\"https:\\\/\\\/www.forbes.be\\\/nl\\\/wp-content\\\/uploads\\\/2024\\\/02\\\/forbes.be_.png\",\"width\":1200,\"height\":675,\"caption\":\"Forbes Belgi\u00eb\"},\"image\":{\"@id\":\"https:\\\/\\\/www.forbes.be\\\/nl\\\/#\\\/schema\\\/logo\\\/image\\\/\"},\"sameAs\":[\"https:\\\/\\\/www.facebook.com\\\/forbesbelgie\",\"https:\\\/\\\/www.instagram.com\\\/Forbes_Belgium\",\"https:\\\/\\\/www.linkedin.com\\\/company\\\/forbes-belgium\\\/\"]},{\"@type\":\"Person\",\"@id\":\"https:\\\/\\\/www.forbes.be\\\/nl\\\/#\\\/schema\\\/person\\\/7d946827691fa98222cb915f6dc996b3\",\"name\":\"Igor Lihaut\",\"image\":{\"@type\":\"ImageObject\",\"inLanguage\":\"nl-BE\",\"@id\":\"https:\\\/\\\/secure.gravatar.com\\\/avatar\\\/96ee194e85cfc604c40d77778a57130425bb8cff0d6206dfbb9672e7ad8275de?s=96&d=mm&r=g\",\"url\":\"https:\\\/\\\/secure.gravatar.com\\\/avatar\\\/96ee194e85cfc604c40d77778a57130425bb8cff0d6206dfbb9672e7ad8275de?s=96&d=mm&r=g\",\"contentUrl\":\"https:\\\/\\\/secure.gravatar.com\\\/avatar\\\/96ee194e85cfc604c40d77778a57130425bb8cff0d6206dfbb9672e7ad8275de?s=96&d=mm&r=g\",\"caption\":\"Igor Lihaut\"},\"url\":\"https:\\\/\\\/www.forbes.be\\\/nl\\\/author\\\/gregorylivishotmail-com\\\/\"}]}<\/script>\n<!-- \/ Yoast SEO plugin. -->","yoast_head_json":{"title":"Jean-Philippe Parain analyseert de Europese strategie en de automarkt","description":"Jean-Philippe Parain, wereldwijde leider van MINI, bespreekt de automarkt, elektrificatie, China, douanetarieven en Europese strategie.","robots":{"index":"index","follow":"follow","max-snippet":"max-snippet:-1","max-image-preview":"max-image-preview:large","max-video-preview":"max-video-preview:-1"},"canonical":"https:\/\/www.forbes.be\/nl\/jean-philippe-parain-hoofd-van-mini-global-europa-kan-geen-technologie-opleggen-aan-autofabrikanten\/","og_locale":"nl_BE","og_type":"article","og_title":"Jean-Philippe Parain analyseert de Europese strategie en de automarkt","og_description":"Jean-Philippe Parain, wereldwijde leider van MINI, bespreekt de automarkt, elektrificatie, China, douanetarieven en Europese strategie.","og_url":"https:\/\/www.forbes.be\/nl\/jean-philippe-parain-hoofd-van-mini-global-europa-kan-geen-technologie-opleggen-aan-autofabrikanten\/","og_site_name":"Forbes Belgi\u00eb","article_publisher":"https:\/\/www.facebook.com\/forbesbelgie","article_published_time":"2026-01-13T10:36:33+00:00","og_image":[{"width":2556,"height":1340,"url":"https:\/\/www.forbes.be\/nl\/wp-content\/uploads\/2026\/01\/14756-jean-philippe-parain-mini.jpg","type":"image\/jpeg"}],"author":"Igor Lihaut","twitter_card":"summary_large_image","twitter_misc":{"Geschreven door":"Igor Lihaut","Geschatte leestijd":"8 minuten"},"schema":{"@context":"https:\/\/schema.org","@graph":[{"@type":"NewsArticle","@id":"https:\/\/www.forbes.be\/nl\/jean-philippe-parain-hoofd-van-mini-global-europa-kan-geen-technologie-opleggen-aan-autofabrikanten\/#article","isPartOf":{"@id":"https:\/\/www.forbes.be\/nl\/jean-philippe-parain-hoofd-van-mini-global-europa-kan-geen-technologie-opleggen-aan-autofabrikanten\/"},"author":{"name":"Igor Lihaut","@id":"https:\/\/www.forbes.be\/nl\/#\/schema\/person\/7d946827691fa98222cb915f6dc996b3"},"headline":"Jean-Philippe Parain (Hoofd van Mini Global): &#8220;Europa kan geen technologie aan autofabrikanten opleggen&#8221;","datePublished":"2026-01-13T10:36:33+00:00","mainEntityOfPage":{"@id":"https:\/\/www.forbes.be\/nl\/jean-philippe-parain-hoofd-van-mini-global-europa-kan-geen-technologie-opleggen-aan-autofabrikanten\/"},"wordCount":1299,"publisher":{"@id":"https:\/\/www.forbes.be\/nl\/#organization"},"image":{"@id":"https:\/\/www.forbes.be\/nl\/jean-philippe-parain-hoofd-van-mini-global-europa-kan-geen-technologie-opleggen-aan-autofabrikanten\/#primaryimage"},"thumbnailUrl":"https:\/\/www.forbes.be\/nl\/wp-content\/uploads\/2026\/01\/14756-jean-philippe-parain-mini.jpg","articleSection":["Actualiteit","Leiderschap"],"inLanguage":"nl-BE"},{"@type":"WebPage","@id":"https:\/\/www.forbes.be\/nl\/jean-philippe-parain-hoofd-van-mini-global-europa-kan-geen-technologie-opleggen-aan-autofabrikanten\/","url":"https:\/\/www.forbes.be\/nl\/jean-philippe-parain-hoofd-van-mini-global-europa-kan-geen-technologie-opleggen-aan-autofabrikanten\/","name":"Jean-Philippe Parain analyseert de Europese strategie en de automarkt","isPartOf":{"@id":"https:\/\/www.forbes.be\/nl\/#website"},"primaryImageOfPage":{"@id":"https:\/\/www.forbes.be\/nl\/jean-philippe-parain-hoofd-van-mini-global-europa-kan-geen-technologie-opleggen-aan-autofabrikanten\/#primaryimage"},"image":{"@id":"https:\/\/www.forbes.be\/nl\/jean-philippe-parain-hoofd-van-mini-global-europa-kan-geen-technologie-opleggen-aan-autofabrikanten\/#primaryimage"},"thumbnailUrl":"https:\/\/www.forbes.be\/nl\/wp-content\/uploads\/2026\/01\/14756-jean-philippe-parain-mini.jpg","datePublished":"2026-01-13T10:36:33+00:00","description":"Jean-Philippe Parain, wereldwijde leider van MINI, bespreekt de automarkt, elektrificatie, China, douanetarieven en Europese strategie.","breadcrumb":{"@id":"https:\/\/www.forbes.be\/nl\/jean-philippe-parain-hoofd-van-mini-global-europa-kan-geen-technologie-opleggen-aan-autofabrikanten\/#breadcrumb"},"inLanguage":"nl-BE","potentialAction":[{"@type":"ReadAction","target":["https:\/\/www.forbes.be\/nl\/jean-philippe-parain-hoofd-van-mini-global-europa-kan-geen-technologie-opleggen-aan-autofabrikanten\/"]}]},{"@type":"ImageObject","inLanguage":"nl-BE","@id":"https:\/\/www.forbes.be\/nl\/jean-philippe-parain-hoofd-van-mini-global-europa-kan-geen-technologie-opleggen-aan-autofabrikanten\/#primaryimage","url":"https:\/\/www.forbes.be\/nl\/wp-content\/uploads\/2026\/01\/14756-jean-philippe-parain-mini.jpg","contentUrl":"https:\/\/www.forbes.be\/nl\/wp-content\/uploads\/2026\/01\/14756-jean-philippe-parain-mini.jpg","width":2556,"height":1340,"caption":"\u00a9 Mini"},{"@type":"BreadcrumbList","@id":"https:\/\/www.forbes.be\/nl\/jean-philippe-parain-hoofd-van-mini-global-europa-kan-geen-technologie-opleggen-aan-autofabrikanten\/#breadcrumb","itemListElement":[{"@type":"ListItem","position":1,"name":"Accueil","item":"https:\/\/www.forbes.be\/nl\/"},{"@type":"ListItem","position":2,"name":"Jean-Philippe Parain (Hoofd van Mini Global): \u00ab\u00a0Europa kan geen technologie aan autofabrikanten opleggen\u00a0\u00bb"}]},{"@type":"WebSite","@id":"https:\/\/www.forbes.be\/nl\/#website","url":"https:\/\/www.forbes.be\/nl\/","name":"Forbes Belgi\u00eb","description":"","publisher":{"@id":"https:\/\/www.forbes.be\/nl\/#organization"},"potentialAction":[{"@type":"SearchAction","target":{"@type":"EntryPoint","urlTemplate":"https:\/\/www.forbes.be\/nl\/?s={search_term_string}"},"query-input":{"@type":"PropertyValueSpecification","valueRequired":true,"valueName":"search_term_string"}}],"inLanguage":"nl-BE"},{"@type":"Organization","@id":"https:\/\/www.forbes.be\/nl\/#organization","name":"Forbes Belgi\u00eb","url":"https:\/\/www.forbes.be\/nl\/","logo":{"@type":"ImageObject","inLanguage":"nl-BE","@id":"https:\/\/www.forbes.be\/nl\/#\/schema\/logo\/image\/","url":"https:\/\/www.forbes.be\/nl\/wp-content\/uploads\/2024\/02\/forbes.be_.png","contentUrl":"https:\/\/www.forbes.be\/nl\/wp-content\/uploads\/2024\/02\/forbes.be_.png","width":1200,"height":675,"caption":"Forbes Belgi\u00eb"},"image":{"@id":"https:\/\/www.forbes.be\/nl\/#\/schema\/logo\/image\/"},"sameAs":["https:\/\/www.facebook.com\/forbesbelgie","https:\/\/www.instagram.com\/Forbes_Belgium","https:\/\/www.linkedin.com\/company\/forbes-belgium\/"]},{"@type":"Person","@id":"https:\/\/www.forbes.be\/nl\/#\/schema\/person\/7d946827691fa98222cb915f6dc996b3","name":"Igor Lihaut","image":{"@type":"ImageObject","inLanguage":"nl-BE","@id":"https:\/\/secure.gravatar.com\/avatar\/96ee194e85cfc604c40d77778a57130425bb8cff0d6206dfbb9672e7ad8275de?s=96&d=mm&r=g","url":"https:\/\/secure.gravatar.com\/avatar\/96ee194e85cfc604c40d77778a57130425bb8cff0d6206dfbb9672e7ad8275de?s=96&d=mm&r=g","contentUrl":"https:\/\/secure.gravatar.com\/avatar\/96ee194e85cfc604c40d77778a57130425bb8cff0d6206dfbb9672e7ad8275de?s=96&d=mm&r=g","caption":"Igor Lihaut"},"url":"https:\/\/www.forbes.be\/nl\/author\/gregorylivishotmail-com\/"}]}},"_links":{"self":[{"href":"https:\/\/www.forbes.be\/nl\/wp-json\/wp\/v2\/posts\/13271","targetHints":{"allow":["GET"]}}],"collection":[{"href":"https:\/\/www.forbes.be\/nl\/wp-json\/wp\/v2\/posts"}],"about":[{"href":"https:\/\/www.forbes.be\/nl\/wp-json\/wp\/v2\/types\/post"}],"author":[{"embeddable":true,"href":"https:\/\/www.forbes.be\/nl\/wp-json\/wp\/v2\/users\/49"}],"replies":[{"embeddable":true,"href":"https:\/\/www.forbes.be\/nl\/wp-json\/wp\/v2\/comments?post=13271"}],"version-history":[{"count":1,"href":"https:\/\/www.forbes.be\/nl\/wp-json\/wp\/v2\/posts\/13271\/revisions"}],"predecessor-version":[{"id":13272,"href":"https:\/\/www.forbes.be\/nl\/wp-json\/wp\/v2\/posts\/13271\/revisions\/13272"}],"wp:featuredmedia":[{"embeddable":true,"href":"https:\/\/www.forbes.be\/nl\/wp-json\/wp\/v2\/media\/13270"}],"wp:attachment":[{"href":"https:\/\/www.forbes.be\/nl\/wp-json\/wp\/v2\/media?parent=13271"}],"wp:term":[{"taxonomy":"category","embeddable":true,"href":"https:\/\/www.forbes.be\/nl\/wp-json\/wp\/v2\/categories?post=13271"},{"taxonomy":"post_tag","embeddable":true,"href":"https:\/\/www.forbes.be\/nl\/wp-json\/wp\/v2\/tags?post=13271"}],"curies":[{"name":"wp","href":"https:\/\/api.w.org\/{rel}","templated":true}]}}