{"id":13325,"date":"2026-01-16T13:26:09","date_gmt":"2026-01-16T12:26:09","guid":{"rendered":"https:\/\/www.forbes.be\/nl\/?p=13325"},"modified":"2026-01-16T13:26:09","modified_gmt":"2026-01-16T12:26:09","slug":"de-maand-van-forbes-galerijen-en-musea-januari-2026","status":"publish","type":"post","link":"https:\/\/www.forbes.be\/nl\/de-maand-van-forbes-galerijen-en-musea-januari-2026\/","title":{"rendered":"De Maand van Forbes Galerijen en Musea \u2013 januari 2026"},"content":{"rendered":"<p><strong>Elke maand biedt Forbes.be een selectie van tentoonstellingen om te ontdekken in de musea en kunstgalerie\u00ebn van Belgi\u00eb. In januari opent Brussel een historisch huis en stelt vijf vrouwen tentoon.<\/strong><\/p>\n<h2>Maison Hannon<\/h2>\n<figure id=\"attachment_14875\" aria-describedby=\"caption-attachment-14875\" style=\"width: 2382px\" class=\"wp-caption alignnone\"><img loading=\"lazy\" decoding=\"async\" class=\"size-full wp-image-14875\" src=\"https:\/\/www.forbes.be\/fr\/wp-content\/uploads\/2026\/01\/maison-hannon-jean-delville-lange-des-splendeurs.jpeg\" alt=\"\" width=\"2382\" height=\"2035\" \/><figcaption id=\"caption-attachment-14875\" class=\"wp-caption-text\">Depot<\/figcaption><\/figure>\n<p>Met <em>\u00c9cho des songes<\/em>, in <strong>Maison Hannon<\/strong>, ontdekt de bezoeker 80 werken van iconische figuren uit het Belgisch en Frans Symbolisme: Victor Rousseau, \u00c9mile Gall\u00e9, Fernand Khnopff, Jean Delville, Jeanne de Tallenay, Charles van der Stappen, George Minne of Jef Lambeaux, en niet te vergeten de magistrale Fernand Khnopff (1858-1921). In hun tijd van verstedelijking en mechanisering werden kunst en po\u00ebzie een toevluchtsoord. De kunstenaars omarmen hoop en dromen in hun zoektocht naar betekenis. Ze proberen niet meer te benoemen maar te uiten door een opening te maken in het zichtbare, een doorgang tussen de wereld en de geest. De realisten kiezen ervoor om deze doorgang helder weer te geven. De naturalisten onderzoeken de wetten van het leven. De symbolisten daarentegen zetten tegenover de materie een spirituele zoektocht, een getransfigureerde visie op de werkelijkheid. Deze werken komen uit uitzonderlijke priv\u00e9collecties, zoals L\u2019Atelier symboliste, en prestigieuze instellingen, zoals de Koninklijke Musea voor Schone Kunsten van Belgi\u00eb (Gillion-Crowet Collectie), de KBR, en het Museum voor Schone Kunsten van Doornik.<\/p>\n<ul>\n<li><a href=\"http:\/\/www.maisonhannon.be\" target=\"_blank\" rel=\"noopener\"><em>www.maisonhannon.be<\/em><\/a><\/li>\n<\/ul>\n<h2>Twee Nomaden bij Nino Mier<\/h2>\n<p><em>As it stands<\/em>, de nieuwe solotentoonstelling van de Engelse <strong>Lucienne O&#8217;Mara<\/strong> combineert vrije geometrie met expressieve penseelstreken die orde en chaos beheersen. Haar herhaalde vierkante motieven cre\u00ebren een zwevende ritme, ge\u00efnspireerd door het modernistische esthetiek, en herontdekken de abstractie. Hierbij neemt ze afstand van vaste ruimtelijke relaties en plaatst ze meerdere waarnemingsvlakken op het doek, waardoor diepte ontstaat en de vormen vloeiend en intu\u00eftief worden.<br \/>\nWat betreft <strong>Carole Ebtinger<\/strong>, geboren in Vietnam en opgegroeid in Frankrijk en Belgi\u00eb, bouwt ze intu\u00eftief impressionistische, meditatieve oppervlakken die doordrongen zijn van vurige aanwezigheden. Haar kindertijd komt tot uiting in de tactiele emotie van haar aanraking, ge\u00efnspireerd door verschillende kunsthistorische tradities.<\/p>\n<ul>\n<li><a href=\"http:\/\/www.miergallery.com\" target=\"_blank\" rel=\"noopener\"><em>www.miergallery.com<\/em><\/a><\/li>\n<\/ul>\n<h2>Een Frans-Japanse<\/h2>\n<figure id=\"attachment_14872\" aria-describedby=\"caption-attachment-14872\" style=\"width: 1920px\" class=\"wp-caption alignnone\"><img loading=\"lazy\" decoding=\"async\" class=\"size-full wp-image-14872\" src=\"https:\/\/www.forbes.be\/fr\/wp-content\/uploads\/2026\/01\/galerie-mestdagh-tiffany-bouelle-femme-objet-scaled.jpg\" alt=\"\" width=\"1920\" height=\"2560\" \/><figcaption id=\"caption-attachment-14872\" class=\"wp-caption-text\">&#8220;Femme objet&#8221;, door Tiffany Bouelle, in Galerie Mestdagh \u00a9 DR<\/figcaption><\/figure>\n<p><strong>Ondine<\/strong> en <strong>Patrick Mestdagh<\/strong> combineren hun tribale kunstvoorwerpen uit Azi\u00eb, Afrika en Oceani\u00eb, die gebaren, geloof en herinneringen dragen, met de Frans-Japanse <strong>Tiffany Bouelle<\/strong>, een dubbele afkomst die haar verbindt met stille ruimtes waar vormen veranderen. Haar grootvader leerde haar de kunst van kalligrafie, waarbij hij uitlegde dat elke beweging een herinnering bevat. Ze breidt deze taal uit naar textiel, schilderkunst, tekenen, installatie en performance. Op haar 25ste werd ze uitgenodigd om te cre\u00ebren voor LVMH, waarna ze exposeerde in de Monnaie de Paris, het Museum voor Kunst en Ambachten en de beurs Asia Now. Vertrekkend vanuit het minimalisme, met haar serie <em>La Femme Objet<\/em>, raakt ze botanische structuren aan in de serie <em>Seinaru Mori<\/em> (Het Heilige Woud van de kraamtijd), vervolgens cre\u00ebert ze figuratieve werken ge\u00efnspireerd door visioenen, volksverhalen en denkbeeldige constructies. In 2024 presenteert ze haar serie over de principes van chabana in Kyoto en begint ze in 2025 een nieuwe cyclus over natuurrampen.<\/p>\n<ul>\n<li><a href=\"http:\/\/www.patrickmestdagh.be\" target=\"_blank\" rel=\"noopener\"><em>www.patrickmestdagh.be<\/em><\/a><\/li>\n<\/ul>\n<h2>Keramiek en Weefsels bij Constantin Chariot<\/h2>\n<p><img loading=\"lazy\" decoding=\"async\" class=\"alignnone size-full wp-image-14871\" src=\"https:\/\/www.forbes.be\/fr\/wp-content\/uploads\/2026\/01\/benedicte-petrement-chez-constantin-chariot-scaled.jpg\" alt=\"B\u00e9n\u00e9dicte Petrement, bij Constantin Chariot \u00a9 DR\" width=\"1920\" height=\"2560\" \/>De <strong>Espace Constantin Chariot<\/strong> stelt bij <strong>Carlton Properties<\/strong> de aardse keramieken van <strong>B\u00e9n\u00e9dicte Petrement<\/strong> tentoon, wezens uit een onbekend rijk, beurtelings mineraal, vegetaal en dierlijk, en dus zeer organisch. Haar biomorfe sculpturen lenen uit deze werelden hun vitale expressies, hun nervenrijke vormen en gedempte kleuren. Ze worden gecombineerd met de meditatieve weefsels van Fran\u00e7oise Hustin, die een licht dragen, dat van de geest en van transcendentie, door deze zeer delicate oefening van het metaalweven.<\/p>\n<ul>\n<li><a href=\"http:\/\/www.espaceconstantinchariot.com\" target=\"_blank\" rel=\"noopener\"><em>www.espaceconstantinchariot.com<\/em><\/a><\/li>\n<\/ul>\n","protected":false},"excerpt":{"rendered":"<p>Elke maand biedt Forbes.be een selectie van tentoonstellingen om te ontdekken in de musea en kunstgalerie\u00ebn van Belgi\u00eb. In januari opent Brussel een historisch huis en stelt vijf vrouwen tentoon. Maison Hannon Met \u00c9cho des songes, in Maison Hannon, ontdekt de bezoeker 80 werken van iconische figuren uit het Belgisch en Frans Symbolisme: Victor Rousseau, [&hellip;]<\/p>\n","protected":false},"author":24,"featured_media":13324,"comment_status":"closed","ping_status":"closed","sticky":false,"template":"","format":"standard","meta":{"_acf_changed":false,"inline_featured_image":false,"footnotes":""},"categories":[1,60],"tags":[],"class_list":{"0":"post-13325","1":"post","2":"type-post","3":"status-publish","4":"format-standard","5":"has-post-thumbnail","7":"category-actualiteit","8":"category-cultuur"},"acf":[],"auteur_traducteur":"","yoast_head":"<!-- This site is optimized with the Yoast SEO plugin v27.4 - https:\/\/yoast.com\/product\/yoast-seo-wordpress\/ -->\n<title>Forbes Galerijen en Musea \u2013 januari 2026<\/title>\n<meta name=\"description\" content=\"Belgisch symbolisme, hedendaagse abstractie, vrouwelijke kunst en keramiek: Forbes selecteert tentoonstellingen in januari in Belgi\u00eb.\" \/>\n<meta name=\"robots\" content=\"index, follow, max-snippet:-1, max-image-preview:large, max-video-preview:-1\" \/>\n<link rel=\"canonical\" href=\"https:\/\/www.forbes.be\/nl\/de-maand-van-forbes-galerijen-en-musea-januari-2026\/\" \/>\n<meta property=\"og:locale\" content=\"nl_BE\" \/>\n<meta property=\"og:type\" content=\"article\" \/>\n<meta property=\"og:title\" content=\"Forbes Galerijen en Musea \u2013 januari 2026\" \/>\n<meta property=\"og:description\" content=\"Belgisch symbolisme, hedendaagse abstractie, vrouwelijke kunst en keramiek: Forbes selecteert tentoonstellingen in januari in Belgi\u00eb.\" \/>\n<meta property=\"og:url\" content=\"https:\/\/www.forbes.be\/nl\/de-maand-van-forbes-galerijen-en-musea-januari-2026\/\" \/>\n<meta property=\"og:site_name\" content=\"Forbes Belgi\u00eb\" \/>\n<meta property=\"article:publisher\" content=\"https:\/\/www.facebook.com\/forbesbelgie\" \/>\n<meta property=\"article:published_time\" content=\"2026-01-16T12:26:09+00:00\" \/>\n<meta property=\"og:image\" content=\"https:\/\/www.forbes.be\/nl\/wp-content\/uploads\/2026\/01\/14861-lucienne-omara-chez-nino-mier.jpg\" \/>\n\t<meta property=\"og:image:width\" content=\"1070\" \/>\n\t<meta property=\"og:image:height\" content=\"560\" \/>\n\t<meta property=\"og:image:type\" content=\"image\/jpeg\" \/>\n<meta name=\"author\" content=\"Johan-Fr\u00e9d\u00e9rik Hel Guedj\" \/>\n<meta name=\"twitter:card\" content=\"summary_large_image\" \/>\n<meta name=\"twitter:label1\" content=\"Geschreven door\" \/>\n\t<meta name=\"twitter:data1\" content=\"Johan-Fr\u00e9d\u00e9rik Hel Guedj\" \/>\n\t<meta name=\"twitter:label2\" content=\"Geschatte leestijd\" \/>\n\t<meta name=\"twitter:data2\" content=\"4 minuten\" \/>\n<script type=\"application\/ld+json\" class=\"yoast-schema-graph\">{\"@context\":\"https:\\\/\\\/schema.org\",\"@graph\":[{\"@type\":\"NewsArticle\",\"@id\":\"https:\\\/\\\/www.forbes.be\\\/nl\\\/de-maand-van-forbes-galerijen-en-musea-januari-2026\\\/#article\",\"isPartOf\":{\"@id\":\"https:\\\/\\\/www.forbes.be\\\/nl\\\/de-maand-van-forbes-galerijen-en-musea-januari-2026\\\/\"},\"author\":{\"name\":\"Johan-Fr\u00e9d\u00e9rik Hel Guedj\",\"@id\":\"https:\\\/\\\/www.forbes.be\\\/nl\\\/#\\\/schema\\\/person\\\/7c0ac1896654aa71b07d901c0b9fdde7\"},\"headline\":\"De Maand van Forbes Galerijen en Musea \u2013 januari 2026\",\"datePublished\":\"2026-01-16T12:26:09+00:00\",\"mainEntityOfPage\":{\"@id\":\"https:\\\/\\\/www.forbes.be\\\/nl\\\/de-maand-van-forbes-galerijen-en-musea-januari-2026\\\/\"},\"wordCount\":606,\"publisher\":{\"@id\":\"https:\\\/\\\/www.forbes.be\\\/nl\\\/#organization\"},\"image\":{\"@id\":\"https:\\\/\\\/www.forbes.be\\\/nl\\\/de-maand-van-forbes-galerijen-en-musea-januari-2026\\\/#primaryimage\"},\"thumbnailUrl\":\"https:\\\/\\\/www.forbes.be\\\/nl\\\/wp-content\\\/uploads\\\/2026\\\/01\\\/14861-lucienne-omara-chez-nino-mier.jpg\",\"articleSection\":[\"Actualiteit\",\"Cultuur\"],\"inLanguage\":\"nl-BE\"},{\"@type\":\"WebPage\",\"@id\":\"https:\\\/\\\/www.forbes.be\\\/nl\\\/de-maand-van-forbes-galerijen-en-musea-januari-2026\\\/\",\"url\":\"https:\\\/\\\/www.forbes.be\\\/nl\\\/de-maand-van-forbes-galerijen-en-musea-januari-2026\\\/\",\"name\":\"Forbes Galerijen en Musea \u2013 januari 2026\",\"isPartOf\":{\"@id\":\"https:\\\/\\\/www.forbes.be\\\/nl\\\/#website\"},\"primaryImageOfPage\":{\"@id\":\"https:\\\/\\\/www.forbes.be\\\/nl\\\/de-maand-van-forbes-galerijen-en-musea-januari-2026\\\/#primaryimage\"},\"image\":{\"@id\":\"https:\\\/\\\/www.forbes.be\\\/nl\\\/de-maand-van-forbes-galerijen-en-musea-januari-2026\\\/#primaryimage\"},\"thumbnailUrl\":\"https:\\\/\\\/www.forbes.be\\\/nl\\\/wp-content\\\/uploads\\\/2026\\\/01\\\/14861-lucienne-omara-chez-nino-mier.jpg\",\"datePublished\":\"2026-01-16T12:26:09+00:00\",\"description\":\"Belgisch symbolisme, hedendaagse abstractie, vrouwelijke kunst en keramiek: Forbes selecteert tentoonstellingen in januari in Belgi\u00eb.\",\"breadcrumb\":{\"@id\":\"https:\\\/\\\/www.forbes.be\\\/nl\\\/de-maand-van-forbes-galerijen-en-musea-januari-2026\\\/#breadcrumb\"},\"inLanguage\":\"nl-BE\",\"potentialAction\":[{\"@type\":\"ReadAction\",\"target\":[\"https:\\\/\\\/www.forbes.be\\\/nl\\\/de-maand-van-forbes-galerijen-en-musea-januari-2026\\\/\"]}]},{\"@type\":\"ImageObject\",\"inLanguage\":\"nl-BE\",\"@id\":\"https:\\\/\\\/www.forbes.be\\\/nl\\\/de-maand-van-forbes-galerijen-en-musea-januari-2026\\\/#primaryimage\",\"url\":\"https:\\\/\\\/www.forbes.be\\\/nl\\\/wp-content\\\/uploads\\\/2026\\\/01\\\/14861-lucienne-omara-chez-nino-mier.jpg\",\"contentUrl\":\"https:\\\/\\\/www.forbes.be\\\/nl\\\/wp-content\\\/uploads\\\/2026\\\/01\\\/14861-lucienne-omara-chez-nino-mier.jpg\",\"width\":1070,\"height\":560,\"caption\":\"Lucienne Omara, chez Nino Mier \u00a9 DR\"},{\"@type\":\"BreadcrumbList\",\"@id\":\"https:\\\/\\\/www.forbes.be\\\/nl\\\/de-maand-van-forbes-galerijen-en-musea-januari-2026\\\/#breadcrumb\",\"itemListElement\":[{\"@type\":\"ListItem\",\"position\":1,\"name\":\"Accueil\",\"item\":\"https:\\\/\\\/www.forbes.be\\\/nl\\\/\"},{\"@type\":\"ListItem\",\"position\":2,\"name\":\"De Maand van Forbes Galerijen en Musea \u2013 januari 2026\"}]},{\"@type\":\"WebSite\",\"@id\":\"https:\\\/\\\/www.forbes.be\\\/nl\\\/#website\",\"url\":\"https:\\\/\\\/www.forbes.be\\\/nl\\\/\",\"name\":\"Forbes Belgi\u00eb\",\"description\":\"\",\"publisher\":{\"@id\":\"https:\\\/\\\/www.forbes.be\\\/nl\\\/#organization\"},\"potentialAction\":[{\"@type\":\"SearchAction\",\"target\":{\"@type\":\"EntryPoint\",\"urlTemplate\":\"https:\\\/\\\/www.forbes.be\\\/nl\\\/?s={search_term_string}\"},\"query-input\":{\"@type\":\"PropertyValueSpecification\",\"valueRequired\":true,\"valueName\":\"search_term_string\"}}],\"inLanguage\":\"nl-BE\"},{\"@type\":\"Organization\",\"@id\":\"https:\\\/\\\/www.forbes.be\\\/nl\\\/#organization\",\"name\":\"Forbes Belgi\u00eb\",\"url\":\"https:\\\/\\\/www.forbes.be\\\/nl\\\/\",\"logo\":{\"@type\":\"ImageObject\",\"inLanguage\":\"nl-BE\",\"@id\":\"https:\\\/\\\/www.forbes.be\\\/nl\\\/#\\\/schema\\\/logo\\\/image\\\/\",\"url\":\"https:\\\/\\\/www.forbes.be\\\/nl\\\/wp-content\\\/uploads\\\/2024\\\/02\\\/forbes.be_.png\",\"contentUrl\":\"https:\\\/\\\/www.forbes.be\\\/nl\\\/wp-content\\\/uploads\\\/2024\\\/02\\\/forbes.be_.png\",\"width\":1200,\"height\":675,\"caption\":\"Forbes Belgi\u00eb\"},\"image\":{\"@id\":\"https:\\\/\\\/www.forbes.be\\\/nl\\\/#\\\/schema\\\/logo\\\/image\\\/\"},\"sameAs\":[\"https:\\\/\\\/www.facebook.com\\\/forbesbelgie\",\"https:\\\/\\\/www.instagram.com\\\/Forbes_Belgium\",\"https:\\\/\\\/www.linkedin.com\\\/company\\\/forbes-belgium\\\/\"]},{\"@type\":\"Person\",\"@id\":\"https:\\\/\\\/www.forbes.be\\\/nl\\\/#\\\/schema\\\/person\\\/7c0ac1896654aa71b07d901c0b9fdde7\",\"name\":\"Johan-Fr\u00e9d\u00e9rik Hel Guedj\",\"image\":{\"@type\":\"ImageObject\",\"inLanguage\":\"nl-BE\",\"@id\":\"https:\\\/\\\/secure.gravatar.com\\\/avatar\\\/65333543693434f2cc9fdefb3173b162df98712d00606b00b3d43914f79a1598?s=96&d=mm&r=g\",\"url\":\"https:\\\/\\\/secure.gravatar.com\\\/avatar\\\/65333543693434f2cc9fdefb3173b162df98712d00606b00b3d43914f79a1598?s=96&d=mm&r=g\",\"contentUrl\":\"https:\\\/\\\/secure.gravatar.com\\\/avatar\\\/65333543693434f2cc9fdefb3173b162df98712d00606b00b3d43914f79a1598?s=96&d=mm&r=g\",\"caption\":\"Johan-Fr\u00e9d\u00e9rik Hel Guedj\"},\"description\":\"Johan-Frederik Hel Guedj is een Franse journalist en auteur. Hij was zeven jaar hoofdredacteur van het tijdschrift Pouvoirs Locaux, dat gewijd is aan cultuurbeleid. Daarnaast publiceerde hij acht boeken bij Franse en Belgische uitgevers, waaronder twee romans, een essay over Orson Welles en vier kunstboeken. Naast Forbes werkt hij ook mee aan L\u2019Echo en Le Quotidien de l\u2019Art (Parijs).\",\"url\":\"https:\\\/\\\/www.forbes.be\\\/nl\\\/author\\\/johan-frederik-hel-guedj\\\/\"}]}<\/script>\n<!-- \/ Yoast SEO plugin. -->","yoast_head_json":{"title":"Forbes Galerijen en Musea \u2013 januari 2026","description":"Belgisch symbolisme, hedendaagse abstractie, vrouwelijke kunst en keramiek: Forbes selecteert tentoonstellingen in januari in Belgi\u00eb.","robots":{"index":"index","follow":"follow","max-snippet":"max-snippet:-1","max-image-preview":"max-image-preview:large","max-video-preview":"max-video-preview:-1"},"canonical":"https:\/\/www.forbes.be\/nl\/de-maand-van-forbes-galerijen-en-musea-januari-2026\/","og_locale":"nl_BE","og_type":"article","og_title":"Forbes Galerijen en Musea \u2013 januari 2026","og_description":"Belgisch symbolisme, hedendaagse abstractie, vrouwelijke kunst en keramiek: Forbes selecteert tentoonstellingen in januari in Belgi\u00eb.","og_url":"https:\/\/www.forbes.be\/nl\/de-maand-van-forbes-galerijen-en-musea-januari-2026\/","og_site_name":"Forbes Belgi\u00eb","article_publisher":"https:\/\/www.facebook.com\/forbesbelgie","article_published_time":"2026-01-16T12:26:09+00:00","og_image":[{"width":1070,"height":560,"url":"https:\/\/www.forbes.be\/nl\/wp-content\/uploads\/2026\/01\/14861-lucienne-omara-chez-nino-mier.jpg","type":"image\/jpeg"}],"author":"Johan-Fr\u00e9d\u00e9rik Hel Guedj","twitter_card":"summary_large_image","twitter_misc":{"Geschreven door":"Johan-Fr\u00e9d\u00e9rik Hel Guedj","Geschatte leestijd":"4 minuten"},"schema":{"@context":"https:\/\/schema.org","@graph":[{"@type":"NewsArticle","@id":"https:\/\/www.forbes.be\/nl\/de-maand-van-forbes-galerijen-en-musea-januari-2026\/#article","isPartOf":{"@id":"https:\/\/www.forbes.be\/nl\/de-maand-van-forbes-galerijen-en-musea-januari-2026\/"},"author":{"name":"Johan-Fr\u00e9d\u00e9rik Hel Guedj","@id":"https:\/\/www.forbes.be\/nl\/#\/schema\/person\/7c0ac1896654aa71b07d901c0b9fdde7"},"headline":"De Maand van Forbes Galerijen en Musea \u2013 januari 2026","datePublished":"2026-01-16T12:26:09+00:00","mainEntityOfPage":{"@id":"https:\/\/www.forbes.be\/nl\/de-maand-van-forbes-galerijen-en-musea-januari-2026\/"},"wordCount":606,"publisher":{"@id":"https:\/\/www.forbes.be\/nl\/#organization"},"image":{"@id":"https:\/\/www.forbes.be\/nl\/de-maand-van-forbes-galerijen-en-musea-januari-2026\/#primaryimage"},"thumbnailUrl":"https:\/\/www.forbes.be\/nl\/wp-content\/uploads\/2026\/01\/14861-lucienne-omara-chez-nino-mier.jpg","articleSection":["Actualiteit","Cultuur"],"inLanguage":"nl-BE"},{"@type":"WebPage","@id":"https:\/\/www.forbes.be\/nl\/de-maand-van-forbes-galerijen-en-musea-januari-2026\/","url":"https:\/\/www.forbes.be\/nl\/de-maand-van-forbes-galerijen-en-musea-januari-2026\/","name":"Forbes Galerijen en Musea \u2013 januari 2026","isPartOf":{"@id":"https:\/\/www.forbes.be\/nl\/#website"},"primaryImageOfPage":{"@id":"https:\/\/www.forbes.be\/nl\/de-maand-van-forbes-galerijen-en-musea-januari-2026\/#primaryimage"},"image":{"@id":"https:\/\/www.forbes.be\/nl\/de-maand-van-forbes-galerijen-en-musea-januari-2026\/#primaryimage"},"thumbnailUrl":"https:\/\/www.forbes.be\/nl\/wp-content\/uploads\/2026\/01\/14861-lucienne-omara-chez-nino-mier.jpg","datePublished":"2026-01-16T12:26:09+00:00","description":"Belgisch symbolisme, hedendaagse abstractie, vrouwelijke kunst en keramiek: Forbes selecteert tentoonstellingen in januari in Belgi\u00eb.","breadcrumb":{"@id":"https:\/\/www.forbes.be\/nl\/de-maand-van-forbes-galerijen-en-musea-januari-2026\/#breadcrumb"},"inLanguage":"nl-BE","potentialAction":[{"@type":"ReadAction","target":["https:\/\/www.forbes.be\/nl\/de-maand-van-forbes-galerijen-en-musea-januari-2026\/"]}]},{"@type":"ImageObject","inLanguage":"nl-BE","@id":"https:\/\/www.forbes.be\/nl\/de-maand-van-forbes-galerijen-en-musea-januari-2026\/#primaryimage","url":"https:\/\/www.forbes.be\/nl\/wp-content\/uploads\/2026\/01\/14861-lucienne-omara-chez-nino-mier.jpg","contentUrl":"https:\/\/www.forbes.be\/nl\/wp-content\/uploads\/2026\/01\/14861-lucienne-omara-chez-nino-mier.jpg","width":1070,"height":560,"caption":"Lucienne Omara, chez Nino Mier \u00a9 DR"},{"@type":"BreadcrumbList","@id":"https:\/\/www.forbes.be\/nl\/de-maand-van-forbes-galerijen-en-musea-januari-2026\/#breadcrumb","itemListElement":[{"@type":"ListItem","position":1,"name":"Accueil","item":"https:\/\/www.forbes.be\/nl\/"},{"@type":"ListItem","position":2,"name":"De Maand van Forbes Galerijen en Musea \u2013 januari 2026"}]},{"@type":"WebSite","@id":"https:\/\/www.forbes.be\/nl\/#website","url":"https:\/\/www.forbes.be\/nl\/","name":"Forbes Belgi\u00eb","description":"","publisher":{"@id":"https:\/\/www.forbes.be\/nl\/#organization"},"potentialAction":[{"@type":"SearchAction","target":{"@type":"EntryPoint","urlTemplate":"https:\/\/www.forbes.be\/nl\/?s={search_term_string}"},"query-input":{"@type":"PropertyValueSpecification","valueRequired":true,"valueName":"search_term_string"}}],"inLanguage":"nl-BE"},{"@type":"Organization","@id":"https:\/\/www.forbes.be\/nl\/#organization","name":"Forbes Belgi\u00eb","url":"https:\/\/www.forbes.be\/nl\/","logo":{"@type":"ImageObject","inLanguage":"nl-BE","@id":"https:\/\/www.forbes.be\/nl\/#\/schema\/logo\/image\/","url":"https:\/\/www.forbes.be\/nl\/wp-content\/uploads\/2024\/02\/forbes.be_.png","contentUrl":"https:\/\/www.forbes.be\/nl\/wp-content\/uploads\/2024\/02\/forbes.be_.png","width":1200,"height":675,"caption":"Forbes Belgi\u00eb"},"image":{"@id":"https:\/\/www.forbes.be\/nl\/#\/schema\/logo\/image\/"},"sameAs":["https:\/\/www.facebook.com\/forbesbelgie","https:\/\/www.instagram.com\/Forbes_Belgium","https:\/\/www.linkedin.com\/company\/forbes-belgium\/"]},{"@type":"Person","@id":"https:\/\/www.forbes.be\/nl\/#\/schema\/person\/7c0ac1896654aa71b07d901c0b9fdde7","name":"Johan-Fr\u00e9d\u00e9rik Hel Guedj","image":{"@type":"ImageObject","inLanguage":"nl-BE","@id":"https:\/\/secure.gravatar.com\/avatar\/65333543693434f2cc9fdefb3173b162df98712d00606b00b3d43914f79a1598?s=96&d=mm&r=g","url":"https:\/\/secure.gravatar.com\/avatar\/65333543693434f2cc9fdefb3173b162df98712d00606b00b3d43914f79a1598?s=96&d=mm&r=g","contentUrl":"https:\/\/secure.gravatar.com\/avatar\/65333543693434f2cc9fdefb3173b162df98712d00606b00b3d43914f79a1598?s=96&d=mm&r=g","caption":"Johan-Fr\u00e9d\u00e9rik Hel Guedj"},"description":"Johan-Frederik Hel Guedj is een Franse journalist en auteur. Hij was zeven jaar hoofdredacteur van het tijdschrift Pouvoirs Locaux, dat gewijd is aan cultuurbeleid. Daarnaast publiceerde hij acht boeken bij Franse en Belgische uitgevers, waaronder twee romans, een essay over Orson Welles en vier kunstboeken. Naast Forbes werkt hij ook mee aan L\u2019Echo en Le Quotidien de l\u2019Art (Parijs).","url":"https:\/\/www.forbes.be\/nl\/author\/johan-frederik-hel-guedj\/"}]}},"_links":{"self":[{"href":"https:\/\/www.forbes.be\/nl\/wp-json\/wp\/v2\/posts\/13325","targetHints":{"allow":["GET"]}}],"collection":[{"href":"https:\/\/www.forbes.be\/nl\/wp-json\/wp\/v2\/posts"}],"about":[{"href":"https:\/\/www.forbes.be\/nl\/wp-json\/wp\/v2\/types\/post"}],"author":[{"embeddable":true,"href":"https:\/\/www.forbes.be\/nl\/wp-json\/wp\/v2\/users\/24"}],"replies":[{"embeddable":true,"href":"https:\/\/www.forbes.be\/nl\/wp-json\/wp\/v2\/comments?post=13325"}],"version-history":[{"count":1,"href":"https:\/\/www.forbes.be\/nl\/wp-json\/wp\/v2\/posts\/13325\/revisions"}],"predecessor-version":[{"id":13328,"href":"https:\/\/www.forbes.be\/nl\/wp-json\/wp\/v2\/posts\/13325\/revisions\/13328"}],"wp:featuredmedia":[{"embeddable":true,"href":"https:\/\/www.forbes.be\/nl\/wp-json\/wp\/v2\/media\/13324"}],"wp:attachment":[{"href":"https:\/\/www.forbes.be\/nl\/wp-json\/wp\/v2\/media?parent=13325"}],"wp:term":[{"taxonomy":"category","embeddable":true,"href":"https:\/\/www.forbes.be\/nl\/wp-json\/wp\/v2\/categories?post=13325"},{"taxonomy":"post_tag","embeddable":true,"href":"https:\/\/www.forbes.be\/nl\/wp-json\/wp\/v2\/tags?post=13325"}],"curies":[{"name":"wp","href":"https:\/\/api.w.org\/{rel}","templated":true}]}}