{"id":14060,"date":"2026-03-17T11:01:06","date_gmt":"2026-03-17T10:01:06","guid":{"rendered":"https:\/\/www.forbes.be\/nl\/?p=14060"},"modified":"2026-03-17T15:42:39","modified_gmt":"2026-03-17T14:42:39","slug":"tefaf-2026-26-belgische-galerijen-en-economisch-effect","status":"publish","type":"post","link":"https:\/\/www.forbes.be\/nl\/tefaf-2026-26-belgische-galerijen-en-economisch-effect\/","title":{"rendered":"TEFAF 2026: 26 Belgische galerijen en een onmisbare economische invloed"},"content":{"rendered":"<p><strong>Tijdens deze 39e TEFAF zijn er 26 Belgische galeries (van in totaal 277) in Maastricht. En het TEFAF-UNESCO seminar behandelde de sociaal-economische impact van de beurs.<\/strong><\/p>\n<p>&#8220;<em>De <strong>Artimo galerie<\/strong> is geboren uit drie generaties van handelaren<\/em>, legt <strong>Georges van Cauwenbergh<\/strong> uit. <em>Mijn grootvader Marcel, die overleed in het jaar van mijn geboorte, was industrieel en verzamelaar. Onze <strong>TEFAF<\/strong>-catalogus eert hem. Mijn vader Luc richtte de <strong>galerie<\/strong> op in 1985, onder de naam Exclusivit\u00e9s du Pass\u00e9. Mijn moeder, die in onroerend goed wilde werken, overtuigde hem om het te veranderen in <strong>Artimo<\/strong>, maar deed zelf nooit iets met onroerend goed&#8230; Mijn oma Simona steunde onze drie generaties, mijn grootvader, mijn vader en ik. Ik kwam hier voor het eerst met mijn vader toen ik tien jaar was. Op 25-jarige leeftijd was ik assistent bij de Vetting <\/em>[de inspectie van de kunstwerken, Noot van de redacteur] <em>in de beeldhouwkunst. Mijn vader, een groot internationaal expert in antieke klokken en horloges, was directeur van deze sectie van de Vetting bij de <strong>TEFAF<\/strong>. Ik heb de leiding van de galerie op 25-jarige leeftijd overgenomen, tien jaar geleden, en mijn eerste beurs gedaan, Antica Namur, vijf jaar geleden. Ik ben voorzitter van de Brussels Art Square aan het Sablon, en bestuurslid bij de Koninklijke Kamer van Antiquairs van Belgi\u00eb (ROCADE) en de Brafa. Voor onze eerste <strong>TEFAF<\/strong>, het toppunt op het gebied van Oude Meesters en Antiquiteiten, hechten we in onze keuze meer belang aan techniek, onderwerp en belangrijkheid van het stuk dan aan de naam. Zo geven we de voorkeur aan <\/em>La Sortie du Bain de Mer<em> van <strong>Charles-Auguste Fraikin<\/strong>, uniek model in marmer, boven een minder belangrijk stuk van <strong>Rodin<\/strong><\/em>.\u201d<\/p>\n<figure id=\"attachment_14066\" aria-describedby=\"caption-attachment-14066\" style=\"width: 853px\" class=\"wp-caption alignnone\"><img loading=\"lazy\" decoding=\"async\" class=\"size-full wp-image-14066\" src=\"https:\/\/www.forbes.be\/nl\/wp-content\/uploads\/2026\/03\/96a1198-rotated.jpeg\" alt=\"\" width=\"853\" height=\"1280\" srcset=\"https:\/\/www.forbes.be\/nl\/wp-content\/uploads\/2026\/03\/96a1198-rotated.jpeg 853w, https:\/\/www.forbes.be\/nl\/wp-content\/uploads\/2026\/03\/96a1198-200x300.jpeg 200w, https:\/\/www.forbes.be\/nl\/wp-content\/uploads\/2026\/03\/96a1198-682x1024.jpeg 682w, https:\/\/www.forbes.be\/nl\/wp-content\/uploads\/2026\/03\/96a1198-768x1152.jpeg 768w, https:\/\/www.forbes.be\/nl\/wp-content\/uploads\/2026\/03\/96a1198-696x1044.jpeg 696w, https:\/\/www.forbes.be\/nl\/wp-content\/uploads\/2026\/03\/96a1198-600x900.jpeg 600w\" sizes=\"auto, (max-width: 853px) 100vw, 853px\" \/><figcaption id=\"caption-attachment-14066\" class=\"wp-caption-text\">\u00a9 DR<\/figcaption><\/figure>\n<p>Wat betreft <strong>Karim Grusenmeyer<\/strong> (<strong>Galerie Grusenmeyer-Woliner<\/strong>), geassocieerd met <strong>Isabelle Bilquin<\/strong> en <strong>Damien Woliner<\/strong>, vertelt hij: &#8220;<em>Ik heb in mijn leven aan vijftig beurzen deelgenomen, in Londen, Brussel, Parijs, enzovoort. Bij de <strong>TEFAF<\/strong> overstijgt de aanwezigheid van professionals en grote Franse en Amerikaanse musea onze verwachtingen. Tien jaar lang hebben wij onvermoeibaar gewerkt om objecten van de hoogste kwaliteit te verzamelen en dachten we lange tijd niet aan deze beurs te kunnen voldoen. Onlangs kregen wij steun van handelaren die hier al lang aanwezig zijn en ons aanmoedigden om te solliciteren. De museale stukken die gepresenteerd worden, zoals onze Khmer hoofden waarvoor vijf jaar onderzoek nodig was, met een uitstekende herkomst, van voor de jaren 1970, vinden hier hun passende publiek. Naast de kwaliteit van de stukken is de andere reden voor onze acceptatie door de <strong>TEFAF<\/strong> ons algemene karakter: wij bieden werken uit vijf continenten, waarvan steeds minder handelaren kunnen voldoen.<\/em>&#8221;<\/p>\n<figure id=\"attachment_14067\" aria-describedby=\"caption-attachment-14067\" style=\"width: 961px\" class=\"wp-caption alignnone\"><img loading=\"lazy\" decoding=\"async\" class=\"size-full wp-image-14067\" src=\"https:\/\/www.forbes.be\/nl\/wp-content\/uploads\/2026\/03\/grusenmeyer-2025-09-904.jpeg\" alt=\"\" width=\"961\" height=\"1220\" srcset=\"https:\/\/www.forbes.be\/nl\/wp-content\/uploads\/2026\/03\/grusenmeyer-2025-09-904.jpeg 961w, https:\/\/www.forbes.be\/nl\/wp-content\/uploads\/2026\/03\/grusenmeyer-2025-09-904-236x300.jpeg 236w, https:\/\/www.forbes.be\/nl\/wp-content\/uploads\/2026\/03\/grusenmeyer-2025-09-904-807x1024.jpeg 807w, https:\/\/www.forbes.be\/nl\/wp-content\/uploads\/2026\/03\/grusenmeyer-2025-09-904-768x975.jpeg 768w, https:\/\/www.forbes.be\/nl\/wp-content\/uploads\/2026\/03\/grusenmeyer-2025-09-904-696x884.jpeg 696w, https:\/\/www.forbes.be\/nl\/wp-content\/uploads\/2026\/03\/grusenmeyer-2025-09-904-600x762.jpeg 600w\" sizes=\"auto, (max-width: 961px) 100vw, 961px\" \/><figcaption id=\"caption-attachment-14067\" class=\"wp-caption-text\">\u00a9 DR<\/figcaption><\/figure>\n<h2>Top over Economische Impact<\/h2>\n<p>Tijdens de top met de titel &#8220;Voorbij de economische impact: het heroverwegen van cultuur in het overheidsbeleid&#8221;, presenteerde <strong>Sylvie Gleises<\/strong>, CEO van AXA XL in Singapore, de missie van AXA-XL, verzekeraar van de <strong>TEFAF<\/strong>: &#8220;<em>Als referentieverzekeraar, en verder dan enkel de bescherming van cultureel erfgoed, versterken wij het culturele ecosysteem. Onze <strong>AXA Foundation<\/strong> voor menselijke vooruitgang, die onze culturele, wetenschappelijke, milieuvriendelijke en maatschappelijke engagementen verenigt, ondersteunt nieuwe artiesten en ontwikkelt partnerschappen, onder andere met de Franse Nationale Manufacturen.<\/em>&#8221;<\/p>\n<p><strong>Adriano Picinati di Torcello<\/strong>, co\u00f6rdinator van Global Art &amp; Finance (Deloitte) (Moderator) presenteerde het Deloitte-rapport betreffende de economische impact van de <strong>TEFAF<\/strong> op Limburg, provincie van Maastricht (dat bedraagt 32,3 miljoen) inclusief 5,6 miljoen gerelateerd aan mediacoverage, en 86,4 miljoen voor heel Nederland (637,4 miljoenen voor 2017-2025)<\/p>\n<p><strong>Victoria Simonsz-van Krieken<\/strong>, manager van het fonds <strong>Brabant C<\/strong>, financiert cultuur door private partners aan te moedigen om in de sector te investeren en geeft hierbij prioriteit aan de impact op de economische infrastructuur in een regio met technologische groei, meer gericht op partnerschap dan op subsidie, door op de kruising te werken tussen kunstenaars en overheden. &#8220;<em>We zijn in 2024 begonnen met minder dan \u00e9\u00e9n miljoen euro, voor 14 projecten per jaar. Volgend jaar zullen er meer dan 25 initiatieven zijn in bijna de hele provincie Brabant, geselecteerd door een commissie van onafhankelijke experts. Onlangs, in Helmond, in Brabant, werd een initiatief genomen. Creativiteit is een belangrijk toekomstig vraagstuk, en kunstenaars zijn meesters van creativiteit, een groep MKB&#8217;s heeft besloten te investeren om hun stad te verrijken. De provincie heeft voor een gelijk aandeel gefinancierd, en ons fonds steunt hen.<\/em>&#8221;<\/p>\n<ul>\n<li><em><a href=\"http:\/\/www.tefaf.com\" target=\"_blank\" rel=\"noopener\">www.tefaf.com<\/a><\/em><\/li>\n<\/ul>\n","protected":false},"excerpt":{"rendered":"<p>Tijdens deze 39e TEFAF zijn er 26 Belgische galeries (van in totaal 277) in Maastricht. En het TEFAF-UNESCO seminar behandelde de sociaal-economische impact van de beurs. &#8220;De galerie Artimo is geboren uit drie generaties van handelaren, legt Georges van Cauwenbergh uit. Mijn grootvader Marcel, die overleed in het jaar van mijn geboorte, was industrieel en verzamelaar. Onze [&hellip;]<\/p>\n","protected":false},"author":24,"featured_media":14059,"comment_status":"closed","ping_status":"closed","sticky":false,"template":"","format":"standard","meta":{"_acf_changed":false,"inline_featured_image":false,"footnotes":""},"categories":[1,60],"tags":[],"class_list":{"0":"post-14060","1":"post","2":"type-post","3":"status-publish","4":"format-standard","5":"has-post-thumbnail","7":"category-actualiteit","8":"category-cultuur"},"acf":[],"auteur_traducteur":"","yoast_head":"<!-- This site is optimized with the Yoast SEO plugin v27.4 - https:\/\/yoast.com\/product\/yoast-seo-wordpress\/ -->\n<title>TEFAF 2026: Belgische Galerijen en Economisch Effect<\/title>\n<meta name=\"description\" content=\"TEFAF 2026: 26 Belgische galeries in Maastricht. Belangrijke economische invloed voor Nederland en kunstmarkt.\" \/>\n<meta name=\"robots\" content=\"index, follow, max-snippet:-1, max-image-preview:large, max-video-preview:-1\" \/>\n<link rel=\"canonical\" href=\"https:\/\/www.forbes.be\/nl\/tefaf-2026-26-belgische-galerijen-en-economisch-effect\/\" \/>\n<meta property=\"og:locale\" content=\"nl_BE\" \/>\n<meta property=\"og:type\" content=\"article\" \/>\n<meta property=\"og:title\" content=\"TEFAF 2026: Belgische Galerijen en Economisch Effect\" \/>\n<meta property=\"og:description\" content=\"TEFAF 2026: 26 Belgische galeries in Maastricht. Belangrijke economische invloed voor Nederland en kunstmarkt.\" \/>\n<meta property=\"og:url\" content=\"https:\/\/www.forbes.be\/nl\/tefaf-2026-26-belgische-galerijen-en-economisch-effect\/\" \/>\n<meta property=\"og:site_name\" content=\"Forbes Belgi\u00eb\" \/>\n<meta property=\"article:publisher\" content=\"https:\/\/www.facebook.com\/forbesbelgie\" \/>\n<meta property=\"article:published_time\" content=\"2026-03-17T10:01:06+00:00\" \/>\n<meta property=\"article:modified_time\" content=\"2026-03-17T14:42:39+00:00\" \/>\n<meta property=\"og:image\" content=\"https:\/\/www.forbes.be\/nl\/wp-content\/uploads\/2026\/03\/16041-651606963-1397153275787211-1008945511459178267-n.jpg\" \/>\n\t<meta property=\"og:image:width\" content=\"1080\" \/>\n\t<meta property=\"og:image:height\" content=\"565\" \/>\n\t<meta property=\"og:image:type\" content=\"image\/jpeg\" \/>\n<meta name=\"author\" content=\"Johan-Fr\u00e9d\u00e9rik Hel Guedj\" \/>\n<meta name=\"twitter:card\" content=\"summary_large_image\" \/>\n<meta name=\"twitter:label1\" content=\"Geschreven door\" \/>\n\t<meta name=\"twitter:data1\" content=\"Johan-Fr\u00e9d\u00e9rik Hel Guedj\" \/>\n\t<meta name=\"twitter:label2\" content=\"Geschatte leestijd\" \/>\n\t<meta name=\"twitter:data2\" content=\"5 minuten\" \/>\n<script type=\"application\/ld+json\" class=\"yoast-schema-graph\">{\"@context\":\"https:\\\/\\\/schema.org\",\"@graph\":[{\"@type\":\"NewsArticle\",\"@id\":\"https:\\\/\\\/www.forbes.be\\\/nl\\\/tefaf-2026-26-belgische-galerijen-en-economisch-effect\\\/#article\",\"isPartOf\":{\"@id\":\"https:\\\/\\\/www.forbes.be\\\/nl\\\/tefaf-2026-26-belgische-galerijen-en-economisch-effect\\\/\"},\"author\":{\"name\":\"Johan-Fr\u00e9d\u00e9rik Hel Guedj\",\"@id\":\"https:\\\/\\\/www.forbes.be\\\/nl\\\/#\\\/schema\\\/person\\\/7c0ac1896654aa71b07d901c0b9fdde7\"},\"headline\":\"TEFAF 2026: 26 Belgische galerijen en een onmisbare economische invloed\",\"datePublished\":\"2026-03-17T10:01:06+00:00\",\"dateModified\":\"2026-03-17T14:42:39+00:00\",\"mainEntityOfPage\":{\"@id\":\"https:\\\/\\\/www.forbes.be\\\/nl\\\/tefaf-2026-26-belgische-galerijen-en-economisch-effect\\\/\"},\"wordCount\":716,\"publisher\":{\"@id\":\"https:\\\/\\\/www.forbes.be\\\/nl\\\/#organization\"},\"image\":{\"@id\":\"https:\\\/\\\/www.forbes.be\\\/nl\\\/tefaf-2026-26-belgische-galerijen-en-economisch-effect\\\/#primaryimage\"},\"thumbnailUrl\":\"https:\\\/\\\/www.forbes.be\\\/nl\\\/wp-content\\\/uploads\\\/2026\\\/03\\\/16041-651606963-1397153275787211-1008945511459178267-n.jpg\",\"articleSection\":[\"Actualiteit\",\"Cultuur\"],\"inLanguage\":\"nl-BE\"},{\"@type\":\"WebPage\",\"@id\":\"https:\\\/\\\/www.forbes.be\\\/nl\\\/tefaf-2026-26-belgische-galerijen-en-economisch-effect\\\/\",\"url\":\"https:\\\/\\\/www.forbes.be\\\/nl\\\/tefaf-2026-26-belgische-galerijen-en-economisch-effect\\\/\",\"name\":\"TEFAF 2026: Belgische Galerijen en Economisch Effect\",\"isPartOf\":{\"@id\":\"https:\\\/\\\/www.forbes.be\\\/nl\\\/#website\"},\"primaryImageOfPage\":{\"@id\":\"https:\\\/\\\/www.forbes.be\\\/nl\\\/tefaf-2026-26-belgische-galerijen-en-economisch-effect\\\/#primaryimage\"},\"image\":{\"@id\":\"https:\\\/\\\/www.forbes.be\\\/nl\\\/tefaf-2026-26-belgische-galerijen-en-economisch-effect\\\/#primaryimage\"},\"thumbnailUrl\":\"https:\\\/\\\/www.forbes.be\\\/nl\\\/wp-content\\\/uploads\\\/2026\\\/03\\\/16041-651606963-1397153275787211-1008945511459178267-n.jpg\",\"datePublished\":\"2026-03-17T10:01:06+00:00\",\"dateModified\":\"2026-03-17T14:42:39+00:00\",\"description\":\"TEFAF 2026: 26 Belgische galeries in Maastricht. Belangrijke economische invloed voor Nederland en kunstmarkt.\",\"breadcrumb\":{\"@id\":\"https:\\\/\\\/www.forbes.be\\\/nl\\\/tefaf-2026-26-belgische-galerijen-en-economisch-effect\\\/#breadcrumb\"},\"inLanguage\":\"nl-BE\",\"potentialAction\":[{\"@type\":\"ReadAction\",\"target\":[\"https:\\\/\\\/www.forbes.be\\\/nl\\\/tefaf-2026-26-belgische-galerijen-en-economisch-effect\\\/\"]}]},{\"@type\":\"ImageObject\",\"inLanguage\":\"nl-BE\",\"@id\":\"https:\\\/\\\/www.forbes.be\\\/nl\\\/tefaf-2026-26-belgische-galerijen-en-economisch-effect\\\/#primaryimage\",\"url\":\"https:\\\/\\\/www.forbes.be\\\/nl\\\/wp-content\\\/uploads\\\/2026\\\/03\\\/16041-651606963-1397153275787211-1008945511459178267-n.jpg\",\"contentUrl\":\"https:\\\/\\\/www.forbes.be\\\/nl\\\/wp-content\\\/uploads\\\/2026\\\/03\\\/16041-651606963-1397153275787211-1008945511459178267-n.jpg\",\"width\":1080,\"height\":565},{\"@type\":\"BreadcrumbList\",\"@id\":\"https:\\\/\\\/www.forbes.be\\\/nl\\\/tefaf-2026-26-belgische-galerijen-en-economisch-effect\\\/#breadcrumb\",\"itemListElement\":[{\"@type\":\"ListItem\",\"position\":1,\"name\":\"Accueil\",\"item\":\"https:\\\/\\\/www.forbes.be\\\/nl\\\/\"},{\"@type\":\"ListItem\",\"position\":2,\"name\":\"TEFAF 2026: 26 Belgische galerijen en een onmisbare economische invloed\"}]},{\"@type\":\"WebSite\",\"@id\":\"https:\\\/\\\/www.forbes.be\\\/nl\\\/#website\",\"url\":\"https:\\\/\\\/www.forbes.be\\\/nl\\\/\",\"name\":\"Forbes Belgi\u00eb\",\"description\":\"\",\"publisher\":{\"@id\":\"https:\\\/\\\/www.forbes.be\\\/nl\\\/#organization\"},\"potentialAction\":[{\"@type\":\"SearchAction\",\"target\":{\"@type\":\"EntryPoint\",\"urlTemplate\":\"https:\\\/\\\/www.forbes.be\\\/nl\\\/?s={search_term_string}\"},\"query-input\":{\"@type\":\"PropertyValueSpecification\",\"valueRequired\":true,\"valueName\":\"search_term_string\"}}],\"inLanguage\":\"nl-BE\"},{\"@type\":\"Organization\",\"@id\":\"https:\\\/\\\/www.forbes.be\\\/nl\\\/#organization\",\"name\":\"Forbes Belgi\u00eb\",\"url\":\"https:\\\/\\\/www.forbes.be\\\/nl\\\/\",\"logo\":{\"@type\":\"ImageObject\",\"inLanguage\":\"nl-BE\",\"@id\":\"https:\\\/\\\/www.forbes.be\\\/nl\\\/#\\\/schema\\\/logo\\\/image\\\/\",\"url\":\"https:\\\/\\\/www.forbes.be\\\/nl\\\/wp-content\\\/uploads\\\/2024\\\/02\\\/forbes.be_.png\",\"contentUrl\":\"https:\\\/\\\/www.forbes.be\\\/nl\\\/wp-content\\\/uploads\\\/2024\\\/02\\\/forbes.be_.png\",\"width\":1200,\"height\":675,\"caption\":\"Forbes Belgi\u00eb\"},\"image\":{\"@id\":\"https:\\\/\\\/www.forbes.be\\\/nl\\\/#\\\/schema\\\/logo\\\/image\\\/\"},\"sameAs\":[\"https:\\\/\\\/www.facebook.com\\\/forbesbelgie\",\"https:\\\/\\\/www.instagram.com\\\/Forbes_Belgium\",\"https:\\\/\\\/www.linkedin.com\\\/company\\\/forbes-belgium\\\/\"]},{\"@type\":\"Person\",\"@id\":\"https:\\\/\\\/www.forbes.be\\\/nl\\\/#\\\/schema\\\/person\\\/7c0ac1896654aa71b07d901c0b9fdde7\",\"name\":\"Johan-Fr\u00e9d\u00e9rik Hel Guedj\",\"image\":{\"@type\":\"ImageObject\",\"inLanguage\":\"nl-BE\",\"@id\":\"https:\\\/\\\/secure.gravatar.com\\\/avatar\\\/65333543693434f2cc9fdefb3173b162df98712d00606b00b3d43914f79a1598?s=96&d=mm&r=g\",\"url\":\"https:\\\/\\\/secure.gravatar.com\\\/avatar\\\/65333543693434f2cc9fdefb3173b162df98712d00606b00b3d43914f79a1598?s=96&d=mm&r=g\",\"contentUrl\":\"https:\\\/\\\/secure.gravatar.com\\\/avatar\\\/65333543693434f2cc9fdefb3173b162df98712d00606b00b3d43914f79a1598?s=96&d=mm&r=g\",\"caption\":\"Johan-Fr\u00e9d\u00e9rik Hel Guedj\"},\"description\":\"Johan-Frederik Hel Guedj is een Franse journalist en auteur. Hij was zeven jaar hoofdredacteur van het tijdschrift Pouvoirs Locaux, dat gewijd is aan cultuurbeleid. Daarnaast publiceerde hij acht boeken bij Franse en Belgische uitgevers, waaronder twee romans, een essay over Orson Welles en vier kunstboeken. Naast Forbes werkt hij ook mee aan L\u2019Echo en Le Quotidien de l\u2019Art (Parijs).\",\"url\":\"https:\\\/\\\/www.forbes.be\\\/nl\\\/author\\\/johan-frederik-hel-guedj\\\/\"}]}<\/script>\n<!-- \/ Yoast SEO plugin. -->","yoast_head_json":{"title":"TEFAF 2026: Belgische Galerijen en Economisch Effect","description":"TEFAF 2026: 26 Belgische galeries in Maastricht. Belangrijke economische invloed voor Nederland en kunstmarkt.","robots":{"index":"index","follow":"follow","max-snippet":"max-snippet:-1","max-image-preview":"max-image-preview:large","max-video-preview":"max-video-preview:-1"},"canonical":"https:\/\/www.forbes.be\/nl\/tefaf-2026-26-belgische-galerijen-en-economisch-effect\/","og_locale":"nl_BE","og_type":"article","og_title":"TEFAF 2026: Belgische Galerijen en Economisch Effect","og_description":"TEFAF 2026: 26 Belgische galeries in Maastricht. Belangrijke economische invloed voor Nederland en kunstmarkt.","og_url":"https:\/\/www.forbes.be\/nl\/tefaf-2026-26-belgische-galerijen-en-economisch-effect\/","og_site_name":"Forbes Belgi\u00eb","article_publisher":"https:\/\/www.facebook.com\/forbesbelgie","article_published_time":"2026-03-17T10:01:06+00:00","article_modified_time":"2026-03-17T14:42:39+00:00","og_image":[{"width":1080,"height":565,"url":"https:\/\/www.forbes.be\/nl\/wp-content\/uploads\/2026\/03\/16041-651606963-1397153275787211-1008945511459178267-n.jpg","type":"image\/jpeg"}],"author":"Johan-Fr\u00e9d\u00e9rik Hel Guedj","twitter_card":"summary_large_image","twitter_misc":{"Geschreven door":"Johan-Fr\u00e9d\u00e9rik Hel Guedj","Geschatte leestijd":"5 minuten"},"schema":{"@context":"https:\/\/schema.org","@graph":[{"@type":"NewsArticle","@id":"https:\/\/www.forbes.be\/nl\/tefaf-2026-26-belgische-galerijen-en-economisch-effect\/#article","isPartOf":{"@id":"https:\/\/www.forbes.be\/nl\/tefaf-2026-26-belgische-galerijen-en-economisch-effect\/"},"author":{"name":"Johan-Fr\u00e9d\u00e9rik Hel Guedj","@id":"https:\/\/www.forbes.be\/nl\/#\/schema\/person\/7c0ac1896654aa71b07d901c0b9fdde7"},"headline":"TEFAF 2026: 26 Belgische galerijen en een onmisbare economische invloed","datePublished":"2026-03-17T10:01:06+00:00","dateModified":"2026-03-17T14:42:39+00:00","mainEntityOfPage":{"@id":"https:\/\/www.forbes.be\/nl\/tefaf-2026-26-belgische-galerijen-en-economisch-effect\/"},"wordCount":716,"publisher":{"@id":"https:\/\/www.forbes.be\/nl\/#organization"},"image":{"@id":"https:\/\/www.forbes.be\/nl\/tefaf-2026-26-belgische-galerijen-en-economisch-effect\/#primaryimage"},"thumbnailUrl":"https:\/\/www.forbes.be\/nl\/wp-content\/uploads\/2026\/03\/16041-651606963-1397153275787211-1008945511459178267-n.jpg","articleSection":["Actualiteit","Cultuur"],"inLanguage":"nl-BE"},{"@type":"WebPage","@id":"https:\/\/www.forbes.be\/nl\/tefaf-2026-26-belgische-galerijen-en-economisch-effect\/","url":"https:\/\/www.forbes.be\/nl\/tefaf-2026-26-belgische-galerijen-en-economisch-effect\/","name":"TEFAF 2026: Belgische Galerijen en Economisch Effect","isPartOf":{"@id":"https:\/\/www.forbes.be\/nl\/#website"},"primaryImageOfPage":{"@id":"https:\/\/www.forbes.be\/nl\/tefaf-2026-26-belgische-galerijen-en-economisch-effect\/#primaryimage"},"image":{"@id":"https:\/\/www.forbes.be\/nl\/tefaf-2026-26-belgische-galerijen-en-economisch-effect\/#primaryimage"},"thumbnailUrl":"https:\/\/www.forbes.be\/nl\/wp-content\/uploads\/2026\/03\/16041-651606963-1397153275787211-1008945511459178267-n.jpg","datePublished":"2026-03-17T10:01:06+00:00","dateModified":"2026-03-17T14:42:39+00:00","description":"TEFAF 2026: 26 Belgische galeries in Maastricht. Belangrijke economische invloed voor Nederland en kunstmarkt.","breadcrumb":{"@id":"https:\/\/www.forbes.be\/nl\/tefaf-2026-26-belgische-galerijen-en-economisch-effect\/#breadcrumb"},"inLanguage":"nl-BE","potentialAction":[{"@type":"ReadAction","target":["https:\/\/www.forbes.be\/nl\/tefaf-2026-26-belgische-galerijen-en-economisch-effect\/"]}]},{"@type":"ImageObject","inLanguage":"nl-BE","@id":"https:\/\/www.forbes.be\/nl\/tefaf-2026-26-belgische-galerijen-en-economisch-effect\/#primaryimage","url":"https:\/\/www.forbes.be\/nl\/wp-content\/uploads\/2026\/03\/16041-651606963-1397153275787211-1008945511459178267-n.jpg","contentUrl":"https:\/\/www.forbes.be\/nl\/wp-content\/uploads\/2026\/03\/16041-651606963-1397153275787211-1008945511459178267-n.jpg","width":1080,"height":565},{"@type":"BreadcrumbList","@id":"https:\/\/www.forbes.be\/nl\/tefaf-2026-26-belgische-galerijen-en-economisch-effect\/#breadcrumb","itemListElement":[{"@type":"ListItem","position":1,"name":"Accueil","item":"https:\/\/www.forbes.be\/nl\/"},{"@type":"ListItem","position":2,"name":"TEFAF 2026: 26 Belgische galerijen en een onmisbare economische invloed"}]},{"@type":"WebSite","@id":"https:\/\/www.forbes.be\/nl\/#website","url":"https:\/\/www.forbes.be\/nl\/","name":"Forbes Belgi\u00eb","description":"","publisher":{"@id":"https:\/\/www.forbes.be\/nl\/#organization"},"potentialAction":[{"@type":"SearchAction","target":{"@type":"EntryPoint","urlTemplate":"https:\/\/www.forbes.be\/nl\/?s={search_term_string}"},"query-input":{"@type":"PropertyValueSpecification","valueRequired":true,"valueName":"search_term_string"}}],"inLanguage":"nl-BE"},{"@type":"Organization","@id":"https:\/\/www.forbes.be\/nl\/#organization","name":"Forbes Belgi\u00eb","url":"https:\/\/www.forbes.be\/nl\/","logo":{"@type":"ImageObject","inLanguage":"nl-BE","@id":"https:\/\/www.forbes.be\/nl\/#\/schema\/logo\/image\/","url":"https:\/\/www.forbes.be\/nl\/wp-content\/uploads\/2024\/02\/forbes.be_.png","contentUrl":"https:\/\/www.forbes.be\/nl\/wp-content\/uploads\/2024\/02\/forbes.be_.png","width":1200,"height":675,"caption":"Forbes Belgi\u00eb"},"image":{"@id":"https:\/\/www.forbes.be\/nl\/#\/schema\/logo\/image\/"},"sameAs":["https:\/\/www.facebook.com\/forbesbelgie","https:\/\/www.instagram.com\/Forbes_Belgium","https:\/\/www.linkedin.com\/company\/forbes-belgium\/"]},{"@type":"Person","@id":"https:\/\/www.forbes.be\/nl\/#\/schema\/person\/7c0ac1896654aa71b07d901c0b9fdde7","name":"Johan-Fr\u00e9d\u00e9rik Hel Guedj","image":{"@type":"ImageObject","inLanguage":"nl-BE","@id":"https:\/\/secure.gravatar.com\/avatar\/65333543693434f2cc9fdefb3173b162df98712d00606b00b3d43914f79a1598?s=96&d=mm&r=g","url":"https:\/\/secure.gravatar.com\/avatar\/65333543693434f2cc9fdefb3173b162df98712d00606b00b3d43914f79a1598?s=96&d=mm&r=g","contentUrl":"https:\/\/secure.gravatar.com\/avatar\/65333543693434f2cc9fdefb3173b162df98712d00606b00b3d43914f79a1598?s=96&d=mm&r=g","caption":"Johan-Fr\u00e9d\u00e9rik Hel Guedj"},"description":"Johan-Frederik Hel Guedj is een Franse journalist en auteur. Hij was zeven jaar hoofdredacteur van het tijdschrift Pouvoirs Locaux, dat gewijd is aan cultuurbeleid. Daarnaast publiceerde hij acht boeken bij Franse en Belgische uitgevers, waaronder twee romans, een essay over Orson Welles en vier kunstboeken. Naast Forbes werkt hij ook mee aan L\u2019Echo en Le Quotidien de l\u2019Art (Parijs).","url":"https:\/\/www.forbes.be\/nl\/author\/johan-frederik-hel-guedj\/"}]}},"_links":{"self":[{"href":"https:\/\/www.forbes.be\/nl\/wp-json\/wp\/v2\/posts\/14060","targetHints":{"allow":["GET"]}}],"collection":[{"href":"https:\/\/www.forbes.be\/nl\/wp-json\/wp\/v2\/posts"}],"about":[{"href":"https:\/\/www.forbes.be\/nl\/wp-json\/wp\/v2\/types\/post"}],"author":[{"embeddable":true,"href":"https:\/\/www.forbes.be\/nl\/wp-json\/wp\/v2\/users\/24"}],"replies":[{"embeddable":true,"href":"https:\/\/www.forbes.be\/nl\/wp-json\/wp\/v2\/comments?post=14060"}],"version-history":[{"count":3,"href":"https:\/\/www.forbes.be\/nl\/wp-json\/wp\/v2\/posts\/14060\/revisions"}],"predecessor-version":[{"id":14068,"href":"https:\/\/www.forbes.be\/nl\/wp-json\/wp\/v2\/posts\/14060\/revisions\/14068"}],"wp:featuredmedia":[{"embeddable":true,"href":"https:\/\/www.forbes.be\/nl\/wp-json\/wp\/v2\/media\/14059"}],"wp:attachment":[{"href":"https:\/\/www.forbes.be\/nl\/wp-json\/wp\/v2\/media?parent=14060"}],"wp:term":[{"taxonomy":"category","embeddable":true,"href":"https:\/\/www.forbes.be\/nl\/wp-json\/wp\/v2\/categories?post=14060"},{"taxonomy":"post_tag","embeddable":true,"href":"https:\/\/www.forbes.be\/nl\/wp-json\/wp\/v2\/tags?post=14060"}],"curies":[{"name":"wp","href":"https:\/\/api.w.org\/{rel}","templated":true}]}}