{"id":14642,"date":"2026-04-30T11:29:32","date_gmt":"2026-04-30T09:29:32","guid":{"rendered":"https:\/\/www.forbes.be\/nl\/?p=14642"},"modified":"2026-04-30T11:29:32","modified_gmt":"2026-04-30T09:29:32","slug":"wijziging-aan-de-top-van-belfius-wat-de-nieuwe-ceo-olivier-onclin-van-plan-is","status":"publish","type":"post","link":"https:\/\/www.forbes.be\/nl\/wijziging-aan-de-top-van-belfius-wat-de-nieuwe-ceo-olivier-onclin-van-plan-is\/","title":{"rendered":"Wijziging aan de top van Belfius: wat de nieuwe CEO Olivier Onclin van plan is"},"content":{"rendered":"<p><strong>De openbare bank-verzekeraar Belfius heeft tijdens haar algemene vergadering op 29 april een belangrijke transitie aan de top van haar bestuur geformaliseerd. Olivier Onclin is officieel aangesteld als CEO, en volgt hiermee Marc Raisi\u00e8re op, die nu het voorzitterschap van de raad van bestuur op zich neemt. Een verwachte machtswisseling, die gepaard gaat met de uitrol van de \u00ab Unlock 2030 \u00bb strategie van de groep.<\/strong><\/p>\n<p>Na veertien jaar aan het hoofd van <strong>Belfius<\/strong>, draagt <strong>Marc Raisi\u00e8re<\/strong> het stokje over aan <strong>Olivier Onclin<\/strong>. Een evolutie die al lang is voorbereid en vooral een gecontroleerde transitie nastreeft.<\/p>\n<p><em>\u00ab Na 14 jaar als CEO draag ik vandaag deze verantwoordelijkheid over, met groot vertrouwen in Olivier en het team om hem heen \u00bb<\/em>, benadrukt Marc Raisi\u00e8re. <em>\u00ab In mijn nieuwe rol als voorzitter laat ik aan Olivier en zijn team de taak over om verder te schrijven aan het verhaal, met dezelfde energie en overtuiging. \u00bb<\/em><\/p>\n<p>Deze continu\u00efteit wordt ook door de nieuwe CEO gevorderd, die de nadruk legt op de fundamenten die de laatste jaren zijn gelegd.<\/p>\n<p><em>\u00ab Marc heeft Belfius solide gepositioneerd voor de toekomst: een gezonde bank-verzekeraar, gedragen door een betrokken team \u00bb<\/em>, zegt Olivier Onclin. <em>\u00ab We zullen op deze basis voortbouwen. \u00bb<\/em><\/p>\n<h2>Een versterkt team om de nieuwe strategie te dragen<\/h2>\n<p>Naast deze leiderschapswissel, heeft Belfius verschillende benoemingen gedaan binnen haar <strong>directiecomit\u00e9<\/strong>, zowel aan de bancaire kant als in de verzekeringssector.<\/p>\n<p><strong>Mario De Vry<\/strong> en <strong>Matthias Baillieul<\/strong>, die toetreden tot het Directiecomit\u00e9 van Belfius Bank, zijn benoemd tot <strong>uitvoerend bestuurders<\/strong> voor een periode van 4 jaar.<\/p>\n<p>Het mandaat van <strong>Lutgart Van den Berghe<\/strong>, onafhankelijk niet-uitvoerend bestuurder, is ge\u00ebindigd. De algemene vergadering heeft voorgesteld om <strong>Vanessa Marquette<\/strong> (partner bij Loyens &amp; Loeff) te benoemen als onafhankelijk niet-uitvoerend bestuurder, onder voorbehoud van goedkeuring door de toezichthoudende autoriteit. Vanessa Marquette staat bekend om haar diepgaande expertise in bank- en financieel recht.<\/p>\n<p>Deze reorganisatie maakt deel uit van het \u00ab Unlock 2030 \u00bb plan, dat eind maart werd gepresenteerd. Deze routekaart berust op verschillende structurele assen: consolidatie van het <strong>bank-verzekeringsmodel<\/strong>, technologische investeringen, ontwikkeling van <strong>private banking<\/strong> en internationale uitbreiding van verzekeringsactiviteiten.<\/p>\n<p>Voor Olivier Onclin gaat de uitdaging verder dan alleen financi\u00eble prestaties: <em>\u00ab 1 op de 3 Belgen rekent op Belfius, en deze verantwoordelijkheid gaat verder dan de bank. Het vereist een bank die gelooft dat er altijd meer mogelijk is. \u00bb<\/em><\/p>\n<h2>Bestuur en vernieuwing van de raad<\/h2>\n<p>Parallel zijn er aanpassingen gedaan binnen de <strong>raad van bestuur<\/strong>. De benoeming van Marc Raisi\u00e8re tot voorzitter gaat gepaard met de komst van nieuwe profielen en de vernieuwing van bepaalde mandaten.<\/p>\n<p>De groep benadrukt vooral het versterken van de expertise binnen de raad, in een steeds veeleisender regelgevend en financieel kader.<\/p>\n","protected":false},"excerpt":{"rendered":"<p>De openbare bank-verzekeraar Belfius heeft tijdens haar algemene vergadering op 29 april een belangrijke transitie aan de top van haar bestuur geformaliseerd. Olivier Onclin is officieel aangesteld als CEO, en volgt hiermee Marc Raisi\u00e8re op, die nu het voorzitterschap van de raad [&hellip;]<\/p>\n","protected":false},"author":51,"featured_media":14641,"comment_status":"closed","ping_status":"closed","sticky":false,"template":"","format":"standard","meta":{"_acf_changed":false,"inline_featured_image":false,"footnotes":""},"categories":[1,28,27],"tags":[],"class_list":{"0":"post-14642","1":"post","2":"type-post","3":"status-publish","4":"format-standard","5":"has-post-thumbnail","7":"category-actualiteit","8":"category-financien","9":"category-leiderschap"},"acf":[],"auteur_traducteur":null,"yoast_head":"<!-- This site is optimized with the Yoast SEO plugin v27.4 - https:\/\/yoast.com\/product\/yoast-seo-wordpress\/ -->\n<title>Wijziging aan de top van Belfius: plannen van nieuwe CEO Olivier Onclin<\/title>\n<meta name=\"description\" content=\"Olivier Onclin volgt Marc Raisi\u00e8re op aan de top van Belfius en zal het \u00ab Unlock 2030 \u00bb plan van de Belgische staatsbank-verzekeraar leiden.\" \/>\n<meta name=\"robots\" content=\"index, follow, max-snippet:-1, max-image-preview:large, max-video-preview:-1\" \/>\n<link rel=\"canonical\" href=\"https:\/\/www.forbes.be\/nl\/wijziging-aan-de-top-van-belfius-wat-de-nieuwe-ceo-olivier-onclin-van-plan-is\/\" \/>\n<meta property=\"og:locale\" content=\"nl_BE\" \/>\n<meta property=\"og:type\" content=\"article\" \/>\n<meta property=\"og:title\" content=\"Wijziging aan de top van Belfius: plannen van nieuwe CEO Olivier Onclin\" \/>\n<meta property=\"og:description\" content=\"Olivier Onclin volgt Marc Raisi\u00e8re op aan de top van Belfius en zal het \u00ab Unlock 2030 \u00bb plan van de Belgische staatsbank-verzekeraar leiden.\" \/>\n<meta property=\"og:url\" content=\"https:\/\/www.forbes.be\/nl\/wijziging-aan-de-top-van-belfius-wat-de-nieuwe-ceo-olivier-onclin-van-plan-is\/\" \/>\n<meta property=\"og:site_name\" content=\"Forbes Belgi\u00eb\" \/>\n<meta property=\"article:publisher\" content=\"https:\/\/www.facebook.com\/forbesbelgie\" \/>\n<meta property=\"article:published_time\" content=\"2026-04-30T09:29:32+00:00\" \/>\n<meta property=\"og:image\" content=\"https:\/\/www.forbes.be\/nl\/wp-content\/uploads\/2026\/04\/17004-belfius-1.jpg\" \/>\n\t<meta property=\"og:image:width\" content=\"2556\" \/>\n\t<meta property=\"og:image:height\" content=\"1340\" \/>\n\t<meta property=\"og:image:type\" content=\"image\/jpeg\" \/>\n<meta name=\"author\" content=\"Demetrio Scagliola\" \/>\n<meta name=\"twitter:card\" content=\"summary_large_image\" \/>\n<meta name=\"twitter:label1\" content=\"Geschreven door\" \/>\n\t<meta name=\"twitter:data1\" content=\"Demetrio Scagliola\" \/>\n\t<meta name=\"twitter:label2\" content=\"Geschatte leestijd\" \/>\n\t<meta name=\"twitter:data2\" content=\"2 minuten\" \/>\n<script type=\"application\/ld+json\" class=\"yoast-schema-graph\">{\"@context\":\"https:\\\/\\\/schema.org\",\"@graph\":[{\"@type\":\"NewsArticle\",\"@id\":\"https:\\\/\\\/www.forbes.be\\\/nl\\\/wijziging-aan-de-top-van-belfius-wat-de-nieuwe-ceo-olivier-onclin-van-plan-is\\\/#article\",\"isPartOf\":{\"@id\":\"https:\\\/\\\/www.forbes.be\\\/nl\\\/wijziging-aan-de-top-van-belfius-wat-de-nieuwe-ceo-olivier-onclin-van-plan-is\\\/\"},\"author\":{\"name\":\"Demetrio Scagliola\",\"@id\":\"https:\\\/\\\/www.forbes.be\\\/nl\\\/#\\\/schema\\\/person\\\/aa631d3fb21ac0b0e4147f409f720410\"},\"headline\":\"Wijziging aan de top van Belfius: wat de nieuwe CEO Olivier Onclin van plan is\",\"datePublished\":\"2026-04-30T09:29:32+00:00\",\"mainEntityOfPage\":{\"@id\":\"https:\\\/\\\/www.forbes.be\\\/nl\\\/wijziging-aan-de-top-van-belfius-wat-de-nieuwe-ceo-olivier-onclin-van-plan-is\\\/\"},\"wordCount\":446,\"publisher\":{\"@id\":\"https:\\\/\\\/www.forbes.be\\\/nl\\\/#organization\"},\"image\":{\"@id\":\"https:\\\/\\\/www.forbes.be\\\/nl\\\/wijziging-aan-de-top-van-belfius-wat-de-nieuwe-ceo-olivier-onclin-van-plan-is\\\/#primaryimage\"},\"thumbnailUrl\":\"https:\\\/\\\/www.forbes.be\\\/nl\\\/wp-content\\\/uploads\\\/2026\\\/04\\\/17004-belfius-1.jpg\",\"articleSection\":[\"Actualiteit\",\"Financien\",\"Leiderschap\"],\"inLanguage\":\"nl-BE\"},{\"@type\":\"WebPage\",\"@id\":\"https:\\\/\\\/www.forbes.be\\\/nl\\\/wijziging-aan-de-top-van-belfius-wat-de-nieuwe-ceo-olivier-onclin-van-plan-is\\\/\",\"url\":\"https:\\\/\\\/www.forbes.be\\\/nl\\\/wijziging-aan-de-top-van-belfius-wat-de-nieuwe-ceo-olivier-onclin-van-plan-is\\\/\",\"name\":\"Wijziging aan de top van Belfius: plannen van nieuwe CEO Olivier Onclin\",\"isPartOf\":{\"@id\":\"https:\\\/\\\/www.forbes.be\\\/nl\\\/#website\"},\"primaryImageOfPage\":{\"@id\":\"https:\\\/\\\/www.forbes.be\\\/nl\\\/wijziging-aan-de-top-van-belfius-wat-de-nieuwe-ceo-olivier-onclin-van-plan-is\\\/#primaryimage\"},\"image\":{\"@id\":\"https:\\\/\\\/www.forbes.be\\\/nl\\\/wijziging-aan-de-top-van-belfius-wat-de-nieuwe-ceo-olivier-onclin-van-plan-is\\\/#primaryimage\"},\"thumbnailUrl\":\"https:\\\/\\\/www.forbes.be\\\/nl\\\/wp-content\\\/uploads\\\/2026\\\/04\\\/17004-belfius-1.jpg\",\"datePublished\":\"2026-04-30T09:29:32+00:00\",\"description\":\"Olivier Onclin volgt Marc Raisi\u00e8re op aan de top van Belfius en zal het \u00ab Unlock 2030 \u00bb plan van de Belgische staatsbank-verzekeraar leiden.\",\"breadcrumb\":{\"@id\":\"https:\\\/\\\/www.forbes.be\\\/nl\\\/wijziging-aan-de-top-van-belfius-wat-de-nieuwe-ceo-olivier-onclin-van-plan-is\\\/#breadcrumb\"},\"inLanguage\":\"nl-BE\",\"potentialAction\":[{\"@type\":\"ReadAction\",\"target\":[\"https:\\\/\\\/www.forbes.be\\\/nl\\\/wijziging-aan-de-top-van-belfius-wat-de-nieuwe-ceo-olivier-onclin-van-plan-is\\\/\"]}]},{\"@type\":\"ImageObject\",\"inLanguage\":\"nl-BE\",\"@id\":\"https:\\\/\\\/www.forbes.be\\\/nl\\\/wijziging-aan-de-top-van-belfius-wat-de-nieuwe-ceo-olivier-onclin-van-plan-is\\\/#primaryimage\",\"url\":\"https:\\\/\\\/www.forbes.be\\\/nl\\\/wp-content\\\/uploads\\\/2026\\\/04\\\/17004-belfius-1.jpg\",\"contentUrl\":\"https:\\\/\\\/www.forbes.be\\\/nl\\\/wp-content\\\/uploads\\\/2026\\\/04\\\/17004-belfius-1.jpg\",\"width\":2556,\"height\":1340,\"caption\":\"Olivier Onclin (\u00e0 gauche) succ\u00e8de \u00e0 Marc Raisi\u00e8re \u00e0 la t\u00eate de Belfius \u00a9 DR\"},{\"@type\":\"BreadcrumbList\",\"@id\":\"https:\\\/\\\/www.forbes.be\\\/nl\\\/wijziging-aan-de-top-van-belfius-wat-de-nieuwe-ceo-olivier-onclin-van-plan-is\\\/#breadcrumb\",\"itemListElement\":[{\"@type\":\"ListItem\",\"position\":1,\"name\":\"Accueil\",\"item\":\"https:\\\/\\\/www.forbes.be\\\/nl\\\/\"},{\"@type\":\"ListItem\",\"position\":2,\"name\":\"Wijziging aan de top van Belfius: wat de nieuwe CEO Olivier Onclin van plan is\"}]},{\"@type\":\"WebSite\",\"@id\":\"https:\\\/\\\/www.forbes.be\\\/nl\\\/#website\",\"url\":\"https:\\\/\\\/www.forbes.be\\\/nl\\\/\",\"name\":\"Forbes Belgi\u00eb\",\"description\":\"\",\"publisher\":{\"@id\":\"https:\\\/\\\/www.forbes.be\\\/nl\\\/#organization\"},\"potentialAction\":[{\"@type\":\"SearchAction\",\"target\":{\"@type\":\"EntryPoint\",\"urlTemplate\":\"https:\\\/\\\/www.forbes.be\\\/nl\\\/?s={search_term_string}\"},\"query-input\":{\"@type\":\"PropertyValueSpecification\",\"valueRequired\":true,\"valueName\":\"search_term_string\"}}],\"inLanguage\":\"nl-BE\"},{\"@type\":\"Organization\",\"@id\":\"https:\\\/\\\/www.forbes.be\\\/nl\\\/#organization\",\"name\":\"Forbes Belgi\u00eb\",\"url\":\"https:\\\/\\\/www.forbes.be\\\/nl\\\/\",\"logo\":{\"@type\":\"ImageObject\",\"inLanguage\":\"nl-BE\",\"@id\":\"https:\\\/\\\/www.forbes.be\\\/nl\\\/#\\\/schema\\\/logo\\\/image\\\/\",\"url\":\"https:\\\/\\\/www.forbes.be\\\/nl\\\/wp-content\\\/uploads\\\/2024\\\/02\\\/forbes.be_.png\",\"contentUrl\":\"https:\\\/\\\/www.forbes.be\\\/nl\\\/wp-content\\\/uploads\\\/2024\\\/02\\\/forbes.be_.png\",\"width\":1200,\"height\":675,\"caption\":\"Forbes Belgi\u00eb\"},\"image\":{\"@id\":\"https:\\\/\\\/www.forbes.be\\\/nl\\\/#\\\/schema\\\/logo\\\/image\\\/\"},\"sameAs\":[\"https:\\\/\\\/www.facebook.com\\\/forbesbelgie\",\"https:\\\/\\\/www.instagram.com\\\/Forbes_Belgium\",\"https:\\\/\\\/www.linkedin.com\\\/company\\\/forbes-belgium\\\/\"]},{\"@type\":\"Person\",\"@id\":\"https:\\\/\\\/www.forbes.be\\\/nl\\\/#\\\/schema\\\/person\\\/aa631d3fb21ac0b0e4147f409f720410\",\"name\":\"Demetrio Scagliola\",\"image\":{\"@type\":\"ImageObject\",\"inLanguage\":\"nl-BE\",\"@id\":\"https:\\\/\\\/secure.gravatar.com\\\/avatar\\\/232582365ad68ea54815b307423ac8533cd4a8567f6856361d06fe18e55bd62d?s=96&d=mm&r=g\",\"url\":\"https:\\\/\\\/secure.gravatar.com\\\/avatar\\\/232582365ad68ea54815b307423ac8533cd4a8567f6856361d06fe18e55bd62d?s=96&d=mm&r=g\",\"contentUrl\":\"https:\\\/\\\/secure.gravatar.com\\\/avatar\\\/232582365ad68ea54815b307423ac8533cd4a8567f6856361d06fe18e55bd62d?s=96&d=mm&r=g\",\"caption\":\"Demetrio Scagliola\"},\"url\":\"https:\\\/\\\/www.forbes.be\\\/nl\\\/author\\\/demetrioscagliola\\\/\"}]}<\/script>\n<!-- \/ Yoast SEO plugin. -->","yoast_head_json":{"title":"Wijziging aan de top van Belfius: plannen van nieuwe CEO Olivier Onclin","description":"Olivier Onclin volgt Marc Raisi\u00e8re op aan de top van Belfius en zal het \u00ab Unlock 2030 \u00bb plan van de Belgische staatsbank-verzekeraar leiden.","robots":{"index":"index","follow":"follow","max-snippet":"max-snippet:-1","max-image-preview":"max-image-preview:large","max-video-preview":"max-video-preview:-1"},"canonical":"https:\/\/www.forbes.be\/nl\/wijziging-aan-de-top-van-belfius-wat-de-nieuwe-ceo-olivier-onclin-van-plan-is\/","og_locale":"nl_BE","og_type":"article","og_title":"Wijziging aan de top van Belfius: plannen van nieuwe CEO Olivier Onclin","og_description":"Olivier Onclin volgt Marc Raisi\u00e8re op aan de top van Belfius en zal het \u00ab Unlock 2030 \u00bb plan van de Belgische staatsbank-verzekeraar leiden.","og_url":"https:\/\/www.forbes.be\/nl\/wijziging-aan-de-top-van-belfius-wat-de-nieuwe-ceo-olivier-onclin-van-plan-is\/","og_site_name":"Forbes Belgi\u00eb","article_publisher":"https:\/\/www.facebook.com\/forbesbelgie","article_published_time":"2026-04-30T09:29:32+00:00","og_image":[{"width":2556,"height":1340,"url":"https:\/\/www.forbes.be\/nl\/wp-content\/uploads\/2026\/04\/17004-belfius-1.jpg","type":"image\/jpeg"}],"author":"Demetrio Scagliola","twitter_card":"summary_large_image","twitter_misc":{"Geschreven door":"Demetrio Scagliola","Geschatte leestijd":"2 minuten"},"schema":{"@context":"https:\/\/schema.org","@graph":[{"@type":"NewsArticle","@id":"https:\/\/www.forbes.be\/nl\/wijziging-aan-de-top-van-belfius-wat-de-nieuwe-ceo-olivier-onclin-van-plan-is\/#article","isPartOf":{"@id":"https:\/\/www.forbes.be\/nl\/wijziging-aan-de-top-van-belfius-wat-de-nieuwe-ceo-olivier-onclin-van-plan-is\/"},"author":{"name":"Demetrio Scagliola","@id":"https:\/\/www.forbes.be\/nl\/#\/schema\/person\/aa631d3fb21ac0b0e4147f409f720410"},"headline":"Wijziging aan de top van Belfius: wat de nieuwe CEO Olivier Onclin van plan is","datePublished":"2026-04-30T09:29:32+00:00","mainEntityOfPage":{"@id":"https:\/\/www.forbes.be\/nl\/wijziging-aan-de-top-van-belfius-wat-de-nieuwe-ceo-olivier-onclin-van-plan-is\/"},"wordCount":446,"publisher":{"@id":"https:\/\/www.forbes.be\/nl\/#organization"},"image":{"@id":"https:\/\/www.forbes.be\/nl\/wijziging-aan-de-top-van-belfius-wat-de-nieuwe-ceo-olivier-onclin-van-plan-is\/#primaryimage"},"thumbnailUrl":"https:\/\/www.forbes.be\/nl\/wp-content\/uploads\/2026\/04\/17004-belfius-1.jpg","articleSection":["Actualiteit","Financien","Leiderschap"],"inLanguage":"nl-BE"},{"@type":"WebPage","@id":"https:\/\/www.forbes.be\/nl\/wijziging-aan-de-top-van-belfius-wat-de-nieuwe-ceo-olivier-onclin-van-plan-is\/","url":"https:\/\/www.forbes.be\/nl\/wijziging-aan-de-top-van-belfius-wat-de-nieuwe-ceo-olivier-onclin-van-plan-is\/","name":"Wijziging aan de top van Belfius: plannen van nieuwe CEO Olivier Onclin","isPartOf":{"@id":"https:\/\/www.forbes.be\/nl\/#website"},"primaryImageOfPage":{"@id":"https:\/\/www.forbes.be\/nl\/wijziging-aan-de-top-van-belfius-wat-de-nieuwe-ceo-olivier-onclin-van-plan-is\/#primaryimage"},"image":{"@id":"https:\/\/www.forbes.be\/nl\/wijziging-aan-de-top-van-belfius-wat-de-nieuwe-ceo-olivier-onclin-van-plan-is\/#primaryimage"},"thumbnailUrl":"https:\/\/www.forbes.be\/nl\/wp-content\/uploads\/2026\/04\/17004-belfius-1.jpg","datePublished":"2026-04-30T09:29:32+00:00","description":"Olivier Onclin volgt Marc Raisi\u00e8re op aan de top van Belfius en zal het \u00ab Unlock 2030 \u00bb plan van de Belgische staatsbank-verzekeraar leiden.","breadcrumb":{"@id":"https:\/\/www.forbes.be\/nl\/wijziging-aan-de-top-van-belfius-wat-de-nieuwe-ceo-olivier-onclin-van-plan-is\/#breadcrumb"},"inLanguage":"nl-BE","potentialAction":[{"@type":"ReadAction","target":["https:\/\/www.forbes.be\/nl\/wijziging-aan-de-top-van-belfius-wat-de-nieuwe-ceo-olivier-onclin-van-plan-is\/"]}]},{"@type":"ImageObject","inLanguage":"nl-BE","@id":"https:\/\/www.forbes.be\/nl\/wijziging-aan-de-top-van-belfius-wat-de-nieuwe-ceo-olivier-onclin-van-plan-is\/#primaryimage","url":"https:\/\/www.forbes.be\/nl\/wp-content\/uploads\/2026\/04\/17004-belfius-1.jpg","contentUrl":"https:\/\/www.forbes.be\/nl\/wp-content\/uploads\/2026\/04\/17004-belfius-1.jpg","width":2556,"height":1340,"caption":"Olivier Onclin (\u00e0 gauche) succ\u00e8de \u00e0 Marc Raisi\u00e8re \u00e0 la t\u00eate de Belfius \u00a9 DR"},{"@type":"BreadcrumbList","@id":"https:\/\/www.forbes.be\/nl\/wijziging-aan-de-top-van-belfius-wat-de-nieuwe-ceo-olivier-onclin-van-plan-is\/#breadcrumb","itemListElement":[{"@type":"ListItem","position":1,"name":"Accueil","item":"https:\/\/www.forbes.be\/nl\/"},{"@type":"ListItem","position":2,"name":"Wijziging aan de top van Belfius: wat de nieuwe CEO Olivier Onclin van plan is"}]},{"@type":"WebSite","@id":"https:\/\/www.forbes.be\/nl\/#website","url":"https:\/\/www.forbes.be\/nl\/","name":"Forbes Belgi\u00eb","description":"","publisher":{"@id":"https:\/\/www.forbes.be\/nl\/#organization"},"potentialAction":[{"@type":"SearchAction","target":{"@type":"EntryPoint","urlTemplate":"https:\/\/www.forbes.be\/nl\/?s={search_term_string}"},"query-input":{"@type":"PropertyValueSpecification","valueRequired":true,"valueName":"search_term_string"}}],"inLanguage":"nl-BE"},{"@type":"Organization","@id":"https:\/\/www.forbes.be\/nl\/#organization","name":"Forbes Belgi\u00eb","url":"https:\/\/www.forbes.be\/nl\/","logo":{"@type":"ImageObject","inLanguage":"nl-BE","@id":"https:\/\/www.forbes.be\/nl\/#\/schema\/logo\/image\/","url":"https:\/\/www.forbes.be\/nl\/wp-content\/uploads\/2024\/02\/forbes.be_.png","contentUrl":"https:\/\/www.forbes.be\/nl\/wp-content\/uploads\/2024\/02\/forbes.be_.png","width":1200,"height":675,"caption":"Forbes Belgi\u00eb"},"image":{"@id":"https:\/\/www.forbes.be\/nl\/#\/schema\/logo\/image\/"},"sameAs":["https:\/\/www.facebook.com\/forbesbelgie","https:\/\/www.instagram.com\/Forbes_Belgium","https:\/\/www.linkedin.com\/company\/forbes-belgium\/"]},{"@type":"Person","@id":"https:\/\/www.forbes.be\/nl\/#\/schema\/person\/aa631d3fb21ac0b0e4147f409f720410","name":"Demetrio Scagliola","image":{"@type":"ImageObject","inLanguage":"nl-BE","@id":"https:\/\/secure.gravatar.com\/avatar\/232582365ad68ea54815b307423ac8533cd4a8567f6856361d06fe18e55bd62d?s=96&d=mm&r=g","url":"https:\/\/secure.gravatar.com\/avatar\/232582365ad68ea54815b307423ac8533cd4a8567f6856361d06fe18e55bd62d?s=96&d=mm&r=g","contentUrl":"https:\/\/secure.gravatar.com\/avatar\/232582365ad68ea54815b307423ac8533cd4a8567f6856361d06fe18e55bd62d?s=96&d=mm&r=g","caption":"Demetrio Scagliola"},"url":"https:\/\/www.forbes.be\/nl\/author\/demetrioscagliola\/"}]}},"_links":{"self":[{"href":"https:\/\/www.forbes.be\/nl\/wp-json\/wp\/v2\/posts\/14642","targetHints":{"allow":["GET"]}}],"collection":[{"href":"https:\/\/www.forbes.be\/nl\/wp-json\/wp\/v2\/posts"}],"about":[{"href":"https:\/\/www.forbes.be\/nl\/wp-json\/wp\/v2\/types\/post"}],"author":[{"embeddable":true,"href":"https:\/\/www.forbes.be\/nl\/wp-json\/wp\/v2\/users\/51"}],"replies":[{"embeddable":true,"href":"https:\/\/www.forbes.be\/nl\/wp-json\/wp\/v2\/comments?post=14642"}],"version-history":[{"count":1,"href":"https:\/\/www.forbes.be\/nl\/wp-json\/wp\/v2\/posts\/14642\/revisions"}],"predecessor-version":[{"id":14648,"href":"https:\/\/www.forbes.be\/nl\/wp-json\/wp\/v2\/posts\/14642\/revisions\/14648"}],"wp:featuredmedia":[{"embeddable":true,"href":"https:\/\/www.forbes.be\/nl\/wp-json\/wp\/v2\/media\/14641"}],"wp:attachment":[{"href":"https:\/\/www.forbes.be\/nl\/wp-json\/wp\/v2\/media?parent=14642"}],"wp:term":[{"taxonomy":"category","embeddable":true,"href":"https:\/\/www.forbes.be\/nl\/wp-json\/wp\/v2\/categories?post=14642"},{"taxonomy":"post_tag","embeddable":true,"href":"https:\/\/www.forbes.be\/nl\/wp-json\/wp\/v2\/tags?post=14642"}],"curies":[{"name":"wp","href":"https:\/\/api.w.org\/{rel}","templated":true}]}}