{"id":15752,"date":"2026-09-06T09:36:12","date_gmt":"2026-09-06T07:36:12","guid":{"rendered":"https:\/\/www.forbes.be\/nl\/?p=15752"},"modified":"2026-09-04T14:18:55","modified_gmt":"2026-09-04T12:18:55","slug":"ik-neem-opnieuw-de-tijd-om-te-dromen","status":"publish","type":"post","link":"https:\/\/www.forbes.be\/nl\/ik-neem-opnieuw-de-tijd-om-te-dromen\/","title":{"rendered":"Ik neem opnieuw de tijd om te dromen"},"content":{"rendered":"<p class=\"p1\"><strong><span class=\"s1\">Op 1 mei droeg Marc Raisi\u00e8re officieel de teugels van <\/span><span class=\"s2\">Belfius <\/span><span class=\"s1\">over aan zijn aangewezen kroonprins, <\/span><span class=\"s2\">Olivier Onclin<\/span><span class=\"s1\">. De man die de \u2018gemeentebank\u2019 volledig <\/span><span class=\"s2\">transformeerde<\/span><span class=\"s1\"> en weer op de rails zette, neemt voortaan voor vier jaar plaats in de zetel van de<\/span><span class=\"s2\"> voorzitter van de raad van bestuur<\/span><span class=\"s1\">. Het uitgelezen moment om terug te blikken op die twaalf jaar aan het hoofd van Belfius. En naar de horizon te kijken.<\/span><\/strong><\/p>\n<p class=\"p1\"><strong><span class=\"s3\">beelden Eric Herchaft <span class=\"Apple-converted-space\">\u00a0<\/span><\/span><\/strong><\/p>\n<p class=\"p1\"><span class=\"s1\">Marc Raisi\u00e8re koos het nieuwe pand van de privatebankingtak op de Tervurenlaan in Brussel om openhartig te praten. Sinds 2014 staat hij aan het hoofd van Belfius (en daarvoor leidde hij sinds 2012 de verzekeringsdivisie van de overheidsbankier). De zestiger nam op 1 mei afscheid van zijn functie. Zijn opvolger, Olivier Onclin, die tot dan toe het leeuwendeel van de bankactiviteiten leidde, was al meer dan een jaar geleden gezalfd. Maar de Namenaar verlaat de emblematische toren aan het Rogierplein &#8211; al jaren het gezicht van Belfius in de hoofdstad &#8211; niet volledig: hij wordt voor vier jaar voorzitter van de raad van bestuur. Een vorm van continu\u00efteit waarbij hij wat gas terugneemt &#8211; deze workaholic maakte zijn hele carri\u00e8re in de financi\u00eble wereld, van zijn beginjaren bij Fortis tot zijn doorbraak bij Axa, eerst in Belgi\u00eb en daarna in Frankrijk.<\/span><\/p>\n<h2 class=\"p1\"><span class=\"s1\">Waarom legt u nu uw functie neer?<\/span><\/h2>\n<p class=\"p1\"><span class=\"s1\"><i>\u201cIk ga ervan uit dat je je na twaalf jaar als CEO niet langer opnieuw kunt uitvinden. Een onderneming heeft nood aan verandering. Ik ben ook moe van de beperkingen die met het dagelijkse beheer gepaard gaan. Ik wil me concentreren op de strategie en op het juiste evenwicht tussen ontwikkeling en risico. Verder wil ik graag energie steken in andere projecten. En ten slotte hebben we intern iemand van groot kaliber: Olivier Onclin, die &#8211; daarover heb ik geen enkele twijfel &#8211; Belfius nog naar een hoger niveau zal tillen dan ikzelf gekund heb.\u201d<\/i><\/span><\/p>\n<figure id=\"attachment_15754\" aria-describedby=\"caption-attachment-15754\" style=\"width: 2560px\" class=\"wp-caption aligncenter\"><img loading=\"lazy\" decoding=\"async\" class=\"wp-image-15754 size-full\" src=\"https:\/\/www.forbes.be\/nl\/wp-content\/uploads\/2026\/08\/h1-1035-eric-herchaft-scaled.jpg\" alt=\"\" width=\"2560\" height=\"1707\" srcset=\"https:\/\/www.forbes.be\/nl\/wp-content\/uploads\/2026\/08\/h1-1035-eric-herchaft-scaled.jpg 2560w, https:\/\/www.forbes.be\/nl\/wp-content\/uploads\/2026\/08\/h1-1035-eric-herchaft-300x200.jpg 300w, https:\/\/www.forbes.be\/nl\/wp-content\/uploads\/2026\/08\/h1-1035-eric-herchaft-1024x683.jpg 1024w, https:\/\/www.forbes.be\/nl\/wp-content\/uploads\/2026\/08\/h1-1035-eric-herchaft-768x512.jpg 768w, https:\/\/www.forbes.be\/nl\/wp-content\/uploads\/2026\/08\/h1-1035-eric-herchaft-1536x1024.jpg 1536w, https:\/\/www.forbes.be\/nl\/wp-content\/uploads\/2026\/08\/h1-1035-eric-herchaft-2048x1366.jpg 2048w, https:\/\/www.forbes.be\/nl\/wp-content\/uploads\/2026\/08\/h1-1035-eric-herchaft-696x464.jpg 696w, https:\/\/www.forbes.be\/nl\/wp-content\/uploads\/2026\/08\/h1-1035-eric-herchaft-1068x712.jpg 1068w, https:\/\/www.forbes.be\/nl\/wp-content\/uploads\/2026\/08\/h1-1035-eric-herchaft-1920x1280.jpg 1920w, https:\/\/www.forbes.be\/nl\/wp-content\/uploads\/2026\/08\/h1-1035-eric-herchaft-600x400.jpg 600w\" sizes=\"auto, (max-width: 2560px) 100vw, 2560px\" \/><figcaption id=\"caption-attachment-15754\" class=\"wp-caption-text\">De site van Villalobar op de Tervurenlaan in Brussel, het nieuwe visitekaartje van Belfius Private.<\/figcaption><\/figure>\n<h2 class=\"p3\"><span class=\"s1\">Wat zou u willen dat men van u onthoudt?<\/span><\/h2>\n<p class=\"p1\"><span class=\"s1\"><i>\u201cHet collectieve project. Ik geloof fundamenteel in bedrijfsculturen, in collectieve dynamiek. En die die ik heb opgebouwd, geniet een breed draagvlak bij de medewerkers. Ze heeft een onderneming die zich in een uiterst kwetsbare financi\u00eble en positionele situatie bevond, omgevormd tot een onderneming met een maatschappelijke impact op de Belgische economie. We zijn ge\u00ebvolueerd van een onderneming die in 2011 een verlies leed van 1,4 miljard euro, naar een onderneming die vorig jaar een nettoresultaat boekte van 1,16 miljard euro. Dat is wat ik een mooi bedrijf noem. En onze aandeelhouder, de Belgische Staat, heeft er een goede financi\u00eble zaak aan gedaan.\u201d<\/i><\/span><\/p>\n<h2 class=\"p3\"><span class=\"s1\">Koestert u spijt?<\/span><\/h2>\n<p class=\"p1\"><span class=\"s1\"><i>\u201cNiet echt\u2026 Of toch misschien wel\u2026\u201d<\/i><\/span><\/p>\n<h2 class=\"p3\"><span class=\"s1\">Uw uitspraak over de horeca?<\/span><\/h2>\n<p class=\"p1\"><span class=\"s1\"><i>\u201cJa\u2026\u201d<\/i><\/span><\/p>\n<p><img loading=\"lazy\" decoding=\"async\" class=\"aligncenter wp-image-15756 size-full\" src=\"https:\/\/www.forbes.be\/nl\/wp-content\/uploads\/2026\/08\/h2-0413-eric-herchaft-scaled.jpg\" alt=\"\" width=\"1707\" height=\"2560\" srcset=\"https:\/\/www.forbes.be\/nl\/wp-content\/uploads\/2026\/08\/h2-0413-eric-herchaft-scaled.jpg 1707w, https:\/\/www.forbes.be\/nl\/wp-content\/uploads\/2026\/08\/h2-0413-eric-herchaft-200x300.jpg 200w, https:\/\/www.forbes.be\/nl\/wp-content\/uploads\/2026\/08\/h2-0413-eric-herchaft-683x1024.jpg 683w, https:\/\/www.forbes.be\/nl\/wp-content\/uploads\/2026\/08\/h2-0413-eric-herchaft-768x1152.jpg 768w, https:\/\/www.forbes.be\/nl\/wp-content\/uploads\/2026\/08\/h2-0413-eric-herchaft-1024x1536.jpg 1024w, https:\/\/www.forbes.be\/nl\/wp-content\/uploads\/2026\/08\/h2-0413-eric-herchaft-1365x2048.jpg 1365w, https:\/\/www.forbes.be\/nl\/wp-content\/uploads\/2026\/08\/h2-0413-eric-herchaft-696x1044.jpg 696w, https:\/\/www.forbes.be\/nl\/wp-content\/uploads\/2026\/08\/h2-0413-eric-herchaft-1068x1602.jpg 1068w, https:\/\/www.forbes.be\/nl\/wp-content\/uploads\/2026\/08\/h2-0413-eric-herchaft-1920x2880.jpg 1920w, https:\/\/www.forbes.be\/nl\/wp-content\/uploads\/2026\/08\/h2-0413-eric-herchaft-600x900.jpg 600w\" sizes=\"auto, (max-width: 1707px) 100vw, 1707px\" \/><\/p>\n<h2 class=\"p3\"><span class=\"s1\">U verklaarde in Trends in januari 2021, midden in de pandemie: \u201cEr zullen faillissementen vallen in de horeca, want er zijn te veel caf\u00e9s en restaurants in Belgi\u00eb\u201d\u2026<\/span><\/h2>\n<p class=\"p1\"><span class=\"s2\"><i>\u201cHet was niet de bedoeling om te kwetsen. De covidperiode plaatste alle activiteiten in perspectief. Het was een voorbeeld. Het ontketende een storm op de sociale media. Tegen mij. Tegen het bedrijf. Onze communicatieteams hebben dat heel goed gemanaged. We hebben snel duidelijk gemaakt dat mijn woorden niet weergaven wat ik echt wilde zeggen. We hebben alle horecafederaties ontmoet en die waren voor het merendeel trouwens akkoord met de kern van wat ik gezegd had. Geen mooie, maar wel een leerrijke levenservaring.\u201d<\/i><\/span><\/p>\n<h2 class=\"p3\"><span class=\"s1\">Hebt u tegenslagen gekend?<\/span><\/h2>\n<p class=\"p1\"><span class=\"s2\"><i>\u201cIk spreek liever van lessen. Het feit dat we Degroof Petercam niet hebben kunnen overnemen omwille van een bestuurskwestie &#8211; niet om een prijskwestie &#8211; is er een van. Ik denk dat we het dossier beter hadden kunnen aanpakken. Ik had ook gehoopt op een strategische toenadering met Proximus, op het vlak van technologie en data. Ook al werkt een deel van de deal goed, ik geloof dat een techbedrijf samenbrengen met een bank, die elk hun eigen regelgeving hebben, bijzonder ingewikkeld is. En verder had ik gehoopt dat we als aandeelhouder van LN24 Franstalig Belgi\u00eb een economisch en politiek informatieplatform van hoog niveau konden geven, dat het Franstalige landsdeel &#8211; en wellicht Belgi\u00eb als geheel &#8211; in staat zou stellen een diepgaande reflectie te voeren over de financi\u00eble gezondheid. We hebben dat gedaan met uitstekende journalistieke leiders, maar we hebben het financi\u00eble evenwicht niet gevonden. Het moet gezegd: we lanceerden het platform vlak voor covid, wat niet hielp.\u201d<\/i><\/span><\/p>\n<h2 class=\"p3\"><span class=\"s1\">U trad aan na een van de grootste bankencrisissen uit de geschiedenis. Hoe gaat het vandaag met de sector?<\/span><\/h2>\n<p class=\"p1\"><span class=\"s2\"><i>\u201cIk denk dat we de crisis te boven zijn\u2026 De bankwereld is uiteraard cyclisch. We zijn dus erg gevoelig voor de macro-economische context, en nu ook voor de geopolitiek, aangezien we sterk afhangen van de rentecurve. We zijn erg gevoelig voor de economie via ons kredietbeleid. Maar ik behoor niet tot diegenen die menen dat de regulering een slechte zaak was. In Europa zijn wij het die instaan voor 70 of 80 procent van de kredietverlening. En geloven dat de mens, zelfs na alles wat we vijftien jaar geleden hebben meegemaakt, dat allemaal weer zou kunnen vergeten, zou een vergissing zijn. Reguleren is dus nodig. Overreguleren niet.\u201d<\/i><\/span><\/p>\n<p><img loading=\"lazy\" decoding=\"async\" class=\"aligncenter wp-image-15755 size-full\" src=\"https:\/\/www.forbes.be\/nl\/wp-content\/uploads\/2026\/08\/h2-0300-eric-herchaft-scaled.jpg\" alt=\"\" width=\"2560\" height=\"1707\" srcset=\"https:\/\/www.forbes.be\/nl\/wp-content\/uploads\/2026\/08\/h2-0300-eric-herchaft-scaled.jpg 2560w, https:\/\/www.forbes.be\/nl\/wp-content\/uploads\/2026\/08\/h2-0300-eric-herchaft-300x200.jpg 300w, https:\/\/www.forbes.be\/nl\/wp-content\/uploads\/2026\/08\/h2-0300-eric-herchaft-1024x683.jpg 1024w, https:\/\/www.forbes.be\/nl\/wp-content\/uploads\/2026\/08\/h2-0300-eric-herchaft-768x512.jpg 768w, https:\/\/www.forbes.be\/nl\/wp-content\/uploads\/2026\/08\/h2-0300-eric-herchaft-1536x1024.jpg 1536w, https:\/\/www.forbes.be\/nl\/wp-content\/uploads\/2026\/08\/h2-0300-eric-herchaft-2048x1365.jpg 2048w, https:\/\/www.forbes.be\/nl\/wp-content\/uploads\/2026\/08\/h2-0300-eric-herchaft-696x464.jpg 696w, https:\/\/www.forbes.be\/nl\/wp-content\/uploads\/2026\/08\/h2-0300-eric-herchaft-1068x712.jpg 1068w, https:\/\/www.forbes.be\/nl\/wp-content\/uploads\/2026\/08\/h2-0300-eric-herchaft-1920x1280.jpg 1920w, https:\/\/www.forbes.be\/nl\/wp-content\/uploads\/2026\/08\/h2-0300-eric-herchaft-600x400.jpg 600w\" sizes=\"auto, (max-width: 2560px) 100vw, 2560px\" \/><\/p>\n<h2 class=\"p3\"><span class=\"s1\">Overreguleren?<\/span><\/h2>\n<p class=\"p1\"><span class=\"s1\"><i>\u201cWe zien wellicht het slingereffect: het risico bestaat dat we in de regulering te ver doorslaan.\u201d<\/i><\/span><\/p>\n<h2 class=\"p3\"><span class=\"s1\">Wat zijn vandaag de uitdagingen voor de banken?<\/span><\/h2>\n<p class=\"p1\"><span class=\"s2\"><i>\u201cWe zullen blijven leven met grote aandacht voor de macro-economie en de geopolitiek. De volatiliteit en de omkering van de rentecurves bijvoorbeeld zijn nog nooit zo snel gegaan. Je kunt op korte tijd van een rente nabij nul naar twee of drie procent gaan. Verder is onze activiteit sterk technologisch geworden. Alles wat met cyber te maken heeft, vormt vandaag een van de grootste bedreigingen.\u201d<\/i><\/span><\/p>\n<h2 class=\"p3\">Er zijn nieuwe banken opgekomen, aantrekkelijker voor jongeren, zoals Revolut\u2026<\/h2>\n<p class=\"p1\"><span class=\"s3\"><i>\u201cIk heb veel bewondering voor Revolut. De impact in Belgi\u00eb blijft uiterst beperkt. Maar het houdt ons wel alert voor dat soort concurrenten en het dwingt ons om verrassender te zijn. Persoonlijk ben ik zeer tevreden, zelfs trots, dat we een wereldwijd erkende digitale app en een tradingplatform als ReBel hebben kunnen ontwikkelen. Dat bewijst dat we absoluut over de kwaliteit beschikken om onze klanten te overtuigen om bij ons te blijven.\u201d<\/i><\/span><\/p>\n<blockquote>\n<p class=\"p4\"><i>\u2018\u2018Ik ben echt niet de man van het <\/i><span class=\"s4\"><i>compromis<\/i><\/span><i>.\u2019\u2019<\/i><\/p>\n<\/blockquote>\n<h2 class=\"p3\">Banken worden vaak bekritiseerd voor hun maatschappelijke betrokkenheid, met name op het vlak van bedrijfsondersteuning. Terecht?<\/h2>\n<p class=\"p1\"><span class=\"s5\"><i>\u201cIets waar ik enorm veel voldoening uit schep: we zijn in corporate banking (de financi\u00eble diensten voor bedrijven en zelfstandigen, NVDR) van acht procent marktaandeel in 2015 naar 22 procent vandaag gegaan. We hebben de tijd genomen om alle activiteiten te doorgronden, om<span class=\"Apple-converted-space\">\u00a0 <\/span>bedrijfsleiders te ontmoeten, om aan hun zijde te staan. Ik durf zeggen dat we met hen een alchemie hebben gecre\u00eberd, zodat we hen kunnen ondersteunen in hun ontwikkeling, zowel in de goede als in de slechte tijden. Covid was overigens een bepalend moment voor onze geloofwaardigheid in dit segment. We hebben de tijd genomen om vrijwel alle leiders van de grootste bedrijven te bellen om te zeggen dat we er waren. En dat zijn ze niet vergeten &#8211; ze betalen het ons goed terug. Men zegt vaak van een bankier dat hij zijn paraplu opentrekt zodra het regent. Dat geldt misschien bij andere huizen, maar bij Belfius nemen wij onze maatschappelijke rol op. Ik durf zeggen dat we samen met KBC &#8211; en BNP volgde &#8211; twee jaar geleden de vastgoedsector hebben gered. Bankiers krijgen altijd de wind van voren wanneer ze een krediet weigeren, maar er zijn nu eenmaal bedrijven die financieel niet voldoende in evenwicht zijn om een krediet toegekend te krijgen. We weigeren niet met plezier. We weigeren omdat we van mening zijn dat de bedrijfsleider of het businessplan niet voldoende solide is, en dat dit met een relatief hoge waarschijnlijkheid tot een faillissement zal leiden. Elk jaar verliezen we 150 miljoen euro aan niet-terugbetaalde kredieten. Dat is de kost van het risico. En dat is niet niks.\u201d<\/i><\/span><\/p>\n<figure id=\"attachment_15758\" aria-describedby=\"caption-attachment-15758\" style=\"width: 2560px\" class=\"wp-caption aligncenter\"><img loading=\"lazy\" decoding=\"async\" class=\"wp-image-15758 size-full\" src=\"https:\/\/www.forbes.be\/nl\/wp-content\/uploads\/2026\/08\/h2-1351-eric-herchaft-scaled.jpg\" alt=\"\" width=\"2560\" height=\"1707\" srcset=\"https:\/\/www.forbes.be\/nl\/wp-content\/uploads\/2026\/08\/h2-1351-eric-herchaft-scaled.jpg 2560w, https:\/\/www.forbes.be\/nl\/wp-content\/uploads\/2026\/08\/h2-1351-eric-herchaft-300x200.jpg 300w, https:\/\/www.forbes.be\/nl\/wp-content\/uploads\/2026\/08\/h2-1351-eric-herchaft-1024x683.jpg 1024w, https:\/\/www.forbes.be\/nl\/wp-content\/uploads\/2026\/08\/h2-1351-eric-herchaft-768x512.jpg 768w, https:\/\/www.forbes.be\/nl\/wp-content\/uploads\/2026\/08\/h2-1351-eric-herchaft-1536x1024.jpg 1536w, https:\/\/www.forbes.be\/nl\/wp-content\/uploads\/2026\/08\/h2-1351-eric-herchaft-2048x1365.jpg 2048w, https:\/\/www.forbes.be\/nl\/wp-content\/uploads\/2026\/08\/h2-1351-eric-herchaft-696x464.jpg 696w, https:\/\/www.forbes.be\/nl\/wp-content\/uploads\/2026\/08\/h2-1351-eric-herchaft-1068x712.jpg 1068w, https:\/\/www.forbes.be\/nl\/wp-content\/uploads\/2026\/08\/h2-1351-eric-herchaft-1920x1280.jpg 1920w, https:\/\/www.forbes.be\/nl\/wp-content\/uploads\/2026\/08\/h2-1351-eric-herchaft-600x400.jpg 600w\" sizes=\"auto, (max-width: 2560px) 100vw, 2560px\" \/><figcaption id=\"caption-attachment-15758\" class=\"wp-caption-text\">Het bronzen en glazen kunstwerk The Pulse of Ruby Red van Arne Quinze.<\/figcaption><\/figure>\n<h2 class=\"p3\">Politiek, zou u daar ooit voor te vinden zijn?<\/h2>\n<p class=\"p1\"><i>\u201cZeg nooit nooit, zelfs niet op je 63<sup>ste<\/sup>.\u201d<\/i><\/p>\n<h2 class=\"p3\">Heeft men het u al voorgesteld?<\/h2>\n<p class=\"p1\"><span class=\"s2\"><i>\u201cHet zou kunnen dat men het me al voorgesteld heeft\u2026 Ik heb vijf eerste ministers meegemaakt: Elio Di Rupo, Charles Michel, Sophie Wilm\u00e8s, Alexander De Croo en Bart De Wever. En evenveel ministers van Financi\u00ebn. Ik heb veel bewondering &#8211; en ik zeg dit niet omdat de Staat mijn aandeelhouder is &#8211; voor hun veerkracht, voor hun vermogen om zich staande te houden en de druk te weerstaan. En als ik tot vandaag niet in de politiek ben gestapt, is het hierom: ik ben echt niet de man van het compromis. Dat heb ik duidelijk gemerkt in het geval van Febelfin (de Belgische federatie van de financi\u00eble sector, NVDR). De besluitvorming verloopt soms te traag. Er zijn altijd compromissen nodig. Febelfin verenigt alle types banken &#8211; kleine, private, universele\u2026 Het resultaat: de gevonden compromissen beantwoorden voor geen enkele van hen ten volle aan de verwachtingen. In de politieke wereld is compromis een noodzaak. In de bankwereld zouden we twee of drie Febelfins moeten hebben: een voor de universele banken, een voor private banking, een voor de kleinere banken. Uiteindelijk zijn het altijd de vier grootbanken (Belfius, BNP Paribas Fortis, KBC, ING) die aan de schandpaal worden genageld of niet, omdat de Belgische economie voornamelijk door die vier grootbanken wordt gefinancierd. Het is wat het is. Dat is geen kritiek, maar de realiteit.\u201d<\/i><\/span><\/p>\n<h2 class=\"p3\">Naast het voorzitterschap van Belfius, wat zijn uw plannen?<\/h2>\n<p class=\"p1\"><i>\u201cIk neem opnieuw de tijd om te dromen. Ik heb het nodig. Wat vandaag fantastisch is: ik ben 63, maar voel me net zo fit als twintig jaar geleden. Ik droom over wat ik zou willen doen, hoe ik het zou aanpakken en hoe ik mensen mee zou kunnen nemen in die dromen. Aan die reflectie wijd ik nu mijn tijd: dat is mijn huidige rijkdom. Ik ben ook iets aan het schrijven: mijn visie op de acht pijlers van het succes van een onderneming. Een project dat ik deel met Fr\u00e9d\u00e9ric D\u2019Alsace, professor aan het IMD, en met Jean-Claude De Coyer, die mij al dertig jaar begeleidt op het vlak van bedrijfscultuur en leadership. Mijn jaren bij Axa onder Claude B\u00e9b\u00e9ar (oprichter van de Axa-groep, NVDR) hebben veel indruk gemaakt: dat is de meest charismatische leider die ik ben tegengekomen. Ik ben ook veel verschuldigd aan een andere Axa-topman, Henri de Castries, die een veel financi\u00eblere benadering had van de zaken, terwijl Claude B\u00e9b\u00e9ar meer op het maatschappelijke gericht was. De ondernemingen die echt slagen, zijn ondernemingen die over het onmogelijke durven dromen &#8211; zoals B\u00e9b\u00e9ar deed &#8211; en die droom geleidelijk in werkelijkheid omzetten.\u201d<\/i><\/p>\n<figure id=\"attachment_15753\" aria-describedby=\"caption-attachment-15753\" style=\"width: 2560px\" class=\"wp-caption aligncenter\"><img loading=\"lazy\" decoding=\"async\" class=\"wp-image-15753 size-full\" src=\"https:\/\/www.forbes.be\/nl\/wp-content\/uploads\/2026\/08\/h1-0984-eric-herchaft-scaled.jpg\" alt=\"\" width=\"2560\" height=\"1707\" srcset=\"https:\/\/www.forbes.be\/nl\/wp-content\/uploads\/2026\/08\/h1-0984-eric-herchaft-scaled.jpg 2560w, https:\/\/www.forbes.be\/nl\/wp-content\/uploads\/2026\/08\/h1-0984-eric-herchaft-300x200.jpg 300w, https:\/\/www.forbes.be\/nl\/wp-content\/uploads\/2026\/08\/h1-0984-eric-herchaft-1024x683.jpg 1024w, https:\/\/www.forbes.be\/nl\/wp-content\/uploads\/2026\/08\/h1-0984-eric-herchaft-768x512.jpg 768w, https:\/\/www.forbes.be\/nl\/wp-content\/uploads\/2026\/08\/h1-0984-eric-herchaft-1536x1024.jpg 1536w, https:\/\/www.forbes.be\/nl\/wp-content\/uploads\/2026\/08\/h1-0984-eric-herchaft-2048x1365.jpg 2048w, https:\/\/www.forbes.be\/nl\/wp-content\/uploads\/2026\/08\/h1-0984-eric-herchaft-696x464.jpg 696w, https:\/\/www.forbes.be\/nl\/wp-content\/uploads\/2026\/08\/h1-0984-eric-herchaft-1068x712.jpg 1068w, https:\/\/www.forbes.be\/nl\/wp-content\/uploads\/2026\/08\/h1-0984-eric-herchaft-1920x1280.jpg 1920w, https:\/\/www.forbes.be\/nl\/wp-content\/uploads\/2026\/08\/h1-0984-eric-herchaft-600x400.jpg 600w\" sizes=\"auto, (max-width: 2560px) 100vw, 2560px\" \/><figcaption id=\"caption-attachment-15753\" class=\"wp-caption-text\">Op 63-jarige leeftijd begint Marc Raisi\u00e8re aan een nieuw hoofdstuk in zijn carri\u00e8re.<\/figcaption><\/figure>\n<h2 class=\"p3\">U hebt ge\u00efnvesteerd in een restaurant\u2026<\/h2>\n<p class=\"p1\"><span class=\"s2\"><i>\u201cIn een van mijn lievelingsrestaurants\u2026 Vorig jaar vernam ik via mijn zoon dat la Gazzetta (een Italiaans restaurant in de buurt van de Louizalaan in Brussel, NVDR) te koop stond. En dat kon ik niet zomaar voorbij laten gaan. Ik heb het gedaan. Ik had het alleen kunnen doen, maar ik vind de gezelligheid van een restaurant er nu eenmaal eentje om te delen. Ik heb het aan verschillende vrienden voorgesteld. De eerste twee die zich meldden, kregen de plek. Ik heb het gedaan met Denis H\u00e9roux en Mehdi Bayat, die ik al meer dan tien jaar ken, sinds de tijd dat hij voorzitter was van de voetbalbond. We hebben er een beetje geld in ge\u00efnvesteerd. We hebben zelfs een tweede restaurant gekocht, Nuovo Rosso in Sint-Gillis. Het is een vrij bijzonder restaurant: je eet er pasta rechtstreeks uit de pan. De horeca is een sector die me bevalt. Hij cre\u00ebert werk. Het idee is om elk jaar minstens \u00e9\u00e9n restaurant over te nemen.\u201d<\/i><\/span><\/p>\n<blockquote>\n<p class=\"p4\"><span class=\"s6\"><i>Mijn doel is om in 2030 <\/i><\/span><span class=\"s7\"><i>tien restaurants<\/i><\/span><span class=\"s6\"><i> in handen te hebben, waaronder het beste<br \/>\n<\/i><\/span><span class=\"s7\"><i>Italiaanse restaurant <\/i><\/span><span class=\"s6\"><i>van Belgi\u00eb.<\/i><\/span><\/p>\n<\/blockquote>\n<h2 class=\"p3\">E\u00e9n Italiaans restaurant per jaar?<\/h2>\n<p class=\"p1\"><span class=\"s5\"><i>\u201cItali\u00eb boeit me\u2026 De cultuur, de gastronomie, de schoonheid, de mode\u2026 Mijn doel is om in 2030 tien restaurants in handen te hebben, waaronder het beste Italiaanse restaurant van Belgi\u00eb. Ik denk samen met mijn twee partners na over een model, een strategisch plan of een bedrijfscultuur die zo sterk is dat andere ondernemingen ze kunnen overnemen. Ik denk ook na over andere projecten waarin ik mijn energie zou kunnen steken. Ik zou echt willen dat die projecten een impact hebben op de Belgische of de Europese samenleving.\u201d<\/i> <\/span><\/p>\n","protected":false},"excerpt":{"rendered":"<p>Op 1 mei droeg Marc Raisi\u00e8re officieel de teugels van Belfius over aan zijn aangewezen kroonprins, Olivier Onclin. De man die de \u2018gemeentebank\u2019 volledig transformeerde en weer op de rails zette, neemt voortaan voor vier jaar plaats in de zetel van de voorzitter van de raad van bestuur. Het uitgelezen moment om terug te blikken [&hellip;]<\/p>\n","protected":false},"author":6,"featured_media":15757,"comment_status":"closed","ping_status":"closed","sticky":false,"template":"","format":"standard","meta":{"_acf_changed":false,"inline_featured_image":false,"image_verticale":0,"gif":0,"url_video":"","footnotes":""},"categories":[1],"tags":[],"class_list":["post-15752","post","type-post","status-publish","format-standard","has-post-thumbnail","category-actualiteit"],"acf":[],"auteur_traducteur":"","yoast_head":"<!-- This site is optimized with the Yoast SEO plugin v28.4 - https:\/\/yoast.com\/product\/yoast-seo-wordpress\/ -->\n<title>Ik neem opnieuw de tijd om te dromen | Forbes Belgi\u00eb<\/title>\n<meta name=\"robots\" content=\"index, follow, max-snippet:-1, max-image-preview:large, max-video-preview:-1\" \/>\n<link rel=\"canonical\" href=\"https:\/\/www.forbes.be\/nl\/ik-neem-opnieuw-de-tijd-om-te-dromen\/\" \/>\n<meta property=\"og:locale\" content=\"nl_BE\" \/>\n<meta property=\"og:type\" content=\"article\" \/>\n<meta property=\"og:title\" content=\"Ik neem opnieuw de tijd om te dromen | Forbes Belgi\u00eb\" \/>\n<meta property=\"og:description\" content=\"Op 1 mei droeg Marc Raisi\u00e8re officieel de teugels van Belfius over aan zijn aangewezen kroonprins, Olivier Onclin. De man die de \u2018gemeentebank\u2019 volledig transformeerde en weer op de rails zette, neemt voortaan voor vier jaar plaats in de zetel van de voorzitter van de raad van bestuur. Het uitgelezen moment om terug te blikken [&hellip;]\" \/>\n<meta property=\"og:url\" content=\"https:\/\/www.forbes.be\/nl\/ik-neem-opnieuw-de-tijd-om-te-dromen\/\" \/>\n<meta property=\"og:site_name\" content=\"Forbes Belgi\u00eb\" \/>\n<meta property=\"article:publisher\" content=\"https:\/\/www.facebook.com\/forbesbelgie\" \/>\n<meta property=\"article:published_time\" content=\"2026-09-06T07:36:12+00:00\" \/>\n<meta property=\"og:image\" content=\"https:\/\/www.forbes.be\/nl\/wp-content\/uploads\/2026\/08\/h2-1010-eric-herchaft.jpg\" \/>\n\t<meta property=\"og:image:width\" content=\"2000\" \/>\n\t<meta property=\"og:image:height\" content=\"1047\" \/>\n\t<meta property=\"og:image:type\" content=\"image\/jpeg\" \/>\n<meta name=\"author\" content=\"Joan Condijts\" \/>\n<meta name=\"twitter:card\" content=\"summary_large_image\" \/>\n<meta name=\"twitter:label1\" content=\"Geschreven door\" \/>\n\t<meta name=\"twitter:data1\" content=\"Joan Condijts\" \/>\n\t<meta name=\"twitter:label2\" content=\"Geschatte leestijd\" \/>\n\t<meta name=\"twitter:data2\" content=\"12 minuten\" \/>\n<script type=\"application\/ld+json\" class=\"yoast-schema-graph\">{\"@context\":\"https:\\\/\\\/schema.org\",\"@graph\":[{\"@type\":\"NewsArticle\",\"@id\":\"https:\\\/\\\/www.forbes.be\\\/nl\\\/ik-neem-opnieuw-de-tijd-om-te-dromen\\\/#article\",\"isPartOf\":{\"@id\":\"https:\\\/\\\/www.forbes.be\\\/nl\\\/ik-neem-opnieuw-de-tijd-om-te-dromen\\\/\"},\"author\":{\"name\":\"Joan Condijts\",\"@id\":\"https:\\\/\\\/www.forbes.be\\\/nl\\\/#\\\/schema\\\/person\\\/9fff904a0171021be7628d5979f51a92\"},\"headline\":\"Ik neem opnieuw de tijd om te dromen\",\"datePublished\":\"2026-09-06T07:36:12+00:00\",\"mainEntityOfPage\":{\"@id\":\"https:\\\/\\\/www.forbes.be\\\/nl\\\/ik-neem-opnieuw-de-tijd-om-te-dromen\\\/\"},\"wordCount\":2121,\"publisher\":{\"@id\":\"https:\\\/\\\/www.forbes.be\\\/nl\\\/#organization\"},\"image\":{\"@id\":\"https:\\\/\\\/www.forbes.be\\\/nl\\\/ik-neem-opnieuw-de-tijd-om-te-dromen\\\/#primaryimage\"},\"thumbnailUrl\":\"https:\\\/\\\/www.forbes.be\\\/nl\\\/wp-content\\\/uploads\\\/2026\\\/08\\\/h2-1010-eric-herchaft.jpg\",\"articleSection\":[\"Actualiteit\"],\"inLanguage\":\"nl-BE\"},{\"@type\":\"WebPage\",\"@id\":\"https:\\\/\\\/www.forbes.be\\\/nl\\\/ik-neem-opnieuw-de-tijd-om-te-dromen\\\/\",\"url\":\"https:\\\/\\\/www.forbes.be\\\/nl\\\/ik-neem-opnieuw-de-tijd-om-te-dromen\\\/\",\"name\":\"Ik neem opnieuw de tijd om te dromen | Forbes Belgi\u00eb\",\"isPartOf\":{\"@id\":\"https:\\\/\\\/www.forbes.be\\\/nl\\\/#website\"},\"primaryImageOfPage\":{\"@id\":\"https:\\\/\\\/www.forbes.be\\\/nl\\\/ik-neem-opnieuw-de-tijd-om-te-dromen\\\/#primaryimage\"},\"image\":{\"@id\":\"https:\\\/\\\/www.forbes.be\\\/nl\\\/ik-neem-opnieuw-de-tijd-om-te-dromen\\\/#primaryimage\"},\"thumbnailUrl\":\"https:\\\/\\\/www.forbes.be\\\/nl\\\/wp-content\\\/uploads\\\/2026\\\/08\\\/h2-1010-eric-herchaft.jpg\",\"datePublished\":\"2026-09-06T07:36:12+00:00\",\"breadcrumb\":{\"@id\":\"https:\\\/\\\/www.forbes.be\\\/nl\\\/ik-neem-opnieuw-de-tijd-om-te-dromen\\\/#breadcrumb\"},\"inLanguage\":\"nl-BE\",\"potentialAction\":[{\"@type\":\"ReadAction\",\"target\":[\"https:\\\/\\\/www.forbes.be\\\/nl\\\/ik-neem-opnieuw-de-tijd-om-te-dromen\\\/\"]}]},{\"@type\":\"ImageObject\",\"inLanguage\":\"nl-BE\",\"@id\":\"https:\\\/\\\/www.forbes.be\\\/nl\\\/ik-neem-opnieuw-de-tijd-om-te-dromen\\\/#primaryimage\",\"url\":\"https:\\\/\\\/www.forbes.be\\\/nl\\\/wp-content\\\/uploads\\\/2026\\\/08\\\/h2-1010-eric-herchaft.jpg\",\"contentUrl\":\"https:\\\/\\\/www.forbes.be\\\/nl\\\/wp-content\\\/uploads\\\/2026\\\/08\\\/h2-1010-eric-herchaft.jpg\",\"width\":2000,\"height\":1047},{\"@type\":\"BreadcrumbList\",\"@id\":\"https:\\\/\\\/www.forbes.be\\\/nl\\\/ik-neem-opnieuw-de-tijd-om-te-dromen\\\/#breadcrumb\",\"itemListElement\":[{\"@type\":\"ListItem\",\"position\":1,\"name\":\"Accueil\",\"item\":\"https:\\\/\\\/www.forbes.be\\\/nl\\\/\"},{\"@type\":\"ListItem\",\"position\":2,\"name\":\"Ik neem opnieuw de tijd om te dromen\"}]},{\"@type\":\"WebSite\",\"@id\":\"https:\\\/\\\/www.forbes.be\\\/nl\\\/#website\",\"url\":\"https:\\\/\\\/www.forbes.be\\\/nl\\\/\",\"name\":\"Forbes Belgi\u00eb\",\"description\":\"\",\"publisher\":{\"@id\":\"https:\\\/\\\/www.forbes.be\\\/nl\\\/#organization\"},\"potentialAction\":[{\"@type\":\"SearchAction\",\"target\":{\"@type\":\"EntryPoint\",\"urlTemplate\":\"https:\\\/\\\/www.forbes.be\\\/nl\\\/?s={search_term_string}\"},\"query-input\":{\"@type\":\"PropertyValueSpecification\",\"valueRequired\":true,\"valueName\":\"search_term_string\"}}],\"inLanguage\":\"nl-BE\"},{\"@type\":\"Organization\",\"@id\":\"https:\\\/\\\/www.forbes.be\\\/nl\\\/#organization\",\"name\":\"Forbes Belgi\u00eb\",\"url\":\"https:\\\/\\\/www.forbes.be\\\/nl\\\/\",\"logo\":{\"@type\":\"ImageObject\",\"inLanguage\":\"nl-BE\",\"@id\":\"https:\\\/\\\/www.forbes.be\\\/nl\\\/#\\\/schema\\\/logo\\\/image\\\/\",\"url\":\"https:\\\/\\\/www.forbes.be\\\/nl\\\/wp-content\\\/uploads\\\/2024\\\/02\\\/forbes.be_.png\",\"contentUrl\":\"https:\\\/\\\/www.forbes.be\\\/nl\\\/wp-content\\\/uploads\\\/2024\\\/02\\\/forbes.be_.png\",\"width\":1200,\"height\":675,\"caption\":\"Forbes Belgi\u00eb\"},\"image\":{\"@id\":\"https:\\\/\\\/www.forbes.be\\\/nl\\\/#\\\/schema\\\/logo\\\/image\\\/\"},\"sameAs\":[\"https:\\\/\\\/www.facebook.com\\\/forbesbelgie\",\"https:\\\/\\\/www.instagram.com\\\/Forbes_Belgium\",\"https:\\\/\\\/www.linkedin.com\\\/company\\\/forbes-belgium\\\/\"]},{\"@type\":\"Person\",\"@id\":\"https:\\\/\\\/www.forbes.be\\\/nl\\\/#\\\/schema\\\/person\\\/9fff904a0171021be7628d5979f51a92\",\"name\":\"Joan Condijts\",\"image\":{\"@type\":\"ImageObject\",\"inLanguage\":\"nl-BE\",\"@id\":\"https:\\\/\\\/www.forbes.be\\\/nl\\\/wp-content\\\/uploads\\\/2024\\\/01\\\/50-150x150.jpg\",\"url\":\"https:\\\/\\\/www.forbes.be\\\/nl\\\/wp-content\\\/uploads\\\/2024\\\/01\\\/50-150x150.jpg\",\"contentUrl\":\"https:\\\/\\\/www.forbes.be\\\/nl\\\/wp-content\\\/uploads\\\/2024\\\/01\\\/50-150x150.jpg\",\"caption\":\"Joan Condijts\"},\"url\":\"https:\\\/\\\/www.forbes.be\\\/nl\\\/author\\\/jcoforbes-be\\\/\"}]}<\/script>\n<!-- \/ Yoast SEO plugin. -->","yoast_head_json":{"title":"Ik neem opnieuw de tijd om te dromen | Forbes Belgi\u00eb","robots":{"index":"index","follow":"follow","max-snippet":"max-snippet:-1","max-image-preview":"max-image-preview:large","max-video-preview":"max-video-preview:-1"},"canonical":"https:\/\/www.forbes.be\/nl\/ik-neem-opnieuw-de-tijd-om-te-dromen\/","og_locale":"nl_BE","og_type":"article","og_title":"Ik neem opnieuw de tijd om te dromen | Forbes Belgi\u00eb","og_description":"Op 1 mei droeg Marc Raisi\u00e8re officieel de teugels van Belfius over aan zijn aangewezen kroonprins, Olivier Onclin. De man die de \u2018gemeentebank\u2019 volledig transformeerde en weer op de rails zette, neemt voortaan voor vier jaar plaats in de zetel van de voorzitter van de raad van bestuur. Het uitgelezen moment om terug te blikken [&hellip;]","og_url":"https:\/\/www.forbes.be\/nl\/ik-neem-opnieuw-de-tijd-om-te-dromen\/","og_site_name":"Forbes Belgi\u00eb","article_publisher":"https:\/\/www.facebook.com\/forbesbelgie","article_published_time":"2026-09-06T07:36:12+00:00","og_image":[{"width":2000,"height":1047,"url":"https:\/\/www.forbes.be\/nl\/wp-content\/uploads\/2026\/08\/h2-1010-eric-herchaft.jpg","type":"image\/jpeg"}],"author":"Joan Condijts","twitter_card":"summary_large_image","twitter_misc":{"Geschreven door":"Joan Condijts","Geschatte leestijd":"12 minuten"},"schema":{"@context":"https:\/\/schema.org","@graph":[{"@type":"NewsArticle","@id":"https:\/\/www.forbes.be\/nl\/ik-neem-opnieuw-de-tijd-om-te-dromen\/#article","isPartOf":{"@id":"https:\/\/www.forbes.be\/nl\/ik-neem-opnieuw-de-tijd-om-te-dromen\/"},"author":{"name":"Joan Condijts","@id":"https:\/\/www.forbes.be\/nl\/#\/schema\/person\/9fff904a0171021be7628d5979f51a92"},"headline":"Ik neem opnieuw de tijd om te dromen","datePublished":"2026-09-06T07:36:12+00:00","mainEntityOfPage":{"@id":"https:\/\/www.forbes.be\/nl\/ik-neem-opnieuw-de-tijd-om-te-dromen\/"},"wordCount":2121,"publisher":{"@id":"https:\/\/www.forbes.be\/nl\/#organization"},"image":{"@id":"https:\/\/www.forbes.be\/nl\/ik-neem-opnieuw-de-tijd-om-te-dromen\/#primaryimage"},"thumbnailUrl":"https:\/\/www.forbes.be\/nl\/wp-content\/uploads\/2026\/08\/h2-1010-eric-herchaft.jpg","articleSection":["Actualiteit"],"inLanguage":"nl-BE"},{"@type":"WebPage","@id":"https:\/\/www.forbes.be\/nl\/ik-neem-opnieuw-de-tijd-om-te-dromen\/","url":"https:\/\/www.forbes.be\/nl\/ik-neem-opnieuw-de-tijd-om-te-dromen\/","name":"Ik neem opnieuw de tijd om te dromen | Forbes Belgi\u00eb","isPartOf":{"@id":"https:\/\/www.forbes.be\/nl\/#website"},"primaryImageOfPage":{"@id":"https:\/\/www.forbes.be\/nl\/ik-neem-opnieuw-de-tijd-om-te-dromen\/#primaryimage"},"image":{"@id":"https:\/\/www.forbes.be\/nl\/ik-neem-opnieuw-de-tijd-om-te-dromen\/#primaryimage"},"thumbnailUrl":"https:\/\/www.forbes.be\/nl\/wp-content\/uploads\/2026\/08\/h2-1010-eric-herchaft.jpg","datePublished":"2026-09-06T07:36:12+00:00","breadcrumb":{"@id":"https:\/\/www.forbes.be\/nl\/ik-neem-opnieuw-de-tijd-om-te-dromen\/#breadcrumb"},"inLanguage":"nl-BE","potentialAction":[{"@type":"ReadAction","target":["https:\/\/www.forbes.be\/nl\/ik-neem-opnieuw-de-tijd-om-te-dromen\/"]}]},{"@type":"ImageObject","inLanguage":"nl-BE","@id":"https:\/\/www.forbes.be\/nl\/ik-neem-opnieuw-de-tijd-om-te-dromen\/#primaryimage","url":"https:\/\/www.forbes.be\/nl\/wp-content\/uploads\/2026\/08\/h2-1010-eric-herchaft.jpg","contentUrl":"https:\/\/www.forbes.be\/nl\/wp-content\/uploads\/2026\/08\/h2-1010-eric-herchaft.jpg","width":2000,"height":1047},{"@type":"BreadcrumbList","@id":"https:\/\/www.forbes.be\/nl\/ik-neem-opnieuw-de-tijd-om-te-dromen\/#breadcrumb","itemListElement":[{"@type":"ListItem","position":1,"name":"Accueil","item":"https:\/\/www.forbes.be\/nl\/"},{"@type":"ListItem","position":2,"name":"Ik neem opnieuw de tijd om te dromen"}]},{"@type":"WebSite","@id":"https:\/\/www.forbes.be\/nl\/#website","url":"https:\/\/www.forbes.be\/nl\/","name":"Forbes Belgi\u00eb","description":"","publisher":{"@id":"https:\/\/www.forbes.be\/nl\/#organization"},"potentialAction":[{"@type":"SearchAction","target":{"@type":"EntryPoint","urlTemplate":"https:\/\/www.forbes.be\/nl\/?s={search_term_string}"},"query-input":{"@type":"PropertyValueSpecification","valueRequired":true,"valueName":"search_term_string"}}],"inLanguage":"nl-BE"},{"@type":"Organization","@id":"https:\/\/www.forbes.be\/nl\/#organization","name":"Forbes Belgi\u00eb","url":"https:\/\/www.forbes.be\/nl\/","logo":{"@type":"ImageObject","inLanguage":"nl-BE","@id":"https:\/\/www.forbes.be\/nl\/#\/schema\/logo\/image\/","url":"https:\/\/www.forbes.be\/nl\/wp-content\/uploads\/2024\/02\/forbes.be_.png","contentUrl":"https:\/\/www.forbes.be\/nl\/wp-content\/uploads\/2024\/02\/forbes.be_.png","width":1200,"height":675,"caption":"Forbes Belgi\u00eb"},"image":{"@id":"https:\/\/www.forbes.be\/nl\/#\/schema\/logo\/image\/"},"sameAs":["https:\/\/www.facebook.com\/forbesbelgie","https:\/\/www.instagram.com\/Forbes_Belgium","https:\/\/www.linkedin.com\/company\/forbes-belgium\/"]},{"@type":"Person","@id":"https:\/\/www.forbes.be\/nl\/#\/schema\/person\/9fff904a0171021be7628d5979f51a92","name":"Joan Condijts","image":{"@type":"ImageObject","inLanguage":"nl-BE","@id":"https:\/\/www.forbes.be\/nl\/wp-content\/uploads\/2024\/01\/50-150x150.jpg","url":"https:\/\/www.forbes.be\/nl\/wp-content\/uploads\/2024\/01\/50-150x150.jpg","contentUrl":"https:\/\/www.forbes.be\/nl\/wp-content\/uploads\/2024\/01\/50-150x150.jpg","caption":"Joan Condijts"},"url":"https:\/\/www.forbes.be\/nl\/author\/jcoforbes-be\/"}]}},"_links":{"self":[{"href":"https:\/\/www.forbes.be\/nl\/wp-json\/wp\/v2\/posts\/15752","targetHints":{"allow":["GET"]}}],"collection":[{"href":"https:\/\/www.forbes.be\/nl\/wp-json\/wp\/v2\/posts"}],"about":[{"href":"https:\/\/www.forbes.be\/nl\/wp-json\/wp\/v2\/types\/post"}],"author":[{"embeddable":true,"href":"https:\/\/www.forbes.be\/nl\/wp-json\/wp\/v2\/users\/6"}],"replies":[{"embeddable":true,"href":"https:\/\/www.forbes.be\/nl\/wp-json\/wp\/v2\/comments?post=15752"}],"version-history":[{"count":3,"href":"https:\/\/www.forbes.be\/nl\/wp-json\/wp\/v2\/posts\/15752\/revisions"}],"predecessor-version":[{"id":15760,"href":"https:\/\/www.forbes.be\/nl\/wp-json\/wp\/v2\/posts\/15752\/revisions\/15760"}],"wp:featuredmedia":[{"embeddable":true,"href":"https:\/\/www.forbes.be\/nl\/wp-json\/wp\/v2\/media\/15757"}],"wp:attachment":[{"href":"https:\/\/www.forbes.be\/nl\/wp-json\/wp\/v2\/media?parent=15752"}],"wp:term":[{"taxonomy":"category","embeddable":true,"href":"https:\/\/www.forbes.be\/nl\/wp-json\/wp\/v2\/categories?post=15752"},{"taxonomy":"post_tag","embeddable":true,"href":"https:\/\/www.forbes.be\/nl\/wp-json\/wp\/v2\/tags?post=15752"}],"curies":[{"name":"wp","href":"https:\/\/api.w.org\/{rel}","templated":true}]}}