{"id":15944,"date":"2026-09-01T07:46:06","date_gmt":"2026-09-01T05:46:06","guid":{"rendered":"https:\/\/www.forbes.be\/nl\/?p=15944"},"modified":"2026-08-31T09:50:53","modified_gmt":"2026-08-31T07:50:53","slug":"marc-coucke-wordt-meerderheidsaandeelhouder-van-amadeus","status":"publish","type":"post","link":"https:\/\/www.forbes.be\/nl\/marc-coucke-wordt-meerderheidsaandeelhouder-van-amadeus\/","title":{"rendered":"Marc Coucke wordt meerderheidsaandeelhouder van Amadeus"},"content":{"rendered":"<p class=\"p1\"><strong>Marc Coucke heeft honger. Nadat hij in 2025 de helft van Glacier de la Poste in Knokke verwierf, neemt hij nu via zijn investeringsmaatschappij <a href=\"https:\/\/alychlo.com\/alychlo-invests-in-amadeus-the-icon-of-belian-ribs\/\" target=\"_blank\" rel=\"noopener\">Alychlo<\/a> een meerderheidsbelang in <a href=\"https:\/\/amadeus-resto.be\/fr\/\" target=\"_blank\" rel=\"noopener\">Amadeus<\/a>, de bekende restaurantketen waar onbeperkt spareribs op het menu staan. De huidige directie, met aandeelhouders <a href=\"https:\/\/be.linkedin.com\/in\/marie-thevelin-37495966\/fr\" target=\"_blank\" rel=\"noopener\">Marie Thevelin<\/a> en haar echtgenoot <a href=\"https:\/\/be.linkedin.com\/in\/peter-dobbelaere-b048a2193\" target=\"_blank\" rel=\"noopener\">Peter Dobbelaere<\/a>, blijft aan het roer. De ambitie is duidelijk: voortaan gemiddeld \u00e9\u00e9n nieuwe vestiging per jaar openen.<\/strong><\/p>\n<p class=\"p1\">Amadeus viert in 2027 zijn veertigste verjaardag. Sinds de opening van het eerste restaurant in het Gentse Patershol is de formule nauwelijks veranderd. Onbeperkt spareribs, de beroemde gepofte aardappel met geheime saus en als afsluiter een Irish coffee. Dat alles wordt geserveerd op rood-wit geblokte tafelkleden, in een theatraal interieur dat de gasten naar een ander tijdperk lijkt te brengen.<\/p>\n<p class=\"p1\">Vandaag telt Amadeus vijf restaurants, verspreid over Brussel, Antwerpen, Gent en Lozer, tussen Gent en Kortrijk. Volgens Alychlo schuiven er jaarlijks bijna 400.000 gasten \u201czonder poespas\u201d aan tafel. Van gezinnen en studenten tot grote gezelschappen en toeristen, generatie na generatie. Uit de financi\u00eble resultaten van 2025 blijkt dat het werkelijke aantal eerder boven de 300.000 bezoekers ligt, goed voor een omzet van 10 miljoen euro.<\/p>\n<h2 class=\"p1\">Eerst professionaliseren, dan groeien<\/h2>\n<p class=\"p1\">Marie Thevelin en haar echtgenoot Peter Dobbelaere kwamen eind 2023 aan het hoofd van de groep te staan na een vastgoedtransactie. In eerste instantie kozen ze niet voor uitbreiding, maar voor professionalisering. Alle keukens werden volgens hetzelfde model gerenoveerd en voor het volledige netwerk werd een operationeel handboek van meer dan honderd pagina\u2019s ingevoerd. Ook de controles op kwaliteit en voedselveiligheid worden voortaan dagelijks digitaal opgevolgd. Bijna tien jaar geleden kampte Amadeus nog met terugkerende hygi\u00ebneproblemen en moesten enkele vestigingen tijdelijk de deuren sluiten. Vandaag behoort de keten volgens Alychlo tot de betere leerlingen van de sector.<\/p>\n<p class=\"p1\">Met <a href=\"https:\/\/www.instagram.com\/p\/DcTwYVgNuha\/\" target=\"_blank\" rel=\"noopener\">Marc Coucke<\/a> als nieuwe meerderheidsaandeelhouder breekt nu een volgende groeifase aan. Dit najaar opent een zesde vestiging in het historische centrum van Brugge. Daarna wil de groep gemiddeld \u00e9\u00e9n nieuw restaurant per jaar openen en zijn aanwezigheid over heel Belgi\u00eb verder uitbreiden.<\/p>\n<h2 class=\"p1\">De ziel van Amadeus blijft intact<\/h2>\n<p class=\"p1\">Alychlo en de huidige directie, die aanblijft en verantwoordelijk blijft voor het dagelijkse beheer, benadrukken dat de bekende formule niet zal veranderen. \u201cDe spareribs, de sfeer, de gastvrijheid en de onovertroffen prijs-kwaliteitverhouding vormen het DNA van Amadeus en blijven intact.\u201d Elke nieuwe vestiging zal voortbouwen op hetzelfde concept en werken met lokaal aangeworven teams.<\/p>\n<p class=\"p1\">\u201cIedereen in dit land is al eens bij Amadeus geweest. Zo\u2019n merk bouw je niet zomaar op, dat verdien je in veertig jaar. Marie en Peter hebben bereikt waar maar weinig mensen in slagen. Achter de schermen hebben ze alles geprofessionaliseerd, zonder dat de zaak haar ziel verloor. De kwaliteit en service waren nog nooit zo goed en dat blijkt uit het enthousiasme van de klanten\u201d, aldus Marc Coucke. Volgens Alychlo staat Amadeus er vandaag ook financieel sterk genoeg voor om zijn verdere groei zelf te financieren.<\/p>\n<p class=\"p1\">\u201cMet Marc Coucke, een van de succesvolste ondernemers van het land, en Alychlo aan onze zijde, gaat Amadeus zijn veertigste verjaardag onder de best mogelijke omstandigheden tegemoet om verder te groeien. Voor mij is dat precies waar doordacht en duurzaam ondernemerschap om draait: weten hoe je de best mogelijke partner aan je bindt\u201d, besluit Marie Thevelin.<\/p>\n","protected":false},"excerpt":{"rendered":"<p>Marc Coucke heeft honger! Nadat hij in 2025 de helft van Glacier de la Poste in Knokke had opgeslokt, heeft hij nu via zijn investeringsmaatschappij Alychlo een meerderheidsbelang genomen in Amadeus, de bekende restaurantketen die onbeperkt spareribs serveert. De huidige directie, vertegenwoordigd door [&hellip;]<\/p>\n","protected":false},"author":2,"featured_media":15943,"comment_status":"closed","ping_status":"closed","sticky":false,"template":"","format":"standard","meta":{"_acf_changed":false,"inline_featured_image":false,"footnotes":""},"categories":[1],"tags":[],"class_list":["post-15944","post","type-post","status-publish","format-standard","has-post-thumbnail","category-actualiteit"],"acf":[],"auteur_traducteur":"","yoast_head":"<!-- This site is optimized with the Yoast SEO plugin v28.3 - https:\/\/yoast.com\/product\/yoast-seo-wordpress\/ -->\n<title>Marc Coucke wordt meerderheidsaandeelhouder van Amadeus<\/title>\n<meta name=\"description\" content=\"Marc Coucke en Alychlo nemen een meerderheidsbelang in Amadeus. De Belgische ribsketen wil voortaan gemiddeld \u00e9\u00e9n restaurant per jaar openen.\" \/>\n<meta name=\"robots\" content=\"index, follow, max-snippet:-1, max-image-preview:large, max-video-preview:-1\" \/>\n<link rel=\"canonical\" href=\"https:\/\/www.forbes.be\/nl\/marc-coucke-wordt-meerderheidsaandeelhouder-van-amadeus\/\" \/>\n<meta property=\"og:locale\" content=\"nl_BE\" \/>\n<meta property=\"og:type\" content=\"article\" \/>\n<meta property=\"og:title\" content=\"Marc Coucke wordt meerderheidsaandeelhouder van Amadeus\" \/>\n<meta property=\"og:description\" content=\"Marc Coucke en Alychlo nemen een meerderheidsbelang in Amadeus. De Belgische ribsketen wil voortaan gemiddeld \u00e9\u00e9n restaurant per jaar openen.\" \/>\n<meta property=\"og:url\" content=\"https:\/\/www.forbes.be\/nl\/marc-coucke-wordt-meerderheidsaandeelhouder-van-amadeus\/\" \/>\n<meta property=\"og:site_name\" content=\"Forbes Belgi\u00eb\" \/>\n<meta property=\"article:publisher\" content=\"https:\/\/www.facebook.com\/forbesbelgie\" \/>\n<meta property=\"article:published_time\" content=\"2026-09-01T05:46:06+00:00\" \/>\n<meta property=\"og:image\" content=\"https:\/\/www.forbes.be\/nl\/wp-content\/uploads\/2026\/08\/18900-ghentapr28exteriorviewofthefamousamadeusrestaurant.jpg\" \/>\n\t<meta property=\"og:image:width\" content=\"2560\" \/>\n\t<meta property=\"og:image:height\" content=\"1340\" \/>\n\t<meta property=\"og:image:type\" content=\"image\/jpeg\" \/>\n<meta name=\"author\" content=\"Forbes Belgi\u00eb\" \/>\n<meta name=\"twitter:card\" content=\"summary_large_image\" \/>\n<meta name=\"twitter:label1\" content=\"Geschreven door\" \/>\n\t<meta name=\"twitter:data1\" content=\"Forbes Belgi\u00eb\" \/>\n\t<meta name=\"twitter:label2\" content=\"Geschatte leestijd\" \/>\n\t<meta name=\"twitter:data2\" content=\"3 minuten\" \/>\n<script type=\"application\/ld+json\" class=\"yoast-schema-graph\">{\"@context\":\"https:\\\/\\\/schema.org\",\"@graph\":[{\"@type\":\"NewsArticle\",\"@id\":\"https:\\\/\\\/www.forbes.be\\\/nl\\\/marc-coucke-wordt-meerderheidsaandeelhouder-van-amadeus\\\/#article\",\"isPartOf\":{\"@id\":\"https:\\\/\\\/www.forbes.be\\\/nl\\\/marc-coucke-wordt-meerderheidsaandeelhouder-van-amadeus\\\/\"},\"author\":{\"name\":\"Forbes Belgi\u00eb\",\"@id\":\"https:\\\/\\\/www.forbes.be\\\/nl\\\/#\\\/schema\\\/person\\\/76021faf737c7bde7d120746b85c7881\"},\"headline\":\"Marc Coucke wordt meerderheidsaandeelhouder van Amadeus\",\"datePublished\":\"2026-09-01T05:46:06+00:00\",\"mainEntityOfPage\":{\"@id\":\"https:\\\/\\\/www.forbes.be\\\/nl\\\/marc-coucke-wordt-meerderheidsaandeelhouder-van-amadeus\\\/\"},\"wordCount\":542,\"publisher\":{\"@id\":\"https:\\\/\\\/www.forbes.be\\\/nl\\\/#organization\"},\"image\":{\"@id\":\"https:\\\/\\\/www.forbes.be\\\/nl\\\/marc-coucke-wordt-meerderheidsaandeelhouder-van-amadeus\\\/#primaryimage\"},\"thumbnailUrl\":\"https:\\\/\\\/www.forbes.be\\\/nl\\\/wp-content\\\/uploads\\\/2026\\\/08\\\/18900-ghentapr28exteriorviewofthefamousamadeusrestaurant.jpg\",\"articleSection\":[\"Actualiteit\"],\"inLanguage\":\"nl-BE\"},{\"@type\":\"WebPage\",\"@id\":\"https:\\\/\\\/www.forbes.be\\\/nl\\\/marc-coucke-wordt-meerderheidsaandeelhouder-van-amadeus\\\/\",\"url\":\"https:\\\/\\\/www.forbes.be\\\/nl\\\/marc-coucke-wordt-meerderheidsaandeelhouder-van-amadeus\\\/\",\"name\":\"Marc Coucke wordt meerderheidsaandeelhouder van Amadeus\",\"isPartOf\":{\"@id\":\"https:\\\/\\\/www.forbes.be\\\/nl\\\/#website\"},\"primaryImageOfPage\":{\"@id\":\"https:\\\/\\\/www.forbes.be\\\/nl\\\/marc-coucke-wordt-meerderheidsaandeelhouder-van-amadeus\\\/#primaryimage\"},\"image\":{\"@id\":\"https:\\\/\\\/www.forbes.be\\\/nl\\\/marc-coucke-wordt-meerderheidsaandeelhouder-van-amadeus\\\/#primaryimage\"},\"thumbnailUrl\":\"https:\\\/\\\/www.forbes.be\\\/nl\\\/wp-content\\\/uploads\\\/2026\\\/08\\\/18900-ghentapr28exteriorviewofthefamousamadeusrestaurant.jpg\",\"datePublished\":\"2026-09-01T05:46:06+00:00\",\"description\":\"Marc Coucke en Alychlo nemen een meerderheidsbelang in Amadeus. De Belgische ribsketen wil voortaan gemiddeld \u00e9\u00e9n restaurant per jaar openen.\",\"breadcrumb\":{\"@id\":\"https:\\\/\\\/www.forbes.be\\\/nl\\\/marc-coucke-wordt-meerderheidsaandeelhouder-van-amadeus\\\/#breadcrumb\"},\"inLanguage\":\"nl-BE\",\"potentialAction\":[{\"@type\":\"ReadAction\",\"target\":[\"https:\\\/\\\/www.forbes.be\\\/nl\\\/marc-coucke-wordt-meerderheidsaandeelhouder-van-amadeus\\\/\"]}]},{\"@type\":\"ImageObject\",\"inLanguage\":\"nl-BE\",\"@id\":\"https:\\\/\\\/www.forbes.be\\\/nl\\\/marc-coucke-wordt-meerderheidsaandeelhouder-van-amadeus\\\/#primaryimage\",\"url\":\"https:\\\/\\\/www.forbes.be\\\/nl\\\/wp-content\\\/uploads\\\/2026\\\/08\\\/18900-ghentapr28exteriorviewofthefamousamadeusrestaurant.jpg\",\"contentUrl\":\"https:\\\/\\\/www.forbes.be\\\/nl\\\/wp-content\\\/uploads\\\/2026\\\/08\\\/18900-ghentapr28exteriorviewofthefamousamadeusrestaurant.jpg\",\"width\":2560,\"height\":1340,\"caption\":\"\u00a9 DR\\\/Shutterstock.com\"},{\"@type\":\"BreadcrumbList\",\"@id\":\"https:\\\/\\\/www.forbes.be\\\/nl\\\/marc-coucke-wordt-meerderheidsaandeelhouder-van-amadeus\\\/#breadcrumb\",\"itemListElement\":[{\"@type\":\"ListItem\",\"position\":1,\"name\":\"Accueil\",\"item\":\"https:\\\/\\\/www.forbes.be\\\/nl\\\/\"},{\"@type\":\"ListItem\",\"position\":2,\"name\":\"Marc Coucke wordt meerderheidsaandeelhouder van Amadeus\"}]},{\"@type\":\"WebSite\",\"@id\":\"https:\\\/\\\/www.forbes.be\\\/nl\\\/#website\",\"url\":\"https:\\\/\\\/www.forbes.be\\\/nl\\\/\",\"name\":\"Forbes Belgi\u00eb\",\"description\":\"\",\"publisher\":{\"@id\":\"https:\\\/\\\/www.forbes.be\\\/nl\\\/#organization\"},\"potentialAction\":[{\"@type\":\"SearchAction\",\"target\":{\"@type\":\"EntryPoint\",\"urlTemplate\":\"https:\\\/\\\/www.forbes.be\\\/nl\\\/?s={search_term_string}\"},\"query-input\":{\"@type\":\"PropertyValueSpecification\",\"valueRequired\":true,\"valueName\":\"search_term_string\"}}],\"inLanguage\":\"nl-BE\"},{\"@type\":\"Organization\",\"@id\":\"https:\\\/\\\/www.forbes.be\\\/nl\\\/#organization\",\"name\":\"Forbes Belgi\u00eb\",\"url\":\"https:\\\/\\\/www.forbes.be\\\/nl\\\/\",\"logo\":{\"@type\":\"ImageObject\",\"inLanguage\":\"nl-BE\",\"@id\":\"https:\\\/\\\/www.forbes.be\\\/nl\\\/#\\\/schema\\\/logo\\\/image\\\/\",\"url\":\"https:\\\/\\\/www.forbes.be\\\/nl\\\/wp-content\\\/uploads\\\/2024\\\/02\\\/forbes.be_.png\",\"contentUrl\":\"https:\\\/\\\/www.forbes.be\\\/nl\\\/wp-content\\\/uploads\\\/2024\\\/02\\\/forbes.be_.png\",\"width\":1200,\"height\":675,\"caption\":\"Forbes Belgi\u00eb\"},\"image\":{\"@id\":\"https:\\\/\\\/www.forbes.be\\\/nl\\\/#\\\/schema\\\/logo\\\/image\\\/\"},\"sameAs\":[\"https:\\\/\\\/www.facebook.com\\\/forbesbelgie\",\"https:\\\/\\\/www.instagram.com\\\/Forbes_Belgium\",\"https:\\\/\\\/www.linkedin.com\\\/company\\\/forbes-belgium\\\/\"]},{\"@type\":\"Person\",\"@id\":\"https:\\\/\\\/www.forbes.be\\\/nl\\\/#\\\/schema\\\/person\\\/76021faf737c7bde7d120746b85c7881\",\"name\":\"Forbes Belgi\u00eb\",\"image\":{\"@type\":\"ImageObject\",\"inLanguage\":\"nl-BE\",\"@id\":\"https:\\\/\\\/www.forbes.be\\\/nl\\\/wp-content\\\/uploads\\\/2024\\\/01\\\/forbes-thumb-150x150.jpg\",\"url\":\"https:\\\/\\\/www.forbes.be\\\/nl\\\/wp-content\\\/uploads\\\/2024\\\/01\\\/forbes-thumb-150x150.jpg\",\"contentUrl\":\"https:\\\/\\\/www.forbes.be\\\/nl\\\/wp-content\\\/uploads\\\/2024\\\/01\\\/forbes-thumb-150x150.jpg\",\"caption\":\"Forbes Belgi\u00eb\"},\"url\":\"https:\\\/\\\/www.forbes.be\\\/nl\\\/author\\\/forbes-be\\\/\"}]}<\/script>\n<!-- \/ Yoast SEO plugin. -->","yoast_head_json":{"title":"Marc Coucke wordt meerderheidsaandeelhouder van Amadeus","description":"Marc Coucke en Alychlo nemen een meerderheidsbelang in Amadeus. De Belgische ribsketen wil voortaan gemiddeld \u00e9\u00e9n restaurant per jaar openen.","robots":{"index":"index","follow":"follow","max-snippet":"max-snippet:-1","max-image-preview":"max-image-preview:large","max-video-preview":"max-video-preview:-1"},"canonical":"https:\/\/www.forbes.be\/nl\/marc-coucke-wordt-meerderheidsaandeelhouder-van-amadeus\/","og_locale":"nl_BE","og_type":"article","og_title":"Marc Coucke wordt meerderheidsaandeelhouder van Amadeus","og_description":"Marc Coucke en Alychlo nemen een meerderheidsbelang in Amadeus. De Belgische ribsketen wil voortaan gemiddeld \u00e9\u00e9n restaurant per jaar openen.","og_url":"https:\/\/www.forbes.be\/nl\/marc-coucke-wordt-meerderheidsaandeelhouder-van-amadeus\/","og_site_name":"Forbes Belgi\u00eb","article_publisher":"https:\/\/www.facebook.com\/forbesbelgie","article_published_time":"2026-09-01T05:46:06+00:00","og_image":[{"width":2560,"height":1340,"url":"https:\/\/www.forbes.be\/nl\/wp-content\/uploads\/2026\/08\/18900-ghentapr28exteriorviewofthefamousamadeusrestaurant.jpg","type":"image\/jpeg"}],"author":"Forbes Belgi\u00eb","twitter_card":"summary_large_image","twitter_misc":{"Geschreven door":"Forbes Belgi\u00eb","Geschatte leestijd":"3 minuten"},"schema":{"@context":"https:\/\/schema.org","@graph":[{"@type":"NewsArticle","@id":"https:\/\/www.forbes.be\/nl\/marc-coucke-wordt-meerderheidsaandeelhouder-van-amadeus\/#article","isPartOf":{"@id":"https:\/\/www.forbes.be\/nl\/marc-coucke-wordt-meerderheidsaandeelhouder-van-amadeus\/"},"author":{"name":"Forbes Belgi\u00eb","@id":"https:\/\/www.forbes.be\/nl\/#\/schema\/person\/76021faf737c7bde7d120746b85c7881"},"headline":"Marc Coucke wordt meerderheidsaandeelhouder van Amadeus","datePublished":"2026-09-01T05:46:06+00:00","mainEntityOfPage":{"@id":"https:\/\/www.forbes.be\/nl\/marc-coucke-wordt-meerderheidsaandeelhouder-van-amadeus\/"},"wordCount":542,"publisher":{"@id":"https:\/\/www.forbes.be\/nl\/#organization"},"image":{"@id":"https:\/\/www.forbes.be\/nl\/marc-coucke-wordt-meerderheidsaandeelhouder-van-amadeus\/#primaryimage"},"thumbnailUrl":"https:\/\/www.forbes.be\/nl\/wp-content\/uploads\/2026\/08\/18900-ghentapr28exteriorviewofthefamousamadeusrestaurant.jpg","articleSection":["Actualiteit"],"inLanguage":"nl-BE"},{"@type":"WebPage","@id":"https:\/\/www.forbes.be\/nl\/marc-coucke-wordt-meerderheidsaandeelhouder-van-amadeus\/","url":"https:\/\/www.forbes.be\/nl\/marc-coucke-wordt-meerderheidsaandeelhouder-van-amadeus\/","name":"Marc Coucke wordt meerderheidsaandeelhouder van Amadeus","isPartOf":{"@id":"https:\/\/www.forbes.be\/nl\/#website"},"primaryImageOfPage":{"@id":"https:\/\/www.forbes.be\/nl\/marc-coucke-wordt-meerderheidsaandeelhouder-van-amadeus\/#primaryimage"},"image":{"@id":"https:\/\/www.forbes.be\/nl\/marc-coucke-wordt-meerderheidsaandeelhouder-van-amadeus\/#primaryimage"},"thumbnailUrl":"https:\/\/www.forbes.be\/nl\/wp-content\/uploads\/2026\/08\/18900-ghentapr28exteriorviewofthefamousamadeusrestaurant.jpg","datePublished":"2026-09-01T05:46:06+00:00","description":"Marc Coucke en Alychlo nemen een meerderheidsbelang in Amadeus. De Belgische ribsketen wil voortaan gemiddeld \u00e9\u00e9n restaurant per jaar openen.","breadcrumb":{"@id":"https:\/\/www.forbes.be\/nl\/marc-coucke-wordt-meerderheidsaandeelhouder-van-amadeus\/#breadcrumb"},"inLanguage":"nl-BE","potentialAction":[{"@type":"ReadAction","target":["https:\/\/www.forbes.be\/nl\/marc-coucke-wordt-meerderheidsaandeelhouder-van-amadeus\/"]}]},{"@type":"ImageObject","inLanguage":"nl-BE","@id":"https:\/\/www.forbes.be\/nl\/marc-coucke-wordt-meerderheidsaandeelhouder-van-amadeus\/#primaryimage","url":"https:\/\/www.forbes.be\/nl\/wp-content\/uploads\/2026\/08\/18900-ghentapr28exteriorviewofthefamousamadeusrestaurant.jpg","contentUrl":"https:\/\/www.forbes.be\/nl\/wp-content\/uploads\/2026\/08\/18900-ghentapr28exteriorviewofthefamousamadeusrestaurant.jpg","width":2560,"height":1340,"caption":"\u00a9 DR\/Shutterstock.com"},{"@type":"BreadcrumbList","@id":"https:\/\/www.forbes.be\/nl\/marc-coucke-wordt-meerderheidsaandeelhouder-van-amadeus\/#breadcrumb","itemListElement":[{"@type":"ListItem","position":1,"name":"Accueil","item":"https:\/\/www.forbes.be\/nl\/"},{"@type":"ListItem","position":2,"name":"Marc Coucke wordt meerderheidsaandeelhouder van Amadeus"}]},{"@type":"WebSite","@id":"https:\/\/www.forbes.be\/nl\/#website","url":"https:\/\/www.forbes.be\/nl\/","name":"Forbes Belgi\u00eb","description":"","publisher":{"@id":"https:\/\/www.forbes.be\/nl\/#organization"},"potentialAction":[{"@type":"SearchAction","target":{"@type":"EntryPoint","urlTemplate":"https:\/\/www.forbes.be\/nl\/?s={search_term_string}"},"query-input":{"@type":"PropertyValueSpecification","valueRequired":true,"valueName":"search_term_string"}}],"inLanguage":"nl-BE"},{"@type":"Organization","@id":"https:\/\/www.forbes.be\/nl\/#organization","name":"Forbes Belgi\u00eb","url":"https:\/\/www.forbes.be\/nl\/","logo":{"@type":"ImageObject","inLanguage":"nl-BE","@id":"https:\/\/www.forbes.be\/nl\/#\/schema\/logo\/image\/","url":"https:\/\/www.forbes.be\/nl\/wp-content\/uploads\/2024\/02\/forbes.be_.png","contentUrl":"https:\/\/www.forbes.be\/nl\/wp-content\/uploads\/2024\/02\/forbes.be_.png","width":1200,"height":675,"caption":"Forbes Belgi\u00eb"},"image":{"@id":"https:\/\/www.forbes.be\/nl\/#\/schema\/logo\/image\/"},"sameAs":["https:\/\/www.facebook.com\/forbesbelgie","https:\/\/www.instagram.com\/Forbes_Belgium","https:\/\/www.linkedin.com\/company\/forbes-belgium\/"]},{"@type":"Person","@id":"https:\/\/www.forbes.be\/nl\/#\/schema\/person\/76021faf737c7bde7d120746b85c7881","name":"Forbes Belgi\u00eb","image":{"@type":"ImageObject","inLanguage":"nl-BE","@id":"https:\/\/www.forbes.be\/nl\/wp-content\/uploads\/2024\/01\/forbes-thumb-150x150.jpg","url":"https:\/\/www.forbes.be\/nl\/wp-content\/uploads\/2024\/01\/forbes-thumb-150x150.jpg","contentUrl":"https:\/\/www.forbes.be\/nl\/wp-content\/uploads\/2024\/01\/forbes-thumb-150x150.jpg","caption":"Forbes Belgi\u00eb"},"url":"https:\/\/www.forbes.be\/nl\/author\/forbes-be\/"}]}},"_links":{"self":[{"href":"https:\/\/www.forbes.be\/nl\/wp-json\/wp\/v2\/posts\/15944","targetHints":{"allow":["GET"]}}],"collection":[{"href":"https:\/\/www.forbes.be\/nl\/wp-json\/wp\/v2\/posts"}],"about":[{"href":"https:\/\/www.forbes.be\/nl\/wp-json\/wp\/v2\/types\/post"}],"author":[{"embeddable":true,"href":"https:\/\/www.forbes.be\/nl\/wp-json\/wp\/v2\/users\/2"}],"replies":[{"embeddable":true,"href":"https:\/\/www.forbes.be\/nl\/wp-json\/wp\/v2\/comments?post=15944"}],"version-history":[{"count":2,"href":"https:\/\/www.forbes.be\/nl\/wp-json\/wp\/v2\/posts\/15944\/revisions"}],"predecessor-version":[{"id":15977,"href":"https:\/\/www.forbes.be\/nl\/wp-json\/wp\/v2\/posts\/15944\/revisions\/15977"}],"wp:featuredmedia":[{"embeddable":true,"href":"https:\/\/www.forbes.be\/nl\/wp-json\/wp\/v2\/media\/15943"}],"wp:attachment":[{"href":"https:\/\/www.forbes.be\/nl\/wp-json\/wp\/v2\/media?parent=15944"}],"wp:term":[{"taxonomy":"category","embeddable":true,"href":"https:\/\/www.forbes.be\/nl\/wp-json\/wp\/v2\/categories?post=15944"},{"taxonomy":"post_tag","embeddable":true,"href":"https:\/\/www.forbes.be\/nl\/wp-json\/wp\/v2\/tags?post=15944"}],"curies":[{"name":"wp","href":"https:\/\/api.w.org\/{rel}","templated":true}]}}