{"id":2456,"date":"2024-06-10T07:00:26","date_gmt":"2024-06-10T05:00:26","guid":{"rendered":"https:\/\/www.forbes.be\/nl\/?p=2456"},"modified":"2024-06-06T13:10:14","modified_gmt":"2024-06-06T11:10:14","slug":"ai-vierde-industriele-revolutie-blackrock","status":"publish","type":"post","link":"https:\/\/www.forbes.be\/nl\/ai-vierde-industriele-revolutie-blackrock\/","title":{"rendered":"&#8220;AI wordt de vierde industri\u00eble revolutie&#8221;"},"content":{"rendered":"<p class=\"p1\"><strong><span class=\"s1\">Jean-Fran\u00e7ois Cirelli<\/span><span class=\"s2\">, voorzitter Frankrijk-Belux van het Amerikaanse <\/span><span class=\"s1\">BlackRock<\/span><span class=\"s2\">, \u2018s werelds grootste vermogensbeheerder, bespreekt de grote strategische uitdagingen van de komende jaren. Volgens hem zal <\/span><span class=\"s1\">kunstmatige intelligentie <\/span><span class=\"s2\">de economie net zo ingrijpend veranderen als het Internet en de stoommachine.<\/span><\/strong><\/p>\n<p class=\"p1\">Tien biljoen dollar, zijnde tienduizend miljard. Dat is het vermogen dat <a href=\"https:\/\/www.blackrock.com\/be\/individual\/nl?switchLocale=Y\">BlackRock<\/a> beheert. Het New Yorkse bedrijf is een van de grootste, zo niet de grootste vermogensbeheerder ter wereld. Jean-Fran\u00e7ois Cirelli is al bijna tien jaar voorzitter van de dochteronderneming in Frankrijk en de Belux. Het curriculum vitae van de man uit de Savoye is al even lang als prestigieus: als hoge Franse ambtenaar was hij de naaste adviseur van Jacques Chirac op het Elys\u00e9e, adjunct-stafchef van premier Raffarin, directeur van Gaz de France, nummer twee bij Engie en voorzitter van Electrabel.<\/p>\n<p class=\"p1\">De zestigjarige <i>\u00e9narque<\/i>, afgestudeerd aan de prestigieuze \u00c9cole nationale d\u2019administration, heeft zich ge\u00efnstalleerd in een leunstoel van een paleis aan de Parijse Avenue Hoche. Met zijn karakteristieke welwillendheid beantwoordt hij vragen over de tijdgeest en de strategie van zijn huidige werkgever. Een voormalige vrouwelijke minister loopt naar de bar, merkt hem op en maakt een omweg om hem gedag te komen zeggen. \u00abBinnenkort lunchen?\u00bb Jean-Fran\u00e7ois knikt glimlachend en neemt de draad van zijn redenering weer op. Altijd eerlijk, maar met de precisie en subtiliteit van een man die zorgt voor het vermogen van zijn klanten.<\/p>\n<h2 class=\"p1\">Wat is de beleggingsstrategie van BlackRock?<\/h2>\n<p class=\"p1\">De kern is onze verantwoordelijkheid tegenover onze klanten. Elke klant is anders. BlackRock levert drie dingen: toegang tot beleggingen, expertise en service. Maar uiteindelijk is het aan de klant om te zeggen: \u00abIk wil liever op dit gebied beleggen dan op een ander\u00bb. Onze verantwoordelijkheid is om onze klanten beleggingsoplossingen te bieden waarmee ze hun doelstellingen kunnen bereiken. De kracht van BlackRock ligt in ons brede beleggingsaanbod en onze leidende positie in de meeste beleggingscategorie\u00ebn.<\/p>\n<h2 class=\"p3\">Dat betekent dat je ook keuzes moet maken.<\/h2>\n<p class=\"p1\"><span class=\"s1\">We hebben vijf trends ge\u00efdentificeerd die de wereld ingrijpend zullen veranderen: demografie, geopolitieke versplintering, kunstmatige intelligentie, de overgang naar een CO2-arme wereld en de finance van de toekomst.<\/span><\/p>\n<h2 class=\"p3\">BlackRock investeert sinds 2018 in laboratoria voor kunstmatige intelligentie.<\/h2>\n<p class=\"p1\">We staan aan de vooravond van een vierde industri\u00eble revolutie die net zo krachtig is als de vorige drie. Kunstmatige intelligentie zal de werkwijze van heel wat sectoren radicaal veranderen. Ze zullen een veelheid aan gegevens op grote schaal en snel kunnen verwerken, waardoor hun productiviteit zal stijgen. Er is een wisselwerking met andere megatrends, zoals de overgang naar een CO2-arme economie of de toekomst van de finance-sector, waar de tussenpersoon in bepaalde segmenten, zoals betalingen, versneld zal wegvallen. Technologie als blockchain gaat de financi\u00eble beroepen door elkaar schudden. En wij willen voorop blijven lopen in die transformatie.<\/p>\n<h2 class=\"p3\">U noemde blockchain. Wat is het beleid van BlackRock voor cryptocurrencies?<\/h2>\n<p class=\"p1\">Ons standpunt is de afgelopen vijf jaar ge\u00ebvolueerd, niet in de laatste plaats omdat de technologie is ge\u00ebvolueerd. Onze benadering van digitale activa is ingegeven door onze wens om beleggers die ge\u00efnteresseerd zijn in deze beleggingscategorie toegang te bieden tot institutionele kwaliteit, zowel op het gebied van technologie als risicobeheer. We hebben trouwens een Bitcoin-ETF gelanceerd in de Verenigde Staten.<\/p>\n<h2 class=\"p3\"><span class=\"s2\">Onder de megatrends noemt u ook de overgang &#8230;<\/span><\/h2>\n<p class=\"p1\">De overgang naar een koolstofarme economie in verband met klimaatverandering zal ingewikkeld, ongelijk en onzeker zijn, maar onvermijdelijk. Het is zowel een uitdaging als een kans. We moeten onze klanten helpen om de sectoren en regio\u2019s te identificeren die snel zullen profiteren van de overgang, en de sectoren en regio\u2019s waarvoor de weg langer zal zijn. Het is een uitdaging omdat het gaat om investeringen in technologie en een langetermijnvisie. Maar het biedt ook veel kansen.<\/p>\n<h2 class=\"p3\"><span class=\"s2\">Een andere grote uitdaging die u noemt is geopolitiek. 2024 is in veel landen een verkiezingsjaar. En de meeste landen lopen het risico op polarisatie en extremisme.<\/span><\/h2>\n<p class=\"p1\">Het is niet onze taak om te speculeren over politiek.<\/p>\n<h2 class=\"p3\"><span class=\"s2\">Nee, maar jullie moeten wel de risico\u2019s inschatten. <\/span><\/h2>\n<p class=\"p1\"><span class=\"s3\">We zien een wereldwijde trend van versplintering. De race naar effici\u00ebntie, die enkele decennia lang de drijvende kracht was van de globalisering in een desinflatoire economie, heeft vandaag gedeeltelijk plaatsgemaakt voor meer controle en de herlokalisatie van de toeleveringsketens, wat resulteert in een minder open wereld. Die trend leidt tot meer inflatie dan ooit tevoren. Daar komen nog allerlei spanningen bij, waaronder oorlogen. Het is niet onze taak om commentaar te leveren op de politiek, maar om de analyse van die risico\u2019s te integreren in ons beleggingsproces. Het BlackRock Investment Institute is bijzonder goed uitgerust om de risico\u2019s te beoordelen in deze nieuwe, onzekere context. <\/span><\/p>\n<h2 class=\"p3\"><span class=\"s2\">U was onder andere adjunct-kabinetschef van de Franse premier. Hoe ziet u de evolutie van Frankrijk en Europa?<\/span><\/h2>\n<p class=\"p1\">Ik heb veel respect voor politici. Het is een moeilijke stiel. Een land besturen is nog nooit zo complex geweest als nu. En Europa staat voor een enorm aantal uitdagingen. Governance, de vergrijzing, schulden.<\/p>\n<h2 class=\"p3\"><span class=\"s2\">Dat laat niet veel ruimte voor optimisme.<\/span><\/h2>\n<p class=\"p1\">En toch ben ik optimistisch. Wij Europeanen moeten dat zijn. We hebben veel troeven, te beginnen met de vrouwen en mannen van Europa, ons spaarvermogen en de mogelijkheid om te investeren binnen een rechtskader. We moeten onszelf mobiliseren om al die capaciteiten te gebruiken en al die uitdagingen aan te gaan. Het is Europa dat ons vooruit zal helpen.<\/p>\n<blockquote>\n<p class=\"p5\"><span class=\"s1\">\u201c<i>Het is onze <\/i><\/span><span class=\"s4\"><i>verantwoordelijkheid<\/i><\/span><span class=\"s1\"><i> om ervoor te zorgen dat onze <\/i><\/span><span class=\"s4\"><i>kinderen<\/i><\/span><span class=\"s1\"><i> een <\/i><\/span><span class=\"s4\"><i>beter leven <\/i><\/span><span class=\"s1\"><i>hebben dan wij.<\/i>\u201d<\/span><\/p>\n<\/blockquote>\n<h2 class=\"p3\"><span class=\"s2\">Europa gaat nauwelijks nog vooruit &#8211; of in verspreide slagorde.<\/span><\/h2>\n<p class=\"p1\">Ik denk dat we in Europa meer nadruk moeten leggen op onze sterke punten, die nog altijd aanzienlijk zijn. Het is onze verantwoordelijkheid om ervoor te zorgen dat onze kinderen een beter leven hebben dan wij. De Russisch-Oekra\u00efense oorlog is natuurlijk een ramp. Maar als we gebruikmaken van de technologische revolutie die voor ons ligt, is er geen reden waarom Europa er niet doorheen zou komen. En ja, dat Europa zijn zal beter moeten functioneren dan vandaag.<\/p>\n<hr \/>\n<h2 class=\"p1\"><span class=\"s1\">Wie is BlackRock?<\/span><\/h2>\n<p class=\"p1\"><span class=\"s1\">Het Amerikaanse bedrijf BlackRock werd in 1988 opgericht en trok in 1999 naar de beurs van New York. Het heeft een marktkapitalisatie van ongeveer 125 miljard dollar. BlackRock beheert de financi\u00eble beleggingen van enkele miljoenen klanten (particulieren, professionals en instellingen), heeft 70 kantoren (waaronder Brussel) in 35 landen en heeft meer dan 19.000 mensen in dienst. Het sterk gediversifieerde aandeelhouderschap is voornamelijk Amerikaans (fondsen en institutionele beleggers). De beheerder wordt nog altijd geleid door een van de oprichters, Larry Fink. Ongeveer een derde van de portefeuille is belegd in Europa. BlackRock is aanwezig in Belgi\u00eb en Luxemburg, met name in het kapitaal van Ageas.<\/span><\/p>\n<figure id=\"attachment_2458\" aria-describedby=\"caption-attachment-2458\" style=\"width: 550px\" class=\"wp-caption alignnone\"><img loading=\"lazy\" decoding=\"async\" class=\"wp-image-2458\" src=\"https:\/\/www.forbes.be\/nl\/wp-content\/uploads\/2024\/06\/Forbes_Cirelli-683x1024.jpg\" alt=\"Jean-Fran\u00e7ois Cirelli blackrock\" width=\"550\" height=\"824\" srcset=\"https:\/\/www.forbes.be\/nl\/wp-content\/uploads\/2024\/06\/Forbes_Cirelli-683x1024.jpg 683w, https:\/\/www.forbes.be\/nl\/wp-content\/uploads\/2024\/06\/Forbes_Cirelli-200x300.jpg 200w, https:\/\/www.forbes.be\/nl\/wp-content\/uploads\/2024\/06\/Forbes_Cirelli-768x1151.jpg 768w, https:\/\/www.forbes.be\/nl\/wp-content\/uploads\/2024\/06\/Forbes_Cirelli-1025x1536.jpg 1025w, https:\/\/www.forbes.be\/nl\/wp-content\/uploads\/2024\/06\/Forbes_Cirelli-1367x2048.jpg 1367w, https:\/\/www.forbes.be\/nl\/wp-content\/uploads\/2024\/06\/Forbes_Cirelli-696x1043.jpg 696w, https:\/\/www.forbes.be\/nl\/wp-content\/uploads\/2024\/06\/Forbes_Cirelli-1068x1600.jpg 1068w, https:\/\/www.forbes.be\/nl\/wp-content\/uploads\/2024\/06\/Forbes_Cirelli-1920x2877.jpg 1920w, https:\/\/www.forbes.be\/nl\/wp-content\/uploads\/2024\/06\/Forbes_Cirelli-scaled.jpg 1708w\" sizes=\"auto, (max-width: 550px) 100vw, 550px\" \/><figcaption id=\"caption-attachment-2458\" class=\"wp-caption-text\">Jean-Fran\u00e7ois Cirelli &#8211; \u00a9 BlackRock<\/figcaption><\/figure>\n<h2 class=\"p1\"><span class=\"s1\">\u201cMeer bevoorradingszekerheid\u201d<\/span><\/h2>\n<p class=\"p1\">Jean-Fran\u00e7ois Cirelli stond aan het hoofd van Gaz de France en leidde samen met G\u00e9rard Mestrallet, hoofd van Suez, de fusie van beide groepen in 2008. De verbintenis mondde enkele jaren later uit in een naamsverandering: van GDF Suez naar Engie. Meer dan tien jaar lang werkte Jean-Fran\u00e7ois Cirelli op het hoogste niveau van de Europese energiesector. Het waren de jaren waarin het liberaliseringsbeleid van de Europese Unie voor de gas- en elektriciteitsmarkten leidde tot de neergang van de continentale energiereuzen, zonder echte voordelen voor de Europese consumenten. Een sector en een tijdperk die Cirelli scherp in het oog houdt.<\/p>\n<p class=\"p3\">Het beleid van de Europese Unie heeft haar eigen energiesector gedeeltelijk vernietigd. De energiesector heeft de afgelopen vijftien jaar een enorme kapitaalvernietiging ondergaan. Vandaag is de politieke richting een stuk duidelijker.<\/p>\n<h3 class=\"p3\">Hebben we ons vergist? Zijn we de weg kwijt?<\/h3>\n<p class=\"p1\">De Russisch-Oekra\u00efense oorlog in 2022 toonde aan dat de Europese energiemarkten niet voldoende gewapend waren voor crisissen, met megawattuurprijzen die van de ene dag op de andere stegen van <span class=\"s1\">\u20ac<\/span> 50 naar <span class=\"s1\">\u20ac<\/span> 1.000. Ik weet niet zeker of we het probleem helemaal hebben opgelost. Het is minder acuut omdat de vraag sterk is gedaald, vooral naar industrieel gas.<\/p>\n<h3 class=\"p3\">Wat te doen?<\/h3>\n<p class=\"p1\">Er moeten twee uitdagingen worden opgelost. Ten eerste, hoe we de energiesector CO2-vrij kunnen maken. Sommige landen staan daar verder mee dan andere. De eerste stap is om steenkool uit de Europese energiemix te bannen. Ten tweede, hoe kunnen we ervoor zorgen dat energie betaalbaar blijft, zowel voor huishoudens als voor onze bedrijven? Want de overgang moet eerlijk zijn, anders zullen de mensen het niet pikken dat ze hun manier van leven moeten veranderen in een tijd van stijgende prijzen. En we moeten een sterke industri\u00eble basis in Europa behouden. Dat betekent dat de energievoorziening in Europa concurrentieel moet blijven. Daarvoor hebben we een effici\u00ebnt energiesysteem en een grotere bevoorradingszekerheid nodig. Dat onderwerp hebben we lang uit het oog verloren, maar is weer helemaal terug.<\/p>\n<h3 class=\"p3\">Kernenergie maakt een comeback, ook in Belgi\u00eb. Zij het een schuchtere comeback.<\/h3>\n<p class=\"p1\">Kernenergie is in de eerste plaats een politieke keuze. Sommige landen zijn voorstander, andere niet. In een koolstofarme wereld kunnen we niet alleen leven van hernieuwbare energiebronnen, en kernenergie heeft zijn plaats voor wie dat wil. Batterijen zullen onze netten stabieler maken als er minder fossiele brandstoffen zijn, maar zover zijn we nog niet.<\/p>\n","protected":false},"excerpt":{"rendered":"<p>Jean-Fran\u00e7ois Cirelli, voorzitter Frankrijk-Belux van het Amerikaanse BlackRock, \u2018s werelds grootste vermogensbeheerder, bespreekt de grote strategische uitdagingen van de komende jaren. Volgens hem zal kunstmatige intelligentie de economie net zo ingrijpend veranderen als het Internet en de stoommachine. Tien biljoen dollar, zijnde tienduizend miljard. Dat is het vermogen dat BlackRock beheert. Het New Yorkse bedrijf [&hellip;]<\/p>\n","protected":false},"author":6,"featured_media":2457,"comment_status":"closed","ping_status":"closed","sticky":false,"template":"","format":"standard","meta":{"_acf_changed":false,"inline_featured_image":false,"footnotes":""},"categories":[28],"tags":[],"class_list":{"0":"post-2456","1":"post","2":"type-post","3":"status-publish","4":"format-standard","5":"has-post-thumbnail","7":"category-financien"},"acf":[],"auteur_traducteur":"","yoast_head":"<!-- This site is optimized with the Yoast SEO plugin v27.4 - https:\/\/yoast.com\/product\/yoast-seo-wordpress\/ -->\n<title>&quot;AI wordt de vierde industri\u00eble revolutie&quot; | Forbes Belgi\u00eb<\/title>\n<meta name=\"description\" content=\"Interview met Jean-Fran\u00e7ois Cirelli, voorzitter van BlackRock Frankrijk-Belux. Volgens hem zal AI een revolutie in de economie teweegbrengen.\" \/>\n<meta name=\"robots\" content=\"index, follow, max-snippet:-1, max-image-preview:large, max-video-preview:-1\" \/>\n<link rel=\"canonical\" href=\"https:\/\/www.forbes.be\/nl\/ai-vierde-industriele-revolutie-blackrock\/\" \/>\n<meta property=\"og:locale\" content=\"nl_BE\" \/>\n<meta property=\"og:type\" content=\"article\" \/>\n<meta property=\"og:title\" content=\"&quot;AI wordt de vierde industri\u00eble revolutie&quot; | Forbes Belgi\u00eb\" \/>\n<meta property=\"og:description\" content=\"Interview met Jean-Fran\u00e7ois Cirelli, voorzitter van BlackRock Frankrijk-Belux. Volgens hem zal AI een revolutie in de economie teweegbrengen.\" \/>\n<meta property=\"og:url\" content=\"https:\/\/www.forbes.be\/nl\/ai-vierde-industriele-revolutie-blackrock\/\" \/>\n<meta property=\"og:site_name\" content=\"Forbes Belgi\u00eb\" \/>\n<meta property=\"article:publisher\" content=\"https:\/\/www.facebook.com\/forbesbelgie\" \/>\n<meta property=\"article:published_time\" content=\"2024-06-10T05:00:26+00:00\" \/>\n<meta property=\"og:image\" content=\"https:\/\/www.forbes.be\/nl\/wp-content\/uploads\/2024\/06\/Forbes_blackrock_GettyImages-1240905347-scaled.jpg\" \/>\n\t<meta property=\"og:image:width\" content=\"2560\" \/>\n\t<meta property=\"og:image:height\" content=\"1703\" \/>\n\t<meta property=\"og:image:type\" content=\"image\/jpeg\" \/>\n<meta name=\"author\" content=\"Joan Condijts\" \/>\n<meta name=\"twitter:card\" content=\"summary_large_image\" \/>\n<meta name=\"twitter:label1\" content=\"Geschreven door\" \/>\n\t<meta name=\"twitter:data1\" content=\"Joan Condijts\" \/>\n\t<meta name=\"twitter:label2\" content=\"Geschatte leestijd\" \/>\n\t<meta name=\"twitter:data2\" content=\"8 minuten\" \/>\n<script type=\"application\/ld+json\" class=\"yoast-schema-graph\">{\"@context\":\"https:\\\/\\\/schema.org\",\"@graph\":[{\"@type\":\"NewsArticle\",\"@id\":\"https:\\\/\\\/www.forbes.be\\\/nl\\\/ai-vierde-industriele-revolutie-blackrock\\\/#article\",\"isPartOf\":{\"@id\":\"https:\\\/\\\/www.forbes.be\\\/nl\\\/ai-vierde-industriele-revolutie-blackrock\\\/\"},\"author\":{\"name\":\"Joan Condijts\",\"@id\":\"https:\\\/\\\/www.forbes.be\\\/nl\\\/#\\\/schema\\\/person\\\/9fff904a0171021be7628d5979f51a92\"},\"headline\":\"&#8220;AI wordt de vierde industri\u00eble revolutie&#8221;\",\"datePublished\":\"2024-06-10T05:00:26+00:00\",\"mainEntityOfPage\":{\"@id\":\"https:\\\/\\\/www.forbes.be\\\/nl\\\/ai-vierde-industriele-revolutie-blackrock\\\/\"},\"wordCount\":1513,\"publisher\":{\"@id\":\"https:\\\/\\\/www.forbes.be\\\/nl\\\/#organization\"},\"image\":{\"@id\":\"https:\\\/\\\/www.forbes.be\\\/nl\\\/ai-vierde-industriele-revolutie-blackrock\\\/#primaryimage\"},\"thumbnailUrl\":\"https:\\\/\\\/www.forbes.be\\\/nl\\\/wp-content\\\/uploads\\\/2024\\\/06\\\/Forbes_blackrock_GettyImages-1240905347-scaled-e1718196587203.jpg\",\"articleSection\":[\"Financien\"],\"inLanguage\":\"nl-BE\"},{\"@type\":\"WebPage\",\"@id\":\"https:\\\/\\\/www.forbes.be\\\/nl\\\/ai-vierde-industriele-revolutie-blackrock\\\/\",\"url\":\"https:\\\/\\\/www.forbes.be\\\/nl\\\/ai-vierde-industriele-revolutie-blackrock\\\/\",\"name\":\"\\\"AI wordt de vierde industri\u00eble revolutie\\\" | Forbes Belgi\u00eb\",\"isPartOf\":{\"@id\":\"https:\\\/\\\/www.forbes.be\\\/nl\\\/#website\"},\"primaryImageOfPage\":{\"@id\":\"https:\\\/\\\/www.forbes.be\\\/nl\\\/ai-vierde-industriele-revolutie-blackrock\\\/#primaryimage\"},\"image\":{\"@id\":\"https:\\\/\\\/www.forbes.be\\\/nl\\\/ai-vierde-industriele-revolutie-blackrock\\\/#primaryimage\"},\"thumbnailUrl\":\"https:\\\/\\\/www.forbes.be\\\/nl\\\/wp-content\\\/uploads\\\/2024\\\/06\\\/Forbes_blackrock_GettyImages-1240905347-scaled-e1718196587203.jpg\",\"datePublished\":\"2024-06-10T05:00:26+00:00\",\"description\":\"Interview met Jean-Fran\u00e7ois Cirelli, voorzitter van BlackRock Frankrijk-Belux. Volgens hem zal AI een revolutie in de economie teweegbrengen.\",\"breadcrumb\":{\"@id\":\"https:\\\/\\\/www.forbes.be\\\/nl\\\/ai-vierde-industriele-revolutie-blackrock\\\/#breadcrumb\"},\"inLanguage\":\"nl-BE\",\"potentialAction\":[{\"@type\":\"ReadAction\",\"target\":[\"https:\\\/\\\/www.forbes.be\\\/nl\\\/ai-vierde-industriele-revolutie-blackrock\\\/\"]}]},{\"@type\":\"ImageObject\",\"inLanguage\":\"nl-BE\",\"@id\":\"https:\\\/\\\/www.forbes.be\\\/nl\\\/ai-vierde-industriele-revolutie-blackrock\\\/#primaryimage\",\"url\":\"https:\\\/\\\/www.forbes.be\\\/nl\\\/wp-content\\\/uploads\\\/2024\\\/06\\\/Forbes_blackrock_GettyImages-1240905347-scaled-e1718196587203.jpg\",\"contentUrl\":\"https:\\\/\\\/www.forbes.be\\\/nl\\\/wp-content\\\/uploads\\\/2024\\\/06\\\/Forbes_blackrock_GettyImages-1240905347-scaled-e1718196587203.jpg\",\"width\":2560,\"height\":1339,\"caption\":\"\u00a9 Getty Images\"},{\"@type\":\"BreadcrumbList\",\"@id\":\"https:\\\/\\\/www.forbes.be\\\/nl\\\/ai-vierde-industriele-revolutie-blackrock\\\/#breadcrumb\",\"itemListElement\":[{\"@type\":\"ListItem\",\"position\":1,\"name\":\"Accueil\",\"item\":\"https:\\\/\\\/www.forbes.be\\\/nl\\\/\"},{\"@type\":\"ListItem\",\"position\":2,\"name\":\"\u00ab\u00a0AI wordt de vierde industri\u00eble revolutie\u00a0\u00bb\"}]},{\"@type\":\"WebSite\",\"@id\":\"https:\\\/\\\/www.forbes.be\\\/nl\\\/#website\",\"url\":\"https:\\\/\\\/www.forbes.be\\\/nl\\\/\",\"name\":\"Forbes Belgi\u00eb\",\"description\":\"\",\"publisher\":{\"@id\":\"https:\\\/\\\/www.forbes.be\\\/nl\\\/#organization\"},\"potentialAction\":[{\"@type\":\"SearchAction\",\"target\":{\"@type\":\"EntryPoint\",\"urlTemplate\":\"https:\\\/\\\/www.forbes.be\\\/nl\\\/?s={search_term_string}\"},\"query-input\":{\"@type\":\"PropertyValueSpecification\",\"valueRequired\":true,\"valueName\":\"search_term_string\"}}],\"inLanguage\":\"nl-BE\"},{\"@type\":\"Organization\",\"@id\":\"https:\\\/\\\/www.forbes.be\\\/nl\\\/#organization\",\"name\":\"Forbes Belgi\u00eb\",\"url\":\"https:\\\/\\\/www.forbes.be\\\/nl\\\/\",\"logo\":{\"@type\":\"ImageObject\",\"inLanguage\":\"nl-BE\",\"@id\":\"https:\\\/\\\/www.forbes.be\\\/nl\\\/#\\\/schema\\\/logo\\\/image\\\/\",\"url\":\"https:\\\/\\\/www.forbes.be\\\/nl\\\/wp-content\\\/uploads\\\/2024\\\/02\\\/forbes.be_.png\",\"contentUrl\":\"https:\\\/\\\/www.forbes.be\\\/nl\\\/wp-content\\\/uploads\\\/2024\\\/02\\\/forbes.be_.png\",\"width\":1200,\"height\":675,\"caption\":\"Forbes Belgi\u00eb\"},\"image\":{\"@id\":\"https:\\\/\\\/www.forbes.be\\\/nl\\\/#\\\/schema\\\/logo\\\/image\\\/\"},\"sameAs\":[\"https:\\\/\\\/www.facebook.com\\\/forbesbelgie\",\"https:\\\/\\\/www.instagram.com\\\/Forbes_Belgium\",\"https:\\\/\\\/www.linkedin.com\\\/company\\\/forbes-belgium\\\/\"]},{\"@type\":\"Person\",\"@id\":\"https:\\\/\\\/www.forbes.be\\\/nl\\\/#\\\/schema\\\/person\\\/9fff904a0171021be7628d5979f51a92\",\"name\":\"Joan Condijts\",\"image\":{\"@type\":\"ImageObject\",\"inLanguage\":\"nl-BE\",\"@id\":\"https:\\\/\\\/www.forbes.be\\\/nl\\\/wp-content\\\/uploads\\\/2024\\\/01\\\/50-150x150.jpg\",\"url\":\"https:\\\/\\\/www.forbes.be\\\/nl\\\/wp-content\\\/uploads\\\/2024\\\/01\\\/50-150x150.jpg\",\"contentUrl\":\"https:\\\/\\\/www.forbes.be\\\/nl\\\/wp-content\\\/uploads\\\/2024\\\/01\\\/50-150x150.jpg\",\"caption\":\"Joan Condijts\"},\"url\":\"https:\\\/\\\/www.forbes.be\\\/nl\\\/author\\\/jcoforbes-be\\\/\"}]}<\/script>\n<!-- \/ Yoast SEO plugin. -->","yoast_head_json":{"title":"\"AI wordt de vierde industri\u00eble revolutie\" | Forbes Belgi\u00eb","description":"Interview met Jean-Fran\u00e7ois Cirelli, voorzitter van BlackRock Frankrijk-Belux. Volgens hem zal AI een revolutie in de economie teweegbrengen.","robots":{"index":"index","follow":"follow","max-snippet":"max-snippet:-1","max-image-preview":"max-image-preview:large","max-video-preview":"max-video-preview:-1"},"canonical":"https:\/\/www.forbes.be\/nl\/ai-vierde-industriele-revolutie-blackrock\/","og_locale":"nl_BE","og_type":"article","og_title":"\"AI wordt de vierde industri\u00eble revolutie\" | Forbes Belgi\u00eb","og_description":"Interview met Jean-Fran\u00e7ois Cirelli, voorzitter van BlackRock Frankrijk-Belux. Volgens hem zal AI een revolutie in de economie teweegbrengen.","og_url":"https:\/\/www.forbes.be\/nl\/ai-vierde-industriele-revolutie-blackrock\/","og_site_name":"Forbes Belgi\u00eb","article_publisher":"https:\/\/www.facebook.com\/forbesbelgie","article_published_time":"2024-06-10T05:00:26+00:00","og_image":[{"width":2560,"height":1703,"url":"https:\/\/www.forbes.be\/nl\/wp-content\/uploads\/2024\/06\/Forbes_blackrock_GettyImages-1240905347-scaled.jpg","type":"image\/jpeg"}],"author":"Joan Condijts","twitter_card":"summary_large_image","twitter_misc":{"Geschreven door":"Joan Condijts","Geschatte leestijd":"8 minuten"},"schema":{"@context":"https:\/\/schema.org","@graph":[{"@type":"NewsArticle","@id":"https:\/\/www.forbes.be\/nl\/ai-vierde-industriele-revolutie-blackrock\/#article","isPartOf":{"@id":"https:\/\/www.forbes.be\/nl\/ai-vierde-industriele-revolutie-blackrock\/"},"author":{"name":"Joan Condijts","@id":"https:\/\/www.forbes.be\/nl\/#\/schema\/person\/9fff904a0171021be7628d5979f51a92"},"headline":"&#8220;AI wordt de vierde industri\u00eble revolutie&#8221;","datePublished":"2024-06-10T05:00:26+00:00","mainEntityOfPage":{"@id":"https:\/\/www.forbes.be\/nl\/ai-vierde-industriele-revolutie-blackrock\/"},"wordCount":1513,"publisher":{"@id":"https:\/\/www.forbes.be\/nl\/#organization"},"image":{"@id":"https:\/\/www.forbes.be\/nl\/ai-vierde-industriele-revolutie-blackrock\/#primaryimage"},"thumbnailUrl":"https:\/\/www.forbes.be\/nl\/wp-content\/uploads\/2024\/06\/Forbes_blackrock_GettyImages-1240905347-scaled-e1718196587203.jpg","articleSection":["Financien"],"inLanguage":"nl-BE"},{"@type":"WebPage","@id":"https:\/\/www.forbes.be\/nl\/ai-vierde-industriele-revolutie-blackrock\/","url":"https:\/\/www.forbes.be\/nl\/ai-vierde-industriele-revolutie-blackrock\/","name":"\"AI wordt de vierde industri\u00eble revolutie\" | Forbes Belgi\u00eb","isPartOf":{"@id":"https:\/\/www.forbes.be\/nl\/#website"},"primaryImageOfPage":{"@id":"https:\/\/www.forbes.be\/nl\/ai-vierde-industriele-revolutie-blackrock\/#primaryimage"},"image":{"@id":"https:\/\/www.forbes.be\/nl\/ai-vierde-industriele-revolutie-blackrock\/#primaryimage"},"thumbnailUrl":"https:\/\/www.forbes.be\/nl\/wp-content\/uploads\/2024\/06\/Forbes_blackrock_GettyImages-1240905347-scaled-e1718196587203.jpg","datePublished":"2024-06-10T05:00:26+00:00","description":"Interview met Jean-Fran\u00e7ois Cirelli, voorzitter van BlackRock Frankrijk-Belux. Volgens hem zal AI een revolutie in de economie teweegbrengen.","breadcrumb":{"@id":"https:\/\/www.forbes.be\/nl\/ai-vierde-industriele-revolutie-blackrock\/#breadcrumb"},"inLanguage":"nl-BE","potentialAction":[{"@type":"ReadAction","target":["https:\/\/www.forbes.be\/nl\/ai-vierde-industriele-revolutie-blackrock\/"]}]},{"@type":"ImageObject","inLanguage":"nl-BE","@id":"https:\/\/www.forbes.be\/nl\/ai-vierde-industriele-revolutie-blackrock\/#primaryimage","url":"https:\/\/www.forbes.be\/nl\/wp-content\/uploads\/2024\/06\/Forbes_blackrock_GettyImages-1240905347-scaled-e1718196587203.jpg","contentUrl":"https:\/\/www.forbes.be\/nl\/wp-content\/uploads\/2024\/06\/Forbes_blackrock_GettyImages-1240905347-scaled-e1718196587203.jpg","width":2560,"height":1339,"caption":"\u00a9 Getty Images"},{"@type":"BreadcrumbList","@id":"https:\/\/www.forbes.be\/nl\/ai-vierde-industriele-revolutie-blackrock\/#breadcrumb","itemListElement":[{"@type":"ListItem","position":1,"name":"Accueil","item":"https:\/\/www.forbes.be\/nl\/"},{"@type":"ListItem","position":2,"name":"\u00ab\u00a0AI wordt de vierde industri\u00eble revolutie\u00a0\u00bb"}]},{"@type":"WebSite","@id":"https:\/\/www.forbes.be\/nl\/#website","url":"https:\/\/www.forbes.be\/nl\/","name":"Forbes Belgi\u00eb","description":"","publisher":{"@id":"https:\/\/www.forbes.be\/nl\/#organization"},"potentialAction":[{"@type":"SearchAction","target":{"@type":"EntryPoint","urlTemplate":"https:\/\/www.forbes.be\/nl\/?s={search_term_string}"},"query-input":{"@type":"PropertyValueSpecification","valueRequired":true,"valueName":"search_term_string"}}],"inLanguage":"nl-BE"},{"@type":"Organization","@id":"https:\/\/www.forbes.be\/nl\/#organization","name":"Forbes Belgi\u00eb","url":"https:\/\/www.forbes.be\/nl\/","logo":{"@type":"ImageObject","inLanguage":"nl-BE","@id":"https:\/\/www.forbes.be\/nl\/#\/schema\/logo\/image\/","url":"https:\/\/www.forbes.be\/nl\/wp-content\/uploads\/2024\/02\/forbes.be_.png","contentUrl":"https:\/\/www.forbes.be\/nl\/wp-content\/uploads\/2024\/02\/forbes.be_.png","width":1200,"height":675,"caption":"Forbes Belgi\u00eb"},"image":{"@id":"https:\/\/www.forbes.be\/nl\/#\/schema\/logo\/image\/"},"sameAs":["https:\/\/www.facebook.com\/forbesbelgie","https:\/\/www.instagram.com\/Forbes_Belgium","https:\/\/www.linkedin.com\/company\/forbes-belgium\/"]},{"@type":"Person","@id":"https:\/\/www.forbes.be\/nl\/#\/schema\/person\/9fff904a0171021be7628d5979f51a92","name":"Joan Condijts","image":{"@type":"ImageObject","inLanguage":"nl-BE","@id":"https:\/\/www.forbes.be\/nl\/wp-content\/uploads\/2024\/01\/50-150x150.jpg","url":"https:\/\/www.forbes.be\/nl\/wp-content\/uploads\/2024\/01\/50-150x150.jpg","contentUrl":"https:\/\/www.forbes.be\/nl\/wp-content\/uploads\/2024\/01\/50-150x150.jpg","caption":"Joan Condijts"},"url":"https:\/\/www.forbes.be\/nl\/author\/jcoforbes-be\/"}]}},"_links":{"self":[{"href":"https:\/\/www.forbes.be\/nl\/wp-json\/wp\/v2\/posts\/2456","targetHints":{"allow":["GET"]}}],"collection":[{"href":"https:\/\/www.forbes.be\/nl\/wp-json\/wp\/v2\/posts"}],"about":[{"href":"https:\/\/www.forbes.be\/nl\/wp-json\/wp\/v2\/types\/post"}],"author":[{"embeddable":true,"href":"https:\/\/www.forbes.be\/nl\/wp-json\/wp\/v2\/users\/6"}],"replies":[{"embeddable":true,"href":"https:\/\/www.forbes.be\/nl\/wp-json\/wp\/v2\/comments?post=2456"}],"version-history":[{"count":4,"href":"https:\/\/www.forbes.be\/nl\/wp-json\/wp\/v2\/posts\/2456\/revisions"}],"predecessor-version":[{"id":2466,"href":"https:\/\/www.forbes.be\/nl\/wp-json\/wp\/v2\/posts\/2456\/revisions\/2466"}],"wp:featuredmedia":[{"embeddable":true,"href":"https:\/\/www.forbes.be\/nl\/wp-json\/wp\/v2\/media\/2457"}],"wp:attachment":[{"href":"https:\/\/www.forbes.be\/nl\/wp-json\/wp\/v2\/media?parent=2456"}],"wp:term":[{"taxonomy":"category","embeddable":true,"href":"https:\/\/www.forbes.be\/nl\/wp-json\/wp\/v2\/categories?post=2456"},{"taxonomy":"post_tag","embeddable":true,"href":"https:\/\/www.forbes.be\/nl\/wp-json\/wp\/v2\/tags?post=2456"}],"curies":[{"name":"wp","href":"https:\/\/api.w.org\/{rel}","templated":true}]}}