{"id":3209,"date":"2024-08-02T07:00:56","date_gmt":"2024-08-02T05:00:56","guid":{"rendered":"https:\/\/www.forbes.be\/nl\/?p=3209"},"modified":"2024-08-01T16:23:11","modified_gmt":"2024-08-01T14:23:11","slug":"kunsthandelaars-de-fod-economie-teruggefloten-door-het-hof-van-beroep","status":"publish","type":"post","link":"https:\/\/www.forbes.be\/nl\/kunsthandelaars-de-fod-economie-teruggefloten-door-het-hof-van-beroep\/","title":{"rendered":"Kunsthandelaars: de FOD Economie teruggefloten door het Hof van Beroep"},"content":{"rendered":"<p><strong>Yves-Bernard Debie is een internationaal Brussels advocaat gespecialiseerd in de kunstwereld. Drie uitspraken van het Brusselse Hof van Beroep zullen de geschiedenis ingaan. Hij legt uit wat er op het spel staat.<\/strong><\/p>\n<h2>Wat zijn de voordelen van deze uitspraken?<\/h2>\n<p>Deze drie opeenvolgende arresten van het hof van beroep te Brussel (kamer van inbeschuldigingstelling) van 4, 25 en 26 juni betekenen een zware bestraffing van de procedure die de Algemene Directie Economische Inspectie (ADEI) had aangespannen tegen Brusselse antiquairs en hun verzamelaars.<\/p>\n<p>In januari 2020 organiseerde de ADEI, gewapend met bevoegdheden die voorheen waren toevertrouwd aan de Art Unit van de Federale Politie, een brutale en geruchtmakende inval in de BRAFA (Brussels Art Fair), waarbij de vertrouwelijkheid van informatie en onderzoeken werd genegeerd. De ADEI gebruikte en misbruikte haar onderzoeks- en dwangbevoegdheden volgens een vast patroon: inbeslagnames, ondervragingen, foto&#8217;s genomen op de stands, doorsturen van informatie naar de vermeende landen van herkomst en uitnodigingen om werken op te eisen die <em>ongetwijfeld<\/em> geroofd waren. De inspecteurs beperkten zich niet tot de muren van de BRAFA, maar zetten hun kruistocht voort in de galerijen van de Zavel en op verzamelbeurzen.<\/p>\n<h2>Wat was hun logica?<\/h2>\n<p>Niets kon hen overtuigen van de legaliteit van deze werken. Elke antiquiteit moest geplunderd zijn en, als het uit het Midden-Oosten kwam, moest deze &#8220;plundering&#8221; het terrorisme gefinancierd hebben via een internationale criminele organisatie die volgens alle studies, inclusief een rapport van het Amerikaanse ministerie van Financi\u00ebn (2022), niet bestaat en die benadrukt: &#8220;het zeldzame gebruik van contant geld op de kunstmarkt en de verplichtingen van financi\u00eble en commerci\u00eble entiteiten maken de institutionele kunstmarkt een slecht vector voor het witwassen van illegale opbrengsten&#8221;.<\/p>\n<p>Een verzwarende omstandigheid was de historische onwetendheid van onze inspecteurs, voor wie elk Romeins werk per definitie Italiaans en gestolen was, terwijl ze vergaten dat het Romeinse Rijk op zijn hoogtepunt bijna de hele Europese Unie en het Midden-Oosten besloeg of dat &#8220;zwarte&#8221; farao&#8217;s over Egypte heersten vanuit wat nu Soedan is.<\/p>\n<h2>Wat waren de gevolgen?<\/h2>\n<p>Openbare aanklagers en onderzoeksrechters, die gewend zijn aan professioneel onderzoek, hadden zich door deze inspecteurs laten overhalen om onderzoeksmaatregelen te gelasten zonder dat zij, bij gebrek aan tijd en middelen, het misbruik van de procedure waarvan zij het slachtoffer waren, konden meten, op dezelfde manier als de handelaars, zij het in een andere mate.<\/p>\n<p>De &#8220;bron&#8221;-landen, die gemachtigd zijn om zonder titel of recht aanspraak te maken op werken die legaal in collecties worden bewaard, roken hun kans. De boodschap van de inspecteurs van ADEI leek duidelijk: claim het eigendom van zo&#8217;n masker of vaas op basis van internationale juridische instrumenten die verondersteld worden wederzijdse juridische bijstand te vergemakkelijken, en we geven het aan je. Je kon het Egypte of Itali\u00eb moeilijk kwalijk nemen, aangezien het \u201copen bar\u201d was?<\/p>\n<h2>Wat deden de magistraten?<\/h2>\n<p>De strijdlustigheid van de handelaars en verzamelaars en de strengheid van de rechters van het Brusselse Hof van Beroep, verlicht door de zeer terechte aanklachten van een federale openbare aanklager, maakten deze schending van alle eigendomsregels, internationale regelgeving en grondrechten ongedaan. Na een zeer strenge uitspraak van het Hof van Beroep in Berlijn op 7 februari 2020, die de dubieuze aanspraken van Itali\u00eb op kunstwerken vaststelde en bestrafte, herinnerden de rechters van de Kamer van Inbeschuldigingstelling aan de wet die van toepassing is op verzoeken om internationale bijstand, stelden de procedurele onregelmatigheden vast, weigerden de gevraagde teruggaven, hieven de inbeslagnames op en gaven de werken terug aan hun eigenaars. Daarnaast heeft de Kamer van Inbeschuldigingstelling in haar uitspraak van 26 juni haar jurisprudentie aangepast en staat nu een kunsthandelaar, in zijn hoedanigheid van bewaarder, en niet alleen de eigenaar, toe om de vrijgave te vragen van een item dat door een verzamelaar aan de verkoop is toevertrouwd.<\/p>\n<figure id=\"attachment_3211\" aria-describedby=\"caption-attachment-3211\" style=\"width: 684px\" class=\"wp-caption aligncenter\"><img loading=\"lazy\" decoding=\"async\" class=\"size-large wp-image-3211\" src=\"https:\/\/www.forbes.be\/nl\/wp-content\/uploads\/2024\/08\/Debie-@-JFHG8451-2-684x1024.jpg\" alt=\"Yves-Bernard Debie \u00a9 JF Hel Guedj\" width=\"684\" height=\"1024\" srcset=\"https:\/\/www.forbes.be\/nl\/wp-content\/uploads\/2024\/08\/Debie-@-JFHG8451-2-684x1024.jpg 684w, https:\/\/www.forbes.be\/nl\/wp-content\/uploads\/2024\/08\/Debie-@-JFHG8451-2-200x300.jpg 200w, https:\/\/www.forbes.be\/nl\/wp-content\/uploads\/2024\/08\/Debie-@-JFHG8451-2-768x1150.jpg 768w, https:\/\/www.forbes.be\/nl\/wp-content\/uploads\/2024\/08\/Debie-@-JFHG8451-2-1026x1536.jpg 1026w, https:\/\/www.forbes.be\/nl\/wp-content\/uploads\/2024\/08\/Debie-@-JFHG8451-2-1368x2048.jpg 1368w, https:\/\/www.forbes.be\/nl\/wp-content\/uploads\/2024\/08\/Debie-@-JFHG8451-2-696x1042.jpg 696w, https:\/\/www.forbes.be\/nl\/wp-content\/uploads\/2024\/08\/Debie-@-JFHG8451-2-1068x1599.jpg 1068w, https:\/\/www.forbes.be\/nl\/wp-content\/uploads\/2024\/08\/Debie-@-JFHG8451-2-1920x2874.jpg 1920w, https:\/\/www.forbes.be\/nl\/wp-content\/uploads\/2024\/08\/Debie-@-JFHG8451-2-600x898.jpg 600w, https:\/\/www.forbes.be\/nl\/wp-content\/uploads\/2024\/08\/Debie-@-JFHG8451-2-scaled.jpg 1710w\" sizes=\"auto, (max-width: 684px) 100vw, 684px\" \/><figcaption id=\"caption-attachment-3211\" class=\"wp-caption-text\">Yves-Bernard Debie \u00a9 JF Hel Guedj<\/figcaption><\/figure>\n<p>&nbsp;<\/p>\n","protected":false},"excerpt":{"rendered":"<p>Yves-Bernard Debie is een internationaal Brussels advocaat gespecialiseerd in de kunstwereld. Drie uitspraken van het Brusselse Hof van Beroep zullen de geschiedenis ingaan. Hij legt uit wat er op het spel staat. Wat zijn de voordelen van deze uitspraken? Deze drie opeenvolgende arresten van het hof van beroep te Brussel (kamer van inbeschuldigingstelling) van 4, [&hellip;]<\/p>\n","protected":false},"author":24,"featured_media":3214,"comment_status":"closed","ping_status":"closed","sticky":false,"template":"","format":"standard","meta":{"_acf_changed":false,"inline_featured_image":false,"footnotes":""},"categories":[1],"tags":[],"class_list":{"0":"post-3209","1":"post","2":"type-post","3":"status-publish","4":"format-standard","5":"has-post-thumbnail","7":"category-actualiteit"},"acf":[],"auteur_traducteur":"","yoast_head":"<!-- This site is optimized with the Yoast SEO plugin v27.4 - https:\/\/yoast.com\/product\/yoast-seo-wordpress\/ -->\n<title>Kunsthandelaars: de FOD Economie teruggefloten door het Hof van Beroep | Forbes Belgi\u00eb<\/title>\n<meta name=\"description\" content=\"Yves-Bernard Debie is een internationaal Brussels advocaat gespecialiseerd in de kunstwereld. Drie uitspraken van het Brusselse Hof van Beroep zullen de geschiedenis ingaan.\" \/>\n<meta name=\"robots\" content=\"index, follow, max-snippet:-1, max-image-preview:large, max-video-preview:-1\" \/>\n<link rel=\"canonical\" href=\"https:\/\/www.forbes.be\/nl\/kunsthandelaars-de-fod-economie-teruggefloten-door-het-hof-van-beroep\/\" \/>\n<meta property=\"og:locale\" content=\"nl_BE\" \/>\n<meta property=\"og:type\" content=\"article\" \/>\n<meta property=\"og:title\" content=\"Kunsthandelaars: de FOD Economie teruggefloten door het Hof van Beroep | Forbes Belgi\u00eb\" \/>\n<meta property=\"og:description\" content=\"Yves-Bernard Debie is een internationaal Brussels advocaat gespecialiseerd in de kunstwereld. Drie uitspraken van het Brusselse Hof van Beroep zullen de geschiedenis ingaan.\" \/>\n<meta property=\"og:url\" content=\"https:\/\/www.forbes.be\/nl\/kunsthandelaars-de-fod-economie-teruggefloten-door-het-hof-van-beroep\/\" \/>\n<meta property=\"og:site_name\" content=\"Forbes Belgi\u00eb\" \/>\n<meta property=\"article:publisher\" content=\"https:\/\/www.facebook.com\/forbesbelgie\" \/>\n<meta property=\"article:published_time\" content=\"2024-08-02T05:00:56+00:00\" \/>\n<meta property=\"og:image\" content=\"https:\/\/www.forbes.be\/nl\/wp-content\/uploads\/2024\/08\/unnamed-2-scaled-1.jpg\" \/>\n\t<meta property=\"og:image:width\" content=\"1200\" \/>\n\t<meta property=\"og:image:height\" content=\"628\" \/>\n\t<meta property=\"og:image:type\" content=\"image\/jpeg\" \/>\n<meta name=\"author\" content=\"Johan-Fr\u00e9d\u00e9rik Hel Guedj\" \/>\n<meta name=\"twitter:card\" content=\"summary_large_image\" \/>\n<meta name=\"twitter:label1\" content=\"Geschreven door\" \/>\n\t<meta name=\"twitter:data1\" content=\"Johan-Fr\u00e9d\u00e9rik Hel Guedj\" \/>\n\t<meta name=\"twitter:label2\" content=\"Geschatte leestijd\" \/>\n\t<meta name=\"twitter:data2\" content=\"4 minuten\" \/>\n<script type=\"application\/ld+json\" class=\"yoast-schema-graph\">{\"@context\":\"https:\\\/\\\/schema.org\",\"@graph\":[{\"@type\":\"NewsArticle\",\"@id\":\"https:\\\/\\\/www.forbes.be\\\/nl\\\/kunsthandelaars-de-fod-economie-teruggefloten-door-het-hof-van-beroep\\\/#article\",\"isPartOf\":{\"@id\":\"https:\\\/\\\/www.forbes.be\\\/nl\\\/kunsthandelaars-de-fod-economie-teruggefloten-door-het-hof-van-beroep\\\/\"},\"author\":{\"name\":\"Johan-Fr\u00e9d\u00e9rik Hel Guedj\",\"@id\":\"https:\\\/\\\/www.forbes.be\\\/nl\\\/#\\\/schema\\\/person\\\/7c0ac1896654aa71b07d901c0b9fdde7\"},\"headline\":\"Kunsthandelaars: de FOD Economie teruggefloten door het Hof van Beroep\",\"datePublished\":\"2024-08-02T05:00:56+00:00\",\"mainEntityOfPage\":{\"@id\":\"https:\\\/\\\/www.forbes.be\\\/nl\\\/kunsthandelaars-de-fod-economie-teruggefloten-door-het-hof-van-beroep\\\/\"},\"wordCount\":639,\"publisher\":{\"@id\":\"https:\\\/\\\/www.forbes.be\\\/nl\\\/#organization\"},\"image\":{\"@id\":\"https:\\\/\\\/www.forbes.be\\\/nl\\\/kunsthandelaars-de-fod-economie-teruggefloten-door-het-hof-van-beroep\\\/#primaryimage\"},\"thumbnailUrl\":\"https:\\\/\\\/www.forbes.be\\\/nl\\\/wp-content\\\/uploads\\\/2024\\\/08\\\/unnamed-2-scaled-1.jpg\",\"articleSection\":[\"Actualiteit\"],\"inLanguage\":\"nl-BE\"},{\"@type\":\"WebPage\",\"@id\":\"https:\\\/\\\/www.forbes.be\\\/nl\\\/kunsthandelaars-de-fod-economie-teruggefloten-door-het-hof-van-beroep\\\/\",\"url\":\"https:\\\/\\\/www.forbes.be\\\/nl\\\/kunsthandelaars-de-fod-economie-teruggefloten-door-het-hof-van-beroep\\\/\",\"name\":\"Kunsthandelaars: de FOD Economie teruggefloten door het Hof van Beroep | Forbes Belgi\u00eb\",\"isPartOf\":{\"@id\":\"https:\\\/\\\/www.forbes.be\\\/nl\\\/#website\"},\"primaryImageOfPage\":{\"@id\":\"https:\\\/\\\/www.forbes.be\\\/nl\\\/kunsthandelaars-de-fod-economie-teruggefloten-door-het-hof-van-beroep\\\/#primaryimage\"},\"image\":{\"@id\":\"https:\\\/\\\/www.forbes.be\\\/nl\\\/kunsthandelaars-de-fod-economie-teruggefloten-door-het-hof-van-beroep\\\/#primaryimage\"},\"thumbnailUrl\":\"https:\\\/\\\/www.forbes.be\\\/nl\\\/wp-content\\\/uploads\\\/2024\\\/08\\\/unnamed-2-scaled-1.jpg\",\"datePublished\":\"2024-08-02T05:00:56+00:00\",\"description\":\"Yves-Bernard Debie is een internationaal Brussels advocaat gespecialiseerd in de kunstwereld. Drie uitspraken van het Brusselse Hof van Beroep zullen de geschiedenis ingaan.\",\"breadcrumb\":{\"@id\":\"https:\\\/\\\/www.forbes.be\\\/nl\\\/kunsthandelaars-de-fod-economie-teruggefloten-door-het-hof-van-beroep\\\/#breadcrumb\"},\"inLanguage\":\"nl-BE\",\"potentialAction\":[{\"@type\":\"ReadAction\",\"target\":[\"https:\\\/\\\/www.forbes.be\\\/nl\\\/kunsthandelaars-de-fod-economie-teruggefloten-door-het-hof-van-beroep\\\/\"]}]},{\"@type\":\"ImageObject\",\"inLanguage\":\"nl-BE\",\"@id\":\"https:\\\/\\\/www.forbes.be\\\/nl\\\/kunsthandelaars-de-fod-economie-teruggefloten-door-het-hof-van-beroep\\\/#primaryimage\",\"url\":\"https:\\\/\\\/www.forbes.be\\\/nl\\\/wp-content\\\/uploads\\\/2024\\\/08\\\/unnamed-2-scaled-1.jpg\",\"contentUrl\":\"https:\\\/\\\/www.forbes.be\\\/nl\\\/wp-content\\\/uploads\\\/2024\\\/08\\\/unnamed-2-scaled-1.jpg\",\"width\":1200,\"height\":628,\"caption\":\"Yves-Bernard Debie \u00a9 JF Hel Guedj\"},{\"@type\":\"BreadcrumbList\",\"@id\":\"https:\\\/\\\/www.forbes.be\\\/nl\\\/kunsthandelaars-de-fod-economie-teruggefloten-door-het-hof-van-beroep\\\/#breadcrumb\",\"itemListElement\":[{\"@type\":\"ListItem\",\"position\":1,\"name\":\"Accueil\",\"item\":\"https:\\\/\\\/www.forbes.be\\\/nl\\\/\"},{\"@type\":\"ListItem\",\"position\":2,\"name\":\"Kunsthandelaars: de FOD Economie teruggefloten door het Hof van Beroep\"}]},{\"@type\":\"WebSite\",\"@id\":\"https:\\\/\\\/www.forbes.be\\\/nl\\\/#website\",\"url\":\"https:\\\/\\\/www.forbes.be\\\/nl\\\/\",\"name\":\"Forbes Belgi\u00eb\",\"description\":\"\",\"publisher\":{\"@id\":\"https:\\\/\\\/www.forbes.be\\\/nl\\\/#organization\"},\"potentialAction\":[{\"@type\":\"SearchAction\",\"target\":{\"@type\":\"EntryPoint\",\"urlTemplate\":\"https:\\\/\\\/www.forbes.be\\\/nl\\\/?s={search_term_string}\"},\"query-input\":{\"@type\":\"PropertyValueSpecification\",\"valueRequired\":true,\"valueName\":\"search_term_string\"}}],\"inLanguage\":\"nl-BE\"},{\"@type\":\"Organization\",\"@id\":\"https:\\\/\\\/www.forbes.be\\\/nl\\\/#organization\",\"name\":\"Forbes Belgi\u00eb\",\"url\":\"https:\\\/\\\/www.forbes.be\\\/nl\\\/\",\"logo\":{\"@type\":\"ImageObject\",\"inLanguage\":\"nl-BE\",\"@id\":\"https:\\\/\\\/www.forbes.be\\\/nl\\\/#\\\/schema\\\/logo\\\/image\\\/\",\"url\":\"https:\\\/\\\/www.forbes.be\\\/nl\\\/wp-content\\\/uploads\\\/2024\\\/02\\\/forbes.be_.png\",\"contentUrl\":\"https:\\\/\\\/www.forbes.be\\\/nl\\\/wp-content\\\/uploads\\\/2024\\\/02\\\/forbes.be_.png\",\"width\":1200,\"height\":675,\"caption\":\"Forbes Belgi\u00eb\"},\"image\":{\"@id\":\"https:\\\/\\\/www.forbes.be\\\/nl\\\/#\\\/schema\\\/logo\\\/image\\\/\"},\"sameAs\":[\"https:\\\/\\\/www.facebook.com\\\/forbesbelgie\",\"https:\\\/\\\/www.instagram.com\\\/Forbes_Belgium\",\"https:\\\/\\\/www.linkedin.com\\\/company\\\/forbes-belgium\\\/\"]},{\"@type\":\"Person\",\"@id\":\"https:\\\/\\\/www.forbes.be\\\/nl\\\/#\\\/schema\\\/person\\\/7c0ac1896654aa71b07d901c0b9fdde7\",\"name\":\"Johan-Fr\u00e9d\u00e9rik Hel Guedj\",\"image\":{\"@type\":\"ImageObject\",\"inLanguage\":\"nl-BE\",\"@id\":\"https:\\\/\\\/secure.gravatar.com\\\/avatar\\\/65333543693434f2cc9fdefb3173b162df98712d00606b00b3d43914f79a1598?s=96&d=mm&r=g\",\"url\":\"https:\\\/\\\/secure.gravatar.com\\\/avatar\\\/65333543693434f2cc9fdefb3173b162df98712d00606b00b3d43914f79a1598?s=96&d=mm&r=g\",\"contentUrl\":\"https:\\\/\\\/secure.gravatar.com\\\/avatar\\\/65333543693434f2cc9fdefb3173b162df98712d00606b00b3d43914f79a1598?s=96&d=mm&r=g\",\"caption\":\"Johan-Fr\u00e9d\u00e9rik Hel Guedj\"},\"description\":\"Johan-Frederik Hel Guedj is een Franse journalist en auteur. Hij was zeven jaar hoofdredacteur van het tijdschrift Pouvoirs Locaux, dat gewijd is aan cultuurbeleid. Daarnaast publiceerde hij acht boeken bij Franse en Belgische uitgevers, waaronder twee romans, een essay over Orson Welles en vier kunstboeken. Naast Forbes werkt hij ook mee aan L\u2019Echo en Le Quotidien de l\u2019Art (Parijs).\",\"url\":\"https:\\\/\\\/www.forbes.be\\\/nl\\\/author\\\/johan-frederik-hel-guedj\\\/\"}]}<\/script>\n<!-- \/ Yoast SEO plugin. -->","yoast_head_json":{"title":"Kunsthandelaars: de FOD Economie teruggefloten door het Hof van Beroep | Forbes Belgi\u00eb","description":"Yves-Bernard Debie is een internationaal Brussels advocaat gespecialiseerd in de kunstwereld. Drie uitspraken van het Brusselse Hof van Beroep zullen de geschiedenis ingaan.","robots":{"index":"index","follow":"follow","max-snippet":"max-snippet:-1","max-image-preview":"max-image-preview:large","max-video-preview":"max-video-preview:-1"},"canonical":"https:\/\/www.forbes.be\/nl\/kunsthandelaars-de-fod-economie-teruggefloten-door-het-hof-van-beroep\/","og_locale":"nl_BE","og_type":"article","og_title":"Kunsthandelaars: de FOD Economie teruggefloten door het Hof van Beroep | Forbes Belgi\u00eb","og_description":"Yves-Bernard Debie is een internationaal Brussels advocaat gespecialiseerd in de kunstwereld. Drie uitspraken van het Brusselse Hof van Beroep zullen de geschiedenis ingaan.","og_url":"https:\/\/www.forbes.be\/nl\/kunsthandelaars-de-fod-economie-teruggefloten-door-het-hof-van-beroep\/","og_site_name":"Forbes Belgi\u00eb","article_publisher":"https:\/\/www.facebook.com\/forbesbelgie","article_published_time":"2024-08-02T05:00:56+00:00","og_image":[{"width":1200,"height":628,"url":"https:\/\/www.forbes.be\/nl\/wp-content\/uploads\/2024\/08\/unnamed-2-scaled-1.jpg","type":"image\/jpeg"}],"author":"Johan-Fr\u00e9d\u00e9rik Hel Guedj","twitter_card":"summary_large_image","twitter_misc":{"Geschreven door":"Johan-Fr\u00e9d\u00e9rik Hel Guedj","Geschatte leestijd":"4 minuten"},"schema":{"@context":"https:\/\/schema.org","@graph":[{"@type":"NewsArticle","@id":"https:\/\/www.forbes.be\/nl\/kunsthandelaars-de-fod-economie-teruggefloten-door-het-hof-van-beroep\/#article","isPartOf":{"@id":"https:\/\/www.forbes.be\/nl\/kunsthandelaars-de-fod-economie-teruggefloten-door-het-hof-van-beroep\/"},"author":{"name":"Johan-Fr\u00e9d\u00e9rik Hel Guedj","@id":"https:\/\/www.forbes.be\/nl\/#\/schema\/person\/7c0ac1896654aa71b07d901c0b9fdde7"},"headline":"Kunsthandelaars: de FOD Economie teruggefloten door het Hof van Beroep","datePublished":"2024-08-02T05:00:56+00:00","mainEntityOfPage":{"@id":"https:\/\/www.forbes.be\/nl\/kunsthandelaars-de-fod-economie-teruggefloten-door-het-hof-van-beroep\/"},"wordCount":639,"publisher":{"@id":"https:\/\/www.forbes.be\/nl\/#organization"},"image":{"@id":"https:\/\/www.forbes.be\/nl\/kunsthandelaars-de-fod-economie-teruggefloten-door-het-hof-van-beroep\/#primaryimage"},"thumbnailUrl":"https:\/\/www.forbes.be\/nl\/wp-content\/uploads\/2024\/08\/unnamed-2-scaled-1.jpg","articleSection":["Actualiteit"],"inLanguage":"nl-BE"},{"@type":"WebPage","@id":"https:\/\/www.forbes.be\/nl\/kunsthandelaars-de-fod-economie-teruggefloten-door-het-hof-van-beroep\/","url":"https:\/\/www.forbes.be\/nl\/kunsthandelaars-de-fod-economie-teruggefloten-door-het-hof-van-beroep\/","name":"Kunsthandelaars: de FOD Economie teruggefloten door het Hof van Beroep | Forbes Belgi\u00eb","isPartOf":{"@id":"https:\/\/www.forbes.be\/nl\/#website"},"primaryImageOfPage":{"@id":"https:\/\/www.forbes.be\/nl\/kunsthandelaars-de-fod-economie-teruggefloten-door-het-hof-van-beroep\/#primaryimage"},"image":{"@id":"https:\/\/www.forbes.be\/nl\/kunsthandelaars-de-fod-economie-teruggefloten-door-het-hof-van-beroep\/#primaryimage"},"thumbnailUrl":"https:\/\/www.forbes.be\/nl\/wp-content\/uploads\/2024\/08\/unnamed-2-scaled-1.jpg","datePublished":"2024-08-02T05:00:56+00:00","description":"Yves-Bernard Debie is een internationaal Brussels advocaat gespecialiseerd in de kunstwereld. Drie uitspraken van het Brusselse Hof van Beroep zullen de geschiedenis ingaan.","breadcrumb":{"@id":"https:\/\/www.forbes.be\/nl\/kunsthandelaars-de-fod-economie-teruggefloten-door-het-hof-van-beroep\/#breadcrumb"},"inLanguage":"nl-BE","potentialAction":[{"@type":"ReadAction","target":["https:\/\/www.forbes.be\/nl\/kunsthandelaars-de-fod-economie-teruggefloten-door-het-hof-van-beroep\/"]}]},{"@type":"ImageObject","inLanguage":"nl-BE","@id":"https:\/\/www.forbes.be\/nl\/kunsthandelaars-de-fod-economie-teruggefloten-door-het-hof-van-beroep\/#primaryimage","url":"https:\/\/www.forbes.be\/nl\/wp-content\/uploads\/2024\/08\/unnamed-2-scaled-1.jpg","contentUrl":"https:\/\/www.forbes.be\/nl\/wp-content\/uploads\/2024\/08\/unnamed-2-scaled-1.jpg","width":1200,"height":628,"caption":"Yves-Bernard Debie \u00a9 JF Hel Guedj"},{"@type":"BreadcrumbList","@id":"https:\/\/www.forbes.be\/nl\/kunsthandelaars-de-fod-economie-teruggefloten-door-het-hof-van-beroep\/#breadcrumb","itemListElement":[{"@type":"ListItem","position":1,"name":"Accueil","item":"https:\/\/www.forbes.be\/nl\/"},{"@type":"ListItem","position":2,"name":"Kunsthandelaars: de FOD Economie teruggefloten door het Hof van Beroep"}]},{"@type":"WebSite","@id":"https:\/\/www.forbes.be\/nl\/#website","url":"https:\/\/www.forbes.be\/nl\/","name":"Forbes Belgi\u00eb","description":"","publisher":{"@id":"https:\/\/www.forbes.be\/nl\/#organization"},"potentialAction":[{"@type":"SearchAction","target":{"@type":"EntryPoint","urlTemplate":"https:\/\/www.forbes.be\/nl\/?s={search_term_string}"},"query-input":{"@type":"PropertyValueSpecification","valueRequired":true,"valueName":"search_term_string"}}],"inLanguage":"nl-BE"},{"@type":"Organization","@id":"https:\/\/www.forbes.be\/nl\/#organization","name":"Forbes Belgi\u00eb","url":"https:\/\/www.forbes.be\/nl\/","logo":{"@type":"ImageObject","inLanguage":"nl-BE","@id":"https:\/\/www.forbes.be\/nl\/#\/schema\/logo\/image\/","url":"https:\/\/www.forbes.be\/nl\/wp-content\/uploads\/2024\/02\/forbes.be_.png","contentUrl":"https:\/\/www.forbes.be\/nl\/wp-content\/uploads\/2024\/02\/forbes.be_.png","width":1200,"height":675,"caption":"Forbes Belgi\u00eb"},"image":{"@id":"https:\/\/www.forbes.be\/nl\/#\/schema\/logo\/image\/"},"sameAs":["https:\/\/www.facebook.com\/forbesbelgie","https:\/\/www.instagram.com\/Forbes_Belgium","https:\/\/www.linkedin.com\/company\/forbes-belgium\/"]},{"@type":"Person","@id":"https:\/\/www.forbes.be\/nl\/#\/schema\/person\/7c0ac1896654aa71b07d901c0b9fdde7","name":"Johan-Fr\u00e9d\u00e9rik Hel Guedj","image":{"@type":"ImageObject","inLanguage":"nl-BE","@id":"https:\/\/secure.gravatar.com\/avatar\/65333543693434f2cc9fdefb3173b162df98712d00606b00b3d43914f79a1598?s=96&d=mm&r=g","url":"https:\/\/secure.gravatar.com\/avatar\/65333543693434f2cc9fdefb3173b162df98712d00606b00b3d43914f79a1598?s=96&d=mm&r=g","contentUrl":"https:\/\/secure.gravatar.com\/avatar\/65333543693434f2cc9fdefb3173b162df98712d00606b00b3d43914f79a1598?s=96&d=mm&r=g","caption":"Johan-Fr\u00e9d\u00e9rik Hel Guedj"},"description":"Johan-Frederik Hel Guedj is een Franse journalist en auteur. Hij was zeven jaar hoofdredacteur van het tijdschrift Pouvoirs Locaux, dat gewijd is aan cultuurbeleid. Daarnaast publiceerde hij acht boeken bij Franse en Belgische uitgevers, waaronder twee romans, een essay over Orson Welles en vier kunstboeken. Naast Forbes werkt hij ook mee aan L\u2019Echo en Le Quotidien de l\u2019Art (Parijs).","url":"https:\/\/www.forbes.be\/nl\/author\/johan-frederik-hel-guedj\/"}]}},"_links":{"self":[{"href":"https:\/\/www.forbes.be\/nl\/wp-json\/wp\/v2\/posts\/3209","targetHints":{"allow":["GET"]}}],"collection":[{"href":"https:\/\/www.forbes.be\/nl\/wp-json\/wp\/v2\/posts"}],"about":[{"href":"https:\/\/www.forbes.be\/nl\/wp-json\/wp\/v2\/types\/post"}],"author":[{"embeddable":true,"href":"https:\/\/www.forbes.be\/nl\/wp-json\/wp\/v2\/users\/24"}],"replies":[{"embeddable":true,"href":"https:\/\/www.forbes.be\/nl\/wp-json\/wp\/v2\/comments?post=3209"}],"version-history":[{"count":1,"href":"https:\/\/www.forbes.be\/nl\/wp-json\/wp\/v2\/posts\/3209\/revisions"}],"predecessor-version":[{"id":3212,"href":"https:\/\/www.forbes.be\/nl\/wp-json\/wp\/v2\/posts\/3209\/revisions\/3212"}],"wp:featuredmedia":[{"embeddable":true,"href":"https:\/\/www.forbes.be\/nl\/wp-json\/wp\/v2\/media\/3214"}],"wp:attachment":[{"href":"https:\/\/www.forbes.be\/nl\/wp-json\/wp\/v2\/media?parent=3209"}],"wp:term":[{"taxonomy":"category","embeddable":true,"href":"https:\/\/www.forbes.be\/nl\/wp-json\/wp\/v2\/categories?post=3209"},{"taxonomy":"post_tag","embeddable":true,"href":"https:\/\/www.forbes.be\/nl\/wp-json\/wp\/v2\/tags?post=3209"}],"curies":[{"name":"wp","href":"https:\/\/api.w.org\/{rel}","templated":true}]}}