{"id":3319,"date":"2024-08-28T07:00:46","date_gmt":"2024-08-28T05:00:46","guid":{"rendered":"https:\/\/www.forbes.be\/nl\/?p=3319"},"modified":"2024-08-09T11:48:41","modified_gmt":"2024-08-09T09:48:41","slug":"de-fondation-opale-het-enige-centrum-voor-aboriginalkunst-in-europa","status":"publish","type":"post","link":"https:\/\/www.forbes.be\/nl\/de-fondation-opale-het-enige-centrum-voor-aboriginalkunst-in-europa\/","title":{"rendered":"De Fondation Opale, het enige centrum voor Aboriginalkunst in Europa"},"content":{"rendered":"<p><strong>De Zwitserse <a href=\"https:\/\/www.fondationopale.ch\/\">Fondation Opale<\/a>, opgericht door B\u00e9reng\u00e8re Primat, is het enige centrum voor Aboriginalkunst in Europa. Het elegante complex, dat onlangs is uitgebreid en wordt omringd door een kunstmatig meer, huisvest niet alleen kunstwerken, maar ook kunstenaars in residentie en onderzoekers in de bibliotheek.<\/strong><\/p>\n<p>B\u00e9reng\u00e8re Primat, achterkleindochter van industrieel Marcel Schlumberger en achternicht van verzamelaar Dominique de M\u00e9nil, ontdekte de Aboriginalkunst in 2002, in de galerie Passage de Retz in Parijs, met de tentoonstelling Wati: Les Hommes de loi\/the Law Men. \u201cIk was gefascineerd door de schilderijen en sculpturen van de Aboriginals, die in die tijd uitsluitend door mannen werden gemaakt. Ik had maar een paar werken in etnografische musea gezien maar ontdekte toen concepten die ver van onze eigen cultuur af staan: de \u2018Aboriginal Dream\u2019, die noch een wakende droom noch een psychoanalytische droom is, maar een toestand van \u2018eeuwig heden\u2019, of de \u2018songlines\u2019, de liederen van de routes door hun gebied. Arnaud Serval, de curator van de tentoonstelling, woont sinds zijn 19de voor de helft in Aboriginal-gemeenschappen. Ik ben hem gevolgd naar Alice Springs en de omliggende gemeenschappen. Ik was er meteen welkom, wat me jaren zou hebben gekost als ik alleen was geweest. Er ging een deur open naar een andere wereld: ik luisterde naar hun verhalen, allemaal gelinkt aan de werken die ik kocht. Het was het begin van een verzameling en een huwelijk. Twaalf jaar lang gingen Arnaud en ik naar Australi\u00eb, altijd rond Alice Springs, in de Kimberley en Arnhem Land, in het noordwesten.\u201d<\/p>\n<figure id=\"attachment_3321\" aria-describedby=\"caption-attachment-3321\" style=\"width: 696px\" class=\"wp-caption aligncenter\"><img loading=\"lazy\" decoding=\"async\" class=\"size-large wp-image-3321\" src=\"https:\/\/www.forbes.be\/nl\/wp-content\/uploads\/2024\/08\/Portrait_BerengerePrimat_c_OlivierMaire-1-1024x749.jpg\" alt=\"B\u00e9reng\u00e8re Primat \u00a9 Olivier Maire \" width=\"696\" height=\"509\" srcset=\"https:\/\/www.forbes.be\/nl\/wp-content\/uploads\/2024\/08\/Portrait_BerengerePrimat_c_OlivierMaire-1-1024x749.jpg 1024w, https:\/\/www.forbes.be\/nl\/wp-content\/uploads\/2024\/08\/Portrait_BerengerePrimat_c_OlivierMaire-1-300x220.jpg 300w, https:\/\/www.forbes.be\/nl\/wp-content\/uploads\/2024\/08\/Portrait_BerengerePrimat_c_OlivierMaire-1-768x562.jpg 768w, https:\/\/www.forbes.be\/nl\/wp-content\/uploads\/2024\/08\/Portrait_BerengerePrimat_c_OlivierMaire-1-1536x1124.jpg 1536w, https:\/\/www.forbes.be\/nl\/wp-content\/uploads\/2024\/08\/Portrait_BerengerePrimat_c_OlivierMaire-1-2048x1499.jpg 2048w, https:\/\/www.forbes.be\/nl\/wp-content\/uploads\/2024\/08\/Portrait_BerengerePrimat_c_OlivierMaire-1-696x509.jpg 696w, https:\/\/www.forbes.be\/nl\/wp-content\/uploads\/2024\/08\/Portrait_BerengerePrimat_c_OlivierMaire-1-1068x781.jpg 1068w, https:\/\/www.forbes.be\/nl\/wp-content\/uploads\/2024\/08\/Portrait_BerengerePrimat_c_OlivierMaire-1-1920x1405.jpg 1920w, https:\/\/www.forbes.be\/nl\/wp-content\/uploads\/2024\/08\/Portrait_BerengerePrimat_c_OlivierMaire-1-600x439.jpg 600w\" sizes=\"auto, (max-width: 696px) 100vw, 696px\" \/><figcaption id=\"caption-attachment-3321\" class=\"wp-caption-text\">B\u00e9reng\u00e8re Primat \u00a9 Olivier Maire<\/figcaption><\/figure>\n<p>De artistieke beweging rond Aboriginals ontstond in 1971 in centraal Australi\u00eb (Aboriginals kregen pas in 1967 burgerrechten). Geoffrey Barden, een schoolmeester in een kleine gemeenschap genaamd Papunya, stelde voor dat de mannen op blijvend materiaal zouden schilderen. Hun werk op de muren van de school werd hun eerste niet-vluchtige kunstwerk. Het fresco, dat inmiddels is vernietigd, is een historische mijlpaal die een internationaal publiek de kans gaf om de kunstvorm te ontdekken.<\/p>\n<blockquote><p>\u201cDe vrouwen schilderen, net als de mannen, eerst op hun lichaam of op de grond, en pas dan op permanente dragers\u201d<\/p><\/blockquote>\n<p>\u201cToen ik in 2002 in Australi\u00eb aankwam, had ik vooral contact met mannen, die minder geneigd waren om hun verhaal met een vrouw te delen. Ik zweeg en luisterde, waardoor ze me hun vertrouwen schonken. De verhalen zijn verschillend bij mannen en vrouwen: hij roept een creatieve, viriele, verleidelijke voorouder op die zij als boosaardig kan omschrijven. Ik heb nu ook toegang tot vrouwen die, net als mannen, eerst op hun lichaam of op de grond schilderen en dan pas op permanente dragers. Na verloop van tijd is het aandeel van de vrouwen blijven groeien.\u201d<\/p>\n<p>De collectie groeide gestaag: vandaag de dag omvat ze bijna 1600 werken. B\u00e9reng\u00e8re liet de collectie beoordelen door Georges Petitjean, Belgisch conservator van het Utrechtse Aboriginal Art Museum (gesloten in 2017). \u201cHij vertelde me dat mijn verzameling zonder twijfel de interessantste in heel Europa is. De stichting Pierre Arnaud Foundation gaf me in 2017 de kans om een deel ervan tentoon te stellen en vervolgens de locatie over te nemen. Waar haalde ik de tijd en energie, als moeder van vijf kinderen? In 2018 ging ik met hen terug naar de gemeenschappen in Zuid-Australi\u00eb. De kunstenaars, directeuren van kunstcentra en Aboriginal-co\u00f6peraties vonden het jammer dat in Europa alleen etnografische musea hun kunst tentoonstelden.\u201d<\/p>\n<h2>Het Opale-effect<\/h2>\n<p>Om die lacune te vullen, opende ze in december 2018 de Fondation Opale. \u201cIk wilde het geen stichting Primat noemen. Ik dacht eerst aan een Aboriginalterm, maar waarom zou je er uit die honderd talen \u00e9\u00e9n uitkiezen? Uiteindelijk kwam ik uit bij opaal, een doorschijnende, reflecterende steen die op elk continent te vinden is en een woord dat in de meeste talen gelijkaardig is. Ik nam het gebouw en de bestaande stichting Pierre Arnaud over, veranderde de naam en breidde het werkterrein uit.\u201d Ze hecht veel belang aan overdracht en educatie, en bedankt de mensen die bereid waren om hun werken te verkopen en hun cultuur te delen. \u201cIk wilde de Aboriginalkunstwerken toegankelijk en bekend maken in Europa, omdat er tot dan toe nog geen plek was speciaal voor hun kunst.\u201d<\/p>\n<p>De stichting wordt voor 70% gefinancierd door B\u00e9reng\u00e8re Primat en een vereniging van 300 vrienden. Overheidssteun (30%) komt van de gemeenten Lens en Crans-Montana, de Loterie romande, die sport en cultuur financiert, en de stichting Crans-Montana Casino.<br \/>\nOpale heeft de Aboriginalkunstenaars in Australi\u00eb en Europa op de kaart gezet. De stichting heeft grote gezamenlijke doeken uit Zuid-Australi\u00eb met bepaalde territoriale verhalen. \u201cIn 2019 verwelkomden we vrouwelijke schilders uit de zeven kunstcentra in de APY Lands, die het collectieve doek cre\u00eberden dat bekend staat als het Seven Sisters-verhaal. Andere collectieve schilderijen zijn door mannen en vrouwen samen gemaakt.\u201d Opale is ook populair bij de grote instellingen. In 2022 organiseerde de Parijse Fondation Cartier een tentoonstelling van Sally Gabori, een van de vooraanstaande kunstenaars van Queensland.<\/p>\n<figure id=\"attachment_4293\" aria-describedby=\"caption-attachment-4293\" style=\"width: 696px\" class=\"wp-caption alignnone\"><img loading=\"lazy\" decoding=\"async\" class=\"wp-image-4293 size-large\" src=\"https:\/\/www.forbes.be\/fr\/wp-content\/uploads\/2024\/08\/PhotoNouvelleAile_c_NicolasSedlatchek_1-1024x683.jpg\" alt=\"\u00a9 Nicolas Sedlatchek\" width=\"696\" height=\"464\" \/><figcaption id=\"caption-attachment-4293\" class=\"wp-caption-text\">\u00a9 Nicolas Sedlatchek<\/figcaption><\/figure>\n<p>\u201cHet Palais de Tokyo in Parijs heeft het werk getoond van Yhonnie Scarce, die bij ons wordt tentoongesteld, in de tentoonstelling \u2018R\u00e9clamer la Terre\u2019. Het Centre Pompidou ontleende \u2018Nganampa mantangka minyma tjutaku Tjukurpa ngaranyi alatjitu\u2019 (\u2018Het recht van de vrouw leeft in ons land\u2019), een gezamenlijk werk van 26 vrouwen, voor de tentoonstelling \u2018Elles font l\u2019abstraction\u2019 in 2021. We zijn van plan om bruggen te bouwen met het MAMCO (Gen\u00e8ve) en rondreizende tentoonstellingen in Australi\u00eb, om het Australische publiek te laten kennismaken met de belangstelling van westerse kunstenaars voor deze kunstvorm. Naast tijdelijke tentoonstellingen denk ik aan een expositie van de belangrijkste stukken uit de permanente collectie, dankzij de uitbreiding die in december 2023 werd ingehuldigd.\u201d<br \/>\nDe stichting organiseert ook residenties, onder meer voor een kunstenaar met zijn vrouw, aan het begin van de covidperiode. \u201cOmdat ze niet graag ver van hun grondgebied weggaan, nodigen we Aboriginalcuratoren uit die in steden hebben gewoond en kunstgeschiedenis hebben gestudeerd, om aan de collectie en tentoonstellingen te werken en niet-Aboriginal-kunstenaars te ontmoeten. De eerste curator komt in juni 2025.\u201d De eerstvolgende tentoonstelling opent op 16 juni.<\/p>\n<p>\u201cEigenlijk heeft Opale mijn leven veranderd\u201d, zegt ze. \u201cNaast mijn gezin is Opale waar ik voor leef.\u201d<\/p>\n","protected":false},"excerpt":{"rendered":"<p>De Zwitserse Fondation Opale, opgericht door B\u00e9reng\u00e8re Primat, is het enige centrum voor Aboriginalkunst in Europa. Het elegante complex, dat onlangs is uitgebreid en wordt omringd door een kunstmatig meer, huisvest niet alleen kunstwerken, maar ook kunstenaars in residentie en onderzoekers in de bibliotheek. B\u00e9reng\u00e8re Primat, achterkleindochter van industrieel Marcel Schlumberger en achternicht van verzamelaar [&hellip;]<\/p>\n","protected":false},"author":24,"featured_media":3320,"comment_status":"closed","ping_status":"closed","sticky":false,"template":"","format":"standard","meta":{"_acf_changed":false,"inline_featured_image":false,"footnotes":""},"categories":[33],"tags":[],"class_list":{"0":"post-3319","1":"post","2":"type-post","3":"status-publish","4":"format-standard","5":"has-post-thumbnail","7":"category-forbes-vrouwen"},"acf":[],"auteur_traducteur":"","yoast_head":"<!-- This site is optimized with the Yoast SEO plugin v27.4 - https:\/\/yoast.com\/product\/yoast-seo-wordpress\/ -->\n<title>De Fondation Opale, het enige centrum voor Aboriginalkunst in Europa | Forbes Belgi\u00eb<\/title>\n<meta name=\"description\" content=\"De Zwitserse Fondation Opale, opgericht door B\u00e9reng\u00e8re Primat, is het enige centrum voor Aboriginalkunst in Europa.\" \/>\n<meta name=\"robots\" content=\"index, follow, max-snippet:-1, max-image-preview:large, max-video-preview:-1\" \/>\n<link rel=\"canonical\" href=\"https:\/\/www.forbes.be\/nl\/de-fondation-opale-het-enige-centrum-voor-aboriginalkunst-in-europa\/\" \/>\n<meta property=\"og:locale\" content=\"nl_BE\" \/>\n<meta property=\"og:type\" content=\"article\" \/>\n<meta property=\"og:title\" content=\"De Fondation Opale, het enige centrum voor Aboriginalkunst in Europa | Forbes Belgi\u00eb\" \/>\n<meta property=\"og:description\" content=\"De Zwitserse Fondation Opale, opgericht door B\u00e9reng\u00e8re Primat, is het enige centrum voor Aboriginalkunst in Europa.\" \/>\n<meta property=\"og:url\" content=\"https:\/\/www.forbes.be\/nl\/de-fondation-opale-het-enige-centrum-voor-aboriginalkunst-in-europa\/\" \/>\n<meta property=\"og:site_name\" content=\"Forbes Belgi\u00eb\" \/>\n<meta property=\"article:publisher\" content=\"https:\/\/www.facebook.com\/forbesbelgie\" \/>\n<meta property=\"article:published_time\" content=\"2024-08-28T05:00:46+00:00\" \/>\n<meta property=\"og:image\" content=\"https:\/\/www.forbes.be\/nl\/wp-content\/uploads\/2024\/08\/FondationOpale_Cre\u0301puscule_c_OlivierMaire.jpg\" \/>\n\t<meta property=\"og:image:width\" content=\"942\" \/>\n\t<meta property=\"og:image:height\" content=\"628\" \/>\n\t<meta property=\"og:image:type\" content=\"image\/jpeg\" \/>\n<meta name=\"author\" content=\"Johan-Fr\u00e9d\u00e9rik Hel Guedj\" \/>\n<meta name=\"twitter:card\" content=\"summary_large_image\" \/>\n<meta name=\"twitter:label1\" content=\"Geschreven door\" \/>\n\t<meta name=\"twitter:data1\" content=\"Johan-Fr\u00e9d\u00e9rik Hel Guedj\" \/>\n\t<meta name=\"twitter:label2\" content=\"Geschatte leestijd\" \/>\n\t<meta name=\"twitter:data2\" content=\"6 minuten\" \/>\n<script type=\"application\/ld+json\" class=\"yoast-schema-graph\">{\"@context\":\"https:\\\/\\\/schema.org\",\"@graph\":[{\"@type\":\"NewsArticle\",\"@id\":\"https:\\\/\\\/www.forbes.be\\\/nl\\\/de-fondation-opale-het-enige-centrum-voor-aboriginalkunst-in-europa\\\/#article\",\"isPartOf\":{\"@id\":\"https:\\\/\\\/www.forbes.be\\\/nl\\\/de-fondation-opale-het-enige-centrum-voor-aboriginalkunst-in-europa\\\/\"},\"author\":{\"name\":\"Johan-Fr\u00e9d\u00e9rik Hel Guedj\",\"@id\":\"https:\\\/\\\/www.forbes.be\\\/nl\\\/#\\\/schema\\\/person\\\/7c0ac1896654aa71b07d901c0b9fdde7\"},\"headline\":\"De Fondation Opale, het enige centrum voor Aboriginalkunst in Europa\",\"datePublished\":\"2024-08-28T05:00:46+00:00\",\"mainEntityOfPage\":{\"@id\":\"https:\\\/\\\/www.forbes.be\\\/nl\\\/de-fondation-opale-het-enige-centrum-voor-aboriginalkunst-in-europa\\\/\"},\"wordCount\":1036,\"publisher\":{\"@id\":\"https:\\\/\\\/www.forbes.be\\\/nl\\\/#organization\"},\"image\":{\"@id\":\"https:\\\/\\\/www.forbes.be\\\/nl\\\/de-fondation-opale-het-enige-centrum-voor-aboriginalkunst-in-europa\\\/#primaryimage\"},\"thumbnailUrl\":\"https:\\\/\\\/www.forbes.be\\\/nl\\\/wp-content\\\/uploads\\\/2024\\\/08\\\/FondationOpale_Cre\u0301puscule_c_OlivierMaire.jpg\",\"articleSection\":[\"Forbes Vrouwen\"],\"inLanguage\":\"nl-BE\"},{\"@type\":\"WebPage\",\"@id\":\"https:\\\/\\\/www.forbes.be\\\/nl\\\/de-fondation-opale-het-enige-centrum-voor-aboriginalkunst-in-europa\\\/\",\"url\":\"https:\\\/\\\/www.forbes.be\\\/nl\\\/de-fondation-opale-het-enige-centrum-voor-aboriginalkunst-in-europa\\\/\",\"name\":\"De Fondation Opale, het enige centrum voor Aboriginalkunst in Europa | Forbes Belgi\u00eb\",\"isPartOf\":{\"@id\":\"https:\\\/\\\/www.forbes.be\\\/nl\\\/#website\"},\"primaryImageOfPage\":{\"@id\":\"https:\\\/\\\/www.forbes.be\\\/nl\\\/de-fondation-opale-het-enige-centrum-voor-aboriginalkunst-in-europa\\\/#primaryimage\"},\"image\":{\"@id\":\"https:\\\/\\\/www.forbes.be\\\/nl\\\/de-fondation-opale-het-enige-centrum-voor-aboriginalkunst-in-europa\\\/#primaryimage\"},\"thumbnailUrl\":\"https:\\\/\\\/www.forbes.be\\\/nl\\\/wp-content\\\/uploads\\\/2024\\\/08\\\/FondationOpale_Cre\u0301puscule_c_OlivierMaire.jpg\",\"datePublished\":\"2024-08-28T05:00:46+00:00\",\"description\":\"De Zwitserse Fondation Opale, opgericht door B\u00e9reng\u00e8re Primat, is het enige centrum voor Aboriginalkunst in Europa.\",\"breadcrumb\":{\"@id\":\"https:\\\/\\\/www.forbes.be\\\/nl\\\/de-fondation-opale-het-enige-centrum-voor-aboriginalkunst-in-europa\\\/#breadcrumb\"},\"inLanguage\":\"nl-BE\",\"potentialAction\":[{\"@type\":\"ReadAction\",\"target\":[\"https:\\\/\\\/www.forbes.be\\\/nl\\\/de-fondation-opale-het-enige-centrum-voor-aboriginalkunst-in-europa\\\/\"]}]},{\"@type\":\"ImageObject\",\"inLanguage\":\"nl-BE\",\"@id\":\"https:\\\/\\\/www.forbes.be\\\/nl\\\/de-fondation-opale-het-enige-centrum-voor-aboriginalkunst-in-europa\\\/#primaryimage\",\"url\":\"https:\\\/\\\/www.forbes.be\\\/nl\\\/wp-content\\\/uploads\\\/2024\\\/08\\\/FondationOpale_Cre\u0301puscule_c_OlivierMaire.jpg\",\"contentUrl\":\"https:\\\/\\\/www.forbes.be\\\/nl\\\/wp-content\\\/uploads\\\/2024\\\/08\\\/FondationOpale_Cre\u0301puscule_c_OlivierMaire.jpg\",\"width\":942,\"height\":628,\"caption\":\"\u00a9 Olivier Maire\"},{\"@type\":\"BreadcrumbList\",\"@id\":\"https:\\\/\\\/www.forbes.be\\\/nl\\\/de-fondation-opale-het-enige-centrum-voor-aboriginalkunst-in-europa\\\/#breadcrumb\",\"itemListElement\":[{\"@type\":\"ListItem\",\"position\":1,\"name\":\"Accueil\",\"item\":\"https:\\\/\\\/www.forbes.be\\\/nl\\\/\"},{\"@type\":\"ListItem\",\"position\":2,\"name\":\"De Fondation Opale, het enige centrum voor Aboriginalkunst in Europa\"}]},{\"@type\":\"WebSite\",\"@id\":\"https:\\\/\\\/www.forbes.be\\\/nl\\\/#website\",\"url\":\"https:\\\/\\\/www.forbes.be\\\/nl\\\/\",\"name\":\"Forbes Belgi\u00eb\",\"description\":\"\",\"publisher\":{\"@id\":\"https:\\\/\\\/www.forbes.be\\\/nl\\\/#organization\"},\"potentialAction\":[{\"@type\":\"SearchAction\",\"target\":{\"@type\":\"EntryPoint\",\"urlTemplate\":\"https:\\\/\\\/www.forbes.be\\\/nl\\\/?s={search_term_string}\"},\"query-input\":{\"@type\":\"PropertyValueSpecification\",\"valueRequired\":true,\"valueName\":\"search_term_string\"}}],\"inLanguage\":\"nl-BE\"},{\"@type\":\"Organization\",\"@id\":\"https:\\\/\\\/www.forbes.be\\\/nl\\\/#organization\",\"name\":\"Forbes Belgi\u00eb\",\"url\":\"https:\\\/\\\/www.forbes.be\\\/nl\\\/\",\"logo\":{\"@type\":\"ImageObject\",\"inLanguage\":\"nl-BE\",\"@id\":\"https:\\\/\\\/www.forbes.be\\\/nl\\\/#\\\/schema\\\/logo\\\/image\\\/\",\"url\":\"https:\\\/\\\/www.forbes.be\\\/nl\\\/wp-content\\\/uploads\\\/2024\\\/02\\\/forbes.be_.png\",\"contentUrl\":\"https:\\\/\\\/www.forbes.be\\\/nl\\\/wp-content\\\/uploads\\\/2024\\\/02\\\/forbes.be_.png\",\"width\":1200,\"height\":675,\"caption\":\"Forbes Belgi\u00eb\"},\"image\":{\"@id\":\"https:\\\/\\\/www.forbes.be\\\/nl\\\/#\\\/schema\\\/logo\\\/image\\\/\"},\"sameAs\":[\"https:\\\/\\\/www.facebook.com\\\/forbesbelgie\",\"https:\\\/\\\/www.instagram.com\\\/Forbes_Belgium\",\"https:\\\/\\\/www.linkedin.com\\\/company\\\/forbes-belgium\\\/\"]},{\"@type\":\"Person\",\"@id\":\"https:\\\/\\\/www.forbes.be\\\/nl\\\/#\\\/schema\\\/person\\\/7c0ac1896654aa71b07d901c0b9fdde7\",\"name\":\"Johan-Fr\u00e9d\u00e9rik Hel Guedj\",\"image\":{\"@type\":\"ImageObject\",\"inLanguage\":\"nl-BE\",\"@id\":\"https:\\\/\\\/secure.gravatar.com\\\/avatar\\\/65333543693434f2cc9fdefb3173b162df98712d00606b00b3d43914f79a1598?s=96&d=mm&r=g\",\"url\":\"https:\\\/\\\/secure.gravatar.com\\\/avatar\\\/65333543693434f2cc9fdefb3173b162df98712d00606b00b3d43914f79a1598?s=96&d=mm&r=g\",\"contentUrl\":\"https:\\\/\\\/secure.gravatar.com\\\/avatar\\\/65333543693434f2cc9fdefb3173b162df98712d00606b00b3d43914f79a1598?s=96&d=mm&r=g\",\"caption\":\"Johan-Fr\u00e9d\u00e9rik Hel Guedj\"},\"description\":\"Johan-Frederik Hel Guedj is een Franse journalist en auteur. Hij was zeven jaar hoofdredacteur van het tijdschrift Pouvoirs Locaux, dat gewijd is aan cultuurbeleid. Daarnaast publiceerde hij acht boeken bij Franse en Belgische uitgevers, waaronder twee romans, een essay over Orson Welles en vier kunstboeken. Naast Forbes werkt hij ook mee aan L\u2019Echo en Le Quotidien de l\u2019Art (Parijs).\",\"url\":\"https:\\\/\\\/www.forbes.be\\\/nl\\\/author\\\/johan-frederik-hel-guedj\\\/\"}]}<\/script>\n<!-- \/ Yoast SEO plugin. -->","yoast_head_json":{"title":"De Fondation Opale, het enige centrum voor Aboriginalkunst in Europa | Forbes Belgi\u00eb","description":"De Zwitserse Fondation Opale, opgericht door B\u00e9reng\u00e8re Primat, is het enige centrum voor Aboriginalkunst in Europa.","robots":{"index":"index","follow":"follow","max-snippet":"max-snippet:-1","max-image-preview":"max-image-preview:large","max-video-preview":"max-video-preview:-1"},"canonical":"https:\/\/www.forbes.be\/nl\/de-fondation-opale-het-enige-centrum-voor-aboriginalkunst-in-europa\/","og_locale":"nl_BE","og_type":"article","og_title":"De Fondation Opale, het enige centrum voor Aboriginalkunst in Europa | Forbes Belgi\u00eb","og_description":"De Zwitserse Fondation Opale, opgericht door B\u00e9reng\u00e8re Primat, is het enige centrum voor Aboriginalkunst in Europa.","og_url":"https:\/\/www.forbes.be\/nl\/de-fondation-opale-het-enige-centrum-voor-aboriginalkunst-in-europa\/","og_site_name":"Forbes Belgi\u00eb","article_publisher":"https:\/\/www.facebook.com\/forbesbelgie","article_published_time":"2024-08-28T05:00:46+00:00","og_image":[{"width":942,"height":628,"url":"https:\/\/www.forbes.be\/nl\/wp-content\/uploads\/2024\/08\/FondationOpale_Cre\u0301puscule_c_OlivierMaire.jpg","type":"image\/jpeg"}],"author":"Johan-Fr\u00e9d\u00e9rik Hel Guedj","twitter_card":"summary_large_image","twitter_misc":{"Geschreven door":"Johan-Fr\u00e9d\u00e9rik Hel Guedj","Geschatte leestijd":"6 minuten"},"schema":{"@context":"https:\/\/schema.org","@graph":[{"@type":"NewsArticle","@id":"https:\/\/www.forbes.be\/nl\/de-fondation-opale-het-enige-centrum-voor-aboriginalkunst-in-europa\/#article","isPartOf":{"@id":"https:\/\/www.forbes.be\/nl\/de-fondation-opale-het-enige-centrum-voor-aboriginalkunst-in-europa\/"},"author":{"name":"Johan-Fr\u00e9d\u00e9rik Hel Guedj","@id":"https:\/\/www.forbes.be\/nl\/#\/schema\/person\/7c0ac1896654aa71b07d901c0b9fdde7"},"headline":"De Fondation Opale, het enige centrum voor Aboriginalkunst in Europa","datePublished":"2024-08-28T05:00:46+00:00","mainEntityOfPage":{"@id":"https:\/\/www.forbes.be\/nl\/de-fondation-opale-het-enige-centrum-voor-aboriginalkunst-in-europa\/"},"wordCount":1036,"publisher":{"@id":"https:\/\/www.forbes.be\/nl\/#organization"},"image":{"@id":"https:\/\/www.forbes.be\/nl\/de-fondation-opale-het-enige-centrum-voor-aboriginalkunst-in-europa\/#primaryimage"},"thumbnailUrl":"https:\/\/www.forbes.be\/nl\/wp-content\/uploads\/2024\/08\/FondationOpale_Cre\u0301puscule_c_OlivierMaire.jpg","articleSection":["Forbes Vrouwen"],"inLanguage":"nl-BE"},{"@type":"WebPage","@id":"https:\/\/www.forbes.be\/nl\/de-fondation-opale-het-enige-centrum-voor-aboriginalkunst-in-europa\/","url":"https:\/\/www.forbes.be\/nl\/de-fondation-opale-het-enige-centrum-voor-aboriginalkunst-in-europa\/","name":"De Fondation Opale, het enige centrum voor Aboriginalkunst in Europa | Forbes Belgi\u00eb","isPartOf":{"@id":"https:\/\/www.forbes.be\/nl\/#website"},"primaryImageOfPage":{"@id":"https:\/\/www.forbes.be\/nl\/de-fondation-opale-het-enige-centrum-voor-aboriginalkunst-in-europa\/#primaryimage"},"image":{"@id":"https:\/\/www.forbes.be\/nl\/de-fondation-opale-het-enige-centrum-voor-aboriginalkunst-in-europa\/#primaryimage"},"thumbnailUrl":"https:\/\/www.forbes.be\/nl\/wp-content\/uploads\/2024\/08\/FondationOpale_Cre\u0301puscule_c_OlivierMaire.jpg","datePublished":"2024-08-28T05:00:46+00:00","description":"De Zwitserse Fondation Opale, opgericht door B\u00e9reng\u00e8re Primat, is het enige centrum voor Aboriginalkunst in Europa.","breadcrumb":{"@id":"https:\/\/www.forbes.be\/nl\/de-fondation-opale-het-enige-centrum-voor-aboriginalkunst-in-europa\/#breadcrumb"},"inLanguage":"nl-BE","potentialAction":[{"@type":"ReadAction","target":["https:\/\/www.forbes.be\/nl\/de-fondation-opale-het-enige-centrum-voor-aboriginalkunst-in-europa\/"]}]},{"@type":"ImageObject","inLanguage":"nl-BE","@id":"https:\/\/www.forbes.be\/nl\/de-fondation-opale-het-enige-centrum-voor-aboriginalkunst-in-europa\/#primaryimage","url":"https:\/\/www.forbes.be\/nl\/wp-content\/uploads\/2024\/08\/FondationOpale_Cre\u0301puscule_c_OlivierMaire.jpg","contentUrl":"https:\/\/www.forbes.be\/nl\/wp-content\/uploads\/2024\/08\/FondationOpale_Cre\u0301puscule_c_OlivierMaire.jpg","width":942,"height":628,"caption":"\u00a9 Olivier Maire"},{"@type":"BreadcrumbList","@id":"https:\/\/www.forbes.be\/nl\/de-fondation-opale-het-enige-centrum-voor-aboriginalkunst-in-europa\/#breadcrumb","itemListElement":[{"@type":"ListItem","position":1,"name":"Accueil","item":"https:\/\/www.forbes.be\/nl\/"},{"@type":"ListItem","position":2,"name":"De Fondation Opale, het enige centrum voor Aboriginalkunst in Europa"}]},{"@type":"WebSite","@id":"https:\/\/www.forbes.be\/nl\/#website","url":"https:\/\/www.forbes.be\/nl\/","name":"Forbes Belgi\u00eb","description":"","publisher":{"@id":"https:\/\/www.forbes.be\/nl\/#organization"},"potentialAction":[{"@type":"SearchAction","target":{"@type":"EntryPoint","urlTemplate":"https:\/\/www.forbes.be\/nl\/?s={search_term_string}"},"query-input":{"@type":"PropertyValueSpecification","valueRequired":true,"valueName":"search_term_string"}}],"inLanguage":"nl-BE"},{"@type":"Organization","@id":"https:\/\/www.forbes.be\/nl\/#organization","name":"Forbes Belgi\u00eb","url":"https:\/\/www.forbes.be\/nl\/","logo":{"@type":"ImageObject","inLanguage":"nl-BE","@id":"https:\/\/www.forbes.be\/nl\/#\/schema\/logo\/image\/","url":"https:\/\/www.forbes.be\/nl\/wp-content\/uploads\/2024\/02\/forbes.be_.png","contentUrl":"https:\/\/www.forbes.be\/nl\/wp-content\/uploads\/2024\/02\/forbes.be_.png","width":1200,"height":675,"caption":"Forbes Belgi\u00eb"},"image":{"@id":"https:\/\/www.forbes.be\/nl\/#\/schema\/logo\/image\/"},"sameAs":["https:\/\/www.facebook.com\/forbesbelgie","https:\/\/www.instagram.com\/Forbes_Belgium","https:\/\/www.linkedin.com\/company\/forbes-belgium\/"]},{"@type":"Person","@id":"https:\/\/www.forbes.be\/nl\/#\/schema\/person\/7c0ac1896654aa71b07d901c0b9fdde7","name":"Johan-Fr\u00e9d\u00e9rik Hel Guedj","image":{"@type":"ImageObject","inLanguage":"nl-BE","@id":"https:\/\/secure.gravatar.com\/avatar\/65333543693434f2cc9fdefb3173b162df98712d00606b00b3d43914f79a1598?s=96&d=mm&r=g","url":"https:\/\/secure.gravatar.com\/avatar\/65333543693434f2cc9fdefb3173b162df98712d00606b00b3d43914f79a1598?s=96&d=mm&r=g","contentUrl":"https:\/\/secure.gravatar.com\/avatar\/65333543693434f2cc9fdefb3173b162df98712d00606b00b3d43914f79a1598?s=96&d=mm&r=g","caption":"Johan-Fr\u00e9d\u00e9rik Hel Guedj"},"description":"Johan-Frederik Hel Guedj is een Franse journalist en auteur. Hij was zeven jaar hoofdredacteur van het tijdschrift Pouvoirs Locaux, dat gewijd is aan cultuurbeleid. Daarnaast publiceerde hij acht boeken bij Franse en Belgische uitgevers, waaronder twee romans, een essay over Orson Welles en vier kunstboeken. Naast Forbes werkt hij ook mee aan L\u2019Echo en Le Quotidien de l\u2019Art (Parijs).","url":"https:\/\/www.forbes.be\/nl\/author\/johan-frederik-hel-guedj\/"}]}},"_links":{"self":[{"href":"https:\/\/www.forbes.be\/nl\/wp-json\/wp\/v2\/posts\/3319","targetHints":{"allow":["GET"]}}],"collection":[{"href":"https:\/\/www.forbes.be\/nl\/wp-json\/wp\/v2\/posts"}],"about":[{"href":"https:\/\/www.forbes.be\/nl\/wp-json\/wp\/v2\/types\/post"}],"author":[{"embeddable":true,"href":"https:\/\/www.forbes.be\/nl\/wp-json\/wp\/v2\/users\/24"}],"replies":[{"embeddable":true,"href":"https:\/\/www.forbes.be\/nl\/wp-json\/wp\/v2\/comments?post=3319"}],"version-history":[{"count":1,"href":"https:\/\/www.forbes.be\/nl\/wp-json\/wp\/v2\/posts\/3319\/revisions"}],"predecessor-version":[{"id":3322,"href":"https:\/\/www.forbes.be\/nl\/wp-json\/wp\/v2\/posts\/3319\/revisions\/3322"}],"wp:featuredmedia":[{"embeddable":true,"href":"https:\/\/www.forbes.be\/nl\/wp-json\/wp\/v2\/media\/3320"}],"wp:attachment":[{"href":"https:\/\/www.forbes.be\/nl\/wp-json\/wp\/v2\/media?parent=3319"}],"wp:term":[{"taxonomy":"category","embeddable":true,"href":"https:\/\/www.forbes.be\/nl\/wp-json\/wp\/v2\/categories?post=3319"},{"taxonomy":"post_tag","embeddable":true,"href":"https:\/\/www.forbes.be\/nl\/wp-json\/wp\/v2\/tags?post=3319"}],"curies":[{"name":"wp","href":"https:\/\/api.w.org\/{rel}","templated":true}]}}