{"id":3369,"date":"2024-08-19T17:28:13","date_gmt":"2024-08-19T15:28:13","guid":{"rendered":"https:\/\/www.forbes.be\/nl\/?p=3369"},"modified":"2024-08-28T13:26:30","modified_gmt":"2024-08-28T11:26:30","slug":"forbes-belgie-lanceert-zijn-eerste-30-under-30-editie","status":"publish","type":"post","link":"https:\/\/www.forbes.be\/nl\/forbes-belgie-lanceert-zijn-eerste-30-under-30-editie\/","title":{"rendered":"Forbes Belgi\u00eb lanceert zijn eerste 30 Under 30 editie"},"content":{"rendered":"<p><span style=\"font-family: Verdana, BlinkMacSystemFont, -apple-system, 'Segoe UI', Roboto, Oxygen, Ubuntu, Cantarell, 'Open Sans', 'Helvetica Neue', sans-serif;\">Al meer dan tien jaar stelt Forbes de lijst <\/span><strong style=\"font-family: Verdana, BlinkMacSystemFont, -apple-system, 'Segoe UI', Roboto, Oxygen, Ubuntu, Cantarell, 'Open Sans', 'Helvetica Neue', sans-serif;\">30 Under 30<\/strong><span style=\"font-family: Verdana, BlinkMacSystemFont, -apple-system, 'Segoe UI', Roboto, Oxygen, Ubuntu, Cantarell, 'Open Sans', 'Helvetica Neue', sans-serif;\">\u00a0samen. De lijst is uitgegroeid tot een wereldwijd erkend platform voor jonge leiders die een grote impact hebben op de wereld.<\/span><\/p>\n<div>\n<div dir=\"auto\">\n<p>Voor de eerste keer wordt dit initiatief in Belgi\u00eb voorgesteld om de meest veelbelovende jonge ondernemers, wetenschappers, creatievelingen en leiders <strong>onder de 30<\/strong> in de kijker te zetten. Deze mensen blinken niet alleen uit in hun vakgebied, ze dragen ook bij tot de groei en de welvaart van Belgi\u00eb en daarbuiten.<\/p>\n<p style=\"text-align: center;\"><strong style=\"text-align: center; font-family: Verdana, BlinkMacSystemFont, -apple-system, 'Segoe UI', Roboto, Oxygen, Ubuntu, Cantarell, 'Open Sans', 'Helvetica Neue', sans-serif;\"><a class=\"lien-btn\" href=\"https:\/\/engage.beop.io\/658a9c7879e7772f0a1cf451\/66cc9846adacbd7206efeb24?expand\" target=\"_blank\" rel=\"noopener\">Ik stuur mijn kandidatuur<\/a><\/strong><\/p>\n<\/div>\n<div dir=\"auto\">\n<div>\n<p><strong>De categorie\u00ebn van dit jaar omvatten :<\/strong><\/p>\n<ul>\n<li><span style=\"font-weight: 400;\"><strong>FINANCE &amp; INSURANCE<\/strong>: bank-, financi\u00eble en verzekeringsprofessionals.<\/span><\/li>\n<li><span style=\"font-weight: 400;\"><strong>WETENSCHAP<\/strong>: onderzoekers en ondernemers op het gebied van farmaceutica, biotechnologie, gezondheid en chemie.<\/span><\/li>\n<li><span style=\"font-weight: 400;\"><strong>MARKETING &amp; MEDIA<\/strong>: experts in marketing, communicatie, consulting, media en digitale technologie\u00ebn.<\/span><\/li>\n<li><span style=\"font-weight: 400;\"><strong>LUXURY &amp; FASHION<\/strong>: visionairs op het gebied van mode, luxe, distributie en detailhandel.<\/span><\/li>\n<li><span style=\"font-weight: 400;\"><strong>PRODUCTIE &amp; INDUSTRIE<\/strong>: ondernemers en ingenieurs in industrie, bouw, metallurgie, auto-industrie en transport.<\/span><\/li>\n<li><span style=\"font-weight: 400;\"><strong>ENTERTAINMENT &amp; ARTS<\/strong>: artiesten, muzikanten, filmmakers en andere makers van audiovisuele inhoud.<\/span><\/li>\n<\/ul>\n<\/div>\n<div>Op 22 november 2024 organiseert Forbes Belgi\u00eb de <strong>Under 30 Summit<\/strong> in Brussel. Het is meer dan een conferentie: het is een meeslepend event met gerenommeerde sprekers, exclusieve netwerkmogelijkheden, een prijsuitreiking en een feest, onder het peterschap van CEO van Odoo Fabien Pinckaers.<\/div>\n<div><\/div>\n<div>\n<p>De jury bestaat uit eminente figuren uit verschillende sectoren, waaronder toonaangevende investeerders en succesvolle ondernemers. Zij beoordelen de inzendingen aan de hand van strenge criteria zoals financiering, inkomsten, sociale impact en inventiviteit.<\/p>\n<p>De <strong>30 Under 30<\/strong>-lijst biedt aanzienlijke voordelen. Winnaars krijgen toegang tot een exclusief netwerk van voormalige winnaars en invloedrijke leiders van over de hele wereld, wat deuren opent naar nieuwe samenwerkingen, investeringen en groei.<\/p>\n<p>Ben je jonger dan 30 en blink je uit in financi\u00ebn, wetenschap, marketing, mode, industrie of kunst? <strong>Stuur dan je kandidatuur<\/strong> in via ons online formulier, met details over je professionele prestaties en maatschappelijke bijdragen. Mis deze kans niet om erkend te worden als een van de meest veelbelovende talenten van Belgi\u00eb.<\/p>\n<\/div>\n<div>\n<h2><b>Inschrijven<\/b><\/h2>\n<p>Kandidaten moeten op 22 november 2024 29 jaar of jonger zijn en in Belgi\u00eb wonen of er hun bedrijf hebben gevestigd. De deadline voor kandidaatstelling is <strong>15 september 2024<\/strong>. Journalisten van Forbes Belgium beoordelen de online inzendingen en de kandidaten worden beoordeeld door een onafhankelijke jury.<\/p>\n<p style=\"text-align: center;\"><strong style=\"text-align: center; font-family: Verdana, BlinkMacSystemFont, -apple-system, 'Segoe UI', Roboto, Oxygen, Ubuntu, Cantarell, 'Open Sans', 'Helvetica Neue', sans-serif;\"><a class=\"lien-btn\" href=\"https:\/\/engage.beop.io\/658a9c7879e7772f0a1cf451\/66cc9846adacbd7206efeb24?expand\" target=\"_blank\" rel=\"noopener\">Ik stuur mijn kandidatuur<\/a><\/strong><\/p>\n<\/div>\n<\/div>\n<\/div>\n<p><em>In samenwerking met <a href=\"https:\/\/www.liantis.be\/nl\" target=\"_blank\" rel=\"noopener\">Liantis<\/a> en <a href=\"https:\/\/meetdistrict.com\/\" target=\"_blank\" rel=\"noopener\">MeetDistrict<\/a>.<\/em><\/p>\n<style>\n.lien-btn{<br \/>  border: 3px solid;<br \/>  padding: 10px;<br \/>  margin: 5px;<br \/>}<br \/><\/style>\n","protected":false},"excerpt":{"rendered":"<p>Al meer dan tien jaar stelt Forbes de lijst 30 Under 30\u00a0samen. De lijst is uitgegroeid tot een wereldwijd erkend platform voor jonge leiders die een grote impact hebben op de wereld. Voor de eerste keer wordt dit initiatief in Belgi\u00eb voorgesteld om de meest veelbelovende jonge ondernemers, wetenschappers, creatievelingen en leiders onder de 30 [&hellip;]<\/p>\n","protected":false},"author":2,"featured_media":3370,"comment_status":"closed","ping_status":"closed","sticky":false,"template":"","format":"standard","meta":{"_acf_changed":false,"inline_featured_image":false,"footnotes":""},"categories":[57,31],"tags":[],"class_list":{"0":"post-3369","1":"post","2":"type-post","3":"status-publish","4":"format-standard","5":"has-post-thumbnail","7":"category-forbes-30-30","8":"category-ondernemers"},"acf":[],"auteur_traducteur":"","yoast_head":"<!-- This site is optimized with the Yoast SEO plugin v27.4 - https:\/\/yoast.com\/product\/yoast-seo-wordpress\/ -->\n<title>Forbes Belgi\u00eb lanceert zijn eerste 30 Under 30 editie | Forbes Belgi\u00eb<\/title>\n<meta name=\"description\" content=\"Voor zijn eerste editie lanceert Forbes Belgi\u00eb een oproep voor inzendingen om de rijzende sterren van het Belgische ondernemerslandschap te vieren.\" \/>\n<meta name=\"robots\" content=\"index, follow, max-snippet:-1, max-image-preview:large, max-video-preview:-1\" \/>\n<link rel=\"canonical\" href=\"https:\/\/www.forbes.be\/nl\/forbes-belgie-lanceert-zijn-eerste-30-under-30-editie\/\" \/>\n<meta property=\"og:locale\" content=\"nl_BE\" \/>\n<meta property=\"og:type\" content=\"article\" \/>\n<meta property=\"og:title\" content=\"Forbes Belgi\u00eb lanceert zijn eerste 30 Under 30 editie | Forbes Belgi\u00eb\" \/>\n<meta property=\"og:description\" content=\"Voor zijn eerste editie lanceert Forbes Belgi\u00eb een oproep voor inzendingen om de rijzende sterren van het Belgische ondernemerslandschap te vieren.\" \/>\n<meta property=\"og:url\" content=\"https:\/\/www.forbes.be\/nl\/forbes-belgie-lanceert-zijn-eerste-30-under-30-editie\/\" \/>\n<meta property=\"og:site_name\" content=\"Forbes Belgi\u00eb\" \/>\n<meta property=\"article:publisher\" content=\"https:\/\/www.facebook.com\/forbesbelgie\" \/>\n<meta property=\"article:published_time\" content=\"2024-08-19T15:28:13+00:00\" \/>\n<meta property=\"article:modified_time\" content=\"2024-08-28T11:26:30+00:00\" \/>\n<meta property=\"og:image\" content=\"https:\/\/www.forbes.be\/nl\/wp-content\/uploads\/2024\/08\/image-a-la-une-FORBES-.jpg\" \/>\n\t<meta property=\"og:image:width\" content=\"1200\" \/>\n\t<meta property=\"og:image:height\" content=\"628\" \/>\n\t<meta property=\"og:image:type\" content=\"image\/jpeg\" \/>\n<meta name=\"author\" content=\"Forbes Belgi\u00eb\" \/>\n<meta name=\"twitter:card\" content=\"summary_large_image\" \/>\n<meta name=\"twitter:label1\" content=\"Geschreven door\" \/>\n\t<meta name=\"twitter:data1\" content=\"Forbes Belgi\u00eb\" \/>\n\t<meta name=\"twitter:label2\" content=\"Geschatte leestijd\" \/>\n\t<meta name=\"twitter:data2\" content=\"3 minuten\" \/>\n<script type=\"application\/ld+json\" class=\"yoast-schema-graph\">{\"@context\":\"https:\\\/\\\/schema.org\",\"@graph\":[{\"@type\":\"NewsArticle\",\"@id\":\"https:\\\/\\\/www.forbes.be\\\/nl\\\/forbes-belgie-lanceert-zijn-eerste-30-under-30-editie\\\/#article\",\"isPartOf\":{\"@id\":\"https:\\\/\\\/www.forbes.be\\\/nl\\\/forbes-belgie-lanceert-zijn-eerste-30-under-30-editie\\\/\"},\"author\":{\"name\":\"Forbes Belgi\u00eb\",\"@id\":\"https:\\\/\\\/www.forbes.be\\\/nl\\\/#\\\/schema\\\/person\\\/76021faf737c7bde7d120746b85c7881\"},\"headline\":\"Forbes Belgi\u00eb lanceert zijn eerste 30 Under 30 editie\",\"datePublished\":\"2024-08-19T15:28:13+00:00\",\"dateModified\":\"2024-08-28T11:26:30+00:00\",\"mainEntityOfPage\":{\"@id\":\"https:\\\/\\\/www.forbes.be\\\/nl\\\/forbes-belgie-lanceert-zijn-eerste-30-under-30-editie\\\/\"},\"wordCount\":380,\"publisher\":{\"@id\":\"https:\\\/\\\/www.forbes.be\\\/nl\\\/#organization\"},\"image\":{\"@id\":\"https:\\\/\\\/www.forbes.be\\\/nl\\\/forbes-belgie-lanceert-zijn-eerste-30-under-30-editie\\\/#primaryimage\"},\"thumbnailUrl\":\"https:\\\/\\\/www.forbes.be\\\/nl\\\/wp-content\\\/uploads\\\/2024\\\/08\\\/image-a-la-une-FORBES-.jpg\",\"articleSection\":[\"Forbes 30-30\",\"Ondernemers\"],\"inLanguage\":\"nl-BE\"},{\"@type\":\"WebPage\",\"@id\":\"https:\\\/\\\/www.forbes.be\\\/nl\\\/forbes-belgie-lanceert-zijn-eerste-30-under-30-editie\\\/\",\"url\":\"https:\\\/\\\/www.forbes.be\\\/nl\\\/forbes-belgie-lanceert-zijn-eerste-30-under-30-editie\\\/\",\"name\":\"Forbes Belgi\u00eb lanceert zijn eerste 30 Under 30 editie | Forbes Belgi\u00eb\",\"isPartOf\":{\"@id\":\"https:\\\/\\\/www.forbes.be\\\/nl\\\/#website\"},\"primaryImageOfPage\":{\"@id\":\"https:\\\/\\\/www.forbes.be\\\/nl\\\/forbes-belgie-lanceert-zijn-eerste-30-under-30-editie\\\/#primaryimage\"},\"image\":{\"@id\":\"https:\\\/\\\/www.forbes.be\\\/nl\\\/forbes-belgie-lanceert-zijn-eerste-30-under-30-editie\\\/#primaryimage\"},\"thumbnailUrl\":\"https:\\\/\\\/www.forbes.be\\\/nl\\\/wp-content\\\/uploads\\\/2024\\\/08\\\/image-a-la-une-FORBES-.jpg\",\"datePublished\":\"2024-08-19T15:28:13+00:00\",\"dateModified\":\"2024-08-28T11:26:30+00:00\",\"description\":\"Voor zijn eerste editie lanceert Forbes Belgi\u00eb een oproep voor inzendingen om de rijzende sterren van het Belgische ondernemerslandschap te vieren.\",\"breadcrumb\":{\"@id\":\"https:\\\/\\\/www.forbes.be\\\/nl\\\/forbes-belgie-lanceert-zijn-eerste-30-under-30-editie\\\/#breadcrumb\"},\"inLanguage\":\"nl-BE\",\"potentialAction\":[{\"@type\":\"ReadAction\",\"target\":[\"https:\\\/\\\/www.forbes.be\\\/nl\\\/forbes-belgie-lanceert-zijn-eerste-30-under-30-editie\\\/\"]}]},{\"@type\":\"ImageObject\",\"inLanguage\":\"nl-BE\",\"@id\":\"https:\\\/\\\/www.forbes.be\\\/nl\\\/forbes-belgie-lanceert-zijn-eerste-30-under-30-editie\\\/#primaryimage\",\"url\":\"https:\\\/\\\/www.forbes.be\\\/nl\\\/wp-content\\\/uploads\\\/2024\\\/08\\\/image-a-la-une-FORBES-.jpg\",\"contentUrl\":\"https:\\\/\\\/www.forbes.be\\\/nl\\\/wp-content\\\/uploads\\\/2024\\\/08\\\/image-a-la-une-FORBES-.jpg\",\"width\":1200,\"height\":628},{\"@type\":\"BreadcrumbList\",\"@id\":\"https:\\\/\\\/www.forbes.be\\\/nl\\\/forbes-belgie-lanceert-zijn-eerste-30-under-30-editie\\\/#breadcrumb\",\"itemListElement\":[{\"@type\":\"ListItem\",\"position\":1,\"name\":\"Accueil\",\"item\":\"https:\\\/\\\/www.forbes.be\\\/nl\\\/\"},{\"@type\":\"ListItem\",\"position\":2,\"name\":\"Forbes Belgi\u00eb lanceert zijn eerste 30 Under 30 editie\"}]},{\"@type\":\"WebSite\",\"@id\":\"https:\\\/\\\/www.forbes.be\\\/nl\\\/#website\",\"url\":\"https:\\\/\\\/www.forbes.be\\\/nl\\\/\",\"name\":\"Forbes Belgi\u00eb\",\"description\":\"\",\"publisher\":{\"@id\":\"https:\\\/\\\/www.forbes.be\\\/nl\\\/#organization\"},\"potentialAction\":[{\"@type\":\"SearchAction\",\"target\":{\"@type\":\"EntryPoint\",\"urlTemplate\":\"https:\\\/\\\/www.forbes.be\\\/nl\\\/?s={search_term_string}\"},\"query-input\":{\"@type\":\"PropertyValueSpecification\",\"valueRequired\":true,\"valueName\":\"search_term_string\"}}],\"inLanguage\":\"nl-BE\"},{\"@type\":\"Organization\",\"@id\":\"https:\\\/\\\/www.forbes.be\\\/nl\\\/#organization\",\"name\":\"Forbes Belgi\u00eb\",\"url\":\"https:\\\/\\\/www.forbes.be\\\/nl\\\/\",\"logo\":{\"@type\":\"ImageObject\",\"inLanguage\":\"nl-BE\",\"@id\":\"https:\\\/\\\/www.forbes.be\\\/nl\\\/#\\\/schema\\\/logo\\\/image\\\/\",\"url\":\"https:\\\/\\\/www.forbes.be\\\/nl\\\/wp-content\\\/uploads\\\/2024\\\/02\\\/forbes.be_.png\",\"contentUrl\":\"https:\\\/\\\/www.forbes.be\\\/nl\\\/wp-content\\\/uploads\\\/2024\\\/02\\\/forbes.be_.png\",\"width\":1200,\"height\":675,\"caption\":\"Forbes Belgi\u00eb\"},\"image\":{\"@id\":\"https:\\\/\\\/www.forbes.be\\\/nl\\\/#\\\/schema\\\/logo\\\/image\\\/\"},\"sameAs\":[\"https:\\\/\\\/www.facebook.com\\\/forbesbelgie\",\"https:\\\/\\\/www.instagram.com\\\/Forbes_Belgium\",\"https:\\\/\\\/www.linkedin.com\\\/company\\\/forbes-belgium\\\/\"]},{\"@type\":\"Person\",\"@id\":\"https:\\\/\\\/www.forbes.be\\\/nl\\\/#\\\/schema\\\/person\\\/76021faf737c7bde7d120746b85c7881\",\"name\":\"Forbes Belgi\u00eb\",\"image\":{\"@type\":\"ImageObject\",\"inLanguage\":\"nl-BE\",\"@id\":\"https:\\\/\\\/www.forbes.be\\\/nl\\\/wp-content\\\/uploads\\\/2024\\\/01\\\/forbes-thumb-150x150.jpg\",\"url\":\"https:\\\/\\\/www.forbes.be\\\/nl\\\/wp-content\\\/uploads\\\/2024\\\/01\\\/forbes-thumb-150x150.jpg\",\"contentUrl\":\"https:\\\/\\\/www.forbes.be\\\/nl\\\/wp-content\\\/uploads\\\/2024\\\/01\\\/forbes-thumb-150x150.jpg\",\"caption\":\"Forbes Belgi\u00eb\"},\"url\":\"https:\\\/\\\/www.forbes.be\\\/nl\\\/author\\\/forbes-be\\\/\"}]}<\/script>\n<!-- \/ Yoast SEO plugin. -->","yoast_head_json":{"title":"Forbes Belgi\u00eb lanceert zijn eerste 30 Under 30 editie | Forbes Belgi\u00eb","description":"Voor zijn eerste editie lanceert Forbes Belgi\u00eb een oproep voor inzendingen om de rijzende sterren van het Belgische ondernemerslandschap te vieren.","robots":{"index":"index","follow":"follow","max-snippet":"max-snippet:-1","max-image-preview":"max-image-preview:large","max-video-preview":"max-video-preview:-1"},"canonical":"https:\/\/www.forbes.be\/nl\/forbes-belgie-lanceert-zijn-eerste-30-under-30-editie\/","og_locale":"nl_BE","og_type":"article","og_title":"Forbes Belgi\u00eb lanceert zijn eerste 30 Under 30 editie | Forbes Belgi\u00eb","og_description":"Voor zijn eerste editie lanceert Forbes Belgi\u00eb een oproep voor inzendingen om de rijzende sterren van het Belgische ondernemerslandschap te vieren.","og_url":"https:\/\/www.forbes.be\/nl\/forbes-belgie-lanceert-zijn-eerste-30-under-30-editie\/","og_site_name":"Forbes Belgi\u00eb","article_publisher":"https:\/\/www.facebook.com\/forbesbelgie","article_published_time":"2024-08-19T15:28:13+00:00","article_modified_time":"2024-08-28T11:26:30+00:00","og_image":[{"width":1200,"height":628,"url":"https:\/\/www.forbes.be\/nl\/wp-content\/uploads\/2024\/08\/image-a-la-une-FORBES-.jpg","type":"image\/jpeg"}],"author":"Forbes Belgi\u00eb","twitter_card":"summary_large_image","twitter_misc":{"Geschreven door":"Forbes Belgi\u00eb","Geschatte leestijd":"3 minuten"},"schema":{"@context":"https:\/\/schema.org","@graph":[{"@type":"NewsArticle","@id":"https:\/\/www.forbes.be\/nl\/forbes-belgie-lanceert-zijn-eerste-30-under-30-editie\/#article","isPartOf":{"@id":"https:\/\/www.forbes.be\/nl\/forbes-belgie-lanceert-zijn-eerste-30-under-30-editie\/"},"author":{"name":"Forbes Belgi\u00eb","@id":"https:\/\/www.forbes.be\/nl\/#\/schema\/person\/76021faf737c7bde7d120746b85c7881"},"headline":"Forbes Belgi\u00eb lanceert zijn eerste 30 Under 30 editie","datePublished":"2024-08-19T15:28:13+00:00","dateModified":"2024-08-28T11:26:30+00:00","mainEntityOfPage":{"@id":"https:\/\/www.forbes.be\/nl\/forbes-belgie-lanceert-zijn-eerste-30-under-30-editie\/"},"wordCount":380,"publisher":{"@id":"https:\/\/www.forbes.be\/nl\/#organization"},"image":{"@id":"https:\/\/www.forbes.be\/nl\/forbes-belgie-lanceert-zijn-eerste-30-under-30-editie\/#primaryimage"},"thumbnailUrl":"https:\/\/www.forbes.be\/nl\/wp-content\/uploads\/2024\/08\/image-a-la-une-FORBES-.jpg","articleSection":["Forbes 30-30","Ondernemers"],"inLanguage":"nl-BE"},{"@type":"WebPage","@id":"https:\/\/www.forbes.be\/nl\/forbes-belgie-lanceert-zijn-eerste-30-under-30-editie\/","url":"https:\/\/www.forbes.be\/nl\/forbes-belgie-lanceert-zijn-eerste-30-under-30-editie\/","name":"Forbes Belgi\u00eb lanceert zijn eerste 30 Under 30 editie | Forbes Belgi\u00eb","isPartOf":{"@id":"https:\/\/www.forbes.be\/nl\/#website"},"primaryImageOfPage":{"@id":"https:\/\/www.forbes.be\/nl\/forbes-belgie-lanceert-zijn-eerste-30-under-30-editie\/#primaryimage"},"image":{"@id":"https:\/\/www.forbes.be\/nl\/forbes-belgie-lanceert-zijn-eerste-30-under-30-editie\/#primaryimage"},"thumbnailUrl":"https:\/\/www.forbes.be\/nl\/wp-content\/uploads\/2024\/08\/image-a-la-une-FORBES-.jpg","datePublished":"2024-08-19T15:28:13+00:00","dateModified":"2024-08-28T11:26:30+00:00","description":"Voor zijn eerste editie lanceert Forbes Belgi\u00eb een oproep voor inzendingen om de rijzende sterren van het Belgische ondernemerslandschap te vieren.","breadcrumb":{"@id":"https:\/\/www.forbes.be\/nl\/forbes-belgie-lanceert-zijn-eerste-30-under-30-editie\/#breadcrumb"},"inLanguage":"nl-BE","potentialAction":[{"@type":"ReadAction","target":["https:\/\/www.forbes.be\/nl\/forbes-belgie-lanceert-zijn-eerste-30-under-30-editie\/"]}]},{"@type":"ImageObject","inLanguage":"nl-BE","@id":"https:\/\/www.forbes.be\/nl\/forbes-belgie-lanceert-zijn-eerste-30-under-30-editie\/#primaryimage","url":"https:\/\/www.forbes.be\/nl\/wp-content\/uploads\/2024\/08\/image-a-la-une-FORBES-.jpg","contentUrl":"https:\/\/www.forbes.be\/nl\/wp-content\/uploads\/2024\/08\/image-a-la-une-FORBES-.jpg","width":1200,"height":628},{"@type":"BreadcrumbList","@id":"https:\/\/www.forbes.be\/nl\/forbes-belgie-lanceert-zijn-eerste-30-under-30-editie\/#breadcrumb","itemListElement":[{"@type":"ListItem","position":1,"name":"Accueil","item":"https:\/\/www.forbes.be\/nl\/"},{"@type":"ListItem","position":2,"name":"Forbes Belgi\u00eb lanceert zijn eerste 30 Under 30 editie"}]},{"@type":"WebSite","@id":"https:\/\/www.forbes.be\/nl\/#website","url":"https:\/\/www.forbes.be\/nl\/","name":"Forbes Belgi\u00eb","description":"","publisher":{"@id":"https:\/\/www.forbes.be\/nl\/#organization"},"potentialAction":[{"@type":"SearchAction","target":{"@type":"EntryPoint","urlTemplate":"https:\/\/www.forbes.be\/nl\/?s={search_term_string}"},"query-input":{"@type":"PropertyValueSpecification","valueRequired":true,"valueName":"search_term_string"}}],"inLanguage":"nl-BE"},{"@type":"Organization","@id":"https:\/\/www.forbes.be\/nl\/#organization","name":"Forbes Belgi\u00eb","url":"https:\/\/www.forbes.be\/nl\/","logo":{"@type":"ImageObject","inLanguage":"nl-BE","@id":"https:\/\/www.forbes.be\/nl\/#\/schema\/logo\/image\/","url":"https:\/\/www.forbes.be\/nl\/wp-content\/uploads\/2024\/02\/forbes.be_.png","contentUrl":"https:\/\/www.forbes.be\/nl\/wp-content\/uploads\/2024\/02\/forbes.be_.png","width":1200,"height":675,"caption":"Forbes Belgi\u00eb"},"image":{"@id":"https:\/\/www.forbes.be\/nl\/#\/schema\/logo\/image\/"},"sameAs":["https:\/\/www.facebook.com\/forbesbelgie","https:\/\/www.instagram.com\/Forbes_Belgium","https:\/\/www.linkedin.com\/company\/forbes-belgium\/"]},{"@type":"Person","@id":"https:\/\/www.forbes.be\/nl\/#\/schema\/person\/76021faf737c7bde7d120746b85c7881","name":"Forbes Belgi\u00eb","image":{"@type":"ImageObject","inLanguage":"nl-BE","@id":"https:\/\/www.forbes.be\/nl\/wp-content\/uploads\/2024\/01\/forbes-thumb-150x150.jpg","url":"https:\/\/www.forbes.be\/nl\/wp-content\/uploads\/2024\/01\/forbes-thumb-150x150.jpg","contentUrl":"https:\/\/www.forbes.be\/nl\/wp-content\/uploads\/2024\/01\/forbes-thumb-150x150.jpg","caption":"Forbes Belgi\u00eb"},"url":"https:\/\/www.forbes.be\/nl\/author\/forbes-be\/"}]}},"_links":{"self":[{"href":"https:\/\/www.forbes.be\/nl\/wp-json\/wp\/v2\/posts\/3369","targetHints":{"allow":["GET"]}}],"collection":[{"href":"https:\/\/www.forbes.be\/nl\/wp-json\/wp\/v2\/posts"}],"about":[{"href":"https:\/\/www.forbes.be\/nl\/wp-json\/wp\/v2\/types\/post"}],"author":[{"embeddable":true,"href":"https:\/\/www.forbes.be\/nl\/wp-json\/wp\/v2\/users\/2"}],"replies":[{"embeddable":true,"href":"https:\/\/www.forbes.be\/nl\/wp-json\/wp\/v2\/comments?post=3369"}],"version-history":[{"count":18,"href":"https:\/\/www.forbes.be\/nl\/wp-json\/wp\/v2\/posts\/3369\/revisions"}],"predecessor-version":[{"id":4526,"href":"https:\/\/www.forbes.be\/nl\/wp-json\/wp\/v2\/posts\/3369\/revisions\/4526"}],"wp:featuredmedia":[{"embeddable":true,"href":"https:\/\/www.forbes.be\/nl\/wp-json\/wp\/v2\/media\/3370"}],"wp:attachment":[{"href":"https:\/\/www.forbes.be\/nl\/wp-json\/wp\/v2\/media?parent=3369"}],"wp:term":[{"taxonomy":"category","embeddable":true,"href":"https:\/\/www.forbes.be\/nl\/wp-json\/wp\/v2\/categories?post=3369"},{"taxonomy":"post_tag","embeddable":true,"href":"https:\/\/www.forbes.be\/nl\/wp-json\/wp\/v2\/tags?post=3369"}],"curies":[{"name":"wp","href":"https:\/\/api.w.org\/{rel}","templated":true}]}}