{"id":4826,"date":"2024-09-20T07:00:33","date_gmt":"2024-09-20T05:00:33","guid":{"rendered":"https:\/\/www.forbes.be\/nl\/?p=4826"},"modified":"2024-09-18T11:38:10","modified_gmt":"2024-09-18T09:38:10","slug":"diane-von-furstenberg-ik-heb-mijn-leven-zelf-ontworpen","status":"publish","type":"post","link":"https:\/\/www.forbes.be\/nl\/diane-von-furstenberg-ik-heb-mijn-leven-zelf-ontworpen\/","title":{"rendered":"Diane Von Furstenberg : \u201cIk heb mijn  leven zelf ontworpen\u201d"},"content":{"rendered":"<p><strong>De moeder van Diane Von Furstenberg is een Auschwitz-overlever. Diane zelf beschrijft haar leven als een epos dat erop gericht is om alle vrouwen te helpen om de vrouw te worden die ze willen zijn. Haar hoofdkwartier is nu Veneti\u00eb, dat ze ziet als een \u00abvrouwelijke stad\u00bb, een symbool van innovatie en creativiteit.<\/strong><\/p>\n<p class=\"p1\"><span class=\"s1\">Sommige levens beginnen als een roman, nog lang voordat de hoofdpersonen zijn geboren. De moeder van Diane Von Furstenberg is een Auschwitz-overlever. Tot 1945 had het lot haar gespaard: de directrice van het Lyc\u00e9e Dachsbeck had haar verstopt en niet-joods verklaard. \u201c<i>Ik heb nooit geweten waarom ze mijn moeder verstopt heeft<\/i>\u201d, zegt Diane. Het noodlot haalde haar echter in en ze werd gearresteerd en tewerkgesteld in Ravensbr\u00fcck (het grootste concentratiekamp voor vrouwen, nvdr). In juni 1945 werd het kamp bevrijd. \u201c<i>Ze woog nog 29 kilogram, het was een wonder dat ze niet stierf. Ze werd elke tien minuten gevoed, als een vogeltje<\/i>.\u201d Ze trouwde met haar verloofde die was teruggekeerd uit de oorlog en beviel binnen twee jaar van Diane, tegen het advies in van de artsen die vreesden dat een zwangerschap haar leven in gevaar zou brengen. Diane Von Furstenberg werd geboren als een uitdaging aan de dood.<span class=\"Apple-converted-space\">\u00a0<\/span><\/span><\/p>\n<p class=\"p1\"><span class=\"s1\">\u201c<i>Ik werd opgevoed om nooit bang te zijn en voorbij de angst te kijken. Als ik bang was in het donker, stopte mijn moeder me in een kast om mijn angst onder ogen te zien. Vandaag zou ze daarvoor in de gevangenis vliegen, maar het was haar manier om me onafhankelijk en sterk te maken.<\/i>\u201d Die extreme omstandigheden maakten haar resistent vanaf haar geboorte.<span class=\"Apple-converted-space\">\u00a0<\/span><\/span><\/p>\n<blockquote>\n<p class=\"p3\"><span class=\"s2\">\u201c<i>Hoe meer <\/i><\/span><span class=\"s3\"><i>zelfvertrouwen<\/i><\/span><span class=\"s2\"><i> ik kreeg, hoe meer ik dat <\/i><\/span><span class=\"s3\"><i>deelde<\/i><\/span><span class=\"s2\"><i> met andere vrouwen<\/i>\u201d<\/span><\/p>\n<\/blockquote>\n<p class=\"p1\"><span class=\"s2\">\u201c<\/span><span class=\"s1\"><i>Ik begon jurken te ontwerpen en te produceren toen ik 22 was. Toen ik mijn verloofde volgde van Itali\u00eb naar New York zat mijn koffer vol met jersey jurkjes. Ik werkte samen met een fabrikant in Como. Ik vond het moeilijk om mezelf een ontwerpster te noemen. Ik zei alleen maar dat ik jurken maakte<\/i><\/span><span class=\"s2\">\u201d, vertrouwt ze me toe. Tegenwoordig heeft ze haar status volledig geaccepteerd en draagt ze haar feministische boodschap uit aan zoveel mogelijk vrouwen. \u201c<\/span><span class=\"s1\"><i>Ik ben altijd een feministe geweest. Ik wist dat ik een vrouw wilde zijn die de touwtjes in handen had en vrij was. Ik ben die vrouw geworden door die ene jurk. Hoe meer zelfvertrouwen ik kreeg, hoe meer ik dat deelde met andere vrouwen. De jurk was een sleutel voor mij en voor een hele generatie vrouwen<\/i><\/span><span class=\"s2\">\u201d. Het is een jurk die al 50 jaar bekendstaat als een mijlpaal in de modewereld. \u201c<\/span><span class=\"s1\"><i>Ik heb mijn leven zelf ontworpen. Ik heb mijn ups en downs gehad, kanker gekregen, een tocht door de woestijn moeten doorstaan. Maar wat er ook gebeurde, ik ben altijd blijven uitvinden en mezelf blijven heruitvinden<\/i><\/span><span class=\"s2\">.\u201d Ze zegt dat ze nooit een andere vrouw heeft willen zijn dan zichzelf, als een eerbetoon aan de vrouw die oorspronkelijk niet bestemd was voor het leven. Vandaar ook de beweging \u201cIn charge\u201d, de verbintenis die elke vrouw aan zichzelf verschuldigd is. \u201c<\/span><span class=\"s1\"><i>Ik roep vrouwen op om hun kwetsbaarheid te aanvaarden. Dat is een bijzonder grote kracht.<\/i><\/span><span class=\"s2\">\u201d<\/span><\/p>\n<figure id=\"attachment_4828\" aria-describedby=\"caption-attachment-4828\" style=\"width: 688px\" class=\"wp-caption alignnone\"><img loading=\"lazy\" decoding=\"async\" class=\"wp-image-4828 size-full\" src=\"https:\/\/www.forbes.be\/nl\/wp-content\/uploads\/2024\/09\/diane-2.jpg\" alt=\"\" width=\"688\" height=\"1032\" srcset=\"https:\/\/www.forbes.be\/nl\/wp-content\/uploads\/2024\/09\/diane-2.jpg 688w, https:\/\/www.forbes.be\/nl\/wp-content\/uploads\/2024\/09\/diane-2-200x300.jpg 200w, https:\/\/www.forbes.be\/nl\/wp-content\/uploads\/2024\/09\/diane-2-683x1024.jpg 683w, https:\/\/www.forbes.be\/nl\/wp-content\/uploads\/2024\/09\/diane-2-600x900.jpg 600w\" sizes=\"auto, (max-width: 688px) 100vw, 688px\" \/><figcaption id=\"caption-attachment-4828\" class=\"wp-caption-text\">\u00a9 Mireille Roobaert<\/figcaption><\/figure>\n<p class=\"p1\"><span class=\"s1\"><a href=\"https:\/\/www.dvf.com\/?srsltid=AfmBOopKN59KzJ75zLGkYiuMQoJ1_Zewf-d9nON6_LUhqGdJSw1LIXro\">Diane Von Furstenberg<\/a> richt zich nu op de nalatenschap die ze wil achterlaten en heeft zich in Veneti\u00eb gevestigd. \u201c<i>Hier zal ik de winter van mijn leven doorbrengen<\/i>\u201d, besluit ze.<\/span><\/p>\n<p class=\"p1\"><span class=\"s1\">Haar eerste wals in Veneti\u00eb was met Egon (Von Furstenberg) \u201c<i>die toen mijn boyfriend was. Hij nam me mee naar een groot bal en we logeerden bij zijn tante, die in een enorm paleis woonde. Ik was erg onder de indruk. Je kunt je dat voorstellen, een jonge vrouw op een bal in Veneti\u00eb &#8230; Ik ontdekte Maria Callas en Jane Fonda<\/i>\u201d. Diane, intussen Von Furstenberg, bezocht Veneti\u00eb minstens eenmaal per jaar, om verschillende redenen. De laatste tien jaar was Veneti\u00eb altijd het eindpunt van haar jaarlijkse boottocht door de Middellandse Zee. \u201c<i>Ik heb een hele mooie biografie over Veneti\u00eb gelezen, geschreven door een Amerikaanse historicus. Ik stelde me Veneti\u00eb voor als vrouw. Ik had graag het Veneti\u00eb willen zijn dat alles heeft uitgevonden en ik wilde het verhaal van de stad echt in de eerste persoon vertellen. Weggevlucht van het vasteland vanwege de Mongolen en een wonderlijke stad van kleine kanalen geworden. Centrum van handel en scheepvaart. Het was de langst levende republiek van Europa (1400 jaar!)<\/i>\u201d, vertelt ze enthousiast. \u201c<i>Veneti\u00eb vond het banksysteem uit, de drukpers, de diplomatie en de fiets. Alles van waarde, van stoffen tot specerijen, passeerde hier. Veneti\u00eb zou in de toekomst een belangrijke rol kunnen spelen, omdat het in het verleden altijd alles heeft uitgevonden.<\/i>\u201d<\/span><\/p>\n<figure id=\"attachment_4829\" aria-describedby=\"caption-attachment-4829\" style=\"width: 688px\" class=\"wp-caption alignnone\"><img loading=\"lazy\" decoding=\"async\" class=\"wp-image-4829\" src=\"https:\/\/www.forbes.be\/nl\/wp-content\/uploads\/2024\/09\/diane-3-769x1024.jpg\" alt=\"\" width=\"688\" height=\"916\" srcset=\"https:\/\/www.forbes.be\/nl\/wp-content\/uploads\/2024\/09\/diane-3-769x1024.jpg 769w, https:\/\/www.forbes.be\/nl\/wp-content\/uploads\/2024\/09\/diane-3-225x300.jpg 225w, https:\/\/www.forbes.be\/nl\/wp-content\/uploads\/2024\/09\/diane-3-768x1023.jpg 768w, https:\/\/www.forbes.be\/nl\/wp-content\/uploads\/2024\/09\/diane-3-696x927.jpg 696w, https:\/\/www.forbes.be\/nl\/wp-content\/uploads\/2024\/09\/diane-3-1068x1423.jpg 1068w, https:\/\/www.forbes.be\/nl\/wp-content\/uploads\/2024\/09\/diane-3-600x799.jpg 600w, https:\/\/www.forbes.be\/nl\/wp-content\/uploads\/2024\/09\/diane-3.jpg 1078w\" sizes=\"auto, (max-width: 688px) 100vw, 688px\" \/><figcaption id=\"caption-attachment-4829\" class=\"wp-caption-text\">\u00a9 <span class=\"s1\">Diane Von Furstenberg<\/span><\/figcaption><\/figure>\n<p class=\"p1\"><span class=\"s1\">Is innovatie een vrouwelijke eigenschap? \u201c<i>Het vrouwelijke aan Veneti\u00eb is dat ze tegelijkertijd mooi, strijder en zakenvrouw is. Een uniek personage dat is bezongen en geschilderd door de grootste kunstenaars.<\/i>\u201d De eerste stappen zijn gezet: filantrope Diane verbindt intellectuelen, kunstenaars, economen en opinieleiders met verschillende achtergronden om nieuwe wegen in te slaan.<span class=\"Apple-converted-space\">\u00a0<\/span><\/span><\/p>\n<blockquote>\n<p class=\"p4\"><span class=\"s4\">\u201c<i>Het is schrijnend hoe <\/i><\/span><span class=\"s2\"><i>verleidelijk middelmatigheid <\/i><\/span><span class=\"s4\"><i>is <\/i>\u201d<\/span><\/p>\n<\/blockquote>\n<p class=\"p1\"><span class=\"s2\">\u201cHet is schrijnend hoe verleidelijk middelmatigheid is.\u201d Ze gelooft dat het van vitaal belang is om het niveau van het debat te verhogen, intellectuelen samen te brengen en oplossingen aan te dragen om de toekomst te verbeteren. \u201c<i>En het zullen de vrouwen zijn die het heft in handen zullen nemen, ook al wil men ons overal ter wereld op het achterplan duwen, ook in onze westerse samenlevingen. Het zijn altijd de vrouwen die oplossingen vinden. Zelfs de meest onderdanige vrouw ter wereld neemt de leiding als het aankomt op radicale beslissingen en toont dan de grootste moed. Vrouwen zijn een deel van de oplossing<\/i>\u201d, benadrukt ze.<\/span><\/p>\n<p class=\"p1\">Veneti\u00eb inspireert haar inventiviteit als een atavistische definitie van zichzelf, een vorm van emancipatie die ze andere vrouwen hoopt bij te brengen, \u201c<i>zodat elke vrouw de vrouw wordt die ze wil zijn. Ik haat middelmatigheid maar de jongere vrouwen hebben me aangenaam verrast. Ze weten heel goed wat er op het spel staat. Hun energie, ook al wordt die gevoed door een gevoel van rebellie, geeft me hoop op een betere wereld<\/i>.\u201d<\/p>\n<figure id=\"attachment_4830\" aria-describedby=\"caption-attachment-4830\" style=\"width: 688px\" class=\"wp-caption alignnone\"><img loading=\"lazy\" decoding=\"async\" class=\"wp-image-4830\" src=\"https:\/\/www.forbes.be\/nl\/wp-content\/uploads\/2024\/09\/Diane-4.jpg\" alt=\"\" width=\"688\" height=\"917\" srcset=\"https:\/\/www.forbes.be\/nl\/wp-content\/uploads\/2024\/09\/Diane-4.jpg 1200w, https:\/\/www.forbes.be\/nl\/wp-content\/uploads\/2024\/09\/Diane-4-225x300.jpg 225w, https:\/\/www.forbes.be\/nl\/wp-content\/uploads\/2024\/09\/Diane-4-768x1024.jpg 768w, https:\/\/www.forbes.be\/nl\/wp-content\/uploads\/2024\/09\/Diane-4-1152x1536.jpg 1152w, https:\/\/www.forbes.be\/nl\/wp-content\/uploads\/2024\/09\/Diane-4-696x928.jpg 696w, https:\/\/www.forbes.be\/nl\/wp-content\/uploads\/2024\/09\/Diane-4-1068x1424.jpg 1068w, https:\/\/www.forbes.be\/nl\/wp-content\/uploads\/2024\/09\/Diane-4-600x800.jpg 600w\" sizes=\"auto, (max-width: 688px) 100vw, 688px\" \/><figcaption id=\"caption-attachment-4830\" class=\"wp-caption-text\">\u00a9 <span class=\"s1\">Diane Von Furstenberg<\/span><\/figcaption><\/figure>\n<p class=\"p1\">\u201c<i>Mijn engagement overstijgt mezelf. Ik ga nu de winter van mijn leven in en Veneti\u00eb is een prachtige plek voor een laatste act<\/i>.\u201d Diane Von Furstenberg geeft toe dat ze op dit moment in een luisterfase zit. Ze improviseert, beweegt instinctief en volgt de koers die de stad haar aanreikt, langs kanalen, paleizen en monumenten. \u201c<i>Voor mij is Veneti\u00eb de moeder van de logistiek, wat bijzonder goed past in een tijd waarin de logistiek wordt vernieuwd. Een echte moderniteit.<\/i>\u201d<\/p>\n<p class=\"p1\">Haar leven is buitengewoon genoeg om de aandacht te trekken van Sharmeen Obaid, de tweevoudige Oscarwinnares uit Pakistan die de eerste film over de Taliban maakte. \u201c<i>Met dit project willen we ons engageren en een brug cre\u00ebren. Ik ben joods, zij is moslim, we moeten onze gemeenschappen verenigen en bruggen bouwen.<\/i>\u201d Haar eerste idee was om een documentaire te maken over alle vrouwen aan wie ze prijzen had gegeven op de DVF Awards. \u201c<i>Maar uiteindelijk wilden ze (de producers) liever een film over mij maken. Ik begrijp niet wat er te vertellen valt, het is niet erg interessant om altijd maar over mijn leven te praten<\/i>\u201d, zegt ze oprecht verbaasd. \u201c<i>Maar als ik andere vrouwen zichtbaarheid en vertrouwen kan geven door deze documentaire, ben ik gelukkig.<\/i>\u201d De documentaire wordt op 25 juni uitgezonden op Disney+. De pitch is veelzeggend: \u201cHet leven van Diane Von Furstenberg staat symbool voor empowerment, veerkracht, ondernemerschap en stijl. Ze evoceert haar voortrekkersrol in een door mannen gedomineerde industrie om een miljoenenimperium op te bouwen.\u201d<span class=\"Apple-converted-space\">\u00a0<\/span><\/p>\n<p class=\"p5\"><span class=\"s5\">\u201c<i>Ik heb een buitengewoon leven gehad, ik ben ultrabevoorrecht en ik wil een steentje bijdragen<\/i>\u00bb, zegt ze enthousiast. Ze is betrokken bij Vital Voices en haar man Barry Diller werkt aan het verbeteren van openbare ruimtes. Hij vroeg haar om na te denken over een gemeenschappelijk doel voor hen beiden. Ze hebben 10 jaar geleden de Pledge ondertekend, een community die belooft om 50% van hun vermogen te doneren tijdens hun leven of bij hun dood. \u201c<i>De ongelijkheid is verschrikkelijk groot aan het worden. Mijn zoon is daar heel ge\u00ebngageerd over. Hoe is het mogelijk dat sommige exorbitant rijke mensen hun belastingsituatie optimaliseren om helemaal geen belasting te betalen? Dat stuit me tegen de borst. Kindness is a currency and generosity the best investment (Vriendelijkheid is een betaalmiddel en vrijgevigheid de beste investering, nvdr)<\/i>.\u201d Koppel dat aan haar sorry, not sorry-attitude en het klinkt als een complete mantra.<\/span><\/p>\n","protected":false},"excerpt":{"rendered":"<p>De moeder van Diane Von Furstenberg is een Auschwitz-overlever. Diane zelf beschrijft haar leven als een epos dat erop gericht is om alle vrouwen te helpen om de vrouw te worden die ze willen zijn. Haar hoofdkwartier is nu Veneti\u00eb, dat ze ziet als een \u00abvrouwelijke stad\u00bb, een symbool van innovatie en creativiteit. Sommige levens [&hellip;]<\/p>\n","protected":false},"author":22,"featured_media":4827,"comment_status":"closed","ping_status":"closed","sticky":false,"template":"","format":"standard","meta":{"_acf_changed":false,"inline_featured_image":false,"footnotes":""},"categories":[31],"tags":[],"class_list":{"0":"post-4826","1":"post","2":"type-post","3":"status-publish","4":"format-standard","5":"has-post-thumbnail","7":"category-ondernemers"},"acf":[],"auteur_traducteur":"","yoast_head":"<!-- This site is optimized with the Yoast SEO plugin v27.4 - https:\/\/yoast.com\/product\/yoast-seo-wordpress\/ -->\n<title>Diane Von Furstenberg : \u201cIk heb mijn leven zelf ontworpen\u201d | Forbes Belgi\u00eb<\/title>\n<meta name=\"description\" content=\"Diane Von Furstenberg heeft haar leven gewijd aan het inspireren van vrouwen om te worden wie ze willen zijn. Ze vestigt nu haar hoofdkwartier in Veneti\u00eb. Ontdek haar inspirerende verhaal.\" \/>\n<meta name=\"robots\" content=\"index, follow, max-snippet:-1, max-image-preview:large, max-video-preview:-1\" \/>\n<link rel=\"canonical\" href=\"https:\/\/www.forbes.be\/nl\/diane-von-furstenberg-ik-heb-mijn-leven-zelf-ontworpen\/\" \/>\n<meta property=\"og:locale\" content=\"nl_BE\" \/>\n<meta property=\"og:type\" content=\"article\" \/>\n<meta property=\"og:title\" content=\"Diane Von Furstenberg : \u201cIk heb mijn leven zelf ontworpen\u201d | Forbes Belgi\u00eb\" \/>\n<meta property=\"og:description\" content=\"Diane Von Furstenberg heeft haar leven gewijd aan het inspireren van vrouwen om te worden wie ze willen zijn. Ze vestigt nu haar hoofdkwartier in Veneti\u00eb. Ontdek haar inspirerende verhaal.\" \/>\n<meta property=\"og:url\" content=\"https:\/\/www.forbes.be\/nl\/diane-von-furstenberg-ik-heb-mijn-leven-zelf-ontworpen\/\" \/>\n<meta property=\"og:site_name\" content=\"Forbes Belgi\u00eb\" \/>\n<meta property=\"article:publisher\" content=\"https:\/\/www.facebook.com\/forbesbelgie\" \/>\n<meta property=\"article:published_time\" content=\"2024-09-20T05:00:33+00:00\" \/>\n<meta property=\"og:image\" content=\"https:\/\/www.forbes.be\/nl\/wp-content\/uploads\/2024\/09\/Diane-1.jpg\" \/>\n\t<meta property=\"og:image:width\" content=\"1200\" \/>\n\t<meta property=\"og:image:height\" content=\"628\" \/>\n\t<meta property=\"og:image:type\" content=\"image\/jpeg\" \/>\n<meta name=\"author\" content=\"Salma Haouach\" \/>\n<meta name=\"twitter:card\" content=\"summary_large_image\" \/>\n<meta name=\"twitter:label1\" content=\"Geschreven door\" \/>\n\t<meta name=\"twitter:data1\" content=\"Salma Haouach\" \/>\n\t<meta name=\"twitter:label2\" content=\"Geschatte leestijd\" \/>\n\t<meta name=\"twitter:data2\" content=\"8 minuten\" \/>\n<script type=\"application\/ld+json\" class=\"yoast-schema-graph\">{\"@context\":\"https:\\\/\\\/schema.org\",\"@graph\":[{\"@type\":\"NewsArticle\",\"@id\":\"https:\\\/\\\/www.forbes.be\\\/nl\\\/diane-von-furstenberg-ik-heb-mijn-leven-zelf-ontworpen\\\/#article\",\"isPartOf\":{\"@id\":\"https:\\\/\\\/www.forbes.be\\\/nl\\\/diane-von-furstenberg-ik-heb-mijn-leven-zelf-ontworpen\\\/\"},\"author\":{\"name\":\"Salma Haouach\",\"@id\":\"https:\\\/\\\/www.forbes.be\\\/nl\\\/#\\\/schema\\\/person\\\/1d77d79151b18dae198f98f4720e83de\"},\"headline\":\"Diane Von Furstenberg : \u201cIk heb mijn leven zelf ontworpen\u201d\",\"datePublished\":\"2024-09-20T05:00:33+00:00\",\"mainEntityOfPage\":{\"@id\":\"https:\\\/\\\/www.forbes.be\\\/nl\\\/diane-von-furstenberg-ik-heb-mijn-leven-zelf-ontworpen\\\/\"},\"wordCount\":1428,\"publisher\":{\"@id\":\"https:\\\/\\\/www.forbes.be\\\/nl\\\/#organization\"},\"image\":{\"@id\":\"https:\\\/\\\/www.forbes.be\\\/nl\\\/diane-von-furstenberg-ik-heb-mijn-leven-zelf-ontworpen\\\/#primaryimage\"},\"thumbnailUrl\":\"https:\\\/\\\/www.forbes.be\\\/nl\\\/wp-content\\\/uploads\\\/2024\\\/09\\\/Diane-1.jpg\",\"articleSection\":[\"Ondernemers\"],\"inLanguage\":\"nl-BE\"},{\"@type\":\"WebPage\",\"@id\":\"https:\\\/\\\/www.forbes.be\\\/nl\\\/diane-von-furstenberg-ik-heb-mijn-leven-zelf-ontworpen\\\/\",\"url\":\"https:\\\/\\\/www.forbes.be\\\/nl\\\/diane-von-furstenberg-ik-heb-mijn-leven-zelf-ontworpen\\\/\",\"name\":\"Diane Von Furstenberg : \u201cIk heb mijn leven zelf ontworpen\u201d | Forbes Belgi\u00eb\",\"isPartOf\":{\"@id\":\"https:\\\/\\\/www.forbes.be\\\/nl\\\/#website\"},\"primaryImageOfPage\":{\"@id\":\"https:\\\/\\\/www.forbes.be\\\/nl\\\/diane-von-furstenberg-ik-heb-mijn-leven-zelf-ontworpen\\\/#primaryimage\"},\"image\":{\"@id\":\"https:\\\/\\\/www.forbes.be\\\/nl\\\/diane-von-furstenberg-ik-heb-mijn-leven-zelf-ontworpen\\\/#primaryimage\"},\"thumbnailUrl\":\"https:\\\/\\\/www.forbes.be\\\/nl\\\/wp-content\\\/uploads\\\/2024\\\/09\\\/Diane-1.jpg\",\"datePublished\":\"2024-09-20T05:00:33+00:00\",\"description\":\"Diane Von Furstenberg heeft haar leven gewijd aan het inspireren van vrouwen om te worden wie ze willen zijn. Ze vestigt nu haar hoofdkwartier in Veneti\u00eb. Ontdek haar inspirerende verhaal.\",\"breadcrumb\":{\"@id\":\"https:\\\/\\\/www.forbes.be\\\/nl\\\/diane-von-furstenberg-ik-heb-mijn-leven-zelf-ontworpen\\\/#breadcrumb\"},\"inLanguage\":\"nl-BE\",\"potentialAction\":[{\"@type\":\"ReadAction\",\"target\":[\"https:\\\/\\\/www.forbes.be\\\/nl\\\/diane-von-furstenberg-ik-heb-mijn-leven-zelf-ontworpen\\\/\"]}]},{\"@type\":\"ImageObject\",\"inLanguage\":\"nl-BE\",\"@id\":\"https:\\\/\\\/www.forbes.be\\\/nl\\\/diane-von-furstenberg-ik-heb-mijn-leven-zelf-ontworpen\\\/#primaryimage\",\"url\":\"https:\\\/\\\/www.forbes.be\\\/nl\\\/wp-content\\\/uploads\\\/2024\\\/09\\\/Diane-1.jpg\",\"contentUrl\":\"https:\\\/\\\/www.forbes.be\\\/nl\\\/wp-content\\\/uploads\\\/2024\\\/09\\\/Diane-1.jpg\",\"width\":1200,\"height\":628,\"caption\":\"\u00a9 Diane von Furstenberg\"},{\"@type\":\"BreadcrumbList\",\"@id\":\"https:\\\/\\\/www.forbes.be\\\/nl\\\/diane-von-furstenberg-ik-heb-mijn-leven-zelf-ontworpen\\\/#breadcrumb\",\"itemListElement\":[{\"@type\":\"ListItem\",\"position\":1,\"name\":\"Accueil\",\"item\":\"https:\\\/\\\/www.forbes.be\\\/nl\\\/\"},{\"@type\":\"ListItem\",\"position\":2,\"name\":\"Diane Von Furstenberg : \u201cIk heb mijn leven zelf ontworpen\u201d\"}]},{\"@type\":\"WebSite\",\"@id\":\"https:\\\/\\\/www.forbes.be\\\/nl\\\/#website\",\"url\":\"https:\\\/\\\/www.forbes.be\\\/nl\\\/\",\"name\":\"Forbes Belgi\u00eb\",\"description\":\"\",\"publisher\":{\"@id\":\"https:\\\/\\\/www.forbes.be\\\/nl\\\/#organization\"},\"potentialAction\":[{\"@type\":\"SearchAction\",\"target\":{\"@type\":\"EntryPoint\",\"urlTemplate\":\"https:\\\/\\\/www.forbes.be\\\/nl\\\/?s={search_term_string}\"},\"query-input\":{\"@type\":\"PropertyValueSpecification\",\"valueRequired\":true,\"valueName\":\"search_term_string\"}}],\"inLanguage\":\"nl-BE\"},{\"@type\":\"Organization\",\"@id\":\"https:\\\/\\\/www.forbes.be\\\/nl\\\/#organization\",\"name\":\"Forbes Belgi\u00eb\",\"url\":\"https:\\\/\\\/www.forbes.be\\\/nl\\\/\",\"logo\":{\"@type\":\"ImageObject\",\"inLanguage\":\"nl-BE\",\"@id\":\"https:\\\/\\\/www.forbes.be\\\/nl\\\/#\\\/schema\\\/logo\\\/image\\\/\",\"url\":\"https:\\\/\\\/www.forbes.be\\\/nl\\\/wp-content\\\/uploads\\\/2024\\\/02\\\/forbes.be_.png\",\"contentUrl\":\"https:\\\/\\\/www.forbes.be\\\/nl\\\/wp-content\\\/uploads\\\/2024\\\/02\\\/forbes.be_.png\",\"width\":1200,\"height\":675,\"caption\":\"Forbes Belgi\u00eb\"},\"image\":{\"@id\":\"https:\\\/\\\/www.forbes.be\\\/nl\\\/#\\\/schema\\\/logo\\\/image\\\/\"},\"sameAs\":[\"https:\\\/\\\/www.facebook.com\\\/forbesbelgie\",\"https:\\\/\\\/www.instagram.com\\\/Forbes_Belgium\",\"https:\\\/\\\/www.linkedin.com\\\/company\\\/forbes-belgium\\\/\"]},{\"@type\":\"Person\",\"@id\":\"https:\\\/\\\/www.forbes.be\\\/nl\\\/#\\\/schema\\\/person\\\/1d77d79151b18dae198f98f4720e83de\",\"name\":\"Salma Haouach\",\"image\":{\"@type\":\"ImageObject\",\"inLanguage\":\"nl-BE\",\"@id\":\"https:\\\/\\\/secure.gravatar.com\\\/avatar\\\/cacb8a2e8ad57c24e157724c2ef37e57eb65d2b90aca6fc7f3d898a8e8bdfef4?s=96&d=mm&r=g\",\"url\":\"https:\\\/\\\/secure.gravatar.com\\\/avatar\\\/cacb8a2e8ad57c24e157724c2ef37e57eb65d2b90aca6fc7f3d898a8e8bdfef4?s=96&d=mm&r=g\",\"contentUrl\":\"https:\\\/\\\/secure.gravatar.com\\\/avatar\\\/cacb8a2e8ad57c24e157724c2ef37e57eb65d2b90aca6fc7f3d898a8e8bdfef4?s=96&d=mm&r=g\",\"caption\":\"Salma Haouach\"},\"url\":\"https:\\\/\\\/www.forbes.be\\\/nl\\\/author\\\/salma-haouach\\\/\"}]}<\/script>\n<!-- \/ Yoast SEO plugin. -->","yoast_head_json":{"title":"Diane Von Furstenberg : \u201cIk heb mijn leven zelf ontworpen\u201d | Forbes Belgi\u00eb","description":"Diane Von Furstenberg heeft haar leven gewijd aan het inspireren van vrouwen om te worden wie ze willen zijn. Ze vestigt nu haar hoofdkwartier in Veneti\u00eb. Ontdek haar inspirerende verhaal.","robots":{"index":"index","follow":"follow","max-snippet":"max-snippet:-1","max-image-preview":"max-image-preview:large","max-video-preview":"max-video-preview:-1"},"canonical":"https:\/\/www.forbes.be\/nl\/diane-von-furstenberg-ik-heb-mijn-leven-zelf-ontworpen\/","og_locale":"nl_BE","og_type":"article","og_title":"Diane Von Furstenberg : \u201cIk heb mijn leven zelf ontworpen\u201d | Forbes Belgi\u00eb","og_description":"Diane Von Furstenberg heeft haar leven gewijd aan het inspireren van vrouwen om te worden wie ze willen zijn. Ze vestigt nu haar hoofdkwartier in Veneti\u00eb. Ontdek haar inspirerende verhaal.","og_url":"https:\/\/www.forbes.be\/nl\/diane-von-furstenberg-ik-heb-mijn-leven-zelf-ontworpen\/","og_site_name":"Forbes Belgi\u00eb","article_publisher":"https:\/\/www.facebook.com\/forbesbelgie","article_published_time":"2024-09-20T05:00:33+00:00","og_image":[{"width":1200,"height":628,"url":"https:\/\/www.forbes.be\/nl\/wp-content\/uploads\/2024\/09\/Diane-1.jpg","type":"image\/jpeg"}],"author":"Salma Haouach","twitter_card":"summary_large_image","twitter_misc":{"Geschreven door":"Salma Haouach","Geschatte leestijd":"8 minuten"},"schema":{"@context":"https:\/\/schema.org","@graph":[{"@type":"NewsArticle","@id":"https:\/\/www.forbes.be\/nl\/diane-von-furstenberg-ik-heb-mijn-leven-zelf-ontworpen\/#article","isPartOf":{"@id":"https:\/\/www.forbes.be\/nl\/diane-von-furstenberg-ik-heb-mijn-leven-zelf-ontworpen\/"},"author":{"name":"Salma Haouach","@id":"https:\/\/www.forbes.be\/nl\/#\/schema\/person\/1d77d79151b18dae198f98f4720e83de"},"headline":"Diane Von Furstenberg : \u201cIk heb mijn leven zelf ontworpen\u201d","datePublished":"2024-09-20T05:00:33+00:00","mainEntityOfPage":{"@id":"https:\/\/www.forbes.be\/nl\/diane-von-furstenberg-ik-heb-mijn-leven-zelf-ontworpen\/"},"wordCount":1428,"publisher":{"@id":"https:\/\/www.forbes.be\/nl\/#organization"},"image":{"@id":"https:\/\/www.forbes.be\/nl\/diane-von-furstenberg-ik-heb-mijn-leven-zelf-ontworpen\/#primaryimage"},"thumbnailUrl":"https:\/\/www.forbes.be\/nl\/wp-content\/uploads\/2024\/09\/Diane-1.jpg","articleSection":["Ondernemers"],"inLanguage":"nl-BE"},{"@type":"WebPage","@id":"https:\/\/www.forbes.be\/nl\/diane-von-furstenberg-ik-heb-mijn-leven-zelf-ontworpen\/","url":"https:\/\/www.forbes.be\/nl\/diane-von-furstenberg-ik-heb-mijn-leven-zelf-ontworpen\/","name":"Diane Von Furstenberg : \u201cIk heb mijn leven zelf ontworpen\u201d | Forbes Belgi\u00eb","isPartOf":{"@id":"https:\/\/www.forbes.be\/nl\/#website"},"primaryImageOfPage":{"@id":"https:\/\/www.forbes.be\/nl\/diane-von-furstenberg-ik-heb-mijn-leven-zelf-ontworpen\/#primaryimage"},"image":{"@id":"https:\/\/www.forbes.be\/nl\/diane-von-furstenberg-ik-heb-mijn-leven-zelf-ontworpen\/#primaryimage"},"thumbnailUrl":"https:\/\/www.forbes.be\/nl\/wp-content\/uploads\/2024\/09\/Diane-1.jpg","datePublished":"2024-09-20T05:00:33+00:00","description":"Diane Von Furstenberg heeft haar leven gewijd aan het inspireren van vrouwen om te worden wie ze willen zijn. Ze vestigt nu haar hoofdkwartier in Veneti\u00eb. Ontdek haar inspirerende verhaal.","breadcrumb":{"@id":"https:\/\/www.forbes.be\/nl\/diane-von-furstenberg-ik-heb-mijn-leven-zelf-ontworpen\/#breadcrumb"},"inLanguage":"nl-BE","potentialAction":[{"@type":"ReadAction","target":["https:\/\/www.forbes.be\/nl\/diane-von-furstenberg-ik-heb-mijn-leven-zelf-ontworpen\/"]}]},{"@type":"ImageObject","inLanguage":"nl-BE","@id":"https:\/\/www.forbes.be\/nl\/diane-von-furstenberg-ik-heb-mijn-leven-zelf-ontworpen\/#primaryimage","url":"https:\/\/www.forbes.be\/nl\/wp-content\/uploads\/2024\/09\/Diane-1.jpg","contentUrl":"https:\/\/www.forbes.be\/nl\/wp-content\/uploads\/2024\/09\/Diane-1.jpg","width":1200,"height":628,"caption":"\u00a9 Diane von Furstenberg"},{"@type":"BreadcrumbList","@id":"https:\/\/www.forbes.be\/nl\/diane-von-furstenberg-ik-heb-mijn-leven-zelf-ontworpen\/#breadcrumb","itemListElement":[{"@type":"ListItem","position":1,"name":"Accueil","item":"https:\/\/www.forbes.be\/nl\/"},{"@type":"ListItem","position":2,"name":"Diane Von Furstenberg : \u201cIk heb mijn leven zelf ontworpen\u201d"}]},{"@type":"WebSite","@id":"https:\/\/www.forbes.be\/nl\/#website","url":"https:\/\/www.forbes.be\/nl\/","name":"Forbes Belgi\u00eb","description":"","publisher":{"@id":"https:\/\/www.forbes.be\/nl\/#organization"},"potentialAction":[{"@type":"SearchAction","target":{"@type":"EntryPoint","urlTemplate":"https:\/\/www.forbes.be\/nl\/?s={search_term_string}"},"query-input":{"@type":"PropertyValueSpecification","valueRequired":true,"valueName":"search_term_string"}}],"inLanguage":"nl-BE"},{"@type":"Organization","@id":"https:\/\/www.forbes.be\/nl\/#organization","name":"Forbes Belgi\u00eb","url":"https:\/\/www.forbes.be\/nl\/","logo":{"@type":"ImageObject","inLanguage":"nl-BE","@id":"https:\/\/www.forbes.be\/nl\/#\/schema\/logo\/image\/","url":"https:\/\/www.forbes.be\/nl\/wp-content\/uploads\/2024\/02\/forbes.be_.png","contentUrl":"https:\/\/www.forbes.be\/nl\/wp-content\/uploads\/2024\/02\/forbes.be_.png","width":1200,"height":675,"caption":"Forbes Belgi\u00eb"},"image":{"@id":"https:\/\/www.forbes.be\/nl\/#\/schema\/logo\/image\/"},"sameAs":["https:\/\/www.facebook.com\/forbesbelgie","https:\/\/www.instagram.com\/Forbes_Belgium","https:\/\/www.linkedin.com\/company\/forbes-belgium\/"]},{"@type":"Person","@id":"https:\/\/www.forbes.be\/nl\/#\/schema\/person\/1d77d79151b18dae198f98f4720e83de","name":"Salma Haouach","image":{"@type":"ImageObject","inLanguage":"nl-BE","@id":"https:\/\/secure.gravatar.com\/avatar\/cacb8a2e8ad57c24e157724c2ef37e57eb65d2b90aca6fc7f3d898a8e8bdfef4?s=96&d=mm&r=g","url":"https:\/\/secure.gravatar.com\/avatar\/cacb8a2e8ad57c24e157724c2ef37e57eb65d2b90aca6fc7f3d898a8e8bdfef4?s=96&d=mm&r=g","contentUrl":"https:\/\/secure.gravatar.com\/avatar\/cacb8a2e8ad57c24e157724c2ef37e57eb65d2b90aca6fc7f3d898a8e8bdfef4?s=96&d=mm&r=g","caption":"Salma Haouach"},"url":"https:\/\/www.forbes.be\/nl\/author\/salma-haouach\/"}]}},"_links":{"self":[{"href":"https:\/\/www.forbes.be\/nl\/wp-json\/wp\/v2\/posts\/4826","targetHints":{"allow":["GET"]}}],"collection":[{"href":"https:\/\/www.forbes.be\/nl\/wp-json\/wp\/v2\/posts"}],"about":[{"href":"https:\/\/www.forbes.be\/nl\/wp-json\/wp\/v2\/types\/post"}],"author":[{"embeddable":true,"href":"https:\/\/www.forbes.be\/nl\/wp-json\/wp\/v2\/users\/22"}],"replies":[{"embeddable":true,"href":"https:\/\/www.forbes.be\/nl\/wp-json\/wp\/v2\/comments?post=4826"}],"version-history":[{"count":8,"href":"https:\/\/www.forbes.be\/nl\/wp-json\/wp\/v2\/posts\/4826\/revisions"}],"predecessor-version":[{"id":4853,"href":"https:\/\/www.forbes.be\/nl\/wp-json\/wp\/v2\/posts\/4826\/revisions\/4853"}],"wp:featuredmedia":[{"embeddable":true,"href":"https:\/\/www.forbes.be\/nl\/wp-json\/wp\/v2\/media\/4827"}],"wp:attachment":[{"href":"https:\/\/www.forbes.be\/nl\/wp-json\/wp\/v2\/media?parent=4826"}],"wp:term":[{"taxonomy":"category","embeddable":true,"href":"https:\/\/www.forbes.be\/nl\/wp-json\/wp\/v2\/categories?post=4826"},{"taxonomy":"post_tag","embeddable":true,"href":"https:\/\/www.forbes.be\/nl\/wp-json\/wp\/v2\/tags?post=4826"}],"curies":[{"name":"wp","href":"https:\/\/api.w.org\/{rel}","templated":true}]}}