{"id":5379,"date":"2024-10-14T07:00:05","date_gmt":"2024-10-14T05:00:05","guid":{"rendered":"https:\/\/www.forbes.be\/nl\/?p=5379"},"modified":"2024-10-16T14:36:10","modified_gmt":"2024-10-16T12:36:10","slug":"conny-vandendriessche-plaveit-de-weg-voor-onderneemsters","status":"publish","type":"post","link":"https:\/\/www.forbes.be\/nl\/conny-vandendriessche-plaveit-de-weg-voor-onderneemsters\/","title":{"rendered":"Conny Vandendriessche plaveit de weg voor onderneemsters"},"content":{"rendered":"<p class=\"p1\"><strong><span class=\"s1\">Conny Vandendriessche<\/span><span class=\"s2\"> is een onderneemster pur sang. Ze bouwde Accent Jobs uit tot een van de grootste Europese hr-dienstverleners, <\/span><a href=\"https:\/\/houseofhr.com\/\" target=\"_blank\" rel=\"noopener\"><span class=\"s1\">House of HR<\/span><\/a><span class=\"s2\">. Met haar passie, doorzettingsvermogen en een gezonde portie na\u00efviteit plaveit ze nu de weg voor vrouwelijke ondernemers, onder meer via <a href=\"https:\/\/www.wearejane.be\/nl\" target=\"_blank\" rel=\"noopener\">We are Jane<\/a> en <a href=\"https:\/\/www.stellap.be\/\" target=\"_blank\" rel=\"noopener\">Stella P<\/a>. De rode draad in haar leven is <\/span><span class=\"s1\">gendergelijkheid<\/span><span class=\"s2\">. \u201cWe hebben al een lange weg afgelegd, maar we zijn er nog niet.\u201d<\/span><\/strong><\/p>\n<p class=\"p1\"><i>\u201cSoms vind ik het spijtig dat ik niet twintig jaar jonger ben\u201d<\/i>, verzucht Conny Vandendriessche bijna op het einde van ons gesprek. \u201cDe wereld is zo snel aan het veranderen. De evolutie van artifici\u00eble intelligentie bijvoorbeeld vind ik boeiend. Soms moeten ze me het drie keer uitleggen voor ik het begrijp, maar tegelijk zie ik veel mogelijkheden. Het is dubbel. Met House of HR zijn we sterk bezig met artifici\u00eble intelligentie, maar het houdt me \u2019s nachts ook wakker. AI zal een grote impact hebben op banen en dan vooral die van de <i>white collars<\/i>. Dat is de eerste keer. De industri\u00eble revolutie had vooral gevolgen voor de banen van <i>blue collars.<\/i>\u201d<\/p>\n<p class=\"p1\">Er was amper sprake van internet toen Conny Vandendriessche bijna 35 jaar geleden haar loopbaan startte. Ze groeide op in West-Vlaanderen waar haar ouders een plantenkwekerij hadden. Haar vader keek voor de opvolging alleen naar haar twee broers. Toen hij zei dat ze beter een rijke man aan de haak kon slaan in plaats van te ondernemen, sloeg ze zijn goedbedoelde advies in de wind. Ze wilde zichzelf bewijzen. <i>\u201cIk heb altijd al een rebels kantje gehad\u201d<\/i>, vertelt ze.<\/p>\n<p class=\"p1\">In 1990 doet Conny Vandendriessche haar eerste werkervaring op in de uitzendsector. Vijf jaar later richt ze samen met Philip Cracco en een business angel Accent Jobs op. <i>\u201cWe wisten veel over uitzendarbeid, maar hadden nog nooit een bedrijf geleid. Tot tien medewerkers is dat nog behapbaar, maar daarna is het belangrijk om over de muur te kijken. Je moet niet opnieuw het warm water uitvinden.\u201d<\/i> Om te weten hoe andere bedrijven dit aanpakken, volgt ze een opleiding aan Vlerick Business School en praat ze met rolmodellen. <i>\u201cEn gelukkig hadden we een wijze raad van bestuur die ons hierbij hielp.\u201d<\/i><\/p>\n<figure id=\"attachment_5381\" aria-describedby=\"caption-attachment-5381\" style=\"width: 682px\" class=\"wp-caption alignnone\"><img loading=\"lazy\" decoding=\"async\" class=\"size-large wp-image-5381\" src=\"https:\/\/www.forbes.be\/nl\/wp-content\/uploads\/2024\/10\/Forbes_Conny5-scaled-1-682x1024.jpg\" alt=\"Conny Vandendriessche\" width=\"682\" height=\"1024\" srcset=\"https:\/\/www.forbes.be\/nl\/wp-content\/uploads\/2024\/10\/Forbes_Conny5-scaled-1-682x1024.jpg 682w, https:\/\/www.forbes.be\/nl\/wp-content\/uploads\/2024\/10\/Forbes_Conny5-scaled-1-200x300.jpg 200w, https:\/\/www.forbes.be\/nl\/wp-content\/uploads\/2024\/10\/Forbes_Conny5-scaled-1-768x1152.jpg 768w, https:\/\/www.forbes.be\/nl\/wp-content\/uploads\/2024\/10\/Forbes_Conny5-scaled-1-1024x1536.jpg 1024w, https:\/\/www.forbes.be\/nl\/wp-content\/uploads\/2024\/10\/Forbes_Conny5-scaled-1-1365x2048.jpg 1365w, https:\/\/www.forbes.be\/nl\/wp-content\/uploads\/2024\/10\/Forbes_Conny5-scaled-1-696x1044.jpg 696w, https:\/\/www.forbes.be\/nl\/wp-content\/uploads\/2024\/10\/Forbes_Conny5-scaled-1-1068x1603.jpg 1068w, https:\/\/www.forbes.be\/nl\/wp-content\/uploads\/2024\/10\/Forbes_Conny5-scaled-1-600x900.jpg 600w, https:\/\/www.forbes.be\/nl\/wp-content\/uploads\/2024\/10\/Forbes_Conny5-scaled-1.jpg 1706w\" sizes=\"auto, (max-width: 682px) 100vw, 682px\" \/><figcaption id=\"caption-attachment-5381\" class=\"wp-caption-text\">Conny Vandendriessche &#8211; \u00a9 House of HR<\/figcaption><\/figure>\n<h2 class=\"p3\">Innerlijke stem<\/h2>\n<p class=\"p1\">De eerste ondernemersjaren waren voor Conny Vandendriessche een echte achtbaan. Iedere zes maanden had ze een andere rol in het bedrijf. <i>\u201cDe veranderingen volgden elkaar snel op. Ik moest me telkens weer inwerken. Soms was ik verplicht om bepaalde zaken in een snel tempo te leren, voor andere zaken had ik meer tijd. Ik heb veel geleerd van mijn medeoprichter Philip Cracco, die in de beginjaren meer durf vertoonde dan ik. Geleidelijk kwam de shift en werd de leerling de leraar.\u201d<\/i><\/p>\n<p class=\"p1\"><span class=\"s2\">Conny Vandendriessche bouwde Accent Jobs uit tot House of HR, een van de grootste hr-dienstenbedrijven in Europa. Vandaag telt de uitzendgroep meer dan 800 kantoren en een omzet van 3,4 miljard euro. <i>\u201cGroei zit in mijn genen. Ik<\/i> <i>zat in een business waar je het model snel kunt kopi\u00ebren en uitdragen: steeds meer kantoren via de olievlekstructuur. Software voor \u00e9\u00e9n kantoor, kun je ook gebruiken voor honderd kantoren. Dat businessmodel was mij op het lijf geschreven.\u201d<\/i> Om naar een groot bedrijf te evolueren, is flexibiliteit nodig. <i>\u201cJe moet een sterk vermogen hebben om je aan te passen. En over een gezonde portie na\u00efviteit beschikken. Ik heb leren loslaten en soms loop je met je hoofd tegen de muur.\u201d<\/i><\/span><\/p>\n<p class=\"p1\"><span class=\"s1\">Zelfkennis heeft haar gebracht tot waar ze vandaag staat. Ze weet wat ze wil en wat ze kan. <\/span><span class=\"s2\"><i>\u201cIn de ondernemerswereld is het belangrijk je te omringen met mensen die beter zijn in wat je zelf niet kan.\u201d<\/i><\/span><span class=\"s1\"> Haar sterke innerlijke stem vindt ze zowel een vloek als een zegen. <\/span><span class=\"s2\"><i>\u201cDie stem is een typisch vrouwelijke eigenschap. Die denkt vaak: \u2018Ben ik wel goed genoeg? Kan ik dat wel? Zou ik nog een cursus moeten volgen?\u2019 In sommige situaties is die zelfreflectie goed, maar het kan ook negatief zijn. Ik heb daarmee leren omgaan.\u201d<\/i><\/span><\/p>\n<h2 class=\"p3\">Hypes<\/h2>\n<p class=\"p1\"><span class=\"s1\">House of HR draagt als werkgever entrepreneurship hoog in het vaandel en stimuleert ook medewerkers om ondernemend te zijn. Van de ruim zesduizend medewerkers is een op de tien aandeelhouder. <\/span><span class=\"s2\"><i>\u201cOngeveer 660 werknemers hebben aandelen in het bedrijf. Op die manier behouden we die ondernemende mentaliteit.\u201d <\/i><\/span><\/p>\n<blockquote>\n<p class=\"p4\"><span class=\"s1\">\u201c<i>Als ze mij zeggen dat ik <\/i><\/span><span class=\"s3\"><i>rechts<\/i><\/span><span class=\"s1\"><i> moet lopen, zal ik naar links gaan\u201d<\/i><\/span><\/p>\n<\/blockquote>\n<p class=\"p1\">In de loop der jaren deed House of HR vijftig acquisities. De namen van de overgenomen bedrijven werden behouden, alsook een stukje DNA. <i>\u201cMensen kiezen voor een bepaalde identiteit en we willen die niet veranderen. Maar we hebben wel altijd met die bedrijven onze successen gedeeld en gekeken hoe we kunnen samenwerken \u2013 op het vlak van finance, compliance en cybersecurity \u2013 om nog succesvoller te zijn. We schetsen het grotere kader, maar doen niet aan micromanagement. We motiveren de medewerkers, doen aan storytelling zodat ze gealigneerd zijn, maar houden hun handje niet vast. Dat werkt niet. Als ze mij zeggen dat ik rechts moet lopen, zal ik naar links gaan. Rebels zijn, dat mag h\u00e9?\u201d<\/i><\/p>\n<p class=\"p1\">Medewerkers inspireren en motiveren behoorden tot haar dagelijkse taken. <i>\u201cWe hebben veel aandacht voor het welzijn van ons team en hun dromen. We begeleiden hen en communiceren daar veel over. Wellbeing en empowerment zijn begrippen die vandaag een hype zijn, maar wij hadden daar al vanaf dag \u00e9\u00e9n oog voor. Logisch ook, want onze medewerkers waren het enige wat we hadden.\u201d <\/i><\/p>\n<h2 class=\"p3\">Ons kent ons<\/h2>\n<p class=\"p1\">In 2016 geeft ze haar operationele taken door aan een externe ceo, Rika Coppens, en neemt een actieve rol op in de raad van bestuur. Dat betekent niet dat ze van plan is om op haar lauweren te rusten. Ze komt steeds meer op voor vrouwelijke ondernemers en leidinggevenden. <i>\u201cIk heb geen universitaire studies gedaan, ik volgde wel verpleegkunde en toerisme. Hoewel ik vond dat ik niet de juiste bagage had, waren er toch mensen die in me geloofden en me kansen gaven. Ik was eenendertig toen ik Accent Jobs oprichtte. Vrouwen die diezelfde weg afleggen, wil ik dezelfde ondersteuning geven. Dat is mijn levensmissie.\u201d<\/i><\/p>\n<p class=\"p1\">Ze plaveit de weg voor vrouwelijke ondernemers, onder andere met twee initiatieven. Een eerste is Stella P., gespecialiseerd in het samenstellen van raden van bestuur en advies met een focus op diversiteit door meer vrouwen als extern bestuurder of adviseur te plaatsen. Vandendriessche zag immers dat de raden van bestuur te mannelijk waren, weinig divers en veel financi\u00eble profielen telden. <i>\u201cEr zaten ook te weinig jonge mensen in en er heerste te veel een \u2018ons kent ons\u2019-mentaliteit. Ik kom zelf uit de werving- en rekruteringswereld en had als doelstelling 50% vrouwen en 50% mannen in de raad van bestuur.\u201d <\/i><\/p>\n<p class=\"p1\">Met Stella P. vult ze die kloof op. In het eerste jaar plaatste ze vijftien mandaten. Vrij vlug marcheerde dit goed en zaten ze aan honderd mandaten. <i>\u201cWanneer we drie profielen voorstelden voor \u00e9\u00e9n mandaat, maakten we altijd dat er een vrouw bij zat. Zij werd dikwijls gekozen. Bedrijfsleiders of aandeelhouders belden me achteraf vaak om te zeggen dat ze tevreden waren, dat het een toffe vrouw was met veel competenties. Dat maakte me altijd gelukkig. Nu zitten we aan 45% vrouwen, een resultaat dat me tevreden stelt. En dat is ook het geval in kmo\u2019s, wat opvallend is. Zij hoeven de 30% vrouwen zoals in beursgenoteerde bedrijven niet te respecteren.\u201d <\/i><\/p>\n<h2 class=\"p3\">Moeilijk gaat ook<\/h2>\n<p class=\"p1\"><span class=\"s2\">Met haar tweede initiatief, We are Jane, maakte ze het zichzelf niet makkelijk. Het investeringsfonds richt zich naar groeibedrijven waar vrouwen eigenaar of medeoprichter zijn of waar een divers management is. Voor een eerste fonds werd 54 miljoen euro opgehaald bij institutionele en individuele investeerders, onder wie 80 \u2018Janes\u2019 en 11 \u2018Johns\u2019. <\/span><\/p>\n<p class=\"p1\"><i>\u201cWe richten ons bewust niet naar start-ups omdat daarvoor al veel mogelijkheden zijn. We are Jane gaat eerder voor de runners-up: mensen die al een tijdje bezig zijn en die de entrepreneurial fase ontgroeid zijn.\u201d<\/i> Vandaag investeert We are Jane in een vijftal bedrijven. Met een zesde wordt binnenkort de deal gesloten. <i>\u201cWe are Jane is net voor covid, in 2019, gestart\u201d<\/i>, vertelt ze. <i>\u201cHierdoor hadden we twee jaar vertraging. Het is niet de makkelijkste niche die we gekozen hebben, maar moeilijk gaat ook. Dat is waarschijnlijk mijn middle name\u201d, lacht ze. \u201cCeo worden van een bedrijf moet je leren. Je moet ondersteuning krijgen en in gesprek gaan met anderen. Mijn ervaringen doorgeven aan andere vrouwen, geeft me veel voldoening. De vrouwen zijn ook dankbaar.\u201d<\/i><\/p>\n<h2 class=\"p3\">Vrouwvriendelijke sector<\/h2>\n<p class=\"p1\">Conny Vandendriessche blikt tevreden terug, maar waar staan vrouwen vandaag? Zijn ze beter af dan dertig jaar geleden toen Vandendriessche zelf aan het begin van haar loopbaan stond? <i>\u201cEr is al een hele weg afgelegd. De verandering is gestart in de politiek, gevolgd door de raden van bestuur in beursgenoteerde bedrijven en kmo\u2019s. Zijn we er al? Neen, maar er is toch een shift gebeurd. Bedrijven halen steeds meer jong talent binnen of mensen met een etnische achtergrond.\u201d<\/i><\/p>\n<blockquote>\n<p class=\"p4\"><span class=\"s1\">\u201c<i>Bedrijven kunnen wel <\/i><\/span><span class=\"s3\"><i>divers<\/i><\/span><span class=\"s1\"><i> zijn, maar voelen de <\/i><\/span><span class=\"s3\"><i>medewerkers<\/i><\/span><span class=\"s1\"><i> zich werkelijk <\/i><\/span><span class=\"s3\"><i>thuis<\/i><\/span><span class=\"s1\"><i> in de werkomgeving?<\/i>\u201d<\/span><\/p>\n<\/blockquote>\n<p class=\"p1\"><span class=\"s4\">Ze stipt het verschil aan tussen diversiteit en inclusie. <i>\u201cBedrijven kunnen wel divers zijn, maar voelen de medewerkers zich werkelijk thuis in de werkomgeving? Dat is een andere vraag. Nederland bijvoorbeeld heeft diversiteitsdagen, waarbij medewerkers op een andere dag vrijaf mogen nemen omwille van hun geloof. Ik denk dat we in Belgi\u00eb soms nog heel \u2018wit\u2019 reageren. Sommige landen hebben ook cyclusdagen voor vrouwen. Daar zijn we hier nog niet aan toe. Human resources wordt nog vaak gezien als one size fits all. Als we meer inclusie willen, moet de aanpak meer one to one zijn.\u201d<\/i><\/span><\/p>\n<figure id=\"attachment_5382\" aria-describedby=\"caption-attachment-5382\" style=\"width: 683px\" class=\"wp-caption alignnone\"><img loading=\"lazy\" decoding=\"async\" class=\"wp-image-5382 size-large\" src=\"https:\/\/www.forbes.be\/nl\/wp-content\/uploads\/2024\/10\/Forbes_Conny12-scaled-1-683x1024.jpg\" alt=\"Conny Vandendriessche\" width=\"683\" height=\"1024\" srcset=\"https:\/\/www.forbes.be\/nl\/wp-content\/uploads\/2024\/10\/Forbes_Conny12-scaled-1-683x1024.jpg 683w, https:\/\/www.forbes.be\/nl\/wp-content\/uploads\/2024\/10\/Forbes_Conny12-scaled-1-200x300.jpg 200w, https:\/\/www.forbes.be\/nl\/wp-content\/uploads\/2024\/10\/Forbes_Conny12-scaled-1-768x1151.jpg 768w, https:\/\/www.forbes.be\/nl\/wp-content\/uploads\/2024\/10\/Forbes_Conny12-scaled-1-1025x1536.jpg 1025w, https:\/\/www.forbes.be\/nl\/wp-content\/uploads\/2024\/10\/Forbes_Conny12-scaled-1-1366x2048.jpg 1366w, https:\/\/www.forbes.be\/nl\/wp-content\/uploads\/2024\/10\/Forbes_Conny12-scaled-1-696x1043.jpg 696w, https:\/\/www.forbes.be\/nl\/wp-content\/uploads\/2024\/10\/Forbes_Conny12-scaled-1-1068x1601.jpg 1068w, https:\/\/www.forbes.be\/nl\/wp-content\/uploads\/2024\/10\/Forbes_Conny12-scaled-1-600x899.jpg 600w, https:\/\/www.forbes.be\/nl\/wp-content\/uploads\/2024\/10\/Forbes_Conny12-scaled-1.jpg 1708w\" sizes=\"auto, (max-width: 683px) 100vw, 683px\" \/><figcaption id=\"caption-attachment-5382\" class=\"wp-caption-text\">Conny Vandendriessche &#8211; \u00a9 House of HR<\/figcaption><\/figure>\n<h2 class=\"p3\"><span class=\"s4\">Drempels<\/span><\/h2>\n<p class=\"p1\"><span class=\"s4\">Gendergelijkheid loopt als een rode draad door het leven van Conny Vandendriessche, maar ze is niet blind voor de drempels. De \u2018mannelijke\u2019 geschiedenis is er een van. <i>\u201cEr bestaan nog altijd heel wat clich\u00e9s. Denk maar aan de mannen die altijd op jacht gingen en vrouwen altijd op de tweede plaats kwamen. Het zal nog honderd jaar duren voor we bepaalde clich\u00e9s kunnen wegwerken. Ik vraag vrouwen dikwijls om zelf plaats te nemen in de driver\u2019s seat. Als je ambitie hebt, moet ik dat horen en voelen.\u201d<\/i><\/span><\/p>\n<blockquote>\n<p class=\"p4\"><span class=\"s5\">\u201c<i>Als ik hen een <\/i><\/span><span class=\"s6\"><i>mandaat<\/i><\/span><span class=\"s5\"><i> voorstel, zeggen ze vaak: \u2018Maar Conny, ik kan dat niet. Moet ik daar <\/i><\/span><span class=\"s6\"><i>geen cursus<\/i><\/span><span class=\"s5\"><i> voor volgen?<\/i>\u201d<\/span><\/p>\n<\/blockquote>\n<p class=\"p1\"><span class=\"s4\">Vrouwen zijn ook vaak hun eigen obstakel. <i>\u201cAls ik hen een mandaat voorstel, zeggen ze vaak: \u2018Maar Conny, ik kan dat niet. Moet ik daar geen cursus voor volgen? Of heb je al eens aan die of deze vrouw gedacht, bel haar eens op.\u2019 Ik zie een man nog niet zo snel iemand anders aanraden voor de job. Die innerlijke stem is sterk aanwezig bij vrouwen waardoor ze te veel nadenken in plaats van spontaan ja te zeggen. Vrouwen moeten precies 120% overtuigd zijn vooraleer ze de uitdaging aangaan. Ik vind dat altijd spijtig.\u201d<\/i><\/span><\/p>\n<p class=\"p1\"><span class=\"s4\">Of ze het nu wil of niet, Conny Vandendriessche is voor velen een rolmodel. Zelf keek ze tijdens haar loopbaan op naar verschillende mensen, in eerste instantie haar vader, later Philip Cracco, maar ook mensen waarover ze las in boeken of die ze tegenkwam. <i>\u201cRolmodellen veranderen voortdurend, afhankelijk van de grootte van het bedrijf en het domein waarin je interesse hebt.\u201d <\/i><\/span><\/p>\n<p class=\"p1\"><span class=\"s4\">Voor haar boek \u201cDream Dare Do\u201d, interviewde Conny Vandendriessche twaalf vrouwen uit verschillende continenten \u00e9n haar man. Het werden inspirerende ondernemersverhalen van zowel starters als ceo\u2019s van wereldwijde holdings. <i>\u201cOndanks het verschil in leeftijd, herkomst en wat ze deden, hadden we toch veel gemeen\u201d<\/i>, zegt Conny Vandendriessche, <i>\u201cnamelijk wilskracht en vastberadenheid om een verschil te maken.\u201d <\/i><\/span><\/p>\n","protected":false},"excerpt":{"rendered":"<p>Conny Vandendriessche is een onderneemster pur sang. Ze bouwde Accent Jobs uit tot een van de grootste Europese hr-dienstverleners, House of HR. Met haar passie, doorzettingsvermogen en een gezonde portie na\u00efviteit plaveit ze nu de weg voor vrouwelijke ondernemers, onder meer via We are Jane en Stella P. De rode draad in haar leven is [&hellip;]<\/p>\n","protected":false},"author":13,"featured_media":5466,"comment_status":"closed","ping_status":"closed","sticky":false,"template":"","format":"standard","meta":{"_acf_changed":false,"inline_featured_image":false,"footnotes":""},"categories":[31],"tags":[],"class_list":{"0":"post-5379","1":"post","2":"type-post","3":"status-publish","4":"format-standard","5":"has-post-thumbnail","7":"category-ondernemers"},"acf":[],"auteur_traducteur":"","yoast_head":"<!-- This site is optimized with the Yoast SEO plugin v27.4 - https:\/\/yoast.com\/product\/yoast-seo-wordpress\/ -->\n<title>Conny Vandendriessche plaveit de weg voor onderneemsters | Forbes Belgi\u00eb<\/title>\n<meta name=\"description\" content=\"Ontdek Conny Vandendriessche, oprichter van Accent Jobs en voorvechtster van gendergelijkheid met We Are Jane en Stella P.\" \/>\n<meta name=\"robots\" content=\"index, follow, max-snippet:-1, max-image-preview:large, max-video-preview:-1\" \/>\n<link rel=\"canonical\" href=\"https:\/\/www.forbes.be\/nl\/conny-vandendriessche-plaveit-de-weg-voor-onderneemsters\/\" \/>\n<meta property=\"og:locale\" content=\"nl_BE\" \/>\n<meta property=\"og:type\" content=\"article\" \/>\n<meta property=\"og:title\" content=\"Conny Vandendriessche plaveit de weg voor onderneemsters | Forbes Belgi\u00eb\" \/>\n<meta property=\"og:description\" content=\"Ontdek Conny Vandendriessche, oprichter van Accent Jobs en voorvechtster van gendergelijkheid met We Are Jane en Stella P.\" \/>\n<meta property=\"og:url\" content=\"https:\/\/www.forbes.be\/nl\/conny-vandendriessche-plaveit-de-weg-voor-onderneemsters\/\" \/>\n<meta property=\"og:site_name\" content=\"Forbes Belgi\u00eb\" \/>\n<meta property=\"article:publisher\" content=\"https:\/\/www.facebook.com\/forbesbelgie\" \/>\n<meta property=\"article:published_time\" content=\"2024-10-14T05:00:05+00:00\" \/>\n<meta property=\"article:modified_time\" content=\"2024-10-16T12:36:10+00:00\" \/>\n<meta property=\"og:image\" content=\"https:\/\/www.forbes.be\/nl\/wp-content\/uploads\/2024\/10\/Capture-decran-2024-10-16-a-14.35.36-1024x535.png\" \/>\n\t<meta property=\"og:image:width\" content=\"1024\" \/>\n\t<meta property=\"og:image:height\" content=\"535\" \/>\n\t<meta property=\"og:image:type\" content=\"image\/png\" \/>\n<meta name=\"author\" content=\"Melanie De Vrieze\" \/>\n<meta name=\"twitter:card\" content=\"summary_large_image\" \/>\n<meta name=\"twitter:label1\" content=\"Geschreven door\" \/>\n\t<meta name=\"twitter:data1\" content=\"Melanie De Vrieze\" \/>\n\t<meta name=\"twitter:label2\" content=\"Geschatte leestijd\" \/>\n\t<meta name=\"twitter:data2\" content=\"10 minuten\" \/>\n<script type=\"application\/ld+json\" class=\"yoast-schema-graph\">{\"@context\":\"https:\\\/\\\/schema.org\",\"@graph\":[{\"@type\":\"NewsArticle\",\"@id\":\"https:\\\/\\\/www.forbes.be\\\/nl\\\/conny-vandendriessche-plaveit-de-weg-voor-onderneemsters\\\/#article\",\"isPartOf\":{\"@id\":\"https:\\\/\\\/www.forbes.be\\\/nl\\\/conny-vandendriessche-plaveit-de-weg-voor-onderneemsters\\\/\"},\"author\":{\"name\":\"Melanie De Vrieze\",\"@id\":\"https:\\\/\\\/www.forbes.be\\\/nl\\\/#\\\/schema\\\/person\\\/c6cd0052cebfca1fb90715294e8b3d7c\"},\"headline\":\"Conny Vandendriessche plaveit de weg voor onderneemsters\",\"datePublished\":\"2024-10-14T05:00:05+00:00\",\"dateModified\":\"2024-10-16T12:36:10+00:00\",\"mainEntityOfPage\":{\"@id\":\"https:\\\/\\\/www.forbes.be\\\/nl\\\/conny-vandendriessche-plaveit-de-weg-voor-onderneemsters\\\/\"},\"wordCount\":1933,\"publisher\":{\"@id\":\"https:\\\/\\\/www.forbes.be\\\/nl\\\/#organization\"},\"image\":{\"@id\":\"https:\\\/\\\/www.forbes.be\\\/nl\\\/conny-vandendriessche-plaveit-de-weg-voor-onderneemsters\\\/#primaryimage\"},\"thumbnailUrl\":\"https:\\\/\\\/www.forbes.be\\\/nl\\\/wp-content\\\/uploads\\\/2024\\\/10\\\/Capture-decran-2024-10-16-a-14.35.36.png\",\"articleSection\":[\"Ondernemers\"],\"inLanguage\":\"nl-BE\"},{\"@type\":\"WebPage\",\"@id\":\"https:\\\/\\\/www.forbes.be\\\/nl\\\/conny-vandendriessche-plaveit-de-weg-voor-onderneemsters\\\/\",\"url\":\"https:\\\/\\\/www.forbes.be\\\/nl\\\/conny-vandendriessche-plaveit-de-weg-voor-onderneemsters\\\/\",\"name\":\"Conny Vandendriessche plaveit de weg voor onderneemsters | Forbes Belgi\u00eb\",\"isPartOf\":{\"@id\":\"https:\\\/\\\/www.forbes.be\\\/nl\\\/#website\"},\"primaryImageOfPage\":{\"@id\":\"https:\\\/\\\/www.forbes.be\\\/nl\\\/conny-vandendriessche-plaveit-de-weg-voor-onderneemsters\\\/#primaryimage\"},\"image\":{\"@id\":\"https:\\\/\\\/www.forbes.be\\\/nl\\\/conny-vandendriessche-plaveit-de-weg-voor-onderneemsters\\\/#primaryimage\"},\"thumbnailUrl\":\"https:\\\/\\\/www.forbes.be\\\/nl\\\/wp-content\\\/uploads\\\/2024\\\/10\\\/Capture-decran-2024-10-16-a-14.35.36.png\",\"datePublished\":\"2024-10-14T05:00:05+00:00\",\"dateModified\":\"2024-10-16T12:36:10+00:00\",\"description\":\"Ontdek Conny Vandendriessche, oprichter van Accent Jobs en voorvechtster van gendergelijkheid met We Are Jane en Stella P.\",\"breadcrumb\":{\"@id\":\"https:\\\/\\\/www.forbes.be\\\/nl\\\/conny-vandendriessche-plaveit-de-weg-voor-onderneemsters\\\/#breadcrumb\"},\"inLanguage\":\"nl-BE\",\"potentialAction\":[{\"@type\":\"ReadAction\",\"target\":[\"https:\\\/\\\/www.forbes.be\\\/nl\\\/conny-vandendriessche-plaveit-de-weg-voor-onderneemsters\\\/\"]}]},{\"@type\":\"ImageObject\",\"inLanguage\":\"nl-BE\",\"@id\":\"https:\\\/\\\/www.forbes.be\\\/nl\\\/conny-vandendriessche-plaveit-de-weg-voor-onderneemsters\\\/#primaryimage\",\"url\":\"https:\\\/\\\/www.forbes.be\\\/nl\\\/wp-content\\\/uploads\\\/2024\\\/10\\\/Capture-decran-2024-10-16-a-14.35.36.png\",\"contentUrl\":\"https:\\\/\\\/www.forbes.be\\\/nl\\\/wp-content\\\/uploads\\\/2024\\\/10\\\/Capture-decran-2024-10-16-a-14.35.36.png\",\"width\":2398,\"height\":1254},{\"@type\":\"BreadcrumbList\",\"@id\":\"https:\\\/\\\/www.forbes.be\\\/nl\\\/conny-vandendriessche-plaveit-de-weg-voor-onderneemsters\\\/#breadcrumb\",\"itemListElement\":[{\"@type\":\"ListItem\",\"position\":1,\"name\":\"Accueil\",\"item\":\"https:\\\/\\\/www.forbes.be\\\/nl\\\/\"},{\"@type\":\"ListItem\",\"position\":2,\"name\":\"Conny Vandendriessche plaveit de weg voor onderneemsters\"}]},{\"@type\":\"WebSite\",\"@id\":\"https:\\\/\\\/www.forbes.be\\\/nl\\\/#website\",\"url\":\"https:\\\/\\\/www.forbes.be\\\/nl\\\/\",\"name\":\"Forbes Belgi\u00eb\",\"description\":\"\",\"publisher\":{\"@id\":\"https:\\\/\\\/www.forbes.be\\\/nl\\\/#organization\"},\"potentialAction\":[{\"@type\":\"SearchAction\",\"target\":{\"@type\":\"EntryPoint\",\"urlTemplate\":\"https:\\\/\\\/www.forbes.be\\\/nl\\\/?s={search_term_string}\"},\"query-input\":{\"@type\":\"PropertyValueSpecification\",\"valueRequired\":true,\"valueName\":\"search_term_string\"}}],\"inLanguage\":\"nl-BE\"},{\"@type\":\"Organization\",\"@id\":\"https:\\\/\\\/www.forbes.be\\\/nl\\\/#organization\",\"name\":\"Forbes Belgi\u00eb\",\"url\":\"https:\\\/\\\/www.forbes.be\\\/nl\\\/\",\"logo\":{\"@type\":\"ImageObject\",\"inLanguage\":\"nl-BE\",\"@id\":\"https:\\\/\\\/www.forbes.be\\\/nl\\\/#\\\/schema\\\/logo\\\/image\\\/\",\"url\":\"https:\\\/\\\/www.forbes.be\\\/nl\\\/wp-content\\\/uploads\\\/2024\\\/02\\\/forbes.be_.png\",\"contentUrl\":\"https:\\\/\\\/www.forbes.be\\\/nl\\\/wp-content\\\/uploads\\\/2024\\\/02\\\/forbes.be_.png\",\"width\":1200,\"height\":675,\"caption\":\"Forbes Belgi\u00eb\"},\"image\":{\"@id\":\"https:\\\/\\\/www.forbes.be\\\/nl\\\/#\\\/schema\\\/logo\\\/image\\\/\"},\"sameAs\":[\"https:\\\/\\\/www.facebook.com\\\/forbesbelgie\",\"https:\\\/\\\/www.instagram.com\\\/Forbes_Belgium\",\"https:\\\/\\\/www.linkedin.com\\\/company\\\/forbes-belgium\\\/\"]},{\"@type\":\"Person\",\"@id\":\"https:\\\/\\\/www.forbes.be\\\/nl\\\/#\\\/schema\\\/person\\\/c6cd0052cebfca1fb90715294e8b3d7c\",\"name\":\"Melanie De Vrieze\",\"image\":{\"@type\":\"ImageObject\",\"inLanguage\":\"nl-BE\",\"@id\":\"https:\\\/\\\/www.forbes.be\\\/nl\\\/wp-content\\\/uploads\\\/2024\\\/02\\\/73FE83A5-6660-40EE-A886-EA4082462214-150x150.jpg\",\"url\":\"https:\\\/\\\/www.forbes.be\\\/nl\\\/wp-content\\\/uploads\\\/2024\\\/02\\\/73FE83A5-6660-40EE-A886-EA4082462214-150x150.jpg\",\"contentUrl\":\"https:\\\/\\\/www.forbes.be\\\/nl\\\/wp-content\\\/uploads\\\/2024\\\/02\\\/73FE83A5-6660-40EE-A886-EA4082462214-150x150.jpg\",\"caption\":\"Melanie De Vrieze\"},\"url\":\"https:\\\/\\\/www.forbes.be\\\/nl\\\/author\\\/mdvforbes-be\\\/\"}]}<\/script>\n<!-- \/ Yoast SEO plugin. -->","yoast_head_json":{"title":"Conny Vandendriessche plaveit de weg voor onderneemsters | Forbes Belgi\u00eb","description":"Ontdek Conny Vandendriessche, oprichter van Accent Jobs en voorvechtster van gendergelijkheid met We Are Jane en Stella P.","robots":{"index":"index","follow":"follow","max-snippet":"max-snippet:-1","max-image-preview":"max-image-preview:large","max-video-preview":"max-video-preview:-1"},"canonical":"https:\/\/www.forbes.be\/nl\/conny-vandendriessche-plaveit-de-weg-voor-onderneemsters\/","og_locale":"nl_BE","og_type":"article","og_title":"Conny Vandendriessche plaveit de weg voor onderneemsters | Forbes Belgi\u00eb","og_description":"Ontdek Conny Vandendriessche, oprichter van Accent Jobs en voorvechtster van gendergelijkheid met We Are Jane en Stella P.","og_url":"https:\/\/www.forbes.be\/nl\/conny-vandendriessche-plaveit-de-weg-voor-onderneemsters\/","og_site_name":"Forbes Belgi\u00eb","article_publisher":"https:\/\/www.facebook.com\/forbesbelgie","article_published_time":"2024-10-14T05:00:05+00:00","article_modified_time":"2024-10-16T12:36:10+00:00","og_image":[{"width":1024,"height":535,"url":"https:\/\/www.forbes.be\/nl\/wp-content\/uploads\/2024\/10\/Capture-decran-2024-10-16-a-14.35.36-1024x535.png","type":"image\/png"}],"author":"Melanie De Vrieze","twitter_card":"summary_large_image","twitter_misc":{"Geschreven door":"Melanie De Vrieze","Geschatte leestijd":"10 minuten"},"schema":{"@context":"https:\/\/schema.org","@graph":[{"@type":"NewsArticle","@id":"https:\/\/www.forbes.be\/nl\/conny-vandendriessche-plaveit-de-weg-voor-onderneemsters\/#article","isPartOf":{"@id":"https:\/\/www.forbes.be\/nl\/conny-vandendriessche-plaveit-de-weg-voor-onderneemsters\/"},"author":{"name":"Melanie De Vrieze","@id":"https:\/\/www.forbes.be\/nl\/#\/schema\/person\/c6cd0052cebfca1fb90715294e8b3d7c"},"headline":"Conny Vandendriessche plaveit de weg voor onderneemsters","datePublished":"2024-10-14T05:00:05+00:00","dateModified":"2024-10-16T12:36:10+00:00","mainEntityOfPage":{"@id":"https:\/\/www.forbes.be\/nl\/conny-vandendriessche-plaveit-de-weg-voor-onderneemsters\/"},"wordCount":1933,"publisher":{"@id":"https:\/\/www.forbes.be\/nl\/#organization"},"image":{"@id":"https:\/\/www.forbes.be\/nl\/conny-vandendriessche-plaveit-de-weg-voor-onderneemsters\/#primaryimage"},"thumbnailUrl":"https:\/\/www.forbes.be\/nl\/wp-content\/uploads\/2024\/10\/Capture-decran-2024-10-16-a-14.35.36.png","articleSection":["Ondernemers"],"inLanguage":"nl-BE"},{"@type":"WebPage","@id":"https:\/\/www.forbes.be\/nl\/conny-vandendriessche-plaveit-de-weg-voor-onderneemsters\/","url":"https:\/\/www.forbes.be\/nl\/conny-vandendriessche-plaveit-de-weg-voor-onderneemsters\/","name":"Conny Vandendriessche plaveit de weg voor onderneemsters | Forbes Belgi\u00eb","isPartOf":{"@id":"https:\/\/www.forbes.be\/nl\/#website"},"primaryImageOfPage":{"@id":"https:\/\/www.forbes.be\/nl\/conny-vandendriessche-plaveit-de-weg-voor-onderneemsters\/#primaryimage"},"image":{"@id":"https:\/\/www.forbes.be\/nl\/conny-vandendriessche-plaveit-de-weg-voor-onderneemsters\/#primaryimage"},"thumbnailUrl":"https:\/\/www.forbes.be\/nl\/wp-content\/uploads\/2024\/10\/Capture-decran-2024-10-16-a-14.35.36.png","datePublished":"2024-10-14T05:00:05+00:00","dateModified":"2024-10-16T12:36:10+00:00","description":"Ontdek Conny Vandendriessche, oprichter van Accent Jobs en voorvechtster van gendergelijkheid met We Are Jane en Stella P.","breadcrumb":{"@id":"https:\/\/www.forbes.be\/nl\/conny-vandendriessche-plaveit-de-weg-voor-onderneemsters\/#breadcrumb"},"inLanguage":"nl-BE","potentialAction":[{"@type":"ReadAction","target":["https:\/\/www.forbes.be\/nl\/conny-vandendriessche-plaveit-de-weg-voor-onderneemsters\/"]}]},{"@type":"ImageObject","inLanguage":"nl-BE","@id":"https:\/\/www.forbes.be\/nl\/conny-vandendriessche-plaveit-de-weg-voor-onderneemsters\/#primaryimage","url":"https:\/\/www.forbes.be\/nl\/wp-content\/uploads\/2024\/10\/Capture-decran-2024-10-16-a-14.35.36.png","contentUrl":"https:\/\/www.forbes.be\/nl\/wp-content\/uploads\/2024\/10\/Capture-decran-2024-10-16-a-14.35.36.png","width":2398,"height":1254},{"@type":"BreadcrumbList","@id":"https:\/\/www.forbes.be\/nl\/conny-vandendriessche-plaveit-de-weg-voor-onderneemsters\/#breadcrumb","itemListElement":[{"@type":"ListItem","position":1,"name":"Accueil","item":"https:\/\/www.forbes.be\/nl\/"},{"@type":"ListItem","position":2,"name":"Conny Vandendriessche plaveit de weg voor onderneemsters"}]},{"@type":"WebSite","@id":"https:\/\/www.forbes.be\/nl\/#website","url":"https:\/\/www.forbes.be\/nl\/","name":"Forbes Belgi\u00eb","description":"","publisher":{"@id":"https:\/\/www.forbes.be\/nl\/#organization"},"potentialAction":[{"@type":"SearchAction","target":{"@type":"EntryPoint","urlTemplate":"https:\/\/www.forbes.be\/nl\/?s={search_term_string}"},"query-input":{"@type":"PropertyValueSpecification","valueRequired":true,"valueName":"search_term_string"}}],"inLanguage":"nl-BE"},{"@type":"Organization","@id":"https:\/\/www.forbes.be\/nl\/#organization","name":"Forbes Belgi\u00eb","url":"https:\/\/www.forbes.be\/nl\/","logo":{"@type":"ImageObject","inLanguage":"nl-BE","@id":"https:\/\/www.forbes.be\/nl\/#\/schema\/logo\/image\/","url":"https:\/\/www.forbes.be\/nl\/wp-content\/uploads\/2024\/02\/forbes.be_.png","contentUrl":"https:\/\/www.forbes.be\/nl\/wp-content\/uploads\/2024\/02\/forbes.be_.png","width":1200,"height":675,"caption":"Forbes Belgi\u00eb"},"image":{"@id":"https:\/\/www.forbes.be\/nl\/#\/schema\/logo\/image\/"},"sameAs":["https:\/\/www.facebook.com\/forbesbelgie","https:\/\/www.instagram.com\/Forbes_Belgium","https:\/\/www.linkedin.com\/company\/forbes-belgium\/"]},{"@type":"Person","@id":"https:\/\/www.forbes.be\/nl\/#\/schema\/person\/c6cd0052cebfca1fb90715294e8b3d7c","name":"Melanie De Vrieze","image":{"@type":"ImageObject","inLanguage":"nl-BE","@id":"https:\/\/www.forbes.be\/nl\/wp-content\/uploads\/2024\/02\/73FE83A5-6660-40EE-A886-EA4082462214-150x150.jpg","url":"https:\/\/www.forbes.be\/nl\/wp-content\/uploads\/2024\/02\/73FE83A5-6660-40EE-A886-EA4082462214-150x150.jpg","contentUrl":"https:\/\/www.forbes.be\/nl\/wp-content\/uploads\/2024\/02\/73FE83A5-6660-40EE-A886-EA4082462214-150x150.jpg","caption":"Melanie De Vrieze"},"url":"https:\/\/www.forbes.be\/nl\/author\/mdvforbes-be\/"}]}},"_links":{"self":[{"href":"https:\/\/www.forbes.be\/nl\/wp-json\/wp\/v2\/posts\/5379","targetHints":{"allow":["GET"]}}],"collection":[{"href":"https:\/\/www.forbes.be\/nl\/wp-json\/wp\/v2\/posts"}],"about":[{"href":"https:\/\/www.forbes.be\/nl\/wp-json\/wp\/v2\/types\/post"}],"author":[{"embeddable":true,"href":"https:\/\/www.forbes.be\/nl\/wp-json\/wp\/v2\/users\/13"}],"replies":[{"embeddable":true,"href":"https:\/\/www.forbes.be\/nl\/wp-json\/wp\/v2\/comments?post=5379"}],"version-history":[{"count":1,"href":"https:\/\/www.forbes.be\/nl\/wp-json\/wp\/v2\/posts\/5379\/revisions"}],"predecessor-version":[{"id":5383,"href":"https:\/\/www.forbes.be\/nl\/wp-json\/wp\/v2\/posts\/5379\/revisions\/5383"}],"wp:featuredmedia":[{"embeddable":true,"href":"https:\/\/www.forbes.be\/nl\/wp-json\/wp\/v2\/media\/5466"}],"wp:attachment":[{"href":"https:\/\/www.forbes.be\/nl\/wp-json\/wp\/v2\/media?parent=5379"}],"wp:term":[{"taxonomy":"category","embeddable":true,"href":"https:\/\/www.forbes.be\/nl\/wp-json\/wp\/v2\/categories?post=5379"},{"taxonomy":"post_tag","embeddable":true,"href":"https:\/\/www.forbes.be\/nl\/wp-json\/wp\/v2\/tags?post=5379"}],"curies":[{"name":"wp","href":"https:\/\/api.w.org\/{rel}","templated":true}]}}