{"id":5599,"date":"2024-12-31T10:00:44","date_gmt":"2024-12-31T09:00:44","guid":{"rendered":"https:\/\/www.forbes.be\/nl\/?p=5599"},"modified":"2025-01-08T10:22:26","modified_gmt":"2025-01-08T09:22:26","slug":"uitdagingen-en-belangen-voor-de-nieuwe-meerderheid-mr-engages-kunnen-ze-wallonie-in-5-jaar-herstellen","status":"publish","type":"post","link":"https:\/\/www.forbes.be\/nl\/uitdagingen-en-belangen-voor-de-nieuwe-meerderheid-mr-engages-kunnen-ze-wallonie-in-5-jaar-herstellen\/","title":{"rendered":"Uitdagingen en belangen voor de nieuwe meerderheid MR\/Engag\u00e9s: kunnen ze Walloni\u00eb in 5 jaar herstellen?"},"content":{"rendered":"<p class=\"p1\"><strong><span class=\"s1\">In een kwarteeuw hebben de opeenvolgende regeringen van het <\/span><span class=\"s2\">Waals Gewest <\/span><span class=\"s1\">vijf economische <\/span><span class=\"s2\">herstelplannen<\/span><span class=\"s1\"> gelanceerd, ten bedrage van iets meer dan 15 miljard euro. Toch blijft Walloni\u00eb voor de meeste ontwikkelingsindicatoren onder het Europese gemiddelde. Kan de nieuwe meerderheid MR\/Les Engag\u00e9s het gewest in \u00e9\u00e9n legislatuur op het <\/span><span class=\"s2\">goede spoor <\/span><span class=\"s1\">zetten?<span class=\"Apple-converted-space\">\u00a0<\/span><\/span><\/strong><\/p>\n<p class=\"p1\"><span class=\"s1\">Vijf economische herstelplannen in vijf legislaturen. Acht plannen zelfs, als we de geactualiseerde versies meetellen. In de afgelopen vijfentwintig jaar hebben de verschillende meerderheden die aan de macht waren in Walloni\u00eb, naargelang de samenstelling van de coalities, de volgende plannen gelanceerd:<span class=\"Apple-converted-space\">\u00a0<\/span><\/span><\/p>\n<ul>\n<li><span class=\"s1\">het Contract voor de Toekomst (1999, herzien, gecorrigeerd en verbeterd tot het Contract voor de Toekomst voor Walloni\u00eb in 2001, en daarna tot het Vernieuwd Contract voor de Toekomst in 2003), met een budget van 1,2 miljard,<span class=\"Apple-converted-space\">\u00a0<\/span><\/span><\/li>\n<li><span class=\"s1\">het Marshallplan voor Walloni\u00eb (2005), 1,2 miljard,<span class=\"Apple-converted-space\">\u00a0<\/span><\/span><\/li>\n<li><span class=\"s1\">het Marshallplan 2.groen (uitgebreid in 2013 tot Marshallplan 2022) 2,8 miljard,<span class=\"Apple-converted-space\">\u00a0<\/span><\/span><\/li>\n<li><span class=\"s1\">het Marshallplan 4.0 (2015), 2,9 miljard,<span class=\"Apple-converted-space\">\u00a0<\/span><\/span><\/li>\n<li><span class=\"s1\">het Herstelplan voor Walloni\u00eb (2021), 7,2 miljard.<span class=\"Apple-converted-space\">\u00a0<\/span><\/span><\/li>\n<\/ul>\n<p><span class=\"s1\">Alle traditionele Franstalige partijen, zes formaties dus, hebben eraan deelgenomen:<span class=\"Apple-converted-space\">\u00a0<\/span><\/span><\/p>\n<ul>\n<li class=\"p1\"><span class=\"s1\">de PS, die 23 jaar lang aan het hoofd van de Waalse regering stond,<span class=\"Apple-converted-space\">\u00a0<\/span><\/span><\/li>\n<li class=\"p1\"><span class=\"s1\">de liberalen (PRL, later MR) 11 jaar in de regering,<span class=\"Apple-converted-space\">\u00a0<\/span><\/span><\/li>\n<li class=\"p1\"><span class=\"s1\">de christendemocraten (CDH, nu Les Engag\u00e9s) 13 jaar,<span class=\"Apple-converted-space\">\u00a0<\/span><\/span><\/li>\n<li class=\"p1\"><span class=\"s1\">Ecolo, vijftien jaar,<span class=\"Apple-converted-space\">\u00a0<\/span><\/span><\/li>\n<li class=\"p1\"><span class=\"s1\">FDF en MCC, elk vijf jaar.<span class=\"Apple-converted-space\">\u00a0<\/span><\/span><\/li>\n<\/ul>\n<p class=\"p2\"><span class=\"s1\">De plannen zijn opgesteld in samenspraak met burgers, vertegenwoordigers van het maatschappelijk middenveld en deskundigen uit alle sectoren. De inspanningen waren gericht op tien assen: werkgelegenheid, opleiding, talenkennis, concurrentiepolen, ontwikkeling van marktgebonden en niet-marktgebonden economische activiteiten, belastingverlagingen voor bedrijven, steun voor onderzoek en innovatie, mobilisatie van het grondgebied als essenti\u00eble hulpbron, steun voor effici\u00ebntie en de energietransitie.<span class=\"Apple-converted-space\">\u00a0<\/span><\/span><\/p>\n<p class=\"p2\"><span class=\"s1\"><span class=\"Apple-converted-space\">\u00a0<\/span><\/span><span class=\"s1\"><b>Allemaal voor niets?<span class=\"Apple-converted-space\">\u00a0<\/span><\/b><\/span><\/p>\n<p class=\"p1\"><span class=\"s1\">Het resultaat? Een groei in BBP per inwoner, werkgelegenheidsgraad en jobcreatie en een algemene economische expansie, maar niet voldoende om het Europese gemiddelde te halen. De groei is bovendien sterk be\u00efnvloed door het succesverhaal van Waals-Brabant, dat 11% van de bevolking van het Gewest vertegenwoordigt maar 20,9% bijdraagt aan het Waalse BBP.<span class=\"Apple-converted-space\">\u00a0<\/span><\/span><\/p>\n<p class=\"p2\"><span class=\"s1\">Na de verkiezingen van afgelopen juni is een nieuwe Waalse meerderheidscoalitie gevormd: MR\/Les Engag\u00e9s. In haar Gewestelijke Beleidsverklaring verbindt ze zich tot een definitieve ommekeer voor Walloni\u00eb, door \u2018de levenskwaliteit van onze bevolking en de economische gezondheid van ons Gewest te verbeteren.\u2019 Kan de nieuwe ploeg, in afwachting van een becijferde begroting, Walloni\u00eb echt omvormen in vijf jaar? En hoe? Vier experts op het gebied van de Waalse economie beantwoorden onze vragen. Philippe Destatte, historicus, futurist en voorzitter van het Institut Jules Destr\u00e9e; Bruno Bianchet en Hubert Maldague, onderzoekers aan het Centre de Recherche en Sciences de la Ville, du Grand Territoire et du Milieu rural (LEPUR) van de Universiteit van Luik; en Pierre Mottet, voorzitter van AKT, dat sinds dit voorjaar de Union wallonne des entreprises en de vijf Kamers van Koophandel en Industrie van Walloni\u00eb verenigt.<span class=\"Apple-converted-space\">\u00a0<\/span><\/span><\/p>\n<figure id=\"attachment_6861\" aria-describedby=\"caption-attachment-6861\" style=\"width: 696px\" class=\"wp-caption alignnone\"><img loading=\"lazy\" decoding=\"async\" class=\"wp-image-6861 size-large\" src=\"https:\/\/www.forbes.be\/nl\/wp-content\/uploads\/2024\/10\/design-sans-titre-e1735572436760-1024x438.jpg\" alt=\"\" width=\"696\" height=\"298\" srcset=\"https:\/\/www.forbes.be\/nl\/wp-content\/uploads\/2024\/10\/design-sans-titre-e1735572436760-1024x438.jpg 1024w, https:\/\/www.forbes.be\/nl\/wp-content\/uploads\/2024\/10\/design-sans-titre-e1735572436760-300x128.jpg 300w, https:\/\/www.forbes.be\/nl\/wp-content\/uploads\/2024\/10\/design-sans-titre-e1735572436760-768x329.jpg 768w, https:\/\/www.forbes.be\/nl\/wp-content\/uploads\/2024\/10\/design-sans-titre-e1735572436760-1536x658.jpg 1536w, https:\/\/www.forbes.be\/nl\/wp-content\/uploads\/2024\/10\/design-sans-titre-e1735572436760-696x298.jpg 696w, https:\/\/www.forbes.be\/nl\/wp-content\/uploads\/2024\/10\/design-sans-titre-e1735572436760-1068x457.jpg 1068w, https:\/\/www.forbes.be\/nl\/wp-content\/uploads\/2024\/10\/design-sans-titre-e1735572436760-600x257.jpg 600w, https:\/\/www.forbes.be\/nl\/wp-content\/uploads\/2024\/10\/design-sans-titre-e1735572436760.jpg 1920w\" sizes=\"auto, (max-width: 696px) 100vw, 696px\" \/><figcaption id=\"caption-attachment-6861\" class=\"wp-caption-text\">Pierre Mottet, Hubert Maldague, Bruno Bianchet en Philippe Desttate<\/figcaption><\/figure>\n<h2 class=\"p1\"><span class=\"s1\">1. Kan de nieuwe meerderheid Walloni\u00eb in vijf jaar transformeren?<\/span><\/h2>\n<p class=\"p1\"><span class=\"s1\"><b>Pierre Mottet: <\/b><\/span><span class=\"s2\"><b>Ja<span class=\"Apple-converted-space\">\u00a0<\/span><\/b><\/span><\/p>\n<p class=\"p2\"><span class=\"s3\"><i>\u201cTen eerste is dit misschien de laatste kans om iets te veranderen zonder dat de extremen het overnemen. Ten tweede omdat de fundamenten voor een grote culturele ommekeer aanwezig zijn. Een meerderheid van de Waalse burgers heeft er tijdens de laatste verkiezingen om gevraagd, ook op federaal niveau trouwens. Het stappenplan van de nieuwe meerderheid, dat bijzonder ambitieus is, moet in grote mate worden uitgevoerd, wil het een toekomst hebben.<span class=\"Apple-converted-space\">\u00a0<\/span><\/i><\/span><\/p>\n<p class=\"p2\"><span class=\"s3\"><i>Daarvoor moet iedereen op \u00e9\u00e9n lijn zitten. Met andere woorden, de twee partijen die aan de macht zijn, moeten op dezelfde lijn blijven, zodat we snel een aantal veranderingen kunnen doorvoeren die de mensen voldoende vertrouwen geven zonder dat de helft van de bevolking de straat op gaat. Als deze regering wil slagen, moet ze zo veel mogelijk spelers achter haar plan scharen. In vijf jaar tijd kunnen we veel bereiken als we op \u00e9\u00e9n lijn zitten en elkaar steunen. Vraag het aan gelijk welke bedrijfsleider: als hij binnen vijf jaar geen succes heeft, ligt hij eruit. <span class=\"Apple-converted-space\">\u00a0<\/span><\/i><\/span><\/p>\n<p class=\"p2\"><span class=\"s3\"><i>Wordt het volledige stappenplan uitgevoerd? Als een aanzienlijk deel ervan aan het eind van vijf jaar is bereikt &#8211; 50%, 60%, 70% &#8211; is dat al een grote overwinning. We moeten hopen dat we in het wetgevingsproces &#8211; het grote verschil tussen politiek en bedrijfsleven \u2013 geen guerrillaoorlog krijgen vol tijdverlies. We hebben dus beslissingen nodig waarin iedereen zich kan vinden. De nieuwe meerderheid moet in staat zijn om zelfs diegenen aan boord te krijgen die traditioneel minder enthousiast zijn over het programma.\u201d<\/i><\/span><\/p>\n<p class=\"p1\"><span class=\"s1\"><b>Hubert Maldague: <\/b><\/span><span class=\"s2\"><b>Ja en nee<\/b><\/span><\/p>\n<p class=\"p2\"><span class=\"s3\"><i>\u201cHet herstel lijkt me bijna een absolute noodzaak. Het kan helpen om de levensstandaard en het algemene welzijn van de bevolking te verbeteren, hoewel de verschillen niet zomaar met een pennenstreek kunnen worden weggewerkt. We hebben de economische activiteit ook nodig om de uitdagingen op het gebied van milieu en energie te financieren. Maar volgens mij is vijf jaar te weinig om dat te bereiken. De literatuur leert ons dat er een generatie nodig is om het sociaal-economische traject van een regio te veranderen. Bovendien leven we in een nogal complex land, met bevoegdheden verdeeld over verschillende bestuursniveaus. En de Europese Unie heeft ook een en ander te zeggen over ontwikkeling, of die nu economisch, sociaal of ecologisch is. Dus zeggen dat we in 2029 de koers van het Waalse BBP per hoofd van de bevolking fundamenteel zullen hebben veranderd? Ik denk het niet.<span class=\"Apple-converted-space\">\u00a0<\/span><\/i><\/span><\/p>\n<p class=\"p2\"><span class=\"s3\"><i>De nieuwe meerderheid kan wel de basis leggen voor een herstel dat we in de volgende legislaturen zullen zien. Je mag in Walloni\u00eb niet al te verdeeld zijn, want dan loop je het risico dat een vrij groot deel van de samenleving je niet steunt. Dat is in andere regio\u2019s ook zo, maar hier is het nog specifieker, omdat er eigenlijk geen echte Waalse samenleving is. Hier werkt men veel met subregionalismen. Als je een mobiliserende boodschap voor de toekomst van Walloni\u00eb wil cre\u00ebren, voor een ommekeer, moet een aanzienlijk deel van de Waalse bevolking zich erin kunnen vinden. We zien dat ook bij de nieuwe meerderheid: ze komen met veranderingen, maar ze maken geen tabula rasa en behouden wat werkt.\u201d<\/i><\/span><\/p>\n<p class=\"p2\"><span class=\"s1\"><b>Bruno Bianchet:<span class=\"Apple-converted-space\">\u00a0<\/span><\/b><\/span><span class=\"s1\"><b>Waarschijnlijk niet<span class=\"Apple-converted-space\">\u00a0<\/span><\/b><\/span><\/p>\n<p class=\"p2\"><span class=\"s3\"><i>\u201cDe beleidsverklaring legt enkele politieke en economische richtlijnen vast. Zoals de strategie van slimme specialisatie, die tijdens de vorige legislatuur is ingevoerd, en die tot doel heeft om via innovatie in te spelen op maatschappelijke uitdagingen en marktbehoeften, en die de regionale concurrentiekracht moet versterken. Die strategie wordt overgenomen door de nieuwe meerderheid, die ervan uitgaat, waarschijnlijk terecht, dat ze resultaten oplevert. Andere maatregelen kunnen in dezelfde richting gaan, vooral voor de steun aan bedrijfsgroei en opleiding. Maar het is weinig waarschijnlijk dat het Gewest, met zijn zeer verschillende sociaal-economische realiteiten, in vijf jaar kan worden omgevormd.\u201d<span class=\"Apple-converted-space\">\u00a0<\/span><\/i><\/span><\/p>\n<p class=\"p1\"><span class=\"s1\"><b>Philippe Desttate:<\/b><\/span><span class=\"s2\"><b> Moeilijk<span class=\"Apple-converted-space\">\u00a0<\/span><\/b><\/span><\/p>\n<p class=\"p2\"><span class=\"s3\"><i>\u201cHerstel betekent voor mij dat we het Europese gemiddelde bereiken voor de doelstellingen van de Europese Commissie. De belangrijkste indicatoren zijn de welvaart (BBP per inwoner), sociale cohesie, werkgelegenheid, schuldenlast, enzovoort. Het Waalse BBP bedraagt 108 miljard, ofwel 23% van het Belgische BBP (472 miljard), een aandeel dat stagneert en sinds 2017 zelfs lichtjes is gedaald, terwijl dat van Vlaanderen licht is toegenomen. Als het Belgische BBP per inwoner gemiddeld 100 is, dan was dat in Walloni\u00eb 73,5 in 1995 en 72,6 in 2023. <span class=\"Apple-converted-space\">\u00a0<\/span><\/i><\/span><\/p>\n<p class=\"p2\"><span class=\"s3\"><i>Hetzelfde geldt voor de werkgelegenheidsgraad: 65,5% voor de 20-64-jarigen, tien punten onder het Europese gemiddelde (75,3), terwijl het Belgische gemiddelde 72,1 is en dat van Vlaanderen 76,8. Het doel van de vorige Waalse regering was 68,7: dat werd dus niet gehaald. En Europa mikt op 78% voor 2030&#8230; De werkloosheid onder 15- tot 24-jarigen is catastrofaal, met 23% van wie de arbeidsmarkt betreedt (12% in Vlaanderen). Misschien omdat de er relatief weinig budget was voor de verschillende plannen? Het Contract voor de Toekomst bedroeg minder dan 5% van de gewestbegroting, het Herstelplan 6 of 7%. De gewestbegroting is in dezelfde periode gestegen van 6 naar 17 miljard, met een Waals BBP van ongeveer 109 miljard per jaar. Kortom, zelfs als je de hele begroting zou inzetten voor een hersteleconomie, zou het nooit meer zijn dan een klein percentage van het vermogen van de Walen. Als we er niet in slagen om alle actieve krachten, de actoren die de welvaart cre\u00ebren, mee te krijgen, zal het niet lukken. Niet in vijf jaar, niet in tien, en ook niet in vijftien. Maar we kunnen wel een dynamiek cre\u00ebren.\u201d<\/i><\/span><\/p>\n<blockquote>\n<p class=\"p1\"><span class=\"s1\"><i>\u201c <\/i><\/span><span class=\"s2\"><i>Als we er niet in slagen om alle actieve <\/i><\/span><span class=\"s3\"><i>krachten<\/i><\/span><span class=\"s2\"><i> mee te krijgen, zal het <\/i><\/span><span class=\"s3\"><i>niet<\/i><\/span><span class=\"s2\"><i> lukken<\/i><\/span><span class=\"s1\"><i>\u201d<\/i><\/span><\/p>\n<\/blockquote>\n<h2 class=\"p1\"><span class=\"s1\">2. Wat moet de prioriteit zijn voor het herstel van Walloni\u00eb?<\/span><\/h2>\n<p class=\"p1\"><span class=\"s1\"><b>Pierre Mottet:<span class=\"Apple-converted-space\">\u00a0<\/span><\/b><\/span><span class=\"s1\"><b>De 40.000 vacatures invullen<\/b><\/span><\/p>\n<p class=\"p3\"><span class=\"s1\"><i>\u201cZorg ervoor dat bedrijven zich kunnen blijven ontwikkelen, en dus mensen kunnen aannemen, en maak de arbeidsmarkt effici\u00ebnter dan nu. We hebben 200.000 werklozen, 40.000 openstaande vacatures en 112 knelpuntberoepen waarvan slechts \u00e9\u00e9n op universitair niveau. Voor de andere heb je vaak niet meer dan een middelbare opleiding nodig. Mensen moeten worden opgeleid, en er moet een kader zijn &#8211; dat maakt deel uit van de culturele revolutie &#8211; waarin bedrijven gemakkelijker mensen kunnen aannemen. De 40.000 banen die ingevuld moeten worden, zijn qua budget het dubbele van het Herstelplan. Dat staat gelijk met 10 tot 13 miljard door minder uitkeringen, die kunnen worden gebruikt om de schuld te verminderen of voor investeringen. Bijvoorbeeld om de werkloosheidsval te verkleinen, hoewel dat eerder afhangt van de federale overheid. Of voor meer kinderdagverblijven, wat een invloed heeft op de arbeidsmarkt, omdat meer ouders kunnen werken, en het cre\u00ebert banen. Voor de begeleiding van werkzoekenden, die aangescherpt moet worden. Voor investeringen in het GSM-netwerk, het transportnetwerk, koolstofreductie. Voor een beter duaal onderwijs, om al die functies in te vullen die we absoluut nodig hebben om de industrie draaiende te houden. We moeten ervoor zorgen dat duaal onderwijs wordt gezien als een aantrekkelijke mogelijkheid voor wie zich wil engageren, in plaats van de laatste richting die je probeert omdat al de rest niet mislukt is.\u201d<\/i><\/span><\/p>\n<p class=\"p1\"><span class=\"s2\"><b>Hubert Maldague\u00a0:<span class=\"Apple-converted-space\">\u00a0<\/span><\/b><\/span><span class=\"s2\"><b>Rekening houden met de steden en de verschillen binnen Walloni\u00eb<span class=\"Apple-converted-space\">\u00a0<\/span><\/b><\/span><\/p>\n<p class=\"p3\"><span class=\"s3\"><i>\u201cOp Europees niveau toont de literatuur aan dat geen enkele regio het goed doet zonder steden die het goed doen. Neem nu Vlaanderen: dat heeft Antwerpen, Gent, Mechelen, die het economisch heel goed doen. Aan de Waalse kant hebben Luik en Charleroi niet het niveau van activiteit en economische ontwikkeling dat je van hen kunt verwachten gezien bevolkingsgrootte. Als onze twee grote steden het niet goed doen, zowel economisch als sociaal &#8211; met de verarming van bepaalde wijken, zoals ook het geval is in Bergen en Namen &#8211; hoe kunnen we dan verwachten dat het Waals Gewest het wel goed doet? De beleidsverklaring lijkt niet genoeg nadruk te leggen op de rol van de grote steden voor de regionale economische ontwikkeling. Bovendien is er een grote verscheidenheid aan situaties binnen hetzelfde grondgebied: Waals-Brabant heeft het hoogste BBP per inwoner van het land, Henegouwen en Luxemburg het laagste. Als we naar de regio Luik kijken, hebben we delen die kunnen worden vergeleken met Waals-Brabant en andere met de Borinage, de regio Centre in Henegouwen of de achtergeste.<\/i><\/span><\/p>\n<p class=\"p1\"><span class=\"s2\"><b>Bruno Bianchet\u00a0:<span class=\"Apple-converted-space\">\u00a0<\/span><\/b><\/span><span class=\"s2\"><b>De lokale mogelijkheden<span class=\"Apple-converted-space\">\u00a0<\/span><\/b><\/span><span class=\"s2\"><b>benutten<\/b><\/span><\/p>\n<p class=\"p3\"><span class=\"s2\"><i>\u201cIn de vorige eeuw, aan het eind van de jaren 1960-70 had je de wetten op de economische expansie, waarbij men grote buitenlandse investeerders aantrok die meteen 1500 of 2000 banen cre\u00eberden. Dat model is volgens mij voorbijgestreefd. Vooral omdat de grote landen, te beginnen met Duitsland en Frankrijk, sinds 2030 veel meer kans hebben op Europese steun dan Belgi\u00eb, laat staan Walloni\u00eb. Ik denk dus ik dat we moeten profiteren van de lokale mogelijkheden, de bedrijven die investeringscapaciteit hebben \u2013 en die hebben we, kijk maar naar Cockerill, de lucht- en ruimtevaart, de biotechnologie \u2013 evenals de zeer kleine bedrijven, door de lokale specificiteit van de regio\u2019s te benutten zonder ze tegen elkaar uit te spelen. Maar als we de economie willen ontwikkelen vanuit die zeer lokale gebieden, moeten we ook de bestuursmethoden herzien &#8211; ons niet beperken tot de logica van subsidi\u00ebring, maar ons openstellen voor die van contractualisering (we geven meer autonomie en kijken naar de resultaten) &#8211; en beseffen dat de ontwikkeling van een regionaal project twintig of dertig jaar vergt, niet \u00e9\u00e9n legislatuur.\u201d<\/i><\/span><\/p>\n<figure id=\"attachment_5605\" aria-describedby=\"caption-attachment-5605\" style=\"width: 1483px\" class=\"wp-caption alignnone\"><img loading=\"lazy\" decoding=\"async\" class=\"wp-image-5605 size-full\" src=\"https:\/\/www.forbes.be\/nl\/wp-content\/uploads\/2024\/10\/Graphique-NL-.jpg\" alt=\"\" width=\"1483\" height=\"839\" srcset=\"https:\/\/www.forbes.be\/nl\/wp-content\/uploads\/2024\/10\/Graphique-NL-.jpg 1483w, https:\/\/www.forbes.be\/nl\/wp-content\/uploads\/2024\/10\/Graphique-NL--300x170.jpg 300w, https:\/\/www.forbes.be\/nl\/wp-content\/uploads\/2024\/10\/Graphique-NL--1024x579.jpg 1024w, https:\/\/www.forbes.be\/nl\/wp-content\/uploads\/2024\/10\/Graphique-NL--768x434.jpg 768w, https:\/\/www.forbes.be\/nl\/wp-content\/uploads\/2024\/10\/Graphique-NL--696x394.jpg 696w, https:\/\/www.forbes.be\/nl\/wp-content\/uploads\/2024\/10\/Graphique-NL--1068x604.jpg 1068w, https:\/\/www.forbes.be\/nl\/wp-content\/uploads\/2024\/10\/Graphique-NL--600x339.jpg 600w\" sizes=\"auto, (max-width: 1483px) 100vw, 1483px\" \/><figcaption id=\"caption-attachment-5605\" class=\"wp-caption-text\">Bronnen : Iweps, Philippe Destatte, Statbel, Eurostat, ICN, Europese Commissie vormgeving- \u00a9Grafista-Forza Media<\/figcaption><\/figure>\n<p class=\"p1\"><span class=\"s2\"><b>Philippe Destatte\u00a0:<span class=\"Apple-converted-space\">\u00a0<\/span><\/b><\/span><span class=\"s2\"><b>Op weg naar<span class=\"Apple-converted-space\">\u00a0<\/span><\/b><\/span><span class=\"s2\"><b>een productieve economie<\/b><\/span><\/p>\n<p class=\"p3\"><span class=\"s3\"><i>\u201cEerst en vooral moeten we op koers blijven om de houdbaarheid van de schuld te verzekeren, die in Walloni\u00eb aanzienlijk is: 34,5 miljard, of 33% van het bbp. Dat de nieuwe Waalse minister-president ook minister van begroting is, is dus een zeer belangrijke vernieuwing. Ten tweede beweert deze regering dat ze de problemen duidelijk heeft ge\u00efdentificeerd, maar in welke mate zal haar proactieve aanpak helpen om de versnippering van opleidingen, werkgelegenheidssteun, bedrijfssteun en onderzoekssteun te doorbreken? De kwestie van de tewerkstellingssubsidies sleept al tientallen jaren aan en is een van de kernproblemen van Walloni\u00eb: er is nog altijd een tekort aan 100.000 productieve jobs, dat wil zeggen jobs die een toegevoegde waarde hebben in de zin van de BTW. In Vlaanderen werkt 65% van de werknemers in bedrijven, tegenover 57% in Walloni\u00eb. Het aantal zelfstandigen is gelijk. 15% van de Vlaamse werknemers zit in de overheidsadministratie, tegenover 21% in Walloni\u00eb. Als deze regering zegt dat ze mensen aan het werk gaat zetten, de Waalse arbeidsbemiddelingsdienst Forem gaat hervormen, een nieuw beheerscontract gaat opstellen voor snelle herintegraties en om die productieve banen in te vullen, die tussen 1 miljard en 1,5 miljard van de begroting vertegenwoordigen, dan is dat een re\u00ebel economisch herstelmechanisme. Over tien of vijftien jaar zal dat een grote verandering teweegbrengen: we verhogen aanzienlijk de werkgelegenheidsgraad en voegen waarde, rijkdom en BBP toe.<span class=\"Apple-converted-space\">\u00a0<\/span><\/i><\/span><\/p>\n<p class=\"p3\"><span class=\"s1\"><i>Het tweede strategische element heeft betrekking op de begroting. Uit de cijfers zal blijken wat de re\u00eble capaciteit is om marges vrij te maken, het begrotingstraject aan te houden en stromen van mensen en budgetten naar de productieve sfeer te cre\u00ebren. Zodat Walloni\u00eb dichter bij een productieve economie komt in plaats van, zoals nu het geval is, deels van Europa en deels van Vlaanderen te leven.\u201d<\/i><\/span><\/p>\n<h2 class=\"p1\"><span class=\"s1\">3.Kan een regionale regering wel iets veranderen, gezien de externe factoren (crises, oorlogen,Europa, federaal)?<span class=\"Apple-converted-space\">\u00a0<\/span><\/span><\/h2>\n<p class=\"p1\"><span class=\"s1\"><b>Pierre Mottet\u00a0:<span class=\"Apple-converted-space\">\u00a0<\/span><\/b><\/span><span class=\"s1\"><b>Absoluut<span class=\"Apple-converted-space\">\u00a0<\/span><\/b><\/span><\/p>\n<p class=\"p3\"><span class=\"s2\"><i>\u201cIn de zakenwereld zou niemand aanvaarden als een CEO zegt \u2018ik kan er niets aan doen\u2019. Je hebt veerkracht nodig, je hebt alternatieve plannen nodig. We hebben O&amp;O-ontwikkelingslijnen en als we daaraan vast willen houden, moeten we de basis waarborgen zodat we kunnen investeren voor de toekomst, anders loopt het bedrijf gevaar. Ik zie niet in waarom dat voor de overheid niet geldt. De regering moet zeggen: ik heb vooruitgangsambities nodig en die zullen we in de loop van de tijd bijstellen als er externe gebeurtenissen zijn. Soms zijn de omstandigheden gunstig, soms ongunstig. Ook al hebben beslissingen op Europees of federaal niveau een impact, er zijn ook veel zaken in Walloni\u00eb die daar niet van afhangen. Als we de cultuur, de manier waarop we naar zaken kijken, effici\u00ebntie en operaties veranderen, ongeacht de macro-economische omgeving, dan is dat in ons belang. Wat betreft de interactie met de federale regering, waar de N-VA haar doel van Vlaamse onafhankelijkheid blijft nastreven, moeten we alert blijven op alles wat daar wordt onderhandeld. Maar als we onze geloofwaardigheid terug kunnen winnen door de schuld en de werkloosheid in Walloni\u00eb te verminderen, herwinnen we ook geloofwaardigheid aan de onderhandelingstafel en kunnen we de spanningen beheersen, zodat Vlaanderen niet alleen in zijn eigen belang handelt.\u201d<span class=\"Apple-converted-space\">\u00a0<\/span><\/i><\/span><\/p>\n<p class=\"p1\"><span class=\"s1\"><b>Hubert Maldague\u00a0:<span class=\"Apple-converted-space\">\u00a0<\/span><\/b><\/span><span class=\"s1\"><b>Waarom niet?<\/b><\/span><\/p>\n<p class=\"p3\"><span class=\"s3\"><i>\u201cHet werkt in beide richtingen: als er in de komende jaren een algemene economische heropleving is, zal het Waalse BBP de trend volgen. Je moet in de sociaal-economische ontwikkelingen altijd een onderscheid maken tussen wat het gevolg is van een economische verandering in het algemeen, en wat te maken heeft met het regeringsbeleid. Een verandering kan gunstig zijn, maar de transformatie van een regio vergt tijd. Maar als we op federaal niveau naar een Arizona-coalitie gaan, is het een voordeel dat de twee partijen die in de Waalse regering zitten, daarbij kunnen helpen om het herstelbeleid te implementeren.\u201d<\/i><\/span><\/p>\n<p class=\"p1\"><span class=\"s1\"><b>Bruno Bianchet\u00a0:<span class=\"Apple-converted-space\">\u00a0<\/span><\/b><\/span><span class=\"s1\"><b>Niet evident<span class=\"Apple-converted-space\">\u00a0<\/span><\/b><\/span><\/p>\n<p class=\"p3\"><span class=\"s3\"><i>\u201cDe economie is zo geglobaliseerd, met zoveel actoren, dat de speelruimte klein is, maar niet nul. Dat geldt ook op federaal niveau, zelfs voor grote landen. Zeker met zoveel schulden en dus een beperkte financieringscapaciteit &#8211; alleen al de overstromingen in de zomer van 2021 hebben de Waalse begroting met meer dan twee miljard belast. Op federaal niveau lijkt de beperking van de werkloosheid in de tijd een uitgemaakte zaak. Als die financi\u00eble last op de schouders van het Gewest, de gemeenten en de OCMW\u2019s terechtkomt, zal Walloni\u00eb de verliezer zijn. Dat zou een stap verder zijn naar de regionalisering van het land en een grotere ongelijkheid tussen regio\u2019s, provincies en steden, zelfs op Waals niveau. Want vooral de steden in het Waals industrieel bekken lopen het risico de rekening te betalen. In Luik ontvangt 10% van de 18- tot 64-jarigen een leefloon, in Charleroi is dat 7%, het regionale gemiddelde is 3,4%.\u201d<\/i><\/span><\/p>\n<p class=\"p1\"><span class=\"s1\"><b>Philippe Destatte :<span class=\"Apple-converted-space\">\u00a0<\/span><\/b><\/span><span class=\"s1\"><b>Waarom niet?<span class=\"Apple-converted-space\">\u00a0<\/span><\/b><\/span><\/p>\n<p class=\"p3\"><span class=\"s3\"><i>\u201cEr lijkt binnen de federale meerderheid een akkoord in de maak voor bevoegdheidsoverdrachten, waaronder werkgelegenheidsbeleid. De MR ziet het zo: als we de bevoegdheden hebben, kunnen we meer doen om de werklozen te helpen met een wortel-en-stokbenadering. De federale regering zou daarbij kunnen helpen, op voorwaarde dat de stok werkt. Verder is er de geleidelijke afbouw van de transfers tussen Vlaanderen en Walloni\u00eb vanaf 2025: 3.300.000.000 euro die over tien jaar moet worden gecompenseerd. Ik denk niet dat dat een significante impact op de Waalse begroting zal hebben.\u201d<\/i><\/span><\/p>\n","protected":false},"excerpt":{"rendered":"<p>In een kwarteeuw hebben de opeenvolgende regeringen van het Waals Gewest vijf economische herstelplannen gelanceerd, ten bedrage van iets meer dan 15 miljard euro. Toch blijft Walloni\u00eb voor de meeste ontwikkelingsindicatoren onder het Europese gemiddelde. Kan de nieuwe meerderheid MR\/Les Engag\u00e9s het gewest in \u00e9\u00e9n legislatuur op het goede spoor zetten?\u00a0 Vijf economische herstelplannen in [&hellip;]<\/p>\n","protected":false},"author":40,"featured_media":6922,"comment_status":"closed","ping_status":"closed","sticky":false,"template":"","format":"standard","meta":{"_acf_changed":false,"inline_featured_image":false,"footnotes":""},"categories":[39],"tags":[],"class_list":{"0":"post-5599","1":"post","2":"type-post","3":"status-publish","4":"format-standard","5":"has-post-thumbnail","7":"category-politiek"},"acf":[],"auteur_traducteur":"","yoast_head":"<!-- This site is optimized with the Yoast SEO plugin v27.4 - https:\/\/yoast.com\/product\/yoast-seo-wordpress\/ -->\n<title>Uitdagingen en belangen voor de nieuwe meerderheid MR\/Engag\u00e9s: kunnen ze Walloni\u00eb in 5 jaar herstellen? | Forbes Belgi\u00eb<\/title>\n<meta name=\"description\" content=\"Kan Walloni\u00eb zich in 5 jaar herstellen? Analyse van de uitdagingen voor de nieuwe meerderheid MR\/Engag\u00e9s volgens 4 experts.\" \/>\n<meta name=\"robots\" content=\"index, follow, max-snippet:-1, max-image-preview:large, max-video-preview:-1\" \/>\n<link rel=\"canonical\" href=\"https:\/\/www.forbes.be\/nl\/uitdagingen-en-belangen-voor-de-nieuwe-meerderheid-mr-engages-kunnen-ze-wallonie-in-5-jaar-herstellen\/\" \/>\n<meta property=\"og:locale\" content=\"nl_BE\" \/>\n<meta property=\"og:type\" content=\"article\" \/>\n<meta property=\"og:title\" content=\"Uitdagingen en belangen voor de nieuwe meerderheid MR\/Engag\u00e9s: kunnen ze Walloni\u00eb in 5 jaar herstellen? | Forbes Belgi\u00eb\" \/>\n<meta property=\"og:description\" content=\"Kan Walloni\u00eb zich in 5 jaar herstellen? Analyse van de uitdagingen voor de nieuwe meerderheid MR\/Engag\u00e9s volgens 4 experts.\" \/>\n<meta property=\"og:url\" content=\"https:\/\/www.forbes.be\/nl\/uitdagingen-en-belangen-voor-de-nieuwe-meerderheid-mr-engages-kunnen-ze-wallonie-in-5-jaar-herstellen\/\" \/>\n<meta property=\"og:site_name\" content=\"Forbes Belgi\u00eb\" \/>\n<meta property=\"article:publisher\" content=\"https:\/\/www.facebook.com\/forbesbelgie\" \/>\n<meta property=\"article:published_time\" content=\"2024-12-31T09:00:44+00:00\" \/>\n<meta property=\"article:modified_time\" content=\"2025-01-08T09:22:26+00:00\" \/>\n<meta property=\"og:image\" content=\"https:\/\/www.forbes.be\/nl\/wp-content\/uploads\/2024\/12\/capture-decran-2025-01-08-a-102137-1024x531.png\" \/>\n\t<meta property=\"og:image:width\" content=\"1024\" \/>\n\t<meta property=\"og:image:height\" content=\"531\" \/>\n\t<meta property=\"og:image:type\" content=\"image\/png\" \/>\n<meta name=\"author\" content=\"Thierry Fiorilli\" \/>\n<meta name=\"twitter:card\" content=\"summary_large_image\" \/>\n<meta name=\"twitter:label1\" content=\"Geschreven door\" \/>\n\t<meta name=\"twitter:data1\" content=\"Thierry Fiorilli\" \/>\n\t<meta name=\"twitter:label2\" content=\"Geschatte leestijd\" \/>\n\t<meta name=\"twitter:data2\" content=\"15 minuten\" \/>\n<script type=\"application\/ld+json\" class=\"yoast-schema-graph\">{\"@context\":\"https:\\\/\\\/schema.org\",\"@graph\":[{\"@type\":\"NewsArticle\",\"@id\":\"https:\\\/\\\/www.forbes.be\\\/nl\\\/uitdagingen-en-belangen-voor-de-nieuwe-meerderheid-mr-engages-kunnen-ze-wallonie-in-5-jaar-herstellen\\\/#article\",\"isPartOf\":{\"@id\":\"https:\\\/\\\/www.forbes.be\\\/nl\\\/uitdagingen-en-belangen-voor-de-nieuwe-meerderheid-mr-engages-kunnen-ze-wallonie-in-5-jaar-herstellen\\\/\"},\"author\":{\"name\":\"Thierry Fiorilli\",\"@id\":\"https:\\\/\\\/www.forbes.be\\\/nl\\\/#\\\/schema\\\/person\\\/cade3881268e8519cd06bc4cc909e02d\"},\"headline\":\"Uitdagingen en belangen voor de nieuwe meerderheid MR\\\/Engag\u00e9s: kunnen ze Walloni\u00eb in 5 jaar herstellen?\",\"datePublished\":\"2024-12-31T09:00:44+00:00\",\"dateModified\":\"2025-01-08T09:22:26+00:00\",\"mainEntityOfPage\":{\"@id\":\"https:\\\/\\\/www.forbes.be\\\/nl\\\/uitdagingen-en-belangen-voor-de-nieuwe-meerderheid-mr-engages-kunnen-ze-wallonie-in-5-jaar-herstellen\\\/\"},\"wordCount\":2875,\"publisher\":{\"@id\":\"https:\\\/\\\/www.forbes.be\\\/nl\\\/#organization\"},\"image\":{\"@id\":\"https:\\\/\\\/www.forbes.be\\\/nl\\\/uitdagingen-en-belangen-voor-de-nieuwe-meerderheid-mr-engages-kunnen-ze-wallonie-in-5-jaar-herstellen\\\/#primaryimage\"},\"thumbnailUrl\":\"https:\\\/\\\/www.forbes.be\\\/nl\\\/wp-content\\\/uploads\\\/2024\\\/12\\\/capture-decran-2025-01-08-a-102137.png\",\"articleSection\":[\"Politiek\"],\"inLanguage\":\"nl-BE\"},{\"@type\":\"WebPage\",\"@id\":\"https:\\\/\\\/www.forbes.be\\\/nl\\\/uitdagingen-en-belangen-voor-de-nieuwe-meerderheid-mr-engages-kunnen-ze-wallonie-in-5-jaar-herstellen\\\/\",\"url\":\"https:\\\/\\\/www.forbes.be\\\/nl\\\/uitdagingen-en-belangen-voor-de-nieuwe-meerderheid-mr-engages-kunnen-ze-wallonie-in-5-jaar-herstellen\\\/\",\"name\":\"Uitdagingen en belangen voor de nieuwe meerderheid MR\\\/Engag\u00e9s: kunnen ze Walloni\u00eb in 5 jaar herstellen? | Forbes Belgi\u00eb\",\"isPartOf\":{\"@id\":\"https:\\\/\\\/www.forbes.be\\\/nl\\\/#website\"},\"primaryImageOfPage\":{\"@id\":\"https:\\\/\\\/www.forbes.be\\\/nl\\\/uitdagingen-en-belangen-voor-de-nieuwe-meerderheid-mr-engages-kunnen-ze-wallonie-in-5-jaar-herstellen\\\/#primaryimage\"},\"image\":{\"@id\":\"https:\\\/\\\/www.forbes.be\\\/nl\\\/uitdagingen-en-belangen-voor-de-nieuwe-meerderheid-mr-engages-kunnen-ze-wallonie-in-5-jaar-herstellen\\\/#primaryimage\"},\"thumbnailUrl\":\"https:\\\/\\\/www.forbes.be\\\/nl\\\/wp-content\\\/uploads\\\/2024\\\/12\\\/capture-decran-2025-01-08-a-102137.png\",\"datePublished\":\"2024-12-31T09:00:44+00:00\",\"dateModified\":\"2025-01-08T09:22:26+00:00\",\"description\":\"Kan Walloni\u00eb zich in 5 jaar herstellen? Analyse van de uitdagingen voor de nieuwe meerderheid MR\\\/Engag\u00e9s volgens 4 experts.\",\"breadcrumb\":{\"@id\":\"https:\\\/\\\/www.forbes.be\\\/nl\\\/uitdagingen-en-belangen-voor-de-nieuwe-meerderheid-mr-engages-kunnen-ze-wallonie-in-5-jaar-herstellen\\\/#breadcrumb\"},\"inLanguage\":\"nl-BE\",\"potentialAction\":[{\"@type\":\"ReadAction\",\"target\":[\"https:\\\/\\\/www.forbes.be\\\/nl\\\/uitdagingen-en-belangen-voor-de-nieuwe-meerderheid-mr-engages-kunnen-ze-wallonie-in-5-jaar-herstellen\\\/\"]}]},{\"@type\":\"ImageObject\",\"inLanguage\":\"nl-BE\",\"@id\":\"https:\\\/\\\/www.forbes.be\\\/nl\\\/uitdagingen-en-belangen-voor-de-nieuwe-meerderheid-mr-engages-kunnen-ze-wallonie-in-5-jaar-herstellen\\\/#primaryimage\",\"url\":\"https:\\\/\\\/www.forbes.be\\\/nl\\\/wp-content\\\/uploads\\\/2024\\\/12\\\/capture-decran-2025-01-08-a-102137.png\",\"contentUrl\":\"https:\\\/\\\/www.forbes.be\\\/nl\\\/wp-content\\\/uploads\\\/2024\\\/12\\\/capture-decran-2025-01-08-a-102137.png\",\"width\":2384,\"height\":1236},{\"@type\":\"BreadcrumbList\",\"@id\":\"https:\\\/\\\/www.forbes.be\\\/nl\\\/uitdagingen-en-belangen-voor-de-nieuwe-meerderheid-mr-engages-kunnen-ze-wallonie-in-5-jaar-herstellen\\\/#breadcrumb\",\"itemListElement\":[{\"@type\":\"ListItem\",\"position\":1,\"name\":\"Accueil\",\"item\":\"https:\\\/\\\/www.forbes.be\\\/nl\\\/\"},{\"@type\":\"ListItem\",\"position\":2,\"name\":\"Uitdagingen en belangen voor de nieuwe meerderheid MR\\\/Engag\u00e9s: kunnen ze Walloni\u00eb in 5 jaar herstellen?\"}]},{\"@type\":\"WebSite\",\"@id\":\"https:\\\/\\\/www.forbes.be\\\/nl\\\/#website\",\"url\":\"https:\\\/\\\/www.forbes.be\\\/nl\\\/\",\"name\":\"Forbes Belgi\u00eb\",\"description\":\"\",\"publisher\":{\"@id\":\"https:\\\/\\\/www.forbes.be\\\/nl\\\/#organization\"},\"potentialAction\":[{\"@type\":\"SearchAction\",\"target\":{\"@type\":\"EntryPoint\",\"urlTemplate\":\"https:\\\/\\\/www.forbes.be\\\/nl\\\/?s={search_term_string}\"},\"query-input\":{\"@type\":\"PropertyValueSpecification\",\"valueRequired\":true,\"valueName\":\"search_term_string\"}}],\"inLanguage\":\"nl-BE\"},{\"@type\":\"Organization\",\"@id\":\"https:\\\/\\\/www.forbes.be\\\/nl\\\/#organization\",\"name\":\"Forbes Belgi\u00eb\",\"url\":\"https:\\\/\\\/www.forbes.be\\\/nl\\\/\",\"logo\":{\"@type\":\"ImageObject\",\"inLanguage\":\"nl-BE\",\"@id\":\"https:\\\/\\\/www.forbes.be\\\/nl\\\/#\\\/schema\\\/logo\\\/image\\\/\",\"url\":\"https:\\\/\\\/www.forbes.be\\\/nl\\\/wp-content\\\/uploads\\\/2024\\\/02\\\/forbes.be_.png\",\"contentUrl\":\"https:\\\/\\\/www.forbes.be\\\/nl\\\/wp-content\\\/uploads\\\/2024\\\/02\\\/forbes.be_.png\",\"width\":1200,\"height\":675,\"caption\":\"Forbes Belgi\u00eb\"},\"image\":{\"@id\":\"https:\\\/\\\/www.forbes.be\\\/nl\\\/#\\\/schema\\\/logo\\\/image\\\/\"},\"sameAs\":[\"https:\\\/\\\/www.facebook.com\\\/forbesbelgie\",\"https:\\\/\\\/www.instagram.com\\\/Forbes_Belgium\",\"https:\\\/\\\/www.linkedin.com\\\/company\\\/forbes-belgium\\\/\"]},{\"@type\":\"Person\",\"@id\":\"https:\\\/\\\/www.forbes.be\\\/nl\\\/#\\\/schema\\\/person\\\/cade3881268e8519cd06bc4cc909e02d\",\"name\":\"Thierry Fiorilli\",\"image\":{\"@type\":\"ImageObject\",\"inLanguage\":\"nl-BE\",\"@id\":\"https:\\\/\\\/secure.gravatar.com\\\/avatar\\\/51bc88f6c9434ff45179ac962c4c8760326ae972440694a0c30845a022502889?s=96&d=mm&r=g\",\"url\":\"https:\\\/\\\/secure.gravatar.com\\\/avatar\\\/51bc88f6c9434ff45179ac962c4c8760326ae972440694a0c30845a022502889?s=96&d=mm&r=g\",\"contentUrl\":\"https:\\\/\\\/secure.gravatar.com\\\/avatar\\\/51bc88f6c9434ff45179ac962c4c8760326ae972440694a0c30845a022502889?s=96&d=mm&r=g\",\"caption\":\"Thierry Fiorilli\"},\"url\":\"https:\\\/\\\/www.forbes.be\\\/nl\\\/author\\\/thierry-fiorilli\\\/\"}]}<\/script>\n<!-- \/ Yoast SEO plugin. -->","yoast_head_json":{"title":"Uitdagingen en belangen voor de nieuwe meerderheid MR\/Engag\u00e9s: kunnen ze Walloni\u00eb in 5 jaar herstellen? | Forbes Belgi\u00eb","description":"Kan Walloni\u00eb zich in 5 jaar herstellen? Analyse van de uitdagingen voor de nieuwe meerderheid MR\/Engag\u00e9s volgens 4 experts.","robots":{"index":"index","follow":"follow","max-snippet":"max-snippet:-1","max-image-preview":"max-image-preview:large","max-video-preview":"max-video-preview:-1"},"canonical":"https:\/\/www.forbes.be\/nl\/uitdagingen-en-belangen-voor-de-nieuwe-meerderheid-mr-engages-kunnen-ze-wallonie-in-5-jaar-herstellen\/","og_locale":"nl_BE","og_type":"article","og_title":"Uitdagingen en belangen voor de nieuwe meerderheid MR\/Engag\u00e9s: kunnen ze Walloni\u00eb in 5 jaar herstellen? | Forbes Belgi\u00eb","og_description":"Kan Walloni\u00eb zich in 5 jaar herstellen? Analyse van de uitdagingen voor de nieuwe meerderheid MR\/Engag\u00e9s volgens 4 experts.","og_url":"https:\/\/www.forbes.be\/nl\/uitdagingen-en-belangen-voor-de-nieuwe-meerderheid-mr-engages-kunnen-ze-wallonie-in-5-jaar-herstellen\/","og_site_name":"Forbes Belgi\u00eb","article_publisher":"https:\/\/www.facebook.com\/forbesbelgie","article_published_time":"2024-12-31T09:00:44+00:00","article_modified_time":"2025-01-08T09:22:26+00:00","og_image":[{"width":1024,"height":531,"url":"https:\/\/www.forbes.be\/nl\/wp-content\/uploads\/2024\/12\/capture-decran-2025-01-08-a-102137-1024x531.png","type":"image\/png"}],"author":"Thierry Fiorilli","twitter_card":"summary_large_image","twitter_misc":{"Geschreven door":"Thierry Fiorilli","Geschatte leestijd":"15 minuten"},"schema":{"@context":"https:\/\/schema.org","@graph":[{"@type":"NewsArticle","@id":"https:\/\/www.forbes.be\/nl\/uitdagingen-en-belangen-voor-de-nieuwe-meerderheid-mr-engages-kunnen-ze-wallonie-in-5-jaar-herstellen\/#article","isPartOf":{"@id":"https:\/\/www.forbes.be\/nl\/uitdagingen-en-belangen-voor-de-nieuwe-meerderheid-mr-engages-kunnen-ze-wallonie-in-5-jaar-herstellen\/"},"author":{"name":"Thierry Fiorilli","@id":"https:\/\/www.forbes.be\/nl\/#\/schema\/person\/cade3881268e8519cd06bc4cc909e02d"},"headline":"Uitdagingen en belangen voor de nieuwe meerderheid MR\/Engag\u00e9s: kunnen ze Walloni\u00eb in 5 jaar herstellen?","datePublished":"2024-12-31T09:00:44+00:00","dateModified":"2025-01-08T09:22:26+00:00","mainEntityOfPage":{"@id":"https:\/\/www.forbes.be\/nl\/uitdagingen-en-belangen-voor-de-nieuwe-meerderheid-mr-engages-kunnen-ze-wallonie-in-5-jaar-herstellen\/"},"wordCount":2875,"publisher":{"@id":"https:\/\/www.forbes.be\/nl\/#organization"},"image":{"@id":"https:\/\/www.forbes.be\/nl\/uitdagingen-en-belangen-voor-de-nieuwe-meerderheid-mr-engages-kunnen-ze-wallonie-in-5-jaar-herstellen\/#primaryimage"},"thumbnailUrl":"https:\/\/www.forbes.be\/nl\/wp-content\/uploads\/2024\/12\/capture-decran-2025-01-08-a-102137.png","articleSection":["Politiek"],"inLanguage":"nl-BE"},{"@type":"WebPage","@id":"https:\/\/www.forbes.be\/nl\/uitdagingen-en-belangen-voor-de-nieuwe-meerderheid-mr-engages-kunnen-ze-wallonie-in-5-jaar-herstellen\/","url":"https:\/\/www.forbes.be\/nl\/uitdagingen-en-belangen-voor-de-nieuwe-meerderheid-mr-engages-kunnen-ze-wallonie-in-5-jaar-herstellen\/","name":"Uitdagingen en belangen voor de nieuwe meerderheid MR\/Engag\u00e9s: kunnen ze Walloni\u00eb in 5 jaar herstellen? | Forbes Belgi\u00eb","isPartOf":{"@id":"https:\/\/www.forbes.be\/nl\/#website"},"primaryImageOfPage":{"@id":"https:\/\/www.forbes.be\/nl\/uitdagingen-en-belangen-voor-de-nieuwe-meerderheid-mr-engages-kunnen-ze-wallonie-in-5-jaar-herstellen\/#primaryimage"},"image":{"@id":"https:\/\/www.forbes.be\/nl\/uitdagingen-en-belangen-voor-de-nieuwe-meerderheid-mr-engages-kunnen-ze-wallonie-in-5-jaar-herstellen\/#primaryimage"},"thumbnailUrl":"https:\/\/www.forbes.be\/nl\/wp-content\/uploads\/2024\/12\/capture-decran-2025-01-08-a-102137.png","datePublished":"2024-12-31T09:00:44+00:00","dateModified":"2025-01-08T09:22:26+00:00","description":"Kan Walloni\u00eb zich in 5 jaar herstellen? Analyse van de uitdagingen voor de nieuwe meerderheid MR\/Engag\u00e9s volgens 4 experts.","breadcrumb":{"@id":"https:\/\/www.forbes.be\/nl\/uitdagingen-en-belangen-voor-de-nieuwe-meerderheid-mr-engages-kunnen-ze-wallonie-in-5-jaar-herstellen\/#breadcrumb"},"inLanguage":"nl-BE","potentialAction":[{"@type":"ReadAction","target":["https:\/\/www.forbes.be\/nl\/uitdagingen-en-belangen-voor-de-nieuwe-meerderheid-mr-engages-kunnen-ze-wallonie-in-5-jaar-herstellen\/"]}]},{"@type":"ImageObject","inLanguage":"nl-BE","@id":"https:\/\/www.forbes.be\/nl\/uitdagingen-en-belangen-voor-de-nieuwe-meerderheid-mr-engages-kunnen-ze-wallonie-in-5-jaar-herstellen\/#primaryimage","url":"https:\/\/www.forbes.be\/nl\/wp-content\/uploads\/2024\/12\/capture-decran-2025-01-08-a-102137.png","contentUrl":"https:\/\/www.forbes.be\/nl\/wp-content\/uploads\/2024\/12\/capture-decran-2025-01-08-a-102137.png","width":2384,"height":1236},{"@type":"BreadcrumbList","@id":"https:\/\/www.forbes.be\/nl\/uitdagingen-en-belangen-voor-de-nieuwe-meerderheid-mr-engages-kunnen-ze-wallonie-in-5-jaar-herstellen\/#breadcrumb","itemListElement":[{"@type":"ListItem","position":1,"name":"Accueil","item":"https:\/\/www.forbes.be\/nl\/"},{"@type":"ListItem","position":2,"name":"Uitdagingen en belangen voor de nieuwe meerderheid MR\/Engag\u00e9s: kunnen ze Walloni\u00eb in 5 jaar herstellen?"}]},{"@type":"WebSite","@id":"https:\/\/www.forbes.be\/nl\/#website","url":"https:\/\/www.forbes.be\/nl\/","name":"Forbes Belgi\u00eb","description":"","publisher":{"@id":"https:\/\/www.forbes.be\/nl\/#organization"},"potentialAction":[{"@type":"SearchAction","target":{"@type":"EntryPoint","urlTemplate":"https:\/\/www.forbes.be\/nl\/?s={search_term_string}"},"query-input":{"@type":"PropertyValueSpecification","valueRequired":true,"valueName":"search_term_string"}}],"inLanguage":"nl-BE"},{"@type":"Organization","@id":"https:\/\/www.forbes.be\/nl\/#organization","name":"Forbes Belgi\u00eb","url":"https:\/\/www.forbes.be\/nl\/","logo":{"@type":"ImageObject","inLanguage":"nl-BE","@id":"https:\/\/www.forbes.be\/nl\/#\/schema\/logo\/image\/","url":"https:\/\/www.forbes.be\/nl\/wp-content\/uploads\/2024\/02\/forbes.be_.png","contentUrl":"https:\/\/www.forbes.be\/nl\/wp-content\/uploads\/2024\/02\/forbes.be_.png","width":1200,"height":675,"caption":"Forbes Belgi\u00eb"},"image":{"@id":"https:\/\/www.forbes.be\/nl\/#\/schema\/logo\/image\/"},"sameAs":["https:\/\/www.facebook.com\/forbesbelgie","https:\/\/www.instagram.com\/Forbes_Belgium","https:\/\/www.linkedin.com\/company\/forbes-belgium\/"]},{"@type":"Person","@id":"https:\/\/www.forbes.be\/nl\/#\/schema\/person\/cade3881268e8519cd06bc4cc909e02d","name":"Thierry Fiorilli","image":{"@type":"ImageObject","inLanguage":"nl-BE","@id":"https:\/\/secure.gravatar.com\/avatar\/51bc88f6c9434ff45179ac962c4c8760326ae972440694a0c30845a022502889?s=96&d=mm&r=g","url":"https:\/\/secure.gravatar.com\/avatar\/51bc88f6c9434ff45179ac962c4c8760326ae972440694a0c30845a022502889?s=96&d=mm&r=g","contentUrl":"https:\/\/secure.gravatar.com\/avatar\/51bc88f6c9434ff45179ac962c4c8760326ae972440694a0c30845a022502889?s=96&d=mm&r=g","caption":"Thierry Fiorilli"},"url":"https:\/\/www.forbes.be\/nl\/author\/thierry-fiorilli\/"}]}},"_links":{"self":[{"href":"https:\/\/www.forbes.be\/nl\/wp-json\/wp\/v2\/posts\/5599","targetHints":{"allow":["GET"]}}],"collection":[{"href":"https:\/\/www.forbes.be\/nl\/wp-json\/wp\/v2\/posts"}],"about":[{"href":"https:\/\/www.forbes.be\/nl\/wp-json\/wp\/v2\/types\/post"}],"author":[{"embeddable":true,"href":"https:\/\/www.forbes.be\/nl\/wp-json\/wp\/v2\/users\/40"}],"replies":[{"embeddable":true,"href":"https:\/\/www.forbes.be\/nl\/wp-json\/wp\/v2\/comments?post=5599"}],"version-history":[{"count":5,"href":"https:\/\/www.forbes.be\/nl\/wp-json\/wp\/v2\/posts\/5599\/revisions"}],"predecessor-version":[{"id":6863,"href":"https:\/\/www.forbes.be\/nl\/wp-json\/wp\/v2\/posts\/5599\/revisions\/6863"}],"wp:featuredmedia":[{"embeddable":true,"href":"https:\/\/www.forbes.be\/nl\/wp-json\/wp\/v2\/media\/6922"}],"wp:attachment":[{"href":"https:\/\/www.forbes.be\/nl\/wp-json\/wp\/v2\/media?parent=5599"}],"wp:term":[{"taxonomy":"category","embeddable":true,"href":"https:\/\/www.forbes.be\/nl\/wp-json\/wp\/v2\/categories?post=5599"},{"taxonomy":"post_tag","embeddable":true,"href":"https:\/\/www.forbes.be\/nl\/wp-json\/wp\/v2\/tags?post=5599"}],"curies":[{"name":"wp","href":"https:\/\/api.w.org\/{rel}","templated":true}]}}