{"id":5888,"date":"2024-12-10T11:00:11","date_gmt":"2024-12-10T10:00:11","guid":{"rendered":"https:\/\/www.forbes.be\/nl\/?p=5888"},"modified":"2026-02-24T19:00:50","modified_gmt":"2026-02-24T18:00:50","slug":"sparki-een-belgisch-icoon-in-de-elektrische-revolutie","status":"publish","type":"post","link":"https:\/\/www.forbes.be\/nl\/sparki-een-belgisch-icoon-in-de-elektrische-revolutie\/","title":{"rendered":"Sparki, een Belgisch icoon in de elektrische revolutie"},"content":{"rendered":"<p><strong>In de snel veranderende wereld van elektrische mobiliteit is <a href=\"https:\/\/sparki.be\/\" target=\"_blank\" rel=\"noopener\">Sparki<\/a> een naam die steeds vaker opduikt. Deze Belgische start-up maakt indruk met baanbrekende innovaties en een vastberadenheid om de toekomst van het opladen van elektrische voertuigen vorm te geven. Het bedrijf onderscheidt zich niet alleen door zijn prestaties, maar ook door zijn vooruitstrevende visie op duurzame energie en mobiliteit.<\/strong><\/p>\n<p><a href=\"https:\/\/sparki.be\/\" target=\"_blank\" rel=\"noopener\">Sparki<\/a> heeft de lat hoog gelegd met de introductie van ultrasnelladers die een vermogen tot 300 kW kunnen leveren. Hiermee kunnen bestuurders in slechts vijf minuten tot 100 km rijbereik opladen, afhankelijk van het voertuigmodel. Maar de ambities van Sparki reiken verder. Momenteel werkt het bedrijf aan de ontwikkeling van laadpalen met een indrukwekkend vermogen van 720 kW, wat de laadtijden nog verder zal verkorten.<\/p>\n<figure id=\"attachment_5891\" aria-describedby=\"caption-attachment-5891\" style=\"width: 688px\" class=\"wp-caption alignnone\"><img loading=\"lazy\" decoding=\"async\" class=\" wp-image-5891\" src=\"https:\/\/www.forbes.be\/nl\/wp-content\/uploads\/2024\/11\/MCForbes-horizontal-4-300x157.png\" alt=\"\" width=\"688\" height=\"360\" srcset=\"https:\/\/www.forbes.be\/nl\/wp-content\/uploads\/2024\/11\/MCForbes-horizontal-4-300x157.png 300w, https:\/\/www.forbes.be\/nl\/wp-content\/uploads\/2024\/11\/MCForbes-horizontal-4-1024x536.png 1024w, https:\/\/www.forbes.be\/nl\/wp-content\/uploads\/2024\/11\/MCForbes-horizontal-4-768x402.png 768w, https:\/\/www.forbes.be\/nl\/wp-content\/uploads\/2024\/11\/MCForbes-horizontal-4-696x364.png 696w, https:\/\/www.forbes.be\/nl\/wp-content\/uploads\/2024\/11\/MCForbes-horizontal-4-1068x559.png 1068w, https:\/\/www.forbes.be\/nl\/wp-content\/uploads\/2024\/11\/MCForbes-horizontal-4-600x314.png 600w, https:\/\/www.forbes.be\/nl\/wp-content\/uploads\/2024\/11\/MCForbes-horizontal-4.png 1280w\" sizes=\"auto, (max-width: 688px) 100vw, 688px\" \/><figcaption id=\"caption-attachment-5891\" class=\"wp-caption-text\">\u00a9 Sparki<\/figcaption><\/figure>\n<h2><strong>Uitgebreide laadstructuur <\/strong><\/h2>\n<p>Naast het ultrasnelle netwerk streeft <a href=\"https:\/\/sparki.be\/\" target=\"_blank\" rel=\"noopener\">Sparki<\/a> ernaar een uitgebreid netwerk van &#8220;trage&#8221; laadpalen uit te rollen, gericht op zowel bedrijven als huishoudens. Deze laadpalen zullen vermogens vari\u00ebrend van 3,7 kW tot 22 kW bieden, wat betekent dat er in de nabije toekomst duizenden extra laadpalen zullen worden ge\u00efnstalleerd. Deze aanpak zorgt ervoor dat zowel snelle als langzame laadsessies effici\u00ebnt en toegankelijk zijn voor iedereen.<\/p>\n<p>Met een ambitieuze investering van bijna 100 miljoen euro is Sparki van plan om tegen eind 2025 maar liefst 600 ultrasnelle laadpalen te installeren. Deze investering dekt niet alleen de kosten voor het versterken van het netwerk, maar ook voor de aanleg van de benodigde infrastructuur. Opvallend is dat 40% van deze nieuwe infrastructuur in Walloni\u00eb zal worden geplaatst, waarmee Sparki bijdraagt aan de regionale ontwikkeling.<\/p>\n<p>Peter Buyckx, CEO van <a href=\"https:\/\/sparki.be\/\" target=\"_blank\" rel=\"noopener\">Sparki<\/a>, benadrukt de ambitie van het bedrijf: \u201cHet is absoluut onze ambitie om het grootste laadnetwerk in heel Belgi\u00eb te hebben. De investering van Gridlink, Ethias en Wallonie Entreprendre begin 2024 sluit perfect aan bij onze strategie richting energietransitie in Belgi\u00eb.\u201d<\/p>\n<figure id=\"attachment_5890\" aria-describedby=\"caption-attachment-5890\" style=\"width: 673px\" class=\"wp-caption alignnone\"><img loading=\"lazy\" decoding=\"async\" class=\" wp-image-5890\" src=\"https:\/\/www.forbes.be\/nl\/wp-content\/uploads\/2024\/11\/MCForbes-horizontal-3-300x157.png\" alt=\"\" width=\"673\" height=\"352\" srcset=\"https:\/\/www.forbes.be\/nl\/wp-content\/uploads\/2024\/11\/MCForbes-horizontal-3-300x157.png 300w, https:\/\/www.forbes.be\/nl\/wp-content\/uploads\/2024\/11\/MCForbes-horizontal-3-1024x536.png 1024w, https:\/\/www.forbes.be\/nl\/wp-content\/uploads\/2024\/11\/MCForbes-horizontal-3-768x402.png 768w, https:\/\/www.forbes.be\/nl\/wp-content\/uploads\/2024\/11\/MCForbes-horizontal-3-696x364.png 696w, https:\/\/www.forbes.be\/nl\/wp-content\/uploads\/2024\/11\/MCForbes-horizontal-3-1068x559.png 1068w, https:\/\/www.forbes.be\/nl\/wp-content\/uploads\/2024\/11\/MCForbes-horizontal-3-600x314.png 600w, https:\/\/www.forbes.be\/nl\/wp-content\/uploads\/2024\/11\/MCForbes-horizontal-3.png 1280w\" sizes=\"auto, (max-width: 673px) 100vw, 673px\" \/><figcaption id=\"caption-attachment-5890\" class=\"wp-caption-text\">\u00a9 Sparki<\/figcaption><\/figure>\n<p>Tot nu toe heeft <a href=\"https:\/\/sparki.be\/\" target=\"_blank\" rel=\"noopener\">Sparki<\/a> zich voornamelijk gericht op Vlaanderen, waar het merendeel van de Belgische elektrische voertuigen rondrijdt. In 2023 opende Sparki echter zijn eerste Waalse laadstation in Gembloux (Sauvini\u00e8re), en dit jaar volgen er nog 20. Dit besluit is logisch, volgens CEO Peter Buyckx: \u201cGezien het rendement op die laadstations, was het verstandiger om primair uit te rollen in Vlaanderen. Vanaf dit jaar openen we ook in Walloni\u00eb laadstations, omdat er volgens onze data binnen dit en drie jaar een flinke groei aankomt.\u201d<\/p>\n<h2><strong>Investeringen en uitbreidingsplannen<\/strong><\/h2>\n<p>De transitie naar elektrische voertuigen versnelt in Belgi\u00eb. Momenteel rijden er ongeveer 200.000 elektrische voertuigen op de Belgische wegen, en dit aantal neemt voortdurend toe. Het marktaandeel van elektrische voertuigen is gestegen van 10,3% in 2022 naar 19,6% in 2023. Verwacht wordt dat deze groei in 2024 verder doorzet, mede dankzij gunstige fiscale maatregelen voor bedrijfswagens en aankoopsubsidies in Vlaanderen.<\/p>\n<p>Walloni\u00eb heeft eveneens ambitieuze doelen gesteld voor de laadinfrastructuur. Tegen 2026 moeten er 6.000 laadpalen (4.000 publieke en 2.000 private) worden ge\u00efnstalleerd, en tegen 2030 moeten er 40.000 laadpunten beschikbaar zijn. Bovendien moeten er minstens 1.000 laadpunten op het structurele wegennetwerk (snelwegenassen) komen. Dit is van cruciaal belang, aangezien 26% van de autobestuurders in Walloni\u00eb geen priv\u00e9parkeerplaats heeft en dus afhankelijk is van publieke laadpalen.<strong>\u00a0<\/strong><\/p>\n<figure id=\"attachment_5893\" aria-describedby=\"caption-attachment-5893\" style=\"width: 463px\" class=\"wp-caption alignnone\"><img loading=\"lazy\" decoding=\"async\" class=\" wp-image-5893\" src=\"https:\/\/www.forbes.be\/nl\/wp-content\/uploads\/2014\/11\/240531_SPARKI-Opening_1430-200x300.jpg\" alt=\"\" width=\"463\" height=\"695\" srcset=\"https:\/\/www.forbes.be\/nl\/wp-content\/uploads\/2014\/11\/240531_SPARKI-Opening_1430-200x300.jpg 200w, https:\/\/www.forbes.be\/nl\/wp-content\/uploads\/2014\/11\/240531_SPARKI-Opening_1430-683x1024.jpg 683w, https:\/\/www.forbes.be\/nl\/wp-content\/uploads\/2014\/11\/240531_SPARKI-Opening_1430-768x1152.jpg 768w, https:\/\/www.forbes.be\/nl\/wp-content\/uploads\/2014\/11\/240531_SPARKI-Opening_1430-1024x1536.jpg 1024w, https:\/\/www.forbes.be\/nl\/wp-content\/uploads\/2014\/11\/240531_SPARKI-Opening_1430-1365x2048.jpg 1365w, https:\/\/www.forbes.be\/nl\/wp-content\/uploads\/2014\/11\/240531_SPARKI-Opening_1430-696x1044.jpg 696w, https:\/\/www.forbes.be\/nl\/wp-content\/uploads\/2014\/11\/240531_SPARKI-Opening_1430-1068x1602.jpg 1068w, https:\/\/www.forbes.be\/nl\/wp-content\/uploads\/2014\/11\/240531_SPARKI-Opening_1430-1920x2880.jpg 1920w, https:\/\/www.forbes.be\/nl\/wp-content\/uploads\/2014\/11\/240531_SPARKI-Opening_1430-600x900.jpg 600w, https:\/\/www.forbes.be\/nl\/wp-content\/uploads\/2014\/11\/240531_SPARKI-Opening_1430-scaled.jpg 1706w\" sizes=\"auto, (max-width: 463px) 100vw, 463px\" \/><figcaption id=\"caption-attachment-5893\" class=\"wp-caption-text\">\u00a9 Sparki<\/figcaption><\/figure>\n<p><a href=\"https:\/\/sparki.be\/\" target=\"_blank\" rel=\"noopener\">Sparki<\/a> is niet zomaar een Belgische operator; het is een pionier in de elektrische revolutie. Met ambitieuze plannen, aanzienlijke investeringen en innovatieve technologie\u00ebn is Sparki goed gepositioneerd om een leidende rol te spelen in de toekomst van elektrische mobiliteit in Belgi\u00eb. De combinatie van ultrasnelle en reguliere laadpalen zorgt ervoor dat het bedrijf tegemoetkomt aan de groeiende vraag naar effici\u00ebnte en toegankelijke laadinfrastructuur. Sparki is klaar om de Belgische wegen te transformeren en de groene mobiliteit van morgen mogelijk te maken.<\/p>\n<p>Dit artikel is geschreven in nauwe samenwerking met <a href=\"https:\/\/sparki.be\/\" target=\"_blank\" rel=\"noopener\">Sparki<\/a>.<\/p>\n","protected":false},"excerpt":{"rendered":"<p>In de snel veranderende wereld van elektrische mobiliteit is Sparki een naam die steeds vaker opduikt. Deze Belgische start-up maakt indruk met baanbrekende innovaties en een vastberadenheid om de toekomst van het opladen van elektrische voertuigen vorm te geven. Het bedrijf onderscheidt zich niet alleen door zijn prestaties, maar ook door zijn vooruitstrevende visie op [&hellip;]<\/p>\n","protected":false},"author":5,"featured_media":5889,"comment_status":"closed","ping_status":"closed","sticky":false,"template":"","format":"standard","meta":{"_acf_changed":false,"inline_featured_image":false,"footnotes":""},"categories":[693],"tags":[],"class_list":{"0":"post-5888","1":"post","2":"type-post","3":"status-publish","4":"format-standard","5":"has-post-thumbnail","7":"category-brandvoice"},"acf":[],"auteur_traducteur":"","yoast_head":"<!-- This site is optimized with the Yoast SEO plugin v27.4 - https:\/\/yoast.com\/product\/yoast-seo-wordpress\/ -->\n<title>Sparki, een Belgisch icoon in de elektrische revolutie | Forbes Belgi\u00eb<\/title>\n<meta name=\"robots\" content=\"index, follow, max-snippet:-1, max-image-preview:large, max-video-preview:-1\" \/>\n<link rel=\"canonical\" href=\"https:\/\/www.forbes.be\/nl\/sparki-een-belgisch-icoon-in-de-elektrische-revolutie\/\" \/>\n<meta property=\"og:locale\" content=\"nl_BE\" \/>\n<meta property=\"og:type\" content=\"article\" \/>\n<meta property=\"og:title\" content=\"Sparki, een Belgisch icoon in de elektrische revolutie | Forbes Belgi\u00eb\" \/>\n<meta property=\"og:description\" content=\"In de snel veranderende wereld van elektrische mobiliteit is Sparki een naam die steeds vaker opduikt. Deze Belgische start-up maakt indruk met baanbrekende innovaties en een vastberadenheid om de toekomst van het opladen van elektrische voertuigen vorm te geven. Het bedrijf onderscheidt zich niet alleen door zijn prestaties, maar ook door zijn vooruitstrevende visie op [&hellip;]\" \/>\n<meta property=\"og:url\" content=\"https:\/\/www.forbes.be\/nl\/sparki-een-belgisch-icoon-in-de-elektrische-revolutie\/\" \/>\n<meta property=\"og:site_name\" content=\"Forbes Belgi\u00eb\" \/>\n<meta property=\"article:publisher\" content=\"https:\/\/www.facebook.com\/forbesbelgie\" \/>\n<meta property=\"article:published_time\" content=\"2024-12-10T10:00:11+00:00\" \/>\n<meta property=\"article:modified_time\" content=\"2026-02-24T18:00:50+00:00\" \/>\n<meta property=\"og:image\" content=\"https:\/\/www.forbes.be\/nl\/wp-content\/uploads\/2024\/11\/MCForbes-horizontal-2.png\" \/>\n\t<meta property=\"og:image:width\" content=\"1280\" \/>\n\t<meta property=\"og:image:height\" content=\"670\" \/>\n\t<meta property=\"og:image:type\" content=\"image\/png\" \/>\n<meta name=\"author\" content=\"BRANDVOICE | Sponsored Content\" \/>\n<meta name=\"twitter:card\" content=\"summary_large_image\" \/>\n<meta name=\"twitter:label1\" content=\"Geschreven door\" \/>\n\t<meta name=\"twitter:data1\" content=\"BRANDVOICE | Sponsored Content\" \/>\n\t<meta name=\"twitter:label2\" content=\"Geschatte leestijd\" \/>\n\t<meta name=\"twitter:data2\" content=\"4 minuten\" \/>\n<script type=\"application\/ld+json\" class=\"yoast-schema-graph\">{\"@context\":\"https:\\\/\\\/schema.org\",\"@graph\":[{\"@type\":\"NewsArticle\",\"@id\":\"https:\\\/\\\/www.forbes.be\\\/nl\\\/sparki-een-belgisch-icoon-in-de-elektrische-revolutie\\\/#article\",\"isPartOf\":{\"@id\":\"https:\\\/\\\/www.forbes.be\\\/nl\\\/sparki-een-belgisch-icoon-in-de-elektrische-revolutie\\\/\"},\"author\":{\"name\":\"BRANDVOICE | Sponsored Content\",\"@id\":\"https:\\\/\\\/www.forbes.be\\\/nl\\\/#\\\/schema\\\/person\\\/5b9fff59188b938c243c0d1b8226bbce\"},\"headline\":\"Sparki, een Belgisch icoon in de elektrische revolutie\",\"datePublished\":\"2024-12-10T10:00:11+00:00\",\"dateModified\":\"2026-02-24T18:00:50+00:00\",\"mainEntityOfPage\":{\"@id\":\"https:\\\/\\\/www.forbes.be\\\/nl\\\/sparki-een-belgisch-icoon-in-de-elektrische-revolutie\\\/\"},\"wordCount\":618,\"publisher\":{\"@id\":\"https:\\\/\\\/www.forbes.be\\\/nl\\\/#organization\"},\"image\":{\"@id\":\"https:\\\/\\\/www.forbes.be\\\/nl\\\/sparki-een-belgisch-icoon-in-de-elektrische-revolutie\\\/#primaryimage\"},\"thumbnailUrl\":\"https:\\\/\\\/www.forbes.be\\\/nl\\\/wp-content\\\/uploads\\\/2024\\\/11\\\/MCForbes-horizontal-2.png\",\"articleSection\":[\"Brandvoice\"],\"inLanguage\":\"nl-BE\"},{\"@type\":\"WebPage\",\"@id\":\"https:\\\/\\\/www.forbes.be\\\/nl\\\/sparki-een-belgisch-icoon-in-de-elektrische-revolutie\\\/\",\"url\":\"https:\\\/\\\/www.forbes.be\\\/nl\\\/sparki-een-belgisch-icoon-in-de-elektrische-revolutie\\\/\",\"name\":\"Sparki, een Belgisch icoon in de elektrische revolutie | Forbes Belgi\u00eb\",\"isPartOf\":{\"@id\":\"https:\\\/\\\/www.forbes.be\\\/nl\\\/#website\"},\"primaryImageOfPage\":{\"@id\":\"https:\\\/\\\/www.forbes.be\\\/nl\\\/sparki-een-belgisch-icoon-in-de-elektrische-revolutie\\\/#primaryimage\"},\"image\":{\"@id\":\"https:\\\/\\\/www.forbes.be\\\/nl\\\/sparki-een-belgisch-icoon-in-de-elektrische-revolutie\\\/#primaryimage\"},\"thumbnailUrl\":\"https:\\\/\\\/www.forbes.be\\\/nl\\\/wp-content\\\/uploads\\\/2024\\\/11\\\/MCForbes-horizontal-2.png\",\"datePublished\":\"2024-12-10T10:00:11+00:00\",\"dateModified\":\"2026-02-24T18:00:50+00:00\",\"breadcrumb\":{\"@id\":\"https:\\\/\\\/www.forbes.be\\\/nl\\\/sparki-een-belgisch-icoon-in-de-elektrische-revolutie\\\/#breadcrumb\"},\"inLanguage\":\"nl-BE\",\"potentialAction\":[{\"@type\":\"ReadAction\",\"target\":[\"https:\\\/\\\/www.forbes.be\\\/nl\\\/sparki-een-belgisch-icoon-in-de-elektrische-revolutie\\\/\"]}]},{\"@type\":\"ImageObject\",\"inLanguage\":\"nl-BE\",\"@id\":\"https:\\\/\\\/www.forbes.be\\\/nl\\\/sparki-een-belgisch-icoon-in-de-elektrische-revolutie\\\/#primaryimage\",\"url\":\"https:\\\/\\\/www.forbes.be\\\/nl\\\/wp-content\\\/uploads\\\/2024\\\/11\\\/MCForbes-horizontal-2.png\",\"contentUrl\":\"https:\\\/\\\/www.forbes.be\\\/nl\\\/wp-content\\\/uploads\\\/2024\\\/11\\\/MCForbes-horizontal-2.png\",\"width\":1280,\"height\":670,\"caption\":\"\u00a9 Sparki\"},{\"@type\":\"BreadcrumbList\",\"@id\":\"https:\\\/\\\/www.forbes.be\\\/nl\\\/sparki-een-belgisch-icoon-in-de-elektrische-revolutie\\\/#breadcrumb\",\"itemListElement\":[{\"@type\":\"ListItem\",\"position\":1,\"name\":\"Accueil\",\"item\":\"https:\\\/\\\/www.forbes.be\\\/nl\\\/\"},{\"@type\":\"ListItem\",\"position\":2,\"name\":\"Sparki, een Belgisch icoon in de elektrische revolutie\"}]},{\"@type\":\"WebSite\",\"@id\":\"https:\\\/\\\/www.forbes.be\\\/nl\\\/#website\",\"url\":\"https:\\\/\\\/www.forbes.be\\\/nl\\\/\",\"name\":\"Forbes Belgi\u00eb\",\"description\":\"\",\"publisher\":{\"@id\":\"https:\\\/\\\/www.forbes.be\\\/nl\\\/#organization\"},\"potentialAction\":[{\"@type\":\"SearchAction\",\"target\":{\"@type\":\"EntryPoint\",\"urlTemplate\":\"https:\\\/\\\/www.forbes.be\\\/nl\\\/?s={search_term_string}\"},\"query-input\":{\"@type\":\"PropertyValueSpecification\",\"valueRequired\":true,\"valueName\":\"search_term_string\"}}],\"inLanguage\":\"nl-BE\"},{\"@type\":\"Organization\",\"@id\":\"https:\\\/\\\/www.forbes.be\\\/nl\\\/#organization\",\"name\":\"Forbes Belgi\u00eb\",\"url\":\"https:\\\/\\\/www.forbes.be\\\/nl\\\/\",\"logo\":{\"@type\":\"ImageObject\",\"inLanguage\":\"nl-BE\",\"@id\":\"https:\\\/\\\/www.forbes.be\\\/nl\\\/#\\\/schema\\\/logo\\\/image\\\/\",\"url\":\"https:\\\/\\\/www.forbes.be\\\/nl\\\/wp-content\\\/uploads\\\/2024\\\/02\\\/forbes.be_.png\",\"contentUrl\":\"https:\\\/\\\/www.forbes.be\\\/nl\\\/wp-content\\\/uploads\\\/2024\\\/02\\\/forbes.be_.png\",\"width\":1200,\"height\":675,\"caption\":\"Forbes Belgi\u00eb\"},\"image\":{\"@id\":\"https:\\\/\\\/www.forbes.be\\\/nl\\\/#\\\/schema\\\/logo\\\/image\\\/\"},\"sameAs\":[\"https:\\\/\\\/www.facebook.com\\\/forbesbelgie\",\"https:\\\/\\\/www.instagram.com\\\/Forbes_Belgium\",\"https:\\\/\\\/www.linkedin.com\\\/company\\\/forbes-belgium\\\/\"]},{\"@type\":\"Person\",\"@id\":\"https:\\\/\\\/www.forbes.be\\\/nl\\\/#\\\/schema\\\/person\\\/5b9fff59188b938c243c0d1b8226bbce\",\"name\":\"BRANDVOICE | Sponsored Content\",\"image\":{\"@type\":\"ImageObject\",\"inLanguage\":\"nl-BE\",\"@id\":\"https:\\\/\\\/www.forbes.be\\\/nl\\\/wp-content\\\/uploads\\\/2024\\\/01\\\/forbes-thumb-150x150.jpg\",\"url\":\"https:\\\/\\\/www.forbes.be\\\/nl\\\/wp-content\\\/uploads\\\/2024\\\/01\\\/forbes-thumb-150x150.jpg\",\"contentUrl\":\"https:\\\/\\\/www.forbes.be\\\/nl\\\/wp-content\\\/uploads\\\/2024\\\/01\\\/forbes-thumb-150x150.jpg\",\"caption\":\"BRANDVOICE | Sponsored Content\"},\"url\":\"https:\\\/\\\/www.forbes.be\\\/nl\\\/author\\\/partnerforbes-be\\\/\"}]}<\/script>\n<!-- \/ Yoast SEO plugin. -->","yoast_head_json":{"title":"Sparki, een Belgisch icoon in de elektrische revolutie | Forbes Belgi\u00eb","robots":{"index":"index","follow":"follow","max-snippet":"max-snippet:-1","max-image-preview":"max-image-preview:large","max-video-preview":"max-video-preview:-1"},"canonical":"https:\/\/www.forbes.be\/nl\/sparki-een-belgisch-icoon-in-de-elektrische-revolutie\/","og_locale":"nl_BE","og_type":"article","og_title":"Sparki, een Belgisch icoon in de elektrische revolutie | Forbes Belgi\u00eb","og_description":"In de snel veranderende wereld van elektrische mobiliteit is Sparki een naam die steeds vaker opduikt. Deze Belgische start-up maakt indruk met baanbrekende innovaties en een vastberadenheid om de toekomst van het opladen van elektrische voertuigen vorm te geven. Het bedrijf onderscheidt zich niet alleen door zijn prestaties, maar ook door zijn vooruitstrevende visie op [&hellip;]","og_url":"https:\/\/www.forbes.be\/nl\/sparki-een-belgisch-icoon-in-de-elektrische-revolutie\/","og_site_name":"Forbes Belgi\u00eb","article_publisher":"https:\/\/www.facebook.com\/forbesbelgie","article_published_time":"2024-12-10T10:00:11+00:00","article_modified_time":"2026-02-24T18:00:50+00:00","og_image":[{"width":1280,"height":670,"url":"https:\/\/www.forbes.be\/nl\/wp-content\/uploads\/2024\/11\/MCForbes-horizontal-2.png","type":"image\/png"}],"author":"BRANDVOICE | Sponsored Content","twitter_card":"summary_large_image","twitter_misc":{"Geschreven door":"BRANDVOICE | Sponsored Content","Geschatte leestijd":"4 minuten"},"schema":{"@context":"https:\/\/schema.org","@graph":[{"@type":"NewsArticle","@id":"https:\/\/www.forbes.be\/nl\/sparki-een-belgisch-icoon-in-de-elektrische-revolutie\/#article","isPartOf":{"@id":"https:\/\/www.forbes.be\/nl\/sparki-een-belgisch-icoon-in-de-elektrische-revolutie\/"},"author":{"name":"BRANDVOICE | Sponsored Content","@id":"https:\/\/www.forbes.be\/nl\/#\/schema\/person\/5b9fff59188b938c243c0d1b8226bbce"},"headline":"Sparki, een Belgisch icoon in de elektrische revolutie","datePublished":"2024-12-10T10:00:11+00:00","dateModified":"2026-02-24T18:00:50+00:00","mainEntityOfPage":{"@id":"https:\/\/www.forbes.be\/nl\/sparki-een-belgisch-icoon-in-de-elektrische-revolutie\/"},"wordCount":618,"publisher":{"@id":"https:\/\/www.forbes.be\/nl\/#organization"},"image":{"@id":"https:\/\/www.forbes.be\/nl\/sparki-een-belgisch-icoon-in-de-elektrische-revolutie\/#primaryimage"},"thumbnailUrl":"https:\/\/www.forbes.be\/nl\/wp-content\/uploads\/2024\/11\/MCForbes-horizontal-2.png","articleSection":["Brandvoice"],"inLanguage":"nl-BE"},{"@type":"WebPage","@id":"https:\/\/www.forbes.be\/nl\/sparki-een-belgisch-icoon-in-de-elektrische-revolutie\/","url":"https:\/\/www.forbes.be\/nl\/sparki-een-belgisch-icoon-in-de-elektrische-revolutie\/","name":"Sparki, een Belgisch icoon in de elektrische revolutie | Forbes Belgi\u00eb","isPartOf":{"@id":"https:\/\/www.forbes.be\/nl\/#website"},"primaryImageOfPage":{"@id":"https:\/\/www.forbes.be\/nl\/sparki-een-belgisch-icoon-in-de-elektrische-revolutie\/#primaryimage"},"image":{"@id":"https:\/\/www.forbes.be\/nl\/sparki-een-belgisch-icoon-in-de-elektrische-revolutie\/#primaryimage"},"thumbnailUrl":"https:\/\/www.forbes.be\/nl\/wp-content\/uploads\/2024\/11\/MCForbes-horizontal-2.png","datePublished":"2024-12-10T10:00:11+00:00","dateModified":"2026-02-24T18:00:50+00:00","breadcrumb":{"@id":"https:\/\/www.forbes.be\/nl\/sparki-een-belgisch-icoon-in-de-elektrische-revolutie\/#breadcrumb"},"inLanguage":"nl-BE","potentialAction":[{"@type":"ReadAction","target":["https:\/\/www.forbes.be\/nl\/sparki-een-belgisch-icoon-in-de-elektrische-revolutie\/"]}]},{"@type":"ImageObject","inLanguage":"nl-BE","@id":"https:\/\/www.forbes.be\/nl\/sparki-een-belgisch-icoon-in-de-elektrische-revolutie\/#primaryimage","url":"https:\/\/www.forbes.be\/nl\/wp-content\/uploads\/2024\/11\/MCForbes-horizontal-2.png","contentUrl":"https:\/\/www.forbes.be\/nl\/wp-content\/uploads\/2024\/11\/MCForbes-horizontal-2.png","width":1280,"height":670,"caption":"\u00a9 Sparki"},{"@type":"BreadcrumbList","@id":"https:\/\/www.forbes.be\/nl\/sparki-een-belgisch-icoon-in-de-elektrische-revolutie\/#breadcrumb","itemListElement":[{"@type":"ListItem","position":1,"name":"Accueil","item":"https:\/\/www.forbes.be\/nl\/"},{"@type":"ListItem","position":2,"name":"Sparki, een Belgisch icoon in de elektrische revolutie"}]},{"@type":"WebSite","@id":"https:\/\/www.forbes.be\/nl\/#website","url":"https:\/\/www.forbes.be\/nl\/","name":"Forbes Belgi\u00eb","description":"","publisher":{"@id":"https:\/\/www.forbes.be\/nl\/#organization"},"potentialAction":[{"@type":"SearchAction","target":{"@type":"EntryPoint","urlTemplate":"https:\/\/www.forbes.be\/nl\/?s={search_term_string}"},"query-input":{"@type":"PropertyValueSpecification","valueRequired":true,"valueName":"search_term_string"}}],"inLanguage":"nl-BE"},{"@type":"Organization","@id":"https:\/\/www.forbes.be\/nl\/#organization","name":"Forbes Belgi\u00eb","url":"https:\/\/www.forbes.be\/nl\/","logo":{"@type":"ImageObject","inLanguage":"nl-BE","@id":"https:\/\/www.forbes.be\/nl\/#\/schema\/logo\/image\/","url":"https:\/\/www.forbes.be\/nl\/wp-content\/uploads\/2024\/02\/forbes.be_.png","contentUrl":"https:\/\/www.forbes.be\/nl\/wp-content\/uploads\/2024\/02\/forbes.be_.png","width":1200,"height":675,"caption":"Forbes Belgi\u00eb"},"image":{"@id":"https:\/\/www.forbes.be\/nl\/#\/schema\/logo\/image\/"},"sameAs":["https:\/\/www.facebook.com\/forbesbelgie","https:\/\/www.instagram.com\/Forbes_Belgium","https:\/\/www.linkedin.com\/company\/forbes-belgium\/"]},{"@type":"Person","@id":"https:\/\/www.forbes.be\/nl\/#\/schema\/person\/5b9fff59188b938c243c0d1b8226bbce","name":"BRANDVOICE | Sponsored Content","image":{"@type":"ImageObject","inLanguage":"nl-BE","@id":"https:\/\/www.forbes.be\/nl\/wp-content\/uploads\/2024\/01\/forbes-thumb-150x150.jpg","url":"https:\/\/www.forbes.be\/nl\/wp-content\/uploads\/2024\/01\/forbes-thumb-150x150.jpg","contentUrl":"https:\/\/www.forbes.be\/nl\/wp-content\/uploads\/2024\/01\/forbes-thumb-150x150.jpg","caption":"BRANDVOICE | Sponsored Content"},"url":"https:\/\/www.forbes.be\/nl\/author\/partnerforbes-be\/"}]}},"_links":{"self":[{"href":"https:\/\/www.forbes.be\/nl\/wp-json\/wp\/v2\/posts\/5888","targetHints":{"allow":["GET"]}}],"collection":[{"href":"https:\/\/www.forbes.be\/nl\/wp-json\/wp\/v2\/posts"}],"about":[{"href":"https:\/\/www.forbes.be\/nl\/wp-json\/wp\/v2\/types\/post"}],"author":[{"embeddable":true,"href":"https:\/\/www.forbes.be\/nl\/wp-json\/wp\/v2\/users\/5"}],"replies":[{"embeddable":true,"href":"https:\/\/www.forbes.be\/nl\/wp-json\/wp\/v2\/comments?post=5888"}],"version-history":[{"count":5,"href":"https:\/\/www.forbes.be\/nl\/wp-json\/wp\/v2\/posts\/5888\/revisions"}],"predecessor-version":[{"id":6388,"href":"https:\/\/www.forbes.be\/nl\/wp-json\/wp\/v2\/posts\/5888\/revisions\/6388"}],"wp:featuredmedia":[{"embeddable":true,"href":"https:\/\/www.forbes.be\/nl\/wp-json\/wp\/v2\/media\/5889"}],"wp:attachment":[{"href":"https:\/\/www.forbes.be\/nl\/wp-json\/wp\/v2\/media?parent=5888"}],"wp:term":[{"taxonomy":"category","embeddable":true,"href":"https:\/\/www.forbes.be\/nl\/wp-json\/wp\/v2\/categories?post=5888"},{"taxonomy":"post_tag","embeddable":true,"href":"https:\/\/www.forbes.be\/nl\/wp-json\/wp\/v2\/tags?post=5888"}],"curies":[{"name":"wp","href":"https:\/\/api.w.org\/{rel}","templated":true}]}}