{"id":6887,"date":"2025-01-07T07:00:52","date_gmt":"2025-01-07T06:00:52","guid":{"rendered":"https:\/\/www.forbes.be\/nl\/?p=6887"},"modified":"2025-01-14T14:27:05","modified_gmt":"2025-01-14T13:27:05","slug":"adelaide-charlier-30-under-30-prijs-voor-jongeren","status":"publish","type":"post","link":"https:\/\/www.forbes.be\/nl\/adelaide-charlier-30-under-30-prijs-voor-jongeren\/","title":{"rendered":"Adela\u00efde Charlier, 30 Under 30: &#8220;Een prijs voor alle jongeren die zich inzetten&#8221;"},"content":{"rendered":"<div><span style=\"font-family: arial, sans-serif;\"><a href=\"https:\/\/be.linkedin.com\/in\/adelaidecharlier\">Adela\u00efde Charlier<\/a> werd bekend bij het grote publiek in Franstalig Belgi\u00eb in 2019, tijdens de eerste klimaatstakingen in Belgi\u00eb, toen ze nog op de middelbare school zat. Ze werd toen het gezicht van de betrokken jeugd.<\/span> <span style=\"font-family: arial, sans-serif;\">De 24-jarige Naamse heeft een deel van haar jeugd als expat in Vietnam doorgebracht voordat ze terugkeerde naar Belgi\u00eb. Ze rondde afgelopen zomer haar studie af na drie jaar politieke studies aan de VUB en een masterjaar in Bestuur en Europese politiek aan het<a href=\"https:\/\/www.coleurope.eu\/fr\"> College of Europe <\/a>in Brugge. Studies die ze combineerde met haar activisme en die haar hielpen de instellingen te begrijpen die ze bekritiseerde. Nog steeds twijfelend over haar professionele toekomst besloot ze zich te distanti\u00ebren van <a href=\"https:\/\/youthforclimate.be\/\">Youth For Climate Belgium<\/a>, de beweging van jongeren voor het klimaat die ze mede-oprichtte. Ze richtte de vzw <a href=\"https:\/\/thebridgeasbl.org\/\">The Bridge<\/a> op <\/span>die als brug wil fungeren tussen jongeren in heel Europa en politieke instellingen over alle milieubeleid.<\/div>\n<div><span style=\"font-family: arial, sans-serif;\">\u00a0<\/span><\/div>\n<div><strong><span style=\"font-family: arial, sans-serif;\">Hoe werd de jonge Adela\u00efde Charlier de activiste die we vandaag kennen?<\/span><\/strong><\/div>\n<div><span style=\"font-family: arial, sans-serif;\">\u00a0<\/span><\/div>\n<div><span style=\"font-family: arial, sans-serif;\">Er was aanvankelijk een onbewust proces dat de jonge Ad\u00e9la\u00efde be\u00efnvloedde, waardoor ze zeer gevoelig werd voor de kwesties van klimaatverandering en mensenrechten. Tot op het punt dat het logisch voor me was, in het laatste jaar van de middelbare school, om me aan te sluiten bij de Vlaamse jongeren die besloten de eerste klimaatstaking in Belgi\u00eb te organiseren. Ik was me bewust van de risico&#8217;s, van de urgentie. Maar ik was ervan overtuigd dat de &#8220;volwassenenwereld&#8221; het probleem beheerste en dat, als het echt een van de meest bedreigende crises voor de mensheid was, het de hoogste prioriteit had bij alle beslissers.<\/span><\/div>\n<div><span style=\"font-family: arial, sans-serif;\">\u00a0<\/span><\/div>\n<div><strong><span style=\"font-family: arial, sans-serif;\">En dat was niet het geval?<\/span><\/strong><\/div>\n<div><span style=\"font-family: arial, sans-serif;\">\u00a0<\/span><\/div>\n<div><span style=\"font-family: arial, sans-serif;\">Nee. Er was Greta Thunberg, de jonge Zweedse activiste, die haar klimaatstaking begon in augustus 2018. En de Franse minister van Ecologische Transitie en Solidariteit, Nicolas Hulot, die aan het einde van diezelfde maand ontslag nam en zei dat hij, ondanks zijn positie, niet genoeg macht had om dingen te veranderen met betrekking tot klimaatverandering. Er waren eigenlijk veel belangrijke gebeurtenissen in 2018 die onze jongeren duidelijk maakten dat de situatie helemaal niet onder controle was, ondanks dat experts bleven waarschuwen.<\/span><\/div>\n<div><span style=\"font-family: arial, sans-serif;\">\u00a0<\/span><\/div>\n<div><strong><span style=\"font-family: arial, sans-serif;\">Je werd plots een actieve activiste&#8230;<\/span><\/strong><\/div>\n<div><span style=\"font-family: arial, sans-serif;\">\u00a0<\/span><\/div>\n<div><span style=\"font-family: arial, sans-serif;\">De eerste klimaatacties werden georganiseerd door Vlaamse jongeren die een nationale mobilisatie wilden starten. Ik besloot hen te helpen voor een actie, hen te ondersteunen voor de volgende staking begin 2019. Binnen twee dagen mobiliseerde ik zoveel mogelijk jongeren via stemmen en op de dag zelf, stapte ik in de trein in plaats van de bus naar school, richting de hoofdstad met honderden andere jongeren. Aangekomen op het Centraal Station hoorde ik dat ik alle Franstalige communicatie rondom het evenement zou moeten beheren. Het was de dag van de grootste jeugdklimaatmobilisatie: 30.000 jongeren in Brussel, 40.000 in Belgi\u00eb&#8230; Het was gigantisch! Zelfs de politie was verrast. Het haalde de voorpagina&#8217;s van de kranten, niet alleen in Belgi\u00eb, maar ook in Frankrijk, omdat we het eerste Europese land waren dat zo&#8217;n staking lanceerde na Greta. Ik had nooit kunnen bedenken dat ik zo&#8217;n rol zou moeten vervullen. Ik had plots de enorme verantwoordelijkheid om de eisen van deze jongeren te verdedigen.<\/span><\/div>\n<div><span style=\"font-family: arial, sans-serif;\">\u00a0<\/span><\/div>\n<div><strong><span style=\"font-family: arial, sans-serif;\">Dus dat was een belangrijke dag voor jou?<\/span><\/strong><\/div>\n<div><span style=\"font-family: arial, sans-serif;\">\u00a0<\/span><\/div>\n<div><span style=\"font-family: arial, sans-serif;\">De avond van die dag symboliseerde de &#8220;verandering&#8221; die in mij plaatsvond. Ik besloot deze verantwoordelijkheid ten volle op me te nemen en maakte tijd vrij voor een tv-interview in plaats van naar een familie-evenement te gaan. Ik dacht dat het eenmalig zou zijn, maar de verantwoordelijkheid bleef groeien. Sinds die staking heb ik mezelf de verantwoordelijkheid en het doel gegeven om deze beweging in leven te houden, de mobilisatie van jongeren te behouden en vooral de mogelijkheid te bieden aan jonge burgers om zich in te zetten, hulpmiddelen te vinden, de democratische instrumenten te begrijpen en in te kunnen zetten om gehoord ook als het niet eenvoudig is. En dus werk ik daar al vijf jaar aan. En als je ziet welke impact we kunnen hebben, is het onmogelijk om te stoppen.\u00a0<\/span><\/div>\n<div><\/div>\n<div>\n<div class=\"youtube-embed\" data-video_id=\"bceZ_upHAtU\"><iframe loading=\"lazy\" title=\"Forbes Be Under 30: Ad\u00e9la\u00efde Charlier, Climate Activiste\" width=\"696\" height=\"392\" src=\"https:\/\/www.youtube.com\/embed\/bceZ_upHAtU?feature=oembed&#038;enablejsapi=1\" frameborder=\"0\" allow=\"accelerometer; autoplay; clipboard-write; encrypted-media; gyroscope; picture-in-picture; web-share\" referrerpolicy=\"strict-origin-when-cross-origin\" allowfullscreen><\/iframe><\/div>\n<\/div>\n<div><span style=\"font-family: arial, sans-serif;\">\u00a0<\/span><\/div>\n<div><strong><span style=\"font-family: arial, sans-serif;\">Hoe ervaarde u de onderscheiding van Forbes 30 under 30?<\/span><\/strong><\/div>\n<div><span style=\"font-family: arial, sans-serif;\">\u00a0<\/span><\/div>\n<div><span style=\"font-family: arial, sans-serif;\">Ik was erg verrast en ontroerd. Ik had nooit kunnen denken dat activisme als iets positiefs zou worden beschouwd in de ogen van anderen, want het wordt vaak heel negatief gezien. Het was een erkenning die mijn individualiteit oversteeg. Wat een kans om die erkenning te krijgen voor de duizenden jongeren met wie ik dagelijks werk. Wat een kracht van Forbes om het werk dat we doen, het belang van dit collectief te zien! Het raakte me echt, omdat het zeldzaam is. We kunnen vooruitgang zien, maar we hebben het hier over sociale bewegingen, over dynamieken die we proberen in de samenleving te verankeren door in een heel breed narratief te gaan. We weten niet hoeveel invloed we hebben gehad op wat er om ons heen gebeurt. Het gaf ons in ieder geval een boost voor de komende jaren, het zal ons in staat stellen met opgeheven hoofd verder te gaan en te zeggen dat we deel uitmaken van de geschiedenis. Door deze prijs uit te reiken, koos Forbes niet alleen voor Adela\u00efde Charlier, maar vooral alle jongeren wereldwijd, in Europa en vooral hier in Belgi\u00eb, die de moed hebben om zich in te zetten en dingen te doen die hen volledig overstijgen.<\/span><\/div>\n<div><span style=\"font-family: arial, sans-serif;\">\u00a0<\/span><\/div>\n<div><strong><span style=\"font-family: arial, sans-serif;\">Kan deze prijs een impact hebben op Ad\u00e9la\u00efde Charlier of op de jeugdklimaatbeweging?<\/span><\/strong><\/div>\n<div><span style=\"font-family: arial, sans-serif;\">\u00a0<\/span><\/div>\n<div><span style=\"font-family: arial, sans-serif;\">Deze prijs van Forbes versterkt de legitimiteit, de plek die we innemen in de samenleving. Dat heb ik de afgelopen maanden al gevoeld toen ik evenementen bijwoonde. Er is interesse in de vraag naar activisme. Er is ook interesse in het werk dat we doen, dat vaak in de schaduw blijft. Op amper een maand tijd hebben we een reeks programma&#8217;s en platforms gehad om het werk van een jeugd die zich engageert onder de aandacht te brengen. Het is gigantisch! En dat kan voor ons alleen maar impact blijven hebben. We kunnen deuren openen waarvan we nooit gedacht hadden dat we ze zouden kunnen openen.<\/span><\/div>\n<div><\/div>\n<div><strong><span style=\"font-family: arial, sans-serif;\">Kan deze prijs u dan aanmoedigen om door te gaan op deze weg?<\/span><\/strong><\/div>\n<div><span style=\"font-family: arial, sans-serif;\">\u00a0<\/span><\/div>\n<div><span style=\"font-family: arial, sans-serif;\">Ik ben het er helemaal mee eens. En u zei het woord doorgaan. En dat is iets wat meerdere keren werd herhaald tijdens de Forbes 30 under 30-avond. Ik denk dat we allemaal die volharding delen, die noodzakelijk is. In een moment van twijfel en vragen zoals ik nu ervaar, hebben we mensen nodig die in ons geloven om te kunnen blijven geloven in henzelf. Deze prijs komt op het juiste moment. Dit jaar was het jaar waarin ik het nodig had. Ik was uiteraard liever geen activiste van beroep. Het is jammer, natuurlijk, en het verscheurt me. Maar nu zeg ik: &#8220;OK, we volharden, we geven niet op en we strijden, we stellen vragen, we vragen ons af wat het beste is.&#8221; Maar de vragen die ik mezelf nu stel, zijn de juiste: hoe ga ik nog meer impact hebben? Hoe vertalen we dat zodat ik er elke dag van mijn leven aan kan wijden? Hoe lanceren we nog grotere, nog gekkere projecten? Het is heel erg spannend. En dus dat Forbes nu komt, eind 2024, op het moment dat ik deze vragen stel, is een echte boost. Er is nu eigenlijk niets meer dat ons tegenhoudt! Ik kijk er erg naar uit om al deze vragen te blijven beantwoorden!<\/span><\/div>\n<div><\/div>\n","protected":false},"excerpt":{"rendered":"<p>Adela\u00efde Charlier werd bekend bij het grote publiek in Franstalig Belgi\u00eb in 2019, tijdens de eerste klimaatstakingen terwijl ze nog op de middelbare school was. Ze werd toen het GEZICHT van de betrokken jeugd. De 24-jarige Namense heeft een deel van haar jeugd als expat doorgebracht [&hellip;]<\/p>\n","protected":false},"author":33,"featured_media":6886,"comment_status":"closed","ping_status":"closed","sticky":false,"template":"","format":"standard","meta":{"_acf_changed":false,"inline_featured_image":false,"footnotes":""},"categories":[1],"tags":[],"class_list":{"0":"post-6887","1":"post","2":"type-post","3":"status-publish","4":"format-standard","5":"has-post-thumbnail","7":"category-actualiteit"},"acf":[],"auteur_traducteur":"","yoast_head":"<!-- This site is optimized with the Yoast SEO plugin v27.4 - https:\/\/yoast.com\/product\/yoast-seo-wordpress\/ -->\n<title>Adela\u00efde Charlier 30 under 30 Activisme<\/title>\n<meta name=\"description\" content=\"Adela\u00efde Charlier, het Belgische gezicht van jong klimaatactivisme, erkend door Forbes 30 under 30.\" \/>\n<meta name=\"robots\" content=\"index, follow, max-snippet:-1, max-image-preview:large, max-video-preview:-1\" \/>\n<link rel=\"canonical\" href=\"https:\/\/www.forbes.be\/nl\/adelaide-charlier-30-under-30-prijs-voor-jongeren\/\" \/>\n<meta property=\"og:locale\" content=\"nl_BE\" \/>\n<meta property=\"og:type\" content=\"article\" \/>\n<meta property=\"og:title\" content=\"Adela\u00efde Charlier 30 under 30 Activisme\" \/>\n<meta property=\"og:description\" content=\"Adela\u00efde Charlier, het Belgische gezicht van jong klimaatactivisme, erkend door Forbes 30 under 30.\" \/>\n<meta property=\"og:url\" content=\"https:\/\/www.forbes.be\/nl\/adelaide-charlier-30-under-30-prijs-voor-jongeren\/\" \/>\n<meta property=\"og:site_name\" content=\"Forbes Belgi\u00eb\" \/>\n<meta property=\"article:publisher\" content=\"https:\/\/www.facebook.com\/forbesbelgie\" \/>\n<meta property=\"article:published_time\" content=\"2025-01-07T06:00:52+00:00\" \/>\n<meta property=\"article:modified_time\" content=\"2025-01-14T13:27:05+00:00\" \/>\n<meta property=\"og:image\" content=\"https:\/\/www.forbes.be\/nl\/wp-content\/uploads\/2025\/01\/8004-adelaide-charlier-1-e1736327843792-1024x536.png\" \/>\n\t<meta property=\"og:image:width\" content=\"1024\" \/>\n\t<meta property=\"og:image:height\" content=\"536\" \/>\n\t<meta property=\"og:image:type\" content=\"image\/png\" \/>\n<meta name=\"author\" content=\"Juan Godbille\" \/>\n<meta name=\"twitter:card\" content=\"summary_large_image\" \/>\n<meta name=\"twitter:label1\" content=\"Geschreven door\" \/>\n\t<meta name=\"twitter:data1\" content=\"Juan Godbille\" \/>\n\t<meta name=\"twitter:label2\" content=\"Geschatte leestijd\" \/>\n\t<meta name=\"twitter:data2\" content=\"7 minuten\" \/>\n<script type=\"application\/ld+json\" class=\"yoast-schema-graph\">{\"@context\":\"https:\\\/\\\/schema.org\",\"@graph\":[{\"@type\":\"NewsArticle\",\"@id\":\"https:\\\/\\\/www.forbes.be\\\/nl\\\/adelaide-charlier-30-under-30-prijs-voor-jongeren\\\/#article\",\"isPartOf\":{\"@id\":\"https:\\\/\\\/www.forbes.be\\\/nl\\\/adelaide-charlier-30-under-30-prijs-voor-jongeren\\\/\"},\"author\":{\"name\":\"Juan Godbille\",\"@id\":\"https:\\\/\\\/www.forbes.be\\\/nl\\\/#\\\/schema\\\/person\\\/a74b21e6937b4219e19a41a0b51bcf66\"},\"headline\":\"Adela\u00efde Charlier, 30 Under 30: &#8220;Een prijs voor alle jongeren die zich inzetten&#8221;\",\"datePublished\":\"2025-01-07T06:00:52+00:00\",\"dateModified\":\"2025-01-14T13:27:05+00:00\",\"mainEntityOfPage\":{\"@id\":\"https:\\\/\\\/www.forbes.be\\\/nl\\\/adelaide-charlier-30-under-30-prijs-voor-jongeren\\\/\"},\"wordCount\":1239,\"publisher\":{\"@id\":\"https:\\\/\\\/www.forbes.be\\\/nl\\\/#organization\"},\"image\":{\"@id\":\"https:\\\/\\\/www.forbes.be\\\/nl\\\/adelaide-charlier-30-under-30-prijs-voor-jongeren\\\/#primaryimage\"},\"thumbnailUrl\":\"https:\\\/\\\/www.forbes.be\\\/nl\\\/wp-content\\\/uploads\\\/2025\\\/01\\\/8004-adelaide-charlier-1-e1736327843792.png\",\"articleSection\":[\"Actualiteit\"],\"inLanguage\":\"nl-BE\"},{\"@type\":\"WebPage\",\"@id\":\"https:\\\/\\\/www.forbes.be\\\/nl\\\/adelaide-charlier-30-under-30-prijs-voor-jongeren\\\/\",\"url\":\"https:\\\/\\\/www.forbes.be\\\/nl\\\/adelaide-charlier-30-under-30-prijs-voor-jongeren\\\/\",\"name\":\"Adela\u00efde Charlier 30 under 30 Activisme\",\"isPartOf\":{\"@id\":\"https:\\\/\\\/www.forbes.be\\\/nl\\\/#website\"},\"primaryImageOfPage\":{\"@id\":\"https:\\\/\\\/www.forbes.be\\\/nl\\\/adelaide-charlier-30-under-30-prijs-voor-jongeren\\\/#primaryimage\"},\"image\":{\"@id\":\"https:\\\/\\\/www.forbes.be\\\/nl\\\/adelaide-charlier-30-under-30-prijs-voor-jongeren\\\/#primaryimage\"},\"thumbnailUrl\":\"https:\\\/\\\/www.forbes.be\\\/nl\\\/wp-content\\\/uploads\\\/2025\\\/01\\\/8004-adelaide-charlier-1-e1736327843792.png\",\"datePublished\":\"2025-01-07T06:00:52+00:00\",\"dateModified\":\"2025-01-14T13:27:05+00:00\",\"description\":\"Adela\u00efde Charlier, het Belgische gezicht van jong klimaatactivisme, erkend door Forbes 30 under 30.\",\"breadcrumb\":{\"@id\":\"https:\\\/\\\/www.forbes.be\\\/nl\\\/adelaide-charlier-30-under-30-prijs-voor-jongeren\\\/#breadcrumb\"},\"inLanguage\":\"nl-BE\",\"potentialAction\":[{\"@type\":\"ReadAction\",\"target\":[\"https:\\\/\\\/www.forbes.be\\\/nl\\\/adelaide-charlier-30-under-30-prijs-voor-jongeren\\\/\"]}]},{\"@type\":\"ImageObject\",\"inLanguage\":\"nl-BE\",\"@id\":\"https:\\\/\\\/www.forbes.be\\\/nl\\\/adelaide-charlier-30-under-30-prijs-voor-jongeren\\\/#primaryimage\",\"url\":\"https:\\\/\\\/www.forbes.be\\\/nl\\\/wp-content\\\/uploads\\\/2025\\\/01\\\/8004-adelaide-charlier-1-e1736327843792.png\",\"contentUrl\":\"https:\\\/\\\/www.forbes.be\\\/nl\\\/wp-content\\\/uploads\\\/2025\\\/01\\\/8004-adelaide-charlier-1-e1736327843792.png\",\"width\":2560,\"height\":1340,\"caption\":\"Ade\u0301lai\u0308de Charlier - \u00a9AS Agency\"},{\"@type\":\"BreadcrumbList\",\"@id\":\"https:\\\/\\\/www.forbes.be\\\/nl\\\/adelaide-charlier-30-under-30-prijs-voor-jongeren\\\/#breadcrumb\",\"itemListElement\":[{\"@type\":\"ListItem\",\"position\":1,\"name\":\"Accueil\",\"item\":\"https:\\\/\\\/www.forbes.be\\\/nl\\\/\"},{\"@type\":\"ListItem\",\"position\":2,\"name\":\"Adela\u00efde Charlier, 30 Under 30: &#8220;Een prijs voor alle jongeren die zich inzetten&#8221;\"}]},{\"@type\":\"WebSite\",\"@id\":\"https:\\\/\\\/www.forbes.be\\\/nl\\\/#website\",\"url\":\"https:\\\/\\\/www.forbes.be\\\/nl\\\/\",\"name\":\"Forbes Belgi\u00eb\",\"description\":\"\",\"publisher\":{\"@id\":\"https:\\\/\\\/www.forbes.be\\\/nl\\\/#organization\"},\"potentialAction\":[{\"@type\":\"SearchAction\",\"target\":{\"@type\":\"EntryPoint\",\"urlTemplate\":\"https:\\\/\\\/www.forbes.be\\\/nl\\\/?s={search_term_string}\"},\"query-input\":{\"@type\":\"PropertyValueSpecification\",\"valueRequired\":true,\"valueName\":\"search_term_string\"}}],\"inLanguage\":\"nl-BE\"},{\"@type\":\"Organization\",\"@id\":\"https:\\\/\\\/www.forbes.be\\\/nl\\\/#organization\",\"name\":\"Forbes Belgi\u00eb\",\"url\":\"https:\\\/\\\/www.forbes.be\\\/nl\\\/\",\"logo\":{\"@type\":\"ImageObject\",\"inLanguage\":\"nl-BE\",\"@id\":\"https:\\\/\\\/www.forbes.be\\\/nl\\\/#\\\/schema\\\/logo\\\/image\\\/\",\"url\":\"https:\\\/\\\/www.forbes.be\\\/nl\\\/wp-content\\\/uploads\\\/2024\\\/02\\\/forbes.be_.png\",\"contentUrl\":\"https:\\\/\\\/www.forbes.be\\\/nl\\\/wp-content\\\/uploads\\\/2024\\\/02\\\/forbes.be_.png\",\"width\":1200,\"height\":675,\"caption\":\"Forbes Belgi\u00eb\"},\"image\":{\"@id\":\"https:\\\/\\\/www.forbes.be\\\/nl\\\/#\\\/schema\\\/logo\\\/image\\\/\"},\"sameAs\":[\"https:\\\/\\\/www.facebook.com\\\/forbesbelgie\",\"https:\\\/\\\/www.instagram.com\\\/Forbes_Belgium\",\"https:\\\/\\\/www.linkedin.com\\\/company\\\/forbes-belgium\\\/\"]},{\"@type\":\"Person\",\"@id\":\"https:\\\/\\\/www.forbes.be\\\/nl\\\/#\\\/schema\\\/person\\\/a74b21e6937b4219e19a41a0b51bcf66\",\"name\":\"Juan Godbille\",\"image\":{\"@type\":\"ImageObject\",\"inLanguage\":\"nl-BE\",\"@id\":\"https:\\\/\\\/secure.gravatar.com\\\/avatar\\\/de6d740453251c69ae34e42cfef9688bc2a5c942d7cab09074e7064fbac13ac9?s=96&d=mm&r=g\",\"url\":\"https:\\\/\\\/secure.gravatar.com\\\/avatar\\\/de6d740453251c69ae34e42cfef9688bc2a5c942d7cab09074e7064fbac13ac9?s=96&d=mm&r=g\",\"contentUrl\":\"https:\\\/\\\/secure.gravatar.com\\\/avatar\\\/de6d740453251c69ae34e42cfef9688bc2a5c942d7cab09074e7064fbac13ac9?s=96&d=mm&r=g\",\"caption\":\"Juan Godbille\"},\"url\":\"https:\\\/\\\/www.forbes.be\\\/nl\\\/author\\\/juan-godbille\\\/\"}]}<\/script>\n<!-- \/ Yoast SEO plugin. -->","yoast_head_json":{"title":"Adela\u00efde Charlier 30 under 30 Activisme","description":"Adela\u00efde Charlier, het Belgische gezicht van jong klimaatactivisme, erkend door Forbes 30 under 30.","robots":{"index":"index","follow":"follow","max-snippet":"max-snippet:-1","max-image-preview":"max-image-preview:large","max-video-preview":"max-video-preview:-1"},"canonical":"https:\/\/www.forbes.be\/nl\/adelaide-charlier-30-under-30-prijs-voor-jongeren\/","og_locale":"nl_BE","og_type":"article","og_title":"Adela\u00efde Charlier 30 under 30 Activisme","og_description":"Adela\u00efde Charlier, het Belgische gezicht van jong klimaatactivisme, erkend door Forbes 30 under 30.","og_url":"https:\/\/www.forbes.be\/nl\/adelaide-charlier-30-under-30-prijs-voor-jongeren\/","og_site_name":"Forbes Belgi\u00eb","article_publisher":"https:\/\/www.facebook.com\/forbesbelgie","article_published_time":"2025-01-07T06:00:52+00:00","article_modified_time":"2025-01-14T13:27:05+00:00","og_image":[{"width":1024,"height":536,"url":"https:\/\/www.forbes.be\/nl\/wp-content\/uploads\/2025\/01\/8004-adelaide-charlier-1-e1736327843792-1024x536.png","type":"image\/png"}],"author":"Juan Godbille","twitter_card":"summary_large_image","twitter_misc":{"Geschreven door":"Juan Godbille","Geschatte leestijd":"7 minuten"},"schema":{"@context":"https:\/\/schema.org","@graph":[{"@type":"NewsArticle","@id":"https:\/\/www.forbes.be\/nl\/adelaide-charlier-30-under-30-prijs-voor-jongeren\/#article","isPartOf":{"@id":"https:\/\/www.forbes.be\/nl\/adelaide-charlier-30-under-30-prijs-voor-jongeren\/"},"author":{"name":"Juan Godbille","@id":"https:\/\/www.forbes.be\/nl\/#\/schema\/person\/a74b21e6937b4219e19a41a0b51bcf66"},"headline":"Adela\u00efde Charlier, 30 Under 30: &#8220;Een prijs voor alle jongeren die zich inzetten&#8221;","datePublished":"2025-01-07T06:00:52+00:00","dateModified":"2025-01-14T13:27:05+00:00","mainEntityOfPage":{"@id":"https:\/\/www.forbes.be\/nl\/adelaide-charlier-30-under-30-prijs-voor-jongeren\/"},"wordCount":1239,"publisher":{"@id":"https:\/\/www.forbes.be\/nl\/#organization"},"image":{"@id":"https:\/\/www.forbes.be\/nl\/adelaide-charlier-30-under-30-prijs-voor-jongeren\/#primaryimage"},"thumbnailUrl":"https:\/\/www.forbes.be\/nl\/wp-content\/uploads\/2025\/01\/8004-adelaide-charlier-1-e1736327843792.png","articleSection":["Actualiteit"],"inLanguage":"nl-BE"},{"@type":"WebPage","@id":"https:\/\/www.forbes.be\/nl\/adelaide-charlier-30-under-30-prijs-voor-jongeren\/","url":"https:\/\/www.forbes.be\/nl\/adelaide-charlier-30-under-30-prijs-voor-jongeren\/","name":"Adela\u00efde Charlier 30 under 30 Activisme","isPartOf":{"@id":"https:\/\/www.forbes.be\/nl\/#website"},"primaryImageOfPage":{"@id":"https:\/\/www.forbes.be\/nl\/adelaide-charlier-30-under-30-prijs-voor-jongeren\/#primaryimage"},"image":{"@id":"https:\/\/www.forbes.be\/nl\/adelaide-charlier-30-under-30-prijs-voor-jongeren\/#primaryimage"},"thumbnailUrl":"https:\/\/www.forbes.be\/nl\/wp-content\/uploads\/2025\/01\/8004-adelaide-charlier-1-e1736327843792.png","datePublished":"2025-01-07T06:00:52+00:00","dateModified":"2025-01-14T13:27:05+00:00","description":"Adela\u00efde Charlier, het Belgische gezicht van jong klimaatactivisme, erkend door Forbes 30 under 30.","breadcrumb":{"@id":"https:\/\/www.forbes.be\/nl\/adelaide-charlier-30-under-30-prijs-voor-jongeren\/#breadcrumb"},"inLanguage":"nl-BE","potentialAction":[{"@type":"ReadAction","target":["https:\/\/www.forbes.be\/nl\/adelaide-charlier-30-under-30-prijs-voor-jongeren\/"]}]},{"@type":"ImageObject","inLanguage":"nl-BE","@id":"https:\/\/www.forbes.be\/nl\/adelaide-charlier-30-under-30-prijs-voor-jongeren\/#primaryimage","url":"https:\/\/www.forbes.be\/nl\/wp-content\/uploads\/2025\/01\/8004-adelaide-charlier-1-e1736327843792.png","contentUrl":"https:\/\/www.forbes.be\/nl\/wp-content\/uploads\/2025\/01\/8004-adelaide-charlier-1-e1736327843792.png","width":2560,"height":1340,"caption":"Ade\u0301lai\u0308de Charlier - \u00a9AS Agency"},{"@type":"BreadcrumbList","@id":"https:\/\/www.forbes.be\/nl\/adelaide-charlier-30-under-30-prijs-voor-jongeren\/#breadcrumb","itemListElement":[{"@type":"ListItem","position":1,"name":"Accueil","item":"https:\/\/www.forbes.be\/nl\/"},{"@type":"ListItem","position":2,"name":"Adela\u00efde Charlier, 30 Under 30: &#8220;Een prijs voor alle jongeren die zich inzetten&#8221;"}]},{"@type":"WebSite","@id":"https:\/\/www.forbes.be\/nl\/#website","url":"https:\/\/www.forbes.be\/nl\/","name":"Forbes Belgi\u00eb","description":"","publisher":{"@id":"https:\/\/www.forbes.be\/nl\/#organization"},"potentialAction":[{"@type":"SearchAction","target":{"@type":"EntryPoint","urlTemplate":"https:\/\/www.forbes.be\/nl\/?s={search_term_string}"},"query-input":{"@type":"PropertyValueSpecification","valueRequired":true,"valueName":"search_term_string"}}],"inLanguage":"nl-BE"},{"@type":"Organization","@id":"https:\/\/www.forbes.be\/nl\/#organization","name":"Forbes Belgi\u00eb","url":"https:\/\/www.forbes.be\/nl\/","logo":{"@type":"ImageObject","inLanguage":"nl-BE","@id":"https:\/\/www.forbes.be\/nl\/#\/schema\/logo\/image\/","url":"https:\/\/www.forbes.be\/nl\/wp-content\/uploads\/2024\/02\/forbes.be_.png","contentUrl":"https:\/\/www.forbes.be\/nl\/wp-content\/uploads\/2024\/02\/forbes.be_.png","width":1200,"height":675,"caption":"Forbes Belgi\u00eb"},"image":{"@id":"https:\/\/www.forbes.be\/nl\/#\/schema\/logo\/image\/"},"sameAs":["https:\/\/www.facebook.com\/forbesbelgie","https:\/\/www.instagram.com\/Forbes_Belgium","https:\/\/www.linkedin.com\/company\/forbes-belgium\/"]},{"@type":"Person","@id":"https:\/\/www.forbes.be\/nl\/#\/schema\/person\/a74b21e6937b4219e19a41a0b51bcf66","name":"Juan Godbille","image":{"@type":"ImageObject","inLanguage":"nl-BE","@id":"https:\/\/secure.gravatar.com\/avatar\/de6d740453251c69ae34e42cfef9688bc2a5c942d7cab09074e7064fbac13ac9?s=96&d=mm&r=g","url":"https:\/\/secure.gravatar.com\/avatar\/de6d740453251c69ae34e42cfef9688bc2a5c942d7cab09074e7064fbac13ac9?s=96&d=mm&r=g","contentUrl":"https:\/\/secure.gravatar.com\/avatar\/de6d740453251c69ae34e42cfef9688bc2a5c942d7cab09074e7064fbac13ac9?s=96&d=mm&r=g","caption":"Juan Godbille"},"url":"https:\/\/www.forbes.be\/nl\/author\/juan-godbille\/"}]}},"_links":{"self":[{"href":"https:\/\/www.forbes.be\/nl\/wp-json\/wp\/v2\/posts\/6887","targetHints":{"allow":["GET"]}}],"collection":[{"href":"https:\/\/www.forbes.be\/nl\/wp-json\/wp\/v2\/posts"}],"about":[{"href":"https:\/\/www.forbes.be\/nl\/wp-json\/wp\/v2\/types\/post"}],"author":[{"embeddable":true,"href":"https:\/\/www.forbes.be\/nl\/wp-json\/wp\/v2\/users\/33"}],"replies":[{"embeddable":true,"href":"https:\/\/www.forbes.be\/nl\/wp-json\/wp\/v2\/comments?post=6887"}],"version-history":[{"count":3,"href":"https:\/\/www.forbes.be\/nl\/wp-json\/wp\/v2\/posts\/6887\/revisions"}],"predecessor-version":[{"id":6900,"href":"https:\/\/www.forbes.be\/nl\/wp-json\/wp\/v2\/posts\/6887\/revisions\/6900"}],"wp:featuredmedia":[{"embeddable":true,"href":"https:\/\/www.forbes.be\/nl\/wp-json\/wp\/v2\/media\/6886"}],"wp:attachment":[{"href":"https:\/\/www.forbes.be\/nl\/wp-json\/wp\/v2\/media?parent=6887"}],"wp:term":[{"taxonomy":"category","embeddable":true,"href":"https:\/\/www.forbes.be\/nl\/wp-json\/wp\/v2\/categories?post=6887"},{"taxonomy":"post_tag","embeddable":true,"href":"https:\/\/www.forbes.be\/nl\/wp-json\/wp\/v2\/tags?post=6887"}],"curies":[{"name":"wp","href":"https:\/\/api.w.org\/{rel}","templated":true}]}}