{"id":7107,"date":"2025-01-23T06:00:34","date_gmt":"2025-01-23T05:00:34","guid":{"rendered":"https:\/\/www.forbes.be\/nl\/?p=7107"},"modified":"2025-02-04T12:10:36","modified_gmt":"2025-02-04T11:10:36","slug":"voormalig-ceo-van-carrefour-market-mestdagh-leidt-equilis-belgium","status":"publish","type":"post","link":"https:\/\/www.forbes.be\/nl\/voormalig-ceo-van-carrefour-market-mestdagh-leidt-equilis-belgium\/","title":{"rendered":"Ex-CEO van Carrefour Market Mestdagh gaat Equilis Belgium leiden"},"content":{"rendered":"<p class=\"Corps\"><span class=\"Aucun\"><b><span lang=\"NL-BE\">Guillaume Beuscart sluit zich aan bij de vastgoedontwikkelingstak van de familie Mestdagh als CEO van Equilis Belgium. Eerder leidde hij Carrefour Market Mestdagh en vervolgens Intermarch\u00e9 voor de voltooiing van de fusie-integratie van de groep Mestdagh.<\/span><\/b><\/span><b><\/b><\/p>\n<p class=\"Corps\"><span lang=\"NL-BE\">Het is een benoeming die bij de vakbonden niet onopgemerkt voorbij zal gaan. <strong>Carl Mestdagh, de Executive Chairman van Equilis Europe<\/strong>, bevestigde de benoeming van de Fransman <a href=\"https:\/\/www.linkedin.com\/in\/gbeuscart\/?originalSubdomain=be\"><strong>Guillaume Beuscart<\/strong><\/a> om de Belgische tak van de vastgoedontwikkelingsgroep te leiden. Die had een nieuwe sterke leider nodig om de divisie nieuw leven in te blazen.<\/span><\/p>\n<p class=\"Corps\"><span lang=\"NL-BE\"><em>&#8220;<\/em><\/span><span lang=\"NL-BE\"><em>Ik had de kans om in het verleden samen te werken met Guillaume, toen hij nog CEO was van Carrefour Market Mestdagh. Zijn teamgeest, leiderschapsstijl, en het vermogen om mensen te laten groeien en een organisatie te verenigen rond een gemeenschappelijke visie, waren bepalende elementen in onze keuze&#8221;, <\/em>verklaart Carl Mestdagh.\u00a0<\/span><\/p>\n<p class=\"Corps\"><span class=\"Aucun\"><span lang=\"NL\">Van zijn kant heeft de nieuwe leider, die de branche al goed kent, zijn prioriteiten al vastgesteld: &#8220;<em>I<\/em><\/span><\/span><span lang=\"NL-BE\"><em>eder persoon ontmoeten, de behoeften analyseren, een kader stellen en de groei begeleiden om de levering van projecten onder optimale omstandigheden te garanderen. De huidige bedrijfscultuur zal centraal staan in mijn aanpak om onze positie op de Belgische residenti\u00eble markt te versterken&#8221;,<\/em> zegt <\/span><b><span lang=\"NL-BE\">Guillaume Beuscart<\/span><\/b><span lang=\"NL-BE\"> die zal samenwerken met <\/span><b><span lang=\"NL-BE\">Olivier Beguin, de CEO van Equilis Europe<\/span><\/b><b><i><span lang=\"NL-BE\">.<\/span><\/i><\/b><\/p>\n<p>De nieuwe CEO is vader van drie kinderen en woont met zijn familie al ongeveer vijftien jaar in Belgi\u00eb. Hij bracht het grootste deel van zijn carri\u00e8re door bij de <strong>Lagard\u00e8re Groep<\/strong> in Parijs, Montr\u00e9al en vervolgens Brussel van 2008 tot 2016. Daarna was hij CEO van <strong>Carrefour Market Mestdagh<\/strong> tot 2019. Na een periode bij <strong>Atos<\/strong>, waar hij grote bedrijven hielp met hun digitale transformatie, ging hij aan de slag bij <strong>Intermarch\u00e9 Belgium<\/strong> om de overname, fusie en integratie van de <strong>Mestdagh-groep<\/strong> te leiden.<\/p>\n<h3><strong>Nog veel werk aan de winkel<\/strong><\/h3>\n<figure id=\"attachment_8298\" aria-describedby=\"caption-attachment-8298\" style=\"width: 1920px\" class=\"wp-caption alignnone\"><img loading=\"lazy\" decoding=\"async\" class=\"size-full wp-image-8298\" src=\"https:\/\/www.forbes.be\/fr\/wp-content\/uploads\/2025\/01\/be-braine-l-alleud-merbraine-terra-nostra-phase-3-maj-1-vue-03-241008.jpg\" alt=\"\" width=\"1920\" height=\"1330\" \/><figcaption id=\"caption-attachment-8298\" class=\"wp-caption-text\">Project Terra Nostra, Braine-l\u2019Alleud (Equilis).<\/figcaption><\/figure>\n<p class=\"Corps\"><span lang=\"NL\">Equilis Belgium verkoopt en bouwt momenteel ongeveer 1.000 woningen in Brussel en Walloni\u00eb, waarvoor de bouwvergunningen al verkregen zijn. Bovendien werkt het team aan een portefeuille van projecten die overeenkomen met de ontwikkeling van nog eens 1.500 wooneenheden en 25.000 m\u00b2 commerci\u00eble ruimte.<\/span><\/p>\n","protected":false},"excerpt":{"rendered":"<p>Guillaume Beuscart sluit zich aan bij de vastgoedontwikkelingsdivisie van de familie Mestdagh als CEO van Equilis Belgium. Eerder leidde hij Carrefour Market Mestdagh en vervolgens Intermarch\u00e9 voor de voltooiing van de fusie-integratie van de groep Mestdagh. Dit is een benoeming die zeker de vakbonden zal doen praten: Carl Mestdagh, de Executive Chairman van Equilis Europe, heeft recent de [&hellip;]<\/p>\n","protected":false},"author":11,"featured_media":7265,"comment_status":"closed","ping_status":"closed","sticky":false,"template":"","format":"standard","meta":{"_acf_changed":false,"inline_featured_image":false,"footnotes":""},"categories":[1,27,31,37],"tags":[],"class_list":{"0":"post-7107","1":"post","2":"type-post","3":"status-publish","4":"format-standard","5":"has-post-thumbnail","7":"category-actualiteit","8":"category-leiderschap","9":"category-ondernemers","10":"category-vastgoed"},"acf":[],"auteur_traducteur":"","yoast_head":"<!-- This site is optimized with the Yoast SEO plugin v27.4 - https:\/\/yoast.com\/product\/yoast-seo-wordpress\/ -->\n<title>Voormalig CEO van Carrefour Market Mestdagh leidt Equilis Belgium<\/title>\n<meta name=\"description\" content=\"Guillaume Beuscart sluit zich aan bij de vastgoedontwikkelingstak van de familie Mestdagh als CEO van Equilis Belgium.\" \/>\n<meta name=\"robots\" content=\"index, follow, max-snippet:-1, max-image-preview:large, max-video-preview:-1\" \/>\n<link rel=\"canonical\" href=\"https:\/\/www.forbes.be\/nl\/voormalig-ceo-van-carrefour-market-mestdagh-leidt-equilis-belgium\/\" \/>\n<meta property=\"og:locale\" content=\"nl_BE\" \/>\n<meta property=\"og:type\" content=\"article\" \/>\n<meta property=\"og:title\" content=\"Voormalig CEO van Carrefour Market Mestdagh leidt Equilis Belgium\" \/>\n<meta property=\"og:description\" content=\"Guillaume Beuscart sluit zich aan bij de vastgoedontwikkelingstak van de familie Mestdagh als CEO van Equilis Belgium.\" \/>\n<meta property=\"og:url\" content=\"https:\/\/www.forbes.be\/nl\/voormalig-ceo-van-carrefour-market-mestdagh-leidt-equilis-belgium\/\" \/>\n<meta property=\"og:site_name\" content=\"Forbes Belgi\u00eb\" \/>\n<meta property=\"article:publisher\" content=\"https:\/\/www.facebook.com\/forbesbelgie\" \/>\n<meta property=\"article:published_time\" content=\"2025-01-23T05:00:34+00:00\" \/>\n<meta property=\"article:modified_time\" content=\"2025-02-04T11:10:36+00:00\" \/>\n<meta property=\"og:image\" content=\"https:\/\/www.forbes.be\/nl\/wp-content\/uploads\/2025\/01\/image-a-la-une-forbes-5.png\" \/>\n\t<meta property=\"og:image:width\" content=\"1200\" \/>\n\t<meta property=\"og:image:height\" content=\"628\" \/>\n\t<meta property=\"og:image:type\" content=\"image\/png\" \/>\n<meta name=\"author\" content=\"Philippe Coul\u00e9e\" \/>\n<meta name=\"twitter:card\" content=\"summary_large_image\" \/>\n<meta name=\"twitter:label1\" content=\"Geschreven door\" \/>\n\t<meta name=\"twitter:data1\" content=\"Philippe Coul\u00e9e\" \/>\n\t<meta name=\"twitter:label2\" content=\"Geschatte leestijd\" \/>\n\t<meta name=\"twitter:data2\" content=\"3 minuten\" \/>\n<script type=\"application\/ld+json\" class=\"yoast-schema-graph\">{\"@context\":\"https:\\\/\\\/schema.org\",\"@graph\":[{\"@type\":\"NewsArticle\",\"@id\":\"https:\\\/\\\/www.forbes.be\\\/nl\\\/voormalig-ceo-van-carrefour-market-mestdagh-leidt-equilis-belgium\\\/#article\",\"isPartOf\":{\"@id\":\"https:\\\/\\\/www.forbes.be\\\/nl\\\/voormalig-ceo-van-carrefour-market-mestdagh-leidt-equilis-belgium\\\/\"},\"author\":{\"name\":\"Philippe Coul\u00e9e\",\"@id\":\"https:\\\/\\\/www.forbes.be\\\/nl\\\/#\\\/schema\\\/person\\\/797c17666a83bddaca06a16e61c5cab3\"},\"headline\":\"Ex-CEO van Carrefour Market Mestdagh gaat Equilis Belgium leiden\",\"datePublished\":\"2025-01-23T05:00:34+00:00\",\"dateModified\":\"2025-02-04T11:10:36+00:00\",\"mainEntityOfPage\":{\"@id\":\"https:\\\/\\\/www.forbes.be\\\/nl\\\/voormalig-ceo-van-carrefour-market-mestdagh-leidt-equilis-belgium\\\/\"},\"wordCount\":369,\"publisher\":{\"@id\":\"https:\\\/\\\/www.forbes.be\\\/nl\\\/#organization\"},\"image\":{\"@id\":\"https:\\\/\\\/www.forbes.be\\\/nl\\\/voormalig-ceo-van-carrefour-market-mestdagh-leidt-equilis-belgium\\\/#primaryimage\"},\"thumbnailUrl\":\"https:\\\/\\\/www.forbes.be\\\/nl\\\/wp-content\\\/uploads\\\/2025\\\/01\\\/image-a-la-une-forbes-5.png\",\"articleSection\":[\"Actualiteit\",\"Leiderschap\",\"Ondernemers\",\"Vastgoed\"],\"inLanguage\":\"nl-BE\"},{\"@type\":\"WebPage\",\"@id\":\"https:\\\/\\\/www.forbes.be\\\/nl\\\/voormalig-ceo-van-carrefour-market-mestdagh-leidt-equilis-belgium\\\/\",\"url\":\"https:\\\/\\\/www.forbes.be\\\/nl\\\/voormalig-ceo-van-carrefour-market-mestdagh-leidt-equilis-belgium\\\/\",\"name\":\"Voormalig CEO van Carrefour Market Mestdagh leidt Equilis Belgium\",\"isPartOf\":{\"@id\":\"https:\\\/\\\/www.forbes.be\\\/nl\\\/#website\"},\"primaryImageOfPage\":{\"@id\":\"https:\\\/\\\/www.forbes.be\\\/nl\\\/voormalig-ceo-van-carrefour-market-mestdagh-leidt-equilis-belgium\\\/#primaryimage\"},\"image\":{\"@id\":\"https:\\\/\\\/www.forbes.be\\\/nl\\\/voormalig-ceo-van-carrefour-market-mestdagh-leidt-equilis-belgium\\\/#primaryimage\"},\"thumbnailUrl\":\"https:\\\/\\\/www.forbes.be\\\/nl\\\/wp-content\\\/uploads\\\/2025\\\/01\\\/image-a-la-une-forbes-5.png\",\"datePublished\":\"2025-01-23T05:00:34+00:00\",\"dateModified\":\"2025-02-04T11:10:36+00:00\",\"description\":\"Guillaume Beuscart sluit zich aan bij de vastgoedontwikkelingstak van de familie Mestdagh als CEO van Equilis Belgium.\",\"breadcrumb\":{\"@id\":\"https:\\\/\\\/www.forbes.be\\\/nl\\\/voormalig-ceo-van-carrefour-market-mestdagh-leidt-equilis-belgium\\\/#breadcrumb\"},\"inLanguage\":\"nl-BE\",\"potentialAction\":[{\"@type\":\"ReadAction\",\"target\":[\"https:\\\/\\\/www.forbes.be\\\/nl\\\/voormalig-ceo-van-carrefour-market-mestdagh-leidt-equilis-belgium\\\/\"]}]},{\"@type\":\"ImageObject\",\"inLanguage\":\"nl-BE\",\"@id\":\"https:\\\/\\\/www.forbes.be\\\/nl\\\/voormalig-ceo-van-carrefour-market-mestdagh-leidt-equilis-belgium\\\/#primaryimage\",\"url\":\"https:\\\/\\\/www.forbes.be\\\/nl\\\/wp-content\\\/uploads\\\/2025\\\/01\\\/image-a-la-une-forbes-5.png\",\"contentUrl\":\"https:\\\/\\\/www.forbes.be\\\/nl\\\/wp-content\\\/uploads\\\/2025\\\/01\\\/image-a-la-une-forbes-5.png\",\"width\":1200,\"height\":628},{\"@type\":\"BreadcrumbList\",\"@id\":\"https:\\\/\\\/www.forbes.be\\\/nl\\\/voormalig-ceo-van-carrefour-market-mestdagh-leidt-equilis-belgium\\\/#breadcrumb\",\"itemListElement\":[{\"@type\":\"ListItem\",\"position\":1,\"name\":\"Accueil\",\"item\":\"https:\\\/\\\/www.forbes.be\\\/nl\\\/\"},{\"@type\":\"ListItem\",\"position\":2,\"name\":\"Ex-CEO van Carrefour Market Mestdagh gaat Equilis Belgium leiden\"}]},{\"@type\":\"WebSite\",\"@id\":\"https:\\\/\\\/www.forbes.be\\\/nl\\\/#website\",\"url\":\"https:\\\/\\\/www.forbes.be\\\/nl\\\/\",\"name\":\"Forbes Belgi\u00eb\",\"description\":\"\",\"publisher\":{\"@id\":\"https:\\\/\\\/www.forbes.be\\\/nl\\\/#organization\"},\"potentialAction\":[{\"@type\":\"SearchAction\",\"target\":{\"@type\":\"EntryPoint\",\"urlTemplate\":\"https:\\\/\\\/www.forbes.be\\\/nl\\\/?s={search_term_string}\"},\"query-input\":{\"@type\":\"PropertyValueSpecification\",\"valueRequired\":true,\"valueName\":\"search_term_string\"}}],\"inLanguage\":\"nl-BE\"},{\"@type\":\"Organization\",\"@id\":\"https:\\\/\\\/www.forbes.be\\\/nl\\\/#organization\",\"name\":\"Forbes Belgi\u00eb\",\"url\":\"https:\\\/\\\/www.forbes.be\\\/nl\\\/\",\"logo\":{\"@type\":\"ImageObject\",\"inLanguage\":\"nl-BE\",\"@id\":\"https:\\\/\\\/www.forbes.be\\\/nl\\\/#\\\/schema\\\/logo\\\/image\\\/\",\"url\":\"https:\\\/\\\/www.forbes.be\\\/nl\\\/wp-content\\\/uploads\\\/2024\\\/02\\\/forbes.be_.png\",\"contentUrl\":\"https:\\\/\\\/www.forbes.be\\\/nl\\\/wp-content\\\/uploads\\\/2024\\\/02\\\/forbes.be_.png\",\"width\":1200,\"height\":675,\"caption\":\"Forbes Belgi\u00eb\"},\"image\":{\"@id\":\"https:\\\/\\\/www.forbes.be\\\/nl\\\/#\\\/schema\\\/logo\\\/image\\\/\"},\"sameAs\":[\"https:\\\/\\\/www.facebook.com\\\/forbesbelgie\",\"https:\\\/\\\/www.instagram.com\\\/Forbes_Belgium\",\"https:\\\/\\\/www.linkedin.com\\\/company\\\/forbes-belgium\\\/\"]},{\"@type\":\"Person\",\"@id\":\"https:\\\/\\\/www.forbes.be\\\/nl\\\/#\\\/schema\\\/person\\\/797c17666a83bddaca06a16e61c5cab3\",\"name\":\"Philippe Coul\u00e9e\",\"image\":{\"@type\":\"ImageObject\",\"inLanguage\":\"nl-BE\",\"@id\":\"https:\\\/\\\/www.forbes.be\\\/nl\\\/wp-content\\\/uploads\\\/2024\\\/01\\\/unnamed-150x150.jpg\",\"url\":\"https:\\\/\\\/www.forbes.be\\\/nl\\\/wp-content\\\/uploads\\\/2024\\\/01\\\/unnamed-150x150.jpg\",\"contentUrl\":\"https:\\\/\\\/www.forbes.be\\\/nl\\\/wp-content\\\/uploads\\\/2024\\\/01\\\/unnamed-150x150.jpg\",\"caption\":\"Philippe Coul\u00e9e\"},\"url\":\"https:\\\/\\\/www.forbes.be\\\/nl\\\/author\\\/philippe-couleeicloud-com\\\/\"}]}<\/script>\n<!-- \/ Yoast SEO plugin. -->","yoast_head_json":{"title":"Voormalig CEO van Carrefour Market Mestdagh leidt Equilis Belgium","description":"Guillaume Beuscart sluit zich aan bij de vastgoedontwikkelingstak van de familie Mestdagh als CEO van Equilis Belgium.","robots":{"index":"index","follow":"follow","max-snippet":"max-snippet:-1","max-image-preview":"max-image-preview:large","max-video-preview":"max-video-preview:-1"},"canonical":"https:\/\/www.forbes.be\/nl\/voormalig-ceo-van-carrefour-market-mestdagh-leidt-equilis-belgium\/","og_locale":"nl_BE","og_type":"article","og_title":"Voormalig CEO van Carrefour Market Mestdagh leidt Equilis Belgium","og_description":"Guillaume Beuscart sluit zich aan bij de vastgoedontwikkelingstak van de familie Mestdagh als CEO van Equilis Belgium.","og_url":"https:\/\/www.forbes.be\/nl\/voormalig-ceo-van-carrefour-market-mestdagh-leidt-equilis-belgium\/","og_site_name":"Forbes Belgi\u00eb","article_publisher":"https:\/\/www.facebook.com\/forbesbelgie","article_published_time":"2025-01-23T05:00:34+00:00","article_modified_time":"2025-02-04T11:10:36+00:00","og_image":[{"width":1200,"height":628,"url":"https:\/\/www.forbes.be\/nl\/wp-content\/uploads\/2025\/01\/image-a-la-une-forbes-5.png","type":"image\/png"}],"author":"Philippe Coul\u00e9e","twitter_card":"summary_large_image","twitter_misc":{"Geschreven door":"Philippe Coul\u00e9e","Geschatte leestijd":"3 minuten"},"schema":{"@context":"https:\/\/schema.org","@graph":[{"@type":"NewsArticle","@id":"https:\/\/www.forbes.be\/nl\/voormalig-ceo-van-carrefour-market-mestdagh-leidt-equilis-belgium\/#article","isPartOf":{"@id":"https:\/\/www.forbes.be\/nl\/voormalig-ceo-van-carrefour-market-mestdagh-leidt-equilis-belgium\/"},"author":{"name":"Philippe Coul\u00e9e","@id":"https:\/\/www.forbes.be\/nl\/#\/schema\/person\/797c17666a83bddaca06a16e61c5cab3"},"headline":"Ex-CEO van Carrefour Market Mestdagh gaat Equilis Belgium leiden","datePublished":"2025-01-23T05:00:34+00:00","dateModified":"2025-02-04T11:10:36+00:00","mainEntityOfPage":{"@id":"https:\/\/www.forbes.be\/nl\/voormalig-ceo-van-carrefour-market-mestdagh-leidt-equilis-belgium\/"},"wordCount":369,"publisher":{"@id":"https:\/\/www.forbes.be\/nl\/#organization"},"image":{"@id":"https:\/\/www.forbes.be\/nl\/voormalig-ceo-van-carrefour-market-mestdagh-leidt-equilis-belgium\/#primaryimage"},"thumbnailUrl":"https:\/\/www.forbes.be\/nl\/wp-content\/uploads\/2025\/01\/image-a-la-une-forbes-5.png","articleSection":["Actualiteit","Leiderschap","Ondernemers","Vastgoed"],"inLanguage":"nl-BE"},{"@type":"WebPage","@id":"https:\/\/www.forbes.be\/nl\/voormalig-ceo-van-carrefour-market-mestdagh-leidt-equilis-belgium\/","url":"https:\/\/www.forbes.be\/nl\/voormalig-ceo-van-carrefour-market-mestdagh-leidt-equilis-belgium\/","name":"Voormalig CEO van Carrefour Market Mestdagh leidt Equilis Belgium","isPartOf":{"@id":"https:\/\/www.forbes.be\/nl\/#website"},"primaryImageOfPage":{"@id":"https:\/\/www.forbes.be\/nl\/voormalig-ceo-van-carrefour-market-mestdagh-leidt-equilis-belgium\/#primaryimage"},"image":{"@id":"https:\/\/www.forbes.be\/nl\/voormalig-ceo-van-carrefour-market-mestdagh-leidt-equilis-belgium\/#primaryimage"},"thumbnailUrl":"https:\/\/www.forbes.be\/nl\/wp-content\/uploads\/2025\/01\/image-a-la-une-forbes-5.png","datePublished":"2025-01-23T05:00:34+00:00","dateModified":"2025-02-04T11:10:36+00:00","description":"Guillaume Beuscart sluit zich aan bij de vastgoedontwikkelingstak van de familie Mestdagh als CEO van Equilis Belgium.","breadcrumb":{"@id":"https:\/\/www.forbes.be\/nl\/voormalig-ceo-van-carrefour-market-mestdagh-leidt-equilis-belgium\/#breadcrumb"},"inLanguage":"nl-BE","potentialAction":[{"@type":"ReadAction","target":["https:\/\/www.forbes.be\/nl\/voormalig-ceo-van-carrefour-market-mestdagh-leidt-equilis-belgium\/"]}]},{"@type":"ImageObject","inLanguage":"nl-BE","@id":"https:\/\/www.forbes.be\/nl\/voormalig-ceo-van-carrefour-market-mestdagh-leidt-equilis-belgium\/#primaryimage","url":"https:\/\/www.forbes.be\/nl\/wp-content\/uploads\/2025\/01\/image-a-la-une-forbes-5.png","contentUrl":"https:\/\/www.forbes.be\/nl\/wp-content\/uploads\/2025\/01\/image-a-la-une-forbes-5.png","width":1200,"height":628},{"@type":"BreadcrumbList","@id":"https:\/\/www.forbes.be\/nl\/voormalig-ceo-van-carrefour-market-mestdagh-leidt-equilis-belgium\/#breadcrumb","itemListElement":[{"@type":"ListItem","position":1,"name":"Accueil","item":"https:\/\/www.forbes.be\/nl\/"},{"@type":"ListItem","position":2,"name":"Ex-CEO van Carrefour Market Mestdagh gaat Equilis Belgium leiden"}]},{"@type":"WebSite","@id":"https:\/\/www.forbes.be\/nl\/#website","url":"https:\/\/www.forbes.be\/nl\/","name":"Forbes Belgi\u00eb","description":"","publisher":{"@id":"https:\/\/www.forbes.be\/nl\/#organization"},"potentialAction":[{"@type":"SearchAction","target":{"@type":"EntryPoint","urlTemplate":"https:\/\/www.forbes.be\/nl\/?s={search_term_string}"},"query-input":{"@type":"PropertyValueSpecification","valueRequired":true,"valueName":"search_term_string"}}],"inLanguage":"nl-BE"},{"@type":"Organization","@id":"https:\/\/www.forbes.be\/nl\/#organization","name":"Forbes Belgi\u00eb","url":"https:\/\/www.forbes.be\/nl\/","logo":{"@type":"ImageObject","inLanguage":"nl-BE","@id":"https:\/\/www.forbes.be\/nl\/#\/schema\/logo\/image\/","url":"https:\/\/www.forbes.be\/nl\/wp-content\/uploads\/2024\/02\/forbes.be_.png","contentUrl":"https:\/\/www.forbes.be\/nl\/wp-content\/uploads\/2024\/02\/forbes.be_.png","width":1200,"height":675,"caption":"Forbes Belgi\u00eb"},"image":{"@id":"https:\/\/www.forbes.be\/nl\/#\/schema\/logo\/image\/"},"sameAs":["https:\/\/www.facebook.com\/forbesbelgie","https:\/\/www.instagram.com\/Forbes_Belgium","https:\/\/www.linkedin.com\/company\/forbes-belgium\/"]},{"@type":"Person","@id":"https:\/\/www.forbes.be\/nl\/#\/schema\/person\/797c17666a83bddaca06a16e61c5cab3","name":"Philippe Coul\u00e9e","image":{"@type":"ImageObject","inLanguage":"nl-BE","@id":"https:\/\/www.forbes.be\/nl\/wp-content\/uploads\/2024\/01\/unnamed-150x150.jpg","url":"https:\/\/www.forbes.be\/nl\/wp-content\/uploads\/2024\/01\/unnamed-150x150.jpg","contentUrl":"https:\/\/www.forbes.be\/nl\/wp-content\/uploads\/2024\/01\/unnamed-150x150.jpg","caption":"Philippe Coul\u00e9e"},"url":"https:\/\/www.forbes.be\/nl\/author\/philippe-couleeicloud-com\/"}]}},"_links":{"self":[{"href":"https:\/\/www.forbes.be\/nl\/wp-json\/wp\/v2\/posts\/7107","targetHints":{"allow":["GET"]}}],"collection":[{"href":"https:\/\/www.forbes.be\/nl\/wp-json\/wp\/v2\/posts"}],"about":[{"href":"https:\/\/www.forbes.be\/nl\/wp-json\/wp\/v2\/types\/post"}],"author":[{"embeddable":true,"href":"https:\/\/www.forbes.be\/nl\/wp-json\/wp\/v2\/users\/11"}],"replies":[{"embeddable":true,"href":"https:\/\/www.forbes.be\/nl\/wp-json\/wp\/v2\/comments?post=7107"}],"version-history":[{"count":3,"href":"https:\/\/www.forbes.be\/nl\/wp-json\/wp\/v2\/posts\/7107\/revisions"}],"predecessor-version":[{"id":7111,"href":"https:\/\/www.forbes.be\/nl\/wp-json\/wp\/v2\/posts\/7107\/revisions\/7111"}],"wp:featuredmedia":[{"embeddable":true,"href":"https:\/\/www.forbes.be\/nl\/wp-json\/wp\/v2\/media\/7265"}],"wp:attachment":[{"href":"https:\/\/www.forbes.be\/nl\/wp-json\/wp\/v2\/media?parent=7107"}],"wp:term":[{"taxonomy":"category","embeddable":true,"href":"https:\/\/www.forbes.be\/nl\/wp-json\/wp\/v2\/categories?post=7107"},{"taxonomy":"post_tag","embeddable":true,"href":"https:\/\/www.forbes.be\/nl\/wp-json\/wp\/v2\/tags?post=7107"}],"curies":[{"name":"wp","href":"https:\/\/api.w.org\/{rel}","templated":true}]}}