{"id":7124,"date":"2025-01-30T14:00:23","date_gmt":"2025-01-30T13:00:23","guid":{"rendered":"https:\/\/www.forbes.be\/nl\/?p=7124"},"modified":"2026-02-24T19:00:38","modified_gmt":"2026-02-24T18:00:38","slug":"waarom-je-de-volvo-ex30-nog-voor-februari-wil-kiezen-als-bedrijfswagen","status":"publish","type":"post","link":"https:\/\/www.forbes.be\/nl\/waarom-je-de-volvo-ex30-nog-voor-februari-wil-kiezen-als-bedrijfswagen\/","title":{"rendered":"Waarom je de Volvo EX30 nog v\u00f3\u00f3r maart wil kiezen als (bedrijfs)wagen"},"content":{"rendered":"<p><strong>De Volvo EX30 is alles wat een moderne, jonge professional zoekt in een elektrische wagen. Het combineert Scandinavisch design, geavanceerde technologie en indrukwekkende prestaties. En Volvo biedt bovendien een tijdelijke financi\u00eble bonus die de keuze extra aantrekkelijk maakt.<\/strong><\/p>\n<p>Bij Forbes zijn we al geruime tijd fan van Volvo, maar er is \u00e9\u00e9n model dat bijzonder in ons oog springt: <span style=\"font-weight: 400;\"> de <a href=\"https:\/\/www.volvocars.com\/nl-be\/cars\/ex30-electric\/\" target=\"_blank\" rel=\"noopener\">Volvo EX30<\/a><\/span>. Dit is niet alleen de meest wendbare elektrische Volvo ooit, maar ook een compacte auto die speciaal is ontworpen voor de jonge, vooruitstrevende professional die wil kiezen voor een duurzame toekomst. Wat het extra aantrekkelijk maakt? Tot eind februari biedt Volvo speciale maandlasten aan voor zowel priv\u00e9- als zakelijke rijders.<\/p>\n<h2>Innovatie<\/h2>\n<p>De Volvo EX30 is een perfect voorbeeld van het Scandinavisch design waar het merk om bekend staat. De Zweden hebben deze auto gemaakt volgens de hoogste standaarden voor design, interieur en duurzame materialen, zonder in te boeten op praktische aspecten. Het \u2018jij en de auto\u2019-cocongevoel wordt versterkt door de ecologische bekleding, die doet denken aan vakmanschap zoals alleen de Scandinavi\u00ebrs dat kunnen \u2013 stijlvol en met respect voor de planeet. Terwijl het formaat compact is, heeft de auto v\u00e9\u00e9l te bieden, waaronder een geavanceerd infotainmentsysteem met ingebouwd Google-systeem waardoor je altijd verbonden blijft. Maar ook een Harman Kardon-audiosysteem dat een geluidservaring van topkwaliteit levert. Als je veel onderweg bent, is deze auto fantastisch. Handsfree bellen zijn we allemaal wel gewend, maar zoals de <span style=\"font-weight: 400;\"> <a href=\"https:\/\/www.volvocars.com\/nl-be\/cars\/ex30-electric\/\" target=\"_blank\" rel=\"noopener\">Volvo EX30<\/a><\/span> het heeft ingericht \u2013 met dat geluid! \u2013 maakt dat je nooit meer iets anders wilt.<\/p>\n\r\n                <style type=\"text\/css\">\r\n                    \r\n                    #tdi_1  .td-doubleSlider-2 .td-item1 {\r\n                        background: url(https:\/\/www.forbes.be\/nl\/wp-content\/uploads\/2025\/01\/318722-volvo-ex30-vapour-grey-interior-scaled.jpg) 0 0 no-repeat;\r\n                    }\r\n                    #tdi_1  .td-doubleSlider-2 .td-item2 {\r\n                        background: url(https:\/\/www.forbes.be\/nl\/wp-content\/uploads\/2025\/01\/318708-volvo-ex30-vapour-grey-interior-scaled.jpg) 0 0 no-repeat;\r\n                    }\r\n                    #tdi_1  .td-doubleSlider-2 .td-item3 {\r\n                        background: url(https:\/\/www.forbes.be\/nl\/wp-content\/uploads\/2025\/01\/318856-volvo-ex30-cloud-blue-exterior-scaled.jpg) 0 0 no-repeat;\r\n                    }\r\n                    #tdi_1  .td-doubleSlider-2 .td-item4 {\r\n                        background: url(https:\/\/www.forbes.be\/nl\/wp-content\/uploads\/2025\/01\/318818-volvo-ex30-cloud-blue-interior-scaled.jpg) 0 0 no-repeat;\r\n                    }\r\n                    #tdi_1  .td-doubleSlider-2 .td-item5 {\r\n                        background: url(https:\/\/www.forbes.be\/nl\/wp-content\/uploads\/2025\/01\/318853-volvo-ex30-cloud-blue-exterior-scaled.jpg) 0 0 no-repeat;\r\n                    }\r\n                    #tdi_1  .td-doubleSlider-2 .td-item6 {\r\n                        background: url(https:\/\/www.forbes.be\/nl\/wp-content\/uploads\/2025\/01\/318855-volvo-ex30-cloud-blue-exterior-scaled.jpg) 0 0 no-repeat;\r\n                    }\r\n                <\/style>\r\n\r\n                <div id=\"tdi_1\" class=\"td-gallery td-slide-on-2-columns\">\r\n                    <div class=\"post_td_gallery\">\r\n                        <div class=\"td-gallery-slide-top\">\r\n                           <div class=\"td-gallery-title\"><\/div>\r\n\r\n                            <div class=\"td-gallery-controls-wrapper\">\r\n                                <div class=\"td-gallery-slide-count\"><span class=\"td-gallery-slide-item-focus\">1<\/span> of 6<\/div>\r\n                                <div class=\"td-gallery-slide-prev-next-but\">\r\n                                    <i class = \"td-icon-left doubleSliderPrevButton\"><\/i>\r\n                                    <i class = \"td-icon-right doubleSliderNextButton\"><\/i>\r\n                                <\/div>\r\n                            <\/div>\r\n                        <\/div>\r\n\r\n                        <div class = \"td-doubleSlider-1 \">\r\n                            <div class = \"td-slider\">\r\n                                \r\n                    <div class = \"td-slide-item td-item1\">\r\n                        <figure class=\"td-slide-galery-figure td-slide-popup-gallery\">\r\n                            <a class=\"slide-gallery-image-link\" href=\"https:\/\/www.forbes.be\/nl\/wp-content\/uploads\/2025\/01\/318722-volvo-ex30-vapour-grey-interior-scaled.jpg\" title=\"318722_Volvo_EX30_Vapour_Grey_Interior\"  data-caption=\"Volvo EX30 Vapour Grey Interior\"  data-description=\"\">\r\n                                <img decoding=\"async\" src=\"https:\/\/www.forbes.be\/nl\/wp-content\/uploads\/2025\/01\/318722-volvo-ex30-vapour-grey-interior-scaled.jpg\" srcset=\"https:\/\/www.forbes.be\/nl\/wp-content\/uploads\/2025\/01\/318722-volvo-ex30-vapour-grey-interior-scaled.jpg 2560w, https:\/\/www.forbes.be\/nl\/wp-content\/uploads\/2025\/01\/318722-volvo-ex30-vapour-grey-interior-300x200.jpg 300w, https:\/\/www.forbes.be\/nl\/wp-content\/uploads\/2025\/01\/318722-volvo-ex30-vapour-grey-interior-1024x683.jpg 1024w, https:\/\/www.forbes.be\/nl\/wp-content\/uploads\/2025\/01\/318722-volvo-ex30-vapour-grey-interior-768x512.jpg 768w, https:\/\/www.forbes.be\/nl\/wp-content\/uploads\/2025\/01\/318722-volvo-ex30-vapour-grey-interior-1536x1024.jpg 1536w, https:\/\/www.forbes.be\/nl\/wp-content\/uploads\/2025\/01\/318722-volvo-ex30-vapour-grey-interior-2048x1365.jpg 2048w, https:\/\/www.forbes.be\/nl\/wp-content\/uploads\/2025\/01\/318722-volvo-ex30-vapour-grey-interior-696x464.jpg 696w, https:\/\/www.forbes.be\/nl\/wp-content\/uploads\/2025\/01\/318722-volvo-ex30-vapour-grey-interior-1068x712.jpg 1068w, https:\/\/www.forbes.be\/nl\/wp-content\/uploads\/2025\/01\/318722-volvo-ex30-vapour-grey-interior-1920x1280.jpg 1920w, https:\/\/www.forbes.be\/nl\/wp-content\/uploads\/2025\/01\/318722-volvo-ex30-vapour-grey-interior-600x400.jpg 600w\" sizes=\"(max-width: 2560px) 100vw, 2560px\" alt=\"\">\r\n                            <\/a>\r\n                            <figcaption class = \"td-slide-caption td-gallery-slide-content\"><div class = \"td-gallery-slide-copywrite\">Volvo EX30 Vapour Grey Interior<\/div><\/figcaption>\r\n                        <\/figure>\r\n                    <\/div>\r\n                    <div class = \"td-slide-item td-item2\">\r\n                        <figure class=\"td-slide-galery-figure td-slide-popup-gallery\">\r\n                            <a class=\"slide-gallery-image-link\" href=\"https:\/\/www.forbes.be\/nl\/wp-content\/uploads\/2025\/01\/318708-volvo-ex30-vapour-grey-interior-scaled.jpg\" title=\"318708_Volvo_EX30_Vapour_Grey_Interior\"  data-caption=\"Volvo EX30 Vapour Grey Interior\"  data-description=\"\">\r\n                                <img decoding=\"async\" src=\"https:\/\/www.forbes.be\/nl\/wp-content\/uploads\/2025\/01\/318708-volvo-ex30-vapour-grey-interior-scaled.jpg\" srcset=\"https:\/\/www.forbes.be\/nl\/wp-content\/uploads\/2025\/01\/318708-volvo-ex30-vapour-grey-interior-scaled.jpg 2560w, https:\/\/www.forbes.be\/nl\/wp-content\/uploads\/2025\/01\/318708-volvo-ex30-vapour-grey-interior-300x200.jpg 300w, https:\/\/www.forbes.be\/nl\/wp-content\/uploads\/2025\/01\/318708-volvo-ex30-vapour-grey-interior-1024x683.jpg 1024w, https:\/\/www.forbes.be\/nl\/wp-content\/uploads\/2025\/01\/318708-volvo-ex30-vapour-grey-interior-768x512.jpg 768w, https:\/\/www.forbes.be\/nl\/wp-content\/uploads\/2025\/01\/318708-volvo-ex30-vapour-grey-interior-1536x1024.jpg 1536w, https:\/\/www.forbes.be\/nl\/wp-content\/uploads\/2025\/01\/318708-volvo-ex30-vapour-grey-interior-2048x1365.jpg 2048w, https:\/\/www.forbes.be\/nl\/wp-content\/uploads\/2025\/01\/318708-volvo-ex30-vapour-grey-interior-696x464.jpg 696w, https:\/\/www.forbes.be\/nl\/wp-content\/uploads\/2025\/01\/318708-volvo-ex30-vapour-grey-interior-1068x712.jpg 1068w, https:\/\/www.forbes.be\/nl\/wp-content\/uploads\/2025\/01\/318708-volvo-ex30-vapour-grey-interior-1920x1280.jpg 1920w, https:\/\/www.forbes.be\/nl\/wp-content\/uploads\/2025\/01\/318708-volvo-ex30-vapour-grey-interior-600x400.jpg 600w\" sizes=\"(max-width: 2560px) 100vw, 2560px\" alt=\"\">\r\n                            <\/a>\r\n                            <figcaption class = \"td-slide-caption td-gallery-slide-content\"><div class = \"td-gallery-slide-copywrite\">Volvo EX30 Vapour Grey Interior<\/div><\/figcaption>\r\n                        <\/figure>\r\n                    <\/div>\r\n                    <div class = \"td-slide-item td-item3\">\r\n                        <figure class=\"td-slide-galery-figure td-slide-popup-gallery\">\r\n                            <a class=\"slide-gallery-image-link\" href=\"https:\/\/www.forbes.be\/nl\/wp-content\/uploads\/2025\/01\/318856-volvo-ex30-cloud-blue-exterior-scaled.jpg\" title=\"318856_Volvo_EX30_Cloud_Blue_Exterior\"  data-caption=\"Volvo EX30 Cloud Blue Exterior\"  data-description=\"\">\r\n                                <img decoding=\"async\" src=\"https:\/\/www.forbes.be\/nl\/wp-content\/uploads\/2025\/01\/318856-volvo-ex30-cloud-blue-exterior-scaled.jpg\" srcset=\"https:\/\/www.forbes.be\/nl\/wp-content\/uploads\/2025\/01\/318856-volvo-ex30-cloud-blue-exterior-scaled.jpg 2560w, https:\/\/www.forbes.be\/nl\/wp-content\/uploads\/2025\/01\/318856-volvo-ex30-cloud-blue-exterior-300x200.jpg 300w, https:\/\/www.forbes.be\/nl\/wp-content\/uploads\/2025\/01\/318856-volvo-ex30-cloud-blue-exterior-1024x683.jpg 1024w, https:\/\/www.forbes.be\/nl\/wp-content\/uploads\/2025\/01\/318856-volvo-ex30-cloud-blue-exterior-768x512.jpg 768w, https:\/\/www.forbes.be\/nl\/wp-content\/uploads\/2025\/01\/318856-volvo-ex30-cloud-blue-exterior-1536x1024.jpg 1536w, https:\/\/www.forbes.be\/nl\/wp-content\/uploads\/2025\/01\/318856-volvo-ex30-cloud-blue-exterior-2048x1365.jpg 2048w, https:\/\/www.forbes.be\/nl\/wp-content\/uploads\/2025\/01\/318856-volvo-ex30-cloud-blue-exterior-696x464.jpg 696w, https:\/\/www.forbes.be\/nl\/wp-content\/uploads\/2025\/01\/318856-volvo-ex30-cloud-blue-exterior-1068x712.jpg 1068w, https:\/\/www.forbes.be\/nl\/wp-content\/uploads\/2025\/01\/318856-volvo-ex30-cloud-blue-exterior-1920x1280.jpg 1920w, https:\/\/www.forbes.be\/nl\/wp-content\/uploads\/2025\/01\/318856-volvo-ex30-cloud-blue-exterior-600x400.jpg 600w\" sizes=\"(max-width: 2560px) 100vw, 2560px\" alt=\"\">\r\n                            <\/a>\r\n                            <figcaption class = \"td-slide-caption td-gallery-slide-content\"><div class = \"td-gallery-slide-copywrite\">Volvo EX30 Cloud Blue Exterior<\/div><\/figcaption>\r\n                        <\/figure>\r\n                    <\/div>\r\n                    <div class = \"td-slide-item td-item4\">\r\n                        <figure class=\"td-slide-galery-figure td-slide-popup-gallery\">\r\n                            <a class=\"slide-gallery-image-link\" href=\"https:\/\/www.forbes.be\/nl\/wp-content\/uploads\/2025\/01\/318818-volvo-ex30-cloud-blue-interior-scaled.jpg\" title=\"318818_Volvo_EX30_Cloud_Blue_Interior\"  data-caption=\"Volvo EX30 Cloud Blue Interior\"  data-description=\"\">\r\n                                <img decoding=\"async\" src=\"https:\/\/www.forbes.be\/nl\/wp-content\/uploads\/2025\/01\/318818-volvo-ex30-cloud-blue-interior-scaled.jpg\" srcset=\"https:\/\/www.forbes.be\/nl\/wp-content\/uploads\/2025\/01\/318818-volvo-ex30-cloud-blue-interior-scaled.jpg 1707w, https:\/\/www.forbes.be\/nl\/wp-content\/uploads\/2025\/01\/318818-volvo-ex30-cloud-blue-interior-200x300.jpg 200w, https:\/\/www.forbes.be\/nl\/wp-content\/uploads\/2025\/01\/318818-volvo-ex30-cloud-blue-interior-683x1024.jpg 683w, https:\/\/www.forbes.be\/nl\/wp-content\/uploads\/2025\/01\/318818-volvo-ex30-cloud-blue-interior-768x1152.jpg 768w, https:\/\/www.forbes.be\/nl\/wp-content\/uploads\/2025\/01\/318818-volvo-ex30-cloud-blue-interior-1024x1536.jpg 1024w, https:\/\/www.forbes.be\/nl\/wp-content\/uploads\/2025\/01\/318818-volvo-ex30-cloud-blue-interior-1366x2048.jpg 1366w, https:\/\/www.forbes.be\/nl\/wp-content\/uploads\/2025\/01\/318818-volvo-ex30-cloud-blue-interior-696x1044.jpg 696w, https:\/\/www.forbes.be\/nl\/wp-content\/uploads\/2025\/01\/318818-volvo-ex30-cloud-blue-interior-1068x1602.jpg 1068w, https:\/\/www.forbes.be\/nl\/wp-content\/uploads\/2025\/01\/318818-volvo-ex30-cloud-blue-interior-1920x2880.jpg 1920w, https:\/\/www.forbes.be\/nl\/wp-content\/uploads\/2025\/01\/318818-volvo-ex30-cloud-blue-interior-600x900.jpg 600w\" sizes=\"(max-width: 1707px) 100vw, 1707px\" alt=\"\">\r\n                            <\/a>\r\n                            <figcaption class = \"td-slide-caption td-gallery-slide-content\"><div class = \"td-gallery-slide-copywrite\">Volvo EX30 Cloud Blue Interior<\/div><\/figcaption>\r\n                        <\/figure>\r\n                    <\/div>\r\n                    <div class = \"td-slide-item td-item5\">\r\n                        <figure class=\"td-slide-galery-figure td-slide-popup-gallery\">\r\n                            <a class=\"slide-gallery-image-link\" href=\"https:\/\/www.forbes.be\/nl\/wp-content\/uploads\/2025\/01\/318853-volvo-ex30-cloud-blue-exterior-scaled.jpg\" title=\"318853_Volvo_EX30_Cloud_Blue_Exterior\"  data-caption=\"Volvo EX30 Cloud Blue Exterior\"  data-description=\"\">\r\n                                <img decoding=\"async\" src=\"https:\/\/www.forbes.be\/nl\/wp-content\/uploads\/2025\/01\/318853-volvo-ex30-cloud-blue-exterior-scaled.jpg\" srcset=\"https:\/\/www.forbes.be\/nl\/wp-content\/uploads\/2025\/01\/318853-volvo-ex30-cloud-blue-exterior-scaled.jpg 1708w, https:\/\/www.forbes.be\/nl\/wp-content\/uploads\/2025\/01\/318853-volvo-ex30-cloud-blue-exterior-200x300.jpg 200w, https:\/\/www.forbes.be\/nl\/wp-content\/uploads\/2025\/01\/318853-volvo-ex30-cloud-blue-exterior-683x1024.jpg 683w, https:\/\/www.forbes.be\/nl\/wp-content\/uploads\/2025\/01\/318853-volvo-ex30-cloud-blue-exterior-768x1151.jpg 768w, https:\/\/www.forbes.be\/nl\/wp-content\/uploads\/2025\/01\/318853-volvo-ex30-cloud-blue-exterior-1025x1536.jpg 1025w, https:\/\/www.forbes.be\/nl\/wp-content\/uploads\/2025\/01\/318853-volvo-ex30-cloud-blue-exterior-1366x2048.jpg 1366w, https:\/\/www.forbes.be\/nl\/wp-content\/uploads\/2025\/01\/318853-volvo-ex30-cloud-blue-exterior-696x1043.jpg 696w, https:\/\/www.forbes.be\/nl\/wp-content\/uploads\/2025\/01\/318853-volvo-ex30-cloud-blue-exterior-1068x1601.jpg 1068w, https:\/\/www.forbes.be\/nl\/wp-content\/uploads\/2025\/01\/318853-volvo-ex30-cloud-blue-exterior-1920x2878.jpg 1920w, https:\/\/www.forbes.be\/nl\/wp-content\/uploads\/2025\/01\/318853-volvo-ex30-cloud-blue-exterior-600x899.jpg 600w\" sizes=\"(max-width: 1708px) 100vw, 1708px\" alt=\"\">\r\n                            <\/a>\r\n                            <figcaption class = \"td-slide-caption td-gallery-slide-content\"><div class = \"td-gallery-slide-copywrite\">Volvo EX30 Cloud Blue Exterior<\/div><\/figcaption>\r\n                        <\/figure>\r\n                    <\/div>\r\n                    <div class = \"td-slide-item td-item6\">\r\n                        <figure class=\"td-slide-galery-figure td-slide-popup-gallery\">\r\n                            <a class=\"slide-gallery-image-link\" href=\"https:\/\/www.forbes.be\/nl\/wp-content\/uploads\/2025\/01\/318855-volvo-ex30-cloud-blue-exterior-scaled.jpg\" title=\"318855_Volvo_EX30_Cloud_Blue_Exterior\"  data-caption=\"Volvo EX30 Cloud Blue Exterior\"  data-description=\"\">\r\n                                <img decoding=\"async\" src=\"https:\/\/www.forbes.be\/nl\/wp-content\/uploads\/2025\/01\/318855-volvo-ex30-cloud-blue-exterior-scaled.jpg\" srcset=\"https:\/\/www.forbes.be\/nl\/wp-content\/uploads\/2025\/01\/318855-volvo-ex30-cloud-blue-exterior-scaled.jpg 1708w, https:\/\/www.forbes.be\/nl\/wp-content\/uploads\/2025\/01\/318855-volvo-ex30-cloud-blue-exterior-200x300.jpg 200w, https:\/\/www.forbes.be\/nl\/wp-content\/uploads\/2025\/01\/318855-volvo-ex30-cloud-blue-exterior-683x1024.jpg 683w, https:\/\/www.forbes.be\/nl\/wp-content\/uploads\/2025\/01\/318855-volvo-ex30-cloud-blue-exterior-768x1151.jpg 768w, https:\/\/www.forbes.be\/nl\/wp-content\/uploads\/2025\/01\/318855-volvo-ex30-cloud-blue-exterior-1025x1536.jpg 1025w, https:\/\/www.forbes.be\/nl\/wp-content\/uploads\/2025\/01\/318855-volvo-ex30-cloud-blue-exterior-1366x2048.jpg 1366w, https:\/\/www.forbes.be\/nl\/wp-content\/uploads\/2025\/01\/318855-volvo-ex30-cloud-blue-exterior-696x1043.jpg 696w, https:\/\/www.forbes.be\/nl\/wp-content\/uploads\/2025\/01\/318855-volvo-ex30-cloud-blue-exterior-1068x1601.jpg 1068w, https:\/\/www.forbes.be\/nl\/wp-content\/uploads\/2025\/01\/318855-volvo-ex30-cloud-blue-exterior-1920x2878.jpg 1920w, https:\/\/www.forbes.be\/nl\/wp-content\/uploads\/2025\/01\/318855-volvo-ex30-cloud-blue-exterior-600x899.jpg 600w\" sizes=\"(max-width: 1708px) 100vw, 1708px\" alt=\"\">\r\n                            <\/a>\r\n                            <figcaption class = \"td-slide-caption td-gallery-slide-content\"><div class = \"td-gallery-slide-copywrite\">Volvo EX30 Cloud Blue Exterior<\/div><\/figcaption>\r\n                        <\/figure>\r\n                    <\/div>\r\n                            <\/div>\r\n                        <\/div>\r\n\r\n                        <div class = \"td-doubleSlider-2\">\r\n                            <div class = \"td-slider\">\r\n                                \r\n                    <div class = \"td-button td-item1\">\r\n                        <div class = \"td-border\"><\/div>\r\n                    <\/div>\r\n                    <div class = \"td-button td-item2\">\r\n                        <div class = \"td-border\"><\/div>\r\n                    <\/div>\r\n                    <div class = \"td-button td-item3\">\r\n                        <div class = \"td-border\"><\/div>\r\n                    <\/div>\r\n                    <div class = \"td-button td-item4\">\r\n                        <div class = \"td-border\"><\/div>\r\n                    <\/div>\r\n                    <div class = \"td-button td-item5\">\r\n                        <div class = \"td-border\"><\/div>\r\n                    <\/div>\r\n                    <div class = \"td-button td-item6\">\r\n                        <div class = \"td-border\"><\/div>\r\n                    <\/div>\r\n                            <\/div>\r\n                        <\/div>\r\n\r\n                    <\/div>\r\n\r\n                <\/div>\r\n                \n<h2>Prestaties die indruk maken<\/h2>\n<p><span style=\"font-weight: 400;\">Maar ook over de kracht van de auto is goed nagedacht. De <a href=\"https:\/\/www.volvocars.com\/nl-be\/cars\/ex30-electric\/\" target=\"_blank\" rel=\"noopener\">Volvo EX30<\/a> biedt een indrukwekkend bereik van 476 km op een volle batterij, waardoor je lange ritten kunt maken zonder je zorgen te maken over opladen. Het opladen van 10% naar 80% duurt slechts 26 minuten met een snellader, zodat je snel weer op weg bent en geen tijd verliest. De krachtige motor zorgt voor een dynamische rijervaring, perfect voor zowel de drukke werkweek als de weekendtrip.<\/span><\/p>\n<h2>Ook voor de duurzamere bestuurder<\/h2>\n<p><span style=\"font-weight: 400;\">En dat doe je allemaal met de laagste koolstofvoetafdruk van alle elektrische Volvo\u2019s tot nu toe. Een Life Cycle Assessment (LCA) heeft aangetoond dat de productie van dit model, van de grondstoffen tot het eindproduct, 25% minder CO2-uitstoot veroorzaakt dan andere elektrische modellen. Dit is mogelijk dankzij een geoptimaliseerd productieproces en het gebruik van duurzame materialen zoals gerecycled staal en kunststoffen. Het ontwerp van de Volvo EX30 is daarnaast zodanig geoptimaliseerd dat de auto minder energie nodig heeft om te produceren, en de batterij is ontworpen voor een langere levensduur en betere recyclingmogelijkheden.<\/span><\/p>\n<h2>Aanbiedingen tot maart<\/h2>\n<p><span style=\"font-weight: 400;\">De <a href=\"https:\/\/www.volvocars.com\/nl-be\/cars\/ex30-electric\/\" target=\"_blank\" rel=\"noopener\">Volvo EX30<\/a> is met z<\/span>ijn betaalbare prijs en 100% elektrische aandrijflijn sowieso al een aantrekkelijke keuze als bedrijfs- of priv\u00e9wagen. Maar Volvo biedt tot maart nog extra speciale maandlasten voor zowel zakelijke als priv\u00e9bestuurders. Ben je nog niet overgestapt naar elektrisch rijden? Dan is dit misschien d\u00e9 uitgelezen kans.<\/p>\n<p><span style=\"font-weight: 400;\">Wil je meer weten over de aanbiedingen of de Volvo EX30 zelf ervaren? Bezoek je dichtstbijzijnde Volvo-dealer en ontdek de mogelijkheden, of bekijk <\/span><span style=\"font-weight: 400;\"><a href=\"https:\/\/www.volvocars.com\/nl-be\/l\/aanbiedingen\/ex30\/\" target=\"_blank\" rel=\"noopener\">de aanbiedingen online<\/a>.<\/span><\/p>\n<div class=\"td_block_wrap tdb_single_content tdi_126 td-pb-border-top content-edisound td_block_template_1 td-post-content tagdiv-type\" data-td-block-uid=\"tdi_126\">\n<div class=\"tdb-block-inner td-fix-index\">\n<p>Dit artikel is geschreven in nauwe samenwerking met\u00a0<a href=\"https:\/\/www.volvocars.com\/nl-be\/cars\/ex30-electric\/\" target=\"_blank\" rel=\"noopener external noreferrer\" data-wpel-link=\"external\">Volvo<\/a>.<\/p>\n<\/div>\n<\/div>\n","protected":false},"excerpt":{"rendered":"<p>De Volvo EX30 is alles wat een moderne, jonge professional zoekt in een elektrische wagen. Het combineert Scandinavisch design, geavanceerde technologie en indrukwekkende prestaties. En Volvo biedt bovendien een tijdelijke financi\u00eble bonus die de keuze extra aantrekkelijk maakt. Bij Forbes zijn we al geruime tijd fan van Volvo, maar er is \u00e9\u00e9n model dat bijzonder [&hellip;]<\/p>\n","protected":false},"author":5,"featured_media":7136,"comment_status":"closed","ping_status":"closed","sticky":false,"template":"","format":"standard","meta":{"_acf_changed":false,"inline_featured_image":false,"footnotes":""},"categories":[693],"tags":[],"class_list":{"0":"post-7124","1":"post","2":"type-post","3":"status-publish","4":"format-standard","5":"has-post-thumbnail","7":"category-brandvoice"},"acf":[],"auteur_traducteur":"","yoast_head":"<!-- This site is optimized with the Yoast SEO plugin v27.4 - https:\/\/yoast.com\/product\/yoast-seo-wordpress\/ -->\n<title>Waarom je de Volvo EX30 nog v\u00f3\u00f3r februari wil kiezen als wagen<\/title>\n<meta name=\"description\" content=\"De Volvo EX30 is alles wat een moderne professional zoekt in een elektrische wagen. Het combineert technologie en indrukwekkende prestaties.\" \/>\n<meta name=\"robots\" content=\"index, follow, max-snippet:-1, max-image-preview:large, max-video-preview:-1\" \/>\n<link rel=\"canonical\" href=\"https:\/\/www.forbes.be\/nl\/waarom-je-de-volvo-ex30-nog-voor-februari-wil-kiezen-als-bedrijfswagen\/\" \/>\n<meta property=\"og:locale\" content=\"nl_BE\" \/>\n<meta property=\"og:type\" content=\"article\" \/>\n<meta property=\"og:title\" content=\"Waarom je de Volvo EX30 nog v\u00f3\u00f3r februari wil kiezen als wagen\" \/>\n<meta property=\"og:description\" content=\"De Volvo EX30 is alles wat een moderne professional zoekt in een elektrische wagen. Het combineert technologie en indrukwekkende prestaties.\" \/>\n<meta property=\"og:url\" content=\"https:\/\/www.forbes.be\/nl\/waarom-je-de-volvo-ex30-nog-voor-februari-wil-kiezen-als-bedrijfswagen\/\" \/>\n<meta property=\"og:site_name\" content=\"Forbes Belgi\u00eb\" \/>\n<meta property=\"article:publisher\" content=\"https:\/\/www.facebook.com\/forbesbelgie\" \/>\n<meta property=\"article:published_time\" content=\"2025-01-30T13:00:23+00:00\" \/>\n<meta property=\"article:modified_time\" content=\"2026-02-24T18:00:38+00:00\" \/>\n<meta property=\"og:image\" content=\"https:\/\/www.forbes.be\/nl\/wp-content\/uploads\/2015\/01\/318876-volvo-ex30-cloud-blue-exterior-scaled-e1737711506328.jpg\" \/>\n\t<meta property=\"og:image:width\" content=\"2560\" \/>\n\t<meta property=\"og:image:height\" content=\"1340\" \/>\n\t<meta property=\"og:image:type\" content=\"image\/jpeg\" \/>\n<meta name=\"author\" content=\"BRANDVOICE | Sponsored Content\" \/>\n<meta name=\"twitter:card\" content=\"summary_large_image\" \/>\n<meta name=\"twitter:label1\" content=\"Geschreven door\" \/>\n\t<meta name=\"twitter:data1\" content=\"BRANDVOICE | Sponsored Content\" \/>\n\t<meta name=\"twitter:label2\" content=\"Geschatte leestijd\" \/>\n\t<meta name=\"twitter:data2\" content=\"3 minuten\" \/>\n<script type=\"application\/ld+json\" class=\"yoast-schema-graph\">{\"@context\":\"https:\\\/\\\/schema.org\",\"@graph\":[{\"@type\":\"NewsArticle\",\"@id\":\"https:\\\/\\\/www.forbes.be\\\/nl\\\/waarom-je-de-volvo-ex30-nog-voor-februari-wil-kiezen-als-bedrijfswagen\\\/#article\",\"isPartOf\":{\"@id\":\"https:\\\/\\\/www.forbes.be\\\/nl\\\/waarom-je-de-volvo-ex30-nog-voor-februari-wil-kiezen-als-bedrijfswagen\\\/\"},\"author\":{\"name\":\"BRANDVOICE | Sponsored Content\",\"@id\":\"https:\\\/\\\/www.forbes.be\\\/nl\\\/#\\\/schema\\\/person\\\/5b9fff59188b938c243c0d1b8226bbce\"},\"headline\":\"Waarom je de Volvo EX30 nog v\u00f3\u00f3r maart wil kiezen als (bedrijfs)wagen\",\"datePublished\":\"2025-01-30T13:00:23+00:00\",\"dateModified\":\"2026-02-24T18:00:38+00:00\",\"mainEntityOfPage\":{\"@id\":\"https:\\\/\\\/www.forbes.be\\\/nl\\\/waarom-je-de-volvo-ex30-nog-voor-februari-wil-kiezen-als-bedrijfswagen\\\/\"},\"wordCount\":544,\"publisher\":{\"@id\":\"https:\\\/\\\/www.forbes.be\\\/nl\\\/#organization\"},\"image\":{\"@id\":\"https:\\\/\\\/www.forbes.be\\\/nl\\\/waarom-je-de-volvo-ex30-nog-voor-februari-wil-kiezen-als-bedrijfswagen\\\/#primaryimage\"},\"thumbnailUrl\":\"https:\\\/\\\/www.forbes.be\\\/nl\\\/wp-content\\\/uploads\\\/2015\\\/01\\\/318876-volvo-ex30-cloud-blue-exterior-scaled-e1737711506328.jpg\",\"articleSection\":[\"Brandvoice\"],\"inLanguage\":\"nl-BE\"},{\"@type\":\"WebPage\",\"@id\":\"https:\\\/\\\/www.forbes.be\\\/nl\\\/waarom-je-de-volvo-ex30-nog-voor-februari-wil-kiezen-als-bedrijfswagen\\\/\",\"url\":\"https:\\\/\\\/www.forbes.be\\\/nl\\\/waarom-je-de-volvo-ex30-nog-voor-februari-wil-kiezen-als-bedrijfswagen\\\/\",\"name\":\"Waarom je de Volvo EX30 nog v\u00f3\u00f3r februari wil kiezen als wagen\",\"isPartOf\":{\"@id\":\"https:\\\/\\\/www.forbes.be\\\/nl\\\/#website\"},\"primaryImageOfPage\":{\"@id\":\"https:\\\/\\\/www.forbes.be\\\/nl\\\/waarom-je-de-volvo-ex30-nog-voor-februari-wil-kiezen-als-bedrijfswagen\\\/#primaryimage\"},\"image\":{\"@id\":\"https:\\\/\\\/www.forbes.be\\\/nl\\\/waarom-je-de-volvo-ex30-nog-voor-februari-wil-kiezen-als-bedrijfswagen\\\/#primaryimage\"},\"thumbnailUrl\":\"https:\\\/\\\/www.forbes.be\\\/nl\\\/wp-content\\\/uploads\\\/2015\\\/01\\\/318876-volvo-ex30-cloud-blue-exterior-scaled-e1737711506328.jpg\",\"datePublished\":\"2025-01-30T13:00:23+00:00\",\"dateModified\":\"2026-02-24T18:00:38+00:00\",\"description\":\"De Volvo EX30 is alles wat een moderne professional zoekt in een elektrische wagen. Het combineert technologie en indrukwekkende prestaties.\",\"breadcrumb\":{\"@id\":\"https:\\\/\\\/www.forbes.be\\\/nl\\\/waarom-je-de-volvo-ex30-nog-voor-februari-wil-kiezen-als-bedrijfswagen\\\/#breadcrumb\"},\"inLanguage\":\"nl-BE\",\"potentialAction\":[{\"@type\":\"ReadAction\",\"target\":[\"https:\\\/\\\/www.forbes.be\\\/nl\\\/waarom-je-de-volvo-ex30-nog-voor-februari-wil-kiezen-als-bedrijfswagen\\\/\"]}]},{\"@type\":\"ImageObject\",\"inLanguage\":\"nl-BE\",\"@id\":\"https:\\\/\\\/www.forbes.be\\\/nl\\\/waarom-je-de-volvo-ex30-nog-voor-februari-wil-kiezen-als-bedrijfswagen\\\/#primaryimage\",\"url\":\"https:\\\/\\\/www.forbes.be\\\/nl\\\/wp-content\\\/uploads\\\/2015\\\/01\\\/318876-volvo-ex30-cloud-blue-exterior-scaled-e1737711506328.jpg\",\"contentUrl\":\"https:\\\/\\\/www.forbes.be\\\/nl\\\/wp-content\\\/uploads\\\/2015\\\/01\\\/318876-volvo-ex30-cloud-blue-exterior-scaled-e1737711506328.jpg\",\"width\":2560,\"height\":1340,\"caption\":\"Volvo EX30 Cloud Blue Exterior\"},{\"@type\":\"BreadcrumbList\",\"@id\":\"https:\\\/\\\/www.forbes.be\\\/nl\\\/waarom-je-de-volvo-ex30-nog-voor-februari-wil-kiezen-als-bedrijfswagen\\\/#breadcrumb\",\"itemListElement\":[{\"@type\":\"ListItem\",\"position\":1,\"name\":\"Accueil\",\"item\":\"https:\\\/\\\/www.forbes.be\\\/nl\\\/\"},{\"@type\":\"ListItem\",\"position\":2,\"name\":\"Waarom je de Volvo EX30 nog v\u00f3\u00f3r maart wil kiezen als (bedrijfs)wagen\"}]},{\"@type\":\"WebSite\",\"@id\":\"https:\\\/\\\/www.forbes.be\\\/nl\\\/#website\",\"url\":\"https:\\\/\\\/www.forbes.be\\\/nl\\\/\",\"name\":\"Forbes Belgi\u00eb\",\"description\":\"\",\"publisher\":{\"@id\":\"https:\\\/\\\/www.forbes.be\\\/nl\\\/#organization\"},\"potentialAction\":[{\"@type\":\"SearchAction\",\"target\":{\"@type\":\"EntryPoint\",\"urlTemplate\":\"https:\\\/\\\/www.forbes.be\\\/nl\\\/?s={search_term_string}\"},\"query-input\":{\"@type\":\"PropertyValueSpecification\",\"valueRequired\":true,\"valueName\":\"search_term_string\"}}],\"inLanguage\":\"nl-BE\"},{\"@type\":\"Organization\",\"@id\":\"https:\\\/\\\/www.forbes.be\\\/nl\\\/#organization\",\"name\":\"Forbes Belgi\u00eb\",\"url\":\"https:\\\/\\\/www.forbes.be\\\/nl\\\/\",\"logo\":{\"@type\":\"ImageObject\",\"inLanguage\":\"nl-BE\",\"@id\":\"https:\\\/\\\/www.forbes.be\\\/nl\\\/#\\\/schema\\\/logo\\\/image\\\/\",\"url\":\"https:\\\/\\\/www.forbes.be\\\/nl\\\/wp-content\\\/uploads\\\/2024\\\/02\\\/forbes.be_.png\",\"contentUrl\":\"https:\\\/\\\/www.forbes.be\\\/nl\\\/wp-content\\\/uploads\\\/2024\\\/02\\\/forbes.be_.png\",\"width\":1200,\"height\":675,\"caption\":\"Forbes Belgi\u00eb\"},\"image\":{\"@id\":\"https:\\\/\\\/www.forbes.be\\\/nl\\\/#\\\/schema\\\/logo\\\/image\\\/\"},\"sameAs\":[\"https:\\\/\\\/www.facebook.com\\\/forbesbelgie\",\"https:\\\/\\\/www.instagram.com\\\/Forbes_Belgium\",\"https:\\\/\\\/www.linkedin.com\\\/company\\\/forbes-belgium\\\/\"]},{\"@type\":\"Person\",\"@id\":\"https:\\\/\\\/www.forbes.be\\\/nl\\\/#\\\/schema\\\/person\\\/5b9fff59188b938c243c0d1b8226bbce\",\"name\":\"BRANDVOICE | Sponsored Content\",\"image\":{\"@type\":\"ImageObject\",\"inLanguage\":\"nl-BE\",\"@id\":\"https:\\\/\\\/www.forbes.be\\\/nl\\\/wp-content\\\/uploads\\\/2024\\\/01\\\/forbes-thumb-150x150.jpg\",\"url\":\"https:\\\/\\\/www.forbes.be\\\/nl\\\/wp-content\\\/uploads\\\/2024\\\/01\\\/forbes-thumb-150x150.jpg\",\"contentUrl\":\"https:\\\/\\\/www.forbes.be\\\/nl\\\/wp-content\\\/uploads\\\/2024\\\/01\\\/forbes-thumb-150x150.jpg\",\"caption\":\"BRANDVOICE | Sponsored Content\"},\"url\":\"https:\\\/\\\/www.forbes.be\\\/nl\\\/author\\\/partnerforbes-be\\\/\"}]}<\/script>\n<!-- \/ Yoast SEO plugin. -->","yoast_head_json":{"title":"Waarom je de Volvo EX30 nog v\u00f3\u00f3r februari wil kiezen als wagen","description":"De Volvo EX30 is alles wat een moderne professional zoekt in een elektrische wagen. Het combineert technologie en indrukwekkende prestaties.","robots":{"index":"index","follow":"follow","max-snippet":"max-snippet:-1","max-image-preview":"max-image-preview:large","max-video-preview":"max-video-preview:-1"},"canonical":"https:\/\/www.forbes.be\/nl\/waarom-je-de-volvo-ex30-nog-voor-februari-wil-kiezen-als-bedrijfswagen\/","og_locale":"nl_BE","og_type":"article","og_title":"Waarom je de Volvo EX30 nog v\u00f3\u00f3r februari wil kiezen als wagen","og_description":"De Volvo EX30 is alles wat een moderne professional zoekt in een elektrische wagen. Het combineert technologie en indrukwekkende prestaties.","og_url":"https:\/\/www.forbes.be\/nl\/waarom-je-de-volvo-ex30-nog-voor-februari-wil-kiezen-als-bedrijfswagen\/","og_site_name":"Forbes Belgi\u00eb","article_publisher":"https:\/\/www.facebook.com\/forbesbelgie","article_published_time":"2025-01-30T13:00:23+00:00","article_modified_time":"2026-02-24T18:00:38+00:00","og_image":[{"width":2560,"height":1340,"url":"https:\/\/www.forbes.be\/nl\/wp-content\/uploads\/2015\/01\/318876-volvo-ex30-cloud-blue-exterior-scaled-e1737711506328.jpg","type":"image\/jpeg"}],"author":"BRANDVOICE | Sponsored Content","twitter_card":"summary_large_image","twitter_misc":{"Geschreven door":"BRANDVOICE | Sponsored Content","Geschatte leestijd":"3 minuten"},"schema":{"@context":"https:\/\/schema.org","@graph":[{"@type":"NewsArticle","@id":"https:\/\/www.forbes.be\/nl\/waarom-je-de-volvo-ex30-nog-voor-februari-wil-kiezen-als-bedrijfswagen\/#article","isPartOf":{"@id":"https:\/\/www.forbes.be\/nl\/waarom-je-de-volvo-ex30-nog-voor-februari-wil-kiezen-als-bedrijfswagen\/"},"author":{"name":"BRANDVOICE | Sponsored Content","@id":"https:\/\/www.forbes.be\/nl\/#\/schema\/person\/5b9fff59188b938c243c0d1b8226bbce"},"headline":"Waarom je de Volvo EX30 nog v\u00f3\u00f3r maart wil kiezen als (bedrijfs)wagen","datePublished":"2025-01-30T13:00:23+00:00","dateModified":"2026-02-24T18:00:38+00:00","mainEntityOfPage":{"@id":"https:\/\/www.forbes.be\/nl\/waarom-je-de-volvo-ex30-nog-voor-februari-wil-kiezen-als-bedrijfswagen\/"},"wordCount":544,"publisher":{"@id":"https:\/\/www.forbes.be\/nl\/#organization"},"image":{"@id":"https:\/\/www.forbes.be\/nl\/waarom-je-de-volvo-ex30-nog-voor-februari-wil-kiezen-als-bedrijfswagen\/#primaryimage"},"thumbnailUrl":"https:\/\/www.forbes.be\/nl\/wp-content\/uploads\/2015\/01\/318876-volvo-ex30-cloud-blue-exterior-scaled-e1737711506328.jpg","articleSection":["Brandvoice"],"inLanguage":"nl-BE"},{"@type":"WebPage","@id":"https:\/\/www.forbes.be\/nl\/waarom-je-de-volvo-ex30-nog-voor-februari-wil-kiezen-als-bedrijfswagen\/","url":"https:\/\/www.forbes.be\/nl\/waarom-je-de-volvo-ex30-nog-voor-februari-wil-kiezen-als-bedrijfswagen\/","name":"Waarom je de Volvo EX30 nog v\u00f3\u00f3r februari wil kiezen als wagen","isPartOf":{"@id":"https:\/\/www.forbes.be\/nl\/#website"},"primaryImageOfPage":{"@id":"https:\/\/www.forbes.be\/nl\/waarom-je-de-volvo-ex30-nog-voor-februari-wil-kiezen-als-bedrijfswagen\/#primaryimage"},"image":{"@id":"https:\/\/www.forbes.be\/nl\/waarom-je-de-volvo-ex30-nog-voor-februari-wil-kiezen-als-bedrijfswagen\/#primaryimage"},"thumbnailUrl":"https:\/\/www.forbes.be\/nl\/wp-content\/uploads\/2015\/01\/318876-volvo-ex30-cloud-blue-exterior-scaled-e1737711506328.jpg","datePublished":"2025-01-30T13:00:23+00:00","dateModified":"2026-02-24T18:00:38+00:00","description":"De Volvo EX30 is alles wat een moderne professional zoekt in een elektrische wagen. Het combineert technologie en indrukwekkende prestaties.","breadcrumb":{"@id":"https:\/\/www.forbes.be\/nl\/waarom-je-de-volvo-ex30-nog-voor-februari-wil-kiezen-als-bedrijfswagen\/#breadcrumb"},"inLanguage":"nl-BE","potentialAction":[{"@type":"ReadAction","target":["https:\/\/www.forbes.be\/nl\/waarom-je-de-volvo-ex30-nog-voor-februari-wil-kiezen-als-bedrijfswagen\/"]}]},{"@type":"ImageObject","inLanguage":"nl-BE","@id":"https:\/\/www.forbes.be\/nl\/waarom-je-de-volvo-ex30-nog-voor-februari-wil-kiezen-als-bedrijfswagen\/#primaryimage","url":"https:\/\/www.forbes.be\/nl\/wp-content\/uploads\/2015\/01\/318876-volvo-ex30-cloud-blue-exterior-scaled-e1737711506328.jpg","contentUrl":"https:\/\/www.forbes.be\/nl\/wp-content\/uploads\/2015\/01\/318876-volvo-ex30-cloud-blue-exterior-scaled-e1737711506328.jpg","width":2560,"height":1340,"caption":"Volvo EX30 Cloud Blue Exterior"},{"@type":"BreadcrumbList","@id":"https:\/\/www.forbes.be\/nl\/waarom-je-de-volvo-ex30-nog-voor-februari-wil-kiezen-als-bedrijfswagen\/#breadcrumb","itemListElement":[{"@type":"ListItem","position":1,"name":"Accueil","item":"https:\/\/www.forbes.be\/nl\/"},{"@type":"ListItem","position":2,"name":"Waarom je de Volvo EX30 nog v\u00f3\u00f3r maart wil kiezen als (bedrijfs)wagen"}]},{"@type":"WebSite","@id":"https:\/\/www.forbes.be\/nl\/#website","url":"https:\/\/www.forbes.be\/nl\/","name":"Forbes Belgi\u00eb","description":"","publisher":{"@id":"https:\/\/www.forbes.be\/nl\/#organization"},"potentialAction":[{"@type":"SearchAction","target":{"@type":"EntryPoint","urlTemplate":"https:\/\/www.forbes.be\/nl\/?s={search_term_string}"},"query-input":{"@type":"PropertyValueSpecification","valueRequired":true,"valueName":"search_term_string"}}],"inLanguage":"nl-BE"},{"@type":"Organization","@id":"https:\/\/www.forbes.be\/nl\/#organization","name":"Forbes Belgi\u00eb","url":"https:\/\/www.forbes.be\/nl\/","logo":{"@type":"ImageObject","inLanguage":"nl-BE","@id":"https:\/\/www.forbes.be\/nl\/#\/schema\/logo\/image\/","url":"https:\/\/www.forbes.be\/nl\/wp-content\/uploads\/2024\/02\/forbes.be_.png","contentUrl":"https:\/\/www.forbes.be\/nl\/wp-content\/uploads\/2024\/02\/forbes.be_.png","width":1200,"height":675,"caption":"Forbes Belgi\u00eb"},"image":{"@id":"https:\/\/www.forbes.be\/nl\/#\/schema\/logo\/image\/"},"sameAs":["https:\/\/www.facebook.com\/forbesbelgie","https:\/\/www.instagram.com\/Forbes_Belgium","https:\/\/www.linkedin.com\/company\/forbes-belgium\/"]},{"@type":"Person","@id":"https:\/\/www.forbes.be\/nl\/#\/schema\/person\/5b9fff59188b938c243c0d1b8226bbce","name":"BRANDVOICE | Sponsored Content","image":{"@type":"ImageObject","inLanguage":"nl-BE","@id":"https:\/\/www.forbes.be\/nl\/wp-content\/uploads\/2024\/01\/forbes-thumb-150x150.jpg","url":"https:\/\/www.forbes.be\/nl\/wp-content\/uploads\/2024\/01\/forbes-thumb-150x150.jpg","contentUrl":"https:\/\/www.forbes.be\/nl\/wp-content\/uploads\/2024\/01\/forbes-thumb-150x150.jpg","caption":"BRANDVOICE | Sponsored Content"},"url":"https:\/\/www.forbes.be\/nl\/author\/partnerforbes-be\/"}]}},"_links":{"self":[{"href":"https:\/\/www.forbes.be\/nl\/wp-json\/wp\/v2\/posts\/7124","targetHints":{"allow":["GET"]}}],"collection":[{"href":"https:\/\/www.forbes.be\/nl\/wp-json\/wp\/v2\/posts"}],"about":[{"href":"https:\/\/www.forbes.be\/nl\/wp-json\/wp\/v2\/types\/post"}],"author":[{"embeddable":true,"href":"https:\/\/www.forbes.be\/nl\/wp-json\/wp\/v2\/users\/5"}],"replies":[{"embeddable":true,"href":"https:\/\/www.forbes.be\/nl\/wp-json\/wp\/v2\/comments?post=7124"}],"version-history":[{"count":7,"href":"https:\/\/www.forbes.be\/nl\/wp-json\/wp\/v2\/posts\/7124\/revisions"}],"predecessor-version":[{"id":7185,"href":"https:\/\/www.forbes.be\/nl\/wp-json\/wp\/v2\/posts\/7124\/revisions\/7185"}],"wp:featuredmedia":[{"embeddable":true,"href":"https:\/\/www.forbes.be\/nl\/wp-json\/wp\/v2\/media\/7136"}],"wp:attachment":[{"href":"https:\/\/www.forbes.be\/nl\/wp-json\/wp\/v2\/media?parent=7124"}],"wp:term":[{"taxonomy":"category","embeddable":true,"href":"https:\/\/www.forbes.be\/nl\/wp-json\/wp\/v2\/categories?post=7124"},{"taxonomy":"post_tag","embeddable":true,"href":"https:\/\/www.forbes.be\/nl\/wp-json\/wp\/v2\/tags?post=7124"}],"curies":[{"name":"wp","href":"https:\/\/api.w.org\/{rel}","templated":true}]}}