{"id":7290,"date":"2025-07-12T07:46:53","date_gmt":"2025-07-12T05:46:53","guid":{"rendered":"https:\/\/www.forbes.be\/nl\/?p=7290"},"modified":"2025-07-08T21:15:47","modified_gmt":"2025-07-08T19:15:47","slug":"de-rolls-royce-van-de-speed-pedelec","status":"publish","type":"post","link":"https:\/\/www.forbes.be\/nl\/de-rolls-royce-van-de-speed-pedelec\/","title":{"rendered":"De rolls royce van de speed pedelec"},"content":{"rendered":"<p class=\"p1\"><strong><span class=\"s1\">Premium<\/span><span class=\"s2\"> speed pedelecs<\/span><span class=\"s1\"> als antwoord op de files. Het is de duurzame mobiliteitsdroom van <\/span><span class=\"s2\">Maarten Baert<\/span><span class=\"s1\">. Hij is de architect \u2013 letterlijk \u2013 achter het Belgische <\/span><span class=\"s2\">Specter<\/span><span class=\"s1\">. Het kind geboren uit het huwelijk van design, technologie, mobiliteit en duurzaamheid.<\/span><\/strong><\/p>\n<p class=\"p1\"><span class=\"s1\">De agenda van Maarten Baert (36) slibt dicht. Ons <\/span><span class=\"s2\">gesprek vindt noodgedwongen telefonisch plaats, terwijl de zaakvoerder van Specter over de Duitse snelwegen raast. Onderweg naar een zoveelste afspraak om zijn distributienetwerk verder vorm te geven. Het gaat snel voor Maarten Baert, en neen, we veroorloven ons geen flauwe woordspeling, omwille van zijn speed pedelecs. Al was het maar omdat de topsnelheid van 45 kilometer per uur niet het enige aspect is dat zijn innovatieve tweewieler onderscheidt van de andere aanbieders. Specter staat vooral synoniem voor zijn combinatie van technologie, design, prestatie en esthetiek. De speed pedelecs van Specter zijn verdomd mooi. Maar wat had je eigenlijk kunnen verwachten van een architect die zich aan mobiliteit waagt.<\/span><\/p>\n<h2 class=\"p3\"><span class=\"s2\">Startkapitaal<span class=\"Apple-converted-space\">\u00a0<\/span><\/span><\/h2>\n<p class=\"p1\"><span class=\"s2\">Al luidt de vraag hoe een architect ertoe komt om zo\u2019n elektrische fiets te ontwikkelen en produceren? Maarten Baert: \u201c<i>Ik ben altijd al ge\u00efnteresseerd geweest in voertuigen, boten, fietsen. Ik tekende tal van ontwerpen in 3D, en als kind droomde ik ervan om een eigen auto te maken. Al tijdens mijn stage als architect besefte ik snel dat daar niet mijn roeping lag. De opleiding was subliem, maar ik zag mezelf niet op een architectenbureau werken. Ik begon dan maar als freelance reclamemaker, maar begon al snel mijn eigen bedrijfje. We waren met het grafisch designbedrijf Divide vooral actief voor de automobielsector.\u201d<span class=\"Apple-converted-space\">\u00a0<\/span><\/i><\/span><\/p>\n<blockquote>\n<p class=\"p4\"><span class=\"s3\"><i>\u201cAls je mensen uit hun <\/i><\/span><span class=\"s4\"><i>auto<\/i><\/span><span class=\"s3\"><i> wil krijgen, moet je <\/i><\/span><span class=\"s4\"><i>iets <\/i><\/span><span class=\"s3\"><i>te <\/i><\/span><span class=\"s4\"><i>bieden <\/i><\/span><span class=\"s3\"><i>hebben\u201d<\/i><\/span><\/p>\n<\/blockquote>\n<p class=\"p1\"><span class=\"s2\">Vanuit die interessesfeer merkte Baert al snel dat mobiliteit op een keerpunt stond. De grote steden kampen steeds meer met verkeersopstoppingen, vervuiling en lawaai, en elektrische fietsen begonnen aan populariteit te winnen als alternatief voor de auto. \u201c<i>Maar als je mensen uit hun auto wil krijgen, moet je wel iets te bieden hebben<\/i>\u201d, zegt Baert. Er was een groeiende vraag naar speed pedelecs, maar de bestaande modellen waren vaak zwaar, log of hadden een beperkt bereik. De architect in hem besloot om dan maar zelf een fiets te ontwikkelen, die niet alleen snel was, maar ook licht, stijlvol en duurzaam. Specter\u00a0was geboren.<\/span><\/p>\n<p class=\"p1\"><span class=\"s2\">\u201c<i>Met een vriend bouwde ik eerst een prototype, die er overigens totaal anders uitzag dan wat we vandaag maken<\/i>\u201d, lacht Maarten Baert. Maar de toon was gezet, de honger naar meer groeide. Er kwam een kapitaalronde aan te pas waarbij Specter ruim 1 miljoen ophaalde via kredieten van het Vlaams Agentschap Innoveren &amp; Ondernemen (VLAIO). Deze zomer vond een volgende geldronde plaats, goed voor een verdubbeling van het initi\u00eble kapitaal, waarbij zowel de investeerders van het eerste uur, als het gespecialiseerde Nederlandse mobiliteitsinvesteringsfonds Fundracer, deelnamen. Daarachter steken ronkende namen als Ren\u00e9 Wiertz (ex-3T), Andy Ording (ex-ZIPP) en G\u00e9rard Vroomen (ex-Cerv\u00e9lo). Zij zullen Specter adviseren en mee hun distributienetwerk verder helpen uitbreiden. \u201c<i>Dat doet deugd, want zij snappen waarmee we bezig zijn. Met het oog op de lange termijn zijn dergelijke investeerders goud waard<\/i>.\u201d<\/span><\/p>\n<blockquote>\n<p class=\"p4\"><span class=\"s3\"><i>\u201cDe <\/i><\/span><span class=\"s4\"><i>mobiliteitsshift <\/i><\/span><span class=\"s3\"><i>is ingezet\u201d<\/i><\/span><\/p>\n<\/blockquote>\n<p class=\"p1\"><span class=\"s2\">Die lange termijn oogt mooi. \u201c<i>De mobiliteitsshift is ingezet<\/i>\u201d, meent Maarten Baert. \u201c<i>We staan pas aan het begin van een groene revolutie in stedelijke mobiliteit. De toekomst van transport ligt in elektrische voertuigen, en de fiets is daar een belangrijk onderdeel van.<\/i>\u201d<span class=\"Apple-converted-space\">\u00a0<\/span><\/span><\/p>\n<p class=\"p1\"><span class=\"s2\">Zelf gaat Maarten Baert met zijn Specter stap voor stap. \u201c<i>Ondernemen is dingen gedaan krijgen, problemen oplossen. Het gaat gepaard met een steile leercurve, maar dat is inherent aan ondernemen.<\/i>\u201d<span class=\"Apple-converted-space\">\u00a0<\/span><\/span><\/p>\n<h2 class=\"p3\"><span class=\"s2\">Hoger segment<\/span><\/h2>\n<p class=\"p1\"><span class=\"s2\">Met Specter zit Baert in het hogere segment van de speed pedelecs. Goedkoop zijn de fietsen niet: het voorlopig enige model \u2013 de Specter 1 \u2013 kan je de jouwe noemen vanaf 8.990 euro. Met aanpassingen, je kunt de fiets personaliseren met een andere hoogte, kleur of extra batterij, zit je al snel richting 11.000 euro. \u201c<i>Het is een bewuste strategie om in dat segment te zitten. Als je je wilt onderscheiden in de markt moet je diversifi\u00ebren van wat er is. Ik kies voor niche, want volume is er al. En puur op prijs spelen kan niet, want dan is je startkapitaal nog veel hoger omwille van de productiekost.<\/i>\u201d<span class=\"Apple-converted-space\">\u00a0<\/span><\/span><\/p>\n<figure id=\"attachment_7292\" aria-describedby=\"caption-attachment-7292\" style=\"width: 1250px\" class=\"wp-caption alignnone\"><img loading=\"lazy\" decoding=\"async\" class=\"wp-image-7292 size-full\" src=\"https:\/\/www.forbes.be\/nl\/wp-content\/uploads\/2025\/02\/specter-1-chalk.jpg\" alt=\"\" width=\"1250\" height=\"765\" srcset=\"https:\/\/www.forbes.be\/nl\/wp-content\/uploads\/2025\/02\/specter-1-chalk.jpg 1250w, https:\/\/www.forbes.be\/nl\/wp-content\/uploads\/2025\/02\/specter-1-chalk-300x184.jpg 300w, https:\/\/www.forbes.be\/nl\/wp-content\/uploads\/2025\/02\/specter-1-chalk-1024x627.jpg 1024w, https:\/\/www.forbes.be\/nl\/wp-content\/uploads\/2025\/02\/specter-1-chalk-768x470.jpg 768w, https:\/\/www.forbes.be\/nl\/wp-content\/uploads\/2025\/02\/specter-1-chalk-696x426.jpg 696w, https:\/\/www.forbes.be\/nl\/wp-content\/uploads\/2025\/02\/specter-1-chalk-1068x654.jpg 1068w, https:\/\/www.forbes.be\/nl\/wp-content\/uploads\/2025\/02\/specter-1-chalk-600x367.jpg 600w\" sizes=\"auto, (max-width: 1250px) 100vw, 1250px\" \/><figcaption id=\"caption-attachment-7292\" class=\"wp-caption-text\">\u00a9 Specter<\/figcaption><\/figure>\n<p class=\"p1\"><span class=\"s2\">Het moet gezegd dat je voor die hoge(re) prijs wel een superieur staaltje van design en technologie in huis haalt. De fiets is gebouwd met een koolstofvezel frame, wat het met een gewicht van net geen 20 kilo extreem licht en toch stevig maakt. Op het display kan zowel de navigatie als bijvoorbeeld het weerbericht weergegeven worden. De batterij is slim ge\u00efntegreerd in het frame, waardoor het design strak en minimalistisch oogt. De krachtige motor, die een topsnelheid van 45 km per uur haalt, komt met een actieradius van meer dan 100 kilometer. De remsystemen van Specter-fietsen zijn uitgerust met regeneratieve remtechnologie, die niet alleen helpt bij het remmen, maar ook energie terugvoert naar de batterij. Kortom, snelheid en effici\u00ebntie zonder in te boeten op comfort. Veel onderdelen heeft Baert zelf ontworpen, terwijl de motoren en batterijen van gereputeerde leveranciers komen.\u00a0In een fabriekshal annex kantoor van Specter op een industrieterrein in de Gentse deelgemeente Wondelgem worden de fietsen geassembleerd. Specter verkoopt zijn fietsen nu via meer dan 40 fietswinkels in Vlaanderen en Brussel. Nederland staat op de planning terwijl er al een viertal dealers zitten in Zwitserland. Duitsland, Frankrijk en Spanje staan tevens op de planning.<span class=\"Apple-converted-space\">\u00a0<\/span><\/span><\/p>\n<h2 class=\"p3\"><span class=\"s5\">Vergunningen<span class=\"Apple-converted-space\">\u00a0<\/span><\/span><\/h2>\n<p class=\"p1\"><span class=\"s6\">Op de website van de Vlaamse overheid klinkt het zo: \u201c<i>Een speedpedelec is een snelle elektrische fiets waarbij de trapondersteuning niet stopt bij 25 kilometer per uur. Door zelf mee te trappen, kunt u snelheden tot 45 kilometer per uur behalen. Een belangrijk verschil met de elektrische fiets is dat de speedpedelec in de verkeersreglementering gelijkgesteld is met een bromfiets.<\/i>\u201d<span class=\"Apple-converted-space\">\u00a0<\/span><\/span><\/p>\n<p class=\"p1\"><span class=\"s6\">Dat betekent strenge regelgeving en vergunningen. \u201c<i>Dat klopt, een heel boek en veel controles en audits<\/i>\u201d, zucht Maarten Baert. \u201c<i>Maar het is ergens wel logisch, het gaat om veiligheid. En ook de traceerbaarheid van alle onderdelen zijn daarbij belangrijk.<\/i>\u201d<span class=\"Apple-converted-space\">\u00a0<\/span><\/span><\/p>\n<p class=\"p1\"><span class=\"s6\">Naast de uitbreiding van het distributienetwerk staat ook de ontwikkeling van nieuwe modellen op de planning. Maarten Baert verwijst naar Elon Musk, die met zijn Tesla ook in het hogere segment begon, om later een iets democratischer versie van zijn elektrische wagens te bouwen. \u201c<i>We volgen een beetje dezelfde strategie, al wil ik mezelf niet met Musk of Tesla vergelijken\u201d,<\/i> lacht Baert. <i>\u201cOnze Specter 2 zal wel in een ander prijssegment komen, maar eerst willen we onze voetafdruk vergroten. We voelen dat we nu een beetje een momentum beleven.<\/i>\u201d<span class=\"Apple-converted-space\">\u00a0<\/span><\/span><\/p>\n","protected":false},"excerpt":{"rendered":"<p>Premium speed pedelecs als antwoord op de files. Het is de duurzame mobiliteitsdroom van Maarten Baert. Hij is de architect \u2013 letterlijk \u2013 achter het Belgische Specter. Het kind geboren uit het huwelijk van design, technologie, mobiliteit en duurzaamheid. De agenda van Maarten Baert (36) slibt dicht. Ons gesprek vindt noodgedwongen telefonisch plaats, terwijl de [&hellip;]<\/p>\n","protected":false},"author":8,"featured_media":7291,"comment_status":"closed","ping_status":"closed","sticky":false,"template":"","format":"standard","meta":{"_acf_changed":false,"inline_featured_image":false,"footnotes":""},"categories":[26,58,31],"tags":[],"class_list":{"0":"post-7290","1":"post","2":"type-post","3":"status-publish","4":"format-standard","5":"has-post-thumbnail","7":"category-innovatie","8":"category-lifestyle","9":"category-ondernemers"},"acf":[],"auteur_traducteur":"","yoast_head":"<!-- This site is optimized with the Yoast SEO plugin v27.4 - https:\/\/yoast.com\/product\/yoast-seo-wordpress\/ -->\n<title>De rolls royce van de speed pedelec | Forbes Belgi\u00eb<\/title>\n<meta name=\"description\" content=\"Belgisch architect Maarten Baert herdefinieert met Specter de stedelijke mobiliteit met design speed pedelecs: krachtig, duurzaam en voor de energietransitie.\" \/>\n<meta name=\"robots\" content=\"index, follow, max-snippet:-1, max-image-preview:large, max-video-preview:-1\" \/>\n<link rel=\"canonical\" href=\"https:\/\/www.forbes.be\/nl\/de-rolls-royce-van-de-speed-pedelec\/\" \/>\n<meta property=\"og:locale\" content=\"nl_BE\" \/>\n<meta property=\"og:type\" content=\"article\" \/>\n<meta property=\"og:title\" content=\"De rolls royce van de speed pedelec | Forbes Belgi\u00eb\" \/>\n<meta property=\"og:description\" content=\"Belgisch architect Maarten Baert herdefinieert met Specter de stedelijke mobiliteit met design speed pedelecs: krachtig, duurzaam en voor de energietransitie.\" \/>\n<meta property=\"og:url\" content=\"https:\/\/www.forbes.be\/nl\/de-rolls-royce-van-de-speed-pedelec\/\" \/>\n<meta property=\"og:site_name\" content=\"Forbes Belgi\u00eb\" \/>\n<meta property=\"article:publisher\" content=\"https:\/\/www.facebook.com\/forbesbelgie\" \/>\n<meta property=\"article:published_time\" content=\"2025-07-12T05:46:53+00:00\" \/>\n<meta property=\"og:image\" content=\"https:\/\/www.forbes.be\/nl\/wp-content\/uploads\/2025\/02\/maarten-baert-specter-founder-ceo-9.jpg\" \/>\n\t<meta property=\"og:image:width\" content=\"1200\" \/>\n\t<meta property=\"og:image:height\" content=\"628\" \/>\n\t<meta property=\"og:image:type\" content=\"image\/jpeg\" \/>\n<meta name=\"author\" content=\"Lieven Desmet\" \/>\n<meta name=\"twitter:card\" content=\"summary_large_image\" \/>\n<meta name=\"twitter:label1\" content=\"Geschreven door\" \/>\n\t<meta name=\"twitter:data1\" content=\"Lieven Desmet\" \/>\n\t<meta name=\"twitter:label2\" content=\"Geschatte leestijd\" \/>\n\t<meta name=\"twitter:data2\" content=\"6 minuten\" \/>\n<script type=\"application\/ld+json\" class=\"yoast-schema-graph\">{\"@context\":\"https:\\\/\\\/schema.org\",\"@graph\":[{\"@type\":\"NewsArticle\",\"@id\":\"https:\\\/\\\/www.forbes.be\\\/nl\\\/de-rolls-royce-van-de-speed-pedelec\\\/#article\",\"isPartOf\":{\"@id\":\"https:\\\/\\\/www.forbes.be\\\/nl\\\/de-rolls-royce-van-de-speed-pedelec\\\/\"},\"author\":{\"name\":\"Lieven Desmet\",\"@id\":\"https:\\\/\\\/www.forbes.be\\\/nl\\\/#\\\/schema\\\/person\\\/2ed7d524640ef030e0a5bdef0c6eb462\"},\"headline\":\"De rolls royce van de speed pedelec\",\"datePublished\":\"2025-07-12T05:46:53+00:00\",\"mainEntityOfPage\":{\"@id\":\"https:\\\/\\\/www.forbes.be\\\/nl\\\/de-rolls-royce-van-de-speed-pedelec\\\/\"},\"wordCount\":1091,\"publisher\":{\"@id\":\"https:\\\/\\\/www.forbes.be\\\/nl\\\/#organization\"},\"image\":{\"@id\":\"https:\\\/\\\/www.forbes.be\\\/nl\\\/de-rolls-royce-van-de-speed-pedelec\\\/#primaryimage\"},\"thumbnailUrl\":\"https:\\\/\\\/www.forbes.be\\\/nl\\\/wp-content\\\/uploads\\\/2025\\\/02\\\/maarten-baert-specter-founder-ceo-9.jpg\",\"articleSection\":[\"Innovatie\",\"Lifestyle\",\"Ondernemers\"],\"inLanguage\":\"nl-BE\"},{\"@type\":\"WebPage\",\"@id\":\"https:\\\/\\\/www.forbes.be\\\/nl\\\/de-rolls-royce-van-de-speed-pedelec\\\/\",\"url\":\"https:\\\/\\\/www.forbes.be\\\/nl\\\/de-rolls-royce-van-de-speed-pedelec\\\/\",\"name\":\"De rolls royce van de speed pedelec | Forbes Belgi\u00eb\",\"isPartOf\":{\"@id\":\"https:\\\/\\\/www.forbes.be\\\/nl\\\/#website\"},\"primaryImageOfPage\":{\"@id\":\"https:\\\/\\\/www.forbes.be\\\/nl\\\/de-rolls-royce-van-de-speed-pedelec\\\/#primaryimage\"},\"image\":{\"@id\":\"https:\\\/\\\/www.forbes.be\\\/nl\\\/de-rolls-royce-van-de-speed-pedelec\\\/#primaryimage\"},\"thumbnailUrl\":\"https:\\\/\\\/www.forbes.be\\\/nl\\\/wp-content\\\/uploads\\\/2025\\\/02\\\/maarten-baert-specter-founder-ceo-9.jpg\",\"datePublished\":\"2025-07-12T05:46:53+00:00\",\"description\":\"Belgisch architect Maarten Baert herdefinieert met Specter de stedelijke mobiliteit met design speed pedelecs: krachtig, duurzaam en voor de energietransitie.\",\"breadcrumb\":{\"@id\":\"https:\\\/\\\/www.forbes.be\\\/nl\\\/de-rolls-royce-van-de-speed-pedelec\\\/#breadcrumb\"},\"inLanguage\":\"nl-BE\",\"potentialAction\":[{\"@type\":\"ReadAction\",\"target\":[\"https:\\\/\\\/www.forbes.be\\\/nl\\\/de-rolls-royce-van-de-speed-pedelec\\\/\"]}]},{\"@type\":\"ImageObject\",\"inLanguage\":\"nl-BE\",\"@id\":\"https:\\\/\\\/www.forbes.be\\\/nl\\\/de-rolls-royce-van-de-speed-pedelec\\\/#primaryimage\",\"url\":\"https:\\\/\\\/www.forbes.be\\\/nl\\\/wp-content\\\/uploads\\\/2025\\\/02\\\/maarten-baert-specter-founder-ceo-9.jpg\",\"contentUrl\":\"https:\\\/\\\/www.forbes.be\\\/nl\\\/wp-content\\\/uploads\\\/2025\\\/02\\\/maarten-baert-specter-founder-ceo-9.jpg\",\"width\":1200,\"height\":628,\"caption\":\"Maarten Baert, de architect achter Specter - \u00a9 Specter\"},{\"@type\":\"BreadcrumbList\",\"@id\":\"https:\\\/\\\/www.forbes.be\\\/nl\\\/de-rolls-royce-van-de-speed-pedelec\\\/#breadcrumb\",\"itemListElement\":[{\"@type\":\"ListItem\",\"position\":1,\"name\":\"Accueil\",\"item\":\"https:\\\/\\\/www.forbes.be\\\/nl\\\/\"},{\"@type\":\"ListItem\",\"position\":2,\"name\":\"De rolls royce van de speed pedelec\"}]},{\"@type\":\"WebSite\",\"@id\":\"https:\\\/\\\/www.forbes.be\\\/nl\\\/#website\",\"url\":\"https:\\\/\\\/www.forbes.be\\\/nl\\\/\",\"name\":\"Forbes Belgi\u00eb\",\"description\":\"\",\"publisher\":{\"@id\":\"https:\\\/\\\/www.forbes.be\\\/nl\\\/#organization\"},\"potentialAction\":[{\"@type\":\"SearchAction\",\"target\":{\"@type\":\"EntryPoint\",\"urlTemplate\":\"https:\\\/\\\/www.forbes.be\\\/nl\\\/?s={search_term_string}\"},\"query-input\":{\"@type\":\"PropertyValueSpecification\",\"valueRequired\":true,\"valueName\":\"search_term_string\"}}],\"inLanguage\":\"nl-BE\"},{\"@type\":\"Organization\",\"@id\":\"https:\\\/\\\/www.forbes.be\\\/nl\\\/#organization\",\"name\":\"Forbes Belgi\u00eb\",\"url\":\"https:\\\/\\\/www.forbes.be\\\/nl\\\/\",\"logo\":{\"@type\":\"ImageObject\",\"inLanguage\":\"nl-BE\",\"@id\":\"https:\\\/\\\/www.forbes.be\\\/nl\\\/#\\\/schema\\\/logo\\\/image\\\/\",\"url\":\"https:\\\/\\\/www.forbes.be\\\/nl\\\/wp-content\\\/uploads\\\/2024\\\/02\\\/forbes.be_.png\",\"contentUrl\":\"https:\\\/\\\/www.forbes.be\\\/nl\\\/wp-content\\\/uploads\\\/2024\\\/02\\\/forbes.be_.png\",\"width\":1200,\"height\":675,\"caption\":\"Forbes Belgi\u00eb\"},\"image\":{\"@id\":\"https:\\\/\\\/www.forbes.be\\\/nl\\\/#\\\/schema\\\/logo\\\/image\\\/\"},\"sameAs\":[\"https:\\\/\\\/www.facebook.com\\\/forbesbelgie\",\"https:\\\/\\\/www.instagram.com\\\/Forbes_Belgium\",\"https:\\\/\\\/www.linkedin.com\\\/company\\\/forbes-belgium\\\/\"]},{\"@type\":\"Person\",\"@id\":\"https:\\\/\\\/www.forbes.be\\\/nl\\\/#\\\/schema\\\/person\\\/2ed7d524640ef030e0a5bdef0c6eb462\",\"name\":\"Lieven Desmet\",\"image\":{\"@type\":\"ImageObject\",\"inLanguage\":\"nl-BE\",\"@id\":\"https:\\\/\\\/www.forbes.be\\\/nl\\\/wp-content\\\/uploads\\\/2024\\\/01\\\/651-150x150.jpg\",\"url\":\"https:\\\/\\\/www.forbes.be\\\/nl\\\/wp-content\\\/uploads\\\/2024\\\/01\\\/651-150x150.jpg\",\"contentUrl\":\"https:\\\/\\\/www.forbes.be\\\/nl\\\/wp-content\\\/uploads\\\/2024\\\/01\\\/651-150x150.jpg\",\"caption\":\"Lieven Desmet\"},\"url\":\"https:\\\/\\\/www.forbes.be\\\/nl\\\/author\\\/lieven-desmet\\\/\"}]}<\/script>\n<!-- \/ Yoast SEO plugin. -->","yoast_head_json":{"title":"De rolls royce van de speed pedelec | Forbes Belgi\u00eb","description":"Belgisch architect Maarten Baert herdefinieert met Specter de stedelijke mobiliteit met design speed pedelecs: krachtig, duurzaam en voor de energietransitie.","robots":{"index":"index","follow":"follow","max-snippet":"max-snippet:-1","max-image-preview":"max-image-preview:large","max-video-preview":"max-video-preview:-1"},"canonical":"https:\/\/www.forbes.be\/nl\/de-rolls-royce-van-de-speed-pedelec\/","og_locale":"nl_BE","og_type":"article","og_title":"De rolls royce van de speed pedelec | Forbes Belgi\u00eb","og_description":"Belgisch architect Maarten Baert herdefinieert met Specter de stedelijke mobiliteit met design speed pedelecs: krachtig, duurzaam en voor de energietransitie.","og_url":"https:\/\/www.forbes.be\/nl\/de-rolls-royce-van-de-speed-pedelec\/","og_site_name":"Forbes Belgi\u00eb","article_publisher":"https:\/\/www.facebook.com\/forbesbelgie","article_published_time":"2025-07-12T05:46:53+00:00","og_image":[{"width":1200,"height":628,"url":"https:\/\/www.forbes.be\/nl\/wp-content\/uploads\/2025\/02\/maarten-baert-specter-founder-ceo-9.jpg","type":"image\/jpeg"}],"author":"Lieven Desmet","twitter_card":"summary_large_image","twitter_misc":{"Geschreven door":"Lieven Desmet","Geschatte leestijd":"6 minuten"},"schema":{"@context":"https:\/\/schema.org","@graph":[{"@type":"NewsArticle","@id":"https:\/\/www.forbes.be\/nl\/de-rolls-royce-van-de-speed-pedelec\/#article","isPartOf":{"@id":"https:\/\/www.forbes.be\/nl\/de-rolls-royce-van-de-speed-pedelec\/"},"author":{"name":"Lieven Desmet","@id":"https:\/\/www.forbes.be\/nl\/#\/schema\/person\/2ed7d524640ef030e0a5bdef0c6eb462"},"headline":"De rolls royce van de speed pedelec","datePublished":"2025-07-12T05:46:53+00:00","mainEntityOfPage":{"@id":"https:\/\/www.forbes.be\/nl\/de-rolls-royce-van-de-speed-pedelec\/"},"wordCount":1091,"publisher":{"@id":"https:\/\/www.forbes.be\/nl\/#organization"},"image":{"@id":"https:\/\/www.forbes.be\/nl\/de-rolls-royce-van-de-speed-pedelec\/#primaryimage"},"thumbnailUrl":"https:\/\/www.forbes.be\/nl\/wp-content\/uploads\/2025\/02\/maarten-baert-specter-founder-ceo-9.jpg","articleSection":["Innovatie","Lifestyle","Ondernemers"],"inLanguage":"nl-BE"},{"@type":"WebPage","@id":"https:\/\/www.forbes.be\/nl\/de-rolls-royce-van-de-speed-pedelec\/","url":"https:\/\/www.forbes.be\/nl\/de-rolls-royce-van-de-speed-pedelec\/","name":"De rolls royce van de speed pedelec | Forbes Belgi\u00eb","isPartOf":{"@id":"https:\/\/www.forbes.be\/nl\/#website"},"primaryImageOfPage":{"@id":"https:\/\/www.forbes.be\/nl\/de-rolls-royce-van-de-speed-pedelec\/#primaryimage"},"image":{"@id":"https:\/\/www.forbes.be\/nl\/de-rolls-royce-van-de-speed-pedelec\/#primaryimage"},"thumbnailUrl":"https:\/\/www.forbes.be\/nl\/wp-content\/uploads\/2025\/02\/maarten-baert-specter-founder-ceo-9.jpg","datePublished":"2025-07-12T05:46:53+00:00","description":"Belgisch architect Maarten Baert herdefinieert met Specter de stedelijke mobiliteit met design speed pedelecs: krachtig, duurzaam en voor de energietransitie.","breadcrumb":{"@id":"https:\/\/www.forbes.be\/nl\/de-rolls-royce-van-de-speed-pedelec\/#breadcrumb"},"inLanguage":"nl-BE","potentialAction":[{"@type":"ReadAction","target":["https:\/\/www.forbes.be\/nl\/de-rolls-royce-van-de-speed-pedelec\/"]}]},{"@type":"ImageObject","inLanguage":"nl-BE","@id":"https:\/\/www.forbes.be\/nl\/de-rolls-royce-van-de-speed-pedelec\/#primaryimage","url":"https:\/\/www.forbes.be\/nl\/wp-content\/uploads\/2025\/02\/maarten-baert-specter-founder-ceo-9.jpg","contentUrl":"https:\/\/www.forbes.be\/nl\/wp-content\/uploads\/2025\/02\/maarten-baert-specter-founder-ceo-9.jpg","width":1200,"height":628,"caption":"Maarten Baert, de architect achter Specter - \u00a9 Specter"},{"@type":"BreadcrumbList","@id":"https:\/\/www.forbes.be\/nl\/de-rolls-royce-van-de-speed-pedelec\/#breadcrumb","itemListElement":[{"@type":"ListItem","position":1,"name":"Accueil","item":"https:\/\/www.forbes.be\/nl\/"},{"@type":"ListItem","position":2,"name":"De rolls royce van de speed pedelec"}]},{"@type":"WebSite","@id":"https:\/\/www.forbes.be\/nl\/#website","url":"https:\/\/www.forbes.be\/nl\/","name":"Forbes Belgi\u00eb","description":"","publisher":{"@id":"https:\/\/www.forbes.be\/nl\/#organization"},"potentialAction":[{"@type":"SearchAction","target":{"@type":"EntryPoint","urlTemplate":"https:\/\/www.forbes.be\/nl\/?s={search_term_string}"},"query-input":{"@type":"PropertyValueSpecification","valueRequired":true,"valueName":"search_term_string"}}],"inLanguage":"nl-BE"},{"@type":"Organization","@id":"https:\/\/www.forbes.be\/nl\/#organization","name":"Forbes Belgi\u00eb","url":"https:\/\/www.forbes.be\/nl\/","logo":{"@type":"ImageObject","inLanguage":"nl-BE","@id":"https:\/\/www.forbes.be\/nl\/#\/schema\/logo\/image\/","url":"https:\/\/www.forbes.be\/nl\/wp-content\/uploads\/2024\/02\/forbes.be_.png","contentUrl":"https:\/\/www.forbes.be\/nl\/wp-content\/uploads\/2024\/02\/forbes.be_.png","width":1200,"height":675,"caption":"Forbes Belgi\u00eb"},"image":{"@id":"https:\/\/www.forbes.be\/nl\/#\/schema\/logo\/image\/"},"sameAs":["https:\/\/www.facebook.com\/forbesbelgie","https:\/\/www.instagram.com\/Forbes_Belgium","https:\/\/www.linkedin.com\/company\/forbes-belgium\/"]},{"@type":"Person","@id":"https:\/\/www.forbes.be\/nl\/#\/schema\/person\/2ed7d524640ef030e0a5bdef0c6eb462","name":"Lieven Desmet","image":{"@type":"ImageObject","inLanguage":"nl-BE","@id":"https:\/\/www.forbes.be\/nl\/wp-content\/uploads\/2024\/01\/651-150x150.jpg","url":"https:\/\/www.forbes.be\/nl\/wp-content\/uploads\/2024\/01\/651-150x150.jpg","contentUrl":"https:\/\/www.forbes.be\/nl\/wp-content\/uploads\/2024\/01\/651-150x150.jpg","caption":"Lieven Desmet"},"url":"https:\/\/www.forbes.be\/nl\/author\/lieven-desmet\/"}]}},"_links":{"self":[{"href":"https:\/\/www.forbes.be\/nl\/wp-json\/wp\/v2\/posts\/7290","targetHints":{"allow":["GET"]}}],"collection":[{"href":"https:\/\/www.forbes.be\/nl\/wp-json\/wp\/v2\/posts"}],"about":[{"href":"https:\/\/www.forbes.be\/nl\/wp-json\/wp\/v2\/types\/post"}],"author":[{"embeddable":true,"href":"https:\/\/www.forbes.be\/nl\/wp-json\/wp\/v2\/users\/8"}],"replies":[{"embeddable":true,"href":"https:\/\/www.forbes.be\/nl\/wp-json\/wp\/v2\/comments?post=7290"}],"version-history":[{"count":2,"href":"https:\/\/www.forbes.be\/nl\/wp-json\/wp\/v2\/posts\/7290\/revisions"}],"predecessor-version":[{"id":7294,"href":"https:\/\/www.forbes.be\/nl\/wp-json\/wp\/v2\/posts\/7290\/revisions\/7294"}],"wp:featuredmedia":[{"embeddable":true,"href":"https:\/\/www.forbes.be\/nl\/wp-json\/wp\/v2\/media\/7291"}],"wp:attachment":[{"href":"https:\/\/www.forbes.be\/nl\/wp-json\/wp\/v2\/media?parent=7290"}],"wp:term":[{"taxonomy":"category","embeddable":true,"href":"https:\/\/www.forbes.be\/nl\/wp-json\/wp\/v2\/categories?post=7290"},{"taxonomy":"post_tag","embeddable":true,"href":"https:\/\/www.forbes.be\/nl\/wp-json\/wp\/v2\/tags?post=7290"}],"curies":[{"name":"wp","href":"https:\/\/api.w.org\/{rel}","templated":true}]}}