{"id":7927,"date":"2025-03-14T10:08:36","date_gmt":"2025-03-14T09:08:36","guid":{"rendered":"https:\/\/www.forbes.be\/nl\/?p=7927"},"modified":"2025-03-14T10:08:36","modified_gmt":"2025-03-14T09:08:36","slug":"helena-30-onder-30-na-helena-van-de-star-academy-nu-hele","status":"publish","type":"post","link":"https:\/\/www.forbes.be\/nl\/helena-30-onder-30-na-helena-van-de-star-academy-nu-hele\/","title":{"rendered":"Helena, 30 onder 30: na Helena van de Star Academy, nu &#8216;H\u00e9l\u00e9&#8217;"},"content":{"rendered":"<div><strong>Anderhalf jaar geleden was Helena volledig onbekend bij het grote publiek en volop bezig met haar hogere studies. Na een deelname aan de Franse Star Academy is het leven van de singer-songwriter uit Brainelndielijk veranderd.<\/strong><\/div>\n<div><\/div>\n<div>Helena veroverde de harten van de Belgen en Fransen door de halve finale van het beroemde programma te bereiken en kende drie grote successen met haar singles &#8220;<a href=\"https:\/\/www.youtube.com\/watch?v=shb1HqIm9CM\">Aim\u00e9e voor echt<\/a>&#8220;, &#8220;<a href=\"https:\/\/www.youtube.com\/watch?v=SjXtffp1W3g\">Summer body<\/a>&#8221; en &#8220;<a href=\"https:\/\/www.youtube.com\/watch?v=ltISht2ab9M\">Mauvais gar\u00e7on<\/a>&#8220;. Op 14 maart onthult ze haar eerste album, simpelweg getiteld &#8216;H\u00e9l\u00e9&#8217;.<\/div>\n<div><\/div>\n<div>Dankzij haar nabijheid tot het publiek en authenticiteit heeft Helena een steeds trouwer en meer betrokken fanbase opgebouwd. Ze won afgelopen herfst ook de titel Belgs Ontdekking van het Jaar 2024 bij de NRJ Music Awards en maakt zich klaar om haar album te verdedigen tijdens een tournee door Frankrijk en Belgi\u00eb.<\/div>\n<div><\/div>\n<div><strong>Hoe is de muziek bij jou gekomen? We kunnen ons voorstellen dat het niet begon met de Star Academy&#8230;<\/strong><\/div>\n<div><\/div>\n<div>Het kwam via de dans, die ik veel beoefende van mijn vijfde tot zestiende jaar. Als je van dansen houdt, houd je uiteraard ook van muziek. Toen stopte ik abrupt met de dans vanwege verveling en gezondheidsproblemen. Ik moest die passie compenseren. Toen ben ik me gaan richten op zang en vooral op piano. Op mijn zestiende begon ik piano te spelen en op mijn achttiende kreeg ik mijn piano. Ik leerde piano volledig autodidactisch. Ik had toen niet gedacht dat muziek mijn leven zou worden. Ik hield ervan, van zingen, maar voor niemand, en ik had geen specifieke behoefte om de mening van mijn naasten te horen omdat zingen voor mij iets heel intiems was. En plotseling, zonder te weten waarom of hoe, besloot ik me in te schrijven voor de Star Academy.<\/div>\n<div><\/div>\n<div><strong>Was het impulsief?<\/strong><\/div>\n<div><\/div>\n<div>Ja, absoluut! Ik was totaal na\u00efef, zonder te veel na te denken over wat ik deed noch waarom. Het was bijna alsof ik iets ondeugends deed. Want ik had het niet nodig. Ik was dolgelukkig in mijn leven, mijn studie, met wat ik deed met mijn familie. Er was geen gevoel van uitlaatklep om mezelf iets te bewijzen. Ik denk dat ik wilde weten wat mensen van mij vonden, of wat ik deed goed was of niet.<\/div>\n<div><\/div>\n<div><strong>Hoe reageerden je ouders toen ze hoorden dat je was geselecteerd voor de Star Academy?<\/strong><\/div>\n<div><\/div>\n<div>Mijn ouders wisten dat ik zong maar hadden me nog nooit echt gehoord. Maar omdat ik altijd heel consci\u00ebntieus ben geweest en veel naar hen heb geluisterd, dachten ze dat ik een jaar van gekte, een pauze, verdiende. Ik zat precies tussen mijn bachelor en mijn master, een perfect moment om even een break te nemen. En als ik werd gekozen uit 20.000 kandidaten, was dat voor hen een teken.<\/div>\n<div><\/div>\n<div><strong>Wanneer begon je bij de Star Ac te geloven in een mogelijke overwinning?<\/strong><\/div>\n<div><\/div>\n<div>In het begin ging het mij alleen om de tour. Ik dacht dat het me een goede boost zou geven, me met het podium en publiek kennis zou laten maken. Maar dan bereikte ik de halve finale. Op dat moment realiseer je je dat je een kans van \u00e9\u00e9n op vier hebt om de show echt te winnen, en het wordt serieus.<\/div>\n<div><\/div>\n<div><strong>Hoe ging je om met plotselinge bekendheid buiten het programma?<\/strong><\/div>\n<div><\/div>\n<div>Ik denk dat niemand is voorbereid op zo&#8217;n verandering. We zijn niet opgevoed om plotseling deze emoties tegenover ons te ervaren. Niemand is er klaar voor. In het begin is het moeilijk, maar je went eraan. En bij mij met veel na\u00efviteit. Toen ik terug in Belgi\u00eb was, wilde ik mijn familie en vrienden zien, uitgaan. Ik wilde doen wat ik altijd deed.<\/div>\n<div><\/div>\n<div><strong>Was dat mogelijk?<\/strong><\/div>\n<div><\/div>\n<div>Als je ervoor kiest dat je leven niet verandert, dan verandert het ook niet. Ik ga nog steeds uit en doe precies wat ik altijd deed. Ik let wel meer op, maskeer mezelf misschien iets meer. Maar ik heb mijn leven behouden, met mensen die me op straat herkennen en foto&#8217;s vragen&#8230; Ik ben eraan gewend en voorbereid geraakt.<\/div>\n<div><\/div>\n<div><strong>Je artiestencarri\u00e8re is meteen van start gegaan, met verschillende succesvolle singles in verschillende stijlen&#8230; Had je dat verwacht?<\/strong><\/div>\n<div><\/div>\n<div>Nee, absoluut niet. Niemand verwacht dat. Je kunt niet weten hoe het publiek zal reageren of geraakt zal worden. Dankzij de Star Ac&#8217; hebben mensen eerst de persoon die ik ben leren waarderen, zelfs voordat ze mijn muziek kenden, wat erg zeldzaam is. We beginnen niet vanaf niets. Een onafhankelijke artiest die niet bekend is bij het publiek, heeft natuurlijk niet hetzelfde impact. Voor mij was het de Star Ac&#8217; die deze basis legde.<\/div>\n<div><\/div>\n<div><strong>Waar zullen de komende maanden van gemaakt zijn, nu je eerste album uit is?<\/strong><\/div>\n<div><\/div>\n<div>We hebben een &#8216;kleine tour&#8217; die toch wel een Olympia en tien Franse data omvat en twee Ancienne Belgique (12 mei en 5 juni). Dan zijn er de festivals deze zomer (Ronqui\u00e8res Festival op 2 augustus en de Solidarit\u00e9s op 23 augustus), gevolgd door een tournee langs de z\u00e9niths in oktober in Frankrijk, met ook twee Forest National (8 en 9 december), wat echt enorm is! In feite is het een Star Ac&#8217;-tournee, met minder data en alleen voor mij!<\/div>\n<div><\/div>\n<div><strong>Over je album gesproken, in een van de nummers praat je over je relatie met je piano. Heeft die je echt laten leven?<\/strong><\/div>\n<div>\n<div><\/div>\n<div>Dit nummer vertelt het liefdesverhaal tussen mijn piano en mij, vanaf het begin tot nu. Ik hou van dit nummer. Daarom is het ook het eerste nummer van het album.<\/div>\n<\/div>\n<div><\/div>\n<div><strong>Er zijn geen duo&#8217;s op je album?<\/strong><\/div>\n<div><\/div>\n<div>Nee, en dat was volledig opzettelijk omdat ik echt persoonlijke verhalen vertel, episodes uit mijn leven. Ik zag niemand mijn woorden zingen. Het voelde te persoonlijk om te delen.<\/div>\n<div><\/div>\n<div><strong>Laten we afsluiten met deze Forbes 30 under 30 prijs. Hoe heb je dat ervaren?<\/strong><\/div>\n<div><\/div>\n<div>Het is geweldig om zo beloond te worden. Het doet deugd om te weten dat mensen aan mij hebben gedacht voor deze nominatie. Het laat je zien dat al dat werk niet voor niets was. Het is een bekroning, ondanks dat het pas een jaar is. Ik voel me bevoorrecht en erkend, en dat is wat elke artiest zoekt.<\/div>\n<div><\/div>\n<div>\n<div class=\"youtube-embed\" data-video_id=\"gfUl8EKaveg\"><iframe loading=\"lazy\" title=\"Forbes Be Under 30: H\u00e9l\u00e9na Bailly, Artist &amp; Singer\" width=\"696\" height=\"392\" src=\"https:\/\/www.youtube.com\/embed\/gfUl8EKaveg?feature=oembed&#038;enablejsapi=1\" frameborder=\"0\" allow=\"accelerometer; autoplay; clipboard-write; encrypted-media; gyroscope; picture-in-picture; web-share\" referrerpolicy=\"strict-origin-when-cross-origin\" allowfullscreen><\/iframe><\/div>\n<\/div>\n<div><\/div>\n","protected":false},"excerpt":{"rendered":"<p>Anderhalf jaar geleden was Helena volledig onbekend bij het grote publiek en volop bezig met haar hogere studies. Na een deelname aan de Franse Star Academy is het leven van de singer-songwriter uit Braine fundamenteel veranderd. Helena veroverde de harten van de Belgen en Fransen door de halve finale van [&hellip;]<\/p>\n","protected":false},"author":33,"featured_media":7926,"comment_status":"closed","ping_status":"closed","sticky":false,"template":"","format":"standard","meta":{"_acf_changed":false,"inline_featured_image":false,"footnotes":""},"categories":[1,60,33],"tags":[],"class_list":{"0":"post-7927","1":"post","2":"type-post","3":"status-publish","4":"format-standard","5":"has-post-thumbnail","7":"category-actualiteit","8":"category-cultuur","9":"category-forbes-vrouwen"},"acf":[],"auteur_traducteur":"","yoast_head":"<!-- This site is optimized with the Yoast SEO plugin v27.4 - https:\/\/yoast.com\/product\/yoast-seo-wordpress\/ -->\n<title>Helena, 30 onder 30: na Helena van de Star Academy, nu &#039;H\u00e9l\u00e9&#039;<\/title>\n<meta name=\"description\" content=\"Helena, van de Star Academy, onthult haar debuutalbum &#039;H\u00e9l\u00e9&#039;. Lees hoe haar leven veranderde.\" \/>\n<meta name=\"robots\" content=\"index, follow, max-snippet:-1, max-image-preview:large, max-video-preview:-1\" \/>\n<link rel=\"canonical\" href=\"https:\/\/www.forbes.be\/nl\/helena-30-onder-30-na-helena-van-de-star-academy-nu-hele\/\" \/>\n<meta property=\"og:locale\" content=\"nl_BE\" \/>\n<meta property=\"og:type\" content=\"article\" \/>\n<meta property=\"og:title\" content=\"Helena, 30 onder 30: na Helena van de Star Academy, nu &#039;H\u00e9l\u00e9&#039;\" \/>\n<meta property=\"og:description\" content=\"Helena, van de Star Academy, onthult haar debuutalbum &#039;H\u00e9l\u00e9&#039;. Lees hoe haar leven veranderde.\" \/>\n<meta property=\"og:url\" content=\"https:\/\/www.forbes.be\/nl\/helena-30-onder-30-na-helena-van-de-star-academy-nu-hele\/\" \/>\n<meta property=\"og:site_name\" content=\"Forbes Belgi\u00eb\" \/>\n<meta property=\"article:publisher\" content=\"https:\/\/www.facebook.com\/forbesbelgie\" \/>\n<meta property=\"article:published_time\" content=\"2025-03-14T09:08:36+00:00\" \/>\n<meta property=\"og:image\" content=\"https:\/\/www.forbes.be\/nl\/wp-content\/uploads\/2025\/03\/9151-helena-bailly-4.png\" \/>\n\t<meta property=\"og:image:width\" content=\"2560\" \/>\n\t<meta property=\"og:image:height\" content=\"1707\" \/>\n\t<meta property=\"og:image:type\" content=\"image\/png\" \/>\n<meta name=\"author\" content=\"Juan Godbille\" \/>\n<meta name=\"twitter:card\" content=\"summary_large_image\" \/>\n<meta name=\"twitter:label1\" content=\"Geschreven door\" \/>\n\t<meta name=\"twitter:data1\" content=\"Juan Godbille\" \/>\n\t<meta name=\"twitter:label2\" content=\"Geschatte leestijd\" \/>\n\t<meta name=\"twitter:data2\" content=\"6 minuten\" \/>\n<script type=\"application\/ld+json\" class=\"yoast-schema-graph\">{\"@context\":\"https:\\\/\\\/schema.org\",\"@graph\":[{\"@type\":\"NewsArticle\",\"@id\":\"https:\\\/\\\/www.forbes.be\\\/nl\\\/helena-30-onder-30-na-helena-van-de-star-academy-nu-hele\\\/#article\",\"isPartOf\":{\"@id\":\"https:\\\/\\\/www.forbes.be\\\/nl\\\/helena-30-onder-30-na-helena-van-de-star-academy-nu-hele\\\/\"},\"author\":{\"name\":\"Juan Godbille\",\"@id\":\"https:\\\/\\\/www.forbes.be\\\/nl\\\/#\\\/schema\\\/person\\\/a74b21e6937b4219e19a41a0b51bcf66\"},\"headline\":\"Helena, 30 onder 30: na Helena van de Star Academy, nu &#8216;H\u00e9l\u00e9&#8217;\",\"datePublished\":\"2025-03-14T09:08:36+00:00\",\"mainEntityOfPage\":{\"@id\":\"https:\\\/\\\/www.forbes.be\\\/nl\\\/helena-30-onder-30-na-helena-van-de-star-academy-nu-hele\\\/\"},\"wordCount\":1032,\"publisher\":{\"@id\":\"https:\\\/\\\/www.forbes.be\\\/nl\\\/#organization\"},\"image\":{\"@id\":\"https:\\\/\\\/www.forbes.be\\\/nl\\\/helena-30-onder-30-na-helena-van-de-star-academy-nu-hele\\\/#primaryimage\"},\"thumbnailUrl\":\"https:\\\/\\\/www.forbes.be\\\/nl\\\/wp-content\\\/uploads\\\/2025\\\/03\\\/9151-helena-bailly-4.png\",\"articleSection\":[\"Actualiteit\",\"Cultuur\",\"Forbes Vrouwen\"],\"inLanguage\":\"nl-BE\"},{\"@type\":\"WebPage\",\"@id\":\"https:\\\/\\\/www.forbes.be\\\/nl\\\/helena-30-onder-30-na-helena-van-de-star-academy-nu-hele\\\/\",\"url\":\"https:\\\/\\\/www.forbes.be\\\/nl\\\/helena-30-onder-30-na-helena-van-de-star-academy-nu-hele\\\/\",\"name\":\"Helena, 30 onder 30: na Helena van de Star Academy, nu 'H\u00e9l\u00e9'\",\"isPartOf\":{\"@id\":\"https:\\\/\\\/www.forbes.be\\\/nl\\\/#website\"},\"primaryImageOfPage\":{\"@id\":\"https:\\\/\\\/www.forbes.be\\\/nl\\\/helena-30-onder-30-na-helena-van-de-star-academy-nu-hele\\\/#primaryimage\"},\"image\":{\"@id\":\"https:\\\/\\\/www.forbes.be\\\/nl\\\/helena-30-onder-30-na-helena-van-de-star-academy-nu-hele\\\/#primaryimage\"},\"thumbnailUrl\":\"https:\\\/\\\/www.forbes.be\\\/nl\\\/wp-content\\\/uploads\\\/2025\\\/03\\\/9151-helena-bailly-4.png\",\"datePublished\":\"2025-03-14T09:08:36+00:00\",\"description\":\"Helena, van de Star Academy, onthult haar debuutalbum 'H\u00e9l\u00e9'. Lees hoe haar leven veranderde.\",\"breadcrumb\":{\"@id\":\"https:\\\/\\\/www.forbes.be\\\/nl\\\/helena-30-onder-30-na-helena-van-de-star-academy-nu-hele\\\/#breadcrumb\"},\"inLanguage\":\"nl-BE\",\"potentialAction\":[{\"@type\":\"ReadAction\",\"target\":[\"https:\\\/\\\/www.forbes.be\\\/nl\\\/helena-30-onder-30-na-helena-van-de-star-academy-nu-hele\\\/\"]}]},{\"@type\":\"ImageObject\",\"inLanguage\":\"nl-BE\",\"@id\":\"https:\\\/\\\/www.forbes.be\\\/nl\\\/helena-30-onder-30-na-helena-van-de-star-academy-nu-hele\\\/#primaryimage\",\"url\":\"https:\\\/\\\/www.forbes.be\\\/nl\\\/wp-content\\\/uploads\\\/2025\\\/03\\\/9151-helena-bailly-4.png\",\"contentUrl\":\"https:\\\/\\\/www.forbes.be\\\/nl\\\/wp-content\\\/uploads\\\/2025\\\/03\\\/9151-helena-bailly-4.png\",\"width\":2560,\"height\":1707,\"caption\":\"Helena - \u00a9AS Agency\"},{\"@type\":\"BreadcrumbList\",\"@id\":\"https:\\\/\\\/www.forbes.be\\\/nl\\\/helena-30-onder-30-na-helena-van-de-star-academy-nu-hele\\\/#breadcrumb\",\"itemListElement\":[{\"@type\":\"ListItem\",\"position\":1,\"name\":\"Accueil\",\"item\":\"https:\\\/\\\/www.forbes.be\\\/nl\\\/\"},{\"@type\":\"ListItem\",\"position\":2,\"name\":\"Helena, 30 onder 30: na Helena van de Star Academy, nu &lsquo;H\u00e9l\u00e9&rsquo;\"}]},{\"@type\":\"WebSite\",\"@id\":\"https:\\\/\\\/www.forbes.be\\\/nl\\\/#website\",\"url\":\"https:\\\/\\\/www.forbes.be\\\/nl\\\/\",\"name\":\"Forbes Belgi\u00eb\",\"description\":\"\",\"publisher\":{\"@id\":\"https:\\\/\\\/www.forbes.be\\\/nl\\\/#organization\"},\"potentialAction\":[{\"@type\":\"SearchAction\",\"target\":{\"@type\":\"EntryPoint\",\"urlTemplate\":\"https:\\\/\\\/www.forbes.be\\\/nl\\\/?s={search_term_string}\"},\"query-input\":{\"@type\":\"PropertyValueSpecification\",\"valueRequired\":true,\"valueName\":\"search_term_string\"}}],\"inLanguage\":\"nl-BE\"},{\"@type\":\"Organization\",\"@id\":\"https:\\\/\\\/www.forbes.be\\\/nl\\\/#organization\",\"name\":\"Forbes Belgi\u00eb\",\"url\":\"https:\\\/\\\/www.forbes.be\\\/nl\\\/\",\"logo\":{\"@type\":\"ImageObject\",\"inLanguage\":\"nl-BE\",\"@id\":\"https:\\\/\\\/www.forbes.be\\\/nl\\\/#\\\/schema\\\/logo\\\/image\\\/\",\"url\":\"https:\\\/\\\/www.forbes.be\\\/nl\\\/wp-content\\\/uploads\\\/2024\\\/02\\\/forbes.be_.png\",\"contentUrl\":\"https:\\\/\\\/www.forbes.be\\\/nl\\\/wp-content\\\/uploads\\\/2024\\\/02\\\/forbes.be_.png\",\"width\":1200,\"height\":675,\"caption\":\"Forbes Belgi\u00eb\"},\"image\":{\"@id\":\"https:\\\/\\\/www.forbes.be\\\/nl\\\/#\\\/schema\\\/logo\\\/image\\\/\"},\"sameAs\":[\"https:\\\/\\\/www.facebook.com\\\/forbesbelgie\",\"https:\\\/\\\/www.instagram.com\\\/Forbes_Belgium\",\"https:\\\/\\\/www.linkedin.com\\\/company\\\/forbes-belgium\\\/\"]},{\"@type\":\"Person\",\"@id\":\"https:\\\/\\\/www.forbes.be\\\/nl\\\/#\\\/schema\\\/person\\\/a74b21e6937b4219e19a41a0b51bcf66\",\"name\":\"Juan Godbille\",\"image\":{\"@type\":\"ImageObject\",\"inLanguage\":\"nl-BE\",\"@id\":\"https:\\\/\\\/secure.gravatar.com\\\/avatar\\\/de6d740453251c69ae34e42cfef9688bc2a5c942d7cab09074e7064fbac13ac9?s=96&d=mm&r=g\",\"url\":\"https:\\\/\\\/secure.gravatar.com\\\/avatar\\\/de6d740453251c69ae34e42cfef9688bc2a5c942d7cab09074e7064fbac13ac9?s=96&d=mm&r=g\",\"contentUrl\":\"https:\\\/\\\/secure.gravatar.com\\\/avatar\\\/de6d740453251c69ae34e42cfef9688bc2a5c942d7cab09074e7064fbac13ac9?s=96&d=mm&r=g\",\"caption\":\"Juan Godbille\"},\"url\":\"https:\\\/\\\/www.forbes.be\\\/nl\\\/author\\\/juan-godbille\\\/\"}]}<\/script>\n<!-- \/ Yoast SEO plugin. -->","yoast_head_json":{"title":"Helena, 30 onder 30: na Helena van de Star Academy, nu 'H\u00e9l\u00e9'","description":"Helena, van de Star Academy, onthult haar debuutalbum 'H\u00e9l\u00e9'. Lees hoe haar leven veranderde.","robots":{"index":"index","follow":"follow","max-snippet":"max-snippet:-1","max-image-preview":"max-image-preview:large","max-video-preview":"max-video-preview:-1"},"canonical":"https:\/\/www.forbes.be\/nl\/helena-30-onder-30-na-helena-van-de-star-academy-nu-hele\/","og_locale":"nl_BE","og_type":"article","og_title":"Helena, 30 onder 30: na Helena van de Star Academy, nu 'H\u00e9l\u00e9'","og_description":"Helena, van de Star Academy, onthult haar debuutalbum 'H\u00e9l\u00e9'. Lees hoe haar leven veranderde.","og_url":"https:\/\/www.forbes.be\/nl\/helena-30-onder-30-na-helena-van-de-star-academy-nu-hele\/","og_site_name":"Forbes Belgi\u00eb","article_publisher":"https:\/\/www.facebook.com\/forbesbelgie","article_published_time":"2025-03-14T09:08:36+00:00","og_image":[{"width":2560,"height":1707,"url":"https:\/\/www.forbes.be\/nl\/wp-content\/uploads\/2025\/03\/9151-helena-bailly-4.png","type":"image\/png"}],"author":"Juan Godbille","twitter_card":"summary_large_image","twitter_misc":{"Geschreven door":"Juan Godbille","Geschatte leestijd":"6 minuten"},"schema":{"@context":"https:\/\/schema.org","@graph":[{"@type":"NewsArticle","@id":"https:\/\/www.forbes.be\/nl\/helena-30-onder-30-na-helena-van-de-star-academy-nu-hele\/#article","isPartOf":{"@id":"https:\/\/www.forbes.be\/nl\/helena-30-onder-30-na-helena-van-de-star-academy-nu-hele\/"},"author":{"name":"Juan Godbille","@id":"https:\/\/www.forbes.be\/nl\/#\/schema\/person\/a74b21e6937b4219e19a41a0b51bcf66"},"headline":"Helena, 30 onder 30: na Helena van de Star Academy, nu &#8216;H\u00e9l\u00e9&#8217;","datePublished":"2025-03-14T09:08:36+00:00","mainEntityOfPage":{"@id":"https:\/\/www.forbes.be\/nl\/helena-30-onder-30-na-helena-van-de-star-academy-nu-hele\/"},"wordCount":1032,"publisher":{"@id":"https:\/\/www.forbes.be\/nl\/#organization"},"image":{"@id":"https:\/\/www.forbes.be\/nl\/helena-30-onder-30-na-helena-van-de-star-academy-nu-hele\/#primaryimage"},"thumbnailUrl":"https:\/\/www.forbes.be\/nl\/wp-content\/uploads\/2025\/03\/9151-helena-bailly-4.png","articleSection":["Actualiteit","Cultuur","Forbes Vrouwen"],"inLanguage":"nl-BE"},{"@type":"WebPage","@id":"https:\/\/www.forbes.be\/nl\/helena-30-onder-30-na-helena-van-de-star-academy-nu-hele\/","url":"https:\/\/www.forbes.be\/nl\/helena-30-onder-30-na-helena-van-de-star-academy-nu-hele\/","name":"Helena, 30 onder 30: na Helena van de Star Academy, nu 'H\u00e9l\u00e9'","isPartOf":{"@id":"https:\/\/www.forbes.be\/nl\/#website"},"primaryImageOfPage":{"@id":"https:\/\/www.forbes.be\/nl\/helena-30-onder-30-na-helena-van-de-star-academy-nu-hele\/#primaryimage"},"image":{"@id":"https:\/\/www.forbes.be\/nl\/helena-30-onder-30-na-helena-van-de-star-academy-nu-hele\/#primaryimage"},"thumbnailUrl":"https:\/\/www.forbes.be\/nl\/wp-content\/uploads\/2025\/03\/9151-helena-bailly-4.png","datePublished":"2025-03-14T09:08:36+00:00","description":"Helena, van de Star Academy, onthult haar debuutalbum 'H\u00e9l\u00e9'. Lees hoe haar leven veranderde.","breadcrumb":{"@id":"https:\/\/www.forbes.be\/nl\/helena-30-onder-30-na-helena-van-de-star-academy-nu-hele\/#breadcrumb"},"inLanguage":"nl-BE","potentialAction":[{"@type":"ReadAction","target":["https:\/\/www.forbes.be\/nl\/helena-30-onder-30-na-helena-van-de-star-academy-nu-hele\/"]}]},{"@type":"ImageObject","inLanguage":"nl-BE","@id":"https:\/\/www.forbes.be\/nl\/helena-30-onder-30-na-helena-van-de-star-academy-nu-hele\/#primaryimage","url":"https:\/\/www.forbes.be\/nl\/wp-content\/uploads\/2025\/03\/9151-helena-bailly-4.png","contentUrl":"https:\/\/www.forbes.be\/nl\/wp-content\/uploads\/2025\/03\/9151-helena-bailly-4.png","width":2560,"height":1707,"caption":"Helena - \u00a9AS Agency"},{"@type":"BreadcrumbList","@id":"https:\/\/www.forbes.be\/nl\/helena-30-onder-30-na-helena-van-de-star-academy-nu-hele\/#breadcrumb","itemListElement":[{"@type":"ListItem","position":1,"name":"Accueil","item":"https:\/\/www.forbes.be\/nl\/"},{"@type":"ListItem","position":2,"name":"Helena, 30 onder 30: na Helena van de Star Academy, nu &lsquo;H\u00e9l\u00e9&rsquo;"}]},{"@type":"WebSite","@id":"https:\/\/www.forbes.be\/nl\/#website","url":"https:\/\/www.forbes.be\/nl\/","name":"Forbes Belgi\u00eb","description":"","publisher":{"@id":"https:\/\/www.forbes.be\/nl\/#organization"},"potentialAction":[{"@type":"SearchAction","target":{"@type":"EntryPoint","urlTemplate":"https:\/\/www.forbes.be\/nl\/?s={search_term_string}"},"query-input":{"@type":"PropertyValueSpecification","valueRequired":true,"valueName":"search_term_string"}}],"inLanguage":"nl-BE"},{"@type":"Organization","@id":"https:\/\/www.forbes.be\/nl\/#organization","name":"Forbes Belgi\u00eb","url":"https:\/\/www.forbes.be\/nl\/","logo":{"@type":"ImageObject","inLanguage":"nl-BE","@id":"https:\/\/www.forbes.be\/nl\/#\/schema\/logo\/image\/","url":"https:\/\/www.forbes.be\/nl\/wp-content\/uploads\/2024\/02\/forbes.be_.png","contentUrl":"https:\/\/www.forbes.be\/nl\/wp-content\/uploads\/2024\/02\/forbes.be_.png","width":1200,"height":675,"caption":"Forbes Belgi\u00eb"},"image":{"@id":"https:\/\/www.forbes.be\/nl\/#\/schema\/logo\/image\/"},"sameAs":["https:\/\/www.facebook.com\/forbesbelgie","https:\/\/www.instagram.com\/Forbes_Belgium","https:\/\/www.linkedin.com\/company\/forbes-belgium\/"]},{"@type":"Person","@id":"https:\/\/www.forbes.be\/nl\/#\/schema\/person\/a74b21e6937b4219e19a41a0b51bcf66","name":"Juan Godbille","image":{"@type":"ImageObject","inLanguage":"nl-BE","@id":"https:\/\/secure.gravatar.com\/avatar\/de6d740453251c69ae34e42cfef9688bc2a5c942d7cab09074e7064fbac13ac9?s=96&d=mm&r=g","url":"https:\/\/secure.gravatar.com\/avatar\/de6d740453251c69ae34e42cfef9688bc2a5c942d7cab09074e7064fbac13ac9?s=96&d=mm&r=g","contentUrl":"https:\/\/secure.gravatar.com\/avatar\/de6d740453251c69ae34e42cfef9688bc2a5c942d7cab09074e7064fbac13ac9?s=96&d=mm&r=g","caption":"Juan Godbille"},"url":"https:\/\/www.forbes.be\/nl\/author\/juan-godbille\/"}]}},"_links":{"self":[{"href":"https:\/\/www.forbes.be\/nl\/wp-json\/wp\/v2\/posts\/7927","targetHints":{"allow":["GET"]}}],"collection":[{"href":"https:\/\/www.forbes.be\/nl\/wp-json\/wp\/v2\/posts"}],"about":[{"href":"https:\/\/www.forbes.be\/nl\/wp-json\/wp\/v2\/types\/post"}],"author":[{"embeddable":true,"href":"https:\/\/www.forbes.be\/nl\/wp-json\/wp\/v2\/users\/33"}],"replies":[{"embeddable":true,"href":"https:\/\/www.forbes.be\/nl\/wp-json\/wp\/v2\/comments?post=7927"}],"version-history":[{"count":1,"href":"https:\/\/www.forbes.be\/nl\/wp-json\/wp\/v2\/posts\/7927\/revisions"}],"predecessor-version":[{"id":7928,"href":"https:\/\/www.forbes.be\/nl\/wp-json\/wp\/v2\/posts\/7927\/revisions\/7928"}],"wp:featuredmedia":[{"embeddable":true,"href":"https:\/\/www.forbes.be\/nl\/wp-json\/wp\/v2\/media\/7926"}],"wp:attachment":[{"href":"https:\/\/www.forbes.be\/nl\/wp-json\/wp\/v2\/media?parent=7927"}],"wp:term":[{"taxonomy":"category","embeddable":true,"href":"https:\/\/www.forbes.be\/nl\/wp-json\/wp\/v2\/categories?post=7927"},{"taxonomy":"post_tag","embeddable":true,"href":"https:\/\/www.forbes.be\/nl\/wp-json\/wp\/v2\/tags?post=7927"}],"curies":[{"name":"wp","href":"https:\/\/api.w.org\/{rel}","templated":true}]}}