{"id":8269,"date":"2025-05-06T14:55:00","date_gmt":"2025-05-06T12:55:00","guid":{"rendered":"https:\/\/www.forbes.be\/nl\/?p=8269"},"modified":"2026-02-24T19:00:24","modified_gmt":"2026-02-24T18:00:24","slug":"eva-faict-amazon-investeerde-meer-dan-450-miljoen-euro-in-belgie","status":"publish","type":"post","link":"https:\/\/www.forbes.be\/nl\/eva-faict-amazon-investeerde-meer-dan-450-miljoen-euro-in-belgie\/","title":{"rendered":"Eva Faict: \u201cAmazon investeerde meer dan 450 miljoen euro in Belgi\u00eb\u201d"},"content":{"rendered":"<p>Amazons Country Manager voor Belgi\u00eb en Nederland, de Gentse Eva Faict, vertelt over haar indrukwekkende carri\u00e8repad, van haar vroege passie voor economie tot de lancering van <a href=\"https:\/\/www.amazon.com.be\/-\/nl\/?language=nl_BE\" target=\"_blank\" rel=\"noopener\">Amazon<\/a> in Belgi\u00eb. Onder haar leiding past Amazon zich aan de specifieke kenmerken van de Belgische markt aan en ondersteunt het de expansie van lokale bedrijven.<\/p>\n<h2><strong>Eva Faict, hoe komt men aan het hoofd van Amazon Belgi\u00eb? <\/strong><\/h2>\n<p>Mijn passie voor vraag en aanbod begon al op zeer jonge leeftijd, toen mijn nicht en ik papieren bloemen verkochten op het strand. Daarna studeerde ik economie aan de Brusselse campus van KU Leuven voordat ik een carri\u00e8re in consulting begon, waarbij ik met internationale bedrijven werkte en de wereld rondreisde, wat geweldig was. Daarna ging ik aan de slag bij Amazon in het Verenigd Koninkrijk, aangetrokken door de klantgerichte aanpak. Na terugkomst van mijn zwangerschapsverlof heb ik Amazon naar Belgi\u00eb gehaald en vandaag ben ik Country Manager. Sinds januari ben ik ook verantwoordelijk voor Nederland.<\/p>\n<figure id=\"attachment_8273\" aria-describedby=\"caption-attachment-8273\" style=\"width: 683px\" class=\"wp-caption aligncenter\"><img loading=\"lazy\" decoding=\"async\" class=\"wp-image-8273 size-large\" src=\"https:\/\/www.forbes.be\/nl\/wp-content\/uploads\/2015\/03\/dsc01026-683x1024.jpg\" alt=\"\" width=\"683\" height=\"1024\" srcset=\"https:\/\/www.forbes.be\/nl\/wp-content\/uploads\/2015\/03\/dsc01026-683x1024.jpg 683w, https:\/\/www.forbes.be\/nl\/wp-content\/uploads\/2015\/03\/dsc01026-200x300.jpg 200w, https:\/\/www.forbes.be\/nl\/wp-content\/uploads\/2015\/03\/dsc01026-768x1152.jpg 768w, https:\/\/www.forbes.be\/nl\/wp-content\/uploads\/2015\/03\/dsc01026-696x1044.jpg 696w, https:\/\/www.forbes.be\/nl\/wp-content\/uploads\/2015\/03\/dsc01026-600x900.jpg 600w, https:\/\/www.forbes.be\/nl\/wp-content\/uploads\/2015\/03\/dsc01026.jpg 1024w\" sizes=\"auto, (max-width: 683px) 100vw, 683px\" \/><figcaption id=\"caption-attachment-8273\" class=\"wp-caption-text\">\u00a9Duckmotion<\/figcaption><\/figure>\n<h2><strong>Hoe ziet u de ontwikkeling van Amazon in Belgi\u00eb?<\/strong><\/h2>\n<p><a href=\"https:\/\/www.amazon.com.be\/-\/nl\/?language=nl_BE\" target=\"_blank\" rel=\"noopener\">Amazon<\/a> werd in oktober 2022 in Belgi\u00eb gelanceerd via de amazon.com.be shop. Sindsdien is ons productaanbod aanzienlijk gegroeid, van 180 miljoen naar meer dan 400 miljoen in meer dan 30 categorie\u00ebn, en we blijven onze diensten en functionaliteiten verbeteren, zowel voor onze klanten als voor onze verkooppartners.<\/p>\n<p>Om aan de groeiende vraag te voldoen, hebben we sinds onze komst meer dan 450 miljoen euro in Belgi\u00eb ge\u00efnvesteerd, waarvan 250 miljoen euro in 2023, inclusief investeringen in onze infrastructuur en personeelsvergoedingen.<\/p>\n<h2><strong>Hoe verbetert Amazon in Belgi\u00eb de winkelervaring voor zijn klanten?<\/strong><\/h2>\n<p><a href=\"https:\/\/www.amazon.com.be\/-\/nl\/?language=nl_BE\" target=\"_blank\" rel=\"noopener\">amazon.com.be<\/a> biedt Belgische klanten een lokale en meertalige (Nederlands, Frans, Engels) winkelervaring, met een ruime keuze aan internationale en Belgische merken, aantrekkelijke prijzen, een snelle en betrouwbare levering en Prime-voordelen. Er zijn veel redenen waarom Belgische klanten graag winkelen op amazon.com.be. We zijn er erg trots op dat we de afgelopen (twee) jaar een sterke relatie hebben opgebouwd met Belgische merken &#8211; zowel grote als kleine. Dit is erg belangrijk voor ons, omdat we weten dat onze klanten graag lokaal winkelen. Als onderdeel van ons engagement om lokale klanten in contact te brengen met lokale bedrijven, lanceerde amazon.com.be de winkel \u201cBrands of Belgium\u201d, een speciale etalage voor nieuwe, opkomende en gevestigde lokale merken.<\/p>\n<p>We streven ernaar om onze klanten veel waarde en besparingen te bieden door middel van een breed scala aan dagelijkse aanbiedingen, of het nu een normale winkeldag is of een van onze grote shopping-evenementen.<\/p>\n<figure id=\"attachment_8274\" aria-describedby=\"caption-attachment-8274\" style=\"width: 683px\" class=\"wp-caption aligncenter\"><img loading=\"lazy\" decoding=\"async\" class=\"wp-image-8274 size-large\" src=\"https:\/\/www.forbes.be\/nl\/wp-content\/uploads\/2015\/03\/dsc01094-683x1024.jpg\" alt=\"\" width=\"683\" height=\"1024\" srcset=\"https:\/\/www.forbes.be\/nl\/wp-content\/uploads\/2015\/03\/dsc01094-683x1024.jpg 683w, https:\/\/www.forbes.be\/nl\/wp-content\/uploads\/2015\/03\/dsc01094-200x300.jpg 200w, https:\/\/www.forbes.be\/nl\/wp-content\/uploads\/2015\/03\/dsc01094-768x1152.jpg 768w, https:\/\/www.forbes.be\/nl\/wp-content\/uploads\/2015\/03\/dsc01094-696x1044.jpg 696w, https:\/\/www.forbes.be\/nl\/wp-content\/uploads\/2015\/03\/dsc01094-600x900.jpg 600w, https:\/\/www.forbes.be\/nl\/wp-content\/uploads\/2015\/03\/dsc01094.jpg 1024w\" sizes=\"auto, (max-width: 683px) 100vw, 683px\" \/><figcaption id=\"caption-attachment-8274\" class=\"wp-caption-text\">\u00a9Duckmotion<\/figcaption><\/figure>\n<h2><strong>Hoe ondersteunt Amazon in Belgi\u00eb lokale bedrijven?<\/strong><\/h2>\n<p>Ons doel is om een springplank te bieden voor Belgische KMO&#8217;s om grotere markten te bereiken. Via programma&#8217;s zoals \u201cShipped by Amazon\u201d en de \u201cEuropean Expansion Accelerator\u201d kunnen bedrijven internationaal uitbreiden en klanten over de hele wereld bereiken. In 2023 verkochten Belgische kmo&#8217;s meer dan 10 miljoen producten op Amazon, of meer dan 20 producten per minuut, wat neerkomt op een stijging van meer dan 75% ten opzichte van 2022.<\/p>\n<h2><strong>Hoe integreert Amazon duurzaamheid in het bedrijf?<\/strong><\/h2>\n<p>Duurzaamheid staat centraal in de wereldwijde activiteiten van <a href=\"https:\/\/www.amazon.com.be\/-\/nl\/?language=nl_BE\" target=\"_blank\" rel=\"noopener\">Amazon<\/a>. In 2019 waren we medeoprichter van de Climate Pledge, met de ambitie om de netto CO2-uitstoot tegen 2040 tot nul te herleiden, tien jaar eerder dan de doelstellingen van het klimaatakkoord van Parijs, een gedurfde toezegging waar we actief naartoe werken. Voor het vijfde jaar op rij blijft Amazon &#8217;s werelds grootste particuliere inkoper van hernieuwbare energie, wat helpt om de uitstoot te verminderen.<\/p>\n<p>Op het gebied van verpakkingsreductie hebben we het programma Shipped Without Additional Amazon Packaging gelanceerd, waarbij bepaalde artikelen die geen extra verpakking nodig hebben direct in de originele verpakking van de fabrikant worden verzonden, simpelweg met toevoeging van een adreslabel. De afgelopen vijf jaar heeft dit programma al meer dan een miljard zendingen in Europa mogelijk gemaakt zonder extra Amazon-verpakking. We investeren ook in natuurprojecten, met een investering van 1,1 miljoen euro in het behoud en de bescherming van het Nationaal Park Brabantse Wouden in Belgi\u00eb. Dankzij deze financiering kan het Nationaal Park zijn eeuwenoude bossen behouden, die op de UNESCO-lijst staan, zodat meer mensen kunnen genieten van de voordelen die de natuur te bieden heeft.<\/p>\n<blockquote class=\"instagram-media\" style=\"background: #FFF; border: 0; border-radius: 3px; box-shadow: 0 0 1px 0 rgba(0,0,0,0.5),0 1px 10px 0 rgba(0,0,0,0.15); margin: 1px; max-width: 540px; min-width: 326px; padding: 0; width: calc(100% - 2px);\" data-instgrm-captioned=\"\" data-instgrm-permalink=\"https:\/\/www.instagram.com\/reel\/DJUTmgdoZq5\/?utm_source=ig_embed&amp;utm_campaign=loading\" data-instgrm-version=\"14\">\n<div style=\"padding: 16px;\">\n<p>&nbsp;<\/p>\n<div style=\"display: flex; flex-direction: row; align-items: center;\">\n<div style=\"background-color: #f4f4f4; border-radius: 50%; flex-grow: 0; height: 40px; margin-right: 14px; width: 40px;\"><\/div>\n<div style=\"display: flex; flex-direction: column; flex-grow: 1; justify-content: center;\">\n<div style=\"background-color: #f4f4f4; border-radius: 4px; flex-grow: 0; height: 14px; margin-bottom: 6px; width: 100px;\"><\/div>\n<div style=\"background-color: #f4f4f4; border-radius: 4px; flex-grow: 0; height: 14px; width: 60px;\"><\/div>\n<\/div>\n<\/div>\n<div style=\"padding: 19% 0;\"><\/div>\n<div style=\"display: block; height: 50px; margin: 0 auto 12px; width: 50px;\"><\/div>\n<div style=\"padding-top: 8px;\">\n<div style=\"color: #3897f0; font-family: Arial,sans-serif; font-size: 14px; font-style: normal; font-weight: 550; line-height: 18px;\">Voir cette publication sur Instagram<\/div>\n<\/div>\n<div style=\"padding: 12.5% 0;\"><\/div>\n<div style=\"display: flex; flex-direction: row; margin-bottom: 14px; align-items: center;\">\n<div>\n<div style=\"background-color: #f4f4f4; border-radius: 50%; height: 12.5px; width: 12.5px; transform: translateX(0px) translateY(7px);\"><\/div>\n<div style=\"background-color: #f4f4f4; height: 12.5px; transform: rotate(-45deg) translateX(3px) translateY(1px); width: 12.5px; flex-grow: 0; margin-right: 14px; margin-left: 2px;\"><\/div>\n<div style=\"background-color: #f4f4f4; border-radius: 50%; height: 12.5px; width: 12.5px; transform: translateX(9px) translateY(-18px);\"><\/div>\n<\/div>\n<div style=\"margin-left: 8px;\">\n<div style=\"background-color: #f4f4f4; border-radius: 50%; flex-grow: 0; height: 20px; width: 20px;\"><\/div>\n<div style=\"width: 0; height: 0; border-top: 2px solid transparent; border-left: 6px solid #f4f4f4; border-bottom: 2px solid transparent; transform: translateX(16px) translateY(-4px) rotate(30deg);\"><\/div>\n<\/div>\n<div style=\"margin-left: auto;\">\n<div style=\"width: 0px; border-top: 8px solid #F4F4F4; border-right: 8px solid transparent; transform: translateY(16px);\"><\/div>\n<div style=\"background-color: #f4f4f4; flex-grow: 0; height: 12px; width: 16px; transform: translateY(-4px);\"><\/div>\n<div style=\"width: 0; height: 0; border-top: 8px solid #F4F4F4; border-left: 8px solid transparent; transform: translateY(-4px) translateX(8px);\"><\/div>\n<\/div>\n<\/div>\n<div style=\"display: flex; flex-direction: column; flex-grow: 1; justify-content: center; margin-bottom: 24px;\">\n<div style=\"background-color: #f4f4f4; border-radius: 4px; flex-grow: 0; height: 14px; margin-bottom: 6px; width: 224px;\"><\/div>\n<div style=\"background-color: #f4f4f4; border-radius: 4px; flex-grow: 0; height: 14px; width: 144px;\"><\/div>\n<\/div>\n<p>&nbsp;<\/p>\n<p style=\"color: #c9c8cd; font-family: Arial,sans-serif; font-size: 14px; line-height: 17px; margin-bottom: 0; margin-top: 8px; overflow: hidden; padding: 8px 0 7px; text-align: center; text-overflow: ellipsis; white-space: nowrap;\"><a style=\"color: #c9c8cd; font-family: Arial,sans-serif; font-size: 14px; font-style: normal; font-weight: normal; line-height: 17px; text-decoration: none;\" href=\"https:\/\/www.instagram.com\/reel\/DJUTmgdoZq5\/?utm_source=ig_embed&amp;utm_campaign=loading\" target=\"_blank\" rel=\"noopener\">Une publication partag\u00e9e par Forbes Belgium (@forbes_belgium)<\/a><\/p>\n<\/div>\n<\/blockquote>\n<p><script async src=\"\/\/www.instagram.com\/embed.js\"><\/script><\/p>\n<h2><strong>Wat zijn volgens u de prioriteiten van de Belgische markt met het oog op de ontwikkeling van online retailing?<\/strong><\/h2>\n<p>Onze prioriteit is om een brede selectie van producten, concurrerende prijzen en betrouwbare levering te garanderen, terwijl we ons aanpassen aan de veranderende verwachtingen van lokale klanten.<\/p>\n<p>Dit artikel is opgesteld in nauwe samenwerking met <a href=\"https:\/\/www.amazon.com.be\/-\/nl\/?language=nl_BE\" target=\"_blank\" rel=\"noopener\">amazon.com.be<\/a>.<\/p>\n","protected":false},"excerpt":{"rendered":"<p>Amazons Country Manager voor Belgi\u00eb en Nederland, de Gentse Eva Faict, vertelt over haar indrukwekkende carri\u00e8repad, van haar vroege passie voor economie tot de lancering van Amazon in Belgi\u00eb. Onder haar leiding past Amazon zich aan de specifieke kenmerken van de Belgische markt aan en ondersteunt het de expansie van lokale bedrijven. Eva Faict, hoe [&hellip;]<\/p>\n","protected":false},"author":5,"featured_media":8272,"comment_status":"closed","ping_status":"closed","sticky":false,"template":"","format":"standard","meta":{"_acf_changed":false,"inline_featured_image":false,"footnotes":""},"categories":[693],"tags":[],"class_list":{"0":"post-8269","1":"post","2":"type-post","3":"status-publish","4":"format-standard","5":"has-post-thumbnail","7":"category-brandvoice"},"acf":[],"auteur_traducteur":"","yoast_head":"<!-- This site is optimized with the Yoast SEO plugin v27.4 - https:\/\/yoast.com\/product\/yoast-seo-wordpress\/ -->\n<title>&quot;Amazon inversteerde meer dan 450 miljoen euro in Belgi\u00eb&quot; | Forbes Belgi\u00eb<\/title>\n<meta name=\"description\" content=\"Amazons Country Manager voor Belgi\u00eb en Nederland, de Gentse Eva Faict, vertelt over haar indrukwekkende carri\u00e8repad.\" \/>\n<meta name=\"robots\" content=\"index, follow, max-snippet:-1, max-image-preview:large, max-video-preview:-1\" \/>\n<link rel=\"canonical\" href=\"https:\/\/www.forbes.be\/nl\/eva-faict-amazon-investeerde-meer-dan-450-miljoen-euro-in-belgie\/\" \/>\n<meta property=\"og:locale\" content=\"nl_BE\" \/>\n<meta property=\"og:type\" content=\"article\" \/>\n<meta property=\"og:title\" content=\"&quot;Amazon inversteerde meer dan 450 miljoen euro in Belgi\u00eb&quot; | Forbes Belgi\u00eb\" \/>\n<meta property=\"og:description\" content=\"Amazons Country Manager voor Belgi\u00eb en Nederland, de Gentse Eva Faict, vertelt over haar indrukwekkende carri\u00e8repad.\" \/>\n<meta property=\"og:url\" content=\"https:\/\/www.forbes.be\/nl\/eva-faict-amazon-investeerde-meer-dan-450-miljoen-euro-in-belgie\/\" \/>\n<meta property=\"og:site_name\" content=\"Forbes Belgi\u00eb\" \/>\n<meta property=\"article:publisher\" content=\"https:\/\/www.facebook.com\/forbesbelgie\" \/>\n<meta property=\"article:published_time\" content=\"2025-05-06T12:55:00+00:00\" \/>\n<meta property=\"article:modified_time\" content=\"2026-02-24T18:00:24+00:00\" \/>\n<meta property=\"og:image\" content=\"https:\/\/www.forbes.be\/nl\/wp-content\/uploads\/2015\/03\/marie-claire-horiz-image-a-la-une-9.png\" \/>\n\t<meta property=\"og:image:width\" content=\"1280\" \/>\n\t<meta property=\"og:image:height\" content=\"670\" \/>\n\t<meta property=\"og:image:type\" content=\"image\/png\" \/>\n<meta name=\"author\" content=\"BRANDVOICE | Sponsored Content\" \/>\n<meta name=\"twitter:card\" content=\"summary_large_image\" \/>\n<meta name=\"twitter:label1\" content=\"Geschreven door\" \/>\n\t<meta name=\"twitter:data1\" content=\"BRANDVOICE | Sponsored Content\" \/>\n\t<meta name=\"twitter:label2\" content=\"Geschatte leestijd\" \/>\n\t<meta name=\"twitter:data2\" content=\"5 minuten\" \/>\n<script type=\"application\/ld+json\" class=\"yoast-schema-graph\">{\"@context\":\"https:\\\/\\\/schema.org\",\"@graph\":[{\"@type\":\"NewsArticle\",\"@id\":\"https:\\\/\\\/www.forbes.be\\\/nl\\\/eva-faict-amazon-investeerde-meer-dan-450-miljoen-euro-in-belgie\\\/#article\",\"isPartOf\":{\"@id\":\"https:\\\/\\\/www.forbes.be\\\/nl\\\/eva-faict-amazon-investeerde-meer-dan-450-miljoen-euro-in-belgie\\\/\"},\"author\":{\"name\":\"BRANDVOICE | Sponsored Content\",\"@id\":\"https:\\\/\\\/www.forbes.be\\\/nl\\\/#\\\/schema\\\/person\\\/5b9fff59188b938c243c0d1b8226bbce\"},\"headline\":\"Eva Faict: \u201cAmazon investeerde meer dan 450 miljoen euro in Belgi\u00eb\u201d\",\"datePublished\":\"2025-05-06T12:55:00+00:00\",\"dateModified\":\"2026-02-24T18:00:24+00:00\",\"mainEntityOfPage\":{\"@id\":\"https:\\\/\\\/www.forbes.be\\\/nl\\\/eva-faict-amazon-investeerde-meer-dan-450-miljoen-euro-in-belgie\\\/\"},\"wordCount\":775,\"publisher\":{\"@id\":\"https:\\\/\\\/www.forbes.be\\\/nl\\\/#organization\"},\"image\":{\"@id\":\"https:\\\/\\\/www.forbes.be\\\/nl\\\/eva-faict-amazon-investeerde-meer-dan-450-miljoen-euro-in-belgie\\\/#primaryimage\"},\"thumbnailUrl\":\"https:\\\/\\\/www.forbes.be\\\/nl\\\/wp-content\\\/uploads\\\/2015\\\/03\\\/marie-claire-horiz-image-a-la-une-9.png\",\"articleSection\":[\"Brandvoice\"],\"inLanguage\":\"nl-BE\"},{\"@type\":\"WebPage\",\"@id\":\"https:\\\/\\\/www.forbes.be\\\/nl\\\/eva-faict-amazon-investeerde-meer-dan-450-miljoen-euro-in-belgie\\\/\",\"url\":\"https:\\\/\\\/www.forbes.be\\\/nl\\\/eva-faict-amazon-investeerde-meer-dan-450-miljoen-euro-in-belgie\\\/\",\"name\":\"\\\"Amazon inversteerde meer dan 450 miljoen euro in Belgi\u00eb\\\" | Forbes Belgi\u00eb\",\"isPartOf\":{\"@id\":\"https:\\\/\\\/www.forbes.be\\\/nl\\\/#website\"},\"primaryImageOfPage\":{\"@id\":\"https:\\\/\\\/www.forbes.be\\\/nl\\\/eva-faict-amazon-investeerde-meer-dan-450-miljoen-euro-in-belgie\\\/#primaryimage\"},\"image\":{\"@id\":\"https:\\\/\\\/www.forbes.be\\\/nl\\\/eva-faict-amazon-investeerde-meer-dan-450-miljoen-euro-in-belgie\\\/#primaryimage\"},\"thumbnailUrl\":\"https:\\\/\\\/www.forbes.be\\\/nl\\\/wp-content\\\/uploads\\\/2015\\\/03\\\/marie-claire-horiz-image-a-la-une-9.png\",\"datePublished\":\"2025-05-06T12:55:00+00:00\",\"dateModified\":\"2026-02-24T18:00:24+00:00\",\"description\":\"Amazons Country Manager voor Belgi\u00eb en Nederland, de Gentse Eva Faict, vertelt over haar indrukwekkende carri\u00e8repad.\",\"breadcrumb\":{\"@id\":\"https:\\\/\\\/www.forbes.be\\\/nl\\\/eva-faict-amazon-investeerde-meer-dan-450-miljoen-euro-in-belgie\\\/#breadcrumb\"},\"inLanguage\":\"nl-BE\",\"potentialAction\":[{\"@type\":\"ReadAction\",\"target\":[\"https:\\\/\\\/www.forbes.be\\\/nl\\\/eva-faict-amazon-investeerde-meer-dan-450-miljoen-euro-in-belgie\\\/\"]}]},{\"@type\":\"ImageObject\",\"inLanguage\":\"nl-BE\",\"@id\":\"https:\\\/\\\/www.forbes.be\\\/nl\\\/eva-faict-amazon-investeerde-meer-dan-450-miljoen-euro-in-belgie\\\/#primaryimage\",\"url\":\"https:\\\/\\\/www.forbes.be\\\/nl\\\/wp-content\\\/uploads\\\/2015\\\/03\\\/marie-claire-horiz-image-a-la-une-9.png\",\"contentUrl\":\"https:\\\/\\\/www.forbes.be\\\/nl\\\/wp-content\\\/uploads\\\/2015\\\/03\\\/marie-claire-horiz-image-a-la-une-9.png\",\"width\":1280,\"height\":670,\"caption\":\"\u00a9Duckmotion\"},{\"@type\":\"BreadcrumbList\",\"@id\":\"https:\\\/\\\/www.forbes.be\\\/nl\\\/eva-faict-amazon-investeerde-meer-dan-450-miljoen-euro-in-belgie\\\/#breadcrumb\",\"itemListElement\":[{\"@type\":\"ListItem\",\"position\":1,\"name\":\"Accueil\",\"item\":\"https:\\\/\\\/www.forbes.be\\\/nl\\\/\"},{\"@type\":\"ListItem\",\"position\":2,\"name\":\"Eva Faict: \u201cAmazon investeerde meer dan 450 miljoen euro in Belgi\u00eb\u201d\"}]},{\"@type\":\"WebSite\",\"@id\":\"https:\\\/\\\/www.forbes.be\\\/nl\\\/#website\",\"url\":\"https:\\\/\\\/www.forbes.be\\\/nl\\\/\",\"name\":\"Forbes Belgi\u00eb\",\"description\":\"\",\"publisher\":{\"@id\":\"https:\\\/\\\/www.forbes.be\\\/nl\\\/#organization\"},\"potentialAction\":[{\"@type\":\"SearchAction\",\"target\":{\"@type\":\"EntryPoint\",\"urlTemplate\":\"https:\\\/\\\/www.forbes.be\\\/nl\\\/?s={search_term_string}\"},\"query-input\":{\"@type\":\"PropertyValueSpecification\",\"valueRequired\":true,\"valueName\":\"search_term_string\"}}],\"inLanguage\":\"nl-BE\"},{\"@type\":\"Organization\",\"@id\":\"https:\\\/\\\/www.forbes.be\\\/nl\\\/#organization\",\"name\":\"Forbes Belgi\u00eb\",\"url\":\"https:\\\/\\\/www.forbes.be\\\/nl\\\/\",\"logo\":{\"@type\":\"ImageObject\",\"inLanguage\":\"nl-BE\",\"@id\":\"https:\\\/\\\/www.forbes.be\\\/nl\\\/#\\\/schema\\\/logo\\\/image\\\/\",\"url\":\"https:\\\/\\\/www.forbes.be\\\/nl\\\/wp-content\\\/uploads\\\/2024\\\/02\\\/forbes.be_.png\",\"contentUrl\":\"https:\\\/\\\/www.forbes.be\\\/nl\\\/wp-content\\\/uploads\\\/2024\\\/02\\\/forbes.be_.png\",\"width\":1200,\"height\":675,\"caption\":\"Forbes Belgi\u00eb\"},\"image\":{\"@id\":\"https:\\\/\\\/www.forbes.be\\\/nl\\\/#\\\/schema\\\/logo\\\/image\\\/\"},\"sameAs\":[\"https:\\\/\\\/www.facebook.com\\\/forbesbelgie\",\"https:\\\/\\\/www.instagram.com\\\/Forbes_Belgium\",\"https:\\\/\\\/www.linkedin.com\\\/company\\\/forbes-belgium\\\/\"]},{\"@type\":\"Person\",\"@id\":\"https:\\\/\\\/www.forbes.be\\\/nl\\\/#\\\/schema\\\/person\\\/5b9fff59188b938c243c0d1b8226bbce\",\"name\":\"BRANDVOICE | Sponsored Content\",\"image\":{\"@type\":\"ImageObject\",\"inLanguage\":\"nl-BE\",\"@id\":\"https:\\\/\\\/www.forbes.be\\\/nl\\\/wp-content\\\/uploads\\\/2024\\\/01\\\/forbes-thumb-150x150.jpg\",\"url\":\"https:\\\/\\\/www.forbes.be\\\/nl\\\/wp-content\\\/uploads\\\/2024\\\/01\\\/forbes-thumb-150x150.jpg\",\"contentUrl\":\"https:\\\/\\\/www.forbes.be\\\/nl\\\/wp-content\\\/uploads\\\/2024\\\/01\\\/forbes-thumb-150x150.jpg\",\"caption\":\"BRANDVOICE | Sponsored Content\"},\"url\":\"https:\\\/\\\/www.forbes.be\\\/nl\\\/author\\\/partnerforbes-be\\\/\"}]}<\/script>\n<!-- \/ Yoast SEO plugin. -->","yoast_head_json":{"title":"\"Amazon inversteerde meer dan 450 miljoen euro in Belgi\u00eb\" | Forbes Belgi\u00eb","description":"Amazons Country Manager voor Belgi\u00eb en Nederland, de Gentse Eva Faict, vertelt over haar indrukwekkende carri\u00e8repad.","robots":{"index":"index","follow":"follow","max-snippet":"max-snippet:-1","max-image-preview":"max-image-preview:large","max-video-preview":"max-video-preview:-1"},"canonical":"https:\/\/www.forbes.be\/nl\/eva-faict-amazon-investeerde-meer-dan-450-miljoen-euro-in-belgie\/","og_locale":"nl_BE","og_type":"article","og_title":"\"Amazon inversteerde meer dan 450 miljoen euro in Belgi\u00eb\" | Forbes Belgi\u00eb","og_description":"Amazons Country Manager voor Belgi\u00eb en Nederland, de Gentse Eva Faict, vertelt over haar indrukwekkende carri\u00e8repad.","og_url":"https:\/\/www.forbes.be\/nl\/eva-faict-amazon-investeerde-meer-dan-450-miljoen-euro-in-belgie\/","og_site_name":"Forbes Belgi\u00eb","article_publisher":"https:\/\/www.facebook.com\/forbesbelgie","article_published_time":"2025-05-06T12:55:00+00:00","article_modified_time":"2026-02-24T18:00:24+00:00","og_image":[{"width":1280,"height":670,"url":"https:\/\/www.forbes.be\/nl\/wp-content\/uploads\/2015\/03\/marie-claire-horiz-image-a-la-une-9.png","type":"image\/png"}],"author":"BRANDVOICE | Sponsored Content","twitter_card":"summary_large_image","twitter_misc":{"Geschreven door":"BRANDVOICE | Sponsored Content","Geschatte leestijd":"5 minuten"},"schema":{"@context":"https:\/\/schema.org","@graph":[{"@type":"NewsArticle","@id":"https:\/\/www.forbes.be\/nl\/eva-faict-amazon-investeerde-meer-dan-450-miljoen-euro-in-belgie\/#article","isPartOf":{"@id":"https:\/\/www.forbes.be\/nl\/eva-faict-amazon-investeerde-meer-dan-450-miljoen-euro-in-belgie\/"},"author":{"name":"BRANDVOICE | Sponsored Content","@id":"https:\/\/www.forbes.be\/nl\/#\/schema\/person\/5b9fff59188b938c243c0d1b8226bbce"},"headline":"Eva Faict: \u201cAmazon investeerde meer dan 450 miljoen euro in Belgi\u00eb\u201d","datePublished":"2025-05-06T12:55:00+00:00","dateModified":"2026-02-24T18:00:24+00:00","mainEntityOfPage":{"@id":"https:\/\/www.forbes.be\/nl\/eva-faict-amazon-investeerde-meer-dan-450-miljoen-euro-in-belgie\/"},"wordCount":775,"publisher":{"@id":"https:\/\/www.forbes.be\/nl\/#organization"},"image":{"@id":"https:\/\/www.forbes.be\/nl\/eva-faict-amazon-investeerde-meer-dan-450-miljoen-euro-in-belgie\/#primaryimage"},"thumbnailUrl":"https:\/\/www.forbes.be\/nl\/wp-content\/uploads\/2015\/03\/marie-claire-horiz-image-a-la-une-9.png","articleSection":["Brandvoice"],"inLanguage":"nl-BE"},{"@type":"WebPage","@id":"https:\/\/www.forbes.be\/nl\/eva-faict-amazon-investeerde-meer-dan-450-miljoen-euro-in-belgie\/","url":"https:\/\/www.forbes.be\/nl\/eva-faict-amazon-investeerde-meer-dan-450-miljoen-euro-in-belgie\/","name":"\"Amazon inversteerde meer dan 450 miljoen euro in Belgi\u00eb\" | Forbes Belgi\u00eb","isPartOf":{"@id":"https:\/\/www.forbes.be\/nl\/#website"},"primaryImageOfPage":{"@id":"https:\/\/www.forbes.be\/nl\/eva-faict-amazon-investeerde-meer-dan-450-miljoen-euro-in-belgie\/#primaryimage"},"image":{"@id":"https:\/\/www.forbes.be\/nl\/eva-faict-amazon-investeerde-meer-dan-450-miljoen-euro-in-belgie\/#primaryimage"},"thumbnailUrl":"https:\/\/www.forbes.be\/nl\/wp-content\/uploads\/2015\/03\/marie-claire-horiz-image-a-la-une-9.png","datePublished":"2025-05-06T12:55:00+00:00","dateModified":"2026-02-24T18:00:24+00:00","description":"Amazons Country Manager voor Belgi\u00eb en Nederland, de Gentse Eva Faict, vertelt over haar indrukwekkende carri\u00e8repad.","breadcrumb":{"@id":"https:\/\/www.forbes.be\/nl\/eva-faict-amazon-investeerde-meer-dan-450-miljoen-euro-in-belgie\/#breadcrumb"},"inLanguage":"nl-BE","potentialAction":[{"@type":"ReadAction","target":["https:\/\/www.forbes.be\/nl\/eva-faict-amazon-investeerde-meer-dan-450-miljoen-euro-in-belgie\/"]}]},{"@type":"ImageObject","inLanguage":"nl-BE","@id":"https:\/\/www.forbes.be\/nl\/eva-faict-amazon-investeerde-meer-dan-450-miljoen-euro-in-belgie\/#primaryimage","url":"https:\/\/www.forbes.be\/nl\/wp-content\/uploads\/2015\/03\/marie-claire-horiz-image-a-la-une-9.png","contentUrl":"https:\/\/www.forbes.be\/nl\/wp-content\/uploads\/2015\/03\/marie-claire-horiz-image-a-la-une-9.png","width":1280,"height":670,"caption":"\u00a9Duckmotion"},{"@type":"BreadcrumbList","@id":"https:\/\/www.forbes.be\/nl\/eva-faict-amazon-investeerde-meer-dan-450-miljoen-euro-in-belgie\/#breadcrumb","itemListElement":[{"@type":"ListItem","position":1,"name":"Accueil","item":"https:\/\/www.forbes.be\/nl\/"},{"@type":"ListItem","position":2,"name":"Eva Faict: \u201cAmazon investeerde meer dan 450 miljoen euro in Belgi\u00eb\u201d"}]},{"@type":"WebSite","@id":"https:\/\/www.forbes.be\/nl\/#website","url":"https:\/\/www.forbes.be\/nl\/","name":"Forbes Belgi\u00eb","description":"","publisher":{"@id":"https:\/\/www.forbes.be\/nl\/#organization"},"potentialAction":[{"@type":"SearchAction","target":{"@type":"EntryPoint","urlTemplate":"https:\/\/www.forbes.be\/nl\/?s={search_term_string}"},"query-input":{"@type":"PropertyValueSpecification","valueRequired":true,"valueName":"search_term_string"}}],"inLanguage":"nl-BE"},{"@type":"Organization","@id":"https:\/\/www.forbes.be\/nl\/#organization","name":"Forbes Belgi\u00eb","url":"https:\/\/www.forbes.be\/nl\/","logo":{"@type":"ImageObject","inLanguage":"nl-BE","@id":"https:\/\/www.forbes.be\/nl\/#\/schema\/logo\/image\/","url":"https:\/\/www.forbes.be\/nl\/wp-content\/uploads\/2024\/02\/forbes.be_.png","contentUrl":"https:\/\/www.forbes.be\/nl\/wp-content\/uploads\/2024\/02\/forbes.be_.png","width":1200,"height":675,"caption":"Forbes Belgi\u00eb"},"image":{"@id":"https:\/\/www.forbes.be\/nl\/#\/schema\/logo\/image\/"},"sameAs":["https:\/\/www.facebook.com\/forbesbelgie","https:\/\/www.instagram.com\/Forbes_Belgium","https:\/\/www.linkedin.com\/company\/forbes-belgium\/"]},{"@type":"Person","@id":"https:\/\/www.forbes.be\/nl\/#\/schema\/person\/5b9fff59188b938c243c0d1b8226bbce","name":"BRANDVOICE | Sponsored Content","image":{"@type":"ImageObject","inLanguage":"nl-BE","@id":"https:\/\/www.forbes.be\/nl\/wp-content\/uploads\/2024\/01\/forbes-thumb-150x150.jpg","url":"https:\/\/www.forbes.be\/nl\/wp-content\/uploads\/2024\/01\/forbes-thumb-150x150.jpg","contentUrl":"https:\/\/www.forbes.be\/nl\/wp-content\/uploads\/2024\/01\/forbes-thumb-150x150.jpg","caption":"BRANDVOICE | Sponsored Content"},"url":"https:\/\/www.forbes.be\/nl\/author\/partnerforbes-be\/"}]}},"_links":{"self":[{"href":"https:\/\/www.forbes.be\/nl\/wp-json\/wp\/v2\/posts\/8269","targetHints":{"allow":["GET"]}}],"collection":[{"href":"https:\/\/www.forbes.be\/nl\/wp-json\/wp\/v2\/posts"}],"about":[{"href":"https:\/\/www.forbes.be\/nl\/wp-json\/wp\/v2\/types\/post"}],"author":[{"embeddable":true,"href":"https:\/\/www.forbes.be\/nl\/wp-json\/wp\/v2\/users\/5"}],"replies":[{"embeddable":true,"href":"https:\/\/www.forbes.be\/nl\/wp-json\/wp\/v2\/comments?post=8269"}],"version-history":[{"count":15,"href":"https:\/\/www.forbes.be\/nl\/wp-json\/wp\/v2\/posts\/8269\/revisions"}],"predecessor-version":[{"id":9293,"href":"https:\/\/www.forbes.be\/nl\/wp-json\/wp\/v2\/posts\/8269\/revisions\/9293"}],"wp:featuredmedia":[{"embeddable":true,"href":"https:\/\/www.forbes.be\/nl\/wp-json\/wp\/v2\/media\/8272"}],"wp:attachment":[{"href":"https:\/\/www.forbes.be\/nl\/wp-json\/wp\/v2\/media?parent=8269"}],"wp:term":[{"taxonomy":"category","embeddable":true,"href":"https:\/\/www.forbes.be\/nl\/wp-json\/wp\/v2\/categories?post=8269"},{"taxonomy":"post_tag","embeddable":true,"href":"https:\/\/www.forbes.be\/nl\/wp-json\/wp\/v2\/tags?post=8269"}],"curies":[{"name":"wp","href":"https:\/\/api.w.org\/{rel}","templated":true}]}}