{"id":8694,"date":"2025-04-11T10:59:07","date_gmt":"2025-04-11T08:59:07","guid":{"rendered":"https:\/\/www.forbes.be\/nl\/?p=8694"},"modified":"2025-04-14T11:00:46","modified_gmt":"2025-04-14T09:00:46","slug":"italiaans-huwelijk-in-de-modewereld-prada-fuseert-met-versace","status":"publish","type":"post","link":"https:\/\/www.forbes.be\/nl\/italiaans-huwelijk-in-de-modewereld-prada-fuseert-met-versace\/","title":{"rendered":"Italiaans huwelijk in de modewereld: Prada fuseert met Versace"},"content":{"rendered":"<p style=\"font-weight: 400;\"><strong>De verloving was aangekondigd. Het grootse huwelijk tussen het ingetogen Prada en het flamboyante Versace zal voor de zomer voltrokken worden.<\/strong><\/p>\n<p style=\"font-weight: 400;\">Het is bevestigd: <a href=\"https:\/\/www.pradagroup.com\/en\/news-media\/news-section\/25-04-10-pradagroup-versace.html\"><strong>Prada<\/strong> kondigt aan een definitieve overeenkomst te hebben gevonden<\/a> en wil voor de zomer de overname van <strong>Versace<\/strong> afronden. Het bedrag dat aan de huidige eigenaar &#8211;<strong><a href=\"https:\/\/capriholdings.com\/corporate-overview\/default.aspx\">Capri Holdings Limited <\/a><\/strong>(Versace\/Jimmy Choo\/Michael Kors)- wordt betaald voor de overname van 100% van de aandelen van het beroemde Italiaanse luxemerk, opgericht 46 jaar geleden door Gianni Versace, wordt geschat op<strong> 1,25 miljard euro<\/strong> (in contanten).<\/p>\n<p style=\"font-weight: 400;\">Volgens <strong><a href=\"https:\/\/en.wikipedia.org\/wiki\/Patrizio_Bertelli\">Patrizio Bertelli<\/a>,<\/strong> de echtgenoot van <strong>Miuccia Prada<\/strong> en huidige CEO van de honderdjarige Prada-groep (Milaan-1913), zullen de creatieve identiteit en culturele authenticiteit die Versace zo beroemd hebben gemaakt, behouden blijven. <em>&#8220;We willen de erfenis van Versace voortzetten door zijn gedurfde en tijdloze esthetiek te vieren en te herinterpreteren&#8221;<\/em>, belooft Bertelli, die verwacht de transactie in de tweede helft van 2025 te voltooien.<\/p>\n<figure id=\"attachment_9732\" aria-describedby=\"caption-attachment-9732\" style=\"width: 2288px\" class=\"wp-caption alignnone\"><img loading=\"lazy\" decoding=\"async\" class=\"size-full wp-image-9732\" src=\"https:\/\/www.forbes.be\/fr\/wp-content\/uploads\/2025\/04\/capture-decran-2025-04-10-a-174331.png\" alt=\"\" width=\"2288\" height=\"1606\" \/><figcaption id=\"caption-attachment-9732\" class=\"wp-caption-text\">\u00a9Prada Group<\/figcaption><\/figure>\n<p style=\"font-weight: 400;\">Bertelli en zijn vrouw werden in 2013 door het tijdschrift <a href=\"https:\/\/en.wikipedia.org\/wiki\/Forbes\">Forbes<\/a> tot de meest invloedrijke koppels ter wereld gerekend, vooral na de introductie van Prada op de beurs van Hongkong in juli 2011. Maar het jaar daarop, enkele weken na de repatri\u00ebring van hun Luxemburgse en Nederlandse holdings (Bellatrix SARL, Ludo, Rigel en Mirar) naar Itali\u00eb, kwam het koppel <a href=\"https:\/\/www.lesechos.fr\/2014\/01\/miuccia-prada-et-patrizio-bertelli-vises-par-une-enquete-pour-evasion-fiscale-287637\">in de problemen met justitie voor belastingontduiking van meer dan 400 miljoen euro<\/a>. Volgens de Italiaanse krant <em>La Repubblica<\/em> werd na een akkoord met de Italiaanse fiscus een bedrag van 470 miljoen euro betaald.<\/p>\n<h3 style=\"font-weight: 400;\"><strong>Redelijk huwelijk<\/strong><\/h3>\n<p style=\"font-weight: 400;\">De verkoper, die met zwakkere prestaties kampte, betaalde in 2018 1,8 miljard dollar, vlak voor de pandemie, om Versace aan zijn portfolio toe te voegen. &#8220;<em>Door verbeteringen in producten, marketing en winkels is het merk nu goed gepositioneerd voor duurzame lange-termijngroei. We zijn ervan overtuigd dat de Prada Group de ideale partner is om Versace naar een nieuw tijdperk van groei en succes te leiden&#8221;<\/em>, zegt <a href=\"https:\/\/www.capriholdings.com\/corporate-governance\/board-of-directors\/person-details\/default.aspx?ItemId=5bb5d22f-4170-4930-b582-9d27772e8e04\">John D. Idol, CEO van Capri Holdings<\/a>, die toevoegt dat de vrijgekomen cash zal worden gebruikt om <em>&#8220;de aandeelhouderswaarde te vergroten, de balans te versterken en toekomstige groei van Michael Kors en Jimmy Choo te stimuleren&#8221;<\/em>.<\/p>\n<p id=\"tw-target-text\" class=\"tw-data-text tw-text-large tw-ta\" dir=\"ltr\" data-placeholder=\"Traduction\" data-ved=\"2ahUKEwiRnL2w3s2MAxVod6QEHbqQNWYQ3ewLegQICBAV\" aria-label=\"Texte traduit; M. Idol a ajout\u00e9; Cette transaction refl\u00e8te notre engagement \u00e0 accro\u00eetre la valeur actionnariale, \u00e0 consolider notre bilan et \u00e0 dynamiser la croissance future de Michael Kors et Jimmy Choo. Nous poursuivrons la mise en \u0153uvre des initiatives strat\u00e9giques pr\u00e9sent\u00e9es lors de notre r\u00e9cente Journ\u00e9e Investisseurs et restons confiants dans le potentiel de croissance \u00e0 long terme de Michael Kors et Jimmy Choo.\"><a href=\"https:\/\/www.pradagroup.com\/en.html\">De koper<\/a>, die al merken zoals Miu Miu, Church&#8217;s, Car Shoe, Marchesi 1824 en Luna Rossa bezit, wil een nog breder publiek aantrekken, complementair aan zijn huidige klantengroep, vooral in de Verenigde Staten en onder jonge consumenten die op zoek zijn naar onderscheidende mode. Het flamboyante Versace zal daarmee de eerder sobere esthetiek van Prada aanvullen.<\/p>\n","protected":false},"excerpt":{"rendered":"<p>De verloving was aangekondigd. Het grootse huwelijk tussen het ingetogen Prada en het flamboyante Versace zal voor de zomer voltrokken worden. Het is bevestigd: Prada kondigt aan een definitieve overeenkomst te hebben gevonden en wil voor de zomer de overname van Versace afronden. Het bedrag dat aan de huidige eigenaar \u2013Capri Holdings Limited (Versace\/Jimmy Choo\/Michael Kors)- wordt betaald voor de overname van 100% van de [&hellip;]<\/p>\n","protected":false},"author":11,"featured_media":8693,"comment_status":"closed","ping_status":"closed","sticky":false,"template":"","format":"standard","meta":{"_acf_changed":false,"inline_featured_image":false,"footnotes":""},"categories":[1,29],"tags":[],"class_list":{"0":"post-8694","1":"post","2":"type-post","3":"status-publish","4":"format-standard","5":"has-post-thumbnail","7":"category-actualiteit","8":"category-luxe"},"acf":[],"auteur_traducteur":"","yoast_head":"<!-- This site is optimized with the Yoast SEO plugin v27.4 - https:\/\/yoast.com\/product\/yoast-seo-wordpress\/ -->\n<title>Italiaans huwelijk in de modewereld - Prada fuseert met Versace<\/title>\n<meta name=\"description\" content=\"De verloving was aangekondigd. De fusie tussen Prada en Versace wordt bevestigd voor de zomer.\" \/>\n<meta name=\"robots\" content=\"index, follow, max-snippet:-1, max-image-preview:large, max-video-preview:-1\" \/>\n<link rel=\"canonical\" href=\"https:\/\/www.forbes.be\/nl\/italiaans-huwelijk-in-de-modewereld-prada-fuseert-met-versace\/\" \/>\n<meta property=\"og:locale\" content=\"nl_BE\" \/>\n<meta property=\"og:type\" content=\"article\" \/>\n<meta property=\"og:title\" content=\"Italiaans huwelijk in de modewereld - Prada fuseert met Versace\" \/>\n<meta property=\"og:description\" content=\"De verloving was aangekondigd. De fusie tussen Prada en Versace wordt bevestigd voor de zomer.\" \/>\n<meta property=\"og:url\" content=\"https:\/\/www.forbes.be\/nl\/italiaans-huwelijk-in-de-modewereld-prada-fuseert-met-versace\/\" \/>\n<meta property=\"og:site_name\" content=\"Forbes Belgi\u00eb\" \/>\n<meta property=\"article:publisher\" content=\"https:\/\/www.facebook.com\/forbesbelgie\" \/>\n<meta property=\"article:published_time\" content=\"2025-04-11T08:59:07+00:00\" \/>\n<meta property=\"article:modified_time\" content=\"2025-04-14T09:00:46+00:00\" \/>\n<meta property=\"og:image\" content=\"https:\/\/www.forbes.be\/nl\/wp-content\/uploads\/2025\/04\/9728-prada-milan-copie.png\" \/>\n\t<meta property=\"og:image:width\" content=\"1920\" \/>\n\t<meta property=\"og:image:height\" content=\"1280\" \/>\n\t<meta property=\"og:image:type\" content=\"image\/png\" \/>\n<meta name=\"author\" content=\"Philippe Coul\u00e9e\" \/>\n<meta name=\"twitter:card\" content=\"summary_large_image\" \/>\n<meta name=\"twitter:label1\" content=\"Geschreven door\" \/>\n\t<meta name=\"twitter:data1\" content=\"Philippe Coul\u00e9e\" \/>\n\t<meta name=\"twitter:label2\" content=\"Geschatte leestijd\" \/>\n\t<meta name=\"twitter:data2\" content=\"3 minuten\" \/>\n<script type=\"application\/ld+json\" class=\"yoast-schema-graph\">{\"@context\":\"https:\\\/\\\/schema.org\",\"@graph\":[{\"@type\":\"NewsArticle\",\"@id\":\"https:\\\/\\\/www.forbes.be\\\/nl\\\/italiaans-huwelijk-in-de-modewereld-prada-fuseert-met-versace\\\/#article\",\"isPartOf\":{\"@id\":\"https:\\\/\\\/www.forbes.be\\\/nl\\\/italiaans-huwelijk-in-de-modewereld-prada-fuseert-met-versace\\\/\"},\"author\":{\"name\":\"Philippe Coul\u00e9e\",\"@id\":\"https:\\\/\\\/www.forbes.be\\\/nl\\\/#\\\/schema\\\/person\\\/797c17666a83bddaca06a16e61c5cab3\"},\"headline\":\"Italiaans huwelijk in de modewereld: Prada fuseert met Versace\",\"datePublished\":\"2025-04-11T08:59:07+00:00\",\"dateModified\":\"2025-04-14T09:00:46+00:00\",\"mainEntityOfPage\":{\"@id\":\"https:\\\/\\\/www.forbes.be\\\/nl\\\/italiaans-huwelijk-in-de-modewereld-prada-fuseert-met-versace\\\/\"},\"wordCount\":414,\"publisher\":{\"@id\":\"https:\\\/\\\/www.forbes.be\\\/nl\\\/#organization\"},\"image\":{\"@id\":\"https:\\\/\\\/www.forbes.be\\\/nl\\\/italiaans-huwelijk-in-de-modewereld-prada-fuseert-met-versace\\\/#primaryimage\"},\"thumbnailUrl\":\"https:\\\/\\\/www.forbes.be\\\/nl\\\/wp-content\\\/uploads\\\/2025\\\/04\\\/9728-prada-milan-copie.png\",\"articleSection\":[\"Actualiteit\",\"Luxe\"],\"inLanguage\":\"nl-BE\"},{\"@type\":\"WebPage\",\"@id\":\"https:\\\/\\\/www.forbes.be\\\/nl\\\/italiaans-huwelijk-in-de-modewereld-prada-fuseert-met-versace\\\/\",\"url\":\"https:\\\/\\\/www.forbes.be\\\/nl\\\/italiaans-huwelijk-in-de-modewereld-prada-fuseert-met-versace\\\/\",\"name\":\"Italiaans huwelijk in de modewereld - Prada fuseert met Versace\",\"isPartOf\":{\"@id\":\"https:\\\/\\\/www.forbes.be\\\/nl\\\/#website\"},\"primaryImageOfPage\":{\"@id\":\"https:\\\/\\\/www.forbes.be\\\/nl\\\/italiaans-huwelijk-in-de-modewereld-prada-fuseert-met-versace\\\/#primaryimage\"},\"image\":{\"@id\":\"https:\\\/\\\/www.forbes.be\\\/nl\\\/italiaans-huwelijk-in-de-modewereld-prada-fuseert-met-versace\\\/#primaryimage\"},\"thumbnailUrl\":\"https:\\\/\\\/www.forbes.be\\\/nl\\\/wp-content\\\/uploads\\\/2025\\\/04\\\/9728-prada-milan-copie.png\",\"datePublished\":\"2025-04-11T08:59:07+00:00\",\"dateModified\":\"2025-04-14T09:00:46+00:00\",\"description\":\"De verloving was aangekondigd. De fusie tussen Prada en Versace wordt bevestigd voor de zomer.\",\"breadcrumb\":{\"@id\":\"https:\\\/\\\/www.forbes.be\\\/nl\\\/italiaans-huwelijk-in-de-modewereld-prada-fuseert-met-versace\\\/#breadcrumb\"},\"inLanguage\":\"nl-BE\",\"potentialAction\":[{\"@type\":\"ReadAction\",\"target\":[\"https:\\\/\\\/www.forbes.be\\\/nl\\\/italiaans-huwelijk-in-de-modewereld-prada-fuseert-met-versace\\\/\"]}]},{\"@type\":\"ImageObject\",\"inLanguage\":\"nl-BE\",\"@id\":\"https:\\\/\\\/www.forbes.be\\\/nl\\\/italiaans-huwelijk-in-de-modewereld-prada-fuseert-met-versace\\\/#primaryimage\",\"url\":\"https:\\\/\\\/www.forbes.be\\\/nl\\\/wp-content\\\/uploads\\\/2025\\\/04\\\/9728-prada-milan-copie.png\",\"contentUrl\":\"https:\\\/\\\/www.forbes.be\\\/nl\\\/wp-content\\\/uploads\\\/2025\\\/04\\\/9728-prada-milan-copie.png\",\"width\":1920,\"height\":1280,\"caption\":\"La boutique Prada log\u00e9e au coeur de la Galleria Vittorio Emanuele II \u00e0 Milan. \u00a9Prada Group\"},{\"@type\":\"BreadcrumbList\",\"@id\":\"https:\\\/\\\/www.forbes.be\\\/nl\\\/italiaans-huwelijk-in-de-modewereld-prada-fuseert-met-versace\\\/#breadcrumb\",\"itemListElement\":[{\"@type\":\"ListItem\",\"position\":1,\"name\":\"Accueil\",\"item\":\"https:\\\/\\\/www.forbes.be\\\/nl\\\/\"},{\"@type\":\"ListItem\",\"position\":2,\"name\":\"Italiaans huwelijk in de modewereld: Prada fuseert met Versace\"}]},{\"@type\":\"WebSite\",\"@id\":\"https:\\\/\\\/www.forbes.be\\\/nl\\\/#website\",\"url\":\"https:\\\/\\\/www.forbes.be\\\/nl\\\/\",\"name\":\"Forbes Belgi\u00eb\",\"description\":\"\",\"publisher\":{\"@id\":\"https:\\\/\\\/www.forbes.be\\\/nl\\\/#organization\"},\"potentialAction\":[{\"@type\":\"SearchAction\",\"target\":{\"@type\":\"EntryPoint\",\"urlTemplate\":\"https:\\\/\\\/www.forbes.be\\\/nl\\\/?s={search_term_string}\"},\"query-input\":{\"@type\":\"PropertyValueSpecification\",\"valueRequired\":true,\"valueName\":\"search_term_string\"}}],\"inLanguage\":\"nl-BE\"},{\"@type\":\"Organization\",\"@id\":\"https:\\\/\\\/www.forbes.be\\\/nl\\\/#organization\",\"name\":\"Forbes Belgi\u00eb\",\"url\":\"https:\\\/\\\/www.forbes.be\\\/nl\\\/\",\"logo\":{\"@type\":\"ImageObject\",\"inLanguage\":\"nl-BE\",\"@id\":\"https:\\\/\\\/www.forbes.be\\\/nl\\\/#\\\/schema\\\/logo\\\/image\\\/\",\"url\":\"https:\\\/\\\/www.forbes.be\\\/nl\\\/wp-content\\\/uploads\\\/2024\\\/02\\\/forbes.be_.png\",\"contentUrl\":\"https:\\\/\\\/www.forbes.be\\\/nl\\\/wp-content\\\/uploads\\\/2024\\\/02\\\/forbes.be_.png\",\"width\":1200,\"height\":675,\"caption\":\"Forbes Belgi\u00eb\"},\"image\":{\"@id\":\"https:\\\/\\\/www.forbes.be\\\/nl\\\/#\\\/schema\\\/logo\\\/image\\\/\"},\"sameAs\":[\"https:\\\/\\\/www.facebook.com\\\/forbesbelgie\",\"https:\\\/\\\/www.instagram.com\\\/Forbes_Belgium\",\"https:\\\/\\\/www.linkedin.com\\\/company\\\/forbes-belgium\\\/\"]},{\"@type\":\"Person\",\"@id\":\"https:\\\/\\\/www.forbes.be\\\/nl\\\/#\\\/schema\\\/person\\\/797c17666a83bddaca06a16e61c5cab3\",\"name\":\"Philippe Coul\u00e9e\",\"image\":{\"@type\":\"ImageObject\",\"inLanguage\":\"nl-BE\",\"@id\":\"https:\\\/\\\/www.forbes.be\\\/nl\\\/wp-content\\\/uploads\\\/2024\\\/01\\\/unnamed-150x150.jpg\",\"url\":\"https:\\\/\\\/www.forbes.be\\\/nl\\\/wp-content\\\/uploads\\\/2024\\\/01\\\/unnamed-150x150.jpg\",\"contentUrl\":\"https:\\\/\\\/www.forbes.be\\\/nl\\\/wp-content\\\/uploads\\\/2024\\\/01\\\/unnamed-150x150.jpg\",\"caption\":\"Philippe Coul\u00e9e\"},\"url\":\"https:\\\/\\\/www.forbes.be\\\/nl\\\/author\\\/philippe-couleeicloud-com\\\/\"}]}<\/script>\n<!-- \/ Yoast SEO plugin. -->","yoast_head_json":{"title":"Italiaans huwelijk in de modewereld - Prada fuseert met Versace","description":"De verloving was aangekondigd. De fusie tussen Prada en Versace wordt bevestigd voor de zomer.","robots":{"index":"index","follow":"follow","max-snippet":"max-snippet:-1","max-image-preview":"max-image-preview:large","max-video-preview":"max-video-preview:-1"},"canonical":"https:\/\/www.forbes.be\/nl\/italiaans-huwelijk-in-de-modewereld-prada-fuseert-met-versace\/","og_locale":"nl_BE","og_type":"article","og_title":"Italiaans huwelijk in de modewereld - Prada fuseert met Versace","og_description":"De verloving was aangekondigd. De fusie tussen Prada en Versace wordt bevestigd voor de zomer.","og_url":"https:\/\/www.forbes.be\/nl\/italiaans-huwelijk-in-de-modewereld-prada-fuseert-met-versace\/","og_site_name":"Forbes Belgi\u00eb","article_publisher":"https:\/\/www.facebook.com\/forbesbelgie","article_published_time":"2025-04-11T08:59:07+00:00","article_modified_time":"2025-04-14T09:00:46+00:00","og_image":[{"width":1920,"height":1280,"url":"https:\/\/www.forbes.be\/nl\/wp-content\/uploads\/2025\/04\/9728-prada-milan-copie.png","type":"image\/png"}],"author":"Philippe Coul\u00e9e","twitter_card":"summary_large_image","twitter_misc":{"Geschreven door":"Philippe Coul\u00e9e","Geschatte leestijd":"3 minuten"},"schema":{"@context":"https:\/\/schema.org","@graph":[{"@type":"NewsArticle","@id":"https:\/\/www.forbes.be\/nl\/italiaans-huwelijk-in-de-modewereld-prada-fuseert-met-versace\/#article","isPartOf":{"@id":"https:\/\/www.forbes.be\/nl\/italiaans-huwelijk-in-de-modewereld-prada-fuseert-met-versace\/"},"author":{"name":"Philippe Coul\u00e9e","@id":"https:\/\/www.forbes.be\/nl\/#\/schema\/person\/797c17666a83bddaca06a16e61c5cab3"},"headline":"Italiaans huwelijk in de modewereld: Prada fuseert met Versace","datePublished":"2025-04-11T08:59:07+00:00","dateModified":"2025-04-14T09:00:46+00:00","mainEntityOfPage":{"@id":"https:\/\/www.forbes.be\/nl\/italiaans-huwelijk-in-de-modewereld-prada-fuseert-met-versace\/"},"wordCount":414,"publisher":{"@id":"https:\/\/www.forbes.be\/nl\/#organization"},"image":{"@id":"https:\/\/www.forbes.be\/nl\/italiaans-huwelijk-in-de-modewereld-prada-fuseert-met-versace\/#primaryimage"},"thumbnailUrl":"https:\/\/www.forbes.be\/nl\/wp-content\/uploads\/2025\/04\/9728-prada-milan-copie.png","articleSection":["Actualiteit","Luxe"],"inLanguage":"nl-BE"},{"@type":"WebPage","@id":"https:\/\/www.forbes.be\/nl\/italiaans-huwelijk-in-de-modewereld-prada-fuseert-met-versace\/","url":"https:\/\/www.forbes.be\/nl\/italiaans-huwelijk-in-de-modewereld-prada-fuseert-met-versace\/","name":"Italiaans huwelijk in de modewereld - Prada fuseert met Versace","isPartOf":{"@id":"https:\/\/www.forbes.be\/nl\/#website"},"primaryImageOfPage":{"@id":"https:\/\/www.forbes.be\/nl\/italiaans-huwelijk-in-de-modewereld-prada-fuseert-met-versace\/#primaryimage"},"image":{"@id":"https:\/\/www.forbes.be\/nl\/italiaans-huwelijk-in-de-modewereld-prada-fuseert-met-versace\/#primaryimage"},"thumbnailUrl":"https:\/\/www.forbes.be\/nl\/wp-content\/uploads\/2025\/04\/9728-prada-milan-copie.png","datePublished":"2025-04-11T08:59:07+00:00","dateModified":"2025-04-14T09:00:46+00:00","description":"De verloving was aangekondigd. De fusie tussen Prada en Versace wordt bevestigd voor de zomer.","breadcrumb":{"@id":"https:\/\/www.forbes.be\/nl\/italiaans-huwelijk-in-de-modewereld-prada-fuseert-met-versace\/#breadcrumb"},"inLanguage":"nl-BE","potentialAction":[{"@type":"ReadAction","target":["https:\/\/www.forbes.be\/nl\/italiaans-huwelijk-in-de-modewereld-prada-fuseert-met-versace\/"]}]},{"@type":"ImageObject","inLanguage":"nl-BE","@id":"https:\/\/www.forbes.be\/nl\/italiaans-huwelijk-in-de-modewereld-prada-fuseert-met-versace\/#primaryimage","url":"https:\/\/www.forbes.be\/nl\/wp-content\/uploads\/2025\/04\/9728-prada-milan-copie.png","contentUrl":"https:\/\/www.forbes.be\/nl\/wp-content\/uploads\/2025\/04\/9728-prada-milan-copie.png","width":1920,"height":1280,"caption":"La boutique Prada log\u00e9e au coeur de la Galleria Vittorio Emanuele II \u00e0 Milan. \u00a9Prada Group"},{"@type":"BreadcrumbList","@id":"https:\/\/www.forbes.be\/nl\/italiaans-huwelijk-in-de-modewereld-prada-fuseert-met-versace\/#breadcrumb","itemListElement":[{"@type":"ListItem","position":1,"name":"Accueil","item":"https:\/\/www.forbes.be\/nl\/"},{"@type":"ListItem","position":2,"name":"Italiaans huwelijk in de modewereld: Prada fuseert met Versace"}]},{"@type":"WebSite","@id":"https:\/\/www.forbes.be\/nl\/#website","url":"https:\/\/www.forbes.be\/nl\/","name":"Forbes Belgi\u00eb","description":"","publisher":{"@id":"https:\/\/www.forbes.be\/nl\/#organization"},"potentialAction":[{"@type":"SearchAction","target":{"@type":"EntryPoint","urlTemplate":"https:\/\/www.forbes.be\/nl\/?s={search_term_string}"},"query-input":{"@type":"PropertyValueSpecification","valueRequired":true,"valueName":"search_term_string"}}],"inLanguage":"nl-BE"},{"@type":"Organization","@id":"https:\/\/www.forbes.be\/nl\/#organization","name":"Forbes Belgi\u00eb","url":"https:\/\/www.forbes.be\/nl\/","logo":{"@type":"ImageObject","inLanguage":"nl-BE","@id":"https:\/\/www.forbes.be\/nl\/#\/schema\/logo\/image\/","url":"https:\/\/www.forbes.be\/nl\/wp-content\/uploads\/2024\/02\/forbes.be_.png","contentUrl":"https:\/\/www.forbes.be\/nl\/wp-content\/uploads\/2024\/02\/forbes.be_.png","width":1200,"height":675,"caption":"Forbes Belgi\u00eb"},"image":{"@id":"https:\/\/www.forbes.be\/nl\/#\/schema\/logo\/image\/"},"sameAs":["https:\/\/www.facebook.com\/forbesbelgie","https:\/\/www.instagram.com\/Forbes_Belgium","https:\/\/www.linkedin.com\/company\/forbes-belgium\/"]},{"@type":"Person","@id":"https:\/\/www.forbes.be\/nl\/#\/schema\/person\/797c17666a83bddaca06a16e61c5cab3","name":"Philippe Coul\u00e9e","image":{"@type":"ImageObject","inLanguage":"nl-BE","@id":"https:\/\/www.forbes.be\/nl\/wp-content\/uploads\/2024\/01\/unnamed-150x150.jpg","url":"https:\/\/www.forbes.be\/nl\/wp-content\/uploads\/2024\/01\/unnamed-150x150.jpg","contentUrl":"https:\/\/www.forbes.be\/nl\/wp-content\/uploads\/2024\/01\/unnamed-150x150.jpg","caption":"Philippe Coul\u00e9e"},"url":"https:\/\/www.forbes.be\/nl\/author\/philippe-couleeicloud-com\/"}]}},"_links":{"self":[{"href":"https:\/\/www.forbes.be\/nl\/wp-json\/wp\/v2\/posts\/8694","targetHints":{"allow":["GET"]}}],"collection":[{"href":"https:\/\/www.forbes.be\/nl\/wp-json\/wp\/v2\/posts"}],"about":[{"href":"https:\/\/www.forbes.be\/nl\/wp-json\/wp\/v2\/types\/post"}],"author":[{"embeddable":true,"href":"https:\/\/www.forbes.be\/nl\/wp-json\/wp\/v2\/users\/11"}],"replies":[{"embeddable":true,"href":"https:\/\/www.forbes.be\/nl\/wp-json\/wp\/v2\/comments?post=8694"}],"version-history":[{"count":1,"href":"https:\/\/www.forbes.be\/nl\/wp-json\/wp\/v2\/posts\/8694\/revisions"}],"predecessor-version":[{"id":8695,"href":"https:\/\/www.forbes.be\/nl\/wp-json\/wp\/v2\/posts\/8694\/revisions\/8695"}],"wp:featuredmedia":[{"embeddable":true,"href":"https:\/\/www.forbes.be\/nl\/wp-json\/wp\/v2\/media\/8693"}],"wp:attachment":[{"href":"https:\/\/www.forbes.be\/nl\/wp-json\/wp\/v2\/media?parent=8694"}],"wp:term":[{"taxonomy":"category","embeddable":true,"href":"https:\/\/www.forbes.be\/nl\/wp-json\/wp\/v2\/categories?post=8694"},{"taxonomy":"post_tag","embeddable":true,"href":"https:\/\/www.forbes.be\/nl\/wp-json\/wp\/v2\/tags?post=8694"}],"curies":[{"name":"wp","href":"https:\/\/api.w.org\/{rel}","templated":true}]}}