{"id":9085,"date":"2025-04-25T21:29:38","date_gmt":"2025-04-25T19:29:38","guid":{"rendered":"https:\/\/www.forbes.be\/nl\/?p=9085"},"modified":"2025-04-30T11:29:40","modified_gmt":"2025-04-30T09:29:40","slug":"art-brussels-spannende-editie","status":"publish","type":"post","link":"https:\/\/www.forbes.be\/nl\/art-brussels-spannende-editie\/","title":{"rendered":"Art Brussels: een spannende editie"},"content":{"rendered":"<p><strong>Het 41e Art Brussels is synoniem diversiteit van aanbod, nieuwe sectie en bezoekerspiek. Het jaarlijkse rapport van <a href=\"https:\/\/theartmarket.artbasel.com\/\" target=\"_blank\" rel=\"noopener\">UBS \u2013 Art Basel 2025<\/a> bevestigt het: in 2024 is de kunstmarkt vertraagd. Toch kondigde BRAFA in januari betere dan verwachte verkopen aan en vestigde TEFAF in februari opnieuw records.<\/strong><\/p>\n<p><strong>Nele Verhaeren<\/strong>, sinds 2021 aan het hoofd van <strong>Art Brussels<\/strong> (een van de twee oudste Europese beurzen) en oprichtster van Art Antwerp, is een belangrijke troef voor beide <strong>beurzen<\/strong>. Ze is enthousiast en openhartig, en hoewel ze weet dat de periode onzeker is, blijft ze optimistisch.<\/p>\n<p>De eerste openingsuren, met drukbevolkte gangen, bevestigden de opkomst van deze rijk gevarieerde editie. De cijfers spreken voor zich: van de 165 deelnemende galerijen zijn er 64 nieuwe . Naast de historische secties, Invited (gewijd aan onderzoek dat kenmerkend is voor deze beurs) en Prime (die van gevestigde galerijen), dekt een nieuwe sectie, 68 Forward, de creatieve periode van 1968, het jaar waarin de beurs begon, tot 2000. De vraag was groot: 14 <strong>galerijen<\/strong> van Buenos Aires tot Z\u00fcrich, van Boekarest tot Parijs) en de <strong>Belg Maurice Verbaet<\/strong>.<\/p>\n<figure id=\"attachment_9999\" aria-describedby=\"caption-attachment-9999\" style=\"width: 1067px\" class=\"wp-caption alignnone\"><img loading=\"lazy\" decoding=\"async\" class=\"size-full wp-image-9999\" src=\"https:\/\/www.forbes.be\/fr\/wp-content\/uploads\/2025\/04\/whatsapp-image-2025-04-25-at-130702.jpeg\" alt=\"\" width=\"1067\" height=\"1600\" \/><figcaption id=\"caption-attachment-9999\" class=\"wp-caption-text\">De stand van Xavier Hufkens \u00a9 J-F HG<\/figcaption><\/figure>\n<p>Bij <strong>Xavier Hufkens<\/strong> is de schilderkunst prachtig vertegenwoordigd, met name door de Brusselaar Walter Swennen. <strong>Maruani-Mercier<\/strong> toont de kleurige escapades van de Zuid-Afrikaan Ryan Hewett en de mythologie van de Amerikaan \u00c6men Eded\u00e9en. Bij <strong>Almine Rech<\/strong> bezaait Oliver Beer het doek met pigmenten, aangedreven door luchtverplaatsingen veroorzaakt door muziek. Wat trillingen betreft, zet de Belg <strong>Quentin Grosjean<\/strong> (<strong>QG Gallery<\/strong>) in op een solo-expositie van de Duitser Frank Gerritz (High End and Above). Deze minimalistische tekenaar bouwt zijn vormen aan het uiteinde van zijn potloodpunt. Zijn installatie Lager III bestaat uit uitgelijnde dozen gecombineerd met tekeningen. Zijn zijdezachte grijze oppervlakken vragen veel tijd: 26 jaar rijping voor zijn werk Seraphic Light.<\/p>\n<h2>Van Lissabon tot Afrika<\/h2>\n<p>De Lisboner Jos\u00e9 Loureiro, bij de Parijzenaar <strong>Florent Maubert<\/strong> (die hem terecht &#8220;geniaal&#8221; noemt), cre\u00ebert springerige en grappige silhouetten met zijn papieren serie Roeping van de mijten en zijn grote olieverfschilderijen Narcisse, een hilarische reeks slungelige dansers.<\/p>\n<figure id=\"attachment_10002\" aria-describedby=\"caption-attachment-10002\" style=\"width: 1600px\" class=\"wp-caption alignnone\"><img loading=\"lazy\" decoding=\"async\" class=\"size-full wp-image-10002\" src=\"https:\/\/www.forbes.be\/fr\/wp-content\/uploads\/2025\/04\/whatsapp-image-2025-04-25-at-131109.jpeg\" alt=\"\" width=\"1600\" height=\"1200\" \/><figcaption id=\"caption-attachment-10002\" class=\"wp-caption-text\">De stand van QG. Brussel-Knokke. Lager III, werk van de Duitser Frank Gerritz \u00a9 J-F HG<\/figcaption><\/figure>\n<p>Een andere Lisboner bij <strong>Jahn und Jahn<\/strong> (Berlijn, Lissabon), Jorge Queiroz, in de lijn van Ensor of Victor Brauner, cre\u00ebert een theater van kleuren bevolkt door figuren. Liam Everett laat die van hem botsen in elkaar botsende vlakken.<\/p>\n<p>Na een van de prachtige stands van <strong>Ceramic Brussels<\/strong> in januari presenteert <strong>Sorry We\u2019re Closed<\/strong> de Paraguayaan Julia Is\u00eddrez, geboren in een ambachtsfamilie, die de precolumbiaanse technieken voor keramiek voortzet in ontroerende en komische dierlijke vormen. Het familiehuis is omgetoverd tot Casa Museo Juan Marta Rodas-Julia, waar ze cre\u00ebert en haar kennis in workshops onderwijst.<\/p>\n<figure id=\"attachment_10000\" aria-describedby=\"caption-attachment-10000\" style=\"width: 1600px\" class=\"wp-caption alignnone\"><img loading=\"lazy\" decoding=\"async\" class=\"size-full wp-image-10000\" src=\"https:\/\/www.forbes.be\/fr\/wp-content\/uploads\/2025\/04\/whatsapp-image-2025-04-25-at-130826.jpeg\" alt=\"\" width=\"1600\" height=\"1067\" \/><figcaption id=\"caption-attachment-10000\" class=\"wp-caption-text\">De stand van galerij Keteleer. Antwerpen \u00a9 J-F HG<\/figcaption><\/figure>\n<p>De Parijse <strong>Magnin-A<\/strong> onthult Ndary Lo, een Senegalese beeldhouwer die overleed in Frankrijk, maker van wandelende mensen, hier aanwezig met een peinzende vrouw leunend op de grond, en Amadou Samogo, een Malinese schilder die voorbestemd was een ingenieur te worden. Zijn zittende en zwevende personages op toonplakken herinneren aan Bill Traylor en zijn te zien in meerdere Amerikaanse <strong>musea<\/strong>.<\/p>\n<p>De fotografie wordt po\u00ebzie bij <strong>Bigaignon<\/strong> (Parijs), met Chris McCaw die de brandplekken van de zon op verouderd vezelfotopapier drukt. De reeks nachtelijke stedelijke visioenen van Aaron Scheer bevindt zich ook in de grens van het zichtbare (<strong>Falko Alexander Gallery<\/strong>).<\/p>\n<p>Tot 27.04<\/p>\n<p><a href=\"http:\/\/www.artbrussels.com\" target=\"_blank\" rel=\"noopener\">www.artbrussels.com<\/a><\/p>\n","protected":false},"excerpt":{"rendered":"<p>41e Art Brussels: diversiteit van aanbod, nieuwe sectie en bezoekerspiek. Het jaarlijkse rapport van UBS \u2013 Art Basel 2025 bevestigt het: in 2024 is de kunstmarkt vertraagd. Toch kondigde BRAFA in januari betere dan verwachte verkopen aan en vestigde TEFAF in februari opnieuw records. Nele [&hellip;]<\/p>\n","protected":false},"author":24,"featured_media":9084,"comment_status":"closed","ping_status":"closed","sticky":false,"template":"","format":"standard","meta":{"_acf_changed":false,"inline_featured_image":false,"footnotes":""},"categories":[1],"tags":[],"class_list":{"0":"post-9085","1":"post","2":"type-post","3":"status-publish","4":"format-standard","5":"has-post-thumbnail","7":"category-actualiteit"},"acf":[],"auteur_traducteur":"","yoast_head":"<!-- This site is optimized with the Yoast SEO plugin v27.4 - https:\/\/yoast.com\/product\/yoast-seo-wordpress\/ -->\n<title>Art Brussels 2024: Culturele Rijkdom en Nieuwe Secties<\/title>\n<meta name=\"description\" content=\"41e Art Brussels: diversiteit, nieuwe secties en bezoekerspiek. In 2024 vertraagde de kunstmarkt, maar BRAFA en TEFAF braken toch records.\" \/>\n<meta name=\"robots\" content=\"index, follow, max-snippet:-1, max-image-preview:large, max-video-preview:-1\" \/>\n<link rel=\"canonical\" href=\"https:\/\/www.forbes.be\/nl\/art-brussels-spannende-editie\/\" \/>\n<meta property=\"og:locale\" content=\"nl_BE\" \/>\n<meta property=\"og:type\" content=\"article\" \/>\n<meta property=\"og:title\" content=\"Art Brussels 2024: Culturele Rijkdom en Nieuwe Secties\" \/>\n<meta property=\"og:description\" content=\"41e Art Brussels: diversiteit, nieuwe secties en bezoekerspiek. In 2024 vertraagde de kunstmarkt, maar BRAFA en TEFAF braken toch records.\" \/>\n<meta property=\"og:url\" content=\"https:\/\/www.forbes.be\/nl\/art-brussels-spannende-editie\/\" \/>\n<meta property=\"og:site_name\" content=\"Forbes Belgi\u00eb\" \/>\n<meta property=\"article:publisher\" content=\"https:\/\/www.facebook.com\/forbesbelgie\" \/>\n<meta property=\"article:published_time\" content=\"2025-04-25T19:29:38+00:00\" \/>\n<meta property=\"article:modified_time\" content=\"2025-04-30T09:29:40+00:00\" \/>\n<meta property=\"og:image\" content=\"https:\/\/www.forbes.be\/nl\/wp-content\/uploads\/2025\/04\/9997-whatsapp-image-2025-04-25-at-130958-e1746005365342.png\" \/>\n\t<meta property=\"og:image:width\" content=\"1600\" \/>\n\t<meta property=\"og:image:height\" content=\"837\" \/>\n\t<meta property=\"og:image:type\" content=\"image\/png\" \/>\n<meta name=\"author\" content=\"Johan-Fr\u00e9d\u00e9rik Hel Guedj\" \/>\n<meta name=\"twitter:card\" content=\"summary_large_image\" \/>\n<meta name=\"twitter:label1\" content=\"Geschreven door\" \/>\n\t<meta name=\"twitter:data1\" content=\"Johan-Fr\u00e9d\u00e9rik Hel Guedj\" \/>\n\t<meta name=\"twitter:label2\" content=\"Geschatte leestijd\" \/>\n\t<meta name=\"twitter:data2\" content=\"4 minuten\" \/>\n<script type=\"application\/ld+json\" class=\"yoast-schema-graph\">{\"@context\":\"https:\\\/\\\/schema.org\",\"@graph\":[{\"@type\":\"NewsArticle\",\"@id\":\"https:\\\/\\\/www.forbes.be\\\/nl\\\/art-brussels-spannende-editie\\\/#article\",\"isPartOf\":{\"@id\":\"https:\\\/\\\/www.forbes.be\\\/nl\\\/art-brussels-spannende-editie\\\/\"},\"author\":{\"name\":\"Johan-Fr\u00e9d\u00e9rik Hel Guedj\",\"@id\":\"https:\\\/\\\/www.forbes.be\\\/nl\\\/#\\\/schema\\\/person\\\/7c0ac1896654aa71b07d901c0b9fdde7\"},\"headline\":\"Art Brussels: een spannende editie\",\"datePublished\":\"2025-04-25T19:29:38+00:00\",\"dateModified\":\"2025-04-30T09:29:40+00:00\",\"mainEntityOfPage\":{\"@id\":\"https:\\\/\\\/www.forbes.be\\\/nl\\\/art-brussels-spannende-editie\\\/\"},\"wordCount\":580,\"publisher\":{\"@id\":\"https:\\\/\\\/www.forbes.be\\\/nl\\\/#organization\"},\"image\":{\"@id\":\"https:\\\/\\\/www.forbes.be\\\/nl\\\/art-brussels-spannende-editie\\\/#primaryimage\"},\"thumbnailUrl\":\"https:\\\/\\\/www.forbes.be\\\/nl\\\/wp-content\\\/uploads\\\/2025\\\/04\\\/9997-whatsapp-image-2025-04-25-at-130958-e1746005365342.png\",\"articleSection\":[\"Actualiteit\"],\"inLanguage\":\"nl-BE\"},{\"@type\":\"WebPage\",\"@id\":\"https:\\\/\\\/www.forbes.be\\\/nl\\\/art-brussels-spannende-editie\\\/\",\"url\":\"https:\\\/\\\/www.forbes.be\\\/nl\\\/art-brussels-spannende-editie\\\/\",\"name\":\"Art Brussels 2024: Culturele Rijkdom en Nieuwe Secties\",\"isPartOf\":{\"@id\":\"https:\\\/\\\/www.forbes.be\\\/nl\\\/#website\"},\"primaryImageOfPage\":{\"@id\":\"https:\\\/\\\/www.forbes.be\\\/nl\\\/art-brussels-spannende-editie\\\/#primaryimage\"},\"image\":{\"@id\":\"https:\\\/\\\/www.forbes.be\\\/nl\\\/art-brussels-spannende-editie\\\/#primaryimage\"},\"thumbnailUrl\":\"https:\\\/\\\/www.forbes.be\\\/nl\\\/wp-content\\\/uploads\\\/2025\\\/04\\\/9997-whatsapp-image-2025-04-25-at-130958-e1746005365342.png\",\"datePublished\":\"2025-04-25T19:29:38+00:00\",\"dateModified\":\"2025-04-30T09:29:40+00:00\",\"description\":\"41e Art Brussels: diversiteit, nieuwe secties en bezoekerspiek. In 2024 vertraagde de kunstmarkt, maar BRAFA en TEFAF braken toch records.\",\"breadcrumb\":{\"@id\":\"https:\\\/\\\/www.forbes.be\\\/nl\\\/art-brussels-spannende-editie\\\/#breadcrumb\"},\"inLanguage\":\"nl-BE\",\"potentialAction\":[{\"@type\":\"ReadAction\",\"target\":[\"https:\\\/\\\/www.forbes.be\\\/nl\\\/art-brussels-spannende-editie\\\/\"]}]},{\"@type\":\"ImageObject\",\"inLanguage\":\"nl-BE\",\"@id\":\"https:\\\/\\\/www.forbes.be\\\/nl\\\/art-brussels-spannende-editie\\\/#primaryimage\",\"url\":\"https:\\\/\\\/www.forbes.be\\\/nl\\\/wp-content\\\/uploads\\\/2025\\\/04\\\/9997-whatsapp-image-2025-04-25-at-130958-e1746005365342.png\",\"contentUrl\":\"https:\\\/\\\/www.forbes.be\\\/nl\\\/wp-content\\\/uploads\\\/2025\\\/04\\\/9997-whatsapp-image-2025-04-25-at-130958-e1746005365342.png\",\"width\":1600,\"height\":837,\"caption\":\"Le stand de Greta Meert. Bruxelles \u00a9 J-F HG\"},{\"@type\":\"BreadcrumbList\",\"@id\":\"https:\\\/\\\/www.forbes.be\\\/nl\\\/art-brussels-spannende-editie\\\/#breadcrumb\",\"itemListElement\":[{\"@type\":\"ListItem\",\"position\":1,\"name\":\"Accueil\",\"item\":\"https:\\\/\\\/www.forbes.be\\\/nl\\\/\"},{\"@type\":\"ListItem\",\"position\":2,\"name\":\"Art Brussels: een spannende editie\"}]},{\"@type\":\"WebSite\",\"@id\":\"https:\\\/\\\/www.forbes.be\\\/nl\\\/#website\",\"url\":\"https:\\\/\\\/www.forbes.be\\\/nl\\\/\",\"name\":\"Forbes Belgi\u00eb\",\"description\":\"\",\"publisher\":{\"@id\":\"https:\\\/\\\/www.forbes.be\\\/nl\\\/#organization\"},\"potentialAction\":[{\"@type\":\"SearchAction\",\"target\":{\"@type\":\"EntryPoint\",\"urlTemplate\":\"https:\\\/\\\/www.forbes.be\\\/nl\\\/?s={search_term_string}\"},\"query-input\":{\"@type\":\"PropertyValueSpecification\",\"valueRequired\":true,\"valueName\":\"search_term_string\"}}],\"inLanguage\":\"nl-BE\"},{\"@type\":\"Organization\",\"@id\":\"https:\\\/\\\/www.forbes.be\\\/nl\\\/#organization\",\"name\":\"Forbes Belgi\u00eb\",\"url\":\"https:\\\/\\\/www.forbes.be\\\/nl\\\/\",\"logo\":{\"@type\":\"ImageObject\",\"inLanguage\":\"nl-BE\",\"@id\":\"https:\\\/\\\/www.forbes.be\\\/nl\\\/#\\\/schema\\\/logo\\\/image\\\/\",\"url\":\"https:\\\/\\\/www.forbes.be\\\/nl\\\/wp-content\\\/uploads\\\/2024\\\/02\\\/forbes.be_.png\",\"contentUrl\":\"https:\\\/\\\/www.forbes.be\\\/nl\\\/wp-content\\\/uploads\\\/2024\\\/02\\\/forbes.be_.png\",\"width\":1200,\"height\":675,\"caption\":\"Forbes Belgi\u00eb\"},\"image\":{\"@id\":\"https:\\\/\\\/www.forbes.be\\\/nl\\\/#\\\/schema\\\/logo\\\/image\\\/\"},\"sameAs\":[\"https:\\\/\\\/www.facebook.com\\\/forbesbelgie\",\"https:\\\/\\\/www.instagram.com\\\/Forbes_Belgium\",\"https:\\\/\\\/www.linkedin.com\\\/company\\\/forbes-belgium\\\/\"]},{\"@type\":\"Person\",\"@id\":\"https:\\\/\\\/www.forbes.be\\\/nl\\\/#\\\/schema\\\/person\\\/7c0ac1896654aa71b07d901c0b9fdde7\",\"name\":\"Johan-Fr\u00e9d\u00e9rik Hel Guedj\",\"image\":{\"@type\":\"ImageObject\",\"inLanguage\":\"nl-BE\",\"@id\":\"https:\\\/\\\/secure.gravatar.com\\\/avatar\\\/65333543693434f2cc9fdefb3173b162df98712d00606b00b3d43914f79a1598?s=96&d=mm&r=g\",\"url\":\"https:\\\/\\\/secure.gravatar.com\\\/avatar\\\/65333543693434f2cc9fdefb3173b162df98712d00606b00b3d43914f79a1598?s=96&d=mm&r=g\",\"contentUrl\":\"https:\\\/\\\/secure.gravatar.com\\\/avatar\\\/65333543693434f2cc9fdefb3173b162df98712d00606b00b3d43914f79a1598?s=96&d=mm&r=g\",\"caption\":\"Johan-Fr\u00e9d\u00e9rik Hel Guedj\"},\"description\":\"Johan-Frederik Hel Guedj is een Franse journalist en auteur. Hij was zeven jaar hoofdredacteur van het tijdschrift Pouvoirs Locaux, dat gewijd is aan cultuurbeleid. Daarnaast publiceerde hij acht boeken bij Franse en Belgische uitgevers, waaronder twee romans, een essay over Orson Welles en vier kunstboeken. Naast Forbes werkt hij ook mee aan L\u2019Echo en Le Quotidien de l\u2019Art (Parijs).\",\"url\":\"https:\\\/\\\/www.forbes.be\\\/nl\\\/author\\\/johan-frederik-hel-guedj\\\/\"}]}<\/script>\n<!-- \/ Yoast SEO plugin. -->","yoast_head_json":{"title":"Art Brussels 2024: Culturele Rijkdom en Nieuwe Secties","description":"41e Art Brussels: diversiteit, nieuwe secties en bezoekerspiek. In 2024 vertraagde de kunstmarkt, maar BRAFA en TEFAF braken toch records.","robots":{"index":"index","follow":"follow","max-snippet":"max-snippet:-1","max-image-preview":"max-image-preview:large","max-video-preview":"max-video-preview:-1"},"canonical":"https:\/\/www.forbes.be\/nl\/art-brussels-spannende-editie\/","og_locale":"nl_BE","og_type":"article","og_title":"Art Brussels 2024: Culturele Rijkdom en Nieuwe Secties","og_description":"41e Art Brussels: diversiteit, nieuwe secties en bezoekerspiek. In 2024 vertraagde de kunstmarkt, maar BRAFA en TEFAF braken toch records.","og_url":"https:\/\/www.forbes.be\/nl\/art-brussels-spannende-editie\/","og_site_name":"Forbes Belgi\u00eb","article_publisher":"https:\/\/www.facebook.com\/forbesbelgie","article_published_time":"2025-04-25T19:29:38+00:00","article_modified_time":"2025-04-30T09:29:40+00:00","og_image":[{"width":1600,"height":837,"url":"https:\/\/www.forbes.be\/nl\/wp-content\/uploads\/2025\/04\/9997-whatsapp-image-2025-04-25-at-130958-e1746005365342.png","type":"image\/png"}],"author":"Johan-Fr\u00e9d\u00e9rik Hel Guedj","twitter_card":"summary_large_image","twitter_misc":{"Geschreven door":"Johan-Fr\u00e9d\u00e9rik Hel Guedj","Geschatte leestijd":"4 minuten"},"schema":{"@context":"https:\/\/schema.org","@graph":[{"@type":"NewsArticle","@id":"https:\/\/www.forbes.be\/nl\/art-brussels-spannende-editie\/#article","isPartOf":{"@id":"https:\/\/www.forbes.be\/nl\/art-brussels-spannende-editie\/"},"author":{"name":"Johan-Fr\u00e9d\u00e9rik Hel Guedj","@id":"https:\/\/www.forbes.be\/nl\/#\/schema\/person\/7c0ac1896654aa71b07d901c0b9fdde7"},"headline":"Art Brussels: een spannende editie","datePublished":"2025-04-25T19:29:38+00:00","dateModified":"2025-04-30T09:29:40+00:00","mainEntityOfPage":{"@id":"https:\/\/www.forbes.be\/nl\/art-brussels-spannende-editie\/"},"wordCount":580,"publisher":{"@id":"https:\/\/www.forbes.be\/nl\/#organization"},"image":{"@id":"https:\/\/www.forbes.be\/nl\/art-brussels-spannende-editie\/#primaryimage"},"thumbnailUrl":"https:\/\/www.forbes.be\/nl\/wp-content\/uploads\/2025\/04\/9997-whatsapp-image-2025-04-25-at-130958-e1746005365342.png","articleSection":["Actualiteit"],"inLanguage":"nl-BE"},{"@type":"WebPage","@id":"https:\/\/www.forbes.be\/nl\/art-brussels-spannende-editie\/","url":"https:\/\/www.forbes.be\/nl\/art-brussels-spannende-editie\/","name":"Art Brussels 2024: Culturele Rijkdom en Nieuwe Secties","isPartOf":{"@id":"https:\/\/www.forbes.be\/nl\/#website"},"primaryImageOfPage":{"@id":"https:\/\/www.forbes.be\/nl\/art-brussels-spannende-editie\/#primaryimage"},"image":{"@id":"https:\/\/www.forbes.be\/nl\/art-brussels-spannende-editie\/#primaryimage"},"thumbnailUrl":"https:\/\/www.forbes.be\/nl\/wp-content\/uploads\/2025\/04\/9997-whatsapp-image-2025-04-25-at-130958-e1746005365342.png","datePublished":"2025-04-25T19:29:38+00:00","dateModified":"2025-04-30T09:29:40+00:00","description":"41e Art Brussels: diversiteit, nieuwe secties en bezoekerspiek. In 2024 vertraagde de kunstmarkt, maar BRAFA en TEFAF braken toch records.","breadcrumb":{"@id":"https:\/\/www.forbes.be\/nl\/art-brussels-spannende-editie\/#breadcrumb"},"inLanguage":"nl-BE","potentialAction":[{"@type":"ReadAction","target":["https:\/\/www.forbes.be\/nl\/art-brussels-spannende-editie\/"]}]},{"@type":"ImageObject","inLanguage":"nl-BE","@id":"https:\/\/www.forbes.be\/nl\/art-brussels-spannende-editie\/#primaryimage","url":"https:\/\/www.forbes.be\/nl\/wp-content\/uploads\/2025\/04\/9997-whatsapp-image-2025-04-25-at-130958-e1746005365342.png","contentUrl":"https:\/\/www.forbes.be\/nl\/wp-content\/uploads\/2025\/04\/9997-whatsapp-image-2025-04-25-at-130958-e1746005365342.png","width":1600,"height":837,"caption":"Le stand de Greta Meert. Bruxelles \u00a9 J-F HG"},{"@type":"BreadcrumbList","@id":"https:\/\/www.forbes.be\/nl\/art-brussels-spannende-editie\/#breadcrumb","itemListElement":[{"@type":"ListItem","position":1,"name":"Accueil","item":"https:\/\/www.forbes.be\/nl\/"},{"@type":"ListItem","position":2,"name":"Art Brussels: een spannende editie"}]},{"@type":"WebSite","@id":"https:\/\/www.forbes.be\/nl\/#website","url":"https:\/\/www.forbes.be\/nl\/","name":"Forbes Belgi\u00eb","description":"","publisher":{"@id":"https:\/\/www.forbes.be\/nl\/#organization"},"potentialAction":[{"@type":"SearchAction","target":{"@type":"EntryPoint","urlTemplate":"https:\/\/www.forbes.be\/nl\/?s={search_term_string}"},"query-input":{"@type":"PropertyValueSpecification","valueRequired":true,"valueName":"search_term_string"}}],"inLanguage":"nl-BE"},{"@type":"Organization","@id":"https:\/\/www.forbes.be\/nl\/#organization","name":"Forbes Belgi\u00eb","url":"https:\/\/www.forbes.be\/nl\/","logo":{"@type":"ImageObject","inLanguage":"nl-BE","@id":"https:\/\/www.forbes.be\/nl\/#\/schema\/logo\/image\/","url":"https:\/\/www.forbes.be\/nl\/wp-content\/uploads\/2024\/02\/forbes.be_.png","contentUrl":"https:\/\/www.forbes.be\/nl\/wp-content\/uploads\/2024\/02\/forbes.be_.png","width":1200,"height":675,"caption":"Forbes Belgi\u00eb"},"image":{"@id":"https:\/\/www.forbes.be\/nl\/#\/schema\/logo\/image\/"},"sameAs":["https:\/\/www.facebook.com\/forbesbelgie","https:\/\/www.instagram.com\/Forbes_Belgium","https:\/\/www.linkedin.com\/company\/forbes-belgium\/"]},{"@type":"Person","@id":"https:\/\/www.forbes.be\/nl\/#\/schema\/person\/7c0ac1896654aa71b07d901c0b9fdde7","name":"Johan-Fr\u00e9d\u00e9rik Hel Guedj","image":{"@type":"ImageObject","inLanguage":"nl-BE","@id":"https:\/\/secure.gravatar.com\/avatar\/65333543693434f2cc9fdefb3173b162df98712d00606b00b3d43914f79a1598?s=96&d=mm&r=g","url":"https:\/\/secure.gravatar.com\/avatar\/65333543693434f2cc9fdefb3173b162df98712d00606b00b3d43914f79a1598?s=96&d=mm&r=g","contentUrl":"https:\/\/secure.gravatar.com\/avatar\/65333543693434f2cc9fdefb3173b162df98712d00606b00b3d43914f79a1598?s=96&d=mm&r=g","caption":"Johan-Fr\u00e9d\u00e9rik Hel Guedj"},"description":"Johan-Frederik Hel Guedj is een Franse journalist en auteur. Hij was zeven jaar hoofdredacteur van het tijdschrift Pouvoirs Locaux, dat gewijd is aan cultuurbeleid. Daarnaast publiceerde hij acht boeken bij Franse en Belgische uitgevers, waaronder twee romans, een essay over Orson Welles en vier kunstboeken. Naast Forbes werkt hij ook mee aan L\u2019Echo en Le Quotidien de l\u2019Art (Parijs).","url":"https:\/\/www.forbes.be\/nl\/author\/johan-frederik-hel-guedj\/"}]}},"_links":{"self":[{"href":"https:\/\/www.forbes.be\/nl\/wp-json\/wp\/v2\/posts\/9085","targetHints":{"allow":["GET"]}}],"collection":[{"href":"https:\/\/www.forbes.be\/nl\/wp-json\/wp\/v2\/posts"}],"about":[{"href":"https:\/\/www.forbes.be\/nl\/wp-json\/wp\/v2\/types\/post"}],"author":[{"embeddable":true,"href":"https:\/\/www.forbes.be\/nl\/wp-json\/wp\/v2\/users\/24"}],"replies":[{"embeddable":true,"href":"https:\/\/www.forbes.be\/nl\/wp-json\/wp\/v2\/comments?post=9085"}],"version-history":[{"count":3,"href":"https:\/\/www.forbes.be\/nl\/wp-json\/wp\/v2\/posts\/9085\/revisions"}],"predecessor-version":[{"id":9136,"href":"https:\/\/www.forbes.be\/nl\/wp-json\/wp\/v2\/posts\/9085\/revisions\/9136"}],"wp:featuredmedia":[{"embeddable":true,"href":"https:\/\/www.forbes.be\/nl\/wp-json\/wp\/v2\/media\/9084"}],"wp:attachment":[{"href":"https:\/\/www.forbes.be\/nl\/wp-json\/wp\/v2\/media?parent=9085"}],"wp:term":[{"taxonomy":"category","embeddable":true,"href":"https:\/\/www.forbes.be\/nl\/wp-json\/wp\/v2\/categories?post=9085"},{"taxonomy":"post_tag","embeddable":true,"href":"https:\/\/www.forbes.be\/nl\/wp-json\/wp\/v2\/tags?post=9085"}],"curies":[{"name":"wp","href":"https:\/\/api.w.org\/{rel}","templated":true}]}}