{"id":9183,"date":"2025-08-30T07:51:44","date_gmt":"2025-08-30T05:51:44","guid":{"rendered":"https:\/\/www.forbes.be\/nl\/?p=9183"},"modified":"2025-08-26T14:53:38","modified_gmt":"2025-08-26T12:53:38","slug":"ik-ben-geen-solist","status":"publish","type":"post","link":"https:\/\/www.forbes.be\/nl\/ik-ben-geen-solist\/","title":{"rendered":"\u201cIk ben geen solist\u201d"},"content":{"rendered":"<p class=\"p1\"><strong><span class=\"s1\">In gesprek met <\/span><span class=\"s2\">Philippe Vlerick<\/span><span class=\"s1\"> ontvouwt zich een caleidoscopisch beeld van een <\/span><span class=\"s2\">denker<\/span><span class=\"s1\">, <\/span><span class=\"s2\">ondernemer<\/span><span class=\"s1\"> en <\/span><span class=\"s2\">mens<\/span><span class=\"s1\">, diep geworteld in traditie maar altijd vooruitkijkend. Op zijn 69<sup>ste <\/sup>is de<\/span><span class=\"s2\"> investeerder<\/span><span class=\"s1\">, met liefde voor <\/span><span class=\"s2\">cultuur<\/span><span class=\"s1\">, nog steeds energiek. \u201cIk wil betekenis geven aan het leven.\u201d<\/span><\/strong><\/p>\n<p class=\"p1\"><span class=\"s1\">Achter een neoclassicistische arduinen gevel huist de Vlerick Group, een Belgische onafhankelijke en gediversifieerde familiale groep, die ook internationaal actief is. De industri\u00eble wortels van de groep liggen in de Vlaamse textielindustrie en gaan terug tot 1880. Vandaag staat de groep voor vier verscheidene divisies: industri\u00eble activiteiten, langetermijndeelnemingen, vastgoed en private equity en groeikapitaal. Bekende bedrijven waarin Vlerick participeert zijn onder meer textielbedrijven Uco en Concordia, de bankverzekeraar KBC, Mediahuis (De Standaard),<span class=\"Apple-converted-space\">\u00a0 <\/span>kapitaalverschaffer Pentahold.<span class=\"Apple-converted-space\">\u00a0 <\/span>Ook Smartphoto behoort tot de portefeuille, waarop hij recent \u2013 samen met Marc Coucke \u2013 een verplicht openbaar overnamebod uitbracht op alle uitstaande aandelen om het bedrijf volledig over te nemen.<span class=\"Apple-converted-space\">\u00a0<\/span><\/span><\/p>\n<p class=\"p1\"><span class=\"s1\"><i>\u201cIk ben geen klassieke manager\u201d,<\/i> glimlacht Philippe Vlerick ondeugend. In 2006 werd hij nog uitgeroepen door Trends tot Manager van het Jaar. <i>\u201cIk ben een ondernemer in hart en ziel.\u201d<\/i> Hij vertelt over de beginjaren, in de textielindustrie, en hoe hij met een langetermijnvisie bedrijven uitbouwde. Of het nu gaat om een afdeling in India opzetten of UCO overnemen tijdens uitdagende marktomstandigheden, telkens was zijn aanpak gericht op kansen benutten. <i>\u201cHet gaat niet alleen om cijfers, maar om de mensen en idee\u00ebn erachter. Hoe cre\u00eber je samen waarde op de lange termijn?\u201d<\/i><\/span><\/p>\n<h2 class=\"p3\"><span class=\"s1\">Rentmeesterschap<span class=\"Apple-converted-space\">\u00a0<\/span><\/span><\/h2>\n<p class=\"p4\"><span class=\"s2\">Die focus op samenwerking en een collectieve geest kenmerkt zijn visie op leiderschap. <i>\u201cOnze organisatie functioneert als een dynamisch ecosysteem. Binnen onze managementstructuur is ruimte voor discussie en onafhankelijk denken. Ik ben geen solist, ik geloof in het collectief. Onze managementstructuur is gebouwd op wederzijds respect en dialoog. Aan het hoofd staat een managementteam van tien leden en een directiecomit\u00e9 van vijf personen, waaronder ikzelf als voorzitter. Mijn rol is vaak sturend, maar ik zie het als mijn taak om anderen de ruimte te geven hun expertise in te zetten. Het gaat om samen nadenken, samen beslissen en samen vooruitgaan.\u201d<\/i><\/span><\/p>\n<blockquote>\n<p class=\"p5\"><span class=\"s3\"><i>\u201cHet gaat om <\/i><\/span><span class=\"s4\"><i>verantwoordelijkheid<\/i><\/span><span class=\"s3\"><i>, <\/i><\/span><span class=\"s5\"><i>niet om bezit. Dat is een <\/i><\/span><span class=\"s6\"><i>waarde<\/i><\/span><span class=\"s5\"><i> die ik mijn <\/i><\/span><span class=\"s6\"><i>kinderen<\/i><\/span><span class=\"s5\"><i> meegeef\u201d<\/i><\/span><\/p>\n<\/blockquote>\n<p class=\"p1\"><span class=\"s1\">Philippe Vlerick benadrukt dat ondernemerschap voor hem verder reikt dan financieel succes. <i>\u201cHet is een passie die verweven is met mijn levensvisie. Wat we verdienen, herinvesteren we in groei, innovatie en maatschappelijke vooruitgang. Bedrijven zijn geen anonieme machines, maar ecosystemen van talent en ambitie.\u201d <\/i>Ook governance en verantwoordelijkheid staan centraal in zijn benadering<i>. \u201cWat we verdienen, herinvesteren we. Niet alleen in onze bedrijven, maar ook in maatschappelijke projecten. Ondernemerschap is geen sprint, maar een estafette. Je bouwt iets op dat doorgegeven kan worden aan volgende generaties.\u201d<\/i> Hij noemt rentmeesterschap als een van de belangrijkste waarden binnen zijn familie en de groep. <i>\u201cWe zien onszelf als beheerders, niet als eigenaars. Het gaat om verantwoordelijkheid, niet om bezit. Dat is een waarde die ik mijn kinderen meegeef.\u201d<\/i> Zijn vier kinderen, waarvan \u00e9\u00e9n actief is in het familiebedrijf, worden aangemoedigd om hun eigen weg te vinden, binnen of buiten de groep. Die waarden staan ook met zoveel woorden neergeschreven in het familiaal charter. Zichtbaar ontroerd leest Philippe Vlerick de passages met de kernwaarden voor. <i>\u201cRentmeesterschap, ondernemerschap, maatschappelijke relevantie, meritocratie, onafhankelijkheid, duurzaamheid, integriteit, professionalisme. Dat is het, h\u00e8.\u201d<\/i><\/span><\/p>\n<p class=\"p1\"><span class=\"s1\">Hij verwijst naar zijn oom Andr\u00e9 Vlerick, naar wie onder andere de\u00a0Vlerick Business School\u00a0is vernoemd. <i>\u201cMijn oom had geen kinderen, en ik zie het als mijn taak om zijn werk voort te zetten, onder meer via de Stichting Professor Vlerick. Het is belangrijk om niet alleen naar vandaag te kijken, maar ook naar wat je achterlaat.\u201d<\/i><\/span><\/p>\n<h2 class=\"p3\"><span class=\"s1\">Internationale markten<\/span><\/h2>\n<p class=\"p1\"><span class=\"s3\">Zijn groep weerspiegelt deze brede kijk. Met een stevige basis in traditionele sectoren zoals textiel en luchtvaartonderdelen, maar met toenemende investeringen in de nieuwe economie. Denk aan biotechnologie, schone energie en slimme mobiliteit. <i>\u201cInnovatie is voor ons een manier om economische, sociale en ecologische uitdagingen aan te pakken. Door traditionele kennis te koppelen aan moderne technologie cre\u00ebren we duurzame impact.\u201d<\/i> De internationale dimensie speelt hierin een belangrijke rol.<i> \u201cOost-Europa is voor ons strategisch: sterke technische knowhow en een werkethos dat bij ons past.\u201d<\/i> China blijft relevant, ondanks uitdagingen, en India biedt enorm potentieel. <i>\u201cIndia vraagt om strategische partnerschappen en geduld, maar het is een land waar je met een lange adem veel kunt bereiken.\u201d<\/i><\/span><\/p>\n<blockquote>\n<p class=\"p6\"><span class=\"s7\"><i>\u201cTe veel <\/i><\/span><span class=\"s3\"><i>cruciale ondernemingen<\/i><\/span><span class=\"s7\"><i> zijn verkocht aan <\/i><\/span><span class=\"s3\"><i>buitenlandse groepen<\/i><\/span><span class=\"s7\"><i>\u201d<\/i><\/span><\/p>\n<\/blockquote>\n<p class=\"p1\">Toch blijft zijn blik niet alleen gericht op internationale markten. Wat hem zorgen baart, is de afhankelijkheid van Belgi\u00eb van buitenlandse investeringen. <i>\u201cTe veel cruciale ondernemingen zijn verkocht aan buitenlandse groepen. Dat is een groot verlies. We moeten onze eigen koers blijven varen en strategisch investeren in onze economie.\u201d<\/i> Toch blijft hij optimistisch over de toekomst, al benadrukt hij de noodzaak van hervormingen. <i>\u201cOnze overheid moet effici\u00ebnter worden. Het beslag op het BBP is te hoog, en we verliezen talent door complexe regelgeving en ineffici\u00ebntie. We moeten mensen activeren en kansen cre\u00ebren, want economische groei is essentieel voor vooruitgang.\u201d<\/i><\/p>\n<p class=\"p1\"><span class=\"s1\">Voor Philippe Vlerick draait het niet om macht, maar om invloed. <i>\u201cInvloed is constructief. Het helpt dingen in beweging te zetten, idee\u00ebn te realiseren. Soms ben ik de dirigent, soms speel ik slechts de triangel, maar altijd probeer ik bij te dragen aan het grotere geheel.\u201d<\/i> En dan met een filosofische noot: <i>\u201cEen samenleving is als een schip. Het heeft een anker nodig om stabiliteit te bieden, maar het is ook gemaakt om te varen, om nieuwe horizonten te bereiken. Dat is wat ik nastreef: stevig verankerd blijven in onze waarden, maar altijd in beweging, op zoek naar wat beter kan.\u201d<\/i><\/span><\/p>\n<figure id=\"attachment_9185\" aria-describedby=\"caption-attachment-9185\" style=\"width: 2560px\" class=\"wp-caption alignnone\"><img loading=\"lazy\" decoding=\"async\" class=\"wp-image-9185 size-full\" src=\"https:\/\/www.forbes.be\/nl\/wp-content\/uploads\/2025\/04\/vlerick-philippe-foto-9-scaled.jpg\" alt=\"\" width=\"2560\" height=\"1922\" srcset=\"https:\/\/www.forbes.be\/nl\/wp-content\/uploads\/2025\/04\/vlerick-philippe-foto-9-scaled.jpg 2560w, https:\/\/www.forbes.be\/nl\/wp-content\/uploads\/2025\/04\/vlerick-philippe-foto-9-300x225.jpg 300w, https:\/\/www.forbes.be\/nl\/wp-content\/uploads\/2025\/04\/vlerick-philippe-foto-9-1024x769.jpg 1024w, https:\/\/www.forbes.be\/nl\/wp-content\/uploads\/2025\/04\/vlerick-philippe-foto-9-768x577.jpg 768w, https:\/\/www.forbes.be\/nl\/wp-content\/uploads\/2025\/04\/vlerick-philippe-foto-9-1536x1153.jpg 1536w, https:\/\/www.forbes.be\/nl\/wp-content\/uploads\/2025\/04\/vlerick-philippe-foto-9-2048x1537.jpg 2048w, https:\/\/www.forbes.be\/nl\/wp-content\/uploads\/2025\/04\/vlerick-philippe-foto-9-696x522.jpg 696w, https:\/\/www.forbes.be\/nl\/wp-content\/uploads\/2025\/04\/vlerick-philippe-foto-9-1068x802.jpg 1068w, https:\/\/www.forbes.be\/nl\/wp-content\/uploads\/2025\/04\/vlerick-philippe-foto-9-1920x1441.jpg 1920w, https:\/\/www.forbes.be\/nl\/wp-content\/uploads\/2025\/04\/vlerick-philippe-foto-9-600x450.jpg 600w\" sizes=\"auto, (max-width: 2560px) 100vw, 2560px\" \/><figcaption id=\"caption-attachment-9185\" class=\"wp-caption-text\">\u00a9RV<\/figcaption><\/figure>\n<h2 class=\"p3\">Literatuur<span class=\"Apple-converted-space\">\u00a0<\/span><\/h2>\n<p class=\"p1\">Zijn liefde voor literatuur verraadt een bewondering voor grote denkers en universele geesten. <i>\u201cIn het begin was het Woord, en het Woord was God.\u201d<\/i> De kracht en diepgang van deze openingszin uit de proloog van de\u00a0Theologie van Johannes\u00a0raakt aan iets universeels. Het Woord als kern, als beginpunt van alles, en als drager van waarheid en verbinding. Het herinnert ons eraan hoe taal, in haar puurste vorm, een brug kan slaan tussen idee\u00ebn, mensen en generaties. <i>\u201cHet is die universele verbondenheid die mij raakt\u201d<\/i>, zegt Philippe Vlerick. <i>\u201cWoorden geven betekenis, en betekenis geeft richting.\u201d<\/i><span class=\"Apple-converted-space\">\u00a0<\/span><\/p>\n<p class=\"p1\">Hij wijst op een andere zin die hem evenzeer fascineert: de openingsverklaring van de\u00a0Declaration of Independence\u00a0uit 1776. Uit het hoofd citeert hij: <i>\u201cWe hold these truths to be self-evident: that all human beings are created equal, and that they are endowed by their Creator with inalienable rights, including life, liberty and the pursuit of happiness.\u201d<\/i><\/p>\n<blockquote>\n<p class=\"p5\"><span class=\"s8\"><i>\u201cHet idee dat <\/i><\/span><span class=\"s9\"><i>geluk <\/i><\/span><span class=\"s8\"><i>een <\/i><\/span><span class=\"s9\"><i>recht <\/i><\/span><span class=\"s8\"><i>is \u2013 dat je de <\/i><\/span><span class=\"s9\"><i>vrijheid <\/i><\/span><span class=\"s8\"><i>moet hebben om het na te streven \u2013<br \/>\n<\/i><\/span><span class=\"s10\"><i>raakt de <\/i><\/span><span class=\"s11\"><i>kern<\/i><\/span><span class=\"s10\"><i> van het <\/i><\/span><span class=\"s11\"><i>menselijke bestaan<\/i><\/span><span class=\"s10\"><i>\u201d<\/i><\/span><\/p>\n<\/blockquote>\n<p class=\"p1\"><span class=\"s12\"><i>\u201cHet idee dat geluk een recht is \u2013 dat je de vrijheid moet hebben om het na te streven \u2013 raakt de kern van het menselijke bestaan. Het is een uitnodiging om het leven bewust vorm te geven, vrij van onderdrukking, met ruimte voor eigen keuzes en betekenis.\u201d<\/i><\/span><\/p>\n<p class=\"p1\"><span class=\"s2\">Die filosofische beschouwingen worden meteen persoonlijker wanneer hij over zijn eigen rituelen vertelt. <i>\u201cLezen is voor mij essentieel. Het geeft me rust en voedt mijn geest. Vaak word ik rond drie uur \u2019s nachts wakker. In plaats van te piekeren, sta ik op en grijp ik een boek. Ik lees een uur, soms langer, en keer daarna ontspannen terug naar bed.\u201d<\/i> Zijn leeslijst is divers: momenteel wisselt hij tussen een boek van Ethan Mollick over kunstmatige intelligentie en\u00a0M\u00e9moires d\u2019Outre-Tombe van Chateaubriand. <i>\u201cChateaubriand fascineert me enorm\u201d<\/i>, vertelt hij. \u201c<i>Zijn schrijfstijl is rijk en romantisch, maar vooral zijn vermogen om de menselijke natuur bloot te leggen, blijft relevant. Wat hij beschrijft over de menselijke conditie, de tijdgeest en de innerlijke strijd is tijdloos.\u201d<\/i><\/span><span class=\"s13\"><span class=\"Apple-converted-space\">\u00a0<\/span><\/span><\/p>\n","protected":false},"excerpt":{"rendered":"<p>In gesprek met Philippe Vlerick ontvouwt zich een caleidoscopisch beeld van een denker, ondernemer en mens, diep geworteld in traditie maar altijd vooruitkijkend. Op zijn 69ste is de investeerder, met liefde voor cultuur, nog steeds energiek. \u201cIk wil betekenis geven aan het leven.\u201d Achter een neoclassicistische arduinen gevel huist de Vlerick Group, een Belgische onafhankelijke [&hellip;]<\/p>\n","protected":false},"author":8,"featured_media":9184,"comment_status":"closed","ping_status":"closed","sticky":false,"template":"","format":"standard","meta":{"_acf_changed":false,"inline_featured_image":false,"footnotes":""},"categories":[1],"tags":[],"class_list":{"0":"post-9183","1":"post","2":"type-post","3":"status-publish","4":"format-standard","5":"has-post-thumbnail","7":"category-actualiteit"},"acf":[],"auteur_traducteur":"","yoast_head":"<!-- This site is optimized with the Yoast SEO plugin v27.4 - https:\/\/yoast.com\/product\/yoast-seo-wordpress\/ -->\n<title>\u201cIk ben geen solist\u201d | Forbes Belgi\u00eb<\/title>\n<meta name=\"description\" content=\"Op zijn 69ste deelt Philippe Vlerick zijn visie op verantwoord ondernemerschap, tussen familiaal erfgoed, innovatie en maatschappelijk engagement.\" \/>\n<meta name=\"robots\" content=\"index, follow, max-snippet:-1, max-image-preview:large, max-video-preview:-1\" \/>\n<link rel=\"canonical\" href=\"https:\/\/www.forbes.be\/nl\/ik-ben-geen-solist\/\" \/>\n<meta property=\"og:locale\" content=\"nl_BE\" \/>\n<meta property=\"og:type\" content=\"article\" \/>\n<meta property=\"og:title\" content=\"\u201cIk ben geen solist\u201d | Forbes Belgi\u00eb\" \/>\n<meta property=\"og:description\" content=\"Op zijn 69ste deelt Philippe Vlerick zijn visie op verantwoord ondernemerschap, tussen familiaal erfgoed, innovatie en maatschappelijk engagement.\" \/>\n<meta property=\"og:url\" content=\"https:\/\/www.forbes.be\/nl\/ik-ben-geen-solist\/\" \/>\n<meta property=\"og:site_name\" content=\"Forbes Belgi\u00eb\" \/>\n<meta property=\"article:publisher\" content=\"https:\/\/www.facebook.com\/forbesbelgie\" \/>\n<meta property=\"article:published_time\" content=\"2025-08-30T05:51:44+00:00\" \/>\n<meta property=\"og:image\" content=\"https:\/\/www.forbes.be\/nl\/wp-content\/uploads\/2025\/04\/vlerick-philippe-foto-2.jpg\" \/>\n\t<meta property=\"og:image:width\" content=\"1200\" \/>\n\t<meta property=\"og:image:height\" content=\"628\" \/>\n\t<meta property=\"og:image:type\" content=\"image\/jpeg\" \/>\n<meta name=\"author\" content=\"Lieven Desmet\" \/>\n<meta name=\"twitter:card\" content=\"summary_large_image\" \/>\n<meta name=\"twitter:label1\" content=\"Geschreven door\" \/>\n\t<meta name=\"twitter:data1\" content=\"Lieven Desmet\" \/>\n\t<meta name=\"twitter:label2\" content=\"Geschatte leestijd\" \/>\n\t<meta name=\"twitter:data2\" content=\"7 minuten\" \/>\n<script type=\"application\/ld+json\" class=\"yoast-schema-graph\">{\"@context\":\"https:\\\/\\\/schema.org\",\"@graph\":[{\"@type\":\"NewsArticle\",\"@id\":\"https:\\\/\\\/www.forbes.be\\\/nl\\\/ik-ben-geen-solist\\\/#article\",\"isPartOf\":{\"@id\":\"https:\\\/\\\/www.forbes.be\\\/nl\\\/ik-ben-geen-solist\\\/\"},\"author\":{\"name\":\"Lieven Desmet\",\"@id\":\"https:\\\/\\\/www.forbes.be\\\/nl\\\/#\\\/schema\\\/person\\\/2ed7d524640ef030e0a5bdef0c6eb462\"},\"headline\":\"\u201cIk ben geen solist\u201d\",\"datePublished\":\"2025-08-30T05:51:44+00:00\",\"mainEntityOfPage\":{\"@id\":\"https:\\\/\\\/www.forbes.be\\\/nl\\\/ik-ben-geen-solist\\\/\"},\"wordCount\":1289,\"publisher\":{\"@id\":\"https:\\\/\\\/www.forbes.be\\\/nl\\\/#organization\"},\"image\":{\"@id\":\"https:\\\/\\\/www.forbes.be\\\/nl\\\/ik-ben-geen-solist\\\/#primaryimage\"},\"thumbnailUrl\":\"https:\\\/\\\/www.forbes.be\\\/nl\\\/wp-content\\\/uploads\\\/2025\\\/04\\\/vlerick-philippe-foto-2.jpg\",\"articleSection\":[\"Actualiteit\"],\"inLanguage\":\"nl-BE\"},{\"@type\":\"WebPage\",\"@id\":\"https:\\\/\\\/www.forbes.be\\\/nl\\\/ik-ben-geen-solist\\\/\",\"url\":\"https:\\\/\\\/www.forbes.be\\\/nl\\\/ik-ben-geen-solist\\\/\",\"name\":\"\u201cIk ben geen solist\u201d | Forbes Belgi\u00eb\",\"isPartOf\":{\"@id\":\"https:\\\/\\\/www.forbes.be\\\/nl\\\/#website\"},\"primaryImageOfPage\":{\"@id\":\"https:\\\/\\\/www.forbes.be\\\/nl\\\/ik-ben-geen-solist\\\/#primaryimage\"},\"image\":{\"@id\":\"https:\\\/\\\/www.forbes.be\\\/nl\\\/ik-ben-geen-solist\\\/#primaryimage\"},\"thumbnailUrl\":\"https:\\\/\\\/www.forbes.be\\\/nl\\\/wp-content\\\/uploads\\\/2025\\\/04\\\/vlerick-philippe-foto-2.jpg\",\"datePublished\":\"2025-08-30T05:51:44+00:00\",\"description\":\"Op zijn 69ste deelt Philippe Vlerick zijn visie op verantwoord ondernemerschap, tussen familiaal erfgoed, innovatie en maatschappelijk engagement.\",\"breadcrumb\":{\"@id\":\"https:\\\/\\\/www.forbes.be\\\/nl\\\/ik-ben-geen-solist\\\/#breadcrumb\"},\"inLanguage\":\"nl-BE\",\"potentialAction\":[{\"@type\":\"ReadAction\",\"target\":[\"https:\\\/\\\/www.forbes.be\\\/nl\\\/ik-ben-geen-solist\\\/\"]}]},{\"@type\":\"ImageObject\",\"inLanguage\":\"nl-BE\",\"@id\":\"https:\\\/\\\/www.forbes.be\\\/nl\\\/ik-ben-geen-solist\\\/#primaryimage\",\"url\":\"https:\\\/\\\/www.forbes.be\\\/nl\\\/wp-content\\\/uploads\\\/2025\\\/04\\\/vlerick-philippe-foto-2.jpg\",\"contentUrl\":\"https:\\\/\\\/www.forbes.be\\\/nl\\\/wp-content\\\/uploads\\\/2025\\\/04\\\/vlerick-philippe-foto-2.jpg\",\"width\":1200,\"height\":628,\"caption\":\"Ondernemer en investeerder Philippe Vlerick. \u00a9RV\"},{\"@type\":\"BreadcrumbList\",\"@id\":\"https:\\\/\\\/www.forbes.be\\\/nl\\\/ik-ben-geen-solist\\\/#breadcrumb\",\"itemListElement\":[{\"@type\":\"ListItem\",\"position\":1,\"name\":\"Accueil\",\"item\":\"https:\\\/\\\/www.forbes.be\\\/nl\\\/\"},{\"@type\":\"ListItem\",\"position\":2,\"name\":\"\u201cIk ben geen solist\u201d\"}]},{\"@type\":\"WebSite\",\"@id\":\"https:\\\/\\\/www.forbes.be\\\/nl\\\/#website\",\"url\":\"https:\\\/\\\/www.forbes.be\\\/nl\\\/\",\"name\":\"Forbes Belgi\u00eb\",\"description\":\"\",\"publisher\":{\"@id\":\"https:\\\/\\\/www.forbes.be\\\/nl\\\/#organization\"},\"potentialAction\":[{\"@type\":\"SearchAction\",\"target\":{\"@type\":\"EntryPoint\",\"urlTemplate\":\"https:\\\/\\\/www.forbes.be\\\/nl\\\/?s={search_term_string}\"},\"query-input\":{\"@type\":\"PropertyValueSpecification\",\"valueRequired\":true,\"valueName\":\"search_term_string\"}}],\"inLanguage\":\"nl-BE\"},{\"@type\":\"Organization\",\"@id\":\"https:\\\/\\\/www.forbes.be\\\/nl\\\/#organization\",\"name\":\"Forbes Belgi\u00eb\",\"url\":\"https:\\\/\\\/www.forbes.be\\\/nl\\\/\",\"logo\":{\"@type\":\"ImageObject\",\"inLanguage\":\"nl-BE\",\"@id\":\"https:\\\/\\\/www.forbes.be\\\/nl\\\/#\\\/schema\\\/logo\\\/image\\\/\",\"url\":\"https:\\\/\\\/www.forbes.be\\\/nl\\\/wp-content\\\/uploads\\\/2024\\\/02\\\/forbes.be_.png\",\"contentUrl\":\"https:\\\/\\\/www.forbes.be\\\/nl\\\/wp-content\\\/uploads\\\/2024\\\/02\\\/forbes.be_.png\",\"width\":1200,\"height\":675,\"caption\":\"Forbes Belgi\u00eb\"},\"image\":{\"@id\":\"https:\\\/\\\/www.forbes.be\\\/nl\\\/#\\\/schema\\\/logo\\\/image\\\/\"},\"sameAs\":[\"https:\\\/\\\/www.facebook.com\\\/forbesbelgie\",\"https:\\\/\\\/www.instagram.com\\\/Forbes_Belgium\",\"https:\\\/\\\/www.linkedin.com\\\/company\\\/forbes-belgium\\\/\"]},{\"@type\":\"Person\",\"@id\":\"https:\\\/\\\/www.forbes.be\\\/nl\\\/#\\\/schema\\\/person\\\/2ed7d524640ef030e0a5bdef0c6eb462\",\"name\":\"Lieven Desmet\",\"image\":{\"@type\":\"ImageObject\",\"inLanguage\":\"nl-BE\",\"@id\":\"https:\\\/\\\/www.forbes.be\\\/nl\\\/wp-content\\\/uploads\\\/2024\\\/01\\\/651-150x150.jpg\",\"url\":\"https:\\\/\\\/www.forbes.be\\\/nl\\\/wp-content\\\/uploads\\\/2024\\\/01\\\/651-150x150.jpg\",\"contentUrl\":\"https:\\\/\\\/www.forbes.be\\\/nl\\\/wp-content\\\/uploads\\\/2024\\\/01\\\/651-150x150.jpg\",\"caption\":\"Lieven Desmet\"},\"url\":\"https:\\\/\\\/www.forbes.be\\\/nl\\\/author\\\/lieven-desmet\\\/\"}]}<\/script>\n<!-- \/ Yoast SEO plugin. -->","yoast_head_json":{"title":"\u201cIk ben geen solist\u201d | Forbes Belgi\u00eb","description":"Op zijn 69ste deelt Philippe Vlerick zijn visie op verantwoord ondernemerschap, tussen familiaal erfgoed, innovatie en maatschappelijk engagement.","robots":{"index":"index","follow":"follow","max-snippet":"max-snippet:-1","max-image-preview":"max-image-preview:large","max-video-preview":"max-video-preview:-1"},"canonical":"https:\/\/www.forbes.be\/nl\/ik-ben-geen-solist\/","og_locale":"nl_BE","og_type":"article","og_title":"\u201cIk ben geen solist\u201d | Forbes Belgi\u00eb","og_description":"Op zijn 69ste deelt Philippe Vlerick zijn visie op verantwoord ondernemerschap, tussen familiaal erfgoed, innovatie en maatschappelijk engagement.","og_url":"https:\/\/www.forbes.be\/nl\/ik-ben-geen-solist\/","og_site_name":"Forbes Belgi\u00eb","article_publisher":"https:\/\/www.facebook.com\/forbesbelgie","article_published_time":"2025-08-30T05:51:44+00:00","og_image":[{"width":1200,"height":628,"url":"https:\/\/www.forbes.be\/nl\/wp-content\/uploads\/2025\/04\/vlerick-philippe-foto-2.jpg","type":"image\/jpeg"}],"author":"Lieven Desmet","twitter_card":"summary_large_image","twitter_misc":{"Geschreven door":"Lieven Desmet","Geschatte leestijd":"7 minuten"},"schema":{"@context":"https:\/\/schema.org","@graph":[{"@type":"NewsArticle","@id":"https:\/\/www.forbes.be\/nl\/ik-ben-geen-solist\/#article","isPartOf":{"@id":"https:\/\/www.forbes.be\/nl\/ik-ben-geen-solist\/"},"author":{"name":"Lieven Desmet","@id":"https:\/\/www.forbes.be\/nl\/#\/schema\/person\/2ed7d524640ef030e0a5bdef0c6eb462"},"headline":"\u201cIk ben geen solist\u201d","datePublished":"2025-08-30T05:51:44+00:00","mainEntityOfPage":{"@id":"https:\/\/www.forbes.be\/nl\/ik-ben-geen-solist\/"},"wordCount":1289,"publisher":{"@id":"https:\/\/www.forbes.be\/nl\/#organization"},"image":{"@id":"https:\/\/www.forbes.be\/nl\/ik-ben-geen-solist\/#primaryimage"},"thumbnailUrl":"https:\/\/www.forbes.be\/nl\/wp-content\/uploads\/2025\/04\/vlerick-philippe-foto-2.jpg","articleSection":["Actualiteit"],"inLanguage":"nl-BE"},{"@type":"WebPage","@id":"https:\/\/www.forbes.be\/nl\/ik-ben-geen-solist\/","url":"https:\/\/www.forbes.be\/nl\/ik-ben-geen-solist\/","name":"\u201cIk ben geen solist\u201d | Forbes Belgi\u00eb","isPartOf":{"@id":"https:\/\/www.forbes.be\/nl\/#website"},"primaryImageOfPage":{"@id":"https:\/\/www.forbes.be\/nl\/ik-ben-geen-solist\/#primaryimage"},"image":{"@id":"https:\/\/www.forbes.be\/nl\/ik-ben-geen-solist\/#primaryimage"},"thumbnailUrl":"https:\/\/www.forbes.be\/nl\/wp-content\/uploads\/2025\/04\/vlerick-philippe-foto-2.jpg","datePublished":"2025-08-30T05:51:44+00:00","description":"Op zijn 69ste deelt Philippe Vlerick zijn visie op verantwoord ondernemerschap, tussen familiaal erfgoed, innovatie en maatschappelijk engagement.","breadcrumb":{"@id":"https:\/\/www.forbes.be\/nl\/ik-ben-geen-solist\/#breadcrumb"},"inLanguage":"nl-BE","potentialAction":[{"@type":"ReadAction","target":["https:\/\/www.forbes.be\/nl\/ik-ben-geen-solist\/"]}]},{"@type":"ImageObject","inLanguage":"nl-BE","@id":"https:\/\/www.forbes.be\/nl\/ik-ben-geen-solist\/#primaryimage","url":"https:\/\/www.forbes.be\/nl\/wp-content\/uploads\/2025\/04\/vlerick-philippe-foto-2.jpg","contentUrl":"https:\/\/www.forbes.be\/nl\/wp-content\/uploads\/2025\/04\/vlerick-philippe-foto-2.jpg","width":1200,"height":628,"caption":"Ondernemer en investeerder Philippe Vlerick. \u00a9RV"},{"@type":"BreadcrumbList","@id":"https:\/\/www.forbes.be\/nl\/ik-ben-geen-solist\/#breadcrumb","itemListElement":[{"@type":"ListItem","position":1,"name":"Accueil","item":"https:\/\/www.forbes.be\/nl\/"},{"@type":"ListItem","position":2,"name":"\u201cIk ben geen solist\u201d"}]},{"@type":"WebSite","@id":"https:\/\/www.forbes.be\/nl\/#website","url":"https:\/\/www.forbes.be\/nl\/","name":"Forbes Belgi\u00eb","description":"","publisher":{"@id":"https:\/\/www.forbes.be\/nl\/#organization"},"potentialAction":[{"@type":"SearchAction","target":{"@type":"EntryPoint","urlTemplate":"https:\/\/www.forbes.be\/nl\/?s={search_term_string}"},"query-input":{"@type":"PropertyValueSpecification","valueRequired":true,"valueName":"search_term_string"}}],"inLanguage":"nl-BE"},{"@type":"Organization","@id":"https:\/\/www.forbes.be\/nl\/#organization","name":"Forbes Belgi\u00eb","url":"https:\/\/www.forbes.be\/nl\/","logo":{"@type":"ImageObject","inLanguage":"nl-BE","@id":"https:\/\/www.forbes.be\/nl\/#\/schema\/logo\/image\/","url":"https:\/\/www.forbes.be\/nl\/wp-content\/uploads\/2024\/02\/forbes.be_.png","contentUrl":"https:\/\/www.forbes.be\/nl\/wp-content\/uploads\/2024\/02\/forbes.be_.png","width":1200,"height":675,"caption":"Forbes Belgi\u00eb"},"image":{"@id":"https:\/\/www.forbes.be\/nl\/#\/schema\/logo\/image\/"},"sameAs":["https:\/\/www.facebook.com\/forbesbelgie","https:\/\/www.instagram.com\/Forbes_Belgium","https:\/\/www.linkedin.com\/company\/forbes-belgium\/"]},{"@type":"Person","@id":"https:\/\/www.forbes.be\/nl\/#\/schema\/person\/2ed7d524640ef030e0a5bdef0c6eb462","name":"Lieven Desmet","image":{"@type":"ImageObject","inLanguage":"nl-BE","@id":"https:\/\/www.forbes.be\/nl\/wp-content\/uploads\/2024\/01\/651-150x150.jpg","url":"https:\/\/www.forbes.be\/nl\/wp-content\/uploads\/2024\/01\/651-150x150.jpg","contentUrl":"https:\/\/www.forbes.be\/nl\/wp-content\/uploads\/2024\/01\/651-150x150.jpg","caption":"Lieven Desmet"},"url":"https:\/\/www.forbes.be\/nl\/author\/lieven-desmet\/"}]}},"_links":{"self":[{"href":"https:\/\/www.forbes.be\/nl\/wp-json\/wp\/v2\/posts\/9183","targetHints":{"allow":["GET"]}}],"collection":[{"href":"https:\/\/www.forbes.be\/nl\/wp-json\/wp\/v2\/posts"}],"about":[{"href":"https:\/\/www.forbes.be\/nl\/wp-json\/wp\/v2\/types\/post"}],"author":[{"embeddable":true,"href":"https:\/\/www.forbes.be\/nl\/wp-json\/wp\/v2\/users\/8"}],"replies":[{"embeddable":true,"href":"https:\/\/www.forbes.be\/nl\/wp-json\/wp\/v2\/comments?post=9183"}],"version-history":[{"count":2,"href":"https:\/\/www.forbes.be\/nl\/wp-json\/wp\/v2\/posts\/9183\/revisions"}],"predecessor-version":[{"id":9187,"href":"https:\/\/www.forbes.be\/nl\/wp-json\/wp\/v2\/posts\/9183\/revisions\/9187"}],"wp:featuredmedia":[{"embeddable":true,"href":"https:\/\/www.forbes.be\/nl\/wp-json\/wp\/v2\/media\/9184"}],"wp:attachment":[{"href":"https:\/\/www.forbes.be\/nl\/wp-json\/wp\/v2\/media?parent=9183"}],"wp:term":[{"taxonomy":"category","embeddable":true,"href":"https:\/\/www.forbes.be\/nl\/wp-json\/wp\/v2\/categories?post=9183"},{"taxonomy":"post_tag","embeddable":true,"href":"https:\/\/www.forbes.be\/nl\/wp-json\/wp\/v2\/tags?post=9183"}],"curies":[{"name":"wp","href":"https:\/\/api.w.org\/{rel}","templated":true}]}}