{"id":9484,"date":"2025-05-17T09:48:30","date_gmt":"2025-05-17T07:48:30","guid":{"rendered":"https:\/\/www.forbes.be\/nl\/?p=9484"},"modified":"2025-05-17T16:26:36","modified_gmt":"2025-05-17T14:26:36","slug":"opening-van-de-stockholm-art-week","status":"publish","type":"post","link":"https:\/\/www.forbes.be\/nl\/opening-van-de-stockholm-art-week\/","title":{"rendered":"Opening van de Stockholm Art Week"},"content":{"rendered":"<p><b>De Stockholm Art Week verenigt diverse instellingen zoals de Stockholm School of Economics en het Spritmuseum, de tempel van Zweedse alcohol.<\/b><\/p>\n<p><span style=\"font-weight: 400;\">In 2011 richtte Joanna Sundstr\u00f6m\u00a0 met haar bureau Part Projects, de <a href=\"https:\/\/stockholmartweek.se\/\">Stockholm Art Week<\/a> (SAW) op. Ze kent de kunstlocaties van haar stad door en door: &#8220;In Djurg\u00e5rden vind je een evenwicht van cultuur, kunst en natuur bij Liljevachs, Thielska Galleriet, het Princess Estelle Sculpture Park en het Spritmuseum. Dit museum van drank en Zweedse tradities, naast het beroemde Vasa-schip, herbergt de 800 werken van de Absolut-collectie (het vodkamerk). Een Warhol-tentoonstelling, <\/span><i><span style=\"font-weight: 400;\">The Money on the Wall<\/span><\/i><span style=\"font-weight: 400;\">, toont hier Business Art, het hoogste stadium van kunst volgens de Amerikaanse popartgoeroe. Over Absolut-vodka zei Warhol: &#8216;Ik hou van deze fles, ik wil er iets mee doen'&#8221;. Twee jaar voor zijn dood werd dit <\/span><i><span style=\"font-weight: 400;\">Absolut Warhol<\/span><\/i><span style=\"font-weight: 400;\"> in 1985, het werk dat de basis vormde van de Absolut-collectie, zo benadrukken Mia Sundberg, artistiek directeur, en Blake Gopnik, curator.<\/span><\/p>\n<p><span style=\"font-weight: 400;\">Naar het centrum toe wemelt de wijk \u00d6stermalm van hoogstaande galerijen: Saskia Neuman, de Zweeds-Parijse Andr\u00e9hn-Schiptjenko, Nordenhake&#8230;&#8221; Bj\u00f6rn Wetterling, de oudste van allen, exposeert zijn vriend Ed Ruscha (Figure It), na Rosenquist, Stella, Wesselmann, Rauschenberg (&#8220;Hij was complex : in Florida schonk hij me Absolut bij het ontbijt.&#8221;). Hij exposeert ook de Krimse Natalia Edenmont (Out of Body). Haar foto&#8217;s van naakten en eieren betoveren hem: &#8220;om deze kleur te krijgen, kookt ze ze in urine, breekt ze tussen haar vingers, neemt ze mee naar Carrara en beeldhouwt ze in marmer&#8221;. Een andere oude, Nordenhake, opgericht in 1976, is ook in Berlijn en Mexico gevestigd.<\/span><\/p>\n<h2>Economieles<\/h2>\n<p><span style=\"font-weight: 400;\">E\u00e9n per jaar vestigt de Stockholm Art Week de aandacht op een netwerk van instellingen. Zo ook de Stockholm School of Economics, die acht van haar klaslokalen aan kunstenaars wijdt, waaronder Clout van Jens F\u00e4nge, een klarinet met een pijp van Magritte in het mondstuk, een parabel voor de economische onderzoeker die de realiteit &#8220;ontstopt&#8221;. In dezelfde geest exposeert een ander lokaal White Noise, een stuk van de Belg Emmanuel van der Auwera: een optische lens leest een wit scherm en onthult de verborgen realiteit. De directeur van de school, Lars Stranneg\u00e5rd, geadviseerd door Joanna Sundstr\u00f6m, is niet weinig trots op de permanente installatie van de werken van Jan H\u00e5fstr\u00f6m, de &#8220;grootvader&#8221; van de Zweedse moderne kunst, viermaal ge\u00ebxposeerd op de Bi\u00ebnnale van Veneti\u00eb.<\/span><\/p>\n<p><span style=\"font-weight: 400;\">Dit jaar investeert Market Art Fair (MAF), een boetiekbeurs opgericht in 2006 door galerijen uit Finland, IJsland, Noorwegen, Denemarken en Zweden, als epicentrum van de Stockholm Art Week, de oude en moderne vleugels van het historische museum van Liljevachs. Sara Berner Bengtsson, directeur van de MAF, voltooit de door Andy Warhol begonnen economieles: &#8216;We zijn lokaal en internationaal, met 51 deelnemers, 60% Scandinavisch, bescheiden vergeleken met Art Basel, maar sommigen verkopen hier beter dan in Bazel&#8230;.&#8217;.<\/span><\/p>\n<p><span style=\"font-weight: 400;\">Stockholm Art Week is nauw verbonden met Belgi\u00eb via het Spider-netwerk, dat de Europese Art Weeks verbindt, waaronder die van Brussel, opgericht door de galeristen Laure Decock en Evelyn Simons, en van Antwerpen, geleid door Frederick Keteleer (galerie Keteleer) en Bart van den Biese (galerie Base-Alpha).<\/span><\/p>\n<p>&nbsp;<\/p>\n","protected":false},"excerpt":{"rendered":"<p>De Stockholm Art Week verenigt diverse instellingen zoals de Stockholm School of Economics en het Spritmuseum, de tempel van Zweedse alcohol. In 2011 richtte Joanna Sundstr\u00f6m, met haar bureau Part Projects, de Stockholm Art Week (SAW) op. Ze kent de kunstlocaties van haar stad door en door: [&hellip;]<\/p>\n","protected":false},"author":24,"featured_media":9483,"comment_status":"closed","ping_status":"closed","sticky":false,"template":"","format":"standard","meta":{"_acf_changed":false,"inline_featured_image":false,"footnotes":""},"categories":[1],"tags":[],"class_list":{"0":"post-9484","1":"post","2":"type-post","3":"status-publish","4":"format-standard","5":"has-post-thumbnail","7":"category-actualiteit"},"acf":[],"auteur_traducteur":"","yoast_head":"<!-- This site is optimized with the Yoast SEO plugin v27.4 - https:\/\/yoast.com\/product\/yoast-seo-wordpress\/ -->\n<title>Opening van de Stockholm Art Week<\/title>\n<meta name=\"description\" content=\"De Stockholm Art Week verenigt diverse instellingen zoals de Stockholm School of Economics en het Spritmuseum.\" \/>\n<meta name=\"robots\" content=\"index, follow, max-snippet:-1, max-image-preview:large, max-video-preview:-1\" \/>\n<link rel=\"canonical\" href=\"https:\/\/www.forbes.be\/nl\/opening-van-de-stockholm-art-week\/\" \/>\n<meta property=\"og:locale\" content=\"nl_BE\" \/>\n<meta property=\"og:type\" content=\"article\" \/>\n<meta property=\"og:title\" content=\"Opening van de Stockholm Art Week\" \/>\n<meta property=\"og:description\" content=\"De Stockholm Art Week verenigt diverse instellingen zoals de Stockholm School of Economics en het Spritmuseum.\" \/>\n<meta property=\"og:url\" content=\"https:\/\/www.forbes.be\/nl\/opening-van-de-stockholm-art-week\/\" \/>\n<meta property=\"og:site_name\" content=\"Forbes Belgi\u00eb\" \/>\n<meta property=\"article:publisher\" content=\"https:\/\/www.facebook.com\/forbesbelgie\" \/>\n<meta property=\"article:published_time\" content=\"2025-05-17T07:48:30+00:00\" \/>\n<meta property=\"article:modified_time\" content=\"2025-05-17T14:26:36+00:00\" \/>\n<meta property=\"og:image\" content=\"https:\/\/www.forbes.be\/nl\/wp-content\/uploads\/2025\/05\/10454-liljevalchs-konsthall-photo-credit-miles-evans.png\" \/>\n\t<meta property=\"og:image:width\" content=\"1910\" \/>\n\t<meta property=\"og:image:height\" content=\"1900\" \/>\n\t<meta property=\"og:image:type\" content=\"image\/png\" \/>\n<meta name=\"author\" content=\"Johan-Fr\u00e9d\u00e9rik Hel Guedj\" \/>\n<meta name=\"twitter:card\" content=\"summary_large_image\" \/>\n<meta name=\"twitter:label1\" content=\"Geschreven door\" \/>\n\t<meta name=\"twitter:data1\" content=\"Johan-Fr\u00e9d\u00e9rik Hel Guedj\" \/>\n\t<meta name=\"twitter:label2\" content=\"Geschatte leestijd\" \/>\n\t<meta name=\"twitter:data2\" content=\"3 minuten\" \/>\n<script type=\"application\/ld+json\" class=\"yoast-schema-graph\">{\"@context\":\"https:\\\/\\\/schema.org\",\"@graph\":[{\"@type\":\"NewsArticle\",\"@id\":\"https:\\\/\\\/www.forbes.be\\\/nl\\\/opening-van-de-stockholm-art-week\\\/#article\",\"isPartOf\":{\"@id\":\"https:\\\/\\\/www.forbes.be\\\/nl\\\/opening-van-de-stockholm-art-week\\\/\"},\"author\":{\"name\":\"Johan-Fr\u00e9d\u00e9rik Hel Guedj\",\"@id\":\"https:\\\/\\\/www.forbes.be\\\/nl\\\/#\\\/schema\\\/person\\\/7c0ac1896654aa71b07d901c0b9fdde7\"},\"headline\":\"Opening van de Stockholm Art Week\",\"datePublished\":\"2025-05-17T07:48:30+00:00\",\"dateModified\":\"2025-05-17T14:26:36+00:00\",\"mainEntityOfPage\":{\"@id\":\"https:\\\/\\\/www.forbes.be\\\/nl\\\/opening-van-de-stockholm-art-week\\\/\"},\"wordCount\":519,\"publisher\":{\"@id\":\"https:\\\/\\\/www.forbes.be\\\/nl\\\/#organization\"},\"image\":{\"@id\":\"https:\\\/\\\/www.forbes.be\\\/nl\\\/opening-van-de-stockholm-art-week\\\/#primaryimage\"},\"thumbnailUrl\":\"https:\\\/\\\/www.forbes.be\\\/nl\\\/wp-content\\\/uploads\\\/2025\\\/05\\\/10454-liljevalchs-konsthall-photo-credit-miles-evans.png\",\"articleSection\":[\"Actualiteit\"],\"inLanguage\":\"nl-BE\"},{\"@type\":\"WebPage\",\"@id\":\"https:\\\/\\\/www.forbes.be\\\/nl\\\/opening-van-de-stockholm-art-week\\\/\",\"url\":\"https:\\\/\\\/www.forbes.be\\\/nl\\\/opening-van-de-stockholm-art-week\\\/\",\"name\":\"Opening van de Stockholm Art Week\",\"isPartOf\":{\"@id\":\"https:\\\/\\\/www.forbes.be\\\/nl\\\/#website\"},\"primaryImageOfPage\":{\"@id\":\"https:\\\/\\\/www.forbes.be\\\/nl\\\/opening-van-de-stockholm-art-week\\\/#primaryimage\"},\"image\":{\"@id\":\"https:\\\/\\\/www.forbes.be\\\/nl\\\/opening-van-de-stockholm-art-week\\\/#primaryimage\"},\"thumbnailUrl\":\"https:\\\/\\\/www.forbes.be\\\/nl\\\/wp-content\\\/uploads\\\/2025\\\/05\\\/10454-liljevalchs-konsthall-photo-credit-miles-evans.png\",\"datePublished\":\"2025-05-17T07:48:30+00:00\",\"dateModified\":\"2025-05-17T14:26:36+00:00\",\"description\":\"De Stockholm Art Week verenigt diverse instellingen zoals de Stockholm School of Economics en het Spritmuseum.\",\"breadcrumb\":{\"@id\":\"https:\\\/\\\/www.forbes.be\\\/nl\\\/opening-van-de-stockholm-art-week\\\/#breadcrumb\"},\"inLanguage\":\"nl-BE\",\"potentialAction\":[{\"@type\":\"ReadAction\",\"target\":[\"https:\\\/\\\/www.forbes.be\\\/nl\\\/opening-van-de-stockholm-art-week\\\/\"]}]},{\"@type\":\"ImageObject\",\"inLanguage\":\"nl-BE\",\"@id\":\"https:\\\/\\\/www.forbes.be\\\/nl\\\/opening-van-de-stockholm-art-week\\\/#primaryimage\",\"url\":\"https:\\\/\\\/www.forbes.be\\\/nl\\\/wp-content\\\/uploads\\\/2025\\\/05\\\/10454-liljevalchs-konsthall-photo-credit-miles-evans.png\",\"contentUrl\":\"https:\\\/\\\/www.forbes.be\\\/nl\\\/wp-content\\\/uploads\\\/2025\\\/05\\\/10454-liljevalchs-konsthall-photo-credit-miles-evans.png\",\"width\":1910,\"height\":1900,\"caption\":\"\u00a9 Miles Evans\"},{\"@type\":\"BreadcrumbList\",\"@id\":\"https:\\\/\\\/www.forbes.be\\\/nl\\\/opening-van-de-stockholm-art-week\\\/#breadcrumb\",\"itemListElement\":[{\"@type\":\"ListItem\",\"position\":1,\"name\":\"Accueil\",\"item\":\"https:\\\/\\\/www.forbes.be\\\/nl\\\/\"},{\"@type\":\"ListItem\",\"position\":2,\"name\":\"Opening van de Stockholm Art Week\"}]},{\"@type\":\"WebSite\",\"@id\":\"https:\\\/\\\/www.forbes.be\\\/nl\\\/#website\",\"url\":\"https:\\\/\\\/www.forbes.be\\\/nl\\\/\",\"name\":\"Forbes Belgi\u00eb\",\"description\":\"\",\"publisher\":{\"@id\":\"https:\\\/\\\/www.forbes.be\\\/nl\\\/#organization\"},\"potentialAction\":[{\"@type\":\"SearchAction\",\"target\":{\"@type\":\"EntryPoint\",\"urlTemplate\":\"https:\\\/\\\/www.forbes.be\\\/nl\\\/?s={search_term_string}\"},\"query-input\":{\"@type\":\"PropertyValueSpecification\",\"valueRequired\":true,\"valueName\":\"search_term_string\"}}],\"inLanguage\":\"nl-BE\"},{\"@type\":\"Organization\",\"@id\":\"https:\\\/\\\/www.forbes.be\\\/nl\\\/#organization\",\"name\":\"Forbes Belgi\u00eb\",\"url\":\"https:\\\/\\\/www.forbes.be\\\/nl\\\/\",\"logo\":{\"@type\":\"ImageObject\",\"inLanguage\":\"nl-BE\",\"@id\":\"https:\\\/\\\/www.forbes.be\\\/nl\\\/#\\\/schema\\\/logo\\\/image\\\/\",\"url\":\"https:\\\/\\\/www.forbes.be\\\/nl\\\/wp-content\\\/uploads\\\/2024\\\/02\\\/forbes.be_.png\",\"contentUrl\":\"https:\\\/\\\/www.forbes.be\\\/nl\\\/wp-content\\\/uploads\\\/2024\\\/02\\\/forbes.be_.png\",\"width\":1200,\"height\":675,\"caption\":\"Forbes Belgi\u00eb\"},\"image\":{\"@id\":\"https:\\\/\\\/www.forbes.be\\\/nl\\\/#\\\/schema\\\/logo\\\/image\\\/\"},\"sameAs\":[\"https:\\\/\\\/www.facebook.com\\\/forbesbelgie\",\"https:\\\/\\\/www.instagram.com\\\/Forbes_Belgium\",\"https:\\\/\\\/www.linkedin.com\\\/company\\\/forbes-belgium\\\/\"]},{\"@type\":\"Person\",\"@id\":\"https:\\\/\\\/www.forbes.be\\\/nl\\\/#\\\/schema\\\/person\\\/7c0ac1896654aa71b07d901c0b9fdde7\",\"name\":\"Johan-Fr\u00e9d\u00e9rik Hel Guedj\",\"image\":{\"@type\":\"ImageObject\",\"inLanguage\":\"nl-BE\",\"@id\":\"https:\\\/\\\/secure.gravatar.com\\\/avatar\\\/65333543693434f2cc9fdefb3173b162df98712d00606b00b3d43914f79a1598?s=96&d=mm&r=g\",\"url\":\"https:\\\/\\\/secure.gravatar.com\\\/avatar\\\/65333543693434f2cc9fdefb3173b162df98712d00606b00b3d43914f79a1598?s=96&d=mm&r=g\",\"contentUrl\":\"https:\\\/\\\/secure.gravatar.com\\\/avatar\\\/65333543693434f2cc9fdefb3173b162df98712d00606b00b3d43914f79a1598?s=96&d=mm&r=g\",\"caption\":\"Johan-Fr\u00e9d\u00e9rik Hel Guedj\"},\"description\":\"Johan-Frederik Hel Guedj is een Franse journalist en auteur. Hij was zeven jaar hoofdredacteur van het tijdschrift Pouvoirs Locaux, dat gewijd is aan cultuurbeleid. Daarnaast publiceerde hij acht boeken bij Franse en Belgische uitgevers, waaronder twee romans, een essay over Orson Welles en vier kunstboeken. Naast Forbes werkt hij ook mee aan L\u2019Echo en Le Quotidien de l\u2019Art (Parijs).\",\"url\":\"https:\\\/\\\/www.forbes.be\\\/nl\\\/author\\\/johan-frederik-hel-guedj\\\/\"}]}<\/script>\n<!-- \/ Yoast SEO plugin. -->","yoast_head_json":{"title":"Opening van de Stockholm Art Week","description":"De Stockholm Art Week verenigt diverse instellingen zoals de Stockholm School of Economics en het Spritmuseum.","robots":{"index":"index","follow":"follow","max-snippet":"max-snippet:-1","max-image-preview":"max-image-preview:large","max-video-preview":"max-video-preview:-1"},"canonical":"https:\/\/www.forbes.be\/nl\/opening-van-de-stockholm-art-week\/","og_locale":"nl_BE","og_type":"article","og_title":"Opening van de Stockholm Art Week","og_description":"De Stockholm Art Week verenigt diverse instellingen zoals de Stockholm School of Economics en het Spritmuseum.","og_url":"https:\/\/www.forbes.be\/nl\/opening-van-de-stockholm-art-week\/","og_site_name":"Forbes Belgi\u00eb","article_publisher":"https:\/\/www.facebook.com\/forbesbelgie","article_published_time":"2025-05-17T07:48:30+00:00","article_modified_time":"2025-05-17T14:26:36+00:00","og_image":[{"width":1910,"height":1900,"url":"https:\/\/www.forbes.be\/nl\/wp-content\/uploads\/2025\/05\/10454-liljevalchs-konsthall-photo-credit-miles-evans.png","type":"image\/png"}],"author":"Johan-Fr\u00e9d\u00e9rik Hel Guedj","twitter_card":"summary_large_image","twitter_misc":{"Geschreven door":"Johan-Fr\u00e9d\u00e9rik Hel Guedj","Geschatte leestijd":"3 minuten"},"schema":{"@context":"https:\/\/schema.org","@graph":[{"@type":"NewsArticle","@id":"https:\/\/www.forbes.be\/nl\/opening-van-de-stockholm-art-week\/#article","isPartOf":{"@id":"https:\/\/www.forbes.be\/nl\/opening-van-de-stockholm-art-week\/"},"author":{"name":"Johan-Fr\u00e9d\u00e9rik Hel Guedj","@id":"https:\/\/www.forbes.be\/nl\/#\/schema\/person\/7c0ac1896654aa71b07d901c0b9fdde7"},"headline":"Opening van de Stockholm Art Week","datePublished":"2025-05-17T07:48:30+00:00","dateModified":"2025-05-17T14:26:36+00:00","mainEntityOfPage":{"@id":"https:\/\/www.forbes.be\/nl\/opening-van-de-stockholm-art-week\/"},"wordCount":519,"publisher":{"@id":"https:\/\/www.forbes.be\/nl\/#organization"},"image":{"@id":"https:\/\/www.forbes.be\/nl\/opening-van-de-stockholm-art-week\/#primaryimage"},"thumbnailUrl":"https:\/\/www.forbes.be\/nl\/wp-content\/uploads\/2025\/05\/10454-liljevalchs-konsthall-photo-credit-miles-evans.png","articleSection":["Actualiteit"],"inLanguage":"nl-BE"},{"@type":"WebPage","@id":"https:\/\/www.forbes.be\/nl\/opening-van-de-stockholm-art-week\/","url":"https:\/\/www.forbes.be\/nl\/opening-van-de-stockholm-art-week\/","name":"Opening van de Stockholm Art Week","isPartOf":{"@id":"https:\/\/www.forbes.be\/nl\/#website"},"primaryImageOfPage":{"@id":"https:\/\/www.forbes.be\/nl\/opening-van-de-stockholm-art-week\/#primaryimage"},"image":{"@id":"https:\/\/www.forbes.be\/nl\/opening-van-de-stockholm-art-week\/#primaryimage"},"thumbnailUrl":"https:\/\/www.forbes.be\/nl\/wp-content\/uploads\/2025\/05\/10454-liljevalchs-konsthall-photo-credit-miles-evans.png","datePublished":"2025-05-17T07:48:30+00:00","dateModified":"2025-05-17T14:26:36+00:00","description":"De Stockholm Art Week verenigt diverse instellingen zoals de Stockholm School of Economics en het Spritmuseum.","breadcrumb":{"@id":"https:\/\/www.forbes.be\/nl\/opening-van-de-stockholm-art-week\/#breadcrumb"},"inLanguage":"nl-BE","potentialAction":[{"@type":"ReadAction","target":["https:\/\/www.forbes.be\/nl\/opening-van-de-stockholm-art-week\/"]}]},{"@type":"ImageObject","inLanguage":"nl-BE","@id":"https:\/\/www.forbes.be\/nl\/opening-van-de-stockholm-art-week\/#primaryimage","url":"https:\/\/www.forbes.be\/nl\/wp-content\/uploads\/2025\/05\/10454-liljevalchs-konsthall-photo-credit-miles-evans.png","contentUrl":"https:\/\/www.forbes.be\/nl\/wp-content\/uploads\/2025\/05\/10454-liljevalchs-konsthall-photo-credit-miles-evans.png","width":1910,"height":1900,"caption":"\u00a9 Miles Evans"},{"@type":"BreadcrumbList","@id":"https:\/\/www.forbes.be\/nl\/opening-van-de-stockholm-art-week\/#breadcrumb","itemListElement":[{"@type":"ListItem","position":1,"name":"Accueil","item":"https:\/\/www.forbes.be\/nl\/"},{"@type":"ListItem","position":2,"name":"Opening van de Stockholm Art Week"}]},{"@type":"WebSite","@id":"https:\/\/www.forbes.be\/nl\/#website","url":"https:\/\/www.forbes.be\/nl\/","name":"Forbes Belgi\u00eb","description":"","publisher":{"@id":"https:\/\/www.forbes.be\/nl\/#organization"},"potentialAction":[{"@type":"SearchAction","target":{"@type":"EntryPoint","urlTemplate":"https:\/\/www.forbes.be\/nl\/?s={search_term_string}"},"query-input":{"@type":"PropertyValueSpecification","valueRequired":true,"valueName":"search_term_string"}}],"inLanguage":"nl-BE"},{"@type":"Organization","@id":"https:\/\/www.forbes.be\/nl\/#organization","name":"Forbes Belgi\u00eb","url":"https:\/\/www.forbes.be\/nl\/","logo":{"@type":"ImageObject","inLanguage":"nl-BE","@id":"https:\/\/www.forbes.be\/nl\/#\/schema\/logo\/image\/","url":"https:\/\/www.forbes.be\/nl\/wp-content\/uploads\/2024\/02\/forbes.be_.png","contentUrl":"https:\/\/www.forbes.be\/nl\/wp-content\/uploads\/2024\/02\/forbes.be_.png","width":1200,"height":675,"caption":"Forbes Belgi\u00eb"},"image":{"@id":"https:\/\/www.forbes.be\/nl\/#\/schema\/logo\/image\/"},"sameAs":["https:\/\/www.facebook.com\/forbesbelgie","https:\/\/www.instagram.com\/Forbes_Belgium","https:\/\/www.linkedin.com\/company\/forbes-belgium\/"]},{"@type":"Person","@id":"https:\/\/www.forbes.be\/nl\/#\/schema\/person\/7c0ac1896654aa71b07d901c0b9fdde7","name":"Johan-Fr\u00e9d\u00e9rik Hel Guedj","image":{"@type":"ImageObject","inLanguage":"nl-BE","@id":"https:\/\/secure.gravatar.com\/avatar\/65333543693434f2cc9fdefb3173b162df98712d00606b00b3d43914f79a1598?s=96&d=mm&r=g","url":"https:\/\/secure.gravatar.com\/avatar\/65333543693434f2cc9fdefb3173b162df98712d00606b00b3d43914f79a1598?s=96&d=mm&r=g","contentUrl":"https:\/\/secure.gravatar.com\/avatar\/65333543693434f2cc9fdefb3173b162df98712d00606b00b3d43914f79a1598?s=96&d=mm&r=g","caption":"Johan-Fr\u00e9d\u00e9rik Hel Guedj"},"description":"Johan-Frederik Hel Guedj is een Franse journalist en auteur. Hij was zeven jaar hoofdredacteur van het tijdschrift Pouvoirs Locaux, dat gewijd is aan cultuurbeleid. Daarnaast publiceerde hij acht boeken bij Franse en Belgische uitgevers, waaronder twee romans, een essay over Orson Welles en vier kunstboeken. Naast Forbes werkt hij ook mee aan L\u2019Echo en Le Quotidien de l\u2019Art (Parijs).","url":"https:\/\/www.forbes.be\/nl\/author\/johan-frederik-hel-guedj\/"}]}},"_links":{"self":[{"href":"https:\/\/www.forbes.be\/nl\/wp-json\/wp\/v2\/posts\/9484","targetHints":{"allow":["GET"]}}],"collection":[{"href":"https:\/\/www.forbes.be\/nl\/wp-json\/wp\/v2\/posts"}],"about":[{"href":"https:\/\/www.forbes.be\/nl\/wp-json\/wp\/v2\/types\/post"}],"author":[{"embeddable":true,"href":"https:\/\/www.forbes.be\/nl\/wp-json\/wp\/v2\/users\/24"}],"replies":[{"embeddable":true,"href":"https:\/\/www.forbes.be\/nl\/wp-json\/wp\/v2\/comments?post=9484"}],"version-history":[{"count":3,"href":"https:\/\/www.forbes.be\/nl\/wp-json\/wp\/v2\/posts\/9484\/revisions"}],"predecessor-version":[{"id":9492,"href":"https:\/\/www.forbes.be\/nl\/wp-json\/wp\/v2\/posts\/9484\/revisions\/9492"}],"wp:featuredmedia":[{"embeddable":true,"href":"https:\/\/www.forbes.be\/nl\/wp-json\/wp\/v2\/media\/9483"}],"wp:attachment":[{"href":"https:\/\/www.forbes.be\/nl\/wp-json\/wp\/v2\/media?parent=9484"}],"wp:term":[{"taxonomy":"category","embeddable":true,"href":"https:\/\/www.forbes.be\/nl\/wp-json\/wp\/v2\/categories?post=9484"},{"taxonomy":"post_tag","embeddable":true,"href":"https:\/\/www.forbes.be\/nl\/wp-json\/wp\/v2\/tags?post=9484"}],"curies":[{"name":"wp","href":"https:\/\/api.w.org\/{rel}","templated":true}]}}